{"id":8042,"date":"2024-08-13T17:08:00","date_gmt":"2024-08-13T23:08:00","guid":{"rendered":"https:\/\/soymigrante.com\/revista\/?p=8042"},"modified":"2024-08-13T17:28:09","modified_gmt":"2024-08-13T23:28:09","slug":"honrar-siempre-honra-y-si-es-a-los-hispanos-aun-mas-juan-valdez","status":"publish","type":"post","link":"https:\/\/soymigrante.com\/revista\/honrar-siempre-honra-y-si-es-a-los-hispanos-aun-mas-juan-valdez\/","title":{"rendered":"Honrar siempre honra y m\u00e1s si es a los guatemaltecos e hispanos: Juan Valdez"},"content":{"rendered":"\t\t<div data-elementor-type=\"wp-post\" data-elementor-id=\"8042\" class=\"elementor elementor-8042\" data-elementor-post-type=\"post\">\n\t\t\t\t<div data-particle_enable=\"false\" data-particle-mobile-disabled=\"false\" class=\"elementor-element elementor-element-0c81f60 e-flex e-con-boxed e-con e-parent\" data-id=\"0c81f60\" data-element_type=\"container\" data-e-type=\"container\">\n\t\t\t\t\t<div class=\"e-con-inner\">\n\t\t\t\t<div class=\"elementor-element elementor-element-56a36d8 elementor-widget elementor-widget-heading\" data-id=\"56a36d8\" data-element_type=\"widget\" data-e-type=\"widget\" data-widget_type=\"heading.default\">\n\t\t\t\t\t<h2 class=\"elementor-heading-title elementor-size-default\">Motivador, conferencista, maestro de ceremonias profesional, organizador de eventos y migrante, originario de Jutiapa, Guatemala, es el presidente de Universal Awards, reconocimentos al talento latino y guatemalteco en Nueva York. Estas son sus reflexiones tras el reconocimiento.<\/h2>\t\t\t\t<\/div>\n\t\t\t\t\t<\/div>\n\t\t\t\t<\/div>\n\t\t<div data-particle_enable=\"false\" data-particle-mobile-disabled=\"false\" class=\"elementor-element elementor-element-ad90f7d e-flex e-con-boxed e-con e-parent\" data-id=\"ad90f7d\" data-element_type=\"container\" data-e-type=\"container\">\n\t\t\t\t\t<div class=\"e-con-inner\">\n\t\t\t\t<div class=\"elementor-element elementor-element-7be88d0 elementor-widget elementor-widget-text-editor\" data-id=\"7be88d0\" data-element_type=\"widget\" data-e-type=\"widget\" data-widget_type=\"text-editor.default\">\n\t\t\t\t\t\t\t\t\t<p><b><a href=\"https:\/\/soymigrante.com\/revista\/guatemalteco-juan-valdez-impulsa-talento-migrante-estados-unidos\/\">Por Juan Valdez<\/a><\/b><\/p>\t\t\t\t\t\t\t\t<\/div>\n\t\t\t\t\t<\/div>\n\t\t\t\t<\/div>\n\t\t<div data-particle_enable=\"false\" data-particle-mobile-disabled=\"false\" class=\"elementor-element elementor-element-896750b e-flex e-con-boxed e-con e-parent\" data-id=\"896750b\" data-element_type=\"container\" data-e-type=\"container\">\n\t\t\t\t\t<div class=\"e-con-inner\">\n\t\t\t\t<div class=\"elementor-element elementor-element-25d5bc5 elementor-widget elementor-widget-text-editor\" data-id=\"25d5bc5\" data-element_type=\"widget\" data-e-type=\"widget\" data-widget_type=\"text-editor.default\">\n\t\t\t\t\t\t\t\t\t<p>\u00bfPor qu\u00e9 es necesario reconocer el \u00e9xito de los dem\u00e1s?\u00a0<span style=\"color: var( --e-global-color-text ); text-align: var(--text-align);\">Reconocer el \u00e9xito de los dem\u00e1s es un s\u00edmbolo de apoyo de latino a latino en Estados Unidos y de celebrar nuestros triunfos ya que de alguna manera nos vamos a encontrar en el camino.<\/span><\/p><p>Los valores y fortaleza para mi gente en este evento The Universal Awards Latinos, es que nuestra bandera azul y blanco tiene que estar de ley, primero porque soy Guatemalteco y \u00a1Nunca debo de olvidar a mi gente chapina de entre los Latinos!<\/p><p>El origen de todos estos valores que nos impulsan es que aunque nuestras carreras, talentos y ocupaciones puedan ser muy sencillas y humildes, debemos de sentirnos orgullosos de lo que hagamos.<\/p>\t\t\t\t\t\t\t\t<\/div>\n\t\t\t\t\t<\/div>\n\t\t\t\t<\/div>\n\t\t<div data-particle_enable=\"false\" data-particle-mobile-disabled=\"false\" class=\"elementor-element elementor-element-d252c4c e-flex e-con-boxed e-con e-parent\" data-id=\"d252c4c\" data-element_type=\"container\" data-e-type=\"container\">\n\t\t\t\t\t<div class=\"e-con-inner\">\n\t\t\t\t<div class=\"elementor-element elementor-element-1c6754d elementor-widget elementor-widget-video\" data-id=\"1c6754d\" data-element_type=\"widget\" data-e-type=\"widget\" data-settings=\"{&quot;youtube_url&quot;:&quot;https:\\\/\\\/www.youtube.com\\\/watch?v=sXa8wWh9n1k&quot;,&quot;video_type&quot;:&quot;youtube&quot;,&quot;controls&quot;:&quot;yes&quot;}\" data-widget_type=\"video.default\">\n\t\t\t\t\t\t\t<div class=\"elementor-wrapper elementor-open-inline\">\n\t\t\t<div class=\"elementor-video\"><\/div>\t\t<\/div>\n\t\t\t\t\t\t<\/div>\n\t\t\t\t\t<\/div>\n\t\t\t\t<\/div>\n\t\t<div data-particle_enable=\"false\" data-particle-mobile-disabled=\"false\" class=\"elementor-element elementor-element-46e43ba e-flex e-con-boxed e-con e-parent\" data-id=\"46e43ba\" data-element_type=\"container\" data-e-type=\"container\">\n\t\t\t\t\t<div class=\"e-con-inner\">\n\t\t\t\t<div class=\"elementor-element elementor-element-36cd61f elementor-widget elementor-widget-heading\" data-id=\"36cd61f\" data-element_type=\"widget\" data-e-type=\"widget\" data-widget_type=\"heading.default\">\n\t\t\t\t\t<h3 class=\"elementor-heading-title elementor-size-default\">Emociones y alegr\u00edas indescriptibles<\/h3>\t\t\t\t<\/div>\n\t\t\t\t\t<\/div>\n\t\t\t\t<\/div>\n\t\t<div data-particle_enable=\"false\" data-particle-mobile-disabled=\"false\" class=\"elementor-element elementor-element-f5481eb e-flex e-con-boxed e-con e-parent\" data-id=\"f5481eb\" data-element_type=\"container\" data-e-type=\"container\">\n\t\t\t\t\t<div class=\"e-con-inner\">\n\t\t\t\t<div class=\"elementor-element elementor-element-ece0235 elementor-widget elementor-widget-text-editor\" data-id=\"ece0235\" data-element_type=\"widget\" data-e-type=\"widget\" data-widget_type=\"text-editor.default\">\n\t\t\t\t\t\t\t\t\t<p><span style=\"color: var( --e-global-color-text ); text-align: var(--text-align);\">La emoci\u00f3n de ver que el apoyo que tenemos a nuestro alrededor es incondicional, de ver las caras felices y sobre cuando dan su mensaje de agradecimiento, algunas personas recuerdan y ofrecen a sus seres queridos y mas cuando sus familiares no est\u00e1n ya m\u00e1s en esta tierra. En esos momentos caemos en los sentimientos encontrados.\u00a0<\/span><\/p><p>\u00a0<\/p>\t\t\t\t\t\t\t\t<\/div>\n\t\t\t\t\t<\/div>\n\t\t\t\t<\/div>\n\t\t<div data-particle_enable=\"false\" data-particle-mobile-disabled=\"false\" class=\"elementor-element elementor-element-b8245d9 e-flex e-con-boxed e-con e-parent\" data-id=\"b8245d9\" data-element_type=\"container\" data-e-type=\"container\">\n\t\t\t\t\t<div class=\"e-con-inner\">\n\t\t\t\t<div class=\"elementor-element elementor-element-dc890cd elementor-widget elementor-widget-html\" data-id=\"dc890cd\" data-element_type=\"widget\" data-e-type=\"widget\" data-widget_type=\"html.default\">\n\t\t\t\t\t<iframe src=\"https:\/\/www.facebook.com\/plugins\/post.php?href=https%3A%2F%2Fwww.facebook.com%2FXABOFERRER%2Fposts%2Fpfbid02t6pj1vJXH5yP43MSKydeMQpRWkTL1XwLtAFQZT3Lt4iNyzueymNwLJqaHcvQ5dWBl&show_text=true&width=500\" width=\"500\" height=\"708\" style=\"border:none;overflow:hidden\" scrolling=\"no\" frameborder=\"0\" allowfullscreen=\"true\" allow=\"autoplay; clipboard-write; encrypted-media; picture-in-picture; web-share\"><\/iframe>\t\t\t\t<\/div>\n\t\t\t\t\t<\/div>\n\t\t\t\t<\/div>\n\t\t<div data-particle_enable=\"false\" data-particle-mobile-disabled=\"false\" class=\"elementor-element elementor-element-db54011 e-flex e-con-boxed e-con e-parent\" data-id=\"db54011\" data-element_type=\"container\" data-e-type=\"container\">\n\t\t\t\t\t<div class=\"e-con-inner\">\n\t\t\t\t<div class=\"elementor-element elementor-element-f3bf0a0 elementor-widget elementor-widget-heading\" data-id=\"f3bf0a0\" data-element_type=\"widget\" data-e-type=\"widget\" data-widget_type=\"heading.default\">\n\t\t\t\t\t<h3 class=\"elementor-heading-title elementor-size-default\">B\u00fasqueda constante de excelencia<\/h3>\t\t\t\t<\/div>\n\t\t\t\t\t<\/div>\n\t\t\t\t<\/div>\n\t\t<div data-particle_enable=\"false\" data-particle-mobile-disabled=\"false\" class=\"elementor-element elementor-element-bc4371c e-flex e-con-boxed e-con e-parent\" data-id=\"bc4371c\" data-element_type=\"container\" data-e-type=\"container\">\n\t\t\t\t\t<div class=\"e-con-inner\">\n\t\t\t\t<div class=\"elementor-element elementor-element-15c20db elementor-widget elementor-widget-text-editor\" data-id=\"15c20db\" data-element_type=\"widget\" data-e-type=\"widget\" data-widget_type=\"text-editor.default\">\n\t\t\t\t\t\t\t\t\t<p><span style=\"color: var( --e-global-color-text ); text-align: var(--text-align);\">Cada entrega de premios y cada galardonado deja una ense\u00f1anza. Despu\u00e9s de cada premiaci\u00f3n hago una autoevaluaci\u00f3n muy cr\u00edtica para hacercorrecciones para que el siguiente evento sea mejor.<\/span><\/p><p>Hoy puedo decir que este fue Universal Awards ha sido el mejor de todos, pero el pr\u00f3ximo aspiro a que lo supere. Siempre tengo un plan B y hasta la Z para que sea un \u00e9xito integral.\u00a0<\/p><p>Hoy nuevamente fue un gran momento de Unidos Latinos Exitosos.<\/p>\t\t\t\t\t\t\t\t<\/div>\n\t\t\t\t\t<\/div>\n\t\t\t\t<\/div>\n\t\t<div data-particle_enable=\"false\" data-particle-mobile-disabled=\"false\" class=\"elementor-element elementor-element-f6af57c e-flex e-con-boxed e-con e-parent\" data-id=\"f6af57c\" data-element_type=\"container\" data-e-type=\"container\">\n\t\t\t\t\t<div class=\"e-con-inner\">\n\t\t\t\t<div class=\"elementor-element elementor-element-5dc6d0c elementor-widget elementor-widget-heading\" data-id=\"5dc6d0c\" data-element_type=\"widget\" data-e-type=\"widget\" data-widget_type=\"heading.default\">\n\t\t\t\t\t<h2 class=\"elementor-heading-title elementor-size-default\">\u00bfYa conoces la historia de Juan Valdez?<\/h2>\t\t\t\t<\/div>\n\t\t\t\t\t<\/div>\n\t\t\t\t<\/div>\n\t\t<div data-particle_enable=\"false\" data-particle-mobile-disabled=\"false\" class=\"elementor-element elementor-element-9951c12 e-flex e-con-boxed e-con e-parent\" data-id=\"9951c12\" data-element_type=\"container\" data-e-type=\"container\">\n\t\t\t\t\t<div class=\"e-con-inner\">\n\t\t\t\t<div class=\"elementor-element elementor-element-170af5b elementor-grid-eael-col-1 elementor-grid-tablet-eael-col-2 elementor-grid-mobile-eael-col-1 elementor-widget elementor-widget-eael-post-grid\" data-id=\"170af5b\" data-element_type=\"widget\" data-e-type=\"widget\" data-settings=\"{&quot;eael_post_grid_columns&quot;:&quot;eael-col-1&quot;,&quot;eael_post_grid_columns_tablet&quot;:&quot;eael-col-2&quot;,&quot;eael_post_grid_columns_mobile&quot;:&quot;eael-col-1&quot;}\" data-widget_type=\"eael-post-grid.default\">\n\t\t\t\t\t<div id=\"eael-post-grid-170af5b\" class=\"eael-post-grid-container\">\n            <div class=\"eael-post-grid eael-post-appender eael-post-appender-170af5b eael-post-grid-style-one\" data-layout-mode=\"masonry\"><article class=\"eael-grid-post  eael-post-grid-column eael-pg-post-4674 category-exitos\" data-id=\"4674\">\n        <div class=\"eael-grid-post-holder\">\n            <div class=\"eael-grid-post-holder-inner\"><div class=\"eael-entry-media\"><div class=\"eael-entry-overlay fade-in\"><i class=\"far fa-hand-pointer\" aria-hidden=\"true\"><\/i><a href=\"https:\/\/soymigrante.com\/revista\/guatemalteco-juan-valdez-impulsa-talento-migrante-estados-unidos\/\"><\/a><\/div><div class=\"eael-entry-thumbnail \">\n                <img fetchpriority=\"high\" decoding=\"async\" width=\"1024\" height=\"759\" src=\"https:\/\/soymigrante.com\/revista\/wp-content\/uploads\/2024\/01\/JUAN-VALDEZ-GRAMA2-1024x759.webp\" class=\"attachment-large size-large wp-image-4691\" alt=\"\" srcset=\"https:\/\/soymigrante.com\/revista\/wp-content\/uploads\/2024\/01\/JUAN-VALDEZ-GRAMA2-1024x759.webp 1024w, https:\/\/soymigrante.com\/revista\/wp-content\/uploads\/2024\/01\/JUAN-VALDEZ-GRAMA2-300x222.webp 300w, https:\/\/soymigrante.com\/revista\/wp-content\/uploads\/2024\/01\/JUAN-VALDEZ-GRAMA2-768x569.webp 768w, https:\/\/soymigrante.com\/revista\/wp-content\/uploads\/2024\/01\/JUAN-VALDEZ-GRAMA2-750x556.webp 750w, https:\/\/soymigrante.com\/revista\/wp-content\/uploads\/2024\/01\/JUAN-VALDEZ-GRAMA2.webp 1057w\" sizes=\"(max-width: 1024px) 100vw, 1024px\" \/>\n            <\/div>\n        <\/div><div class=\"eael-entry-wrapper\"><header class=\"eael-entry-header\"><h2 class=\"eael-entry-title\"><a class=\"eael-grid-post-link\" href=\"https:\/\/soymigrante.com\/revista\/guatemalteco-juan-valdez-impulsa-talento-migrante-estados-unidos\/\" title=\"Juan Vald\u00e9z celebra el \u00e9xito de hermanos guatemaltecos migrantes\">Juan Vald\u00e9z celebra el \u00e9xito de hermanos guatemaltecos migrantes<\/a><\/h2><\/header><div class=\"eael-entry-content\">\n                        <div class=\"eael-grid-post-excerpt\"><a href=\"https:\/\/soymigrante.com\/revista\/guatemalteco-juan-valdez-impulsa-talento-migrante-estados-unidos\/\" class=\"eael-post-elements-readmore-btn\">CONOCE SU HISTORIA <\/a><\/div>\n                    <\/div><\/div><\/div>\n        <\/div>\n    <\/article><\/div>\n            <div class=\"clearfix\"><\/div>\n        <\/div>\t\t\t\t<\/div>\n\t\t\t\t\t<\/div>\n\t\t\t\t<\/div>\n\t\t\t\t<\/div>\n\t\t","protected":false},"excerpt":{"rendered":"<p>Motivador, conferencista, maestro de ceremonias profesional, organizador de eventos y migrante, originario de Jutiapa, Guatemala, es el presidente de Universal Awards, reconocimentos al talento latino y guatemalteco en Nueva York. Estas son sus reflexiones tras el reconocimiento. Por Juan Valdez \u00bfPor qu\u00e9 es necesario reconocer el \u00e9xito de los dem\u00e1s?\u00a0Reconocer el \u00e9xito de los dem\u00e1s [&hellip;]<\/p>\n","protected":false},"author":1,"featured_media":8044,"comment_status":"open","ping_status":"open","sticky":false,"template":"","format":"standard","meta":{"_acf_changed":true,"_eb_attr":"","footnotes":""},"categories":[56],"tags":[],"class_list":["post-8042","post","type-post","status-publish","format-standard","has-post-thumbnail","hentry","category-lugar-de-voces"],"acf":[],"aioseo_notices":[],"aioseo_head":"\n\t\t<!-- All in One SEO Pro 4.9.6.2 - aioseo.com -->\n\t<meta name=\"description\" content=\"El migrante Juan Valdez, originario de Jutiapa, trabaj\u00f3 15 a\u00f1os en un restaurante para sobrevivir y enviar remesas a su familia: pero nunca abandon\u00f3 su gran sue\u00f1o, para el cual se prepar\u00f3 acad\u00e9micamente. No fue f\u00e1cil, ni r\u00e1pido, pero hoy cosecha los frutos. \u201cSoy el Juan Valdez guatemalteco\u201d dice con enorme sonrisa el animador, locutor,\" \/>\n\t<meta name=\"robots\" content=\"max-snippet:-1, max-image-preview:large, max-video-preview:-1\" \/>\n\t<meta name=\"author\" content=\"SoyMigrante.com REVISTA\"\/>\n\t<link rel=\"canonical\" href=\"https:\/\/soymigrante.com\/revista\/honrar-siempre-honra-y-si-es-a-los-hispanos-aun-mas-juan-valdez\/\" \/>\n\t<meta name=\"generator\" content=\"All in One SEO Pro (AIOSEO) 4.9.6.2\" \/>\n\n\t\t<link rel=\"preconnect\" href=\"https:\/\/fonts.googleapis.com\" crossorigin>\n<link rel=\"preconnect\" href=\"https:\/\/fonts.gstatic.com\" crossorigin>\n\t\t<meta property=\"og:locale\" content=\"es_ES\" \/>\n\t\t<meta property=\"og:site_name\" content=\"SoyMigrante.com REVISTA \u2013 Nuestra misi\u00f3n es reconocer y dignificar al migrante.\" \/>\n\t\t<meta property=\"og:type\" content=\"article\" \/>\n\t\t<meta property=\"og:title\" content=\"Honrar, honra y m\u00e1s a\u00fan si es a los hispanos: Juan Valdez\" \/>\n\t\t<meta property=\"og:description\" content=\"Motivador, escritor y organizador de eventos, preside los reconocimientos Universal Awards, al talento guatemalteco e hispano en Nueva York. Aqu\u00ed expone sus motivos.\" \/>\n\t\t<meta property=\"og:url\" content=\"https:\/\/soymigrante.com\/revista\/honrar-siempre-honra-y-si-es-a-los-hispanos-aun-mas-juan-valdez\/\" \/>\n\t\t<meta property=\"og:image\" content=\"https:\/\/soymigrante.com\/revista\/wp-content\/uploads\/2024\/08\/migrante-juan-valdez-guatemalteco.webp\" \/>\n\t\t<meta property=\"og:image:secure_url\" content=\"https:\/\/soymigrante.com\/revista\/wp-content\/uploads\/2024\/08\/migrante-juan-valdez-guatemalteco.webp\" \/>\n\t\t<meta property=\"og:image:width\" content=\"602\" \/>\n\t\t<meta property=\"og:image:height\" content=\"611\" \/>\n\t\t<meta property=\"article:published_time\" content=\"2024-08-13T23:08:00+00:00\" \/>\n\t\t<meta property=\"article:modified_time\" content=\"2024-08-13T23:28:09+00:00\" \/>\n\t\t<meta property=\"article:publisher\" content=\"https:\/\/www.facebook.com\/soymigrantecom\" \/>\n\t\t<meta name=\"twitter:card\" content=\"summary_large_image\" \/>\n\t\t<meta name=\"twitter:site\" content=\"@SoyMigrante_com\" \/>\n\t\t<meta name=\"twitter:title\" content=\"Honrar, honra y m\u00e1s a\u00fan si es a los hispanos: Juan Valdez\" \/>\n\t\t<meta name=\"twitter:description\" content=\"Motivador, escritor y organizador de eventos, preside los reconocimientos Universal Awards, al talento guatemalteco e hispano en Nueva York. Aqu\u00ed expone sus motivos.\" \/>\n\t\t<meta name=\"twitter:creator\" content=\"@SoyMigrante_com\" \/>\n\t\t<meta name=\"twitter:image\" content=\"https:\/\/soymigrante.com\/revista\/wp-content\/uploads\/2024\/08\/migrante-juan-valdez-guatemalteco.webp\" \/>\n\t\t<!-- All in One SEO Pro -->\r\n\t\t<title>Honrar, honra y m\u00e1s a\u00fan si es a los hispanos: Juan Valdez<\/title>\n\n","aioseo_head_json":{"title":"Honrar, honra y m\u00e1s a\u00fan si es a los hispanos: Juan Valdez","description":"Motivador, escritor y organizador de eventos, preside los reconocimientos Universal Awards, al talento guatemalteco e hispano en Nueva York. Aqu\u00ed expone sus motivos.","canonical_url":"https:\/\/soymigrante.com\/revista\/honrar-siempre-honra-y-si-es-a-los-hispanos-aun-mas-juan-valdez\/","robots":"max-snippet:-1, max-image-preview:large, max-video-preview:-1","keywords":"","webmasterTools":{"miscellaneous":"&lt;link rel=\"preconnect\" href=\"https:\/\/fonts.googleapis.com\" crossorigin&gt;\n&lt;link rel=\"preconnect\" href=\"https:\/\/fonts.gstatic.com\" crossorigin&gt;"},"schema":null,"og:locale":"es_ES","og:site_name":"SoyMigrante.com REVISTA \u2013 Nuestra misi\u00f3n es reconocer y dignificar al migrante.","og:type":"article","og:title":"Honrar, honra y m\u00e1s a\u00fan si es a los hispanos: Juan Valdez","og:description":"Motivador, escritor y organizador de eventos, preside los reconocimientos Universal Awards, al talento guatemalteco e hispano en Nueva York. Aqu\u00ed expone sus motivos.","og:url":"https:\/\/soymigrante.com\/revista\/honrar-siempre-honra-y-si-es-a-los-hispanos-aun-mas-juan-valdez\/","og:image":"https:\/\/soymigrante.com\/revista\/wp-content\/uploads\/2024\/08\/migrante-juan-valdez-guatemalteco.webp","og:image:secure_url":"https:\/\/soymigrante.com\/revista\/wp-content\/uploads\/2024\/08\/migrante-juan-valdez-guatemalteco.webp","og:image:width":602,"og:image:height":611,"article:published_time":"2024-08-13T23:08:00+00:00","article:modified_time":"2024-08-13T23:28:09+00:00","article:publisher":"https:\/\/www.facebook.com\/soymigrantecom","twitter:card":"summary_large_image","twitter:site":"@SoyMigrante_com","twitter:title":"Honrar, honra y m\u00e1s a\u00fan si es a los hispanos: Juan Valdez","twitter:description":"Motivador, escritor y organizador de eventos, preside los reconocimientos Universal Awards, al talento guatemalteco e hispano en Nueva York. Aqu\u00ed expone sus motivos.","twitter:creator":"@SoyMigrante_com","twitter:image":"https:\/\/soymigrante.com\/revista\/wp-content\/uploads\/2024\/08\/migrante-juan-valdez-guatemalteco.webp"},"aioseo_meta_data":{"post_id":"8042","title":"Honrar, honra y m\u00e1s a\u00fan si es a los hispanos: Juan Valdez","description":"Motivador, escritor y organizador de eventos, preside los reconocimientos Universal Awards, al talento guatemalteco e hispano en Nueva York. Aqu\u00ed expone sus motivos.","keywords":null,"keyphrases":{"focus":{"keyphrase":"Hispano","score":51,"analysis":{"keyphraseInTitle":{"score":3,"maxScore":9,"error":1},"keyphraseInDescription":{"score":9,"maxScore":9,"error":0},"keyphraseLength":{"score":9,"maxScore":9,"error":0,"length":1},"keyphraseInURL":{"score":5,"maxScore":5,"error":0},"keyphraseInIntroduction":{"score":3,"maxScore":9,"error":1},"keyphraseInSubHeadings":{"score":3,"maxScore":9,"error":1},"keyphraseInImageAlt":{"score":3,"maxScore":9,"error":1},"keywordDensity":{"score":0,"type":"low","maxScore":9,"error":1}}},"additional":[{"keyphrase":"Juan Valdez","score":73,"analysis":{"keyphraseInDescription":{"score":3,"maxScore":9,"error":1},"keyphraseLength":{"score":9,"maxScore":9,"error":0,"length":2},"keyphraseInIntroduction":{"score":9,"maxScore":9,"error":0},"keyphraseInImageAlt":{"score":3,"maxScore":9,"error":1},"keywordDensity":{"type":"best","score":9,"maxScore":9,"error":0}}}]},"primary_term":null,"canonical_url":null,"og_title":null,"og_description":null,"og_object_type":"default","og_image_type":"default","og_image_url":null,"og_image_width":null,"og_image_height":null,"og_image_custom_url":null,"og_image_custom_fields":null,"og_video":"","og_custom_url":null,"og_article_section":null,"og_article_tags":null,"twitter_use_og":false,"twitter_card":"default","twitter_image_type":"default","twitter_image_url":null,"twitter_image_custom_url":null,"twitter_image_custom_fields":null,"twitter_title":null,"twitter_description":null,"schema":{"blockGraphs":[],"customGraphs":[],"default":{"data":{"Article":[],"Course":[],"Dataset":[],"FAQPage":[],"Movie":[],"Person":[],"Product":[],"ProductReview":[],"Car":[],"Recipe":[],"Service":[],"SoftwareApplication":[],"WebPage":[]},"graphName":"Article","isEnabled":true},"graphs":[]},"schema_type":"default","schema_type_options":null,"pillar_content":false,"robots_default":true,"robots_noindex":false,"robots_noarchive":false,"robots_nosnippet":false,"robots_nofollow":false,"robots_noimageindex":false,"robots_noodp":false,"robots_notranslate":false,"robots_max_snippet":"-1","robots_max_videopreview":"-1","robots_max_imagepreview":"large","priority":null,"frequency":"default","local_seo":null,"seo_analyzer_scan_date":"2025-10-08 22:31:17","breadcrumb_settings":null,"limit_modified_date":false,"reviewed_by":null,"open_ai":"{\"title\":{\"suggestions\":[],\"usage\":0},\"description\":{\"suggestions\":[],\"usage\":0}}","ai":null,"created":"2024-08-13 22:34:57","updated":"2026-02-04 12:35:45"},"aioseo_breadcrumb":"<div class=\"aioseo-breadcrumbs\"><span class=\"aioseo-breadcrumb\">\n\t<a href=\"https:\/\/soymigrante.com\/revista\" title=\"Home\">Home<\/a>\n<\/span><span class=\"aioseo-breadcrumb-separator\">\u00bb<\/span><span class=\"aioseo-breadcrumb\">\n\t<a href=\"https:\/\/soymigrante.com\/revista\/category\/estamos-unidos\/\" title=\"Estamos Unidos\">Estamos Unidos<\/a>\n<\/span><span class=\"aioseo-breadcrumb-separator\">\u00bb<\/span><span class=\"aioseo-breadcrumb\">\n\t<a href=\"https:\/\/soymigrante.com\/revista\/category\/estamos-unidos\/lugar-de-voces\/\" title=\"Lugar de Voces\">Lugar de Voces<\/a>\n<\/span><span class=\"aioseo-breadcrumb-separator\">\u00bb<\/span><span class=\"aioseo-breadcrumb\">\n\tHonrar siempre honra y m\u00e1s si es a los guatemaltecos e hispanos: Juan Valdez\n<\/span><\/div>","aioseo_breadcrumb_json":[{"label":"Home","link":"https:\/\/soymigrante.com\/revista"},{"label":"Estamos Unidos","link":"https:\/\/soymigrante.com\/revista\/category\/estamos-unidos\/"},{"label":"Lugar de Voces","link":"https:\/\/soymigrante.com\/revista\/category\/estamos-unidos\/lugar-de-voces\/"},{"label":"Honrar siempre honra y m\u00e1s si es a los guatemaltecos e hispanos: Juan Valdez","link":"https:\/\/soymigrante.com\/revista\/honrar-siempre-honra-y-si-es-a-los-hispanos-aun-mas-juan-valdez\/"}],"_links":{"self":[{"href":"https:\/\/soymigrante.com\/revista\/wp-json\/wp\/v2\/posts\/8042","targetHints":{"allow":["GET"]}}],"collection":[{"href":"https:\/\/soymigrante.com\/revista\/wp-json\/wp\/v2\/posts"}],"about":[{"href":"https:\/\/soymigrante.com\/revista\/wp-json\/wp\/v2\/types\/post"}],"author":[{"embeddable":true,"href":"https:\/\/soymigrante.com\/revista\/wp-json\/wp\/v2\/users\/1"}],"replies":[{"embeddable":true,"href":"https:\/\/soymigrante.com\/revista\/wp-json\/wp\/v2\/comments?post=8042"}],"version-history":[{"count":0,"href":"https:\/\/soymigrante.com\/revista\/wp-json\/wp\/v2\/posts\/8042\/revisions"}],"wp:featuredmedia":[{"embeddable":true,"href":"https:\/\/soymigrante.com\/revista\/wp-json\/wp\/v2\/media\/8044"}],"wp:attachment":[{"href":"https:\/\/soymigrante.com\/revista\/wp-json\/wp\/v2\/media?parent=8042"}],"wp:term":[{"taxonomy":"category","embeddable":true,"href":"https:\/\/soymigrante.com\/revista\/wp-json\/wp\/v2\/categories?post=8042"},{"taxonomy":"post_tag","embeddable":true,"href":"https:\/\/soymigrante.com\/revista\/wp-json\/wp\/v2\/tags?post=8042"}],"curies":[{"name":"wp","href":"https:\/\/api.w.org\/{rel}","templated":true}]}}