{"id":8026,"date":"2024-08-16T09:26:18","date_gmt":"2024-08-16T15:26:18","guid":{"rendered":"https:\/\/soymigrante.com\/revista\/?p=8026"},"modified":"2024-08-16T09:39:32","modified_gmt":"2024-08-16T15:39:32","slug":"algunas-claves-sobre-el-cuidado-de-los-ninos-de-cero-a-5-anos","status":"publish","type":"post","link":"https:\/\/soymigrante.com\/revista\/algunas-claves-sobre-el-cuidado-de-los-ninos-de-cero-a-5-anos\/","title":{"rendered":"Algunas claves sobre el cuidado de los ni\u00f1os de cero a 5 a\u00f1os"},"content":{"rendered":"\t\t<div data-elementor-type=\"wp-post\" data-elementor-id=\"8026\" class=\"elementor elementor-8026\" data-elementor-post-type=\"post\">\n\t\t\t\t<div data-particle_enable=\"false\" data-particle-mobile-disabled=\"false\" class=\"elementor-element elementor-element-60e1e3d e-flex e-con-boxed e-con e-parent\" data-id=\"60e1e3d\" data-element_type=\"container\" data-e-type=\"container\">\n\t\t\t\t\t<div class=\"e-con-inner\">\n\t\t\t\t<div class=\"elementor-element elementor-element-7bcad4c elementor-widget elementor-widget-heading\" data-id=\"7bcad4c\" data-element_type=\"widget\" data-e-type=\"widget\" data-widget_type=\"heading.default\">\n\t\t\t\t\t<h2 class=\"elementor-heading-title elementor-size-default\">No existe un manual que te de la receta o el ingrediente secreto para ser  madre o padre. Sin embargo, conforme la elaboraci\u00f3n de estudios del comportamiento humano, hemos aprendido a educar y criar a los ni\u00f1os. En este art\u00edculo te compartimos m\u00e1s del tema.<\/h2>\t\t\t\t<\/div>\n\t\t\t\t\t<\/div>\n\t\t\t\t<\/div>\n\t\t<div data-particle_enable=\"false\" data-particle-mobile-disabled=\"false\" class=\"elementor-element elementor-element-430752d e-flex e-con-boxed e-con e-parent\" data-id=\"430752d\" data-element_type=\"container\" data-e-type=\"container\">\n\t\t\t\t\t<div class=\"e-con-inner\">\n\t\t\t\t<div class=\"elementor-element elementor-element-f90ab46 elementor-widget elementor-widget-text-editor\" data-id=\"f90ab46\" data-element_type=\"widget\" data-e-type=\"widget\" data-widget_type=\"text-editor.default\">\n\t\t\t\t\t\t\t\t\t<p>Para eso es necesario saber que el desarrollo de tus hijos debes entenderlo como el cambio evolutivo que tendr\u00e1n de la maduraci\u00f3n y el aprendizaje, como lo refieren los profesionales David Shaffer y Katherine Kipp en su libro\u00a0<a href=\"https:\/\/bibliotecaalfayomega.com\/wp-content\/uploads\/2019\/09\/Psicolog%C3%ADa-del-Desarrollo-infancia-y-adolescencia-.pdf\" target=\"_blank\" rel=\"noopener\">Psicolog\u00eda del Desarrollo, infancia y adolescencia<\/a>, por lo que como padres es vital el acompa\u00f1amiento en las diferentes etapas durante la ni\u00f1ez ya que est\u00e1 comprado que los primeros a\u00f1os de vida de los ni\u00f1os son vitales en el desarrollo cerebral y de sus capacidades al llegar a la adultez.<\/p>\t\t\t\t\t\t\t\t<\/div>\n\t\t\t\t\t<\/div>\n\t\t\t\t<\/div>\n\t\t<div data-particle_enable=\"false\" data-particle-mobile-disabled=\"false\" class=\"elementor-element elementor-element-5ce3e6f e-flex e-con-boxed e-con e-parent\" data-id=\"5ce3e6f\" data-element_type=\"container\" data-e-type=\"container\">\n\t\t\t\t\t<div class=\"e-con-inner\">\n\t\t\t\t<div class=\"elementor-element elementor-element-ce44389 elementor-widget elementor-widget-image\" data-id=\"ce44389\" data-element_type=\"widget\" data-e-type=\"widget\" data-widget_type=\"image.default\">\n\t\t\t\t\t\t\t\t\t\t\t\t<figure class=\"wp-caption\">\n\t\t\t\t\t\t\t\t\t\t<img fetchpriority=\"high\" decoding=\"async\" width=\"768\" height=\"512\" src=\"https:\/\/soymigrante.com\/revista\/wp-content\/uploads\/2024\/08\/desarrollo-infantil-infancia-soy-migrante2-1024x683.webp\" class=\"attachment-large size-large wp-image-8032\" alt=\"Beb\u00e9 gateando en casa, s\u00edmbolo de desarrollo infantil y crecimiento saludable en la comunidad migrante.\" srcset=\"https:\/\/soymigrante.com\/revista\/wp-content\/uploads\/2024\/08\/desarrollo-infantil-infancia-soy-migrante2-1024x683.webp 1024w, https:\/\/soymigrante.com\/revista\/wp-content\/uploads\/2024\/08\/desarrollo-infantil-infancia-soy-migrante2-300x200.webp 300w, https:\/\/soymigrante.com\/revista\/wp-content\/uploads\/2024\/08\/desarrollo-infantil-infancia-soy-migrante2-768x512.webp 768w, https:\/\/soymigrante.com\/revista\/wp-content\/uploads\/2024\/08\/desarrollo-infantil-infancia-soy-migrante2-1536x1024.webp 1536w, https:\/\/soymigrante.com\/revista\/wp-content\/uploads\/2024\/08\/desarrollo-infantil-infancia-soy-migrante2-scaled.webp 1920w, https:\/\/soymigrante.com\/revista\/wp-content\/uploads\/2024\/08\/desarrollo-infantil-infancia-soy-migrante2-750x500.webp 750w, https:\/\/soymigrante.com\/revista\/wp-content\/uploads\/2024\/08\/desarrollo-infantil-infancia-soy-migrante2-1140x760.webp 1140w\" sizes=\"(max-width: 768px) 100vw, 768px\" title=\"desarrollo infantil infancia soy migrante2 \u2013 SoyMigrante.com REVISTA\" \/>\t\t\t\t\t\t\t\t\t\t\t<figcaption class=\"widget-image-caption wp-caption-text\">Ni\u00f1o peque\u00f1o gateando en el hogar, ilustrando temas de infancia, cultura migrante y bienestar infantil.<\/figcaption>\n\t\t\t\t\t\t\t\t\t\t<\/figure>\n\t\t\t\t\t\t\t\t\t<\/div>\n\t\t\t\t\t<\/div>\n\t\t\t\t<\/div>\n\t\t<div data-particle_enable=\"false\" data-particle-mobile-disabled=\"false\" class=\"elementor-element elementor-element-88f8328 e-flex e-con-boxed e-con e-parent\" data-id=\"88f8328\" data-element_type=\"container\" data-e-type=\"container\">\n\t\t\t\t\t<div class=\"e-con-inner\">\n\t\t\t\t<div class=\"elementor-element elementor-element-e9cc60b elementor-widget elementor-widget-heading\" data-id=\"e9cc60b\" data-element_type=\"widget\" data-e-type=\"widget\" data-widget_type=\"heading.default\">\n\t\t\t\t\t<h3 class=\"elementor-heading-title elementor-size-default\">Etapas iniciales<\/h3>\t\t\t\t<\/div>\n\t\t\t\t\t<\/div>\n\t\t\t\t<\/div>\n\t\t<div data-particle_enable=\"false\" data-particle-mobile-disabled=\"false\" class=\"elementor-element elementor-element-819e0ec e-flex e-con-boxed e-con e-parent\" data-id=\"819e0ec\" data-element_type=\"container\" data-e-type=\"container\">\n\t\t\t\t\t<div class=\"e-con-inner\">\n\t\t\t\t<div class=\"elementor-element elementor-element-f440675 elementor-widget elementor-widget-text-editor\" data-id=\"f440675\" data-element_type=\"widget\" data-e-type=\"widget\" data-widget_type=\"text-editor.default\">\n\t\t\t\t\t\t\t\t\t<p>Durante ese periodo es necesario que tengas presente que cada etapa es diferente en su desarrollo.\u00a0<\/p><p>Te compartimos las etapas de desarrollo de los primeros a\u00f1os de vida para que comprendas mejor c\u00f3mo la alimentaci\u00f3n contribuye a ello.<\/p><p>\u2022 <strong>Etapa es la neonatal:<\/strong> el primer mes de nacimiento donde los beb\u00e9s se adaptan al mundo y al contacto con m\u00e1s humanos. Comienzan a explorar con la mirada los objetos de su alrededor.<br \/>Qu\u00e9 hacer: debes notar que cuando lo dejas solos comienza a llorar, pero al hablarles ellos se sentir\u00e1n seguros y dejar\u00e1n de hacerlo. Tambi\u00e9n habr\u00e1 momento para que los cargues. Si el beb\u00e9 balbucea puedes intentar \u201chablar su idioma\u201d al responder a esos sonidos que emiten. Por incre\u00edble que parezca, leer para que ellos perciban el habla les permite adaptarse al lenguaje.<\/p><p>\u00a0\u2022 <strong>Etapa postneonatal (lactante):<\/strong> Observamos dentro de los primeros seis meses c\u00f3mo los beb\u00e9s y la evoluci\u00f3n motora \u2013movimientos- de ellos es evidente un ejemplo es el gateo. Ac\u00e1 tambi\u00e9n la lactancia juega el rol de crear un v\u00ednculo muy fuerte con la madre. Conforme pase el primer, segundo y tercer a\u00f1o de vida.\u00a0<span style=\"color: var( --e-global-color-text );text-align: var(--text-align)\">Durante el embarazo, la madre debe llevar una dieta rica en prote\u00ednas y calor\u00edas \u201cpara que el desarrollo prenatal sea sano\u201d, puntualizan Schaffer y Kipp.<\/span><\/p><p>\u2022 <strong>Etapa de la primera infancia:<\/strong> Entre el primer y tercer a\u00f1o de vida, tus hijos comenzar\u00e1n a explorar y a descubrir cosas que hay en el entorno de su crecimiento. Y es en esta etapa donde tus hijos desarrollan el aprendizaje.<\/p><p>\u00a0<\/p>\t\t\t\t\t\t\t\t<\/div>\n\t\t\t\t<div class=\"elementor-element elementor-element-42c4ce7 elementor-widget elementor-widget-heading\" data-id=\"42c4ce7\" data-element_type=\"widget\" data-e-type=\"widget\" data-widget_type=\"heading.default\">\n\t\t\t\t\t<h3 class=\"elementor-heading-title elementor-size-default\">Te invitamos a ver el siguiente video:<\/h3>\t\t\t\t<\/div>\n\t\t\t\t\t<\/div>\n\t\t\t\t<\/div>\n\t\t<div data-particle_enable=\"false\" data-particle-mobile-disabled=\"false\" class=\"elementor-element elementor-element-d6287b9 e-flex e-con-boxed e-con e-parent\" data-id=\"d6287b9\" data-element_type=\"container\" data-e-type=\"container\">\n\t\t\t\t\t<div class=\"e-con-inner\">\n\t\t\t\t<div class=\"elementor-element elementor-element-44d9fa8 elementor-widget elementor-widget-video\" data-id=\"44d9fa8\" data-element_type=\"widget\" data-e-type=\"widget\" data-settings=\"{&quot;youtube_url&quot;:&quot;https:\\\/\\\/www.youtube.com\\\/watch?v=i_TWOuyq8jE&quot;,&quot;video_type&quot;:&quot;youtube&quot;,&quot;controls&quot;:&quot;yes&quot;}\" data-widget_type=\"video.default\">\n\t\t\t\t\t\t\t<div class=\"elementor-wrapper elementor-open-inline\">\n\t\t\t<div class=\"elementor-video\"><\/div>\t\t<\/div>\n\t\t\t\t\t\t<\/div>\n\t\t\t\t\t<\/div>\n\t\t\t\t<\/div>\n\t\t<div data-particle_enable=\"false\" data-particle-mobile-disabled=\"false\" class=\"elementor-element elementor-element-5cffad7 e-flex e-con-boxed e-con e-parent\" data-id=\"5cffad7\" data-element_type=\"container\" data-e-type=\"container\">\n\t\t\t\t\t<div class=\"e-con-inner\">\n\t\t\t\t<div class=\"elementor-element elementor-element-185b086 elementor-widget elementor-widget-text-editor\" data-id=\"185b086\" data-element_type=\"widget\" data-e-type=\"widget\" data-widget_type=\"text-editor.default\">\n\t\t\t\t\t\t\t\t\t<p>Conforme lleguen a los tres a\u00f1os de edad puedes ense\u00f1arles a trav\u00e9s de juegos, que deben seguir tus instrucciones a la hora de recoger alg\u00fan juguete, de poder agarrar objetos como el vaso para beber, a caminar para que sus movimientos puedan ser seguros hasta lograr sentirse independiente.<\/p><p>As\u00ed que en esta etapa puedes explorar el mundo con ellos llev\u00e1ndolos a caminar, a interactuar con los objetos en un parque, con la naturaleza a trav\u00e9s de los colores y texturas de las plantas y flores.<\/p><p>Tambi\u00e9n a trav\u00e9s de los cantos que ellos comenzar\u00e1n a identificar y que en m\u00e1s de alguna ocasi\u00f3n te pedir\u00e1n que pongas esa caricatura o canci\u00f3n en tu tel\u00e9fono, televisi\u00f3n o Tablet.<\/p><p>\u00a0<\/p>\t\t\t\t\t\t\t\t<\/div>\n\t\t\t\t\t<\/div>\n\t\t\t\t<\/div>\n\t\t<div data-particle_enable=\"false\" data-particle-mobile-disabled=\"false\" class=\"elementor-element elementor-element-984ccd1 e-flex e-con-boxed e-con e-parent\" data-id=\"984ccd1\" data-element_type=\"container\" data-e-type=\"container\">\n\t\t\t\t\t<div class=\"e-con-inner\">\n\t\t\t\t<div class=\"elementor-element elementor-element-e0595c1 elementor-widget elementor-widget-image\" data-id=\"e0595c1\" data-element_type=\"widget\" data-e-type=\"widget\" data-widget_type=\"image.default\">\n\t\t\t\t\t\t\t\t\t\t\t\t<figure class=\"wp-caption\">\n\t\t\t\t\t\t\t\t\t\t<img decoding=\"async\" width=\"664\" height=\"441\" src=\"https:\/\/soymigrante.com\/revista\/wp-content\/uploads\/2024\/08\/nina-explorando-naturaleza-soy-migrante.webp\" class=\"attachment-large size-large wp-image-8029\" alt=\"Ni\u00f1a joven explorando hojas ca\u00eddas en un parque oto\u00f1al, disfrutando de la naturaleza durante el oto\u00f1o en un entorno familiar y seguro.\" srcset=\"https:\/\/soymigrante.com\/revista\/wp-content\/uploads\/2024\/08\/nina-explorando-naturaleza-soy-migrante.webp 664w, https:\/\/soymigrante.com\/revista\/wp-content\/uploads\/2024\/08\/nina-explorando-naturaleza-soy-migrante-300x199.webp 300w\" sizes=\"(max-width: 664px) 100vw, 664px\" title=\"ni\u00f1a explorando naturaleza soy migrante \u2013 SoyMigrante.com REVISTA\" \/>\t\t\t\t\t\t\t\t\t\t\t<figcaption class=\"widget-image-caption wp-caption-text\">Ni\u00f1a explorando hojas ca\u00eddas en un parque durante el oto\u00f1o, disfrutando de la naturaleza y del aire libre en un entorno familiar y seguro.<\/figcaption>\n\t\t\t\t\t\t\t\t\t\t<\/figure>\n\t\t\t\t\t\t\t\t\t<\/div>\n\t\t\t\t\t<\/div>\n\t\t\t\t<\/div>\n\t\t<div data-particle_enable=\"false\" data-particle-mobile-disabled=\"false\" class=\"elementor-element elementor-element-ebd4700 e-flex e-con-boxed e-con e-parent\" data-id=\"ebd4700\" data-element_type=\"container\" data-e-type=\"container\">\n\t\t\t\t\t<div class=\"e-con-inner\">\n\t\t\t\t<div class=\"elementor-element elementor-element-f24feef elementor-widget elementor-widget-heading\" data-id=\"f24feef\" data-element_type=\"widget\" data-e-type=\"widget\" data-widget_type=\"heading.default\">\n\t\t\t\t\t<h3 class=\"elementor-heading-title elementor-size-default\">Durante el desarrollo, el cerebro desarrolla su inteligencia:<\/h3>\t\t\t\t<\/div>\n\t\t\t\t\t<\/div>\n\t\t\t\t<\/div>\n\t\t<div data-particle_enable=\"false\" data-particle-mobile-disabled=\"false\" class=\"elementor-element elementor-element-495b72d e-flex e-con-boxed e-con e-parent\" data-id=\"495b72d\" data-element_type=\"container\" data-e-type=\"container\">\n\t\t\t\t\t<div class=\"e-con-inner\">\n\t\t\t\t<div class=\"elementor-element elementor-element-9204c5e elementor-widget elementor-widget-text-editor\" data-id=\"9204c5e\" data-element_type=\"widget\" data-e-type=\"widget\" data-widget_type=\"text-editor.default\">\n\t\t\t\t\t\t\t\t\t<p>De los 3 a los 5 a\u00f1os, tus hijos comenzar\u00e1n a entrar en una etapa en la que de alguna forma comienzan a independizarse pues ya desear\u00e1n caminar y correr por s\u00ed solos, a pedir cierto juguete o comida que les guste mucho.<\/p><p>Tambi\u00e9n querr\u00e1n subirse a la bicicleta o a un resbaladero.<br \/>Pero tambi\u00e9n comenzar\u00e1n a interactuar con m\u00e1s ni\u00f1os, querr\u00e1n que los dejes jugar con sus primos, vecinos o alg\u00fan amigo con el que ellos desean compartir tiempo e incluso sus juguetes.<\/p>\t\t\t\t\t\t\t\t<\/div>\n\t\t\t\t\t<\/div>\n\t\t\t\t<\/div>\n\t\t<div data-particle_enable=\"false\" data-particle-mobile-disabled=\"false\" class=\"elementor-element elementor-element-2d26c9e e-flex e-con-boxed e-con e-parent\" data-id=\"2d26c9e\" data-element_type=\"container\" data-e-type=\"container\">\n\t\t\t\t\t<div class=\"e-con-inner\">\n\t\t\t\t<div class=\"elementor-element elementor-element-889b45b elementor-widget elementor-widget-video\" data-id=\"889b45b\" data-element_type=\"widget\" data-e-type=\"widget\" data-settings=\"{&quot;youtube_url&quot;:&quot;https:\\\/\\\/www.youtube.com\\\/watch?v=xnaIY34e3qE&quot;,&quot;video_type&quot;:&quot;youtube&quot;,&quot;controls&quot;:&quot;yes&quot;}\" data-widget_type=\"video.default\">\n\t\t\t\t\t\t\t<div class=\"elementor-wrapper elementor-open-inline\">\n\t\t\t<div class=\"elementor-video\"><\/div>\t\t<\/div>\n\t\t\t\t\t\t<\/div>\n\t\t\t\t\t<\/div>\n\t\t\t\t<\/div>\n\t\t<div data-particle_enable=\"false\" data-particle-mobile-disabled=\"false\" class=\"elementor-element elementor-element-9f51362 e-flex e-con-boxed e-con e-parent\" data-id=\"9f51362\" data-element_type=\"container\" data-e-type=\"container\">\n\t\t\t\t\t<div class=\"e-con-inner\">\n\t\t\t\t<div class=\"elementor-element elementor-element-0b2930a elementor-widget elementor-widget-heading\" data-id=\"0b2930a\" data-element_type=\"widget\" data-e-type=\"widget\" data-widget_type=\"heading.default\">\n\t\t\t\t\t<h3 class=\"elementor-heading-title elementor-size-default\">M\u00e1s fuerte e independiente<\/h3>\t\t\t\t<\/div>\n\t\t\t\t\t<\/div>\n\t\t\t\t<\/div>\n\t\t<div data-particle_enable=\"false\" data-particle-mobile-disabled=\"false\" class=\"elementor-element elementor-element-a9f4e1f e-flex e-con-boxed e-con e-parent\" data-id=\"a9f4e1f\" data-element_type=\"container\" data-e-type=\"container\">\n\t\t\t\t\t<div class=\"e-con-inner\">\n\t\t\t\t<div class=\"elementor-element elementor-element-96d3173 elementor-widget elementor-widget-text-editor\" data-id=\"96d3173\" data-element_type=\"widget\" data-e-type=\"widget\" data-widget_type=\"text-editor.default\">\n\t\t\t\t\t\t\t\t\t<p>Entre la primera infancia hacia los 5 a\u00f1os es importante que como padres puedan establecer par\u00e1metro de seguridad al ser claro en que hay l\u00edmites a la hora de estar en determinados lugares o situaciones.<\/p>\n<p>Por ejemplo, ense\u00f1arle a los ni\u00f1os a esa edad que salir de casa a la calle no es seguro si no hay supervisi\u00f3n, tambi\u00e9n que el tr\u00e1nsito vehicular es peligroso por lo que no pueden cruzar la calle. Otro aspecto es ense\u00f1arles a no interactuar con extra\u00f1os. O explicarles la importancia de ir sujetado a una silla de seguridad cuando salen en carro a dar un paseo.<\/p>\n<p><span style=\"color: var( --e-global-color-text ); text-align: var(--text-align);\">Las horas de dormir son importantes para sus hijos en estas etapas mencionadas, un beb\u00e9 se ir\u00e1 adaptando seg\u00fan sean sus necesidades por alimentarse o si presenta alguna molestia de salud, lo ideal es llevarlo a un pediatra.<\/span><\/p>\n<p>Entre las edades de 3 a 5 a\u00f1os se recomienda que duerman entre 10 a 13 horas diarias. Como dicen las abuelas &#8220;el sue\u00f1o es el alimento de un ni\u00f1o&#8221;.<\/p>\n<p><em><a href=\"https:\/\/www.cdc.gov\/parents\/spanish\/essentials\/index.html\">Con informaci\u00f3n dek Centro para el Control y la Prevenci\u00f3n de Enfermedades de EE. UU.&nbsp; o CDC<\/a><\/em><\/p>\t\t\t\t\t\t\t\t<\/div>\n\t\t\t\t\t<\/div>\n\t\t\t\t<\/div>\n\t\t<div data-particle_enable=\"false\" data-particle-mobile-disabled=\"false\" class=\"elementor-element elementor-element-2880dfa e-flex e-con-boxed e-con e-parent\" data-id=\"2880dfa\" data-element_type=\"container\" data-e-type=\"container\">\n\t\t\t\t\t<div class=\"e-con-inner\">\n\t\t\t\t<div class=\"elementor-element elementor-element-ba7af14 elementor-widget elementor-widget-heading\" data-id=\"ba7af14\" data-element_type=\"widget\" data-e-type=\"widget\" data-widget_type=\"heading.default\">\n\t\t\t\t\t<h2 class=\"elementor-heading-title elementor-size-default\">M\u00e1s claves de mejora en la vida diaria<\/h2>\t\t\t\t<\/div>\n\t\t\t\t\t<\/div>\n\t\t\t\t<\/div>\n\t\t<div data-particle_enable=\"false\" data-particle-mobile-disabled=\"false\" class=\"elementor-element elementor-element-fca1d06 e-flex e-con-boxed e-con e-parent\" data-id=\"fca1d06\" data-element_type=\"container\" data-e-type=\"container\">\n\t\t\t\t\t<div class=\"e-con-inner\">\n\t\t\t\t<div class=\"elementor-element elementor-element-6dc835c elementor-widget elementor-widget-blfe-post-grid\" data-id=\"6dc835c\" data-element_type=\"widget\" data-e-type=\"widget\" data-settings=\"{&quot;columns&quot;:&quot;3&quot;,&quot;columns_tablet&quot;:&quot;6&quot;,&quot;columns_mobile&quot;:&quot;12&quot;,&quot;hero2_navigation&quot;:&quot;arrows&quot;,&quot;hero2_layout_column_gap&quot;:{&quot;unit&quot;:&quot;px&quot;,&quot;size&quot;:5,&quot;sizes&quot;:[]},&quot;hero2_layout_column_gap_tablet&quot;:{&quot;unit&quot;:&quot;px&quot;,&quot;size&quot;:&quot;&quot;,&quot;sizes&quot;:[]},&quot;hero2_layout_column_gap_mobile&quot;:{&quot;unit&quot;:&quot;px&quot;,&quot;size&quot;:&quot;&quot;,&quot;sizes&quot;:[]},&quot;hero2_layout_row_gap&quot;:{&quot;unit&quot;:&quot;px&quot;,&quot;size&quot;:5,&quot;sizes&quot;:[]},&quot;hero2_layout_row_gap_tablet&quot;:{&quot;unit&quot;:&quot;px&quot;,&quot;size&quot;:&quot;&quot;,&quot;sizes&quot;:[]},&quot;hero2_layout_row_gap_mobile&quot;:{&quot;unit&quot;:&quot;px&quot;,&quot;size&quot;:&quot;&quot;,&quot;sizes&quot;:[]}}\" data-widget_type=\"blfe-post-grid.hero2\">\n\t\t\t\t<div class=\"elementor-widget-container\">\n\t\t\t\t\t\n                        <div class=\"blfe-post-grid-container \">\n            \n                <div data-skin=\"hero2\" class=\"blfe-row blfe-posts-inner blfe-hero2 blfe-posts-inner blfe-col-3 blfe-col-tab-6 blfe-col-mob-12     \">\n                            <div class=\"blfe-post-grid-item \">\n            <div class=\"blfe-post-grid-item-inner blfe-modern-zoom\">\n                        <div class=\"blfe-post-grid-bg-image\">\n            <a class=\"blfe-post-grid-image-inner\" href=\"https:\/\/soymigrante.com\/revista\/estrategias-para-fidelizar-clientes-pequenas-acciones-que-te-ayudaran-en-el-comercio-digital\/\" title=\"Estrategias para fidelizar clientes: peque\u00f1as acciones que te ayudar\u00e1n en el comercio digital\" rel=\"nofollow\" target=\"_blank\"><img decoding=\"async\" src=\"https:\/\/soymigrante.com\/revista\/wp-content\/uploads\/2026\/04\/vendedora-soymigrantecom-emprendimiento-emprendedora-comercio-digital.png\" alt=\"Estrategias para fidelizar clientes: peque\u00f1as acciones que te ayudar\u00e1n en el comercio digital\"\/><\/a>        <\/div>\n                        <div class=\"blfe-post-grid-details\">\n                    <div class=\"blfe-post-grid-details-inner\">\n                        <span class=\"blfe-post-category\"><a href=\"https:\/\/soymigrante.com\/revista\/category\/bienestar\/\">Bienestar<\/a><\/span>                        <h3 class=\"blfe-post-grid-title\">\n            <a href=\"https:\/\/soymigrante.com\/revista\/estrategias-para-fidelizar-clientes-pequenas-acciones-que-te-ayudaran-en-el-comercio-digital\/\" title=\"Estrategias para fidelizar clientes: peque\u00f1as acciones que te ayudar\u00e1n en el comercio digital\" rel=\"nofollow\" target=\"_blank\">Estrategias para fidelizar clientes: peque\u00f1as acciones que te ayudar\u00e1n en el comercio digital<\/a>\n            <\/h3>                                    <div class=\"blfe-post-grid-meta\">\n                <span class=\"blfe-post-grid-time\"><i class=\"fas fa-book-reader\"><\/i>5 Min read<\/span>            <\/div>\n                                                                                <\/div>\n                <\/div>\n\n            <\/div>\n        <\/div>\n                <div class=\"blfe-post-grid-item \">\n            <div class=\"blfe-post-grid-item-inner blfe-modern-zoom\">\n                        <div class=\"blfe-post-grid-bg-image\">\n            <a class=\"blfe-post-grid-image-inner\" href=\"https:\/\/soymigrante.com\/revista\/violencia-intrafamiliar-domestica-se-debe-reconocer-y-denunciar-donde-obtener-ayuda-en-estados-unidos\/\" title=\"Violencia intrafamiliar se debe reconocer,  denunciar y frenar \u00bfD\u00f3nde obtener ayuda en Estados Unidos?\" rel=\"nofollow\" target=\"_blank\"><img decoding=\"async\" src=\"https:\/\/soymigrante.com\/revista\/wp-content\/uploads\/2026\/04\/frenar-violencia-domestica-estados-unidos.png\" alt=\"Violencia intrafamiliar se debe reconocer,  denunciar y frenar \u00bfD\u00f3nde obtener ayuda en Estados Unidos?\"\/><\/a>        <\/div>\n                        <div class=\"blfe-post-grid-details\">\n                    <div class=\"blfe-post-grid-details-inner\">\n                        <span class=\"blfe-post-category\"><a href=\"https:\/\/soymigrante.com\/revista\/category\/bienestar\/en-familia\/\">En Familia<\/a><\/span>                        <h3 class=\"blfe-post-grid-title\">\n            <a href=\"https:\/\/soymigrante.com\/revista\/violencia-intrafamiliar-domestica-se-debe-reconocer-y-denunciar-donde-obtener-ayuda-en-estados-unidos\/\" title=\"Violencia intrafamiliar se debe reconocer,  denunciar y frenar \u00bfD\u00f3nde obtener ayuda en Estados Unidos?\" rel=\"nofollow\" target=\"_blank\">Violencia intrafamiliar se debe reconocer,  denunciar y frenar \u00bfD\u00f3nde obtener ayuda en Estados Unidos?<\/a>\n            <\/h3>                                    <div class=\"blfe-post-grid-meta\">\n                <span class=\"blfe-post-grid-time\"><i class=\"fas fa-book-reader\"><\/i>5 Min read<\/span>            <\/div>\n                                                                                <\/div>\n                <\/div>\n\n            <\/div>\n        <\/div>\n                <div class=\"blfe-post-grid-item \">\n            <div class=\"blfe-post-grid-item-inner blfe-modern-zoom\">\n                        <div class=\"blfe-post-grid-bg-image\">\n            <a class=\"blfe-post-grid-image-inner\" href=\"https:\/\/soymigrante.com\/revista\/claves-sobre-primeros-auxilios-psicologicos-para-ayudar-a-alguien-agobiado-por-dolor-miedo-o-angustia\/\" title=\"Claves sobre Primeros Auxilios Psicol\u00f3gicos para ayudar a alguien agobiado por dolor, miedo o angustia\" rel=\"nofollow\" target=\"_blank\"><img decoding=\"async\" src=\"https:\/\/soymigrante.com\/revista\/wp-content\/uploads\/2026\/04\/primeros-auxilios-emocionales.png\" alt=\"Claves sobre Primeros Auxilios Psicol\u00f3gicos para ayudar a alguien agobiado por dolor, miedo o angustia\"\/><\/a>        <\/div>\n                        <div class=\"blfe-post-grid-details\">\n                    <div class=\"blfe-post-grid-details-inner\">\n                        <span class=\"blfe-post-category\"><a href=\"https:\/\/soymigrante.com\/revista\/category\/bienestar\/salud-emocional\/\">Salud Emocional<\/a><\/span>                        <h3 class=\"blfe-post-grid-title\">\n            <a href=\"https:\/\/soymigrante.com\/revista\/claves-sobre-primeros-auxilios-psicologicos-para-ayudar-a-alguien-agobiado-por-dolor-miedo-o-angustia\/\" title=\"Claves sobre Primeros Auxilios Psicol\u00f3gicos para ayudar a alguien agobiado por dolor, miedo o angustia\" rel=\"nofollow\" target=\"_blank\">Claves sobre Primeros Auxilios Psicol\u00f3gicos para ayudar a alguien agobiado por dolor, miedo o angustia<\/a>\n            <\/h3>                                    <div class=\"blfe-post-grid-meta\">\n                <span class=\"blfe-post-grid-time\"><i class=\"fas fa-book-reader\"><\/i>6 Min read<\/span>            <\/div>\n                                                                                <\/div>\n                <\/div>\n\n            <\/div>\n        <\/div>\n                <div class=\"blfe-post-grid-item \">\n            <div class=\"blfe-post-grid-item-inner blfe-modern-zoom\">\n                        <div class=\"blfe-post-grid-bg-image\">\n            <a class=\"blfe-post-grid-image-inner\" href=\"https:\/\/soymigrante.com\/revista\/horario-de-verano-2026-en-usa-cuando-comenzo-y-hasta-cuando-dura\/\" title=\"Horario de verano 2026 en USA: \u00bfCu\u00e1ndo comenz\u00f3 y hasta cuando dura?\" rel=\"nofollow\" target=\"_blank\"><img decoding=\"async\" src=\"https:\/\/soymigrante.com\/revista\/wp-content\/uploads\/2026\/03\/horario-de-verano-estados-unidos-2.png\" alt=\"Horario de verano 2026 en USA: \u00bfCu\u00e1ndo comenz\u00f3 y hasta cuando dura?\"\/><\/a>        <\/div>\n                        <div class=\"blfe-post-grid-details\">\n                    <div class=\"blfe-post-grid-details-inner\">\n                        <span class=\"blfe-post-category\"><a href=\"https:\/\/soymigrante.com\/revista\/category\/bienestar\/\">Bienestar<\/a><\/span>                        <h3 class=\"blfe-post-grid-title\">\n            <a href=\"https:\/\/soymigrante.com\/revista\/horario-de-verano-2026-en-usa-cuando-comenzo-y-hasta-cuando-dura\/\" title=\"Horario de verano 2026 en USA: \u00bfCu\u00e1ndo comenz\u00f3 y hasta cuando dura?\" rel=\"nofollow\" target=\"_blank\">Horario de verano 2026 en USA: \u00bfCu\u00e1ndo comenz\u00f3 y hasta cuando dura?<\/a>\n            <\/h3>                                    <div class=\"blfe-post-grid-meta\">\n                <span class=\"blfe-post-grid-time\"><i class=\"fas fa-book-reader\"><\/i>3 Min read<\/span>            <\/div>\n                                                                                <\/div>\n                <\/div>\n\n            <\/div>\n        <\/div>\n                <div class=\"blfe-post-grid-item \">\n            <div class=\"blfe-post-grid-item-inner blfe-modern-zoom\">\n                        <div class=\"blfe-post-grid-bg-image\">\n            <a class=\"blfe-post-grid-image-inner\" href=\"https:\/\/soymigrante.com\/revista\/piramide-nutricional-sugerencia-chef-guatemalteca-amalia-moreno-damgaard-minesota\/\" title=\"Chef guatemalteca Amalia Moreno-Damgaard, en Minesota, comparte su concepto de pir\u00e1mide nutricional\" rel=\"nofollow\" target=\"_blank\"><img decoding=\"async\" src=\"https:\/\/soymigrante.com\/revista\/wp-content\/uploads\/2026\/01\/amalia-moreno-chef-guatemalteca-piramide-alimenticia-sugerida.png\" alt=\"Chef guatemalteca Amalia Moreno-Damgaard, en Minesota, comparte su concepto de pir\u00e1mide nutricional\"\/><\/a>        <\/div>\n                        <div class=\"blfe-post-grid-details\">\n                    <div class=\"blfe-post-grid-details-inner\">\n                        <span class=\"blfe-post-category\"><a href=\"https:\/\/soymigrante.com\/revista\/category\/bienestar\/\">Bienestar<\/a><\/span>                        <h3 class=\"blfe-post-grid-title\">\n            <a href=\"https:\/\/soymigrante.com\/revista\/piramide-nutricional-sugerencia-chef-guatemalteca-amalia-moreno-damgaard-minesota\/\" title=\"Chef guatemalteca Amalia Moreno-Damgaard, en Minesota, comparte su concepto de pir\u00e1mide nutricional\" rel=\"nofollow\" target=\"_blank\">Chef guatemalteca Amalia Moreno-Damgaard, en Minesota, comparte su concepto de pir\u00e1mide nutricional<\/a>\n            <\/h3>                                    <div class=\"blfe-post-grid-meta\">\n                <span class=\"blfe-post-grid-time\"><i class=\"fas fa-book-reader\"><\/i>4 Min read<\/span>            <\/div>\n                                                                                <\/div>\n                <\/div>\n\n            <\/div>\n        <\/div>\n                        <\/div>\n\n                        <\/div>\n            \n                        <div class=\"blfe-post-footer\">\n                        <\/div>\n            \t\t\t\t<\/div>\n\t\t\t\t<\/div>\n\t\t\t\t\t<\/div>\n\t\t\t\t<\/div>\n\t\t\t\t<\/div>\n\t\t","protected":false},"excerpt":{"rendered":"<p>No existe un manual que te de la receta o el ingrediente secreto para ser madre o padre. Sin embargo, conforme la elaboraci\u00f3n de estudios del comportamiento humano, hemos aprendido a educar y criar a los ni\u00f1os. En este art\u00edculo te compartimos m\u00e1s del tema. Para eso es necesario saber que el desarrollo de tus [&hellip;]<\/p>\n","protected":false},"author":23,"featured_media":8041,"comment_status":"open","ping_status":"open","sticky":false,"template":"","format":"standard","meta":{"_acf_changed":false,"_eb_attr":"","footnotes":""},"categories":[55],"tags":[],"class_list":["post-8026","post","type-post","status-publish","format-standard","has-post-thumbnail","hentry","category-bienestar"],"acf":[],"aioseo_notices":[],"aioseo_head":"\n\t\t<!-- All in One SEO Pro 4.9.6.2 - aioseo.com -->\n\t<meta name=\"description\" content=\"Galardonada chef guatemalteca Amalia Moreno-Damgaard, residente en Minesota sugiere una pir\u00e1mide nutricional &quot;con la sabidur\u00eda de la abuela&quot;.\" \/>\n\t<meta name=\"robots\" content=\"max-snippet:-1, max-image-preview:large, max-video-preview:-1\" \/>\n\t<meta name=\"author\" content=\"SoyMigrante.com REVISTA\"\/>\n\t<link rel=\"canonical\" href=\"https:\/\/soymigrante.com\/revista\/piramide-nutricional-sugerencia-chef-guatemalteca-amalia-moreno-damgaard-minesota\/\" \/>\n\t<meta name=\"generator\" content=\"All in One SEO Pro (AIOSEO) 4.9.6.2\" \/>\n\n\t\t<link rel=\"preconnect\" href=\"https:\/\/fonts.googleapis.com\" crossorigin>\n<link rel=\"preconnect\" href=\"https:\/\/fonts.gstatic.com\" crossorigin>\n\t\t<meta property=\"og:locale\" content=\"es_ES\" \/>\n\t\t<meta property=\"og:site_name\" content=\"SoyMigrante.com REVISTA \u2013 Nuestra misi\u00f3n es reconocer y dignificar al migrante.\" \/>\n\t\t<meta property=\"og:type\" content=\"article\" \/>\n\t\t<meta property=\"og:title\" content=\"Chef guatemalteca en Minesota comparte pir\u00e1mide nutricional\" \/>\n\t\t<meta property=\"og:description\" content=\"Galardonada chef guatemalteca Amalia Moreno-Damgaard, residente en Minesota sugiere una pir\u00e1mide nutricional &quot;con la sabidur\u00eda de la abuela&quot;.\" \/>\n\t\t<meta property=\"og:url\" content=\"https:\/\/soymigrante.com\/revista\/piramide-nutricional-sugerencia-chef-guatemalteca-amalia-moreno-damgaard-minesota\/\" \/>\n\t\t<meta property=\"og:image\" content=\"https:\/\/soymigrante.com\/revista\/wp-content\/uploads\/2026\/01\/amalia-moreno-chef-guatemalteca-piramide-alimenticia-sugerida.png\" \/>\n\t\t<meta property=\"og:image:secure_url\" content=\"https:\/\/soymigrante.com\/revista\/wp-content\/uploads\/2026\/01\/amalia-moreno-chef-guatemalteca-piramide-alimenticia-sugerida.png\" \/>\n\t\t<meta property=\"og:image:width\" content=\"421\" \/>\n\t\t<meta property=\"og:image:height\" content=\"416\" \/>\n\t\t<meta property=\"article:published_time\" content=\"2026-01-29T20:36:14+00:00\" \/>\n\t\t<meta property=\"article:modified_time\" content=\"2026-01-30T15:49:53+00:00\" \/>\n\t\t<meta property=\"article:publisher\" content=\"https:\/\/www.facebook.com\/soymigrantecom\" \/>\n\t\t<meta name=\"twitter:card\" content=\"summary_large_image\" \/>\n\t\t<meta name=\"twitter:site\" content=\"@SoyMigrante_com\" \/>\n\t\t<meta name=\"twitter:title\" content=\"Chef guatemalteca en Minesota comparte pir\u00e1mide nutricional\" \/>\n\t\t<meta name=\"twitter:description\" content=\"Galardonada chef guatemalteca Amalia Moreno-Damgaard, residente en Minesota sugiere una pir\u00e1mide nutricional &quot;con la sabidur\u00eda de la abuela&quot;.\" \/>\n\t\t<meta name=\"twitter:creator\" content=\"@SoyMigrante_com\" \/>\n\t\t<meta name=\"twitter:image\" content=\"https:\/\/soymigrante.com\/revista\/wp-content\/uploads\/2026\/01\/amalia-moreno-chef-guatemalteca-piramide-alimenticia-sugerida.png\" \/>\n\t\t<!-- All in One SEO Pro -->\r\n\t\t<title>Chef guatemalteca en Minesota comparte pir\u00e1mide nutricional<\/title>\n\n","aioseo_head_json":{"title":"Chef guatemalteca en Minesota comparte pir\u00e1mide nutricional","description":"Galardonada chef guatemalteca Amalia Moreno-Damgaard, residente en Minesota sugiere una pir\u00e1mide nutricional \"con la sabidur\u00eda de la abuela\".","canonical_url":"https:\/\/soymigrante.com\/revista\/piramide-nutricional-sugerencia-chef-guatemalteca-amalia-moreno-damgaard-minesota\/","robots":"max-snippet:-1, max-image-preview:large, max-video-preview:-1","keywords":"","webmasterTools":{"miscellaneous":"&lt;link rel=\"preconnect\" href=\"https:\/\/fonts.googleapis.com\" crossorigin&gt;\n&lt;link rel=\"preconnect\" href=\"https:\/\/fonts.gstatic.com\" crossorigin&gt;"},"schema":null,"og:locale":"es_ES","og:site_name":"SoyMigrante.com REVISTA \u2013 Nuestra misi\u00f3n es reconocer y dignificar al migrante.","og:type":"article","og:title":"Chef guatemalteca en Minesota comparte pir\u00e1mide nutricional","og:description":"Galardonada chef guatemalteca Amalia Moreno-Damgaard, residente en Minesota sugiere una pir\u00e1mide nutricional &quot;con la sabidur\u00eda de la abuela&quot;.","og:url":"https:\/\/soymigrante.com\/revista\/piramide-nutricional-sugerencia-chef-guatemalteca-amalia-moreno-damgaard-minesota\/","og:image":"https:\/\/soymigrante.com\/revista\/wp-content\/uploads\/2026\/01\/amalia-moreno-chef-guatemalteca-piramide-alimenticia-sugerida.png","og:image:secure_url":"https:\/\/soymigrante.com\/revista\/wp-content\/uploads\/2026\/01\/amalia-moreno-chef-guatemalteca-piramide-alimenticia-sugerida.png","og:image:width":421,"og:image:height":416,"article:published_time":"2026-01-29T20:36:14+00:00","article:modified_time":"2026-01-30T15:49:53+00:00","article:publisher":"https:\/\/www.facebook.com\/soymigrantecom","twitter:card":"summary_large_image","twitter:site":"@SoyMigrante_com","twitter:title":"Chef guatemalteca en Minesota comparte pir\u00e1mide nutricional","twitter:description":"Galardonada chef guatemalteca Amalia Moreno-Damgaard, residente en Minesota sugiere una pir\u00e1mide nutricional &quot;con la sabidur\u00eda de la abuela&quot;.","twitter:creator":"@SoyMigrante_com","twitter:image":"https:\/\/soymigrante.com\/revista\/wp-content\/uploads\/2026\/01\/amalia-moreno-chef-guatemalteca-piramide-alimenticia-sugerida.png"},"aioseo_meta_data":{"post_id":"8026","title":"Algunas claves para el cuidado de ni\u00f1os de 0 a 5 a\u00f1os","description":"El desarrollo de tus hijos entre el primer a\u00f1o y los cincos a\u00f1os de vida son fundamentales en su desenvolvimiento y aprendizaje.","keywords":null,"keyphrases":{"focus":{"keyphrase":"cuidado de ni\u00f1os","score":54,"analysis":{"keyphraseInTitle":{"score":9,"maxScore":9,"error":0},"keyphraseInDescription":{"score":3,"maxScore":9,"error":1},"keyphraseLength":{"score":9,"maxScore":9,"error":0,"length":4},"keyphraseInURL":{"score":1,"maxScore":5,"error":1},"keyphraseInIntroduction":{"score":3,"maxScore":9,"error":1},"keyphraseInSubHeadings":{"score":3,"maxScore":9,"error":1},"keyphraseInImageAlt":{"score":9,"maxScore":9,"error":0},"keywordDensity":{"score":0,"type":"low","maxScore":9,"error":1}}},"additional":[{"keyphrase":"infancia","score":53,"analysis":{"keyphraseInDescription":{"score":3,"maxScore":9,"error":1},"keyphraseLength":{"score":9,"maxScore":9,"error":0,"length":1},"keyphraseInIntroduction":{"score":9,"maxScore":9,"error":0},"keyphraseInImageAlt":{"score":3,"maxScore":9,"error":1},"keywordDensity":{"score":0,"type":"low","maxScore":9,"error":1}}}]},"primary_term":null,"canonical_url":null,"og_title":null,"og_description":null,"og_object_type":"default","og_image_type":"default","og_image_url":null,"og_image_width":null,"og_image_height":null,"og_image_custom_url":null,"og_image_custom_fields":null,"og_video":"","og_custom_url":null,"og_article_section":null,"og_article_tags":null,"twitter_use_og":false,"twitter_card":"default","twitter_image_type":"default","twitter_image_url":null,"twitter_image_custom_url":null,"twitter_image_custom_fields":null,"twitter_title":null,"twitter_description":null,"schema":{"blockGraphs":[],"customGraphs":[],"default":{"data":{"Article":[],"Course":[],"Dataset":[],"FAQPage":[],"Movie":[],"Person":[],"Product":[],"ProductReview":[],"Car":[],"Recipe":[],"Service":[],"SoftwareApplication":[],"WebPage":[]},"graphName":"Article","isEnabled":true},"graphs":[]},"schema_type":"default","schema_type_options":null,"pillar_content":false,"robots_default":true,"robots_noindex":false,"robots_noarchive":false,"robots_nosnippet":false,"robots_nofollow":false,"robots_noimageindex":false,"robots_noodp":false,"robots_notranslate":false,"robots_max_snippet":"-1","robots_max_videopreview":"-1","robots_max_imagepreview":"large","priority":null,"frequency":"default","local_seo":null,"seo_analyzer_scan_date":"2025-10-08 22:34:17","breadcrumb_settings":null,"limit_modified_date":false,"reviewed_by":null,"open_ai":"{\"title\":{\"suggestions\":[],\"usage\":0},\"description\":{\"suggestions\":[],\"usage\":0}}","ai":null,"created":"2024-08-13 20:44:30","updated":"2026-02-04 12:35:46"},"aioseo_breadcrumb":"<div class=\"aioseo-breadcrumbs\"><span class=\"aioseo-breadcrumb\">\n\t<a href=\"https:\/\/soymigrante.com\/revista\" title=\"Home\">Home<\/a>\n<\/span><span class=\"aioseo-breadcrumb-separator\">\u00bb<\/span><span class=\"aioseo-breadcrumb\">\n\t<a href=\"https:\/\/soymigrante.com\/revista\/category\/bienestar\/\" title=\"Bienestar\">Bienestar<\/a>\n<\/span><span class=\"aioseo-breadcrumb-separator\">\u00bb<\/span><span class=\"aioseo-breadcrumb\">\n\tAlgunas claves sobre el cuidado de los ni\u00f1os de cero a 5 a\u00f1os\n<\/span><\/div>","aioseo_breadcrumb_json":[{"label":"Home","link":"https:\/\/soymigrante.com\/revista"},{"label":"Bienestar","link":"https:\/\/soymigrante.com\/revista\/category\/bienestar\/"},{"label":"Algunas claves sobre el cuidado de los ni\u00f1os de cero a 5 a\u00f1os","link":"https:\/\/soymigrante.com\/revista\/algunas-claves-sobre-el-cuidado-de-los-ninos-de-cero-a-5-anos\/"}],"_links":{"self":[{"href":"https:\/\/soymigrante.com\/revista\/wp-json\/wp\/v2\/posts\/8026","targetHints":{"allow":["GET"]}}],"collection":[{"href":"https:\/\/soymigrante.com\/revista\/wp-json\/wp\/v2\/posts"}],"about":[{"href":"https:\/\/soymigrante.com\/revista\/wp-json\/wp\/v2\/types\/post"}],"author":[{"embeddable":true,"href":"https:\/\/soymigrante.com\/revista\/wp-json\/wp\/v2\/users\/23"}],"replies":[{"embeddable":true,"href":"https:\/\/soymigrante.com\/revista\/wp-json\/wp\/v2\/comments?post=8026"}],"version-history":[{"count":0,"href":"https:\/\/soymigrante.com\/revista\/wp-json\/wp\/v2\/posts\/8026\/revisions"}],"wp:featuredmedia":[{"embeddable":true,"href":"https:\/\/soymigrante.com\/revista\/wp-json\/wp\/v2\/media\/8041"}],"wp:attachment":[{"href":"https:\/\/soymigrante.com\/revista\/wp-json\/wp\/v2\/media?parent=8026"}],"wp:term":[{"taxonomy":"category","embeddable":true,"href":"https:\/\/soymigrante.com\/revista\/wp-json\/wp\/v2\/categories?post=8026"},{"taxonomy":"post_tag","embeddable":true,"href":"https:\/\/soymigrante.com\/revista\/wp-json\/wp\/v2\/tags?post=8026"}],"curies":[{"name":"wp","href":"https:\/\/api.w.org\/{rel}","templated":true}]}}