{"id":8024,"date":"2024-08-14T17:34:10","date_gmt":"2024-08-14T23:34:10","guid":{"rendered":"https:\/\/soymigrante.com\/revista\/?p=8024"},"modified":"2024-08-14T17:35:05","modified_gmt":"2024-08-14T23:35:05","slug":"el-comite-guatemalteco-oklahoma-busca-ayudar-a-migrantes","status":"publish","type":"post","link":"https:\/\/soymigrante.com\/revista\/el-comite-guatemalteco-oklahoma-busca-ayudar-a-migrantes\/","title":{"rendered":"El Comit\u00e9 Guatemalteco de Oklahoma busca servir a la comunidad y al pa\u00eds"},"content":{"rendered":"\t\t<div data-elementor-type=\"wp-post\" data-elementor-id=\"8024\" class=\"elementor elementor-8024\" data-elementor-post-type=\"post\">\n\t\t\t\t<div data-particle_enable=\"false\" data-particle-mobile-disabled=\"false\" class=\"elementor-element elementor-element-e6b6837 e-flex e-con-boxed e-con e-parent\" data-id=\"e6b6837\" data-element_type=\"container\" data-e-type=\"container\">\n\t\t\t\t\t<div class=\"e-con-inner\">\n\t\t\t\t<div class=\"elementor-element elementor-element-cf131b7 elementor-widget elementor-widget-heading\" data-id=\"cf131b7\" data-element_type=\"widget\" data-e-type=\"widget\" data-widget_type=\"heading.default\">\n\t\t\t\t\t<h2 class=\"elementor-heading-title elementor-size-default\">Impulsar apoyo a connacionales en Estados Unidos y causas ben\u00e9ficas en Guatemala es la finalidad de organizaci\u00f3n fundada hace 5 a\u00f1os en Oklahoma.<\/h2>\t\t\t\t<\/div>\n\t\t\t\t\t<\/div>\n\t\t\t\t<\/div>\n\t\t<div data-particle_enable=\"false\" data-particle-mobile-disabled=\"false\" class=\"elementor-element elementor-element-9a39856 e-flex e-con-boxed e-con e-parent\" data-id=\"9a39856\" data-element_type=\"container\" data-e-type=\"container\">\n\t\t\t\t\t<div class=\"e-con-inner\">\n\t\t\t\t<div class=\"elementor-element elementor-element-99d6e79 elementor-widget elementor-widget-text-editor\" data-id=\"99d6e79\" data-element_type=\"widget\" data-e-type=\"widget\" data-widget_type=\"text-editor.default\">\n\t\t\t\t\t\t\t\t\t<p>El Comit\u00e9 Guatemalteco Oklahoma es una organizaci\u00f3n que se ha formado y creciendo con los a\u00f1os, se han encargado de ayudar y brindar apoyo a cientos de guatemaltecos que han migrado a Estados Unidos.<\/p><p>Pero tambi\u00e9n es una de las impulsadoras para que los guatemaltecos se beneficien de ciertos programas en Estados Unidos.<\/p><p>Una vez m\u00e1s las organizaciones guatemaltecas impulsan otro esfuerzo para exigir a la administraci\u00f3n del presidente Joe Biden que apruebe un programa de Estatus de Protecci\u00f3n Temporal (TPS), en el que se ampare a las personas que est\u00e1n indocumentados en Estados Unidos, decisi\u00f3n que apoya el Comit\u00e9 Guatemalteco Oklahoma.<\/p>\t\t\t\t\t\t\t\t<\/div>\n\t\t\t\t\t<\/div>\n\t\t\t\t<\/div>\n\t\t<div data-particle_enable=\"false\" data-particle-mobile-disabled=\"false\" class=\"elementor-element elementor-element-c0633c7 e-flex e-con-boxed e-con e-parent\" data-id=\"c0633c7\" data-element_type=\"container\" data-e-type=\"container\">\n\t\t\t\t\t<div class=\"e-con-inner\">\n\t\t\t\t<div class=\"elementor-element elementor-element-ad043cf elementor-widget elementor-widget-facebook-embed\" data-id=\"ad043cf\" data-element_type=\"widget\" data-e-type=\"widget\" data-widget_type=\"facebook-embed.default\">\n\t\t\t\t\t<div style=\"min-height: 1px\" class=\"elementor-facebook-widget fb-post\" data-href=\"https:\/\/www.facebook.com\/photo\/?fbid=1005908364665051&#038;set=a.575248451064380\" data-show-text=\"false\"><\/div>\t\t\t\t<\/div>\n\t\t\t\t\t<\/div>\n\t\t\t\t<\/div>\n\t\t<div data-particle_enable=\"false\" data-particle-mobile-disabled=\"false\" class=\"elementor-element elementor-element-56f76ea e-flex e-con-boxed e-con e-parent\" data-id=\"56f76ea\" data-element_type=\"container\" data-e-type=\"container\">\n\t\t\t\t\t<div class=\"e-con-inner\">\n\t\t\t\t<div class=\"elementor-element elementor-element-f636f07 elementor-widget elementor-widget-text-editor\" data-id=\"f636f07\" data-element_type=\"widget\" data-e-type=\"widget\" data-widget_type=\"text-editor.default\">\n\t\t\t\t\t\t\t\t\t<p>Con este TPS los migrantes podr\u00e1n aplicar a programas de salud, mejores trabajos y los hijos de estos migrantes podr\u00edan tener opciones a estudiar en las universidades en Estados Unidos.<\/p><p>El Pew Research Center es un grupo de expertos estadounidense no partidista con sede en Washington, DC. Que proporciona informaci\u00f3n sobre temas sociales, opini\u00f3n p\u00fablica y tendencias demogr\u00e1ficas que configuran a los Estados Unidos y al mundo.<\/p>\t\t\t\t\t\t\t\t<\/div>\n\t\t\t\t\t<\/div>\n\t\t\t\t<\/div>\n\t\t<div data-particle_enable=\"false\" data-particle-mobile-disabled=\"false\" class=\"elementor-element elementor-element-0091303 e-flex e-con-boxed e-con e-parent\" data-id=\"0091303\" data-element_type=\"container\" data-e-type=\"container\">\n\t\t\t\t\t<div class=\"e-con-inner\">\n\t\t\t\t<div class=\"elementor-element elementor-element-f58421c elementor-widget elementor-widget-text-editor\" data-id=\"f58421c\" data-element_type=\"widget\" data-e-type=\"widget\" data-widget_type=\"text-editor.default\">\n\t\t\t\t\t\t\t\t\t<p>No te puedes perder: <a href=\"https:\/\/soymigrante.com\/revista\/joyas-mayas-migrantes-incensario-con-antepasado-y-concha-marina-en-baltimore\/\" target=\"_blank\" rel=\"noopener\">Joyas mayas migrantes: Incensario con antepasado y concha marina en Baltimore<\/a><\/p>\t\t\t\t\t\t\t\t<\/div>\n\t\t\t\t\t<\/div>\n\t\t\t\t<\/div>\n\t\t<div data-particle_enable=\"false\" data-particle-mobile-disabled=\"false\" class=\"elementor-element elementor-element-eb0e229 e-flex e-con-boxed e-con e-parent\" data-id=\"eb0e229\" data-element_type=\"container\" data-e-type=\"container\">\n\t\t\t\t\t<div class=\"e-con-inner\">\n\t\t\t\t<div class=\"elementor-element elementor-element-1d653a0 elementor-widget elementor-widget-text-editor\" data-id=\"1d653a0\" data-element_type=\"widget\" data-e-type=\"widget\" data-widget_type=\"text-editor.default\">\n\t\t\t\t\t\t\t\t\t<p>De acuerdo al Centro Pew, en el 2021 viv\u00edan 1.8 millones de personas de ascendencia guatemalteca en Estados Unidos, al menos 700 mil de ellos son personas indocumentadas. En el lapso de 21 a\u00f1os, entre 2000 y 2021, la poblaci\u00f3n guatemalteca creci\u00f3 un 336%. A principios del Siglo XXI eran tan solo 410,000 personas.<\/p><p>En el 2024\u00a0 el dato oficial que se tiene es que a aproximadamente 3.2 millones de guatemaltecos, son los que viven en Estados Unidos, la mitad de estos no cuentan con programas sociales, residencia o permiso para trabajar.\u00a0<\/p><p>Estas personas migrantes ahora se han unido para que en varios lugares se puedan firmar las solicitudes, una de las organizaciones que ha empezado con este apoyo y presionar hasta en los consulados para que se haga la gesti\u00f3n es el Comit\u00e9 Guatemalteco Oklahoma.<\/p>\t\t\t\t\t\t\t\t<\/div>\n\t\t\t\t<div class=\"elementor-element elementor-element-63452e4 elementor-widget elementor-widget-heading\" data-id=\"63452e4\" data-element_type=\"widget\" data-e-type=\"widget\" data-widget_type=\"heading.default\">\n\t\t\t\t\t<h3 class=\"elementor-heading-title elementor-size-default\">Comit\u00e9 de ayuda<\/h3>\t\t\t\t<\/div>\n\t\t\t\t\t<\/div>\n\t\t\t\t<\/div>\n\t\t<div data-particle_enable=\"false\" data-particle-mobile-disabled=\"false\" class=\"elementor-element elementor-element-683d45a e-flex e-con-boxed e-con e-parent\" data-id=\"683d45a\" data-element_type=\"container\" data-e-type=\"container\">\n\t\t\t\t\t<div class=\"e-con-inner\">\n\t\t\t\t<div class=\"elementor-element elementor-element-75e9f7c elementor-widget elementor-widget-text-editor\" data-id=\"75e9f7c\" data-element_type=\"widget\" data-e-type=\"widget\" data-widget_type=\"text-editor.default\">\n\t\t\t\t\t\t\t\t\t<p>Este comit\u00e9 no solo se dedica a hacer este tipo de gestiones, sino tambi\u00e9n ayudan a los ancianos de acilos que se encuentran en Guatemala.<\/p><p>Realizan donaciones a hogares de ni\u00f1os y principalmente ayudan con dinero y comida a quienes lo necesitan.<\/p><p>\u201cNosotros nos encargamos de ayudar a quienes lo necesitan, nuestro trabajo se basa en eso y porque sabemos lo dif\u00edcil que es a veces no tener nada\u201d, coment\u00f3 Miriam Tepe, una de las participantes en el comit\u00e9.<\/p>\t\t\t\t\t\t\t\t<\/div>\n\t\t\t\t\t<\/div>\n\t\t\t\t<\/div>\n\t\t<div data-particle_enable=\"false\" data-particle-mobile-disabled=\"false\" class=\"elementor-element elementor-element-dc91070 e-flex e-con-boxed e-con e-parent\" data-id=\"dc91070\" data-element_type=\"container\" data-e-type=\"container\">\n\t\t\t\t\t<div class=\"e-con-inner\">\n\t\t\t\t<div class=\"elementor-element elementor-element-887ddc5 elementor-widget elementor-widget-text-editor\" data-id=\"887ddc5\" data-element_type=\"widget\" data-e-type=\"widget\" data-widget_type=\"text-editor.default\">\n\t\t\t\t\t\t\t\t\t<p>Conoce m\u00e1s ac\u00e1: <a href=\"https:\/\/soymigrante.com\/revista\/recetas-chapinas-para-compartir-bunuelos-en-miel\/\" target=\"_blank\" rel=\"noopener\">Recetas chapinas para compartir: bu\u00f1uelos en miel<\/a><\/p>\t\t\t\t\t\t\t\t<\/div>\n\t\t\t\t\t<\/div>\n\t\t\t\t<\/div>\n\t\t<div data-particle_enable=\"false\" data-particle-mobile-disabled=\"false\" class=\"elementor-element elementor-element-8374dcf e-flex e-con-boxed e-con e-parent\" data-id=\"8374dcf\" data-element_type=\"container\" data-e-type=\"container\">\n\t\t\t\t\t<div class=\"e-con-inner\">\n\t\t\t\t<div class=\"elementor-element elementor-element-2442805 elementor-widget elementor-widget-text-editor\" data-id=\"2442805\" data-element_type=\"widget\" data-e-type=\"widget\" data-widget_type=\"text-editor.default\">\n\t\t\t\t\t\t\t\t\t<p>El comit\u00e9, adem\u00e1s, se encarga de recibir a los guatemaltecos que llegan a Estados Unidos, con la finalidad de que no se sientan solos y que sepan que tienen una comunidad que los apoyar\u00e1.<\/p><p>Este comit\u00e9 tiene m\u00e1s de cinco a\u00f1os de estar unidos y permanecer para ayuda de los dem\u00e1s.<\/p>\t\t\t\t\t\t\t\t<\/div>\n\t\t\t\t\t<\/div>\n\t\t\t\t<\/div>\n\t\t<div data-particle_enable=\"false\" data-particle-mobile-disabled=\"false\" class=\"elementor-element elementor-element-cd96071 e-flex e-con-boxed e-con e-parent\" data-id=\"cd96071\" data-element_type=\"container\" data-e-type=\"container\">\n\t\t\t\t\t<div class=\"e-con-inner\">\n\t\t\t\t<div class=\"elementor-element elementor-element-ce982ec elementor-widget elementor-widget-facebook-embed\" data-id=\"ce982ec\" data-element_type=\"widget\" data-e-type=\"widget\" data-widget_type=\"facebook-embed.default\">\n\t\t\t\t\t<div style=\"min-height: 1px\" class=\"elementor-facebook-widget fb-post\" data-href=\"https:\/\/www.facebook.com\/photo?fbid=473913072155739&#038;set=pcb.473913135489066\" data-show-text=\"false\"><\/div>\t\t\t\t<\/div>\n\t\t\t\t\t<\/div>\n\t\t\t\t<\/div>\n\t\t<div data-particle_enable=\"false\" data-particle-mobile-disabled=\"false\" class=\"elementor-element elementor-element-15b1e7c e-flex e-con-boxed e-con e-parent\" data-id=\"15b1e7c\" data-element_type=\"container\" data-e-type=\"container\">\n\t\t\t\t\t<div class=\"e-con-inner\">\n\t\t\t\t<div class=\"elementor-element elementor-element-b18aad7 elementor-widget elementor-widget-text-editor\" data-id=\"b18aad7\" data-element_type=\"widget\" data-e-type=\"widget\" data-widget_type=\"text-editor.default\">\n\t\t\t\t\t\t\t\t\t<p>Este comit\u00e9 est\u00e1 integrado por varios guatemaltecos, entre ellos, Mario Arenas como presidente, Rudy Barrios como vicepresidente, Lidia Monterroso como tesorera, Esly Peralta como secretaria.<\/p><p>Los dem\u00e1s integrantes son:<\/p><p>Miriam Tepe<br \/>Marlene Arenas <br \/>Hettel colmenares <br \/>Clara de Le\u00f3n <br \/>William Bonilla<br \/>Cluver Gir\u00f3n <br \/>Danilo Gramajo<br \/>Dionisio Monterroso <br \/>Valdemar Gramajo<\/p>\t\t\t\t\t\t\t\t<\/div>\n\t\t\t\t\t<\/div>\n\t\t\t\t<\/div>\n\t\t<div data-particle_enable=\"false\" data-particle-mobile-disabled=\"false\" class=\"elementor-element elementor-element-b834098 e-flex e-con-boxed e-con e-parent\" data-id=\"b834098\" data-element_type=\"container\" data-e-type=\"container\">\n\t\t\t\t\t<div class=\"e-con-inner\">\n\t\t\t\t<div class=\"elementor-element elementor-element-21d4065 elementor-widget elementor-widget-facebook-embed\" data-id=\"21d4065\" data-element_type=\"widget\" data-e-type=\"widget\" data-widget_type=\"facebook-embed.default\">\n\t\t\t\t\t<div style=\"min-height: 1px\" class=\"elementor-facebook-widget fb-post\" data-href=\"https:\/\/www.facebook.com\/photo\/?fbid=473848438828869&#038;set=a.119471797599870\" data-show-text=\"false\"><\/div>\t\t\t\t<\/div>\n\t\t\t\t\t<\/div>\n\t\t\t\t<\/div>\n\t\t<div data-particle_enable=\"false\" data-particle-mobile-disabled=\"false\" class=\"elementor-element elementor-element-537b999 e-flex e-con-boxed e-con e-parent\" data-id=\"537b999\" data-element_type=\"container\" data-e-type=\"container\">\n\t\t\t\t\t<div class=\"e-con-inner\">\n\t\t\t\t<div class=\"elementor-element elementor-element-09fb00f elementor-widget elementor-widget-facebook-embed\" data-id=\"09fb00f\" data-element_type=\"widget\" data-e-type=\"widget\" data-widget_type=\"facebook-embed.default\">\n\t\t\t\t\t<div style=\"min-height: 1px\" class=\"elementor-facebook-widget fb-post\" data-href=\"https:\/\/www.facebook.com\/100086111516140\/videos\/8144215862301749\" data-show-text=\"false\"><\/div>\t\t\t\t<\/div>\n\t\t\t\t\t<\/div>\n\t\t\t\t<\/div>\n\t\t<div data-particle_enable=\"false\" data-particle-mobile-disabled=\"false\" class=\"elementor-element elementor-element-e9f89bf e-flex e-con-boxed e-con e-parent\" data-id=\"e9f89bf\" data-element_type=\"container\" data-e-type=\"container\">\n\t\t\t\t\t<div class=\"e-con-inner\">\n\t\t\t\t<div class=\"elementor-element elementor-element-874256a elementor-widget elementor-widget-heading\" data-id=\"874256a\" data-element_type=\"widget\" data-e-type=\"widget\" data-widget_type=\"heading.default\">\n\t\t\t\t\t<h2 class=\"elementor-heading-title elementor-size-default\">Si\u00e9ntete orgulloso de Guatemala ac\u00e1...<\/h2>\t\t\t\t<\/div>\n\t\t\t\t\t<\/div>\n\t\t\t\t<\/div>\n\t\t<div data-particle_enable=\"false\" data-particle-mobile-disabled=\"false\" class=\"elementor-element elementor-element-f392f2c e-flex e-con-boxed e-con e-parent\" data-id=\"f392f2c\" data-element_type=\"container\" data-e-type=\"container\">\n\t\t\t\t\t<div class=\"e-con-inner\">\n\t\t\t\t<div class=\"elementor-element elementor-element-0ba9feb elementor-widget elementor-widget-blfe-post-grid\" data-id=\"0ba9feb\" data-element_type=\"widget\" data-e-type=\"widget\" data-settings=\"{&quot;columns&quot;:&quot;3&quot;,&quot;columns_tablet&quot;:&quot;6&quot;,&quot;columns_mobile&quot;:&quot;12&quot;,&quot;hero1_layout_column_gap&quot;:{&quot;unit&quot;:&quot;px&quot;,&quot;size&quot;:30,&quot;sizes&quot;:[]},&quot;hero1_layout_column_gap_tablet&quot;:{&quot;unit&quot;:&quot;px&quot;,&quot;size&quot;:&quot;&quot;,&quot;sizes&quot;:[]},&quot;hero1_layout_column_gap_mobile&quot;:{&quot;unit&quot;:&quot;px&quot;,&quot;size&quot;:&quot;&quot;,&quot;sizes&quot;:[]},&quot;hero1_layout_row_gap&quot;:{&quot;unit&quot;:&quot;px&quot;,&quot;size&quot;:30,&quot;sizes&quot;:[]},&quot;hero1_layout_row_gap_tablet&quot;:{&quot;unit&quot;:&quot;px&quot;,&quot;size&quot;:&quot;&quot;,&quot;sizes&quot;:[]},&quot;hero1_layout_row_gap_mobile&quot;:{&quot;unit&quot;:&quot;px&quot;,&quot;size&quot;:&quot;&quot;,&quot;sizes&quot;:[]}}\" data-widget_type=\"blfe-post-grid.hero1\">\n\t\t\t\t<div class=\"elementor-widget-container\">\n\t\t\t\t\t\n                        <div class=\"blfe-post-grid-container \">\n            \n                <div data-skin=\"hero1\" class=\"blfe-row blfe-posts-inner blfe-hero1 blfe-posts-inner blfe-col-3 blfe-col-tab-6 blfe-col-mob-12     \">\n                            <div class=\"blfe-post-grid-item\">\n            <div class=\"blfe-post-grid-item-inner blfe-modern-zoom\">\n                        <div class=\"blfe-post-grid-bg-image\">\n            <a class=\"blfe-post-grid-image-inner\" href=\"https:\/\/soymigrante.com\/revista\/tamal-guatemalteco-sabor-dentro-guatemala-migrante-estados-unidos\/\" title=\"El tamal: sabor migrante que acompa\u00f1a la Navidad lejos de Guatemala\" rel=\"nofollow\" target=\"_blank\"><img decoding=\"async\" src=\"https:\/\/soymigrante.com\/revista\/wp-content\/uploads\/2023\/12\/WhatsApp-Image-2023-12-23-at-4.20.00-PM.webp\" alt=\"El tamal: sabor migrante que acompa\u00f1a la Navidad lejos de Guatemala\"\/><\/a>        <\/div>\n                        <div class=\"blfe-post-grid-details\">\n                    <div class=\"blfe-post-grid-details-inner\">\n                        <span class=\"blfe-post-category\"><a href=\"https:\/\/soymigrante.com\/revista\/category\/guate-nuestra\/\">Guate Nuestra<\/a><\/span>                        <h3 class=\"blfe-post-grid-title\">\n            <a href=\"https:\/\/soymigrante.com\/revista\/tamal-guatemalteco-sabor-dentro-guatemala-migrante-estados-unidos\/\" title=\"El tamal: sabor migrante que acompa\u00f1a la Navidad lejos de Guatemala\" rel=\"nofollow\" target=\"_blank\">El tamal: sabor migrante que acompa\u00f1a la Navidad lejos de Guatemala<\/a>\n            <\/h3>                                                            <div class=\"blfe-post-grid-meta\">\n                <span class=\"blfe-post-grid-time\"><i class=\"fas fa-book-reader\"><\/i>3 Min read<\/span>            <\/div>\n                                                        <\/div>\n                <\/div>\n\n            <\/div>\n        <\/div>\n                <div class=\"blfe-post-grid-item\">\n            <div class=\"blfe-post-grid-item-inner blfe-modern-zoom\">\n                        <div class=\"blfe-post-grid-bg-image\">\n            <a class=\"blfe-post-grid-image-inner\" href=\"https:\/\/soymigrante.com\/revista\/emprendedora-lilia-rojas-elabora-joyas-con-creatividad-marca-livero\/\" title=\"Emprendedora Lilia Rojas libera su creatividad con joyas artesanales Livero\" rel=\"nofollow\" target=\"_blank\"><img decoding=\"async\" src=\"https:\/\/soymigrante.com\/revista\/wp-content\/uploads\/2024\/11\/livero-lilia-rojas.webp\" alt=\"Emprendedora Lilia Rojas libera su creatividad con joyas artesanales Livero\"\/><\/a>        <\/div>\n                        <div class=\"blfe-post-grid-details\">\n                    <div class=\"blfe-post-grid-details-inner\">\n                        <span class=\"blfe-post-category\"><a href=\"https:\/\/soymigrante.com\/revista\/category\/guate-nuestra\/\">Guate Nuestra<\/a><\/span>                        <h3 class=\"blfe-post-grid-title\">\n            <a href=\"https:\/\/soymigrante.com\/revista\/emprendedora-lilia-rojas-elabora-joyas-con-creatividad-marca-livero\/\" title=\"Emprendedora Lilia Rojas libera su creatividad con joyas artesanales Livero\" rel=\"nofollow\" target=\"_blank\">Emprendedora Lilia Rojas libera su creatividad con joyas artesanales Livero<\/a>\n            <\/h3>                                                            <div class=\"blfe-post-grid-meta\">\n                <span class=\"blfe-post-grid-time\"><i class=\"fas fa-book-reader\"><\/i>4 Min read<\/span>            <\/div>\n                                                        <\/div>\n                <\/div>\n\n            <\/div>\n        <\/div>\n                <div class=\"blfe-post-grid-item\">\n            <div class=\"blfe-post-grid-item-inner blfe-modern-zoom\">\n                        <div class=\"blfe-post-grid-bg-image\">\n            <a class=\"blfe-post-grid-image-inner\" href=\"https:\/\/soymigrante.com\/revista\/que-horas-son-en-guatemala-que-hora-es-en-guatemala-horario\/\" title=\"\u00bfQu\u00e9 horas son en Guatemala? M\u00edralo aqu\u00ed\" rel=\"nofollow\" target=\"_blank\"><img decoding=\"async\" src=\"https:\/\/soymigrante.com\/revista\/wp-content\/uploads\/2026\/03\/que-horas-son-en-guatemala-reloj-arco-santa-catalina.jpg\" alt=\"\u00bfQu\u00e9 horas son en Guatemala? M\u00edralo aqu\u00ed\"\/><\/a>        <\/div>\n                        <div class=\"blfe-post-grid-details\">\n                    <div class=\"blfe-post-grid-details-inner\">\n                        <span class=\"blfe-post-category\"><a href=\"https:\/\/soymigrante.com\/revista\/category\/guate-nuestra\/\">Guate Nuestra<\/a><\/span>                        <h3 class=\"blfe-post-grid-title\">\n            <a href=\"https:\/\/soymigrante.com\/revista\/que-horas-son-en-guatemala-que-hora-es-en-guatemala-horario\/\" title=\"\u00bfQu\u00e9 horas son en Guatemala? M\u00edralo aqu\u00ed\" rel=\"nofollow\" target=\"_blank\">\u00bfQu\u00e9 horas son en Guatemala? M\u00edralo aqu\u00ed<\/a>\n            <\/h3>                                                            <div class=\"blfe-post-grid-meta\">\n                <span class=\"blfe-post-grid-time\"><i class=\"fas fa-book-reader\"><\/i>2 Min read<\/span>            <\/div>\n                                                        <\/div>\n                <\/div>\n\n            <\/div>\n        <\/div>\n                        <\/div>\n\n                        <\/div>\n            \n                        <div class=\"blfe-post-footer\">\n                        <\/div>\n            \t\t\t\t<\/div>\n\t\t\t\t<\/div>\n\t\t\t\t\t<\/div>\n\t\t\t\t<\/div>\n\t\t\t\t<\/div>\n\t\t","protected":false},"excerpt":{"rendered":"<p>Impulsar apoyo a connacionales en Estados Unidos y causas ben\u00e9ficas en Guatemala es la finalidad de organizaci\u00f3n fundada hace 5 a\u00f1os en Oklahoma. El Comit\u00e9 Guatemalteco Oklahoma es una organizaci\u00f3n que se ha formado y creciendo con los a\u00f1os, se han encargado de ayudar y brindar apoyo a cientos de guatemaltecos que han migrado a [&hellip;]<\/p>\n","protected":false},"author":19,"featured_media":8025,"comment_status":"open","ping_status":"open","sticky":false,"template":"","format":"standard","meta":{"_acf_changed":false,"_eb_attr":"","footnotes":""},"categories":[54],"tags":[],"class_list":["post-8024","post","type-post","status-publish","format-standard","has-post-thumbnail","hentry","category-estamos-unidos"],"acf":[],"aioseo_notices":[],"aioseo_head":"\n\t\t<!-- All in One SEO Pro 4.9.6.2 - aioseo.com -->\n\t<meta name=\"description\" content=\"Consulta aqu\u00ed la hora de Guatemala y la de Centro Am\u00e9rica. Es la misma porque comparten huso horario GMT-6 Tambi\u00e9n mira la hora en otros lugares del mundo.\" \/>\n\t<meta name=\"robots\" content=\"max-snippet:-1, max-image-preview:large, max-video-preview:-1\" \/>\n\t<meta name=\"author\" content=\"SoyMigrante.com REVISTA\"\/>\n\t<link rel=\"canonical\" href=\"https:\/\/soymigrante.com\/revista\/que-horas-son-en-guatemala-que-hora-es-en-guatemala-horario\/\" \/>\n\t<meta name=\"generator\" content=\"All in One SEO Pro (AIOSEO) 4.9.6.2\" \/>\n\n\t\t<link rel=\"preconnect\" href=\"https:\/\/fonts.googleapis.com\" crossorigin>\n<link rel=\"preconnect\" href=\"https:\/\/fonts.gstatic.com\" crossorigin>\n\t\t<meta property=\"og:locale\" content=\"es_ES\" \/>\n\t\t<meta property=\"og:site_name\" content=\"SoyMigrante.com REVISTA \u2013 Nuestra misi\u00f3n es reconocer y dignificar al migrante.\" \/>\n\t\t<meta property=\"og:type\" content=\"article\" \/>\n\t\t<meta property=\"og:title\" content=\"\u00bfQu\u00e9 horas son en Guatemala? M\u00edralo aqu\u00ed\" \/>\n\t\t<meta property=\"og:description\" content=\"Consulta aqu\u00ed la hora de Guatemala y la de Centro Am\u00e9rica. Es la misma porque comparten huso horario GMT-6 Tambi\u00e9n mira la hora en otros lugares del mundo.\" \/>\n\t\t<meta property=\"og:url\" content=\"https:\/\/soymigrante.com\/revista\/que-horas-son-en-guatemala-que-hora-es-en-guatemala-horario\/\" \/>\n\t\t<meta property=\"og:image\" content=\"https:\/\/soymigrante.com\/revista\/wp-content\/uploads\/2026\/03\/que-horas-son-en-guatemala-reloj-arco-santa-catalina.jpg\" \/>\n\t\t<meta property=\"og:image:secure_url\" content=\"https:\/\/soymigrante.com\/revista\/wp-content\/uploads\/2026\/03\/que-horas-son-en-guatemala-reloj-arco-santa-catalina.jpg\" \/>\n\t\t<meta property=\"og:image:width\" content=\"1826\" \/>\n\t\t<meta property=\"og:image:height\" content=\"1826\" \/>\n\t\t<meta property=\"article:published_time\" content=\"2026-03-11T16:54:46+00:00\" \/>\n\t\t<meta property=\"article:modified_time\" content=\"2026-03-11T16:55:07+00:00\" \/>\n\t\t<meta property=\"article:publisher\" content=\"https:\/\/www.facebook.com\/soymigrantecom\" \/>\n\t\t<meta name=\"twitter:card\" content=\"summary_large_image\" \/>\n\t\t<meta name=\"twitter:site\" content=\"@SoyMigrante_com\" \/>\n\t\t<meta name=\"twitter:title\" content=\"\u00bfQu\u00e9 horas son en Guatemala? M\u00edralo aqu\u00ed\" \/>\n\t\t<meta name=\"twitter:description\" content=\"Consulta aqu\u00ed la hora de Guatemala y la de Centro Am\u00e9rica. Es la misma porque comparten huso horario GMT-6 Tambi\u00e9n mira la hora en otros lugares del mundo.\" \/>\n\t\t<meta name=\"twitter:creator\" content=\"@SoyMigrante_com\" \/>\n\t\t<meta name=\"twitter:image\" content=\"https:\/\/soymigrante.com\/revista\/wp-content\/uploads\/2026\/03\/que-horas-son-en-guatemala-reloj-arco-santa-catalina.jpg\" \/>\n\t\t<!-- All in One SEO Pro -->\r\n\t\t<title>\u00bfQu\u00e9 horas son en Guatemala? M\u00edralo aqu\u00ed<\/title>\n\n","aioseo_head_json":{"title":"\u00bfQu\u00e9 horas son en Guatemala? M\u00edralo aqu\u00ed","description":"Consulta aqu\u00ed la hora de Guatemala y la de Centro Am\u00e9rica. Es la misma porque comparten huso horario GMT-6 Tambi\u00e9n mira la hora en otros lugares del mundo.","canonical_url":"https:\/\/soymigrante.com\/revista\/que-horas-son-en-guatemala-que-hora-es-en-guatemala-horario\/","robots":"max-snippet:-1, max-image-preview:large, max-video-preview:-1","keywords":"","webmasterTools":{"miscellaneous":"&lt;link rel=\"preconnect\" href=\"https:\/\/fonts.googleapis.com\" crossorigin&gt;\n&lt;link rel=\"preconnect\" href=\"https:\/\/fonts.gstatic.com\" crossorigin&gt;"},"schema":null,"og:locale":"es_ES","og:site_name":"SoyMigrante.com REVISTA \u2013 Nuestra misi\u00f3n es reconocer y dignificar al migrante.","og:type":"article","og:title":"\u00bfQu\u00e9 horas son en Guatemala? M\u00edralo aqu\u00ed","og:description":"Consulta aqu\u00ed la hora de Guatemala y la de Centro Am\u00e9rica. Es la misma porque comparten huso horario GMT-6 Tambi\u00e9n mira la hora en otros lugares del mundo.","og:url":"https:\/\/soymigrante.com\/revista\/que-horas-son-en-guatemala-que-hora-es-en-guatemala-horario\/","og:image":"https:\/\/soymigrante.com\/revista\/wp-content\/uploads\/2026\/03\/que-horas-son-en-guatemala-reloj-arco-santa-catalina.jpg","og:image:secure_url":"https:\/\/soymigrante.com\/revista\/wp-content\/uploads\/2026\/03\/que-horas-son-en-guatemala-reloj-arco-santa-catalina.jpg","og:image:width":1826,"og:image:height":1826,"article:published_time":"2026-03-11T16:54:46+00:00","article:modified_time":"2026-03-11T16:55:07+00:00","article:publisher":"https:\/\/www.facebook.com\/soymigrantecom","twitter:card":"summary_large_image","twitter:site":"@SoyMigrante_com","twitter:title":"\u00bfQu\u00e9 horas son en Guatemala? M\u00edralo aqu\u00ed","twitter:description":"Consulta aqu\u00ed la hora de Guatemala y la de Centro Am\u00e9rica. Es la misma porque comparten huso horario GMT-6 Tambi\u00e9n mira la hora en otros lugares del mundo.","twitter:creator":"@SoyMigrante_com","twitter:image":"https:\/\/soymigrante.com\/revista\/wp-content\/uploads\/2026\/03\/que-horas-son-en-guatemala-reloj-arco-santa-catalina.jpg"},"aioseo_meta_data":{"post_id":"8024","title":null,"description":"El comit\u00e9 guatemalteco de Oklahoma se ha encargado de albergar y dar apoyo a los migrantes que se han ido de Guatemala.","keywords":null,"keyphrases":{"focus":{"keyphrase":"migrantes","score":65,"analysis":{"keyphraseInTitle":{"score":3,"maxScore":9,"error":1},"keyphraseInDescription":{"score":9,"maxScore":9,"error":0},"keyphraseLength":{"score":9,"maxScore":9,"error":0,"length":1},"keyphraseInURL":{"score":5,"maxScore":5,"error":0},"keyphraseInIntroduction":{"score":3,"maxScore":9,"error":1},"keyphraseInSubHeadings":{"score":3,"maxScore":9,"error":1},"keyphraseInImageAlt":{"score":3,"maxScore":9,"error":1},"keywordDensity":{"type":"best","score":9,"maxScore":9,"error":0}}},"additional":[{"keyphrase":"migrantes","score":73,"analysis":{"keyphraseInDescription":{"score":9,"maxScore":9,"error":0},"keyphraseLength":{"score":9,"maxScore":9,"error":0,"length":1},"keyphraseInIntroduction":{"score":3,"maxScore":9,"error":1},"keyphraseInImageAlt":{"score":3,"maxScore":9,"error":1},"keywordDensity":{"type":"best","score":9,"maxScore":9,"error":0}}}]},"primary_term":null,"canonical_url":null,"og_title":null,"og_description":null,"og_object_type":"default","og_image_type":"default","og_image_url":null,"og_image_width":null,"og_image_height":null,"og_image_custom_url":null,"og_image_custom_fields":null,"og_video":"","og_custom_url":null,"og_article_section":null,"og_article_tags":null,"twitter_use_og":false,"twitter_card":"default","twitter_image_type":"default","twitter_image_url":null,"twitter_image_custom_url":null,"twitter_image_custom_fields":null,"twitter_title":null,"twitter_description":null,"schema":{"blockGraphs":[],"customGraphs":[],"default":{"data":{"Article":[],"Course":[],"Dataset":[],"FAQPage":[],"Movie":[],"Person":[],"Product":[],"ProductReview":[],"Car":[],"Recipe":[],"Service":[],"SoftwareApplication":[],"WebPage":[]},"graphName":"Article","isEnabled":true},"graphs":[]},"schema_type":"default","schema_type_options":null,"pillar_content":false,"robots_default":true,"robots_noindex":false,"robots_noarchive":false,"robots_nosnippet":false,"robots_nofollow":false,"robots_noimageindex":false,"robots_noodp":false,"robots_notranslate":false,"robots_max_snippet":"-1","robots_max_videopreview":"-1","robots_max_imagepreview":"large","priority":null,"frequency":"default","local_seo":null,"seo_analyzer_scan_date":"2025-10-08 22:33:12","breadcrumb_settings":null,"limit_modified_date":false,"reviewed_by":null,"open_ai":"{\"title\":{\"suggestions\":[],\"usage\":0},\"description\":{\"suggestions\":[],\"usage\":0}}","ai":null,"created":"2024-08-13 16:56:42","updated":"2026-02-04 12:35:45"},"aioseo_breadcrumb":"<div class=\"aioseo-breadcrumbs\"><span class=\"aioseo-breadcrumb\">\n\t<a href=\"https:\/\/soymigrante.com\/revista\" title=\"Home\">Home<\/a>\n<\/span><span class=\"aioseo-breadcrumb-separator\">\u00bb<\/span><span class=\"aioseo-breadcrumb\">\n\t<a href=\"https:\/\/soymigrante.com\/revista\/category\/estamos-unidos\/\" title=\"Estamos Unidos\">Estamos Unidos<\/a>\n<\/span><span class=\"aioseo-breadcrumb-separator\">\u00bb<\/span><span class=\"aioseo-breadcrumb\">\n\tEl Comit\u00e9 Guatemalteco de Oklahoma busca servir a la comunidad y al pa\u00eds\n<\/span><\/div>","aioseo_breadcrumb_json":[{"label":"Home","link":"https:\/\/soymigrante.com\/revista"},{"label":"Estamos Unidos","link":"https:\/\/soymigrante.com\/revista\/category\/estamos-unidos\/"},{"label":"El Comit\u00e9 Guatemalteco de Oklahoma busca servir a la comunidad y al pa\u00eds","link":"https:\/\/soymigrante.com\/revista\/el-comite-guatemalteco-oklahoma-busca-ayudar-a-migrantes\/"}],"_links":{"self":[{"href":"https:\/\/soymigrante.com\/revista\/wp-json\/wp\/v2\/posts\/8024","targetHints":{"allow":["GET"]}}],"collection":[{"href":"https:\/\/soymigrante.com\/revista\/wp-json\/wp\/v2\/posts"}],"about":[{"href":"https:\/\/soymigrante.com\/revista\/wp-json\/wp\/v2\/types\/post"}],"author":[{"embeddable":true,"href":"https:\/\/soymigrante.com\/revista\/wp-json\/wp\/v2\/users\/19"}],"replies":[{"embeddable":true,"href":"https:\/\/soymigrante.com\/revista\/wp-json\/wp\/v2\/comments?post=8024"}],"version-history":[{"count":0,"href":"https:\/\/soymigrante.com\/revista\/wp-json\/wp\/v2\/posts\/8024\/revisions"}],"wp:featuredmedia":[{"embeddable":true,"href":"https:\/\/soymigrante.com\/revista\/wp-json\/wp\/v2\/media\/8025"}],"wp:attachment":[{"href":"https:\/\/soymigrante.com\/revista\/wp-json\/wp\/v2\/media?parent=8024"}],"wp:term":[{"taxonomy":"category","embeddable":true,"href":"https:\/\/soymigrante.com\/revista\/wp-json\/wp\/v2\/categories?post=8024"},{"taxonomy":"post_tag","embeddable":true,"href":"https:\/\/soymigrante.com\/revista\/wp-json\/wp\/v2\/tags?post=8024"}],"curies":[{"name":"wp","href":"https:\/\/api.w.org\/{rel}","templated":true}]}}