{"id":8017,"date":"2024-08-16T09:45:11","date_gmt":"2024-08-16T15:45:11","guid":{"rendered":"https:\/\/soymigrante.com\/revista\/?p=8017"},"modified":"2024-08-19T09:39:39","modified_gmt":"2024-08-19T15:39:39","slug":"recetas-chapinas-asi-se-preparan-los-deliciosos-alborotos","status":"publish","type":"post","link":"https:\/\/soymigrante.com\/revista\/recetas-chapinas-asi-se-preparan-los-deliciosos-alborotos\/","title":{"rendered":"Recetas chapinas : As\u00ed se preparan los deliciosos alborotos"},"content":{"rendered":"\t\t<div data-elementor-type=\"wp-post\" data-elementor-id=\"8017\" class=\"elementor elementor-8017\" data-elementor-post-type=\"post\">\n\t\t\t\t<div data-particle_enable=\"false\" data-particle-mobile-disabled=\"false\" class=\"elementor-element elementor-element-643f350 e-flex e-con-boxed e-con e-parent\" data-id=\"643f350\" data-element_type=\"container\" data-e-type=\"container\">\n\t\t\t\t\t<div class=\"e-con-inner\">\n\t\t\t\t<div class=\"elementor-element elementor-element-6d5db5b elementor-widget elementor-widget-heading\" data-id=\"6d5db5b\" data-element_type=\"widget\" data-e-type=\"widget\" data-widget_type=\"heading.default\">\n\t\t\t\t\t<h2 class=\"elementor-heading-title elementor-size-default\">Tienen un nombre divertido, que sin duda se relaciona con su car\u00e1cter de aglomeraci\u00f3n de peque\u00f1as palomitas de maicillo. Es un dulce t\u00edpico guatemalteco caracter\u00edstico de las fiestas patronales.<\/h2>\t\t\t\t<\/div>\n\t\t\t\t\t<\/div>\n\t\t\t\t<\/div>\n\t\t<div data-particle_enable=\"false\" data-particle-mobile-disabled=\"false\" class=\"elementor-element elementor-element-495dfc8 e-flex e-con-boxed e-con e-parent\" data-id=\"495dfc8\" data-element_type=\"container\" data-e-type=\"container\">\n\t\t\t\t\t<div class=\"e-con-inner\">\n\t\t\t\t<div class=\"elementor-element elementor-element-2cd5261 elementor-widget elementor-widget-text-editor\" data-id=\"2cd5261\" data-element_type=\"widget\" data-e-type=\"widget\" data-widget_type=\"text-editor.default\">\n\t\t\t\t\t\t\t\t\t<p>El alboroto es un dulce que le da un distintivo a este tipo de celebraciones debido a su peculiar forma y a su colorido. Suelen venir en bolsitas de cuatro a seis unidades y constituyen pr\u00e1cticamente una de las golosinas de feria m\u00e1s nutritivas.<\/p><p>Su lugar de fabricaci\u00f3n suele ser Quetzaltenango o Totonicap\u00e1n, aunque tambi\u00e9n en el Oriente guatemalteco hay algunos peque\u00f1os fabricantes.<\/p>\t\t\t\t\t\t\t\t<\/div>\n\t\t\t\t\t<\/div>\n\t\t\t\t<\/div>\n\t\t<div data-particle_enable=\"false\" data-particle-mobile-disabled=\"false\" class=\"elementor-element elementor-element-2eee1e9 e-flex e-con-boxed e-con e-parent\" data-id=\"2eee1e9\" data-element_type=\"container\" data-e-type=\"container\">\n\t\t\t\t\t<div class=\"e-con-inner\">\n\t\t\t\t<div class=\"elementor-element elementor-element-f38455e elementor-widget elementor-widget-heading\" data-id=\"f38455e\" data-element_type=\"widget\" data-e-type=\"widget\" data-widget_type=\"heading.default\">\n\t\t\t\t\t<h3 class=\"elementor-heading-title elementor-size-default\">Receta para hacer alboroto guatemalteco<\/h3>\t\t\t\t<\/div>\n\t\t\t\t\t<\/div>\n\t\t\t\t<\/div>\n\t\t<div data-particle_enable=\"false\" data-particle-mobile-disabled=\"false\" class=\"elementor-element elementor-element-a8554ae e-flex e-con-boxed e-con e-parent\" data-id=\"a8554ae\" data-element_type=\"container\" data-e-type=\"container\">\n\t\t\t\t\t<div class=\"e-con-inner\">\n\t\t\t\t<div class=\"elementor-element elementor-element-5336aa1 elementor-widget elementor-widget-text-editor\" data-id=\"5336aa1\" data-element_type=\"widget\" data-e-type=\"widget\" data-widget_type=\"text-editor.default\">\n\t\t\t\t\t\t\t\t\t<p><strong>Ingredientes para hacer alboroto guatemalteco<\/strong><br \/>1 libra de maicillo.<br \/>1\/2 trozo de panela.<br \/>2 onzas de miel.<br \/>Agua.<\/p>\t\t\t\t\t\t\t\t<\/div>\n\t\t\t\t\t<\/div>\n\t\t\t\t<\/div>\n\t\t<div data-particle_enable=\"false\" data-particle-mobile-disabled=\"false\" class=\"elementor-element elementor-element-a50b1ab e-flex e-con-boxed e-con e-parent\" data-id=\"a50b1ab\" data-element_type=\"container\" data-e-type=\"container\">\n\t\t\t\t\t<div class=\"e-con-inner\">\n\t\t\t\t<div class=\"elementor-element elementor-element-734204e elementor-widget elementor-widget-image\" data-id=\"734204e\" data-element_type=\"widget\" data-e-type=\"widget\" data-widget_type=\"image.default\">\n\t\t\t\t\t\t\t\t\t\t\t\t\t\t\t<img fetchpriority=\"high\" decoding=\"async\" width=\"768\" height=\"512\" src=\"https:\/\/soymigrante.com\/revista\/wp-content\/uploads\/2024\/08\/Alboroto-guatemalteco-2.webp\" class=\"attachment-large size-large wp-image-8019\" alt=\"Alto: Corporetes bolas de dulce de colores vibrantes en una bandeja de madera, con envoltorios coloridos a un lado, ideales para disfrutar en celebraciones y eventos tradicionales mexicanas.\" srcset=\"https:\/\/soymigrante.com\/revista\/wp-content\/uploads\/2024\/08\/Alboroto-guatemalteco-2.webp 768w, https:\/\/soymigrante.com\/revista\/wp-content\/uploads\/2024\/08\/Alboroto-guatemalteco-2-300x200.webp 300w, https:\/\/soymigrante.com\/revista\/wp-content\/uploads\/2024\/08\/Alboroto-guatemalteco-2-750x500.webp 750w\" sizes=\"(max-width: 768px) 100vw, 768px\" title=\"Alboroto guatemalteco 2 \u2013 SoyMigrante.com REVISTA\" \/>\t\t\t\t\t\t\t\t\t\t\t\t\t\t\t<\/div>\n\t\t\t\t\t<\/div>\n\t\t\t\t<\/div>\n\t\t<div data-particle_enable=\"false\" data-particle-mobile-disabled=\"false\" class=\"elementor-element elementor-element-c545e87 e-flex e-con-boxed e-con e-parent\" data-id=\"c545e87\" data-element_type=\"container\" data-e-type=\"container\">\n\t\t\t\t\t<div class=\"e-con-inner\">\n\t\t\t\t<div class=\"elementor-element elementor-element-f58000c elementor-widget elementor-widget-text-editor\" data-id=\"f58000c\" data-element_type=\"widget\" data-e-type=\"widget\" data-widget_type=\"text-editor.default\">\n\t\t\t\t\t\t\t\t\t<p><strong>Preparaci\u00f3n<\/strong><\/p><p>El primer paso para preparar este dulce t\u00edpico es lavar y secar muy bien el maicillo.<br \/>Colocar el maicillo en un sart\u00e9n con tapadera, a fuego lento hasta tostar y que el maicillo reviente.<br \/>Colocar en una olla aparte 1\/2 taza de agua, la panela rallada, la miel y cocinar a fuego lento hasta que la mezcla se encuentre en punto de hilo.<br \/>Dejar enfriar la mezcla.<br \/>Agregar el maicillo a la mezcla, tomar porciones medianas y dar la forma deseada.<br \/>Por \u00faltimo, se le puede agregar colorante de cocina si se desea.<\/p>\t\t\t\t\t\t\t\t<\/div>\n\t\t\t\t\t<\/div>\n\t\t\t\t<\/div>\n\t\t<div data-particle_enable=\"false\" data-particle-mobile-disabled=\"false\" class=\"elementor-element elementor-element-88d4b57 e-flex e-con-boxed e-con e-parent\" data-id=\"88d4b57\" data-element_type=\"container\" data-e-type=\"container\">\n\t\t\t\t\t<div class=\"e-con-inner\">\n\t\t\t\t<div class=\"elementor-element elementor-element-5859de4 elementor-widget elementor-widget-facebook-embed\" data-id=\"5859de4\" data-element_type=\"widget\" data-e-type=\"widget\" data-widget_type=\"facebook-embed.default\">\n\t\t\t\t\t<div style=\"min-height: 1px\" class=\"elementor-facebook-widget fb-post\" data-href=\"https:\/\/www.facebook.com\/watch\/?mibextid=oFDknk&#038;v=838184221788262&#038;rdid=2CJPXcgBYLTw1yz6\" data-show-text=\"false\"><\/div>\t\t\t\t<\/div>\n\t\t\t\t\t<\/div>\n\t\t\t\t<\/div>\n\t\t<div data-particle_enable=\"false\" data-particle-mobile-disabled=\"false\" class=\"elementor-element elementor-element-8133a79 e-flex e-con-boxed e-con e-parent\" data-id=\"8133a79\" data-element_type=\"container\" data-e-type=\"container\">\n\t\t\t\t\t<div class=\"e-con-inner\">\n\t\t\t\t<div class=\"elementor-element elementor-element-e9b98f1 elementor-widget elementor-widget-heading\" data-id=\"e9b98f1\" data-element_type=\"widget\" data-e-type=\"widget\" data-widget_type=\"heading.default\">\n\t\t\t\t\t<h2 class=\"elementor-heading-title elementor-size-default\">Conoce m\u00e1s de Guatemala ac\u00e1...<\/h2>\t\t\t\t<\/div>\n\t\t\t\t\t<\/div>\n\t\t\t\t<\/div>\n\t\t<div data-particle_enable=\"false\" data-particle-mobile-disabled=\"false\" class=\"elementor-element elementor-element-30a8f26 e-flex e-con-boxed e-con e-parent\" data-id=\"30a8f26\" data-element_type=\"container\" data-e-type=\"container\">\n\t\t\t\t\t<div class=\"e-con-inner\">\n\t\t\t\t<div class=\"elementor-element elementor-element-a98dd62 elementor-widget elementor-widget-blfe-post-grid\" data-id=\"a98dd62\" data-element_type=\"widget\" data-e-type=\"widget\" data-settings=\"{&quot;columns&quot;:&quot;3&quot;,&quot;columns_tablet&quot;:&quot;6&quot;,&quot;columns_mobile&quot;:&quot;12&quot;,&quot;hero1_layout_column_gap&quot;:{&quot;unit&quot;:&quot;px&quot;,&quot;size&quot;:30,&quot;sizes&quot;:[]},&quot;hero1_layout_column_gap_tablet&quot;:{&quot;unit&quot;:&quot;px&quot;,&quot;size&quot;:&quot;&quot;,&quot;sizes&quot;:[]},&quot;hero1_layout_column_gap_mobile&quot;:{&quot;unit&quot;:&quot;px&quot;,&quot;size&quot;:&quot;&quot;,&quot;sizes&quot;:[]},&quot;hero1_layout_row_gap&quot;:{&quot;unit&quot;:&quot;px&quot;,&quot;size&quot;:30,&quot;sizes&quot;:[]},&quot;hero1_layout_row_gap_tablet&quot;:{&quot;unit&quot;:&quot;px&quot;,&quot;size&quot;:&quot;&quot;,&quot;sizes&quot;:[]},&quot;hero1_layout_row_gap_mobile&quot;:{&quot;unit&quot;:&quot;px&quot;,&quot;size&quot;:&quot;&quot;,&quot;sizes&quot;:[]}}\" data-widget_type=\"blfe-post-grid.hero1\">\n\t\t\t\t<div class=\"elementor-widget-container\">\n\t\t\t\t\t\n                        <div class=\"blfe-post-grid-container \">\n            \n                <div data-skin=\"hero1\" class=\"blfe-row blfe-posts-inner blfe-hero1 blfe-posts-inner blfe-col-3 blfe-col-tab-6 blfe-col-mob-12     \">\n                            <div class=\"blfe-post-grid-item\">\n            <div class=\"blfe-post-grid-item-inner blfe-modern-zoom\">\n                        <div class=\"blfe-post-grid-bg-image\">\n            <a class=\"blfe-post-grid-image-inner\" href=\"https:\/\/soymigrante.com\/revista\/fiestas-patronales-en-julio-estas-son-las-celebraciones-guatemala\/\" title=\"Ferias patronales en Guatemala durante el mes de julio\" rel=\"nofollow\" target=\"_blank\"><img decoding=\"async\" src=\"https:\/\/soymigrante.com\/revista\/wp-content\/uploads\/2025\/05\/FIestas-patronales-e1748456171528.webp\" alt=\"Ferias patronales en Guatemala durante el mes de julio\"\/><\/a>        <\/div>\n                        <div class=\"blfe-post-grid-details\">\n                    <div class=\"blfe-post-grid-details-inner\">\n                        <span class=\"blfe-post-category\"><a href=\"https:\/\/soymigrante.com\/revista\/category\/guate-nuestra\/\">Guate Nuestra<\/a><\/span>                        <h3 class=\"blfe-post-grid-title\">\n            <a href=\"https:\/\/soymigrante.com\/revista\/fiestas-patronales-en-julio-estas-son-las-celebraciones-guatemala\/\" title=\"Ferias patronales en Guatemala durante el mes de julio\" rel=\"nofollow\" target=\"_blank\">Ferias patronales en Guatemala durante el mes de julio<\/a>\n            <\/h3>                                                            <div class=\"blfe-post-grid-meta\">\n                <span class=\"blfe-post-grid-time\"><i class=\"fas fa-book-reader\"><\/i>3 Min read<\/span>            <\/div>\n                                                        <\/div>\n                <\/div>\n\n            <\/div>\n        <\/div>\n                <div class=\"blfe-post-grid-item\">\n            <div class=\"blfe-post-grid-item-inner blfe-modern-zoom\">\n                        <div class=\"blfe-post-grid-bg-image\">\n            <a class=\"blfe-post-grid-image-inner\" href=\"https:\/\/soymigrante.com\/revista\/efrain-recinos-un-genio-del-arte-guatemalteco-que-vivira-siempre\/\" title=\"Mira arte guatemalteco: Efra\u00edn Recinos, un genio que sigue a la vista de todos\" rel=\"nofollow\" target=\"_blank\"><img decoding=\"async\" src=\"https:\/\/soymigrante.com\/revista\/wp-content\/uploads\/2025\/09\/Guatemalita-de-Efrain-Recinos.png\" alt=\"Mira arte guatemalteco: Efra\u00edn Recinos, un genio que sigue a la vista de todos\"\/><\/a>        <\/div>\n                        <div class=\"blfe-post-grid-details\">\n                    <div class=\"blfe-post-grid-details-inner\">\n                        <span class=\"blfe-post-category\"><a href=\"https:\/\/soymigrante.com\/revista\/category\/guate-nuestra\/arte-cultura\/\">Cultura de Guatemala<\/a><\/span>                        <h3 class=\"blfe-post-grid-title\">\n            <a href=\"https:\/\/soymigrante.com\/revista\/efrain-recinos-un-genio-del-arte-guatemalteco-que-vivira-siempre\/\" title=\"Mira arte guatemalteco: Efra\u00edn Recinos, un genio que sigue a la vista de todos\" rel=\"nofollow\" target=\"_blank\">Mira arte guatemalteco: Efra\u00edn Recinos, un genio que sigue a la vista de todos<\/a>\n            <\/h3>                                                            <div class=\"blfe-post-grid-meta\">\n                <span class=\"blfe-post-grid-time\"><i class=\"fas fa-book-reader\"><\/i>5 Min read<\/span>            <\/div>\n                                                        <\/div>\n                <\/div>\n\n            <\/div>\n        <\/div>\n                <div class=\"blfe-post-grid-item\">\n            <div class=\"blfe-post-grid-item-inner blfe-modern-zoom\">\n                        <div class=\"blfe-post-grid-bg-image\">\n            <a class=\"blfe-post-grid-image-inner\" href=\"https:\/\/soymigrante.com\/revista\/san-juan-la-laguna-tesoro-cultural-a-la-orilla-del-lago-de-atitlan-fue-aspirante-a-best-tourism-villages\/\" title=\"San Juan La Laguna: Tesoro cultural a la orilla del lago de Atitl\u00e1n, fue aspirante a Best Tourism Villages\" rel=\"nofollow\" target=\"_blank\"><img decoding=\"async\" src=\"https:\/\/soymigrante.com\/revista\/wp-content\/uploads\/2024\/12\/san-juan-la-laguna-mirador-kaqasiiwaan.webp\" alt=\"San Juan La Laguna: Tesoro cultural a la orilla del lago de Atitl\u00e1n, fue aspirante a Best Tourism Villages\"\/><\/a>        <\/div>\n                        <div class=\"blfe-post-grid-details\">\n                    <div class=\"blfe-post-grid-details-inner\">\n                        <span class=\"blfe-post-category\"><a href=\"https:\/\/soymigrante.com\/revista\/category\/guate-nuestra\/\">Guate Nuestra<\/a><\/span>                        <h3 class=\"blfe-post-grid-title\">\n            <a href=\"https:\/\/soymigrante.com\/revista\/san-juan-la-laguna-tesoro-cultural-a-la-orilla-del-lago-de-atitlan-fue-aspirante-a-best-tourism-villages\/\" title=\"San Juan La Laguna: Tesoro cultural a la orilla del lago de Atitl\u00e1n, fue aspirante a Best Tourism Villages\" rel=\"nofollow\" target=\"_blank\">San Juan La Laguna: Tesoro cultural a la orilla del lago de Atitl\u00e1n, fue aspirante a Best Tourism Villages<\/a>\n            <\/h3>                                                            <div class=\"blfe-post-grid-meta\">\n                <span class=\"blfe-post-grid-time\"><i class=\"fas fa-book-reader\"><\/i>4 Min read<\/span>            <\/div>\n                                                        <\/div>\n                <\/div>\n\n            <\/div>\n        <\/div>\n                        <\/div>\n\n                        <\/div>\n            \n                        <div class=\"blfe-post-footer\">\n                        <\/div>\n            \t\t\t\t<\/div>\n\t\t\t\t<\/div>\n\t\t\t\t\t<\/div>\n\t\t\t\t<\/div>\n\t\t\t\t<\/div>\n\t\t","protected":false},"excerpt":{"rendered":"<p>Tienen un nombre divertido, que sin duda se relaciona con su car\u00e1cter de aglomeraci\u00f3n de peque\u00f1as palomitas de maicillo. Es un dulce t\u00edpico guatemalteco caracter\u00edstico de las fiestas patronales. El alboroto es un dulce que le da un distintivo a este tipo de celebraciones debido a su peculiar forma y a su colorido. Suelen venir [&hellip;]<\/p>\n","protected":false},"author":19,"featured_media":8018,"comment_status":"open","ping_status":"open","sticky":false,"template":"","format":"standard","meta":{"_acf_changed":false,"_eb_attr":"","footnotes":""},"categories":[55],"tags":[],"class_list":["post-8017","post","type-post","status-publish","format-standard","has-post-thumbnail","hentry","category-bienestar"],"acf":[],"aioseo_notices":[],"aioseo_head":"\n\t\t<!-- All in One SEO Pro 4.9.6.2 - aioseo.com -->\n\t<meta name=\"description\" content=\"San Juan La Laguna fue una de las 6 propuestas para la lista Best Tourist Villages de la ONU. No fue elegida, pero ello no le resta nada a su encanto. Conoce m\u00e1s\" \/>\n\t<meta name=\"robots\" content=\"max-snippet:-1, max-image-preview:large, max-video-preview:-1\" \/>\n\t<meta name=\"author\" content=\"Beatriz Tercero\"\/>\n\t<link rel=\"canonical\" href=\"https:\/\/soymigrante.com\/revista\/san-juan-la-laguna-tesoro-cultural-a-la-orilla-del-lago-de-atitlan-fue-aspirante-a-best-tourism-villages\/\" \/>\n\t<meta name=\"generator\" content=\"All in One SEO Pro (AIOSEO) 4.9.6.2\" \/>\n\n\t\t<link rel=\"preconnect\" href=\"https:\/\/fonts.googleapis.com\" crossorigin>\n<link rel=\"preconnect\" href=\"https:\/\/fonts.gstatic.com\" crossorigin>\n\t\t<meta property=\"og:locale\" content=\"es_ES\" \/>\n\t\t<meta property=\"og:site_name\" content=\"SoyMigrante.com REVISTA \u2013 Nuestra misi\u00f3n es reconocer y dignificar al migrante.\" \/>\n\t\t<meta property=\"og:type\" content=\"article\" \/>\n\t\t<meta property=\"og:title\" content=\"San Juan La Laguna: Un tesoro cultural en el lago de Atitl\u00e1n\" \/>\n\t\t<meta property=\"og:description\" content=\"San Juan La Laguna fue una de las 6 propuestas para la lista Best Tourist Villages de la ONU. No fue elegida, pero ello no le resta nada a su encanto. Conoce m\u00e1s\" \/>\n\t\t<meta property=\"og:url\" content=\"https:\/\/soymigrante.com\/revista\/san-juan-la-laguna-tesoro-cultural-a-la-orilla-del-lago-de-atitlan-fue-aspirante-a-best-tourism-villages\/\" \/>\n\t\t<meta property=\"og:image\" content=\"https:\/\/soymigrante.com\/revista\/wp-content\/uploads\/2024\/12\/san-juan-la-laguna-mirador-kaqasiiwaan.webp\" \/>\n\t\t<meta property=\"og:image:secure_url\" content=\"https:\/\/soymigrante.com\/revista\/wp-content\/uploads\/2024\/12\/san-juan-la-laguna-mirador-kaqasiiwaan.webp\" \/>\n\t\t<meta property=\"og:image:width\" content=\"1024\" \/>\n\t\t<meta property=\"og:image:height\" content=\"1024\" \/>\n\t\t<meta property=\"article:published_time\" content=\"2024-12-19T12:30:00+00:00\" \/>\n\t\t<meta property=\"article:modified_time\" content=\"2024-12-22T00:21:20+00:00\" \/>\n\t\t<meta property=\"article:publisher\" content=\"https:\/\/www.facebook.com\/soymigrantecom\" \/>\n\t\t<meta name=\"twitter:card\" content=\"summary_large_image\" \/>\n\t\t<meta name=\"twitter:site\" content=\"@SoyMigrante_com\" \/>\n\t\t<meta name=\"twitter:title\" content=\"San Juan La Laguna: Un tesoro cultural en el lago de Atitl\u00e1n\" \/>\n\t\t<meta name=\"twitter:description\" content=\"San Juan La Laguna fue una de las 6 propuestas para la lista Best Tourist Villages de la ONU. No fue elegida, pero ello no le resta nada a su encanto. Conoce m\u00e1s\" \/>\n\t\t<meta name=\"twitter:creator\" content=\"@SoyMigrante_com\" \/>\n\t\t<meta name=\"twitter:image\" content=\"https:\/\/soymigrante.com\/revista\/wp-content\/uploads\/2024\/12\/san-juan-la-laguna-mirador-kaqasiiwaan.webp\" \/>\n\t\t<!-- All in One SEO Pro -->\r\n\t\t<title>San Juan La Laguna: Un tesoro cultural en el lago de Atitl\u00e1n<\/title>\n\n","aioseo_head_json":{"title":"San Juan La Laguna: Un tesoro cultural en el lago de Atitl\u00e1n","description":"San Juan La Laguna fue una de las 6 propuestas para la lista Best Tourist Villages de la ONU. No fue elegida, pero ello no le resta nada a su encanto. Conoce m\u00e1s","canonical_url":"https:\/\/soymigrante.com\/revista\/san-juan-la-laguna-tesoro-cultural-a-la-orilla-del-lago-de-atitlan-fue-aspirante-a-best-tourism-villages\/","robots":"max-snippet:-1, max-image-preview:large, max-video-preview:-1","keywords":"","webmasterTools":{"miscellaneous":"&lt;link rel=\"preconnect\" href=\"https:\/\/fonts.googleapis.com\" crossorigin&gt;\n&lt;link rel=\"preconnect\" href=\"https:\/\/fonts.gstatic.com\" crossorigin&gt;"},"schema":null,"og:locale":"es_ES","og:site_name":"SoyMigrante.com REVISTA \u2013 Nuestra misi\u00f3n es reconocer y dignificar al migrante.","og:type":"article","og:title":"San Juan La Laguna: Un tesoro cultural en el lago de Atitl\u00e1n","og:description":"San Juan La Laguna fue una de las 6 propuestas para la lista Best Tourist Villages de la ONU. No fue elegida, pero ello no le resta nada a su encanto. Conoce m\u00e1s","og:url":"https:\/\/soymigrante.com\/revista\/san-juan-la-laguna-tesoro-cultural-a-la-orilla-del-lago-de-atitlan-fue-aspirante-a-best-tourism-villages\/","og:image":"https:\/\/soymigrante.com\/revista\/wp-content\/uploads\/2024\/12\/san-juan-la-laguna-mirador-kaqasiiwaan.webp","og:image:secure_url":"https:\/\/soymigrante.com\/revista\/wp-content\/uploads\/2024\/12\/san-juan-la-laguna-mirador-kaqasiiwaan.webp","og:image:width":1024,"og:image:height":1024,"article:published_time":"2024-12-19T12:30:00+00:00","article:modified_time":"2024-12-22T00:21:20+00:00","article:publisher":"https:\/\/www.facebook.com\/soymigrantecom","twitter:card":"summary_large_image","twitter:site":"@SoyMigrante_com","twitter:title":"San Juan La Laguna: Un tesoro cultural en el lago de Atitl\u00e1n","twitter:description":"San Juan La Laguna fue una de las 6 propuestas para la lista Best Tourist Villages de la ONU. No fue elegida, pero ello no le resta nada a su encanto. Conoce m\u00e1s","twitter:creator":"@SoyMigrante_com","twitter:image":"https:\/\/soymigrante.com\/revista\/wp-content\/uploads\/2024\/12\/san-juan-la-laguna-mirador-kaqasiiwaan.webp"},"aioseo_meta_data":{"post_id":"8017","title":null,"description":"Los alborotos son una verdadera delicadeza de los dulces populares. Prepararlos es una tradici\u00f3n. El influencer Miguel Babo descubre c\u00f3mo se preparan.","keywords":null,"keyphrases":{"focus":{"keyphrase":"recetas chapinas","score":51,"analysis":{"keyphraseInTitle":{"score":9,"maxScore":9,"error":0},"keyphraseInDescription":{"score":3,"maxScore":9,"error":1},"keyphraseLength":{"score":9,"maxScore":9,"error":0,"length":2},"keyphraseInURL":{"score":5,"maxScore":5,"error":0},"keyphraseInIntroduction":{"score":3,"maxScore":9,"error":1},"keyphraseInSubHeadings":{"score":3,"maxScore":9,"error":1},"keyphraseInImageAlt":{"score":3,"maxScore":9,"error":1},"keywordDensity":{"score":0,"type":"low","maxScore":9,"error":1}}},"additional":[{"keyphrase":"alboroto","score":87,"analysis":{"keyphraseInDescription":{"score":3,"maxScore":9,"error":1},"keyphraseLength":{"score":9,"maxScore":9,"error":0,"length":1},"keyphraseInIntroduction":{"score":9,"maxScore":9,"error":0},"keyphraseInImageAlt":{"score":9,"maxScore":9,"error":0},"keywordDensity":{"type":"best","score":9,"maxScore":9,"error":0}}},{"keyphrase":"recetas guatemaltecas","score":53,"analysis":{"keyphraseInDescription":{"score":3,"maxScore":9,"error":1},"keyphraseLength":{"score":9,"maxScore":9,"error":0,"length":2},"keyphraseInIntroduction":{"score":3,"maxScore":9,"error":1},"keyphraseInImageAlt":{"score":9,"maxScore":9,"error":0},"keywordDensity":{"score":0,"type":"low","maxScore":9,"error":1}}}]},"primary_term":null,"canonical_url":null,"og_title":null,"og_description":null,"og_object_type":"default","og_image_type":"default","og_image_url":null,"og_image_width":null,"og_image_height":null,"og_image_custom_url":null,"og_image_custom_fields":null,"og_video":"","og_custom_url":null,"og_article_section":null,"og_article_tags":null,"twitter_use_og":false,"twitter_card":"default","twitter_image_type":"default","twitter_image_url":null,"twitter_image_custom_url":null,"twitter_image_custom_fields":null,"twitter_title":null,"twitter_description":null,"schema":{"blockGraphs":[],"customGraphs":[],"default":{"data":{"Article":[],"Course":[],"Dataset":[],"FAQPage":[],"Movie":[],"Person":[],"Product":[],"ProductReview":[],"Car":[],"Recipe":[],"Service":[],"SoftwareApplication":[],"WebPage":[]},"graphName":"Article","isEnabled":true},"graphs":[]},"schema_type":"default","schema_type_options":null,"pillar_content":false,"robots_default":true,"robots_noindex":false,"robots_noarchive":false,"robots_nosnippet":false,"robots_nofollow":false,"robots_noimageindex":false,"robots_noodp":false,"robots_notranslate":false,"robots_max_snippet":"-1","robots_max_videopreview":"-1","robots_max_imagepreview":"large","priority":null,"frequency":"default","local_seo":null,"seo_analyzer_scan_date":"2025-10-08 22:34:17","breadcrumb_settings":null,"limit_modified_date":false,"reviewed_by":null,"open_ai":"{\"title\":{\"suggestions\":[],\"usage\":0},\"description\":{\"suggestions\":[],\"usage\":0}}","ai":null,"created":"2024-08-13 01:36:45","updated":"2026-02-04 12:39:47"},"aioseo_breadcrumb":"<div class=\"aioseo-breadcrumbs\"><span class=\"aioseo-breadcrumb\">\n\t<a href=\"https:\/\/soymigrante.com\/revista\" title=\"Home\">Home<\/a>\n<\/span><span class=\"aioseo-breadcrumb-separator\">\u00bb<\/span><span class=\"aioseo-breadcrumb\">\n\t<a href=\"https:\/\/soymigrante.com\/revista\/category\/bienestar\/\" title=\"Bienestar\">Bienestar<\/a>\n<\/span><span class=\"aioseo-breadcrumb-separator\">\u00bb<\/span><span class=\"aioseo-breadcrumb\">\n\tRecetas chapinas : As\u00ed se preparan los deliciosos alborotos\n<\/span><\/div>","aioseo_breadcrumb_json":[{"label":"Home","link":"https:\/\/soymigrante.com\/revista"},{"label":"Bienestar","link":"https:\/\/soymigrante.com\/revista\/category\/bienestar\/"},{"label":"Recetas chapinas : As\u00ed se preparan los deliciosos alborotos","link":"https:\/\/soymigrante.com\/revista\/recetas-chapinas-asi-se-preparan-los-deliciosos-alborotos\/"}],"_links":{"self":[{"href":"https:\/\/soymigrante.com\/revista\/wp-json\/wp\/v2\/posts\/8017","targetHints":{"allow":["GET"]}}],"collection":[{"href":"https:\/\/soymigrante.com\/revista\/wp-json\/wp\/v2\/posts"}],"about":[{"href":"https:\/\/soymigrante.com\/revista\/wp-json\/wp\/v2\/types\/post"}],"author":[{"embeddable":true,"href":"https:\/\/soymigrante.com\/revista\/wp-json\/wp\/v2\/users\/19"}],"replies":[{"embeddable":true,"href":"https:\/\/soymigrante.com\/revista\/wp-json\/wp\/v2\/comments?post=8017"}],"version-history":[{"count":0,"href":"https:\/\/soymigrante.com\/revista\/wp-json\/wp\/v2\/posts\/8017\/revisions"}],"wp:featuredmedia":[{"embeddable":true,"href":"https:\/\/soymigrante.com\/revista\/wp-json\/wp\/v2\/media\/8018"}],"wp:attachment":[{"href":"https:\/\/soymigrante.com\/revista\/wp-json\/wp\/v2\/media?parent=8017"}],"wp:term":[{"taxonomy":"category","embeddable":true,"href":"https:\/\/soymigrante.com\/revista\/wp-json\/wp\/v2\/categories?post=8017"},{"taxonomy":"post_tag","embeddable":true,"href":"https:\/\/soymigrante.com\/revista\/wp-json\/wp\/v2\/tags?post=8017"}],"curies":[{"name":"wp","href":"https:\/\/api.w.org\/{rel}","templated":true}]}}