{"id":7989,"date":"2024-08-12T17:50:18","date_gmt":"2024-08-12T23:50:18","guid":{"rendered":"https:\/\/soymigrante.com\/revista\/?p=7989"},"modified":"2025-05-22T14:48:07","modified_gmt":"2025-05-22T20:48:07","slug":"joyas-mayas-migrantes-incensario-con-antepasado-y-concha-marina-en-baltimore","status":"publish","type":"post","link":"https:\/\/soymigrante.com\/revista\/joyas-mayas-migrantes-incensario-con-antepasado-y-concha-marina-en-baltimore\/","title":{"rendered":"Joyas mayas migrantes: Incensario con antepasado y concha marina en Baltimore"},"content":{"rendered":"\t\t<div data-elementor-type=\"wp-post\" data-elementor-id=\"7989\" class=\"elementor elementor-7989\" data-elementor-post-type=\"post\">\n\t\t\t\t<div data-particle_enable=\"false\" data-particle-mobile-disabled=\"false\" class=\"elementor-element elementor-element-4d560712 e-flex e-con-boxed e-con e-parent\" data-id=\"4d560712\" data-element_type=\"container\" data-e-type=\"container\">\n\t\t\t\t\t<div class=\"e-con-inner\">\n\t\t\t\t<div class=\"elementor-element elementor-element-6cd8e107 elementor-widget elementor-widget-text-editor\" data-id=\"6cd8e107\" data-element_type=\"widget\" data-e-type=\"widget\" data-widget_type=\"text-editor.default\">\n\t\t\t\t\t\t\t\t\t\n<p> <\/p>\n\t\t\t\t\t\t\t\t<\/div>\n\t\t\t\t\t<\/div>\n\t\t\t\t<\/div>\n\t\t<div data-particle_enable=\"false\" data-particle-mobile-disabled=\"false\" class=\"elementor-element elementor-element-6ed191c e-flex e-con-boxed e-con e-parent\" data-id=\"6ed191c\" data-element_type=\"container\" data-e-type=\"container\">\n\t\t\t\t\t<div class=\"e-con-inner\">\n\t\t\t\t<div class=\"elementor-element elementor-element-e363e56 elementor-widget elementor-widget-heading\" data-id=\"e363e56\" data-element_type=\"widget\" data-e-type=\"widget\" data-widget_type=\"heading.default\">\n\t\t\t\t\t<h2 class=\"elementor-heading-title elementor-size-default\"><span style=\"font-size: 31.2px\">Es una pieza maravillosa, resguardada en The Walters Art Museum de Baltimore. Sus llamativos detalles pr\u00e1cticamente evocan la escena de un ancestro que regresa a la superficie a trav\u00e9s de una concha marina que simboliza la puerta al Inframundo.\n<\/span><div><br><\/div><\/h2>\t\t\t\t<\/div>\n\t\t\t\t<div class=\"elementor-element elementor-element-0fe324a elementor-widget elementor-widget-html\" data-id=\"0fe324a\" data-element_type=\"widget\" data-e-type=\"widget\" data-widget_type=\"html.default\">\n\t\t\t\t\t<div id=\"buzzsprout-player-17211667\"><\/div><script src=\"https:\/\/www.buzzsprout.com\/2444168\/episodes\/17211667-deidad-sale-de-un-caracol-incensario-maya-en-baltimore.js?container_id=buzzsprout-player-17211667&player=small\" type=\"text\/javascript\" charset=\"utf-8\"><\/script>\t\t\t\t<\/div>\n\t\t\t\t\t<\/div>\n\t\t\t\t<\/div>\n\t\t<div data-particle_enable=\"false\" data-particle-mobile-disabled=\"false\" class=\"elementor-element elementor-element-314bc3c e-flex e-con-boxed e-con e-parent\" data-id=\"314bc3c\" data-element_type=\"container\" data-e-type=\"container\">\n\t\t\t\t\t<div class=\"e-con-inner\">\n\t\t\t\t<div class=\"elementor-element elementor-element-450b487 elementor-widget elementor-widget-text-editor\" data-id=\"450b487\" data-element_type=\"widget\" data-e-type=\"widget\" data-widget_type=\"text-editor.default\">\n\t\t\t\t\t\t\t\t\t<p>Los incensarios mayas suelen tener elaborados dise\u00f1os, precisamente por su funci\u00f3n de objetos rituales. En este,<span style=\"color: var( --e-global-color-text ); text-align: var(--text-align);\">\u00a0aparentemente se retrata una narrativa mitol\u00f3gica maya.\u00a0 Se calcula que data del a\u00f1o 500.<\/span><\/p>\n<p><span style=\"color: var( --e-global-color-text ); text-align: var(--text-align);\">El personaje que sale de una concha marina un ser sobrenatural, espiritual, posiblemente un antepasado o posiblemente el Dios &#8220;N&#8221;, clasificado as\u00ed porque no se conoce su nombre prehisp\u00e1nico.\u00a0<\/span><span style=\"color: var( --e-global-color-text ); text-align: var(--text-align);\">Emerge de una concha marina, que es s\u00edmbolo la entrada al inframundo acu\u00e1tico.\u00a0<\/span><\/p>\n<p><span style=\"color: var( --e-global-color-text ); text-align: var(--text-align);\">Esta pieza es proveniente de la Costa Sur de Guatemala, conservada en The Walters Art Museum de Baltimore, por una donaci\u00f3n hecha en 2000.\u00a0<\/span><span style=\"color: var( --e-global-color-text ); text-align: var(--text-align);\">Antes de ello esta joya maya migrante estuvo en una colecci\u00f3n de arte de Nuevo M\u00e9xico y previamente, en Indiana.\u00a0<\/span><span style=\"color: var( --e-global-color-text ); text-align: var(--text-align);\">En 2013 form\u00f3 parte de una exposici\u00f3n llamada Explorando el arte de las Am\u00e9ricas antiguas.<\/span><\/p>\n<div>\u00a0<\/div>\t\t\t\t\t\t\t\t<\/div>\n\t\t\t\t\t<\/div>\n\t\t\t\t<\/div>\n\t\t<div data-particle_enable=\"false\" data-particle-mobile-disabled=\"false\" class=\"elementor-element elementor-element-79904ef e-flex e-con-boxed e-con e-parent\" data-id=\"79904ef\" data-element_type=\"container\" data-e-type=\"container\">\n\t\t\t\t\t<div class=\"e-con-inner\">\n\t\t\t\t<div class=\"elementor-element elementor-element-a6c57f3 elementor-widget elementor-widget-image\" data-id=\"a6c57f3\" data-element_type=\"widget\" data-e-type=\"widget\" data-widget_type=\"image.default\">\n\t\t\t\t\t\t\t\t\t\t\t\t<figure class=\"wp-caption\">\n\t\t\t\t\t\t\t\t\t\t\t<a href=\"https:\/\/art.thewalters.org\/\">\n\t\t\t\t\t\t\t<img fetchpriority=\"high\" decoding=\"async\" width=\"768\" height=\"768\" src=\"https:\/\/soymigrante.com\/revista\/wp-content\/uploads\/2024\/08\/pieza-maya-baltimore-8-1.webp\" class=\"attachment-large size-large wp-image-8002\" alt=\"Ancestro maya en cer\u00e1mica, figura precolombina con detalles y accesorios tradicionales.\" srcset=\"https:\/\/soymigrante.com\/revista\/wp-content\/uploads\/2024\/08\/pieza-maya-baltimore-8-1.webp 782w, https:\/\/soymigrante.com\/revista\/wp-content\/uploads\/2024\/08\/pieza-maya-baltimore-8-1-300x300.webp 300w, https:\/\/soymigrante.com\/revista\/wp-content\/uploads\/2024\/08\/pieza-maya-baltimore-8-1-150x150.webp 150w, https:\/\/soymigrante.com\/revista\/wp-content\/uploads\/2024\/08\/pieza-maya-baltimore-8-1-768x768.webp 768w, https:\/\/soymigrante.com\/revista\/wp-content\/uploads\/2024\/08\/pieza-maya-baltimore-8-1-75x75.webp 75w, https:\/\/soymigrante.com\/revista\/wp-content\/uploads\/2024\/08\/pieza-maya-baltimore-8-1-750x750.webp 750w\" sizes=\"(max-width: 768px) 100vw, 768px\" title=\"Incensario de la regi\u00f3n Costa Sur, con una alegor\u00eda de un ancestro o posiblemente una deidad, saliendo de una concha marina que representa una puerta al inframundo. (Fotograf\u00eda https:\/\/art.thewalters.org\/, reproducida bajo licencia Creative Commons \u2013 SoyMigrante.com REVISTA\" \/>\t\t\t\t\t\t\t\t<\/a>\n\t\t\t\t\t\t\t\t\t\t\t<figcaption class=\"widget-image-caption wp-caption-text\">Figura precolombina maya en cer\u00e1mica, representando cultura y tradiciones antiguas.<\/figcaption>\n\t\t\t\t\t\t\t\t\t\t<\/figure>\n\t\t\t\t\t\t\t\t\t<\/div>\n\t\t\t\t\t<\/div>\n\t\t\t\t<\/div>\n\t\t<div data-particle_enable=\"false\" data-particle-mobile-disabled=\"false\" class=\"elementor-element elementor-element-cb96102 e-flex e-con-boxed e-con e-parent\" data-id=\"cb96102\" data-element_type=\"container\" data-e-type=\"container\">\n\t\t\t\t\t<div class=\"e-con-inner\">\n\t\t\t\t<div class=\"elementor-element elementor-element-edf6061 elementor-widget elementor-widget-heading\" data-id=\"edf6061\" data-element_type=\"widget\" data-e-type=\"widget\" data-widget_type=\"heading.default\">\n\t\t\t\t\t<h2 class=\"elementor-heading-title elementor-size-default\">Hay que saber ver detalles interesantes<\/h2>\t\t\t\t<\/div>\n\t\t\t\t\t<\/div>\n\t\t\t\t<\/div>\n\t\t<div data-particle_enable=\"false\" data-particle-mobile-disabled=\"false\" class=\"elementor-element elementor-element-3042ac4 e-flex e-con-boxed e-con e-parent\" data-id=\"3042ac4\" data-element_type=\"container\" data-e-type=\"container\">\n\t\t\t\t\t<div class=\"e-con-inner\">\n\t\t\t\t<div class=\"elementor-element elementor-element-e2e33e5 elementor-widget elementor-widget-text-editor\" data-id=\"e2e33e5\" data-element_type=\"widget\" data-e-type=\"widget\" data-widget_type=\"text-editor.default\">\n\t\t\t\t\t\t\t\t\t<p><span style=\"color: var( --e-global-color-text ); text-align: var(--text-align);\">El incensario tiene un estilo &#8220;teotihuacano&#8221;, por los rasgos del personaje, incluyendo la nariguera . El personaje, un ancestro o quiz\u00e1 un dios, se agarra del borde de la concha con la mano izquierda para poder salir al mundo.<\/span><\/p>\n<p>Cabe recordar que la Costa Sur en tiempos prehisp\u00e1nicos era una regi\u00f3n de intenso comercio en Mesoam\u00e9rica, es decir el territorio del sur de M\u00e9xico, Guatemala, Honduras, El Salvador y Bellice. Eso explicar\u00eda el influjo de Teotihuacan.<\/p>\n<p>\u00a0<\/p>\t\t\t\t\t\t\t\t<\/div>\n\t\t\t\t\t<\/div>\n\t\t\t\t<\/div>\n\t\t<div data-particle_enable=\"false\" data-particle-mobile-disabled=\"false\" class=\"elementor-element elementor-element-d58930c e-flex e-con-boxed e-con e-parent\" data-id=\"d58930c\" data-element_type=\"container\" data-e-type=\"container\">\n\t\t\t\t\t<div class=\"e-con-inner\">\n\t\t\t\t<div class=\"elementor-element elementor-element-68148cf elementor-widget elementor-widget-image\" data-id=\"68148cf\" data-element_type=\"widget\" data-e-type=\"widget\" data-widget_type=\"image.default\">\n\t\t\t\t\t\t\t\t\t\t\t\t<figure class=\"wp-caption\">\n\t\t\t\t\t\t\t\t\t\t<img decoding=\"async\" width=\"768\" height=\"479\" src=\"https:\/\/soymigrante.com\/revista\/wp-content\/uploads\/2024\/08\/pieza-maya-baltimore-2-1024x638.webp\" class=\"attachment-large size-large wp-image-7996\" alt=\"Sabidur\u00eda ancestral y cultura prehisp\u00e1nica en una escultura de cer\u00e1mica maya que representa una figura importante de la historia latinoamericana.\" srcset=\"https:\/\/soymigrante.com\/revista\/wp-content\/uploads\/2024\/08\/pieza-maya-baltimore-2-1024x638.webp 1024w, https:\/\/soymigrante.com\/revista\/wp-content\/uploads\/2024\/08\/pieza-maya-baltimore-2-300x187.webp 300w, https:\/\/soymigrante.com\/revista\/wp-content\/uploads\/2024\/08\/pieza-maya-baltimore-2-768x479.webp 768w, https:\/\/soymigrante.com\/revista\/wp-content\/uploads\/2024\/08\/pieza-maya-baltimore-2-750x467.webp 750w, https:\/\/soymigrante.com\/revista\/wp-content\/uploads\/2024\/08\/pieza-maya-baltimore-2-1140x711.webp 1140w, https:\/\/soymigrante.com\/revista\/wp-content\/uploads\/2024\/08\/pieza-maya-baltimore-2.webp 1407w\" sizes=\"(max-width: 768px) 100vw, 768px\" title=\"La nariguera del personaje representa su alto nivel social, as\u00ed como las orejeras ceremoniales. Tiene los ojos entreabiertos. (Fotograf\u00eda https:\/\/art.thewalters.org\/, reproducida bajo licencia Creative Commons \u2013 SoyMigrante.com REVISTA\" \/>\t\t\t\t\t\t\t\t\t\t\t<figcaption class=\"widget-image-caption wp-caption-text\">Escultura ind\u00edgena prehisp\u00e1nica de cer\u00e1mica maya que exhibe detalles culturales y art\u00edsticos de las civilizaciones originarias de Am\u00e9rica.<\/figcaption>\n\t\t\t\t\t\t\t\t\t\t<\/figure>\n\t\t\t\t\t\t\t\t\t<\/div>\n\t\t\t\t\t<\/div>\n\t\t\t\t<\/div>\n\t\t<div data-particle_enable=\"false\" data-particle-mobile-disabled=\"false\" class=\"elementor-element elementor-element-289c8c1 e-flex e-con-boxed e-con e-parent\" data-id=\"289c8c1\" data-element_type=\"container\" data-e-type=\"container\">\n\t\t\t\t\t<div class=\"e-con-inner\">\n\t\t\t\t<div class=\"elementor-element elementor-element-19b12b3 elementor-widget elementor-widget-text-editor\" data-id=\"19b12b3\" data-element_type=\"widget\" data-e-type=\"widget\" data-widget_type=\"text-editor.default\">\n\t\t\t\t\t\t\t\t\t<p><span style=\"font-family: Roboto, sans-serif; font-size: 16px; font-style: normal; font-variant-ligatures: normal; font-variant-caps: normal; font-weight: 400;\">El incensario tiene un estilo &#8220;teotihuacano&#8221;, por los rasgos del personaje y por la reproducci\u00f3n de una nariguera trapezoidal que se reproduce a gran escala en la parte de abajo. El personaje, un ancestro o quiz\u00e1 un dios, se agarra del borde de la concha con la mano izquierda para poder salir al mundo.<\/span><\/p>\t\t\t\t\t\t\t\t<\/div>\n\t\t\t\t\t<\/div>\n\t\t\t\t<\/div>\n\t\t<div data-particle_enable=\"false\" data-particle-mobile-disabled=\"false\" class=\"elementor-element elementor-element-57866d0 e-flex e-con-boxed e-con e-parent\" data-id=\"57866d0\" data-element_type=\"container\" data-e-type=\"container\">\n\t\t\t\t\t<div class=\"e-con-inner\">\n\t\t\t\t<div class=\"elementor-element elementor-element-ca686e0 elementor-widget elementor-widget-image\" data-id=\"ca686e0\" data-element_type=\"widget\" data-e-type=\"widget\" data-widget_type=\"image.default\">\n\t\t\t\t\t\t\t\t\t\t\t\t<figure class=\"wp-caption\">\n\t\t\t\t\t\t\t\t\t\t\t<a href=\"https:\/\/art.thewalters.org\/detail\/85405\/lid-for-incense-burner\/\">\n\t\t\t\t\t\t\t<img decoding=\"async\" width=\"768\" height=\"768\" src=\"https:\/\/soymigrante.com\/revista\/wp-content\/uploads\/2024\/08\/pieza-maya-baltimore-8.webp\" class=\"attachment-large size-large wp-image-7990\" alt=\"Ancestro prehisp\u00e1nico en cer\u00e1mica con detalles de estilo ind\u00edgena mexicana.\" srcset=\"https:\/\/soymigrante.com\/revista\/wp-content\/uploads\/2024\/08\/pieza-maya-baltimore-8.webp 782w, https:\/\/soymigrante.com\/revista\/wp-content\/uploads\/2024\/08\/pieza-maya-baltimore-8-300x300.webp 300w, https:\/\/soymigrante.com\/revista\/wp-content\/uploads\/2024\/08\/pieza-maya-baltimore-8-150x150.webp 150w, https:\/\/soymigrante.com\/revista\/wp-content\/uploads\/2024\/08\/pieza-maya-baltimore-8-768x768.webp 768w, https:\/\/soymigrante.com\/revista\/wp-content\/uploads\/2024\/08\/pieza-maya-baltimore-8-75x75.webp 75w, https:\/\/soymigrante.com\/revista\/wp-content\/uploads\/2024\/08\/pieza-maya-baltimore-8-750x750.webp 750w\" sizes=\"(max-width: 768px) 100vw, 768px\" title=\"Otro \u00e1ngulo del incensario maya resguardado en el Museo de Arte Walters, de Baltimore (Fotograf\u00eda reproducida bajo licencia Creative Commons) \u2013 SoyMigrante.com REVISTA\" \/>\t\t\t\t\t\t\t\t<\/a>\n\t\t\t\t\t\t\t\t\t\t\t<figcaption class=\"widget-image-caption wp-caption-text\">Escultura de cer\u00e1mica con figura ancestral ind\u00edgena mexicana, detalles culturales y simb\u00f3licos, representando la historia prehisp\u00e1nica de M\u00e9xico.<\/figcaption>\n\t\t\t\t\t\t\t\t\t\t<\/figure>\n\t\t\t\t\t\t\t\t\t<\/div>\n\t\t\t\t\t<\/div>\n\t\t\t\t<\/div>\n\t\t<div data-particle_enable=\"false\" data-particle-mobile-disabled=\"false\" class=\"elementor-element elementor-element-2954875 e-flex e-con-boxed e-con e-parent\" data-id=\"2954875\" data-element_type=\"container\" data-e-type=\"container\">\n\t\t\t\t\t<div class=\"e-con-inner\">\n\t\t\t\t<div class=\"elementor-element elementor-element-08af6f2 elementor-widget elementor-widget-text-editor\" data-id=\"08af6f2\" data-element_type=\"widget\" data-e-type=\"widget\" data-widget_type=\"text-editor.default\">\n\t\t\t\t\t\t\t\t\t<p><span style=\"color: var( --e-global-color-text ); text-align: var(--text-align);\">Cabe recordar que la Costa Sur en tiempos prehisp\u00e1nicos era una regi\u00f3n de intenso comercio en Mesoam\u00e9rica, es decir el territorio del sur de M\u00e9xico, Guatemala, Honduras, El Salvador y Bellice.<\/span><\/p>\n<p>\u00a0<\/p>\t\t\t\t\t\t\t\t<\/div>\n\t\t\t\t\t<\/div>\n\t\t\t\t<\/div>\n\t\t<div data-particle_enable=\"false\" data-particle-mobile-disabled=\"false\" class=\"elementor-element elementor-element-942ea27 e-flex e-con-boxed e-con e-parent\" data-id=\"942ea27\" data-element_type=\"container\" data-e-type=\"container\">\n\t\t\t\t\t<div class=\"e-con-inner\">\n\t\t\t\t<div class=\"elementor-element elementor-element-c7f2c29 elementor-widget elementor-widget-image\" data-id=\"c7f2c29\" data-element_type=\"widget\" data-e-type=\"widget\" data-widget_type=\"image.default\">\n\t\t\t\t\t\t\t\t\t\t\t\t<figure class=\"wp-caption\">\n\t\t\t\t\t\t\t\t\t\t<img loading=\"lazy\" decoding=\"async\" width=\"768\" height=\"575\" src=\"https:\/\/soymigrante.com\/revista\/wp-content\/uploads\/2024\/08\/pieza-maya-baltimore-7.webp\" class=\"attachment-large size-large wp-image-8001\" alt=\"Cr\u00e1neo y restos de un animal prehist\u00f3rico en un contexto arqueol\u00f3gico, probable hallazgo de f\u00f3siles de \u00e9poca antigua en Am\u00e9rica Latina.\" srcset=\"https:\/\/soymigrante.com\/revista\/wp-content\/uploads\/2024\/08\/pieza-maya-baltimore-7.webp 856w, https:\/\/soymigrante.com\/revista\/wp-content\/uploads\/2024\/08\/pieza-maya-baltimore-7-300x225.webp 300w, https:\/\/soymigrante.com\/revista\/wp-content\/uploads\/2024\/08\/pieza-maya-baltimore-7-768x575.webp 768w, https:\/\/soymigrante.com\/revista\/wp-content\/uploads\/2024\/08\/pieza-maya-baltimore-7-750x562.webp 750w\" sizes=\"(max-width: 768px) 100vw, 768px\" title=\"Detalle de los collares del personaje. Fotograf\u00eda del Museo de Arte Walters, reproducida bajo licencia Creative Commons \u2013 SoyMigrante.com REVISTA\" \/>\t\t\t\t\t\t\t\t\t\t\t<figcaption class=\"widget-image-caption wp-caption-text\">Restos f\u00f3siles de animales prehist\u00f3ricos encontrados en yacimientos arqueol\u00f3gicos de Am\u00e9rica Latina, importante descubrimiento para la historia natural y la arqueolog\u00eda.<\/figcaption>\n\t\t\t\t\t\t\t\t\t\t<\/figure>\n\t\t\t\t\t\t\t\t\t<\/div>\n\t\t\t\t\t<\/div>\n\t\t\t\t<\/div>\n\t\t<div data-particle_enable=\"false\" data-particle-mobile-disabled=\"false\" class=\"elementor-element elementor-element-da9e708 e-flex e-con-boxed e-con e-parent\" data-id=\"da9e708\" data-element_type=\"container\" data-e-type=\"container\">\n\t\t\t\t\t<div class=\"e-con-inner\">\n\t\t\t\t<div class=\"elementor-element elementor-element-30c9fb5 elementor-widget elementor-widget-text-editor\" data-id=\"30c9fb5\" data-element_type=\"widget\" data-e-type=\"widget\" data-widget_type=\"text-editor.default\">\n\t\t\t\t\t\t\t\t\t<p><span style=\"color: var( --e-global-color-text ); text-align: var(--text-align);\">&#8220;El personaje tiene un collar de tres vueltas de cuentas redondas&#8221;, describe la p\u00e1gina del Walters Art Museum. Ojo, sobre el pecho lleva una miniatura de la concha de la que est\u00e1 saliendo.<\/span><\/p>\t\t\t\t\t\t\t\t<\/div>\n\t\t\t\t\t<\/div>\n\t\t\t\t<\/div>\n\t\t<div data-particle_enable=\"false\" data-particle-mobile-disabled=\"false\" class=\"elementor-element elementor-element-04b7d40 e-flex e-con-boxed e-con e-parent\" data-id=\"04b7d40\" data-element_type=\"container\" data-e-type=\"container\">\n\t\t\t\t\t<div class=\"e-con-inner\">\n\t\t\t\t<div class=\"elementor-element elementor-element-f4ba3b3 elementor-widget elementor-widget-image\" data-id=\"f4ba3b3\" data-element_type=\"widget\" data-e-type=\"widget\" data-widget_type=\"image.default\">\n\t\t\t\t\t\t\t\t\t\t\t\t<figure class=\"wp-caption\">\n\t\t\t\t\t\t\t\t\t\t<img loading=\"lazy\" decoding=\"async\" width=\"722\" height=\"572\" src=\"https:\/\/soymigrante.com\/revista\/wp-content\/uploads\/2024\/08\/pieza-maya-baltimore-6.webp\" class=\"attachment-large size-large wp-image-8000\" alt=\"Relieves ra\u00edces culturales y arqueol\u00f3gicas del arte prehisp\u00e1nico en M\u00e9xico.\" srcset=\"https:\/\/soymigrante.com\/revista\/wp-content\/uploads\/2024\/08\/pieza-maya-baltimore-6.webp 722w, https:\/\/soymigrante.com\/revista\/wp-content\/uploads\/2024\/08\/pieza-maya-baltimore-6-300x238.webp 300w\" sizes=\"(max-width: 722px) 100vw, 722px\" title=\"Detalle de las conchas marinas, similares a aquella de donde sale el personaje. (Detalle de los collares del personaje. (Fotograf\u00eda del Museo de Arte Walters, reproducida bajo licencia Creative Commons \u2013 SoyMigrante.com REVISTA\" \/>\t\t\t\t\t\t\t\t\t\t\t<figcaption class=\"widget-image-caption wp-caption-text\">Escultura de cer\u00e1mica y piedra prehisp\u00e1nica, evidencia historia y cultura ancestral.<\/figcaption>\n\t\t\t\t\t\t\t\t\t\t<\/figure>\n\t\t\t\t\t\t\t\t\t<\/div>\n\t\t\t\t\t<\/div>\n\t\t\t\t<\/div>\n\t\t<div data-particle_enable=\"false\" data-particle-mobile-disabled=\"false\" class=\"elementor-element elementor-element-543fd04 e-flex e-con-boxed e-con e-parent\" data-id=\"543fd04\" data-element_type=\"container\" data-e-type=\"container\">\n\t\t\t\t\t<div class=\"e-con-inner\">\n\t\t\t\t<div class=\"elementor-element elementor-element-bcb9a74 elementor-widget elementor-widget-text-editor\" data-id=\"bcb9a74\" data-element_type=\"widget\" data-e-type=\"widget\" data-widget_type=\"text-editor.default\">\n\t\t\t\t\t\t\t\t\t<p><span style=\"color: var( --e-global-color-text ); text-align: var(--text-align);\">Sus brazos tambi\u00e9n est\u00e1n adornados con una concha cada uno, y adem\u00e1s porta dos pulseras de peque\u00f1as cuentas. El tinte amarillo de sus joyas puede indicar que todas fueron elaboradas o coloreadas a base de conchas trituradas.\u00a0<\/span><\/p>\t\t\t\t\t\t\t\t<\/div>\n\t\t\t\t\t<\/div>\n\t\t\t\t<\/div>\n\t\t<div data-particle_enable=\"false\" data-particle-mobile-disabled=\"false\" class=\"elementor-element elementor-element-bcf205e e-flex e-con-boxed e-con e-parent\" data-id=\"bcf205e\" data-element_type=\"container\" data-e-type=\"container\">\n\t\t\t\t\t<div class=\"e-con-inner\">\n\t\t\t\t<div class=\"elementor-element elementor-element-68f8b20 elementor-widget elementor-widget-image\" data-id=\"68f8b20\" data-element_type=\"widget\" data-e-type=\"widget\" data-widget_type=\"image.default\">\n\t\t\t\t\t\t\t\t\t\t\t\t<figure class=\"wp-caption\">\n\t\t\t\t\t\t\t\t\t\t\t<a href=\"https:\/\/art.thewalters.org\/detail\/85405\/lid-for-incense-burner\/\">\n\t\t\t\t\t\t\t<img loading=\"lazy\" decoding=\"async\" width=\"768\" height=\"530\" src=\"https:\/\/soymigrante.com\/revista\/wp-content\/uploads\/2024\/08\/pieza-maya-baltimore-3-1024x706.webp\" class=\"attachment-large size-large wp-image-7997\" alt=\"T\u00f3tem prehisp\u00e1nico de conchas y piedra en exhibici\u00f3n en el Museo de Historia Natural. Arte ancestral que refleja la cultura mar\u00edtima y rituals de las civilizaciones antiguas en M\u00e9xico.\" srcset=\"https:\/\/soymigrante.com\/revista\/wp-content\/uploads\/2024\/08\/pieza-maya-baltimore-3-1024x706.webp 1024w, https:\/\/soymigrante.com\/revista\/wp-content\/uploads\/2024\/08\/pieza-maya-baltimore-3-300x207.webp 300w, https:\/\/soymigrante.com\/revista\/wp-content\/uploads\/2024\/08\/pieza-maya-baltimore-3-768x530.webp 768w, https:\/\/soymigrante.com\/revista\/wp-content\/uploads\/2024\/08\/pieza-maya-baltimore-3-750x517.webp 750w, https:\/\/soymigrante.com\/revista\/wp-content\/uploads\/2024\/08\/pieza-maya-baltimore-3.webp 1141w\" sizes=\"(max-width: 768px) 100vw, 768px\" title=\"pieza maya baltimore 3 \u2013 SoyMigrante.com REVISTA\" \/>\t\t\t\t\t\t\t\t<\/a>\n\t\t\t\t\t\t\t\t\t\t\t<figcaption class=\"widget-image-caption wp-caption-text\">La pieza tiene 48 cent\u00edmetros de altura por 26 de altura. Vista de la concha en la parte posterior. (Fotograf\u00eda del Museo de Arte Walters reproducida bajo licencia Creative Commons)<\/figcaption>\n\t\t\t\t\t\t\t\t\t\t<\/figure>\n\t\t\t\t\t\t\t\t\t<\/div>\n\t\t\t\t\t<\/div>\n\t\t\t\t<\/div>\n\t\t<div data-particle_enable=\"false\" data-particle-mobile-disabled=\"false\" class=\"elementor-element elementor-element-adfd08b e-flex e-con-boxed e-con e-parent\" data-id=\"adfd08b\" data-element_type=\"container\" data-e-type=\"container\">\n\t\t\t\t\t<div class=\"e-con-inner\">\n\t\t\t\t<div class=\"elementor-element elementor-element-77fa23d elementor-widget elementor-widget-text-editor\" data-id=\"77fa23d\" data-element_type=\"widget\" data-e-type=\"widget\" data-widget_type=\"text-editor.default\">\n\t\t\t\t\t\t\t\t\t<p><span style=\"color: var( --e-global-color-text ); text-align: var(--text-align);\">La base tiene el adorno nasal trapezoidal caracter\u00edstico de la \u00e9lite teotihuacana. Tambi\u00e9n hay dos grandes orejeras est\u00e1n unidas a cada reborde en los lados de la base: todo ello simboliza o evoca una cabeza adornada, que echa humo.<\/span><\/p>\n<p>\u00a0<\/p>\n<p>En esta base se colocaban las brazas y el incienso. El humo sub\u00eda por la tapa y sal\u00eda por los agujeros en ambos extremos de la carcasa y alrededor del personaje m\u00edstico.\u00a0<\/p>\t\t\t\t\t\t\t\t<\/div>\n\t\t\t\t\t<\/div>\n\t\t\t\t<\/div>\n\t\t<div data-particle_enable=\"false\" data-particle-mobile-disabled=\"false\" class=\"elementor-element elementor-element-86337bc e-flex e-con-boxed e-con e-parent\" data-id=\"86337bc\" data-element_type=\"container\" data-e-type=\"container\">\n\t\t\t\t\t<div class=\"e-con-inner\">\n\t\t\t\t<div class=\"elementor-element elementor-element-eed3f63 elementor-widget elementor-widget-image\" data-id=\"eed3f63\" data-element_type=\"widget\" data-e-type=\"widget\" data-widget_type=\"image.default\">\n\t\t\t\t\t\t\t\t\t\t\t\t<figure class=\"wp-caption\">\n\t\t\t\t\t\t\t\t\t\t\t<a href=\"https:\/\/art.thewalters.org\/detail\/85405\/lid-for-incense-burner\/\">\n\t\t\t\t\t\t\t<img loading=\"lazy\" decoding=\"async\" width=\"768\" height=\"669\" src=\"https:\/\/soymigrante.com\/revista\/wp-content\/uploads\/2024\/08\/incensario-maya.webp\" class=\"attachment-large size-large wp-image-7992\" alt=\"Guerrero olmeca de piedra, con detalles en orejeras y tocado, pieza arqueol\u00f3gica de la cultura prehisp\u00e1nica mexicana.\" srcset=\"https:\/\/soymigrante.com\/revista\/wp-content\/uploads\/2024\/08\/incensario-maya.webp 851w, https:\/\/soymigrante.com\/revista\/wp-content\/uploads\/2024\/08\/incensario-maya-300x261.webp 300w, https:\/\/soymigrante.com\/revista\/wp-content\/uploads\/2024\/08\/incensario-maya-768x669.webp 768w, https:\/\/soymigrante.com\/revista\/wp-content\/uploads\/2024\/08\/incensario-maya-750x653.webp 750w\" sizes=\"(max-width: 768px) 100vw, 768px\" title=\"Las conchas marinas eran una representaci\u00f3n de la puerta del inframundo. \u2013 SoyMigrante.com REVISTA\" \/>\t\t\t\t\t\t\t\t<\/a>\n\t\t\t\t\t\t\t\t\t\t\t<figcaption class=\"widget-image-caption wp-caption-text\">Escultura olmeca de piedra con detalles en orejeras y tocado, s\u00edmbolo de la cultura prehisp\u00e1nica mexicana.<\/figcaption>\n\t\t\t\t\t\t\t\t\t\t<\/figure>\n\t\t\t\t\t\t\t\t\t<\/div>\n\t\t\t\t\t<\/div>\n\t\t\t\t<\/div>\n\t\t<div data-particle_enable=\"false\" data-particle-mobile-disabled=\"false\" class=\"elementor-element elementor-element-1b6e684 e-flex e-con-boxed e-con e-parent\" data-id=\"1b6e684\" data-element_type=\"container\" data-e-type=\"container\">\n\t\t\t\t\t<div class=\"e-con-inner\">\n\t\t\t\t<div class=\"elementor-element elementor-element-de07ab0 elementor-widget elementor-widget-image\" data-id=\"de07ab0\" data-element_type=\"widget\" data-e-type=\"widget\" data-widget_type=\"image.default\">\n\t\t\t\t\t\t\t\t\t\t\t\t\t\t\t<img loading=\"lazy\" decoding=\"async\" width=\"768\" height=\"406\" src=\"https:\/\/soymigrante.com\/revista\/wp-content\/uploads\/2024\/08\/concha-maya-1024x541.webp\" class=\"attachment-large size-large wp-image-7993\" alt=\"Cuerpo de tinaja con rostro humano, dibujo en blanco y negro, arte creativo, ilustraci\u00f3n art\u00edstica de migrantes y cultura, imagen para revista SoyMigrante.com REVISTA, tem\u00e1tica de migraci\u00f3n y cultura, arte y expresi\u00f3n, creatividad en migraci\u00f3n.\" srcset=\"https:\/\/soymigrante.com\/revista\/wp-content\/uploads\/2024\/08\/concha-maya-1024x541.webp 1024w, https:\/\/soymigrante.com\/revista\/wp-content\/uploads\/2024\/08\/concha-maya-300x159.webp 300w, https:\/\/soymigrante.com\/revista\/wp-content\/uploads\/2024\/08\/concha-maya-768x406.webp 768w, https:\/\/soymigrante.com\/revista\/wp-content\/uploads\/2024\/08\/concha-maya-750x397.webp 750w, https:\/\/soymigrante.com\/revista\/wp-content\/uploads\/2024\/08\/concha-maya.webp 1027w\" sizes=\"(max-width: 768px) 100vw, 768px\" title=\"concha maya \u2013 SoyMigrante.com REVISTA\" \/>\t\t\t\t\t\t\t\t\t\t\t\t\t\t\t<\/div>\n\t\t\t\t\t<\/div>\n\t\t\t\t<\/div>\n\t\t<div data-particle_enable=\"false\" data-particle-mobile-disabled=\"false\" class=\"elementor-element elementor-element-b9f99c3 e-flex e-con-boxed e-con e-parent\" data-id=\"b9f99c3\" data-element_type=\"container\" data-e-type=\"container\">\n\t\t\t\t\t<div class=\"e-con-inner\">\n\t\t\t\t<div class=\"elementor-element elementor-element-1b40a9e elementor-widget elementor-widget-text-editor\" data-id=\"1b40a9e\" data-element_type=\"widget\" data-e-type=\"widget\" data-widget_type=\"text-editor.default\">\n\t\t\t\t\t\t\t\t\t<p><span style=\"color: var( --e-global-color-text ); text-align: var(--text-align);\">Procedencia de la pieza:\u00a0<\/span><span style=\"color: var( --e-global-color-text ); text-align: var(--text-align);\">Colecci\u00f3n privada, Indiana; Ron Messick Fine Arts, Santa Fe, Nuevo M\u00e9xico; adquirido por John G. Bourne, Santa Fe, 2000; donado a la John G. Bourne Foundation, 2000 [1]; donado al Walters Art Museum, 2013.<br \/>Actualmente se resguarda en el Walters Art Museum, cuyo sitio digital advierte que la pieza no se encuentra en exposici\u00f3n al p\u00fablico actualmente.<\/span><\/p>\t\t\t\t\t\t\t\t<\/div>\n\t\t\t\t\t<\/div>\n\t\t\t\t<\/div>\n\t\t<div data-particle_enable=\"false\" data-particle-mobile-disabled=\"false\" class=\"elementor-element elementor-element-3713201 e-flex e-con-boxed e-con e-parent\" data-id=\"3713201\" data-element_type=\"container\" data-e-type=\"container\">\n\t\t\t\t\t<div class=\"e-con-inner\">\n\t\t\t\t<div class=\"elementor-element elementor-element-425ac0c elementor-widget elementor-widget-heading\" data-id=\"425ac0c\" data-element_type=\"widget\" data-e-type=\"widget\" data-widget_type=\"heading.default\">\n\t\t\t\t\t<h2 class=\"elementor-heading-title elementor-size-default\">El universo maya es fascinante<\/h2>\t\t\t\t<\/div>\n\t\t\t\t\t<\/div>\n\t\t\t\t<\/div>\n\t\t<div data-particle_enable=\"false\" data-particle-mobile-disabled=\"false\" class=\"elementor-element elementor-element-3912b78 e-flex e-con-boxed e-con e-parent\" data-id=\"3912b78\" data-element_type=\"container\" data-e-type=\"container\">\n\t\t\t\t\t<div class=\"e-con-inner\">\n\t\t\t\t<div class=\"elementor-element elementor-element-df81f8b elementor-grid-eael-col-3 elementor-grid-tablet-eael-col-2 elementor-grid-mobile-eael-col-1 elementor-widget elementor-widget-eael-post-grid\" data-id=\"df81f8b\" data-element_type=\"widget\" data-e-type=\"widget\" data-settings=\"{&quot;eael_post_grid_columns&quot;:&quot;eael-col-3&quot;,&quot;eael_post_grid_columns_tablet&quot;:&quot;eael-col-2&quot;,&quot;eael_post_grid_columns_mobile&quot;:&quot;eael-col-1&quot;}\" data-widget_type=\"eael-post-grid.default\">\n\t\t\t\t\t<div id=\"eael-post-grid-df81f8b\" class=\"eael-post-grid-container\">\n            <div class=\"eael-post-grid eael-post-appender eael-post-appender-df81f8b eael-post-grid-style-one\" data-layout-mode=\"masonry\"><article class=\"eael-grid-post  eael-post-grid-column eael-pg-post-6996 category-guate-nuestra\" data-id=\"6996\">\n        <div class=\"eael-grid-post-holder\">\n            <div class=\"eael-grid-post-holder-inner\"><div class=\"eael-entry-media\"><div class=\"eael-entry-overlay fade-in\"><i class=\"far fa-hand-pointer\" aria-hidden=\"true\"><\/i><a href=\"https:\/\/soymigrante.com\/revista\/solsticio-de-verano-marca-sitios-mayas-de-uaxactun-e-iximche\/\"><\/a><\/div><div class=\"eael-entry-thumbnail \">\n                <img loading=\"lazy\" decoding=\"async\" width=\"1024\" height=\"1024\" src=\"https:\/\/soymigrante.com\/revista\/wp-content\/uploads\/2025\/03\/ICE-3-1024x1024.png\" class=\"attachment-large size-large wp-image-53933\" alt=\"equinoccio 20 a 21 de marzo de cada a\u00f1o en uaxactun observatorio maya\" srcset=\"https:\/\/soymigrante.com\/revista\/wp-content\/uploads\/2025\/03\/ICE-3-1024x1024.png 1024w, https:\/\/soymigrante.com\/revista\/wp-content\/uploads\/2025\/03\/ICE-3-300x300.png 300w, https:\/\/soymigrante.com\/revista\/wp-content\/uploads\/2025\/03\/ICE-3-150x150.png 150w, https:\/\/soymigrante.com\/revista\/wp-content\/uploads\/2025\/03\/ICE-3-768x768.png 768w, https:\/\/soymigrante.com\/revista\/wp-content\/uploads\/2025\/03\/ICE-3-75x75.png 75w, https:\/\/soymigrante.com\/revista\/wp-content\/uploads\/2025\/03\/ICE-3-750x750.png 750w, https:\/\/soymigrante.com\/revista\/wp-content\/uploads\/2025\/03\/ICE-3-1140x1140.png 1140w, https:\/\/soymigrante.com\/revista\/wp-content\/uploads\/2025\/03\/ICE-3.png 1200w\" sizes=\"(max-width: 1024px) 100vw, 1024px\" \/>\n            <\/div>\n        <\/div><div class=\"eael-entry-wrapper\"><header class=\"eael-entry-header\"><h2 class=\"eael-entry-title\"><a class=\"eael-grid-post-link\" href=\"https:\/\/soymigrante.com\/revista\/solsticio-de-verano-marca-sitios-mayas-de-uaxactun-e-iximche\/\" title=\"Equinoccio de primavera se celebra entre 20 y 21 de marzo en sitios mayas como Uaxact\u00fan e Iximch\u00e9\">Equinoccio de primavera se celebra entre 20 y 21 de marzo en sitios mayas como Uaxact\u00fan e Iximch\u00e9<\/a><\/h2><\/header><div class=\"eael-entry-content\">\n                        <div class=\"eael-grid-post-excerpt\"><a href=\"https:\/\/soymigrante.com\/revista\/solsticio-de-verano-marca-sitios-mayas-de-uaxactun-e-iximche\/\" class=\"eael-post-elements-readmore-btn\">CONOCE SU HISTORIA <\/a><\/div>\n                    <\/div><\/div><\/div>\n        <\/div>\n    <\/article><article class=\"eael-grid-post  eael-post-grid-column eael-pg-post-5754 category-guate-nuestra\" data-id=\"5754\">\n        <div class=\"eael-grid-post-holder\">\n            <div class=\"eael-grid-post-holder-inner\"><div class=\"eael-entry-media\"><div class=\"eael-entry-overlay fade-in\"><i class=\"far fa-hand-pointer\" aria-hidden=\"true\"><\/i><a href=\"https:\/\/soymigrante.com\/revista\/el-popol-vuh-es-migrante-esta-en-chicago-y-8-datos-que-quiza-no-sabias\/\"><\/a><\/div><div class=\"eael-entry-thumbnail \">\n                <img loading=\"lazy\" decoding=\"async\" width=\"805\" height=\"805\" src=\"https:\/\/soymigrante.com\/revista\/wp-content\/uploads\/2025\/05\/popol-vuh-feature-image.webp\" class=\"attachment-large size-large wp-image-35111\" alt=\"Popol Vuh, acuarela del maestro Maugdo V\u00e1squez. \u00bfEn donde est\u00e1 el manuscrito original del Popol Vuh, libro del pueblo maya k&#039;iche&#039; y Patrimonio Cultural de Guatemala?\" srcset=\"https:\/\/soymigrante.com\/revista\/wp-content\/uploads\/2025\/05\/popol-vuh-feature-image.webp 805w, https:\/\/soymigrante.com\/revista\/wp-content\/uploads\/2025\/05\/popol-vuh-feature-image-300x300.jpg 300w, https:\/\/soymigrante.com\/revista\/wp-content\/uploads\/2025\/05\/popol-vuh-feature-image-150x150.jpg 150w, https:\/\/soymigrante.com\/revista\/wp-content\/uploads\/2025\/05\/popol-vuh-feature-image-768x768.jpg 768w, https:\/\/soymigrante.com\/revista\/wp-content\/uploads\/2025\/05\/popol-vuh-feature-image-75x75.webp 75w, https:\/\/soymigrante.com\/revista\/wp-content\/uploads\/2025\/05\/popol-vuh-feature-image-750x750.jpg 750w\" sizes=\"(max-width: 805px) 100vw, 805px\" \/>\n            <\/div>\n        <\/div><div class=\"eael-entry-wrapper\"><header class=\"eael-entry-header\"><h2 class=\"eael-entry-title\"><a class=\"eael-grid-post-link\" href=\"https:\/\/soymigrante.com\/revista\/el-popol-vuh-es-migrante-esta-en-chicago-y-8-datos-que-quiza-no-sabias\/\" title=\"\u00bfEn donde est\u00e1  el manuscrito original del Popol Vuh, libro del pueblo maya k&#8217;iche&#8217; y Patrimonio Cultural de Guatemala?\">\u00bfEn donde est\u00e1  el manuscrito original del Popol Vuh, libro del pueblo maya k&#8217;iche&#8217; y Patrimonio Cultural de Guatemala?<\/a><\/h2><\/header><div class=\"eael-entry-content\">\n                        <div class=\"eael-grid-post-excerpt\"><a href=\"https:\/\/soymigrante.com\/revista\/el-popol-vuh-es-migrante-esta-en-chicago-y-8-datos-que-quiza-no-sabias\/\" class=\"eael-post-elements-readmore-btn\">CONOCE SU HISTORIA <\/a><\/div>\n                    <\/div><\/div><\/div>\n        <\/div>\n    <\/article><article class=\"eael-grid-post  eael-post-grid-column eael-pg-post-6808 category-guate-nuestra\" data-id=\"6808\">\n        <div class=\"eael-grid-post-holder\">\n            <div class=\"eael-grid-post-holder-inner\"><div class=\"eael-entry-media\"><div class=\"eael-entry-overlay fade-in\"><i class=\"far fa-hand-pointer\" aria-hidden=\"true\"><\/i><a href=\"https:\/\/soymigrante.com\/revista\/la-danta-de-el-mirador-la-mayor-piramide-del-mundo-7-datos\/\"><\/a><\/div><div class=\"eael-entry-thumbnail \">\n                <img loading=\"lazy\" decoding=\"async\" width=\"466\" height=\"466\" src=\"https:\/\/soymigrante.com\/revista\/wp-content\/uploads\/2024\/06\/la-danta.webp\" class=\"attachment-large size-large wp-image-6810\" alt=\"Formaci\u00f3n geol\u00f3gica con formaciones destacadas en un paisaje \u00e1rido, resaltando la belleza natural y la importancia del medio ambiente en el contexto de la migraci\u00f3n y la cultura.\" srcset=\"https:\/\/soymigrante.com\/revista\/wp-content\/uploads\/2024\/06\/la-danta.webp 466w, https:\/\/soymigrante.com\/revista\/wp-content\/uploads\/2024\/06\/la-danta-300x300.webp 300w, https:\/\/soymigrante.com\/revista\/wp-content\/uploads\/2024\/06\/la-danta-150x150.webp 150w, https:\/\/soymigrante.com\/revista\/wp-content\/uploads\/2024\/06\/la-danta-75x75.webp 75w\" sizes=\"(max-width: 466px) 100vw, 466px\" \/>\n            <\/div>\n        <\/div><div class=\"eael-entry-wrapper\"><header class=\"eael-entry-header\"><h2 class=\"eael-entry-title\"><a class=\"eael-grid-post-link\" href=\"https:\/\/soymigrante.com\/revista\/la-danta-de-el-mirador-la-mayor-piramide-del-mundo-7-datos\/\" title=\"La Danta de El Mirador, la mayor pir\u00e1mide del mundo: 7 datos\">La Danta de El Mirador, la mayor pir\u00e1mide del mundo: 7 datos<\/a><\/h2><\/header><div class=\"eael-entry-content\">\n                        <div class=\"eael-grid-post-excerpt\"><a href=\"https:\/\/soymigrante.com\/revista\/la-danta-de-el-mirador-la-mayor-piramide-del-mundo-7-datos\/\" class=\"eael-post-elements-readmore-btn\">CONOCE SU HISTORIA <\/a><\/div>\n                    <\/div><\/div><\/div>\n        <\/div>\n    <\/article><\/div>\n            <div class=\"clearfix\"><\/div>\n        <\/div>\t\t\t\t<\/div>\n\t\t\t\t\t<\/div>\n\t\t\t\t<\/div>\n\t\t\t\t<\/div>\n\t\t","protected":false},"excerpt":{"rendered":"<p>Es una pieza maravillosa, resguardada en The Walters Art Museum de Baltimore. Sus llamativos detalles pr\u00e1cticamente evocan la escena de un ancestro que regresa a la superficie a trav\u00e9s de una concha marina que simboliza la puerta al Inframundo. Los incensarios mayas suelen tener elaborados dise\u00f1os, precisamente por su funci\u00f3n de objetos rituales. En este,\u00a0aparentemente [&hellip;]<\/p>\n","protected":false},"author":7,"featured_media":7990,"comment_status":"open","ping_status":"open","sticky":false,"template":"","format":"standard","meta":{"_acf_changed":false,"_eb_attr":"","footnotes":""},"categories":[58],"tags":[134],"class_list":["post-7989","post","type-post","status-publish","format-standard","has-post-thumbnail","hentry","category-guate-nuestra","tag-joyas-mayas-migrantes"],"acf":[],"aioseo_notices":[],"aioseo_head":"\n\t\t<!-- All in One SEO Pro 4.9.6.2 - aioseo.com -->\n\t<meta name=\"description\" content=\"La gigantesca pir\u00e1mide La Danta y la antigua ciudad maya de El Mirador en Pet\u00e9n, Guatemala, son s\u00edmbolos de la magnificencia prehisp\u00e1nica: un tesoro cultural, arqueol\u00f3gico y natural que debe ser protegido y conservado. El sitio El Mirador, en el norte de Pet\u00e9n, Guatemala, se encuentra dentro de una cuenca considerada como la Cuna de Es un s\u00edmbolo de la magnificencia maya preshisp\u00e1nica. La Danta es considerada la pir\u00e1mite m\u00e1s grande del mundo, pero en El Mirador hay mucho m\u00e1s. Conoce m\u00e1s.\" \/>\n\t<meta name=\"robots\" content=\"max-snippet:-1, max-image-preview:large, max-video-preview:-1\" \/>\n\t<meta name=\"author\" content=\"Gustavo Montenegro\"\/>\n\t<link rel=\"canonical\" href=\"https:\/\/soymigrante.com\/revista\/joyas-mayas-migrantes-incensario-con-antepasado-y-concha-marina-en-baltimore\/\" \/>\n\t<meta name=\"generator\" content=\"All in One SEO Pro (AIOSEO) 4.9.6.2\" \/>\n\n\t\t<link rel=\"preconnect\" href=\"https:\/\/fonts.googleapis.com\" crossorigin>\n<link rel=\"preconnect\" href=\"https:\/\/fonts.gstatic.com\" crossorigin>\n\t\t<meta property=\"og:locale\" content=\"es_ES\" \/>\n\t\t<meta property=\"og:site_name\" content=\"SoyMigrante.com REVISTA \u2013 Nuestra misi\u00f3n es reconocer y dignificar al migrante.\" \/>\n\t\t<meta property=\"og:type\" content=\"article\" \/>\n\t\t<meta property=\"og:title\" content=\"Joyas mayas migrantes: incensario con antepasado, en Baltimore\" \/>\n\t\t<meta property=\"og:description\" content=\"Magn\u00edfica pieza maya proveniente de la Costa Sur de Guatemala. Est\u00e1 bajo resguardo en el Walters Art Museum, de Baltimore. M\u00edrala de cerca y conoce detalles aqu\u00ed\" \/>\n\t\t<meta property=\"og:url\" content=\"https:\/\/soymigrante.com\/revista\/joyas-mayas-migrantes-incensario-con-antepasado-y-concha-marina-en-baltimore\/\" \/>\n\t\t<meta property=\"og:image\" content=\"https:\/\/soymigrante.com\/revista\/wp-content\/uploads\/2024\/08\/pieza-maya-baltimore-8.webp\" \/>\n\t\t<meta property=\"og:image:secure_url\" content=\"https:\/\/soymigrante.com\/revista\/wp-content\/uploads\/2024\/08\/pieza-maya-baltimore-8.webp\" \/>\n\t\t<meta property=\"og:image:width\" content=\"782\" \/>\n\t\t<meta property=\"og:image:height\" content=\"782\" \/>\n\t\t<meta property=\"article:published_time\" content=\"2024-08-12T23:50:18+00:00\" \/>\n\t\t<meta property=\"article:modified_time\" content=\"2025-05-22T20:48:07+00:00\" \/>\n\t\t<meta property=\"article:publisher\" content=\"https:\/\/www.facebook.com\/soymigrantecom\" \/>\n\t\t<meta name=\"twitter:card\" content=\"summary_large_image\" \/>\n\t\t<meta name=\"twitter:site\" content=\"@SoyMigrante_com\" \/>\n\t\t<meta name=\"twitter:title\" content=\"Joyas mayas migrantes: incensario con antepasado, en Baltimore\" \/>\n\t\t<meta name=\"twitter:description\" content=\"Magn\u00edfica pieza maya proveniente de la Costa Sur de Guatemala. Est\u00e1 bajo resguardo en el Walters Art Museum, de Baltimore. M\u00edrala de cerca y conoce detalles aqu\u00ed\" \/>\n\t\t<meta name=\"twitter:creator\" content=\"@SoyMigrante_com\" \/>\n\t\t<meta name=\"twitter:image\" content=\"https:\/\/soymigrante.com\/revista\/wp-content\/uploads\/2024\/08\/pieza-maya-baltimore-8.webp\" \/>\n\t\t<!-- All in One SEO Pro -->\r\n\t\t<title>Joyas mayas migrantes: incensario con antepasado, en Baltimore<\/title>\n\n","aioseo_head_json":{"title":"Joyas mayas migrantes: incensario con antepasado, en Baltimore","description":"Magn\u00edfica pieza maya proveniente de la Costa Sur de Guatemala. Est\u00e1 bajo resguardo en el Walters Art Museum, de Baltimore. M\u00edrala de cerca y conoce detalles aqu\u00ed","canonical_url":"https:\/\/soymigrante.com\/revista\/joyas-mayas-migrantes-incensario-con-antepasado-y-concha-marina-en-baltimore\/","robots":"max-snippet:-1, max-image-preview:large, max-video-preview:-1","keywords":"","webmasterTools":{"miscellaneous":"&lt;link rel=\"preconnect\" href=\"https:\/\/fonts.googleapis.com\" crossorigin&gt;\n&lt;link rel=\"preconnect\" href=\"https:\/\/fonts.gstatic.com\" crossorigin&gt;"},"schema":null,"og:locale":"es_ES","og:site_name":"SoyMigrante.com REVISTA \u2013 Nuestra misi\u00f3n es reconocer y dignificar al migrante.","og:type":"article","og:title":"Joyas mayas migrantes: incensario con antepasado, en Baltimore","og:description":"Magn\u00edfica pieza maya proveniente de la Costa Sur de Guatemala. Est\u00e1 bajo resguardo en el Walters Art Museum, de Baltimore. M\u00edrala de cerca y conoce detalles aqu\u00ed","og:url":"https:\/\/soymigrante.com\/revista\/joyas-mayas-migrantes-incensario-con-antepasado-y-concha-marina-en-baltimore\/","og:image":"https:\/\/soymigrante.com\/revista\/wp-content\/uploads\/2024\/08\/pieza-maya-baltimore-8.webp","og:image:secure_url":"https:\/\/soymigrante.com\/revista\/wp-content\/uploads\/2024\/08\/pieza-maya-baltimore-8.webp","og:image:width":782,"og:image:height":782,"article:published_time":"2024-08-12T23:50:18+00:00","article:modified_time":"2025-05-22T20:48:07+00:00","article:publisher":"https:\/\/www.facebook.com\/soymigrantecom","twitter:card":"summary_large_image","twitter:site":"@SoyMigrante_com","twitter:title":"Joyas mayas migrantes: incensario con antepasado, en Baltimore","twitter:description":"Magn\u00edfica pieza maya proveniente de la Costa Sur de Guatemala. Est\u00e1 bajo resguardo en el Walters Art Museum, de Baltimore. M\u00edrala de cerca y conoce detalles aqu\u00ed","twitter:creator":"@SoyMigrante_com","twitter:image":"https:\/\/soymigrante.com\/revista\/wp-content\/uploads\/2024\/08\/pieza-maya-baltimore-8.webp"},"aioseo_meta_data":{"post_id":"7989","title":"Joyas mayas migrantes: incensario con antepasado, en Baltimore","description":"Magn\u00edfica pieza maya proveniente de la Costa Sur de Guatemala. Est\u00e1 bajo resguardo en el Walters Art Museum, de Baltimore. M\u00edrala de cerca y conoce detalles aqu\u00ed","keywords":null,"keyphrases":{"focus":{"keyphrase":"Joyas mayas","score":51,"analysis":{"keyphraseInTitle":{"score":9,"maxScore":9,"error":0},"keyphraseInDescription":{"score":3,"maxScore":9,"error":1},"keyphraseLength":{"score":9,"maxScore":9,"error":0,"length":2},"keyphraseInURL":{"score":5,"maxScore":5,"error":0},"keyphraseInIntroduction":{"score":3,"maxScore":9,"error":1},"keyphraseInSubHeadings":{"score":3,"maxScore":9,"error":1},"keyphraseInImageAlt":{"score":3,"maxScore":9,"error":1},"keywordDensity":{"score":0,"type":"low","maxScore":9,"error":1}}},"additional":[{"keyphrase":"Guatemala","score":53,"analysis":{"keyphraseInDescription":{"score":9,"maxScore":9,"error":0},"keyphraseLength":{"score":9,"maxScore":9,"error":0,"length":1},"keyphraseInIntroduction":{"score":3,"maxScore":9,"error":1},"keyphraseInImageAlt":{"score":3,"maxScore":9,"error":1},"keywordDensity":{"score":0,"type":"low","maxScore":9,"error":1}}},{"keyphrase":"Mayas","score":40,"analysis":{"keyphraseInDescription":{"score":3,"maxScore":9,"error":1},"keyphraseLength":{"score":9,"maxScore":9,"error":0,"length":1},"keyphraseInIntroduction":{"score":3,"maxScore":9,"error":1},"keyphraseInImageAlt":{"score":3,"maxScore":9,"error":1},"keywordDensity":{"score":0,"type":"low","maxScore":9,"error":1}}}]},"primary_term":null,"canonical_url":null,"og_title":null,"og_description":null,"og_object_type":"default","og_image_type":"default","og_image_url":null,"og_image_width":null,"og_image_height":null,"og_image_custom_url":null,"og_image_custom_fields":null,"og_video":"","og_custom_url":null,"og_article_section":null,"og_article_tags":null,"twitter_use_og":false,"twitter_card":"default","twitter_image_type":"default","twitter_image_url":null,"twitter_image_custom_url":null,"twitter_image_custom_fields":null,"twitter_title":null,"twitter_description":null,"schema":{"blockGraphs":[],"customGraphs":[],"default":{"data":{"Article":[],"Course":[],"Dataset":[],"FAQPage":[],"Movie":[],"Person":[],"Product":[],"ProductReview":[],"Car":[],"Recipe":[],"Service":[],"SoftwareApplication":[],"WebPage":[]},"graphName":"Article","isEnabled":true},"graphs":[]},"schema_type":"default","schema_type_options":null,"pillar_content":false,"robots_default":true,"robots_noindex":false,"robots_noarchive":false,"robots_nosnippet":false,"robots_nofollow":false,"robots_noimageindex":false,"robots_noodp":false,"robots_notranslate":false,"robots_max_snippet":"-1","robots_max_videopreview":"-1","robots_max_imagepreview":"large","priority":null,"frequency":"default","local_seo":null,"seo_analyzer_scan_date":"2025-10-08 22:31:14","breadcrumb_settings":null,"limit_modified_date":false,"reviewed_by":null,"open_ai":"{\"title\":{\"suggestions\":[],\"usage\":0},\"description\":{\"suggestions\":[],\"usage\":0}}","ai":null,"created":"2024-08-12 18:27:35","updated":"2026-02-04 12:33:24"},"aioseo_breadcrumb":"<div class=\"aioseo-breadcrumbs\"><span class=\"aioseo-breadcrumb\">\n\t<a href=\"https:\/\/soymigrante.com\/revista\" title=\"Home\">Home<\/a>\n<\/span><span class=\"aioseo-breadcrumb-separator\">\u00bb<\/span><span class=\"aioseo-breadcrumb\">\n\t<a href=\"https:\/\/soymigrante.com\/revista\/category\/guate-nuestra\/\" title=\"Guate Nuestra\">Guate Nuestra<\/a>\n<\/span><span class=\"aioseo-breadcrumb-separator\">\u00bb<\/span><span class=\"aioseo-breadcrumb\">\n\tJoyas mayas migrantes: Incensario con antepasado y concha marina en Baltimore\n<\/span><\/div>","aioseo_breadcrumb_json":[{"label":"Home","link":"https:\/\/soymigrante.com\/revista"},{"label":"Guate Nuestra","link":"https:\/\/soymigrante.com\/revista\/category\/guate-nuestra\/"},{"label":"Joyas mayas migrantes: Incensario con antepasado y concha marina en Baltimore","link":"https:\/\/soymigrante.com\/revista\/joyas-mayas-migrantes-incensario-con-antepasado-y-concha-marina-en-baltimore\/"}],"_links":{"self":[{"href":"https:\/\/soymigrante.com\/revista\/wp-json\/wp\/v2\/posts\/7989","targetHints":{"allow":["GET"]}}],"collection":[{"href":"https:\/\/soymigrante.com\/revista\/wp-json\/wp\/v2\/posts"}],"about":[{"href":"https:\/\/soymigrante.com\/revista\/wp-json\/wp\/v2\/types\/post"}],"author":[{"embeddable":true,"href":"https:\/\/soymigrante.com\/revista\/wp-json\/wp\/v2\/users\/7"}],"replies":[{"embeddable":true,"href":"https:\/\/soymigrante.com\/revista\/wp-json\/wp\/v2\/comments?post=7989"}],"version-history":[{"count":3,"href":"https:\/\/soymigrante.com\/revista\/wp-json\/wp\/v2\/posts\/7989\/revisions"}],"predecessor-version":[{"id":34366,"href":"https:\/\/soymigrante.com\/revista\/wp-json\/wp\/v2\/posts\/7989\/revisions\/34366"}],"wp:featuredmedia":[{"embeddable":true,"href":"https:\/\/soymigrante.com\/revista\/wp-json\/wp\/v2\/media\/7990"}],"wp:attachment":[{"href":"https:\/\/soymigrante.com\/revista\/wp-json\/wp\/v2\/media?parent=7989"}],"wp:term":[{"taxonomy":"category","embeddable":true,"href":"https:\/\/soymigrante.com\/revista\/wp-json\/wp\/v2\/categories?post=7989"},{"taxonomy":"post_tag","embeddable":true,"href":"https:\/\/soymigrante.com\/revista\/wp-json\/wp\/v2\/tags?post=7989"}],"curies":[{"name":"wp","href":"https:\/\/api.w.org\/{rel}","templated":true}]}}