{"id":7973,"date":"2024-11-28T05:00:00","date_gmt":"2024-11-28T11:00:00","guid":{"rendered":"https:\/\/soymigrante.com\/revista\/?p=7973"},"modified":"2024-11-30T22:48:23","modified_gmt":"2024-12-01T04:48:23","slug":"tejedoras-mayas-preservan-su-herencia-plasmada-de-cosmovision","status":"publish","type":"post","link":"https:\/\/soymigrante.com\/revista\/tejedoras-mayas-preservan-su-herencia-plasmada-de-cosmovision\/","title":{"rendered":"Tejedoras mayas impulsan una herencia ancestral de cara al futuro"},"content":{"rendered":"\t\t<div data-elementor-type=\"wp-post\" data-elementor-id=\"7973\" class=\"elementor elementor-7973\" data-elementor-post-type=\"post\">\n\t\t\t\t<div data-particle_enable=\"false\" data-particle-mobile-disabled=\"false\" class=\"elementor-element elementor-element-1ce2394 e-flex e-con-boxed e-con e-parent\" data-id=\"1ce2394\" data-element_type=\"container\" data-e-type=\"container\">\n\t\t\t\t\t<div class=\"e-con-inner\">\n\t\t\t\t<div class=\"elementor-element elementor-element-85dd9a1 elementor-widget elementor-widget-heading\" data-id=\"85dd9a1\" data-element_type=\"widget\" data-e-type=\"widget\" data-widget_type=\"heading.default\">\n\t\t\t\t\t<h2 class=\"elementor-heading-title elementor-size-default\">Un grupo de artesanas mayas  impulsan el Movimiento Nacional de Tejedoras que busca preservar una herencia ancestral a trav\u00e9s de la educaci\u00f3n y la dignificaci\u00f3n. <\/h2>\t\t\t\t<\/div>\n\t\t\t\t\t<\/div>\n\t\t\t\t<\/div>\n\t\t<div data-particle_enable=\"false\" data-particle-mobile-disabled=\"false\" class=\"elementor-element elementor-element-97c4c8e e-flex e-con-boxed e-con e-parent\" data-id=\"97c4c8e\" data-element_type=\"container\" data-e-type=\"container\">\n\t\t\t\t\t<div class=\"e-con-inner\">\n\t\t\t\t<div class=\"elementor-element elementor-element-29bb1db elementor-widget elementor-widget-text-editor\" data-id=\"29bb1db\" data-element_type=\"widget\" data-e-type=\"widget\" data-widget_type=\"text-editor.default\">\n\t\t\t\t\t\t\t\t\t<p>Aunque a partir de la d\u00e9cada del 2000 logran un eco en la sociedad guatemalteco, desde los a\u00f1os 80 ha existido iniciativas para dignificar la labor de las mujeres tejedoras, quienes en cada pieza trabajada plasman s\u00edmbolos ancestrales mayas que encajan con una cosmovisi\u00f3n rica en valores como la hermandad, la solidaridad y la vida.\u00a0<\/p><p>\u00a0\u201cDescubrimos que el 80 por ciento de las integrantes de la asociaci\u00f3n desarrollaban actividades agropecuarias y agr\u00edcolas, pero casi todas tej\u00edan y vimos que era importante. El artista deb\u00eda vivir de su arte\u201d, refiere Milvian Aspuac coordinadora del Movimiento Nacional de Tejedoras mientras se desplazaba por una comunidad en Santiago Sacatep\u00e9quez.<\/p>\t\t\t\t\t\t\t\t<\/div>\n\t\t\t\t<div class=\"elementor-element elementor-element-b75f7c1 elementor-widget elementor-widget-image\" data-id=\"b75f7c1\" data-element_type=\"widget\" data-e-type=\"widget\" data-widget_type=\"image.default\">\n\t\t\t\t\t\t\t\t\t\t\t\t<figure class=\"wp-caption\">\n\t\t\t\t\t\t\t\t\t\t<img fetchpriority=\"high\" decoding=\"async\" width=\"768\" height=\"427\" src=\"https:\/\/soymigrante.com\/revista\/wp-content\/uploads\/2024\/08\/tejedoras-guatemaltecas-soy-migrante5-1024x569.webp\" class=\"attachment-large size-large wp-image-7976\" alt=\"Colores vibrantes y tejidos tradicionales de la cultura ind\u00edgena mexicana, exhibidos en una presentaci\u00f3n art\u00edstica de arte textil y bordados en la revista SoyMigrante.com REVISTA.\" srcset=\"https:\/\/soymigrante.com\/revista\/wp-content\/uploads\/2024\/08\/tejedoras-guatemaltecas-soy-migrante5-1024x569.webp 1024w, https:\/\/soymigrante.com\/revista\/wp-content\/uploads\/2024\/08\/tejedoras-guatemaltecas-soy-migrante5-300x167.webp 300w, https:\/\/soymigrante.com\/revista\/wp-content\/uploads\/2024\/08\/tejedoras-guatemaltecas-soy-migrante5-768x427.webp 768w, https:\/\/soymigrante.com\/revista\/wp-content\/uploads\/2024\/08\/tejedoras-guatemaltecas-soy-migrante5-1536x854.webp 1536w, https:\/\/soymigrante.com\/revista\/wp-content\/uploads\/2024\/08\/tejedoras-guatemaltecas-soy-migrante5-750x417.webp 750w, https:\/\/soymigrante.com\/revista\/wp-content\/uploads\/2024\/08\/tejedoras-guatemaltecas-soy-migrante5-1140x633.webp 1140w, https:\/\/soymigrante.com\/revista\/wp-content\/uploads\/2024\/08\/tejedoras-guatemaltecas-soy-migrante5.webp 1920w\" sizes=\"(max-width: 768px) 100vw, 768px\" title=\"tejedoras guatemaltecas soy migrante5 \u2013 SoyMigrante.com REVISTA\" \/>\t\t\t\t\t\t\t\t\t\t\t<figcaption class=\"widget-image-caption wp-caption-text\">Textiles y bordados coloridos de comunidades ind\u00edgenas mexicanas exhibidos en una exposici\u00f3n cultural en la revista SoyMigrante.com REVISTA.<\/figcaption>\n\t\t\t\t\t\t\t\t\t\t<\/figure>\n\t\t\t\t\t\t\t\t\t<\/div>\n\t\t\t\t\t<\/div>\n\t\t\t\t<\/div>\n\t\t<div data-particle_enable=\"false\" data-particle-mobile-disabled=\"false\" class=\"elementor-element elementor-element-54865ba e-flex e-con-boxed e-con e-parent\" data-id=\"54865ba\" data-element_type=\"container\" data-e-type=\"container\">\n\t\t\t\t\t<div class=\"e-con-inner\">\n\t\t\t\t<div class=\"elementor-element elementor-element-11830c0 elementor-widget elementor-widget-heading\" data-id=\"11830c0\" data-element_type=\"widget\" data-e-type=\"widget\" data-widget_type=\"heading.default\">\n\t\t\t\t\t<h3 class=\"elementor-heading-title elementor-size-default\">Incansable lucha con precedente<\/h3>\t\t\t\t<\/div>\n\t\t\t\t\t<\/div>\n\t\t\t\t<\/div>\n\t\t<div data-particle_enable=\"false\" data-particle-mobile-disabled=\"false\" class=\"elementor-element elementor-element-526213f e-flex e-con-boxed e-con e-parent\" data-id=\"526213f\" data-element_type=\"container\" data-e-type=\"container\">\n\t\t\t\t\t<div class=\"e-con-inner\">\n\t\t\t\t<div class=\"elementor-element elementor-element-e45848d elementor-widget elementor-widget-text-editor\" data-id=\"e45848d\" data-element_type=\"widget\" data-e-type=\"widget\" data-widget_type=\"text-editor.default\">\n\t\t\t\t\t\t\t\t\t<p>Aspuac manifiesta que les preocup\u00f3 como varios pueblos mayas cercanos a\u00a0<span style=\"color: var( --e-global-color-text ); text-align: var(--text-align);\">zonas urbanas han perdido identidad indumentaria y c\u00f3mo tambi\u00e9n el tema econ\u00f3mico afectaba a las tejedoras. Fue as\u00ed como en el 2005 crean una escuela para ense\u00f1ar, pero tambi\u00e9n para preservar el tejido en Guatemala.<\/span><\/p>\t\t\t\t\t\t\t\t<\/div>\n\t\t\t\t\t<\/div>\n\t\t\t\t<\/div>\n\t\t<div data-particle_enable=\"false\" data-particle-mobile-disabled=\"false\" class=\"elementor-element elementor-element-7ec4107 e-flex e-con-boxed e-con e-parent\" data-id=\"7ec4107\" data-element_type=\"container\" data-e-type=\"container\">\n\t\t\t\t\t<div class=\"e-con-inner\">\n\t\t\t\t<div class=\"elementor-element elementor-element-fba9c1e elementor-widget elementor-widget-text-editor\" data-id=\"fba9c1e\" data-element_type=\"widget\" data-e-type=\"widget\" data-widget_type=\"text-editor.default\">\n\t\t\t\t\t\t\t\t\t<p><span style=\"font-family: Roboto, sans-serif; font-size: 16px; font-style: normal; font-weight: 400; color: var( --e-global-color-text ); text-align: var(--text-align);\">\u201cTejer significa una forma de vida\u201d, a\u00f1ade Aspuac, por lo cual han buscado la manera de recuperar las t\u00e9cnicas tradicionales de tejido y de proveer a ni\u00f1as y j\u00f3venes, de varias comunidades mayas del pa\u00eds, de los conocimientos as\u00ed como de las herramientas para poder mantener este conocimiento.<\/span><\/p>\t\t\t\t\t\t\t\t<\/div>\n\t\t\t\t\t<\/div>\n\t\t\t\t<\/div>\n\t\t<div data-particle_enable=\"false\" data-particle-mobile-disabled=\"false\" class=\"elementor-element elementor-element-388d63e e-flex e-con-boxed e-con e-parent\" data-id=\"388d63e\" data-element_type=\"container\" data-e-type=\"container\">\n\t\t\t\t\t<div class=\"e-con-inner\">\n\t\t\t\t<div class=\"elementor-element elementor-element-47da632 elementor-widget elementor-widget-image\" data-id=\"47da632\" data-element_type=\"widget\" data-e-type=\"widget\" data-widget_type=\"image.default\">\n\t\t\t\t\t\t\t\t\t\t\t\t\t\t\t<img decoding=\"async\" width=\"768\" height=\"512\" src=\"https:\/\/soymigrante.com\/revista\/wp-content\/uploads\/2024\/11\/the-10-1024x683.jpg\" class=\"attachment-large size-large wp-image-14932\" alt=\"Celebraci\u00f3n de graduaci\u00f3n en una escuela tradicional ind\u00edgena, con mujeres y ni\u00f1as vestidas con trajes t\u00edpicos, en un acto que refleja cultura y educaci\u00f3n en comunidades originarias.\" srcset=\"https:\/\/soymigrante.com\/revista\/wp-content\/uploads\/2024\/11\/the-10-1024x683.jpg 1024w, https:\/\/soymigrante.com\/revista\/wp-content\/uploads\/2024\/11\/the-10-300x200.jpg 300w, https:\/\/soymigrante.com\/revista\/wp-content\/uploads\/2024\/11\/the-10-768x512.jpg 768w, https:\/\/soymigrante.com\/revista\/wp-content\/uploads\/2024\/11\/the-10-1536x1024.jpg 1536w, https:\/\/soymigrante.com\/revista\/wp-content\/uploads\/2024\/11\/the-10-750x500.webp 750w, https:\/\/soymigrante.com\/revista\/wp-content\/uploads\/2024\/11\/the-10-1140x760.webp 1140w, https:\/\/soymigrante.com\/revista\/wp-content\/uploads\/2024\/11\/the-10.webp 1920w\" sizes=\"(max-width: 768px) 100vw, 768px\" title=\"En diversas comunidades del pa\u00eds como Santa Mar\u00eda de Jes\u00fas, Sacatep\u00e9quez se han efectuado convocatorias para la escuela de tejedoras, a fin de que ni\u00f1as y j\u00f3venes mayas puedan aprender la simbolog\u00eda y las t\u00e9cnicas de tejido tradicional que pueden llegar a representar un ingreso econ\u00f3mico digno. \u2013 SoyMigrante.com REVISTA\" \/>\t\t\t\t\t\t\t\t\t\t\t\t\t\t\t<\/div>\n\t\t\t\t\t<\/div>\n\t\t\t\t<\/div>\n\t\t<div data-particle_enable=\"false\" data-particle-mobile-disabled=\"false\" class=\"elementor-element elementor-element-7f93773 e-flex e-con-boxed e-con e-parent\" data-id=\"7f93773\" data-element_type=\"container\" data-e-type=\"container\">\n\t\t\t\t\t<div class=\"e-con-inner\">\n\t\t\t\t<div class=\"elementor-element elementor-element-7029a8d elementor-widget elementor-widget-heading\" data-id=\"7029a8d\" data-element_type=\"widget\" data-e-type=\"widget\" data-widget_type=\"heading.default\">\n\t\t\t\t\t<h3 class=\"elementor-heading-title elementor-size-default\">Uni\u00f3n para impulsar una herencia colectiva<\/h3>\t\t\t\t<\/div>\n\t\t\t\t\t<\/div>\n\t\t\t\t<\/div>\n\t\t<div data-particle_enable=\"false\" data-particle-mobile-disabled=\"false\" class=\"elementor-element elementor-element-90850a9 e-flex e-con-boxed e-con e-parent\" data-id=\"90850a9\" data-element_type=\"container\" data-e-type=\"container\">\n\t\t\t\t\t<div class=\"e-con-inner\">\n\t\t\t\t<div class=\"elementor-element elementor-element-4c6e1cb elementor-widget elementor-widget-text-editor\" data-id=\"4c6e1cb\" data-element_type=\"widget\" data-e-type=\"widget\" data-widget_type=\"text-editor.default\">\n\t\t\t\t\t\t\t\t\t<p>Actualmente no existe una cifra real de cu\u00e1ntas tejedoras hay en Guatemala, pero Aspuac estima que la cifra puede superar el mill\u00f3n y medio.<\/p><p>Aspuac recuerda que cuando han tenido la oportunidad de reunirse con comunidades han llegado de 40 hasta 1,200 mujeres, en su mayor\u00eda tejedoras, a las asambleas comunitarias a nivel nacional, desde donde se organizan para conocer las necesidades, retos y desaf\u00edos de la mujer tejedora guatemalteca.<\/p><p>Dentro de las dificultades m\u00e1s frecuentes est\u00e1 el econ\u00f3mico, tanto para sufragar los costos de hilos y tiempo dedicado a la tarea de tejer, as\u00ed como la distribuci\u00f3n y la posibilidad de cobrar el trabajo invertido en estos textiles.\u00a0 Para ello buscan alternativas que eliminen al intermediario, para poner en contacto a las tejedoras con potenciales compradores que valoren la tarea ancestral.<\/p>\t\t\t\t\t\t\t\t<\/div>\n\t\t\t\t\t<\/div>\n\t\t\t\t<\/div>\n\t\t<div data-particle_enable=\"false\" data-particle-mobile-disabled=\"false\" class=\"elementor-element elementor-element-c7a8fbf e-flex e-con-boxed e-con e-parent\" data-id=\"c7a8fbf\" data-element_type=\"container\" data-e-type=\"container\">\n\t\t\t\t\t<div class=\"e-con-inner\">\n\t\t\t\t<div class=\"elementor-element elementor-element-c8161c4 elementor-widget elementor-widget-image\" data-id=\"c8161c4\" data-element_type=\"widget\" data-e-type=\"widget\" data-widget_type=\"image.default\">\n\t\t\t\t\t\t\t\t\t\t\t\t<figure class=\"wp-caption\">\n\t\t\t\t\t\t\t\t\t\t\t<a href=\"https:\/\/soymigrante.com\/mercado\/marketplace\/seller\/register\">\n\t\t\t\t\t\t\t<img decoding=\"async\" width=\"768\" height=\"363\" src=\"https:\/\/soymigrante.com\/revista\/wp-content\/uploads\/2024\/11\/soymigrantecom-MERCADO-3-1024x484.jpg\" class=\"attachment-large size-large wp-image-13815\" alt=\"Colorido mercado en l\u00ednea de productos artesanales guatemaltecos, regalos personalizados y hechos a mano en SoyMigrante.com REVISTA. Compra productos \u00fanicos, hechos a mano y con tradici\u00f3n en Guatemala, promoviendo la cultura y artesan\u00eda local.\" srcset=\"https:\/\/soymigrante.com\/revista\/wp-content\/uploads\/2024\/11\/soymigrantecom-MERCADO-3-1024x484.jpg 1024w, https:\/\/soymigrante.com\/revista\/wp-content\/uploads\/2024\/11\/soymigrantecom-MERCADO-3-300x142.jpg 300w, https:\/\/soymigrante.com\/revista\/wp-content\/uploads\/2024\/11\/soymigrantecom-MERCADO-3-768x363.jpg 768w, https:\/\/soymigrante.com\/revista\/wp-content\/uploads\/2024\/11\/soymigrantecom-MERCADO-3-1536x727.jpg 1536w, https:\/\/soymigrante.com\/revista\/wp-content\/uploads\/2024\/11\/soymigrantecom-MERCADO-3-750x355.webp 750w, https:\/\/soymigrante.com\/revista\/wp-content\/uploads\/2024\/11\/soymigrantecom-MERCADO-3-1140x539.webp 1140w, https:\/\/soymigrante.com\/revista\/wp-content\/uploads\/2024\/11\/soymigrantecom-MERCADO-3.webp 1653w\" sizes=\"(max-width: 768px) 100vw, 768px\" title=\"La plataforma digital SoyMigrante.com MERCADO es una comunidad que re\u00fane a compradores y vendedores, sin l\u00edmite geogr\u00e1fico ni de horario. Puedes conocer m\u00e1s sobre este proyecto dando clic en la imagen. \u2013 SoyMigrante.com REVISTA\" \/>\t\t\t\t\t\t\t\t<\/a>\n\t\t\t\t\t\t\t\t\t\t\t<figcaption class=\"widget-image-caption wp-caption-text\">En la comunidad digital SoyMigrante.com MERCADO toda artesana textil podr\u00e1 abrir su propia tienda, anunciar sus productos y establecer su precio. Es una oportunidad para dignificar el trabajo que exige cada textil, que a su vez refleja una historia de esfuerzoy una herencia ancestral. Para registrarse dar clic en la imagen<\/figcaption>\n\t\t\t\t\t\t\t\t\t\t<\/figure>\n\t\t\t\t\t\t\t\t\t<\/div>\n\t\t\t\t\t<\/div>\n\t\t\t\t<\/div>\n\t\t<div data-particle_enable=\"false\" data-particle-mobile-disabled=\"false\" class=\"elementor-element elementor-element-5ab5817 e-flex e-con-boxed e-con e-parent\" data-id=\"5ab5817\" data-element_type=\"container\" data-e-type=\"container\">\n\t\t\t\t\t<div class=\"e-con-inner\">\n\t\t\t\t<div class=\"elementor-element elementor-element-dcdf02b elementor-widget elementor-widget-heading\" data-id=\"dcdf02b\" data-element_type=\"widget\" data-e-type=\"widget\" data-widget_type=\"heading.default\">\n\t\t\t\t\t<h3 class=\"elementor-heading-title elementor-size-default\">Inspiraci\u00f3n que nace de la cosmovisi\u00f3n<\/h3>\t\t\t\t<\/div>\n\t\t\t\t\t<\/div>\n\t\t\t\t<\/div>\n\t\t<div data-particle_enable=\"false\" data-particle-mobile-disabled=\"false\" class=\"elementor-element elementor-element-c800ed3 e-flex e-con-boxed e-con e-parent\" data-id=\"c800ed3\" data-element_type=\"container\" data-e-type=\"container\">\n\t\t\t\t\t<div class=\"e-con-inner\">\n\t\t\t\t<div class=\"elementor-element elementor-element-3fc2764 elementor-widget elementor-widget-text-editor\" data-id=\"3fc2764\" data-element_type=\"widget\" data-e-type=\"widget\" data-widget_type=\"text-editor.default\">\n\t\t\t\t\t\t\t\t\t<p>Algo que explica Aspuac es que, en la actualidad, aunque buscan visibilizar m\u00e1s el trabajo de la mujer tejedora pocas son las que logran exportar sus productos. En la actualidad la modalidad que existe es la que surge a trav\u00e9s de cooperativas y en la que empresas se interesan para exportar la indumentaria o para crear a partir de tejidos mayas art\u00edculos como zapatos, bolsas, cinchos, entre otros.<\/p><p>Los tejidos tambi\u00e9n representan la cosmovisi\u00f3n maya. Al observar el trabajo podemos ver aves, el agua, bosques, flores, entre otros, que conforman el entorno maya.\u00a0<span style=\"color: var( --e-global-color-text );text-align: var(--text-align)\">Aspuac resalta que es importante que un turista o cualquier persona que adquiera piezas con tejidos de mujeres mayas puedan tener un di\u00e1logo para entender as\u00ed la perspectiva y la labor que se crea a partir del tejido, porque ello sobrepasa m\u00e1s all\u00e1 del valor econ\u00f3mico que se le da a una pieza.<\/span><\/p><p>A la hora de comprar una pieza tejido te has preguntado \u00bfpor qu\u00e9 usan esos colores? o \u00bfpor qu\u00e9 tejen las figuras de algunos animales? Sus texturas y simbolismos son \u00fanicos aunque pocas veces observemos detenidamente el por qu\u00e9 de esos tejidos.<\/p><p><span style=\"color: var( --e-global-color-text );text-align: var(--text-align)\">\u00a0<\/span><\/p>\t\t\t\t\t\t\t\t<\/div>\n\t\t\t\t\t<\/div>\n\t\t\t\t<\/div>\n\t\t<div data-particle_enable=\"false\" data-particle-mobile-disabled=\"false\" class=\"elementor-element elementor-element-cc4d1f5 e-flex e-con-boxed e-con e-parent\" data-id=\"cc4d1f5\" data-element_type=\"container\" data-e-type=\"container\">\n\t\t\t\t\t<div class=\"e-con-inner\">\n\t\t\t\t<div class=\"elementor-element elementor-element-03453a1 elementor-grid-eael-col-1 elementor-grid-tablet-eael-col-2 elementor-grid-mobile-eael-col-1 elementor-widget elementor-widget-eael-post-grid\" data-id=\"03453a1\" data-element_type=\"widget\" data-e-type=\"widget\" data-settings=\"{&quot;eael_post_grid_columns&quot;:&quot;eael-col-1&quot;,&quot;eael_post_grid_columns_tablet&quot;:&quot;eael-col-2&quot;,&quot;eael_post_grid_columns_mobile&quot;:&quot;eael-col-1&quot;}\" data-widget_type=\"eael-post-grid.default\">\n\t\t\t\t\t<div id=\"eael-post-grid-03453a1\" class=\"eael-post-grid-container\">\n            <div class=\"eael-post-grid eael-post-appender eael-post-appender-03453a1 eael-post-grid-style-one\" data-layout-mode=\"masonry\"><article class=\"eael-grid-post  eael-post-grid-column eael-pg-post-1481 category-exitos\" data-id=\"1481\">\n        <div class=\"eael-grid-post-holder\">\n            <div class=\"eael-grid-post-holder-inner\"><div class=\"eael-entry-media\"><div class=\"eael-entry-overlay fade-in\"><i class=\"far fa-hand-pointer\" aria-hidden=\"true\"><\/i><a href=\"https:\/\/soymigrante.com\/revista\/migrante-guatemalteco-genera-empleo-en-su-taller-textil-de-salcaja\/\"><\/a><\/div><div class=\"eael-entry-thumbnail \">\n                <img loading=\"lazy\" decoding=\"async\" width=\"1024\" height=\"768\" src=\"https:\/\/soymigrante.com\/revista\/wp-content\/uploads\/2023\/06\/Carlos-es-fundador-de-la-fabrica-de-textiles-Yancarlo-fue-migrante-guatemalteco-1024x768.webp\" class=\"attachment-large size-large wp-image-1483\" alt=\"Carlos emprendi\u00f3 una f\u00e1brica de textiles\" srcset=\"https:\/\/soymigrante.com\/revista\/wp-content\/uploads\/2023\/06\/Carlos-es-fundador-de-la-fabrica-de-textiles-Yancarlo-fue-migrante-guatemalteco-1024x768.webp 1024w, https:\/\/soymigrante.com\/revista\/wp-content\/uploads\/2023\/06\/Carlos-es-fundador-de-la-fabrica-de-textiles-Yancarlo-fue-migrante-guatemalteco-300x225.webp 300w, https:\/\/soymigrante.com\/revista\/wp-content\/uploads\/2023\/06\/Carlos-es-fundador-de-la-fabrica-de-textiles-Yancarlo-fue-migrante-guatemalteco-768x576.webp 768w, https:\/\/soymigrante.com\/revista\/wp-content\/uploads\/2023\/06\/Carlos-es-fundador-de-la-fabrica-de-textiles-Yancarlo-fue-migrante-guatemalteco-1536x1152.webp 1536w, https:\/\/soymigrante.com\/revista\/wp-content\/uploads\/2023\/06\/Carlos-es-fundador-de-la-fabrica-de-textiles-Yancarlo-fue-migrante-guatemalteco-scaled.webp 1920w, https:\/\/soymigrante.com\/revista\/wp-content\/uploads\/2023\/06\/Carlos-es-fundador-de-la-fabrica-de-textiles-Yancarlo-fue-migrante-guatemalteco-750x563.webp 750w, https:\/\/soymigrante.com\/revista\/wp-content\/uploads\/2023\/06\/Carlos-es-fundador-de-la-fabrica-de-textiles-Yancarlo-fue-migrante-guatemalteco-1140x855.webp 1140w\" sizes=\"(max-width: 1024px) 100vw, 1024px\" \/>\n            <\/div>\n        <\/div><div class=\"eael-entry-wrapper\"><header class=\"eael-entry-header\"><h2 class=\"eael-entry-title\"><a class=\"eael-grid-post-link\" href=\"https:\/\/soymigrante.com\/revista\/migrante-guatemalteco-genera-empleo-en-su-taller-textil-de-salcaja\/\" title=\"Migrante guatemalteco genera empleo en su taller textil de Salcaj\u00e1\">Migrante guatemalteco genera empleo en su taller textil de Salcaj\u00e1<\/a><\/h2><\/header><div class=\"eael-entry-content\">\n                        <div class=\"eael-grid-post-excerpt\"><a href=\"https:\/\/soymigrante.com\/revista\/migrante-guatemalteco-genera-empleo-en-su-taller-textil-de-salcaja\/\" class=\"eael-post-elements-readmore-btn\">CONOCE SU HISTORIA <\/a><\/div>\n                    <\/div><\/div><\/div>\n        <\/div>\n    <\/article><\/div>\n            <div class=\"clearfix\"><\/div>\n        <\/div>\t\t\t\t<\/div>\n\t\t\t\t\t<\/div>\n\t\t\t\t<\/div>\n\t\t<div data-particle_enable=\"false\" data-particle-mobile-disabled=\"false\" class=\"elementor-element elementor-element-ce8754b e-flex e-con-boxed e-con e-parent\" data-id=\"ce8754b\" data-element_type=\"container\" data-e-type=\"container\">\n\t\t\t\t\t<div class=\"e-con-inner\">\n\t\t\t\t<div class=\"elementor-element elementor-element-c6453de elementor-widget elementor-widget-heading\" data-id=\"c6453de\" data-element_type=\"widget\" data-e-type=\"widget\" data-widget_type=\"heading.default\">\n\t\t\t\t\t<h3 class=\"elementor-heading-title elementor-size-default\">Textiles reflejan la cosmovisi\u00f3n maya ancestral<\/h3>\t\t\t\t<\/div>\n\t\t\t\t\t<\/div>\n\t\t\t\t<\/div>\n\t\t<div data-particle_enable=\"false\" data-particle-mobile-disabled=\"false\" class=\"elementor-element elementor-element-a1c1cdc e-flex e-con-boxed e-con e-parent\" data-id=\"a1c1cdc\" data-element_type=\"container\" data-e-type=\"container\">\n\t\t\t\t\t<div class=\"e-con-inner\">\n\t\t\t\t<div class=\"elementor-element elementor-element-cd33e22 elementor-widget elementor-widget-text-editor\" data-id=\"cd33e22\" data-element_type=\"widget\" data-e-type=\"widget\" data-widget_type=\"text-editor.default\">\n\t\t\t\t\t\t\t\t\t<p><br \/>Cada pueblo tiene una historia, pero todos tienen algo en com\u00fan: la cosmovisi\u00f3n. Cada tejido representa al mundo y a la vida de cada comunidad ind\u00edgena en Guatemala.<\/p><p>Por ejemplo, en el huipil de Santiago Sacatep\u00e9quez tejen flores que son ofrendadas en el D\u00eda de los Santos Difuntos. Por ello, en la cultura de ese municipio no se cortan esas flores, sino que se arrancan desde la ra\u00edz.<\/p><p>Pero tambi\u00e9n desde la historia podemos mencionar que los tejidos son una herencia ancestral. \u201cDe alguna u otra manera las abuelas dejan escrito en los huipiles la importancia que tiene la vida: trascender a la muerte y la interconexi\u00f3n que hay entre ambos y eso es fundamental\u201d, dice Aspuac.<\/p><p>Otro s\u00edmbolo importante en los tejidos es la numeraci\u00f3n como el 0 1 que se tejen en los huipiles de Santiago Sacatep\u00e9quez, en representaci\u00f3n de la semilla que al final germinar\u00e1 con ayuda del agua y el contacto con la tierra. \u201cEs para nosotras muy necesario que esto se mantenga en nuestros huipiles\u201d, enfatiza Milvian.<\/p>\t\t\t\t\t\t\t\t<\/div>\n\t\t\t\t\t<\/div>\n\t\t\t\t<\/div>\n\t\t<div data-particle_enable=\"false\" data-particle-mobile-disabled=\"false\" class=\"elementor-element elementor-element-284dc11 e-flex e-con-boxed e-con e-parent\" data-id=\"284dc11\" data-element_type=\"container\" data-e-type=\"container\">\n\t\t\t\t\t<div class=\"e-con-inner\">\n\t\t\t\t<div class=\"elementor-element elementor-element-d9d3efe elementor-widget elementor-widget-testimonial\" data-id=\"d9d3efe\" data-element_type=\"widget\" data-e-type=\"widget\" data-widget_type=\"testimonial.default\">\n\t\t\t\t\t\t\t<div class=\"elementor-testimonial-wrapper\">\n\t\t\t\t\t\t\t<div class=\"elementor-testimonial-content\"><span style=\"font-family: Roboto, sans-serif;font-size: 20.8px;font-style: normal;font-weight: 400\">\"Tejer significa una forma de vida\".-<\/span>.<\/div>\n\t\t\t\n\t\t\t\t\t\t<div class=\"elementor-testimonial-meta elementor-has-image elementor-testimonial-image-position-aside\">\n\t\t\t\t<div class=\"elementor-testimonial-meta-inner\">\n\t\t\t\t\t\t\t\t\t\t\t<div class=\"elementor-testimonial-image\">\n\t\t\t\t\t\t\t<img loading=\"lazy\" decoding=\"async\" width=\"553\" height=\"427\" src=\"https:\/\/soymigrante.com\/revista\/wp-content\/uploads\/2024\/08\/Milvian-Aspuac-Afedes-tejedoras-guatemaltecas.webp\" class=\"attachment-full size-full wp-image-7980\" alt=\"Migrante mujer hablando en evento cultural con vestimenta tradicional en la revista SoyMigrante.com REVISTA.\" title=\"Milvian Aspuac Afedes tejedoras guatemaltecas \u2013 SoyMigrante.com REVISTA\" srcset=\"https:\/\/soymigrante.com\/revista\/wp-content\/uploads\/2024\/08\/Milvian-Aspuac-Afedes-tejedoras-guatemaltecas.webp 553w, https:\/\/soymigrante.com\/revista\/wp-content\/uploads\/2024\/08\/Milvian-Aspuac-Afedes-tejedoras-guatemaltecas-300x232.webp 300w\" sizes=\"(max-width: 553px) 100vw, 553px\" \/>\t\t\t\t\t\t<\/div>\n\t\t\t\t\t\n\t\t\t\t\t\t\t\t\t\t<div class=\"elementor-testimonial-details\">\n\t\t\t\t\t\t\t\t\t\t\t\t\t\t<div class=\"elementor-testimonial-name\">Milvian Aspuac<\/div>\n\t\t\t\t\t\t\t\t\t\t\t\t\t\t\t\t\t\t\t\t\t\t<div class=\"elementor-testimonial-job\">Coordinadora del Movimiento Nacional de Tejedoras<\/div>\n\t\t\t\t\t\t\t\t\t\t\t\t\t<\/div>\n\t\t\t\t\t\t\t\t\t<\/div>\n\t\t\t<\/div>\n\t\t\t\t\t<\/div>\n\t\t\t\t\t\t<\/div>\n\t\t\t\t\t<\/div>\n\t\t\t\t<\/div>\n\t\t<div data-particle_enable=\"false\" data-particle-mobile-disabled=\"false\" class=\"elementor-element elementor-element-68792df e-flex e-con-boxed e-con e-parent\" data-id=\"68792df\" data-element_type=\"container\" data-e-type=\"container\">\n\t\t\t\t\t<div class=\"e-con-inner\">\n\t\t\t\t<div class=\"elementor-element elementor-element-e22c4a6 elementor-grid-eael-col-1 elementor-grid-tablet-eael-col-2 elementor-grid-mobile-eael-col-1 elementor-widget elementor-widget-eael-post-grid\" data-id=\"e22c4a6\" data-element_type=\"widget\" data-e-type=\"widget\" data-settings=\"{&quot;eael_post_grid_columns&quot;:&quot;eael-col-1&quot;,&quot;eael_post_grid_columns_tablet&quot;:&quot;eael-col-2&quot;,&quot;eael_post_grid_columns_mobile&quot;:&quot;eael-col-1&quot;}\" data-widget_type=\"eael-post-grid.default\">\n\t\t\t\t\t<div id=\"eael-post-grid-e22c4a6\" class=\"eael-post-grid-container\">\n            <div class=\"eael-post-grid eael-post-appender eael-post-appender-e22c4a6 eael-post-grid-style-one\" data-layout-mode=\"masonry\"><article class=\"eael-grid-post  eael-post-grid-column eael-pg-post-353 category-guate-nuestra\" data-id=\"353\">\n        <div class=\"eael-grid-post-holder\">\n            <div class=\"eael-grid-post-holder-inner\"><div class=\"eael-entry-media\"><div class=\"eael-entry-overlay fade-in\"><i class=\"far fa-hand-pointer\" aria-hidden=\"true\"><\/i><a href=\"https:\/\/soymigrante.com\/revista\/indumentaria-tradicional-del-varon-tzutujil\/\"><\/a><\/div><div class=\"eael-entry-thumbnail \">\n                <img loading=\"lazy\" decoding=\"async\" width=\"1024\" height=\"682\" src=\"https:\/\/soymigrante.com\/revista\/wp-content\/uploads\/2023\/02\/San-Juan-pantalon-3-ecastro-1024x682.png\" class=\"attachment-large size-large wp-image-356\" alt=\"San Juan pantal\u00f3n 3 - ecastro\" srcset=\"https:\/\/soymigrante.com\/revista\/wp-content\/uploads\/2023\/02\/San-Juan-pantalon-3-ecastro-1024x682.png 1024w, https:\/\/soymigrante.com\/revista\/wp-content\/uploads\/2023\/02\/San-Juan-pantalon-3-ecastro-300x200.webp 300w, https:\/\/soymigrante.com\/revista\/wp-content\/uploads\/2023\/02\/San-Juan-pantalon-3-ecastro-768x512.png 768w, https:\/\/soymigrante.com\/revista\/wp-content\/uploads\/2023\/02\/San-Juan-pantalon-3-ecastro-750x500.webp 750w, https:\/\/soymigrante.com\/revista\/wp-content\/uploads\/2023\/02\/San-Juan-pantalon-3-ecastro-1140x760.png 1140w, https:\/\/soymigrante.com\/revista\/wp-content\/uploads\/2023\/02\/San-Juan-pantalon-3-ecastro-600x400.png 600w, https:\/\/soymigrante.com\/revista\/wp-content\/uploads\/2023\/02\/San-Juan-pantalon-3-ecastro.webp 1349w\" sizes=\"(max-width: 1024px) 100vw, 1024px\" \/>\n            <\/div>\n        <\/div><div class=\"eael-entry-wrapper\"><header class=\"eael-entry-header\"><h2 class=\"eael-entry-title\"><a class=\"eael-grid-post-link\" href=\"https:\/\/soymigrante.com\/revista\/indumentaria-tradicional-del-varon-tzutujil\/\" title=\"Legendario \u201cN\u2019skaw\u201d: pantal\u00f3n del var\u00f3n tz&#8217;utuj&#8217;il de San Juan la Laguna\">Legendario \u201cN\u2019skaw\u201d: pantal\u00f3n del var\u00f3n tz&#8217;utuj&#8217;il de San Juan la Laguna<\/a><\/h2><\/header><div class=\"eael-entry-content\">\n                        <div class=\"eael-grid-post-excerpt\"><a href=\"https:\/\/soymigrante.com\/revista\/indumentaria-tradicional-del-varon-tzutujil\/\" class=\"eael-post-elements-readmore-btn\">CONOCE SU HISTORIA <\/a><\/div>\n                    <\/div><\/div><\/div>\n        <\/div>\n    <\/article><\/div>\n            <div class=\"clearfix\"><\/div>\n        <\/div>\t\t\t\t<\/div>\n\t\t\t\t\t<\/div>\n\t\t\t\t<\/div>\n\t\t<div data-particle_enable=\"false\" data-particle-mobile-disabled=\"false\" class=\"elementor-element elementor-element-1ad615f e-flex e-con-boxed e-con e-parent\" data-id=\"1ad615f\" data-element_type=\"container\" data-e-type=\"container\">\n\t\t\t\t\t<div class=\"e-con-inner\">\n\t\t\t\t<div class=\"elementor-element elementor-element-2a463f3 elementor-widget elementor-widget-heading\" data-id=\"2a463f3\" data-element_type=\"widget\" data-e-type=\"widget\" data-widget_type=\"heading.default\">\n\t\t\t\t\t<h3 class=\"elementor-heading-title elementor-size-default\">S\u00edmbolos de fortaleza e identidad<\/h3>\t\t\t\t<\/div>\n\t\t\t\t\t<\/div>\n\t\t\t\t<\/div>\n\t\t<div data-particle_enable=\"false\" data-particle-mobile-disabled=\"false\" class=\"elementor-element elementor-element-88d416d e-flex e-con-boxed e-con e-parent\" data-id=\"88d416d\" data-element_type=\"container\" data-e-type=\"container\">\n\t\t\t\t\t<div class=\"e-con-inner\">\n\t\t\t\t<div class=\"elementor-element elementor-element-dc33073 elementor-widget elementor-widget-text-editor\" data-id=\"dc33073\" data-element_type=\"widget\" data-e-type=\"widget\" data-widget_type=\"text-editor.default\">\n\t\t\t\t\t\t\t\t\t<p>El Quetzal, ave nacional de Guatemala, tambi\u00e9n representa el elemento de la lluvia \u2013<i>Gucumatz<\/i>\u2013, en idioma maya) en la indumentaria. Tambi\u00e9n se teje una corona con cuatro elementos que refieren sobre los cuatro puntos cardinales y un conteo largo del tiempo que representan 5,125 a\u00f1os.<\/p><p>En el caso del u<i>q<\/i>\u00a0de Santiago Sacatep\u00e9quez \u2013corte\u2013 este est\u00e1 compuesto por dos lienzos unidos por un bordado, de estos hay diferentes, en estos podemos observar s\u00edmbolos de ollas que son utensilios que usa la mujer ind\u00edgena en la cotidianidad. Otro elemento ancestral que podemos encontrar es el <i>comatz\u00edn<\/i> \u2013la serpiente\u2013tejido en cualquier parte de la indumentaria.<\/p><p>\u201cLas abuelas eran muy estrictas en utilizar el <i>comatz\u00edn <\/i>y lo tej\u00edan con trece picos. Si multiplicamos 13 por los 20 nahuales nos dan 260 d\u00edas que representan las nueves lunes y el <i>cholok&#8217;ir<\/i>, el calendario maya\u201d, explica Aspuac. Este tipo de datos nos permite comprender el origen de los pueblos, sus creencias, su cosmovisi\u00f3n.<\/p><p>En el caso del color, en Santiago Sacatep\u00e9quez el color rojo era el que los ancestros usaban porque la naturaleza se los prove\u00eda a partir de la corteza del palo de Encino. Pero este tambi\u00e9n representa para la salida del sol, la posibilidad y la oportunidad de vivir.\u00a0<\/p><p><span style=\"color: var( --e-global-color-text ); text-align: var(--text-align);\">Si deseas conocer m\u00e1s sobre la indumentaria maya en Guatemala, te dejamos este enlace del\u00a0<\/span><a style=\"text-align: var(--text-align);\" href=\"https:\/\/mcd.gob.gt\/wp-content\/uploads\/2017\/02\/Indumentaria-Maya-Milenaria.pdf\" target=\"_blank\" rel=\"noopener\">libro Indumentaria Maya Milenaria<\/a><span style=\"color: var( --e-global-color-text ); text-align: var(--text-align);\">, elaborado con apoyo del Ministerio de Cultura y Deportes<\/span><span style=\"color: var( --e-global-color-text ); text-align: var(--text-align);\">.<\/span><\/p>\t\t\t\t\t\t\t\t<\/div>\n\t\t\t\t\t<\/div>\n\t\t\t\t<\/div>\n\t\t<div data-particle_enable=\"false\" data-particle-mobile-disabled=\"false\" class=\"elementor-element elementor-element-4a11b05 e-flex e-con-boxed e-con e-parent\" data-id=\"4a11b05\" data-element_type=\"container\" data-e-type=\"container\">\n\t\t\t\t\t<div class=\"e-con-inner\">\n\t\t\t\t<div class=\"elementor-element elementor-element-9288eb9 elementor-widget elementor-widget-heading\" data-id=\"9288eb9\" data-element_type=\"widget\" data-e-type=\"widget\" data-widget_type=\"heading.default\">\n\t\t\t\t\t<h2 class=\"elementor-heading-title elementor-size-default\">Identidad maya en Guatemala...<\/h2>\t\t\t\t<\/div>\n\t\t\t\t\t<\/div>\n\t\t\t\t<\/div>\n\t\t<div data-particle_enable=\"false\" data-particle-mobile-disabled=\"false\" class=\"elementor-element elementor-element-0eb47b1 e-flex e-con-boxed e-con e-parent\" data-id=\"0eb47b1\" data-element_type=\"container\" data-e-type=\"container\">\n\t\t\t\t\t<div class=\"e-con-inner\">\n\t\t\t\t<div class=\"elementor-element elementor-element-26b5a6a elementor-grid-eael-col-3 elementor-grid-tablet-eael-col-2 elementor-grid-mobile-eael-col-1 elementor-widget elementor-widget-eael-post-grid\" data-id=\"26b5a6a\" data-element_type=\"widget\" data-e-type=\"widget\" data-settings=\"{&quot;eael_post_grid_columns&quot;:&quot;eael-col-3&quot;,&quot;eael_post_grid_columns_tablet&quot;:&quot;eael-col-2&quot;,&quot;eael_post_grid_columns_mobile&quot;:&quot;eael-col-1&quot;}\" data-widget_type=\"eael-post-grid.default\">\n\t\t\t\t\t<div id=\"eael-post-grid-26b5a6a\" class=\"eael-post-grid-container\">\n            <div class=\"eael-post-grid eael-post-appender eael-post-appender-26b5a6a eael-post-grid-style-one\" data-layout-mode=\"masonry\"><article class=\"eael-grid-post  eael-post-grid-column eael-pg-post-7878 category-guate-nuestra tags-agosto-9-dia-de-los-pueblos-indigenas\" data-id=\"7878\">\n        <div class=\"eael-grid-post-holder\">\n            <div class=\"eael-grid-post-holder-inner\"><div class=\"eael-entry-media\"><div class=\"eael-entry-overlay fade-in\"><i class=\"far fa-hand-pointer\" aria-hidden=\"true\"><\/i><a href=\"https:\/\/soymigrante.com\/revista\/indumentaria-maya-de-guatemala-simbolo-nacional-multicultural\/\"><\/a><\/div><div class=\"eael-entry-thumbnail \">\n                <img loading=\"lazy\" decoding=\"async\" width=\"1024\" height=\"731\" src=\"https:\/\/soymigrante.com\/revista\/wp-content\/uploads\/2024\/08\/Santa-Eulalia-1024x731.webp\" class=\"attachment-large size-large wp-image-7879\" alt=\"Indumentaria maya de Santa Eulalia\" \/>\n            <\/div>\n        <\/div><div class=\"eael-entry-wrapper\"><header class=\"eael-entry-header\"><h2 class=\"eael-entry-title\"><a class=\"eael-grid-post-link\" href=\"https:\/\/soymigrante.com\/revista\/indumentaria-maya-de-guatemala-simbolo-nacional-multicultural\/\" title=\"Indumentaria maya de Guatemala: s\u00edmbolo nacional multicultural\">Indumentaria maya de Guatemala: s\u00edmbolo nacional multicultural<\/a><\/h2><\/header><div class=\"eael-entry-content\">\n                        <div class=\"eael-grid-post-excerpt\"><a href=\"https:\/\/soymigrante.com\/revista\/indumentaria-maya-de-guatemala-simbolo-nacional-multicultural\/\" class=\"eael-post-elements-readmore-btn\">CONOCE SU HISTORIA <\/a><\/div>\n                    <\/div><\/div><\/div>\n        <\/div>\n    <\/article><article class=\"eael-grid-post  eael-post-grid-column eael-pg-post-7682 category-guate-nuestra\" data-id=\"7682\">\n        <div class=\"eael-grid-post-holder\">\n            <div class=\"eael-grid-post-holder-inner\"><div class=\"eael-entry-media\"><div class=\"eael-entry-overlay fade-in\"><i class=\"far fa-hand-pointer\" aria-hidden=\"true\"><\/i><a href=\"https:\/\/soymigrante.com\/revista\/festival-rabin-ajau-en-imagenes-alegria-hermandad-tradicion-e-identidad\/\"><\/a><\/div><div class=\"eael-entry-thumbnail \">\n                <img loading=\"lazy\" decoding=\"async\" width=\"1024\" height=\"1024\" src=\"https:\/\/soymigrante.com\/revista\/wp-content\/uploads\/2024\/07\/Rabin-Ajau-Coban-Abel-Juarez-14-1024x1024.webp\" class=\"attachment-large size-large wp-image-7684\" alt=\"Vendedora ind\u00edgena con traje tradicional colorido y accesorios en feria cultural en M\u00e9xico, promoviendo identidad y cultura migrante.\" srcset=\"https:\/\/soymigrante.com\/revista\/wp-content\/uploads\/2024\/07\/Rabin-Ajau-Coban-Abel-Juarez-14-1024x1024.webp 1024w, https:\/\/soymigrante.com\/revista\/wp-content\/uploads\/2024\/07\/Rabin-Ajau-Coban-Abel-Juarez-14-300x300.webp 300w, https:\/\/soymigrante.com\/revista\/wp-content\/uploads\/2024\/07\/Rabin-Ajau-Coban-Abel-Juarez-14-150x150.webp 150w, https:\/\/soymigrante.com\/revista\/wp-content\/uploads\/2024\/07\/Rabin-Ajau-Coban-Abel-Juarez-14-768x768.webp 768w, https:\/\/soymigrante.com\/revista\/wp-content\/uploads\/2024\/07\/Rabin-Ajau-Coban-Abel-Juarez-14-1536x1536.webp 1536w, https:\/\/soymigrante.com\/revista\/wp-content\/uploads\/2024\/07\/Rabin-Ajau-Coban-Abel-Juarez-14-scaled.webp 1920w, https:\/\/soymigrante.com\/revista\/wp-content\/uploads\/2024\/07\/Rabin-Ajau-Coban-Abel-Juarez-14-75x75.webp 75w, https:\/\/soymigrante.com\/revista\/wp-content\/uploads\/2024\/07\/Rabin-Ajau-Coban-Abel-Juarez-14-750x750.webp 750w, https:\/\/soymigrante.com\/revista\/wp-content\/uploads\/2024\/07\/Rabin-Ajau-Coban-Abel-Juarez-14-1140x1140.webp 1140w\" sizes=\"(max-width: 1024px) 100vw, 1024px\" \/>\n            <\/div>\n        <\/div><div class=\"eael-entry-wrapper\"><header class=\"eael-entry-header\"><h2 class=\"eael-entry-title\"><a class=\"eael-grid-post-link\" href=\"https:\/\/soymigrante.com\/revista\/festival-rabin-ajau-en-imagenes-alegria-hermandad-tradicion-e-identidad\/\" title=\"Festival Rab\u00edn Ajau en im\u00e1genes: alegr\u00eda, hermandad, tradici\u00f3n e identidad\">Festival Rab\u00edn Ajau en im\u00e1genes: alegr\u00eda, hermandad, tradici\u00f3n e identidad<\/a><\/h2><\/header><div class=\"eael-entry-content\">\n                        <div class=\"eael-grid-post-excerpt\"><a href=\"https:\/\/soymigrante.com\/revista\/festival-rabin-ajau-en-imagenes-alegria-hermandad-tradicion-e-identidad\/\" class=\"eael-post-elements-readmore-btn\">CONOCE SU HISTORIA <\/a><\/div>\n                    <\/div><\/div><\/div>\n        <\/div>\n    <\/article><article class=\"eael-grid-post  eael-post-grid-column eael-pg-post-6685 category-guate-nuestra\" data-id=\"6685\">\n        <div class=\"eael-grid-post-holder\">\n            <div class=\"eael-grid-post-holder-inner\"><div class=\"eael-entry-media\"><div class=\"eael-entry-overlay fade-in\"><i class=\"far fa-hand-pointer\" aria-hidden=\"true\"><\/i><a href=\"https:\/\/soymigrante.com\/revista\/identidad-tejida-y-exportada-trajes-tipicos-de-guatemala-migran-a-ee-uu\/\"><\/a><\/div><div class=\"eael-entry-thumbnail \">\n                <img loading=\"lazy\" decoding=\"async\" width=\"872\" height=\"805\" src=\"https:\/\/soymigrante.com\/revista\/wp-content\/uploads\/2024\/05\/Captura-de-pantalla-2024-05-30-164431.webp\" class=\"attachment-large size-large wp-image-6757\" alt=\"Coloridas prendas con bordados tradicionales y dise\u00f1os de flora y fauna, ideales para promover la cultura mexicana, el arte textil y la moda \u00e9tnica, en una exhibici\u00f3n de textiles artesanales.\" srcset=\"https:\/\/soymigrante.com\/revista\/wp-content\/uploads\/2024\/05\/Captura-de-pantalla-2024-05-30-164431.webp 872w, https:\/\/soymigrante.com\/revista\/wp-content\/uploads\/2024\/05\/Captura-de-pantalla-2024-05-30-164431-300x277.webp 300w, https:\/\/soymigrante.com\/revista\/wp-content\/uploads\/2024\/05\/Captura-de-pantalla-2024-05-30-164431-768x709.webp 768w, https:\/\/soymigrante.com\/revista\/wp-content\/uploads\/2024\/05\/Captura-de-pantalla-2024-05-30-164431-750x692.webp 750w\" sizes=\"(max-width: 872px) 100vw, 872px\" \/>\n            <\/div>\n        <\/div><div class=\"eael-entry-wrapper\"><header class=\"eael-entry-header\"><h2 class=\"eael-entry-title\"><a class=\"eael-grid-post-link\" href=\"https:\/\/soymigrante.com\/revista\/identidad-tejida-y-exportada-trajes-tipicos-de-guatemala-migran-a-ee-uu\/\" title=\"Identidad tejida y exportada: trajes t\u00edpicos de Guatemala migran a EE.UU.\">Identidad tejida y exportada: trajes t\u00edpicos de Guatemala migran a EE.UU.<\/a><\/h2><\/header><div class=\"eael-entry-content\">\n                        <div class=\"eael-grid-post-excerpt\"><a href=\"https:\/\/soymigrante.com\/revista\/identidad-tejida-y-exportada-trajes-tipicos-de-guatemala-migran-a-ee-uu\/\" class=\"eael-post-elements-readmore-btn\">CONOCE SU HISTORIA <\/a><\/div>\n                    <\/div><\/div><\/div>\n        <\/div>\n    <\/article><\/div>\n            <div class=\"clearfix\"><\/div>\n        <\/div>\t\t\t\t<\/div>\n\t\t\t\t\t<\/div>\n\t\t\t\t<\/div>\n\t\t\t\t<\/div>\n\t\t","protected":false},"excerpt":{"rendered":"<p>Un grupo de artesanas mayas impulsan el Movimiento Nacional de Tejedoras que busca preservar una herencia ancestral a trav\u00e9s de la educaci\u00f3n y la dignificaci\u00f3n. Aunque a partir de la d\u00e9cada del 2000 logran un eco en la sociedad guatemalteco, desde los a\u00f1os 80 ha existido iniciativas para dignificar la labor de las mujeres tejedoras, [&hellip;]<\/p>\n","protected":false},"author":23,"featured_media":14928,"comment_status":"open","ping_status":"open","sticky":false,"template":"","format":"standard","meta":{"_acf_changed":false,"_eb_attr":"","footnotes":""},"categories":[58],"tags":[],"class_list":["post-7973","post","type-post","status-publish","format-standard","has-post-thumbnail","hentry","category-guate-nuestra"],"acf":[],"aioseo_notices":[],"aioseo_head":"\n\t\t<!-- All in One SEO Pro 4.9.6.2 - aioseo.com -->\n\t<meta name=\"description\" content=\"Emprendedoras migrantes guatemaltecas llevan trajes t\u00edpicos a EE.UU. p\u00e1ra surtir la demanda en comunidades de poblaci\u00f3n chapina.\" \/>\n\t<meta name=\"robots\" content=\"max-snippet:-1, max-image-preview:large, max-video-preview:-1\" \/>\n\t<meta name=\"author\" content=\"Mynor Toc\"\/>\n\t<link rel=\"canonical\" href=\"https:\/\/soymigrante.com\/revista\/identidad-tejida-y-exportada-trajes-tipicos-de-guatemala-migran-a-ee-uu\/\" \/>\n\t<meta name=\"generator\" content=\"All in One SEO Pro (AIOSEO) 4.9.6.2\" \/>\n\n\t\t<link rel=\"preconnect\" href=\"https:\/\/fonts.googleapis.com\" crossorigin>\n<link rel=\"preconnect\" href=\"https:\/\/fonts.gstatic.com\" crossorigin>\n\t\t<meta property=\"og:locale\" content=\"es_ES\" \/>\n\t\t<meta property=\"og:site_name\" content=\"SoyMigrante.com REVISTA \u2013 Nuestra misi\u00f3n es reconocer y dignificar al migrante.\" \/>\n\t\t<meta property=\"og:type\" content=\"article\" \/>\n\t\t<meta property=\"og:title\" content=\"Identidad tejida y exportada: trajes t\u00edpicos de Guatemala migran a EE.UU.\" \/>\n\t\t<meta property=\"og:description\" content=\"Emprendedoras migrantes guatemaltecas llevan trajes t\u00edpicos a EE.UU. p\u00e1ra surtir la demanda en comunidades de poblaci\u00f3n chapina.\" \/>\n\t\t<meta property=\"og:url\" content=\"https:\/\/soymigrante.com\/revista\/identidad-tejida-y-exportada-trajes-tipicos-de-guatemala-migran-a-ee-uu\/\" \/>\n\t\t<meta property=\"og:image\" content=\"https:\/\/soymigrante.com\/revista\/wp-content\/uploads\/2024\/05\/Captura-de-pantalla-2024-05-30-164431.webp\" \/>\n\t\t<meta property=\"og:image:secure_url\" content=\"https:\/\/soymigrante.com\/revista\/wp-content\/uploads\/2024\/05\/Captura-de-pantalla-2024-05-30-164431.webp\" \/>\n\t\t<meta property=\"og:image:width\" content=\"872\" \/>\n\t\t<meta property=\"og:image:height\" content=\"805\" \/>\n\t\t<meta property=\"article:published_time\" content=\"2024-05-30T22:17:01+00:00\" \/>\n\t\t<meta property=\"article:modified_time\" content=\"2024-07-29T13:00:41+00:00\" \/>\n\t\t<meta property=\"article:publisher\" content=\"https:\/\/www.facebook.com\/soymigrantecom\" \/>\n\t\t<meta name=\"twitter:card\" content=\"summary_large_image\" \/>\n\t\t<meta name=\"twitter:site\" content=\"@SoyMigrante_com\" \/>\n\t\t<meta name=\"twitter:title\" content=\"Identidad tejida y exportada: trajes t\u00edpicos de Guatemala migran a EE.UU.\" \/>\n\t\t<meta name=\"twitter:description\" content=\"Emprendedoras migrantes guatemaltecas llevan trajes t\u00edpicos a EE.UU. p\u00e1ra surtir la demanda en comunidades de poblaci\u00f3n chapina.\" \/>\n\t\t<meta name=\"twitter:creator\" content=\"@SoyMigrante_com\" \/>\n\t\t<meta name=\"twitter:image\" content=\"https:\/\/soymigrante.com\/revista\/wp-content\/uploads\/2024\/05\/Captura-de-pantalla-2024-05-30-164431.webp\" \/>\n\t\t<!-- All in One SEO Pro -->\r\n\t\t<title>Identidad tejida y exportada: trajes t\u00edpicos de Guatemala migran a EE.UU.<\/title>\n\n","aioseo_head_json":{"title":"Identidad tejida y exportada: trajes t\u00edpicos de Guatemala migran a EE.UU.","description":"Emprendedoras migrantes guatemaltecas llevan trajes t\u00edpicos a EE.UU. p\u00e1ra surtir la demanda en comunidades de poblaci\u00f3n chapina.","canonical_url":"https:\/\/soymigrante.com\/revista\/identidad-tejida-y-exportada-trajes-tipicos-de-guatemala-migran-a-ee-uu\/","robots":"max-snippet:-1, max-image-preview:large, max-video-preview:-1","keywords":"","webmasterTools":{"miscellaneous":"&lt;link rel=\"preconnect\" href=\"https:\/\/fonts.googleapis.com\" crossorigin&gt;\n&lt;link rel=\"preconnect\" href=\"https:\/\/fonts.gstatic.com\" crossorigin&gt;"},"schema":null,"og:locale":"es_ES","og:site_name":"SoyMigrante.com REVISTA \u2013 Nuestra misi\u00f3n es reconocer y dignificar al migrante.","og:type":"article","og:title":"Identidad tejida y exportada: trajes t\u00edpicos de Guatemala migran a EE.UU.","og:description":"Emprendedoras migrantes guatemaltecas llevan trajes t\u00edpicos a EE.UU. p\u00e1ra surtir la demanda en comunidades de poblaci\u00f3n chapina.","og:url":"https:\/\/soymigrante.com\/revista\/identidad-tejida-y-exportada-trajes-tipicos-de-guatemala-migran-a-ee-uu\/","og:image":"https:\/\/soymigrante.com\/revista\/wp-content\/uploads\/2024\/05\/Captura-de-pantalla-2024-05-30-164431.webp","og:image:secure_url":"https:\/\/soymigrante.com\/revista\/wp-content\/uploads\/2024\/05\/Captura-de-pantalla-2024-05-30-164431.webp","og:image:width":872,"og:image:height":805,"article:published_time":"2024-05-30T22:17:01+00:00","article:modified_time":"2024-07-29T13:00:41+00:00","article:publisher":"https:\/\/www.facebook.com\/soymigrantecom","twitter:card":"summary_large_image","twitter:site":"@SoyMigrante_com","twitter:title":"Identidad tejida y exportada: trajes t\u00edpicos de Guatemala migran a EE.UU.","twitter:description":"Emprendedoras migrantes guatemaltecas llevan trajes t\u00edpicos a EE.UU. p\u00e1ra surtir la demanda en comunidades de poblaci\u00f3n chapina.","twitter:creator":"@SoyMigrante_com","twitter:image":"https:\/\/soymigrante.com\/revista\/wp-content\/uploads\/2024\/05\/Captura-de-pantalla-2024-05-30-164431.webp"},"aioseo_meta_data":{"post_id":"7973","title":"Tejedoras mayas impulsan herencia ancestral de cara al futuro","description":"Tejedoras guatemaltecas impulsan la conservaci\u00f3n de s\u00edmbolos y t\u00e9cnicas a trav\u00e9s de la ense\u00f1anza de esta expresi\u00f3n artesanal que genera recursos para hogares","keywords":null,"keyphrases":{"focus":{"keyphrase":"Tejedoras guatemaltecas","score":54,"analysis":{"keyphraseInTitle":{"score":3,"maxScore":9,"error":1},"keyphraseInDescription":{"score":9,"maxScore":9,"error":0},"keyphraseLength":{"score":9,"maxScore":9,"error":0,"length":2},"keyphraseInURL":{"score":1,"maxScore":5,"error":1},"keyphraseInIntroduction":{"score":3,"maxScore":9,"error":1},"keyphraseInSubHeadings":{"score":3,"maxScore":9,"error":1},"keyphraseInImageAlt":{"score":9,"maxScore":9,"error":0},"keywordDensity":{"score":0,"type":"low","maxScore":9,"error":1}}},"additional":[{"keyphrase":"tejedoras mayas","score":53,"analysis":{"keyphraseInDescription":{"score":3,"maxScore":9,"error":1},"keyphraseLength":{"score":9,"maxScore":9,"error":0,"length":2},"keyphraseInIntroduction":{"score":3,"maxScore":9,"error":1},"keyphraseInImageAlt":{"score":9,"maxScore":9,"error":0},"keywordDensity":{"score":0,"type":"low","maxScore":9,"error":1}}}]},"primary_term":null,"canonical_url":null,"og_title":null,"og_description":null,"og_object_type":"default","og_image_type":"default","og_image_url":null,"og_image_width":null,"og_image_height":null,"og_image_custom_url":null,"og_image_custom_fields":null,"og_video":"","og_custom_url":null,"og_article_section":null,"og_article_tags":null,"twitter_use_og":false,"twitter_card":"default","twitter_image_type":"default","twitter_image_url":null,"twitter_image_custom_url":null,"twitter_image_custom_fields":null,"twitter_title":null,"twitter_description":null,"schema":{"blockGraphs":[],"customGraphs":[],"default":{"data":{"Article":[],"Course":[],"Dataset":[],"FAQPage":[],"Movie":[],"Person":[],"Product":[],"ProductReview":[],"Car":[],"Recipe":[],"Service":[],"SoftwareApplication":[],"WebPage":[]},"graphName":"Article","isEnabled":true},"graphs":[]},"schema_type":"default","schema_type_options":null,"pillar_content":false,"robots_default":true,"robots_noindex":false,"robots_noarchive":false,"robots_nosnippet":false,"robots_nofollow":false,"robots_noimageindex":false,"robots_noodp":false,"robots_notranslate":false,"robots_max_snippet":"-1","robots_max_videopreview":"-1","robots_max_imagepreview":"large","priority":null,"frequency":"default","local_seo":null,"seo_analyzer_scan_date":"2025-10-09 00:34:31","breadcrumb_settings":null,"limit_modified_date":false,"reviewed_by":null,"open_ai":"{\"title\":{\"suggestions\":[],\"usage\":0},\"description\":{\"suggestions\":[],\"usage\":0}}","ai":null,"created":"2024-08-10 04:27:01","updated":"2026-02-04 16:55:04"},"aioseo_breadcrumb":"<div class=\"aioseo-breadcrumbs\"><span class=\"aioseo-breadcrumb\">\n\t<a href=\"https:\/\/soymigrante.com\/revista\" title=\"Home\">Home<\/a>\n<\/span><span class=\"aioseo-breadcrumb-separator\">\u00bb<\/span><span class=\"aioseo-breadcrumb\">\n\t<a href=\"https:\/\/soymigrante.com\/revista\/category\/guate-nuestra\/\" title=\"Guate Nuestra\">Guate Nuestra<\/a>\n<\/span><span class=\"aioseo-breadcrumb-separator\">\u00bb<\/span><span class=\"aioseo-breadcrumb\">\n\tTejedoras mayas impulsan una herencia ancestral de cara al futuro\n<\/span><\/div>","aioseo_breadcrumb_json":[{"label":"Home","link":"https:\/\/soymigrante.com\/revista"},{"label":"Guate Nuestra","link":"https:\/\/soymigrante.com\/revista\/category\/guate-nuestra\/"},{"label":"Tejedoras mayas impulsan una herencia ancestral de cara al futuro","link":"https:\/\/soymigrante.com\/revista\/tejedoras-mayas-preservan-su-herencia-plasmada-de-cosmovision\/"}],"_links":{"self":[{"href":"https:\/\/soymigrante.com\/revista\/wp-json\/wp\/v2\/posts\/7973","targetHints":{"allow":["GET"]}}],"collection":[{"href":"https:\/\/soymigrante.com\/revista\/wp-json\/wp\/v2\/posts"}],"about":[{"href":"https:\/\/soymigrante.com\/revista\/wp-json\/wp\/v2\/types\/post"}],"author":[{"embeddable":true,"href":"https:\/\/soymigrante.com\/revista\/wp-json\/wp\/v2\/users\/23"}],"replies":[{"embeddable":true,"href":"https:\/\/soymigrante.com\/revista\/wp-json\/wp\/v2\/comments?post=7973"}],"version-history":[{"count":0,"href":"https:\/\/soymigrante.com\/revista\/wp-json\/wp\/v2\/posts\/7973\/revisions"}],"wp:featuredmedia":[{"embeddable":true,"href":"https:\/\/soymigrante.com\/revista\/wp-json\/wp\/v2\/media\/14928"}],"wp:attachment":[{"href":"https:\/\/soymigrante.com\/revista\/wp-json\/wp\/v2\/media?parent=7973"}],"wp:term":[{"taxonomy":"category","embeddable":true,"href":"https:\/\/soymigrante.com\/revista\/wp-json\/wp\/v2\/categories?post=7973"},{"taxonomy":"post_tag","embeddable":true,"href":"https:\/\/soymigrante.com\/revista\/wp-json\/wp\/v2\/tags?post=7973"}],"curies":[{"name":"wp","href":"https:\/\/api.w.org\/{rel}","templated":true}]}}