{"id":7926,"date":"2024-08-13T10:46:19","date_gmt":"2024-08-13T16:46:19","guid":{"rendered":"https:\/\/soymigrante.com\/revista\/?p=7926"},"modified":"2024-11-01T01:52:24","modified_gmt":"2024-11-01T07:52:24","slug":"llamas-de-los-cuchumatanes-migraron-hace-23-anos-a-guatemala","status":"publish","type":"post","link":"https:\/\/soymigrante.com\/revista\/llamas-de-los-cuchumatanes-migraron-hace-23-anos-a-guatemala\/","title":{"rendered":"Llamas de los Cuchumatanes &#8220;migraron&#8221; hace 23 a\u00f1os a Guatemala"},"content":{"rendered":"\t\t<div data-elementor-type=\"wp-post\" data-elementor-id=\"7926\" class=\"elementor elementor-7926\" data-elementor-post-type=\"post\">\n\t\t\t\t<div data-particle_enable=\"false\" data-particle-mobile-disabled=\"false\" class=\"elementor-element elementor-element-4e47c3c e-flex e-con-boxed e-con e-parent\" data-id=\"4e47c3c\" data-element_type=\"container\" data-e-type=\"container\">\n\t\t\t\t\t<div class=\"e-con-inner\">\n\t\t\t\t<div class=\"elementor-element elementor-element-918b391 elementor-widget elementor-widget-heading\" data-id=\"918b391\" data-element_type=\"widget\" data-e-type=\"widget\" data-widget_type=\"heading.default\">\n\t\t\t\t\t<h2 class=\"elementor-heading-title elementor-size-default\">A 260 kil\u00f3metros de la capital de Guatemala hay un paisaje que parece andino, pero es la aldea Chicabal, de Todos Santos Cuchumat\u00e1n: all\u00ed hay una granja muy peculiar conocida como Llamas de los Cuchumatantes <\/h2>\t\t\t\t<\/div>\n\t\t\t\t\t<\/div>\n\t\t\t\t<\/div>\n\t\t<div data-particle_enable=\"false\" data-particle-mobile-disabled=\"false\" class=\"elementor-element elementor-element-5bb537c e-flex e-con-boxed e-con e-parent\" data-id=\"5bb537c\" data-element_type=\"container\" data-e-type=\"container\">\n\t\t\t\t\t<div class=\"e-con-inner\">\n\t\t\t\t<div class=\"elementor-element elementor-element-0f9c28f elementor-widget elementor-widget-text-editor\" data-id=\"0f9c28f\" data-element_type=\"widget\" data-e-type=\"widget\" data-widget_type=\"text-editor.default\">\n\t\t\t\t\t\t\t\t\t<p>Marco Ramos Mat\u00edas, originario de Todos Santos Cuchumat\u00e1n, Huehuetenango era adolescente cuando le obsequiaron una llama, mam\u00edfero andino. Ello se combin\u00f3 con un sue\u00f1o que ten\u00eda. En su familia escuch\u00f3 la historia del arca de No\u00e9, donde hab\u00eda\u00a0 una pareja de animales con cada especie.<\/p><p>Pens\u00f3 que aquella llama pod\u00eda ser una nueva especie de ganado en un lugar muy distinto y muy lejano de su origen, aunque el clima monta\u00f1oso de la regi\u00f3n hac\u00eda posible criarlas y eventualmente convertirlas en un atractivo tur\u00edstico.<\/p><p>\u00a0<\/p>\t\t\t\t\t\t\t\t<\/div>\n\t\t\t\t\t<\/div>\n\t\t\t\t<\/div>\n\t\t<div data-particle_enable=\"false\" data-particle-mobile-disabled=\"false\" class=\"elementor-element elementor-element-50d6a68 e-flex e-con-boxed e-con e-parent\" data-id=\"50d6a68\" data-element_type=\"container\" data-e-type=\"container\">\n\t\t\t\t\t<div class=\"e-con-inner\">\n\t\t\t\t<div class=\"elementor-element elementor-element-0a4328c elementor-widget elementor-widget-image\" data-id=\"0a4328c\" data-element_type=\"widget\" data-e-type=\"widget\" data-widget_type=\"image.default\">\n\t\t\t\t\t\t\t\t\t\t\t\t<figure class=\"wp-caption\">\n\t\t\t\t\t\t\t\t\t\t<img fetchpriority=\"high\" decoding=\"async\" width=\"701\" height=\"406\" src=\"https:\/\/soymigrante.com\/revista\/wp-content\/uploads\/2024\/08\/Llama-de-los-Cuchumatanes-Huehuetenango-Soy-Migrante.jpg\" class=\"attachment-large size-large wp-image-7927\" alt=\"Vacas y alpacas en un campo verde con un hombre ind\u00edgena sentado, promoviendo el turismo y la cultura andina en Cuchumat\u00e1n. Imagen que resalta actividades rurales y tradiciones en Guatemala.\" srcset=\"https:\/\/soymigrante.com\/revista\/wp-content\/uploads\/2024\/08\/Llama-de-los-Cuchumatanes-Huehuetenango-Soy-Migrante.jpg 701w, https:\/\/soymigrante.com\/revista\/wp-content\/uploads\/2024\/08\/Llama-de-los-Cuchumatanes-Huehuetenango-Soy-Migrante-300x174.jpg 300w\" sizes=\"(max-width: 701px) 100vw, 701px\" title=\"Llamas de los Cuchumatanes Huehuetenango Soy Migrante \u2013 SoyMigrante.com REVISTA\" \/>\t\t\t\t\t\t\t\t\t\t\t<figcaption class=\"widget-image-caption wp-caption-text\">Disfruta de un encuentro cultural en Cuchumat\u00e1n, donde puedes interactuar con llamas y alpacas, aprendiendo sobre las tradiciones ind\u00edgenas y promoviendo el turismo rural en Guatemala.<\/figcaption>\n\t\t\t\t\t\t\t\t\t\t<\/figure>\n\t\t\t\t\t\t\t\t\t<\/div>\n\t\t\t\t\t<\/div>\n\t\t\t\t<\/div>\n\t\t<div data-particle_enable=\"false\" data-particle-mobile-disabled=\"false\" class=\"elementor-element elementor-element-ab6fa17 e-flex e-con-boxed e-con e-parent\" data-id=\"ab6fa17\" data-element_type=\"container\" data-e-type=\"container\">\n\t\t\t\t\t<div class=\"e-con-inner\">\n\t\t\t\t<div class=\"elementor-element elementor-element-09d881f elementor-widget elementor-widget-heading\" data-id=\"09d881f\" data-element_type=\"widget\" data-e-type=\"widget\" data-widget_type=\"heading.default\">\n\t\t\t\t\t<h3 class=\"elementor-heading-title elementor-size-default\">Amor por las llamas<\/h3>\t\t\t\t<\/div>\n\t\t\t\t\t<\/div>\n\t\t\t\t<\/div>\n\t\t<div data-particle_enable=\"false\" data-particle-mobile-disabled=\"false\" class=\"elementor-element elementor-element-b48c7dc e-flex e-con-boxed e-con e-parent\" data-id=\"b48c7dc\" data-element_type=\"container\" data-e-type=\"container\">\n\t\t\t\t\t<div class=\"e-con-inner\">\n\t\t\t\t<div class=\"elementor-element elementor-element-29abcf3 elementor-widget elementor-widget-text-editor\" data-id=\"29abcf3\" data-element_type=\"widget\" data-e-type=\"widget\" data-widget_type=\"text-editor.default\">\n\t\t\t\t\t\t\t\t\t<p>Cada ma\u00f1ana a las 5.00 horas se levanta, junto a su hijo Cruz, para sacarlas al pasto y al resto de animales. Cada uno tiene su \u00e1rea para ser resguardada. A las 8.00 horas las alimentan con concentrado, repollo y avena.<\/p><p>Por la tarde les dan otra porci\u00f3n, esta vez de ma\u00edz. A las 18 horas las regresan a los corrales. Aunque la geograf\u00eda del lugar es propicia para estos animales amigables, las temperaturas descienden bastante por la tarde.<\/p><p>A diferencia de las alpacas, especies con la que tienden a confundirlas, las llamas son m\u00e1s grandes y con el pelaje m\u00e1s grueso.\u00a0<\/p>\t\t\t\t\t\t\t\t<\/div>\n\t\t\t\t\t<\/div>\n\t\t\t\t<\/div>\n\t\t<div data-particle_enable=\"false\" data-particle-mobile-disabled=\"false\" class=\"elementor-element elementor-element-2e0e193 e-flex e-con-boxed e-con e-parent\" data-id=\"2e0e193\" data-element_type=\"container\" data-e-type=\"container\">\n\t\t\t\t\t<div class=\"e-con-inner\">\n\t\t\t\t<div class=\"elementor-element elementor-element-ca40f7a elementor-widget elementor-widget-google_maps\" data-id=\"ca40f7a\" data-element_type=\"widget\" data-e-type=\"widget\" data-widget_type=\"google_maps.default\">\n\t\t\t\t\t\t\t<div class=\"elementor-custom-embed\">\n\t\t\t<iframe loading=\"lazy\"\n\t\t\t\t\tsrc=\"https:\/\/maps.google.com\/maps?q=Aldea%20Chiabal%20Todo%20Santos%20Cuchumatanes&#038;t=m&#038;z=13&#038;output=embed&#038;iwloc=near\"\n\t\t\t\t\ttitle=\"Aldea Chiabal Todo Santos Cuchumatanes\"\n\t\t\t\t\taria-label=\"Aldea Chiabal Todo Santos Cuchumatanes\"\n\t\t\t><\/iframe>\n\t\t<\/div>\n\t\t\t\t\t\t<\/div>\n\t\t\t\t\t<\/div>\n\t\t\t\t<\/div>\n\t\t<div data-particle_enable=\"false\" data-particle-mobile-disabled=\"false\" class=\"elementor-element elementor-element-6652ed7 e-flex e-con-boxed e-con e-parent\" data-id=\"6652ed7\" data-element_type=\"container\" data-e-type=\"container\">\n\t\t\t\t\t<div class=\"e-con-inner\">\n\t\t\t\t<div class=\"elementor-element elementor-element-3bc7d3c elementor-widget elementor-widget-heading\" data-id=\"3bc7d3c\" data-element_type=\"widget\" data-e-type=\"widget\" data-widget_type=\"heading.default\">\n\t\t\t\t\t<h3 class=\"elementor-heading-title elementor-size-default\">Atractivo cada vez m\u00e1s conocido<\/h3>\t\t\t\t<\/div>\n\t\t\t\t\t<\/div>\n\t\t\t\t<\/div>\n\t\t<div data-particle_enable=\"false\" data-particle-mobile-disabled=\"false\" class=\"elementor-element elementor-element-f0c6c57 e-flex e-con-boxed e-con e-parent\" data-id=\"f0c6c57\" data-element_type=\"container\" data-e-type=\"container\">\n\t\t\t\t\t<div class=\"e-con-inner\">\n\t\t\t\t<div class=\"elementor-element elementor-element-1109e4c elementor-widget elementor-widget-text-editor\" data-id=\"1109e4c\" data-element_type=\"widget\" data-e-type=\"widget\" data-widget_type=\"text-editor.default\">\n\t\t\t\t\t\t\t\t\t<p>\u201cNosotros cobramos Q20 \u2013por persona\u2013 para ver a las Llamas, pero a veces no es suficiente para comprar toda la comida. Gracias a Dios tengo 19. Solo al mes gasto Q8 mil para comprar avena\u201d, a\u00f1ade Marco.<\/p><p>Estas Llamas son generaci\u00f3n de la primera llama que tuvo.\u00a0 Cruz le propuso a su padre crear cuentas en las redes sociales, que les ha permitido dar a conocer el emprendimiento que tienen y que han construido desde hace 7 a\u00f1os.<\/p><p>Al lugar llegan turistas de Estados Unidos y algunos de Centroam\u00e9rica, quienes a su paso le regalan las banderas de sus pa\u00edses y las dejan colocadas en la granja.<\/p><p>\u201cNo s\u00e9 el nombre de los que han venido y han dejado la bandera, no tengo sus n\u00fameros, pero me alegra que me dejen sus banderas\u201d, refiere Ramos.<\/p><p>\u00a0<\/p>\t\t\t\t\t\t\t\t<\/div>\n\t\t\t\t\t<\/div>\n\t\t\t\t<\/div>\n\t\t<div data-particle_enable=\"false\" data-particle-mobile-disabled=\"false\" class=\"elementor-element elementor-element-bd67e90 e-flex e-con-boxed e-con e-parent\" data-id=\"bd67e90\" data-element_type=\"container\" data-e-type=\"container\">\n\t\t\t\t\t<div class=\"e-con-inner\">\n\t\t\t\t<div class=\"elementor-element elementor-element-3d6bf5d elementor-widget elementor-widget-facebook-embed\" data-id=\"3d6bf5d\" data-element_type=\"widget\" data-e-type=\"widget\" data-widget_type=\"facebook-embed.default\">\n\t\t\t\t\t<div style=\"min-height: 1px\" class=\"elementor-facebook-widget fb-post\" data-href=\"https:\/\/www.facebook.com\/reel\/1189248688963470\" data-show-text=\"false\"><\/div>\t\t\t\t<\/div>\n\t\t\t\t\t<\/div>\n\t\t\t\t<\/div>\n\t\t<div data-particle_enable=\"false\" data-particle-mobile-disabled=\"false\" class=\"elementor-element elementor-element-5bb3d1c e-flex e-con-boxed e-con e-parent\" data-id=\"5bb3d1c\" data-element_type=\"container\" data-e-type=\"container\">\n\t\t\t\t\t<div class=\"e-con-inner\">\n\t\t\t\t<div class=\"elementor-element elementor-element-993ba2e elementor-widget elementor-widget-heading\" data-id=\"993ba2e\" data-element_type=\"widget\" data-e-type=\"widget\" data-widget_type=\"heading.default\">\n\t\t\t\t\t<h2 class=\"elementor-heading-title elementor-size-default\">Conoce la granja <\/h2>\t\t\t\t<\/div>\n\t\t\t\t\t<\/div>\n\t\t\t\t<\/div>\n\t\t<div data-particle_enable=\"false\" data-particle-mobile-disabled=\"false\" class=\"elementor-element elementor-element-79b2fe6 e-flex e-con-boxed e-con e-parent\" data-id=\"79b2fe6\" data-element_type=\"container\" data-e-type=\"container\">\n\t\t\t\t\t<div class=\"e-con-inner\">\n\t\t\t\t<div class=\"elementor-element elementor-element-a548e35 elementor-widget elementor-widget-text-editor\" data-id=\"a548e35\" data-element_type=\"widget\" data-e-type=\"widget\" data-widget_type=\"text-editor.default\">\n\t\t\t\t\t\t\t\t\t<p><span style=\"color: var( --e-global-color-text );text-align: var(--text-align)\">Para ubicarlos, si viajas a la cabecera departamental de Huehuetenango encontrar\u00e1s un r\u00f3tulo que hace referencia a Las Llamas de los Cuchumatanes.<\/span><\/p><p>Hay otros proyectos similares que est\u00e1n surgiendo. Puedes comunicarte con ellos al tel\u00e9fono 57779183 o tambi\u00e9n por <a href=\"https:\/\/www.facebook.com\/llamasdeloscuchumatanes\">Facebook<\/a> y <a href=\"https:\/\/www.tiktok.com\/@llamasdeloscuchumatanes\">TikTok.<\/a><\/p><p>\u00a0<\/p>\t\t\t\t\t\t\t\t<\/div>\n\t\t\t\t\t<\/div>\n\t\t\t\t<\/div>\n\t\t<div data-particle_enable=\"false\" data-particle-mobile-disabled=\"false\" class=\"elementor-element elementor-element-66a72c4 e-flex e-con-boxed e-con e-parent\" data-id=\"66a72c4\" data-element_type=\"container\" data-e-type=\"container\">\n\t\t\t\t\t<div class=\"e-con-inner\">\n\t\t\t\t<div class=\"elementor-element elementor-element-e88f543 elementor-widget elementor-widget-facebook-embed\" data-id=\"e88f543\" data-element_type=\"widget\" data-e-type=\"widget\" data-widget_type=\"facebook-embed.default\">\n\t\t\t\t\t<div style=\"min-height: 1px\" class=\"elementor-facebook-widget fb-post\" data-href=\"https:\/\/www.facebook.com\/reel\/1197934511347867\" data-show-text=\"false\"><\/div>\t\t\t\t<\/div>\n\t\t\t\t\t<\/div>\n\t\t\t\t<\/div>\n\t\t<div data-particle_enable=\"false\" data-particle-mobile-disabled=\"false\" class=\"elementor-element elementor-element-9ae6a2b e-flex e-con-boxed e-con e-parent\" data-id=\"9ae6a2b\" data-element_type=\"container\" data-e-type=\"container\">\n\t\t\t\t\t<div class=\"e-con-inner\">\n\t\t\t\t<div class=\"elementor-element elementor-element-2863e0f elementor-widget elementor-widget-text-editor\" data-id=\"2863e0f\" data-element_type=\"widget\" data-e-type=\"widget\" data-widget_type=\"text-editor.default\">\n\t\t\t\t\t\t\t\t\t<p>Guayo, Rafael, \u00c1ngel, Diego y Rufer son las llamas macho. \u2026 Chimeca, Sindy Margarita, Estrella, Perla, Blanca Antonella y Morenita, las hembras. As\u00ed que puedes comenzar a aprender los nombres de las llamas para cuando visites el lugar.<\/p><p>Adem\u00e1s, hay ponys, ovejas y avestruces que tambi\u00e9n disfrutan vivir con Marco.<\/p>\t\t\t\t\t\t\t\t<\/div>\n\t\t\t\t\t<\/div>\n\t\t\t\t<\/div>\n\t\t<div data-particle_enable=\"false\" data-particle-mobile-disabled=\"false\" class=\"elementor-element elementor-element-81648db e-flex e-con-boxed e-con e-parent\" data-id=\"81648db\" data-element_type=\"container\" data-e-type=\"container\">\n\t\t\t\t\t<div class=\"e-con-inner\">\n\t\t\t\t<div class=\"elementor-element elementor-element-e4240ba elementor-grid-eael-col-3 elementor-grid-tablet-eael-col-2 elementor-grid-mobile-eael-col-1 elementor-widget elementor-widget-eael-post-grid\" data-id=\"e4240ba\" data-element_type=\"widget\" data-e-type=\"widget\" data-settings=\"{&quot;eael_post_grid_columns&quot;:&quot;eael-col-3&quot;,&quot;eael_post_grid_columns_tablet&quot;:&quot;eael-col-2&quot;,&quot;eael_post_grid_columns_mobile&quot;:&quot;eael-col-1&quot;}\" data-widget_type=\"eael-post-grid.default\">\n\t\t\t\t\t<div id=\"eael-post-grid-e4240ba\" class=\"eael-post-grid-container\">\n            <div class=\"eael-post-grid eael-post-appender eael-post-appender-e4240ba eael-post-grid-style-one\" data-layout-mode=\"masonry\"><article class=\"eael-grid-post  eael-post-grid-column eael-pg-post-7919 category-guate-nuestra\" data-id=\"7919\">\n        <div class=\"eael-grid-post-holder\">\n            <div class=\"eael-grid-post-holder-inner\"><div class=\"eael-entry-media\"><div class=\"eael-entry-overlay fade-in\"><i class=\"far fa-hand-pointer\" aria-hidden=\"true\"><\/i><a href=\"https:\/\/soymigrante.com\/revista\/tantas-parejas-suenan-con-celebrar-sus-bodas-en-antigua-guatemala\/\"><\/a><\/div><div class=\"eael-entry-thumbnail \">\n                <img decoding=\"async\" width=\"1024\" height=\"681\" src=\"https:\/\/soymigrante.com\/revista\/wp-content\/uploads\/2024\/08\/boda-ana-melissa-wedding-guatemala-1024x681.webp\" class=\"attachment-large size-large wp-image-7954\" alt=\"Elegante pareja de reci\u00e9n casados en sesi\u00f3n fotogr\u00e1fica con coche cl\u00e1sico blanco, fondo de arquitectura hist\u00f3rica, celebraci\u00f3n de amor y cultura en M\u00e9xico.\" srcset=\"https:\/\/soymigrante.com\/revista\/wp-content\/uploads\/2024\/08\/boda-ana-melissa-wedding-guatemala-1024x681.webp 1024w, https:\/\/soymigrante.com\/revista\/wp-content\/uploads\/2024\/08\/boda-ana-melissa-wedding-guatemala-300x200.webp 300w, https:\/\/soymigrante.com\/revista\/wp-content\/uploads\/2024\/08\/boda-ana-melissa-wedding-guatemala-768x511.webp 768w, https:\/\/soymigrante.com\/revista\/wp-content\/uploads\/2024\/08\/boda-ana-melissa-wedding-guatemala-750x499.webp 750w, https:\/\/soymigrante.com\/revista\/wp-content\/uploads\/2024\/08\/boda-ana-melissa-wedding-guatemala-1140x758.webp 1140w, https:\/\/soymigrante.com\/revista\/wp-content\/uploads\/2024\/08\/boda-ana-melissa-wedding-guatemala.webp 1440w\" sizes=\"(max-width: 1024px) 100vw, 1024px\" \/>\n            <\/div>\n        <\/div><div class=\"eael-entry-wrapper\"><header class=\"eael-entry-header\"><h2 class=\"eael-entry-title\"><a class=\"eael-grid-post-link\" href=\"https:\/\/soymigrante.com\/revista\/tantas-parejas-suenan-con-celebrar-sus-bodas-en-antigua-guatemala\/\" title=\"Tantas parejas sue\u00f1an con celebrar sus bodas en Antigua Guatemala\">Tantas parejas sue\u00f1an con celebrar sus bodas en Antigua Guatemala<\/a><\/h2><\/header><div class=\"eael-entry-content\">\n                        <div class=\"eael-grid-post-excerpt\"><a href=\"https:\/\/soymigrante.com\/revista\/tantas-parejas-suenan-con-celebrar-sus-bodas-en-antigua-guatemala\/\" class=\"eael-post-elements-readmore-btn\">CONOCE SU HISTORIA <\/a><\/div>\n                    <\/div><\/div><\/div>\n        <\/div>\n    <\/article><article class=\"eael-grid-post  eael-post-grid-column eael-pg-post-7878 category-guate-nuestra tags-agosto-9-dia-de-los-pueblos-indigenas\" data-id=\"7878\">\n        <div class=\"eael-grid-post-holder\">\n            <div class=\"eael-grid-post-holder-inner\"><div class=\"eael-entry-media\"><div class=\"eael-entry-overlay fade-in\"><i class=\"far fa-hand-pointer\" aria-hidden=\"true\"><\/i><a href=\"https:\/\/soymigrante.com\/revista\/indumentaria-maya-de-guatemala-simbolo-nacional-multicultural\/\"><\/a><\/div><div class=\"eael-entry-thumbnail \">\n                <img decoding=\"async\" width=\"1024\" height=\"731\" src=\"https:\/\/soymigrante.com\/revista\/wp-content\/uploads\/2024\/08\/Santa-Eulalia-1024x731.webp\" class=\"attachment-large size-large wp-image-7879\" alt=\"Indumentaria maya de Santa Eulalia\" \/>\n            <\/div>\n        <\/div><div class=\"eael-entry-wrapper\"><header class=\"eael-entry-header\"><h2 class=\"eael-entry-title\"><a class=\"eael-grid-post-link\" href=\"https:\/\/soymigrante.com\/revista\/indumentaria-maya-de-guatemala-simbolo-nacional-multicultural\/\" title=\"Indumentaria maya de Guatemala: s\u00edmbolo nacional multicultural\">Indumentaria maya de Guatemala: s\u00edmbolo nacional multicultural<\/a><\/h2><\/header><div class=\"eael-entry-content\">\n                        <div class=\"eael-grid-post-excerpt\"><a href=\"https:\/\/soymigrante.com\/revista\/indumentaria-maya-de-guatemala-simbolo-nacional-multicultural\/\" class=\"eael-post-elements-readmore-btn\">CONOCE SU HISTORIA <\/a><\/div>\n                    <\/div><\/div><\/div>\n        <\/div>\n    <\/article><article class=\"eael-grid-post  eael-post-grid-column eael-pg-post-7682 category-guate-nuestra\" data-id=\"7682\">\n        <div class=\"eael-grid-post-holder\">\n            <div class=\"eael-grid-post-holder-inner\"><div class=\"eael-entry-media\"><div class=\"eael-entry-overlay fade-in\"><i class=\"far fa-hand-pointer\" aria-hidden=\"true\"><\/i><a href=\"https:\/\/soymigrante.com\/revista\/festival-rabin-ajau-en-imagenes-alegria-hermandad-tradicion-e-identidad\/\"><\/a><\/div><div class=\"eael-entry-thumbnail \">\n                <img loading=\"lazy\" decoding=\"async\" width=\"1024\" height=\"1024\" src=\"https:\/\/soymigrante.com\/revista\/wp-content\/uploads\/2024\/07\/Rabin-Ajau-Coban-Abel-Juarez-14-1024x1024.webp\" class=\"attachment-large size-large wp-image-7684\" alt=\"Vendedora ind\u00edgena con traje tradicional colorido y accesorios en feria cultural en M\u00e9xico, promoviendo identidad y cultura migrante.\" srcset=\"https:\/\/soymigrante.com\/revista\/wp-content\/uploads\/2024\/07\/Rabin-Ajau-Coban-Abel-Juarez-14-1024x1024.webp 1024w, https:\/\/soymigrante.com\/revista\/wp-content\/uploads\/2024\/07\/Rabin-Ajau-Coban-Abel-Juarez-14-300x300.webp 300w, https:\/\/soymigrante.com\/revista\/wp-content\/uploads\/2024\/07\/Rabin-Ajau-Coban-Abel-Juarez-14-150x150.webp 150w, https:\/\/soymigrante.com\/revista\/wp-content\/uploads\/2024\/07\/Rabin-Ajau-Coban-Abel-Juarez-14-768x768.webp 768w, https:\/\/soymigrante.com\/revista\/wp-content\/uploads\/2024\/07\/Rabin-Ajau-Coban-Abel-Juarez-14-1536x1536.webp 1536w, https:\/\/soymigrante.com\/revista\/wp-content\/uploads\/2024\/07\/Rabin-Ajau-Coban-Abel-Juarez-14-scaled.webp 1920w, https:\/\/soymigrante.com\/revista\/wp-content\/uploads\/2024\/07\/Rabin-Ajau-Coban-Abel-Juarez-14-75x75.webp 75w, https:\/\/soymigrante.com\/revista\/wp-content\/uploads\/2024\/07\/Rabin-Ajau-Coban-Abel-Juarez-14-750x750.webp 750w, https:\/\/soymigrante.com\/revista\/wp-content\/uploads\/2024\/07\/Rabin-Ajau-Coban-Abel-Juarez-14-1140x1140.webp 1140w\" sizes=\"(max-width: 1024px) 100vw, 1024px\" \/>\n            <\/div>\n        <\/div><div class=\"eael-entry-wrapper\"><header class=\"eael-entry-header\"><h2 class=\"eael-entry-title\"><a class=\"eael-grid-post-link\" href=\"https:\/\/soymigrante.com\/revista\/festival-rabin-ajau-en-imagenes-alegria-hermandad-tradicion-e-identidad\/\" title=\"Festival Rab\u00edn Ajau en im\u00e1genes: alegr\u00eda, hermandad, tradici\u00f3n e identidad\">Festival Rab\u00edn Ajau en im\u00e1genes: alegr\u00eda, hermandad, tradici\u00f3n e identidad<\/a><\/h2><\/header><div class=\"eael-entry-content\">\n                        <div class=\"eael-grid-post-excerpt\"><a href=\"https:\/\/soymigrante.com\/revista\/festival-rabin-ajau-en-imagenes-alegria-hermandad-tradicion-e-identidad\/\" class=\"eael-post-elements-readmore-btn\">CONOCE SU HISTORIA <\/a><\/div>\n                    <\/div><\/div><\/div>\n        <\/div>\n    <\/article><\/div>\n            <div class=\"clearfix\"><\/div>\n        <\/div>\t\t\t\t<\/div>\n\t\t\t\t\t<\/div>\n\t\t\t\t<\/div>\n\t\t\t\t<\/div>\n\t\t","protected":false},"excerpt":{"rendered":"<p>A 260 kil\u00f3metros de la capital de Guatemala hay un paisaje que parece andino, pero es la aldea Chicabal, de Todos Santos Cuchumat\u00e1n: all\u00ed hay una granja muy peculiar conocida como Llamas de los Cuchumatantes Marco Ramos Mat\u00edas, originario de Todos Santos Cuchumat\u00e1n, Huehuetenango era adolescente cuando le obsequiaron una llama, mam\u00edfero andino. Ello se [&hellip;]<\/p>\n","protected":false},"author":23,"featured_media":7965,"comment_status":"open","ping_status":"open","sticky":false,"template":"","format":"standard","meta":{"_acf_changed":false,"_eb_attr":"","footnotes":""},"categories":[58],"tags":[],"class_list":["post-7926","post","type-post","status-publish","format-standard","has-post-thumbnail","hentry","category-guate-nuestra"],"acf":[],"aioseo_notices":[],"aioseo_head":"\n\t\t<!-- All in One SEO Pro 4.9.6.2 - aioseo.com -->\n\t<meta name=\"description\" content=\"Una imagen vale mil palabras. Este es un recorrido visual del fotoperiodista Abel Ju\u00e1rez en las actividades previas a la elecci\u00f3n de Rabin Ajau en Cob\u00e1n A.V. Guatemala\" \/>\n\t<meta name=\"robots\" content=\"max-snippet:-1, max-image-preview:large, max-video-preview:-1\" \/>\n\t<meta name=\"author\" content=\"Abel Ju\u00e1rez\"\/>\n\t<link rel=\"canonical\" href=\"https:\/\/soymigrante.com\/revista\/festival-rabin-ajau-en-imagenes-alegria-hermandad-tradicion-e-identidad\/\" \/>\n\t<meta name=\"generator\" content=\"All in One SEO Pro (AIOSEO) 4.9.6.2\" \/>\n\n\t\t<link rel=\"preconnect\" href=\"https:\/\/fonts.googleapis.com\" crossorigin>\n<link rel=\"preconnect\" href=\"https:\/\/fonts.gstatic.com\" crossorigin>\n\t\t<meta property=\"og:locale\" content=\"es_ES\" \/>\n\t\t<meta property=\"og:site_name\" content=\"SoyMigrante.com REVISTA \u2013 Nuestra misi\u00f3n es reconocer y dignificar al migrante.\" \/>\n\t\t<meta property=\"og:type\" content=\"article\" \/>\n\t\t<meta property=\"og:title\" content=\"Festival Rabin Ajau: alegr\u00eda, color tradici\u00f3n e identidad maya\" \/>\n\t\t<meta property=\"og:description\" content=\"Una imagen vale mil palabras. Este es un recorrido visual del fotoperiodista Abel Ju\u00e1rez en las actividades previas a la elecci\u00f3n de Rabin Ajau en Cob\u00e1n A.V. Guatemala\" \/>\n\t\t<meta property=\"og:url\" content=\"https:\/\/soymigrante.com\/revista\/festival-rabin-ajau-en-imagenes-alegria-hermandad-tradicion-e-identidad\/\" \/>\n\t\t<meta property=\"og:image\" content=\"https:\/\/soymigrante.com\/revista\/wp-content\/uploads\/2024\/07\/Rabin-Ajau-Coban-Abel-Juarez-14-scaled.webp\" \/>\n\t\t<meta property=\"og:image:secure_url\" content=\"https:\/\/soymigrante.com\/revista\/wp-content\/uploads\/2024\/07\/Rabin-Ajau-Coban-Abel-Juarez-14-scaled.webp\" \/>\n\t\t<meta property=\"og:image:width\" content=\"1920\" \/>\n\t\t<meta property=\"og:image:height\" content=\"1920\" \/>\n\t\t<meta property=\"article:published_time\" content=\"2024-07-26T20:45:21+00:00\" \/>\n\t\t<meta property=\"article:modified_time\" content=\"2024-07-31T14:52:18+00:00\" \/>\n\t\t<meta property=\"article:publisher\" content=\"https:\/\/www.facebook.com\/soymigrantecom\" \/>\n\t\t<meta name=\"twitter:card\" content=\"summary_large_image\" \/>\n\t\t<meta name=\"twitter:site\" content=\"@SoyMigrante_com\" \/>\n\t\t<meta name=\"twitter:title\" content=\"Festival Rabin Ajau: alegr\u00eda, color tradici\u00f3n e identidad maya\" \/>\n\t\t<meta name=\"twitter:description\" content=\"Una imagen vale mil palabras. Este es un recorrido visual del fotoperiodista Abel Ju\u00e1rez en las actividades previas a la elecci\u00f3n de Rabin Ajau en Cob\u00e1n A.V. Guatemala\" \/>\n\t\t<meta name=\"twitter:creator\" content=\"@SoyMigrante_com\" \/>\n\t\t<meta name=\"twitter:image\" content=\"https:\/\/soymigrante.com\/revista\/wp-content\/uploads\/2024\/07\/Rabin-Ajau-Coban-Abel-Juarez-14-scaled.webp\" \/>\n\t\t<!-- All in One SEO Pro -->\r\n\t\t<title>Festival Rabin Ajau: alegr\u00eda, color tradici\u00f3n e identidad maya<\/title>\n\n","aioseo_head_json":{"title":"Festival Rabin Ajau: alegr\u00eda, color tradici\u00f3n e identidad maya","description":"Una imagen vale mil palabras. Este es un recorrido visual del fotoperiodista Abel Ju\u00e1rez en las actividades previas a la elecci\u00f3n de Rabin Ajau en Cob\u00e1n A.V. Guatemala","canonical_url":"https:\/\/soymigrante.com\/revista\/festival-rabin-ajau-en-imagenes-alegria-hermandad-tradicion-e-identidad\/","robots":"max-snippet:-1, max-image-preview:large, max-video-preview:-1","keywords":"","webmasterTools":{"miscellaneous":"&lt;link rel=\"preconnect\" href=\"https:\/\/fonts.googleapis.com\" crossorigin&gt;\n&lt;link rel=\"preconnect\" href=\"https:\/\/fonts.gstatic.com\" crossorigin&gt;"},"schema":null,"og:locale":"es_ES","og:site_name":"SoyMigrante.com REVISTA \u2013 Nuestra misi\u00f3n es reconocer y dignificar al migrante.","og:type":"article","og:title":"Festival Rabin Ajau: alegr\u00eda, color tradici\u00f3n e identidad maya","og:description":"Una imagen vale mil palabras. Este es un recorrido visual del fotoperiodista Abel Ju\u00e1rez en las actividades previas a la elecci\u00f3n de Rabin Ajau en Cob\u00e1n A.V. Guatemala","og:url":"https:\/\/soymigrante.com\/revista\/festival-rabin-ajau-en-imagenes-alegria-hermandad-tradicion-e-identidad\/","og:image":"https:\/\/soymigrante.com\/revista\/wp-content\/uploads\/2024\/07\/Rabin-Ajau-Coban-Abel-Juarez-14-scaled.webp","og:image:secure_url":"https:\/\/soymigrante.com\/revista\/wp-content\/uploads\/2024\/07\/Rabin-Ajau-Coban-Abel-Juarez-14-scaled.webp","og:image:width":1920,"og:image:height":1920,"article:published_time":"2024-07-26T20:45:21+00:00","article:modified_time":"2024-07-31T14:52:18+00:00","article:publisher":"https:\/\/www.facebook.com\/soymigrantecom","twitter:card":"summary_large_image","twitter:site":"@SoyMigrante_com","twitter:title":"Festival Rabin Ajau: alegr\u00eda, color tradici\u00f3n e identidad maya","twitter:description":"Una imagen vale mil palabras. Este es un recorrido visual del fotoperiodista Abel Ju\u00e1rez en las actividades previas a la elecci\u00f3n de Rabin Ajau en Cob\u00e1n A.V. Guatemala","twitter:creator":"@SoyMigrante_com","twitter:image":"https:\/\/soymigrante.com\/revista\/wp-content\/uploads\/2024\/07\/Rabin-Ajau-Coban-Abel-Juarez-14-scaled.webp"},"aioseo_meta_data":{"post_id":"7926","title":"Llamas chilenas \"migraron\" a los Cuchumatanes hace 23 a\u00f1os","description":"La granja de las Llamas de los Cuchumatanes est\u00e1 ubicada a 260 kil\u00f3metros de la Ciudad de Guatemala, a una hora de la cabecera departamental de Huehuetenango.","keywords":null,"keyphrases":{"focus":{"keyphrase":"llamas","score":91,"analysis":{"keyphraseInTitle":{"score":9,"maxScore":9,"error":0},"keyphraseInDescription":{"score":9,"maxScore":9,"error":0},"keyphraseLength":{"score":9,"maxScore":9,"error":0,"length":1},"keyphraseInURL":{"score":5,"maxScore":5,"error":0},"keyphraseInIntroduction":{"score":3,"maxScore":9,"error":1},"keyphraseInSubHeadings":{"score":9,"maxScore":9,"error":0},"keyphraseInImageAlt":{"score":9,"maxScore":9,"error":0},"keywordDensity":{"type":"best","score":9,"maxScore":9,"error":0}}},"additional":[{"keyphrase":"huehuetenango","score":87,"analysis":{"keyphraseInDescription":{"score":9,"maxScore":9,"error":0},"keyphraseLength":{"score":9,"maxScore":9,"error":0,"length":1},"keyphraseInIntroduction":{"score":3,"maxScore":9,"error":1},"keyphraseInImageAlt":{"score":9,"maxScore":9,"error":0},"keywordDensity":{"type":"best","score":9,"maxScore":9,"error":0}}}]},"primary_term":null,"canonical_url":null,"og_title":null,"og_description":null,"og_object_type":"default","og_image_type":"default","og_image_url":null,"og_image_width":null,"og_image_height":null,"og_image_custom_url":null,"og_image_custom_fields":null,"og_video":"","og_custom_url":null,"og_article_section":null,"og_article_tags":null,"twitter_use_og":false,"twitter_card":"default","twitter_image_type":"default","twitter_image_url":null,"twitter_image_custom_url":null,"twitter_image_custom_fields":null,"twitter_title":null,"twitter_description":null,"schema":{"blockGraphs":[],"customGraphs":[],"default":{"data":{"Article":[],"Course":[],"Dataset":[],"FAQPage":[],"Movie":[],"Person":[],"Product":[],"ProductReview":[],"Car":[],"Recipe":[],"Service":[],"SoftwareApplication":[],"WebPage":[]},"graphName":"Article","isEnabled":true},"graphs":[]},"schema_type":"default","schema_type_options":null,"pillar_content":false,"robots_default":true,"robots_noindex":false,"robots_noarchive":false,"robots_nosnippet":false,"robots_nofollow":false,"robots_noimageindex":false,"robots_noodp":false,"robots_notranslate":false,"robots_max_snippet":"-1","robots_max_videopreview":"-1","robots_max_imagepreview":"large","priority":null,"frequency":"default","local_seo":null,"seo_analyzer_scan_date":"2025-10-08 22:31:15","breadcrumb_settings":null,"limit_modified_date":false,"reviewed_by":null,"open_ai":"{\"title\":{\"suggestions\":[],\"usage\":0},\"description\":{\"suggestions\":[],\"usage\":0}}","ai":null,"created":"2024-08-09 20:17:09","updated":"2026-02-04 12:33:24"},"aioseo_breadcrumb":"<div class=\"aioseo-breadcrumbs\"><span class=\"aioseo-breadcrumb\">\n\t<a href=\"https:\/\/soymigrante.com\/revista\" title=\"Home\">Home<\/a>\n<\/span><span class=\"aioseo-breadcrumb-separator\">\u00bb<\/span><span class=\"aioseo-breadcrumb\">\n\t<a href=\"https:\/\/soymigrante.com\/revista\/category\/guate-nuestra\/\" title=\"Guate Nuestra\">Guate Nuestra<\/a>\n<\/span><span class=\"aioseo-breadcrumb-separator\">\u00bb<\/span><span class=\"aioseo-breadcrumb\">\n\tLlamas de los Cuchumatanes \u201cmigraron\u201d hace 23 a\u00f1os a Guatemala\n<\/span><\/div>","aioseo_breadcrumb_json":[{"label":"Home","link":"https:\/\/soymigrante.com\/revista"},{"label":"Guate Nuestra","link":"https:\/\/soymigrante.com\/revista\/category\/guate-nuestra\/"},{"label":"Llamas de los Cuchumatanes &#8220;migraron&#8221; hace 23 a\u00f1os a Guatemala","link":"https:\/\/soymigrante.com\/revista\/llamas-de-los-cuchumatanes-migraron-hace-23-anos-a-guatemala\/"}],"_links":{"self":[{"href":"https:\/\/soymigrante.com\/revista\/wp-json\/wp\/v2\/posts\/7926","targetHints":{"allow":["GET"]}}],"collection":[{"href":"https:\/\/soymigrante.com\/revista\/wp-json\/wp\/v2\/posts"}],"about":[{"href":"https:\/\/soymigrante.com\/revista\/wp-json\/wp\/v2\/types\/post"}],"author":[{"embeddable":true,"href":"https:\/\/soymigrante.com\/revista\/wp-json\/wp\/v2\/users\/23"}],"replies":[{"embeddable":true,"href":"https:\/\/soymigrante.com\/revista\/wp-json\/wp\/v2\/comments?post=7926"}],"version-history":[{"count":0,"href":"https:\/\/soymigrante.com\/revista\/wp-json\/wp\/v2\/posts\/7926\/revisions"}],"wp:featuredmedia":[{"embeddable":true,"href":"https:\/\/soymigrante.com\/revista\/wp-json\/wp\/v2\/media\/7965"}],"wp:attachment":[{"href":"https:\/\/soymigrante.com\/revista\/wp-json\/wp\/v2\/media?parent=7926"}],"wp:term":[{"taxonomy":"category","embeddable":true,"href":"https:\/\/soymigrante.com\/revista\/wp-json\/wp\/v2\/categories?post=7926"},{"taxonomy":"post_tag","embeddable":true,"href":"https:\/\/soymigrante.com\/revista\/wp-json\/wp\/v2\/tags?post=7926"}],"curies":[{"name":"wp","href":"https:\/\/api.w.org\/{rel}","templated":true}]}}