{"id":7893,"date":"2024-08-08T16:47:58","date_gmt":"2024-08-08T22:47:58","guid":{"rendered":"https:\/\/soymigrante.com\/revista\/?p=7893"},"modified":"2024-11-01T11:33:30","modified_gmt":"2024-11-01T17:33:30","slug":"regreso-a-clases-en-estados-unidos-consejos-para-estudiantes","status":"publish","type":"post","link":"https:\/\/soymigrante.com\/revista\/regreso-a-clases-en-estados-unidos-consejos-para-estudiantes\/","title":{"rendered":"Regreso a clases en Estados Unidos: consejos para estudiantes &#8230;y padres"},"content":{"rendered":"\t\t<div data-elementor-type=\"wp-post\" data-elementor-id=\"7893\" class=\"elementor elementor-7893\" data-elementor-post-type=\"post\">\n\t\t\t\t<div data-particle_enable=\"false\" data-particle-mobile-disabled=\"false\" class=\"elementor-element elementor-element-f6f4510 e-flex e-con-boxed e-con e-parent\" data-id=\"f6f4510\" data-element_type=\"container\" data-e-type=\"container\">\n\t\t\t\t\t<div class=\"e-con-inner\">\n\t\t\t\t<div class=\"elementor-element elementor-element-190d564 elementor-widget elementor-widget-heading\" data-id=\"190d564\" data-element_type=\"widget\" data-e-type=\"widget\" data-widget_type=\"heading.default\">\n\t\t\t\t\t<h2 class=\"elementor-heading-title elementor-size-default\">Ante el retorno a clases en Estados Unidos, es importante seguir una serie de recomendaciones para apoyar a los estudiantes a lograr un ingreso escolar seguro y efectivo. \n<\/h2>\t\t\t\t<\/div>\n\t\t\t\t\t<\/div>\n\t\t\t\t<\/div>\n\t\t<div data-particle_enable=\"false\" data-particle-mobile-disabled=\"false\" class=\"elementor-element elementor-element-fa7b942 e-flex e-con-boxed e-con e-parent\" data-id=\"fa7b942\" data-element_type=\"container\" data-e-type=\"container\">\n\t\t\t\t\t<div class=\"e-con-inner\">\n\t\t\t\t<div class=\"elementor-element elementor-element-2958259 elementor-widget elementor-widget-text-editor\" data-id=\"2958259\" data-element_type=\"widget\" data-e-type=\"widget\" data-widget_type=\"text-editor.default\">\n\t\t\t\t\t\t\t\t\t<p>Muchos estudiantes se sienten emocionados por el regreso a clases debido a que se vuelven a encontrar con sus compa\u00f1eros y compa\u00f1eras o porque sienten curiosidad por las cosas nuevas que van a aprender.<\/p><p>No obstante, tambi\u00e9n hay menores de edad que pueden llegar a sentirse abrumados por el retorno escolar y el fin de las vacaciones, pero para todo hay una soluci\u00f3n.<\/p><p>Con la finalidad de evitar emociones negativas para el regreso a clases y hacer de esta vuelta a la escuela una experiencia enriquecedora, a continuaci\u00f3n te dejamos 5 consejos para acompa\u00f1ar de la mejor manera a los estudiantes.<\/p>\t\t\t\t\t\t\t\t<\/div>\n\t\t\t\t\t<\/div>\n\t\t\t\t<\/div>\n\t\t<div data-particle_enable=\"false\" data-particle-mobile-disabled=\"false\" class=\"elementor-element elementor-element-75c0674 e-flex e-con-boxed e-con e-parent\" data-id=\"75c0674\" data-element_type=\"container\" data-e-type=\"container\">\n\t\t\t\t\t<div class=\"e-con-inner\">\n\t\t\t\t<div class=\"elementor-element elementor-element-fe8b2b4 elementor-widget elementor-widget-text-editor\" data-id=\"fe8b2b4\" data-element_type=\"widget\" data-e-type=\"widget\" data-widget_type=\"text-editor.default\">\n\t\t\t\t\t\t\t\t\t<p>Para la psic\u00f3loga, Fernanda Urrutia, quien tiene una maestr\u00eda en educaci\u00f3n infantil especial, da algunas recomendaciones para que el regreso a clases sea m\u00e1s placentero para los estudiantes. <\/p>\t\t\t\t\t\t\t\t<\/div>\n\t\t\t\t\t<\/div>\n\t\t\t\t<\/div>\n\t\t<div data-particle_enable=\"false\" data-particle-mobile-disabled=\"false\" class=\"elementor-element elementor-element-dcfb70a e-flex e-con-boxed e-con e-parent\" data-id=\"dcfb70a\" data-element_type=\"container\" data-e-type=\"container\">\n\t\t\t\t\t<div class=\"e-con-inner\">\n\t\t\t\t<div class=\"elementor-element elementor-element-a93c231 elementor-widget elementor-widget-heading\" data-id=\"a93c231\" data-element_type=\"widget\" data-e-type=\"widget\" data-widget_type=\"heading.default\">\n\t\t\t\t\t<h3 class=\"elementor-heading-title elementor-size-default\">Consejos para el regreso de los estudiantes en Estados Unidos:<\/h3>\t\t\t\t<\/div>\n\t\t\t\t\t<\/div>\n\t\t\t\t<\/div>\n\t\t<div data-particle_enable=\"false\" data-particle-mobile-disabled=\"false\" class=\"elementor-element elementor-element-9bec21d e-flex e-con-boxed e-con e-parent\" data-id=\"9bec21d\" data-element_type=\"container\" data-e-type=\"container\">\n\t\t\t\t\t<div class=\"e-con-inner\">\n\t\t\t\t<div class=\"elementor-element elementor-element-c5501fe elementor-widget elementor-widget-text-editor\" data-id=\"c5501fe\" data-element_type=\"widget\" data-e-type=\"widget\" data-widget_type=\"text-editor.default\">\n\t\t\t\t\t\t\t\t\t<p><strong>1. Reconocer que la preocupaci\u00f3n y ansiedad es normal<\/strong><\/p><p>Cada a\u00f1o escolar implica una situaci\u00f3n nueva: nueva sala de clases, cambio de profesores o de compa\u00f1eros. El temor a la incertidumbre es totalmente esperable y es importante que \u00e9l o ella lo sepa.<\/p><p>Para lograr lo anterior es \u00fatil conversar sobre las distintas emociones que pueden existir con la entrada a clases.<\/p><p>No existe una \u00fanica forma de sentir y es importante que todas puedan ser expresadas y bien recibidas.<\/p><p>Es esencial transmitir que las emociones cambian. Si hoy se siente miedo, no necesariamente se quedar\u00e1 para siempre, por ejemplo.<\/p>\t\t\t\t\t\t\t\t<\/div>\n\t\t\t\t\t<\/div>\n\t\t\t\t<\/div>\n\t\t<div data-particle_enable=\"false\" data-particle-mobile-disabled=\"false\" class=\"elementor-element elementor-element-c51a622 e-flex e-con-boxed e-con e-parent\" data-id=\"c51a622\" data-element_type=\"container\" data-e-type=\"container\">\n\t\t\t\t\t<div class=\"e-con-inner\">\n\t\t\t\t<div class=\"elementor-element elementor-element-ab252d8 elementor-widget elementor-widget-image\" data-id=\"ab252d8\" data-element_type=\"widget\" data-e-type=\"widget\" data-widget_type=\"image.default\">\n\t\t\t\t\t\t\t\t\t\t\t\t\t\t\t<img fetchpriority=\"high\" decoding=\"async\" width=\"768\" height=\"512\" src=\"https:\/\/soymigrante.com\/revista\/wp-content\/uploads\/2024\/08\/Regreso-a-clases-en-Estados-Unidos4-1024x682.webp\" class=\"attachment-large size-large wp-image-7895\" alt=\"Estudiante haciendo dibujo con l\u00e1pices de colores en un aula, promoviendo la creatividad y la educaci\u00f3n en contexto migrante en la revista SoyMigrante.com REVISTA.\" srcset=\"https:\/\/soymigrante.com\/revista\/wp-content\/uploads\/2024\/08\/Regreso-a-clases-en-Estados-Unidos4-1024x682.webp 1024w, https:\/\/soymigrante.com\/revista\/wp-content\/uploads\/2024\/08\/Regreso-a-clases-en-Estados-Unidos4-300x200.webp 300w, https:\/\/soymigrante.com\/revista\/wp-content\/uploads\/2024\/08\/Regreso-a-clases-en-Estados-Unidos4-768x512.webp 768w, https:\/\/soymigrante.com\/revista\/wp-content\/uploads\/2024\/08\/Regreso-a-clases-en-Estados-Unidos4-750x500.webp 750w, https:\/\/soymigrante.com\/revista\/wp-content\/uploads\/2024\/08\/Regreso-a-clases-en-Estados-Unidos4-1140x760.webp 1140w, https:\/\/soymigrante.com\/revista\/wp-content\/uploads\/2024\/08\/Regreso-a-clases-en-Estados-Unidos4.webp 1280w\" sizes=\"(max-width: 768px) 100vw, 768px\" title=\"Regreso a clases en Estados Unidos4 \u2013 SoyMigrante.com REVISTA\" \/>\t\t\t\t\t\t\t\t\t\t\t\t\t\t\t<\/div>\n\t\t\t\t\t<\/div>\n\t\t\t\t<\/div>\n\t\t<div data-particle_enable=\"false\" data-particle-mobile-disabled=\"false\" class=\"elementor-element elementor-element-ecb9c96 e-flex e-con-boxed e-con e-parent\" data-id=\"ecb9c96\" data-element_type=\"container\" data-e-type=\"container\">\n\t\t\t\t\t<div class=\"e-con-inner\">\n\t\t\t\t<div class=\"elementor-element elementor-element-2ccab60 elementor-widget elementor-widget-text-editor\" data-id=\"2ccab60\" data-element_type=\"widget\" data-e-type=\"widget\" data-widget_type=\"text-editor.default\">\n\t\t\t\t\t\t\t\t\t<p><strong>2. Ense\u00f1ar opciones para manejar el estr\u00e9s<\/strong><\/p><p><br \/>Ni\u00f1as, ni\u00f1os y adolescentes est\u00e1n atentos a los comportamientos y emociones de los adultos, buscando se\u00f1ales que les indiquen c\u00f3mo manejar sus propias emociones en momentos dif\u00edciles.<\/p><p>Algunos tips para mostrar c\u00f3mo manejar el estr\u00e9s a los estudiantes son:<\/p><p>Contarles sobre lo que generalmente se hace para manejar situaciones nuevas o estresantes, qu\u00e9 cosas resultan y qu\u00e9 cosas no. <br \/>Practicar en conjunto ejercicios simples de respiraci\u00f3n o relajaci\u00f3n.<br \/>Recordar a menores de edad que si se sienten muy intranquilos en horario de clases, pueden buscar apoyo en alguien de confianza en el establecimiento.<\/p><p>\u00a0<\/p>\t\t\t\t\t\t\t\t<\/div>\n\t\t\t\t\t<\/div>\n\t\t\t\t<\/div>\n\t\t<div data-particle_enable=\"false\" data-particle-mobile-disabled=\"false\" class=\"elementor-element elementor-element-64cdc05 e-flex e-con-boxed e-con e-parent\" data-id=\"64cdc05\" data-element_type=\"container\" data-e-type=\"container\">\n\t\t\t\t\t<div class=\"e-con-inner\">\n\t\t\t\t<div class=\"elementor-element elementor-element-7350eb4 elementor-widget elementor-widget-image\" data-id=\"7350eb4\" data-element_type=\"widget\" data-e-type=\"widget\" data-widget_type=\"image.default\">\n\t\t\t\t\t\t\t\t\t\t\t\t\t\t\t<img decoding=\"async\" width=\"768\" height=\"576\" src=\"https:\/\/soymigrante.com\/revista\/wp-content\/uploads\/2024\/08\/Regreso-a-clases-en-Estados-Unidos5-1024x768.webp\" class=\"attachment-large size-large wp-image-7896\" alt=\"Aula escolar vac\u00eda con pupitres y mesas de madera en un ambiente de ense\u00f1anza.\" srcset=\"https:\/\/soymigrante.com\/revista\/wp-content\/uploads\/2024\/08\/Regreso-a-clases-en-Estados-Unidos5-1024x768.webp 1024w, https:\/\/soymigrante.com\/revista\/wp-content\/uploads\/2024\/08\/Regreso-a-clases-en-Estados-Unidos5-300x225.webp 300w, https:\/\/soymigrante.com\/revista\/wp-content\/uploads\/2024\/08\/Regreso-a-clases-en-Estados-Unidos5-768x576.webp 768w, https:\/\/soymigrante.com\/revista\/wp-content\/uploads\/2024\/08\/Regreso-a-clases-en-Estados-Unidos5-750x563.webp 750w, https:\/\/soymigrante.com\/revista\/wp-content\/uploads\/2024\/08\/Regreso-a-clases-en-Estados-Unidos5-1140x855.webp 1140w, https:\/\/soymigrante.com\/revista\/wp-content\/uploads\/2024\/08\/Regreso-a-clases-en-Estados-Unidos5.webp 1280w\" sizes=\"(max-width: 768px) 100vw, 768px\" title=\"Regreso a clases en Estados Unidos5 \u2013 SoyMigrante.com REVISTA\" \/>\t\t\t\t\t\t\t\t\t\t\t\t\t\t\t<\/div>\n\t\t\t\t\t<\/div>\n\t\t\t\t<\/div>\n\t\t<div data-particle_enable=\"false\" data-particle-mobile-disabled=\"false\" class=\"elementor-element elementor-element-1736ff3 e-flex e-con-boxed e-con e-parent\" data-id=\"1736ff3\" data-element_type=\"container\" data-e-type=\"container\">\n\t\t\t\t\t<div class=\"e-con-inner\">\n\t\t\t\t<div class=\"elementor-element elementor-element-ae6554c elementor-widget elementor-widget-text-editor\" data-id=\"ae6554c\" data-element_type=\"widget\" data-e-type=\"widget\" data-widget_type=\"text-editor.default\">\n\t\t\t\t\t\t\t\t\t<p><strong>3. Ser paciente y respetar los tiempos<\/strong><\/p><p>Luego de tanto tiempo sin clases, volver a la escuela no es tan sencillo como se pudiera pensar.<\/p><p>En este sentido se recomienda conocer el nuevo espacio o volver a acostumbrarse a la rutina escolar, algo que puede tomar su tiempo, el que variar\u00e1 de persona a persona.<\/p><p>Lo mejor es graduar las exigencias y no esperar que todo vuelva a funcionar perfecto en los primeros d\u00edas.<\/p><p>\u00a0<\/p>\t\t\t\t\t\t\t\t<\/div>\n\t\t\t\t\t<\/div>\n\t\t\t\t<\/div>\n\t\t<div data-particle_enable=\"false\" data-particle-mobile-disabled=\"false\" class=\"elementor-element elementor-element-eb13b28 e-flex e-con-boxed e-con e-parent\" data-id=\"eb13b28\" data-element_type=\"container\" data-e-type=\"container\">\n\t\t\t\t\t<div class=\"e-con-inner\">\n\t\t\t\t<div class=\"elementor-element elementor-element-9df29c2 elementor-widget elementor-widget-image\" data-id=\"9df29c2\" data-element_type=\"widget\" data-e-type=\"widget\" data-widget_type=\"image.default\">\n\t\t\t\t\t\t\t\t\t\t\t\t\t\t\t<img decoding=\"async\" width=\"768\" height=\"482\" src=\"https:\/\/soymigrante.com\/revista\/wp-content\/uploads\/2024\/08\/Regreso-a-clases-en-Estados-Unidos1-1024x643.webp\" class=\"attachment-large size-large wp-image-7897\" alt=\"Maestra en aula escolar con alumnos, educadora en clases, revista SoyMigrante.com, tem\u00e1tica migrancia y educaci\u00f3n.\" srcset=\"https:\/\/soymigrante.com\/revista\/wp-content\/uploads\/2024\/08\/Regreso-a-clases-en-Estados-Unidos1-1024x643.webp 1024w, https:\/\/soymigrante.com\/revista\/wp-content\/uploads\/2024\/08\/Regreso-a-clases-en-Estados-Unidos1-300x188.webp 300w, https:\/\/soymigrante.com\/revista\/wp-content\/uploads\/2024\/08\/Regreso-a-clases-en-Estados-Unidos1-768x482.webp 768w, https:\/\/soymigrante.com\/revista\/wp-content\/uploads\/2024\/08\/Regreso-a-clases-en-Estados-Unidos1-750x471.webp 750w, https:\/\/soymigrante.com\/revista\/wp-content\/uploads\/2024\/08\/Regreso-a-clases-en-Estados-Unidos1-1140x716.webp 1140w, https:\/\/soymigrante.com\/revista\/wp-content\/uploads\/2024\/08\/Regreso-a-clases-en-Estados-Unidos1.webp 1280w\" sizes=\"(max-width: 768px) 100vw, 768px\" title=\"Regreso a clases en Estados Unidos1 \u2013 SoyMigrante.com REVISTA\" \/>\t\t\t\t\t\t\t\t\t\t\t\t\t\t\t<\/div>\n\t\t\t\t\t<\/div>\n\t\t\t\t<\/div>\n\t\t<div data-particle_enable=\"false\" data-particle-mobile-disabled=\"false\" class=\"elementor-element elementor-element-e44d00b e-flex e-con-boxed e-con e-parent\" data-id=\"e44d00b\" data-element_type=\"container\" data-e-type=\"container\">\n\t\t\t\t\t<div class=\"e-con-inner\">\n\t\t\t\t<div class=\"elementor-element elementor-element-435e481 elementor-widget elementor-widget-text-editor\" data-id=\"435e481\" data-element_type=\"widget\" data-e-type=\"widget\" data-widget_type=\"text-editor.default\">\n\t\t\t\t\t\t\t\t\t<p><strong>4. No olvidar la importancia de la diversi\u00f3n<\/strong><\/p><p>Es importante visualizar que el retorno a la escuela no debe ser sin\u00f3nimo de ausencia de diversi\u00f3n y entretenimiento.<\/p><p>Los espacios de esparcimiento e interacci\u00f3n social son igual de importantes para el desarrollo, por lo que es importante buscar un equilibrio.<\/p><p>Para mantener el equilibrio entre diversi\u00f3n y las responsabilidades escolares, estas son las siguientes recomendaciones:<\/p><p>Ayudar a los estudiantes a identificar los momentos de entretenci\u00f3n en la escuela y c\u00f3mo se pueden aprovechar.<br \/>Resguardar horarios de juego y diversi\u00f3n en la rutina diaria de estudiantes, lo mismo para el ocio.<\/p><p>\u00a0<\/p>\t\t\t\t\t\t\t\t<\/div>\n\t\t\t\t\t<\/div>\n\t\t\t\t<\/div>\n\t\t<div data-particle_enable=\"false\" data-particle-mobile-disabled=\"false\" class=\"elementor-element elementor-element-826fb47 e-flex e-con-boxed e-con e-parent\" data-id=\"826fb47\" data-element_type=\"container\" data-e-type=\"container\">\n\t\t\t\t\t<div class=\"e-con-inner\">\n\t\t\t\t<div class=\"elementor-element elementor-element-e9a5358 elementor-widget elementor-widget-image\" data-id=\"e9a5358\" data-element_type=\"widget\" data-e-type=\"widget\" data-widget_type=\"image.default\">\n\t\t\t\t\t\t\t\t\t\t\t\t\t\t\t<img loading=\"lazy\" decoding=\"async\" width=\"768\" height=\"432\" src=\"https:\/\/soymigrante.com\/revista\/wp-content\/uploads\/2024\/08\/Regreso-a-clases-en-Estados-Unidos2-1024x576.webp\" class=\"attachment-large size-large wp-image-7898\" alt=\"Colores de l\u00e1pices de colores en una caja, s\u00edmbolo de creatividad e inspiraci\u00f3n para migrantes y temas culturales.\" srcset=\"https:\/\/soymigrante.com\/revista\/wp-content\/uploads\/2024\/08\/Regreso-a-clases-en-Estados-Unidos2-1024x576.webp 1024w, https:\/\/soymigrante.com\/revista\/wp-content\/uploads\/2024\/08\/Regreso-a-clases-en-Estados-Unidos2-300x169.webp 300w, https:\/\/soymigrante.com\/revista\/wp-content\/uploads\/2024\/08\/Regreso-a-clases-en-Estados-Unidos2-768x432.webp 768w, https:\/\/soymigrante.com\/revista\/wp-content\/uploads\/2024\/08\/Regreso-a-clases-en-Estados-Unidos2-750x422.webp 750w, https:\/\/soymigrante.com\/revista\/wp-content\/uploads\/2024\/08\/Regreso-a-clases-en-Estados-Unidos2-1140x641.webp 1140w, https:\/\/soymigrante.com\/revista\/wp-content\/uploads\/2024\/08\/Regreso-a-clases-en-Estados-Unidos2.webp 1280w\" sizes=\"(max-width: 768px) 100vw, 768px\" title=\"Regreso a clases en Estados Unidos2 \u2013 SoyMigrante.com REVISTA\" \/>\t\t\t\t\t\t\t\t\t\t\t\t\t\t\t<\/div>\n\t\t\t\t\t<\/div>\n\t\t\t\t<\/div>\n\t\t<div data-particle_enable=\"false\" data-particle-mobile-disabled=\"false\" class=\"elementor-element elementor-element-c8a190d e-flex e-con-boxed e-con e-parent\" data-id=\"c8a190d\" data-element_type=\"container\" data-e-type=\"container\">\n\t\t\t\t\t<div class=\"e-con-inner\">\n\t\t\t\t<div class=\"elementor-element elementor-element-5eccdda elementor-widget elementor-widget-text-editor\" data-id=\"5eccdda\" data-element_type=\"widget\" data-e-type=\"widget\" data-widget_type=\"text-editor.default\">\n\t\t\t\t\t\t\t\t\t<p><strong>5. Pide ayuda oportunamente<\/strong><\/p><p><br \/>En caso de existir dificultades durante este periodo de clases, lo mejor es coordinar con prontitud una reuni\u00f3n en la escuela. Muchas situaciones pueden solucionarse realizando peque\u00f1os ajustes en la rutina escolar. Lo m\u00e1s importante en estos casos es que ellos sientan que sus padres, cuidadores, docentes y personal escolar en general est\u00e1n presentes para prestarles ayuda y protecci\u00f3n.<\/p><p>\u00bfCu\u00e1les son las se\u00f1ales de que el o la estudiante tiene problemas con el regreso a clases?<br \/>Miedo intenso a estar solo o sola.<br \/>Pesadillas o terrores nocturnos frecuentes.<br \/>Gran ansiedad al salir de casa o separarse de la familia.<br \/>Preocupaci\u00f3n constante por su seguridad o los miembros de la familia.<br \/>Fuerte resistencia a ir a la escuela.<br \/>Frecuentes dolores estomacales, de cabeza, o malestar f\u00edsico sin causa identificable.<br \/>Cambio de \u00e1nimo irritable o deca\u00eddo.<\/p>\t\t\t\t\t\t\t\t<\/div>\n\t\t\t\t\t<\/div>\n\t\t\t\t<\/div>\n\t\t<div data-particle_enable=\"false\" data-particle-mobile-disabled=\"false\" class=\"elementor-element elementor-element-287b5cb e-flex e-con-boxed e-con e-parent\" data-id=\"287b5cb\" data-element_type=\"container\" data-e-type=\"container\">\n\t\t\t\t\t<div class=\"e-con-inner\">\n\t\t\t\t<div class=\"elementor-element elementor-element-25d56ff elementor-widget elementor-widget-image\" data-id=\"25d56ff\" data-element_type=\"widget\" data-e-type=\"widget\" data-widget_type=\"image.default\">\n\t\t\t\t\t\t\t\t\t\t\t\t\t\t\t<img loading=\"lazy\" decoding=\"async\" width=\"768\" height=\"512\" src=\"https:\/\/soymigrante.com\/revista\/wp-content\/uploads\/2024\/08\/Regreso-a-clases-en-Estados-Unidos6-1024x682.webp\" class=\"attachment-large size-large wp-image-7899\" alt=\"Estudiante de clase participando activamente en una lecci\u00f3n en un aula escolar.\" srcset=\"https:\/\/soymigrante.com\/revista\/wp-content\/uploads\/2024\/08\/Regreso-a-clases-en-Estados-Unidos6-1024x682.webp 1024w, https:\/\/soymigrante.com\/revista\/wp-content\/uploads\/2024\/08\/Regreso-a-clases-en-Estados-Unidos6-300x200.webp 300w, https:\/\/soymigrante.com\/revista\/wp-content\/uploads\/2024\/08\/Regreso-a-clases-en-Estados-Unidos6-768x512.webp 768w, https:\/\/soymigrante.com\/revista\/wp-content\/uploads\/2024\/08\/Regreso-a-clases-en-Estados-Unidos6-750x500.webp 750w, https:\/\/soymigrante.com\/revista\/wp-content\/uploads\/2024\/08\/Regreso-a-clases-en-Estados-Unidos6-1140x760.webp 1140w, https:\/\/soymigrante.com\/revista\/wp-content\/uploads\/2024\/08\/Regreso-a-clases-en-Estados-Unidos6.webp 1280w\" sizes=\"(max-width: 768px) 100vw, 768px\" title=\"Regreso a clases en Estados Unidos6 \u2013 SoyMigrante.com REVISTA\" \/>\t\t\t\t\t\t\t\t\t\t\t\t\t\t\t<\/div>\n\t\t\t\t\t<\/div>\n\t\t\t\t<\/div>\n\t\t<div data-particle_enable=\"false\" data-particle-mobile-disabled=\"false\" class=\"elementor-element elementor-element-42d003a e-flex e-con-boxed e-con e-parent\" data-id=\"42d003a\" data-element_type=\"container\" data-e-type=\"container\">\n\t\t\t\t\t<div class=\"e-con-inner\">\n\t\t\t\t<div class=\"elementor-element elementor-element-3bdbd24 elementor-widget elementor-widget-text-editor\" data-id=\"3bdbd24\" data-element_type=\"widget\" data-e-type=\"widget\" data-widget_type=\"text-editor.default\">\n\t\t\t\t\t\t\t\t\t<p>Si estas reacciones tienen una alta frecuencia o intensidad e interfieren con el funcionamiento cotidiano de los ni\u00f1os, ni\u00f1as y adolescentes, se recomienda consultar a un especialista.<\/p>\t\t\t\t\t\t\t\t<\/div>\n\t\t\t\t\t<\/div>\n\t\t\t\t<\/div>\n\t\t<div data-particle_enable=\"false\" data-particle-mobile-disabled=\"false\" class=\"elementor-element elementor-element-15fb204 e-flex e-con-boxed e-con e-parent\" data-id=\"15fb204\" data-element_type=\"container\" data-e-type=\"container\">\n\t\t\t\t\t<div class=\"e-con-inner\">\n\t\t\t\t<div class=\"elementor-element elementor-element-8dd1a3c elementor-widget elementor-widget-heading\" data-id=\"8dd1a3c\" data-element_type=\"widget\" data-e-type=\"widget\" data-widget_type=\"heading.default\">\n\t\t\t\t\t<h2 class=\"elementor-heading-title elementor-size-default\">No te pierdas estas historias y si\u00e9ntete orgulloso...<\/h2>\t\t\t\t<\/div>\n\t\t\t\t\t<\/div>\n\t\t\t\t<\/div>\n\t\t<div data-particle_enable=\"false\" data-particle-mobile-disabled=\"false\" class=\"elementor-element elementor-element-1385471 e-flex e-con-boxed e-con e-parent\" data-id=\"1385471\" data-element_type=\"container\" data-e-type=\"container\">\n\t\t\t\t\t<div class=\"e-con-inner\">\n\t\t\t\t<div class=\"elementor-element elementor-element-d173ec9 elementor-widget elementor-widget-blfe-post-grid\" data-id=\"d173ec9\" data-element_type=\"widget\" data-e-type=\"widget\" data-settings=\"{&quot;columns&quot;:&quot;3&quot;,&quot;columns_tablet&quot;:&quot;6&quot;,&quot;columns_mobile&quot;:&quot;12&quot;,&quot;hero1_layout_column_gap&quot;:{&quot;unit&quot;:&quot;px&quot;,&quot;size&quot;:30,&quot;sizes&quot;:[]},&quot;hero1_layout_column_gap_tablet&quot;:{&quot;unit&quot;:&quot;px&quot;,&quot;size&quot;:&quot;&quot;,&quot;sizes&quot;:[]},&quot;hero1_layout_column_gap_mobile&quot;:{&quot;unit&quot;:&quot;px&quot;,&quot;size&quot;:&quot;&quot;,&quot;sizes&quot;:[]},&quot;hero1_layout_row_gap&quot;:{&quot;unit&quot;:&quot;px&quot;,&quot;size&quot;:30,&quot;sizes&quot;:[]},&quot;hero1_layout_row_gap_tablet&quot;:{&quot;unit&quot;:&quot;px&quot;,&quot;size&quot;:&quot;&quot;,&quot;sizes&quot;:[]},&quot;hero1_layout_row_gap_mobile&quot;:{&quot;unit&quot;:&quot;px&quot;,&quot;size&quot;:&quot;&quot;,&quot;sizes&quot;:[]}}\" data-widget_type=\"blfe-post-grid.hero1\">\n\t\t\t\t<div class=\"elementor-widget-container\">\n\t\t\t\t\t\n                        <div class=\"blfe-post-grid-container \">\n            \n                <div data-skin=\"hero1\" class=\"blfe-row blfe-posts-inner blfe-hero1 blfe-posts-inner blfe-col-3 blfe-col-tab-6 blfe-col-mob-12     \">\n                            <div class=\"blfe-post-grid-item\">\n            <div class=\"blfe-post-grid-item-inner blfe-modern-zoom\">\n                        <div class=\"blfe-post-grid-bg-image\">\n            <a class=\"blfe-post-grid-image-inner\" href=\"https:\/\/soymigrante.com\/revista\/un-dia-me-di-ccuenta-que-eramos-migrantes\/\" title=\"Un d\u00eda me d\u00ed cuenta que \u00e9ramos migrantes\" rel=\"nofollow\" target=\"_blank\"><img decoding=\"async\" src=\"https:\/\/soymigrante.com\/revista\/wp-content\/uploads\/2023\/02\/ROSTRO-PINTANDOSE-PINTURA-DE-ARMANDO-SEB.webp\" alt=\"Un d\u00eda me d\u00ed cuenta que \u00e9ramos migrantes\"\/><\/a>        <\/div>\n                        <div class=\"blfe-post-grid-details\">\n                    <div class=\"blfe-post-grid-details-inner\">\n                        <span class=\"blfe-post-category\"><a href=\"https:\/\/soymigrante.com\/revista\/category\/estamos-unidos\/lugar-de-voces\/\">Lugar de Voces<\/a><\/span>                        <h3 class=\"blfe-post-grid-title\">\n            <a href=\"https:\/\/soymigrante.com\/revista\/un-dia-me-di-ccuenta-que-eramos-migrantes\/\" title=\"Un d\u00eda me d\u00ed cuenta que \u00e9ramos migrantes\" rel=\"nofollow\" target=\"_blank\">Un d\u00eda me d\u00ed cuenta que \u00e9ramos migrantes<\/a>\n            <\/h3>                                                            <div class=\"blfe-post-grid-meta\">\n                <span class=\"blfe-post-grid-time\"><i class=\"fas fa-book-reader\"><\/i>2 Min read<\/span>            <\/div>\n                                                        <\/div>\n                <\/div>\n\n            <\/div>\n        <\/div>\n                <div class=\"blfe-post-grid-item\">\n            <div class=\"blfe-post-grid-item-inner blfe-modern-zoom\">\n                        <div class=\"blfe-post-grid-bg-image\">\n            <a class=\"blfe-post-grid-image-inner\" href=\"https:\/\/soymigrante.com\/revista\/poema-dia-de-la-madre-migrante-ausente-poeta-momosteco\/\" title=\"Ausente,  poema del D\u00eda de la Madre    de un hijo migrante a la distancia\" rel=\"nofollow\" target=\"_blank\"><img decoding=\"async\" src=\"https:\/\/soymigrante.com\/revista\/wp-content\/uploads\/2024\/05\/Captura-de-pantalla-2024-05-10-090403-e1715691494715.webp\" alt=\"Ausente,  poema del D\u00eda de la Madre    de un hijo migrante a la distancia\"\/><\/a>        <\/div>\n                        <div class=\"blfe-post-grid-details\">\n                    <div class=\"blfe-post-grid-details-inner\">\n                        <span class=\"blfe-post-category\"><a href=\"https:\/\/soymigrante.com\/revista\/category\/estamos-unidos\/lugar-de-voces\/\">Lugar de Voces<\/a><\/span>                        <h3 class=\"blfe-post-grid-title\">\n            <a href=\"https:\/\/soymigrante.com\/revista\/poema-dia-de-la-madre-migrante-ausente-poeta-momosteco\/\" title=\"Ausente,  poema del D\u00eda de la Madre    de un hijo migrante a la distancia\" rel=\"nofollow\" target=\"_blank\">Ausente,  poema del D\u00eda de la Madre    de un hijo migrante a la distancia<\/a>\n            <\/h3>                                                            <div class=\"blfe-post-grid-meta\">\n                <span class=\"blfe-post-grid-time\"><i class=\"fas fa-book-reader\"><\/i>3 Min read<\/span>            <\/div>\n                                                        <\/div>\n                <\/div>\n\n            <\/div>\n        <\/div>\n                <div class=\"blfe-post-grid-item\">\n            <div class=\"blfe-post-grid-item-inner blfe-modern-zoom\">\n                        <div class=\"blfe-post-grid-bg-image\">\n            <a class=\"blfe-post-grid-image-inner\" href=\"https:\/\/soymigrante.com\/revista\/consejos-metas-ano-nuevo-por-escritor-guatemalteco-migrante-manuel-orantes\/\" title=\"Consejos del sabio para el A\u00f1o Nuevo, est\u00e9s donde est\u00e9s\" rel=\"nofollow\" target=\"_blank\"><img decoding=\"async\" src=\"https:\/\/soymigrante.com\/revista\/wp-content\/uploads\/2024\/01\/vie-1.webp\" alt=\"Consejos del sabio para el A\u00f1o Nuevo, est\u00e9s donde est\u00e9s\"\/><\/a>        <\/div>\n                        <div class=\"blfe-post-grid-details\">\n                    <div class=\"blfe-post-grid-details-inner\">\n                        <span class=\"blfe-post-category\"><a href=\"https:\/\/soymigrante.com\/revista\/category\/estamos-unidos\/lugar-de-voces\/\">Lugar de Voces<\/a><\/span>                        <h3 class=\"blfe-post-grid-title\">\n            <a href=\"https:\/\/soymigrante.com\/revista\/consejos-metas-ano-nuevo-por-escritor-guatemalteco-migrante-manuel-orantes\/\" title=\"Consejos del sabio para el A\u00f1o Nuevo, est\u00e9s donde est\u00e9s\" rel=\"nofollow\" target=\"_blank\">Consejos del sabio para el A\u00f1o Nuevo, est\u00e9s donde est\u00e9s<\/a>\n            <\/h3>                                                            <div class=\"blfe-post-grid-meta\">\n                <span class=\"blfe-post-grid-time\"><i class=\"fas fa-book-reader\"><\/i>5 Min read<\/span>            <\/div>\n                                                        <\/div>\n                <\/div>\n\n            <\/div>\n        <\/div>\n                        <\/div>\n\n                        <\/div>\n            \n                        <div class=\"blfe-post-footer\">\n                        <\/div>\n            \t\t\t\t<\/div>\n\t\t\t\t<\/div>\n\t\t\t\t\t<\/div>\n\t\t\t\t<\/div>\n\t\t\t\t<\/div>\n\t\t","protected":false},"excerpt":{"rendered":"<p>Ante el retorno a clases en Estados Unidos, es importante seguir una serie de recomendaciones para apoyar a los estudiantes a lograr un ingreso escolar seguro y efectivo. Muchos estudiantes se sienten emocionados por el regreso a clases debido a que se vuelven a encontrar con sus compa\u00f1eros y compa\u00f1eras o porque sienten curiosidad por [&hellip;]<\/p>\n","protected":false},"author":19,"featured_media":7894,"comment_status":"open","ping_status":"open","sticky":false,"template":"","format":"standard","meta":{"_acf_changed":false,"_eb_attr":"","footnotes":""},"categories":[55],"tags":[],"class_list":["post-7893","post","type-post","status-publish","format-standard","has-post-thumbnail","hentry","category-bienestar"],"acf":[],"aioseo_notices":[],"aioseo_head":"\n\t\t<!-- All in One SEO Pro 4.9.6.2 - aioseo.com -->\n\t<meta name=\"description\" content=\"El personaje de esta historia viene de la creaci\u00f3n del escritor Manuel Orantes-\u00c1lvarez y sus reflexiones no tienen fronteras. Averigua c\u00f3mo te puede orientar\" \/>\n\t<meta name=\"robots\" content=\"max-snippet:-1, max-image-preview:large, max-video-preview:-1\" \/>\n\t<meta name=\"author\" content=\"SoyMigrante.com REVISTA\"\/>\n\t<link rel=\"canonical\" href=\"https:\/\/soymigrante.com\/revista\/consejos-metas-ano-nuevo-por-escritor-guatemalteco-migrante-manuel-orantes\/\" \/>\n\t<meta name=\"generator\" content=\"All in One SEO Pro (AIOSEO) 4.9.6.2\" \/>\n\n\t\t<link rel=\"preconnect\" href=\"https:\/\/fonts.googleapis.com\" crossorigin>\n<link rel=\"preconnect\" href=\"https:\/\/fonts.gstatic.com\" crossorigin>\n\t\t<meta property=\"og:locale\" content=\"es_ES\" \/>\n\t\t<meta property=\"og:site_name\" content=\"SoyMigrante.com REVISTA \u2013 Nuestra misi\u00f3n es reconocer y dignificar al migrante.\" \/>\n\t\t<meta property=\"og:type\" content=\"article\" \/>\n\t\t<meta property=\"og:title\" content=\"Consejos del sabio para el A\u00f1o Nuevo, est\u00e9s donde est\u00e9s\" \/>\n\t\t<meta property=\"og:description\" content=\"El personaje de esta historia viene de la creaci\u00f3n del escritor Manuel Orantes-\u00c1lvarez y sus reflexiones no tienen fronteras. Averigua c\u00f3mo te puede orientar\" \/>\n\t\t<meta property=\"og:url\" content=\"https:\/\/soymigrante.com\/revista\/consejos-metas-ano-nuevo-por-escritor-guatemalteco-migrante-manuel-orantes\/\" \/>\n\t\t<meta property=\"og:image\" content=\"https:\/\/soymigrante.com\/revista\/wp-content\/uploads\/2024\/01\/vie-1.webp\" \/>\n\t\t<meta property=\"og:image:secure_url\" content=\"https:\/\/soymigrante.com\/revista\/wp-content\/uploads\/2024\/01\/vie-1.webp\" \/>\n\t\t<meta property=\"og:image:width\" content=\"1605\" \/>\n\t\t<meta property=\"og:image:height\" content=\"892\" \/>\n\t\t<meta property=\"article:published_time\" content=\"2024-12-31T19:33:55+00:00\" \/>\n\t\t<meta property=\"article:modified_time\" content=\"2024-12-31T19:46:39+00:00\" \/>\n\t\t<meta property=\"article:publisher\" content=\"https:\/\/www.facebook.com\/soymigrantecom\" \/>\n\t\t<meta name=\"twitter:card\" content=\"summary_large_image\" \/>\n\t\t<meta name=\"twitter:site\" content=\"@SoyMigrante_com\" \/>\n\t\t<meta name=\"twitter:title\" content=\"Consejos del sabio para el A\u00f1o Nuevo, est\u00e9s donde est\u00e9s\" \/>\n\t\t<meta name=\"twitter:description\" content=\"El personaje de esta historia viene de la creaci\u00f3n del escritor Manuel Orantes-\u00c1lvarez y sus reflexiones no tienen fronteras. Averigua c\u00f3mo te puede orientar\" \/>\n\t\t<meta name=\"twitter:creator\" content=\"@SoyMigrante_com\" \/>\n\t\t<meta name=\"twitter:image\" content=\"https:\/\/soymigrante.com\/revista\/wp-content\/uploads\/2024\/01\/vie-1.webp\" \/>\n\t\t<!-- All in One SEO Pro -->\r\n\t\t<title>Consejos del sabio para el A\u00f1o Nuevo, est\u00e9s donde est\u00e9s<\/title>\n\n","aioseo_head_json":{"title":"Consejos del sabio para el A\u00f1o Nuevo, est\u00e9s donde est\u00e9s","description":"El personaje de esta historia viene de la creaci\u00f3n del escritor Manuel Orantes-\u00c1lvarez y sus reflexiones no tienen fronteras. Averigua c\u00f3mo te puede orientar","canonical_url":"https:\/\/soymigrante.com\/revista\/consejos-metas-ano-nuevo-por-escritor-guatemalteco-migrante-manuel-orantes\/","robots":"max-snippet:-1, max-image-preview:large, max-video-preview:-1","keywords":"","webmasterTools":{"miscellaneous":"&lt;link rel=\"preconnect\" href=\"https:\/\/fonts.googleapis.com\" crossorigin&gt;\n&lt;link rel=\"preconnect\" href=\"https:\/\/fonts.gstatic.com\" crossorigin&gt;"},"schema":null,"og:locale":"es_ES","og:site_name":"SoyMigrante.com REVISTA \u2013 Nuestra misi\u00f3n es reconocer y dignificar al migrante.","og:type":"article","og:title":"Consejos del sabio para el A\u00f1o Nuevo, est\u00e9s donde est\u00e9s","og:description":"El personaje de esta historia viene de la creaci\u00f3n del escritor Manuel Orantes-\u00c1lvarez y sus reflexiones no tienen fronteras. Averigua c\u00f3mo te puede orientar","og:url":"https:\/\/soymigrante.com\/revista\/consejos-metas-ano-nuevo-por-escritor-guatemalteco-migrante-manuel-orantes\/","og:image":"https:\/\/soymigrante.com\/revista\/wp-content\/uploads\/2024\/01\/vie-1.webp","og:image:secure_url":"https:\/\/soymigrante.com\/revista\/wp-content\/uploads\/2024\/01\/vie-1.webp","og:image:width":1605,"og:image:height":892,"article:published_time":"2024-12-31T19:33:55+00:00","article:modified_time":"2024-12-31T19:46:39+00:00","article:publisher":"https:\/\/www.facebook.com\/soymigrantecom","twitter:card":"summary_large_image","twitter:site":"@SoyMigrante_com","twitter:title":"Consejos del sabio para el A\u00f1o Nuevo, est\u00e9s donde est\u00e9s","twitter:description":"El personaje de esta historia viene de la creaci\u00f3n del escritor Manuel Orantes-\u00c1lvarez y sus reflexiones no tienen fronteras. Averigua c\u00f3mo te puede orientar","twitter:creator":"@SoyMigrante_com","twitter:image":"https:\/\/soymigrante.com\/revista\/wp-content\/uploads\/2024\/01\/vie-1.webp"},"aioseo_meta_data":{"post_id":"7893","title":"Regreso a clases en EE.UU: consejos para estudiantes. y padres","description":"Hay que aprender a aprender. Existen muchas herramientas,pero tambi\u00e9n distractores. Algunas claves de experto para gestionar el aprendizaje de ni\u00f1os y j\u00f3venes.","keywords":null,"keyphrases":{"focus":{"keyphrase":"Regreso a clases","score":82,"analysis":{"keyphraseInTitle":{"score":9,"maxScore":9,"error":0},"keyphraseInDescription":{"score":3,"maxScore":9,"error":1},"keyphraseLength":{"score":9,"maxScore":9,"error":0,"length":3},"keyphraseInURL":{"score":5,"maxScore":5,"error":0},"keyphraseInIntroduction":{"score":9,"maxScore":9,"error":0},"keyphraseInSubHeadings":{"score":3,"maxScore":9,"error":1},"keyphraseInImageAlt":{"score":9,"maxScore":9,"error":0},"keywordDensity":{"type":"best","score":9,"maxScore":9,"error":0}}},"additional":[{"keyphrase":"Regreso a clases","score":87,"analysis":{"keyphraseInDescription":{"score":3,"maxScore":9,"error":1},"keyphraseLength":{"score":9,"maxScore":9,"error":0,"length":3},"keyphraseInIntroduction":{"score":9,"maxScore":9,"error":0},"keyphraseInImageAlt":{"score":9,"maxScore":9,"error":0},"keywordDensity":{"type":"best","score":9,"maxScore":9,"error":0}}}]},"primary_term":null,"canonical_url":null,"og_title":null,"og_description":null,"og_object_type":"default","og_image_type":"default","og_image_url":null,"og_image_width":null,"og_image_height":null,"og_image_custom_url":null,"og_image_custom_fields":null,"og_video":"","og_custom_url":null,"og_article_section":null,"og_article_tags":null,"twitter_use_og":false,"twitter_card":"default","twitter_image_type":"default","twitter_image_url":null,"twitter_image_custom_url":null,"twitter_image_custom_fields":null,"twitter_title":null,"twitter_description":null,"schema":{"blockGraphs":[],"customGraphs":[],"default":{"data":{"Article":[],"Course":[],"Dataset":[],"FAQPage":[],"Movie":[],"Person":[],"Product":[],"ProductReview":[],"Car":[],"Recipe":[],"Service":[],"SoftwareApplication":[],"WebPage":[]},"graphName":"Article","isEnabled":true},"graphs":[]},"schema_type":"default","schema_type_options":null,"pillar_content":false,"robots_default":true,"robots_noindex":false,"robots_noarchive":false,"robots_nosnippet":false,"robots_nofollow":false,"robots_noimageindex":false,"robots_noodp":false,"robots_notranslate":false,"robots_max_snippet":"-1","robots_max_videopreview":"-1","robots_max_imagepreview":"large","priority":null,"frequency":"default","local_seo":null,"seo_analyzer_scan_date":"2025-10-08 22:29:13","breadcrumb_settings":null,"limit_modified_date":false,"reviewed_by":null,"open_ai":"{\"title\":{\"suggestions\":[],\"usage\":0},\"description\":{\"suggestions\":[],\"usage\":0}}","ai":null,"created":"2024-08-08 18:01:28","updated":"2026-02-04 12:33:23"},"aioseo_breadcrumb":"<div class=\"aioseo-breadcrumbs\"><span class=\"aioseo-breadcrumb\">\n\t<a href=\"https:\/\/soymigrante.com\/revista\" title=\"Home\">Home<\/a>\n<\/span><span class=\"aioseo-breadcrumb-separator\">\u00bb<\/span><span class=\"aioseo-breadcrumb\">\n\t<a href=\"https:\/\/soymigrante.com\/revista\/category\/bienestar\/\" title=\"Bienestar\">Bienestar<\/a>\n<\/span><span class=\"aioseo-breadcrumb-separator\">\u00bb<\/span><span class=\"aioseo-breadcrumb\">\n\tRegreso a clases en Estados Unidos: consejos para estudiantes \u2026y padres\n<\/span><\/div>","aioseo_breadcrumb_json":[{"label":"Home","link":"https:\/\/soymigrante.com\/revista"},{"label":"Bienestar","link":"https:\/\/soymigrante.com\/revista\/category\/bienestar\/"},{"label":"Regreso a clases en Estados Unidos: consejos para estudiantes &#8230;y padres","link":"https:\/\/soymigrante.com\/revista\/regreso-a-clases-en-estados-unidos-consejos-para-estudiantes\/"}],"_links":{"self":[{"href":"https:\/\/soymigrante.com\/revista\/wp-json\/wp\/v2\/posts\/7893","targetHints":{"allow":["GET"]}}],"collection":[{"href":"https:\/\/soymigrante.com\/revista\/wp-json\/wp\/v2\/posts"}],"about":[{"href":"https:\/\/soymigrante.com\/revista\/wp-json\/wp\/v2\/types\/post"}],"author":[{"embeddable":true,"href":"https:\/\/soymigrante.com\/revista\/wp-json\/wp\/v2\/users\/19"}],"replies":[{"embeddable":true,"href":"https:\/\/soymigrante.com\/revista\/wp-json\/wp\/v2\/comments?post=7893"}],"version-history":[{"count":0,"href":"https:\/\/soymigrante.com\/revista\/wp-json\/wp\/v2\/posts\/7893\/revisions"}],"wp:featuredmedia":[{"embeddable":true,"href":"https:\/\/soymigrante.com\/revista\/wp-json\/wp\/v2\/media\/7894"}],"wp:attachment":[{"href":"https:\/\/soymigrante.com\/revista\/wp-json\/wp\/v2\/media?parent=7893"}],"wp:term":[{"taxonomy":"category","embeddable":true,"href":"https:\/\/soymigrante.com\/revista\/wp-json\/wp\/v2\/categories?post=7893"},{"taxonomy":"post_tag","embeddable":true,"href":"https:\/\/soymigrante.com\/revista\/wp-json\/wp\/v2\/tags?post=7893"}],"curies":[{"name":"wp","href":"https:\/\/api.w.org\/{rel}","templated":true}]}}