{"id":7878,"date":"2024-08-07T17:59:14","date_gmt":"2024-08-07T23:59:14","guid":{"rendered":"https:\/\/soymigrante.com\/revista\/?p=7878"},"modified":"2025-09-15T17:34:34","modified_gmt":"2025-09-15T23:34:34","slug":"indumentaria-maya-de-guatemala-simbolo-nacional-multicultural","status":"publish","type":"post","link":"https:\/\/soymigrante.com\/revista\/indumentaria-maya-de-guatemala-simbolo-nacional-multicultural\/","title":{"rendered":"Indumentaria maya de Guatemala: s\u00edmbolo nacional multicultural"},"content":{"rendered":"\t\t<div data-elementor-type=\"wp-post\" data-elementor-id=\"7878\" class=\"elementor elementor-7878\" data-elementor-post-type=\"post\">\n\t\t\t\t<div data-particle_enable=\"false\" data-particle-mobile-disabled=\"false\" class=\"elementor-element elementor-element-835149e e-flex e-con-boxed e-con e-parent\" data-id=\"835149e\" data-element_type=\"container\" data-e-type=\"container\">\n\t\t\t\t\t<div class=\"e-con-inner\">\n\t\t\t\t<div class=\"elementor-element elementor-element-8cd2f29 elementor-widget elementor-widget-heading\" data-id=\"8cd2f29\" data-element_type=\"widget\" data-e-type=\"widget\" data-widget_type=\"heading.default\">\n\t\t\t\t\t<h2 class=\"elementor-heading-title elementor-size-default\">Las indumentarias de los pueblos mayas de Guatemala tienen variedad de colores y dise\u00f1os ancestrales, que constituyen un variado mosaico que a la vez los convierte en s\u00edmbolo nacional de multiculturalidad y emblema de cada etnia.\n<\/h2>\t\t\t\t<\/div>\n\t\t\t\t\t<\/div>\n\t\t\t\t<\/div>\n\t\t<div data-particle_enable=\"false\" data-particle-mobile-disabled=\"false\" class=\"elementor-element elementor-element-e743fbd e-flex e-con-boxed e-con e-parent\" data-id=\"e743fbd\" data-element_type=\"container\" data-e-type=\"container\">\n\t\t\t\t\t<div class=\"e-con-inner\">\n\t\t\t\t<div class=\"elementor-element elementor-element-f6f7173 elementor-widget elementor-widget-text-editor\" data-id=\"f6f7173\" data-element_type=\"widget\" data-e-type=\"widget\" data-widget_type=\"text-editor.default\">\n\t\t\t\t\t\t\t\t\t<p>Al ver la indumentaria maya nos lleva a pensar en su lugar de origen, que nos identifica dentro y fuera de nuestras fronteras.<\/p><p>La indumentaria maya es sin\u00f3nimo de pertenecer a una etnia, con la que se siente representado, acompa\u00f1ado y parte de un lugar.<\/p><p>Esos lienzos hermosos y coloridos pueden significar muchas cosas, pero para las personas que los portan es un tesoro, no solo es su forma de vestir de diario, es una conexi\u00f3n directa con sus ancestros, con sus ra\u00edces y con sus tradiciones.<\/p>\t\t\t\t\t\t\t\t<\/div>\n\t\t\t\t\t<\/div>\n\t\t\t\t<\/div>\n\t\t<div data-particle_enable=\"false\" data-particle-mobile-disabled=\"false\" class=\"elementor-element elementor-element-b10a858 e-flex e-con-boxed e-con e-parent\" data-id=\"b10a858\" data-element_type=\"container\" data-e-type=\"container\">\n\t\t\t\t\t<div class=\"e-con-inner\">\n\t\t\t\t<div class=\"elementor-element elementor-element-cb31705 elementor-widget elementor-widget-gallery\" data-id=\"cb31705\" data-element_type=\"widget\" data-e-type=\"widget\" data-settings=\"{&quot;gallery_layout&quot;:&quot;masonry&quot;,&quot;columns&quot;:3,&quot;gap&quot;:{&quot;unit&quot;:&quot;px&quot;,&quot;size&quot;:6,&quot;sizes&quot;:[]},&quot;columns_tablet&quot;:2,&quot;columns_mobile&quot;:1,&quot;gap_tablet&quot;:{&quot;unit&quot;:&quot;px&quot;,&quot;size&quot;:10,&quot;sizes&quot;:[]},&quot;gap_mobile&quot;:{&quot;unit&quot;:&quot;px&quot;,&quot;size&quot;:10,&quot;sizes&quot;:[]},&quot;link_to&quot;:&quot;file&quot;,&quot;overlay_background&quot;:&quot;yes&quot;,&quot;content_hover_animation&quot;:&quot;fade-in&quot;}\" data-widget_type=\"gallery.default\">\n\t\t\t\t\t\t\t<div class=\"elementor-gallery__container\">\n\t\t\t\t\t\t\t<a class=\"e-gallery-item elementor-gallery-item elementor-animated-content\" href=\"https:\/\/soymigrante.com\/revista\/wp-content\/uploads\/2024\/08\/Santa-Eulalia-Huehuetenango--scaled.webp\" data-elementor-open-lightbox=\"yes\" data-elementor-lightbox-slideshow=\"cb31705\" data-elementor-lightbox-title=\"Indumentaria Maya del hombre y de la mujer q&#039;anjob&#039;al de Santa Eulalia Huehuetenango\" data-elementor-lightbox-description=\"Indumentaria Maya del hombre y de la mujer q&#039;anjob&#039;al de Santa Eulalia Huehuetenango\" data-e-action-hash=\"#elementor-action%3Aaction%3Dlightbox%26settings%3DeyJpZCI6Nzg4NSwidXJsIjoiaHR0cHM6XC9cL3NveW1pZ3JhbnRlLmNvbVwvcmV2aXN0YVwvd3AtY29udGVudFwvdXBsb2Fkc1wvMjAyNFwvMDhcL1NhbnRhLUV1bGFsaWEtSHVlaHVldGVuYW5nby0tc2NhbGVkLndlYnAiLCJzbGlkZXNob3ciOiJjYjMxNzA1In0%3D\">\n\t\t\t\t\t<div class=\"e-gallery-image elementor-gallery-item__image\" data-thumbnail=\"https:\/\/soymigrante.com\/revista\/wp-content\/uploads\/2024\/08\/Santa-Eulalia-Huehuetenango--1024x731.webp\" data-width=\"1024\" data-height=\"731\" aria-label=\"Indumentaria Maya del hombre y de la mujer q&#039;anjob&#039;al de Santa Eulalia Huehuetenango\" role=\"img\" ><\/div>\n\t\t\t\t\t\t\t\t\t\t\t<div class=\"elementor-gallery-item__overlay\"><\/div>\n\t\t\t\t\t\t\t\t\t\t\t\t\t\t<\/a>\n\t\t\t\t\t\t\t<a class=\"e-gallery-item elementor-gallery-item elementor-animated-content\" href=\"https:\/\/soymigrante.com\/revista\/wp-content\/uploads\/2024\/08\/San-Pedro-Necta-Huehuetenango--scaled.webp\" data-elementor-open-lightbox=\"yes\" data-elementor-lightbox-slideshow=\"cb31705\" data-elementor-lightbox-title=\"Indumentaria Maya de mujer de San Pedro Necta Huehuetenango\" data-elementor-lightbox-description=\"Indumentaria Maya de mujer de San Pedro Necta Huehuetenango\" data-e-action-hash=\"#elementor-action%3Aaction%3Dlightbox%26settings%3DeyJpZCI6Nzg4NCwidXJsIjoiaHR0cHM6XC9cL3NveW1pZ3JhbnRlLmNvbVwvcmV2aXN0YVwvd3AtY29udGVudFwvdXBsb2Fkc1wvMjAyNFwvMDhcL1Nhbi1QZWRyby1OZWN0YS1IdWVodWV0ZW5hbmdvLS1zY2FsZWQud2VicCIsInNsaWRlc2hvdyI6ImNiMzE3MDUifQ%3D%3D\">\n\t\t\t\t\t<div class=\"e-gallery-image elementor-gallery-item__image\" data-thumbnail=\"https:\/\/soymigrante.com\/revista\/wp-content\/uploads\/2024\/08\/San-Pedro-Necta-Huehuetenango--681x1024.webp\" data-width=\"681\" data-height=\"1024\" aria-label=\"Indumentaria Maya de mujer de San Pedro Necta Huehuetenango\" role=\"img\" ><\/div>\n\t\t\t\t\t\t\t\t\t\t\t<div class=\"elementor-gallery-item__overlay\"><\/div>\n\t\t\t\t\t\t\t\t\t\t\t\t\t\t<\/a>\n\t\t\t\t\t\t\t<a class=\"e-gallery-item elementor-gallery-item elementor-animated-content\" href=\"https:\/\/soymigrante.com\/revista\/wp-content\/uploads\/2024\/08\/AguacatanHuehuetenango--scaled.webp\" data-elementor-open-lightbox=\"yes\" data-elementor-lightbox-slideshow=\"cb31705\" data-elementor-lightbox-title=\"Indumentaria de mujer de Aguacatan Huehuetenango\" data-elementor-lightbox-description=\"Indumentaria de mujer de Aguacatan Huehuetenango\" data-e-action-hash=\"#elementor-action%3Aaction%3Dlightbox%26settings%3DeyJpZCI6Nzg4MCwidXJsIjoiaHR0cHM6XC9cL3NveW1pZ3JhbnRlLmNvbVwvcmV2aXN0YVwvd3AtY29udGVudFwvdXBsb2Fkc1wvMjAyNFwvMDhcL0FndWFjYXRhbkh1ZWh1ZXRlbmFuZ28tLXNjYWxlZC53ZWJwIiwic2xpZGVzaG93IjoiY2IzMTcwNSJ9\">\n\t\t\t\t\t<div class=\"e-gallery-image elementor-gallery-item__image\" data-thumbnail=\"https:\/\/soymigrante.com\/revista\/wp-content\/uploads\/2024\/08\/AguacatanHuehuetenango--681x1024.webp\" data-width=\"681\" data-height=\"1024\" aria-label=\"Indumentaria de mujer de Aguacatan Huehuetenango\" role=\"img\" ><\/div>\n\t\t\t\t\t\t\t\t\t\t\t<div class=\"elementor-gallery-item__overlay\"><\/div>\n\t\t\t\t\t\t\t\t\t\t\t\t\t\t<\/a>\n\t\t\t\t\t\t\t<a class=\"e-gallery-item elementor-gallery-item elementor-animated-content\" href=\"https:\/\/soymigrante.com\/revista\/wp-content\/uploads\/2024\/08\/Nebaj-Quiche-scaled.webp\" data-elementor-open-lightbox=\"yes\" data-elementor-lightbox-slideshow=\"cb31705\" data-elementor-lightbox-title=\"Idumentaria de Mujer maya Nebaj Quiche en traje tradicional guatemalteco con vasija de barro, promoviendo cultura latinoamericana en la revista SoyMigrante.com.\" data-elementor-lightbox-description=\"Idumentaria de Mujer maya Nebaj Quiche en traje tradicional guatemalteco con vasija de barro, promoviendo cultura latinoamericana en la revista SoyMigrante.com.\" data-e-action-hash=\"#elementor-action%3Aaction%3Dlightbox%26settings%3DeyJpZCI6Nzg4MSwidXJsIjoiaHR0cHM6XC9cL3NveW1pZ3JhbnRlLmNvbVwvcmV2aXN0YVwvd3AtY29udGVudFwvdXBsb2Fkc1wvMjAyNFwvMDhcL05lYmFqLVF1aWNoZS1zY2FsZWQud2VicCIsInNsaWRlc2hvdyI6ImNiMzE3MDUifQ%3D%3D\">\n\t\t\t\t\t<div class=\"e-gallery-image elementor-gallery-item__image\" data-thumbnail=\"https:\/\/soymigrante.com\/revista\/wp-content\/uploads\/2024\/08\/Nebaj-Quiche-684x1024.webp\" data-width=\"684\" data-height=\"1024\" aria-label=\"Idumentaria de Mujer maya Nebaj Quiche en traje tradicional guatemalteco con vasija de barro, promoviendo cultura latinoamericana en la revista SoyMigrante.com.\" role=\"img\" ><\/div>\n\t\t\t\t\t\t\t\t\t\t\t<div class=\"elementor-gallery-item__overlay\"><\/div>\n\t\t\t\t\t\t\t\t\t\t\t\t\t\t<\/a>\n\t\t\t\t\t\t\t<a class=\"e-gallery-item elementor-gallery-item elementor-animated-content\" href=\"https:\/\/soymigrante.com\/revista\/wp-content\/uploads\/2024\/08\/San-Miguel-Acatan-Huehuetenango--scaled.webp\" data-elementor-open-lightbox=\"yes\" data-elementor-lightbox-slideshow=\"cb31705\" data-elementor-lightbox-title=\"Indumentaria maya de mujer de San Miguel Acata\u0301n Huehuetenango\" data-elementor-lightbox-description=\"Indumentaria maya de mujer de San Miguel Acata\u0301n Huehuetenango\" data-e-action-hash=\"#elementor-action%3Aaction%3Dlightbox%26settings%3DeyJpZCI6Nzg4MywidXJsIjoiaHR0cHM6XC9cL3NveW1pZ3JhbnRlLmNvbVwvcmV2aXN0YVwvd3AtY29udGVudFwvdXBsb2Fkc1wvMjAyNFwvMDhcL1Nhbi1NaWd1ZWwtQWNhdGFuLUh1ZWh1ZXRlbmFuZ28tLXNjYWxlZC53ZWJwIiwic2xpZGVzaG93IjoiY2IzMTcwNSJ9\">\n\t\t\t\t\t<div class=\"e-gallery-image elementor-gallery-item__image\" data-thumbnail=\"https:\/\/soymigrante.com\/revista\/wp-content\/uploads\/2024\/08\/San-Miguel-Acatan-Huehuetenango--683x1024.webp\" data-width=\"683\" data-height=\"1024\" aria-label=\"Indumentaria maya de mujer de San Miguel Acata\u0301n Huehuetenango\" role=\"img\" ><\/div>\n\t\t\t\t\t\t\t\t\t\t\t<div class=\"elementor-gallery-item__overlay\"><\/div>\n\t\t\t\t\t\t\t\t\t\t\t\t\t\t<\/a>\n\t\t\t\t\t\t\t<a class=\"e-gallery-item elementor-gallery-item elementor-animated-content\" href=\"https:\/\/soymigrante.com\/revista\/wp-content\/uploads\/2024\/08\/Todos-Santos-Cuchumatanes-Huehuetenango--scaled.webp\" data-elementor-open-lightbox=\"yes\" data-elementor-lightbox-slideshow=\"cb31705\" data-elementor-lightbox-title=\"Mujer maya mam con su indumentaria de Todos Santos Cuchumatanes Huehuetenango\" data-elementor-lightbox-description=\"Mujer maya mam con su indumentaria de Todos Santos Cuchumatanes Huehuetenango\" data-e-action-hash=\"#elementor-action%3Aaction%3Dlightbox%26settings%3DeyJpZCI6Nzg4OCwidXJsIjoiaHR0cHM6XC9cL3NveW1pZ3JhbnRlLmNvbVwvcmV2aXN0YVwvd3AtY29udGVudFwvdXBsb2Fkc1wvMjAyNFwvMDhcL1RvZG9zLVNhbnRvcy1DdWNodW1hdGFuZXMtSHVlaHVldGVuYW5nby0tc2NhbGVkLndlYnAiLCJzbGlkZXNob3ciOiJjYjMxNzA1In0%3D\">\n\t\t\t\t\t<div class=\"e-gallery-image elementor-gallery-item__image\" data-thumbnail=\"https:\/\/soymigrante.com\/revista\/wp-content\/uploads\/2024\/08\/Todos-Santos-Cuchumatanes-Huehuetenango--1024x681.webp\" data-width=\"1024\" data-height=\"681\" aria-label=\"Mujer maya mam con su indumentaria de Todos Santos Cuchumatanes Huehuetenango\" role=\"img\" ><\/div>\n\t\t\t\t\t\t\t\t\t\t\t<div class=\"elementor-gallery-item__overlay\"><\/div>\n\t\t\t\t\t\t\t\t\t\t\t\t\t\t<\/a>\n\t\t\t\t\t\t\t<a class=\"e-gallery-item elementor-gallery-item elementor-animated-content\" href=\"https:\/\/soymigrante.com\/revista\/wp-content\/uploads\/2024\/08\/Santiago-Atitlan--scaled.webp\" data-elementor-open-lightbox=\"yes\" data-elementor-lightbox-slideshow=\"cb31705\" data-elementor-lightbox-title=\"Mujer maya con su indumentaria de Santiago Atitlan\" data-elementor-lightbox-description=\"Mujer maya con su indumentaria de Santiago Atitlan\" data-e-action-hash=\"#elementor-action%3Aaction%3Dlightbox%26settings%3DeyJpZCI6Nzg4NywidXJsIjoiaHR0cHM6XC9cL3NveW1pZ3JhbnRlLmNvbVwvcmV2aXN0YVwvd3AtY29udGVudFwvdXBsb2Fkc1wvMjAyNFwvMDhcL1NhbnRpYWdvLUF0aXRsYW4tLXNjYWxlZC53ZWJwIiwic2xpZGVzaG93IjoiY2IzMTcwNSJ9\">\n\t\t\t\t\t<div class=\"e-gallery-image elementor-gallery-item__image\" data-thumbnail=\"https:\/\/soymigrante.com\/revista\/wp-content\/uploads\/2024\/08\/Santiago-Atitlan--684x1024.webp\" data-width=\"684\" data-height=\"1024\" aria-label=\"Mujer maya con su indumentaria de Santiago Atitlan\" role=\"img\" ><\/div>\n\t\t\t\t\t\t\t\t\t\t\t<div class=\"elementor-gallery-item__overlay\"><\/div>\n\t\t\t\t\t\t\t\t\t\t\t\t\t\t<\/a>\n\t\t\t\t\t\t\t<a class=\"e-gallery-item elementor-gallery-item elementor-animated-content\" href=\"https:\/\/soymigrante.com\/revista\/wp-content\/uploads\/2024\/08\/San-Mateo-Ixtatan-Huehuetenango-scaled.webp\" data-elementor-open-lightbox=\"yes\" data-elementor-lightbox-slideshow=\"cb31705\" data-elementor-lightbox-title=\"Ni\u00f1os con indumentaria maya de San Mateo Ixtata\u0301n Huehuetenango\" data-elementor-lightbox-description=\"Ni\u00f1os con indumentaria maya de San Mateo Ixtata\u0301n Huehuetenango\" data-e-action-hash=\"#elementor-action%3Aaction%3Dlightbox%26settings%3DeyJpZCI6Nzg4MiwidXJsIjoiaHR0cHM6XC9cL3NveW1pZ3JhbnRlLmNvbVwvcmV2aXN0YVwvd3AtY29udGVudFwvdXBsb2Fkc1wvMjAyNFwvMDhcL1Nhbi1NYXRlby1JeHRhdGFuLUh1ZWh1ZXRlbmFuZ28tc2NhbGVkLndlYnAiLCJzbGlkZXNob3ciOiJjYjMxNzA1In0%3D\">\n\t\t\t\t\t<div class=\"e-gallery-image elementor-gallery-item__image\" data-thumbnail=\"https:\/\/soymigrante.com\/revista\/wp-content\/uploads\/2024\/08\/San-Mateo-Ixtatan-Huehuetenango-684x1024.webp\" data-width=\"684\" data-height=\"1024\" aria-label=\"Ni\u00f1os con indumentaria maya de San Mateo Ixtata\u0301n Huehuetenango\" role=\"img\" ><\/div>\n\t\t\t\t\t\t\t\t\t\t\t<div class=\"elementor-gallery-item__overlay\"><\/div>\n\t\t\t\t\t\t\t\t\t\t\t\t\t\t<\/a>\n\t\t\t\t\t\t\t<a class=\"e-gallery-item elementor-gallery-item elementor-animated-content\" href=\"https:\/\/soymigrante.com\/revista\/wp-content\/uploads\/2024\/08\/Santa-Eulalia-1-scaled.webp\" data-elementor-open-lightbox=\"yes\" data-elementor-lightbox-slideshow=\"cb31705\" data-elementor-lightbox-title=\"Mujer maya q&#039;anjob&#039;al con su idumentaria maya\" data-elementor-lightbox-description=\"Mujer maya q&#039;anjob&#039;al con su idumentaria maya \" data-e-action-hash=\"#elementor-action%3Aaction%3Dlightbox%26settings%3DeyJpZCI6Nzg4NiwidXJsIjoiaHR0cHM6XC9cL3NveW1pZ3JhbnRlLmNvbVwvcmV2aXN0YVwvd3AtY29udGVudFwvdXBsb2Fkc1wvMjAyNFwvMDhcL1NhbnRhLUV1bGFsaWEtMS1zY2FsZWQud2VicCIsInNsaWRlc2hvdyI6ImNiMzE3MDUifQ%3D%3D\">\n\t\t\t\t\t<div class=\"e-gallery-image elementor-gallery-item__image\" data-thumbnail=\"https:\/\/soymigrante.com\/revista\/wp-content\/uploads\/2024\/08\/Santa-Eulalia-1-1024x731.webp\" data-width=\"1024\" data-height=\"731\" aria-label=\"Mujer maya q&#039;anjob&#039;al con su idumentaria maya\" role=\"img\" ><\/div>\n\t\t\t\t\t\t\t\t\t\t\t<div class=\"elementor-gallery-item__overlay\"><\/div>\n\t\t\t\t\t\t\t\t\t\t\t\t\t\t<\/a>\n\t\t\t\t\t<\/div>\n\t\t\t\t\t<\/div>\n\t\t\t\t\t<\/div>\n\t\t\t\t<\/div>\n\t\t<div data-particle_enable=\"false\" data-particle-mobile-disabled=\"false\" class=\"elementor-element elementor-element-965a690 e-flex e-con-boxed e-con e-parent\" data-id=\"965a690\" data-element_type=\"container\" data-e-type=\"container\">\n\t\t\t\t\t<div class=\"e-con-inner\">\n\t\t\t\t<div class=\"elementor-element elementor-element-5538746 elementor-widget elementor-widget-text-editor\" data-id=\"5538746\" data-element_type=\"widget\" data-e-type=\"widget\" data-widget_type=\"text-editor.default\">\n\t\t\t\t\t\t\t\t\t<p>Cada traje lleva impregnado una parte del ser, cada regi\u00f3n ind\u00edgena de Guatemala tiene su propia indumentaria maya, que se caracteriza por sus colores y formas de tejido, la manera de su realizaci\u00f3n es milenaria y \u00fanica, es una obra de arte de inicio a fin.<\/p><p>Estudiar el significado de cada g\u00fcipil llevar\u00eda horas, son libros que llevan historia y que ni el tiempo ni las guerras los han podido arrebatar.<\/p><p>Con el paso de los a\u00f1os, muchas personas han dejado de portar sus indumentarias.<\/p><p>En muchos pa\u00edses de Am\u00e9rica Latina el rescate de las indumentarias nativas es una verdadera lucha, lucha que las mujeres han fomentado m\u00e1s.<\/p>\t\t\t\t\t\t\t\t<\/div>\n\t\t\t\t\t<\/div>\n\t\t\t\t<\/div>\n\t\t<div data-particle_enable=\"false\" data-particle-mobile-disabled=\"false\" class=\"elementor-element elementor-element-0dedb68 e-flex e-con-boxed e-con e-parent\" data-id=\"0dedb68\" data-element_type=\"container\" data-e-type=\"container\">\n\t\t\t\t\t<div class=\"e-con-inner\">\n\t\t\t\t<div class=\"elementor-element elementor-element-5723413 elementor-widget elementor-widget-video\" data-id=\"5723413\" data-element_type=\"widget\" data-e-type=\"widget\" data-settings=\"{&quot;youtube_url&quot;:&quot;https:\\\/\\\/www.youtube.com\\\/watch?v=-zFrht6EGNA&quot;,&quot;video_type&quot;:&quot;youtube&quot;,&quot;controls&quot;:&quot;yes&quot;}\" data-widget_type=\"video.default\">\n\t\t\t\t\t\t\t<div class=\"elementor-wrapper elementor-open-inline\">\n\t\t\t<div class=\"elementor-video\"><\/div>\t\t<\/div>\n\t\t\t\t\t\t<\/div>\n\t\t\t\t\t<\/div>\n\t\t\t\t<\/div>\n\t\t<div data-particle_enable=\"false\" data-particle-mobile-disabled=\"false\" class=\"elementor-element elementor-element-625b754 e-flex e-con-boxed e-con e-parent\" data-id=\"625b754\" data-element_type=\"container\" data-e-type=\"container\">\n\t\t\t\t\t<div class=\"e-con-inner\">\n\t\t\t\t<div class=\"elementor-element elementor-element-fce5679 elementor-widget elementor-widget-heading\" data-id=\"fce5679\" data-element_type=\"widget\" data-e-type=\"widget\" data-widget_type=\"heading.default\">\n\t\t\t\t\t<h3 class=\"elementor-heading-title elementor-size-default\">Indumentarias mayas ganan fuerza entre migrantes en  Estados Unidos<\/h3>\t\t\t\t<\/div>\n\t\t\t\t\t<\/div>\n\t\t\t\t<\/div>\n\t\t<div data-particle_enable=\"false\" data-particle-mobile-disabled=\"false\" class=\"elementor-element elementor-element-da8a688 e-flex e-con-boxed e-con e-parent\" data-id=\"da8a688\" data-element_type=\"container\" data-e-type=\"container\">\n\t\t\t\t\t<div class=\"e-con-inner\">\n\t\t\t\t<div class=\"elementor-element elementor-element-7dea1eb elementor-widget elementor-widget-text-editor\" data-id=\"7dea1eb\" data-element_type=\"widget\" data-e-type=\"widget\" data-widget_type=\"text-editor.default\">\n\t\t\t\t\t\t\t\t\t<p>Aunque estos son originarios de Guatemala, en Estados Unidos la comunidad migrante, tambi\u00e9n se ha encargado de vender estos hermosos tejidos, estas son las tiendas donde se encuentran: <\/p>\t\t\t\t\t\t\t\t<\/div>\n\t\t\t\t\t<\/div>\n\t\t\t\t<\/div>\n\t\t<div data-particle_enable=\"false\" data-particle-mobile-disabled=\"false\" class=\"elementor-element elementor-element-88a56d2 e-flex e-con-boxed e-con e-parent\" data-id=\"88a56d2\" data-element_type=\"container\" data-e-type=\"container\">\n\t\t\t\t\t<div class=\"e-con-inner\">\n\t\t\t\t<div class=\"elementor-element elementor-element-d4bba59 elementor-grid-eael-col-3 elementor-grid-tablet-eael-col-2 elementor-grid-mobile-eael-col-1 elementor-widget elementor-widget-eael-post-grid\" data-id=\"d4bba59\" data-element_type=\"widget\" data-e-type=\"widget\" data-settings=\"{&quot;eael_post_grid_columns&quot;:&quot;eael-col-3&quot;,&quot;eael_post_grid_columns_tablet&quot;:&quot;eael-col-2&quot;,&quot;eael_post_grid_columns_mobile&quot;:&quot;eael-col-1&quot;}\" data-widget_type=\"eael-post-grid.default\">\n\t\t\t\t\t<div id=\"eael-post-grid-d4bba59\" class=\"eael-post-grid-container\">\n            <div class=\"eael-post-grid eael-post-appender eael-post-appender-d4bba59 eael-post-grid-style-one\" data-layout-mode=\"masonry\"><article class=\"eael-grid-post  eael-post-grid-column eael-pg-post-6685 category-guate-nuestra\" data-id=\"6685\">\n        <div class=\"eael-grid-post-holder\">\n            <div class=\"eael-grid-post-holder-inner\"><div class=\"eael-entry-media\"><div class=\"eael-entry-overlay fade-in\"><i class=\"far fa-hand-pointer\" aria-hidden=\"true\"><\/i><a href=\"https:\/\/soymigrante.com\/revista\/identidad-tejida-y-exportada-trajes-tipicos-de-guatemala-migran-a-ee-uu\/\"><\/a><\/div><div class=\"eael-entry-thumbnail \">\n                <img fetchpriority=\"high\" decoding=\"async\" width=\"872\" height=\"805\" src=\"https:\/\/soymigrante.com\/revista\/wp-content\/uploads\/2024\/05\/Captura-de-pantalla-2024-05-30-164431.webp\" class=\"attachment-large size-large wp-image-6757\" alt=\"Coloridas prendas con bordados tradicionales y dise\u00f1os de flora y fauna, ideales para promover la cultura mexicana, el arte textil y la moda \u00e9tnica, en una exhibici\u00f3n de textiles artesanales.\" srcset=\"https:\/\/soymigrante.com\/revista\/wp-content\/uploads\/2024\/05\/Captura-de-pantalla-2024-05-30-164431.webp 872w, https:\/\/soymigrante.com\/revista\/wp-content\/uploads\/2024\/05\/Captura-de-pantalla-2024-05-30-164431-300x277.webp 300w, https:\/\/soymigrante.com\/revista\/wp-content\/uploads\/2024\/05\/Captura-de-pantalla-2024-05-30-164431-768x709.webp 768w, https:\/\/soymigrante.com\/revista\/wp-content\/uploads\/2024\/05\/Captura-de-pantalla-2024-05-30-164431-750x692.webp 750w\" sizes=\"(max-width: 872px) 100vw, 872px\" \/>\n            <\/div>\n        <\/div><div class=\"eael-entry-wrapper\"><header class=\"eael-entry-header\"><h2 class=\"eael-entry-title\"><a class=\"eael-grid-post-link\" href=\"https:\/\/soymigrante.com\/revista\/identidad-tejida-y-exportada-trajes-tipicos-de-guatemala-migran-a-ee-uu\/\" title=\"Identidad tejida y exportada: trajes t\u00edpicos de Guatemala migran a EE.UU.\">Identidad tejida y exportada: trajes t\u00edpicos de Guatemala migran a EE.UU.<\/a><\/h2><\/header><div class=\"eael-entry-content\">\n                        <div class=\"eael-grid-post-excerpt\"><a href=\"https:\/\/soymigrante.com\/revista\/identidad-tejida-y-exportada-trajes-tipicos-de-guatemala-migran-a-ee-uu\/\" class=\"eael-post-elements-readmore-btn\">CONOCE SU HISTORIA <\/a><\/div>\n                    <\/div><\/div><\/div>\n        <\/div>\n    <\/article><article class=\"eael-grid-post  eael-post-grid-column eael-pg-post-4556 category-guate-nuestra\" data-id=\"4556\">\n        <div class=\"eael-grid-post-holder\">\n            <div class=\"eael-grid-post-holder-inner\"><div class=\"eael-entry-media\"><div class=\"eael-entry-overlay fade-in\"><i class=\"far fa-hand-pointer\" aria-hidden=\"true\"><\/i><a href=\"https:\/\/soymigrante.com\/revista\/disenadora-maya-trasciende-entre-raices-y-fronteras\/\"><\/a><\/div><div class=\"eael-entry-thumbnail \">\n                <img decoding=\"async\" width=\"900\" height=\"1000\" src=\"https:\/\/soymigrante.com\/revista\/wp-content\/uploads\/2024\/01\/Rosario-es-originaria-de-Zunil-Quetzaltenango-.webp\" class=\"attachment-large size-large wp-image-4502\" alt=\"Mar\u00eda Rosario Hern\u00e1ndez Ponce es originaria de Zunil Quetzaltenango, Guatemala. Desde los 15 a\u00f1os se ha dedicado a confeccionar prendas propias y ahora se ha convertido en dise\u00f1adora de prendas con tejidos de la indumentaria maya. Es estudiante de Trabajo Social en la universidad de su pa\u00eds.\" srcset=\"https:\/\/soymigrante.com\/revista\/wp-content\/uploads\/2024\/01\/Rosario-es-originaria-de-Zunil-Quetzaltenango-.webp 900w, https:\/\/soymigrante.com\/revista\/wp-content\/uploads\/2024\/01\/Rosario-es-originaria-de-Zunil-Quetzaltenango--270x300.webp 270w, https:\/\/soymigrante.com\/revista\/wp-content\/uploads\/2024\/01\/Rosario-es-originaria-de-Zunil-Quetzaltenango--768x853.webp 768w, https:\/\/soymigrante.com\/revista\/wp-content\/uploads\/2024\/01\/Rosario-es-originaria-de-Zunil-Quetzaltenango--750x833.webp 750w\" sizes=\"(max-width: 900px) 100vw, 900px\" \/>\n            <\/div>\n        <\/div><div class=\"eael-entry-wrapper\"><header class=\"eael-entry-header\"><h2 class=\"eael-entry-title\"><a class=\"eael-grid-post-link\" href=\"https:\/\/soymigrante.com\/revista\/disenadora-maya-trasciende-entre-raices-y-fronteras\/\" title=\"Dise\u00f1adora maya k&#8217;iche&#8217; trasciende barreras, fronteras, modas y ra\u00edces\">Dise\u00f1adora maya k&#8217;iche&#8217; trasciende barreras, fronteras, modas y ra\u00edces<\/a><\/h2><\/header><div class=\"eael-entry-content\">\n                        <div class=\"eael-grid-post-excerpt\"><a href=\"https:\/\/soymigrante.com\/revista\/disenadora-maya-trasciende-entre-raices-y-fronteras\/\" class=\"eael-post-elements-readmore-btn\">CONOCE SU HISTORIA <\/a><\/div>\n                    <\/div><\/div><\/div>\n        <\/div>\n    <\/article><article class=\"eael-grid-post  eael-post-grid-column eael-pg-post-1862 category-guate-nuestra\" data-id=\"1862\">\n        <div class=\"eael-grid-post-holder\">\n            <div class=\"eael-grid-post-holder-inner\"><div class=\"eael-entry-media\"><div class=\"eael-entry-overlay fade-in\"><i class=\"far fa-hand-pointer\" aria-hidden=\"true\"><\/i><a href=\"https:\/\/soymigrante.com\/revista\/rigoberto-estafa-coyote-exito-tejidos\/\"><\/a><\/div><div class=\"eael-entry-thumbnail \">\n                <img decoding=\"async\" width=\"1024\" height=\"682\" src=\"https:\/\/soymigrante.com\/revista\/wp-content\/uploads\/2023\/07\/Rigoberto-n-su-taller-de-textil-1-1024x682.webp\" class=\"attachment-large size-large wp-image-1904\" alt=\"\" srcset=\"https:\/\/soymigrante.com\/revista\/wp-content\/uploads\/2023\/07\/Rigoberto-n-su-taller-de-textil-1-1024x682.webp 1024w, https:\/\/soymigrante.com\/revista\/wp-content\/uploads\/2023\/07\/Rigoberto-n-su-taller-de-textil-1-300x200.webp 300w, https:\/\/soymigrante.com\/revista\/wp-content\/uploads\/2023\/07\/Rigoberto-n-su-taller-de-textil-1-768x512.webp 768w, https:\/\/soymigrante.com\/revista\/wp-content\/uploads\/2023\/07\/Rigoberto-n-su-taller-de-textil-1-750x500.webp 750w, https:\/\/soymigrante.com\/revista\/wp-content\/uploads\/2023\/07\/Rigoberto-n-su-taller-de-textil-1-1140x760.webp 1140w, https:\/\/soymigrante.com\/revista\/wp-content\/uploads\/2023\/07\/Rigoberto-n-su-taller-de-textil-1-600x400.webp 600w, https:\/\/soymigrante.com\/revista\/wp-content\/uploads\/2023\/07\/Rigoberto-n-su-taller-de-textil-1.webp 1280w\" sizes=\"(max-width: 1024px) 100vw, 1024px\" \/>\n            <\/div>\n        <\/div><div class=\"eael-entry-wrapper\"><header class=\"eael-entry-header\"><h2 class=\"eael-entry-title\"><a class=\"eael-grid-post-link\" href=\"https:\/\/soymigrante.com\/revista\/rigoberto-estafa-coyote-exito-tejidos\/\" title=\"Rigoberto: De estafa migratoria a \u00e9xito en tejidos\">Rigoberto: De estafa migratoria a \u00e9xito en tejidos<\/a><\/h2><\/header><div class=\"eael-entry-content\">\n                        <div class=\"eael-grid-post-excerpt\"><a href=\"https:\/\/soymigrante.com\/revista\/rigoberto-estafa-coyote-exito-tejidos\/\" class=\"eael-post-elements-readmore-btn\">CONOCE SU HISTORIA <\/a><\/div>\n                    <\/div><\/div><\/div>\n        <\/div>\n    <\/article><\/div>\n            <div class=\"clearfix\"><\/div>\n        <\/div>\t\t\t\t<\/div>\n\t\t\t\t\t<\/div>\n\t\t\t\t<\/div>\n\t\t<div data-particle_enable=\"false\" data-particle-mobile-disabled=\"false\" class=\"elementor-element elementor-element-4f7035d e-flex e-con-boxed e-con e-parent\" data-id=\"4f7035d\" data-element_type=\"container\" data-e-type=\"container\">\n\t\t\t\t\t<div class=\"e-con-inner\">\n\t\t\t\t<div class=\"elementor-element elementor-element-3a3d281 elementor-widget elementor-widget-text-editor\" data-id=\"3a3d281\" data-element_type=\"widget\" data-e-type=\"widget\" data-widget_type=\"text-editor.default\">\n\t\t\t\t\t\t\t\t\t<p><strong>Artesania Guatemaya<\/strong><\/p><p>Esta tienda vender los tejidos tradicionales, se encuentra en 1156 23rd St, Richmond, California 94804, United States, pero no solo se dedica a eso, si no tambi\u00e9n a comercializar productos guatemaltecos, la tienda fue fundada por una familia migrante que buscando una mejor vida, se fue de Guatemala. <\/p>\t\t\t\t\t\t\t\t<\/div>\n\t\t\t\t\t<\/div>\n\t\t\t\t<\/div>\n\t\t<div data-particle_enable=\"false\" data-particle-mobile-disabled=\"false\" class=\"elementor-element elementor-element-e84928b e-flex e-con-boxed e-con e-parent\" data-id=\"e84928b\" data-element_type=\"container\" data-e-type=\"container\">\n\t\t\t\t\t<div class=\"e-con-inner\">\n\t\t\t\t<div class=\"elementor-element elementor-element-6df2e63 elementor-widget elementor-widget-google_maps\" data-id=\"6df2e63\" data-element_type=\"widget\" data-e-type=\"widget\" data-widget_type=\"google_maps.default\">\n\t\t\t\t\t\t\t<div class=\"elementor-custom-embed\">\n\t\t\t<iframe loading=\"lazy\"\n\t\t\t\t\tsrc=\"https:\/\/maps.google.com\/maps?q=1156%2023rd%20St%2C%20Richmond%2C%20CA%2094804%2C%20United%20States&#038;t=m&#038;z=10&#038;output=embed&#038;iwloc=near\"\n\t\t\t\t\ttitle=\"1156 23rd St, Richmond, CA 94804, United States\"\n\t\t\t\t\taria-label=\"1156 23rd St, Richmond, CA 94804, United States\"\n\t\t\t><\/iframe>\n\t\t<\/div>\n\t\t\t\t\t\t<\/div>\n\t\t\t\t\t<\/div>\n\t\t\t\t<\/div>\n\t\t<div data-particle_enable=\"false\" data-particle-mobile-disabled=\"false\" class=\"elementor-element elementor-element-5af8525 e-flex e-con-boxed e-con e-parent\" data-id=\"5af8525\" data-element_type=\"container\" data-e-type=\"container\">\n\t\t\t\t\t<div class=\"e-con-inner\">\n\t\t\t\t<div class=\"elementor-element elementor-element-908a61e elementor-widget elementor-widget-text-editor\" data-id=\"908a61e\" data-element_type=\"widget\" data-e-type=\"widget\" data-widget_type=\"text-editor.default\">\n\t\t\t\t\t\t\t\t\t<p><strong>Variedades t\u00edpicos Juanita<\/strong><\/p><p>Esta es otra tienda que se encarga de comercializar indumentaria maya, su fundadora es una guatemalteca que se ha encargado de dar a conocer estos tejidos y prendas. Se encuentra en 1710 86th St, Brooklyn, Nueva York 11214, United States. <\/p>\t\t\t\t\t\t\t\t<\/div>\n\t\t\t\t\t<\/div>\n\t\t\t\t<\/div>\n\t\t<div data-particle_enable=\"false\" data-particle-mobile-disabled=\"false\" class=\"elementor-element elementor-element-224ab6f e-flex e-con-boxed e-con e-parent\" data-id=\"224ab6f\" data-element_type=\"container\" data-e-type=\"container\">\n\t\t\t\t\t<div class=\"e-con-inner\">\n\t\t\t\t<div class=\"elementor-element elementor-element-14425a2 elementor-widget elementor-widget-facebook-embed\" data-id=\"14425a2\" data-element_type=\"widget\" data-e-type=\"widget\" data-widget_type=\"facebook-embed.default\">\n\t\t\t\t\t<div style=\"min-height: 1px\" class=\"elementor-facebook-widget fb-post\" data-href=\"https:\/\/www.facebook.com\/photo\/?fbid=498262436049372&#038;set=pb.100075968592625.-2207520000\" data-show-text=\"false\"><\/div>\t\t\t\t<\/div>\n\t\t\t\t\t<\/div>\n\t\t\t\t<\/div>\n\t\t<div data-particle_enable=\"false\" data-particle-mobile-disabled=\"false\" class=\"elementor-element elementor-element-acf76cc e-flex e-con-boxed e-con e-parent\" data-id=\"acf76cc\" data-element_type=\"container\" data-e-type=\"container\">\n\t\t\t\t\t<div class=\"e-con-inner\">\n\t\t\t\t<div class=\"elementor-element elementor-element-b21a611 elementor-widget elementor-widget-text-editor\" data-id=\"b21a611\" data-element_type=\"widget\" data-e-type=\"widget\" data-widget_type=\"text-editor.default\">\n\t\t\t\t\t\t\t\t\t<p><strong>Ropa t\u00edpica de Guatemala<\/strong><\/p><p>Es una tienda que se especializa en ropa de Guatemala, tiene una colecci\u00f3n de telas, hechas a mano y las mandan a traer desde varias regiones del pa\u00eds, se encuentra en 343 Henry St, Fall River, MA 02721, United States.<\/p><p>\u00a0<\/p>\t\t\t\t\t\t\t\t<\/div>\n\t\t\t\t\t<\/div>\n\t\t\t\t<\/div>\n\t\t<div data-particle_enable=\"false\" data-particle-mobile-disabled=\"false\" class=\"elementor-element elementor-element-7e8ec69 e-flex e-con-boxed e-con e-parent\" data-id=\"7e8ec69\" data-element_type=\"container\" data-e-type=\"container\">\n\t\t\t\t\t<div class=\"e-con-inner\">\n\t\t\t\t<div class=\"elementor-element elementor-element-ac80a38 elementor-widget elementor-widget-facebook-embed\" data-id=\"ac80a38\" data-element_type=\"widget\" data-e-type=\"widget\" data-widget_type=\"facebook-embed.default\">\n\t\t\t\t\t<div style=\"min-height: 1px\" class=\"elementor-facebook-widget fb-post\" data-href=\"https:\/\/www.facebook.com\/photo?fbid=880801940410618&#038;set=pb.100054424602733.-2207520000\" data-show-text=\"false\"><\/div>\t\t\t\t<\/div>\n\t\t\t\t\t<\/div>\n\t\t\t\t<\/div>\n\t\t<div data-particle_enable=\"false\" data-particle-mobile-disabled=\"false\" class=\"elementor-element elementor-element-093c09c e-flex e-con-boxed e-con e-parent\" data-id=\"093c09c\" data-element_type=\"container\" data-e-type=\"container\">\n\t\t\t\t\t<div class=\"e-con-inner\">\n\t\t\t\t<div class=\"elementor-element elementor-element-ea16bd9 elementor-widget elementor-widget-heading\" data-id=\"ea16bd9\" data-element_type=\"widget\" data-e-type=\"widget\" data-widget_type=\"heading.default\">\n\t\t\t\t\t<h3 class=\"elementor-heading-title elementor-size-default\">Conoce m\u00e1s de Guatemala ac\u00e1...<\/h3>\t\t\t\t<\/div>\n\t\t\t\t\t<\/div>\n\t\t\t\t<\/div>\n\t\t<div data-particle_enable=\"false\" data-particle-mobile-disabled=\"false\" class=\"elementor-element elementor-element-6dac431 e-flex e-con-boxed e-con e-parent\" data-id=\"6dac431\" data-element_type=\"container\" data-e-type=\"container\">\n\t\t\t\t\t<div class=\"e-con-inner\">\n\t\t\t\t<div class=\"elementor-element elementor-element-62f27bc elementor-widget elementor-widget-blfe-post-grid\" data-id=\"62f27bc\" data-element_type=\"widget\" data-e-type=\"widget\" data-settings=\"{&quot;columns&quot;:&quot;3&quot;,&quot;columns_tablet&quot;:&quot;6&quot;,&quot;columns_mobile&quot;:&quot;12&quot;,&quot;hero1_layout_column_gap&quot;:{&quot;unit&quot;:&quot;px&quot;,&quot;size&quot;:30,&quot;sizes&quot;:[]},&quot;hero1_layout_column_gap_tablet&quot;:{&quot;unit&quot;:&quot;px&quot;,&quot;size&quot;:&quot;&quot;,&quot;sizes&quot;:[]},&quot;hero1_layout_column_gap_mobile&quot;:{&quot;unit&quot;:&quot;px&quot;,&quot;size&quot;:&quot;&quot;,&quot;sizes&quot;:[]},&quot;hero1_layout_row_gap&quot;:{&quot;unit&quot;:&quot;px&quot;,&quot;size&quot;:30,&quot;sizes&quot;:[]},&quot;hero1_layout_row_gap_tablet&quot;:{&quot;unit&quot;:&quot;px&quot;,&quot;size&quot;:&quot;&quot;,&quot;sizes&quot;:[]},&quot;hero1_layout_row_gap_mobile&quot;:{&quot;unit&quot;:&quot;px&quot;,&quot;size&quot;:&quot;&quot;,&quot;sizes&quot;:[]}}\" data-widget_type=\"blfe-post-grid.hero1\">\n\t\t\t\t<div class=\"elementor-widget-container\">\n\t\t\t\t\t\n                        <div class=\"blfe-post-grid-container \">\n            \n                <div data-skin=\"hero1\" class=\"blfe-row blfe-posts-inner blfe-hero1 blfe-posts-inner blfe-col-3 blfe-col-tab-6 blfe-col-mob-12     \">\n                            <div class=\"blfe-post-grid-item\">\n            <div class=\"blfe-post-grid-item-inner blfe-modern-zoom\">\n                        <div class=\"blfe-post-grid-bg-image\">\n            <a class=\"blfe-post-grid-image-inner\" href=\"https:\/\/soymigrante.com\/revista\/la-unica-raza-de-perros-originaria-de-centro-america-el-dogo-guatemalteco\/\" title=\"Dogo guatemalteco es la \u00fanica raza de perros originaria de Centro Am\u00e9rica\" rel=\"nofollow\" target=\"_blank\"><img decoding=\"async\" src=\"https:\/\/soymigrante.com\/revista\/wp-content\/uploads\/2025\/02\/Dogo-guatemalteco-3.webp\" alt=\"Dogo guatemalteco es la \u00fanica raza de perros originaria de Centro Am\u00e9rica\"\/><\/a>        <\/div>\n                        <div class=\"blfe-post-grid-details\">\n                    <div class=\"blfe-post-grid-details-inner\">\n                        <span class=\"blfe-post-category\"><a href=\"https:\/\/soymigrante.com\/revista\/category\/guate-nuestra\/\">Guate Nuestra<\/a><\/span>                        <h3 class=\"blfe-post-grid-title\">\n            <a href=\"https:\/\/soymigrante.com\/revista\/la-unica-raza-de-perros-originaria-de-centro-america-el-dogo-guatemalteco\/\" title=\"Dogo guatemalteco es la \u00fanica raza de perros originaria de Centro Am\u00e9rica\" rel=\"nofollow\" target=\"_blank\">Dogo guatemalteco es la \u00fanica raza de perros originaria de Centro Am\u00e9rica<\/a>\n            <\/h3>                                                            <div class=\"blfe-post-grid-meta\">\n                <span class=\"blfe-post-grid-time\"><i class=\"fas fa-book-reader\"><\/i>3 Min read<\/span>            <\/div>\n                                                        <\/div>\n                <\/div>\n\n            <\/div>\n        <\/div>\n                <div class=\"blfe-post-grid-item\">\n            <div class=\"blfe-post-grid-item-inner blfe-modern-zoom\">\n                        <div class=\"blfe-post-grid-bg-image\">\n            <a class=\"blfe-post-grid-image-inner\" href=\"https:\/\/soymigrante.com\/revista\/cantante-canadienese-justin-bieber-lanza-pantuflas-inspiradas-en-el-quetzal-guatemalteco\/\" title=\"Cantante canadiense Justin Bieber lanza pantuflas inspiradas en el quetzal guatemalteco\" rel=\"nofollow\" target=\"_blank\"><img decoding=\"async\" src=\"https:\/\/soymigrante.com\/revista\/wp-content\/uploads\/2025\/05\/quetzal-e1748543562993.webp\" alt=\"Cantante canadiense Justin Bieber lanza pantuflas inspiradas en el quetzal guatemalteco\"\/><\/a>        <\/div>\n                        <div class=\"blfe-post-grid-details\">\n                    <div class=\"blfe-post-grid-details-inner\">\n                        <span class=\"blfe-post-category\"><a href=\"https:\/\/soymigrante.com\/revista\/category\/guate-nuestra\/\">Guate Nuestra<\/a><\/span>                        <h3 class=\"blfe-post-grid-title\">\n            <a href=\"https:\/\/soymigrante.com\/revista\/cantante-canadienese-justin-bieber-lanza-pantuflas-inspiradas-en-el-quetzal-guatemalteco\/\" title=\"Cantante canadiense Justin Bieber lanza pantuflas inspiradas en el quetzal guatemalteco\" rel=\"nofollow\" target=\"_blank\">Cantante canadiense Justin Bieber lanza pantuflas inspiradas en el quetzal guatemalteco<\/a>\n            <\/h3>                                                            <div class=\"blfe-post-grid-meta\">\n                <span class=\"blfe-post-grid-time\"><i class=\"fas fa-book-reader\"><\/i>3 Min read<\/span>            <\/div>\n                                                        <\/div>\n                <\/div>\n\n            <\/div>\n        <\/div>\n                <div class=\"blfe-post-grid-item\">\n            <div class=\"blfe-post-grid-item-inner blfe-modern-zoom\">\n                        <div class=\"blfe-post-grid-bg-image\">\n            <a class=\"blfe-post-grid-image-inner\" href=\"https:\/\/soymigrante.com\/revista\/migrantes-guatemaltecos-asi-fortalecen-y-aportan-a-estados-unidos\/\" title=\"Migrantes guatemaltecos: As\u00ed fortalecen y aportan a Estados Unidos\" rel=\"nofollow\" target=\"_blank\"><img decoding=\"async\" src=\"https:\/\/soymigrante.com\/revista\/wp-content\/uploads\/2024\/11\/tiana-ochoa-lider-migrante-rhode-island-5-e1734361323429.webp\" alt=\"Migrantes guatemaltecos: As\u00ed fortalecen y aportan a Estados Unidos\"\/><\/a>        <\/div>\n                        <div class=\"blfe-post-grid-details\">\n                    <div class=\"blfe-post-grid-details-inner\">\n                        <span class=\"blfe-post-category\"><a href=\"https:\/\/soymigrante.com\/revista\/category\/guate-nuestra\/\">Guate Nuestra<\/a><\/span>                        <h3 class=\"blfe-post-grid-title\">\n            <a href=\"https:\/\/soymigrante.com\/revista\/migrantes-guatemaltecos-asi-fortalecen-y-aportan-a-estados-unidos\/\" title=\"Migrantes guatemaltecos: As\u00ed fortalecen y aportan a Estados Unidos\" rel=\"nofollow\" target=\"_blank\">Migrantes guatemaltecos: As\u00ed fortalecen y aportan a Estados Unidos<\/a>\n            <\/h3>                                                            <div class=\"blfe-post-grid-meta\">\n                <span class=\"blfe-post-grid-time\"><i class=\"fas fa-book-reader\"><\/i>5 Min read<\/span>            <\/div>\n                                                        <\/div>\n                <\/div>\n\n            <\/div>\n        <\/div>\n                        <\/div>\n\n                        <\/div>\n            \n                        <div class=\"blfe-post-footer\">\n                        <\/div>\n            \t\t\t\t<\/div>\n\t\t\t\t<\/div>\n\t\t\t\t\t<\/div>\n\t\t\t\t<\/div>\n\t\t\t\t<\/div>\n\t\t","protected":false},"excerpt":{"rendered":"<p>Las indumentarias de los pueblos mayas de Guatemala tienen variedad de colores y dise\u00f1os ancestrales, que constituyen un variado mosaico que a la vez los convierte en s\u00edmbolo nacional de multiculturalidad y emblema de cada etnia. Al ver la indumentaria maya nos lleva a pensar en su lugar de origen, que nos identifica dentro y [&hellip;]<\/p>\n","protected":false},"author":19,"featured_media":7879,"comment_status":"open","ping_status":"open","sticky":false,"template":"","format":"standard","meta":{"_acf_changed":false,"_eb_attr":"","footnotes":""},"categories":[58],"tags":[113],"class_list":["post-7878","post","type-post","status-publish","format-standard","has-post-thumbnail","hentry","category-guate-nuestra","tag-agosto-9-dia-de-los-pueblos-indigenas"],"acf":[],"aioseo_notices":[],"aioseo_head":"\n\t\t<!-- All in One SEO Pro 4.9.6.2 - aioseo.com -->\n\t<meta name=\"description\" content=\"Hay 3.2 millones de guatemaltecos en EE.UU. M\u00e1s de la mitad est\u00e1n en situaci\u00f3n migratoria irregular, pero contribuyen con su fuerza laboral, econ\u00f3mica y cultural\" \/>\n\t<meta name=\"robots\" content=\"max-snippet:-1, max-image-preview:large, max-video-preview:-1\" \/>\n\t<meta name=\"author\" content=\"Marysabel Aldana\"\/>\n\t<link rel=\"canonical\" href=\"https:\/\/soymigrante.com\/revista\/migrantes-guatemaltecos-asi-fortalecen-y-aportan-a-estados-unidos\/\" \/>\n\t<meta name=\"generator\" content=\"All in One SEO Pro (AIOSEO) 4.9.6.2\" \/>\n\n\t\t<link rel=\"preconnect\" href=\"https:\/\/fonts.googleapis.com\" crossorigin>\n<link rel=\"preconnect\" href=\"https:\/\/fonts.gstatic.com\" crossorigin>\n\t\t<meta property=\"og:locale\" content=\"es_ES\" \/>\n\t\t<meta property=\"og:site_name\" content=\"SoyMigrante.com REVISTA \u2013 Nuestra misi\u00f3n es reconocer y dignificar al migrante.\" \/>\n\t\t<meta property=\"og:type\" content=\"article\" \/>\n\t\t<meta property=\"og:title\" content=\"Migrantes guatemaltecos: As\u00ed fortalecen y aportan a Estados Unidos\" \/>\n\t\t<meta property=\"og:description\" content=\"Hay 3.2 millones de guatemaltecos en EE.UU. M\u00e1s de la mitad est\u00e1n en situaci\u00f3n migratoria irregular, pero contribuyen con su fuerza laboral, econ\u00f3mica y cultural\" \/>\n\t\t<meta property=\"og:url\" content=\"https:\/\/soymigrante.com\/revista\/migrantes-guatemaltecos-asi-fortalecen-y-aportan-a-estados-unidos\/\" \/>\n\t\t<meta property=\"og:image\" content=\"https:\/\/soymigrante.com\/revista\/wp-content\/uploads\/2024\/11\/tiana-ochoa-lider-migrante-rhode-island-5-e1734361323429.webp\" \/>\n\t\t<meta property=\"og:image:secure_url\" content=\"https:\/\/soymigrante.com\/revista\/wp-content\/uploads\/2024\/11\/tiana-ochoa-lider-migrante-rhode-island-5-e1734361323429.webp\" \/>\n\t\t<meta property=\"og:image:width\" content=\"1370\" \/>\n\t\t<meta property=\"og:image:height\" content=\"1370\" \/>\n\t\t<meta property=\"article:published_time\" content=\"2025-01-20T13:00:00+00:00\" \/>\n\t\t<meta property=\"article:modified_time\" content=\"2025-01-20T18:49:52+00:00\" \/>\n\t\t<meta property=\"article:publisher\" content=\"https:\/\/www.facebook.com\/soymigrantecom\" \/>\n\t\t<meta name=\"twitter:card\" content=\"summary_large_image\" \/>\n\t\t<meta name=\"twitter:site\" content=\"@SoyMigrante_com\" \/>\n\t\t<meta name=\"twitter:title\" content=\"Migrantes guatemaltecos: As\u00ed fortalecen y aportan a Estados Unidos\" \/>\n\t\t<meta name=\"twitter:description\" content=\"Hay 3.2 millones de guatemaltecos en EE.UU. M\u00e1s de la mitad est\u00e1n en situaci\u00f3n migratoria irregular, pero contribuyen con su fuerza laboral, econ\u00f3mica y cultural\" \/>\n\t\t<meta name=\"twitter:creator\" content=\"@SoyMigrante_com\" \/>\n\t\t<meta name=\"twitter:image\" content=\"https:\/\/soymigrante.com\/revista\/wp-content\/uploads\/2024\/11\/tiana-ochoa-lider-migrante-rhode-island-5-e1734361323429.webp\" \/>\n\t\t<!-- All in One SEO Pro -->\r\n\t\t<title>Migrantes guatemaltecos: As\u00ed fortalecen y aportan a Estados Unidos<\/title>\n\n","aioseo_head_json":{"title":"Migrantes guatemaltecos: As\u00ed fortalecen y aportan a Estados Unidos","description":"Hay 3.2 millones de guatemaltecos en EE.UU. M\u00e1s de la mitad est\u00e1n en situaci\u00f3n migratoria irregular, pero contribuyen con su fuerza laboral, econ\u00f3mica y cultural","canonical_url":"https:\/\/soymigrante.com\/revista\/migrantes-guatemaltecos-asi-fortalecen-y-aportan-a-estados-unidos\/","robots":"max-snippet:-1, max-image-preview:large, max-video-preview:-1","keywords":"","webmasterTools":{"miscellaneous":"&lt;link rel=\"preconnect\" href=\"https:\/\/fonts.googleapis.com\" crossorigin&gt;\n&lt;link rel=\"preconnect\" href=\"https:\/\/fonts.gstatic.com\" crossorigin&gt;"},"schema":null,"og:locale":"es_ES","og:site_name":"SoyMigrante.com REVISTA \u2013 Nuestra misi\u00f3n es reconocer y dignificar al migrante.","og:type":"article","og:title":"Migrantes guatemaltecos: As\u00ed fortalecen y aportan a Estados Unidos","og:description":"Hay 3.2 millones de guatemaltecos en EE.UU. M\u00e1s de la mitad est\u00e1n en situaci\u00f3n migratoria irregular, pero contribuyen con su fuerza laboral, econ\u00f3mica y cultural","og:url":"https:\/\/soymigrante.com\/revista\/migrantes-guatemaltecos-asi-fortalecen-y-aportan-a-estados-unidos\/","og:image":"https:\/\/soymigrante.com\/revista\/wp-content\/uploads\/2024\/11\/tiana-ochoa-lider-migrante-rhode-island-5-e1734361323429.webp","og:image:secure_url":"https:\/\/soymigrante.com\/revista\/wp-content\/uploads\/2024\/11\/tiana-ochoa-lider-migrante-rhode-island-5-e1734361323429.webp","og:image:width":1370,"og:image:height":1370,"article:published_time":"2025-01-20T13:00:00+00:00","article:modified_time":"2025-01-20T18:49:52+00:00","article:publisher":"https:\/\/www.facebook.com\/soymigrantecom","twitter:card":"summary_large_image","twitter:site":"@SoyMigrante_com","twitter:title":"Migrantes guatemaltecos: As\u00ed fortalecen y aportan a Estados Unidos","twitter:description":"Hay 3.2 millones de guatemaltecos en EE.UU. M\u00e1s de la mitad est\u00e1n en situaci\u00f3n migratoria irregular, pero contribuyen con su fuerza laboral, econ\u00f3mica y cultural","twitter:creator":"@SoyMigrante_com","twitter:image":"https:\/\/soymigrante.com\/revista\/wp-content\/uploads\/2024\/11\/tiana-ochoa-lider-migrante-rhode-island-5-e1734361323429.webp"},"aioseo_meta_data":{"post_id":"7878","title":null,"description":null,"keywords":null,"keyphrases":{"focus":{"keyphrase":"indumentaria maya","score":91,"analysis":{"keyphraseInTitle":{"score":9,"maxScore":9,"error":0},"keyphraseInDescription":{"score":9,"maxScore":9,"error":0},"keyphraseLength":{"score":9,"maxScore":9,"error":0,"length":2},"keyphraseInURL":{"score":5,"maxScore":5,"error":0},"keyphraseInIntroduction":{"score":9,"maxScore":9,"error":0},"keyphraseInSubHeadings":{"score":3,"maxScore":9,"error":1},"keyphraseInImageAlt":{"score":9,"maxScore":9,"error":0},"keywordDensity":{"type":"best","score":9,"maxScore":9,"error":0}}},"additional":[{"keyphrase":"indumentaria maya","score":100,"analysis":{"keyphraseInDescription":{"score":9,"maxScore":9,"error":0},"keyphraseLength":{"score":9,"maxScore":9,"error":0,"length":2},"keyphraseInIntroduction":{"score":9,"maxScore":9,"error":0},"keyphraseInImageAlt":{"score":9,"maxScore":9,"error":0},"keywordDensity":{"type":"best","score":9,"maxScore":9,"error":0}}}]},"primary_term":null,"canonical_url":null,"og_title":null,"og_description":null,"og_object_type":"default","og_image_type":"default","og_image_url":null,"og_image_width":null,"og_image_height":null,"og_image_custom_url":null,"og_image_custom_fields":null,"og_video":"","og_custom_url":null,"og_article_section":null,"og_article_tags":null,"twitter_use_og":false,"twitter_card":"default","twitter_image_type":"default","twitter_image_url":null,"twitter_image_custom_url":null,"twitter_image_custom_fields":null,"twitter_title":null,"twitter_description":null,"schema":{"blockGraphs":[],"customGraphs":[],"default":{"data":{"Article":[],"Course":[],"Dataset":[],"FAQPage":[],"Movie":[],"Person":[],"Product":[],"ProductReview":[],"Car":[],"Recipe":[],"Service":[],"SoftwareApplication":[],"WebPage":[]},"graphName":"none","isEnabled":true},"graphs":[]},"schema_type":"default","schema_type_options":null,"pillar_content":false,"robots_default":true,"robots_noindex":false,"robots_noarchive":false,"robots_nosnippet":false,"robots_nofollow":false,"robots_noimageindex":false,"robots_noodp":false,"robots_notranslate":false,"robots_max_snippet":"-1","robots_max_videopreview":"-1","robots_max_imagepreview":"large","priority":null,"frequency":"default","local_seo":null,"seo_analyzer_scan_date":"2025-10-08 22:27:48","breadcrumb_settings":null,"limit_modified_date":false,"reviewed_by":"0","open_ai":"{\"title\":{\"suggestions\":[],\"usage\":0},\"description\":{\"suggestions\":[],\"usage\":0}}","ai":{"faqs":[],"keyPoints":[],"titles":[],"descriptions":[],"socialPosts":{"email":[],"linkedin":[],"twitter":[],"facebook":[],"instagram":[]}},"created":"2024-08-07 23:10:14","updated":"2026-02-04 12:33:22"},"aioseo_breadcrumb":"<div class=\"aioseo-breadcrumbs\"><span class=\"aioseo-breadcrumb\">\n\t<a href=\"https:\/\/soymigrante.com\/revista\" title=\"Home\">Home<\/a>\n<\/span><span class=\"aioseo-breadcrumb-separator\">\u00bb<\/span><span class=\"aioseo-breadcrumb\">\n\t<a href=\"https:\/\/soymigrante.com\/revista\/category\/guate-nuestra\/\" title=\"Guate Nuestra\">Guate Nuestra<\/a>\n<\/span><span class=\"aioseo-breadcrumb-separator\">\u00bb<\/span><span class=\"aioseo-breadcrumb\">\n\tIndumentaria maya de Guatemala: s\u00edmbolo nacional multicultural\n<\/span><\/div>","aioseo_breadcrumb_json":[{"label":"Home","link":"https:\/\/soymigrante.com\/revista"},{"label":"Guate Nuestra","link":"https:\/\/soymigrante.com\/revista\/category\/guate-nuestra\/"},{"label":"Indumentaria maya de Guatemala: s\u00edmbolo nacional multicultural","link":"https:\/\/soymigrante.com\/revista\/indumentaria-maya-de-guatemala-simbolo-nacional-multicultural\/"}],"_links":{"self":[{"href":"https:\/\/soymigrante.com\/revista\/wp-json\/wp\/v2\/posts\/7878","targetHints":{"allow":["GET"]}}],"collection":[{"href":"https:\/\/soymigrante.com\/revista\/wp-json\/wp\/v2\/posts"}],"about":[{"href":"https:\/\/soymigrante.com\/revista\/wp-json\/wp\/v2\/types\/post"}],"author":[{"embeddable":true,"href":"https:\/\/soymigrante.com\/revista\/wp-json\/wp\/v2\/users\/19"}],"replies":[{"embeddable":true,"href":"https:\/\/soymigrante.com\/revista\/wp-json\/wp\/v2\/comments?post=7878"}],"version-history":[{"count":4,"href":"https:\/\/soymigrante.com\/revista\/wp-json\/wp\/v2\/posts\/7878\/revisions"}],"predecessor-version":[{"id":44776,"href":"https:\/\/soymigrante.com\/revista\/wp-json\/wp\/v2\/posts\/7878\/revisions\/44776"}],"wp:featuredmedia":[{"embeddable":true,"href":"https:\/\/soymigrante.com\/revista\/wp-json\/wp\/v2\/media\/7879"}],"wp:attachment":[{"href":"https:\/\/soymigrante.com\/revista\/wp-json\/wp\/v2\/media?parent=7878"}],"wp:term":[{"taxonomy":"category","embeddable":true,"href":"https:\/\/soymigrante.com\/revista\/wp-json\/wp\/v2\/categories?post=7878"},{"taxonomy":"post_tag","embeddable":true,"href":"https:\/\/soymigrante.com\/revista\/wp-json\/wp\/v2\/tags?post=7878"}],"curies":[{"name":"wp","href":"https:\/\/api.w.org\/{rel}","templated":true}]}}