{"id":7866,"date":"2024-08-07T16:26:16","date_gmt":"2024-08-07T22:26:16","guid":{"rendered":"https:\/\/soymigrante.com\/revista\/?p=7866"},"modified":"2024-11-01T02:08:24","modified_gmt":"2024-11-01T08:08:24","slug":"emprendedor-tecnologico-marcos-antil-expone-sobre-desarrollo-indigena-y-migracion","status":"publish","type":"post","link":"https:\/\/soymigrante.com\/revista\/emprendedor-tecnologico-marcos-antil-expone-sobre-desarrollo-indigena-y-migracion\/","title":{"rendered":"Emprendedor tecnol\u00f3gico Marcos Antil expone sobre desarrollo ind\u00edgena y migraci\u00f3n"},"content":{"rendered":"\t\t<div data-elementor-type=\"wp-post\" data-elementor-id=\"7866\" class=\"elementor elementor-7866\" data-elementor-post-type=\"post\">\n\t\t\t\t<div data-particle_enable=\"false\" data-particle-mobile-disabled=\"false\" class=\"elementor-element elementor-element-c88ae51 e-flex e-con-boxed e-con e-parent\" data-id=\"c88ae51\" data-element_type=\"container\" data-e-type=\"container\">\n\t\t\t\t\t<div class=\"e-con-inner\">\n\t\t\t\t<div class=\"elementor-element elementor-element-637afdf elementor-widget elementor-widget-heading\" data-id=\"637afdf\" data-element_type=\"widget\" data-e-type=\"widget\" data-widget_type=\"heading.default\">\n\t\t\t\t\t<h2 class=\"elementor-heading-title elementor-size-default\"><span style=\"font-size: 31.2px\">En Simposio por el D\u00eda Internacional de los Pueblos Ind\u00edgenas, el migrante y empresario digital q'anjob'al Marcos Antil propone  una plataforma que integre a los migrantes con los emprendedores guatemaltecos para descentralizar y potenciar desarrollo, incluyendo a comunidades de provincia.\n<\/span><div><br><\/div><\/h2>\t\t\t\t<\/div>\n\t\t\t\t\t<\/div>\n\t\t\t\t<\/div>\n\t\t<div data-particle_enable=\"false\" data-particle-mobile-disabled=\"false\" class=\"elementor-element elementor-element-cc91714 e-flex e-con-boxed e-con e-parent\" data-id=\"cc91714\" data-element_type=\"container\" data-e-type=\"container\">\n\t\t\t\t\t<div class=\"e-con-inner\">\n\t\t\t\t<div class=\"elementor-element elementor-element-037f79f elementor-widget elementor-widget-text-editor\" data-id=\"037f79f\" data-element_type=\"widget\" data-e-type=\"widget\" data-widget_type=\"text-editor.default\">\n\t\t\t\t\t\t\t\t\t<p>\u201cGuatemala es un pa\u00eds donde emprendemos o emprendemos. Donde cada uno de nosotros tiene que crear oportunidades donde no existen. Y eso nos hace ingeniosos, proactivos, originales. Lo \u00fanico que necesitamos para crecer es acompa\u00f1amiento y herramientas\u201d, dijo el migrante y emprendedor digital Marcos Antil, CEO de SoyMigrante.com, durante el Simposio Desarrollo econ\u00f3mico de los pueblos ind\u00edgenas, en el Museo de Arqueolog\u00eda de la ciudad de Guatemala.<\/p><p>Dicha actividad fue convocada por el Ministerio de Trabajo y Previsi\u00f3n Social, cuya titular Claudia Roquel, maya kaqchiqel, originaria de Solol\u00e1, estuvo presente en todo el evento. A la actividad de apertura asisti\u00f3 la Vicepresidenta Karin Herrera.\u00a0<\/p><p>Tambi\u00e9n asistieron autoridades ancestrales ind\u00edgenas de varias comunidades mayas y xincas del pa\u00eds, ya que el Simposio se desarrolla con motivo del D\u00eda Internacional de los Pueblos Ind\u00edgenas, este 9 de agosto.<\/p><div>\u00a0<\/div>\t\t\t\t\t\t\t\t<\/div>\n\t\t\t\t\t<\/div>\n\t\t\t\t<\/div>\n\t\t<div data-particle_enable=\"false\" data-particle-mobile-disabled=\"false\" class=\"elementor-element elementor-element-07e56ed e-flex e-con-boxed e-con e-parent\" data-id=\"07e56ed\" data-element_type=\"container\" data-e-type=\"container\">\n\t\t\t\t\t<div class=\"e-con-inner\">\n\t\t\t\t<div class=\"elementor-element elementor-element-7234ad7 elementor-widget elementor-widget-image\" data-id=\"7234ad7\" data-element_type=\"widget\" data-e-type=\"widget\" data-widget_type=\"image.default\">\n\t\t\t\t\t\t\t\t\t\t\t\t<figure class=\"wp-caption\">\n\t\t\t\t\t\t\t\t\t\t<img fetchpriority=\"high\" decoding=\"async\" width=\"768\" height=\"481\" src=\"https:\/\/soymigrante.com\/revista\/wp-content\/uploads\/2024\/08\/marcos-antil-simposio-1024x641.webp\" class=\"attachment-large size-large wp-image-7870\" alt=\"Estrategias de desarrollo econ\u00f3mico para pueblos ind\u00edgenas en M\u00e9xico en el marco del Ministerio de Trabajo y Previsi\u00f3n Social.\" srcset=\"https:\/\/soymigrante.com\/revista\/wp-content\/uploads\/2024\/08\/marcos-antil-simposio-1024x641.webp 1024w, https:\/\/soymigrante.com\/revista\/wp-content\/uploads\/2024\/08\/marcos-antil-simposio-300x188.webp 300w, https:\/\/soymigrante.com\/revista\/wp-content\/uploads\/2024\/08\/marcos-antil-simposio-768x481.webp 768w, https:\/\/soymigrante.com\/revista\/wp-content\/uploads\/2024\/08\/marcos-antil-simposio-750x470.webp 750w, https:\/\/soymigrante.com\/revista\/wp-content\/uploads\/2024\/08\/marcos-antil-simposio-1140x714.jpg 1140w, https:\/\/soymigrante.com\/revista\/wp-content\/uploads\/2024\/08\/marcos-antil-simposio.webp 1158w\" sizes=\"(max-width: 768px) 100vw, 768px\" title=\"Conferencia del empresario digital maya q&#039;anjob&#039;al Marcos Antil acerca de la migraci\u00f3n y las v\u00edas para generar desarrollo comunitario al integrar esfuerzos de guatemaltecos dentro y fuera del pa\u00eds. \u2013 SoyMigrante.com REVISTA\" \/>\t\t\t\t\t\t\t\t\t\t\t<figcaption class=\"widget-image-caption wp-caption-text\">Importancia del desarrollo econ\u00f3mico de los pueblos ind\u00edgenas en M\u00e9xico - SoyMigrante.com REVISTA.<\/figcaption>\n\t\t\t\t\t\t\t\t\t\t<\/figure>\n\t\t\t\t\t\t\t\t\t<\/div>\n\t\t\t\t\t<\/div>\n\t\t\t\t<\/div>\n\t\t<div data-particle_enable=\"false\" data-particle-mobile-disabled=\"false\" class=\"elementor-element elementor-element-948e66e e-flex e-con-boxed e-con e-parent\" data-id=\"948e66e\" data-element_type=\"container\" data-e-type=\"container\">\n\t\t\t\t\t<div class=\"e-con-inner\">\n\t\t\t\t<div class=\"elementor-element elementor-element-97bbfed elementor-widget elementor-widget-heading\" data-id=\"97bbfed\" data-element_type=\"widget\" data-e-type=\"widget\" data-widget_type=\"heading.default\">\n\t\t\t\t\t<h3 class=\"elementor-heading-title elementor-size-default\">La migraci\u00f3n tiene un alto costo<\/h3>\t\t\t\t<\/div>\n\t\t\t\t\t<\/div>\n\t\t\t\t<\/div>\n\t\t<div data-particle_enable=\"false\" data-particle-mobile-disabled=\"false\" class=\"elementor-element elementor-element-601a281 e-flex e-con-boxed e-con e-parent\" data-id=\"601a281\" data-element_type=\"container\" data-e-type=\"container\">\n\t\t\t\t\t<div class=\"e-con-inner\">\n\t\t\t\t<div class=\"elementor-element elementor-element-d7d8b49 elementor-widget elementor-widget-text-editor\" data-id=\"d7d8b49\" data-element_type=\"widget\" data-e-type=\"widget\" data-widget_type=\"text-editor.default\">\n\t\t\t\t\t\t\t\t\t<p>Marcos Antil expuso acerca de los efectos de la falta de oportunidades y limitaciones econ\u00f3micas: pobreza, desnutrici\u00f3n, falta de empleos, lo cual conduce a una migraci\u00f3n forzosa, que se marca especialmente en el occidente de Guatemala, es decir, las \u00e1reas de mayor poblaci\u00f3n ind\u00edgena.\u00a0<\/p><p>\u201cDesarrollo y migraci\u00f3n tienen una relaci\u00f3n directa y no de ahora, ni de hace una d\u00e9cada, sino de toda la vida. El comercio y la actividad productiva se centraliza en cabeceras y sobre todo en regiones metropolitanas. La descentralizaci\u00f3n se ha complicado por falta de planes integrales de infraestructura vial, energ\u00e9tica, digital. Ello tiene varias consecuencias, pero la m\u00e1s visible en los \u00faltimos 20 a\u00f1os, es el \u00e9xodo migrante desde las comunidades donde existen los mayores \u00edndices de pobreza. No es sostenible a corto ni largo plazo\u201d, expuso.<\/p><p>\u201cLas estad\u00edsticas son claras: los departamentos del Occidente guatemalteco son los mayores receptores de remesas familiares; son los territorios donde existe la mayor poblaci\u00f3n de ind\u00edgenas. Son talentos que vamos perdiendo, a veces sin retorno. Pero tambi\u00e9n sigue existiendo ese talento en Guatemala. No lo queremos perder, pero para ello tenemos que impulsar que florezcan en sus lugares de origen, sin tener que pasar por la penuria migrante\u201d, prosigui\u00f3.<\/p><div>\u00a0<\/div>\t\t\t\t\t\t\t\t<\/div>\n\t\t\t\t\t<\/div>\n\t\t\t\t<\/div>\n\t\t<div data-particle_enable=\"false\" data-particle-mobile-disabled=\"false\" class=\"elementor-element elementor-element-e981383 e-flex e-con-boxed e-con e-parent\" data-id=\"e981383\" data-element_type=\"container\" data-e-type=\"container\">\n\t\t\t\t\t<div class=\"e-con-inner\">\n\t\t\t\t<div class=\"elementor-element elementor-element-a2047bc elementor-widget elementor-widget-image\" data-id=\"a2047bc\" data-element_type=\"widget\" data-e-type=\"widget\" data-widget_type=\"image.default\">\n\t\t\t\t\t\t\t\t\t\t\t\t<figure class=\"wp-caption\">\n\t\t\t\t\t\t\t\t\t\t<img decoding=\"async\" width=\"768\" height=\"543\" src=\"https:\/\/soymigrante.com\/revista\/wp-content\/uploads\/2024\/08\/marcos-antil-migrante-3-1024x724.webp\" class=\"attachment-large size-large wp-image-7874\" alt=\"Larga frase descriptiva de una pareja ind\u00edgena con vestimenta tradicional y un hombre mayor en un evento cultural, destacando identidad, cultura y migraci\u00f3n.\" srcset=\"https:\/\/soymigrante.com\/revista\/wp-content\/uploads\/2024\/08\/marcos-antil-migrante-3-1024x724.webp 1024w, https:\/\/soymigrante.com\/revista\/wp-content\/uploads\/2024\/08\/marcos-antil-migrante-3-300x212.webp 300w, https:\/\/soymigrante.com\/revista\/wp-content\/uploads\/2024\/08\/marcos-antil-migrante-3-768x543.webp 768w, https:\/\/soymigrante.com\/revista\/wp-content\/uploads\/2024\/08\/marcos-antil-migrante-3-120x86.webp 120w, https:\/\/soymigrante.com\/revista\/wp-content\/uploads\/2024\/08\/marcos-antil-migrante-3-750x530.webp 750w, https:\/\/soymigrante.com\/revista\/wp-content\/uploads\/2024\/08\/marcos-antil-migrante-3.webp 1110w\" sizes=\"(max-width: 768px) 100vw, 768px\" title=\"La ministra de Trabajo Miriam Roquel y Marcos Antil, comparten con un representante de las autoridades ancestrales ind\u00edgenas al finalizar el Simposio de Econom\u00eda y Desarrollo para los Pueblos Ind\u00edgenas. (Foto cortes\u00eda Mintrab) \u2013 SoyMigrante.com REVISTA\" \/>\t\t\t\t\t\t\t\t\t\t\t<figcaption class=\"widget-image-caption wp-caption-text\">Diversa pareja ind\u00edgena con vestimenta tradicional en evento cultural, resaltando identidad y ra\u00edces ancestrales en el contexto de migrantes y cultura mexicana.<\/figcaption>\n\t\t\t\t\t\t\t\t\t\t<\/figure>\n\t\t\t\t\t\t\t\t\t<\/div>\n\t\t\t\t\t<\/div>\n\t\t\t\t<\/div>\n\t\t<div data-particle_enable=\"false\" data-particle-mobile-disabled=\"false\" class=\"elementor-element elementor-element-b4043ac e-flex e-con-boxed e-con e-parent\" data-id=\"b4043ac\" data-element_type=\"container\" data-e-type=\"container\">\n\t\t\t\t\t<div class=\"e-con-inner\">\n\t\t\t\t<div class=\"elementor-element elementor-element-5c1ef3d elementor-grid-eael-col-1 elementor-grid-tablet-eael-col-2 elementor-grid-mobile-eael-col-1 elementor-widget elementor-widget-eael-post-grid\" data-id=\"5c1ef3d\" data-element_type=\"widget\" data-e-type=\"widget\" data-settings=\"{&quot;eael_post_grid_columns&quot;:&quot;eael-col-1&quot;,&quot;eael_post_grid_columns_tablet&quot;:&quot;eael-col-2&quot;,&quot;eael_post_grid_columns_mobile&quot;:&quot;eael-col-1&quot;}\" data-widget_type=\"eael-post-grid.default\">\n\t\t\t\t\t<div id=\"eael-post-grid-5c1ef3d\" class=\"eael-post-grid-container\">\n            <div class=\"eael-post-grid eael-post-appender eael-post-appender-5c1ef3d eael-post-grid-style-one\" data-layout-mode=\"masonry\"><article class=\"eael-grid-post  eael-post-grid-column eael-pg-post-1650 category-estamos-unidos tags-remesas-migrantes\" data-id=\"1650\">\n        <div class=\"eael-grid-post-holder\">\n            <div class=\"eael-grid-post-holder-inner\"><div class=\"eael-entry-media\"><div class=\"eael-entry-overlay fade-in\"><i class=\"far fa-hand-pointer\" aria-hidden=\"true\"><\/i><a href=\"https:\/\/soymigrante.com\/revista\/impacto-remesas-guatemala-desde-eeuu\/\"><\/a><\/div><div class=\"eael-entry-thumbnail \">\n                <img decoding=\"async\" width=\"1024\" height=\"700\" src=\"https:\/\/soymigrante.com\/revista\/wp-content\/uploads\/2023\/06\/Captura-de-pantalla-2023-06-28-124853-1024x700.webp\" class=\"attachment-large size-large wp-image-1651\" alt=\"Ilustraci\u00f3n de d\u00f3lares para ilustrar tema de remesas migrantes de Estados Unidos a Guatemala\" \/>\n            <\/div>\n        <\/div><div class=\"eael-entry-wrapper\"><header class=\"eael-entry-header\"><h2 class=\"eael-entry-title\"><a class=\"eael-grid-post-link\" href=\"https:\/\/soymigrante.com\/revista\/impacto-remesas-guatemala-desde-eeuu\/\" title=\"\u00bfA d\u00f3nde van las remesas enviadas por migrantes guatemaltecos desde Estados Unidos?\">\u00bfA d\u00f3nde van las remesas enviadas por migrantes guatemaltecos desde Estados Unidos?<\/a><\/h2><\/header><div class=\"eael-entry-content\">\n                        <div class=\"eael-grid-post-excerpt\"><a href=\"https:\/\/soymigrante.com\/revista\/impacto-remesas-guatemala-desde-eeuu\/\" class=\"eael-post-elements-readmore-btn\">ENT\u00c9RATE SOBRE ESTE TEMA<\/a><\/div>\n                    <\/div><\/div><\/div>\n        <\/div>\n    <\/article><\/div>\n            <div class=\"clearfix\"><\/div>\n        <\/div>\t\t\t\t<\/div>\n\t\t\t\t\t<\/div>\n\t\t\t\t<\/div>\n\t\t<div data-particle_enable=\"false\" data-particle-mobile-disabled=\"false\" class=\"elementor-element elementor-element-b611544 e-flex e-con-boxed e-con e-parent\" data-id=\"b611544\" data-element_type=\"container\" data-e-type=\"container\">\n\t\t\t\t\t<div class=\"e-con-inner\">\n\t\t\t\t<div class=\"elementor-element elementor-element-acb64e6 elementor-widget elementor-widget-heading\" data-id=\"acb64e6\" data-element_type=\"widget\" data-e-type=\"widget\" data-widget_type=\"heading.default\">\n\t\t\t\t\t<h3 class=\"elementor-heading-title elementor-size-default\">En Guatemala hay calidad de clase mundial<\/h3>\t\t\t\t<\/div>\n\t\t\t\t\t<\/div>\n\t\t\t\t<\/div>\n\t\t<div data-particle_enable=\"false\" data-particle-mobile-disabled=\"false\" class=\"elementor-element elementor-element-c0835ac e-flex e-con-boxed e-con e-parent\" data-id=\"c0835ac\" data-element_type=\"container\" data-e-type=\"container\">\n\t\t\t\t\t<div class=\"e-con-inner\">\n\t\t\t\t<div class=\"elementor-element elementor-element-07c2b39 elementor-widget elementor-widget-text-editor\" data-id=\"07c2b39\" data-element_type=\"widget\" data-e-type=\"widget\" data-widget_type=\"text-editor.default\">\n\t\t\t\t\t\t\t\t\t<p>Marcos Antil expuso su experiencia como empresario digital, a trav\u00e9s de la compa\u00f1\u00eda Xumac, que dirigi\u00f3 por 20 a\u00f1os y cuya central de operaciones traslad\u00f3 a Guatemala, porque quer\u00eda generar oportunidades laborales para el talento nacional. \u201cAqu\u00ed\u00a0 en La Tierra del Quetzal se puede generar competitividad y capacidades de calidad mundial\u201d, se\u00f1al\u00f3.<\/p><p>Durante la gira de presentaci\u00f3n del libro Migrante en 2023,\u00a0 Marcos Antil propici\u00f3 ferias de emprendedores en municipios de todo el pa\u00eds, como una forma de apoyo.\u00a0<\/p><p>\u201cEn la provincia de Guatemala hay talleres de artesan\u00eda textil, de madera, de metal, decorativa. Al viajar por los municipios y en las ferias de emprendimiento me sent\u00ed comprometido ante tanta creatividad y calidad, que se enfrentan a limitaciones de distribuci\u00f3n o dependen de las visitas tur\u00edsticas\u201d.<\/p><div>\u00a0<\/div>\t\t\t\t\t\t\t\t<\/div>\n\t\t\t\t\t<\/div>\n\t\t\t\t<\/div>\n\t\t<div data-particle_enable=\"false\" data-particle-mobile-disabled=\"false\" class=\"elementor-element elementor-element-fe50117 e-flex e-con-boxed e-con e-parent\" data-id=\"fe50117\" data-element_type=\"container\" data-e-type=\"container\">\n\t\t\t\t\t<div class=\"e-con-inner\">\n\t\t\t\t<div class=\"elementor-element elementor-element-c567cec elementor-widget elementor-widget-image\" data-id=\"c567cec\" data-element_type=\"widget\" data-e-type=\"widget\" data-widget_type=\"image.default\">\n\t\t\t\t\t\t\t\t\t\t\t\t<figure class=\"wp-caption\">\n\t\t\t\t\t\t\t\t\t\t<img loading=\"lazy\" decoding=\"async\" width=\"768\" height=\"442\" src=\"https:\/\/soymigrante.com\/revista\/wp-content\/uploads\/2024\/08\/simposio-maya-1024x589.webp\" class=\"attachment-large size-large wp-image-7871\" alt=\"Celebraci\u00f3n tradicional de comunidad ind\u00edgena con participaci\u00f3n activa de mujeres y hombres en ceremonia cultural en un espacio abierto, resaltando la riqueza cultural y el respeto ancestral.\" srcset=\"https:\/\/soymigrante.com\/revista\/wp-content\/uploads\/2024\/08\/simposio-maya-1024x589.webp 1024w, https:\/\/soymigrante.com\/revista\/wp-content\/uploads\/2024\/08\/simposio-maya-300x173.webp 300w, https:\/\/soymigrante.com\/revista\/wp-content\/uploads\/2024\/08\/simposio-maya-768x442.webp 768w, https:\/\/soymigrante.com\/revista\/wp-content\/uploads\/2024\/08\/simposio-maya-750x431.webp 750w, https:\/\/soymigrante.com\/revista\/wp-content\/uploads\/2024\/08\/simposio-maya-1140x656.webp 1140w, https:\/\/soymigrante.com\/revista\/wp-content\/uploads\/2024\/08\/simposio-maya.webp 1217w\" sizes=\"(max-width: 768px) 100vw, 768px\" title=\"Previo al inicio del simposio se efectu\u00f3 una ceremonia maya para pedir permiso al Creador y Formador, con invocaci\u00f3n a los ancestros. Fue un momento solemne en la v\u00edspera del D\u00eda Internacional de los Pueblos Ind\u00edgenas. La actividad se desarroll\u00f3 en el Museo Nacional de Arqueolog\u00eda. \u2013 SoyMigrante.com REVISTA\" \/>\t\t\t\t\t\t\t\t\t\t\t<figcaption class=\"widget-image-caption wp-caption-text\">Celebraci\u00f3n cultural y tradici\u00f3n ind\u00edgena en evento comunitario con participaci\u00f3n de migrantes y comunidad local.<\/figcaption>\n\t\t\t\t\t\t\t\t\t\t<\/figure>\n\t\t\t\t\t\t\t\t\t<\/div>\n\t\t\t\t\t<\/div>\n\t\t\t\t<\/div>\n\t\t<div data-particle_enable=\"false\" data-particle-mobile-disabled=\"false\" class=\"elementor-element elementor-element-40cefbc e-flex e-con-boxed e-con e-parent\" data-id=\"40cefbc\" data-element_type=\"container\" data-e-type=\"container\">\n\t\t\t\t\t<div class=\"e-con-inner\">\n\t\t\t\t<div class=\"elementor-element elementor-element-eec6d33 elementor-widget elementor-widget-heading\" data-id=\"eec6d33\" data-element_type=\"widget\" data-e-type=\"widget\" data-widget_type=\"heading.default\">\n\t\t\t\t\t<h3 class=\"elementor-heading-title elementor-size-default\">Anuncio de innovaci\u00f3n y nueva plataforma<\/h3>\t\t\t\t<\/div>\n\t\t\t\t\t<\/div>\n\t\t\t\t<\/div>\n\t\t<div data-particle_enable=\"false\" data-particle-mobile-disabled=\"false\" class=\"elementor-element elementor-element-53c38de e-flex e-con-boxed e-con e-parent\" data-id=\"53c38de\" data-element_type=\"container\" data-e-type=\"container\">\n\t\t\t\t\t<div class=\"e-con-inner\">\n\t\t\t\t<div class=\"elementor-element elementor-element-bb41654 elementor-widget elementor-widget-text-editor\" data-id=\"bb41654\" data-element_type=\"widget\" data-e-type=\"widget\" data-widget_type=\"text-editor.default\">\n\t\t\t\t\t\t\t\t\t<p><span style=\"color: var( --e-global-color-text ); text-align: var(--text-align);\">Marcos Antil habl\u00f3 de la plataforma SoyMigrante.com, que en su primera fase est\u00e1 dedicada a dignificar a los migrantes guatemaltecos en Estados Unidos, a trav\u00e9s de storytelling, contenidos de identidad multicultural, actualidad de comunidades migrantes, notas sobre recursos legales. \u201cLos migrantes son el ingreso de divisas m\u00e1s importante de Guatemala, pero son m\u00e1s que remesas\u201d, dijo.<\/span><br><\/p>\n<p><span style=\"color: var( --e-global-color-text ); text-align: var(--text-align);\">Muy pronto surgir\u00e1 una nueva fase: SoyMigrante Mercado, un sitio que integrar\u00e1&nbsp; a los productores y emprendedores guatemaltecos con los connacionales en Estados Unidos. \u201cSer\u00e1 un puente tecnol\u00f3gico para que la fuerza productiva, creativa de este pa\u00eds se conecte con la fuerza productiva de los connacionales en Estados Unidos\u201d, describi\u00f3<\/span><\/p>\n<p>\u201cMercado ser\u00e1 una vitrina sin fronteras para el fabricante de muebles, para la tejedora de Solol\u00e1, de Xela, de Toto o de cualquier comunidad, para el pintor tradicional Antigua&#8230; con una log\u00edstica que permitir\u00e1 al migrante guatemalteco adquirir productos en Guatemala\u201d, lo cual propiciar\u00e1 una descentralizaci\u00f3n econ\u00f3mica.<\/p>\n<div>&nbsp;<\/div>\t\t\t\t\t\t\t\t<\/div>\n\t\t\t\t\t<\/div>\n\t\t\t\t<\/div>\n\t\t<div data-particle_enable=\"false\" data-particle-mobile-disabled=\"false\" class=\"elementor-element elementor-element-26f6c3c e-flex e-con-boxed e-con e-parent\" data-id=\"26f6c3c\" data-element_type=\"container\" data-e-type=\"container\">\n\t\t\t\t\t<div class=\"e-con-inner\">\n\t\t\t\t<div class=\"elementor-element elementor-element-fe96929 elementor-widget elementor-widget-heading\" data-id=\"fe96929\" data-element_type=\"widget\" data-e-type=\"widget\" data-widget_type=\"heading.default\">\n\t\t\t\t\t<h4 class=\"elementor-heading-title elementor-size-default\">En la Gira Migrante de 2023, Marcos Antil impuls\u00f3 ferias de emprendedores. Esta fue una de ellas, en Chimaltenango<\/h4>\t\t\t\t<\/div>\n\t\t\t\t\t<\/div>\n\t\t\t\t<\/div>\n\t\t<div data-particle_enable=\"false\" data-particle-mobile-disabled=\"false\" class=\"elementor-element elementor-element-d7070cf e-flex e-con-boxed e-con e-parent\" data-id=\"d7070cf\" data-element_type=\"container\" data-e-type=\"container\">\n\t\t\t\t\t<div class=\"e-con-inner\">\n\t\t\t\t<div class=\"elementor-element elementor-element-139b1e2 elementor-widget elementor-widget-html\" data-id=\"139b1e2\" data-element_type=\"widget\" data-e-type=\"widget\" data-widget_type=\"html.default\">\n\t\t\t\t\t<iframe src=\"https:\/\/www.facebook.com\/plugins\/video.php?height=476&href=https%3A%2F%2Fwww.facebook.com%2FMarcosAndresAntil%2Fvideos%2F1118430505723457%2F&show_text=false&width=267&t=123\" width=\"267\" height=\"476\" style=\"border:none;overflow:hidden\" scrolling=\"no\" frameborder=\"0\" allowfullscreen=\"true\" allow=\"autoplay; clipboard-write; encrypted-media; picture-in-picture; web-share\" allowFullScreen=\"true\"><\/iframe>\t\t\t\t<\/div>\n\t\t\t\t\t<\/div>\n\t\t\t\t<\/div>\n\t\t<div data-particle_enable=\"false\" data-particle-mobile-disabled=\"false\" class=\"elementor-element elementor-element-9fc5d82 e-flex e-con-boxed e-con e-parent\" data-id=\"9fc5d82\" data-element_type=\"container\" data-e-type=\"container\">\n\t\t\t\t\t<div class=\"e-con-inner\">\n\t\t\t\t<div class=\"elementor-element elementor-element-d3a47ef elementor-widget elementor-widget-testimonial\" data-id=\"d3a47ef\" data-element_type=\"widget\" data-e-type=\"widget\" data-widget_type=\"testimonial.default\">\n\t\t\t\t\t\t\t<div class=\"elementor-testimonial-wrapper\">\n\t\t\t\t\t\t\t<div class=\"elementor-testimonial-content\">\"En Guatemala existen productos de calidad internacional: textiles ind\u00edgenas, artesan\u00edas, productos elaborados por emprendedores... pero que han tenido un acceso muy limitado. Se necesita acompa\u00f1amiento y herramientas\" <\/div>\n\t\t\t\n\t\t\t\t\t\t<div class=\"elementor-testimonial-meta elementor-has-image elementor-testimonial-image-position-aside\">\n\t\t\t\t<div class=\"elementor-testimonial-meta-inner\">\n\t\t\t\t\t\t\t\t\t\t\t<div class=\"elementor-testimonial-image\">\n\t\t\t\t\t\t\t<img loading=\"lazy\" decoding=\"async\" width=\"517\" height=\"517\" src=\"https:\/\/soymigrante.com\/revista\/wp-content\/uploads\/2024\/08\/marcos-antil.webp\" class=\"attachment-full size-full wp-image-7869\" alt=\"Voz en\u00e9rgica de un conferencista latinoamericano en una reuni\u00f3n o seminario, destacando la participaci\u00f3n cultural y educativa en la revista SoyMigrante.com REVISTA.\" title=\"marcos antil \u2013 SoyMigrante.com REVISTA\" srcset=\"https:\/\/soymigrante.com\/revista\/wp-content\/uploads\/2024\/08\/marcos-antil.webp 517w, https:\/\/soymigrante.com\/revista\/wp-content\/uploads\/2024\/08\/marcos-antil-300x300.webp 300w, https:\/\/soymigrante.com\/revista\/wp-content\/uploads\/2024\/08\/marcos-antil-150x150.webp 150w, https:\/\/soymigrante.com\/revista\/wp-content\/uploads\/2024\/08\/marcos-antil-75x75.webp 75w\" sizes=\"(max-width: 517px) 100vw, 517px\" \/>\t\t\t\t\t\t<\/div>\n\t\t\t\t\t\n\t\t\t\t\t\t\t\t\t\t<div class=\"elementor-testimonial-details\">\n\t\t\t\t\t\t\t\t\t\t\t\t\t\t<div class=\"elementor-testimonial-name\">Marcos Antil<\/div>\n\t\t\t\t\t\t\t\t\t\t\t\t\t\t\t\t\t\t\t\t\t\t<div class=\"elementor-testimonial-job\">Emprendedor tecnol\u00f3gico\nmaya q'anjob'al y \nCEO de SoyMigrante.com<\/div>\n\t\t\t\t\t\t\t\t\t\t\t\t\t<\/div>\n\t\t\t\t\t\t\t\t\t<\/div>\n\t\t\t<\/div>\n\t\t\t\t\t<\/div>\n\t\t\t\t\t\t<\/div>\n\t\t\t\t\t<\/div>\n\t\t\t\t<\/div>\n\t\t\t\t<\/div>\n\t\t","protected":false},"excerpt":{"rendered":"<p>En Simposio por el D\u00eda Internacional de los Pueblos Ind\u00edgenas, el migrante y empresario digital q&#8217;anjob&#8217;al Marcos Antil propone una plataforma que integre a los migrantes con los emprendedores guatemaltecos para descentralizar y potenciar desarrollo, incluyendo a comunidades de provincia. \u201cGuatemala es un pa\u00eds donde emprendemos o emprendemos. Donde cada uno de nosotros tiene que [&hellip;]<\/p>\n","protected":false},"author":7,"featured_media":7869,"comment_status":"open","ping_status":"open","sticky":false,"template":"","format":"standard","meta":{"_acf_changed":false,"_eb_attr":"","footnotes":""},"categories":[54],"tags":[113],"class_list":["post-7866","post","type-post","status-publish","format-standard","has-post-thumbnail","hentry","category-estamos-unidos","tag-agosto-9-dia-de-los-pueblos-indigenas"],"acf":[],"aioseo_notices":[],"aioseo_head":"\n\t\t<!-- All in One SEO Pro 4.9.6.2 - aioseo.com -->\n\t<meta name=\"description\" content=\"Las remesas de migrantes guatemaltecos en EE.UU. juegan un papel crucial en la econom\u00eda de Guatemala.\" \/>\n\t<meta name=\"robots\" content=\"max-snippet:-1, max-image-preview:large, max-video-preview:-1\" \/>\n\t<meta name=\"author\" content=\"Gustavo Montenegro\"\/>\n\t<link rel=\"canonical\" href=\"https:\/\/soymigrante.com\/revista\/impacto-remesas-guatemala-desde-eeuu\/\" \/>\n\t<meta name=\"generator\" content=\"All in One SEO Pro (AIOSEO) 4.9.6.2\" \/>\n\n\t\t<link rel=\"preconnect\" href=\"https:\/\/fonts.googleapis.com\" crossorigin>\n<link rel=\"preconnect\" href=\"https:\/\/fonts.gstatic.com\" crossorigin>\n\t\t<meta property=\"og:locale\" content=\"es_ES\" \/>\n\t\t<meta property=\"og:site_name\" content=\"SoyMigrante.com REVISTA \u2013 Nuestra misi\u00f3n es reconocer y dignificar al migrante.\" \/>\n\t\t<meta property=\"og:type\" content=\"article\" \/>\n\t\t<meta property=\"og:title\" content=\"Migrantes guatemaltecos en EE.UU.: El poder econ\u00f3mico de las remesas\" \/>\n\t\t<meta property=\"og:description\" content=\"Las remesas de migrantes guatemaltecos en EE.UU. juegan un papel crucial en la econom\u00eda de Guatemala.\" \/>\n\t\t<meta property=\"og:url\" content=\"https:\/\/soymigrante.com\/revista\/impacto-remesas-guatemala-desde-eeuu\/\" \/>\n\t\t<meta property=\"og:image\" content=\"https:\/\/soymigrante.com\/revista\/wp-content\/uploads\/2023\/06\/Captura-de-pantalla-2023-06-28-124853-e1732033990885.webp\" \/>\n\t\t<meta property=\"og:image:secure_url\" content=\"https:\/\/soymigrante.com\/revista\/wp-content\/uploads\/2023\/06\/Captura-de-pantalla-2023-06-28-124853-e1732033990885.webp\" \/>\n\t\t<meta property=\"og:image:width\" content=\"890\" \/>\n\t\t<meta property=\"og:image:height\" content=\"890\" \/>\n\t\t<meta property=\"article:published_time\" content=\"2023-06-28T20:08:14+00:00\" \/>\n\t\t<meta property=\"article:modified_time\" content=\"2024-07-31T18:32:02+00:00\" \/>\n\t\t<meta property=\"article:publisher\" content=\"https:\/\/www.facebook.com\/soymigrantecom\" \/>\n\t\t<meta name=\"twitter:card\" content=\"summary_large_image\" \/>\n\t\t<meta name=\"twitter:site\" content=\"@SoyMigrante_com\" \/>\n\t\t<meta name=\"twitter:title\" content=\"Migrantes guatemaltecos en EE.UU.: El poder econ\u00f3mico de las remesas\" \/>\n\t\t<meta name=\"twitter:description\" content=\"Las remesas de migrantes guatemaltecos en EE.UU. juegan un papel crucial en la econom\u00eda de Guatemala.\" \/>\n\t\t<meta name=\"twitter:creator\" content=\"@SoyMigrante_com\" \/>\n\t\t<meta name=\"twitter:image\" content=\"https:\/\/soymigrante.com\/revista\/wp-content\/uploads\/2023\/06\/Captura-de-pantalla-2023-06-28-124853-e1732033990885.webp\" \/>\n\t\t<!-- All in One SEO Pro -->\r\n\t\t<title>Migrantes guatemaltecos en EE.UU.: El poder econ\u00f3mico de las remesas<\/title>\n\n","aioseo_head_json":{"title":"Migrantes guatemaltecos en EE.UU.: El poder econ\u00f3mico de las remesas","description":"Las remesas de migrantes guatemaltecos en EE.UU. juegan un papel crucial en la econom\u00eda de Guatemala.","canonical_url":"https:\/\/soymigrante.com\/revista\/impacto-remesas-guatemala-desde-eeuu\/","robots":"max-snippet:-1, max-image-preview:large, max-video-preview:-1","keywords":"","webmasterTools":{"miscellaneous":"&lt;link rel=\"preconnect\" href=\"https:\/\/fonts.googleapis.com\" crossorigin&gt;\n&lt;link rel=\"preconnect\" href=\"https:\/\/fonts.gstatic.com\" crossorigin&gt;"},"schema":null,"og:locale":"es_ES","og:site_name":"SoyMigrante.com REVISTA \u2013 Nuestra misi\u00f3n es reconocer y dignificar al migrante.","og:type":"article","og:title":"Migrantes guatemaltecos en EE.UU.: El poder econ\u00f3mico de las remesas","og:description":"Las remesas de migrantes guatemaltecos en EE.UU. juegan un papel crucial en la econom\u00eda de Guatemala.","og:url":"https:\/\/soymigrante.com\/revista\/impacto-remesas-guatemala-desde-eeuu\/","og:image":"https:\/\/soymigrante.com\/revista\/wp-content\/uploads\/2023\/06\/Captura-de-pantalla-2023-06-28-124853-e1732033990885.webp","og:image:secure_url":"https:\/\/soymigrante.com\/revista\/wp-content\/uploads\/2023\/06\/Captura-de-pantalla-2023-06-28-124853-e1732033990885.webp","og:image:width":890,"og:image:height":890,"article:published_time":"2023-06-28T20:08:14+00:00","article:modified_time":"2024-07-31T18:32:02+00:00","article:publisher":"https:\/\/www.facebook.com\/soymigrantecom","twitter:card":"summary_large_image","twitter:site":"@SoyMigrante_com","twitter:title":"Migrantes guatemaltecos en EE.UU.: El poder econ\u00f3mico de las remesas","twitter:description":"Las remesas de migrantes guatemaltecos en EE.UU. juegan un papel crucial en la econom\u00eda de Guatemala.","twitter:creator":"@SoyMigrante_com","twitter:image":"https:\/\/soymigrante.com\/revista\/wp-content\/uploads\/2023\/06\/Captura-de-pantalla-2023-06-28-124853-e1732033990885.webp"},"aioseo_meta_data":{"post_id":"7866","title":"Empresario digital Marcos Antil expone sobre desarrollo ind\u00edgena y migraci\u00f3n","description":"Migrante y empresario digital propone generar v\u00edas para integrar a migrantes guatemaltecos con emprendedores guatemaltecos para generar oportunidades locales","keywords":null,"keyphrases":{"focus":{"keyphrase":"Marcos Antil","score":82,"analysis":{"keyphraseInTitle":{"score":9,"maxScore":9,"error":0},"keyphraseInDescription":{"score":3,"maxScore":9,"error":1},"keyphraseLength":{"score":9,"maxScore":9,"error":0,"length":2},"keyphraseInURL":{"score":5,"maxScore":5,"error":0},"keyphraseInIntroduction":{"score":9,"maxScore":9,"error":0},"keyphraseInSubHeadings":{"score":3,"maxScore":9,"error":1},"keyphraseInImageAlt":{"score":9,"maxScore":9,"error":0},"keywordDensity":{"type":"best","score":9,"maxScore":9,"error":0}}},"additional":[{"keyphrase":"Migrante","score":100,"analysis":{"keyphraseInDescription":{"score":9,"maxScore":9,"error":0},"keyphraseLength":{"score":9,"maxScore":9,"error":0,"length":1},"keyphraseInIntroduction":{"score":9,"maxScore":9,"error":0},"keyphraseInImageAlt":{"score":9,"maxScore":9,"error":0},"keywordDensity":{"type":"best","score":9,"maxScore":9,"error":0}}},{"keyphrase":"Ind\u00edgenas","score":87,"analysis":{"keyphraseInDescription":{"score":3,"maxScore":9,"error":1},"keyphraseLength":{"score":9,"maxScore":9,"error":0,"length":2},"keyphraseInIntroduction":{"score":9,"maxScore":9,"error":0},"keyphraseInImageAlt":{"score":9,"maxScore":9,"error":0},"keywordDensity":{"type":"best","score":9,"maxScore":9,"error":0}}}]},"primary_term":null,"canonical_url":null,"og_title":null,"og_description":null,"og_object_type":"default","og_image_type":"default","og_image_url":null,"og_image_width":null,"og_image_height":null,"og_image_custom_url":null,"og_image_custom_fields":null,"og_video":"","og_custom_url":null,"og_article_section":null,"og_article_tags":null,"twitter_use_og":false,"twitter_card":"default","twitter_image_type":"default","twitter_image_url":null,"twitter_image_custom_url":null,"twitter_image_custom_fields":null,"twitter_title":null,"twitter_description":null,"schema":{"blockGraphs":[],"customGraphs":[],"default":{"data":{"Article":[],"Course":[],"Dataset":[],"FAQPage":[],"Movie":[],"Person":[],"Product":[],"ProductReview":[],"Car":[],"Recipe":[],"Service":[],"SoftwareApplication":[],"WebPage":[]},"graphName":"Article","isEnabled":true},"graphs":[]},"schema_type":"default","schema_type_options":null,"pillar_content":false,"robots_default":true,"robots_noindex":false,"robots_noarchive":false,"robots_nosnippet":false,"robots_nofollow":false,"robots_noimageindex":false,"robots_noodp":false,"robots_notranslate":false,"robots_max_snippet":"-1","robots_max_videopreview":"-1","robots_max_imagepreview":"large","priority":null,"frequency":"default","local_seo":null,"seo_analyzer_scan_date":"2025-10-08 22:27:47","breadcrumb_settings":null,"limit_modified_date":false,"reviewed_by":null,"open_ai":"{\"title\":{\"suggestions\":[],\"usage\":0},\"description\":{\"suggestions\":[],\"usage\":0}}","ai":null,"created":"2024-08-07 21:59:35","updated":"2026-02-04 12:33:22"},"aioseo_breadcrumb":"<div class=\"aioseo-breadcrumbs\"><span class=\"aioseo-breadcrumb\">\n\t<a href=\"https:\/\/soymigrante.com\/revista\" title=\"Home\">Home<\/a>\n<\/span><span class=\"aioseo-breadcrumb-separator\">\u00bb<\/span><span class=\"aioseo-breadcrumb\">\n\t<a href=\"https:\/\/soymigrante.com\/revista\/category\/estamos-unidos\/\" title=\"Estamos Unidos\">Estamos Unidos<\/a>\n<\/span><span class=\"aioseo-breadcrumb-separator\">\u00bb<\/span><span class=\"aioseo-breadcrumb\">\n\tEmprendedor tecnol\u00f3gico Marcos Antil expone sobre desarrollo ind\u00edgena y migraci\u00f3n\n<\/span><\/div>","aioseo_breadcrumb_json":[{"label":"Home","link":"https:\/\/soymigrante.com\/revista"},{"label":"Estamos Unidos","link":"https:\/\/soymigrante.com\/revista\/category\/estamos-unidos\/"},{"label":"Emprendedor tecnol\u00f3gico Marcos Antil expone sobre desarrollo ind\u00edgena y migraci\u00f3n","link":"https:\/\/soymigrante.com\/revista\/emprendedor-tecnologico-marcos-antil-expone-sobre-desarrollo-indigena-y-migracion\/"}],"_links":{"self":[{"href":"https:\/\/soymigrante.com\/revista\/wp-json\/wp\/v2\/posts\/7866","targetHints":{"allow":["GET"]}}],"collection":[{"href":"https:\/\/soymigrante.com\/revista\/wp-json\/wp\/v2\/posts"}],"about":[{"href":"https:\/\/soymigrante.com\/revista\/wp-json\/wp\/v2\/types\/post"}],"author":[{"embeddable":true,"href":"https:\/\/soymigrante.com\/revista\/wp-json\/wp\/v2\/users\/7"}],"replies":[{"embeddable":true,"href":"https:\/\/soymigrante.com\/revista\/wp-json\/wp\/v2\/comments?post=7866"}],"version-history":[{"count":0,"href":"https:\/\/soymigrante.com\/revista\/wp-json\/wp\/v2\/posts\/7866\/revisions"}],"wp:featuredmedia":[{"embeddable":true,"href":"https:\/\/soymigrante.com\/revista\/wp-json\/wp\/v2\/media\/7869"}],"wp:attachment":[{"href":"https:\/\/soymigrante.com\/revista\/wp-json\/wp\/v2\/media?parent=7866"}],"wp:term":[{"taxonomy":"category","embeddable":true,"href":"https:\/\/soymigrante.com\/revista\/wp-json\/wp\/v2\/categories?post=7866"},{"taxonomy":"post_tag","embeddable":true,"href":"https:\/\/soymigrante.com\/revista\/wp-json\/wp\/v2\/tags?post=7866"}],"curies":[{"name":"wp","href":"https:\/\/api.w.org\/{rel}","templated":true}]}}