{"id":7839,"date":"2024-08-06T18:05:50","date_gmt":"2024-08-07T00:05:50","guid":{"rendered":"https:\/\/soymigrante.com\/revista\/?p=7839"},"modified":"2024-11-01T06:31:12","modified_gmt":"2024-11-01T12:31:12","slug":"donde-el-fotografo-missael-sian-pone-el-ojo-pone-la-magia","status":"publish","type":"post","link":"https:\/\/soymigrante.com\/revista\/donde-el-fotografo-missael-sian-pone-el-ojo-pone-la-magia\/","title":{"rendered":"Donde pone el ojo, pone la magia: el fot\u00f3grafo guatemalteco Missael Sian"},"content":{"rendered":"\t\t<div data-elementor-type=\"wp-post\" data-elementor-id=\"7839\" class=\"elementor elementor-7839\" data-elementor-post-type=\"post\">\n\t\t\t\t<div data-particle_enable=\"false\" data-particle-mobile-disabled=\"false\" class=\"elementor-element elementor-element-2a662af e-flex e-con-boxed e-con e-parent\" data-id=\"2a662af\" data-element_type=\"container\" data-e-type=\"container\">\n\t\t\t\t\t<div class=\"e-con-inner\">\n\t\t\t\t<div class=\"elementor-element elementor-element-89ffc53 elementor-widget elementor-widget-heading\" data-id=\"89ffc53\" data-element_type=\"widget\" data-e-type=\"widget\" data-widget_type=\"heading.default\">\n\t\t\t\t\t<h2 class=\"elementor-heading-title elementor-size-default\"><span style=\"font-size: 31.2px\">Fot\u00f3grafo nacido en San Pedro Yepocapa, Chimaltenango inmortaliza eventos y rostros para la comunidad hispana y migrante en el \u00e1rea de Washington D.C.  Marcharse a USA casi le obliga a abandonar su gran sue\u00f1o. Esta es la historia de c\u00f3mo lo recuper\u00f3.<\/span><\/h2>\t\t\t\t<\/div>\n\t\t\t\t\t<\/div>\n\t\t\t\t<\/div>\n\t\t<div data-particle_enable=\"false\" data-particle-mobile-disabled=\"false\" class=\"elementor-element elementor-element-d0ea820 e-flex e-con-boxed e-con e-parent\" data-id=\"d0ea820\" data-element_type=\"container\" data-e-type=\"container\">\n\t\t\t\t\t<div class=\"e-con-inner\">\n\t\t\t\t<div class=\"elementor-element elementor-element-9b9a842 elementor-widget elementor-widget-text-editor\" data-id=\"9b9a842\" data-element_type=\"widget\" data-e-type=\"widget\" data-widget_type=\"text-editor.default\">\n\t\t\t\t\t\t\t\t\t<p>\u00c9rase una vez un muchacho llamado Missael, que naci\u00f3 en un pueblo llamado San Pedro Yepocapa, que significa &#8220;Valle de miel&#8221;, en las faldas del volc\u00e1n de Fuego: un objetivo fotogr\u00e1fico natural que \u00e9l captaba en amaneceres, atardeceres y fogonazos, con la c\u00e1mara de su celular. Missael so\u00f1aba con tener una c\u00e1mara profesional, pero la limitaci\u00f3n de recursos, usted sabe&#8230;<\/p><p>Se dedic\u00f3 a trabajar como alba\u00f1il, la \u00fanica labor disponible en su pueblo, pero no dejaba de tomar fotos con su celular. Ahorr\u00f3 y por fin un d\u00eda fue a comprar su primera Nikon (valga la publicidad porque al que escribe le gustan m\u00e1s las Canon. Gustos, gustos, las dos son buenas). La sac\u00f3 por cuotas. No fue f\u00e1cil ni corto pagarla, pero fue el inicio de un nuevo camino.<\/p>\t\t\t\t\t\t\t\t<\/div>\n\t\t\t\t\t<\/div>\n\t\t\t\t<\/div>\n\t\t<div data-particle_enable=\"false\" data-particle-mobile-disabled=\"false\" class=\"elementor-element elementor-element-35d63d7 e-flex e-con-boxed e-con e-parent\" data-id=\"35d63d7\" data-element_type=\"container\" data-e-type=\"container\">\n\t\t\t\t\t<div class=\"e-con-inner\">\n\t\t\t\t<div class=\"elementor-element elementor-element-668c345 elementor-widget elementor-widget-image\" data-id=\"668c345\" data-element_type=\"widget\" data-e-type=\"widget\" data-widget_type=\"image.default\">\n\t\t\t\t\t\t\t\t\t\t\t\t<figure class=\"wp-caption\">\n\t\t\t\t\t\t\t\t\t\t<img fetchpriority=\"high\" decoding=\"async\" width=\"768\" height=\"432\" src=\"https:\/\/soymigrante.com\/revista\/wp-content\/uploads\/2024\/08\/missael-sian-guatemala-1-1024x576.webp\" class=\"attachment-large size-large wp-image-7842\" alt=\"Explorador caminando en un volc\u00e1n al amanecer, ideal para art\u00edculos sobre turismo de aventura y naturaleza en Guatemala.\" srcset=\"https:\/\/soymigrante.com\/revista\/wp-content\/uploads\/2024\/08\/missael-sian-guatemala-1-1024x576.webp 1024w, https:\/\/soymigrante.com\/revista\/wp-content\/uploads\/2024\/08\/missael-sian-guatemala-1-300x169.webp 300w, https:\/\/soymigrante.com\/revista\/wp-content\/uploads\/2024\/08\/missael-sian-guatemala-1-768x432.webp 768w, https:\/\/soymigrante.com\/revista\/wp-content\/uploads\/2024\/08\/missael-sian-guatemala-1-1536x864.webp 1536w, https:\/\/soymigrante.com\/revista\/wp-content\/uploads\/2024\/08\/missael-sian-guatemala-1-scaled.webp 1920w, https:\/\/soymigrante.com\/revista\/wp-content\/uploads\/2024\/08\/missael-sian-guatemala-1-750x422.webp 750w, https:\/\/soymigrante.com\/revista\/wp-content\/uploads\/2024\/08\/missael-sian-guatemala-1-1140x641.webp 1140w\" sizes=\"(max-width: 768px) 100vw, 768px\" title=\"En 2017, Missael Sian adquiri\u00f3 por abonos su equipo fotogr\u00e1fico . Empez\u00f3 a cubrir eventos sociales, comunitarios y tambi\u00e9n a reflejar la belleza de Guatemala. (Fotograf\u00edas archivo Missael Sian) \u2013 SoyMigrante.com REVISTA\" \/>\t\t\t\t\t\t\t\t\t\t\t<figcaption class=\"widget-image-caption wp-caption-text\">Vista de un aventurero en un volc\u00e1n con paisaje de monta\u00f1as y amanecer en el fondo.<\/figcaption>\n\t\t\t\t\t\t\t\t\t\t<\/figure>\n\t\t\t\t\t\t\t\t\t<\/div>\n\t\t\t\t\t<\/div>\n\t\t\t\t<\/div>\n\t\t<div data-particle_enable=\"false\" data-particle-mobile-disabled=\"false\" class=\"elementor-element elementor-element-a389ced e-flex e-con-boxed e-con e-parent\" data-id=\"a389ced\" data-element_type=\"container\" data-e-type=\"container\">\n\t\t\t\t\t<div class=\"e-con-inner\">\n\t\t\t\t<div class=\"elementor-element elementor-element-b77bf78 elementor-widget elementor-widget-text-editor\" data-id=\"b77bf78\" data-element_type=\"widget\" data-e-type=\"widget\" data-widget_type=\"text-editor.default\">\n\t\t\t\t\t\t\t\t\t<p>&#8220;Empec\u00e9 a aprender todo sobre fotograf\u00eda, retoque de im\u00e1genes, video, edici\u00f3n de video en tutoriales de YouTube y aprend\u00ed sobre la marcha, cada vez me quedaban mejor, y compr\u00e9 m\u00e1s lentes y luces&#8221;, relata Missael.<\/p><p>Pero entonces vino la pandemia y todos los eventos se suspendieron. Se acab\u00f3 el trabajo no solo en 2020. Empez\u00f3 el 2021 sin mejores perspectivas, pero las necesidades y los pagos estaban all\u00ed puntuales.\u00a0<span style=\"color: var( --e-global-color-text ); text-align: var(--text-align);\">Missael tom\u00f3 la decisi\u00f3n de migrar a\u00a0 Estados Unidos. Lleg\u00f3 a Washington D.C.<\/span><\/p>\t\t\t\t\t\t\t\t<\/div>\n\t\t\t\t\t<\/div>\n\t\t\t\t<\/div>\n\t\t<div data-particle_enable=\"false\" data-particle-mobile-disabled=\"false\" class=\"elementor-element elementor-element-6c4e7ef e-flex e-con-boxed e-con e-parent\" data-id=\"6c4e7ef\" data-element_type=\"container\" data-e-type=\"container\">\n\t\t\t\t\t<div class=\"e-con-inner\">\n\t\t\t\t<div class=\"elementor-element elementor-element-296937c elementor-widget elementor-widget-image\" data-id=\"296937c\" data-element_type=\"widget\" data-e-type=\"widget\" data-widget_type=\"image.default\">\n\t\t\t\t\t\t\t\t\t\t\t\t<figure class=\"wp-caption\">\n\t\t\t\t\t\t\t\t\t\t\t<a href=\"https:\/\/www.facebook.com\/missaelsian\/\">\n\t\t\t\t\t\t\t<img decoding=\"async\" width=\"768\" height=\"958\" src=\"https:\/\/soymigrante.com\/revista\/wp-content\/uploads\/2024\/08\/Missael-Sian-premio-821x1024.webp\" class=\"attachment-large size-large wp-image-7846\" alt=\"Imagen de la portada de la revista SoyMigrante.com REVISTA destacando al joven fot\u00f3grafo Misael Sian en el evento de los Universal Awards New York 2024, con fondo de la ciudad de Nueva York y banderas.\" srcset=\"https:\/\/soymigrante.com\/revista\/wp-content\/uploads\/2024\/08\/Missael-Sian-premio-821x1024.webp 821w, https:\/\/soymigrante.com\/revista\/wp-content\/uploads\/2024\/08\/Missael-Sian-premio-241x300.webp 241w, https:\/\/soymigrante.com\/revista\/wp-content\/uploads\/2024\/08\/Missael-Sian-premio-768x958.webp 768w, https:\/\/soymigrante.com\/revista\/wp-content\/uploads\/2024\/08\/Missael-Sian-premio-1232x1536.webp 1232w, https:\/\/soymigrante.com\/revista\/wp-content\/uploads\/2024\/08\/Missael-Sian-premio-750x935.webp 750w, https:\/\/soymigrante.com\/revista\/wp-content\/uploads\/2024\/08\/Missael-Sian-premio-1140x1421.jpeg 1140w, https:\/\/soymigrante.com\/revista\/wp-content\/uploads\/2024\/08\/Missael-Sian-premio.webp 1244w\" sizes=\"(max-width: 768px) 100vw, 768px\" title=\"Missael Si\u00e1n recibir\u00e1 uno de los galardones de Universal Awards Nueva York 2024, evento organizado por el conferencista y motivador guatemalteco Juan Vald\u00e9z. \u2013 SoyMigrante.com REVISTA\" \/>\t\t\t\t\t\t\t\t<\/a>\n\t\t\t\t\t\t\t\t\t\t\t<figcaption class=\"widget-image-caption wp-caption-text\">Fot\u00f3grafo: Misael Sian, joven exitoso y brillante en el mundo de la fotograf\u00eda, asistiendo a un evento internacional en Nueva York, con detalles del evento y ubicaci\u00f3n en Stamford, Connecticut.<\/figcaption>\n\t\t\t\t\t\t\t\t\t\t<\/figure>\n\t\t\t\t\t\t\t\t\t<\/div>\n\t\t\t\t\t<\/div>\n\t\t\t\t<\/div>\n\t\t<div data-particle_enable=\"false\" data-particle-mobile-disabled=\"false\" class=\"elementor-element elementor-element-cc3b60a e-flex e-con-boxed e-con e-parent\" data-id=\"cc3b60a\" data-element_type=\"container\" data-e-type=\"container\">\n\t\t\t\t\t<div class=\"e-con-inner\">\n\t\t\t\t<div class=\"elementor-element elementor-element-766f8fc elementor-widget elementor-widget-heading\" data-id=\"766f8fc\" data-element_type=\"widget\" data-e-type=\"widget\" data-widget_type=\"heading.default\">\n\t\t\t\t\t<h3 class=\"elementor-heading-title elementor-size-default\">\"V\u00e9ndalo todo, mam\u00e1\" <\/h3>\t\t\t\t<\/div>\n\t\t\t\t\t<\/div>\n\t\t\t\t<\/div>\n\t\t<div data-particle_enable=\"false\" data-particle-mobile-disabled=\"false\" class=\"elementor-element elementor-element-018d126 e-flex e-con-boxed e-con e-parent\" data-id=\"018d126\" data-element_type=\"container\" data-e-type=\"container\">\n\t\t\t\t\t<div class=\"e-con-inner\">\n\t\t\t\t<div class=\"elementor-element elementor-element-a73553c elementor-widget elementor-widget-text-editor\" data-id=\"a73553c\" data-element_type=\"widget\" data-e-type=\"widget\" data-widget_type=\"text-editor.default\">\n\t\t\t\t\t\t\t\t\t<p><span style=\"color: var( --e-global-color-text ); text-align: var(--text-align);\">&#8220;Me habr\u00eda gustado llegar a trabajar en fotogaf\u00eda a a Estados Unidos, pero me fui sin nada. No pod\u00eda llevarme nada. Todo se qued\u00f3 guardado en mi casa. No sab\u00eda ingl\u00e9s, solo sab\u00eda de construcci\u00f3n, gracias a que ya hab\u00eda trabajado de alba\u00f1il en Yepocapa.\u00a0 As\u00ed que empec\u00e9 a trabajar en construcci\u00f3n. No pod\u00eda mandar dinero porque primero hab\u00eda que pagar la deuda del viaje. Y la situaci\u00f3n econ\u00f3mica segu\u00eda cr\u00edtica all\u00e1 en Yepocapa&#8221;, cuenta.<\/span><\/p><p>&#8220;Un d\u00eda que habl\u00e9 con mi mam\u00e1 le dije: &#8216;Venda el equipo, v\u00e9ndalo todo mam\u00e1, para que se ayuden. Yo no puedo mandar nada, pero eso est\u00e1 all\u00ed y de todos modos ya no va a servir'&#8221;, relata el joven migrante guatemalteco.\u00a0<\/p><p>Estaba sacrificando su sue\u00f1o por amor a su familia. Pero para ayudarlos hab\u00eda emigrado. As\u00ed que sigui\u00f3 trabajando en construcci\u00f3n.<\/p><p>\u00a0<\/p>\t\t\t\t\t\t\t\t<\/div>\n\t\t\t\t\t<\/div>\n\t\t\t\t<\/div>\n\t\t<div data-particle_enable=\"false\" data-particle-mobile-disabled=\"false\" class=\"elementor-element elementor-element-773b838 e-flex e-con-boxed e-con e-parent\" data-id=\"773b838\" data-element_type=\"container\" data-e-type=\"container\">\n\t\t\t\t\t<div class=\"e-con-inner\">\n\t\t\t\t<div class=\"elementor-element elementor-element-575be89 elementor-widget elementor-widget-heading\" data-id=\"575be89\" data-element_type=\"widget\" data-e-type=\"widget\" data-widget_type=\"heading.default\">\n\t\t\t\t\t<h4 class=\"elementor-heading-title elementor-size-default\">\u00bfVerdad que tienen magia las fotos de Missael Si\u00e1n?<\/h4>\t\t\t\t<\/div>\n\t\t\t\t\t<\/div>\n\t\t\t\t<\/div>\n\t\t<div data-particle_enable=\"false\" data-particle-mobile-disabled=\"false\" class=\"elementor-element elementor-element-d5835b3 e-flex e-con-boxed e-con e-parent\" data-id=\"d5835b3\" data-element_type=\"container\" data-e-type=\"container\">\n\t\t\t\t\t<div class=\"e-con-inner\">\n\t\t\t\t<div class=\"elementor-element elementor-element-cae3cbe elementor-arrows-position-inside elementor-pagination-position-outside elementor-widget elementor-widget-image-carousel\" data-id=\"cae3cbe\" data-element_type=\"widget\" data-e-type=\"widget\" data-settings=\"{&quot;slides_to_show&quot;:&quot;1&quot;,&quot;navigation&quot;:&quot;both&quot;,&quot;autoplay&quot;:&quot;yes&quot;,&quot;pause_on_hover&quot;:&quot;yes&quot;,&quot;pause_on_interaction&quot;:&quot;yes&quot;,&quot;autoplay_speed&quot;:5000,&quot;infinite&quot;:&quot;yes&quot;,&quot;effect&quot;:&quot;slide&quot;,&quot;speed&quot;:500}\" data-widget_type=\"image-carousel.default\">\n\t\t\t\t\t\t\t<div class=\"elementor-image-carousel-wrapper swiper\" role=\"region\" aria-roledescription=\"carousel\" aria-label=\"Carrusel de im\u00e1genes\" dir=\"ltr\">\n\t\t\t<div class=\"elementor-image-carousel swiper-wrapper\" aria-live=\"off\">\n\t\t\t\t\t\t\t\t<div class=\"swiper-slide\" role=\"group\" aria-roledescription=\"slide\" aria-label=\"1 de 4\"><figure class=\"swiper-slide-inner\"><img decoding=\"async\" class=\"swiper-slide-image\" src=\"https:\/\/soymigrante.com\/revista\/wp-content\/uploads\/2024\/08\/missael-sian-fotos-3-1024x572.webp\" alt=\"Boda tradicional en M\u00e9xico, mujer con vestido de novia elegante y ramo de flores, en lugar hist\u00f3rico con arquitectura cl\u00e1sica.\" \/><\/figure><\/div><div class=\"swiper-slide\" role=\"group\" aria-roledescription=\"slide\" aria-label=\"2 de 4\"><figure class=\"swiper-slide-inner\"><img decoding=\"async\" class=\"swiper-slide-image\" src=\"https:\/\/soymigrante.com\/revista\/wp-content\/uploads\/2024\/08\/missael-sian-fotos-5-1024x682.webp\" alt=\"Elegante mujer en vestido de noche con abrigo largo y corona, posando al atardecer en un lugar emblem\u00e1tico, reflejando cultura, moda y celebraci\u00f3n.\" \/><\/figure><\/div><div class=\"swiper-slide\" role=\"group\" aria-roledescription=\"slide\" aria-label=\"3 de 4\"><figure class=\"swiper-slide-inner\"><img decoding=\"async\" class=\"swiper-slide-image\" src=\"https:\/\/soymigrante.com\/revista\/wp-content\/uploads\/2024\/08\/missael-sian-fotos-1-1024x549.webp\" alt=\"Retrato de una mujer vestida con un vestido de novia de estilo rom\u00e1ntico, sosteniendo un ramo de flores, frente a un castillo antiguo en un atardecer oscuro, en un entorno de fantas\u00eda y cuento de hadas.\" \/><\/figure><\/div><div class=\"swiper-slide\" role=\"group\" aria-roledescription=\"slide\" aria-label=\"4 de 4\"><figure class=\"swiper-slide-inner\"><img decoding=\"async\" class=\"swiper-slide-image\" src=\"https:\/\/soymigrante.com\/revista\/wp-content\/uploads\/2024\/08\/missael-sian-fotos-2-1024x682.webp\" alt=\"Vestido de fiesta largo y elegante con fondo de jard\u00edn y cielo nublado, ideal para eventos y ocasiones especiales en M\u00e9xico y Am\u00e9rica Latina.\" \/><\/figure><\/div>\t\t\t<\/div>\n\t\t\t\t\t\t\t\t\t\t\t\t<div class=\"elementor-swiper-button elementor-swiper-button-prev\" role=\"button\" tabindex=\"0\">\n\t\t\t\t\t\t<i aria-hidden=\"true\" class=\"eicon-chevron-left\"><\/i>\t\t\t\t\t<\/div>\n\t\t\t\t\t<div class=\"elementor-swiper-button elementor-swiper-button-next\" role=\"button\" tabindex=\"0\">\n\t\t\t\t\t\t<i aria-hidden=\"true\" class=\"eicon-chevron-right\"><\/i>\t\t\t\t\t<\/div>\n\t\t\t\t\n\t\t\t\t\t\t\t\t\t<div class=\"swiper-pagination\"><\/div>\n\t\t\t\t\t\t\t\t\t<\/div>\n\t\t\t\t\t\t<\/div>\n\t\t\t\t\t<\/div>\n\t\t\t\t<\/div>\n\t\t<div data-particle_enable=\"false\" data-particle-mobile-disabled=\"false\" class=\"elementor-element elementor-element-987cd30 e-flex e-con-boxed e-con e-parent\" data-id=\"987cd30\" data-element_type=\"container\" data-e-type=\"container\">\n\t\t\t\t\t<div class=\"e-con-inner\">\n\t\t\t\t<div class=\"elementor-element elementor-element-f8f9d57 elementor-widget elementor-widget-heading\" data-id=\"f8f9d57\" data-element_type=\"widget\" data-e-type=\"widget\" data-widget_type=\"heading.default\">\n\t\t\t\t\t<h3 class=\"elementor-heading-title elementor-size-default\">Un salto en el tiempo<\/h3>\t\t\t\t<\/div>\n\t\t\t\t\t<\/div>\n\t\t\t\t<\/div>\n\t\t<div data-particle_enable=\"false\" data-particle-mobile-disabled=\"false\" class=\"elementor-element elementor-element-bbdad99 e-flex e-con-boxed e-con e-parent\" data-id=\"bbdad99\" data-element_type=\"container\" data-e-type=\"container\">\n\t\t\t\t\t<div class=\"e-con-inner\">\n\t\t\t\t<div class=\"elementor-element elementor-element-639a8aa elementor-widget elementor-widget-text-editor\" data-id=\"639a8aa\" data-element_type=\"widget\" data-e-type=\"widget\" data-widget_type=\"text-editor.default\">\n\t\t\t\t\t\t\t\t\t<p><span style=\"color: var( --e-global-color-text ); text-align: var(--text-align);\">Han pasado tres a\u00f1os y medio desde aquella situaci\u00f3n. El pr\u00f3ximo 11 de agosto, Missael ser\u00e1 reconocido por su talento fotogr\u00e1fico en los premios Universal Awards de Nueva York, organizados por el tambi\u00e9n chap\u00edn <a href=\"https:\/\/soymigrante.com\/revista\/guatemalteco-juan-valdez-impulsa-talento-migrante-estados-unidos\/\">Juan Valdez, conferencista, motivador y escritor, cuyo af\u00e1n es destacar esos perfiles de \u00e9xito.<\/a><\/span><\/p><p><span style=\"color: var( --e-global-color-text ); text-align: var(--text-align);\">En febrero de 2024 fue galardonado tambi\u00e9n por su trabajo fotogr\u00e1fico en la gala Golden Latino Award, en Virginia.<\/span><\/p><p>S\u00ed: Missael se dedica hoy de tiempo completo a la fotograf\u00eda y producci\u00f3n de video, desde celebraciones familiares, as\u00ed como retratos, cobertura de eventos sociales y comerciales. \u00bfC\u00f3mo sucedi\u00f3 esto?<\/p>\t\t\t\t\t\t\t\t<\/div>\n\t\t\t\t\t<\/div>\n\t\t\t\t<\/div>\n\t\t<div data-particle_enable=\"false\" data-particle-mobile-disabled=\"false\" class=\"elementor-element elementor-element-5d0fe45 e-flex e-con-boxed e-con e-parent\" data-id=\"5d0fe45\" data-element_type=\"container\" data-e-type=\"container\">\n\t\t\t\t\t<div class=\"e-con-inner\">\n\t\t\t\t<div class=\"elementor-element elementor-element-8377c19 elementor-widget elementor-widget-image\" data-id=\"8377c19\" data-element_type=\"widget\" data-e-type=\"widget\" data-widget_type=\"image.default\">\n\t\t\t\t\t\t\t\t\t\t\t\t<figure class=\"wp-caption\">\n\t\t\t\t\t\t\t\t\t\t<img decoding=\"async\" width=\"768\" height=\"513\" src=\"https:\/\/soymigrante.com\/revista\/wp-content\/uploads\/2024\/08\/golden-latino-award-1024x684.webp\" class=\"attachment-large size-large wp-image-7853\" alt=\"Premio otorgado a un joven en un evento formal con varias personas en el fondo, vestido con traje azul y corbata, sosteniendo un trofeo dorado en una gala o ceremonia de premiaci\u00f3n.\" srcset=\"https:\/\/soymigrante.com\/revista\/wp-content\/uploads\/2024\/08\/golden-latino-award-1024x684.webp 1024w, https:\/\/soymigrante.com\/revista\/wp-content\/uploads\/2024\/08\/golden-latino-award-300x200.webp 300w, https:\/\/soymigrante.com\/revista\/wp-content\/uploads\/2024\/08\/golden-latino-award-768x513.webp 768w, https:\/\/soymigrante.com\/revista\/wp-content\/uploads\/2024\/08\/golden-latino-award-1536x1025.webp 1536w, https:\/\/soymigrante.com\/revista\/wp-content\/uploads\/2024\/08\/golden-latino-award-750x501.webp 750w, https:\/\/soymigrante.com\/revista\/wp-content\/uploads\/2024\/08\/golden-latino-award-1140x761.webp 1140w, https:\/\/soymigrante.com\/revista\/wp-content\/uploads\/2024\/08\/golden-latino-award.webp 1920w\" sizes=\"(max-width: 768px) 100vw, 768px\" title=\"Missael Sian exhibe el trofeo que recibi\u00f3 en febrero de 2024 por su trabajo fotogr\u00e1fico, otorgado por Latino Golden Awards, en Virginia. (Fotograf\u00eda cortes\u00eda Missael Sian) \u2013 SoyMigrante.com REVISTA\" \/>\t\t\t\t\t\t\t\t\t\t\t<figcaption class=\"widget-image-caption wp-caption-text\">Joven ganador en ceremonia de premiaci\u00f3n con trofeo, en evento formal con asistentes elegantemente vestidos, celebraci\u00f3n del \u00e9xito, reconocimiento a logros profesionales, ambiente de gala.<\/figcaption>\n\t\t\t\t\t\t\t\t\t\t<\/figure>\n\t\t\t\t\t\t\t\t\t<\/div>\n\t\t\t\t\t<\/div>\n\t\t\t\t<\/div>\n\t\t<div data-particle_enable=\"false\" data-particle-mobile-disabled=\"false\" class=\"elementor-element elementor-element-b51e248 e-flex e-con-boxed e-con e-parent\" data-id=\"b51e248\" data-element_type=\"container\" data-e-type=\"container\">\n\t\t\t\t\t<div class=\"e-con-inner\">\n\t\t\t\t<div class=\"elementor-element elementor-element-81d97b2 elementor-widget elementor-widget-heading\" data-id=\"81d97b2\" data-element_type=\"widget\" data-e-type=\"widget\" data-widget_type=\"heading.default\">\n\t\t\t\t\t<h3 class=\"elementor-heading-title elementor-size-default\">As\u00ed reanud\u00f3 Missael su camino fotogr\u00e1fico<\/h3>\t\t\t\t<\/div>\n\t\t\t\t\t<\/div>\n\t\t\t\t<\/div>\n\t\t<div data-particle_enable=\"false\" data-particle-mobile-disabled=\"false\" class=\"elementor-element elementor-element-6845fd9 e-flex e-con-boxed e-con e-parent\" data-id=\"6845fd9\" data-element_type=\"container\" data-e-type=\"container\">\n\t\t\t\t\t<div class=\"e-con-inner\">\n\t\t\t\t<div class=\"elementor-element elementor-element-1ff682a elementor-widget elementor-widget-text-editor\" data-id=\"1ff682a\" data-element_type=\"widget\" data-e-type=\"widget\" data-widget_type=\"text-editor.default\">\n\t\t\t\t\t\t\t\t\t<p><span style=\"color: var( --e-global-color-text ); text-align: var(--text-align);\">&#8220;Una noche, en Washington, me lleg\u00f3 a buscar una persona&#8221;, cuenta Missael Sian. fue a finales de 2021.\u00a0<br \/><\/span><span style=\"color: var( --e-global-color-text ); text-align: var(--text-align);\">-Missael, me dijeron que usted tiene experiencia en eventos o en fotograf\u00eda.\u00a0<br \/><\/span><span style=\"color: var( --e-global-color-text ); text-align: var(--text-align);\">Le mostr\u00e9 mi material. La persona me queda viendo y me dice:<br \/><\/span><span style=\"color: var( --e-global-color-text ); text-align: var(--text-align);\">-\u00bfY usted en qu\u00e9 est\u00e1 trabajando?\u00a0<br \/><\/span><span style=\"color: var( --e-global-color-text ); text-align: var(--text-align);\">-Yo ac\u00e1 estoy trabajando en construcci\u00f3n. <br \/>Y me dice, recuerdo bien sus palabras:<\/span><\/p><p><i>-&#8220;\u00bfQu\u00e9 hace usted en construcci\u00f3n teniendo este talento? Mire sus fotograf\u00edas \u00a1que chulada! No hombre, con lo que usted hace con una c\u00e1mara, v\u00e9ngase a trabajar. Yo necesito apoyo de alguien que apoye con luces en eventos. Con esa habilidad, puede ganar m\u00e1s que en construcci\u00f3n, usted tiene talento&#8230; luche por \u00e9l&#8221;.<\/i><\/p><div>\u00a0<span style=\"text-align: var(--text-align);\">Pero en aquel momento, Missael no ten\u00eda ning\u00fan equipo. Apenas estaba sobreviviendo. Empez\u00f3 a apoyar a la persona en eventos, pero quer\u00eda volver a tener su equipo fotogr\u00e1fico.<\/span><br \/><span style=\"color: var( --e-global-color-text ); text-align: var(--text-align);\">&#8220;Un cuerpo de c\u00e1mara val\u00eda 3 mil o 4 mil d\u00f3lares, m\u00e1s los lentes, m\u00e1s las luces&#8221;.<\/span><\/div><div>As\u00ed que busc\u00f3 un segundo empleo.<br \/>&#8220;Madrugaba y de 7 a 5 trabajaba fuerte en construcci\u00f3n; despu\u00e9s iba a hacer limpieza en estadios de Maryland y Washington. Entraba a las 10, despu\u00e9s de los partidos y terminaba a las 2 de la ma\u00f1ana. Me dorm\u00eda a las 3 y a las 6 estaba listo otra vez para la construcci\u00f3n. Era bien pesado y solo aguant\u00e9 pocos meses. Pero compr\u00e9 mi primer c\u00e1mara&#8221;, relata.<\/div><div>\u00a0<\/div><div>\u00a0<\/div>\t\t\t\t\t\t\t\t<\/div>\n\t\t\t\t\t<\/div>\n\t\t\t\t<\/div>\n\t\t<div data-particle_enable=\"false\" data-particle-mobile-disabled=\"false\" class=\"elementor-element elementor-element-6a80d48 e-flex e-con-boxed e-con e-parent\" data-id=\"6a80d48\" data-element_type=\"container\" data-e-type=\"container\">\n\t\t\t\t\t<div class=\"e-con-inner\">\n\t\t\t\t<div class=\"elementor-element elementor-element-3a7f36a elementor-widget elementor-widget-image\" data-id=\"3a7f36a\" data-element_type=\"widget\" data-e-type=\"widget\" data-widget_type=\"image.default\">\n\t\t\t\t\t\t\t\t\t\t\t\t<figure class=\"wp-caption\">\n\t\t\t\t\t\t\t\t\t\t<img loading=\"lazy\" decoding=\"async\" width=\"768\" height=\"513\" src=\"https:\/\/soymigrante.com\/revista\/wp-content\/uploads\/2024\/08\/369902030_6461676937249422_4567583652900126102_n-1024x684.jpg\" class=\"attachment-large size-large wp-image-7854\" alt=\"Viajero en Nueva York con puente y ciudad de fondo, promoviendo historias de migrantes y cultura en SoyMigrante.com REVISTA.\" srcset=\"https:\/\/soymigrante.com\/revista\/wp-content\/uploads\/2024\/08\/369902030_6461676937249422_4567583652900126102_n-1024x684.jpg 1024w, https:\/\/soymigrante.com\/revista\/wp-content\/uploads\/2024\/08\/369902030_6461676937249422_4567583652900126102_n-300x200.webp 300w, https:\/\/soymigrante.com\/revista\/wp-content\/uploads\/2024\/08\/369902030_6461676937249422_4567583652900126102_n-768x513.jpg 768w, https:\/\/soymigrante.com\/revista\/wp-content\/uploads\/2024\/08\/369902030_6461676937249422_4567583652900126102_n-1536x1025.jpg 1536w, https:\/\/soymigrante.com\/revista\/wp-content\/uploads\/2024\/08\/369902030_6461676937249422_4567583652900126102_n-750x501.webp 750w, https:\/\/soymigrante.com\/revista\/wp-content\/uploads\/2024\/08\/369902030_6461676937249422_4567583652900126102_n-1140x761.jpg 1140w, https:\/\/soymigrante.com\/revista\/wp-content\/uploads\/2024\/08\/369902030_6461676937249422_4567583652900126102_n.webp 1920w\" sizes=\"(max-width: 768px) 100vw, 768px\" title=\"El m\u00e1s grande sue\u00f1o de Missael en la actualidad es poder crear una empresa de eventos, con cobertura de fotograf\u00eda y video total, en su natal Guatemala. &quot;Es bonito Estados Unidos, pero no hay nada como la tierra de uno&quot;, dice. (Fotograf\u00eda cortes\u00eda Missael Sian) \u2013 SoyMigrante.com REVISTA\" \/>\t\t\t\t\t\t\t\t\t\t\t<figcaption class=\"widget-image-caption wp-caption-text\">Joven extranjero disfrutando en Nueva York, resaltando la experiencia migrante y el esp\u00edritu de libertad, en la cobertura de SoyMigrante.com REVISTA.<\/figcaption>\n\t\t\t\t\t\t\t\t\t\t<\/figure>\n\t\t\t\t\t\t\t\t\t<\/div>\n\t\t\t\t\t<\/div>\n\t\t\t\t<\/div>\n\t\t<div data-particle_enable=\"false\" data-particle-mobile-disabled=\"false\" class=\"elementor-element elementor-element-6dcaa61 e-flex e-con-boxed e-con e-parent\" data-id=\"6dcaa61\" data-element_type=\"container\" data-e-type=\"container\">\n\t\t\t\t\t<div class=\"e-con-inner\">\n\t\t\t\t<div class=\"elementor-element elementor-element-ec81359 elementor-widget elementor-widget-heading\" data-id=\"ec81359\" data-element_type=\"widget\" data-e-type=\"widget\" data-widget_type=\"heading.default\">\n\t\t\t\t\t<h3 class=\"elementor-heading-title elementor-size-default\">Nuevos aprendizajes y nuevos objetivos fotogr\u00e1ficos<\/h3>\t\t\t\t<\/div>\n\t\t\t\t\t<\/div>\n\t\t\t\t<\/div>\n\t\t<div data-particle_enable=\"false\" data-particle-mobile-disabled=\"false\" class=\"elementor-element elementor-element-56f9ebb e-flex e-con-boxed e-con e-parent\" data-id=\"56f9ebb\" data-element_type=\"container\" data-e-type=\"container\">\n\t\t\t\t\t<div class=\"e-con-inner\">\n\t\t\t\t<div class=\"elementor-element elementor-element-0a66bea elementor-widget elementor-widget-text-editor\" data-id=\"0a66bea\" data-element_type=\"widget\" data-e-type=\"widget\" data-widget_type=\"text-editor.default\">\n\t\t\t\t\t\t\t\t\t<p><span style=\"color: var( --e-global-color-text ); text-align: var(--text-align);\">&#8220;Las fiestas en Estados Unidos tienen sus caracter\u00edsticas: est\u00e1 el baile sorpresa o la hora loca, que son momentos que la gente quiere registrar en fotos y video. Pero yo no sab\u00eda qu\u00e9 era aquello. Fui observando y aprendiendo, platicando con los clientes.<\/span><\/p><p>All\u00e1 en Guatemala, yo hac\u00eda videos con una sola c\u00e1mara. Aqu\u00ed en USA hay que tener 3 o 4 c\u00e1maras instaladas, de distintos \u00e1ngulos.<\/p><p>Me ayudaron amigos fot\u00f3grafos, que me dieron consejos y a veces me recomendaban. Yo les\u00a0 trabajaba gratis, sosteniendo luces, acarreando equipo, controlando una c\u00e1mara&#8230; porque estaba aprendiendo. No importaba que no me pagaran, me pasaba el fin de semana trabajando y aprendiendo&#8221;<\/p>\t\t\t\t\t\t\t\t<\/div>\n\t\t\t\t\t<\/div>\n\t\t\t\t<\/div>\n\t\t<div data-particle_enable=\"false\" data-particle-mobile-disabled=\"false\" class=\"elementor-element elementor-element-dd499c2 e-flex e-con-boxed e-con e-parent\" data-id=\"dd499c2\" data-element_type=\"container\" data-e-type=\"container\">\n\t\t\t\t\t<div class=\"e-con-inner\">\n\t\t\t\t<div class=\"elementor-element elementor-element-f3f1e1d elementor-widget elementor-widget-image\" data-id=\"f3f1e1d\" data-element_type=\"widget\" data-e-type=\"widget\" data-widget_type=\"image.default\">\n\t\t\t\t\t\t\t\t\t\t\t\t<figure class=\"wp-caption\">\n\t\t\t\t\t\t\t\t\t\t<img loading=\"lazy\" decoding=\"async\" width=\"768\" height=\"512\" src=\"https:\/\/soymigrante.com\/revista\/wp-content\/uploads\/2024\/08\/448549267_7626855684064869_3237496330440806827_n-1024x682.webp\" class=\"attachment-large size-large wp-image-7855\" alt=\"Fan\u00e1tico con camiseta de la selecci\u00f3n de Guatemala en evento deportivo internacional en Estados Unidos. Celebraci\u00f3n de la cultura y el orgullo migrante en una concentraci\u00f3n masiva.\" srcset=\"https:\/\/soymigrante.com\/revista\/wp-content\/uploads\/2024\/08\/448549267_7626855684064869_3237496330440806827_n-1024x682.webp 1024w, https:\/\/soymigrante.com\/revista\/wp-content\/uploads\/2024\/08\/448549267_7626855684064869_3237496330440806827_n-300x200.webp 300w, https:\/\/soymigrante.com\/revista\/wp-content\/uploads\/2024\/08\/448549267_7626855684064869_3237496330440806827_n-768x511.webp 768w, https:\/\/soymigrante.com\/revista\/wp-content\/uploads\/2024\/08\/448549267_7626855684064869_3237496330440806827_n-1536x1022.webp 1536w, https:\/\/soymigrante.com\/revista\/wp-content\/uploads\/2024\/08\/448549267_7626855684064869_3237496330440806827_n-750x499.webp 750w, https:\/\/soymigrante.com\/revista\/wp-content\/uploads\/2024\/08\/448549267_7626855684064869_3237496330440806827_n-1140x759.webp 1140w, https:\/\/soymigrante.com\/revista\/wp-content\/uploads\/2024\/08\/448549267_7626855684064869_3237496330440806827_n.webp 1920w\" sizes=\"(max-width: 768px) 100vw, 768px\" title=\"Curiosamente ha ido a alg\u00fan estadio en donde alguna vez trabaj\u00f3 en limpieza como segundo empleo para poder comprar su primera c\u00e1mara en EE.UU. (Fotograf\u00eda cortes\u00eda Missael Sian) \u2013 SoyMigrante.com REVISTA\" \/>\t\t\t\t\t\t\t\t\t\t\t<figcaption class=\"widget-image-caption wp-caption-text\">Celebrando el orgullo y la cultura guatemalteca en evento deportivo internacional con fan\u00e1ticos en Estados Unidos. La comunidad migrante expresa su apoyo y pasi\u00f3n por su pa\u00eds.<\/figcaption>\n\t\t\t\t\t\t\t\t\t\t<\/figure>\n\t\t\t\t\t\t\t\t\t<\/div>\n\t\t\t\t\t<\/div>\n\t\t\t\t<\/div>\n\t\t<div data-particle_enable=\"false\" data-particle-mobile-disabled=\"false\" class=\"elementor-element elementor-element-212ffce e-flex e-con-boxed e-con e-parent\" data-id=\"212ffce\" data-element_type=\"container\" data-e-type=\"container\">\n\t\t\t\t\t<div class=\"e-con-inner\">\n\t\t\t\t<div class=\"elementor-element elementor-element-57df6ec elementor-widget elementor-widget-heading\" data-id=\"57df6ec\" data-element_type=\"widget\" data-e-type=\"widget\" data-widget_type=\"heading.default\">\n\t\t\t\t\t<h3 class=\"elementor-heading-title elementor-size-default\">El gran sue\u00f1o guatemalteco de Missael Sian<\/h3>\t\t\t\t<\/div>\n\t\t\t\t\t<\/div>\n\t\t\t\t<\/div>\n\t\t<div data-particle_enable=\"false\" data-particle-mobile-disabled=\"false\" class=\"elementor-element elementor-element-e939c56 e-flex e-con-boxed e-con e-parent\" data-id=\"e939c56\" data-element_type=\"container\" data-e-type=\"container\">\n\t\t\t\t\t<div class=\"e-con-inner\">\n\t\t\t\t<div class=\"elementor-element elementor-element-2a191f9 elementor-widget elementor-widget-text-editor\" data-id=\"2a191f9\" data-element_type=\"widget\" data-e-type=\"widget\" data-widget_type=\"text-editor.default\">\n\t\t\t\t\t\t\t\t\t<p><span style=\"color: var( --e-global-color-text ); text-align: var(--text-align);\">&#8220;Una de las cosas que a m\u00ed me motiva bastante, me llena de felicidad es el que mi mam\u00e1, mi se sienta orgulloso de m\u00ed, de lo que yo estoy haciendo, de lo que estoy logrando&#8221;, dice el joven fot\u00f3grafo. A principios de este a\u00f1o fue premiado como fot\u00f3grafo del a\u00f1o en Virginia. En su casa de Yepocapa, imprimieron la fotograf\u00eda y la colocaron en un cuadro grande en la sala.<\/span><\/p><p>\u00bfCu\u00e1l es el gran secreto de sus fotos? &#8220;Estar atento a la familia, a las emociones. El baile del pap\u00e1 con la quincea\u00f1era, el momento en que la fiesta est\u00e1 de lo mejor, algo inesperado, las risas&#8230; cada fiesta es \u00fanica y hay que descubrir eso \u00fanico&#8221;.<\/p><h4>\u00bfY cu\u00e1l es tu gran sue\u00f1o?<\/h4><p>&#8220;Tener mi propio sal\u00f3n de eventos, hacer fotograf\u00eda, hacer video, crear eventos fant\u00e1sticos all\u00e1 en Guatemala. Ser un fot\u00f3grafo profesional de eventos.. porque la vida es bonita la vida ac\u00e1 en EE.UU., pero es mucho mejor all\u00e1 en Guatemala.<\/p><p>Y al escuchar toda esta historia, estamos seguros de que Missael lo lograr\u00e1.<\/p><div>\u00a0<\/div>\t\t\t\t\t\t\t\t<\/div>\n\t\t\t\t\t<\/div>\n\t\t\t\t<\/div>\n\t\t<div data-particle_enable=\"false\" data-particle-mobile-disabled=\"false\" class=\"elementor-element elementor-element-a8bc86d e-flex e-con-boxed e-con e-parent\" data-id=\"a8bc86d\" data-element_type=\"container\" data-e-type=\"container\">\n\t\t\t\t\t<div class=\"e-con-inner\">\n\t\t\t\t<div class=\"elementor-element elementor-element-a8f30a0 elementor-widget elementor-widget-image\" data-id=\"a8f30a0\" data-element_type=\"widget\" data-e-type=\"widget\" data-widget_type=\"image.default\">\n\t\t\t\t\t\t\t\t\t\t\t\t<figure class=\"wp-caption\">\n\t\t\t\t\t\t\t\t\t\t<img loading=\"lazy\" decoding=\"async\" width=\"768\" height=\"601\" src=\"https:\/\/soymigrante.com\/revista\/wp-content\/uploads\/2024\/08\/missael-sian.webp\" class=\"attachment-large size-large wp-image-7859\" alt=\"Camera profesional y equipo de grabaci\u00f3n en una sesi\u00f3n de creaci\u00f3n de contenido para revista SoyMigrante.com REVISTA, enfocado en migrantes y comunidad latina.\" srcset=\"https:\/\/soymigrante.com\/revista\/wp-content\/uploads\/2024\/08\/missael-sian.webp 990w, https:\/\/soymigrante.com\/revista\/wp-content\/uploads\/2024\/08\/missael-sian-300x235.webp 300w, https:\/\/soymigrante.com\/revista\/wp-content\/uploads\/2024\/08\/missael-sian-768x601.webp 768w, https:\/\/soymigrante.com\/revista\/wp-content\/uploads\/2024\/08\/missael-sian-750x587.webp 750w\" sizes=\"(max-width: 768px) 100vw, 768px\" title=\"El nombre de Missael Sian es sin\u00f3nimo de creatividad, originalidad y emoci\u00f3n en cada trabajo de fotograf\u00eda y video.  &quot;Cada fiesta es \u00fanica y hay que estar atento a la emoci\u00f3n de los familiares para captar el momento exacto&quot;, expresa. \u2013 SoyMigrante.com REVISTA\" \/>\t\t\t\t\t\t\t\t\t\t\t<figcaption class=\"widget-image-caption wp-caption-text\">Fotograf\u00eda de un joven creador de contenido tomando un selfie con c\u00e1mara y port\u00e1til, con equipo de grabaci\u00f3n profesional visible, en un entorno de producci\u00f3n audiovisual.<\/figcaption>\n\t\t\t\t\t\t\t\t\t\t<\/figure>\n\t\t\t\t\t\t\t\t\t<\/div>\n\t\t\t\t\t<\/div>\n\t\t\t\t<\/div>\n\t\t<div data-particle_enable=\"false\" data-particle-mobile-disabled=\"false\" class=\"elementor-element elementor-element-06f5af0 e-flex e-con-boxed e-con e-parent\" data-id=\"06f5af0\" data-element_type=\"container\" data-e-type=\"container\">\n\t\t\t\t\t<div class=\"e-con-inner\">\n\t\t\t\t<div class=\"elementor-element elementor-element-cca4c0c elementor-widget elementor-widget-heading\" data-id=\"cca4c0c\" data-element_type=\"widget\" data-e-type=\"widget\" data-widget_type=\"heading.default\">\n\t\t\t\t\t<h2 class=\"elementor-heading-title elementor-size-default\">Las historias de migrantes  chapines son siempre inspiradoras...<\/h2>\t\t\t\t<\/div>\n\t\t\t\t\t<\/div>\n\t\t\t\t<\/div>\n\t\t<div data-particle_enable=\"false\" data-particle-mobile-disabled=\"false\" class=\"elementor-element elementor-element-9676375 e-flex e-con-boxed e-con e-parent\" data-id=\"9676375\" data-element_type=\"container\" data-e-type=\"container\">\n\t\t\t\t\t<div class=\"e-con-inner\">\n\t\t\t\t<div class=\"elementor-element elementor-element-fbcdef3 elementor-grid-eael-col-3 elementor-grid-tablet-eael-col-2 elementor-grid-mobile-eael-col-1 elementor-widget elementor-widget-eael-post-grid\" data-id=\"fbcdef3\" data-element_type=\"widget\" data-e-type=\"widget\" data-settings=\"{&quot;eael_post_grid_columns&quot;:&quot;eael-col-3&quot;,&quot;eael_post_grid_columns_tablet&quot;:&quot;eael-col-2&quot;,&quot;eael_post_grid_columns_mobile&quot;:&quot;eael-col-1&quot;}\" data-widget_type=\"eael-post-grid.default\">\n\t\t\t\t\t<div id=\"eael-post-grid-fbcdef3\" class=\"eael-post-grid-container\">\n            <div class=\"eael-post-grid eael-post-appender eael-post-appender-fbcdef3 eael-post-grid-style-one\" data-layout-mode=\"masonry\"><article class=\"eael-grid-post  eael-post-grid-column eael-pg-post-2281 category-exitos\" data-id=\"2281\">\n        <div class=\"eael-grid-post-holder\">\n            <div class=\"eael-grid-post-holder-inner\"><div class=\"eael-entry-media\"><div class=\"eael-entry-overlay fade-in\"><i class=\"far fa-hand-pointer\" aria-hidden=\"true\"><\/i><a href=\"https:\/\/soymigrante.com\/revista\/rosario-rodriguez-cineasta-guatemalteca-nueva-york\/\"><\/a><\/div><div class=\"eael-entry-thumbnail \">\n                <img loading=\"lazy\" decoding=\"async\" width=\"1024\" height=\"834\" src=\"https:\/\/soymigrante.com\/revista\/wp-content\/uploads\/2023\/08\/rosie-1024x834.webp\" class=\"attachment-large size-large wp-image-2341\" alt=\"Rosario Rodr\u00edguez, cineasta guatemalteca y migrante\" srcset=\"https:\/\/soymigrante.com\/revista\/wp-content\/uploads\/2023\/08\/rosie-1024x834.webp 1024w, https:\/\/soymigrante.com\/revista\/wp-content\/uploads\/2023\/08\/rosie-300x244.webp 300w, https:\/\/soymigrante.com\/revista\/wp-content\/uploads\/2023\/08\/rosie-768x626.webp 768w, https:\/\/soymigrante.com\/revista\/wp-content\/uploads\/2023\/08\/rosie-750x611.webp 750w, https:\/\/soymigrante.com\/revista\/wp-content\/uploads\/2023\/08\/rosie-1140x929.webp 1140w, https:\/\/soymigrante.com\/revista\/wp-content\/uploads\/2023\/08\/rosie.webp 1425w\" sizes=\"(max-width: 1024px) 100vw, 1024px\" \/>\n            <\/div>\n        <\/div><div class=\"eael-entry-wrapper\"><header class=\"eael-entry-header\"><h2 class=\"eael-entry-title\"><a class=\"eael-grid-post-link\" href=\"https:\/\/soymigrante.com\/revista\/rosario-rodriguez-cineasta-guatemalteca-nueva-york\/\" title=\"Rosario Rodr\u00edguez: La cineasta guatemalteca que brilla en Nueva York\">Rosario Rodr\u00edguez: La cineasta guatemalteca que brilla en Nueva York<\/a><\/h2><\/header><div class=\"eael-entry-content\">\n                        <div class=\"eael-grid-post-excerpt\"><a href=\"https:\/\/soymigrante.com\/revista\/rosario-rodriguez-cineasta-guatemalteca-nueva-york\/\" class=\"eael-post-elements-readmore-btn\">CONOCE SU HISTORIA <\/a><\/div>\n                    <\/div><\/div><\/div>\n        <\/div>\n    <\/article><article class=\"eael-grid-post  eael-post-grid-column eael-pg-post-1118 category-exitos\" data-id=\"1118\">\n        <div class=\"eael-grid-post-holder\">\n            <div class=\"eael-grid-post-holder-inner\"><div class=\"eael-entry-media\"><div class=\"eael-entry-overlay fade-in\"><i class=\"far fa-hand-pointer\" aria-hidden=\"true\"><\/i><a href=\"https:\/\/soymigrante.com\/revista\/migrante-guatemalteco-julio-cota-es-fotografo-en-nueva-york\/\"><\/a><\/div><div class=\"eael-entry-thumbnail \">\n                <img loading=\"lazy\" decoding=\"async\" width=\"400\" height=\"400\" src=\"https:\/\/soymigrante.com\/revista\/wp-content\/uploads\/2023\/06\/SM_7.webp\" class=\"attachment-large size-large wp-image-1167\" alt=\"Julio Cota fotografo migrante en nueva york\" srcset=\"https:\/\/soymigrante.com\/revista\/wp-content\/uploads\/2023\/06\/SM_7.webp 400w, https:\/\/soymigrante.com\/revista\/wp-content\/uploads\/2023\/06\/SM_7-300x300.webp 300w, https:\/\/soymigrante.com\/revista\/wp-content\/uploads\/2023\/06\/SM_7-150x150.webp 150w, https:\/\/soymigrante.com\/revista\/wp-content\/uploads\/2023\/06\/SM_7-75x75.webp 75w\" sizes=\"(max-width: 400px) 100vw, 400px\" \/>\n            <\/div>\n        <\/div><div class=\"eael-entry-wrapper\"><header class=\"eael-entry-header\"><h2 class=\"eael-entry-title\"><a class=\"eael-grid-post-link\" href=\"https:\/\/soymigrante.com\/revista\/migrante-guatemalteco-julio-cota-es-fotografo-en-nueva-york\/\" title=\"Migrante guatemalteco Julio Cota cuenta historias fotogr\u00e1ficas en Nueva York\">Migrante guatemalteco Julio Cota cuenta historias fotogr\u00e1ficas en Nueva York<\/a><\/h2><\/header><div class=\"eael-entry-content\">\n                        <div class=\"eael-grid-post-excerpt\"><a href=\"https:\/\/soymigrante.com\/revista\/migrante-guatemalteco-julio-cota-es-fotografo-en-nueva-york\/\" class=\"eael-post-elements-readmore-btn\">CONOCE SU HISTORIA <\/a><\/div>\n                    <\/div><\/div><\/div>\n        <\/div>\n    <\/article><article class=\"eael-grid-post  eael-post-grid-column eael-pg-post-208 category-exitos-guatemala tags-connecticut\" data-id=\"208\">\n        <div class=\"eael-grid-post-holder\">\n            <div class=\"eael-grid-post-holder-inner\"><div class=\"eael-entry-media\"><div class=\"eael-entry-overlay fade-in\"><i class=\"far fa-hand-pointer\" aria-hidden=\"true\"><\/i><a href=\"https:\/\/soymigrante.com\/revista\/elisa-escamilla-emprendedora-invierte-en-guatemala\/\"><\/a><\/div><div class=\"eael-entry-thumbnail \">\n                <img loading=\"lazy\" decoding=\"async\" width=\"1024\" height=\"624\" src=\"https:\/\/soymigrante.com\/revista\/wp-content\/uploads\/2023\/03\/SOY-ELISA-ESCAMILLA-ENTREVISTA-3-1024x624.jpg\" class=\"attachment-large size-large wp-image-944\" alt=\"Para Elisa Escamilla, el mayor \u00e9xito y su m\u00e1xima prioridad en la vida es su familia.\" srcset=\"https:\/\/soymigrante.com\/revista\/wp-content\/uploads\/2023\/03\/SOY-ELISA-ESCAMILLA-ENTREVISTA-3-1024x624.jpg 1024w, https:\/\/soymigrante.com\/revista\/wp-content\/uploads\/2023\/03\/SOY-ELISA-ESCAMILLA-ENTREVISTA-3-300x183.webp 300w, https:\/\/soymigrante.com\/revista\/wp-content\/uploads\/2023\/03\/SOY-ELISA-ESCAMILLA-ENTREVISTA-3-768x468.jpg 768w, https:\/\/soymigrante.com\/revista\/wp-content\/uploads\/2023\/03\/SOY-ELISA-ESCAMILLA-ENTREVISTA-3-1536x936.jpg 1536w, https:\/\/soymigrante.com\/revista\/wp-content\/uploads\/2023\/03\/SOY-ELISA-ESCAMILLA-ENTREVISTA-3-750x457.webp 750w, https:\/\/soymigrante.com\/revista\/wp-content\/uploads\/2023\/03\/SOY-ELISA-ESCAMILLA-ENTREVISTA-3-1140x694.jpg 1140w, https:\/\/soymigrante.com\/revista\/wp-content\/uploads\/2023\/03\/SOY-ELISA-ESCAMILLA-ENTREVISTA-3.webp 1768w\" sizes=\"(max-width: 1024px) 100vw, 1024px\" \/>\n            <\/div>\n        <\/div><div class=\"eael-entry-wrapper\"><header class=\"eael-entry-header\"><h2 class=\"eael-entry-title\"><a class=\"eael-grid-post-link\" href=\"https:\/\/soymigrante.com\/revista\/elisa-escamilla-emprendedora-invierte-en-guatemala\/\" title=\"Elisa Escamilla: una historia de amor, foto y grandes objetivos.\">Elisa Escamilla: una historia de amor, foto y grandes objetivos.<\/a><\/h2><\/header><div class=\"eael-entry-content\">\n                        <div class=\"eael-grid-post-excerpt\"><a href=\"https:\/\/soymigrante.com\/revista\/elisa-escamilla-emprendedora-invierte-en-guatemala\/\" class=\"eael-post-elements-readmore-btn\">CONOCE SU HISTORIA <\/a><\/div>\n                    <\/div><\/div><\/div>\n        <\/div>\n    <\/article><\/div>\n            <div class=\"clearfix\"><\/div>\n        <\/div>\t\t\t\t<\/div>\n\t\t\t\t\t<\/div>\n\t\t\t\t<\/div>\n\t\t\t\t<\/div>\n\t\t","protected":false},"excerpt":{"rendered":"<p>Fot\u00f3grafo nacido en San Pedro Yepocapa, Chimaltenango inmortaliza eventos y rostros para la comunidad hispana y migrante en el \u00e1rea de Washington D.C. Marcharse a USA casi le obliga a abandonar su gran sue\u00f1o. Esta es la historia de c\u00f3mo lo recuper\u00f3. \u00c9rase una vez un muchacho llamado Missael, que naci\u00f3 en un pueblo llamado [&hellip;]<\/p>\n","protected":false},"author":7,"featured_media":7856,"comment_status":"open","ping_status":"open","sticky":false,"template":"","format":"standard","meta":{"_acf_changed":false,"_eb_attr":"","footnotes":""},"categories":[50],"tags":[],"class_list":["post-7839","post","type-post","status-publish","format-standard","has-post-thumbnail","hentry","category-exitos"],"acf":[],"aioseo_notices":[],"aioseo_head":"\n\t\t<!-- All in One SEO Pro 4.9.6.2 - aioseo.com -->\n\t<meta name=\"description\" content=\"Elisa es emprendedora desde los 17 a\u00f1os, pero circunstancias del destino la llevaron a los 23 a\u00f1os hasta Connecticut, EE. UU. en donde se encuentra su coraz\u00f3n y desde donde dirige La Fototienda, en Guatemala Elisa Escamilla viaj\u00f3 a EE.UU. a los 23 a\u00f1os en un viaje tur\u00edstico que termin\u00f3 siendo una vida. Su primer\" \/>\n\t<meta name=\"robots\" content=\"max-snippet:-1, max-image-preview:large, max-video-preview:-1\" \/>\n\t<meta name=\"author\" content=\"Gustavo Montenegro\"\/>\n\t<link rel=\"canonical\" href=\"https:\/\/soymigrante.com\/revista\/elisa-escamilla-emprendedora-invierte-en-guatemala\/\" \/>\n\t<meta name=\"generator\" content=\"All in One SEO Pro (AIOSEO) 4.9.6.2\" \/>\n\n\t\t<link rel=\"preconnect\" href=\"https:\/\/fonts.googleapis.com\" crossorigin>\n<link rel=\"preconnect\" href=\"https:\/\/fonts.gstatic.com\" crossorigin>\n\t\t<meta property=\"og:locale\" content=\"es_ES\" \/>\n\t\t<meta property=\"og:site_name\" content=\"SoyMigrante.com REVISTA \u2013 Nuestra misi\u00f3n es reconocer y dignificar al migrante.\" \/>\n\t\t<meta property=\"og:type\" content=\"article\" \/>\n\t\t<meta property=\"og:title\" content=\"Elisa Escamilla: una historia de amor, foto y grandes objetivos.\" \/>\n\t\t<meta property=\"og:description\" content=\"Elisa es emprendedora desde los 17 a\u00f1os, pero circunstancias del destino la llevaron a los 23 a\u00f1os hasta Connecticut, EE. UU. en donde se encuentra su coraz\u00f3n y desde donde dirige La Fototienda, en Guatemala Elisa Escamilla viaj\u00f3 a EE.UU. a los 23 a\u00f1os en un viaje tur\u00edstico que termin\u00f3 siendo una vida. Su primer\" \/>\n\t\t<meta property=\"og:url\" content=\"https:\/\/soymigrante.com\/revista\/elisa-escamilla-emprendedora-invierte-en-guatemala\/\" \/>\n\t\t<meta property=\"og:image\" content=\"https:\/\/soymigrante.com\/revista\/wp-content\/uploads\/2023\/03\/SOY-ELISA-ESCAMILLA-ENTREVISTA-3.webp\" \/>\n\t\t<meta property=\"og:image:secure_url\" content=\"https:\/\/soymigrante.com\/revista\/wp-content\/uploads\/2023\/03\/SOY-ELISA-ESCAMILLA-ENTREVISTA-3.webp\" \/>\n\t\t<meta property=\"og:image:width\" content=\"1768\" \/>\n\t\t<meta property=\"og:image:height\" content=\"1077\" \/>\n\t\t<meta property=\"article:published_time\" content=\"2023-05-25T00:10:58+00:00\" \/>\n\t\t<meta property=\"article:modified_time\" content=\"2026-03-11T20:40:59+00:00\" \/>\n\t\t<meta property=\"article:publisher\" content=\"https:\/\/www.facebook.com\/soymigrantecom\" \/>\n\t\t<meta name=\"twitter:card\" content=\"summary_large_image\" \/>\n\t\t<meta name=\"twitter:site\" content=\"@SoyMigrante_com\" \/>\n\t\t<meta name=\"twitter:title\" content=\"Elisa Escamilla: una historia de amor, foto y grandes objetivos.\" \/>\n\t\t<meta name=\"twitter:description\" content=\"Elisa es emprendedora desde los 17 a\u00f1os, pero circunstancias del destino la llevaron a los 23 a\u00f1os hasta Connecticut, EE. UU. en donde se encuentra su coraz\u00f3n y desde donde dirige La Fototienda, en Guatemala Elisa Escamilla viaj\u00f3 a EE.UU. a los 23 a\u00f1os en un viaje tur\u00edstico que termin\u00f3 siendo una vida. Su primer\" \/>\n\t\t<meta name=\"twitter:creator\" content=\"@SoyMigrante_com\" \/>\n\t\t<meta name=\"twitter:image\" content=\"https:\/\/soymigrante.com\/revista\/wp-content\/uploads\/2023\/03\/SOY-ELISA-ESCAMILLA-ENTREVISTA-3.webp\" \/>\n\t\t<!-- All in One SEO Pro -->\r\n\t\t<title>Elisa Escamilla: una historia de amor, foto y grandes objetivos.<\/title>\n\n","aioseo_head_json":{"title":"Elisa Escamilla: una historia de amor, foto y grandes objetivos.","description":"Elisa es emprendedora desde los 17 a\u00f1os, pero circunstancias del destino la llevaron a los 23 a\u00f1os hasta Connecticut, EE. UU. en donde se encuentra su coraz\u00f3n y desde donde dirige La Fototienda, en Guatemala Elisa Escamilla viaj\u00f3 a EE.UU. a los 23 a\u00f1os en un viaje tur\u00edstico que termin\u00f3 siendo una vida. Su primer","canonical_url":"https:\/\/soymigrante.com\/revista\/elisa-escamilla-emprendedora-invierte-en-guatemala\/","robots":"max-snippet:-1, max-image-preview:large, max-video-preview:-1","keywords":"","webmasterTools":{"miscellaneous":"&lt;link rel=\"preconnect\" href=\"https:\/\/fonts.googleapis.com\" crossorigin&gt;\n&lt;link rel=\"preconnect\" href=\"https:\/\/fonts.gstatic.com\" crossorigin&gt;"},"schema":null,"og:locale":"es_ES","og:site_name":"SoyMigrante.com REVISTA \u2013 Nuestra misi\u00f3n es reconocer y dignificar al migrante.","og:type":"article","og:title":"Elisa Escamilla: una historia de amor, foto y grandes objetivos.","og:description":"Elisa es emprendedora desde los 17 a\u00f1os, pero circunstancias del destino la llevaron a los 23 a\u00f1os hasta Connecticut, EE. UU. en donde se encuentra su coraz\u00f3n y desde donde dirige La Fototienda, en Guatemala Elisa Escamilla viaj\u00f3 a EE.UU. a los 23 a\u00f1os en un viaje tur\u00edstico que termin\u00f3 siendo una vida. Su primer","og:url":"https:\/\/soymigrante.com\/revista\/elisa-escamilla-emprendedora-invierte-en-guatemala\/","og:image":"https:\/\/soymigrante.com\/revista\/wp-content\/uploads\/2023\/03\/SOY-ELISA-ESCAMILLA-ENTREVISTA-3.webp","og:image:secure_url":"https:\/\/soymigrante.com\/revista\/wp-content\/uploads\/2023\/03\/SOY-ELISA-ESCAMILLA-ENTREVISTA-3.webp","og:image:width":1768,"og:image:height":1077,"article:published_time":"2023-05-25T00:10:58+00:00","article:modified_time":"2026-03-11T20:40:59+00:00","article:publisher":"https:\/\/www.facebook.com\/soymigrantecom","twitter:card":"summary_large_image","twitter:site":"@SoyMigrante_com","twitter:title":"Elisa Escamilla: una historia de amor, foto y grandes objetivos.","twitter:description":"Elisa es emprendedora desde los 17 a\u00f1os, pero circunstancias del destino la llevaron a los 23 a\u00f1os hasta Connecticut, EE. UU. en donde se encuentra su coraz\u00f3n y desde donde dirige La Fototienda, en Guatemala Elisa Escamilla viaj\u00f3 a EE.UU. a los 23 a\u00f1os en un viaje tur\u00edstico que termin\u00f3 siendo una vida. Su primer","twitter:creator":"@SoyMigrante_com","twitter:image":"https:\/\/soymigrante.com\/revista\/wp-content\/uploads\/2023\/03\/SOY-ELISA-ESCAMILLA-ENTREVISTA-3.webp"},"aioseo_meta_data":{"post_id":"7839","title":null,"description":"Fot\u00f3grafo nacido en San Pedro Yepocapa, Chimaltenango inmortaliza momentos para la comunidad hispana y migrante en Washington D.C. Esta es su historia.","keywords":null,"keyphrases":{"focus":{"keyphrase":"Migrante","score":60,"analysis":{"keyphraseInTitle":{"score":3,"maxScore":9,"error":1},"keyphraseInDescription":{"score":9,"maxScore":9,"error":0},"keyphraseLength":{"score":9,"maxScore":9,"error":0,"length":1},"keyphraseInURL":{"score":5,"maxScore":5,"error":0},"keyphraseInIntroduction":{"score":3,"maxScore":9,"error":1},"keyphraseInSubHeadings":{"score":3,"maxScore":9,"error":1},"keyphraseInImageAlt":{"score":9,"maxScore":9,"error":0},"keywordDensity":{"score":0,"type":"low","maxScore":9,"error":1}}},"additional":[{"keyphrase":"Fot\u00f3grafo guatemalteco","score":40,"analysis":{"keyphraseInDescription":{"score":3,"maxScore":9,"error":1},"keyphraseLength":{"score":9,"maxScore":9,"error":0,"length":3},"keyphraseInIntroduction":{"score":3,"maxScore":9,"error":1},"keyphraseInImageAlt":{"score":3,"maxScore":9,"error":1},"keywordDensity":{"score":0,"type":"low","maxScore":9,"error":1}}},{"keyphrase":"Historia migrante","score":40,"analysis":{"keyphraseInDescription":{"score":3,"maxScore":9,"error":1},"keyphraseLength":{"score":9,"maxScore":9,"error":0,"length":2},"keyphraseInIntroduction":{"score":3,"maxScore":9,"error":1},"keyphraseInImageAlt":{"score":3,"maxScore":9,"error":1},"keywordDensity":{"score":0,"type":"low","maxScore":9,"error":1}}}]},"primary_term":null,"canonical_url":null,"og_title":null,"og_description":null,"og_object_type":"default","og_image_type":"default","og_image_url":null,"og_image_width":null,"og_image_height":null,"og_image_custom_url":null,"og_image_custom_fields":null,"og_video":"","og_custom_url":null,"og_article_section":null,"og_article_tags":null,"twitter_use_og":false,"twitter_card":"default","twitter_image_type":"default","twitter_image_url":null,"twitter_image_custom_url":null,"twitter_image_custom_fields":null,"twitter_title":null,"twitter_description":null,"schema":{"blockGraphs":[],"customGraphs":[],"default":{"data":{"Article":[],"Course":[],"Dataset":[],"FAQPage":[],"Movie":[],"Person":[],"Product":[],"ProductReview":[],"Car":[],"Recipe":[],"Service":[],"SoftwareApplication":[],"WebPage":[]},"graphName":"Article","isEnabled":true},"graphs":[]},"schema_type":"default","schema_type_options":null,"pillar_content":false,"robots_default":true,"robots_noindex":false,"robots_noarchive":false,"robots_nosnippet":false,"robots_nofollow":false,"robots_noimageindex":false,"robots_noodp":false,"robots_notranslate":false,"robots_max_snippet":"-1","robots_max_videopreview":"-1","robots_max_imagepreview":"large","priority":null,"frequency":"default","local_seo":null,"seo_analyzer_scan_date":"2025-10-08 22:25:43","breadcrumb_settings":null,"limit_modified_date":false,"reviewed_by":null,"open_ai":"{\"title\":{\"suggestions\":[],\"usage\":0},\"description\":{\"suggestions\":[],\"usage\":0}}","ai":null,"created":"2024-08-06 23:24:28","updated":"2026-02-04 12:31:23"},"aioseo_breadcrumb":"<div class=\"aioseo-breadcrumbs\"><span class=\"aioseo-breadcrumb\">\n\t<a href=\"https:\/\/soymigrante.com\/revista\" title=\"Home\">Home<\/a>\n<\/span><span class=\"aioseo-breadcrumb-separator\">\u00bb<\/span><span class=\"aioseo-breadcrumb\">\n\t<a href=\"https:\/\/soymigrante.com\/revista\/category\/exitos\/\" title=\"\u00c9xitos\">\u00c9xitos<\/a>\n<\/span><span class=\"aioseo-breadcrumb-separator\">\u00bb<\/span><span class=\"aioseo-breadcrumb\">\n\tDonde pone el ojo, pone la magia: el fot\u00f3grafo guatemalteco Missael Sian\n<\/span><\/div>","aioseo_breadcrumb_json":[{"label":"Home","link":"https:\/\/soymigrante.com\/revista"},{"label":"\u00c9xitos","link":"https:\/\/soymigrante.com\/revista\/category\/exitos\/"},{"label":"Donde pone el ojo, pone la magia: el fot\u00f3grafo guatemalteco Missael Sian","link":"https:\/\/soymigrante.com\/revista\/donde-el-fotografo-missael-sian-pone-el-ojo-pone-la-magia\/"}],"_links":{"self":[{"href":"https:\/\/soymigrante.com\/revista\/wp-json\/wp\/v2\/posts\/7839","targetHints":{"allow":["GET"]}}],"collection":[{"href":"https:\/\/soymigrante.com\/revista\/wp-json\/wp\/v2\/posts"}],"about":[{"href":"https:\/\/soymigrante.com\/revista\/wp-json\/wp\/v2\/types\/post"}],"author":[{"embeddable":true,"href":"https:\/\/soymigrante.com\/revista\/wp-json\/wp\/v2\/users\/7"}],"replies":[{"embeddable":true,"href":"https:\/\/soymigrante.com\/revista\/wp-json\/wp\/v2\/comments?post=7839"}],"version-history":[{"count":0,"href":"https:\/\/soymigrante.com\/revista\/wp-json\/wp\/v2\/posts\/7839\/revisions"}],"wp:featuredmedia":[{"embeddable":true,"href":"https:\/\/soymigrante.com\/revista\/wp-json\/wp\/v2\/media\/7856"}],"wp:attachment":[{"href":"https:\/\/soymigrante.com\/revista\/wp-json\/wp\/v2\/media?parent=7839"}],"wp:term":[{"taxonomy":"category","embeddable":true,"href":"https:\/\/soymigrante.com\/revista\/wp-json\/wp\/v2\/categories?post=7839"},{"taxonomy":"post_tag","embeddable":true,"href":"https:\/\/soymigrante.com\/revista\/wp-json\/wp\/v2\/tags?post=7839"}],"curies":[{"name":"wp","href":"https:\/\/api.w.org\/{rel}","templated":true}]}}