{"id":7832,"date":"2024-08-06T23:47:23","date_gmt":"2024-08-07T05:47:23","guid":{"rendered":"https:\/\/soymigrante.com\/revista\/?p=7832"},"modified":"2024-11-01T14:59:33","modified_gmt":"2024-11-01T20:59:33","slug":"luis-grijalva-el-migrante-dreamer-que-suena-con-la-medalla","status":"publish","type":"post","link":"https:\/\/soymigrante.com\/revista\/luis-grijalva-el-migrante-dreamer-que-suena-con-la-medalla\/","title":{"rendered":"Luis Grijalva el migrante dreamer que sue\u00f1a con la medalla"},"content":{"rendered":"\t\t<div data-elementor-type=\"wp-post\" data-elementor-id=\"7832\" class=\"elementor elementor-7832\" data-elementor-post-type=\"post\">\n\t\t\t\t<div data-particle_enable=\"false\" data-particle-mobile-disabled=\"false\" class=\"elementor-element elementor-element-6e28a90 e-flex e-con-boxed e-con e-parent\" data-id=\"6e28a90\" data-element_type=\"container\" data-e-type=\"container\">\n\t\t\t\t\t<div class=\"e-con-inner\">\n\t\t\t\t<div class=\"elementor-element elementor-element-f8e99a2 elementor-widget elementor-widget-heading\" data-id=\"f8e99a2\" data-element_type=\"widget\" data-e-type=\"widget\" data-widget_type=\"heading.default\">\n\t\t\t\t\t<h2 class=\"elementor-heading-title elementor-size-default\">Luis Grijalva es un migrante guatemalteco que competir\u00e1 en le prueba de 5000m este mi\u00e9rcoles 7 de agosto y buscar\u00e1 alcanzar la gloria ol\u00edmpica en Par\u00eds 2024.\n<\/h2>\t\t\t\t<\/div>\n\t\t\t\t\t<\/div>\n\t\t\t\t<\/div>\n\t\t<div data-particle_enable=\"false\" data-particle-mobile-disabled=\"false\" class=\"elementor-element elementor-element-c294dea e-flex e-con-boxed e-con e-parent\" data-id=\"c294dea\" data-element_type=\"container\" data-e-type=\"container\">\n\t\t\t\t\t<div class=\"e-con-inner\">\n\t\t\t\t<div class=\"elementor-element elementor-element-d108a9d elementor-widget elementor-widget-text-editor\" data-id=\"d108a9d\" data-element_type=\"widget\" data-e-type=\"widget\" data-widget_type=\"text-editor.default\">\n\t\t\t\t\t\t\t\t\t<p>Luis Miguel Grijalva es un claro ejemplo del poder de los guatemaltecos, so\u00f1adores que luchan por un mejor futuro, un mejor lugar y por demostrar la fuerza y capacidad que tiene.<\/p>\n<p>Grijalva es un atleta que naci\u00f3 en Guatemala el 10 de abril de 1999, como muchos padres buscando una vida mejor decidieron buscar el sue\u00f1o americano, cuando Luis apenas ten\u00eda un a\u00f1o se march\u00f3 a Estados Unidos junto a su familia.<\/p>\n<p>Actualmente, el migrante Grijalva, tiene 25 a\u00f1os y se ha convertido en un referente del atletismo nacional. Poco antes de competir en las Olimpiadas de Par\u00eds 2024, escribi\u00f3 un significativo texto:<br><br><b><i>&nbsp;<span style=\"text-align: var(--text-align);\">Yo quiero hacer historia para la gente de Guatemala. Si yo gano un ORO OL\u00cdMPICO no ser\u00eda solo para m\u00ed, sino para toda Guatemala.<\/span><\/i><\/b><\/p><p><b><i>Es posible, yo s\u00e9 que no soy el \u00fanico. He estado corriendo muchas millas, entre 90 y 100 por semana. Son entrenamientos bien duros.<\/i><\/b><\/p><p><b><i>He trabajado dos veces al d\u00eda y le cuesta mucho a mi cuerpo, pero el entrenamiento es as\u00ed y ya luego me siento mejor.<\/i><\/b><\/p><p><b><i>Es diferente en los Juegos Ol\u00edmpicos porque hay competencia para ver qui\u00e9n puede correr m\u00e1s r\u00e1pido. Estoy enfocado.<\/i><\/b><\/p><p><b><i>S\u00e9 que soy bueno, pero me falta m\u00e1s para ser mejor. No estoy nervioso porque ya es mi segunda vez en este evento.<\/i><\/b><\/p><p><b><i>Con 25 a\u00f1os, estoy corriendo duro, tengo experiencia y pienso que estoy listo. Corro por mis pap\u00e1s y mi familia.<\/i><\/b><\/p><p><b><i>Ellos trabajaron para darme la vida que tengo. Empec\u00e9 a correr desde los 14 a\u00f1os. \u00a1\u00a1ESTE ES MI TRABAJO Y ME GUSTA MUCHO!!<\/i><\/b><\/p><p><b><i>El chap\u00edn es capaz. Hay mucha gente en Guatemala que puede ponernos en alto. Cuesta mucho, pero debemos poner en alto al pa\u00eds&#8221;.<\/i><\/b><\/p>\t\t\t\t\t\t\t\t<\/div>\n\t\t\t\t\t<\/div>\n\t\t\t\t<\/div>\n\t\t<div data-particle_enable=\"false\" data-particle-mobile-disabled=\"false\" class=\"elementor-element elementor-element-ddb25e3 e-flex e-con-boxed e-con e-parent\" data-id=\"ddb25e3\" data-element_type=\"container\" data-e-type=\"container\">\n\t\t\t\t\t<div class=\"e-con-inner\">\n\t\t\t\t<div class=\"elementor-element elementor-element-bfab348 elementor-widget elementor-widget-facebook-embed\" data-id=\"bfab348\" data-element_type=\"widget\" data-e-type=\"widget\" data-widget_type=\"facebook-embed.default\">\n\t\t\t\t\t<div style=\"min-height: 1px\" class=\"elementor-facebook-widget fb-post\" data-href=\"https:\/\/www.facebook.com\/photo\/?fbid=6689082967775153&#038;set=a.529477220402456\" data-show-text=\"false\"><\/div>\t\t\t\t<\/div>\n\t\t\t\t\t<\/div>\n\t\t\t\t<\/div>\n\t\t<div data-particle_enable=\"false\" data-particle-mobile-disabled=\"false\" class=\"elementor-element elementor-element-0e2a1c3 e-flex e-con-boxed e-con e-parent\" data-id=\"0e2a1c3\" data-element_type=\"container\" data-e-type=\"container\">\n\t\t\t\t\t<div class=\"e-con-inner\">\n\t\t\t\t<div class=\"elementor-element elementor-element-ba5454c elementor-widget elementor-widget-text-editor\" data-id=\"ba5454c\" data-element_type=\"widget\" data-e-type=\"widget\" data-widget_type=\"text-editor.default\">\n\t\t\t\t\t\t\t\t\t<p>Grijalva es poseedor de varios r\u00e9cords nacionales, entre ellos los 10 mil, 5 mil y 3 mil metros.<\/p><p>Luis compiti\u00f3 oficialmente para Guatemala el 3 de agosto de 2021 cuando salt\u00f3 a la pista de atletismo del estadio Ol\u00edmpico de Tokio en un heat eliminatorio para la final de los 5 mil metros, una prueba considerada de resistencia.<\/p>\t\t\t\t\t\t\t\t<\/div>\n\t\t\t\t\t<\/div>\n\t\t\t\t<\/div>\n\t\t<div data-particle_enable=\"false\" data-particle-mobile-disabled=\"false\" class=\"elementor-element elementor-element-1971a8a e-flex e-con-boxed e-con e-parent\" data-id=\"1971a8a\" data-element_type=\"container\" data-e-type=\"container\">\n\t\t\t\t\t<div class=\"e-con-inner\">\n\t\t\t\t<div class=\"elementor-element elementor-element-9e4468f elementor-widget elementor-widget-facebook-embed\" data-id=\"9e4468f\" data-element_type=\"widget\" data-e-type=\"widget\" data-widget_type=\"facebook-embed.default\">\n\t\t\t\t\t<div style=\"min-height: 1px\" class=\"elementor-facebook-widget fb-post\" data-href=\"https:\/\/www.facebook.com\/csfmag\/videos\/462925784686196\" data-show-text=\"false\"><\/div>\t\t\t\t<\/div>\n\t\t\t\t\t<\/div>\n\t\t\t\t<\/div>\n\t\t<div data-particle_enable=\"false\" data-particle-mobile-disabled=\"false\" class=\"elementor-element elementor-element-8e07cc7 e-flex e-con-boxed e-con e-parent\" data-id=\"8e07cc7\" data-element_type=\"container\" data-e-type=\"container\">\n\t\t\t\t\t<div class=\"e-con-inner\">\n\t\t\t\t<div class=\"elementor-element elementor-element-3243460 elementor-widget elementor-widget-heading\" data-id=\"3243460\" data-element_type=\"widget\" data-e-type=\"widget\" data-widget_type=\"heading.default\">\n\t\t\t\t\t<h3 class=\"elementor-heading-title elementor-size-default\">Luis Grijalva naci\u00f3 en Guatemala <\/h3>\t\t\t\t<\/div>\n\t\t\t\t\t<\/div>\n\t\t\t\t<\/div>\n\t\t<div data-particle_enable=\"false\" data-particle-mobile-disabled=\"false\" class=\"elementor-element elementor-element-24c3b33 e-flex e-con-boxed e-con e-parent\" data-id=\"24c3b33\" data-element_type=\"container\" data-e-type=\"container\">\n\t\t\t\t\t<div class=\"e-con-inner\">\n\t\t\t\t<div class=\"elementor-element elementor-element-7c1eb6d elementor-widget elementor-widget-text-editor\" data-id=\"7c1eb6d\" data-element_type=\"widget\" data-e-type=\"widget\" data-widget_type=\"text-editor.default\">\n\t\t\t\t\t\t\t\t\t<p>Grijalva naci\u00f3 en Guatemala, pero requer\u00eda tramitar permisos para salir de Estados Unidos, porque era parte del programa Acci\u00f3n Diferida para los Llegados en la Infancia (DACA, por sus siglas en ingl\u00e9s), una pol\u00edtica migratoria de Estados Unidos que retrasa la deportaci\u00f3n de personas en ese pa\u00eds.<\/p><p>Pero desde hace unos meses, el competidor tiene un nuevo visado que ya le permite viajar sin restricciones.<\/p><p>Grijalva compiti\u00f3 por las medallas y cerr\u00f3 su participaci\u00f3n en los ol\u00edmpicos de Tokio 2021 en el puesto 12, imponiendo adem\u00e1s un r\u00e9cord nacional y centroamericano.<\/p>\t\t\t\t\t\t\t\t<\/div>\n\t\t\t\t\t<\/div>\n\t\t\t\t<\/div>\n\t\t<div data-particle_enable=\"false\" data-particle-mobile-disabled=\"false\" class=\"elementor-element elementor-element-34ec9c4 e-flex e-con-boxed e-con e-parent\" data-id=\"34ec9c4\" data-element_type=\"container\" data-e-type=\"container\">\n\t\t\t\t\t<div class=\"e-con-inner\">\n\t\t\t\t<div class=\"elementor-element elementor-element-97b1907 elementor-widget elementor-widget-heading\" data-id=\"97b1907\" data-element_type=\"widget\" data-e-type=\"widget\" data-widget_type=\"heading.default\">\n\t\t\t\t\t<h3 class=\"elementor-heading-title elementor-size-default\">Pasi\u00f3n desde peque\u00f1o<\/h3>\t\t\t\t<\/div>\n\t\t\t\t\t<\/div>\n\t\t\t\t<\/div>\n\t\t<div data-particle_enable=\"false\" data-particle-mobile-disabled=\"false\" class=\"elementor-element elementor-element-d89430c e-flex e-con-boxed e-con e-parent\" data-id=\"d89430c\" data-element_type=\"container\" data-e-type=\"container\">\n\t\t\t\t\t<div class=\"e-con-inner\">\n\t\t\t\t<div class=\"elementor-element elementor-element-3970141 elementor-widget elementor-widget-text-editor\" data-id=\"3970141\" data-element_type=\"widget\" data-e-type=\"widget\" data-widget_type=\"text-editor.default\">\n\t\t\t\t\t\t\t\t\t<p><br \/>El guatemalteco descubri\u00f3 su pasi\u00f3n por atletismo desde peque\u00f1o. Comenz\u00f3 a destacar, tanto que decidi\u00f3 permanecer en Estados Unidos a los 13 a\u00f1os, cuando su madre y dos hermanos optaron por regresar a Guatemala.<\/p><p>Su talento lo llev\u00f3 a conseguir una beca en la universidad de Northern Arizona, donde corri\u00f3 hasta el 2021, cuando logr\u00f3 la marca para ir a los Juegos Ol\u00edmpicos de Tokio.<\/p>\t\t\t\t\t\t\t\t<\/div>\n\t\t\t\t\t<\/div>\n\t\t\t\t<\/div>\n\t\t<div data-particle_enable=\"false\" data-particle-mobile-disabled=\"false\" class=\"elementor-element elementor-element-8759d46 e-flex e-con-boxed e-con e-parent\" data-id=\"8759d46\" data-element_type=\"container\" data-e-type=\"container\">\n\t\t\t\t\t<div class=\"e-con-inner\">\n\t\t\t\t<div class=\"elementor-element elementor-element-284efd0 elementor-widget elementor-widget-facebook-embed\" data-id=\"284efd0\" data-element_type=\"widget\" data-e-type=\"widget\" data-widget_type=\"facebook-embed.default\">\n\t\t\t\t\t<div style=\"min-height: 1px\" class=\"elementor-facebook-widget fb-post\" data-href=\"https:\/\/www.facebook.com\/photo\/?fbid=1874780832538748&#038;set=a.105059312844251\" data-show-text=\"false\"><\/div>\t\t\t\t<\/div>\n\t\t\t\t\t<\/div>\n\t\t\t\t<\/div>\n\t\t<div data-particle_enable=\"false\" data-particle-mobile-disabled=\"false\" class=\"elementor-element elementor-element-0495a97 e-flex e-con-boxed e-con e-parent\" data-id=\"0495a97\" data-element_type=\"container\" data-e-type=\"container\">\n\t\t\t\t\t<div class=\"e-con-inner\">\n\t\t\t\t<div class=\"elementor-element elementor-element-6ddada8 elementor-widget elementor-widget-heading\" data-id=\"6ddada8\" data-element_type=\"widget\" data-e-type=\"widget\" data-widget_type=\"heading.default\">\n\t\t\t\t\t<h3 class=\"elementor-heading-title elementor-size-default\">Regreso a su tierra<\/h3>\t\t\t\t<\/div>\n\t\t\t\t\t<\/div>\n\t\t\t\t<\/div>\n\t\t<div data-particle_enable=\"false\" data-particle-mobile-disabled=\"false\" class=\"elementor-element elementor-element-7767659 e-flex e-con-boxed e-con e-parent\" data-id=\"7767659\" data-element_type=\"container\" data-e-type=\"container\">\n\t\t\t\t\t<div class=\"e-con-inner\">\n\t\t\t\t<div class=\"elementor-element elementor-element-fe195cb elementor-widget elementor-widget-text-editor\" data-id=\"fe195cb\" data-element_type=\"widget\" data-e-type=\"widget\" data-widget_type=\"text-editor.default\">\n\t\t\t\t\t\t\t\t\t<p>Gracias a su nueva condici\u00f3n migratoria, el fondista pudo viajar recientemente a Guatemala luego de 23 a\u00f1os de ausencia.<\/p><p>El estar con su gente unos d\u00edas le dio una motivaci\u00f3n adicional para los Juegos, pues adem\u00e1s, ha inspirado a otros a conseguir sus sue\u00f1os y que los miedos se queden atr\u00e1s.\u00a0<\/p><p>\u00a0<\/p>\t\t\t\t\t\t\t\t<\/div>\n\t\t\t\t\t<\/div>\n\t\t\t\t<\/div>\n\t\t<div data-particle_enable=\"false\" data-particle-mobile-disabled=\"false\" class=\"elementor-element elementor-element-a84475e e-flex e-con-boxed e-con e-parent\" data-id=\"a84475e\" data-element_type=\"container\" data-e-type=\"container\">\n\t\t\t\t\t<div class=\"e-con-inner\">\n\t\t\t\t<div class=\"elementor-element elementor-element-107e3f8 elementor-widget elementor-widget-heading\" data-id=\"107e3f8\" data-element_type=\"widget\" data-e-type=\"widget\" data-widget_type=\"heading.default\">\n\t\t\t\t\t<h3 class=\"elementor-heading-title elementor-size-default\">Un sue\u00f1o para los guatemaltecos <\/h3>\t\t\t\t<\/div>\n\t\t\t\t\t<\/div>\n\t\t\t\t<\/div>\n\t\t<div data-particle_enable=\"false\" data-particle-mobile-disabled=\"false\" class=\"elementor-element elementor-element-12a5c75 e-flex e-con-boxed e-con e-parent\" data-id=\"12a5c75\" data-element_type=\"container\" data-e-type=\"container\">\n\t\t\t\t\t<div class=\"e-con-inner\">\n\t\t\t\t<div class=\"elementor-element elementor-element-e6d42bc elementor-widget elementor-widget-text-editor\" data-id=\"e6d42bc\" data-element_type=\"widget\" data-e-type=\"widget\" data-widget_type=\"text-editor.default\">\n\t\t\t\t\t\t\t\t\t<p>Luis ilusiona a los guatemaltecos en so\u00f1ar con la tercera medalla en estas justas ol\u00edmpicas y la cuarta en la historia. Luego de su buena participaci\u00f3n en los Juegos Ol\u00edmpicos de Tokio 2020, donde logr\u00f3 llegar a la final de los 5 mil metros planos y se ubic\u00f3 en el lugar 12.<\/p><p>Grijalva logr\u00f3 su clasificaci\u00f3n a los Juegos Ol\u00edmpicos de Par\u00eds 2024 en el Mundial de Atletismo, el pasado 31 de agosto de 2023, en Z\u00farich, Suiza, al hacer un tiempo final de 12:55:88.<\/p><p>El atleta estuvo durante las \u00faltimas dos semanas en un campamento de preparaci\u00f3n en Francia, de cara a su debut en los Juegos el mi\u00e9rcoles el 07 de agosto, (3:00 hrs.) en su heat eliminatorio, de clasificar a la final, esta se llevar\u00eda a cabo el s\u00e1bado 10 de agosto a las 11.<\/p>\t\t\t\t\t\t\t\t<\/div>\n\t\t\t\t\t<\/div>\n\t\t\t\t<\/div>\n\t\t<div data-particle_enable=\"false\" data-particle-mobile-disabled=\"false\" class=\"elementor-element elementor-element-4916bd2 e-flex e-con-boxed e-con e-parent\" data-id=\"4916bd2\" data-element_type=\"container\" data-e-type=\"container\">\n\t\t\t\t\t<div class=\"e-con-inner\">\n\t\t\t\t<div class=\"elementor-element elementor-element-b67232a elementor-widget elementor-widget-facebook-embed\" data-id=\"b67232a\" data-element_type=\"widget\" data-e-type=\"widget\" data-widget_type=\"facebook-embed.default\">\n\t\t\t\t\t<div style=\"min-height: 1px\" class=\"elementor-facebook-widget fb-post\" data-href=\"https:\/\/www.facebook.com\/photo\/?fbid=400114847060636&#038;set=a.230337020705087\" data-show-text=\"false\"><\/div>\t\t\t\t<\/div>\n\t\t\t\t\t<\/div>\n\t\t\t\t<\/div>\n\t\t<div data-particle_enable=\"false\" data-particle-mobile-disabled=\"false\" class=\"elementor-element elementor-element-28c5ce1 e-flex e-con-boxed e-con e-parent\" data-id=\"28c5ce1\" data-element_type=\"container\" data-e-type=\"container\">\n\t\t\t\t\t<div class=\"e-con-inner\">\n\t\t\t\t<div class=\"elementor-element elementor-element-02148dd elementor-widget elementor-widget-heading\" data-id=\"02148dd\" data-element_type=\"widget\" data-e-type=\"widget\" data-widget_type=\"heading.default\">\n\t\t\t\t\t<h3 class=\"elementor-heading-title elementor-size-default\">Contra grandes potencias <\/h3>\t\t\t\t<\/div>\n\t\t\t\t\t<\/div>\n\t\t\t\t<\/div>\n\t\t<div data-particle_enable=\"false\" data-particle-mobile-disabled=\"false\" class=\"elementor-element elementor-element-def5511 e-flex e-con-boxed e-con e-parent\" data-id=\"def5511\" data-element_type=\"container\" data-e-type=\"container\">\n\t\t\t\t\t<div class=\"e-con-inner\">\n\t\t\t\t<div class=\"elementor-element elementor-element-0578451 elementor-widget elementor-widget-text-editor\" data-id=\"0578451\" data-element_type=\"widget\" data-e-type=\"widget\" data-widget_type=\"text-editor.default\">\n\t\t\t\t\t\t\t\t\t<p>El corredor, Luis Grijalva, est\u00e1 por debutar en Par\u00eds 2024, sus segundos Juegos Ol\u00edmpicos, y del camino a la clasificaci\u00f3n y al podio se ha apartado, puesto que uno de sus mayores rivales es, Joshua Cheptegei, de Uganda, quien recientemente gan\u00f3 la medalla de oro en la prueba de 10 mil metros planos.<\/p><p>Luis Grijalva es actualmente el sexto del mundo en los 5 mil metros, con un tiempo de 12:50:58 en la Liga de Diamante de Oslo como su marca personal.<\/p><p>En la semifinal en el Estadio de Francia este mi\u00e9rcoles, 16 atletas clasificar\u00e1n y su meta es estar dentro del top 10.<\/p>\t\t\t\t\t\t\t\t<\/div>\n\t\t\t\t\t<\/div>\n\t\t\t\t<\/div>\n\t\t<div data-particle_enable=\"false\" data-particle-mobile-disabled=\"false\" class=\"elementor-element elementor-element-2c61aa5 e-flex e-con-boxed e-con e-parent\" data-id=\"2c61aa5\" data-element_type=\"container\" data-e-type=\"container\">\n\t\t\t\t\t<div class=\"e-con-inner\">\n\t\t\t\t<div class=\"elementor-element elementor-element-0888b34 elementor-widget elementor-widget-heading\" data-id=\"0888b34\" data-element_type=\"widget\" data-e-type=\"widget\" data-widget_type=\"heading.default\">\n\t\t\t\t\t<h2 class=\"elementor-heading-title elementor-size-default\">Conoce otras historias inspiradoras ac\u00e1...<\/h2>\t\t\t\t<\/div>\n\t\t\t\t\t<\/div>\n\t\t\t\t<\/div>\n\t\t<div data-particle_enable=\"false\" data-particle-mobile-disabled=\"false\" class=\"elementor-element elementor-element-b3274f2 e-flex e-con-boxed e-con e-parent\" data-id=\"b3274f2\" data-element_type=\"container\" data-e-type=\"container\">\n\t\t\t\t\t<div class=\"e-con-inner\">\n\t\t\t\t<div class=\"elementor-element elementor-element-0085337 elementor-widget elementor-widget-blfe-post-grid\" data-id=\"0085337\" data-element_type=\"widget\" data-e-type=\"widget\" data-settings=\"{&quot;columns&quot;:&quot;3&quot;,&quot;columns_tablet&quot;:&quot;6&quot;,&quot;columns_mobile&quot;:&quot;12&quot;,&quot;hero1_layout_column_gap&quot;:{&quot;unit&quot;:&quot;px&quot;,&quot;size&quot;:30,&quot;sizes&quot;:[]},&quot;hero1_layout_column_gap_tablet&quot;:{&quot;unit&quot;:&quot;px&quot;,&quot;size&quot;:&quot;&quot;,&quot;sizes&quot;:[]},&quot;hero1_layout_column_gap_mobile&quot;:{&quot;unit&quot;:&quot;px&quot;,&quot;size&quot;:&quot;&quot;,&quot;sizes&quot;:[]},&quot;hero1_layout_row_gap&quot;:{&quot;unit&quot;:&quot;px&quot;,&quot;size&quot;:30,&quot;sizes&quot;:[]},&quot;hero1_layout_row_gap_tablet&quot;:{&quot;unit&quot;:&quot;px&quot;,&quot;size&quot;:&quot;&quot;,&quot;sizes&quot;:[]},&quot;hero1_layout_row_gap_mobile&quot;:{&quot;unit&quot;:&quot;px&quot;,&quot;size&quot;:&quot;&quot;,&quot;sizes&quot;:[]}}\" data-widget_type=\"blfe-post-grid.hero1\">\n\t\t\t\t<div class=\"elementor-widget-container\">\n\t\t\t\t\t\n                        <div class=\"blfe-post-grid-container \">\n            \n                <div data-skin=\"hero1\" class=\"blfe-row blfe-posts-inner blfe-hero1 blfe-posts-inner blfe-col-3 blfe-col-tab-6 blfe-col-mob-12     \">\n                            <div class=\"blfe-post-grid-item\">\n            <div class=\"blfe-post-grid-item-inner blfe-modern-zoom\">\n                        <div class=\"blfe-post-grid-bg-image\">\n            <a class=\"blfe-post-grid-image-inner\" href=\"https:\/\/soymigrante.com\/revista\/municipalidades-se-han-unido-a-peticion-de-tps-guatemalteco\/\" title=\"Suben a 150 las municipalidades de Guatemala que apoyan solicitud de TPS en EE.UU.\" rel=\"nofollow\" target=\"_blank\"><img decoding=\"async\" src=\"https:\/\/soymigrante.com\/revista\/wp-content\/uploads\/2024\/09\/tps-guatemala-2.webp\" alt=\"Suben a 150 las municipalidades de Guatemala que apoyan solicitud de TPS en EE.UU.\"\/><\/a>        <\/div>\n                        <div class=\"blfe-post-grid-details\">\n                    <div class=\"blfe-post-grid-details-inner\">\n                        <span class=\"blfe-post-category\"><a href=\"https:\/\/soymigrante.com\/revista\/category\/estamos-unidos\/\">Estamos Unidos<\/a><\/span>                        <h3 class=\"blfe-post-grid-title\">\n            <a href=\"https:\/\/soymigrante.com\/revista\/municipalidades-se-han-unido-a-peticion-de-tps-guatemalteco\/\" title=\"Suben a 150 las municipalidades de Guatemala que apoyan solicitud de TPS en EE.UU.\" rel=\"nofollow\" target=\"_blank\">Suben a 150 las municipalidades de Guatemala que apoyan solicitud de TPS en EE.UU.<\/a>\n            <\/h3>                                                            <div class=\"blfe-post-grid-meta\">\n                <span class=\"blfe-post-grid-time\"><i class=\"fas fa-book-reader\"><\/i>6 Min read<\/span>            <\/div>\n                                                        <\/div>\n                <\/div>\n\n            <\/div>\n        <\/div>\n                <div class=\"blfe-post-grid-item\">\n            <div class=\"blfe-post-grid-item-inner blfe-modern-zoom\">\n                        <div class=\"blfe-post-grid-bg-image\">\n            <a class=\"blfe-post-grid-image-inner\" href=\"https:\/\/soymigrante.com\/revista\/tps-para-guatemala-que-es-y-que-falta-para-que-sea-otorgado\/\" title=\"TPS para Guatemala:  \u00bfQu\u00e9 es y c\u00f3mo me puedo sumar para solicitarlo?\" rel=\"nofollow\" target=\"_blank\"><img decoding=\"async\" src=\"https:\/\/soymigrante.com\/revista\/wp-content\/uploads\/2024\/04\/tps.webp\" alt=\"TPS para Guatemala:  \u00bfQu\u00e9 es y c\u00f3mo me puedo sumar para solicitarlo?\"\/><\/a>        <\/div>\n                        <div class=\"blfe-post-grid-details\">\n                    <div class=\"blfe-post-grid-details-inner\">\n                        <span class=\"blfe-post-category\"><a href=\"https:\/\/soymigrante.com\/revista\/category\/estamos-unidos\/\">Estamos Unidos<\/a><\/span>                        <h3 class=\"blfe-post-grid-title\">\n            <a href=\"https:\/\/soymigrante.com\/revista\/tps-para-guatemala-que-es-y-que-falta-para-que-sea-otorgado\/\" title=\"TPS para Guatemala:  \u00bfQu\u00e9 es y c\u00f3mo me puedo sumar para solicitarlo?\" rel=\"nofollow\" target=\"_blank\">TPS para Guatemala:  \u00bfQu\u00e9 es y c\u00f3mo me puedo sumar para solicitarlo?<\/a>\n            <\/h3>                                                            <div class=\"blfe-post-grid-meta\">\n                <span class=\"blfe-post-grid-time\"><i class=\"fas fa-book-reader\"><\/i>5 Min read<\/span>            <\/div>\n                                                        <\/div>\n                <\/div>\n\n            <\/div>\n        <\/div>\n                <div class=\"blfe-post-grid-item\">\n            <div class=\"blfe-post-grid-item-inner blfe-modern-zoom\">\n                        <div class=\"blfe-post-grid-bg-image\">\n            <a class=\"blfe-post-grid-image-inner\" href=\"https:\/\/soymigrante.com\/revista\/asi-surgio-mojado-cancion-ricardo-arjona-con-grupo-intocable-un-autentico-himno-al-migrante\/\" title=\"As\u00ed surgi\u00f3 Mojado, canci\u00f3n de Ricardo Arjona con grupo Intocable: un himno al migrante\" rel=\"nofollow\" target=\"_blank\"><img decoding=\"async\" src=\"https:\/\/soymigrante.com\/revista\/wp-content\/uploads\/2025\/07\/mojado-ricardo-arjona-2.webp\" alt=\"As\u00ed surgi\u00f3 Mojado, canci\u00f3n de Ricardo Arjona con grupo Intocable: un himno al migrante\"\/><\/a>        <\/div>\n                        <div class=\"blfe-post-grid-details\">\n                    <div class=\"blfe-post-grid-details-inner\">\n                        <span class=\"blfe-post-category\"><a href=\"https:\/\/soymigrante.com\/revista\/category\/estamos-unidos\/\">Estamos Unidos<\/a><\/span>                        <h3 class=\"blfe-post-grid-title\">\n            <a href=\"https:\/\/soymigrante.com\/revista\/asi-surgio-mojado-cancion-ricardo-arjona-con-grupo-intocable-un-autentico-himno-al-migrante\/\" title=\"As\u00ed surgi\u00f3 Mojado, canci\u00f3n de Ricardo Arjona con grupo Intocable: un himno al migrante\" rel=\"nofollow\" target=\"_blank\">As\u00ed surgi\u00f3 Mojado, canci\u00f3n de Ricardo Arjona con grupo Intocable: un himno al migrante<\/a>\n            <\/h3>                                                            <div class=\"blfe-post-grid-meta\">\n                <span class=\"blfe-post-grid-time\"><i class=\"fas fa-book-reader\"><\/i>5 Min read<\/span>            <\/div>\n                                                        <\/div>\n                <\/div>\n\n            <\/div>\n        <\/div>\n                        <\/div>\n\n                        <\/div>\n            \n                        <div class=\"blfe-post-footer\">\n                        <\/div>\n            \t\t\t\t<\/div>\n\t\t\t\t<\/div>\n\t\t\t\t\t<\/div>\n\t\t\t\t<\/div>\n\t\t\t\t<\/div>\n\t\t","protected":false},"excerpt":{"rendered":"<p>Luis Grijalva es un migrante guatemalteco que competir\u00e1 en le prueba de 5000m este mi\u00e9rcoles 7 de agosto y buscar\u00e1 alcanzar la gloria ol\u00edmpica en Par\u00eds 2024. Luis Miguel Grijalva es un claro ejemplo del poder de los guatemaltecos, so\u00f1adores que luchan por un mejor futuro, un mejor lugar y por demostrar la fuerza y [&hellip;]<\/p>\n","protected":false},"author":19,"featured_media":7861,"comment_status":"open","ping_status":"open","sticky":false,"template":"","format":"standard","meta":{"_acf_changed":false,"_eb_attr":"","footnotes":""},"categories":[56],"tags":[],"class_list":["post-7832","post","type-post","status-publish","format-standard","has-post-thumbnail","hentry","category-lugar-de-voces"],"acf":[],"aioseo_notices":[],"aioseo_head":"\n\t\t<!-- All in One SEO Pro 4.9.6.2 - aioseo.com -->\n\t<meta name=\"description\" content=\"Considerado un verdadero himno migrante, este tema original del guatemalteco Ricardo Arjona fue una colaboraci\u00f3n con el grupo mexicano Intocable. As\u00ed se dio.\" \/>\n\t<meta name=\"robots\" content=\"max-snippet:-1, max-image-preview:large, max-video-preview:-1\" \/>\n\t<meta name=\"author\" content=\"Gustavo Montenegro\"\/>\n\t<link rel=\"canonical\" href=\"https:\/\/soymigrante.com\/revista\/asi-surgio-mojado-cancion-ricardo-arjona-con-grupo-intocable-un-autentico-himno-al-migrante\/\" \/>\n\t<meta name=\"generator\" content=\"All in One SEO Pro (AIOSEO) 4.9.6.2\" \/>\n\n\t\t<link rel=\"preconnect\" href=\"https:\/\/fonts.googleapis.com\" crossorigin>\n<link rel=\"preconnect\" href=\"https:\/\/fonts.gstatic.com\" crossorigin>\n\t\t<meta property=\"og:locale\" content=\"es_ES\" \/>\n\t\t<meta property=\"og:site_name\" content=\"SoyMigrante.com REVISTA \u2013 Nuestra misi\u00f3n es reconocer y dignificar al migrante.\" \/>\n\t\t<meta property=\"og:type\" content=\"article\" \/>\n\t\t<meta property=\"og:title\" content=\"Como surgi\u00f3 la canci\u00f3n Mojado de Ricardo Arjona con Intocable\" \/>\n\t\t<meta property=\"og:description\" content=\"Considerado un verdadero himno migrante, este tema original del guatemalteco Ricardo Arjona fue una colaboraci\u00f3n con el grupo mexicano Intocable. As\u00ed se dio.\" \/>\n\t\t<meta property=\"og:url\" content=\"https:\/\/soymigrante.com\/revista\/asi-surgio-mojado-cancion-ricardo-arjona-con-grupo-intocable-un-autentico-himno-al-migrante\/\" \/>\n\t\t<meta property=\"og:image\" content=\"https:\/\/soymigrante.com\/revista\/wp-content\/uploads\/2025\/07\/mojado-ricardo-arjona-2.webp\" \/>\n\t\t<meta property=\"og:image:secure_url\" content=\"https:\/\/soymigrante.com\/revista\/wp-content\/uploads\/2025\/07\/mojado-ricardo-arjona-2.webp\" \/>\n\t\t<meta property=\"og:image:width\" content=\"638\" \/>\n\t\t<meta property=\"og:image:height\" content=\"638\" \/>\n\t\t<meta property=\"article:published_time\" content=\"2025-07-17T18:46:17+00:00\" \/>\n\t\t<meta property=\"article:modified_time\" content=\"2025-07-17T19:16:50+00:00\" \/>\n\t\t<meta property=\"article:publisher\" content=\"https:\/\/www.facebook.com\/soymigrantecom\" \/>\n\t\t<meta name=\"twitter:card\" content=\"summary_large_image\" \/>\n\t\t<meta name=\"twitter:site\" content=\"@SoyMigrante_com\" \/>\n\t\t<meta name=\"twitter:title\" content=\"Como surgi\u00f3 la canci\u00f3n Mojado de Ricardo Arjona con Intocable\" \/>\n\t\t<meta name=\"twitter:description\" content=\"Considerado un verdadero himno migrante, este tema original del guatemalteco Ricardo Arjona fue una colaboraci\u00f3n con el grupo mexicano Intocable. As\u00ed se dio.\" \/>\n\t\t<meta name=\"twitter:creator\" content=\"@SoyMigrante_com\" \/>\n\t\t<meta name=\"twitter:image\" content=\"https:\/\/soymigrante.com\/revista\/wp-content\/uploads\/2025\/07\/mojado-ricardo-arjona-2.webp\" \/>\n\t\t<!-- All in One SEO Pro -->\r\n\t\t<title>Como surgi\u00f3 la canci\u00f3n Mojado de Ricardo Arjona con Intocable<\/title>\n\n","aioseo_head_json":{"title":"Como surgi\u00f3 la canci\u00f3n Mojado de Ricardo Arjona con Intocable","description":"Considerado un verdadero himno migrante, este tema original del guatemalteco Ricardo Arjona fue una colaboraci\u00f3n con el grupo mexicano Intocable. As\u00ed se dio.","canonical_url":"https:\/\/soymigrante.com\/revista\/asi-surgio-mojado-cancion-ricardo-arjona-con-grupo-intocable-un-autentico-himno-al-migrante\/","robots":"max-snippet:-1, max-image-preview:large, max-video-preview:-1","keywords":"","webmasterTools":{"miscellaneous":"&lt;link rel=\"preconnect\" href=\"https:\/\/fonts.googleapis.com\" crossorigin&gt;\n&lt;link rel=\"preconnect\" href=\"https:\/\/fonts.gstatic.com\" crossorigin&gt;"},"schema":null,"og:locale":"es_ES","og:site_name":"SoyMigrante.com REVISTA \u2013 Nuestra misi\u00f3n es reconocer y dignificar al migrante.","og:type":"article","og:title":"Como surgi\u00f3 la canci\u00f3n Mojado de Ricardo Arjona con Intocable","og:description":"Considerado un verdadero himno migrante, este tema original del guatemalteco Ricardo Arjona fue una colaboraci\u00f3n con el grupo mexicano Intocable. As\u00ed se dio.","og:url":"https:\/\/soymigrante.com\/revista\/asi-surgio-mojado-cancion-ricardo-arjona-con-grupo-intocable-un-autentico-himno-al-migrante\/","og:image":"https:\/\/soymigrante.com\/revista\/wp-content\/uploads\/2025\/07\/mojado-ricardo-arjona-2.webp","og:image:secure_url":"https:\/\/soymigrante.com\/revista\/wp-content\/uploads\/2025\/07\/mojado-ricardo-arjona-2.webp","og:image:width":638,"og:image:height":638,"article:published_time":"2025-07-17T18:46:17+00:00","article:modified_time":"2025-07-17T19:16:50+00:00","article:publisher":"https:\/\/www.facebook.com\/soymigrantecom","twitter:card":"summary_large_image","twitter:site":"@SoyMigrante_com","twitter:title":"Como surgi\u00f3 la canci\u00f3n Mojado de Ricardo Arjona con Intocable","twitter:description":"Considerado un verdadero himno migrante, este tema original del guatemalteco Ricardo Arjona fue una colaboraci\u00f3n con el grupo mexicano Intocable. As\u00ed se dio.","twitter:creator":"@SoyMigrante_com","twitter:image":"https:\/\/soymigrante.com\/revista\/wp-content\/uploads\/2025\/07\/mojado-ricardo-arjona-2.webp"},"aioseo_meta_data":{"post_id":"7832","title":null,"description":null,"keywords":null,"keyphrases":{"focus":{"keyphrase":"Luis Grijalva","score":60,"analysis":{"keyphraseInTitle":{"score":9,"maxScore":9,"error":0},"keyphraseInDescription":{"score":9,"maxScore":9,"error":0},"keyphraseLength":{"score":9,"maxScore":9,"error":0,"length":2},"keyphraseInURL":{"score":5,"maxScore":5,"error":0},"keyphraseInIntroduction":{"score":3,"maxScore":9,"error":1},"keyphraseInSubHeadings":{"score":3,"maxScore":9,"error":1},"keyphraseInImageAlt":{"score":3,"maxScore":9,"error":1},"keywordDensity":{"score":0,"type":"low","maxScore":9,"error":1}}},"additional":[{"keyphrase":"Luis grijalva","score":53,"analysis":{"keyphraseInDescription":{"score":9,"maxScore":9,"error":0},"keyphraseLength":{"score":9,"maxScore":9,"error":0,"length":2},"keyphraseInIntroduction":{"score":3,"maxScore":9,"error":1},"keyphraseInImageAlt":{"score":3,"maxScore":9,"error":1},"keywordDensity":{"score":0,"type":"low","maxScore":9,"error":1}}}]},"primary_term":null,"canonical_url":null,"og_title":null,"og_description":null,"og_object_type":"default","og_image_type":"default","og_image_url":null,"og_image_width":null,"og_image_height":null,"og_image_custom_url":null,"og_image_custom_fields":null,"og_video":"","og_custom_url":null,"og_article_section":null,"og_article_tags":null,"twitter_use_og":false,"twitter_card":"default","twitter_image_type":"default","twitter_image_url":null,"twitter_image_custom_url":null,"twitter_image_custom_fields":null,"twitter_title":null,"twitter_description":null,"schema":{"blockGraphs":[],"customGraphs":[],"default":{"data":{"Article":[],"Course":[],"Dataset":[],"FAQPage":[],"Movie":[],"Person":[],"Product":[],"ProductReview":[],"Car":[],"Recipe":[],"Service":[],"SoftwareApplication":[],"WebPage":[]},"graphName":"Article","isEnabled":true},"graphs":[]},"schema_type":"default","schema_type_options":null,"pillar_content":false,"robots_default":true,"robots_noindex":false,"robots_noarchive":false,"robots_nosnippet":false,"robots_nofollow":false,"robots_noimageindex":false,"robots_noodp":false,"robots_notranslate":false,"robots_max_snippet":"-1","robots_max_videopreview":"-1","robots_max_imagepreview":"large","priority":null,"frequency":"default","local_seo":null,"seo_analyzer_scan_date":"2025-10-08 22:27:46","breadcrumb_settings":null,"limit_modified_date":false,"reviewed_by":null,"open_ai":"{\"title\":{\"suggestions\":[],\"usage\":0},\"description\":{\"suggestions\":[],\"usage\":0}}","ai":null,"created":"2024-08-06 20:31:34","updated":"2026-02-04 12:31:23"},"aioseo_breadcrumb":"<div class=\"aioseo-breadcrumbs\"><span class=\"aioseo-breadcrumb\">\n\t<a href=\"https:\/\/soymigrante.com\/revista\" title=\"Home\">Home<\/a>\n<\/span><span class=\"aioseo-breadcrumb-separator\">\u00bb<\/span><span class=\"aioseo-breadcrumb\">\n\t<a href=\"https:\/\/soymigrante.com\/revista\/category\/estamos-unidos\/\" title=\"Estamos Unidos\">Estamos Unidos<\/a>\n<\/span><span class=\"aioseo-breadcrumb-separator\">\u00bb<\/span><span class=\"aioseo-breadcrumb\">\n\t<a href=\"https:\/\/soymigrante.com\/revista\/category\/estamos-unidos\/lugar-de-voces\/\" title=\"Lugar de Voces\">Lugar de Voces<\/a>\n<\/span><span class=\"aioseo-breadcrumb-separator\">\u00bb<\/span><span class=\"aioseo-breadcrumb\">\n\tLuis Grijalva el migrante dreamer que sue\u00f1a con la medalla\n<\/span><\/div>","aioseo_breadcrumb_json":[{"label":"Home","link":"https:\/\/soymigrante.com\/revista"},{"label":"Estamos Unidos","link":"https:\/\/soymigrante.com\/revista\/category\/estamos-unidos\/"},{"label":"Lugar de Voces","link":"https:\/\/soymigrante.com\/revista\/category\/estamos-unidos\/lugar-de-voces\/"},{"label":"Luis Grijalva el migrante dreamer que sue\u00f1a con la medalla","link":"https:\/\/soymigrante.com\/revista\/luis-grijalva-el-migrante-dreamer-que-suena-con-la-medalla\/"}],"_links":{"self":[{"href":"https:\/\/soymigrante.com\/revista\/wp-json\/wp\/v2\/posts\/7832","targetHints":{"allow":["GET"]}}],"collection":[{"href":"https:\/\/soymigrante.com\/revista\/wp-json\/wp\/v2\/posts"}],"about":[{"href":"https:\/\/soymigrante.com\/revista\/wp-json\/wp\/v2\/types\/post"}],"author":[{"embeddable":true,"href":"https:\/\/soymigrante.com\/revista\/wp-json\/wp\/v2\/users\/19"}],"replies":[{"embeddable":true,"href":"https:\/\/soymigrante.com\/revista\/wp-json\/wp\/v2\/comments?post=7832"}],"version-history":[{"count":0,"href":"https:\/\/soymigrante.com\/revista\/wp-json\/wp\/v2\/posts\/7832\/revisions"}],"wp:featuredmedia":[{"embeddable":true,"href":"https:\/\/soymigrante.com\/revista\/wp-json\/wp\/v2\/media\/7861"}],"wp:attachment":[{"href":"https:\/\/soymigrante.com\/revista\/wp-json\/wp\/v2\/media?parent=7832"}],"wp:term":[{"taxonomy":"category","embeddable":true,"href":"https:\/\/soymigrante.com\/revista\/wp-json\/wp\/v2\/categories?post=7832"},{"taxonomy":"post_tag","embeddable":true,"href":"https:\/\/soymigrante.com\/revista\/wp-json\/wp\/v2\/tags?post=7832"}],"curies":[{"name":"wp","href":"https:\/\/api.w.org\/{rel}","templated":true}]}}