{"id":782,"date":"2026-02-26T10:14:31","date_gmt":"2026-02-26T16:14:31","guid":{"rendered":"https:\/\/soymigrante.wpengine.com\/?p=782"},"modified":"2026-04-08T04:01:26","modified_gmt":"2026-04-08T10:01:26","slug":"yolnabaj-es-su-nombre-original-pero-tambien-le-llaman-laguna-brava","status":"publish","type":"post","link":"https:\/\/soymigrante.com\/revista\/yolnabaj-es-su-nombre-original-pero-tambien-le-llaman-laguna-brava\/","title":{"rendered":"\u00bfPor qu\u00e9 vale la pena el largo viaje hasta la Laguna Brava en Huehuetenango?"},"content":{"rendered":"\t\t<div data-elementor-type=\"wp-post\" data-elementor-id=\"782\" class=\"elementor elementor-782\" data-elementor-post-type=\"post\">\n\t\t\t\t<div data-particle_enable=\"false\" data-particle-mobile-disabled=\"false\" class=\"elementor-element elementor-element-9d55896 e-flex e-con-boxed e-con e-parent\" data-id=\"9d55896\" data-element_type=\"container\" data-e-type=\"container\">\n\t\t\t\t\t<div class=\"e-con-inner\">\n\t\t\t\t<div class=\"elementor-element elementor-element-7142959 elementor-widget elementor-widget-heading\" data-id=\"7142959\" data-element_type=\"widget\" data-e-type=\"widget\" data-widget_type=\"heading.default\">\n\t\t\t\t\t<h2 class=\"elementor-heading-title elementor-size-default\"><span style=\"font-size: 31.2px\">La Laguna Brava de Huehuetenango es un remanso de aguas turquesas, en una zona todav\u00eda bastante inaccesible y distante de Nent\u00f3n, Huehuetenango. \u00bfA qu\u00e9 distancia est\u00e1? \u00bfQu\u00e9 se puede encontrar? \n\n<\/span><\/h2>\t\t\t\t<\/div>\n\t\t\t\t\t<\/div>\n\t\t\t\t<\/div>\n\t\t<div data-particle_enable=\"false\" data-particle-mobile-disabled=\"false\" class=\"elementor-element elementor-element-cc0b0e2 e-flex e-con-boxed e-con e-parent\" data-id=\"cc0b0e2\" data-element_type=\"container\" data-e-type=\"container\">\n\t\t\t\t\t<div class=\"e-con-inner\">\n\t\t\t\t<div class=\"elementor-element elementor-element-06ee23b elementor-widget elementor-widget-text-editor\" data-id=\"06ee23b\" data-element_type=\"widget\" data-e-type=\"widget\" data-widget_type=\"text-editor.default\">\n\t\t\t\t\t\t\t\t\t<p>La Laguna Brava en Nent\u00f3n, <a href=\"https:\/\/soymigrante.com\/revista\/departamentos-de-guatemala-huehuetenango-la-tierra-de-kaibil-balam-tesoro-cultural-y-natural\/\">Huehuetenango <\/a>uno de los destinos ecotur\u00edsticos m\u00e1s ansiados por muchos visitantes, pero no es sencillo llegar hasta ella. Es un viaje largo que puede requerir pernoctar en la cabecera departamental o bien hacer m\u00e1s de 12 horas de camino.<\/p>\n<p>Se requiere veh\u00edculo de doble tracci\u00f3n con neum\u00e1ticos en buen estado, as\u00ed como la planificaci\u00f3n necesaria para poder pernoctar all\u00ed debido a lo largo del viaje. Lo que s\u00ed es seguro es que vale la pena estar all\u00ed, literalmente.<\/p>\t\t\t\t\t\t\t\t<\/div>\n\t\t\t\t\t<\/div>\n\t\t\t\t<\/div>\n\t\t<div data-particle_enable=\"false\" data-particle-mobile-disabled=\"false\" class=\"elementor-element elementor-element-7f9b87d e-flex e-con-boxed e-con e-parent\" data-id=\"7f9b87d\" data-element_type=\"container\" data-e-type=\"container\">\n\t\t\t\t\t<div class=\"e-con-inner\">\n\t\t\t\t<div class=\"elementor-element elementor-element-a2fb1a4 elementor-widget elementor-widget-image\" data-id=\"a2fb1a4\" data-element_type=\"widget\" data-e-type=\"widget\" data-widget_type=\"image.default\">\n\t\t\t\t\t\t\t\t\t\t\t\t<figure class=\"wp-caption\">\n\t\t\t\t\t\t\t\t\t\t<img fetchpriority=\"high\" decoding=\"async\" width=\"1024\" height=\"683\" src=\"https:\/\/soymigrante.com\/revista\/wp-content\/uploads\/2023\/03\/Laguna-Brava-en-Nenton-Huehuetenango.-Fotos-de-Abel-Juarez-3-1024x683.jpg\" class=\"attachment-large size-large wp-image-784\" alt=\"El paisaje de la Laguna Brava o Yolnabaj es sereno y a la vez impresionante. Es un viaje largo pero debidamente planificado y con gu\u00eda experta es una vivencia inolvidable.\" srcset=\"https:\/\/soymigrante.com\/revista\/wp-content\/uploads\/2023\/03\/Laguna-Brava-en-Nenton-Huehuetenango.-Fotos-de-Abel-Juarez-3-1024x683.jpg 1024w, https:\/\/soymigrante.com\/revista\/wp-content\/uploads\/2023\/03\/Laguna-Brava-en-Nenton-Huehuetenango.-Fotos-de-Abel-Juarez-3-300x200.webp 300w, https:\/\/soymigrante.com\/revista\/wp-content\/uploads\/2023\/03\/Laguna-Brava-en-Nenton-Huehuetenango.-Fotos-de-Abel-Juarez-3-768x512.jpg 768w, https:\/\/soymigrante.com\/revista\/wp-content\/uploads\/2023\/03\/Laguna-Brava-en-Nenton-Huehuetenango.-Fotos-de-Abel-Juarez-3-1536x1024.jpg 1536w, https:\/\/soymigrante.com\/revista\/wp-content\/uploads\/2023\/03\/Laguna-Brava-en-Nenton-Huehuetenango.-Fotos-de-Abel-Juarez-3-750x500.webp 750w, https:\/\/soymigrante.com\/revista\/wp-content\/uploads\/2023\/03\/Laguna-Brava-en-Nenton-Huehuetenango.-Fotos-de-Abel-Juarez-3-1140x760.jpg 1140w, https:\/\/soymigrante.com\/revista\/wp-content\/uploads\/2023\/03\/Laguna-Brava-en-Nenton-Huehuetenango.-Fotos-de-Abel-Juarez-3-600x400.jpg 600w, https:\/\/soymigrante.com\/revista\/wp-content\/uploads\/2023\/03\/Laguna-Brava-en-Nenton-Huehuetenango.-Fotos-de-Abel-Juarez-3.webp 1920w\" sizes=\"(max-width: 1024px) 100vw, 1024px\" title=\"El paisaje de la Laguna Brava o Yolnabaj es sereno y a la vez impresionante. Es un viaje largo pero debidamente planificado y con gu\u00eda experta es una vivencia inolvidable. \u2013 SoyMigrante.com REVISTA\" \/>\t\t\t\t\t\t\t\t\t\t\t<figcaption class=\"widget-image-caption wp-caption-text\">El paisaje de la Laguna Brava o Yolnabaj es sereno y a la vez impresionante. Es un viaje largo pero debidamente planificado y con gu\u00eda experta es una vivencia inolvidable.<\/figcaption>\n\t\t\t\t\t\t\t\t\t\t<\/figure>\n\t\t\t\t\t\t\t\t\t<\/div>\n\t\t\t\t\t<\/div>\n\t\t\t\t<\/div>\n\t\t<div data-particle_enable=\"false\" data-particle-mobile-disabled=\"false\" class=\"elementor-element elementor-element-aad10d8 e-flex e-con-boxed e-con e-parent\" data-id=\"aad10d8\" data-element_type=\"container\" data-e-type=\"container\">\n\t\t\t\t\t<div class=\"e-con-inner\">\n\t\t\t\t<div class=\"elementor-element elementor-element-a7b00d9 elementor-widget elementor-widget-heading\" data-id=\"a7b00d9\" data-element_type=\"widget\" data-e-type=\"widget\" data-widget_type=\"heading.default\">\n\t\t\t\t\t<h3 class=\"elementor-heading-title elementor-size-default\">\u00bfA qu\u00e9 distancia est\u00e1 realmente la Laguna Brava?<\/h3>\t\t\t\t<\/div>\n\t\t\t\t\t<\/div>\n\t\t\t\t<\/div>\n\t\t<div data-particle_enable=\"false\" data-particle-mobile-disabled=\"false\" class=\"elementor-element elementor-element-ae624d4 e-flex e-con-boxed e-con e-parent\" data-id=\"ae624d4\" data-element_type=\"container\" data-e-type=\"container\">\n\t\t\t\t\t<div class=\"e-con-inner\">\n\t\t\t\t<div class=\"elementor-element elementor-element-4234116 elementor-widget elementor-widget-text-editor\" data-id=\"4234116\" data-element_type=\"widget\" data-e-type=\"widget\" data-widget_type=\"text-editor.default\">\n\t\t\t\t\t\t\t\t\t<p>De la ciudad capital de Guatemala la Laguna Brava se encuentra a 427 kil\u00f3metros, lo cual puede implicar unas 9 o 10 horas de viaje, de las cuales cinco son hasta la cabecera de <a href=\"https:\/\/soymigrante.com\/revista\/departamentos-de-guatemala-huehuetenango-la-tierra-de-kaibil-balam-tesoro-cultural-y-natural\/\">Huehuetenango<\/a>. Ello sin contar contratiempos de tr\u00e1nsito que pueda haber en el camino.\u00a0<\/p>\n<p>Se encuentra a 1142 metros sobre el nivel del mar. Hay varias rutas para llegar a sus riberas. S\u00ed, esta lejos y lleva buenas horas llegar. Pero una vez all\u00ed, todo se olvida porque solo queda la sorpresa, la admiraci\u00f3n y la paz ante sus aguas.<\/p>\t\t\t\t\t\t\t\t<\/div>\n\t\t\t\t\t<\/div>\n\t\t\t\t<\/div>\n\t\t<div data-particle_enable=\"false\" data-particle-mobile-disabled=\"false\" class=\"elementor-element elementor-element-5b8fdf7 e-flex e-con-boxed e-con e-parent\" data-id=\"5b8fdf7\" data-element_type=\"container\" data-e-type=\"container\">\n\t\t\t\t\t<div class=\"e-con-inner\">\n\t\t\t\t<div class=\"elementor-element elementor-element-a34b96f elementor-widget elementor-widget-html\" data-id=\"a34b96f\" data-element_type=\"widget\" data-e-type=\"widget\" data-widget_type=\"html.default\">\n\t\t\t\t\t<iframe src=\"https:\/\/www.google.com\/maps\/embed?pb=!1m18!1m12!1m3!1d31300.048310337494!2d-91.56902716196753!3d16.046182371383956!2m3!1f0!2f0!3f0!3m2!1i1024!2i768!4f13.1!3m3!1m2!1s0x858cec7bac46f3e5%3A0xe4e9a99a0593beab!2sYolnabaj!5e1!3m2!1ses!2sgt!4v1772121688693!5m2!1ses!2sgt\" width=\"600\" height=\"450\" style=\"border:0;\" allowfullscreen=\"\" loading=\"lazy\" referrerpolicy=\"no-referrer-when-downgrade\"><\/iframe>\t\t\t\t<\/div>\n\t\t\t\t\t<\/div>\n\t\t\t\t<\/div>\n\t\t<div data-particle_enable=\"false\" data-particle-mobile-disabled=\"false\" class=\"elementor-element elementor-element-c6a8d1d e-flex e-con-boxed e-con e-parent\" data-id=\"c6a8d1d\" data-element_type=\"container\" data-e-type=\"container\">\n\t\t\t\t\t<div class=\"e-con-inner\">\n\t\t\t\t<div class=\"elementor-element elementor-element-5ad8f6a elementor-widget elementor-widget-heading\" data-id=\"5ad8f6a\" data-element_type=\"widget\" data-e-type=\"widget\" data-widget_type=\"heading.default\">\n\t\t\t\t\t<h3 class=\"elementor-heading-title elementor-size-default\">\u00bfCu\u00e1l es el nombre prehisp\u00e1nico de la Laguna Brava?<\/h3>\t\t\t\t<\/div>\n\t\t\t\t\t<\/div>\n\t\t\t\t<\/div>\n\t\t<div data-particle_enable=\"false\" data-particle-mobile-disabled=\"false\" class=\"elementor-element elementor-element-51b6109 e-flex e-con-boxed e-con e-parent\" data-id=\"51b6109\" data-element_type=\"container\" data-e-type=\"container\">\n\t\t\t\t\t<div class=\"e-con-inner\">\n\t\t\t\t<div class=\"elementor-element elementor-element-338c702 elementor-widget elementor-widget-text-editor\" data-id=\"338c702\" data-element_type=\"widget\" data-e-type=\"widget\" data-widget_type=\"text-editor.default\">\n\t\t\t\t\t\t\t\t\t<ol>\n<li style=\"list-style-type: none;\">\n<ul>\n<li>En idioma <a href=\"https:\/\/soymigrante.com\/revista\/el-pueblo-chuj-tiene-firme-raiz-en-las-montanas-de-huehuetenango\/\">maya chuj<\/a> se le llama Yolnabaj, el cual proviene de dos t\u00e9rminos: Ob (bravo) y Nhajab (laguna), pronunciados Obnhajab&#8217;, de la cual se deriv\u00f3 el t\u00e9rmino actualmente conocid de Yolnabaj.\u00a0 Posiblemente aluda a los fuertes vientos que a determinadas horas corren entre sus escarpados riscos y que agitan sus aguas.<\/li>\n<\/ul>\n<\/li>\n<\/ol>\n<figure class=\"wp-block-image size-large\"><\/figure>\n<p><!-- \/wp:image --><!-- wp:embed {\"url\":\"https:\/\/lagunabravahuehuetenango.com\",\"type\":\"wp-embed\",\"providerNameSlug\":\"laguna-brava-huehuetenango\"} --><\/p>\n<p><!-- \/wp:embed --><!-- wp:paragraph --><\/p>\n<p><!-- \/wp:paragraph --><!-- wp:paragraph --><\/p>\n<p><!-- \/wp:paragraph --><!-- wp:embed {\"url\":\"https:\/\/twitter.com\/raulbrindis\/status\/1499856176909107203?s=20\\u0026t=WKpL92akWXUmODH_m8Da7A\",\"type\":\"rich\",\"providerNameSlug\":\"twitter\",\"responsive\":true,\"align\":\"center\"} --><\/p>\n<p><!-- \/wp:embed --><\/p>\t\t\t\t\t\t\t\t<\/div>\n\t\t\t\t\t<\/div>\n\t\t\t\t<\/div>\n\t\t<div data-particle_enable=\"false\" data-particle-mobile-disabled=\"false\" class=\"elementor-element elementor-element-d844db7 e-flex e-con-boxed e-con e-parent\" data-id=\"d844db7\" data-element_type=\"container\" data-e-type=\"container\">\n\t\t\t\t\t<div class=\"e-con-inner\">\n\t\t\t\t<div class=\"elementor-element elementor-element-5945c55 elementor-widget elementor-widget-image\" data-id=\"5945c55\" data-element_type=\"widget\" data-e-type=\"widget\" data-widget_type=\"image.default\">\n\t\t\t\t\t\t\t\t\t\t\t\t<figure class=\"wp-caption\">\n\t\t\t\t\t\t\t\t\t\t<img decoding=\"async\" width=\"1024\" height=\"576\" src=\"https:\/\/soymigrante.com\/revista\/wp-content\/uploads\/2023\/03\/3-GUATE-NUESTRA-LAGUNA-BRAVA-VISTA-GOOGLE-EARTH-1024x576.jpg\" class=\"attachment-large size-large wp-image-783\" alt=\"Vista satelital de la Laguna Brava en Nent\u00f3n Huehuetenango. Se puede apreciar su peculiar forma. Es el segundo cuerpo de agua de mayor tama\u00f1o en el Occidente de Guatemala, solo superada por el lago de Atitl\u00e1n.\" srcset=\"https:\/\/soymigrante.com\/revista\/wp-content\/uploads\/2023\/03\/3-GUATE-NUESTRA-LAGUNA-BRAVA-VISTA-GOOGLE-EARTH-1024x576.jpg 1024w, https:\/\/soymigrante.com\/revista\/wp-content\/uploads\/2023\/03\/3-GUATE-NUESTRA-LAGUNA-BRAVA-VISTA-GOOGLE-EARTH-300x169.webp 300w, https:\/\/soymigrante.com\/revista\/wp-content\/uploads\/2023\/03\/3-GUATE-NUESTRA-LAGUNA-BRAVA-VISTA-GOOGLE-EARTH-768x432.jpg 768w, https:\/\/soymigrante.com\/revista\/wp-content\/uploads\/2023\/03\/3-GUATE-NUESTRA-LAGUNA-BRAVA-VISTA-GOOGLE-EARTH-750x422.webp 750w, https:\/\/soymigrante.com\/revista\/wp-content\/uploads\/2023\/03\/3-GUATE-NUESTRA-LAGUNA-BRAVA-VISTA-GOOGLE-EARTH-1140x641.jpg 1140w, https:\/\/soymigrante.com\/revista\/wp-content\/uploads\/2023\/03\/3-GUATE-NUESTRA-LAGUNA-BRAVA-VISTA-GOOGLE-EARTH.webp 1280w\" sizes=\"(max-width: 1024px) 100vw, 1024px\" title=\"Vista satelital de la Laguna Brava en Nent\u00f3n Huehuetenango. Se puede apreciar su peculiar forma. Es el segundo cuerpo de agua de mayor tama\u00f1o en el Occidente de Guatemala, solo superada por el lago de Atitl\u00e1n. \u2013 SoyMigrante.com REVISTA\" \/>\t\t\t\t\t\t\t\t\t\t\t<figcaption class=\"widget-image-caption wp-caption-text\">Vista satelital de la Laguna Brava en Nent\u00f3n Huehuetenango. Se puede apreciar su peculiar forma. Es el segundo cuerpo de agua de mayor tama\u00f1o en el Occidente de Guatemala, solo superada por el lago de Atitl\u00e1n. La l\u00ednea roja marca una longitud de 15 kil\u00f3metros, que est\u00e1n constituidos por terrenos empinados en mayor\u00eda.<\/figcaption>\n\t\t\t\t\t\t\t\t\t\t<\/figure>\n\t\t\t\t\t\t\t\t\t<\/div>\n\t\t\t\t\t<\/div>\n\t\t\t\t<\/div>\n\t\t<div data-particle_enable=\"false\" data-particle-mobile-disabled=\"false\" class=\"elementor-element elementor-element-5ee6017 e-flex e-con-boxed e-con e-parent\" data-id=\"5ee6017\" data-element_type=\"container\" data-e-type=\"container\">\n\t\t\t\t\t<div class=\"e-con-inner\">\n\t\t\t\t<div class=\"elementor-element elementor-element-fc59fe0 elementor-widget elementor-widget-heading\" data-id=\"fc59fe0\" data-element_type=\"widget\" data-e-type=\"widget\" data-widget_type=\"heading.default\">\n\t\t\t\t\t<h3 class=\"elementor-heading-title elementor-size-default\">\u00bfQu\u00e9 extensi\u00f3n tiene la Laguna Brava?<\/h3>\t\t\t\t<\/div>\n\t\t\t\t\t<\/div>\n\t\t\t\t<\/div>\n\t\t<div data-particle_enable=\"false\" data-particle-mobile-disabled=\"false\" class=\"elementor-element elementor-element-8ab4fa1 e-flex e-con-boxed e-con e-parent\" data-id=\"8ab4fa1\" data-element_type=\"container\" data-e-type=\"container\">\n\t\t\t\t\t<div class=\"e-con-inner\">\n\t\t\t\t<div class=\"elementor-element elementor-element-2a688d9 elementor-widget elementor-widget-text-editor\" data-id=\"2a688d9\" data-element_type=\"widget\" data-e-type=\"widget\" data-widget_type=\"text-editor.default\">\n\t\t\t\t\t\t\t\t\t<p>La Laguna Brava, por su extensi\u00f3n podr\u00eda considerarse m\u00e1s bien un lago. De hecho es el segundo mayor cuerpo de agua en extension, solo superada por el <a href=\"https:\/\/soymigrante.com\/revista\/atitlan-lago-de-atitlan\/\">Lago de Atitl\u00e1n.<\/a><\/p>\n<p>Sin embargo quiz\u00e1 por su forma irregular y su ubicaci\u00f3n en una marcada cuenca sea m\u00e1s coloquial y conocida como laguna. Tiene una extensi\u00f3n\u00a0 de 8.9 kil\u00f3metros cuadrados. Debido a su localizaci\u00f3n y a los pocos poblados pr\u00f3ximos, Yolnabaj se ha mantenido a salvo de la contaminaci\u00f3n. Tambi\u00e9n cuenta con un entorno boscoso que asegura sus cuencas, aunque ya comienzan a reportarse \u00e1reas de tala ilegal que a largo plazo podr\u00edan convertirse en amenaza.<\/p>\t\t\t\t\t\t\t\t<\/div>\n\t\t\t\t\t<\/div>\n\t\t\t\t<\/div>\n\t\t<div data-particle_enable=\"false\" data-particle-mobile-disabled=\"false\" class=\"elementor-element elementor-element-0509165 e-flex e-con-boxed e-con e-parent\" data-id=\"0509165\" data-element_type=\"container\" data-e-type=\"container\">\n\t\t\t\t\t<div class=\"e-con-inner\">\n\t\t\t\t<div class=\"elementor-element elementor-element-7849932 elementor-widget elementor-widget-video\" data-id=\"7849932\" data-element_type=\"widget\" data-e-type=\"widget\" data-settings=\"{&quot;youtube_url&quot;:&quot;https:\\\/\\\/www.youtube.com\\\/watch?v=56WoEx0y5wo&amp;t=1243s&quot;,&quot;start&quot;:340,&quot;video_type&quot;:&quot;youtube&quot;,&quot;controls&quot;:&quot;yes&quot;}\" data-widget_type=\"video.default\">\n\t\t\t\t\t\t\t<div class=\"elementor-wrapper elementor-open-inline\">\n\t\t\t<div class=\"elementor-video\"><\/div>\t\t<\/div>\n\t\t\t\t\t\t<\/div>\n\t\t\t\t\t<\/div>\n\t\t\t\t<\/div>\n\t\t<div data-particle_enable=\"false\" data-particle-mobile-disabled=\"false\" class=\"elementor-element elementor-element-5ea1e4c e-flex e-con-boxed e-con e-parent\" data-id=\"5ea1e4c\" data-element_type=\"container\" data-e-type=\"container\">\n\t\t\t\t\t<div class=\"e-con-inner\">\n\t\t\t\t<div class=\"elementor-element elementor-element-db7cd48 elementor-widget elementor-widget-heading\" data-id=\"db7cd48\" data-element_type=\"widget\" data-e-type=\"widget\" data-widget_type=\"heading.default\">\n\t\t\t\t\t<h3 class=\"elementor-heading-title elementor-size-default\">\u00bfC\u00f3mo se origin\u00f3 la Laguna Brava?<\/h3>\t\t\t\t<\/div>\n\t\t\t\t\t<\/div>\n\t\t\t\t<\/div>\n\t\t<div data-particle_enable=\"false\" data-particle-mobile-disabled=\"false\" class=\"elementor-element elementor-element-1ed0242 e-flex e-con-boxed e-con e-parent\" data-id=\"1ed0242\" data-element_type=\"container\" data-e-type=\"container\">\n\t\t\t\t\t<div class=\"e-con-inner\">\n\t\t\t\t<div class=\"elementor-element elementor-element-ccaaf85 elementor-widget elementor-widget-text-editor\" data-id=\"ccaaf85\" data-element_type=\"widget\" data-e-type=\"widget\" data-widget_type=\"text-editor.default\">\n\t\t\t\t\t\t\t\t\t<p><span style=\"color: var( --e-global-color-text ); text-align: var(--text-align);\">Su origen es k\u00e1rstico: es decir se trata de una cuenca formada por altas concentraciones de piedra caliza que no permite la filtraci\u00f3n. Este factor es el causante del particular aspecto a casa de la difracci\u00f3n de la luz solar en sus aguas contra el fondo calizo. POr supuesto, la ausencia de contaminaci\u00f3n mantiene este efecto del agua transparente.<\/span><\/p>\n<p><span style=\"color: var( --e-global-color-text ); text-align: var(--text-align);\">Este tipo de cuenca es compartido por\u00a0<\/span><span style=\"color: var( --e-global-color-text ); text-align: var(--text-align);\">m\u00e1s de 60 lagos, lagunas y cenotes localizados entre el noroccidente de Guatemala y Chiapas, M\u00e9xico<\/span><\/p>\t\t\t\t\t\t\t\t<\/div>\n\t\t\t\t\t<\/div>\n\t\t\t\t<\/div>\n\t\t<div data-particle_enable=\"false\" data-particle-mobile-disabled=\"false\" class=\"elementor-element elementor-element-000efba e-flex e-con-boxed e-con e-parent\" data-id=\"000efba\" data-element_type=\"container\" data-e-type=\"container\">\n\t\t\t\t\t<div class=\"e-con-inner\">\n\t\t\t\t<div class=\"elementor-element elementor-element-9baac30 elementor-widget elementor-widget-heading\" data-id=\"9baac30\" data-element_type=\"widget\" data-e-type=\"widget\" data-widget_type=\"heading.default\">\n\t\t\t\t\t<h3 class=\"elementor-heading-title elementor-size-default\">\u00bfExisten lagunas similares cerca de la Laguna Brava?<\/h3>\t\t\t\t<\/div>\n\t\t\t\t\t<\/div>\n\t\t\t\t<\/div>\n\t\t<div data-particle_enable=\"false\" data-particle-mobile-disabled=\"false\" class=\"elementor-element elementor-element-70246da e-flex e-con-boxed e-con e-parent\" data-id=\"70246da\" data-element_type=\"container\" data-e-type=\"container\">\n\t\t\t\t\t<div class=\"e-con-inner\">\n\t\t\t\t<div class=\"elementor-element elementor-element-814e139 elementor-widget elementor-widget-text-editor\" data-id=\"814e139\" data-element_type=\"widget\" data-e-type=\"widget\" data-widget_type=\"text-editor.default\">\n\t\t\t\t\t\t\t\t\t<p>\u00a0A unos 8 kil\u00f3metros de Yolnabaj se localizan 3 cenotes: pozos naturales en depresiones en la roca. Se les denomina popularmente el cenote Azul, el Turquesa y el Verde. Pero para visitarlos con seguridad es mejor solicitarlo a los gu\u00edas locales.<\/p>\t\t\t\t\t\t\t\t<\/div>\n\t\t\t\t\t<\/div>\n\t\t\t\t<\/div>\n\t\t<div data-particle_enable=\"false\" data-particle-mobile-disabled=\"false\" class=\"elementor-element elementor-element-be820f2 e-flex e-con-boxed e-con e-parent\" data-id=\"be820f2\" data-element_type=\"container\" data-e-type=\"container\">\n\t\t\t\t\t<div class=\"e-con-inner\">\n\t\t\t\t<div class=\"elementor-element elementor-element-e6ff916 elementor-widget elementor-widget-facebook-page\" data-id=\"e6ff916\" data-element_type=\"widget\" data-e-type=\"widget\" data-widget_type=\"facebook-page.default\">\n\t\t\t\t\t<div class=\"elementor-facebook-widget fb-page\" data-href=\"https:\/\/www.facebook.com\/lagunabravahuehuetenango\" data-tabs=\"timeline\" data-height=\"500px\" data-width=\"500px\" data-small-header=\"false\" data-hide-cover=\"false\" data-show-facepile=\"true\" data-hide-cta=\"false\" style=\"min-height: 1px;height:500px\"><\/div>\t\t\t\t<\/div>\n\t\t\t\t\t<\/div>\n\t\t\t\t<\/div>\n\t\t<div data-particle_enable=\"false\" data-particle-mobile-disabled=\"false\" class=\"elementor-element elementor-element-8934d4b e-flex e-con-boxed e-con e-parent\" data-id=\"8934d4b\" data-element_type=\"container\" data-e-type=\"container\">\n\t\t\t\t\t<div class=\"e-con-inner\">\n\t\t\t\t<div class=\"elementor-element elementor-element-3ea5d4b elementor-widget elementor-widget-heading\" data-id=\"3ea5d4b\" data-element_type=\"widget\" data-e-type=\"widget\" data-widget_type=\"heading.default\">\n\t\t\t\t\t<h3 class=\"elementor-heading-title elementor-size-default\">\u00bfEs mejor la experiencia al visitar la Laguna Brava con gu\u00edas locales?<\/h3>\t\t\t\t<\/div>\n\t\t\t\t\t<\/div>\n\t\t\t\t<\/div>\n\t\t<div data-particle_enable=\"false\" data-particle-mobile-disabled=\"false\" class=\"elementor-element elementor-element-b934801 e-flex e-con-boxed e-con e-parent\" data-id=\"b934801\" data-element_type=\"container\" data-e-type=\"container\">\n\t\t\t\t\t<div class=\"e-con-inner\">\n\t\t\t\t<div class=\"elementor-element elementor-element-63c5773 elementor-widget elementor-widget-text-editor\" data-id=\"63c5773\" data-element_type=\"widget\" data-e-type=\"widget\" data-widget_type=\"text-editor.default\">\n\t\t\t\t\t\t\t\t\t<p>Empecemos diciendo que el ecoturismo es un generador de oportunidades y de ingresos para las comunidades cercana.\u00a0\u00a0<\/p>\n<p>Los pobladores de los arededores de la laguna ofrecen regularmente servicios de gu\u00eda, transporte y provisi\u00f3n de algunos elementos \u00fatiles, incluyendo salvavidas, trajes de ba\u00f1o o lanchas para atravesar el cuerpo de agua.\u00a0<\/p>\n<p>Los precios var\u00edan pero suelen ser m\u00f3dicos y es altamente recomendable contar con los servicios de un gu\u00eda local para evitar extraviarse, ya que por las noches la temperatura suele bajar abruptamente. As\u00ed tambi\u00e9n existen miradores u otros cenotes que pueden ser visitados con tranquilidad bajo la gu\u00eda de locales. Adem\u00e1s de esta manera se contribuye con la econom\u00eda de los lugare\u00f1os.<\/p>\t\t\t\t\t\t\t\t<\/div>\n\t\t\t\t\t<\/div>\n\t\t\t\t<\/div>\n\t\t<div data-particle_enable=\"false\" data-particle-mobile-disabled=\"false\" class=\"elementor-element elementor-element-277fe7c e-flex e-con-boxed e-con e-parent\" data-id=\"277fe7c\" data-element_type=\"container\" data-e-type=\"container\">\n\t\t\t\t\t<div class=\"e-con-inner\">\n\t\t\t\t<div class=\"elementor-element elementor-element-8df4d5a elementor-widget elementor-widget-image\" data-id=\"8df4d5a\" data-element_type=\"widget\" data-e-type=\"widget\" data-widget_type=\"image.default\">\n\t\t\t\t\t\t\t\t\t\t\t\t<figure class=\"wp-caption\">\n\t\t\t\t\t\t\t\t\t\t<img decoding=\"async\" width=\"1024\" height=\"1024\" src=\"https:\/\/soymigrante.com\/revista\/wp-content\/uploads\/2025\/04\/641674708_18529912732070006_5494854419564056499_n-1024x1024.jpg\" class=\"attachment-large size-large wp-image-52939\" alt=\"La Laguna Brava es un remanso de paz y se debe respetar eso, as\u00ed como evitar a toda costa todo tipo de contaminaci\u00f3n. Los comunitarios cuidan mucho el recurso natural y todo visitante debe ser respetuoso. (Foto Abel Ju\u00e1rez)\" srcset=\"https:\/\/soymigrante.com\/revista\/wp-content\/uploads\/2025\/04\/641674708_18529912732070006_5494854419564056499_n-1024x1024.jpg 1024w, https:\/\/soymigrante.com\/revista\/wp-content\/uploads\/2025\/04\/641674708_18529912732070006_5494854419564056499_n-300x300.jpg 300w, https:\/\/soymigrante.com\/revista\/wp-content\/uploads\/2025\/04\/641674708_18529912732070006_5494854419564056499_n-150x150.jpg 150w, https:\/\/soymigrante.com\/revista\/wp-content\/uploads\/2025\/04\/641674708_18529912732070006_5494854419564056499_n-768x768.jpg 768w, https:\/\/soymigrante.com\/revista\/wp-content\/uploads\/2025\/04\/641674708_18529912732070006_5494854419564056499_n-75x75.jpg 75w, https:\/\/soymigrante.com\/revista\/wp-content\/uploads\/2025\/04\/641674708_18529912732070006_5494854419564056499_n-750x750.jpg 750w, https:\/\/soymigrante.com\/revista\/wp-content\/uploads\/2025\/04\/641674708_18529912732070006_5494854419564056499_n-1140x1140.jpg 1140w, https:\/\/soymigrante.com\/revista\/wp-content\/uploads\/2025\/04\/641674708_18529912732070006_5494854419564056499_n.jpg 1440w\" sizes=\"(max-width: 1024px) 100vw, 1024px\" title=\"La Laguna Brava es un remanso de paz y se debe respetar eso, as\u00ed como evitar a toda costa todo tipo de contaminaci\u00f3n. Los comunitarios cuidan mucho el recurso natural y todo visitante debe ser respetuoso. (Foto Abel Ju\u00e1rez) \u2013 SoyMigrante.com REVISTA\" \/>\t\t\t\t\t\t\t\t\t\t\t<figcaption class=\"widget-image-caption wp-caption-text\">La Laguna Brava es un remanso de paz y se debe respetar eso, as\u00ed como evitar a toda costa todo tipo de contaminaci\u00f3n. Los comunitarios cuidan mucho el recurso natural y todo visitante debe ser respetuoso. (Foto Abel Ju\u00e1rez)<\/figcaption>\n\t\t\t\t\t\t\t\t\t\t<\/figure>\n\t\t\t\t\t\t\t\t\t<\/div>\n\t\t\t\t\t<\/div>\n\t\t\t\t<\/div>\n\t\t<div data-particle_enable=\"false\" data-particle-mobile-disabled=\"false\" class=\"elementor-element elementor-element-d2b32fd e-flex e-con-boxed e-con e-parent\" data-id=\"d2b32fd\" data-element_type=\"container\" data-e-type=\"container\">\n\t\t\t\t\t<div class=\"e-con-inner\">\n\t\t\t\t<div class=\"elementor-element elementor-element-1a92e8a elementor-widget elementor-widget-heading\" data-id=\"1a92e8a\" data-element_type=\"widget\" data-e-type=\"widget\" data-widget_type=\"heading.default\">\n\t\t\t\t\t<h3 class=\"elementor-heading-title elementor-size-default\">\u00bfA qu\u00e9 distancia est\u00e1 realmente la Laguna Brava?<\/h3>\t\t\t\t<\/div>\n\t\t\t\t\t<\/div>\n\t\t\t\t<\/div>\n\t\t<div data-particle_enable=\"false\" data-particle-mobile-disabled=\"false\" class=\"elementor-element elementor-element-61763f4 e-flex e-con-boxed e-con e-parent\" data-id=\"61763f4\" data-element_type=\"container\" data-e-type=\"container\">\n\t\t\t\t\t<div class=\"e-con-inner\">\n\t\t\t\t<div class=\"elementor-element elementor-element-30af28c elementor-widget elementor-widget-text-editor\" data-id=\"30af28c\" data-element_type=\"widget\" data-e-type=\"widget\" data-widget_type=\"text-editor.default\">\n\t\t\t\t\t\t\t\t\t<p>De la ciudad capital de Guatemala la Laguna Brava se encuentra a 427 kil\u00f3metros, lo cual puede implicar unas 9 o 10 horas de viaje, de las cuales cinco son hasta la cabecera de <a href=\"https:\/\/soymigrante.com\/revista\/departamentos-de-guatemala-huehuetenango-la-tierra-de-kaibil-balam-tesoro-cultural-y-natural\/\">Huehuetenango<\/a>. Ello sin contar contratiempos de tr\u00e1nsito que pueda haber en el camino.\u00a0<\/p>\n<p>S\u00ed, esta lejos y lleva buenas horas llegar. Pero una vez all\u00ed, todo se olvida porque solo queda la sorpresa, la admiraci\u00f3n y la paz ante sus aguas.<\/p>\t\t\t\t\t\t\t\t<\/div>\n\t\t\t\t\t<\/div>\n\t\t\t\t<\/div>\n\t\t<div data-particle_enable=\"false\" data-particle-mobile-disabled=\"false\" class=\"elementor-element elementor-element-6fc2bcd e-flex e-con-boxed e-con e-parent\" data-id=\"6fc2bcd\" data-element_type=\"container\" data-e-type=\"container\">\n\t\t\t\t\t<div class=\"e-con-inner\">\n\t\t\t\t<div class=\"elementor-element elementor-element-f216529 elementor-widget elementor-widget-heading\" data-id=\"f216529\" data-element_type=\"widget\" data-e-type=\"widget\" data-widget_type=\"heading.default\">\n\t\t\t\t\t<h2 class=\"elementor-heading-title elementor-size-default\">Naturaleza inagotable en Guatemala<\/h2>\t\t\t\t<\/div>\n\t\t\t\t\t<\/div>\n\t\t\t\t<\/div>\n\t\t<div data-particle_enable=\"false\" data-particle-mobile-disabled=\"false\" class=\"elementor-element elementor-element-b08a8e4 e-flex e-con-boxed e-con e-parent\" data-id=\"b08a8e4\" data-element_type=\"container\" data-e-type=\"container\">\n\t\t\t\t\t<div class=\"e-con-inner\">\n\t\t\t\t<div class=\"elementor-element elementor-element-d6f1839 elementor-grid-eael-col-3 elementor-grid-tablet-eael-col-2 elementor-grid-mobile-eael-col-1 elementor-widget elementor-widget-eael-post-grid\" data-id=\"d6f1839\" data-element_type=\"widget\" data-e-type=\"widget\" data-settings=\"{&quot;eael_post_grid_columns&quot;:&quot;eael-col-3&quot;,&quot;eael_post_grid_columns_tablet&quot;:&quot;eael-col-2&quot;,&quot;eael_post_grid_columns_mobile&quot;:&quot;eael-col-1&quot;}\" data-widget_type=\"eael-post-grid.default\">\n\t\t\t\t\t<div id=\"eael-post-grid-d6f1839\" class=\"eael-post-grid-container\">\n            <div class=\"eael-post-grid eael-post-appender eael-post-appender-d6f1839 eael-post-grid-style-one\" data-layout-mode=\"masonry\"><article class=\"eael-grid-post  eael-post-grid-column eael-pg-post-28307 category-guate-nuestra\" data-id=\"28307\">\n        <div class=\"eael-grid-post-holder\">\n            <div class=\"eael-grid-post-holder-inner\"><div class=\"eael-entry-media\"><div class=\"eael-entry-overlay fade-in\"><i class=\"far fa-hand-pointer\" aria-hidden=\"true\"><\/i><a href=\"https:\/\/soymigrante.com\/revista\/siempre-es-un-buen-dia-para-ir-a-pasear-a-rio-dulce\/\"><\/a><\/div><div class=\"eael-entry-thumbnail \">\n                <img loading=\"lazy\" decoding=\"async\" width=\"1024\" height=\"1024\" src=\"https:\/\/soymigrante.com\/revista\/wp-content\/uploads\/2025\/03\/rio-dulce-2-scaled-e1741974130663-1024x1024.jpg\" class=\"attachment-large size-large wp-image-28308\" alt=\"Puerto en R\u00edo Dulce, Guatemala, con antiguas fortalezas y abundantes palmas, reflej\u00e1ndose en aguas tranquilas, resaltando la belleza natural y cultural del destino tur\u00edstico.\" srcset=\"https:\/\/soymigrante.com\/revista\/wp-content\/uploads\/2025\/03\/rio-dulce-2-scaled-e1741974130663-1024x1024.jpg 1024w, https:\/\/soymigrante.com\/revista\/wp-content\/uploads\/2025\/03\/rio-dulce-2-scaled-e1741974130663-300x300.jpg 300w, https:\/\/soymigrante.com\/revista\/wp-content\/uploads\/2025\/03\/rio-dulce-2-scaled-e1741974130663-150x150.jpg 150w, https:\/\/soymigrante.com\/revista\/wp-content\/uploads\/2025\/03\/rio-dulce-2-scaled-e1741974130663-768x768.jpg 768w, https:\/\/soymigrante.com\/revista\/wp-content\/uploads\/2025\/03\/rio-dulce-2-scaled-e1741974130663-1536x1536.jpg 1536w, https:\/\/soymigrante.com\/revista\/wp-content\/uploads\/2025\/03\/rio-dulce-2-scaled-e1741974130663-75x75.webp 75w, https:\/\/soymigrante.com\/revista\/wp-content\/uploads\/2025\/03\/rio-dulce-2-scaled-e1741974130663-750x750.webp 750w, https:\/\/soymigrante.com\/revista\/wp-content\/uploads\/2025\/03\/rio-dulce-2-scaled-e1741974130663-1140x1140.webp 1140w, https:\/\/soymigrante.com\/revista\/wp-content\/uploads\/2025\/03\/rio-dulce-2-scaled-e1741974130663.webp 1707w\" sizes=\"(max-width: 1024px) 100vw, 1024px\" \/>\n            <\/div>\n        <\/div><div class=\"eael-entry-wrapper\"><header class=\"eael-entry-header\"><h2 class=\"eael-entry-title\"><a class=\"eael-grid-post-link\" href=\"https:\/\/soymigrante.com\/revista\/siempre-es-un-buen-dia-para-ir-a-pasear-a-rio-dulce\/\" title=\"Siempre es un buen d\u00eda para ir a pasear a R\u00edo Dulce\">Siempre es un buen d\u00eda para ir a pasear a R\u00edo Dulce<\/a><\/h2><\/header><div class=\"eael-entry-content\">\n                        <div class=\"eael-grid-post-excerpt\"><a href=\"https:\/\/soymigrante.com\/revista\/siempre-es-un-buen-dia-para-ir-a-pasear-a-rio-dulce\/\" class=\"eael-post-elements-readmore-btn\">CONOCE SU HISTORIA <\/a><\/div>\n                    <\/div><\/div><\/div>\n        <\/div>\n    <\/article><article class=\"eael-grid-post  eael-post-grid-column eael-pg-post-6257 category-guate-nuestra tags-volcanes-de-guatemala\" data-id=\"6257\">\n        <div class=\"eael-grid-post-holder\">\n            <div class=\"eael-grid-post-holder-inner\"><div class=\"eael-entry-media\"><div class=\"eael-entry-overlay fade-in\"><i class=\"far fa-hand-pointer\" aria-hidden=\"true\"><\/i><a href=\"https:\/\/soymigrante.com\/revista\/laguna-de-chicabal-volcan-quetzaltenango-guatemala\/\"><\/a><\/div><div class=\"eael-entry-thumbnail \">\n                <img loading=\"lazy\" decoding=\"async\" width=\"1024\" height=\"683\" src=\"https:\/\/soymigrante.com\/revista\/wp-content\/uploads\/2024\/05\/283605236_375790244585293_6426920808319298456_n-1024x683.webp\" class=\"attachment-large size-large wp-image-6326\" alt=\"Espejo de agua en medio de la selva en un paisaje natural, mujer con los brazos abiertos disfrutando vista panor\u00e1mica en un destino ecotur\u00edstico, turismo de naturaleza y aventuras en Latinoam\u00e9rica.\" srcset=\"https:\/\/soymigrante.com\/revista\/wp-content\/uploads\/2024\/05\/283605236_375790244585293_6426920808319298456_n-1024x683.webp 1024w, https:\/\/soymigrante.com\/revista\/wp-content\/uploads\/2024\/05\/283605236_375790244585293_6426920808319298456_n-300x200.webp 300w, https:\/\/soymigrante.com\/revista\/wp-content\/uploads\/2024\/05\/283605236_375790244585293_6426920808319298456_n-768x512.webp 768w, https:\/\/soymigrante.com\/revista\/wp-content\/uploads\/2024\/05\/283605236_375790244585293_6426920808319298456_n-1536x1024.webp 1536w, https:\/\/soymigrante.com\/revista\/wp-content\/uploads\/2024\/05\/283605236_375790244585293_6426920808319298456_n-750x500.webp 750w, https:\/\/soymigrante.com\/revista\/wp-content\/uploads\/2024\/05\/283605236_375790244585293_6426920808319298456_n-1140x760.webp 1140w, https:\/\/soymigrante.com\/revista\/wp-content\/uploads\/2024\/05\/283605236_375790244585293_6426920808319298456_n.webp 1920w\" sizes=\"(max-width: 1024px) 100vw, 1024px\" \/>\n            <\/div>\n        <\/div><div class=\"eael-entry-wrapper\"><header class=\"eael-entry-header\"><h2 class=\"eael-entry-title\"><a class=\"eael-grid-post-link\" href=\"https:\/\/soymigrante.com\/revista\/laguna-de-chicabal-volcan-quetzaltenango-guatemala\/\" title=\"Laguna de Chicabal migr\u00f3 al cr\u00e1ter de un volc\u00e1n\">Laguna de Chicabal migr\u00f3 al cr\u00e1ter de un volc\u00e1n<\/a><\/h2><\/header><div class=\"eael-entry-content\">\n                        <div class=\"eael-grid-post-excerpt\"><a href=\"https:\/\/soymigrante.com\/revista\/laguna-de-chicabal-volcan-quetzaltenango-guatemala\/\" class=\"eael-post-elements-readmore-btn\">CONOCE SU HISTORIA <\/a><\/div>\n                    <\/div><\/div><\/div>\n        <\/div>\n    <\/article><article class=\"eael-grid-post  eael-post-grid-column eael-pg-post-370 category-guate-nuestra\" data-id=\"370\">\n        <div class=\"eael-grid-post-holder\">\n            <div class=\"eael-grid-post-holder-inner\"><div class=\"eael-entry-media\"><div class=\"eael-entry-overlay fade-in\"><i class=\"far fa-hand-pointer\" aria-hidden=\"true\"><\/i><a href=\"https:\/\/soymigrante.com\/revista\/ecoturismo-en-guatemala\/\"><\/a><\/div><div class=\"eael-entry-thumbnail \">\n                <img loading=\"lazy\" decoding=\"async\" width=\"768\" height=\"1024\" src=\"https:\/\/soymigrante.com\/revista\/wp-content\/uploads\/2023\/02\/3-Guate-Nuestra-Chiquimulilla-1-768x1024.jpg\" class=\"attachment-large size-large wp-image-373\" alt=\"\" srcset=\"https:\/\/soymigrante.com\/revista\/wp-content\/uploads\/2023\/02\/3-Guate-Nuestra-Chiquimulilla-1-768x1024.jpg 768w, https:\/\/soymigrante.com\/revista\/wp-content\/uploads\/2023\/02\/3-Guate-Nuestra-Chiquimulilla-1-225x300.webp 225w, https:\/\/soymigrante.com\/revista\/wp-content\/uploads\/2023\/02\/3-Guate-Nuestra-Chiquimulilla-1-1152x1536.jpg 1152w, https:\/\/soymigrante.com\/revista\/wp-content\/uploads\/2023\/02\/3-Guate-Nuestra-Chiquimulilla-1-1536x2048.jpg 1536w, https:\/\/soymigrante.com\/revista\/wp-content\/uploads\/2023\/02\/3-Guate-Nuestra-Chiquimulilla-1-750x1000.webp 750w, https:\/\/soymigrante.com\/revista\/wp-content\/uploads\/2023\/02\/3-Guate-Nuestra-Chiquimulilla-1-1140x1520.jpg 1140w, https:\/\/soymigrante.com\/revista\/wp-content\/uploads\/2023\/02\/3-Guate-Nuestra-Chiquimulilla-1-scaled.webp 1440w\" sizes=\"(max-width: 768px) 100vw, 768px\" \/>\n            <\/div>\n        <\/div><div class=\"eael-entry-wrapper\"><header class=\"eael-entry-header\"><h2 class=\"eael-entry-title\"><a class=\"eael-grid-post-link\" href=\"https:\/\/soymigrante.com\/revista\/ecoturismo-en-guatemala\/\" title=\"Joya natural en la bocacosta de Chiquimulilla, Santa Rosa\">Joya natural en la bocacosta de Chiquimulilla, Santa Rosa<\/a><\/h2><\/header><div class=\"eael-entry-content\">\n                        <div class=\"eael-grid-post-excerpt\"><a href=\"https:\/\/soymigrante.com\/revista\/ecoturismo-en-guatemala\/\" class=\"eael-post-elements-readmore-btn\">CONOCE SU HISTORIA <\/a><\/div>\n                    <\/div><\/div><\/div>\n        <\/div>\n    <\/article><\/div>\n            <div class=\"clearfix\"><\/div>\n        <\/div>\t\t\t\t<\/div>\n\t\t\t\t\t<\/div>\n\t\t\t\t<\/div>\n\t\t\t\t<\/div>\n\t\t","protected":false},"excerpt":{"rendered":"<p>La Laguna Brava de Huehuetenango es un remanso de aguas turquesas, en una zona todav\u00eda bastante inaccesible y distante de Nent\u00f3n, Huehuetenango. \u00bfA qu\u00e9 distancia est\u00e1? \u00bfQu\u00e9 se puede encontrar? La Laguna Brava en Nent\u00f3n, Huehuetenango uno de los destinos ecotur\u00edsticos m\u00e1s ansiados por muchos visitantes, pero no es sencillo llegar hasta ella. Es un [&hellip;]<\/p>\n","protected":false},"author":1,"featured_media":52935,"comment_status":"open","ping_status":"open","sticky":false,"template":"","format":"standard","meta":{"_acf_changed":false,"_eb_attr":"","footnotes":""},"categories":[58,289],"tags":[290],"class_list":["post-782","post","type-post","status-publish","format-standard","has-post-thumbnail","hentry","category-guate-nuestra","category-riqueza-natural","tag-guatemala-pais-megadiverso"],"acf":[],"aioseo_notices":[],"aioseo_head":"\n\t\t<!-- All in One SEO Pro 4.9.6.2 - aioseo.com -->\n\t<meta name=\"description\" content=\"Imag\u00ednese un refrescante ba\u00f1o enmedio del calor tropical, entre las monta\u00f1as y la Costa Sur. Rodeados de naturaleza conservada gracias a la labor de un visionario y entusiasta el ecoturismo. Quien visita Guatemala y desea una experiencia ecol\u00f3gica integral no puede dejar de visitar este parque natural conservado gracias a los ideales de un agr\u00f3nomo\" \/>\n\t<meta name=\"robots\" content=\"max-snippet:-1, max-image-preview:large, max-video-preview:-1\" \/>\n\t<meta name=\"author\" content=\"Gustavo Montenegro\"\/>\n\t<link rel=\"canonical\" href=\"https:\/\/soymigrante.com\/revista\/ecoturismo-en-guatemala\/\" \/>\n\t<meta name=\"generator\" content=\"All in One SEO Pro (AIOSEO) 4.9.6.2\" \/>\n\n\t\t<link rel=\"preconnect\" href=\"https:\/\/fonts.googleapis.com\" crossorigin>\n<link rel=\"preconnect\" href=\"https:\/\/fonts.gstatic.com\" crossorigin>\n\t\t<meta property=\"og:locale\" content=\"es_ES\" \/>\n\t\t<meta property=\"og:site_name\" content=\"SoyMigrante.com REVISTA \u2013 Nuestra misi\u00f3n es reconocer y dignificar al migrante.\" \/>\n\t\t<meta property=\"og:type\" content=\"article\" \/>\n\t\t<meta property=\"og:title\" content=\"Joya natural en la bocacosta de Chiquimulilla, Santa Rosa\" \/>\n\t\t<meta property=\"og:description\" content=\"Imag\u00ednese un refrescante ba\u00f1o enmedio del calor tropical, entre las monta\u00f1as y la Costa Sur. Rodeados de naturaleza conservada gracias a la labor de un visionario y entusiasta el ecoturismo. Quien visita Guatemala y desea una experiencia ecol\u00f3gica integral no puede dejar de visitar este parque natural conservado gracias a los ideales de un agr\u00f3nomo\" \/>\n\t\t<meta property=\"og:url\" content=\"https:\/\/soymigrante.com\/revista\/ecoturismo-en-guatemala\/\" \/>\n\t\t<meta property=\"og:image\" content=\"https:\/\/soymigrante.com\/revista\/wp-content\/uploads\/2023\/02\/3-Guate-Nuestra-Chiquimulilla-1-scaled.webp\" \/>\n\t\t<meta property=\"og:image:secure_url\" content=\"https:\/\/soymigrante.com\/revista\/wp-content\/uploads\/2023\/02\/3-Guate-Nuestra-Chiquimulilla-1-scaled.webp\" \/>\n\t\t<meta property=\"og:image:width\" content=\"1440\" \/>\n\t\t<meta property=\"og:image:height\" content=\"1920\" \/>\n\t\t<meta property=\"article:published_time\" content=\"2023-05-26T00:28:52+00:00\" \/>\n\t\t<meta property=\"article:modified_time\" content=\"2024-06-25T22:37:53+00:00\" \/>\n\t\t<meta property=\"article:publisher\" content=\"https:\/\/www.facebook.com\/soymigrantecom\" \/>\n\t\t<meta name=\"twitter:card\" content=\"summary_large_image\" \/>\n\t\t<meta name=\"twitter:site\" content=\"@SoyMigrante_com\" \/>\n\t\t<meta name=\"twitter:title\" content=\"Joya natural en la bocacosta de Chiquimulilla, Santa Rosa\" \/>\n\t\t<meta name=\"twitter:description\" content=\"Imag\u00ednese un refrescante ba\u00f1o enmedio del calor tropical, entre las monta\u00f1as y la Costa Sur. Rodeados de naturaleza conservada gracias a la labor de un visionario y entusiasta el ecoturismo. Quien visita Guatemala y desea una experiencia ecol\u00f3gica integral no puede dejar de visitar este parque natural conservado gracias a los ideales de un agr\u00f3nomo\" \/>\n\t\t<meta name=\"twitter:creator\" content=\"@SoyMigrante_com\" \/>\n\t\t<meta name=\"twitter:image\" content=\"https:\/\/soymigrante.com\/revista\/wp-content\/uploads\/2023\/02\/3-Guate-Nuestra-Chiquimulilla-1-scaled.webp\" \/>\n\t\t<!-- All in One SEO Pro -->\r\n\t\t<title>Joya natural en la bocacosta de Chiquimulilla, Santa Rosa<\/title>\n\n","aioseo_head_json":{"title":"Joya natural en la bocacosta de Chiquimulilla, Santa Rosa","description":"Imag\u00ednese un refrescante ba\u00f1o enmedio del calor tropical, entre las monta\u00f1as y la Costa Sur. Rodeados de naturaleza conservada gracias a la labor de un visionario y entusiasta el ecoturismo. Quien visita Guatemala y desea una experiencia ecol\u00f3gica integral no puede dejar de visitar este parque natural conservado gracias a los ideales de un agr\u00f3nomo","canonical_url":"https:\/\/soymigrante.com\/revista\/ecoturismo-en-guatemala\/","robots":"max-snippet:-1, max-image-preview:large, max-video-preview:-1","keywords":"","webmasterTools":{"miscellaneous":"&lt;link rel=\"preconnect\" href=\"https:\/\/fonts.googleapis.com\" crossorigin&gt;\n&lt;link rel=\"preconnect\" href=\"https:\/\/fonts.gstatic.com\" crossorigin&gt;"},"schema":null,"og:locale":"es_ES","og:site_name":"SoyMigrante.com REVISTA \u2013 Nuestra misi\u00f3n es reconocer y dignificar al migrante.","og:type":"article","og:title":"Joya natural en la bocacosta de Chiquimulilla, Santa Rosa","og:description":"Imag\u00ednese un refrescante ba\u00f1o enmedio del calor tropical, entre las monta\u00f1as y la Costa Sur. Rodeados de naturaleza conservada gracias a la labor de un visionario y entusiasta el ecoturismo. Quien visita Guatemala y desea una experiencia ecol\u00f3gica integral no puede dejar de visitar este parque natural conservado gracias a los ideales de un agr\u00f3nomo","og:url":"https:\/\/soymigrante.com\/revista\/ecoturismo-en-guatemala\/","og:image":"https:\/\/soymigrante.com\/revista\/wp-content\/uploads\/2023\/02\/3-Guate-Nuestra-Chiquimulilla-1-scaled.webp","og:image:secure_url":"https:\/\/soymigrante.com\/revista\/wp-content\/uploads\/2023\/02\/3-Guate-Nuestra-Chiquimulilla-1-scaled.webp","og:image:width":1440,"og:image:height":1920,"article:published_time":"2023-05-26T00:28:52+00:00","article:modified_time":"2024-06-25T22:37:53+00:00","article:publisher":"https:\/\/www.facebook.com\/soymigrantecom","twitter:card":"summary_large_image","twitter:site":"@SoyMigrante_com","twitter:title":"Joya natural en la bocacosta de Chiquimulilla, Santa Rosa","twitter:description":"Imag\u00ednese un refrescante ba\u00f1o enmedio del calor tropical, entre las monta\u00f1as y la Costa Sur. Rodeados de naturaleza conservada gracias a la labor de un visionario y entusiasta el ecoturismo. Quien visita Guatemala y desea una experiencia ecol\u00f3gica integral no puede dejar de visitar este parque natural conservado gracias a los ideales de un agr\u00f3nomo","twitter:creator":"@SoyMigrante_com","twitter:image":"https:\/\/soymigrante.com\/revista\/wp-content\/uploads\/2023\/02\/3-Guate-Nuestra-Chiquimulilla-1-scaled.webp"},"aioseo_meta_data":{"post_id":"782","title":"\u00bfPor qu\u00e9 es tan fascinante la Laguna Brava o Yolnabaj?","description":"Esta laguna es un para\u00edso turquesa de gran belleza natural. \u00bfA qu\u00e9 distancia est\u00e1 de la capital? \u00bfQu\u00e9 se necesita para visitarla? Esto y m\u00e1s te lo decimos aqu\u00ed","keywords":null,"keyphrases":{"focus":{"keyphrase":"Laguna Brava","score":91,"analysis":{"keyphraseInTitle":{"score":9,"maxScore":9,"error":0},"keyphraseInDescription":{"score":3,"maxScore":9,"error":1},"keyphraseLength":{"score":9,"maxScore":9,"error":0,"length":2},"keyphraseInURL":{"score":5,"maxScore":5,"error":0},"keyphraseInIntroduction":{"score":9,"maxScore":9,"error":0},"keyphraseInSubHeadings":{"score":9,"maxScore":9,"error":0},"keyphraseInImageAlt":{"score":9,"maxScore":9,"error":0},"keywordDensity":{"type":"best","score":9,"maxScore":9,"error":0}}},"additional":[{"keyphrase":"Huehuetenango","score":87,"analysis":{"keyphraseInDescription":{"score":3,"maxScore":9,"error":1},"keyphraseLength":{"score":9,"maxScore":9,"error":0,"length":1},"keyphraseInIntroduction":{"score":9,"maxScore":9,"error":0},"keyphraseInImageAlt":{"score":9,"maxScore":9,"error":0},"keywordDensity":{"type":"best","score":9,"maxScore":9,"error":0}}},{"keyphrase":"Laguna","score":100,"analysis":{"keyphraseInDescription":{"score":9,"maxScore":9,"error":0},"keyphraseLength":{"score":9,"maxScore":9,"error":0,"length":1},"keyphraseInIntroduction":{"score":9,"maxScore":9,"error":0},"keyphraseInImageAlt":{"score":9,"maxScore":9,"error":0},"keywordDensity":{"type":"best","score":9,"maxScore":9,"error":0}}}]},"primary_term":null,"canonical_url":null,"og_title":null,"og_description":null,"og_object_type":"default","og_image_type":"default","og_image_url":null,"og_image_width":null,"og_image_height":null,"og_image_custom_url":null,"og_image_custom_fields":null,"og_video":"","og_custom_url":null,"og_article_section":null,"og_article_tags":null,"twitter_use_og":false,"twitter_card":"default","twitter_image_type":"default","twitter_image_url":null,"twitter_image_custom_url":null,"twitter_image_custom_fields":null,"twitter_title":null,"twitter_description":null,"schema":{"blockGraphs":[],"customGraphs":[],"default":{"data":{"Article":[],"Course":[],"Dataset":[],"FAQPage":[],"Movie":[],"Person":[],"Product":[],"ProductReview":[],"Car":[],"Recipe":[],"Service":[],"SoftwareApplication":[],"WebPage":[]},"graphName":"NewsArticle","isEnabled":true},"graphs":[]},"schema_type":"default","schema_type_options":null,"pillar_content":false,"robots_default":true,"robots_noindex":false,"robots_noarchive":false,"robots_nosnippet":false,"robots_nofollow":false,"robots_noimageindex":false,"robots_noodp":false,"robots_notranslate":false,"robots_max_snippet":"-1","robots_max_videopreview":"-1","robots_max_imagepreview":"large","priority":null,"frequency":"default","local_seo":null,"seo_analyzer_scan_date":null,"breadcrumb_settings":null,"limit_modified_date":false,"reviewed_by":"0","open_ai":"{\"title\":{\"suggestions\":[],\"usage\":0},\"description\":{\"suggestions\":[],\"usage\":0}}","ai":{"faqs":[],"keyPoints":[],"titles":[],"descriptions":[],"socialPosts":{"email":[],"linkedin":[],"twitter":[],"facebook":[],"instagram":[]}},"created":"2023-08-18 12:48:08","updated":"2026-04-08 11:01:05"},"aioseo_breadcrumb":"<div class=\"aioseo-breadcrumbs\"><span class=\"aioseo-breadcrumb\">\n\t<a href=\"https:\/\/soymigrante.com\/revista\" title=\"Home\">Home<\/a>\n<\/span><span class=\"aioseo-breadcrumb-separator\">\u00bb<\/span><span class=\"aioseo-breadcrumb\">\n\t<a href=\"https:\/\/soymigrante.com\/revista\/category\/guate-nuestra\/\" title=\"Guate Nuestra\">Guate Nuestra<\/a>\n<\/span><span class=\"aioseo-breadcrumb-separator\">\u00bb<\/span><span class=\"aioseo-breadcrumb\">\n\t<a href=\"https:\/\/soymigrante.com\/revista\/category\/guate-nuestra\/riqueza-natural\/\" title=\"Riqueza natural\">Riqueza natural<\/a>\n<\/span><span class=\"aioseo-breadcrumb-separator\">\u00bb<\/span><span class=\"aioseo-breadcrumb\">\n\t\u00bfPor qu\u00e9 vale la pena el largo viaje hasta la Laguna Brava en Huehuetenango?\n<\/span><\/div>","aioseo_breadcrumb_json":[{"label":"Home","link":"https:\/\/soymigrante.com\/revista"},{"label":"Guate Nuestra","link":"https:\/\/soymigrante.com\/revista\/category\/guate-nuestra\/"},{"label":"Riqueza natural","link":"https:\/\/soymigrante.com\/revista\/category\/guate-nuestra\/riqueza-natural\/"},{"label":"\u00bfPor qu\u00e9 vale la pena el largo viaje hasta la Laguna Brava en Huehuetenango?","link":"https:\/\/soymigrante.com\/revista\/yolnabaj-es-su-nombre-original-pero-tambien-le-llaman-laguna-brava\/"}],"_links":{"self":[{"href":"https:\/\/soymigrante.com\/revista\/wp-json\/wp\/v2\/posts\/782","targetHints":{"allow":["GET"]}}],"collection":[{"href":"https:\/\/soymigrante.com\/revista\/wp-json\/wp\/v2\/posts"}],"about":[{"href":"https:\/\/soymigrante.com\/revista\/wp-json\/wp\/v2\/types\/post"}],"author":[{"embeddable":true,"href":"https:\/\/soymigrante.com\/revista\/wp-json\/wp\/v2\/users\/1"}],"replies":[{"embeddable":true,"href":"https:\/\/soymigrante.com\/revista\/wp-json\/wp\/v2\/comments?post=782"}],"version-history":[{"count":7,"href":"https:\/\/soymigrante.com\/revista\/wp-json\/wp\/v2\/posts\/782\/revisions"}],"predecessor-version":[{"id":54676,"href":"https:\/\/soymigrante.com\/revista\/wp-json\/wp\/v2\/posts\/782\/revisions\/54676"}],"wp:featuredmedia":[{"embeddable":true,"href":"https:\/\/soymigrante.com\/revista\/wp-json\/wp\/v2\/media\/52935"}],"wp:attachment":[{"href":"https:\/\/soymigrante.com\/revista\/wp-json\/wp\/v2\/media?parent=782"}],"wp:term":[{"taxonomy":"category","embeddable":true,"href":"https:\/\/soymigrante.com\/revista\/wp-json\/wp\/v2\/categories?post=782"},{"taxonomy":"post_tag","embeddable":true,"href":"https:\/\/soymigrante.com\/revista\/wp-json\/wp\/v2\/tags?post=782"}],"curies":[{"name":"wp","href":"https:\/\/api.w.org\/{rel}","templated":true}]}}