{"id":7815,"date":"2024-08-05T22:26:17","date_gmt":"2024-08-06T04:26:17","guid":{"rendered":"https:\/\/soymigrante.com\/revista\/?p=7815"},"modified":"2024-11-01T02:16:39","modified_gmt":"2024-11-01T08:16:39","slug":"invitacion-abierta-al-guate-fest-2024-en-morganton-north-carolina","status":"publish","type":"post","link":"https:\/\/soymigrante.com\/revista\/invitacion-abierta-al-guate-fest-2024-en-morganton-north-carolina\/","title":{"rendered":"Invitaci\u00f3n abierta al Guate Fest 2024 en Morganton, North Carolina"},"content":{"rendered":"\t\t<div data-elementor-type=\"wp-post\" data-elementor-id=\"7815\" class=\"elementor elementor-7815\" data-elementor-post-type=\"post\">\n\t\t\t\t<div data-particle_enable=\"false\" data-particle-mobile-disabled=\"false\" class=\"elementor-element elementor-element-b89dc2b e-flex e-con-boxed e-con e-parent\" data-id=\"b89dc2b\" data-element_type=\"container\" data-e-type=\"container\">\n\t\t\t\t\t<div class=\"e-con-inner\">\n\t\t\t\t<div class=\"elementor-element elementor-element-878ee7b elementor-widget elementor-widget-heading\" data-id=\"878ee7b\" data-element_type=\"widget\" data-e-type=\"widget\" data-widget_type=\"heading.default\">\n\t\t\t\t\t<h2 class=\"elementor-heading-title elementor-size-default\">El Guate Fest convocado por Little Guatemala en Morganton, North Carolina fue un \u00e9xito en 2023 y ya viene el de 2024, el pr\u00f3ximo 14 de septiembre. Habr\u00e1 marimba, comida t\u00edpica, juegos, certamen Miss Guate Fest y sobre todo alegr\u00eda y hermandad. \nTodos est\u00e1n invitados.<\/h2>\t\t\t\t<\/div>\n\t\t\t\t\t<\/div>\n\t\t\t\t<\/div>\n\t\t<div data-particle_enable=\"false\" data-particle-mobile-disabled=\"false\" class=\"elementor-element elementor-element-e3c51cb e-flex e-con-boxed e-con e-parent\" data-id=\"e3c51cb\" data-element_type=\"container\" data-e-type=\"container\">\n\t\t\t\t\t<div class=\"e-con-inner\">\n\t\t\t\t<div class=\"elementor-element elementor-element-c3ce7a3 elementor-widget elementor-widget-text-editor\" data-id=\"c3ce7a3\" data-element_type=\"widget\" data-e-type=\"widget\" data-widget_type=\"text-editor.default\">\n\t\t\t\t\t\t\t\t\t<p>Hasta el alcalde de la ciudad de Morganton, Carolina del Norte, lleg\u00f3 al Guate Fest 2023, celebrado el 14 y 15 de septiembre por iniciativa de <a href=\"https:\/\/soymigrante.com\/revista\/little-guatemala-florece-en-carolina-del-norte-el-sueno-del-migrante-y-emprendedor-cristian-ramazzini\/\">Little Guatemala, el emprendimiento del migrante chap\u00edn Christian Ramazzini.\u00a0<\/a><\/p><p>&#8220;Un amigo guatemalteco me dijo llevaba muchos a\u00f1os sin sentirse en contacto con su tierra, pero el a\u00f1o pasado, en el Guate Fest, se emocion\u00f3 al sentir ese esp\u00edritu de hermandad y alegr\u00eda, sobre todo al hacer la caravana con la antorcha de Independencia, el 14&#8221;.\u00a0\u00a0<\/p>\t\t\t\t\t\t\t\t<\/div>\n\t\t\t\t\t<\/div>\n\t\t\t\t<\/div>\n\t\t<div data-particle_enable=\"false\" data-particle-mobile-disabled=\"false\" class=\"elementor-element elementor-element-af6f548 e-flex e-con-boxed e-con e-parent\" data-id=\"af6f548\" data-element_type=\"container\" data-e-type=\"container\">\n\t\t\t\t\t<div class=\"e-con-inner\">\n\t\t\t\t<div class=\"elementor-element elementor-element-9cecd62 elementor-widget elementor-widget-html\" data-id=\"9cecd62\" data-element_type=\"widget\" data-e-type=\"widget\" data-widget_type=\"html.default\">\n\t\t\t\t\t<iframe src=\"https:\/\/www.facebook.com\/plugins\/video.php?height=476&href=https%3A%2F%2Fwww.facebook.com%2FlittleguatemalaLLC%2Fvideos%2F183586318025611%2F&show_text=true&width=267&t=0\" width=\"267\" height=\"591\" style=\"border:none;overflow:hidden\" scrolling=\"no\" frameborder=\"0\" allowfullscreen=\"true\" allow=\"autoplay; clipboard-write; encrypted-media; picture-in-picture; web-share\" allowFullScreen=\"true\"><\/iframe>\t\t\t\t<\/div>\n\t\t\t\t\t<\/div>\n\t\t\t\t<\/div>\n\t\t<div data-particle_enable=\"false\" data-particle-mobile-disabled=\"false\" class=\"elementor-element elementor-element-97292f2 e-flex e-con-boxed e-con e-parent\" data-id=\"97292f2\" data-element_type=\"container\" data-e-type=\"container\">\n\t\t\t\t\t<div class=\"e-con-inner\">\n\t\t\t\t<div class=\"elementor-element elementor-element-6d961fc elementor-widget elementor-widget-text-editor\" data-id=\"6d961fc\" data-element_type=\"widget\" data-e-type=\"widget\" data-widget_type=\"text-editor.default\">\n\t\t\t\t\t\t\t\t\t<p>\u00a0<\/p><p>&#8220;Me pregunt\u00f3 si este a\u00f1o habr\u00eda festival y por supuesto que s\u00ed. Ya empezamos a pedir los permisos para el recorrido, para las ventas de comida y para instalar el escenario&#8221;,. cuenta Ramazzini, con emoci\u00f3n acerca del Guate Fest 2024, el pr\u00f3ximo 14 de septiembre.\u00a0<\/p><p>La invitaci\u00f3n est\u00e1 abierta a todos los guatemaltecos, centroamericanos e hispanos, tanto asistentes como quienes deseen instalar alg\u00fan comercio o exponer productos. Puedes contactarlos a trav\u00e9s de su <a href=\"https:\/\/www.facebook.com\/littleguatemalaLLC\">fanpage de Facebook<\/a><\/p>\t\t\t\t\t\t\t\t<\/div>\n\t\t\t\t\t<\/div>\n\t\t\t\t<\/div>\n\t\t<div data-particle_enable=\"false\" data-particle-mobile-disabled=\"false\" class=\"elementor-element elementor-element-8f7747c e-flex e-con-boxed e-con e-parent\" data-id=\"8f7747c\" data-element_type=\"container\" data-e-type=\"container\">\n\t\t\t\t\t<div class=\"e-con-inner\">\n\t\t\t\t<div class=\"elementor-element elementor-element-66c1e88 elementor-widget elementor-widget-image\" data-id=\"66c1e88\" data-element_type=\"widget\" data-e-type=\"widget\" data-widget_type=\"image.default\">\n\t\t\t\t\t\t\t\t\t\t\t\t<figure class=\"wp-caption\">\n\t\t\t\t\t\t\t\t\t\t<img fetchpriority=\"high\" decoding=\"async\" width=\"768\" height=\"768\" src=\"https:\/\/soymigrante.com\/revista\/wp-content\/uploads\/2024\/08\/guate-fest-carolina-14-1024x1024.webp\" class=\"attachment-large size-large wp-image-7818\" alt=\"Decoraci\u00f3n con globos para la apertura de un negocio, celebraci\u00f3n y montaje de espacios con globos de colores en exteriores, enfoque en eventos y decoraci\u00f3n para negocios.\" srcset=\"https:\/\/soymigrante.com\/revista\/wp-content\/uploads\/2024\/08\/guate-fest-carolina-14-1024x1024.webp 1024w, https:\/\/soymigrante.com\/revista\/wp-content\/uploads\/2024\/08\/guate-fest-carolina-14-300x300.webp 300w, https:\/\/soymigrante.com\/revista\/wp-content\/uploads\/2024\/08\/guate-fest-carolina-14-150x150.webp 150w, https:\/\/soymigrante.com\/revista\/wp-content\/uploads\/2024\/08\/guate-fest-carolina-14-768x768.webp 768w, https:\/\/soymigrante.com\/revista\/wp-content\/uploads\/2024\/08\/guate-fest-carolina-14-75x75.webp 75w, https:\/\/soymigrante.com\/revista\/wp-content\/uploads\/2024\/08\/guate-fest-carolina-14-750x750.webp 750w, https:\/\/soymigrante.com\/revista\/wp-content\/uploads\/2024\/08\/guate-fest-carolina-14-1140x1140.webp 1140w, https:\/\/soymigrante.com\/revista\/wp-content\/uploads\/2024\/08\/guate-fest-carolina-14.webp 1440w\" sizes=\"(max-width: 768px) 100vw, 768px\" title=\"La sede de la tienda Little Guatemala, fundada por Christian Ramazzini y su esposa, se volvi\u00f3 el n\u00facleo de un festejo guatemaltequ\u00edsimo, que trajo a muchos pobladores del Carolina del Norte y artistas guatemaltecos desde otros Estados. La invitaci\u00f3n a\u00fan est\u00e1 abierta a quien desee presentarse o instalar una venta de  comida, artesan\u00edas o producdtos guatemaltecos. (Fotograf\u00eda Little Guatemala) \u2013 SoyMigrante.com REVISTA\" \/>\t\t\t\t\t\t\t\t\t\t\t<figcaption class=\"widget-image-caption wp-caption-text\">Personal decorando con globos en fachada de negocio, trabajo en equipo, ambiente festivo y celebraci\u00f3n de inauguraci\u00f3n.<\/figcaption>\n\t\t\t\t\t\t\t\t\t\t<\/figure>\n\t\t\t\t\t\t\t\t\t<\/div>\n\t\t\t\t\t<\/div>\n\t\t\t\t<\/div>\n\t\t<div data-particle_enable=\"false\" data-particle-mobile-disabled=\"false\" class=\"elementor-element elementor-element-a2f12cd e-flex e-con-boxed e-con e-parent\" data-id=\"a2f12cd\" data-element_type=\"container\" data-e-type=\"container\">\n\t\t\t\t\t<div class=\"e-con-inner\">\n\t\t\t\t<div class=\"elementor-element elementor-element-584ef6f elementor-widget elementor-widget-heading\" data-id=\"584ef6f\" data-element_type=\"widget\" data-e-type=\"widget\" data-widget_type=\"heading.default\">\n\t\t\t\t\t<h3 class=\"elementor-heading-title elementor-size-default\">Actividades previstas<\/h3>\t\t\t\t<\/div>\n\t\t\t\t\t<\/div>\n\t\t\t\t<\/div>\n\t\t<div data-particle_enable=\"false\" data-particle-mobile-disabled=\"false\" class=\"elementor-element elementor-element-32b5f68 e-flex e-con-boxed e-con e-parent\" data-id=\"32b5f68\" data-element_type=\"container\" data-e-type=\"container\">\n\t\t\t\t\t<div class=\"e-con-inner\">\n\t\t\t\t<div class=\"elementor-element elementor-element-fa376fc elementor-widget elementor-widget-text-editor\" data-id=\"fa376fc\" data-element_type=\"widget\" data-e-type=\"widget\" data-widget_type=\"text-editor.default\">\n\t\t\t\t\t\t\t\t\t<p>La tarde del 14 de septiembre habr\u00e1 una caminata con la antorcha de Independencia, la cual recorrer\u00e1 calles de Morganton hasta llegar al espacio que Little Guatemala ha ido transformando para actividades comunitarias.<\/p><p>&#8220;Habr\u00e1 marimba, habr\u00e1 moros bailando, tambi\u00e9n discursos de guatemaltecos y tenemos pendiente la confirmaci\u00f3n de algunos artistas que nos acompa\u00f1ar\u00e1n. Pero lo m\u00e1s importante es que venga la gente chapina con sus familias. Porque aqu\u00ed nos volvemos todos hermanos&#8221;. expresa Christian con emoci\u00f3n.\u00a0<\/p><p>Tambi\u00e9n hay espacios para ventas de indumentaria ind\u00edgena, artesan\u00edas, manualidades, sin faltar el exquisito caf\u00e9 de Little Guatemala, ya sea en grano, molido o listo para beber en su unidad m\u00f3vil.<\/p><p>&#8220;Este evento mostr\u00f3 la presencia guatemalteca el a\u00f1o pasado y hasta el alcalde de la ciudad nos acompa\u00f1\u00f3&#8221;, relata.<\/p><p>\u00a0<\/p>\t\t\t\t\t\t\t\t<\/div>\n\t\t\t\t\t<\/div>\n\t\t\t\t<\/div>\n\t\t<div data-particle_enable=\"false\" data-particle-mobile-disabled=\"false\" class=\"elementor-element elementor-element-be1e576 e-flex e-con-boxed e-con e-parent\" data-id=\"be1e576\" data-element_type=\"container\" data-e-type=\"container\">\n\t\t\t\t\t<div class=\"e-con-inner\">\n\t\t\t\t<div class=\"elementor-element elementor-element-458fa9c elementor-align-center elementor-widget elementor-widget-button\" data-id=\"458fa9c\" data-element_type=\"widget\" data-e-type=\"widget\" data-widget_type=\"button.default\">\n\t\t\t\t\t\t\t\t\t\t<a class=\"elementor-button elementor-button-link elementor-size-sm\" href=\"https:\/\/littleguatemala.com\/es\/contact-little-guatemala\/\">\n\t\t\t\t\t\t<span class=\"elementor-button-content-wrapper\">\n\t\t\t\t\t\t\t\t\t<span class=\"elementor-button-text\">Quiero participar y deseo comunicarme con Little Guatemala - Guate Fest<\/span>\n\t\t\t\t\t<\/span>\n\t\t\t\t\t<\/a>\n\t\t\t\t\t\t\t\t<\/div>\n\t\t\t\t\t<\/div>\n\t\t\t\t<\/div>\n\t\t<div data-particle_enable=\"false\" data-particle-mobile-disabled=\"false\" class=\"elementor-element elementor-element-005a959 e-flex e-con-boxed e-con e-parent\" data-id=\"005a959\" data-element_type=\"container\" data-e-type=\"container\">\n\t\t\t\t\t<div class=\"e-con-inner\">\n\t\t\t\t<div class=\"elementor-element elementor-element-2ce3841 elementor-widget elementor-widget-image\" data-id=\"2ce3841\" data-element_type=\"widget\" data-e-type=\"widget\" data-widget_type=\"image.default\">\n\t\t\t\t\t\t\t\t\t\t\t\t<figure class=\"wp-caption\">\n\t\t\t\t\t\t\t\t\t\t<img decoding=\"async\" width=\"768\" height=\"484\" src=\"https:\/\/soymigrante.com\/revista\/wp-content\/uploads\/2024\/08\/guate-fest-en-carolina-1024x645.jpg\" class=\"attachment-large size-large wp-image-7819\" alt=\"Colaboradores disfrazados con trajes tradicionales en evento cultural en SoyMigrante.com REVISTA.\" srcset=\"https:\/\/soymigrante.com\/revista\/wp-content\/uploads\/2024\/08\/guate-fest-en-carolina-1024x645.jpg 1024w, https:\/\/soymigrante.com\/revista\/wp-content\/uploads\/2024\/08\/guate-fest-en-carolina-300x189.webp 300w, https:\/\/soymigrante.com\/revista\/wp-content\/uploads\/2024\/08\/guate-fest-en-carolina-768x484.jpg 768w, https:\/\/soymigrante.com\/revista\/wp-content\/uploads\/2024\/08\/guate-fest-en-carolina-750x472.webp 750w, https:\/\/soymigrante.com\/revista\/wp-content\/uploads\/2024\/08\/guate-fest-en-carolina-1140x718.jpg 1140w, https:\/\/soymigrante.com\/revista\/wp-content\/uploads\/2024\/08\/guate-fest-en-carolina.webp 1172w\" sizes=\"(max-width: 768px) 100vw, 768px\" title=\"El Guate Fest volver\u00e1 a tener marimba, moros y tradiciones guatemaltecas, como la Antorcha de Independencia, el pr\u00f3ximo 14 de septiembre. (Fotograf\u00eda Little Guatemala) \u2013 SoyMigrante.com REVISTA\" \/>\t\t\t\t\t\t\t\t\t\t\t<figcaption class=\"widget-image-caption wp-caption-text\">Participantes con disfraces coloridos y m\u00e1scaras en celebraci\u00f3n cultural en SoyMigrante.com REVISTA.<\/figcaption>\n\t\t\t\t\t\t\t\t\t\t<\/figure>\n\t\t\t\t\t\t\t\t\t<\/div>\n\t\t\t\t\t<\/div>\n\t\t\t\t<\/div>\n\t\t<div data-particle_enable=\"false\" data-particle-mobile-disabled=\"false\" class=\"elementor-element elementor-element-9aed699 e-flex e-con-boxed e-con e-parent\" data-id=\"9aed699\" data-element_type=\"container\" data-e-type=\"container\">\n\t\t\t\t\t<div class=\"e-con-inner\">\n\t\t\t\t<div class=\"elementor-element elementor-element-09e3a8f elementor-widget elementor-widget-heading\" data-id=\"09e3a8f\" data-element_type=\"widget\" data-e-type=\"widget\" data-widget_type=\"heading.default\">\n\t\t\t\t\t<h4 class=\"elementor-heading-title elementor-size-default\"><a href=\"https:\/\/littleguatemala.com\/es\/\">Una peque\u00f1a Guatemala que sigue creciendo: as\u00ed surgi\u00f3 Little Guatemala<\/a><\/h4>\t\t\t\t<\/div>\n\t\t\t\t\t<\/div>\n\t\t\t\t<\/div>\n\t\t<div data-particle_enable=\"false\" data-particle-mobile-disabled=\"false\" class=\"elementor-element elementor-element-f24adee e-flex e-con-boxed e-con e-parent\" data-id=\"f24adee\" data-element_type=\"container\" data-e-type=\"container\">\n\t\t\t\t\t<div class=\"e-con-inner\">\n\t\t\t\t<div class=\"elementor-element elementor-element-c3b1ce2 elementor-grid-eael-col-1 elementor-grid-tablet-eael-col-2 elementor-grid-mobile-eael-col-1 elementor-widget elementor-widget-eael-post-grid\" data-id=\"c3b1ce2\" data-element_type=\"widget\" data-e-type=\"widget\" data-settings=\"{&quot;eael_post_grid_columns&quot;:&quot;eael-col-1&quot;,&quot;eael_post_grid_columns_tablet&quot;:&quot;eael-col-2&quot;,&quot;eael_post_grid_columns_mobile&quot;:&quot;eael-col-1&quot;}\" data-widget_type=\"eael-post-grid.default\">\n\t\t\t\t\t<div id=\"eael-post-grid-c3b1ce2\" class=\"eael-post-grid-container\">\n            <div class=\"eael-post-grid eael-post-appender eael-post-appender-c3b1ce2 eael-post-grid-style-one\" data-layout-mode=\"masonry\"><article class=\"eael-grid-post  eael-post-grid-column eael-pg-post-2535 category-exitos\" data-id=\"2535\">\n        <div class=\"eael-grid-post-holder\">\n            <div class=\"eael-grid-post-holder-inner\"><div class=\"eael-entry-media\"><div class=\"eael-entry-overlay fade-in\"><i class=\"far fa-hand-pointer\" aria-hidden=\"true\"><\/i><a href=\"https:\/\/soymigrante.com\/revista\/little-guatemala-florece-en-carolina-del-norte-el-sueno-del-migrante-y-emprendedor-cristian-ramazzini\/\"><\/a><\/div><div class=\"eael-entry-thumbnail \">\n                <img decoding=\"async\" width=\"1024\" height=\"1024\" src=\"https:\/\/soymigrante.com\/revista\/wp-content\/uploads\/2023\/09\/Proyecto-Little-Guatemala-del-migrante-guatemalteco-Cristian-Ramazzini-en-Carolina-del-Norte-1-1-1024x1024.webp\" class=\"attachment-large size-large wp-image-2567\" alt=\"\" srcset=\"https:\/\/soymigrante.com\/revista\/wp-content\/uploads\/2023\/09\/Proyecto-Little-Guatemala-del-migrante-guatemalteco-Cristian-Ramazzini-en-Carolina-del-Norte-1-1-1024x1024.webp 1024w, https:\/\/soymigrante.com\/revista\/wp-content\/uploads\/2023\/09\/Proyecto-Little-Guatemala-del-migrante-guatemalteco-Cristian-Ramazzini-en-Carolina-del-Norte-1-1-300x300.webp 300w, https:\/\/soymigrante.com\/revista\/wp-content\/uploads\/2023\/09\/Proyecto-Little-Guatemala-del-migrante-guatemalteco-Cristian-Ramazzini-en-Carolina-del-Norte-1-1-150x150.webp 150w, https:\/\/soymigrante.com\/revista\/wp-content\/uploads\/2023\/09\/Proyecto-Little-Guatemala-del-migrante-guatemalteco-Cristian-Ramazzini-en-Carolina-del-Norte-1-1-768x768.webp 768w, https:\/\/soymigrante.com\/revista\/wp-content\/uploads\/2023\/09\/Proyecto-Little-Guatemala-del-migrante-guatemalteco-Cristian-Ramazzini-en-Carolina-del-Norte-1-1-75x75.webp 75w, https:\/\/soymigrante.com\/revista\/wp-content\/uploads\/2023\/09\/Proyecto-Little-Guatemala-del-migrante-guatemalteco-Cristian-Ramazzini-en-Carolina-del-Norte-1-1-750x750.webp 750w, https:\/\/soymigrante.com\/revista\/wp-content\/uploads\/2023\/09\/Proyecto-Little-Guatemala-del-migrante-guatemalteco-Cristian-Ramazzini-en-Carolina-del-Norte-1-1-1140x1140.webp 1140w, https:\/\/soymigrante.com\/revista\/wp-content\/uploads\/2023\/09\/Proyecto-Little-Guatemala-del-migrante-guatemalteco-Cristian-Ramazzini-en-Carolina-del-Norte-1-1-600x600.webp 600w, https:\/\/soymigrante.com\/revista\/wp-content\/uploads\/2023\/09\/Proyecto-Little-Guatemala-del-migrante-guatemalteco-Cristian-Ramazzini-en-Carolina-del-Norte-1-1.webp 1190w\" sizes=\"(max-width: 1024px) 100vw, 1024px\" \/>\n            <\/div>\n        <\/div><div class=\"eael-entry-wrapper\"><header class=\"eael-entry-header\"><h2 class=\"eael-entry-title\"><a class=\"eael-grid-post-link\" href=\"https:\/\/soymigrante.com\/revista\/little-guatemala-florece-en-carolina-del-norte-el-sueno-del-migrante-y-emprendedor-cristian-ramazzini\/\" title=\"Little Guatemala florece en Carolina del Norte: el sue\u00f1o del migrante y emprendedor Cristian Ramazzini\">Little Guatemala florece en Carolina del Norte: el sue\u00f1o del migrante y emprendedor Cristian Ramazzini<\/a><\/h2><\/header><div class=\"eael-entry-content\">\n                        <div class=\"eael-grid-post-excerpt\"><a href=\"https:\/\/soymigrante.com\/revista\/little-guatemala-florece-en-carolina-del-norte-el-sueno-del-migrante-y-emprendedor-cristian-ramazzini\/\" class=\"eael-post-elements-readmore-btn\">CONOCE SU HISTORIA <\/a><\/div>\n                    <\/div><\/div><\/div>\n        <\/div>\n    <\/article><\/div>\n            <div class=\"clearfix\"><\/div>\n        <\/div>\t\t\t\t<\/div>\n\t\t\t\t\t<\/div>\n\t\t\t\t<\/div>\n\t\t<div data-particle_enable=\"false\" data-particle-mobile-disabled=\"false\" class=\"elementor-element elementor-element-df29710 e-flex e-con-boxed e-con e-parent\" data-id=\"df29710\" data-element_type=\"container\" data-e-type=\"container\">\n\t\t\t\t\t<div class=\"e-con-inner\">\n\t\t\t\t<div class=\"elementor-element elementor-element-260ebb4 elementor-widget elementor-widget-heading\" data-id=\"260ebb4\" data-element_type=\"widget\" data-e-type=\"widget\" data-widget_type=\"heading.default\">\n\t\t\t\t\t<h3 class=\"elementor-heading-title elementor-size-default\">Para participar la convocatoria est\u00e1 abierta<\/h3>\t\t\t\t<\/div>\n\t\t\t\t\t<\/div>\n\t\t\t\t<\/div>\n\t\t<div data-particle_enable=\"false\" data-particle-mobile-disabled=\"false\" class=\"elementor-element elementor-element-68c2ed4 e-flex e-con-boxed e-con e-parent\" data-id=\"68c2ed4\" data-element_type=\"container\" data-e-type=\"container\">\n\t\t\t\t\t<div class=\"e-con-inner\">\n\t\t\t\t<div class=\"elementor-element elementor-element-3627416 elementor-widget elementor-widget-text-editor\" data-id=\"3627416\" data-element_type=\"widget\" data-e-type=\"widget\" data-widget_type=\"text-editor.default\">\n\t\t\t\t\t\t\t\t\t<p>Christian Ramazzini relata que se necesitan permisos para las ventas de comida por lo cual es importante confirmar a tiempo la participaci\u00f3n, que a\u00fan sigue abierta.<\/p><p>&#8220;Ese sabor de Guatemala es tan caracter\u00edstico que le gusta a todos, pero a los chapines nos lleva de vuelta a nuestras ra\u00edces&#8221;, agrega<\/p><p>Tambi\u00e9n est\u00e1 abierta la convocatoria para el concurso de Miss Guate Fest (18 a 23 a\u00f1os) y Miss Mini Guate Fest 2024 (8 a 12 a\u00f1os). Los requisitos para las aspirantes son: ser soltera, que al menos uno de los padres sea guatemaltec, hablar espa\u00f1ol.<\/p><p>M\u00e1s informaci\u00f3n en el n\u00famero 828-578-9794<\/p>\t\t\t\t\t\t\t\t<\/div>\n\t\t\t\t\t<\/div>\n\t\t\t\t<\/div>\n\t\t<div data-particle_enable=\"false\" data-particle-mobile-disabled=\"false\" class=\"elementor-element elementor-element-7c5cfdd e-flex e-con-boxed e-con e-parent\" data-id=\"7c5cfdd\" data-element_type=\"container\" data-e-type=\"container\">\n\t\t\t\t\t<div class=\"e-con-inner\">\n\t\t\t\t<div class=\"elementor-element elementor-element-89affa8 elementor-arrows-position-inside elementor-pagination-position-outside elementor-widget elementor-widget-image-carousel\" data-id=\"89affa8\" data-element_type=\"widget\" data-e-type=\"widget\" data-settings=\"{&quot;slides_to_show&quot;:&quot;1&quot;,&quot;navigation&quot;:&quot;both&quot;,&quot;autoplay&quot;:&quot;yes&quot;,&quot;pause_on_hover&quot;:&quot;yes&quot;,&quot;pause_on_interaction&quot;:&quot;yes&quot;,&quot;autoplay_speed&quot;:5000,&quot;infinite&quot;:&quot;yes&quot;,&quot;effect&quot;:&quot;slide&quot;,&quot;speed&quot;:500}\" data-widget_type=\"image-carousel.default\">\n\t\t\t\t\t\t\t<div class=\"elementor-image-carousel-wrapper swiper\" role=\"region\" aria-roledescription=\"carousel\" aria-label=\"Carrusel de im\u00e1genes\" dir=\"ltr\">\n\t\t\t<div class=\"elementor-image-carousel swiper-wrapper\" aria-live=\"off\">\n\t\t\t\t\t\t\t\t<div class=\"swiper-slide\" role=\"group\" aria-roledescription=\"slide\" aria-label=\"1 de 6\"><figure class=\"swiper-slide-inner\"><img decoding=\"async\" class=\"swiper-slide-image\" src=\"https:\/\/soymigrante.com\/revista\/wp-content\/uploads\/2024\/08\/guate-fest-carolina-18-1024x1024.webp\" alt=\"Coffe shop m\u00f3vil con cartel de &quot;Caf\u00e9&quot; y personas atendiendo clientes en un puesto de caf\u00e9 en la calle, ambientada en un entorno urbano y mexicano.\" \/><\/figure><\/div><div class=\"swiper-slide\" role=\"group\" aria-roledescription=\"slide\" aria-label=\"2 de 6\"><figure class=\"swiper-slide-inner\"><img decoding=\"async\" class=\"swiper-slide-image\" src=\"https:\/\/soymigrante.com\/revista\/wp-content\/uploads\/2024\/08\/guate-fest-carolina-21-1024x1024.webp\" alt=\"Collares y pendientes de abalorios hechos a mano, coloridos y tradicionales, art\u00edculos de artesan\u00eda cultural mexicana, ideales para complementar tu estilo con origen \u00e9tnico en M\u00e9xico.\" \/><\/figure><\/div><div class=\"swiper-slide\" role=\"group\" aria-roledescription=\"slide\" aria-label=\"3 de 6\"><figure class=\"swiper-slide-inner\"><img decoding=\"async\" class=\"swiper-slide-image\" src=\"https:\/\/soymigrante.com\/revista\/wp-content\/uploads\/2024\/08\/guate-fest-carolina-22-1024x1024.webp\" alt=\"Coloridos bolsos y mochilas tradicionales de textiles artesanales_en la revista SoyMigrante.com.\" \/><\/figure><\/div><div class=\"swiper-slide\" role=\"group\" aria-roledescription=\"slide\" aria-label=\"4 de 6\"><figure class=\"swiper-slide-inner\"><img decoding=\"async\" class=\"swiper-slide-image\" src=\"https:\/\/soymigrante.com\/revista\/wp-content\/uploads\/2024\/08\/guate-fest-carolina-23-1024x1024.webp\" alt=\"Coloridos mu\u00f1ecos artesanales con trajes tradicionales en una cesta, representando cultura y folklore mexicano, ideales para coleccionistas y amantes de las manualidades tradicionales.\" \/><\/figure><\/div><div class=\"swiper-slide\" role=\"group\" aria-roledescription=\"slide\" aria-label=\"5 de 6\"><figure class=\"swiper-slide-inner\"><img decoding=\"async\" class=\"swiper-slide-image\" src=\"https:\/\/soymigrante.com\/revista\/wp-content\/uploads\/2024\/08\/guate-fest-carolina-24-1024x1024.jpg\" alt=\"Chocolates artesanales con packaging colorido y dise\u00f1o de jaguar, en exhibici\u00f3n en un mercado al aire libre en Guatemala. Ideal para art\u00edculos de gastronom\u00eda y cultura guatemalteca.\" \/><\/figure><\/div><div class=\"swiper-slide\" role=\"group\" aria-roledescription=\"slide\" aria-label=\"6 de 6\"><figure class=\"swiper-slide-inner\"><img decoding=\"async\" class=\"swiper-slide-image\" src=\"https:\/\/soymigrante.com\/revista\/wp-content\/uploads\/2024\/08\/guate-fest-carolina-19-1024x1024.webp\" alt=\"Boy holding colorful balloon sculpture resembling a snake outdoors during sunset, showcasing creativity and vibrant environment.\" \/><\/figure><\/div>\t\t\t<\/div>\n\t\t\t\t\t\t\t\t\t\t\t\t<div class=\"elementor-swiper-button elementor-swiper-button-prev\" role=\"button\" tabindex=\"0\">\n\t\t\t\t\t\t<i aria-hidden=\"true\" class=\"eicon-chevron-left\"><\/i>\t\t\t\t\t<\/div>\n\t\t\t\t\t<div class=\"elementor-swiper-button elementor-swiper-button-next\" role=\"button\" tabindex=\"0\">\n\t\t\t\t\t\t<i aria-hidden=\"true\" class=\"eicon-chevron-right\"><\/i>\t\t\t\t\t<\/div>\n\t\t\t\t\n\t\t\t\t\t\t\t\t\t<div class=\"swiper-pagination\"><\/div>\n\t\t\t\t\t\t\t\t\t<\/div>\n\t\t\t\t\t\t<\/div>\n\t\t\t\t\t<\/div>\n\t\t\t\t<\/div>\n\t\t<div data-particle_enable=\"false\" data-particle-mobile-disabled=\"false\" class=\"elementor-element elementor-element-8a20407 e-flex e-con-boxed e-con e-parent\" data-id=\"8a20407\" data-element_type=\"container\" data-e-type=\"container\">\n\t\t\t\t\t<div class=\"e-con-inner\">\n\t\t\t\t<div class=\"elementor-element elementor-element-72e1180 elementor-widget elementor-widget-facebook-page\" data-id=\"72e1180\" data-element_type=\"widget\" data-e-type=\"widget\" data-widget_type=\"facebook-page.default\">\n\t\t\t\t\t<div class=\"elementor-facebook-widget fb-page\" data-href=\"https:\/\/www.facebook.com\/littleguatemalaLLC\/videos\" data-tabs=\"timeline\" data-height=\"500px\" data-width=\"500px\" data-small-header=\"false\" data-hide-cover=\"false\" data-show-facepile=\"true\" data-hide-cta=\"false\" style=\"min-height: 1px;height:500px\"><\/div>\t\t\t\t<\/div>\n\t\t\t\t\t<\/div>\n\t\t\t\t<\/div>\n\t\t<div data-particle_enable=\"false\" data-particle-mobile-disabled=\"false\" class=\"elementor-element elementor-element-c8a29e2 e-flex e-con-boxed e-con e-parent\" data-id=\"c8a29e2\" data-element_type=\"container\" data-e-type=\"container\">\n\t\t\t\t\t<div class=\"e-con-inner\">\n\t\t\t\t<div class=\"elementor-element elementor-element-1c9772f elementor-widget elementor-widget-heading\" data-id=\"1c9772f\" data-element_type=\"widget\" data-e-type=\"widget\" data-widget_type=\"heading.default\">\n\t\t\t\t\t<h2 class=\"elementor-heading-title elementor-size-default\">Te traemos m\u00e1s de Guatemala<\/h2>\t\t\t\t<\/div>\n\t\t\t\t\t<\/div>\n\t\t\t\t<\/div>\n\t\t<div data-particle_enable=\"false\" data-particle-mobile-disabled=\"false\" class=\"elementor-element elementor-element-6a0ed59 e-flex e-con-boxed e-con e-parent\" data-id=\"6a0ed59\" data-element_type=\"container\" data-e-type=\"container\">\n\t\t\t\t\t<div class=\"e-con-inner\">\n\t\t\t\t<div class=\"elementor-element elementor-element-6c4cd61 elementor-widget elementor-widget-blfe-post-grid\" data-id=\"6c4cd61\" data-element_type=\"widget\" data-e-type=\"widget\" data-settings=\"{&quot;columns&quot;:&quot;3&quot;,&quot;columns_tablet&quot;:&quot;6&quot;,&quot;columns_mobile&quot;:&quot;12&quot;,&quot;hero1_layout_column_gap&quot;:{&quot;unit&quot;:&quot;px&quot;,&quot;size&quot;:30,&quot;sizes&quot;:[]},&quot;hero1_layout_column_gap_tablet&quot;:{&quot;unit&quot;:&quot;px&quot;,&quot;size&quot;:&quot;&quot;,&quot;sizes&quot;:[]},&quot;hero1_layout_column_gap_mobile&quot;:{&quot;unit&quot;:&quot;px&quot;,&quot;size&quot;:&quot;&quot;,&quot;sizes&quot;:[]},&quot;hero1_layout_row_gap&quot;:{&quot;unit&quot;:&quot;px&quot;,&quot;size&quot;:30,&quot;sizes&quot;:[]},&quot;hero1_layout_row_gap_tablet&quot;:{&quot;unit&quot;:&quot;px&quot;,&quot;size&quot;:&quot;&quot;,&quot;sizes&quot;:[]},&quot;hero1_layout_row_gap_mobile&quot;:{&quot;unit&quot;:&quot;px&quot;,&quot;size&quot;:&quot;&quot;,&quot;sizes&quot;:[]}}\" data-widget_type=\"blfe-post-grid.hero1\">\n\t\t\t\t<div class=\"elementor-widget-container\">\n\t\t\t\t\t\n                        <div class=\"blfe-post-grid-container \">\n            \n                <div data-skin=\"hero1\" class=\"blfe-row blfe-posts-inner blfe-hero1 blfe-posts-inner blfe-col-3 blfe-col-tab-6 blfe-col-mob-12     \">\n                            <div class=\"blfe-post-grid-item\">\n            <div class=\"blfe-post-grid-item-inner blfe-modern-zoom\">\n                        <div class=\"blfe-post-grid-bg-image\">\n            <a class=\"blfe-post-grid-image-inner\" href=\"https:\/\/soymigrante.com\/revista\/el-pueblo-chuj-tiene-firme-raiz-en-las-montanas-de-huehuetenango\/\" title=\"El pueblo Chuj tiene firme ra\u00edz en las monta\u00f1as de Huehuetenango\" rel=\"nofollow\" target=\"_blank\"><img decoding=\"async\" src=\"https:\/\/soymigrante.com\/revista\/wp-content\/uploads\/2024\/09\/chuj-abel-juarez.webp\" alt=\"El pueblo Chuj tiene firme ra\u00edz en las monta\u00f1as de Huehuetenango\"\/><\/a>        <\/div>\n                        <div class=\"blfe-post-grid-details\">\n                    <div class=\"blfe-post-grid-details-inner\">\n                        <span class=\"blfe-post-category\"><a href=\"https:\/\/soymigrante.com\/revista\/category\/guate-nuestra\/pueblos-de-guatemala\/\">Pueblos de Guatemala<\/a><\/span>                        <h3 class=\"blfe-post-grid-title\">\n            <a href=\"https:\/\/soymigrante.com\/revista\/el-pueblo-chuj-tiene-firme-raiz-en-las-montanas-de-huehuetenango\/\" title=\"El pueblo Chuj tiene firme ra\u00edz en las monta\u00f1as de Huehuetenango\" rel=\"nofollow\" target=\"_blank\">El pueblo Chuj tiene firme ra\u00edz en las monta\u00f1as de Huehuetenango<\/a>\n            <\/h3>                                                            <div class=\"blfe-post-grid-meta\">\n                <span class=\"blfe-post-grid-time\"><i class=\"fas fa-book-reader\"><\/i>8 Min read<\/span>            <\/div>\n                                                        <\/div>\n                <\/div>\n\n            <\/div>\n        <\/div>\n                <div class=\"blfe-post-grid-item\">\n            <div class=\"blfe-post-grid-item-inner blfe-modern-zoom\">\n                        <div class=\"blfe-post-grid-bg-image\">\n            <a class=\"blfe-post-grid-image-inner\" href=\"https:\/\/soymigrante.com\/revista\/santos-poroj-escritor-migrante-de-san-andres-xecul-publica-su-segundo-libro-en-california-y-con-dos-portadas\/\" title=\"Santos Poroj, escritor migrante de San Andr\u00e9s Xecul, publica su segundo libro en California (y con dos portadas)\" rel=\"nofollow\" target=\"_blank\"><img decoding=\"async\" src=\"https:\/\/soymigrante.com\/revista\/wp-content\/uploads\/2026\/04\/migrante-guatemalteco-santos-poroj-en-san-rafael-california-originario-de-san-andres-xecul.png\" alt=\"Santos Poroj, escritor migrante de San Andr\u00e9s Xecul, publica su segundo libro en California (y con dos portadas)\"\/><\/a>        <\/div>\n                        <div class=\"blfe-post-grid-details\">\n                    <div class=\"blfe-post-grid-details-inner\">\n                        <span class=\"blfe-post-category\"><a href=\"https:\/\/soymigrante.com\/revista\/category\/exitos\/\">\u00c9xitos<\/a><\/span>                        <h3 class=\"blfe-post-grid-title\">\n            <a href=\"https:\/\/soymigrante.com\/revista\/santos-poroj-escritor-migrante-de-san-andres-xecul-publica-su-segundo-libro-en-california-y-con-dos-portadas\/\" title=\"Santos Poroj, escritor migrante de San Andr\u00e9s Xecul, publica su segundo libro en California (y con dos portadas)\" rel=\"nofollow\" target=\"_blank\">Santos Poroj, escritor migrante de San Andr\u00e9s Xecul, publica su segundo libro en California (y con dos portadas)<\/a>\n            <\/h3>                                                            <div class=\"blfe-post-grid-meta\">\n                <span class=\"blfe-post-grid-time\"><i class=\"fas fa-book-reader\"><\/i>7 Min read<\/span>            <\/div>\n                                                        <\/div>\n                <\/div>\n\n            <\/div>\n        <\/div>\n                <div class=\"blfe-post-grid-item\">\n            <div class=\"blfe-post-grid-item-inner blfe-modern-zoom\">\n                        <div class=\"blfe-post-grid-bg-image\">\n            <a class=\"blfe-post-grid-image-inner\" href=\"https:\/\/soymigrante.com\/revista\/fiestas-patronales-en-pueblos-de-guatemala-durante-mayo\/\" title=\"Ferias patronales en pueblos y municipios de Guatemala durante el mes de mayo\" rel=\"nofollow\" target=\"_blank\"><img decoding=\"async\" src=\"https:\/\/soymigrante.com\/revista\/wp-content\/uploads\/2025\/03\/Ferias-.webp\" alt=\"Ferias patronales en pueblos y municipios de Guatemala durante el mes de mayo\"\/><\/a>        <\/div>\n                        <div class=\"blfe-post-grid-details\">\n                    <div class=\"blfe-post-grid-details-inner\">\n                        <span class=\"blfe-post-category\"><a href=\"https:\/\/soymigrante.com\/revista\/category\/guate-nuestra\/\">Guate Nuestra<\/a><\/span>                        <h3 class=\"blfe-post-grid-title\">\n            <a href=\"https:\/\/soymigrante.com\/revista\/fiestas-patronales-en-pueblos-de-guatemala-durante-mayo\/\" title=\"Ferias patronales en pueblos y municipios de Guatemala durante el mes de mayo\" rel=\"nofollow\" target=\"_blank\">Ferias patronales en pueblos y municipios de Guatemala durante el mes de mayo<\/a>\n            <\/h3>                                                            <div class=\"blfe-post-grid-meta\">\n                <span class=\"blfe-post-grid-time\"><i class=\"fas fa-book-reader\"><\/i>2 Min read<\/span>            <\/div>\n                                                        <\/div>\n                <\/div>\n\n            <\/div>\n        <\/div>\n                        <\/div>\n\n                        <\/div>\n            \n                        <div class=\"blfe-post-footer\">\n                        <\/div>\n            \t\t\t\t<\/div>\n\t\t\t\t<\/div>\n\t\t\t\t\t<\/div>\n\t\t\t\t<\/div>\n\t\t\t\t<\/div>\n\t\t","protected":false},"excerpt":{"rendered":"<p>El Guate Fest convocado por Little Guatemala en Morganton, North Carolina fue un \u00e9xito en 2023 y ya viene el de 2024, el pr\u00f3ximo 14 de septiembre. Habr\u00e1 marimba, comida t\u00edpica, juegos, certamen Miss Guate Fest y sobre todo alegr\u00eda y hermandad. Todos est\u00e1n invitados. Hasta el alcalde de la ciudad de Morganton, Carolina del [&hellip;]<\/p>\n","protected":false},"author":7,"featured_media":7826,"comment_status":"open","ping_status":"open","sticky":false,"template":"","format":"standard","meta":{"_acf_changed":false,"_eb_attr":"","footnotes":""},"categories":[54],"tags":[],"class_list":["post-7815","post","type-post","status-publish","format-standard","has-post-thumbnail","hentry","category-estamos-unidos"],"acf":[],"aioseo_notices":[],"aioseo_head":"\n\t\t<!-- All in One SEO Pro 4.9.6.2 - aioseo.com -->\n\t<meta name=\"description\" content=\"Guatemala celebra sus tradiciones, fiestas patronales en mayo con coloridas actividades y rica gastronom\u00eda.\" \/>\n\t<meta name=\"robots\" content=\"max-snippet:-1, max-image-preview:large, max-video-preview:-1\" \/>\n\t<meta name=\"author\" content=\"SoyMigrante.com REVISTA\"\/>\n\t<link rel=\"canonical\" href=\"https:\/\/soymigrante.com\/revista\/fiestas-patronales-en-pueblos-de-guatemala-durante-mayo\/\" \/>\n\t<meta name=\"generator\" content=\"All in One SEO Pro (AIOSEO) 4.9.6.2\" \/>\n\n\t\t<link rel=\"preconnect\" href=\"https:\/\/fonts.googleapis.com\" crossorigin>\n<link rel=\"preconnect\" href=\"https:\/\/fonts.gstatic.com\" crossorigin>\n\t\t<meta property=\"og:locale\" content=\"es_ES\" \/>\n\t\t<meta property=\"og:site_name\" content=\"SoyMigrante.com REVISTA \u2013 Nuestra misi\u00f3n es reconocer y dignificar al migrante.\" \/>\n\t\t<meta property=\"og:type\" content=\"article\" \/>\n\t\t<meta property=\"og:title\" content=\"Ferias patronales en pueblos y municipios de Guatemala durante el mes de mayo\" \/>\n\t\t<meta property=\"og:description\" content=\"Guatemala celebra sus tradiciones, fiestas patronales en mayo con coloridas actividades y rica gastronom\u00eda.\" \/>\n\t\t<meta property=\"og:url\" content=\"https:\/\/soymigrante.com\/revista\/fiestas-patronales-en-pueblos-de-guatemala-durante-mayo\/\" \/>\n\t\t<meta property=\"og:image\" content=\"https:\/\/soymigrante.com\/revista\/wp-content\/uploads\/2025\/03\/Ferias-.webp\" \/>\n\t\t<meta property=\"og:image:secure_url\" content=\"https:\/\/soymigrante.com\/revista\/wp-content\/uploads\/2025\/03\/Ferias-.webp\" \/>\n\t\t<meta property=\"og:image:width\" content=\"1440\" \/>\n\t\t<meta property=\"og:image:height\" content=\"1440\" \/>\n\t\t<meta property=\"article:published_time\" content=\"2026-04-26T14:14:38+00:00\" \/>\n\t\t<meta property=\"article:modified_time\" content=\"2026-04-26T14:31:48+00:00\" \/>\n\t\t<meta property=\"article:publisher\" content=\"https:\/\/www.facebook.com\/soymigrantecom\" \/>\n\t\t<meta name=\"twitter:card\" content=\"summary_large_image\" \/>\n\t\t<meta name=\"twitter:site\" content=\"@SoyMigrante_com\" \/>\n\t\t<meta name=\"twitter:title\" content=\"Ferias patronales en pueblos y municipios de Guatemala durante el mes de mayo\" \/>\n\t\t<meta name=\"twitter:description\" content=\"Guatemala celebra sus tradiciones, fiestas patronales en mayo con coloridas actividades y rica gastronom\u00eda.\" \/>\n\t\t<meta name=\"twitter:creator\" content=\"@SoyMigrante_com\" \/>\n\t\t<meta name=\"twitter:image\" content=\"https:\/\/soymigrante.com\/revista\/wp-content\/uploads\/2025\/03\/Ferias-.webp\" \/>\n\t\t<!-- All in One SEO Pro -->\r\n\t\t<title>Ferias patronales en pueblos y municipios de Guatemala durante el mes de mayo<\/title>\n\n","aioseo_head_json":{"title":"Ferias patronales en pueblos y municipios de Guatemala durante el mes de mayo","description":"Guatemala celebra sus tradiciones, fiestas patronales en mayo con coloridas actividades y rica gastronom\u00eda.","canonical_url":"https:\/\/soymigrante.com\/revista\/fiestas-patronales-en-pueblos-de-guatemala-durante-mayo\/","robots":"max-snippet:-1, max-image-preview:large, max-video-preview:-1","keywords":"","webmasterTools":{"miscellaneous":"&lt;link rel=\"preconnect\" href=\"https:\/\/fonts.googleapis.com\" crossorigin&gt;\n&lt;link rel=\"preconnect\" href=\"https:\/\/fonts.gstatic.com\" crossorigin&gt;"},"schema":null,"og:locale":"es_ES","og:site_name":"SoyMigrante.com REVISTA \u2013 Nuestra misi\u00f3n es reconocer y dignificar al migrante.","og:type":"article","og:title":"Ferias patronales en pueblos y municipios de Guatemala durante el mes de mayo","og:description":"Guatemala celebra sus tradiciones, fiestas patronales en mayo con coloridas actividades y rica gastronom\u00eda.","og:url":"https:\/\/soymigrante.com\/revista\/fiestas-patronales-en-pueblos-de-guatemala-durante-mayo\/","og:image":"https:\/\/soymigrante.com\/revista\/wp-content\/uploads\/2025\/03\/Ferias-.webp","og:image:secure_url":"https:\/\/soymigrante.com\/revista\/wp-content\/uploads\/2025\/03\/Ferias-.webp","og:image:width":1440,"og:image:height":1440,"article:published_time":"2026-04-26T14:14:38+00:00","article:modified_time":"2026-04-26T14:31:48+00:00","article:publisher":"https:\/\/www.facebook.com\/soymigrantecom","twitter:card":"summary_large_image","twitter:site":"@SoyMigrante_com","twitter:title":"Ferias patronales en pueblos y municipios de Guatemala durante el mes de mayo","twitter:description":"Guatemala celebra sus tradiciones, fiestas patronales en mayo con coloridas actividades y rica gastronom\u00eda.","twitter:creator":"@SoyMigrante_com","twitter:image":"https:\/\/soymigrante.com\/revista\/wp-content\/uploads\/2025\/03\/Ferias-.webp"},"aioseo_meta_data":{"post_id":"7815","title":"Todos invitados al Guate Fest 2024 en Carolina del Norte","description":"Little Guatemala , emprendimiento del migrante Christian Ramazzini, organiza festejo de indepencencia en Morganton. Abierto al p\u00fablico, artistas y comercios.","keywords":null,"keyphrases":{"focus":{"keyphrase":"Guatemala","score":76,"analysis":{"keyphraseInTitle":{"score":3,"maxScore":9,"error":1},"keyphraseInDescription":{"score":9,"maxScore":9,"error":0},"keyphraseLength":{"score":9,"maxScore":9,"error":0,"length":1},"keyphraseInURL":{"score":1,"maxScore":5,"error":1},"keyphraseInIntroduction":{"score":9,"maxScore":9,"error":0},"keyphraseInSubHeadings":{"score":3,"maxScore":9,"error":1},"keyphraseInImageAlt":{"score":9,"maxScore":9,"error":0},"keywordDensity":{"type":"best","score":9,"maxScore":9,"error":0}}},"additional":[{"keyphrase":"Little Guatemala","score":100,"analysis":{"keyphraseInDescription":{"score":9,"maxScore":9,"error":0},"keyphraseLength":{"score":9,"maxScore":9,"error":0,"length":2},"keyphraseInIntroduction":{"score":9,"maxScore":9,"error":0},"keyphraseInImageAlt":{"score":9,"maxScore":9,"error":0},"keywordDensity":{"type":"best","score":9,"maxScore":9,"error":0}}},{"keyphrase":"Guate Fest","score":87,"analysis":{"keyphraseInDescription":{"score":3,"maxScore":9,"error":1},"keyphraseLength":{"score":9,"maxScore":9,"error":0,"length":2},"keyphraseInIntroduction":{"score":9,"maxScore":9,"error":0},"keyphraseInImageAlt":{"score":9,"maxScore":9,"error":0},"keywordDensity":{"type":"best","score":9,"maxScore":9,"error":0}}},{"keyphrase":"Independencia","score":53,"analysis":{"keyphraseInDescription":{"score":3,"maxScore":9,"error":1},"keyphraseLength":{"score":9,"maxScore":9,"error":0,"length":1},"keyphraseInIntroduction":{"score":3,"maxScore":9,"error":1},"keyphraseInImageAlt":{"score":9,"maxScore":9,"error":0},"keywordDensity":{"score":0,"type":"low","maxScore":9,"error":1}}}]},"primary_term":null,"canonical_url":null,"og_title":null,"og_description":null,"og_object_type":"default","og_image_type":"default","og_image_url":null,"og_image_width":null,"og_image_height":null,"og_image_custom_url":null,"og_image_custom_fields":null,"og_video":"","og_custom_url":null,"og_article_section":null,"og_article_tags":null,"twitter_use_og":false,"twitter_card":"default","twitter_image_type":"default","twitter_image_url":null,"twitter_image_custom_url":null,"twitter_image_custom_fields":null,"twitter_title":null,"twitter_description":null,"schema":{"blockGraphs":[],"customGraphs":[],"default":{"data":{"Article":[],"Course":[],"Dataset":[],"FAQPage":[],"Movie":[],"Person":[],"Product":[],"ProductReview":[],"Car":[],"Recipe":[],"Service":[],"SoftwareApplication":[],"WebPage":[]},"graphName":"Article","isEnabled":true},"graphs":[]},"schema_type":"default","schema_type_options":null,"pillar_content":false,"robots_default":true,"robots_noindex":false,"robots_noarchive":false,"robots_nosnippet":false,"robots_nofollow":false,"robots_noimageindex":false,"robots_noodp":false,"robots_notranslate":false,"robots_max_snippet":"-1","robots_max_videopreview":"-1","robots_max_imagepreview":"large","priority":null,"frequency":"default","local_seo":null,"seo_analyzer_scan_date":"2025-10-08 22:25:43","breadcrumb_settings":null,"limit_modified_date":false,"reviewed_by":null,"open_ai":"{\"title\":{\"suggestions\":[],\"usage\":0},\"description\":{\"suggestions\":[],\"usage\":0}}","ai":null,"created":"2024-08-06 01:51:56","updated":"2026-02-04 12:31:23"},"aioseo_breadcrumb":"<div class=\"aioseo-breadcrumbs\"><span class=\"aioseo-breadcrumb\">\n\t<a href=\"https:\/\/soymigrante.com\/revista\" title=\"Home\">Home<\/a>\n<\/span><span class=\"aioseo-breadcrumb-separator\">\u00bb<\/span><span class=\"aioseo-breadcrumb\">\n\t<a href=\"https:\/\/soymigrante.com\/revista\/category\/estamos-unidos\/\" title=\"Estamos Unidos\">Estamos Unidos<\/a>\n<\/span><span class=\"aioseo-breadcrumb-separator\">\u00bb<\/span><span class=\"aioseo-breadcrumb\">\n\tInvitaci\u00f3n abierta al Guate Fest 2024 en Morganton, North Carolina\n<\/span><\/div>","aioseo_breadcrumb_json":[{"label":"Home","link":"https:\/\/soymigrante.com\/revista"},{"label":"Estamos Unidos","link":"https:\/\/soymigrante.com\/revista\/category\/estamos-unidos\/"},{"label":"Invitaci\u00f3n abierta al Guate Fest 2024 en Morganton, North Carolina","link":"https:\/\/soymigrante.com\/revista\/invitacion-abierta-al-guate-fest-2024-en-morganton-north-carolina\/"}],"_links":{"self":[{"href":"https:\/\/soymigrante.com\/revista\/wp-json\/wp\/v2\/posts\/7815","targetHints":{"allow":["GET"]}}],"collection":[{"href":"https:\/\/soymigrante.com\/revista\/wp-json\/wp\/v2\/posts"}],"about":[{"href":"https:\/\/soymigrante.com\/revista\/wp-json\/wp\/v2\/types\/post"}],"author":[{"embeddable":true,"href":"https:\/\/soymigrante.com\/revista\/wp-json\/wp\/v2\/users\/7"}],"replies":[{"embeddable":true,"href":"https:\/\/soymigrante.com\/revista\/wp-json\/wp\/v2\/comments?post=7815"}],"version-history":[{"count":0,"href":"https:\/\/soymigrante.com\/revista\/wp-json\/wp\/v2\/posts\/7815\/revisions"}],"wp:featuredmedia":[{"embeddable":true,"href":"https:\/\/soymigrante.com\/revista\/wp-json\/wp\/v2\/media\/7826"}],"wp:attachment":[{"href":"https:\/\/soymigrante.com\/revista\/wp-json\/wp\/v2\/media?parent=7815"}],"wp:term":[{"taxonomy":"category","embeddable":true,"href":"https:\/\/soymigrante.com\/revista\/wp-json\/wp\/v2\/categories?post=7815"},{"taxonomy":"post_tag","embeddable":true,"href":"https:\/\/soymigrante.com\/revista\/wp-json\/wp\/v2\/tags?post=7815"}],"curies":[{"name":"wp","href":"https:\/\/api.w.org\/{rel}","templated":true}]}}