{"id":7809,"date":"2024-11-08T05:00:00","date_gmt":"2024-11-08T11:00:00","guid":{"rendered":"https:\/\/soymigrante.com\/revista\/?p=7809"},"modified":"2025-09-15T16:32:36","modified_gmt":"2025-09-15T22:32:36","slug":"todo-chapin-conoce-estas-palabras-guatemaltecas-cuales-usas","status":"publish","type":"post","link":"https:\/\/soymigrante.com\/revista\/todo-chapin-conoce-estas-palabras-guatemaltecas-cuales-usas\/","title":{"rendered":"Todo chap\u00edn conoce estas palabras guatemaltecas: \u00bfCu\u00e1les us\u00e1s?"},"content":{"rendered":"\t\t<div data-elementor-type=\"wp-post\" data-elementor-id=\"7809\" class=\"elementor elementor-7809\" data-elementor-post-type=\"post\">\n\t\t\t\t<div data-particle_enable=\"false\" data-particle-mobile-disabled=\"false\" class=\"elementor-element elementor-element-085e935 e-flex e-con-boxed e-con e-parent\" data-id=\"085e935\" data-element_type=\"container\" data-e-type=\"container\">\n\t\t\t\t\t<div class=\"e-con-inner\">\n\t\t\t\t<div class=\"elementor-element elementor-element-568dc4c elementor-widget elementor-widget-heading\" data-id=\"568dc4c\" data-element_type=\"widget\" data-e-type=\"widget\" data-widget_type=\"heading.default\">\n\t\t\t\t\t<h2 class=\"elementor-heading-title elementor-size-default\">Palabras y expresiones muy exclusivas de Guatemala. Estos t\u00e9rminos var\u00edan a veces pero todo chap\u00edn los entiende a la perfecci\u00f3n, pero  m\u00e1s de una vez confundido a un visitante. <\/h2>\t\t\t\t<\/div>\n\t\t\t\t\t<\/div>\n\t\t\t\t<\/div>\n\t\t<div data-particle_enable=\"false\" data-particle-mobile-disabled=\"false\" class=\"elementor-element elementor-element-fd117f4 e-flex e-con-boxed e-con e-parent\" data-id=\"fd117f4\" data-element_type=\"container\" data-e-type=\"container\">\n\t\t\t\t\t<div class=\"e-con-inner\">\n\t\t\t\t<div class=\"elementor-element elementor-element-7ee3fda elementor-widget elementor-widget-text-editor\" data-id=\"7ee3fda\" data-element_type=\"widget\" data-e-type=\"widget\" data-widget_type=\"text-editor.default\">\n\t\t\t\t\t\t\t\t\t<p>Guatemala es un pa\u00eds con much\u00edsimas tradiciones, costumbres y rica en cultura, esto no se queda atr\u00e1s en el ingenio de los guatemaltecos al nombrar ciertas cosas o circunstancias, esta es una lista de palabras que debes conocer.<\/p><p><br \/>Chucho, shute, vara, pichel o g\u00fciro, son algunas de las palabras que se conocen en Guatemala y que solo los guatemaltecos entienden y producto de ello, algunos visitantes se pueden confundir con las palabras. <\/p>\t\t\t\t\t\t\t\t<\/div>\n\t\t\t\t\t<\/div>\n\t\t\t\t<\/div>\n\t\t<div data-particle_enable=\"false\" data-particle-mobile-disabled=\"false\" class=\"elementor-element elementor-element-92f76a2 e-flex e-con-boxed e-con e-parent\" data-id=\"92f76a2\" data-element_type=\"container\" data-e-type=\"container\">\n\t\t\t\t\t<div class=\"e-con-inner\">\n\t\t\t\t<div class=\"elementor-element elementor-element-21c81f9 elementor-widget elementor-widget-heading\" data-id=\"21c81f9\" data-element_type=\"widget\" data-e-type=\"widget\" data-widget_type=\"heading.default\">\n\t\t\t\t\t<h3 class=\"elementor-heading-title elementor-size-default\">Este es un listado de 150 palabras que los guatemaltecos conocen y entienden:  <\/h3>\t\t\t\t<\/div>\n\t\t\t\t\t<\/div>\n\t\t\t\t<\/div>\n\t\t<div data-particle_enable=\"false\" data-particle-mobile-disabled=\"false\" class=\"elementor-element elementor-element-1d6cf35 e-flex e-con-boxed e-con e-parent\" data-id=\"1d6cf35\" data-element_type=\"container\" data-e-type=\"container\">\n\t\t\t\t\t<div class=\"e-con-inner\">\n\t\t\t\t<div class=\"elementor-element elementor-element-a04e293 elementor-widget elementor-widget-text-editor\" data-id=\"a04e293\" data-element_type=\"widget\" data-e-type=\"widget\" data-widget_type=\"text-editor.default\">\n\t\t\t\t\t\t\t\t\t<p>1. Clavero = Imprudente<br \/>2. Codo = Taca\u00f1o<br \/>3. Chancle = Burgu\u00e9s<br \/>4. Shute = Entrometido <br \/>5. Pajero = Mentiroso<br \/>6. \u00bfAlo? = Manera guatemalteca de responder al tel\u00e9fono<br \/>7. Chap\u00edn = Guatemalteco<br \/>8. Bagre = Feo o de mala calidad<br \/>9. Bien clavado = Muy dif\u00edcil<br \/>10. Un clavo = Un problema<br \/>11. Carne de coche = Carne de cerdo<br \/>12. Chinto = Necio.<br \/>13. Somatar = Verbo que se refiere a tirar algo de golpe<br \/>14. Estar pisado = Estar jodido<br \/>15. P\u00fachica \u00f3 Puchis = \u00a1Joder! Expresi\u00f3n de sorpresa<br \/>16. Refacci\u00f3n = Refrigerio, tentempi\u00e9<br \/>17. Shuco = Sucio \/ Manera de llamar al perrito caliente<br \/>18. Reservaci\u00f3n = Reserva<br \/>19. Plata = Dinero<br \/>20. Ver las luces = Ver los fuegos artificiales<br \/>21. Convivio = Comida con motivo de alg\u00fan acontecimiento<br \/>22. Pichel = Jarra<br \/>23. Camioneta = Autob\u00fas<br \/>24. T\u00famulo = Tope, vad\u00e9n, guardia tumbado\u2026<br \/>25. Dar jal\u00f3n = Recoger a alguien en autostop y llevarle<br \/>26. Patojo \u00f3 g\u00fciro = Ni\u00f1o<br \/>27. Muy bolo = Borracho<br \/>28. Pupuser\u00eda = Lugar en el que se venden Pupusas, tortas t\u00edpicas de El Salvador<br \/>29. Te truenan = Te asesinan, disparan a bocajarro<br \/>30. Casacas \/ pajas = Mentiras<\/p>\t\t\t\t\t\t\t\t<\/div>\n\t\t\t\t\t<\/div>\n\t\t\t\t<\/div>\n\t\t<div data-particle_enable=\"false\" data-particle-mobile-disabled=\"false\" class=\"elementor-element elementor-element-ccd0bd0 e-flex e-con-boxed e-con e-parent\" data-id=\"ccd0bd0\" data-element_type=\"container\" data-e-type=\"container\">\n\t\t\t\t\t<div class=\"e-con-inner\">\n\t\t\t\t<div class=\"elementor-element elementor-element-6f3a088 elementor-widget elementor-widget-image\" data-id=\"6f3a088\" data-element_type=\"widget\" data-e-type=\"widget\" data-widget_type=\"image.default\">\n\t\t\t\t\t\t\t\t\t\t\t\t\t\t\t<img fetchpriority=\"high\" decoding=\"async\" width=\"1024\" height=\"557\" src=\"https:\/\/soymigrante.com\/revista\/wp-content\/uploads\/2024\/08\/Glosario-de-palabras-guatemaltecas-y-su-significado2-1024x557.webp\" class=\"attachment-large size-large wp-image-7811\" alt=\"Glosario de palabras guatemaltecas y su significado\" srcset=\"https:\/\/soymigrante.com\/revista\/wp-content\/uploads\/2024\/08\/Glosario-de-palabras-guatemaltecas-y-su-significado2-1024x557.webp 1024w, https:\/\/soymigrante.com\/revista\/wp-content\/uploads\/2024\/08\/Glosario-de-palabras-guatemaltecas-y-su-significado2-300x163.webp 300w, https:\/\/soymigrante.com\/revista\/wp-content\/uploads\/2024\/08\/Glosario-de-palabras-guatemaltecas-y-su-significado2-768x418.webp 768w, https:\/\/soymigrante.com\/revista\/wp-content\/uploads\/2024\/08\/Glosario-de-palabras-guatemaltecas-y-su-significado2-750x408.webp 750w, https:\/\/soymigrante.com\/revista\/wp-content\/uploads\/2024\/08\/Glosario-de-palabras-guatemaltecas-y-su-significado2-1140x620.webp 1140w, https:\/\/soymigrante.com\/revista\/wp-content\/uploads\/2024\/08\/Glosario-de-palabras-guatemaltecas-y-su-significado2.webp 1280w\" sizes=\"(max-width: 1024px) 100vw, 1024px\" title=\"Glosario de palabras guatemaltecas y su significado \u2013 SoyMigrante.com REVISTA\" \/>\t\t\t\t\t\t\t\t\t\t\t\t\t\t\t<\/div>\n\t\t\t\t\t<\/div>\n\t\t\t\t<\/div>\n\t\t<div data-particle_enable=\"false\" data-particle-mobile-disabled=\"false\" class=\"elementor-element elementor-element-ce3d4b9 e-flex e-con-boxed e-con e-parent\" data-id=\"ce3d4b9\" data-element_type=\"container\" data-e-type=\"container\">\n\t\t\t\t\t<div class=\"e-con-inner\">\n\t\t\t\t<div class=\"elementor-element elementor-element-5c6dfd6 elementor-widget elementor-widget-text-editor\" data-id=\"5c6dfd6\" data-element_type=\"widget\" data-e-type=\"widget\" data-widget_type=\"text-editor.default\">\n\t\t\t\t\t\t\t\t\t<p>No te puedes perder: <a href=\"https:\/\/soymigrante.com\/revista\/cuanto-cuestan-productos-guatemaltecos-en-estados-unidos\/\" target=\"_blank\" rel=\"noopener\">\u00bfCu\u00e1nto cuestan productos guatemaltecos de la nostalgia en Estados Unidos?<\/a><\/p>\t\t\t\t\t\t\t\t<\/div>\n\t\t\t\t\t<\/div>\n\t\t\t\t<\/div>\n\t\t<div data-particle_enable=\"false\" data-particle-mobile-disabled=\"false\" class=\"elementor-element elementor-element-a85ff22 e-flex e-con-boxed e-con e-parent\" data-id=\"a85ff22\" data-element_type=\"container\" data-e-type=\"container\">\n\t\t\t\t\t<div class=\"e-con-inner\">\n\t\t\t\t<div class=\"elementor-element elementor-element-262a405 elementor-widget elementor-widget-text-editor\" data-id=\"262a405\" data-element_type=\"widget\" data-e-type=\"widget\" data-widget_type=\"text-editor.default\">\n\t\t\t\t\t\t\t\t\t<p>31. Dame una vara= Dame un quetzal<br \/>32. Su cashpian = Su amante<br \/>33. Sos cuero = Que es aferrado o aprovechado<br \/>34. Parqueo = Parking<br \/>35. Hongos = Champi\u00f1ones<br \/>36. Cabal = Todo correcto, estamos en paz<br \/>37. \u00d3rale compa = Vamos amigo<br \/>38. Oye mano = Oye amigo, colega<br \/>39. Chupete = Chupa chups<br \/>40. Ah\u00ed le doy una llamada = Te pego un toque<br \/>41. Cohete = Pistola<br \/>42. N\u00edtido = Excelente<br \/>43. Much\u00e1 (Muchachos\/as)= Amigos<br \/>44. Cholero = De malos gustos<br \/>45. Caquero = Agrandado o presumido<br \/>46. Ishto = Ni\u00f1o<br \/>47. Sho = \u00a1C\u00e1llate!<br \/>48. Chonte = Polic\u00eda<br \/>49. Ficha \/ Lenes = Moneda<br \/>50. Chispudo = Listo<br \/>51. Reg\u00e1leme un agua = Dame un refresco<br \/>52. Reg\u00e1leme un agua pura = Dame agua mineral\/purificada<br \/>53. Hueco = Homosexual<br \/>54. Trinque = Besarse<br \/>55. Cuque = Soldado<br \/>56. Voy a ir a mi arbolito = Voy a ir al ba\u00f1o<br \/>57. Ir a amarrar buitre = Vomitar \/ Buitre= V\u00f3mito<br \/>58. Estar de goma = Tener resaca<br \/>59. Agarrar barco o furia = Cuando la borrachera dura m\u00e1s de un d\u00eda<br \/>60. Ponerse una buena papalina = Agarrase una buena borrachera<\/p>\t\t\t\t\t\t\t\t<\/div>\n\t\t\t\t\t<\/div>\n\t\t\t\t<\/div>\n\t\t<div data-particle_enable=\"false\" data-particle-mobile-disabled=\"false\" class=\"elementor-element elementor-element-f76829a e-flex e-con-boxed e-con e-parent\" data-id=\"f76829a\" data-element_type=\"container\" data-e-type=\"container\">\n\t\t\t\t\t<div class=\"e-con-inner\">\n\t\t\t\t<div class=\"elementor-element elementor-element-46b47b0 elementor-widget elementor-widget-image\" data-id=\"46b47b0\" data-element_type=\"widget\" data-e-type=\"widget\" data-widget_type=\"image.default\">\n\t\t\t\t\t\t\t\t\t\t\t\t\t\t\t<img decoding=\"async\" width=\"1024\" height=\"682\" src=\"https:\/\/soymigrante.com\/revista\/wp-content\/uploads\/2024\/08\/Glosario-de-palabras-guatemaltecas-y-su-significado1-1024x682.webp\" class=\"attachment-large size-large wp-image-7812\" alt=\"Glosario de palabras guatemaltecas y su significado\" srcset=\"https:\/\/soymigrante.com\/revista\/wp-content\/uploads\/2024\/08\/Glosario-de-palabras-guatemaltecas-y-su-significado1-1024x682.webp 1024w, https:\/\/soymigrante.com\/revista\/wp-content\/uploads\/2024\/08\/Glosario-de-palabras-guatemaltecas-y-su-significado1-300x200.webp 300w, https:\/\/soymigrante.com\/revista\/wp-content\/uploads\/2024\/08\/Glosario-de-palabras-guatemaltecas-y-su-significado1-768x512.webp 768w, https:\/\/soymigrante.com\/revista\/wp-content\/uploads\/2024\/08\/Glosario-de-palabras-guatemaltecas-y-su-significado1-750x500.webp 750w, https:\/\/soymigrante.com\/revista\/wp-content\/uploads\/2024\/08\/Glosario-de-palabras-guatemaltecas-y-su-significado1-1140x760.webp 1140w, https:\/\/soymigrante.com\/revista\/wp-content\/uploads\/2024\/08\/Glosario-de-palabras-guatemaltecas-y-su-significado1.webp 1280w\" sizes=\"(max-width: 1024px) 100vw, 1024px\" title=\"Glosario de palabras guatemaltecas y su significado \u2013 SoyMigrante.com REVISTA\" \/>\t\t\t\t\t\t\t\t\t\t\t\t\t\t\t<\/div>\n\t\t\t\t\t<\/div>\n\t\t\t\t<\/div>\n\t\t<div data-particle_enable=\"false\" data-particle-mobile-disabled=\"false\" class=\"elementor-element elementor-element-5b4cc5a e-flex e-con-boxed e-con e-parent\" data-id=\"5b4cc5a\" data-element_type=\"container\" data-e-type=\"container\">\n\t\t\t\t\t<div class=\"e-con-inner\">\n\t\t\t\t<div class=\"elementor-element elementor-element-3e6b588 elementor-widget elementor-widget-text-editor\" data-id=\"3e6b588\" data-element_type=\"widget\" data-e-type=\"widget\" data-widget_type=\"text-editor.default\">\n\t\t\t\t\t\t\t\t\t<p>61. Voy al alba\u00f1il = Voy al ba\u00f1o<br \/>62. Migueles = Minutos<br \/>63. Estar lentejas = Ser lento<br \/>64. De planeta = De plano<br \/>65. A puro huevo = A la fuerza<br \/>66. Huev\u00f3n = Vago<br \/>67. Huevudo = Valiente<br \/>68. De a huevo = Bien<br \/>69. Qu\u00e9 de a huevo = \u00a1Qu\u00e9 aprovechado!<br \/>70. Coperacha = Colecta<br \/>71. Lica = Pel\u00edcula<br \/>72. Pijazo = Golpe<br \/>73. Traida o Traido = Novia o novio<br \/>74. Pistarrajal = Mucho dinero<br \/>75. Lacra = Pesado<br \/>76. Tuanis= Bonito<br \/>77. Choco = Ciego<br \/>78. Pizarr\u00edn = Mala persona<br \/>79. Est\u00e1 bien yuca = Dif\u00edcil<br \/>80. Chamb\u00f3n = Lelo<br \/>81. Sim\u00f3n, bien, va, est\u00e1 bueno, pues s\u00ed, de plano, vos, como para que no, abuelitas = Formas de decir que s\u00ed<br \/>82. F\u00edjese que le voy a quedar mal, Esa s\u00ed se la debo = Formas de decir que no<br \/>83. Un tu pior es nada = Una relaci\u00f3n de pareja poco formal<br \/>84. Se ray\u00f3 = Le fue bien<br \/>85. \u00bfQu\u00e9 onda? \u00bfQu\u00e9 pas\u00f3? = Saludo \u00f3 \u00bfQu\u00e9 pasa?<br \/>86. Pior = Peor<br \/>87. Primero Dios = Ojal\u00e1<br \/>88. Reg\u00e1leme un chancuaco o chenca = \u00bfMe da un cigarrillo?<br \/>89. Ala, vos, haceme la campa\u00f1a = Hazme un favor<br \/>90. Basca = N\u00e1usea<\/p><p>\u00a0<\/p>\t\t\t\t\t\t\t\t<\/div>\n\t\t\t\t\t<\/div>\n\t\t\t\t<\/div>\n\t\t<div data-particle_enable=\"false\" data-particle-mobile-disabled=\"false\" class=\"elementor-element elementor-element-82e2e97 e-flex e-con-boxed e-con e-parent\" data-id=\"82e2e97\" data-element_type=\"container\" data-e-type=\"container\">\n\t\t\t\t\t<div class=\"e-con-inner\">\n\t\t\t\t<div class=\"elementor-element elementor-element-7736ad3 elementor-widget elementor-widget-text-editor\" data-id=\"7736ad3\" data-element_type=\"widget\" data-e-type=\"widget\" data-widget_type=\"text-editor.default\">\n\t\t\t\t\t\t\t\t\t<p>Te puede interesar: <a href=\"https:\/\/soymigrante.com\/revista\/juguetes-tradicionales-guatemaltecos-siguen-vivos\/\" target=\"_blank\" rel=\"noopener\">Juguetes tradicionales guatemaltecos siguen vivos<\/a><\/p>\t\t\t\t\t\t\t\t<\/div>\n\t\t\t\t\t<\/div>\n\t\t\t\t<\/div>\n\t\t<div data-particle_enable=\"false\" data-particle-mobile-disabled=\"false\" class=\"elementor-element elementor-element-f4d9341 e-flex e-con-boxed e-con e-parent\" data-id=\"f4d9341\" data-element_type=\"container\" data-e-type=\"container\">\n\t\t\t\t\t<div class=\"e-con-inner\">\n\t\t\t\t<div class=\"elementor-element elementor-element-2cded67 elementor-widget elementor-widget-image\" data-id=\"2cded67\" data-element_type=\"widget\" data-e-type=\"widget\" data-widget_type=\"image.default\">\n\t\t\t\t\t\t\t\t\t\t\t\t\t\t\t<img decoding=\"async\" width=\"1024\" height=\"682\" src=\"https:\/\/soymigrante.com\/revista\/wp-content\/uploads\/2024\/08\/Glosario-de-palabras-guatemaltecas-y-su-significado5-1024x682.webp\" class=\"attachment-large size-large wp-image-7813\" alt=\"Glosario de palabras guatemaltecas y su significado - tortillas guatemaltecas\" srcset=\"https:\/\/soymigrante.com\/revista\/wp-content\/uploads\/2024\/08\/Glosario-de-palabras-guatemaltecas-y-su-significado5-1024x682.webp 1024w, https:\/\/soymigrante.com\/revista\/wp-content\/uploads\/2024\/08\/Glosario-de-palabras-guatemaltecas-y-su-significado5-300x200.webp 300w, https:\/\/soymigrante.com\/revista\/wp-content\/uploads\/2024\/08\/Glosario-de-palabras-guatemaltecas-y-su-significado5-768x512.webp 768w, https:\/\/soymigrante.com\/revista\/wp-content\/uploads\/2024\/08\/Glosario-de-palabras-guatemaltecas-y-su-significado5-750x500.webp 750w, https:\/\/soymigrante.com\/revista\/wp-content\/uploads\/2024\/08\/Glosario-de-palabras-guatemaltecas-y-su-significado5-1140x760.webp 1140w, https:\/\/soymigrante.com\/revista\/wp-content\/uploads\/2024\/08\/Glosario-de-palabras-guatemaltecas-y-su-significado5.webp 1280w\" sizes=\"(max-width: 1024px) 100vw, 1024px\" title=\"Glosario de palabras guatemaltecas y su significado - tortillas guatemaltecas \u2013 SoyMigrante.com REVISTA\" \/>\t\t\t\t\t\t\t\t\t\t\t\t\t\t\t<\/div>\n\t\t\t\t\t<\/div>\n\t\t\t\t<\/div>\n\t\t<div data-particle_enable=\"false\" data-particle-mobile-disabled=\"false\" class=\"elementor-element elementor-element-accebb9 e-flex e-con-boxed e-con e-parent\" data-id=\"accebb9\" data-element_type=\"container\" data-e-type=\"container\">\n\t\t\t\t\t<div class=\"e-con-inner\">\n\t\t\t\t<div class=\"elementor-element elementor-element-635291e elementor-widget elementor-widget-text-editor\" data-id=\"635291e\" data-element_type=\"widget\" data-e-type=\"widget\" data-widget_type=\"text-editor.default\">\n\t\t\t\t\t\t\t\t\t<p>91. Chumpa = Sueter o chamarra\u2026<br \/>92. Burra = Autob\u00fas o camioneta<br \/>93. Xocomil = Viento fuerte de la tarde<br \/>94. Cuenteraile \/ Cuenterete = Palabra utilizada para nombrar \u00abalgo\u00bb de lo cual no se sabe el nombre exacto o simplemente no se recuerda en el instante que se quiere decir. Deviene del uso de &#8220;cuento&#8221; como sin\u00f3nimo de un objeto no especificado: &#8220;Me vino a dejar sus cuentos y se volvi\u00f3 a ir&#8221;.<br \/>95. Chilazo (similar \u00abp\u00edquele\u00bb o \u00abal chile\u00bb) = Pronto, r\u00e1pido, inmediatamente.<br \/>96. Echar los perros = Intentar ligar con alguien<br \/>97. Cholco = (sholco) sin dientes<br \/>98. Chilero = bonito, bueno<br \/>99. Chucho = perro, taca\u00f1o. Tambi\u00e9n aprovechado, ego\u00edsta.<br \/>100. Chola = (shola) cabeza<br \/>101. Sheca = inteligente, cabeza<br \/>102. Canche = rubio<br \/>103. Chafa = del ej\u00e9rcito<br \/>104. Chanchuyo = hacer trampa<br \/>105. Cusha = aguardiente<br \/>106. G\u00fciro = ni\u00f1o<br \/>107. Ishto = ni\u00f1o<br \/>108. Mish = t\u00edmido, gatito<br \/>109. Much\u00e1 = aleros, grupo de amigos, muchachos\u2026<br \/>110. Puchis = expresi\u00f3n de asombro<br \/>111. Talishte = resistente<br \/>112. Tusha = desear mala suerte<br \/>113. Gacho = De mala calidad<br \/>114. Dar reata = Pelear, neutralizar al oponente en una pelea. Deriva de la soga (reata) con que se sujetan las cargas de los mulos y con la que se les arrea o se castiga a los g\u00fciros.<br \/>115. Esta pal tigre = Estar viejo<br \/>116. Pisto = Dinero<br \/>117. Coquear = Provocar, fastidiar, incitar a una pelea.<br \/>118. Sopenco = Tonto<br \/>119. Chulo = Guapo<br \/>120. Tener galleta = Que tiene fuerza o es musculoso<\/p>\t\t\t\t\t\t\t\t<\/div>\n\t\t\t\t\t<\/div>\n\t\t\t\t<\/div>\n\t\t<div data-particle_enable=\"false\" data-particle-mobile-disabled=\"false\" class=\"elementor-element elementor-element-c256408 e-flex e-con-boxed e-con e-parent\" data-id=\"c256408\" data-element_type=\"container\" data-e-type=\"container\">\n\t\t\t\t\t<div class=\"e-con-inner\">\n\t\t\t\t<div class=\"elementor-element elementor-element-e5f2ef6 elementor-widget elementor-widget-text-editor\" data-id=\"e5f2ef6\" data-element_type=\"widget\" data-e-type=\"widget\" data-widget_type=\"text-editor.default\">\n\t\t\t\t\t\t\t\t\t<p>No te puedes perder: <a href=\"https:\/\/soymigrante.com\/revista\/tamales-de-guatemala-variedad-y-recetas-de-una-tradicion-de-sabor\/\" target=\"_blank\" rel=\"noopener\">Tamales de Guatemala: variedad y recetas de una tradici\u00f3n de sabor<\/a><\/p>\t\t\t\t\t\t\t\t<\/div>\n\t\t\t\t\t<\/div>\n\t\t\t\t<\/div>\n\t\t<div data-particle_enable=\"false\" data-particle-mobile-disabled=\"false\" class=\"elementor-element elementor-element-0d1b598 e-flex e-con-boxed e-con e-parent\" data-id=\"0d1b598\" data-element_type=\"container\" data-e-type=\"container\">\n\t\t\t\t\t<div class=\"e-con-inner\">\n\t\t\t\t<div class=\"elementor-element elementor-element-ab902b8 elementor-widget elementor-widget-text-editor\" data-id=\"ab902b8\" data-element_type=\"widget\" data-e-type=\"widget\" data-widget_type=\"text-editor.default\">\n\t\t\t\t\t\t\t\t\t<p>121. Chonguengue = Fiesta<br \/>122. Mara = Gente<br \/>123. Chebo = Bruto<br \/>124. Mula = Tonto<br \/>125. Sos bien sheca va = Eres inteligente<br \/>126. Vos est\u00e1s Lucas = Est\u00e1s loco<br \/>127. Te falta mosh o galletas = Te falta fuerza<br \/>128. No tengo plante o varas = No tengo dinero<br \/>129. Haceme el paro o la campa\u00f1a = Haceme un favor<br \/>130. Voy a mi chante = Voy a mi casa<br \/>131. Voy a echar mi ara\u00f1a = Voy a orinar<br \/>132. Voy a la capirucha = Voy a la capital<br \/>133. Chechenia = Que no hay<br \/>134. Tengo cheles = Tengo miedo<br \/>135. Mi caballo = Mi pantal\u00f3n<br \/>136. Mis rieles = Mis zapatos<br \/>137. Mi chumina = Mi chumpa<br \/>138. \u00a1Qu\u00e9 wasa! = Qu\u00e9 suerte<br \/>139. Viene la jura = Viene la polic\u00eda<br \/>140. Voy al brete = Voy al trabajo<br \/>141. Ricos los moromos = Ricos los frijoles<br \/>142. Ah\u00ed te caigo = Voy a llegar<br \/>143. Boinas = Mi turno<br \/>144. Dame un Tost\u00f3n = Dame Q50<br \/>145. Ponete pilas = S\u00e9 \u00e1gil<br \/>146. Voy a cantinear a la chava = Voy a enamorar a la chava<br \/>147. Se amaciz\u00f3 con el dinero que le prest\u00e9 = No devolvi\u00f3 el dinero que le prest\u00e9<br \/>148. Canche = De cabello rubio<br \/>149. Pedir mento = Pedir la bendici\u00f3n a los mayores<br \/>150. Ya balines = Ya se termin\u00f3\u00a0<\/p>\t\t\t\t\t\t\t\t<\/div>\n\t\t\t\t\t<\/div>\n\t\t\t\t<\/div>\n\t\t<div data-particle_enable=\"false\" data-particle-mobile-disabled=\"false\" class=\"elementor-element elementor-element-afc385c e-flex e-con-boxed e-con e-parent\" data-id=\"afc385c\" data-element_type=\"container\" data-e-type=\"container\">\n\t\t\t\t\t<div class=\"e-con-inner\">\n\t\t\t\t<div class=\"elementor-element elementor-element-1e10cf7 elementor-widget elementor-widget-video\" data-id=\"1e10cf7\" data-element_type=\"widget\" data-e-type=\"widget\" data-settings=\"{&quot;youtube_url&quot;:&quot;https:\\\/\\\/www.youtube.com\\\/watch?v=fHI4Rrqp4Do&quot;,&quot;video_type&quot;:&quot;youtube&quot;,&quot;controls&quot;:&quot;yes&quot;}\" data-widget_type=\"video.default\">\n\t\t\t\t\t\t\t<div class=\"elementor-wrapper elementor-open-inline\">\n\t\t\t<div class=\"elementor-video\"><\/div>\t\t<\/div>\n\t\t\t\t\t\t<\/div>\n\t\t\t\t\t<\/div>\n\t\t\t\t<\/div>\n\t\t<div data-particle_enable=\"false\" data-particle-mobile-disabled=\"false\" class=\"elementor-element elementor-element-7443c0a e-flex e-con-boxed e-con e-parent\" data-id=\"7443c0a\" data-element_type=\"container\" data-e-type=\"container\">\n\t\t\t\t\t<div class=\"e-con-inner\">\n\t\t\t\t<div class=\"elementor-element elementor-element-ade5396 elementor-widget elementor-widget-heading\" data-id=\"ade5396\" data-element_type=\"widget\" data-e-type=\"widget\" data-widget_type=\"heading.default\">\n\t\t\t\t\t<h2 class=\"elementor-heading-title elementor-size-default\">Si\u00e9ntete orgulloso de ser guatemalteco ac\u00e1...<\/h2>\t\t\t\t<\/div>\n\t\t\t\t\t<\/div>\n\t\t\t\t<\/div>\n\t\t<div data-particle_enable=\"false\" data-particle-mobile-disabled=\"false\" class=\"elementor-element elementor-element-f510445 e-flex e-con-boxed e-con e-parent\" data-id=\"f510445\" data-element_type=\"container\" data-e-type=\"container\">\n\t\t\t\t\t<div class=\"e-con-inner\">\n\t\t\t\t<div class=\"elementor-element elementor-element-d6ed491 elementor-widget elementor-widget-blfe-post-grid\" data-id=\"d6ed491\" data-element_type=\"widget\" data-e-type=\"widget\" data-settings=\"{&quot;columns&quot;:&quot;3&quot;,&quot;columns_tablet&quot;:&quot;6&quot;,&quot;columns_mobile&quot;:&quot;12&quot;,&quot;hero1_layout_column_gap&quot;:{&quot;unit&quot;:&quot;px&quot;,&quot;size&quot;:30,&quot;sizes&quot;:[]},&quot;hero1_layout_column_gap_tablet&quot;:{&quot;unit&quot;:&quot;px&quot;,&quot;size&quot;:&quot;&quot;,&quot;sizes&quot;:[]},&quot;hero1_layout_column_gap_mobile&quot;:{&quot;unit&quot;:&quot;px&quot;,&quot;size&quot;:&quot;&quot;,&quot;sizes&quot;:[]},&quot;hero1_layout_row_gap&quot;:{&quot;unit&quot;:&quot;px&quot;,&quot;size&quot;:30,&quot;sizes&quot;:[]},&quot;hero1_layout_row_gap_tablet&quot;:{&quot;unit&quot;:&quot;px&quot;,&quot;size&quot;:&quot;&quot;,&quot;sizes&quot;:[]},&quot;hero1_layout_row_gap_mobile&quot;:{&quot;unit&quot;:&quot;px&quot;,&quot;size&quot;:&quot;&quot;,&quot;sizes&quot;:[]}}\" data-widget_type=\"blfe-post-grid.hero1\">\n\t\t\t\t<div class=\"elementor-widget-container\">\n\t\t\t\t\t\n                        <div class=\"blfe-post-grid-container \">\n            \n                <div data-skin=\"hero1\" class=\"blfe-row blfe-posts-inner blfe-hero1 blfe-posts-inner blfe-col-3 blfe-col-tab-6 blfe-col-mob-12     \">\n                            <div class=\"blfe-post-grid-item\">\n            <div class=\"blfe-post-grid-item-inner blfe-modern-zoom\">\n                        <div class=\"blfe-post-grid-bg-image\">\n            <a class=\"blfe-post-grid-image-inner\" href=\"https:\/\/soymigrante.com\/revista\/consejos-metas-ano-nuevo-por-escritor-guatemalteco-migrante-manuel-orantes\/\" title=\"Consejos del sabio para el A\u00f1o Nuevo, est\u00e9s donde est\u00e9s\" rel=\"nofollow\" target=\"_blank\"><img decoding=\"async\" src=\"https:\/\/soymigrante.com\/revista\/wp-content\/uploads\/2024\/01\/vie-1.webp\" alt=\"Consejos del sabio para el A\u00f1o Nuevo, est\u00e9s donde est\u00e9s\"\/><\/a>        <\/div>\n                        <div class=\"blfe-post-grid-details\">\n                    <div class=\"blfe-post-grid-details-inner\">\n                        <span class=\"blfe-post-category\"><a href=\"https:\/\/soymigrante.com\/revista\/category\/estamos-unidos\/lugar-de-voces\/\">Lugar de Voces<\/a><\/span>                        <h3 class=\"blfe-post-grid-title\">\n            <a href=\"https:\/\/soymigrante.com\/revista\/consejos-metas-ano-nuevo-por-escritor-guatemalteco-migrante-manuel-orantes\/\" title=\"Consejos del sabio para el A\u00f1o Nuevo, est\u00e9s donde est\u00e9s\" rel=\"nofollow\" target=\"_blank\">Consejos del sabio para el A\u00f1o Nuevo, est\u00e9s donde est\u00e9s<\/a>\n            <\/h3>                                                            <div class=\"blfe-post-grid-meta\">\n                <span class=\"blfe-post-grid-time\"><i class=\"fas fa-book-reader\"><\/i>5 Min read<\/span>            <\/div>\n                                                        <\/div>\n                <\/div>\n\n            <\/div>\n        <\/div>\n                <div class=\"blfe-post-grid-item\">\n            <div class=\"blfe-post-grid-item-inner blfe-modern-zoom\">\n                        <div class=\"blfe-post-grid-bg-image\">\n            <a class=\"blfe-post-grid-image-inner\" href=\"https:\/\/soymigrante.com\/revista\/ingeniero-guatemalteco-guillermo-fuentes-electo-entre-los-20-jovenes-latinos-de-oklahoma-2026\/\" title=\"Ingeniero guatemalteco Guillermo Fuentes electo entre los 20 J\u00f3venes Latinos de Oklahoma 2026\" rel=\"nofollow\" target=\"_blank\"><img decoding=\"async\" src=\"https:\/\/soymigrante.com\/revista\/wp-content\/uploads\/2026\/02\/guillermo-fuentes-guatemalteco-oklahoma-entre-los-20-menores-de-40.png\" alt=\"Ingeniero guatemalteco Guillermo Fuentes electo entre los 20 J\u00f3venes Latinos de Oklahoma 2026\"\/><\/a>        <\/div>\n                        <div class=\"blfe-post-grid-details\">\n                    <div class=\"blfe-post-grid-details-inner\">\n                        <span class=\"blfe-post-category\"><a href=\"https:\/\/soymigrante.com\/revista\/category\/estamos-unidos\/lugar-de-voces\/\">Lugar de Voces<\/a><\/span>                        <h3 class=\"blfe-post-grid-title\">\n            <a href=\"https:\/\/soymigrante.com\/revista\/ingeniero-guatemalteco-guillermo-fuentes-electo-entre-los-20-jovenes-latinos-de-oklahoma-2026\/\" title=\"Ingeniero guatemalteco Guillermo Fuentes electo entre los 20 J\u00f3venes Latinos de Oklahoma 2026\" rel=\"nofollow\" target=\"_blank\">Ingeniero guatemalteco Guillermo Fuentes electo entre los 20 J\u00f3venes Latinos de Oklahoma 2026<\/a>\n            <\/h3>                                                            <div class=\"blfe-post-grid-meta\">\n                <span class=\"blfe-post-grid-time\"><i class=\"fas fa-book-reader\"><\/i>4 Min read<\/span>            <\/div>\n                                                        <\/div>\n                <\/div>\n\n            <\/div>\n        <\/div>\n                <div class=\"blfe-post-grid-item\">\n            <div class=\"blfe-post-grid-item-inner blfe-modern-zoom\">\n                        <div class=\"blfe-post-grid-bg-image\">\n            <a class=\"blfe-post-grid-image-inner\" href=\"https:\/\/soymigrante.com\/revista\/relato-de-3-dias-de-amor-y-orgullo-por-guatemala-desde-texas\/\" title=\"Relato de 3 d\u00edas de amor y orgullo por Guatemala desde Texas\" rel=\"nofollow\" target=\"_blank\"><img decoding=\"async\" src=\"https:\/\/soymigrante.com\/revista\/wp-content\/uploads\/2024\/09\/guatemaltecos-dallas-migrantes-5-1.webp\" alt=\"Relato de 3 d\u00edas de amor y orgullo por Guatemala desde Texas\"\/><\/a>        <\/div>\n                        <div class=\"blfe-post-grid-details\">\n                    <div class=\"blfe-post-grid-details-inner\">\n                        <span class=\"blfe-post-category\"><a href=\"https:\/\/soymigrante.com\/revista\/category\/estamos-unidos\/lugar-de-voces\/\">Lugar de Voces<\/a><\/span>                        <h3 class=\"blfe-post-grid-title\">\n            <a href=\"https:\/\/soymigrante.com\/revista\/relato-de-3-dias-de-amor-y-orgullo-por-guatemala-desde-texas\/\" title=\"Relato de 3 d\u00edas de amor y orgullo por Guatemala desde Texas\" rel=\"nofollow\" target=\"_blank\">Relato de 3 d\u00edas de amor y orgullo por Guatemala desde Texas<\/a>\n            <\/h3>                                                            <div class=\"blfe-post-grid-meta\">\n                <span class=\"blfe-post-grid-time\"><i class=\"fas fa-book-reader\"><\/i>4 Min read<\/span>            <\/div>\n                                                        <\/div>\n                <\/div>\n\n            <\/div>\n        <\/div>\n                        <\/div>\n\n                        <\/div>\n            \n                        <div class=\"blfe-post-footer\">\n                        <\/div>\n            \t\t\t\t<\/div>\n\t\t\t\t<\/div>\n\t\t\t\t\t<\/div>\n\t\t\t\t<\/div>\n\t\t\t\t<\/div>\n\t\t","protected":false},"excerpt":{"rendered":"<p>Palabras y expresiones muy exclusivas de Guatemala. Estos t\u00e9rminos var\u00edan a veces pero todo chap\u00edn los entiende a la perfecci\u00f3n, pero m\u00e1s de una vez confundido a un visitante. Guatemala es un pa\u00eds con much\u00edsimas tradiciones, costumbres y rica en cultura, esto no se queda atr\u00e1s en el ingenio de los guatemaltecos al nombrar ciertas [&hellip;]<\/p>\n","protected":false},"author":19,"featured_media":7810,"comment_status":"open","ping_status":"open","sticky":false,"template":"","format":"standard","meta":{"_acf_changed":false,"_eb_attr":"","footnotes":""},"categories":[58],"tags":[],"class_list":["post-7809","post","type-post","status-publish","format-standard","has-post-thumbnail","hentry","category-guate-nuestra"],"acf":[],"aioseo_notices":[],"aioseo_head":"\n\t\t<!-- All in One SEO Pro 4.9.6.2 - aioseo.com -->\n\t<meta name=\"description\" content=\"&quot;Fue emocionante ver a guatemaltecos con banderas y camisolas de la selecci\u00f3n durante el desfile de Dallas&quot; cuenta la activista migrante guatemalteca Kiara Vera,\" \/>\n\t<meta name=\"robots\" content=\"max-snippet:-1, max-image-preview:large, max-video-preview:-1\" \/>\n\t<meta name=\"author\" content=\"SoyMigrante.com REVISTA\"\/>\n\t<link rel=\"canonical\" href=\"https:\/\/soymigrante.com\/revista\/relato-de-3-dias-de-amor-y-orgullo-por-guatemala-desde-texas\/\" \/>\n\t<meta name=\"generator\" content=\"All in One SEO Pro (AIOSEO) 4.9.6.2\" \/>\n\n\t\t<link rel=\"preconnect\" href=\"https:\/\/fonts.googleapis.com\" crossorigin>\n<link rel=\"preconnect\" href=\"https:\/\/fonts.gstatic.com\" crossorigin>\n\t\t<meta property=\"og:locale\" content=\"es_ES\" \/>\n\t\t<meta property=\"og:site_name\" content=\"SoyMigrante.com REVISTA \u2013 Nuestra misi\u00f3n es reconocer y dignificar al migrante.\" \/>\n\t\t<meta property=\"og:type\" content=\"article\" \/>\n\t\t<meta property=\"og:title\" content=\"Relato de 3 d\u00edas de festejos dedicados a Guatemala en Texas\" \/>\n\t\t<meta property=\"og:description\" content=\"&quot;Fue emocionante ver a guatemaltecos con banderas y camisolas de la selecci\u00f3n durante el desfile de Dallas&quot; cuenta la activista migrante guatemalteca Kiara Vera,\" \/>\n\t\t<meta property=\"og:url\" content=\"https:\/\/soymigrante.com\/revista\/relato-de-3-dias-de-amor-y-orgullo-por-guatemala-desde-texas\/\" \/>\n\t\t<meta property=\"og:image\" content=\"https:\/\/soymigrante.com\/revista\/wp-content\/uploads\/2024\/09\/guatemaltecos-dallas-migrantes-5-1.webp\" \/>\n\t\t<meta property=\"og:image:secure_url\" content=\"https:\/\/soymigrante.com\/revista\/wp-content\/uploads\/2024\/09\/guatemaltecos-dallas-migrantes-5-1.webp\" \/>\n\t\t<meta property=\"og:image:width\" content=\"810\" \/>\n\t\t<meta property=\"og:image:height\" content=\"810\" \/>\n\t\t<meta property=\"article:published_time\" content=\"2024-09-21T01:14:25+00:00\" \/>\n\t\t<meta property=\"article:modified_time\" content=\"2024-09-21T01:15:03+00:00\" \/>\n\t\t<meta property=\"article:publisher\" content=\"https:\/\/www.facebook.com\/soymigrantecom\" \/>\n\t\t<meta name=\"twitter:card\" content=\"summary_large_image\" \/>\n\t\t<meta name=\"twitter:site\" content=\"@SoyMigrante_com\" \/>\n\t\t<meta name=\"twitter:title\" content=\"Relato de 3 d\u00edas de festejos dedicados a Guatemala en Texas\" \/>\n\t\t<meta name=\"twitter:description\" content=\"&quot;Fue emocionante ver a guatemaltecos con banderas y camisolas de la selecci\u00f3n durante el desfile de Dallas&quot; cuenta la activista migrante guatemalteca Kiara Vera,\" \/>\n\t\t<meta name=\"twitter:creator\" content=\"@SoyMigrante_com\" \/>\n\t\t<meta name=\"twitter:image\" content=\"https:\/\/soymigrante.com\/revista\/wp-content\/uploads\/2024\/09\/guatemaltecos-dallas-migrantes-5-1.webp\" \/>\n\t\t<!-- All in One SEO Pro -->\r\n\t\t<title>Relato de 3 d\u00edas de festejos dedicados a Guatemala en Texas<\/title>\n\n","aioseo_head_json":{"title":"Relato de 3 d\u00edas de festejos dedicados a Guatemala en Texas","description":"\"Fue emocionante ver a guatemaltecos con banderas y camisolas de la selecci\u00f3n durante el desfile de Dallas\" cuenta la activista migrante guatemalteca Kiara Vera,","canonical_url":"https:\/\/soymigrante.com\/revista\/relato-de-3-dias-de-amor-y-orgullo-por-guatemala-desde-texas\/","robots":"max-snippet:-1, max-image-preview:large, max-video-preview:-1","keywords":"","webmasterTools":{"miscellaneous":"&lt;link rel=\"preconnect\" href=\"https:\/\/fonts.googleapis.com\" crossorigin&gt;\n&lt;link rel=\"preconnect\" href=\"https:\/\/fonts.gstatic.com\" crossorigin&gt;"},"schema":null,"og:locale":"es_ES","og:site_name":"SoyMigrante.com REVISTA \u2013 Nuestra misi\u00f3n es reconocer y dignificar al migrante.","og:type":"article","og:title":"Relato de 3 d\u00edas de festejos dedicados a Guatemala en Texas","og:description":"&quot;Fue emocionante ver a guatemaltecos con banderas y camisolas de la selecci\u00f3n durante el desfile de Dallas&quot; cuenta la activista migrante guatemalteca Kiara Vera,","og:url":"https:\/\/soymigrante.com\/revista\/relato-de-3-dias-de-amor-y-orgullo-por-guatemala-desde-texas\/","og:image":"https:\/\/soymigrante.com\/revista\/wp-content\/uploads\/2024\/09\/guatemaltecos-dallas-migrantes-5-1.webp","og:image:secure_url":"https:\/\/soymigrante.com\/revista\/wp-content\/uploads\/2024\/09\/guatemaltecos-dallas-migrantes-5-1.webp","og:image:width":810,"og:image:height":810,"article:published_time":"2024-09-21T01:14:25+00:00","article:modified_time":"2024-09-21T01:15:03+00:00","article:publisher":"https:\/\/www.facebook.com\/soymigrantecom","twitter:card":"summary_large_image","twitter:site":"@SoyMigrante_com","twitter:title":"Relato de 3 d\u00edas de festejos dedicados a Guatemala en Texas","twitter:description":"&quot;Fue emocionante ver a guatemaltecos con banderas y camisolas de la selecci\u00f3n durante el desfile de Dallas&quot; cuenta la activista migrante guatemalteca Kiara Vera,","twitter:creator":"@SoyMigrante_com","twitter:image":"https:\/\/soymigrante.com\/revista\/wp-content\/uploads\/2024\/09\/guatemaltecos-dallas-migrantes-5-1.webp"},"aioseo_meta_data":{"post_id":"7809","title":"Glosario de 150 palabras guatemaltecas: \u00bfCu\u00e1les usas?","description":"Dentro y fuera de Guatemala se usan estas palabras entre chapines. Son tan propias que a veces las personas de otros pa\u00edses no comprenden qu\u00e9 se quiso decir.","keywords":null,"keyphrases":{"focus":{"keyphrase":"Palabras guatemaltecas","score":60,"analysis":{"keyphraseInTitle":{"score":9,"maxScore":9,"error":0},"keyphraseInDescription":{"score":3,"maxScore":9,"error":1},"keyphraseLength":{"score":9,"maxScore":9,"error":0,"length":2},"keyphraseInURL":{"score":5,"maxScore":5,"error":0},"keyphraseInIntroduction":{"score":3,"maxScore":9,"error":1},"keyphraseInSubHeadings":{"score":3,"maxScore":9,"error":1},"keyphraseInImageAlt":{"score":9,"maxScore":9,"error":0},"keywordDensity":{"score":0,"type":"low","maxScore":9,"error":1}}},"additional":[{"keyphrase":"Palabras guatemaltecas","score":53,"analysis":{"keyphraseInDescription":{"score":3,"maxScore":9,"error":1},"keyphraseLength":{"score":9,"maxScore":9,"error":0,"length":2},"keyphraseInIntroduction":{"score":3,"maxScore":9,"error":1},"keyphraseInImageAlt":{"score":9,"maxScore":9,"error":0},"keywordDensity":{"score":0,"type":"low","maxScore":9,"error":1}}}]},"primary_term":null,"canonical_url":null,"og_title":null,"og_description":null,"og_object_type":"default","og_image_type":"default","og_image_url":null,"og_image_width":null,"og_image_height":null,"og_image_custom_url":null,"og_image_custom_fields":null,"og_video":"","og_custom_url":null,"og_article_section":null,"og_article_tags":null,"twitter_use_og":false,"twitter_card":"default","twitter_image_type":"default","twitter_image_url":null,"twitter_image_custom_url":null,"twitter_image_custom_fields":null,"twitter_title":null,"twitter_description":null,"schema":{"blockGraphs":[],"customGraphs":[],"default":{"data":{"Article":[],"Course":[],"Dataset":[],"FAQPage":[],"Movie":[],"Person":[],"Product":[],"ProductReview":[],"Car":[],"Recipe":[],"Service":[],"SoftwareApplication":[],"WebPage":[]},"graphName":"Article","isEnabled":true},"graphs":[]},"schema_type":"default","schema_type_options":null,"pillar_content":false,"robots_default":true,"robots_noindex":false,"robots_noarchive":false,"robots_nosnippet":false,"robots_nofollow":false,"robots_noimageindex":false,"robots_noodp":false,"robots_notranslate":false,"robots_max_snippet":"-1","robots_max_videopreview":"-1","robots_max_imagepreview":"large","priority":null,"frequency":"default","local_seo":null,"seo_analyzer_scan_date":"2025-10-09 00:05:24","breadcrumb_settings":null,"limit_modified_date":false,"reviewed_by":null,"open_ai":"{\"title\":{\"suggestions\":[],\"usage\":0},\"description\":{\"suggestions\":[],\"usage\":0}}","ai":null,"created":"2024-08-05 23:01:49","updated":"2026-02-04 15:53:13"},"aioseo_breadcrumb":"<div class=\"aioseo-breadcrumbs\"><span class=\"aioseo-breadcrumb\">\n\t<a href=\"https:\/\/soymigrante.com\/revista\" title=\"Home\">Home<\/a>\n<\/span><span class=\"aioseo-breadcrumb-separator\">\u00bb<\/span><span class=\"aioseo-breadcrumb\">\n\t<a href=\"https:\/\/soymigrante.com\/revista\/category\/guate-nuestra\/\" title=\"Guate Nuestra\">Guate Nuestra<\/a>\n<\/span><span class=\"aioseo-breadcrumb-separator\">\u00bb<\/span><span class=\"aioseo-breadcrumb\">\n\tTodo chap\u00edn conoce estas palabras guatemaltecas: \u00bfCu\u00e1les us\u00e1s?\n<\/span><\/div>","aioseo_breadcrumb_json":[{"label":"Home","link":"https:\/\/soymigrante.com\/revista"},{"label":"Guate Nuestra","link":"https:\/\/soymigrante.com\/revista\/category\/guate-nuestra\/"},{"label":"Todo chap\u00edn conoce estas palabras guatemaltecas: \u00bfCu\u00e1les us\u00e1s?","link":"https:\/\/soymigrante.com\/revista\/todo-chapin-conoce-estas-palabras-guatemaltecas-cuales-usas\/"}],"_links":{"self":[{"href":"https:\/\/soymigrante.com\/revista\/wp-json\/wp\/v2\/posts\/7809","targetHints":{"allow":["GET"]}}],"collection":[{"href":"https:\/\/soymigrante.com\/revista\/wp-json\/wp\/v2\/posts"}],"about":[{"href":"https:\/\/soymigrante.com\/revista\/wp-json\/wp\/v2\/types\/post"}],"author":[{"embeddable":true,"href":"https:\/\/soymigrante.com\/revista\/wp-json\/wp\/v2\/users\/19"}],"replies":[{"embeddable":true,"href":"https:\/\/soymigrante.com\/revista\/wp-json\/wp\/v2\/comments?post=7809"}],"version-history":[{"count":3,"href":"https:\/\/soymigrante.com\/revista\/wp-json\/wp\/v2\/posts\/7809\/revisions"}],"predecessor-version":[{"id":44726,"href":"https:\/\/soymigrante.com\/revista\/wp-json\/wp\/v2\/posts\/7809\/revisions\/44726"}],"wp:featuredmedia":[{"embeddable":true,"href":"https:\/\/soymigrante.com\/revista\/wp-json\/wp\/v2\/media\/7810"}],"wp:attachment":[{"href":"https:\/\/soymigrante.com\/revista\/wp-json\/wp\/v2\/media?parent=7809"}],"wp:term":[{"taxonomy":"category","embeddable":true,"href":"https:\/\/soymigrante.com\/revista\/wp-json\/wp\/v2\/categories?post=7809"},{"taxonomy":"post_tag","embeddable":true,"href":"https:\/\/soymigrante.com\/revista\/wp-json\/wp\/v2\/tags?post=7809"}],"curies":[{"name":"wp","href":"https:\/\/api.w.org\/{rel}","templated":true}]}}