{"id":7805,"date":"2024-08-14T09:40:23","date_gmt":"2024-08-14T15:40:23","guid":{"rendered":"https:\/\/soymigrante.com\/revista\/?p=7805"},"modified":"2024-11-01T14:59:33","modified_gmt":"2024-11-01T20:59:33","slug":"visas-para-estados-unidos-cuantos-tipos-hay","status":"publish","type":"post","link":"https:\/\/soymigrante.com\/revista\/visas-para-estados-unidos-cuantos-tipos-hay\/","title":{"rendered":"Tipos de visas para entrar a Estados Unidos: Resuelve tus dudas"},"content":{"rendered":"\t\t<div data-elementor-type=\"wp-post\" data-elementor-id=\"7805\" class=\"elementor elementor-7805\" data-elementor-post-type=\"post\">\n\t\t\t\t<div data-particle_enable=\"false\" data-particle-mobile-disabled=\"false\" class=\"elementor-element elementor-element-da05cfb e-flex e-con-boxed e-con e-parent\" data-id=\"da05cfb\" data-element_type=\"container\" data-e-type=\"container\">\n\t\t\t\t\t<div class=\"e-con-inner\">\n\t\t\t\t<div class=\"elementor-element elementor-element-b197a78 elementor-widget elementor-widget-heading\" data-id=\"b197a78\" data-element_type=\"widget\" data-e-type=\"widget\" data-widget_type=\"heading.default\">\n\t\t\t\t\t<h2 class=\"elementor-heading-title elementor-size-default\">Los tipos de visas que existen sirven para much\u00edsimas utilidades, entre ellas las categor\u00edas de turismo, estudios, negocios y otros fines seg\u00fan quien desee viajar a Estados Unidos. <\/h2>\t\t\t\t<\/div>\n\t\t\t\t\t<\/div>\n\t\t\t\t<\/div>\n\t\t<div data-particle_enable=\"false\" data-particle-mobile-disabled=\"false\" class=\"elementor-element elementor-element-0da884c e-flex e-con-boxed e-con e-parent\" data-id=\"0da884c\" data-element_type=\"container\" data-e-type=\"container\">\n\t\t\t\t\t<div class=\"e-con-inner\">\n\t\t\t\t<div class=\"elementor-element elementor-element-06a4597 elementor-widget elementor-widget-text-editor\" data-id=\"06a4597\" data-element_type=\"widget\" data-e-type=\"widget\" data-widget_type=\"text-editor.default\">\n\t\t\t\t\t\t\t\t\t<p>La visa es el documento necesario que te piden para entrar a Estados Unidos, ya sea como turista, para trabajar o cualquier otra actividad a realizar en aquel pa\u00eds.<\/p><p>La <a href=\"https:\/\/gt.usembassy.gov\/es\/visas-es\/\" target=\"_blank\" rel=\"noopener\">embajada de Estados Unidos en Guatemala<\/a>, describe que hay al menos seis tipos distintos de visas cuyas categor\u00edas son: turismo y visitantes, estudios e intercambios, negocios, Immigrate, Empleo y otros.<\/p><p>Estas son las caracter\u00edsticas de cada una en caso de que todav\u00eda no sepas cu\u00e1l tramitar antes de viajar.<\/p>\t\t\t\t\t\t\t\t<\/div>\n\t\t\t\t\t<\/div>\n\t\t\t\t<\/div>\n\t\t<div data-particle_enable=\"false\" data-particle-mobile-disabled=\"false\" class=\"elementor-element elementor-element-514cbcf e-flex e-con-boxed e-con e-parent\" data-id=\"514cbcf\" data-element_type=\"container\" data-e-type=\"container\">\n\t\t\t\t\t<div class=\"e-con-inner\">\n\t\t\t\t<div class=\"elementor-element elementor-element-51b72d7 elementor-widget elementor-widget-image\" data-id=\"51b72d7\" data-element_type=\"widget\" data-e-type=\"widget\" data-widget_type=\"image.default\">\n\t\t\t\t\t\t\t\t\t\t\t\t\t\t\t<img fetchpriority=\"high\" decoding=\"async\" width=\"768\" height=\"960\" src=\"https:\/\/soymigrante.com\/revista\/wp-content\/uploads\/2024\/08\/Visas-para-Estados-Unidos-Cuantos-tipos-hay-y-como-saber-cual-necesito-819x1024.webp\" class=\"attachment-large size-large wp-image-7808\" alt=\"Tarjetas de pasaporte en mano en una ciudad europea, representando temas de migraci\u00f3n, viajes internacionales y derechos de los migrantes.\" srcset=\"https:\/\/soymigrante.com\/revista\/wp-content\/uploads\/2024\/08\/Visas-para-Estados-Unidos-Cuantos-tipos-hay-y-como-saber-cual-necesito-819x1024.webp 819w, https:\/\/soymigrante.com\/revista\/wp-content\/uploads\/2024\/08\/Visas-para-Estados-Unidos-Cuantos-tipos-hay-y-como-saber-cual-necesito-240x300.webp 240w, https:\/\/soymigrante.com\/revista\/wp-content\/uploads\/2024\/08\/Visas-para-Estados-Unidos-Cuantos-tipos-hay-y-como-saber-cual-necesito-768x960.webp 768w, https:\/\/soymigrante.com\/revista\/wp-content\/uploads\/2024\/08\/Visas-para-Estados-Unidos-Cuantos-tipos-hay-y-como-saber-cual-necesito-1229x1536.webp 1229w, https:\/\/soymigrante.com\/revista\/wp-content\/uploads\/2024\/08\/Visas-para-Estados-Unidos-Cuantos-tipos-hay-y-como-saber-cual-necesito-1639x2048.webp 1537w, https:\/\/soymigrante.com\/revista\/wp-content\/uploads\/2024\/08\/Visas-para-Estados-Unidos-Cuantos-tipos-hay-y-como-saber-cual-necesito-750x937.webp 750w, https:\/\/soymigrante.com\/revista\/wp-content\/uploads\/2024\/08\/Visas-para-Estados-Unidos-Cuantos-tipos-hay-y-como-saber-cual-necesito-1140x1425.webp 1140w, https:\/\/soymigrante.com\/revista\/wp-content\/uploads\/2024\/08\/Visas-para-Estados-Unidos-Cuantos-tipos-hay-y-como-saber-cual-necesito-scaled.webp 1536w\" sizes=\"(max-width: 768px) 100vw, 768px\" title=\"Visas para Estados Unidos Cua\u0301ntos tipos hay y co\u0301mo saber cua\u0301l necesito \u2013 SoyMigrante.com REVISTA\" \/>\t\t\t\t\t\t\t\t\t\t\t\t\t\t\t<\/div>\n\t\t\t\t\t<\/div>\n\t\t\t\t<\/div>\n\t\t<div data-particle_enable=\"false\" data-particle-mobile-disabled=\"false\" class=\"elementor-element elementor-element-c948a18 e-flex e-con-boxed e-con e-parent\" data-id=\"c948a18\" data-element_type=\"container\" data-e-type=\"container\">\n\t\t\t\t\t<div class=\"e-con-inner\">\n\t\t\t\t<div class=\"elementor-element elementor-element-37a3dbf elementor-widget elementor-widget-heading\" data-id=\"37a3dbf\" data-element_type=\"widget\" data-e-type=\"widget\" data-widget_type=\"heading.default\">\n\t\t\t\t\t<h3 class=\"elementor-heading-title elementor-size-default\">Clases de visas para Estados Unidos: <\/h3>\t\t\t\t<\/div>\n\t\t\t\t\t<\/div>\n\t\t\t\t<\/div>\n\t\t<div data-particle_enable=\"false\" data-particle-mobile-disabled=\"false\" class=\"elementor-element elementor-element-f7c4401 e-flex e-con-boxed e-con e-parent\" data-id=\"f7c4401\" data-element_type=\"container\" data-e-type=\"container\">\n\t\t\t\t\t<div class=\"e-con-inner\">\n\t\t\t\t<div class=\"elementor-element elementor-element-4337490 elementor-widget elementor-widget-text-editor\" data-id=\"4337490\" data-element_type=\"widget\" data-e-type=\"widget\" data-widget_type=\"text-editor.default\">\n\t\t\t\t\t\t\t\t\t<p><strong>Visa de Turismo y Visita:<\/strong><br \/>Se trata de la visa de visitante (B-2) con la que un extranjero podr\u00e1 <a href=\"https:\/\/travel.state.gov\/content\/travel\/en\/us-visas\/tourism-visit.html\" target=\"_blank\" rel=\"noopener\">viajar a Estados Unidos con fines tur\u00edsticos<\/a>.<\/p>\t\t\t\t\t\t\t\t<\/div>\n\t\t\t\t\t<\/div>\n\t\t\t\t<\/div>\n\t\t<div data-particle_enable=\"false\" data-particle-mobile-disabled=\"false\" class=\"elementor-element elementor-element-d30352c e-flex e-con-boxed e-con e-parent\" data-id=\"d30352c\" data-element_type=\"container\" data-e-type=\"container\">\n\t\t\t\t\t<div class=\"e-con-inner\">\n\t\t\t\t<div class=\"elementor-element elementor-element-161d730 elementor-widget elementor-widget-text-editor\" data-id=\"161d730\" data-element_type=\"widget\" data-e-type=\"widget\" data-widget_type=\"text-editor.default\">\n\t\t\t\t\t\t\t\t\t<p><strong>Estudios e Intercambios:<\/strong><br \/><a href=\"https:\/\/travel.state.gov\/content\/travel\/en\/us-visas\/study.html\" target=\"_blank\" rel=\"noopener\">Los estudiantes tramitan un tipo de visa diferente<\/a>, al igual que quienes entran a programas de intercambio.<\/p>\t\t\t\t\t\t\t\t<\/div>\n\t\t\t\t\t<\/div>\n\t\t\t\t<\/div>\n\t\t<div data-particle_enable=\"false\" data-particle-mobile-disabled=\"false\" class=\"elementor-element elementor-element-75ba1eb e-flex e-con-boxed e-con e-parent\" data-id=\"75ba1eb\" data-element_type=\"container\" data-e-type=\"container\">\n\t\t\t\t\t<div class=\"e-con-inner\">\n\t\t\t\t<div class=\"elementor-element elementor-element-ed6e379 elementor-widget elementor-widget-text-editor\" data-id=\"ed6e379\" data-element_type=\"widget\" data-e-type=\"widget\" data-widget_type=\"text-editor.default\">\n\t\t\t\t\t\t\t\t\t<p>Te puede interesar: <a href=\"https:\/\/soymigrante.com\/revista\/joyas-mayas-migrantes-jarra-con-relieve-en-el-met-museum-ny\/\" target=\"_blank\" rel=\"noopener\">Joyas mayas migrantes: Chocolatera en el Met Museum NY. Conoce su significado<\/a><\/p>\t\t\t\t\t\t\t\t<\/div>\n\t\t\t\t\t<\/div>\n\t\t\t\t<\/div>\n\t\t<div data-particle_enable=\"false\" data-particle-mobile-disabled=\"false\" class=\"elementor-element elementor-element-df069e3 e-flex e-con-boxed e-con e-parent\" data-id=\"df069e3\" data-element_type=\"container\" data-e-type=\"container\">\n\t\t\t\t\t<div class=\"e-con-inner\">\n\t\t\t\t<div class=\"elementor-element elementor-element-6cd7c74 elementor-widget elementor-widget-text-editor\" data-id=\"6cd7c74\" data-element_type=\"widget\" data-e-type=\"widget\" data-widget_type=\"text-editor.default\">\n\t\t\t\t\t\t\t\t\t<p>N<strong>egocios:<\/strong><br \/>Quienes viajen a <a href=\"https:\/\/travel.state.gov\/content\/travel\/en\/us-visas\/business.html\" target=\"_blank\" rel=\"noopener\">Estados Unidos para hacer negocios temporales necesitan una visa B-1.<\/a> Esta categor\u00eda incluye asistir a reuniones de negocios o consultas, asistir a una convenci\u00f3n o conferencia de negocios y negociaci\u00f3n de contratos.<\/p>\t\t\t\t\t\t\t\t<\/div>\n\t\t\t\t\t<\/div>\n\t\t\t\t<\/div>\n\t\t<div data-particle_enable=\"false\" data-particle-mobile-disabled=\"false\" class=\"elementor-element elementor-element-afd2987 e-flex e-con-boxed e-con e-parent\" data-id=\"afd2987\" data-element_type=\"container\" data-e-type=\"container\">\n\t\t\t\t\t<div class=\"e-con-inner\">\n\t\t\t\t<div class=\"elementor-element elementor-element-d55442c elementor-widget elementor-widget-button\" data-id=\"d55442c\" data-element_type=\"widget\" data-e-type=\"widget\" data-widget_type=\"button.default\">\n\t\t\t\t\t\t\t\t\t\t<a class=\"elementor-button elementor-button-link elementor-size-sm\" href=\"https:\/\/docs.google.com\/forms\/d\/e\/1FAIpQLSepTlaoXzrKJszyd956Tp_558-sBRcdaCKHNMNDmsPsQIyXSA\/viewform\">\n\t\t\t\t\t\t<span class=\"elementor-button-content-wrapper\">\n\t\t\t\t\t\t\t\t\t<span class=\"elementor-button-text\">Resuelve tus dudas sobre el proceso de visa a trav\u00e9s de este navegador con preguntas y respuestas del Departamento de Estado y la Embajada de EE.UU. en Guatemala. CLIC AC\u00c1<\/span>\n\t\t\t\t\t<\/span>\n\t\t\t\t\t<\/a>\n\t\t\t\t\t\t\t\t<\/div>\n\t\t\t\t\t<\/div>\n\t\t\t\t<\/div>\n\t\t<div data-particle_enable=\"false\" data-particle-mobile-disabled=\"false\" class=\"elementor-element elementor-element-02d8d98 e-flex e-con-boxed e-con e-parent\" data-id=\"02d8d98\" data-element_type=\"container\" data-e-type=\"container\">\n\t\t\t\t\t<div class=\"e-con-inner\">\n\t\t\t\t<div class=\"elementor-element elementor-element-af3597e elementor-widget elementor-widget-image\" data-id=\"af3597e\" data-element_type=\"widget\" data-e-type=\"widget\" data-widget_type=\"image.default\">\n\t\t\t\t\t\t\t\t\t\t\t\t\t\t\t<img decoding=\"async\" width=\"300\" height=\"125\" src=\"https:\/\/soymigrante.com\/revista\/wp-content\/uploads\/2024\/08\/Captura-de-pantalla-2024-08-14-093641-300x125.webp\" class=\"attachment-medium size-medium wp-image-8069\" alt=\"Firma de documentos con sello en oficina migratoria en Estados Unidos, servicio para inmigrantes, tr\u00e1mite de visas y permisos, atenci\u00f3n en derechos laborales y migratorios, SoyMigrante.com REVISTA.\" srcset=\"https:\/\/soymigrante.com\/revista\/wp-content\/uploads\/2024\/08\/Captura-de-pantalla-2024-08-14-093641-300x125.webp 300w, https:\/\/soymigrante.com\/revista\/wp-content\/uploads\/2024\/08\/Captura-de-pantalla-2024-08-14-093641-1024x426.webp 1024w, https:\/\/soymigrante.com\/revista\/wp-content\/uploads\/2024\/08\/Captura-de-pantalla-2024-08-14-093641-768x320.webp 768w, https:\/\/soymigrante.com\/revista\/wp-content\/uploads\/2024\/08\/Captura-de-pantalla-2024-08-14-093641-750x312.webp 750w, https:\/\/soymigrante.com\/revista\/wp-content\/uploads\/2024\/08\/Captura-de-pantalla-2024-08-14-093641-1140x474.webp 1140w, https:\/\/soymigrante.com\/revista\/wp-content\/uploads\/2024\/08\/Captura-de-pantalla-2024-08-14-093641.webp 1468w\" sizes=\"(max-width: 300px) 100vw, 300px\" title=\"Captura de pantalla 2024-08-14 093641 \u2013 SoyMigrante.com REVISTA\" \/>\t\t\t\t\t\t\t\t\t\t\t\t\t\t\t<\/div>\n\t\t\t\t\t<\/div>\n\t\t\t\t<\/div>\n\t\t<div data-particle_enable=\"false\" data-particle-mobile-disabled=\"false\" class=\"elementor-element elementor-element-d89948d e-flex e-con-boxed e-con e-parent\" data-id=\"d89948d\" data-element_type=\"container\" data-e-type=\"container\">\n\t\t\t\t\t<div class=\"e-con-inner\">\n\t\t\t\t<div class=\"elementor-element elementor-element-3e2f991 elementor-widget elementor-widget-text-editor\" data-id=\"3e2f991\" data-element_type=\"widget\" data-e-type=\"widget\" data-widget_type=\"text-editor.default\">\n\t\t\t\t\t\t\t\t\t<p><strong>Visas de inmigrate permanente:<\/strong><br>Son el tipo de <a href=\"https:\/\/travel.state.gov\/content\/travel\/en\/us-visas\/immigrate.html\" target=\"_blank\" rel=\"noopener\">visas de inmigrantes<\/a> basadas en lazos familiares, empleo, adopci\u00f3n, categor\u00edas especiales de inmigrantes y visa de diversidad.<\/p>\n<p>La de lazos familiares se otorga a ciertos miembros de la familia de ciudadanos estadounidenses y residentes permanentes legales, mientras que la de adopci\u00f3n es para adoptar hu\u00e9rfanos actualmente fuera de EU.<\/p>\t\t\t\t\t\t\t\t<\/div>\n\t\t\t\t\t<\/div>\n\t\t\t\t<\/div>\n\t\t<div data-particle_enable=\"false\" data-particle-mobile-disabled=\"false\" class=\"elementor-element elementor-element-8caf70d e-flex e-con-boxed e-con e-parent\" data-id=\"8caf70d\" data-element_type=\"container\" data-e-type=\"container\">\n\t\t\t\t\t<div class=\"e-con-inner\">\n\t\t\t\t<div class=\"elementor-element elementor-element-f34a688 elementor-widget elementor-widget-text-editor\" data-id=\"f34a688\" data-element_type=\"widget\" data-e-type=\"widget\" data-widget_type=\"text-editor.default\">\n\t\t\t\t\t\t\t\t\t<p><strong>Empleo:<\/strong><\/p><p>Este tipo de visa es necesaria <a href=\"https:\/\/travel.state.gov\/content\/travel\/en\/us-visas\/employment.html\" target=\"_blank\" rel=\"noopener\">para quienes quieren trabajar de forma temporal en Estados Unidos<\/a>. Se divide en empleos temporales, intercambios que incluyen a maestros y alumnos, visita, tratado comercial para gerentes, trabajadores esenciales o comerciales.<\/p>\t\t\t\t\t\t\t\t<\/div>\n\t\t\t\t\t<\/div>\n\t\t\t\t<\/div>\n\t\t<div data-particle_enable=\"false\" data-particle-mobile-disabled=\"false\" class=\"elementor-element elementor-element-3691869 e-flex e-con-boxed e-con e-parent\" data-id=\"3691869\" data-element_type=\"container\" data-e-type=\"container\">\n\t\t\t\t\t<div class=\"e-con-inner\">\n\t\t\t\t<div class=\"elementor-element elementor-element-622bb94 elementor-widget elementor-widget-text-editor\" data-id=\"622bb94\" data-element_type=\"widget\" data-e-type=\"widget\" data-widget_type=\"text-editor.default\">\n\t\t\t\t\t\t\t\t\t<p>Adem\u00e1s de dichas categor\u00edas <a href=\"https:\/\/travel.state.gov\/content\/travel\/en\/us-visas\/other-visa-categories.html\" target=\"_blank\" rel=\"noopener\">hay otros tipos de visas que incluyen<\/a>: tr\u00e1nsito, tratamiento m\u00e9dico, viajes oficiales del Gobierno, visa de trabajador religioso, visa de tripulante, situaciones humanitarias especiales, para periodistas y para unirse a refugiados y asilados.<br \/>.<\/p>\t\t\t\t\t\t\t\t<\/div>\n\t\t\t\t\t<\/div>\n\t\t\t\t<\/div>\n\t\t<div data-particle_enable=\"false\" data-particle-mobile-disabled=\"false\" class=\"elementor-element elementor-element-6fd71a6 e-flex e-con-boxed e-con e-parent\" data-id=\"6fd71a6\" data-element_type=\"container\" data-e-type=\"container\">\n\t\t\t\t\t<div class=\"e-con-inner\">\n\t\t\t\t<div class=\"elementor-element elementor-element-9ea4e31 elementor-widget elementor-widget-video\" data-id=\"9ea4e31\" data-element_type=\"widget\" data-e-type=\"widget\" data-settings=\"{&quot;youtube_url&quot;:&quot;https:\\\/\\\/www.youtube.com\\\/watch?v=ojL5SBisK5Q&quot;,&quot;video_type&quot;:&quot;youtube&quot;,&quot;controls&quot;:&quot;yes&quot;}\" data-widget_type=\"video.default\">\n\t\t\t\t\t\t\t<div class=\"elementor-wrapper elementor-open-inline\">\n\t\t\t<div class=\"elementor-video\"><\/div>\t\t<\/div>\n\t\t\t\t\t\t<\/div>\n\t\t\t\t\t<\/div>\n\t\t\t\t<\/div>\n\t\t<div data-particle_enable=\"false\" data-particle-mobile-disabled=\"false\" class=\"elementor-element elementor-element-c538feb e-flex e-con-boxed e-con e-parent\" data-id=\"c538feb\" data-element_type=\"container\" data-e-type=\"container\">\n\t\t\t\t\t<div class=\"e-con-inner\">\n\t\t\t\t<div class=\"elementor-element elementor-element-afbf770 elementor-widget elementor-widget-heading\" data-id=\"afbf770\" data-element_type=\"widget\" data-e-type=\"widget\" data-widget_type=\"heading.default\">\n\t\t\t\t\t<h3 class=\"elementor-heading-title elementor-size-default\">Conoce m\u00e1s de Guatemala ac\u00e1...<\/h3>\t\t\t\t<\/div>\n\t\t\t\t\t<\/div>\n\t\t\t\t<\/div>\n\t\t<div data-particle_enable=\"false\" data-particle-mobile-disabled=\"false\" class=\"elementor-element elementor-element-0d9754c e-flex e-con-boxed e-con e-parent\" data-id=\"0d9754c\" data-element_type=\"container\" data-e-type=\"container\">\n\t\t\t\t\t<div class=\"e-con-inner\">\n\t\t\t\t<div class=\"elementor-element elementor-element-425eefc elementor-widget elementor-widget-blfe-post-grid\" data-id=\"425eefc\" data-element_type=\"widget\" data-e-type=\"widget\" data-settings=\"{&quot;columns&quot;:&quot;3&quot;,&quot;columns_tablet&quot;:&quot;6&quot;,&quot;columns_mobile&quot;:&quot;12&quot;,&quot;hero1_layout_column_gap&quot;:{&quot;unit&quot;:&quot;px&quot;,&quot;size&quot;:30,&quot;sizes&quot;:[]},&quot;hero1_layout_column_gap_tablet&quot;:{&quot;unit&quot;:&quot;px&quot;,&quot;size&quot;:&quot;&quot;,&quot;sizes&quot;:[]},&quot;hero1_layout_column_gap_mobile&quot;:{&quot;unit&quot;:&quot;px&quot;,&quot;size&quot;:&quot;&quot;,&quot;sizes&quot;:[]},&quot;hero1_layout_row_gap&quot;:{&quot;unit&quot;:&quot;px&quot;,&quot;size&quot;:30,&quot;sizes&quot;:[]},&quot;hero1_layout_row_gap_tablet&quot;:{&quot;unit&quot;:&quot;px&quot;,&quot;size&quot;:&quot;&quot;,&quot;sizes&quot;:[]},&quot;hero1_layout_row_gap_mobile&quot;:{&quot;unit&quot;:&quot;px&quot;,&quot;size&quot;:&quot;&quot;,&quot;sizes&quot;:[]}}\" data-widget_type=\"blfe-post-grid.hero1\">\n\t\t\t\t<div class=\"elementor-widget-container\">\n\t\t\t\t\t\n                        <div class=\"blfe-post-grid-container \">\n            \n                <div data-skin=\"hero1\" class=\"blfe-row blfe-posts-inner blfe-hero1 blfe-posts-inner blfe-col-3 blfe-col-tab-6 blfe-col-mob-12     \">\n                            <div class=\"blfe-post-grid-item\">\n            <div class=\"blfe-post-grid-item-inner blfe-modern-zoom\">\n                        <div class=\"blfe-post-grid-bg-image\">\n            <a class=\"blfe-post-grid-image-inner\" href=\"https:\/\/soymigrante.com\/revista\/lideres-migrantes-guatemaltecos-plantean-mejora-del-voto-en-estados-unidos-al-tse\/\" title=\"Migrantes guatemaltecos plantean al TSE la mejora del voto desde Estados Unidos\" rel=\"nofollow\" target=\"_blank\"><img decoding=\"async\" src=\"https:\/\/soymigrante.com\/revista\/wp-content\/uploads\/2024\/03\/WhatsApp-Image-2024-03-11-at-5.07.16-PM.webp\" alt=\"Migrantes guatemaltecos plantean al TSE la mejora del voto desde Estados Unidos\"\/><\/a>        <\/div>\n                        <div class=\"blfe-post-grid-details\">\n                    <div class=\"blfe-post-grid-details-inner\">\n                        <span class=\"blfe-post-category\"><a href=\"https:\/\/soymigrante.com\/revista\/category\/estamos-unidos\/\">Estamos Unidos<\/a><\/span>                        <h3 class=\"blfe-post-grid-title\">\n            <a href=\"https:\/\/soymigrante.com\/revista\/lideres-migrantes-guatemaltecos-plantean-mejora-del-voto-en-estados-unidos-al-tse\/\" title=\"Migrantes guatemaltecos plantean al TSE la mejora del voto desde Estados Unidos\" rel=\"nofollow\" target=\"_blank\">Migrantes guatemaltecos plantean al TSE la mejora del voto desde Estados Unidos<\/a>\n            <\/h3>                                                            <div class=\"blfe-post-grid-meta\">\n                <span class=\"blfe-post-grid-time\"><i class=\"fas fa-book-reader\"><\/i>5 Min read<\/span>            <\/div>\n                                                        <\/div>\n                <\/div>\n\n            <\/div>\n        <\/div>\n                <div class=\"blfe-post-grid-item\">\n            <div class=\"blfe-post-grid-item-inner blfe-modern-zoom\">\n                        <div class=\"blfe-post-grid-bg-image\">\n            <a class=\"blfe-post-grid-image-inner\" href=\"https:\/\/soymigrante.com\/revista\/padre-guatemalteco-dedica-emotivo-poema-a-sus-hijos-migrantes\/\" title=\"Padre guatemalteco dedica emotivo poema a sus hijos migrantes\" rel=\"nofollow\" target=\"_blank\"><img decoding=\"async\" src=\"https:\/\/soymigrante.com\/revista\/wp-content\/uploads\/2023\/10\/El-monumento-esta-un-poco-de-lado-como-viendo-hacia-atras-el-brazo-derecho-lo-tiene-alzado-para-despedir-a-su-gente.webp\" alt=\"Padre guatemalteco dedica emotivo poema a sus hijos migrantes\"\/><\/a>        <\/div>\n                        <div class=\"blfe-post-grid-details\">\n                    <div class=\"blfe-post-grid-details-inner\">\n                        <span class=\"blfe-post-category\"><a href=\"https:\/\/soymigrante.com\/revista\/category\/estamos-unidos\/lugar-de-voces\/\">Lugar de Voces<\/a><\/span>                        <h3 class=\"blfe-post-grid-title\">\n            <a href=\"https:\/\/soymigrante.com\/revista\/padre-guatemalteco-dedica-emotivo-poema-a-sus-hijos-migrantes\/\" title=\"Padre guatemalteco dedica emotivo poema a sus hijos migrantes\" rel=\"nofollow\" target=\"_blank\">Padre guatemalteco dedica emotivo poema a sus hijos migrantes<\/a>\n            <\/h3>                                                            <div class=\"blfe-post-grid-meta\">\n                <span class=\"blfe-post-grid-time\"><i class=\"fas fa-book-reader\"><\/i>5 Min read<\/span>            <\/div>\n                                                        <\/div>\n                <\/div>\n\n            <\/div>\n        <\/div>\n                <div class=\"blfe-post-grid-item\">\n            <div class=\"blfe-post-grid-item-inner blfe-modern-zoom\">\n                        <div class=\"blfe-post-grid-bg-image\">\n            <a class=\"blfe-post-grid-image-inner\" href=\"https:\/\/soymigrante.com\/revista\/hombre-de-maiz-poema-de-clemente-ajtziij-migrante-guatemalteco-en-massachussets\/\" title=\"Hombre de Ma\u00edz, poema de Clemente Aj&#8217;Tziij, migrante guatemalteco  en Massachussets\" rel=\"nofollow\" target=\"_blank\"><img decoding=\"async\" src=\"https:\/\/soymigrante.com\/revista\/wp-content\/uploads\/2023\/08\/clementino.webp\" alt=\"Hombre de Ma\u00edz, poema de Clemente Aj&#8217;Tziij, migrante guatemalteco  en Massachussets\"\/><\/a>        <\/div>\n                        <div class=\"blfe-post-grid-details\">\n                    <div class=\"blfe-post-grid-details-inner\">\n                        <span class=\"blfe-post-category\"><a href=\"https:\/\/soymigrante.com\/revista\/category\/estamos-unidos\/lugar-de-voces\/\">Lugar de Voces<\/a><\/span>                        <h3 class=\"blfe-post-grid-title\">\n            <a href=\"https:\/\/soymigrante.com\/revista\/hombre-de-maiz-poema-de-clemente-ajtziij-migrante-guatemalteco-en-massachussets\/\" title=\"Hombre de Ma\u00edz, poema de Clemente Aj&#8217;Tziij, migrante guatemalteco  en Massachussets\" rel=\"nofollow\" target=\"_blank\">Hombre de Ma\u00edz, poema de Clemente Aj&#8217;Tziij, migrante guatemalteco  en Massachussets<\/a>\n            <\/h3>                                                            <div class=\"blfe-post-grid-meta\">\n                <span class=\"blfe-post-grid-time\"><i class=\"fas fa-book-reader\"><\/i>2 Min read<\/span>            <\/div>\n                                                        <\/div>\n                <\/div>\n\n            <\/div>\n        <\/div>\n                        <\/div>\n\n                        <\/div>\n            \n                        <div class=\"blfe-post-footer\">\n                        <\/div>\n            \t\t\t\t<\/div>\n\t\t\t\t<\/div>\n\t\t\t\t\t<\/div>\n\t\t\t\t<\/div>\n\t\t\t\t<\/div>\n\t\t","protected":false},"excerpt":{"rendered":"<p>Los tipos de visas que existen sirven para much\u00edsimas utilidades, entre ellas las categor\u00edas de turismo, estudios, negocios y otros fines seg\u00fan quien desee viajar a Estados Unidos. La visa es el documento necesario que te piden para entrar a Estados Unidos, ya sea como turista, para trabajar o cualquier otra actividad a realizar en [&hellip;]<\/p>\n","protected":false},"author":19,"featured_media":8067,"comment_status":"open","ping_status":"open","sticky":false,"template":"","format":"standard","meta":{"_acf_changed":false,"_eb_attr":"","footnotes":""},"categories":[59],"tags":[],"class_list":["post-7805","post","type-post","status-publish","format-standard","has-post-thumbnail","hentry","category-recursos-migratorios"],"acf":[],"aioseo_notices":[],"aioseo_head":"\n\t\t<!-- All in One SEO Pro 4.9.6.2 - aioseo.com -->\n\t<meta name=\"description\" content=\"Este texto est\u00e1 dedicado al esfuerzo y anhelo de los migrantes guatemaltecos por un pa\u00eds democr\u00e1tico y el respeto al voto popular y soberano. HOMBRE DE MA\u00cdZ, por Clemente Aj\u2019Tziij Aqu\u00ed voy otra vez frente a otro ciclo de cambio.Vientos huracanados que me han hecho huir siempre como ni\u00f1o en soledad,como hu\u00e9rfano sin alguna paz como el m\u00e1s\" \/>\n\t<meta name=\"robots\" content=\"max-snippet:-1, max-image-preview:large, max-video-preview:-1\" \/>\n\t<meta name=\"author\" content=\"SoyMigrante.com REVISTA\"\/>\n\t<link rel=\"canonical\" href=\"https:\/\/soymigrante.com\/revista\/hombre-de-maiz-poema-de-clemente-ajtziij-migrante-guatemalteco-en-massachussets\/\" \/>\n\t<meta name=\"generator\" content=\"All in One SEO Pro (AIOSEO) 4.9.6.2\" \/>\n\n\t\t<link rel=\"preconnect\" href=\"https:\/\/fonts.googleapis.com\" crossorigin>\n<link rel=\"preconnect\" href=\"https:\/\/fonts.gstatic.com\" crossorigin>\n\t\t<meta property=\"og:locale\" content=\"es_ES\" \/>\n\t\t<meta property=\"og:site_name\" content=\"SoyMigrante.com REVISTA \u2013 Nuestra misi\u00f3n es reconocer y dignificar al migrante.\" \/>\n\t\t<meta property=\"og:type\" content=\"article\" \/>\n\t\t<meta property=\"og:title\" content=\"Hombre de Ma\u00edz, poema de Clemente Aj\u2019Tziij, migrante guatemalteco en Massachussets\" \/>\n\t\t<meta property=\"og:description\" content=\"Este texto est\u00e1 dedicado al esfuerzo y anhelo de los migrantes guatemaltecos por un pa\u00eds democr\u00e1tico y el respeto al voto popular y soberano. HOMBRE DE MA\u00cdZ, por Clemente Aj\u2019Tziij Aqu\u00ed voy otra vez frente a otro ciclo de cambio.Vientos huracanados que me han hecho huir siempre como ni\u00f1o en soledad,como hu\u00e9rfano sin alguna paz como el m\u00e1s\" \/>\n\t\t<meta property=\"og:url\" content=\"https:\/\/soymigrante.com\/revista\/hombre-de-maiz-poema-de-clemente-ajtziij-migrante-guatemalteco-en-massachussets\/\" \/>\n\t\t<meta property=\"og:image\" content=\"https:\/\/soymigrante.com\/revista\/wp-content\/uploads\/2023\/08\/clementino.webp\" \/>\n\t\t<meta property=\"og:image:secure_url\" content=\"https:\/\/soymigrante.com\/revista\/wp-content\/uploads\/2023\/08\/clementino.webp\" \/>\n\t\t<meta property=\"og:image:width\" content=\"1524\" \/>\n\t\t<meta property=\"og:image:height\" content=\"1032\" \/>\n\t\t<meta property=\"article:published_time\" content=\"2023-08-30T19:37:36+00:00\" \/>\n\t\t<meta property=\"article:modified_time\" content=\"2024-07-30T22:26:50+00:00\" \/>\n\t\t<meta property=\"article:publisher\" content=\"https:\/\/www.facebook.com\/soymigrantecom\" \/>\n\t\t<meta name=\"twitter:card\" content=\"summary_large_image\" \/>\n\t\t<meta name=\"twitter:site\" content=\"@SoyMigrante_com\" \/>\n\t\t<meta name=\"twitter:title\" content=\"Hombre de Ma\u00edz, poema de Clemente Aj\u2019Tziij, migrante guatemalteco en Massachussets\" \/>\n\t\t<meta name=\"twitter:description\" content=\"Este texto est\u00e1 dedicado al esfuerzo y anhelo de los migrantes guatemaltecos por un pa\u00eds democr\u00e1tico y el respeto al voto popular y soberano. HOMBRE DE MA\u00cdZ, por Clemente Aj\u2019Tziij Aqu\u00ed voy otra vez frente a otro ciclo de cambio.Vientos huracanados que me han hecho huir siempre como ni\u00f1o en soledad,como hu\u00e9rfano sin alguna paz como el m\u00e1s\" \/>\n\t\t<meta name=\"twitter:creator\" content=\"@SoyMigrante_com\" \/>\n\t\t<meta name=\"twitter:image\" content=\"https:\/\/soymigrante.com\/revista\/wp-content\/uploads\/2023\/08\/clementino.webp\" \/>\n\t\t<!-- All in One SEO Pro -->\r\n\t\t<title>Hombre de Ma\u00edz, poema de Clemente Aj\u2019Tziij, migrante guatemalteco en Massachussets<\/title>\n\n","aioseo_head_json":{"title":"Hombre de Ma\u00edz, poema de Clemente Aj\u2019Tziij, migrante guatemalteco en Massachussets","description":"Este texto est\u00e1 dedicado al esfuerzo y anhelo de los migrantes guatemaltecos por un pa\u00eds democr\u00e1tico y el respeto al voto popular y soberano. HOMBRE DE MA\u00cdZ, por Clemente Aj\u2019Tziij Aqu\u00ed voy otra vez frente a otro ciclo de cambio.Vientos huracanados que me han hecho huir siempre como ni\u00f1o en soledad,como hu\u00e9rfano sin alguna paz como el m\u00e1s","canonical_url":"https:\/\/soymigrante.com\/revista\/hombre-de-maiz-poema-de-clemente-ajtziij-migrante-guatemalteco-en-massachussets\/","robots":"max-snippet:-1, max-image-preview:large, max-video-preview:-1","keywords":"","webmasterTools":{"miscellaneous":"&lt;link rel=\"preconnect\" href=\"https:\/\/fonts.googleapis.com\" crossorigin&gt;\n&lt;link rel=\"preconnect\" href=\"https:\/\/fonts.gstatic.com\" crossorigin&gt;"},"schema":null,"og:locale":"es_ES","og:site_name":"SoyMigrante.com REVISTA \u2013 Nuestra misi\u00f3n es reconocer y dignificar al migrante.","og:type":"article","og:title":"Hombre de Ma\u00edz, poema de Clemente Aj\u2019Tziij, migrante guatemalteco en Massachussets","og:description":"Este texto est\u00e1 dedicado al esfuerzo y anhelo de los migrantes guatemaltecos por un pa\u00eds democr\u00e1tico y el respeto al voto popular y soberano. HOMBRE DE MA\u00cdZ, por Clemente Aj\u2019Tziij Aqu\u00ed voy otra vez frente a otro ciclo de cambio.Vientos huracanados que me han hecho huir siempre como ni\u00f1o en soledad,como hu\u00e9rfano sin alguna paz como el m\u00e1s","og:url":"https:\/\/soymigrante.com\/revista\/hombre-de-maiz-poema-de-clemente-ajtziij-migrante-guatemalteco-en-massachussets\/","og:image":"https:\/\/soymigrante.com\/revista\/wp-content\/uploads\/2023\/08\/clementino.webp","og:image:secure_url":"https:\/\/soymigrante.com\/revista\/wp-content\/uploads\/2023\/08\/clementino.webp","og:image:width":1524,"og:image:height":1032,"article:published_time":"2023-08-30T19:37:36+00:00","article:modified_time":"2024-07-30T22:26:50+00:00","article:publisher":"https:\/\/www.facebook.com\/soymigrantecom","twitter:card":"summary_large_image","twitter:site":"@SoyMigrante_com","twitter:title":"Hombre de Ma\u00edz, poema de Clemente Aj\u2019Tziij, migrante guatemalteco en Massachussets","twitter:description":"Este texto est\u00e1 dedicado al esfuerzo y anhelo de los migrantes guatemaltecos por un pa\u00eds democr\u00e1tico y el respeto al voto popular y soberano. HOMBRE DE MA\u00cdZ, por Clemente Aj\u2019Tziij Aqu\u00ed voy otra vez frente a otro ciclo de cambio.Vientos huracanados que me han hecho huir siempre como ni\u00f1o en soledad,como hu\u00e9rfano sin alguna paz como el m\u00e1s","twitter:creator":"@SoyMigrante_com","twitter:image":"https:\/\/soymigrante.com\/revista\/wp-content\/uploads\/2023\/08\/clementino.webp"},"aioseo_meta_data":{"post_id":"7805","title":null,"description":"Existen varios tipos de visas de ingreso a Estados Unidos. Cada tr\u00e1mite es personal y \u00fanico. Esta es una peque\u00f1a gu\u00eda con referencias para solicitar este permiso","keywords":null,"keyphrases":{"focus":{"keyphrase":"Visas para Estados Unidos","score":60,"analysis":{"keyphraseInTitle":{"score":3,"maxScore":9,"error":1},"keyphraseInDescription":{"score":3,"maxScore":9,"error":1},"keyphraseLength":{"score":9,"maxScore":9,"error":0,"length":4},"keyphraseInURL":{"score":5,"maxScore":5,"error":0},"keyphraseInIntroduction":{"score":3,"maxScore":9,"error":1},"keyphraseInSubHeadings":{"score":9,"maxScore":9,"error":0},"keyphraseInImageAlt":{"score":9,"maxScore":9,"error":0},"keywordDensity":{"score":0,"type":"low","maxScore":9,"error":1}}},"additional":[{"keyphrase":"visas Estados Unidos","score":53,"analysis":{"keyphraseInDescription":{"score":3,"maxScore":9,"error":1},"keyphraseLength":{"score":9,"maxScore":9,"error":0,"length":3},"keyphraseInIntroduction":{"score":3,"maxScore":9,"error":1},"keyphraseInImageAlt":{"score":9,"maxScore":9,"error":0},"keywordDensity":{"score":0,"type":"low","maxScore":9,"error":1}}},{"keyphrase":"Visa","score":67,"analysis":{"keyphraseInDescription":{"score":3,"maxScore":9,"error":1},"keyphraseLength":{"score":9,"maxScore":9,"error":0,"length":1},"keyphraseInIntroduction":{"score":9,"maxScore":9,"error":0},"keyphraseInImageAlt":{"score":9,"maxScore":9,"error":0},"keywordDensity":{"type":"high","score":0,"maxScore":9,"error":1}}},{"keyphrase":"Estados Unidos","score":100,"analysis":{"keyphraseInDescription":{"score":9,"maxScore":9,"error":0},"keyphraseLength":{"score":9,"maxScore":9,"error":0,"length":2},"keyphraseInIntroduction":{"score":9,"maxScore":9,"error":0},"keyphraseInImageAlt":{"score":9,"maxScore":9,"error":0},"keywordDensity":{"type":"best","score":9,"maxScore":9,"error":0}}}]},"primary_term":null,"canonical_url":null,"og_title":null,"og_description":null,"og_object_type":"default","og_image_type":"default","og_image_url":null,"og_image_width":null,"og_image_height":null,"og_image_custom_url":null,"og_image_custom_fields":null,"og_video":"","og_custom_url":null,"og_article_section":null,"og_article_tags":null,"twitter_use_og":false,"twitter_card":"default","twitter_image_type":"default","twitter_image_url":null,"twitter_image_custom_url":null,"twitter_image_custom_fields":null,"twitter_title":null,"twitter_description":null,"schema":{"blockGraphs":[],"customGraphs":[],"default":{"data":{"Article":[],"Course":[],"Dataset":[],"FAQPage":[],"Movie":[],"Person":[],"Product":[],"ProductReview":[],"Car":[],"Recipe":[],"Service":[],"SoftwareApplication":[],"WebPage":[]},"graphName":"Article","isEnabled":true},"graphs":[]},"schema_type":"default","schema_type_options":null,"pillar_content":false,"robots_default":true,"robots_noindex":false,"robots_noarchive":false,"robots_nosnippet":false,"robots_nofollow":false,"robots_noimageindex":false,"robots_noodp":false,"robots_notranslate":false,"robots_max_snippet":"-1","robots_max_videopreview":"-1","robots_max_imagepreview":"large","priority":null,"frequency":"default","local_seo":null,"seo_analyzer_scan_date":"2025-10-08 22:31:17","breadcrumb_settings":null,"limit_modified_date":false,"reviewed_by":null,"open_ai":"{\"title\":{\"suggestions\":[],\"usage\":0},\"description\":{\"suggestions\":[],\"usage\":0}}","ai":null,"created":"2024-08-05 21:15:52","updated":"2026-02-04 12:35:45"},"aioseo_breadcrumb":"<div class=\"aioseo-breadcrumbs\"><span class=\"aioseo-breadcrumb\">\n\t<a href=\"https:\/\/soymigrante.com\/revista\" title=\"Home\">Home<\/a>\n<\/span><span class=\"aioseo-breadcrumb-separator\">\u00bb<\/span><span class=\"aioseo-breadcrumb\">\n\t<a href=\"https:\/\/soymigrante.com\/revista\/category\/recursos-migratorios\/\" title=\"Recursos Migratorios\">Recursos Migratorios<\/a>\n<\/span><span class=\"aioseo-breadcrumb-separator\">\u00bb<\/span><span class=\"aioseo-breadcrumb\">\n\tTipos de visas para entrar a Estados Unidos: Resuelve tus dudas\n<\/span><\/div>","aioseo_breadcrumb_json":[{"label":"Home","link":"https:\/\/soymigrante.com\/revista"},{"label":"Recursos Migratorios","link":"https:\/\/soymigrante.com\/revista\/category\/recursos-migratorios\/"},{"label":"Tipos de visas para entrar a Estados Unidos: Resuelve tus dudas","link":"https:\/\/soymigrante.com\/revista\/visas-para-estados-unidos-cuantos-tipos-hay\/"}],"_links":{"self":[{"href":"https:\/\/soymigrante.com\/revista\/wp-json\/wp\/v2\/posts\/7805","targetHints":{"allow":["GET"]}}],"collection":[{"href":"https:\/\/soymigrante.com\/revista\/wp-json\/wp\/v2\/posts"}],"about":[{"href":"https:\/\/soymigrante.com\/revista\/wp-json\/wp\/v2\/types\/post"}],"author":[{"embeddable":true,"href":"https:\/\/soymigrante.com\/revista\/wp-json\/wp\/v2\/users\/19"}],"replies":[{"embeddable":true,"href":"https:\/\/soymigrante.com\/revista\/wp-json\/wp\/v2\/comments?post=7805"}],"version-history":[{"count":0,"href":"https:\/\/soymigrante.com\/revista\/wp-json\/wp\/v2\/posts\/7805\/revisions"}],"wp:featuredmedia":[{"embeddable":true,"href":"https:\/\/soymigrante.com\/revista\/wp-json\/wp\/v2\/media\/8067"}],"wp:attachment":[{"href":"https:\/\/soymigrante.com\/revista\/wp-json\/wp\/v2\/media?parent=7805"}],"wp:term":[{"taxonomy":"category","embeddable":true,"href":"https:\/\/soymigrante.com\/revista\/wp-json\/wp\/v2\/categories?post=7805"},{"taxonomy":"post_tag","embeddable":true,"href":"https:\/\/soymigrante.com\/revista\/wp-json\/wp\/v2\/tags?post=7805"}],"curies":[{"name":"wp","href":"https:\/\/api.w.org\/{rel}","templated":true}]}}