{"id":7795,"date":"2024-08-05T15:16:56","date_gmt":"2024-08-05T21:16:56","guid":{"rendered":"https:\/\/soymigrante.com\/revista\/?p=7795"},"modified":"2025-05-22T15:12:42","modified_gmt":"2025-05-22T21:12:42","slug":"joyas-mayas-migrantes-el-misterioso-trozo-de-dintel-de-tikal-en-washington","status":"publish","type":"post","link":"https:\/\/soymigrante.com\/revista\/joyas-mayas-migrantes-el-misterioso-trozo-de-dintel-de-tikal-en-washington\/","title":{"rendered":"Joyas mayas migrantes: El misterioso trozo de dintel de Tikal en Washington"},"content":{"rendered":"\t\t<div data-elementor-type=\"wp-post\" data-elementor-id=\"7795\" class=\"elementor elementor-7795\" data-elementor-post-type=\"post\">\n\t\t\t\t<div data-particle_enable=\"false\" data-particle-mobile-disabled=\"false\" class=\"elementor-element elementor-element-dc0bc66 e-flex e-con-boxed e-con e-parent\" data-id=\"dc0bc66\" data-element_type=\"container\" data-e-type=\"container\">\n\t\t\t\t\t<div class=\"e-con-inner\">\n\t\t\t\t<div class=\"elementor-element elementor-element-56b13e5 elementor-widget elementor-widget-heading\" data-id=\"56b13e5\" data-element_type=\"widget\" data-e-type=\"widget\" data-widget_type=\"heading.default\">\n\t\t\t\t\t<h2 class=\"elementor-heading-title elementor-size-default\">Es un peque\u00f1o fragmento de madera de chicozapote, cuyo estilo indica que podr\u00eda provenir del Templo Gran Jaguar de Tikal o templo 1. Se conserva en la colecci\u00f3n del Museo Smithsonian pero su existencia solo se confirm\u00f3 hasta 2014.<\/h2>\t\t\t\t<\/div>\n\t\t\t\t<div class=\"elementor-element elementor-element-9a2daf5 elementor-widget elementor-widget-html\" data-id=\"9a2daf5\" data-element_type=\"widget\" data-e-type=\"widget\" data-widget_type=\"html.default\">\n\t\t\t\t\t<div id=\"buzzsprout-player-17211779\"><\/div><script src=\"https:\/\/www.buzzsprout.com\/2444168\/episodes\/17211779-trozo-de-dintel-de-tikal-en-el-smithsonian-institute-washington-d-c.js?container_id=buzzsprout-player-17211779&player=small\" type=\"text\/javascript\" charset=\"utf-8\"><\/script>\t\t\t\t<\/div>\n\t\t\t\t\t<\/div>\n\t\t\t\t<\/div>\n\t\t<div data-particle_enable=\"false\" data-particle-mobile-disabled=\"false\" class=\"elementor-element elementor-element-0f4ff04 e-flex e-con-boxed e-con e-parent\" data-id=\"0f4ff04\" data-element_type=\"container\" data-e-type=\"container\">\n\t\t\t\t\t<div class=\"e-con-inner\">\n\t\t\t\t<div class=\"elementor-element elementor-element-a15f97a elementor-widget elementor-widget-text-editor\" data-id=\"a15f97a\" data-element_type=\"widget\" data-e-type=\"widget\" data-widget_type=\"text-editor.default\">\n\t\t\t\t\t\t\t\t\t<p>Los dinteles mayas guatemaltecos eran piezas de fina escultura en madera instalados en muros de grandes templos. Este material dura menos que la cer\u00e1mica o la piedra y ello los hace escasos. Varios dinteles mayas se encuentran fuera de Guatemala, pues a finales del siglo XIX fueron sacados por exploradores y arque\u00f3logos rumbo a EE.UU. y Europa.<\/p><p>En 1907, lleg\u00f3 al Museo Smithsonian de Washington un fragmento de perfil de un rostro, donado por un comerciantes y explorador llamado William Wailes, un antiguo soldado confederado. All\u00ed qued\u00f3 resguardado, pero pasaron d\u00e9cadas hasta que se investig\u00f3 su proveniencial.<\/p><p>\u00a0<\/p>\t\t\t\t\t\t\t\t<\/div>\n\t\t\t\t<div class=\"elementor-element elementor-element-0c018da elementor-widget elementor-widget-image\" data-id=\"0c018da\" data-element_type=\"widget\" data-e-type=\"widget\" data-widget_type=\"image.default\">\n\t\t\t\t\t\t\t\t\t\t\t\t<figure class=\"wp-caption\">\n\t\t\t\t\t\t\t\t\t\t<img fetchpriority=\"high\" decoding=\"async\" width=\"578\" height=\"872\" src=\"https:\/\/soymigrante.com\/revista\/wp-content\/uploads\/2024\/08\/dintel-maya-de-tikal.webp\" class=\"attachment-large size-large wp-image-7800\" alt=\"Antiguo rostro tallado en piedra, arte ancestral y cultura ind\u00edgena precolombina, obra de gran valor hist\u00f3rico y arqueol\u00f3gico en contexto de migraci\u00f3n y patrimonio cultural.\" srcset=\"https:\/\/soymigrante.com\/revista\/wp-content\/uploads\/2024\/08\/dintel-maya-de-tikal.webp 578w, https:\/\/soymigrante.com\/revista\/wp-content\/uploads\/2024\/08\/dintel-maya-de-tikal-199x300.webp 199w\" sizes=\"(max-width: 578px) 100vw, 578px\" title=\"Este es el fragmento de un dintel maya que el Instituto Smithsoniano recbici\u00f3 en donaci\u00f3n en 1907. N\u00f3tese el tallado de la pupila del personaje y tambi\u00e9n el tocado sobre su frente. Los golpes en la nariz y boca fueron posiblemente causados por un intento de destrucci\u00f3n en la \u00e9poca prehisp\u00e1nica, quiz\u00e1 en alguna batalla.  Se desconoce tallado alrededor de esta pieza.(Fotograf\u00eda James Doyle, incluida en un reporte presentado en el Simposio de Arqueolog\u00eda de Guatemala en 2015) \u2013 SoyMigrante.com REVISTA\" \/>\t\t\t\t\t\t\t\t\t\t\t<figcaption class=\"widget-image-caption wp-caption-text\">Rostro tallado en piedra precolombina representando arte ind\u00edgena y cultura ancestral en la revista SoyMigrante.<\/figcaption>\n\t\t\t\t\t\t\t\t\t\t<\/figure>\n\t\t\t\t\t\t\t\t\t<\/div>\n\t\t\t\t\t<\/div>\n\t\t\t\t<\/div>\n\t\t<div data-particle_enable=\"false\" data-particle-mobile-disabled=\"false\" class=\"elementor-element elementor-element-9f7c06a e-flex e-con-boxed e-con e-parent\" data-id=\"9f7c06a\" data-element_type=\"container\" data-e-type=\"container\">\n\t\t\t\t\t<div class=\"e-con-inner\">\n\t\t\t\t<div class=\"elementor-element elementor-element-86492d0 elementor-widget elementor-widget-heading\" data-id=\"86492d0\" data-element_type=\"widget\" data-e-type=\"widget\" data-widget_type=\"heading.default\">\n\t\t\t\t\t<h3 class=\"elementor-heading-title elementor-size-default\">La historia detr\u00e1s de una valiosa joya<\/h3>\t\t\t\t<\/div>\n\t\t\t\t\t<\/div>\n\t\t\t\t<\/div>\n\t\t<div data-particle_enable=\"false\" data-particle-mobile-disabled=\"false\" class=\"elementor-element elementor-element-c80c34c e-flex e-con-boxed e-con e-parent\" data-id=\"c80c34c\" data-element_type=\"container\" data-e-type=\"container\">\n\t\t\t\t\t<div class=\"e-con-inner\">\n\t\t\t\t<div class=\"elementor-element elementor-element-1c50934 elementor-widget elementor-widget-text-editor\" data-id=\"1c50934\" data-element_type=\"widget\" data-e-type=\"widget\" data-widget_type=\"text-editor.default\">\n\t\t\t\t\t\t\t\t\t<p><span style=\"color: var( --e-global-color-text ); text-align: var(--text-align);\">&#8220;Los dinteles estaban hechos de madera de chicozapote (Manilkara zapota), madera tropical densa y pesada. El color oscuro de la madera, su ubicaci\u00f3n al interior de los templos, y los pigmentos aplicados hac\u00edan que las escenas de los dinteles se convirtieran en im\u00e1genes visuales \u00edntimas&#8221;, explicaron los arque\u00f3logos James Doyle y Stephen Houston, en 2015, al exponer el hallazgo del framento Wailes.<\/span><\/p><p><span style=\"color: var( --e-global-color-text ); text-align: var(--text-align);\">En marzo de 2014, Doyle y Houston descubrieron el fragmento, que estaba en las colecciones del Museo Smithsoniano de Historia Natural. Mide unos 27 cent\u00edmetros de altura y muestra el perfil de un individuo. Data posiblemente del a\u00f1o 700, es decir del per\u00edodo Cl\u00e1sico.<\/span><\/p><p>La pieza ten\u00eda un antiquisimo da\u00f1o, pues pareciera que fue cortada a hachazos o machetazos. Tambi\u00e9n la boca de la figura tiene golpes, que parecen ejercidos quiz\u00e1 en un ritual de destrucci\u00f3n de monumentos de gobernantes derrotados. Todo este da\u00f1o pudo ocurrir hace unos 1300 a\u00f1os, tras el abandono de Tikal.\u00a0<\/p>\t\t\t\t\t\t\t\t<\/div>\n\t\t\t\t\t<\/div>\n\t\t\t\t<\/div>\n\t\t<div data-particle_enable=\"false\" data-particle-mobile-disabled=\"false\" class=\"elementor-element elementor-element-137618e e-flex e-con-boxed e-con e-parent\" data-id=\"137618e\" data-element_type=\"container\" data-e-type=\"container\">\n\t\t\t\t\t<div class=\"e-con-inner\">\n\t\t\t\t<div class=\"elementor-element elementor-element-58a9f12 elementor-widget elementor-widget-image\" data-id=\"58a9f12\" data-element_type=\"widget\" data-e-type=\"widget\" data-widget_type=\"image.default\">\n\t\t\t\t\t\t\t\t\t\t\t\t<figure class=\"wp-caption\">\n\t\t\t\t\t\t\t\t\t\t\t<a href=\"https:\/\/soymigrante.com\/revista\/7-datos-que-ya-sabias-o-quiza-no-sobre-el-gran-jaguar-y-tikal\/\">\n\t\t\t\t\t\t\t<img decoding=\"async\" width=\"768\" height=\"561\" src=\"https:\/\/soymigrante.com\/revista\/wp-content\/uploads\/2024\/08\/tikal-gran-jaguar-1024x748.webp\" class=\"attachment-large size-large wp-image-7802\" alt=\"Ancient Mayan pyramid surrounded de lush greenery and blue sky with clouds, showcasing the rich cultural heritage of Mexico.\" srcset=\"https:\/\/soymigrante.com\/revista\/wp-content\/uploads\/2024\/08\/tikal-gran-jaguar-1024x748.webp 1024w, https:\/\/soymigrante.com\/revista\/wp-content\/uploads\/2024\/08\/tikal-gran-jaguar-300x219.webp 300w, https:\/\/soymigrante.com\/revista\/wp-content\/uploads\/2024\/08\/tikal-gran-jaguar-768x561.jpg 768w, https:\/\/soymigrante.com\/revista\/wp-content\/uploads\/2024\/08\/tikal-gran-jaguar-750x548.webp 750w, https:\/\/soymigrante.com\/revista\/wp-content\/uploads\/2024\/08\/tikal-gran-jaguar-1140x832.jpg 1140w, https:\/\/soymigrante.com\/revista\/wp-content\/uploads\/2024\/08\/tikal-gran-jaguar.webp 1227w\" sizes=\"(max-width: 768px) 100vw, 768px\" title=\"En varios templos de Tikal se encontraron dinteles de madera. Estos se ubicaban adentro de la parte superior de pir\u00e1mides como el Templo I o Gran Jaguar. \u2013 SoyMigrante.com REVISTA\" \/>\t\t\t\t\t\t\t\t<\/a>\n\t\t\t\t\t\t\t\t\t\t\t<figcaption class=\"widget-image-caption wp-caption-text\">Foto de una pir\u00e1mide maya antigua en un entorno natural, representando la historia y el turismo cultural en M\u00e9xico.<\/figcaption>\n\t\t\t\t\t\t\t\t\t\t<\/figure>\n\t\t\t\t\t\t\t\t\t<\/div>\n\t\t\t\t\t<\/div>\n\t\t\t\t<\/div>\n\t\t<div data-particle_enable=\"false\" data-particle-mobile-disabled=\"false\" class=\"elementor-element elementor-element-33fba5b e-flex e-con-boxed e-con e-parent\" data-id=\"33fba5b\" data-element_type=\"container\" data-e-type=\"container\">\n\t\t\t\t\t<div class=\"e-con-inner\">\n\t\t\t\t<div class=\"elementor-element elementor-element-f616164 elementor-widget elementor-widget-heading\" data-id=\"f616164\" data-element_type=\"widget\" data-e-type=\"widget\" data-widget_type=\"heading.default\">\n\t\t\t\t\t<h3 class=\"elementor-heading-title elementor-size-default\">\u00bfY c\u00f3mo lleg\u00f3 a Washington?<\/h3>\t\t\t\t<\/div>\n\t\t\t\t\t<\/div>\n\t\t\t\t<\/div>\n\t\t<div data-particle_enable=\"false\" data-particle-mobile-disabled=\"false\" class=\"elementor-element elementor-element-cd51b14 e-flex e-con-boxed e-con e-parent\" data-id=\"cd51b14\" data-element_type=\"container\" data-e-type=\"container\">\n\t\t\t\t\t<div class=\"e-con-inner\">\n\t\t\t\t<div class=\"elementor-element elementor-element-f1dbf2a elementor-widget elementor-widget-text-editor\" data-id=\"f1dbf2a\" data-element_type=\"widget\" data-e-type=\"widget\" data-widget_type=\"text-editor.default\">\n\t\t\t\t\t\t\t\t\t<p><span style=\"color: var( --e-global-color-text ); text-align: var(--text-align);\">El fragmento fue donado al Smithsoniano en 1907 por Leonard Wailes, un antiguo oficial confederado de la Guerra de Secesi\u00f3n de los Estados Unidos. Era m\u00e9dico y hacia 1860 viaj\u00f3 a Centro Am\u00e9rica como\u00a0 parte de la Junta de Salud del Estado de Luisiana. Recorri\u00f3 todo el Istmo, combatiendo la fiebre amarilla.<\/span><\/p><p>En sus viajes, Wailes adquiri\u00f3 muchos objetos inusuales, incluyendo el \u201ctrozo de palo de rosa con un rostro humano tallado en el perfil\u201d, seg\u00fan la descripci\u00f3n original.<\/p><p>Este fragmento tiene la frente extendida, nariz prominente, ojo pendiente con la pupila redonda incisa y la boca medio abierta: un estilo muy utilizado para representar a gobernantes de Tikal.\u00a0<span style=\"color: var( --e-global-color-text ); text-align: var(--text-align);\">No se sabe bien de qu\u00e9 templo exacto provino. Se compar\u00f3 el retrato con otros personajes de los dinteles de los templos 1 (Gran Jaguar) y 2. Pero todos esos personajes est\u00e1n viendo hacia la derecha y el fragmento Wailes mira hacia la izquierda.<\/span><\/p><div>\u00a0<\/div>\t\t\t\t\t\t\t\t<\/div>\n\t\t\t\t\t<\/div>\n\t\t\t\t<\/div>\n\t\t<div data-particle_enable=\"false\" data-particle-mobile-disabled=\"false\" class=\"elementor-element elementor-element-e549f92 e-flex e-con-boxed e-con e-parent\" data-id=\"e549f92\" data-element_type=\"container\" data-e-type=\"container\">\n\t\t\t\t\t<div class=\"e-con-inner\">\n\t\t\t\t<div class=\"elementor-element elementor-element-c498bd4 elementor-widget elementor-widget-image\" data-id=\"c498bd4\" data-element_type=\"widget\" data-e-type=\"widget\" data-widget_type=\"image.default\">\n\t\t\t\t\t\t\t\t\t\t\t\t<figure class=\"wp-caption\">\n\t\t\t\t\t\t\t\t\t\t\t<a href=\"https:\/\/www.asociaciontikal.com\/wp-content\/uploads\/2020\/09\/61-Doyle-y-Houston.pdf\">\n\t\t\t\t\t\t\t<img decoding=\"async\" width=\"527\" height=\"722\" src=\"https:\/\/soymigrante.com\/revista\/wp-content\/uploads\/2024\/08\/dintel-maya-de-tikal-5.webp\" class=\"attachment-large size-large wp-image-7804\" alt=\"Dibujo detallado de arte Mesoam\u00e9ricano, incluyendo motivos prehisp\u00e1nicos, s\u00edmbolos tradicionales y figuras antropomorfas, ilustrando la riqueza cultural y art\u00edstica de las civilizaciones antiguas de Mesoam\u00e9rica.\" srcset=\"https:\/\/soymigrante.com\/revista\/wp-content\/uploads\/2024\/08\/dintel-maya-de-tikal-5.webp 527w, https:\/\/soymigrante.com\/revista\/wp-content\/uploads\/2024\/08\/dintel-maya-de-tikal-5-219x300.webp 219w\" sizes=\"(max-width: 527px) 100vw, 527px\" title=\"Localizaci\u00f3n hipot\u00e9tica del fragmento Wailes, conservado en el Smithsonian Institute.  El resto de dintel alrededor se desconoce su paradero o si fue destruido. El resto del dintel se encuentra conservado en un museo en Basilea, Suiza. \u2013 SoyMigrante.com REVISTA\" \/>\t\t\t\t\t\t\t\t<\/a>\n\t\t\t\t\t\t\t\t\t\t\t<figcaption class=\"widget-image-caption wp-caption-text\">Ancient Mesoamerican art illustration featuring traditional symbols, anthropomorphic figures, and cultural motifs typical of pre-Hispanic civilizations.<\/figcaption>\n\t\t\t\t\t\t\t\t\t\t<\/figure>\n\t\t\t\t\t\t\t\t\t<\/div>\n\t\t\t\t\t<\/div>\n\t\t\t\t<\/div>\n\t\t<div data-particle_enable=\"false\" data-particle-mobile-disabled=\"false\" class=\"elementor-element elementor-element-d62cc54 e-flex e-con-boxed e-con e-parent\" data-id=\"d62cc54\" data-element_type=\"container\" data-e-type=\"container\">\n\t\t\t\t\t<div class=\"e-con-inner\">\n\t\t\t\t<div class=\"elementor-element elementor-element-e2fbeeb elementor-widget elementor-widget-heading\" data-id=\"e2fbeeb\" data-element_type=\"widget\" data-e-type=\"widget\" data-widget_type=\"heading.default\">\n\t\t\t\t\t<h3 class=\"elementor-heading-title elementor-size-default\">Fragmento sobreviviente<\/h3>\t\t\t\t<\/div>\n\t\t\t\t\t<\/div>\n\t\t\t\t<\/div>\n\t\t<div data-particle_enable=\"false\" data-particle-mobile-disabled=\"false\" class=\"elementor-element elementor-element-ea9cd6e e-flex e-con-boxed e-con e-parent\" data-id=\"ea9cd6e\" data-element_type=\"container\" data-e-type=\"container\">\n\t\t\t\t\t<div class=\"e-con-inner\">\n\t\t\t\t<div class=\"elementor-element elementor-element-5ff26c3 elementor-widget elementor-widget-text-editor\" data-id=\"5ff26c3\" data-element_type=\"widget\" data-e-type=\"widget\" data-widget_type=\"text-editor.default\">\n\t\t\t\t\t\t\t\t\t<p><span style=\"color: var( --e-global-color-text ); text-align: var(--text-align);\">La conclusi\u00f3n de los arque\u00f3logos es que el fragmento en el Smithsoniano proviene de un dintel desconocido posiblemente del templo I. El personaje podr\u00eda ser el rostro de una deidad o un jaguar, que usualmente se colocaba en la parte de atr\u00e1s de un cargador o litera ceremonial, portada por los personajes.\u00a0<\/span><\/p><p><span style=\"color: var( --e-global-color-text ); text-align: var(--text-align);\">Estos rostros no ten\u00edan cuerpo. El significado era el acompa\u00f1amiento divino del gobernante. Adem\u00e1s, la figura de jaguar enorme que se ve en la parte de arriba deja entrever que hab\u00eda otra figura antropomorfa detr\u00e1s.<\/span><\/p><p>\u00a0<\/p><p>Doyle y Houston colocaron el misterioso rostro, hipot\u00e9ticamente en una viga, hoy perdida, del dintel 3, del templo I, el cual se encuentra en el Museo Brit\u00e1nico.<\/p>\t\t\t\t\t\t\t\t<\/div>\n\t\t\t\t\t<\/div>\n\t\t\t\t<\/div>\n\t\t<div data-particle_enable=\"false\" data-particle-mobile-disabled=\"false\" class=\"elementor-element elementor-element-22edac3 e-flex e-con-boxed e-con e-parent\" data-id=\"22edac3\" data-element_type=\"container\" data-e-type=\"container\">\n\t\t\t\t\t<div class=\"e-con-inner\">\n\t\t\t\t<div class=\"elementor-element elementor-element-33f31ee elementor-widget elementor-widget-text-editor\" data-id=\"33f31ee\" data-element_type=\"widget\" data-e-type=\"widget\" data-widget_type=\"text-editor.default\">\n\t\t\t\t\t\t\t\t\t<p><a href=\"https:\/\/www.asociaciontikal.com\/wp-content\/uploads\/2020\/09\/61-Doyle-y-Houston.pdf\">Con informaci\u00f3n del art\u00edculo De una capital a otra. Historia de una pieza de Tikal en el Museo de Historia Natural Smithsoniano, por James Doyle y Stephen Houston, para el Simposio de Arqueolog\u00eda en Guatemala 2015.&nbsp;Si desea consultar el documento completo en PDF, clic aqu\u00ed.<\/a><\/p>\n<p><br><\/p>\t\t\t\t\t\t\t\t<\/div>\n\t\t\t\t\t<\/div>\n\t\t\t\t<\/div>\n\t\t<div data-particle_enable=\"false\" data-particle-mobile-disabled=\"false\" class=\"elementor-element elementor-element-c5ad93a e-flex e-con-boxed e-con e-parent\" data-id=\"c5ad93a\" data-element_type=\"container\" data-e-type=\"container\">\n\t\t\t\t\t<div class=\"e-con-inner\">\n\t\t\t\t<div class=\"elementor-element elementor-element-041f4e4 elementor-grid-eael-col-3 elementor-grid-tablet-eael-col-2 elementor-grid-mobile-eael-col-1 elementor-widget elementor-widget-eael-post-grid\" data-id=\"041f4e4\" data-element_type=\"widget\" data-e-type=\"widget\" data-settings=\"{&quot;eael_post_grid_columns&quot;:&quot;eael-col-3&quot;,&quot;eael_post_grid_columns_tablet&quot;:&quot;eael-col-2&quot;,&quot;eael_post_grid_columns_mobile&quot;:&quot;eael-col-1&quot;}\" data-widget_type=\"eael-post-grid.default\">\n\t\t\t\t\t<div id=\"eael-post-grid-041f4e4\" class=\"eael-post-grid-container\">\n            <div class=\"eael-post-grid eael-post-appender eael-post-appender-041f4e4 eael-post-grid-style-one\" data-layout-mode=\"masonry\"><article class=\"eael-grid-post  eael-post-grid-column eael-pg-post-1185 category-estamos-unidos\" data-id=\"1185\">\n        <div class=\"eael-grid-post-holder\">\n            <div class=\"eael-grid-post-holder-inner\"><div class=\"eael-entry-media\"><div class=\"eael-entry-overlay fade-in\"><i class=\"far fa-hand-pointer\" aria-hidden=\"true\"><\/i><a href=\"https:\/\/soymigrante.com\/revista\/danza-maya-de-las-guacamayas-impresiona-en-estados-unidos\/\"><\/a><\/div><div class=\"eael-entry-thumbnail \">\n                <img loading=\"lazy\" decoding=\"async\" width=\"949\" height=\"971\" src=\"https:\/\/soymigrante.com\/revista\/wp-content\/uploads\/2023\/06\/xixo-rax-danza-de-las-guacamayas-2.webp\" class=\"attachment-large size-large wp-image-29236\" alt=\"Artista en vestimenta tradicional ind\u00edgena mexicana en una presentaci\u00f3n cultural en SoyMigrante.com REVISTA.\" srcset=\"https:\/\/soymigrante.com\/revista\/wp-content\/uploads\/2023\/06\/xixo-rax-danza-de-las-guacamayas-2.webp 949w, https:\/\/soymigrante.com\/revista\/wp-content\/uploads\/2023\/06\/xixo-rax-danza-de-las-guacamayas-2-293x300.jpg 293w, https:\/\/soymigrante.com\/revista\/wp-content\/uploads\/2023\/06\/xixo-rax-danza-de-las-guacamayas-2-768x786.jpg 768w, https:\/\/soymigrante.com\/revista\/wp-content\/uploads\/2023\/06\/xixo-rax-danza-de-las-guacamayas-2-750x767.webp 750w\" sizes=\"(max-width: 949px) 100vw, 949px\" \/>\n            <\/div>\n        <\/div><div class=\"eael-entry-wrapper\"><header class=\"eael-entry-header\"><h2 class=\"eael-entry-title\"><a class=\"eael-grid-post-link\" href=\"https:\/\/soymigrante.com\/revista\/danza-maya-de-las-guacamayas-impresiona-en-estados-unidos\/\" title=\"Danza de las Guacamayas de Santa Cruz Verapaz vuela por 7 ciudades de Estados Unidos\">Danza de las Guacamayas de Santa Cruz Verapaz vuela por 7 ciudades de Estados Unidos<\/a><\/h2><\/header><div class=\"eael-entry-content\">\n                        <div class=\"eael-grid-post-excerpt\"><a href=\"https:\/\/soymigrante.com\/revista\/danza-maya-de-las-guacamayas-impresiona-en-estados-unidos\/\" class=\"eael-post-elements-readmore-btn\">CONOCE SU HISTORIA <\/a><\/div>\n                    <\/div><\/div><\/div>\n        <\/div>\n    <\/article><article class=\"eael-grid-post  eael-post-grid-column eael-pg-post-2997 category-exitos\" data-id=\"2997\">\n        <div class=\"eael-grid-post-holder\">\n            <div class=\"eael-grid-post-holder-inner\"><div class=\"eael-entry-media\"><div class=\"eael-entry-overlay fade-in\"><i class=\"far fa-hand-pointer\" aria-hidden=\"true\"><\/i><a href=\"https:\/\/soymigrante.com\/revista\/espiritualidad-maya-kaqchiqel-tambien-es-migrante-en-new-jersey\/\"><\/a><\/div><div class=\"eael-entry-thumbnail \">\n                <img loading=\"lazy\" decoding=\"async\" width=\"805\" height=\"558\" src=\"https:\/\/soymigrante.com\/revista\/wp-content\/uploads\/2023\/10\/efren.webp\" class=\"attachment-large size-large wp-image-2999\" alt=\"\" srcset=\"https:\/\/soymigrante.com\/revista\/wp-content\/uploads\/2023\/10\/efren.webp 805w, https:\/\/soymigrante.com\/revista\/wp-content\/uploads\/2023\/10\/efren-300x208.webp 300w, https:\/\/soymigrante.com\/revista\/wp-content\/uploads\/2023\/10\/efren-768x532.webp 768w, https:\/\/soymigrante.com\/revista\/wp-content\/uploads\/2023\/10\/efren-750x520.webp 750w\" sizes=\"(max-width: 805px) 100vw, 805px\" \/>\n            <\/div>\n        <\/div><div class=\"eael-entry-wrapper\"><header class=\"eael-entry-header\"><h2 class=\"eael-entry-title\"><a class=\"eael-grid-post-link\" href=\"https:\/\/soymigrante.com\/revista\/espiritualidad-maya-kaqchiqel-tambien-es-migrante-en-new-jersey\/\" title=\"Espiritualidad maya kaqchikel tambi\u00e9n es migrante en New Jersey junto a Efr\u00e9n Mej\u00eda\">Espiritualidad maya kaqchikel tambi\u00e9n es migrante en New Jersey junto a Efr\u00e9n Mej\u00eda<\/a><\/h2><\/header><div class=\"eael-entry-content\">\n                        <div class=\"eael-grid-post-excerpt\"><a href=\"https:\/\/soymigrante.com\/revista\/espiritualidad-maya-kaqchiqel-tambien-es-migrante-en-new-jersey\/\" class=\"eael-post-elements-readmore-btn\">CONOCE SU HISTORIA <\/a><\/div>\n                    <\/div><\/div><\/div>\n        <\/div>\n    <\/article><article class=\"eael-grid-post  eael-post-grid-column eael-pg-post-2073 category-guate-nuestra\" data-id=\"2073\">\n        <div class=\"eael-grid-post-holder\">\n            <div class=\"eael-grid-post-holder-inner\"><div class=\"eael-entry-media\"><div class=\"eael-entry-overlay fade-in\"><i class=\"far fa-hand-pointer\" aria-hidden=\"true\"><\/i><a href=\"https:\/\/soymigrante.com\/revista\/ajpon-danzas-mayas-homenaje-migrantes\/\"><\/a><\/div><div class=\"eael-entry-thumbnail \">\n                <img loading=\"lazy\" decoding=\"async\" width=\"1024\" height=\"683\" src=\"https:\/\/soymigrante.com\/revista\/wp-content\/uploads\/2023\/08\/Grupo-de-Danza-Tradicionales-Ajpon-fundado-por-Teresa-Ramirez-dedican-un-baile-tradional-a-los-migrantes-guatemlatecos-como-recordatorio-de-sus-raices-foto-por-Omar-Menchu-1024x683.webp\" class=\"attachment-large size-large wp-image-2138\" alt=\"Grupo de Danza Tradicionales Ajpon fundado por Teresa Ram\u00edrez dedican un baile tradicional a los migrantes guatemaltecos como recordatorio de sus ra\u00edces foto por Omar Mench\u00fa\" srcset=\"https:\/\/soymigrante.com\/revista\/wp-content\/uploads\/2023\/08\/Grupo-de-Danza-Tradicionales-Ajpon-fundado-por-Teresa-Ramirez-dedican-un-baile-tradional-a-los-migrantes-guatemlatecos-como-recordatorio-de-sus-raices-foto-por-Omar-Menchu-1024x683.webp 1024w, https:\/\/soymigrante.com\/revista\/wp-content\/uploads\/2023\/08\/Grupo-de-Danza-Tradicionales-Ajpon-fundado-por-Teresa-Ramirez-dedican-un-baile-tradional-a-los-migrantes-guatemlatecos-como-recordatorio-de-sus-raices-foto-por-Omar-Menchu-300x200.webp 300w, https:\/\/soymigrante.com\/revista\/wp-content\/uploads\/2023\/08\/Grupo-de-Danza-Tradicionales-Ajpon-fundado-por-Teresa-Ramirez-dedican-un-baile-tradional-a-los-migrantes-guatemlatecos-como-recordatorio-de-sus-raices-foto-por-Omar-Menchu-768x512.webp 768w, https:\/\/soymigrante.com\/revista\/wp-content\/uploads\/2023\/08\/Grupo-de-Danza-Tradicionales-Ajpon-fundado-por-Teresa-Ramirez-dedican-un-baile-tradional-a-los-migrantes-guatemlatecos-como-recordatorio-de-sus-raices-foto-por-Omar-Menchu-1536x1024.webp 1536w, https:\/\/soymigrante.com\/revista\/wp-content\/uploads\/2023\/08\/Grupo-de-Danza-Tradicionales-Ajpon-fundado-por-Teresa-Ramirez-dedican-un-baile-tradional-a-los-migrantes-guatemlatecos-como-recordatorio-de-sus-raices-foto-por-Omar-Menchu.webp 1920w, https:\/\/soymigrante.com\/revista\/wp-content\/uploads\/2023\/08\/Grupo-de-Danza-Tradicionales-Ajpon-fundado-por-Teresa-Ramirez-dedican-un-baile-tradional-a-los-migrantes-guatemlatecos-como-recordatorio-de-sus-raices-foto-por-Omar-Menchu-750x500.webp 750w, https:\/\/soymigrante.com\/revista\/wp-content\/uploads\/2023\/08\/Grupo-de-Danza-Tradicionales-Ajpon-fundado-por-Teresa-Ramirez-dedican-un-baile-tradional-a-los-migrantes-guatemlatecos-como-recordatorio-de-sus-raices-foto-por-Omar-Menchu-1140x760.webp 1140w, https:\/\/soymigrante.com\/revista\/wp-content\/uploads\/2023\/08\/Grupo-de-Danza-Tradicionales-Ajpon-fundado-por-Teresa-Ramirez-dedican-un-baile-tradional-a-los-migrantes-guatemlatecos-como-recordatorio-de-sus-raices-foto-por-Omar-Menchu-600x400.webp 600w\" sizes=\"(max-width: 1024px) 100vw, 1024px\" \/>\n            <\/div>\n        <\/div><div class=\"eael-entry-wrapper\"><header class=\"eael-entry-header\"><h2 class=\"eael-entry-title\"><a class=\"eael-grid-post-link\" href=\"https:\/\/soymigrante.com\/revista\/ajpon-danzas-mayas-homenaje-migrantes\/\" title=\"Ajpon: Danzas mayas que honran a migrantes guatemaltecos\">Ajpon: Danzas mayas que honran a migrantes guatemaltecos<\/a><\/h2><\/header><div class=\"eael-entry-content\">\n                        <div class=\"eael-grid-post-excerpt\"><a href=\"https:\/\/soymigrante.com\/revista\/ajpon-danzas-mayas-homenaje-migrantes\/\" class=\"eael-post-elements-readmore-btn\">CONOCE SU HISTORIA <\/a><\/div>\n                    <\/div><\/div><\/div>\n        <\/div>\n    <\/article><\/div>\n            <div class=\"clearfix\"><\/div>\n        <\/div>\t\t\t\t<\/div>\n\t\t\t\t\t<\/div>\n\t\t\t\t<\/div>\n\t\t\t\t<\/div>\n\t\t","protected":false},"excerpt":{"rendered":"<p>Es un peque\u00f1o fragmento de madera de chicozapote, cuyo estilo indica que podr\u00eda provenir del Templo Gran Jaguar de Tikal o templo 1. Se conserva en la colecci\u00f3n del Museo Smithsonian pero su existencia solo se confirm\u00f3 hasta 2014. Los dinteles mayas guatemaltecos eran piezas de fina escultura en madera instalados en muros de grandes [&hellip;]<\/p>\n","protected":false},"author":7,"featured_media":7797,"comment_status":"open","ping_status":"open","sticky":false,"template":"","format":"standard","meta":{"_acf_changed":false,"_eb_attr":"","footnotes":""},"categories":[58],"tags":[134],"class_list":["post-7795","post","type-post","status-publish","format-standard","has-post-thumbnail","hentry","category-guate-nuestra","tag-joyas-mayas-migrantes"],"acf":[],"aioseo_notices":[],"aioseo_head":"\n\t\t<!-- All in One SEO Pro 4.9.6.2 - aioseo.com -->\n\t<meta name=\"description\" content=\"Descubre a Ajpon, grupo de danzas mayas que, desde Totonicap\u00e1n, rinde homenaje a migrantes guatemaltecos, exaltando tradiciones y ra\u00edces culturales.\" \/>\n\t<meta name=\"robots\" content=\"max-snippet:-1, max-image-preview:large, max-video-preview:-1\" \/>\n\t<meta name=\"author\" content=\"Diana Batz\"\/>\n\t<link rel=\"canonical\" href=\"https:\/\/soymigrante.com\/revista\/ajpon-danzas-mayas-homenaje-migrantes\/\" \/>\n\t<meta name=\"generator\" content=\"All in One SEO Pro (AIOSEO) 4.9.6.2\" \/>\n\n\t\t<link rel=\"preconnect\" href=\"https:\/\/fonts.googleapis.com\" crossorigin>\n<link rel=\"preconnect\" href=\"https:\/\/fonts.gstatic.com\" crossorigin>\n\t\t<meta property=\"og:locale\" content=\"es_ES\" \/>\n\t\t<meta property=\"og:site_name\" content=\"SoyMigrante.com REVISTA \u2013 Nuestra misi\u00f3n es reconocer y dignificar al migrante.\" \/>\n\t\t<meta property=\"og:type\" content=\"article\" \/>\n\t\t<meta property=\"og:title\" content=\"Ajpon: Danzas mayas que honran a migrantes guatemaltecos\" \/>\n\t\t<meta property=\"og:description\" content=\"Descubre a Ajpon, grupo de danzas mayas que, desde Totonicap\u00e1n, rinde homenaje a migrantes guatemaltecos, exaltando tradiciones y ra\u00edces culturales.\" \/>\n\t\t<meta property=\"og:url\" content=\"https:\/\/soymigrante.com\/revista\/ajpon-danzas-mayas-homenaje-migrantes\/\" \/>\n\t\t<meta property=\"og:image\" content=\"https:\/\/soymigrante.com\/revista\/wp-content\/uploads\/2023\/08\/Grupo-de-Danza-Tradicionales-Ajpon-fundado-por-Teresa-Ramirez-dedican-un-baile-tradional-a-los-migrantes-guatemlatecos-como-recordatorio-de-sus-raices-foto-por-Omar-Menchu.webp\" \/>\n\t\t<meta property=\"og:image:secure_url\" content=\"https:\/\/soymigrante.com\/revista\/wp-content\/uploads\/2023\/08\/Grupo-de-Danza-Tradicionales-Ajpon-fundado-por-Teresa-Ramirez-dedican-un-baile-tradional-a-los-migrantes-guatemlatecos-como-recordatorio-de-sus-raices-foto-por-Omar-Menchu.webp\" \/>\n\t\t<meta property=\"og:image:width\" content=\"1920\" \/>\n\t\t<meta property=\"og:image:height\" content=\"1280\" \/>\n\t\t<meta property=\"article:published_time\" content=\"2023-08-08T05:04:31+00:00\" \/>\n\t\t<meta property=\"article:modified_time\" content=\"2024-07-31T06:33:08+00:00\" \/>\n\t\t<meta property=\"article:publisher\" content=\"https:\/\/www.facebook.com\/soymigrantecom\" \/>\n\t\t<meta name=\"twitter:card\" content=\"summary_large_image\" \/>\n\t\t<meta name=\"twitter:site\" content=\"@SoyMigrante_com\" \/>\n\t\t<meta name=\"twitter:title\" content=\"Ajpon: Danzas mayas que honran a migrantes guatemaltecos\" \/>\n\t\t<meta name=\"twitter:description\" content=\"Descubre a Ajpon, grupo de danzas mayas que, desde Totonicap\u00e1n, rinde homenaje a migrantes guatemaltecos, exaltando tradiciones y ra\u00edces culturales.\" \/>\n\t\t<meta name=\"twitter:creator\" content=\"@SoyMigrante_com\" \/>\n\t\t<meta name=\"twitter:image\" content=\"https:\/\/soymigrante.com\/revista\/wp-content\/uploads\/2023\/08\/Grupo-de-Danza-Tradicionales-Ajpon-fundado-por-Teresa-Ramirez-dedican-un-baile-tradional-a-los-migrantes-guatemlatecos-como-recordatorio-de-sus-raices-foto-por-Omar-Menchu.webp\" \/>\n\t\t<!-- All in One SEO Pro -->\r\n\t\t<title>Ajpon: Danzas mayas que honran a migrantes guatemaltecos<\/title>\n\n","aioseo_head_json":{"title":"Ajpon: Danzas mayas que honran a migrantes guatemaltecos","description":"Descubre a Ajpon, grupo de danzas mayas que, desde Totonicap\u00e1n, rinde homenaje a migrantes guatemaltecos, exaltando tradiciones y ra\u00edces culturales.","canonical_url":"https:\/\/soymigrante.com\/revista\/ajpon-danzas-mayas-homenaje-migrantes\/","robots":"max-snippet:-1, max-image-preview:large, max-video-preview:-1","keywords":"","webmasterTools":{"miscellaneous":"&lt;link rel=\"preconnect\" href=\"https:\/\/fonts.googleapis.com\" crossorigin&gt;\n&lt;link rel=\"preconnect\" href=\"https:\/\/fonts.gstatic.com\" crossorigin&gt;"},"schema":null,"og:locale":"es_ES","og:site_name":"SoyMigrante.com REVISTA \u2013 Nuestra misi\u00f3n es reconocer y dignificar al migrante.","og:type":"article","og:title":"Ajpon: Danzas mayas que honran a migrantes guatemaltecos","og:description":"Descubre a Ajpon, grupo de danzas mayas que, desde Totonicap\u00e1n, rinde homenaje a migrantes guatemaltecos, exaltando tradiciones y ra\u00edces culturales.","og:url":"https:\/\/soymigrante.com\/revista\/ajpon-danzas-mayas-homenaje-migrantes\/","og:image":"https:\/\/soymigrante.com\/revista\/wp-content\/uploads\/2023\/08\/Grupo-de-Danza-Tradicionales-Ajpon-fundado-por-Teresa-Ramirez-dedican-un-baile-tradional-a-los-migrantes-guatemlatecos-como-recordatorio-de-sus-raices-foto-por-Omar-Menchu.webp","og:image:secure_url":"https:\/\/soymigrante.com\/revista\/wp-content\/uploads\/2023\/08\/Grupo-de-Danza-Tradicionales-Ajpon-fundado-por-Teresa-Ramirez-dedican-un-baile-tradional-a-los-migrantes-guatemlatecos-como-recordatorio-de-sus-raices-foto-por-Omar-Menchu.webp","og:image:width":1920,"og:image:height":1280,"article:published_time":"2023-08-08T05:04:31+00:00","article:modified_time":"2024-07-31T06:33:08+00:00","article:publisher":"https:\/\/www.facebook.com\/soymigrantecom","twitter:card":"summary_large_image","twitter:site":"@SoyMigrante_com","twitter:title":"Ajpon: Danzas mayas que honran a migrantes guatemaltecos","twitter:description":"Descubre a Ajpon, grupo de danzas mayas que, desde Totonicap\u00e1n, rinde homenaje a migrantes guatemaltecos, exaltando tradiciones y ra\u00edces culturales.","twitter:creator":"@SoyMigrante_com","twitter:image":"https:\/\/soymigrante.com\/revista\/wp-content\/uploads\/2023\/08\/Grupo-de-Danza-Tradicionales-Ajpon-fundado-por-Teresa-Ramirez-dedican-un-baile-tradional-a-los-migrantes-guatemlatecos-como-recordatorio-de-sus-raices-foto-por-Omar-Menchu.webp"},"aioseo_meta_data":{"post_id":"7795","title":"Joyas mayas migrantes: Trozo de dintel de Tikal del Smithsonian","description":"Los dinteles de madera grabada est\u00e1n entre las reliquias mayas m\u00e1s escasas. El fragmento \"Wailes\" estuvo en el templo I de Tikal. Esta es la historia","keywords":null,"keyphrases":{"focus":{"keyphrase":"Joyas mayas","score":51,"analysis":{"keyphraseInTitle":{"score":9,"maxScore":9,"error":0},"keyphraseInDescription":{"score":3,"maxScore":9,"error":1},"keyphraseLength":{"score":9,"maxScore":9,"error":0,"length":2},"keyphraseInURL":{"score":5,"maxScore":5,"error":0},"keyphraseInIntroduction":{"score":3,"maxScore":9,"error":1},"keyphraseInSubHeadings":{"score":3,"maxScore":9,"error":1},"keyphraseInImageAlt":{"score":3,"maxScore":9,"error":1},"keywordDensity":{"score":0,"type":"low","maxScore":9,"error":1}}},"additional":[{"keyphrase":"Guatemala","score":67,"analysis":{"keyphraseInDescription":{"score":3,"maxScore":9,"error":1},"keyphraseLength":{"score":9,"maxScore":9,"error":0,"length":1},"keyphraseInIntroduction":{"score":9,"maxScore":9,"error":0},"keyphraseInImageAlt":{"score":9,"maxScore":9,"error":0},"keywordDensity":{"score":0,"type":"low","maxScore":9,"error":1}}}]},"primary_term":null,"canonical_url":null,"og_title":null,"og_description":null,"og_object_type":"default","og_image_type":"default","og_image_url":null,"og_image_width":null,"og_image_height":null,"og_image_custom_url":null,"og_image_custom_fields":null,"og_video":"","og_custom_url":null,"og_article_section":null,"og_article_tags":null,"twitter_use_og":false,"twitter_card":"default","twitter_image_type":"default","twitter_image_url":null,"twitter_image_custom_url":null,"twitter_image_custom_fields":null,"twitter_title":null,"twitter_description":null,"schema":{"blockGraphs":[],"customGraphs":[],"default":{"data":{"Article":[],"Course":[],"Dataset":[],"FAQPage":[],"Movie":[],"Person":[],"Product":[],"ProductReview":[],"Car":[],"Recipe":[],"Service":[],"SoftwareApplication":[],"WebPage":[]},"graphName":"Article","isEnabled":true},"graphs":[]},"schema_type":"default","schema_type_options":null,"pillar_content":false,"robots_default":true,"robots_noindex":false,"robots_noarchive":false,"robots_nosnippet":false,"robots_nofollow":false,"robots_noimageindex":false,"robots_noodp":false,"robots_notranslate":false,"robots_max_snippet":"-1","robots_max_videopreview":"-1","robots_max_imagepreview":"large","priority":null,"frequency":"default","local_seo":null,"seo_analyzer_scan_date":"2025-10-08 22:25:43","breadcrumb_settings":null,"limit_modified_date":false,"reviewed_by":null,"open_ai":"{\"title\":{\"suggestions\":[],\"usage\":0},\"description\":{\"suggestions\":[],\"usage\":0}}","ai":null,"created":"2024-08-05 17:57:20","updated":"2026-02-04 12:31:22"},"aioseo_breadcrumb":"<div class=\"aioseo-breadcrumbs\"><span class=\"aioseo-breadcrumb\">\n\t<a href=\"https:\/\/soymigrante.com\/revista\" title=\"Home\">Home<\/a>\n<\/span><span class=\"aioseo-breadcrumb-separator\">\u00bb<\/span><span class=\"aioseo-breadcrumb\">\n\t<a href=\"https:\/\/soymigrante.com\/revista\/category\/guate-nuestra\/\" title=\"Guate Nuestra\">Guate Nuestra<\/a>\n<\/span><span class=\"aioseo-breadcrumb-separator\">\u00bb<\/span><span class=\"aioseo-breadcrumb\">\n\tJoyas mayas migrantes: El misterioso trozo de dintel de Tikal en Washington\n<\/span><\/div>","aioseo_breadcrumb_json":[{"label":"Home","link":"https:\/\/soymigrante.com\/revista"},{"label":"Guate Nuestra","link":"https:\/\/soymigrante.com\/revista\/category\/guate-nuestra\/"},{"label":"Joyas mayas migrantes: El misterioso trozo de dintel de Tikal en Washington","link":"https:\/\/soymigrante.com\/revista\/joyas-mayas-migrantes-el-misterioso-trozo-de-dintel-de-tikal-en-washington\/"}],"_links":{"self":[{"href":"https:\/\/soymigrante.com\/revista\/wp-json\/wp\/v2\/posts\/7795","targetHints":{"allow":["GET"]}}],"collection":[{"href":"https:\/\/soymigrante.com\/revista\/wp-json\/wp\/v2\/posts"}],"about":[{"href":"https:\/\/soymigrante.com\/revista\/wp-json\/wp\/v2\/types\/post"}],"author":[{"embeddable":true,"href":"https:\/\/soymigrante.com\/revista\/wp-json\/wp\/v2\/users\/7"}],"replies":[{"embeddable":true,"href":"https:\/\/soymigrante.com\/revista\/wp-json\/wp\/v2\/comments?post=7795"}],"version-history":[{"count":6,"href":"https:\/\/soymigrante.com\/revista\/wp-json\/wp\/v2\/posts\/7795\/revisions"}],"predecessor-version":[{"id":34376,"href":"https:\/\/soymigrante.com\/revista\/wp-json\/wp\/v2\/posts\/7795\/revisions\/34376"}],"wp:featuredmedia":[{"embeddable":true,"href":"https:\/\/soymigrante.com\/revista\/wp-json\/wp\/v2\/media\/7797"}],"wp:attachment":[{"href":"https:\/\/soymigrante.com\/revista\/wp-json\/wp\/v2\/media?parent=7795"}],"wp:term":[{"taxonomy":"category","embeddable":true,"href":"https:\/\/soymigrante.com\/revista\/wp-json\/wp\/v2\/categories?post=7795"},{"taxonomy":"post_tag","embeddable":true,"href":"https:\/\/soymigrante.com\/revista\/wp-json\/wp\/v2\/tags?post=7795"}],"curies":[{"name":"wp","href":"https:\/\/api.w.org\/{rel}","templated":true}]}}