{"id":7781,"date":"2026-04-25T12:05:47","date_gmt":"2026-04-25T18:05:47","guid":{"rendered":"https:\/\/soymigrante.com\/revista\/?p=7781"},"modified":"2026-04-25T12:06:55","modified_gmt":"2026-04-25T18:06:55","slug":"tamales-de-guatemala-variedad-y-recetas-de-una-tradicion-de-sabor","status":"publish","type":"post","link":"https:\/\/soymigrante.com\/revista\/tamales-de-guatemala-variedad-y-recetas-de-una-tradicion-de-sabor\/","title":{"rendered":"Tamales guatemaltecos: variedad y recetascon una misma tradici\u00f3n sin fronteras"},"content":{"rendered":"\t\t<div data-elementor-type=\"wp-post\" data-elementor-id=\"7781\" class=\"elementor elementor-7781\" data-elementor-post-type=\"post\">\n\t\t\t\t<div data-particle_enable=\"false\" data-particle-mobile-disabled=\"false\" class=\"elementor-element elementor-element-dc0eb8b e-flex e-con-boxed e-con e-parent\" data-id=\"dc0eb8b\" data-element_type=\"container\" data-e-type=\"container\">\n\t\t\t\t\t<div class=\"e-con-inner\">\n\t\t\t\t<div class=\"elementor-element elementor-element-2f6d0c9 elementor-widget elementor-widget-heading\" data-id=\"2f6d0c9\" data-element_type=\"widget\" data-e-type=\"widget\" data-widget_type=\"heading.default\">\n\t\t\t\t\t<h2 class=\"elementor-heading-title elementor-size-default\">Colorados, negros, dulces, de masa, de arroz y de todo un poco, as\u00ed son los tamales en Guatemala y estas son sus distintas formas en las que se le conocen. \n<\/h2>\t\t\t\t<\/div>\n\t\t\t\t\t<\/div>\n\t\t\t\t<\/div>\n\t\t<div data-particle_enable=\"false\" data-particle-mobile-disabled=\"false\" class=\"elementor-element elementor-element-9c6080d e-flex e-con-boxed e-con e-parent\" data-id=\"9c6080d\" data-element_type=\"container\" data-e-type=\"container\">\n\t\t\t\t\t<div class=\"e-con-inner\">\n\t\t\t\t<div class=\"elementor-element elementor-element-8aa7347 elementor-widget elementor-widget-text-editor\" data-id=\"8aa7347\" data-element_type=\"widget\" data-e-type=\"widget\" data-widget_type=\"text-editor.default\">\n\t\t\t\t\t\t\t\t\t<p><a href=\"https:\/\/soymigrante.com\/revista\/paches-y-tamales-de-la-guatemalteca-iris-chinchilla-llevan-17-anos-deleitando-en-connecticut\/\">Los tamales <\/a>son de los productos m\u00e1s consumidos en las fiestas navide\u00f1as, dentro y fuera de Guatemala, por su sabor, tradici\u00f3n y porque siempre recuerdan las tardes familiares.<\/p><p>Estos platillos son ricos en sabores. Su versi\u00f3n tradiconal es con maiz y recado, pero \u00bfsab\u00edas qu\u00e9 hay de varios<a href=\"https:\/\/soymigrante.com\/revista\/receta-de-tamales-de-arroz-guatemaltecos-un-manjar-exquisito-saludable-y-facil-de-preparar\/\"> ingredientes como el arroz,<\/a> que le dan un toque distintivo pero siempre delicioso?<\/p>\t\t\t\t\t\t\t\t<\/div>\n\t\t\t\t\t<\/div>\n\t\t\t\t<\/div>\n\t\t<div data-particle_enable=\"false\" data-particle-mobile-disabled=\"false\" class=\"elementor-element elementor-element-4fab0eb e-flex e-con-boxed e-con e-parent\" data-id=\"4fab0eb\" data-element_type=\"container\" data-e-type=\"container\">\n\t\t\t\t\t<div class=\"e-con-inner\">\n\t\t\t\t<div class=\"elementor-element elementor-element-e974fc5 elementor-widget elementor-widget-heading\" data-id=\"e974fc5\" data-element_type=\"widget\" data-e-type=\"widget\" data-widget_type=\"heading.default\">\n\t\t\t\t\t<h3 class=\"elementor-heading-title elementor-size-default\">Tamal colorado<\/h3>\t\t\t\t<\/div>\n\t\t\t\t\t<\/div>\n\t\t\t\t<\/div>\n\t\t<div data-particle_enable=\"false\" data-particle-mobile-disabled=\"false\" class=\"elementor-element elementor-element-e118848 e-flex e-con-boxed e-con e-parent\" data-id=\"e118848\" data-element_type=\"container\" data-e-type=\"container\">\n\t\t\t\t\t<div class=\"e-con-inner\">\n\t\t\t\t<div class=\"elementor-element elementor-element-92b69b3 elementor-widget elementor-widget-text-editor\" data-id=\"92b69b3\" data-element_type=\"widget\" data-e-type=\"widget\" data-widget_type=\"text-editor.default\">\n\t\t\t\t\t\t\t\t\t<p>Los tamales colorados son de los m\u00e1s habituales y est\u00e1n hechos con masa de ma\u00edz que lleva encima una salsa especial de tomate, un trozo de carne (puede ser de res, pollo, cerdo, pato o pavo), una tira de chile pimiento y una aceituna.&nbsp; Este plato es todo un cl\u00e1sico de la<a href=\"https:\/\/soymigrante.com\/revista\/como-se-celebra-la-navidad-en-guatemala-alguna-vez-te-lo-han-preguntado\/\"> Navidad Guatemalteca.&nbsp;<\/a><\/p>\t\t\t\t\t\t\t\t<\/div>\n\t\t\t\t\t<\/div>\n\t\t\t\t<\/div>\n\t\t<div data-particle_enable=\"false\" data-particle-mobile-disabled=\"false\" class=\"elementor-element elementor-element-4f1457c e-flex e-con-boxed e-con e-parent\" data-id=\"4f1457c\" data-element_type=\"container\" data-e-type=\"container\">\n\t\t\t\t\t<div class=\"e-con-inner\">\n\t\t\t\t<div class=\"elementor-element elementor-element-2871aaf elementor-widget elementor-widget-html\" data-id=\"2871aaf\" data-element_type=\"widget\" data-e-type=\"widget\" data-widget_type=\"html.default\">\n\t\t\t\t\t<iframe width=\"716\" height=\"404\" src=\"https:\/\/www.youtube.com\/embed\/FW6AZEJW0iw\" title=\"Tamales colorados | #RutaGastron\u00f3mica de Guatemala\" frameborder=\"0\" allow=\"accelerometer; autoplay; clipboard-write; encrypted-media; gyroscope; picture-in-picture; web-share\" referrerpolicy=\"strict-origin-when-cross-origin\" allowfullscreen><\/iframe>\t\t\t\t<\/div>\n\t\t\t\t\t<\/div>\n\t\t\t\t<\/div>\n\t\t<div data-particle_enable=\"false\" data-particle-mobile-disabled=\"false\" class=\"elementor-element elementor-element-0b3a32d e-flex e-con-boxed e-con e-parent\" data-id=\"0b3a32d\" data-element_type=\"container\" data-e-type=\"container\">\n\t\t\t\t\t<div class=\"e-con-inner\">\n\t\t\t\t<div class=\"elementor-element elementor-element-acb938f elementor-widget elementor-widget-heading\" data-id=\"acb938f\" data-element_type=\"widget\" data-e-type=\"widget\" data-widget_type=\"heading.default\">\n\t\t\t\t\t<h3 class=\"elementor-heading-title elementor-size-default\">Tamal negro o dulce<\/h3>\t\t\t\t<\/div>\n\t\t\t\t\t<\/div>\n\t\t\t\t<\/div>\n\t\t<div data-particle_enable=\"false\" data-particle-mobile-disabled=\"false\" class=\"elementor-element elementor-element-d5ea8ae e-flex e-con-boxed e-con e-parent\" data-id=\"d5ea8ae\" data-element_type=\"container\" data-e-type=\"container\">\n\t\t\t\t\t<div class=\"e-con-inner\">\n\t\t\t\t<div class=\"elementor-element elementor-element-c10e9b7 elementor-widget elementor-widget-text-editor\" data-id=\"c10e9b7\" data-element_type=\"widget\" data-e-type=\"widget\" data-widget_type=\"text-editor.default\">\n\t\t\t\t\t\t\t\t\t<p>Los tamales dulces son de los favoritos de los chapines, se elaboran con la misma base que los colorados, pero se diferencia por su sabor dulce y color oscuro. Lleva chocolate y se lo suele decorar con pasas, ciruelas y almendras.<\/p>\t\t\t\t\t\t\t\t<\/div>\n\t\t\t\t\t<\/div>\n\t\t\t\t<\/div>\n\t\t<div data-particle_enable=\"false\" data-particle-mobile-disabled=\"false\" class=\"elementor-element elementor-element-dcaf4af e-flex e-con-boxed e-con e-parent\" data-id=\"dcaf4af\" data-element_type=\"container\" data-e-type=\"container\">\n\t\t\t\t\t<div class=\"e-con-inner\">\n\t\t\t\t<div class=\"elementor-element elementor-element-12c5210 elementor-widget elementor-widget-html\" data-id=\"12c5210\" data-element_type=\"widget\" data-e-type=\"widget\" data-widget_type=\"html.default\">\n\t\t\t\t\t<iframe width=\"560\" height=\"315\" src=\"https:\/\/www.youtube.com\/embed\/GXoE2XjlpYs?si=gJiHTxTv7mFyTPV6\" title=\"YouTube video player\" frameborder=\"0\" allow=\"accelerometer; autoplay; clipboard-write; encrypted-media; gyroscope; picture-in-picture; web-share\" referrerpolicy=\"strict-origin-when-cross-origin\" allowfullscreen><\/iframe>\t\t\t\t<\/div>\n\t\t\t\t\t<\/div>\n\t\t\t\t<\/div>\n\t\t<div data-particle_enable=\"false\" data-particle-mobile-disabled=\"false\" class=\"elementor-element elementor-element-bb4e9ed e-flex e-con-boxed e-con e-parent\" data-id=\"bb4e9ed\" data-element_type=\"container\" data-e-type=\"container\">\n\t\t\t\t\t<div class=\"e-con-inner\">\n\t\t\t\t<div class=\"elementor-element elementor-element-1ee86b2 elementor-widget elementor-widget-heading\" data-id=\"1ee86b2\" data-element_type=\"widget\" data-e-type=\"widget\" data-widget_type=\"heading.default\">\n\t\t\t\t\t<h3 class=\"elementor-heading-title elementor-size-default\">Tamal de arroz<\/h3>\t\t\t\t<\/div>\n\t\t\t\t\t<\/div>\n\t\t\t\t<\/div>\n\t\t<div data-particle_enable=\"false\" data-particle-mobile-disabled=\"false\" class=\"elementor-element elementor-element-00a75d4 e-flex e-con-boxed e-con e-parent\" data-id=\"00a75d4\" data-element_type=\"container\" data-e-type=\"container\">\n\t\t\t\t\t<div class=\"e-con-inner\">\n\t\t\t\t<div class=\"elementor-element elementor-element-a851796 elementor-widget elementor-widget-text-editor\" data-id=\"a851796\" data-element_type=\"widget\" data-e-type=\"widget\" data-widget_type=\"text-editor.default\">\n\t\t\t\t\t\t\t\t\t<p>Los tamales de arroz guatemaltecos son un platillo t\u00edpico muy diferente al resto de recetas de tamales. Est\u00e1n elaborados con harina de arroz y envueltos en hojas de pl\u00e1tano, que le brinda un aroma distinto. Adem\u00e1s, generalmente suelen ser m\u00e1s grandes que los tamales envueltos en hojas de ma\u00edz.<\/p>\t\t\t\t\t\t\t\t<\/div>\n\t\t\t\t\t<\/div>\n\t\t\t\t<\/div>\n\t\t<div data-particle_enable=\"false\" data-particle-mobile-disabled=\"false\" class=\"elementor-element elementor-element-abd8db2 e-flex e-con-boxed e-con e-parent\" data-id=\"abd8db2\" data-element_type=\"container\" data-e-type=\"container\">\n\t\t\t\t\t<div class=\"e-con-inner\">\n\t\t\t\t<div class=\"elementor-element elementor-element-4515ccf elementor-widget elementor-widget-html\" data-id=\"4515ccf\" data-element_type=\"widget\" data-e-type=\"widget\" data-widget_type=\"html.default\">\n\t\t\t\t\t<iframe width=\"560\" height=\"315\" src=\"https:\/\/www.youtube.com\/embed\/vT52Ku9KsZU?si=8nBbzEWL0GMbNyRr\" title=\"YouTube video player\" frameborder=\"0\" allow=\"accelerometer; autoplay; clipboard-write; encrypted-media; gyroscope; picture-in-picture; web-share\" referrerpolicy=\"strict-origin-when-cross-origin\" allowfullscreen><\/iframe>\t\t\t\t<\/div>\n\t\t\t\t\t<\/div>\n\t\t\t\t<\/div>\n\t\t<div data-particle_enable=\"false\" data-particle-mobile-disabled=\"false\" class=\"elementor-element elementor-element-f8eb097 e-flex e-con-boxed e-con e-parent\" data-id=\"f8eb097\" data-element_type=\"container\" data-e-type=\"container\">\n\t\t\t\t\t<div class=\"e-con-inner\">\n\t\t\t\t<div class=\"elementor-element elementor-element-29d932a elementor-widget elementor-widget-heading\" data-id=\"29d932a\" data-element_type=\"widget\" data-e-type=\"widget\" data-widget_type=\"heading.default\">\n\t\t\t\t\t<h3 class=\"elementor-heading-title elementor-size-default\">Tamalitos de chipil\u00edn<\/h3>\t\t\t\t<\/div>\n\t\t\t\t\t<\/div>\n\t\t\t\t<\/div>\n\t\t<div data-particle_enable=\"false\" data-particle-mobile-disabled=\"false\" class=\"elementor-element elementor-element-48e7333 e-flex e-con-boxed e-con e-parent\" data-id=\"48e7333\" data-element_type=\"container\" data-e-type=\"container\">\n\t\t\t\t\t<div class=\"e-con-inner\">\n\t\t\t\t<div class=\"elementor-element elementor-element-5ccc8a7 elementor-widget elementor-widget-text-editor\" data-id=\"5ccc8a7\" data-element_type=\"widget\" data-e-type=\"widget\" data-widget_type=\"text-editor.default\">\n\t\t\t\t\t\t\t\t\t<p>Los tamalitos de chipil\u00edn guatemaltecos son deliciosos y muy f\u00e1ciles de preparar, se caracterizan por estar envueltos en hojas de ma\u00edz y por acompa\u00f1arse con salsa roja, perejil y queso duro.<\/p>\t\t\t\t\t\t\t\t<\/div>\n\t\t\t\t\t<\/div>\n\t\t\t\t<\/div>\n\t\t<div data-particle_enable=\"false\" data-particle-mobile-disabled=\"false\" class=\"elementor-element elementor-element-097552b e-flex e-con-boxed e-con e-parent\" data-id=\"097552b\" data-element_type=\"container\" data-e-type=\"container\">\n\t\t\t\t\t<div class=\"e-con-inner\">\n\t\t\t\t<div class=\"elementor-element elementor-element-bbfc6a4 elementor-widget elementor-widget-html\" data-id=\"bbfc6a4\" data-element_type=\"widget\" data-e-type=\"widget\" data-widget_type=\"html.default\">\n\t\t\t\t\t<iframe width=\"560\" height=\"315\" src=\"https:\/\/www.youtube.com\/embed\/f5oJQrZsMw8?si=zagjrhGzI6ftWI_a\" title=\"YouTube video player\" frameborder=\"0\" allow=\"accelerometer; autoplay; clipboard-write; encrypted-media; gyroscope; picture-in-picture; web-share\" referrerpolicy=\"strict-origin-when-cross-origin\" allowfullscreen><\/iframe>\t\t\t\t<\/div>\n\t\t\t\t\t<\/div>\n\t\t\t\t<\/div>\n\t\t<div data-particle_enable=\"false\" data-particle-mobile-disabled=\"false\" class=\"elementor-element elementor-element-c8931e3 e-flex e-con-boxed e-con e-parent\" data-id=\"c8931e3\" data-element_type=\"container\" data-e-type=\"container\">\n\t\t\t\t\t<div class=\"e-con-inner\">\n\t\t\t\t<div class=\"elementor-element elementor-element-3402e9c elementor-widget elementor-widget-heading\" data-id=\"3402e9c\" data-element_type=\"widget\" data-e-type=\"widget\" data-widget_type=\"heading.default\">\n\t\t\t\t\t<h3 class=\"elementor-heading-title elementor-size-default\">Tamalitos de Cambray<\/h3>\t\t\t\t<\/div>\n\t\t\t\t\t<\/div>\n\t\t\t\t<\/div>\n\t\t<div data-particle_enable=\"false\" data-particle-mobile-disabled=\"false\" class=\"elementor-element elementor-element-041679f e-flex e-con-boxed e-con e-parent\" data-id=\"041679f\" data-element_type=\"container\" data-e-type=\"container\">\n\t\t\t\t\t<div class=\"e-con-inner\">\n\t\t\t\t<div class=\"elementor-element elementor-element-b2a26f0 elementor-widget elementor-widget-text-editor\" data-id=\"b2a26f0\" data-element_type=\"widget\" data-e-type=\"widget\" data-widget_type=\"text-editor.default\">\n\t\t\t\t\t\t\t\t\t<p>Los famosos tamalitos de Cambray son tambi\u00e9n tamalitos dulces, que est\u00e1n hechos con masa de ma\u00edz, pasas y que tienen un delicioso sabor a an\u00eds. Un aspecto peculiar es que la salsa se pinta de color rojo y se acompa\u00f1an con crema agria.<\/p>\t\t\t\t\t\t\t\t<\/div>\n\t\t\t\t\t<\/div>\n\t\t\t\t<\/div>\n\t\t<div data-particle_enable=\"false\" data-particle-mobile-disabled=\"false\" class=\"elementor-element elementor-element-bfadb39 e-flex e-con-boxed e-con e-parent\" data-id=\"bfadb39\" data-element_type=\"container\" data-e-type=\"container\">\n\t\t\t\t\t<div class=\"e-con-inner\">\n\t\t\t\t<div class=\"elementor-element elementor-element-dde574d elementor-widget elementor-widget-html\" data-id=\"dde574d\" data-element_type=\"widget\" data-e-type=\"widget\" data-widget_type=\"html.default\">\n\t\t\t\t\t<iframe width=\"560\" height=\"315\" src=\"https:\/\/www.youtube.com\/embed\/44RHQjyPVpI?si=nAJbLAPcsF3C9HLo\" title=\"YouTube video player\" frameborder=\"0\" allow=\"accelerometer; autoplay; clipboard-write; encrypted-media; gyroscope; picture-in-picture; web-share\" referrerpolicy=\"strict-origin-when-cross-origin\" allowfullscreen><\/iframe>\t\t\t\t<\/div>\n\t\t\t\t\t<\/div>\n\t\t\t\t<\/div>\n\t\t<div data-particle_enable=\"false\" data-particle-mobile-disabled=\"false\" class=\"elementor-element elementor-element-4178e82 e-flex e-con-boxed e-con e-parent\" data-id=\"4178e82\" data-element_type=\"container\" data-e-type=\"container\">\n\t\t\t\t\t<div class=\"e-con-inner\">\n\t\t\t\t<div class=\"elementor-element elementor-element-f02fbb0 elementor-widget elementor-widget-heading\" data-id=\"f02fbb0\" data-element_type=\"widget\" data-e-type=\"widget\" data-widget_type=\"heading.default\">\n\t\t\t\t\t<h3 class=\"elementor-heading-title elementor-size-default\">Tamalitos de elote<\/h3>\t\t\t\t<\/div>\n\t\t\t\t\t<\/div>\n\t\t\t\t<\/div>\n\t\t<div data-particle_enable=\"false\" data-particle-mobile-disabled=\"false\" class=\"elementor-element elementor-element-21054d2 e-flex e-con-boxed e-con e-parent\" data-id=\"21054d2\" data-element_type=\"container\" data-e-type=\"container\">\n\t\t\t\t\t<div class=\"e-con-inner\">\n\t\t\t\t<div class=\"elementor-element elementor-element-d2085e0 elementor-widget elementor-widget-text-editor\" data-id=\"d2085e0\" data-element_type=\"widget\" data-e-type=\"widget\" data-widget_type=\"text-editor.default\">\n\t\t\t\t\t\t\t\t\t<p>Los tamalitos de elote est\u00e1n envueltos en tusa y su caracter\u00edstica principal es que son dulces. Suelen acompa\u00f1arse tambi\u00e9n con un poco de crema y queso. Son perfectos para una refacci\u00f3n.<\/p><p>\u00a0<\/p>\t\t\t\t\t\t\t\t<\/div>\n\t\t\t\t\t<\/div>\n\t\t\t\t<\/div>\n\t\t<div data-particle_enable=\"false\" data-particle-mobile-disabled=\"false\" class=\"elementor-element elementor-element-7dacf18 e-flex e-con-boxed e-con e-parent\" data-id=\"7dacf18\" data-element_type=\"container\" data-e-type=\"container\">\n\t\t\t\t\t<div class=\"e-con-inner\">\n\t\t\t\t<div class=\"elementor-element elementor-element-1672cfa elementor-widget elementor-widget-html\" data-id=\"1672cfa\" data-element_type=\"widget\" data-e-type=\"widget\" data-widget_type=\"html.default\">\n\t\t\t\t\t<iframe width=\"560\" height=\"315\" src=\"https:\/\/www.youtube.com\/embed\/E8N_8W4WAg4?si=RDrTgIL5z8FIRL5N\" title=\"YouTube video player\" frameborder=\"0\" allow=\"accelerometer; autoplay; clipboard-write; encrypted-media; gyroscope; picture-in-picture; web-share\" referrerpolicy=\"strict-origin-when-cross-origin\" allowfullscreen><\/iframe>\t\t\t\t<\/div>\n\t\t\t\t\t<\/div>\n\t\t\t\t<\/div>\n\t\t<div data-particle_enable=\"false\" data-particle-mobile-disabled=\"false\" class=\"elementor-element elementor-element-878e94b e-flex e-con-boxed e-con e-parent\" data-id=\"878e94b\" data-element_type=\"container\" data-e-type=\"container\">\n\t\t\t\t\t<div class=\"e-con-inner\">\n\t\t\t\t<div class=\"elementor-element elementor-element-f838463 elementor-widget elementor-widget-heading\" data-id=\"f838463\" data-element_type=\"widget\" data-e-type=\"widget\" data-widget_type=\"heading.default\">\n\t\t\t\t\t<h3 class=\"elementor-heading-title elementor-size-default\">Conoce m\u00e1s de Guatemala ac\u00e1...<\/h3>\t\t\t\t<\/div>\n\t\t\t\t\t<\/div>\n\t\t\t\t<\/div>\n\t\t<div data-particle_enable=\"false\" data-particle-mobile-disabled=\"false\" class=\"elementor-element elementor-element-832aa9f e-flex e-con-boxed e-con e-parent\" data-id=\"832aa9f\" data-element_type=\"container\" data-e-type=\"container\">\n\t\t\t\t\t<div class=\"e-con-inner\">\n\t\t\t\t<div class=\"elementor-element elementor-element-0fcbc8e elementor-widget elementor-widget-blfe-post-grid\" data-id=\"0fcbc8e\" data-element_type=\"widget\" data-e-type=\"widget\" data-settings=\"{&quot;columns&quot;:&quot;3&quot;,&quot;columns_tablet&quot;:&quot;6&quot;,&quot;columns_mobile&quot;:&quot;12&quot;,&quot;hero1_layout_column_gap&quot;:{&quot;unit&quot;:&quot;px&quot;,&quot;size&quot;:30,&quot;sizes&quot;:[]},&quot;hero1_layout_column_gap_tablet&quot;:{&quot;unit&quot;:&quot;px&quot;,&quot;size&quot;:&quot;&quot;,&quot;sizes&quot;:[]},&quot;hero1_layout_column_gap_mobile&quot;:{&quot;unit&quot;:&quot;px&quot;,&quot;size&quot;:&quot;&quot;,&quot;sizes&quot;:[]},&quot;hero1_layout_row_gap&quot;:{&quot;unit&quot;:&quot;px&quot;,&quot;size&quot;:30,&quot;sizes&quot;:[]},&quot;hero1_layout_row_gap_tablet&quot;:{&quot;unit&quot;:&quot;px&quot;,&quot;size&quot;:&quot;&quot;,&quot;sizes&quot;:[]},&quot;hero1_layout_row_gap_mobile&quot;:{&quot;unit&quot;:&quot;px&quot;,&quot;size&quot;:&quot;&quot;,&quot;sizes&quot;:[]}}\" data-widget_type=\"blfe-post-grid.hero1\">\n\t\t\t\t<div class=\"elementor-widget-container\">\n\t\t\t\t\t\n                        <div class=\"blfe-post-grid-container \">\n            \n                <div data-skin=\"hero1\" class=\"blfe-row blfe-posts-inner blfe-hero1 blfe-posts-inner blfe-col-3 blfe-col-tab-6 blfe-col-mob-12     \">\n                            <div class=\"blfe-post-grid-item\">\n            <div class=\"blfe-post-grid-item-inner blfe-modern-zoom\">\n                        <div class=\"blfe-post-grid-bg-image\">\n            <a class=\"blfe-post-grid-image-inner\" href=\"https:\/\/soymigrante.com\/revista\/dos-pilas-sitio-maya-guatemalteco-ciudades-mayas\/\" title=\"\u00bfHas o\u00eddo hablar de Dos Pilas? Una  ciudad maya clave en la historia\" rel=\"nofollow\" target=\"_blank\"><img decoding=\"async\" src=\"https:\/\/soymigrante.com\/revista\/wp-content\/uploads\/2024\/10\/Aguateca-La-ciudad-maya-fortificada-en-el-corazon-de-Peten-1.webp\" alt=\"\u00bfHas o\u00eddo hablar de Dos Pilas? Una  ciudad maya clave en la historia\"\/><\/a>        <\/div>\n                        <div class=\"blfe-post-grid-details\">\n                    <div class=\"blfe-post-grid-details-inner\">\n                        <span class=\"blfe-post-category\"><a href=\"https:\/\/soymigrante.com\/revista\/category\/guate-nuestra\/\">Guate Nuestra<\/a><\/span>                        <h3 class=\"blfe-post-grid-title\">\n            <a href=\"https:\/\/soymigrante.com\/revista\/dos-pilas-sitio-maya-guatemalteco-ciudades-mayas\/\" title=\"\u00bfHas o\u00eddo hablar de Dos Pilas? Una  ciudad maya clave en la historia\" rel=\"nofollow\" target=\"_blank\">\u00bfHas o\u00eddo hablar de Dos Pilas? Una  ciudad maya clave en la historia<\/a>\n            <\/h3>                                                            <div class=\"blfe-post-grid-meta\">\n                <span class=\"blfe-post-grid-time\"><i class=\"fas fa-book-reader\"><\/i>5 Min read<\/span>            <\/div>\n                                                        <\/div>\n                <\/div>\n\n            <\/div>\n        <\/div>\n                <div class=\"blfe-post-grid-item\">\n            <div class=\"blfe-post-grid-item-inner blfe-modern-zoom\">\n                        <div class=\"blfe-post-grid-bg-image\">\n            <a class=\"blfe-post-grid-image-inner\" href=\"https:\/\/soymigrante.com\/revista\/migrantes-pueden-vivir-las-fiestas-de-fin-de-ano-en-usa-sin-perder-identidad-claves-para-lograrlo\/\" title=\"Migrantes pueden vivir las fiestas de fin de a\u00f1o en USA sin perder identidad: claves para lograrlo\" rel=\"nofollow\" target=\"_blank\"><img decoding=\"async\" src=\"https:\/\/soymigrante.com\/revista\/wp-content\/uploads\/2024\/09\/Los-migrantes-guatemaltecos-pueden-vivir-las-festividades-asi-5-e1727459503711.webp\" alt=\"Migrantes pueden vivir las fiestas de fin de a\u00f1o en USA sin perder identidad: claves para lograrlo\"\/><\/a>        <\/div>\n                        <div class=\"blfe-post-grid-details\">\n                    <div class=\"blfe-post-grid-details-inner\">\n                        <span class=\"blfe-post-category\"><a href=\"https:\/\/soymigrante.com\/revista\/category\/guate-nuestra\/\">Guate Nuestra<\/a><\/span>                        <h3 class=\"blfe-post-grid-title\">\n            <a href=\"https:\/\/soymigrante.com\/revista\/migrantes-pueden-vivir-las-fiestas-de-fin-de-ano-en-usa-sin-perder-identidad-claves-para-lograrlo\/\" title=\"Migrantes pueden vivir las fiestas de fin de a\u00f1o en USA sin perder identidad: claves para lograrlo\" rel=\"nofollow\" target=\"_blank\">Migrantes pueden vivir las fiestas de fin de a\u00f1o en USA sin perder identidad: claves para lograrlo<\/a>\n            <\/h3>                                                            <div class=\"blfe-post-grid-meta\">\n                <span class=\"blfe-post-grid-time\"><i class=\"fas fa-book-reader\"><\/i>5 Min read<\/span>            <\/div>\n                                                        <\/div>\n                <\/div>\n\n            <\/div>\n        <\/div>\n                <div class=\"blfe-post-grid-item\">\n            <div class=\"blfe-post-grid-item-inner blfe-modern-zoom\">\n                        <div class=\"blfe-post-grid-bg-image\">\n            <a class=\"blfe-post-grid-image-inner\" href=\"https:\/\/soymigrante.com\/revista\/todo-chapin-conoce-estas-palabras-guatemaltecas-cuales-usas\/\" title=\"Todo chap\u00edn conoce estas palabras guatemaltecas: \u00bfCu\u00e1les us\u00e1s?\" rel=\"nofollow\" target=\"_blank\"><img decoding=\"async\" src=\"https:\/\/soymigrante.com\/revista\/wp-content\/uploads\/2024\/08\/Glosario-de-palabras-guatemaltecas-y-su-significado4-scaled.webp\" alt=\"Todo chap\u00edn conoce estas palabras guatemaltecas: \u00bfCu\u00e1les us\u00e1s?\"\/><\/a>        <\/div>\n                        <div class=\"blfe-post-grid-details\">\n                    <div class=\"blfe-post-grid-details-inner\">\n                        <span class=\"blfe-post-category\"><a href=\"https:\/\/soymigrante.com\/revista\/category\/guate-nuestra\/\">Guate Nuestra<\/a><\/span>                        <h3 class=\"blfe-post-grid-title\">\n            <a href=\"https:\/\/soymigrante.com\/revista\/todo-chapin-conoce-estas-palabras-guatemaltecas-cuales-usas\/\" title=\"Todo chap\u00edn conoce estas palabras guatemaltecas: \u00bfCu\u00e1les us\u00e1s?\" rel=\"nofollow\" target=\"_blank\">Todo chap\u00edn conoce estas palabras guatemaltecas: \u00bfCu\u00e1les us\u00e1s?<\/a>\n            <\/h3>                                                            <div class=\"blfe-post-grid-meta\">\n                <span class=\"blfe-post-grid-time\"><i class=\"fas fa-book-reader\"><\/i>6 Min read<\/span>            <\/div>\n                                                        <\/div>\n                <\/div>\n\n            <\/div>\n        <\/div>\n                        <\/div>\n\n                        <\/div>\n            \n                        <div class=\"blfe-post-footer\">\n                        <\/div>\n            \t\t\t\t<\/div>\n\t\t\t\t<\/div>\n\t\t\t\t\t<\/div>\n\t\t\t\t<\/div>\n\t\t\t\t<\/div>\n\t\t","protected":false},"excerpt":{"rendered":"<p>Colorados, negros, dulces, de masa, de arroz y de todo un poco, as\u00ed son los tamales en Guatemala y estas son sus distintas formas en las que se le conocen. Los tamales son de los productos m\u00e1s consumidos en las fiestas navide\u00f1as, dentro y fuera de Guatemala, por su sabor, tradici\u00f3n y porque siempre recuerdan [&hellip;]<\/p>\n","protected":false},"author":1,"featured_media":7782,"comment_status":"open","ping_status":"open","sticky":false,"template":"","format":"standard","meta":{"_acf_changed":false,"_eb_attr":"","footnotes":""},"categories":[247],"tags":[],"class_list":["post-7781","post","type-post","status-publish","format-standard","has-post-thumbnail","hentry","category-recetas-guatemaltecas"],"acf":[],"aioseo_notices":[],"aioseo_head":"\n\t\t<!-- All in One SEO Pro 4.9.6.2 - aioseo.com -->\n\t<meta name=\"description\" content=\"Dentro y fuera de Guatemala se usan estas palabras entre chapines. Son tan propias que a veces las personas de otros pa\u00edses no comprenden qu\u00e9 se quiso decir.\" \/>\n\t<meta name=\"robots\" content=\"max-snippet:-1, max-image-preview:large, max-video-preview:-1\" \/>\n\t<meta name=\"author\" content=\"Marysabel Aldana\"\/>\n\t<link rel=\"canonical\" href=\"https:\/\/soymigrante.com\/revista\/todo-chapin-conoce-estas-palabras-guatemaltecas-cuales-usas\/\" \/>\n\t<meta name=\"generator\" content=\"All in One SEO Pro (AIOSEO) 4.9.6.2\" \/>\n\n\t\t<link rel=\"preconnect\" href=\"https:\/\/fonts.googleapis.com\" crossorigin>\n<link rel=\"preconnect\" href=\"https:\/\/fonts.gstatic.com\" crossorigin>\n\t\t<meta property=\"og:locale\" content=\"es_ES\" \/>\n\t\t<meta property=\"og:site_name\" content=\"SoyMigrante.com REVISTA \u2013 Nuestra misi\u00f3n es reconocer y dignificar al migrante.\" \/>\n\t\t<meta property=\"og:type\" content=\"article\" \/>\n\t\t<meta property=\"og:title\" content=\"Glosario de 150 palabras guatemaltecas: \u00bfCu\u00e1les usas?\" \/>\n\t\t<meta property=\"og:description\" content=\"Dentro y fuera de Guatemala se usan estas palabras entre chapines. Son tan propias que a veces las personas de otros pa\u00edses no comprenden qu\u00e9 se quiso decir.\" \/>\n\t\t<meta property=\"og:url\" content=\"https:\/\/soymigrante.com\/revista\/todo-chapin-conoce-estas-palabras-guatemaltecas-cuales-usas\/\" \/>\n\t\t<meta property=\"og:image\" content=\"https:\/\/soymigrante.com\/revista\/wp-content\/uploads\/2024\/08\/Glosario-de-palabras-guatemaltecas-y-su-significado4-scaled.webp\" \/>\n\t\t<meta property=\"og:image:secure_url\" content=\"https:\/\/soymigrante.com\/revista\/wp-content\/uploads\/2024\/08\/Glosario-de-palabras-guatemaltecas-y-su-significado4-scaled.webp\" \/>\n\t\t<meta property=\"og:image:width\" content=\"1920\" \/>\n\t\t<meta property=\"og:image:height\" content=\"1280\" \/>\n\t\t<meta property=\"article:published_time\" content=\"2024-11-08T11:00:00+00:00\" \/>\n\t\t<meta property=\"article:modified_time\" content=\"2025-09-15T22:32:36+00:00\" \/>\n\t\t<meta property=\"article:publisher\" content=\"https:\/\/www.facebook.com\/soymigrantecom\" \/>\n\t\t<meta name=\"twitter:card\" content=\"summary_large_image\" \/>\n\t\t<meta name=\"twitter:site\" content=\"@SoyMigrante_com\" \/>\n\t\t<meta name=\"twitter:title\" content=\"Glosario de 150 palabras guatemaltecas: \u00bfCu\u00e1les usas?\" \/>\n\t\t<meta name=\"twitter:description\" content=\"Dentro y fuera de Guatemala se usan estas palabras entre chapines. Son tan propias que a veces las personas de otros pa\u00edses no comprenden qu\u00e9 se quiso decir.\" \/>\n\t\t<meta name=\"twitter:creator\" content=\"@SoyMigrante_com\" \/>\n\t\t<meta name=\"twitter:image\" content=\"https:\/\/soymigrante.com\/revista\/wp-content\/uploads\/2024\/08\/Glosario-de-palabras-guatemaltecas-y-su-significado4-scaled.webp\" \/>\n\t\t<!-- All in One SEO Pro -->\r\n\t\t<title>Glosario de 150 palabras guatemaltecas: \u00bfCu\u00e1les usas?<\/title>\n\n","aioseo_head_json":{"title":"Glosario de 150 palabras guatemaltecas: \u00bfCu\u00e1les usas?","description":"Dentro y fuera de Guatemala se usan estas palabras entre chapines. Son tan propias que a veces las personas de otros pa\u00edses no comprenden qu\u00e9 se quiso decir.","canonical_url":"https:\/\/soymigrante.com\/revista\/todo-chapin-conoce-estas-palabras-guatemaltecas-cuales-usas\/","robots":"max-snippet:-1, max-image-preview:large, max-video-preview:-1","keywords":"","webmasterTools":{"miscellaneous":"&lt;link rel=\"preconnect\" href=\"https:\/\/fonts.googleapis.com\" crossorigin&gt;\n&lt;link rel=\"preconnect\" href=\"https:\/\/fonts.gstatic.com\" crossorigin&gt;"},"schema":null,"og:locale":"es_ES","og:site_name":"SoyMigrante.com REVISTA \u2013 Nuestra misi\u00f3n es reconocer y dignificar al migrante.","og:type":"article","og:title":"Glosario de 150 palabras guatemaltecas: \u00bfCu\u00e1les usas?","og:description":"Dentro y fuera de Guatemala se usan estas palabras entre chapines. Son tan propias que a veces las personas de otros pa\u00edses no comprenden qu\u00e9 se quiso decir.","og:url":"https:\/\/soymigrante.com\/revista\/todo-chapin-conoce-estas-palabras-guatemaltecas-cuales-usas\/","og:image":"https:\/\/soymigrante.com\/revista\/wp-content\/uploads\/2024\/08\/Glosario-de-palabras-guatemaltecas-y-su-significado4-scaled.webp","og:image:secure_url":"https:\/\/soymigrante.com\/revista\/wp-content\/uploads\/2024\/08\/Glosario-de-palabras-guatemaltecas-y-su-significado4-scaled.webp","og:image:width":1920,"og:image:height":1280,"article:published_time":"2024-11-08T11:00:00+00:00","article:modified_time":"2025-09-15T22:32:36+00:00","article:publisher":"https:\/\/www.facebook.com\/soymigrantecom","twitter:card":"summary_large_image","twitter:site":"@SoyMigrante_com","twitter:title":"Glosario de 150 palabras guatemaltecas: \u00bfCu\u00e1les usas?","twitter:description":"Dentro y fuera de Guatemala se usan estas palabras entre chapines. Son tan propias que a veces las personas de otros pa\u00edses no comprenden qu\u00e9 se quiso decir.","twitter:creator":"@SoyMigrante_com","twitter:image":"https:\/\/soymigrante.com\/revista\/wp-content\/uploads\/2024\/08\/Glosario-de-palabras-guatemaltecas-y-su-significado4-scaled.webp"},"aioseo_meta_data":{"post_id":"7781","title":"Tamales de Guatemala son una tradici\u00f3n de sabor sin fronteras","description":"Los tamales de Guatemala son un antojo exquisito que ya rebasa fronteras. Migrantes los preparan en EE.UU., aunque anhelan el d\u00eda en eu coman uno en su tierra.","keywords":null,"keyphrases":{"focus":{"keyphrase":"Tamales de Guatemala","score":60,"analysis":{"keyphraseInTitle":{"score":9,"maxScore":9,"error":0},"keyphraseInDescription":{"score":9,"maxScore":9,"error":0},"keyphraseLength":{"score":9,"maxScore":9,"error":0,"length":3},"keyphraseInURL":{"score":5,"maxScore":5,"error":0},"keyphraseInIntroduction":{"score":3,"maxScore":9,"error":1},"keyphraseInSubHeadings":{"score":3,"maxScore":9,"error":1},"keyphraseInImageAlt":{"score":3,"maxScore":9,"error":1},"keywordDensity":{"score":0,"type":"low","maxScore":9,"error":1}}},"additional":[{"keyphrase":"Tamales de Guatemala","score":53,"analysis":{"keyphraseInDescription":{"score":9,"maxScore":9,"error":0},"keyphraseLength":{"score":9,"maxScore":9,"error":0,"length":3},"keyphraseInIntroduction":{"score":3,"maxScore":9,"error":1},"keyphraseInImageAlt":{"score":3,"maxScore":9,"error":1},"keywordDensity":{"score":0,"type":"low","maxScore":9,"error":1}}}]},"primary_term":null,"canonical_url":null,"og_title":null,"og_description":null,"og_object_type":"default","og_image_type":"default","og_image_url":null,"og_image_width":null,"og_image_height":null,"og_image_custom_url":null,"og_image_custom_fields":null,"og_video":"","og_custom_url":null,"og_article_section":null,"og_article_tags":null,"twitter_use_og":false,"twitter_card":"default","twitter_image_type":"default","twitter_image_url":null,"twitter_image_custom_url":null,"twitter_image_custom_fields":null,"twitter_title":null,"twitter_description":null,"schema":{"blockGraphs":[],"customGraphs":[],"default":{"data":{"Article":[],"Course":[],"Dataset":[],"FAQPage":[],"Movie":[],"Person":[],"Product":[],"ProductReview":[],"Car":[],"Recipe":[],"Service":[],"SoftwareApplication":[],"WebPage":[]},"graphName":"NewsArticle","isEnabled":true},"graphs":[]},"schema_type":"default","schema_type_options":null,"pillar_content":false,"robots_default":true,"robots_noindex":false,"robots_noarchive":false,"robots_nosnippet":false,"robots_nofollow":false,"robots_noimageindex":false,"robots_noodp":false,"robots_notranslate":false,"robots_max_snippet":"-1","robots_max_videopreview":"-1","robots_max_imagepreview":"large","priority":null,"frequency":"default","local_seo":null,"seo_analyzer_scan_date":null,"breadcrumb_settings":null,"limit_modified_date":false,"reviewed_by":"0","open_ai":"{\"title\":{\"suggestions\":[],\"usage\":0},\"description\":{\"suggestions\":[],\"usage\":0}}","ai":{"faqs":[],"keyPoints":[],"schemas":[],"titles":[],"descriptions":[],"socialPosts":{"email":[],"linkedin":[],"twitter":[],"facebook":[],"instagram":[]}},"created":"2024-08-01 23:19:32","updated":"2026-04-25 18:33:30"},"aioseo_breadcrumb":"<div class=\"aioseo-breadcrumbs\"><span class=\"aioseo-breadcrumb\">\n\t<a href=\"https:\/\/soymigrante.com\/revista\" title=\"Home\">Home<\/a>\n<\/span><span class=\"aioseo-breadcrumb-separator\">\u00bb<\/span><span class=\"aioseo-breadcrumb\">\n\t<a href=\"https:\/\/soymigrante.com\/revista\/category\/guate-nuestra\/\" title=\"Guate Nuestra\">Guate Nuestra<\/a>\n<\/span><span class=\"aioseo-breadcrumb-separator\">\u00bb<\/span><span class=\"aioseo-breadcrumb\">\n\t<a href=\"https:\/\/soymigrante.com\/revista\/category\/guate-nuestra\/recetas-guatemaltecas\/\" title=\"Recetas guatemaltecas\">Recetas guatemaltecas<\/a>\n<\/span><span class=\"aioseo-breadcrumb-separator\">\u00bb<\/span><span class=\"aioseo-breadcrumb\">\n\tTamales guatemaltecos: variedad y recetascon una misma tradici\u00f3n sin fronteras\n<\/span><\/div>","aioseo_breadcrumb_json":[{"label":"Home","link":"https:\/\/soymigrante.com\/revista"},{"label":"Guate Nuestra","link":"https:\/\/soymigrante.com\/revista\/category\/guate-nuestra\/"},{"label":"Recetas guatemaltecas","link":"https:\/\/soymigrante.com\/revista\/category\/guate-nuestra\/recetas-guatemaltecas\/"},{"label":"Tamales guatemaltecos: variedad y recetascon una misma tradici\u00f3n sin fronteras","link":"https:\/\/soymigrante.com\/revista\/tamales-de-guatemala-variedad-y-recetas-de-una-tradicion-de-sabor\/"}],"_links":{"self":[{"href":"https:\/\/soymigrante.com\/revista\/wp-json\/wp\/v2\/posts\/7781","targetHints":{"allow":["GET"]}}],"collection":[{"href":"https:\/\/soymigrante.com\/revista\/wp-json\/wp\/v2\/posts"}],"about":[{"href":"https:\/\/soymigrante.com\/revista\/wp-json\/wp\/v2\/types\/post"}],"author":[{"embeddable":true,"href":"https:\/\/soymigrante.com\/revista\/wp-json\/wp\/v2\/users\/1"}],"replies":[{"embeddable":true,"href":"https:\/\/soymigrante.com\/revista\/wp-json\/wp\/v2\/comments?post=7781"}],"version-history":[{"count":7,"href":"https:\/\/soymigrante.com\/revista\/wp-json\/wp\/v2\/posts\/7781\/revisions"}],"predecessor-version":[{"id":55463,"href":"https:\/\/soymigrante.com\/revista\/wp-json\/wp\/v2\/posts\/7781\/revisions\/55463"}],"wp:featuredmedia":[{"embeddable":true,"href":"https:\/\/soymigrante.com\/revista\/wp-json\/wp\/v2\/media\/7782"}],"wp:attachment":[{"href":"https:\/\/soymigrante.com\/revista\/wp-json\/wp\/v2\/media?parent=7781"}],"wp:term":[{"taxonomy":"category","embeddable":true,"href":"https:\/\/soymigrante.com\/revista\/wp-json\/wp\/v2\/categories?post=7781"},{"taxonomy":"post_tag","embeddable":true,"href":"https:\/\/soymigrante.com\/revista\/wp-json\/wp\/v2\/tags?post=7781"}],"curies":[{"name":"wp","href":"https:\/\/api.w.org\/{rel}","templated":true}]}}