{"id":7779,"date":"2025-01-21T06:00:00","date_gmt":"2025-01-21T12:00:00","guid":{"rendered":"https:\/\/soymigrante.com\/revista\/?p=7779"},"modified":"2025-06-23T22:46:48","modified_gmt":"2025-06-24T04:46:48","slug":"receta-de-tamales-de-arroz-guatemaltecos-un-manjar-exquisito-saludable-y-facil-de-preparar","status":"publish","type":"post","link":"https:\/\/soymigrante.com\/revista\/receta-de-tamales-de-arroz-guatemaltecos-un-manjar-exquisito-saludable-y-facil-de-preparar\/","title":{"rendered":"Delicia chapina: Tamales de arroz guatemaltecos"},"content":{"rendered":"\t\t<div data-elementor-type=\"wp-post\" data-elementor-id=\"7779\" class=\"elementor elementor-7779\" data-elementor-post-type=\"post\">\n\t\t\t\t<div data-particle_enable=\"false\" data-particle-mobile-disabled=\"false\" class=\"elementor-element elementor-element-636c9e2 e-flex e-con-boxed e-con e-parent\" data-id=\"636c9e2\" data-element_type=\"container\" data-e-type=\"container\">\n\t\t\t\t\t<div class=\"e-con-inner\">\n\t\t\t\t<div class=\"elementor-element elementor-element-efc6618 elementor-widget elementor-widget-heading\" data-id=\"efc6618\" data-element_type=\"widget\" data-e-type=\"widget\" data-widget_type=\"heading.default\">\n\t\t\t\t\t<h2 class=\"elementor-heading-title elementor-size-default\">Uno de los platos m\u00e1s deliciosos del altiplano guatemalteco es el tamal de arroz que se ha caracterizado por su sabor, esta es la receta para prepararlo.<\/h2>\t\t\t\t<\/div>\n\t\t\t\t\t<\/div>\n\t\t\t\t<\/div>\n\t\t<div data-particle_enable=\"false\" data-particle-mobile-disabled=\"false\" class=\"elementor-element elementor-element-79dd51e e-flex e-con-boxed e-con e-parent\" data-id=\"79dd51e\" data-element_type=\"container\" data-e-type=\"container\">\n\t\t\t\t\t<div class=\"e-con-inner\">\n\t\t\t\t<div class=\"elementor-element elementor-element-f82c138 elementor-widget elementor-widget-html\" data-id=\"f82c138\" data-element_type=\"widget\" data-e-type=\"widget\" data-widget_type=\"html.default\">\n\t\t\t\t\t<div id=\"buzzsprout-player-16482879\"><\/div><script src=\"https:\/\/www.buzzsprout.com\/2444168\/episodes\/16482879-receta-de-tamales-de-arroz-guatemaltecos.js?container_id=buzzsprout-player-16482879&player=small\" type=\"text\/javascript\" charset=\"utf-8\"><\/script>\t\t\t\t<\/div>\n\t\t\t\t<div class=\"elementor-element elementor-element-7238edc elementor-widget elementor-widget-text-editor\" data-id=\"7238edc\" data-element_type=\"widget\" data-e-type=\"widget\" data-widget_type=\"text-editor.default\">\n\t\t\t\t\t\t\t\t\t<p>Los tamales de arroz provienen del altiplano guatemalteco, que est\u00e1 comprendido por los departamentos de Chimaltenango, Solol\u00e1, Quich\u00e9, Quetzaltenango, Totonicap\u00e1n, Huehuetenango y San Marcos, donde la t\u00edpica masa de ma\u00edz es reemplazada por una masa espesa de arroz recocida con agua y sal.<\/p><p>Estos deliciosos tamales de arroz se pueden comer en una festividad especial como Navidad, A\u00f1o Nuevo o simplemente para compartir con la familia.<\/p>\t\t\t\t\t\t\t\t<\/div>\n\t\t\t\t\t<\/div>\n\t\t\t\t<\/div>\n\t\t<div data-particle_enable=\"false\" data-particle-mobile-disabled=\"false\" class=\"elementor-element elementor-element-e08129d e-flex e-con-boxed e-con e-parent\" data-id=\"e08129d\" data-element_type=\"container\" data-e-type=\"container\">\n\t\t\t\t\t<div class=\"e-con-inner\">\n\t\t\t\t<div class=\"elementor-element elementor-element-aa5a307 elementor-widget elementor-widget-heading\" data-id=\"aa5a307\" data-element_type=\"widget\" data-e-type=\"widget\" data-widget_type=\"heading.default\">\n\t\t\t\t\t<h3 class=\"elementor-heading-title elementor-size-default\">Receta de los tamales de arroz, rinde para 30 porciones: <\/h3>\t\t\t\t<\/div>\n\t\t\t\t\t<\/div>\n\t\t\t\t<\/div>\n\t\t<div data-particle_enable=\"false\" data-particle-mobile-disabled=\"false\" class=\"elementor-element elementor-element-b5deaff e-flex e-con-boxed e-con e-parent\" data-id=\"b5deaff\" data-element_type=\"container\" data-e-type=\"container\">\n\t\t\t\t\t<div class=\"e-con-inner\">\n\t\t\t\t<div class=\"elementor-element elementor-element-c4b433b elementor-widget elementor-widget-heading\" data-id=\"c4b433b\" data-element_type=\"widget\" data-e-type=\"widget\" data-widget_type=\"heading.default\">\n\t\t\t\t\t<h3 class=\"elementor-heading-title elementor-size-default\">Para la masa<\/h3>\t\t\t\t<\/div>\n\t\t\t\t\t<\/div>\n\t\t\t\t<\/div>\n\t\t<div data-particle_enable=\"false\" data-particle-mobile-disabled=\"false\" class=\"elementor-element elementor-element-cae8e17 e-flex e-con-boxed e-con e-parent\" data-id=\"cae8e17\" data-element_type=\"container\" data-e-type=\"container\">\n\t\t\t\t\t<div class=\"e-con-inner\">\n\t\t\t\t<div class=\"elementor-element elementor-element-7794d8f elementor-widget elementor-widget-text-editor\" data-id=\"7794d8f\" data-element_type=\"widget\" data-e-type=\"widget\" data-widget_type=\"text-editor.default\">\n\t\t\t\t\t\t\t\t\t<p>2 libras de carne de cerdo.<br \/>3 libras de arroz.<br \/>1 cucharadita de azafr\u00e1n.<br \/>1 libra de manteca.<br \/>Hojas de pl\u00e1tano.<\/p>\t\t\t\t\t\t\t\t<\/div>\n\t\t\t\t\t<\/div>\n\t\t\t\t<\/div>\n\t\t<div data-particle_enable=\"false\" data-particle-mobile-disabled=\"false\" class=\"elementor-element elementor-element-ba53a76 e-flex e-con-boxed e-con e-parent\" data-id=\"ba53a76\" data-element_type=\"container\" data-e-type=\"container\">\n\t\t\t\t\t<div class=\"e-con-inner\">\n\t\t\t\t<div class=\"elementor-element elementor-element-df56ac4 elementor-widget elementor-widget-facebook-embed\" data-id=\"df56ac4\" data-element_type=\"widget\" data-e-type=\"widget\" data-widget_type=\"facebook-embed.default\">\n\t\t\t\t\t<div style=\"min-height: 1px\" class=\"elementor-facebook-widget fb-post\" data-href=\"https:\/\/www.facebook.com\/watch\/?ref=search&#038;v=1180366112586235&#038;external_log_id=e6f9a038-7b7b-4c2b-9b83-25f26992c82a&#038;q=tamales%20de%20arroz%20guatemala\" data-show-text=\"false\"><\/div>\t\t\t\t<\/div>\n\t\t\t\t\t<\/div>\n\t\t\t\t<\/div>\n\t\t<div data-particle_enable=\"false\" data-particle-mobile-disabled=\"false\" class=\"elementor-element elementor-element-1ebf310 e-flex e-con-boxed e-con e-parent\" data-id=\"1ebf310\" data-element_type=\"container\" data-e-type=\"container\">\n\t\t\t\t\t<div class=\"e-con-inner\">\n\t\t\t\t<div class=\"elementor-element elementor-element-0caac67 elementor-widget elementor-widget-text-editor\" data-id=\"0caac67\" data-element_type=\"widget\" data-e-type=\"widget\" data-widget_type=\"text-editor.default\">\n\t\t\t\t\t\t\t\t\t<p><strong>Te puede interesar:<\/strong> <a href=\"https:\/\/soymigrante.com\/revista\/recetas-chapinas-subanik-comida-ceremonial-de-los-reyes\/\" target=\"_blank\" rel=\"noopener\">Recetas chapinas: suban\u2019ik, comida ceremonial de los reyes<\/a><\/p>\t\t\t\t\t\t\t\t<\/div>\n\t\t\t\t\t<\/div>\n\t\t\t\t<\/div>\n\t\t<div data-particle_enable=\"false\" data-particle-mobile-disabled=\"false\" class=\"elementor-element elementor-element-0338bd7 e-flex e-con-boxed e-con e-parent\" data-id=\"0338bd7\" data-element_type=\"container\" data-e-type=\"container\">\n\t\t\t\t\t<div class=\"e-con-inner\">\n\t\t\t\t<div class=\"elementor-element elementor-element-ca62297 elementor-widget elementor-widget-heading\" data-id=\"ca62297\" data-element_type=\"widget\" data-e-type=\"widget\" data-widget_type=\"heading.default\">\n\t\t\t\t\t<h3 class=\"elementor-heading-title elementor-size-default\">Para el recado<\/h3>\t\t\t\t<\/div>\n\t\t\t\t\t<\/div>\n\t\t\t\t<\/div>\n\t\t<div data-particle_enable=\"false\" data-particle-mobile-disabled=\"false\" class=\"elementor-element elementor-element-b09dfef e-flex e-con-boxed e-con e-parent\" data-id=\"b09dfef\" data-element_type=\"container\" data-e-type=\"container\">\n\t\t\t\t\t<div class=\"e-con-inner\">\n\t\t\t\t<div class=\"elementor-element elementor-element-27b4dab elementor-widget elementor-widget-text-editor\" data-id=\"27b4dab\" data-element_type=\"widget\" data-e-type=\"widget\" data-widget_type=\"text-editor.default\">\n\t\t\t\t\t\t\t\t\t<p>2 onzas de pepitoria.<br \/>1 onza de ajonjol\u00ed.<br \/>2 chiles pasa grandes.<br \/>2 libras de tomate.<br \/>6 chiles pimiento rojos.<br \/>6 chiles guaque grandes.<br \/>2 manojos de cibaque.<br \/>1 raja de canela.<\/p>\t\t\t\t\t\t\t\t<\/div>\n\t\t\t\t\t<\/div>\n\t\t\t\t<\/div>\n\t\t<div data-particle_enable=\"false\" data-particle-mobile-disabled=\"false\" class=\"elementor-element elementor-element-be3f8c6 e-flex e-con-boxed e-con e-parent\" data-id=\"be3f8c6\" data-element_type=\"container\" data-e-type=\"container\">\n\t\t\t\t\t<div class=\"e-con-inner\">\n\t\t\t\t<div class=\"elementor-element elementor-element-0aac0c6 elementor-widget elementor-widget-text-editor\" data-id=\"0aac0c6\" data-element_type=\"widget\" data-e-type=\"widget\" data-widget_type=\"text-editor.default\">\n\t\t\t\t\t\t\t\t\t<p><strong>Conoce m\u00e1s recetas guatemaltecas ac\u00e1:<\/strong> <a href=\"https:\/\/soymigrante.com\/revista\/recetas-chapinas-el-siempre-exquisito-pollo-en-crema\/\" target=\"_blank\" rel=\"noopener\">Recetas chapinas: el siempre exquisito pollo en crema<\/a><\/p>\t\t\t\t\t\t\t\t<\/div>\n\t\t\t\t\t<\/div>\n\t\t\t\t<\/div>\n\t\t<div data-particle_enable=\"false\" data-particle-mobile-disabled=\"false\" class=\"elementor-element elementor-element-5be3ff9 e-flex e-con-boxed e-con e-parent\" data-id=\"5be3ff9\" data-element_type=\"container\" data-e-type=\"container\">\n\t\t\t\t\t<div class=\"e-con-inner\">\n\t\t\t\t<div class=\"elementor-element elementor-element-d173c35 elementor-widget elementor-widget-heading\" data-id=\"d173c35\" data-element_type=\"widget\" data-e-type=\"widget\" data-widget_type=\"heading.default\">\n\t\t\t\t\t<h3 class=\"elementor-heading-title elementor-size-default\">Para el adorno<\/h3>\t\t\t\t<\/div>\n\t\t\t\t\t<\/div>\n\t\t\t\t<\/div>\n\t\t<div data-particle_enable=\"false\" data-particle-mobile-disabled=\"false\" class=\"elementor-element elementor-element-9389663 e-flex e-con-boxed e-con e-parent\" data-id=\"9389663\" data-element_type=\"container\" data-e-type=\"container\">\n\t\t\t\t\t<div class=\"e-con-inner\">\n\t\t\t\t<div class=\"elementor-element elementor-element-e695234 elementor-widget elementor-widget-text-editor\" data-id=\"e695234\" data-element_type=\"widget\" data-e-type=\"widget\" data-widget_type=\"text-editor.default\">\n\t\t\t\t\t\t\t\t\t<p>35 aceitunas. <br \/>35 chiles pimientos cortados en tiras.<\/p>\t\t\t\t\t\t\t\t<\/div>\n\t\t\t\t\t<\/div>\n\t\t\t\t<\/div>\n\t\t<div data-particle_enable=\"false\" data-particle-mobile-disabled=\"false\" class=\"elementor-element elementor-element-7394900 e-flex e-con-boxed e-con e-parent\" data-id=\"7394900\" data-element_type=\"container\" data-e-type=\"container\">\n\t\t\t\t\t<div class=\"e-con-inner\">\n\t\t\t\t<div class=\"elementor-element elementor-element-1f61151 elementor-widget elementor-widget-heading\" data-id=\"1f61151\" data-element_type=\"widget\" data-e-type=\"widget\" data-widget_type=\"heading.default\">\n\t\t\t\t\t<h3 class=\"elementor-heading-title elementor-size-default\">Preparaci\u00f3n de los tamales de arroz: <\/h3>\t\t\t\t<\/div>\n\t\t\t\t\t<\/div>\n\t\t\t\t<\/div>\n\t\t<div data-particle_enable=\"false\" data-particle-mobile-disabled=\"false\" class=\"elementor-element elementor-element-dba1e6e e-flex e-con-boxed e-con e-parent\" data-id=\"dba1e6e\" data-element_type=\"container\" data-e-type=\"container\">\n\t\t\t\t\t<div class=\"e-con-inner\">\n\t\t\t\t<div class=\"elementor-element elementor-element-f7ae18f elementor-widget elementor-widget-text-editor\" data-id=\"f7ae18f\" data-element_type=\"widget\" data-e-type=\"widget\" data-widget_type=\"text-editor.default\">\n\t\t\t\t\t\t\t\t\t<p>Primero, una noche anterior, colocar en remojo el arroz con un poco de agua.<br \/>Preparar las hojas de pl\u00e1tano cortando rect\u00e1ngulos de un tama\u00f1o apropiado para envolver el tamal.<br \/>Luego pasarlas por agua hirviendo y ponerlas a secar en las orillas de un canasto para que escurran y a la vez se ventilen.<br \/>Colocar la carne de cerdo a cocer con agua, con cuidado de no sobre cocer.<br \/>Despu\u00e9s, cortarla en 50 pedazos.<br \/>A\u00f1adir agua al arroz hasta que tenga una consistencia l\u00edquida, pero espesa \u2014aproximadamente 4 litros\u2014.<br \/>Luego agregar a la mezcla una libra de manteca y el agua en donde se coci\u00f3 la carne.<br \/>Agregar a la mezcla una cucharadita de azafr\u00e1n previamente remojada en agua hirviendo y deshecho, y 4 cucharadas de sal.<br \/>Entonces, verter la mezcla en una olla de fondo grueso y poner a cocer a fuego medio.<br \/>Mover constantemente con una paleta de madera.<br \/>Dejar al el fuego hasta que obtenga una consistencia de crema muy espesa.<br \/>Agregar sal al gusto \u2014la masa de tamales debe estar pasada de sal, ya que en el proceso de cocci\u00f3n, los tamales pierden sabor\u2014.<br \/>Luego sacar la masa ya cocida y dejarla enfriar.<br \/>Colocar la masa en el centro de la hoja de pl\u00e1tano.<br \/>Poner una cucharada de recado sobre la masa y a\u00f1adir un pedazo de carne, una tira de chile pimiento y una aceituna.<br \/>Envolver en las hojas y amarrar con cibaque, colocando los tamales en una olla grande de barro o metal.<br \/>Finalmente, cocer con \u00bd olla de agua, hasta que el agua se evapore.<\/p>\t\t\t\t\t\t\t\t<\/div>\n\t\t\t\t\t<\/div>\n\t\t\t\t<\/div>\n\t\t<div data-particle_enable=\"false\" data-particle-mobile-disabled=\"false\" class=\"elementor-element elementor-element-cba1760 e-flex e-con-boxed e-con e-parent\" data-id=\"cba1760\" data-element_type=\"container\" data-e-type=\"container\">\n\t\t\t\t\t<div class=\"e-con-inner\">\n\t\t\t\t<div class=\"elementor-element elementor-element-ad3582c elementor-widget elementor-widget-video\" data-id=\"ad3582c\" data-element_type=\"widget\" data-e-type=\"widget\" data-settings=\"{&quot;youtube_url&quot;:&quot;https:\\\/\\\/www.youtube.com\\\/watch?v=AUeYSWxYBS4&quot;,&quot;video_type&quot;:&quot;youtube&quot;,&quot;controls&quot;:&quot;yes&quot;}\" data-widget_type=\"video.default\">\n\t\t\t\t\t\t\t<div class=\"elementor-wrapper elementor-open-inline\">\n\t\t\t<div class=\"elementor-video\"><\/div>\t\t<\/div>\n\t\t\t\t\t\t<\/div>\n\t\t\t\t\t<\/div>\n\t\t\t\t<\/div>\n\t\t<div data-particle_enable=\"false\" data-particle-mobile-disabled=\"false\" class=\"elementor-element elementor-element-88dca0c e-flex e-con-boxed e-con e-parent\" data-id=\"88dca0c\" data-element_type=\"container\" data-e-type=\"container\">\n\t\t\t\t\t<div class=\"e-con-inner\">\n\t\t\t\t<div class=\"elementor-element elementor-element-a1dd5b2 elementor-widget elementor-widget-heading\" data-id=\"a1dd5b2\" data-element_type=\"widget\" data-e-type=\"widget\" data-widget_type=\"heading.default\">\n\t\t\t\t\t<h2 class=\"elementor-heading-title elementor-size-default\">Aprende m\u00e1s de Guatemala, ac\u00e1... <\/h2>\t\t\t\t<\/div>\n\t\t\t\t\t<\/div>\n\t\t\t\t<\/div>\n\t\t<div data-particle_enable=\"false\" data-particle-mobile-disabled=\"false\" class=\"elementor-element elementor-element-8c347ac e-flex e-con-boxed e-con e-parent\" data-id=\"8c347ac\" data-element_type=\"container\" data-e-type=\"container\">\n\t\t\t\t\t<div class=\"e-con-inner\">\n\t\t\t\t<div class=\"elementor-element elementor-element-73e6714 elementor-widget elementor-widget-blfe-post-grid\" data-id=\"73e6714\" data-element_type=\"widget\" data-e-type=\"widget\" data-settings=\"{&quot;columns&quot;:&quot;3&quot;,&quot;columns_tablet&quot;:&quot;6&quot;,&quot;columns_mobile&quot;:&quot;12&quot;,&quot;hero1_layout_column_gap&quot;:{&quot;unit&quot;:&quot;px&quot;,&quot;size&quot;:30,&quot;sizes&quot;:[]},&quot;hero1_layout_column_gap_tablet&quot;:{&quot;unit&quot;:&quot;px&quot;,&quot;size&quot;:&quot;&quot;,&quot;sizes&quot;:[]},&quot;hero1_layout_column_gap_mobile&quot;:{&quot;unit&quot;:&quot;px&quot;,&quot;size&quot;:&quot;&quot;,&quot;sizes&quot;:[]},&quot;hero1_layout_row_gap&quot;:{&quot;unit&quot;:&quot;px&quot;,&quot;size&quot;:30,&quot;sizes&quot;:[]},&quot;hero1_layout_row_gap_tablet&quot;:{&quot;unit&quot;:&quot;px&quot;,&quot;size&quot;:&quot;&quot;,&quot;sizes&quot;:[]},&quot;hero1_layout_row_gap_mobile&quot;:{&quot;unit&quot;:&quot;px&quot;,&quot;size&quot;:&quot;&quot;,&quot;sizes&quot;:[]}}\" data-widget_type=\"blfe-post-grid.hero1\">\n\t\t\t\t<div class=\"elementor-widget-container\">\n\t\t\t\t\t\n                        <div class=\"blfe-post-grid-container \">\n            \n                <div data-skin=\"hero1\" class=\"blfe-row blfe-posts-inner blfe-hero1 blfe-posts-inner blfe-col-3 blfe-col-tab-6 blfe-col-mob-12     \">\n                            <div class=\"blfe-post-grid-item\">\n            <div class=\"blfe-post-grid-item-inner blfe-modern-zoom\">\n                        <div class=\"blfe-post-grid-bg-image\">\n            <a class=\"blfe-post-grid-image-inner\" href=\"https:\/\/soymigrante.com\/revista\/amor-a-la-patria-refleja-entonacion-del-himno-nacional-de-guatemala-en-idioma-kiche\/\" title=\"Amor a la patria refleja entonaci\u00f3n del Himno Nacional de Guatemala en idioma k&#8217;iche&#8217;\" rel=\"nofollow\" target=\"_blank\"><img decoding=\"async\" src=\"https:\/\/soymigrante.com\/revista\/wp-content\/uploads\/2023\/09\/Captura-de-pantalla-2023-09-14-171644.webp\" alt=\"Amor a la patria refleja entonaci\u00f3n del Himno Nacional de Guatemala en idioma k&#8217;iche&#8217;\"\/><\/a>        <\/div>\n                        <div class=\"blfe-post-grid-details\">\n                    <div class=\"blfe-post-grid-details-inner\">\n                        <span class=\"blfe-post-category\"><a href=\"https:\/\/soymigrante.com\/revista\/category\/guate-nuestra\/\">Guate Nuestra<\/a><\/span>                        <h3 class=\"blfe-post-grid-title\">\n            <a href=\"https:\/\/soymigrante.com\/revista\/amor-a-la-patria-refleja-entonacion-del-himno-nacional-de-guatemala-en-idioma-kiche\/\" title=\"Amor a la patria refleja entonaci\u00f3n del Himno Nacional de Guatemala en idioma k&#8217;iche&#8217;\" rel=\"nofollow\" target=\"_blank\">Amor a la patria refleja entonaci\u00f3n del Himno Nacional de Guatemala en idioma k&#8217;iche&#8217;<\/a>\n            <\/h3>                                                            <div class=\"blfe-post-grid-meta\">\n                <span class=\"blfe-post-grid-time\"><i class=\"fas fa-book-reader\"><\/i>6 Min read<\/span>            <\/div>\n                                                        <\/div>\n                <\/div>\n\n            <\/div>\n        <\/div>\n                <div class=\"blfe-post-grid-item\">\n            <div class=\"blfe-post-grid-item-inner blfe-modern-zoom\">\n                        <div class=\"blfe-post-grid-bg-image\">\n            <a class=\"blfe-post-grid-image-inner\" href=\"https:\/\/soymigrante.com\/revista\/gran-teatro-nacional-de-guatemala-ricardo-arjona-conciertos-2025\/\" title=\"Admira de cerca el Gran Teatro Nacional de Guatemala (donde Ricardo Arjona ofrecer\u00e1 15 conciertos)\" rel=\"nofollow\" target=\"_blank\"><img decoding=\"async\" src=\"https:\/\/soymigrante.com\/revista\/wp-content\/uploads\/2025\/07\/teatro-nacional-de-guatemala-donde-cantara-arjona-3.webp\" alt=\"Admira de cerca el Gran Teatro Nacional de Guatemala (donde Ricardo Arjona ofrecer\u00e1 15 conciertos)\"\/><\/a>        <\/div>\n                        <div class=\"blfe-post-grid-details\">\n                    <div class=\"blfe-post-grid-details-inner\">\n                        <span class=\"blfe-post-category\"><a href=\"https:\/\/soymigrante.com\/revista\/category\/guate-nuestra\/\">Guate Nuestra<\/a><\/span>                        <h3 class=\"blfe-post-grid-title\">\n            <a href=\"https:\/\/soymigrante.com\/revista\/gran-teatro-nacional-de-guatemala-ricardo-arjona-conciertos-2025\/\" title=\"Admira de cerca el Gran Teatro Nacional de Guatemala (donde Ricardo Arjona ofrecer\u00e1 15 conciertos)\" rel=\"nofollow\" target=\"_blank\">Admira de cerca el Gran Teatro Nacional de Guatemala (donde Ricardo Arjona ofrecer\u00e1 15 conciertos)<\/a>\n            <\/h3>                                                            <div class=\"blfe-post-grid-meta\">\n                <span class=\"blfe-post-grid-time\"><i class=\"fas fa-book-reader\"><\/i>6 Min read<\/span>            <\/div>\n                                                        <\/div>\n                <\/div>\n\n            <\/div>\n        <\/div>\n                <div class=\"blfe-post-grid-item\">\n            <div class=\"blfe-post-grid-item-inner blfe-modern-zoom\">\n                        <div class=\"blfe-post-grid-bg-image\">\n            <a class=\"blfe-post-grid-image-inner\" href=\"https:\/\/soymigrante.com\/revista\/que-significa-el-nombre-guatemala\/\" title=\"\u00bfSabes qu\u00e9 significa el nombre Guatemala?\" rel=\"nofollow\" target=\"_blank\"><img decoding=\"async\" src=\"https:\/\/soymigrante.com\/revista\/wp-content\/uploads\/2024\/04\/otoniel.webp\" alt=\"\u00bfSabes qu\u00e9 significa el nombre Guatemala?\"\/><\/a>        <\/div>\n                        <div class=\"blfe-post-grid-details\">\n                    <div class=\"blfe-post-grid-details-inner\">\n                        <span class=\"blfe-post-category\"><a href=\"https:\/\/soymigrante.com\/revista\/category\/guate-nuestra\/\">Guate Nuestra<\/a><\/span>                        <h3 class=\"blfe-post-grid-title\">\n            <a href=\"https:\/\/soymigrante.com\/revista\/que-significa-el-nombre-guatemala\/\" title=\"\u00bfSabes qu\u00e9 significa el nombre Guatemala?\" rel=\"nofollow\" target=\"_blank\">\u00bfSabes qu\u00e9 significa el nombre Guatemala?<\/a>\n            <\/h3>                                                            <div class=\"blfe-post-grid-meta\">\n                <span class=\"blfe-post-grid-time\"><i class=\"fas fa-book-reader\"><\/i>4 Min read<\/span>            <\/div>\n                                                        <\/div>\n                <\/div>\n\n            <\/div>\n        <\/div>\n                        <\/div>\n\n                        <\/div>\n            \n                        <div class=\"blfe-post-footer\">\n                        <\/div>\n            \t\t\t\t<\/div>\n\t\t\t\t<\/div>\n\t\t\t\t\t<\/div>\n\t\t\t\t<\/div>\n\t\t\t\t<\/div>\n\t\t","protected":false},"excerpt":{"rendered":"<p>Uno de los platos m\u00e1s deliciosos del altiplano guatemalteco es el tamal de arroz que se ha caracterizado por su sabor, esta es la receta para prepararlo. Los tamales de arroz provienen del altiplano guatemalteco, que est\u00e1 comprendido por los departamentos de Chimaltenango, Solol\u00e1, Quich\u00e9, Quetzaltenango, Totonicap\u00e1n, Huehuetenango y San Marcos, donde la t\u00edpica masa [&hellip;]<\/p>\n","protected":false},"author":19,"featured_media":7780,"comment_status":"open","ping_status":"open","sticky":false,"template":"","format":"standard","meta":{"_acf_changed":false,"_eb_attr":"","footnotes":""},"categories":[247],"tags":[],"class_list":["post-7779","post","type-post","status-publish","format-standard","has-post-thumbnail","hentry","category-recetas-guatemaltecas"],"acf":[],"aioseo_notices":[],"aioseo_head":"\n\t\t<!-- All in One SEO Pro 4.9.6.2 - aioseo.com -->\n\t<meta name=\"description\" content=\"La palabra Guatemala se anot\u00f3 por primera vez el 11 de abril de 1524. Un nombre que nos identifica y nos llena de orgullo a los guatemaltecos. Sobre el origen de su significado han existido varias explicaciones y aqu\u00ed te las presentamos. En una carta del conquistador Pedro de Alvarado a Hern\u00e1n Cortez se escribe\" \/>\n\t<meta name=\"robots\" content=\"max-snippet:-1, max-image-preview:large, max-video-preview:-1\" \/>\n\t<meta name=\"author\" content=\"Marysabel Aldana\"\/>\n\t<link rel=\"canonical\" href=\"https:\/\/soymigrante.com\/revista\/receta-de-tamales-de-arroz-guatemaltecos-un-manjar-exquisito-saludable-y-facil-de-preparar\/\" \/>\n\t<meta name=\"generator\" content=\"All in One SEO Pro (AIOSEO) 4.9.6.2\" \/>\n\n\t\t<link rel=\"preconnect\" href=\"https:\/\/fonts.googleapis.com\" crossorigin>\n<link rel=\"preconnect\" href=\"https:\/\/fonts.gstatic.com\" crossorigin>\n\t\t<meta property=\"og:locale\" content=\"es_ES\" \/>\n\t\t<meta property=\"og:site_name\" content=\"SoyMigrante.com REVISTA \u2013 Nuestra misi\u00f3n es reconocer y dignificar al migrante.\" \/>\n\t\t<meta property=\"og:type\" content=\"article\" \/>\n\t\t<meta property=\"og:title\" content=\"Delicia chapina: Tamales de arroz guatemaltecos\" \/>\n\t\t<meta property=\"og:description\" content=\"Un exquisito manjar tradicional del Altiplano guatemalteco puede ser preparado para disfrutarse sin fronteras. Esta es una cl\u00e1sica receta chapina.\" \/>\n\t\t<meta property=\"og:url\" content=\"https:\/\/soymigrante.com\/revista\/receta-de-tamales-de-arroz-guatemaltecos-un-manjar-exquisito-saludable-y-facil-de-preparar\/\" \/>\n\t\t<meta property=\"og:image\" content=\"https:\/\/soymigrante.com\/revista\/wp-content\/uploads\/2024\/08\/Tamales-de-arroz-receta-guatemalteca-.webp\" \/>\n\t\t<meta property=\"og:image:secure_url\" content=\"https:\/\/soymigrante.com\/revista\/wp-content\/uploads\/2024\/08\/Tamales-de-arroz-receta-guatemalteca-.webp\" \/>\n\t\t<meta property=\"og:image:width\" content=\"1920\" \/>\n\t\t<meta property=\"og:image:height\" content=\"1080\" \/>\n\t\t<meta property=\"article:published_time\" content=\"2025-01-21T12:00:00+00:00\" \/>\n\t\t<meta property=\"article:modified_time\" content=\"2025-06-24T04:46:48+00:00\" \/>\n\t\t<meta property=\"article:publisher\" content=\"https:\/\/www.facebook.com\/soymigrantecom\" \/>\n\t\t<meta name=\"twitter:card\" content=\"summary_large_image\" \/>\n\t\t<meta name=\"twitter:site\" content=\"@SoyMigrante_com\" \/>\n\t\t<meta name=\"twitter:title\" content=\"Delicia chapina: Tamales de arroz guatemaltecos\" \/>\n\t\t<meta name=\"twitter:description\" content=\"Un exquisito manjar tradicional del Altiplano guatemalteco puede ser preparado para disfrutarse sin fronteras. Esta es una cl\u00e1sica receta chapina.\" \/>\n\t\t<meta name=\"twitter:creator\" content=\"@SoyMigrante_com\" \/>\n\t\t<meta name=\"twitter:image\" content=\"https:\/\/soymigrante.com\/revista\/wp-content\/uploads\/2024\/08\/Tamales-de-arroz-receta-guatemalteca-.webp\" \/>\n\t\t<!-- All in One SEO Pro -->\r\n\t\t<title>Delicia chapina: Tamales de arroz guatemaltecos<\/title>\n\n","aioseo_head_json":{"title":"Delicia chapina: Tamales de arroz guatemaltecos","description":"Un exquisito manjar tradicional del Altiplano guatemalteco puede ser preparado para disfrutarse sin fronteras. Esta es una cl\u00e1sica receta chapina.","canonical_url":"https:\/\/soymigrante.com\/revista\/receta-de-tamales-de-arroz-guatemaltecos-un-manjar-exquisito-saludable-y-facil-de-preparar\/","robots":"max-snippet:-1, max-image-preview:large, max-video-preview:-1","keywords":"","webmasterTools":{"miscellaneous":"&lt;link rel=\"preconnect\" href=\"https:\/\/fonts.googleapis.com\" crossorigin&gt;\n&lt;link rel=\"preconnect\" href=\"https:\/\/fonts.gstatic.com\" crossorigin&gt;"},"schema":null,"og:locale":"es_ES","og:site_name":"SoyMigrante.com REVISTA \u2013 Nuestra misi\u00f3n es reconocer y dignificar al migrante.","og:type":"article","og:title":"Delicia chapina: Tamales de arroz guatemaltecos","og:description":"Un exquisito manjar tradicional del Altiplano guatemalteco puede ser preparado para disfrutarse sin fronteras. Esta es una cl\u00e1sica receta chapina.","og:url":"https:\/\/soymigrante.com\/revista\/receta-de-tamales-de-arroz-guatemaltecos-un-manjar-exquisito-saludable-y-facil-de-preparar\/","og:image":"https:\/\/soymigrante.com\/revista\/wp-content\/uploads\/2024\/08\/Tamales-de-arroz-receta-guatemalteca-.webp","og:image:secure_url":"https:\/\/soymigrante.com\/revista\/wp-content\/uploads\/2024\/08\/Tamales-de-arroz-receta-guatemalteca-.webp","og:image:width":1920,"og:image:height":1080,"article:published_time":"2025-01-21T12:00:00+00:00","article:modified_time":"2025-06-24T04:46:48+00:00","article:publisher":"https:\/\/www.facebook.com\/soymigrantecom","twitter:card":"summary_large_image","twitter:site":"@SoyMigrante_com","twitter:title":"Delicia chapina: Tamales de arroz guatemaltecos","twitter:description":"Un exquisito manjar tradicional del Altiplano guatemalteco puede ser preparado para disfrutarse sin fronteras. Esta es una cl\u00e1sica receta chapina.","twitter:creator":"@SoyMigrante_com","twitter:image":"https:\/\/soymigrante.com\/revista\/wp-content\/uploads\/2024\/08\/Tamales-de-arroz-receta-guatemalteca-.webp"},"aioseo_meta_data":{"post_id":"7779","title":null,"description":"Un exquisito manjar tradicional del Altiplano guatemalteco puede ser preparado para disfrutarse sin fronteras. Esta es una cl\u00e1sica receta chapina.","keywords":null,"keyphrases":{"focus":{"keyphrase":"receta tamales de arroz","score":37,"analysis":{"keyphraseInTitle":{"score":3,"maxScore":9,"error":1},"keyphraseInDescription":{"score":3,"maxScore":9,"error":1},"keyphraseLength":{"score":9,"maxScore":9,"error":0,"length":4},"keyphraseInURL":{"score":1,"maxScore":5,"error":1},"keyphraseInIntroduction":{"score":3,"maxScore":9,"error":1},"keyphraseInSubHeadings":{"score":3,"maxScore":9,"error":1},"keyphraseInImageAlt":{"score":3,"maxScore":9,"error":1},"keywordDensity":{"score":0,"type":"low","maxScore":9,"error":1}}},"additional":[{"keyphrase":"Receta tamales de arroz","score":40,"analysis":{"keyphraseInDescription":{"score":3,"maxScore":9,"error":1},"keyphraseLength":{"score":9,"maxScore":9,"error":0,"length":4},"keyphraseInIntroduction":{"score":3,"maxScore":9,"error":1},"keyphraseInImageAlt":{"score":3,"maxScore":9,"error":1},"keywordDensity":{"score":0,"type":"low","maxScore":9,"error":1}}}]},"primary_term":null,"canonical_url":null,"og_title":null,"og_description":null,"og_object_type":"default","og_image_type":"default","og_image_url":null,"og_image_width":null,"og_image_height":null,"og_image_custom_url":null,"og_image_custom_fields":null,"og_video":"","og_custom_url":null,"og_article_section":null,"og_article_tags":null,"twitter_use_og":false,"twitter_card":"default","twitter_image_type":"default","twitter_image_url":null,"twitter_image_custom_url":null,"twitter_image_custom_fields":null,"twitter_title":null,"twitter_description":null,"schema":{"blockGraphs":[],"customGraphs":[],"default":{"data":{"Article":[],"Course":[],"Dataset":[],"FAQPage":[],"Movie":[],"Person":[],"Product":[],"ProductReview":[],"Car":[],"Recipe":[],"Service":[],"SoftwareApplication":[],"WebPage":[]},"graphName":"none","isEnabled":true},"graphs":[]},"schema_type":"default","schema_type_options":null,"pillar_content":false,"robots_default":true,"robots_noindex":false,"robots_noarchive":false,"robots_nosnippet":false,"robots_nofollow":false,"robots_noimageindex":false,"robots_noodp":false,"robots_notranslate":false,"robots_max_snippet":"-1","robots_max_videopreview":"-1","robots_max_imagepreview":"large","priority":null,"frequency":"default","local_seo":null,"seo_analyzer_scan_date":"2025-10-09 01:58:19","breadcrumb_settings":null,"limit_modified_date":false,"reviewed_by":"0","open_ai":"{\"title\":{\"suggestions\":[],\"usage\":0},\"description\":{\"suggestions\":[],\"usage\":0}}","ai":null,"created":"2024-08-01 20:47:09","updated":"2026-02-04 19:16:30"},"aioseo_breadcrumb":"<div class=\"aioseo-breadcrumbs\"><span class=\"aioseo-breadcrumb\">\n\t<a href=\"https:\/\/soymigrante.com\/revista\" title=\"Home\">Home<\/a>\n<\/span><span class=\"aioseo-breadcrumb-separator\">\u00bb<\/span><span class=\"aioseo-breadcrumb\">\n\t<a href=\"https:\/\/soymigrante.com\/revista\/category\/guate-nuestra\/\" title=\"Guate Nuestra\">Guate Nuestra<\/a>\n<\/span><span class=\"aioseo-breadcrumb-separator\">\u00bb<\/span><span class=\"aioseo-breadcrumb\">\n\t<a href=\"https:\/\/soymigrante.com\/revista\/category\/guate-nuestra\/recetas-guatemaltecas\/\" title=\"Recetas guatemaltecas\">Recetas guatemaltecas<\/a>\n<\/span><span class=\"aioseo-breadcrumb-separator\">\u00bb<\/span><span class=\"aioseo-breadcrumb\">\n\tDelicia chapina: Tamales de arroz guatemaltecos\n<\/span><\/div>","aioseo_breadcrumb_json":[{"label":"Home","link":"https:\/\/soymigrante.com\/revista"},{"label":"Guate Nuestra","link":"https:\/\/soymigrante.com\/revista\/category\/guate-nuestra\/"},{"label":"Recetas guatemaltecas","link":"https:\/\/soymigrante.com\/revista\/category\/guate-nuestra\/recetas-guatemaltecas\/"},{"label":"Delicia chapina: Tamales de arroz guatemaltecos","link":"https:\/\/soymigrante.com\/revista\/receta-de-tamales-de-arroz-guatemaltecos-un-manjar-exquisito-saludable-y-facil-de-preparar\/"}],"_links":{"self":[{"href":"https:\/\/soymigrante.com\/revista\/wp-json\/wp\/v2\/posts\/7779","targetHints":{"allow":["GET"]}}],"collection":[{"href":"https:\/\/soymigrante.com\/revista\/wp-json\/wp\/v2\/posts"}],"about":[{"href":"https:\/\/soymigrante.com\/revista\/wp-json\/wp\/v2\/types\/post"}],"author":[{"embeddable":true,"href":"https:\/\/soymigrante.com\/revista\/wp-json\/wp\/v2\/users\/19"}],"replies":[{"embeddable":true,"href":"https:\/\/soymigrante.com\/revista\/wp-json\/wp\/v2\/comments?post=7779"}],"version-history":[{"count":2,"href":"https:\/\/soymigrante.com\/revista\/wp-json\/wp\/v2\/posts\/7779\/revisions"}],"predecessor-version":[{"id":37606,"href":"https:\/\/soymigrante.com\/revista\/wp-json\/wp\/v2\/posts\/7779\/revisions\/37606"}],"wp:featuredmedia":[{"embeddable":true,"href":"https:\/\/soymigrante.com\/revista\/wp-json\/wp\/v2\/media\/7780"}],"wp:attachment":[{"href":"https:\/\/soymigrante.com\/revista\/wp-json\/wp\/v2\/media?parent=7779"}],"wp:term":[{"taxonomy":"category","embeddable":true,"href":"https:\/\/soymigrante.com\/revista\/wp-json\/wp\/v2\/categories?post=7779"},{"taxonomy":"post_tag","embeddable":true,"href":"https:\/\/soymigrante.com\/revista\/wp-json\/wp\/v2\/tags?post=7779"}],"curies":[{"name":"wp","href":"https:\/\/api.w.org\/{rel}","templated":true}]}}