{"id":7769,"date":"2024-08-01T12:19:52","date_gmt":"2024-08-01T18:19:52","guid":{"rendered":"https:\/\/soymigrante.com\/revista\/?p=7769"},"modified":"2024-08-01T12:24:36","modified_gmt":"2024-08-01T18:24:36","slug":"migrantes-indocumentados-aportan-us100-mil-millones-en-impuestos-a-estados-unidos","status":"publish","type":"post","link":"https:\/\/soymigrante.com\/revista\/migrantes-indocumentados-aportan-us100-mil-millones-en-impuestos-a-estados-unidos\/","title":{"rendered":"Migrantes indocumentados aportan US$96 mil millones en impuestos a Estados Unidos"},"content":{"rendered":"\t\t<div data-elementor-type=\"wp-post\" data-elementor-id=\"7769\" class=\"elementor elementor-7769\" data-elementor-post-type=\"post\">\n\t\t\t\t<div data-particle_enable=\"false\" data-particle-mobile-disabled=\"false\" class=\"elementor-element elementor-element-d9a3cb7 e-flex e-con-boxed e-con e-parent\" data-id=\"d9a3cb7\" data-element_type=\"container\" data-e-type=\"container\">\n\t\t\t\t\t<div class=\"e-con-inner\">\n\t\t\t\t<div class=\"elementor-element elementor-element-f877dff elementor-widget elementor-widget-heading\" data-id=\"f877dff\" data-element_type=\"widget\" data-e-type=\"widget\" data-widget_type=\"heading.default\">\n\t\t\t\t\t<h2 class=\"elementor-heading-title elementor-size-default\">Con sudor, trabajo honesto, horas de cansancio y mucha convicci\u00f3n, los migrantes apoyan a sus familias, env\u00edan remesas pero tambi\u00e9n son un fuerte ingreso para el fisco estadounidense.<\/h2>\t\t\t\t<\/div>\n\t\t\t\t\t<\/div>\n\t\t\t\t<\/div>\n\t\t<div data-particle_enable=\"false\" data-particle-mobile-disabled=\"false\" class=\"elementor-element elementor-element-7153dca e-flex e-con-boxed e-con e-parent\" data-id=\"7153dca\" data-element_type=\"container\" data-e-type=\"container\">\n\t\t\t\t\t<div class=\"e-con-inner\">\n\t\t\t\t<div class=\"elementor-element elementor-element-bc03946 elementor-widget elementor-widget-text-editor\" data-id=\"bc03946\" data-element_type=\"widget\" data-e-type=\"widget\" data-widget_type=\"text-editor.default\">\n\t\t\t\t\t\t\t\t\t<p>Buscando un sue\u00f1o, una oportunidad mejor, darle m\u00e1s calidad de vida a los suyos, muchos migrantes dejaron su tierra para ir a trabajar a Estados Unidos. Su objetivo es mejorar su econom\u00eda, pero junto a ello tambi\u00e9n hacen un fuerte aporte a dicho pa\u00eds en fuerza laboral y tambi\u00e9n en impuestos.<\/p><p>Muchos de ellos est\u00e1n indocumentados y a\u00fan as\u00ed generan recursos fiscales.&nbsp;<span style=\"color: var( --e-global-color-text ); text-align: var(--text-align);\">Los migrantes indocumentados en Estados Unidos pagaron en 2022 unos 96 mil 700 millones de d\u00f3lares en impuestos federales, estatales y locales, este dato adem\u00e1s se podr\u00eda incrementar si se realizar\u00e1 su legalizaci\u00f3n, puesto que aumentar\u00eda su contribuci\u00f3n para beneficio del pa\u00eds, seg\u00fan un an\u00e1lisis del Institute on Taxation and Economic Policy (ITEP, en ingl\u00e9s).<\/span><\/p>\n<p><\/p>\t\t\t\t\t\t\t\t<\/div>\n\t\t\t\t\t<\/div>\n\t\t\t\t<\/div>\n\t\t<div data-particle_enable=\"false\" data-particle-mobile-disabled=\"false\" class=\"elementor-element elementor-element-b128ea5 e-flex e-con-boxed e-con e-parent\" data-id=\"b128ea5\" data-element_type=\"container\" data-e-type=\"container\">\n\t\t\t\t\t<div class=\"e-con-inner\">\n\t\t\t\t<div class=\"elementor-element elementor-element-931cd30 elementor-widget elementor-widget-image\" data-id=\"931cd30\" data-element_type=\"widget\" data-e-type=\"widget\" data-widget_type=\"image.default\">\n\t\t\t\t\t\t\t\t\t\t\t\t\t\t\t<img fetchpriority=\"high\" decoding=\"async\" width=\"768\" height=\"512\" src=\"https:\/\/soymigrante.com\/revista\/wp-content\/uploads\/2024\/07\/Migrantes-contribuyen-con-la-economia-de-Estados-Unidos-en-casi-100000-millones-en-impuestos-2-1024x682.webp\" class=\"attachment-large size-large wp-image-7771\" alt=\"Mujer trabajando en un taller de autos con casco de seguridad y guantes, inspeccionando un motor, en una f\u00e1brica de reparaci\u00f3n automotriz.\" srcset=\"https:\/\/soymigrante.com\/revista\/wp-content\/uploads\/2024\/07\/Migrantes-contribuyen-con-la-economia-de-Estados-Unidos-en-casi-100000-millones-en-impuestos-2-1024x682.webp 1024w, https:\/\/soymigrante.com\/revista\/wp-content\/uploads\/2024\/07\/Migrantes-contribuyen-con-la-economia-de-Estados-Unidos-en-casi-100000-millones-en-impuestos-2-300x200.webp 300w, https:\/\/soymigrante.com\/revista\/wp-content\/uploads\/2024\/07\/Migrantes-contribuyen-con-la-economia-de-Estados-Unidos-en-casi-100000-millones-en-impuestos-2-768x512.webp 768w, https:\/\/soymigrante.com\/revista\/wp-content\/uploads\/2024\/07\/Migrantes-contribuyen-con-la-economia-de-Estados-Unidos-en-casi-100000-millones-en-impuestos-2-1536x1024.webp 1536w, https:\/\/soymigrante.com\/revista\/wp-content\/uploads\/2024\/07\/Migrantes-contribuyen-con-la-economia-de-Estados-Unidos-en-casi-100000-millones-en-impuestos-2-scaled.webp 1920w, https:\/\/soymigrante.com\/revista\/wp-content\/uploads\/2024\/07\/Migrantes-contribuyen-con-la-economia-de-Estados-Unidos-en-casi-100000-millones-en-impuestos-2-750x500.webp 750w, https:\/\/soymigrante.com\/revista\/wp-content\/uploads\/2024\/07\/Migrantes-contribuyen-con-la-economia-de-Estados-Unidos-en-casi-100000-millones-en-impuestos-2-1140x760.webp 1140w\" sizes=\"(max-width: 768px) 100vw, 768px\" title=\"Migrantes contribuyen con la economi\u0301a de Estados Unidos en casi 100000 millones en impuestos 2 \u2013 SoyMigrante.com REVISTA\" \/>\t\t\t\t\t\t\t\t\t\t\t\t\t\t\t<\/div>\n\t\t\t\t\t<\/div>\n\t\t\t\t<\/div>\n\t\t<div data-particle_enable=\"false\" data-particle-mobile-disabled=\"false\" class=\"elementor-element elementor-element-db6297d e-flex e-con-boxed e-con e-parent\" data-id=\"db6297d\" data-element_type=\"container\" data-e-type=\"container\">\n\t\t\t\t\t<div class=\"e-con-inner\">\n\t\t\t\t<div class=\"elementor-element elementor-element-d76e39a elementor-widget elementor-widget-text-editor\" data-id=\"d76e39a\" data-element_type=\"widget\" data-e-type=\"widget\" data-widget_type=\"text-editor.default\">\n\t\t\t\t\t\t\t\t\t<p>El grupo de estudios evidencio que los migrantes pagaron en concepto de impuestos federales, estatales y locales 8 mil 889 d\u00f3lares por persona, lo que significa que por cada mill\u00f3n de migrantes indocumentados que residen en el pa\u00eds los servicios p\u00fablicos obtienen 8 mil 900 millones adicionales.<\/p><p>El an\u00e1lisis de ITEP encontr\u00f3 que m\u00e1s de una tercera parte de los impuestos que pagan los inmigrantes indocumentados son sobre el salario, y \u201cson esos impuestos los que se destinan para financiar programas a los que estos trabajadores tienen prohibido acceder\u201d, apunt\u00f3 el informe.<\/p>\t\t\t\t\t\t\t\t<\/div>\n\t\t\t\t\t<\/div>\n\t\t\t\t<\/div>\n\t\t<div data-particle_enable=\"false\" data-particle-mobile-disabled=\"false\" class=\"elementor-element elementor-element-81a9849 e-flex e-con-boxed e-con e-parent\" data-id=\"81a9849\" data-element_type=\"container\" data-e-type=\"container\">\n\t\t\t\t\t<div class=\"e-con-inner\">\n\t\t\t\t<div class=\"elementor-element elementor-element-1b17064 elementor-widget elementor-widget-heading\" data-id=\"1b17064\" data-element_type=\"widget\" data-e-type=\"widget\" data-widget_type=\"heading.default\">\n\t\t\t\t\t<h3 class=\"elementor-heading-title elementor-size-default\">As\u00ed se distribuyeron los pagos <\/h3>\t\t\t\t<\/div>\n\t\t\t\t\t<\/div>\n\t\t\t\t<\/div>\n\t\t<div data-particle_enable=\"false\" data-particle-mobile-disabled=\"false\" class=\"elementor-element elementor-element-d2932e9 e-flex e-con-boxed e-con e-parent\" data-id=\"d2932e9\" data-element_type=\"container\" data-e-type=\"container\">\n\t\t\t\t\t<div class=\"e-con-inner\">\n\t\t\t\t<div class=\"elementor-element elementor-element-ea5c4a4 elementor-widget elementor-widget-text-editor\" data-id=\"ea5c4a4\" data-element_type=\"widget\" data-e-type=\"widget\" data-widget_type=\"text-editor.default\">\n\t\t\t\t\t\t\t\t\t<p>En 2022, los migrantes pagaron en impuestos 25 mil 700 millones al Seguro Social, 6 mil 400 millones al seguro p\u00fablico para personas de la tercera edad, conocido como Medicare y 1 mil 800 millones al Seguro de Desempleo.<\/p><p>En la gran mayor\u00eda de estados, los migrantes pagan tasas impositivas estatales y locales m\u00e1s altas que el 1 por ciento de los hogares m\u00e1s ricos. Y seis estados recaudaron m\u00e1s de 1 mil 000 millones cada uno debido a los ingresos fiscales generados por los inmigrantes sin estatus legal.<\/p>\t\t\t\t\t\t\t\t<\/div>\n\t\t\t\t\t<\/div>\n\t\t\t\t<\/div>\n\t\t<div data-particle_enable=\"false\" data-particle-mobile-disabled=\"false\" class=\"elementor-element elementor-element-3976f40 e-flex e-con-boxed e-con e-parent\" data-id=\"3976f40\" data-element_type=\"container\" data-e-type=\"container\">\n\t\t\t\t\t<div class=\"e-con-inner\">\n\t\t\t\t<div class=\"elementor-element elementor-element-f09ff44 elementor-widget elementor-widget-heading\" data-id=\"f09ff44\" data-element_type=\"widget\" data-e-type=\"widget\" data-widget_type=\"heading.default\">\n\t\t\t\t\t<h3 class=\"elementor-heading-title elementor-size-default\">Estados con m\u00e1s aporte migratorio <\/h3>\t\t\t\t<\/div>\n\t\t\t\t\t<\/div>\n\t\t\t\t<\/div>\n\t\t<div data-particle_enable=\"false\" data-particle-mobile-disabled=\"false\" class=\"elementor-element elementor-element-d2d3563 e-flex e-con-boxed e-con e-parent\" data-id=\"d2d3563\" data-element_type=\"container\" data-e-type=\"container\">\n\t\t\t\t\t<div class=\"e-con-inner\">\n\t\t\t\t<div class=\"elementor-element elementor-element-1f89507 elementor-widget elementor-widget-text-editor\" data-id=\"1f89507\" data-element_type=\"widget\" data-e-type=\"widget\" data-widget_type=\"text-editor.default\">\n\t\t\t\t\t\t\t\t\t<p>California es el estado que recibi\u00f3 m\u00e1s aportes en pago de impuestos de los indocumentados en 2022, con 8 mil 500 millones de d\u00f3lares, seguido por Texas 4 mil 900 millones, Nueva York 3 mil 100 millones, Florida 1 mil 800 millones, Illinois 1 mil 500 millones y Nueva Jersey con 1 mil 300 millones.<\/p><p>El an\u00e1lisis tambi\u00e9n encontr\u00f3 que a los migrantes las leyes les exigen pagar m\u00e1s impuestos sobre sus ingresos que a los ciudadanos estadounidenses que est\u00e1n en situaciones similares.<\/p><p>Los migrantes frecuentemente tienen prohibido recibir cr\u00e9ditos fiscales significativos y, a veces, no reclaman los reembolsos en concepto de retenci\u00f3n debido al desconocimiento, a la preocupaci\u00f3n por su estatus migratorio y a la falta de acceso a la asistencia para la preparaci\u00f3n de impuestos.<\/p>\t\t\t\t\t\t\t\t<\/div>\n\t\t\t\t\t<\/div>\n\t\t\t\t<\/div>\n\t\t<div data-particle_enable=\"false\" data-particle-mobile-disabled=\"false\" class=\"elementor-element elementor-element-6c88f06 e-flex e-con-boxed e-con e-parent\" data-id=\"6c88f06\" data-element_type=\"container\" data-e-type=\"container\">\n\t\t\t\t\t<div class=\"e-con-inner\">\n\t\t\t\t<div class=\"elementor-element elementor-element-36b5f66 elementor-widget elementor-widget-image\" data-id=\"36b5f66\" data-element_type=\"widget\" data-e-type=\"widget\" data-widget_type=\"image.default\">\n\t\t\t\t\t\t\t\t\t\t\t\t\t\t\t<img decoding=\"async\" width=\"768\" height=\"512\" src=\"https:\/\/soymigrante.com\/revista\/wp-content\/uploads\/2024\/07\/Migrantes-contribuyen-con-la-economia-de-Estados-Unidos-en-casi-100000-millones-en-impuestos-3-1024x683.webp\" class=\"attachment-large size-large wp-image-7772\" alt=\"Trabajador de la construcci\u00f3n en silueta con casco y herramientas, en medio de un sitio de obras con gr\u00faas y estructuras met\u00e1licas, promoviendo temas de empleo, migraci\u00f3n y desarrollo en M\u00e9xico y el mundo.\" srcset=\"https:\/\/soymigrante.com\/revista\/wp-content\/uploads\/2024\/07\/Migrantes-contribuyen-con-la-economia-de-Estados-Unidos-en-casi-100000-millones-en-impuestos-3-1024x683.webp 1024w, https:\/\/soymigrante.com\/revista\/wp-content\/uploads\/2024\/07\/Migrantes-contribuyen-con-la-economia-de-Estados-Unidos-en-casi-100000-millones-en-impuestos-3-300x200.webp 300w, https:\/\/soymigrante.com\/revista\/wp-content\/uploads\/2024\/07\/Migrantes-contribuyen-con-la-economia-de-Estados-Unidos-en-casi-100000-millones-en-impuestos-3-768x512.webp 768w, https:\/\/soymigrante.com\/revista\/wp-content\/uploads\/2024\/07\/Migrantes-contribuyen-con-la-economia-de-Estados-Unidos-en-casi-100000-millones-en-impuestos-3-1536x1024.webp 1536w, https:\/\/soymigrante.com\/revista\/wp-content\/uploads\/2024\/07\/Migrantes-contribuyen-con-la-economia-de-Estados-Unidos-en-casi-100000-millones-en-impuestos-3-scaled.webp 1920w, https:\/\/soymigrante.com\/revista\/wp-content\/uploads\/2024\/07\/Migrantes-contribuyen-con-la-economia-de-Estados-Unidos-en-casi-100000-millones-en-impuestos-3-750x500.webp 750w, https:\/\/soymigrante.com\/revista\/wp-content\/uploads\/2024\/07\/Migrantes-contribuyen-con-la-economia-de-Estados-Unidos-en-casi-100000-millones-en-impuestos-3-1140x760.webp 1140w\" sizes=\"(max-width: 768px) 100vw, 768px\" title=\"Migrantes contribuyen con la econom\u00eda de Estados Unidos en casi 100,000 millones en impuestos \u2013 SoyMigrante.com REVISTA\" \/>\t\t\t\t\t\t\t\t\t\t\t\t\t\t\t<\/div>\n\t\t\t\t\t<\/div>\n\t\t\t\t<\/div>\n\t\t<div data-particle_enable=\"false\" data-particle-mobile-disabled=\"false\" class=\"elementor-element elementor-element-8d84a28 e-flex e-con-boxed e-con e-parent\" data-id=\"8d84a28\" data-element_type=\"container\" data-e-type=\"container\">\n\t\t\t\t\t<div class=\"e-con-inner\">\n\t\t\t\t<div class=\"elementor-element elementor-element-1bf7f91 elementor-widget elementor-widget-heading\" data-id=\"1bf7f91\" data-element_type=\"widget\" data-e-type=\"widget\" data-widget_type=\"heading.default\">\n\t\t\t\t\t<h3 class=\"elementor-heading-title elementor-size-default\">M\u00e1s beneficios al otorgarles permisos <\/h3>\t\t\t\t<\/div>\n\t\t\t\t\t<\/div>\n\t\t\t\t<\/div>\n\t\t<div data-particle_enable=\"false\" data-particle-mobile-disabled=\"false\" class=\"elementor-element elementor-element-a330046 e-flex e-con-boxed e-con e-parent\" data-id=\"a330046\" data-element_type=\"container\" data-e-type=\"container\">\n\t\t\t\t\t<div class=\"e-con-inner\">\n\t\t\t\t<div class=\"elementor-element elementor-element-2f7c3b2 elementor-widget elementor-widget-text-editor\" data-id=\"2f7c3b2\" data-element_type=\"widget\" data-e-type=\"widget\" data-widget_type=\"text-editor.default\">\n\t\t\t\t\t\t\t\t\t<p>El estudio afirma que si se proporcionara la autorizaci\u00f3n de trabajo a los migrantes, se aumentar\u00edan sus contribuciones fiscales debido a que sus salarios y sus tasas de cumplimiento fiscal aumentar\u00edan.<\/p><p>Adem\u00e1s, a\u00f1adi\u00f3 que si se otorgara una autorizaci\u00f3n de trabajo a todos los inmigrantes que est\u00e1n indocumentados actualmente, sus contribuciones fiscales se incrementar\u00edan de 40 mil 200 millones a 136 mil 900 millones por a\u00f1o.<\/p><p>De hecho, uno de los argumentos de la solicitud de <a href=\"https:\/\/soymigrante.com\/revista\/municipalidades-se-han-unido-a-peticion-de-tps-guatemalteco\/\">TPS Guatemalteco es que con mayor certeza y estabilidad de una estad\u00eda en EE.UU., <\/a>los migrantes continuar\u00e1n aportando y cumpliendo con sus obligaciones fiscales incluso de una mejor forma ya que tendr\u00edan mejores ingresos y oportunidades laborales.<\/p>\t\t\t\t\t\t\t\t<\/div>\n\t\t\t\t\t<\/div>\n\t\t\t\t<\/div>\n\t\t<div data-particle_enable=\"false\" data-particle-mobile-disabled=\"false\" class=\"elementor-element elementor-element-40fadc1 e-flex e-con-boxed e-con e-parent\" data-id=\"40fadc1\" data-element_type=\"container\" data-e-type=\"container\">\n\t\t\t\t\t<div class=\"e-con-inner\">\n\t\t\t\t<div class=\"elementor-element elementor-element-b2d4652 elementor-widget elementor-widget-heading\" data-id=\"b2d4652\" data-element_type=\"widget\" data-e-type=\"widget\" data-widget_type=\"heading.default\">\n\t\t\t\t\t<h2 class=\"elementor-heading-title elementor-size-default\">Si\u00e9ntete orgulloso de Guatemala, leyendo esto...<\/h2>\t\t\t\t<\/div>\n\t\t\t\t\t<\/div>\n\t\t\t\t<\/div>\n\t\t<div data-particle_enable=\"false\" data-particle-mobile-disabled=\"false\" class=\"elementor-element elementor-element-188ea3d e-flex e-con-boxed e-con e-parent\" data-id=\"188ea3d\" data-element_type=\"container\" data-e-type=\"container\">\n\t\t\t\t\t<div class=\"e-con-inner\">\n\t\t\t\t<div class=\"elementor-element elementor-element-205ed31 elementor-widget elementor-widget-blfe-post-grid\" data-id=\"205ed31\" data-element_type=\"widget\" data-e-type=\"widget\" data-settings=\"{&quot;columns&quot;:&quot;3&quot;,&quot;columns_tablet&quot;:&quot;6&quot;,&quot;columns_mobile&quot;:&quot;12&quot;,&quot;hero1_layout_column_gap&quot;:{&quot;unit&quot;:&quot;px&quot;,&quot;size&quot;:30,&quot;sizes&quot;:[]},&quot;hero1_layout_column_gap_tablet&quot;:{&quot;unit&quot;:&quot;px&quot;,&quot;size&quot;:&quot;&quot;,&quot;sizes&quot;:[]},&quot;hero1_layout_column_gap_mobile&quot;:{&quot;unit&quot;:&quot;px&quot;,&quot;size&quot;:&quot;&quot;,&quot;sizes&quot;:[]},&quot;hero1_layout_row_gap&quot;:{&quot;unit&quot;:&quot;px&quot;,&quot;size&quot;:30,&quot;sizes&quot;:[]},&quot;hero1_layout_row_gap_tablet&quot;:{&quot;unit&quot;:&quot;px&quot;,&quot;size&quot;:&quot;&quot;,&quot;sizes&quot;:[]},&quot;hero1_layout_row_gap_mobile&quot;:{&quot;unit&quot;:&quot;px&quot;,&quot;size&quot;:&quot;&quot;,&quot;sizes&quot;:[]}}\" data-widget_type=\"blfe-post-grid.hero1\">\n\t\t\t\t<div class=\"elementor-widget-container\">\n\t\t\t\t\t\n                        <div class=\"blfe-post-grid-container \">\n            \n                <div data-skin=\"hero1\" class=\"blfe-row blfe-posts-inner blfe-hero1 blfe-posts-inner blfe-col-3 blfe-col-tab-6 blfe-col-mob-12     \">\n                            <div class=\"blfe-post-grid-item\">\n            <div class=\"blfe-post-grid-item-inner blfe-modern-zoom\">\n                        <div class=\"blfe-post-grid-bg-image\">\n            <a class=\"blfe-post-grid-image-inner\" href=\"https:\/\/soymigrante.com\/revista\/el-pueblo-popti-jakalteko-desciende-de-balunh-qana-y-hun-imox\/\" title=\"El pueblo Popt\u00ed (Jakalteko) desciende de B\u2019alunh Q\u2019ana\u2019 y Hun Imox\" rel=\"nofollow\" target=\"_blank\"><img decoding=\"async\" src=\"https:\/\/soymigrante.com\/revista\/wp-content\/uploads\/2024\/09\/popti-o-jakalteko-4.webp\" alt=\"El pueblo Popt\u00ed (Jakalteko) desciende de B\u2019alunh Q\u2019ana\u2019 y Hun Imox\"\/><\/a>        <\/div>\n                        <div class=\"blfe-post-grid-details\">\n                    <div class=\"blfe-post-grid-details-inner\">\n                        <span class=\"blfe-post-category\"><a href=\"https:\/\/soymigrante.com\/revista\/category\/guate-nuestra\/pueblos-de-guatemala\/\">Pueblos de Guatemala<\/a><\/span>                        <h3 class=\"blfe-post-grid-title\">\n            <a href=\"https:\/\/soymigrante.com\/revista\/el-pueblo-popti-jakalteko-desciende-de-balunh-qana-y-hun-imox\/\" title=\"El pueblo Popt\u00ed (Jakalteko) desciende de B\u2019alunh Q\u2019ana\u2019 y Hun Imox\" rel=\"nofollow\" target=\"_blank\">El pueblo Popt\u00ed (Jakalteko) desciende de B\u2019alunh Q\u2019ana\u2019 y Hun Imox<\/a>\n            <\/h3>                                                            <div class=\"blfe-post-grid-meta\">\n                <span class=\"blfe-post-grid-time\"><i class=\"fas fa-book-reader\"><\/i>6 Min read<\/span>            <\/div>\n                                                        <\/div>\n                <\/div>\n\n            <\/div>\n        <\/div>\n                <div class=\"blfe-post-grid-item\">\n            <div class=\"blfe-post-grid-item-inner blfe-modern-zoom\">\n                        <div class=\"blfe-post-grid-bg-image\">\n            <a class=\"blfe-post-grid-image-inner\" href=\"https:\/\/soymigrante.com\/revista\/cuando-fue-fundada-gumarcaaj-la-antigua-capital-del-reino-kiche-preguntas-y-respuestas\/\" title=\"\u00bfCu\u00e1ndo fue fundada Gumarcaaj, la antigua capital del reino k&#8217;iche&#8217;? Preguntas y respuestas.\" rel=\"nofollow\" target=\"_blank\"><img decoding=\"async\" src=\"https:\/\/soymigrante.com\/revista\/wp-content\/uploads\/2025\/01\/gumarcaaj.webp\" alt=\"\u00bfCu\u00e1ndo fue fundada Gumarcaaj, la antigua capital del reino k&#8217;iche&#8217;? Preguntas y respuestas.\"\/><\/a>        <\/div>\n                        <div class=\"blfe-post-grid-details\">\n                    <div class=\"blfe-post-grid-details-inner\">\n                        <span class=\"blfe-post-category\"><a href=\"https:\/\/soymigrante.com\/revista\/category\/guate-nuestra\/\">Guate Nuestra<\/a><\/span>                        <h3 class=\"blfe-post-grid-title\">\n            <a href=\"https:\/\/soymigrante.com\/revista\/cuando-fue-fundada-gumarcaaj-la-antigua-capital-del-reino-kiche-preguntas-y-respuestas\/\" title=\"\u00bfCu\u00e1ndo fue fundada Gumarcaaj, la antigua capital del reino k&#8217;iche&#8217;? Preguntas y respuestas.\" rel=\"nofollow\" target=\"_blank\">\u00bfCu\u00e1ndo fue fundada Gumarcaaj, la antigua capital del reino k&#8217;iche&#8217;? Preguntas y respuestas.<\/a>\n            <\/h3>                                                            <div class=\"blfe-post-grid-meta\">\n                <span class=\"blfe-post-grid-time\"><i class=\"fas fa-book-reader\"><\/i>4 Min read<\/span>            <\/div>\n                                                        <\/div>\n                <\/div>\n\n            <\/div>\n        <\/div>\n                <div class=\"blfe-post-grid-item\">\n            <div class=\"blfe-post-grid-item-inner blfe-modern-zoom\">\n                        <div class=\"blfe-post-grid-bg-image\">\n            <a class=\"blfe-post-grid-image-inner\" href=\"https:\/\/soymigrante.com\/revista\/caravana-del-zorro-2026-se-esperan-75-mil-motociclistas-en-peregrinacion-a-esquipulas\/\" title=\"Caravana del Zorro 2026: se esperan 75 mil motociclistas en peregrinaci\u00f3n a Esquipulas\" rel=\"nofollow\" target=\"_blank\"><img decoding=\"async\" src=\"https:\/\/soymigrante.com\/revista\/wp-content\/uploads\/2026\/02\/ddfdfdf-23.png\" alt=\"Caravana del Zorro 2026: se esperan 75 mil motociclistas en peregrinaci\u00f3n a Esquipulas\"\/><\/a>        <\/div>\n                        <div class=\"blfe-post-grid-details\">\n                    <div class=\"blfe-post-grid-details-inner\">\n                        <span class=\"blfe-post-category\"><a href=\"https:\/\/soymigrante.com\/revista\/category\/guate-nuestra\/arte-cultura\/\">Cultura de Guatemala<\/a><\/span>                        <h3 class=\"blfe-post-grid-title\">\n            <a href=\"https:\/\/soymigrante.com\/revista\/caravana-del-zorro-2026-se-esperan-75-mil-motociclistas-en-peregrinacion-a-esquipulas\/\" title=\"Caravana del Zorro 2026: se esperan 75 mil motociclistas en peregrinaci\u00f3n a Esquipulas\" rel=\"nofollow\" target=\"_blank\">Caravana del Zorro 2026: se esperan 75 mil motociclistas en peregrinaci\u00f3n a Esquipulas<\/a>\n            <\/h3>                                                            <div class=\"blfe-post-grid-meta\">\n                <span class=\"blfe-post-grid-time\"><i class=\"fas fa-book-reader\"><\/i>6 Min read<\/span>            <\/div>\n                                                        <\/div>\n                <\/div>\n\n            <\/div>\n        <\/div>\n                        <\/div>\n\n                        <\/div>\n            \n                        <div class=\"blfe-post-footer\">\n                        <\/div>\n            \t\t\t\t<\/div>\n\t\t\t\t<\/div>\n\t\t\t\t\t<\/div>\n\t\t\t\t<\/div>\n\t\t\t\t<\/div>\n\t\t","protected":false},"excerpt":{"rendered":"<p>Con sudor, trabajo honesto, horas de cansancio y mucha convicci\u00f3n, los migrantes apoyan a sus familias, env\u00edan remesas pero tambi\u00e9n son un fuerte ingreso para el fisco estadounidense. Buscando un sue\u00f1o, una oportunidad mejor, darle m\u00e1s calidad de vida a los suyos, muchos migrantes dejaron su tierra para ir a trabajar a Estados Unidos. Su [&hellip;]<\/p>\n","protected":false},"author":19,"featured_media":7775,"comment_status":"open","ping_status":"open","sticky":false,"template":"","format":"standard","meta":{"_acf_changed":true,"_eb_attr":"","footnotes":""},"categories":[54],"tags":[],"class_list":["post-7769","post","type-post","status-publish","format-standard","has-post-thumbnail","hentry","category-estamos-unidos"],"acf":[],"aioseo_notices":[],"aioseo_head":"\n\t\t<!-- All in One SEO Pro 4.9.6.2 - aioseo.com -->\n\t<meta name=\"description\" content=\"Caravana del Zorro cumple 65 a\u00f1os: comenz\u00f3 con el peregrino Rub\u00e9n VilladeLe\u00f3n en 1961 en su moto; hoy convoca miles de motoristas. Historia y evoluci\u00f3n en corto\" \/>\n\t<meta name=\"robots\" content=\"max-snippet:-1, max-image-preview:large, max-video-preview:-1\" \/>\n\t<meta name=\"author\" content=\"SoyMigrante.com REVISTA\"\/>\n\t<link rel=\"canonical\" href=\"https:\/\/soymigrante.com\/revista\/caravana-del-zorro-2026-se-esperan-75-mil-motociclistas-en-peregrinacion-a-esquipulas\/\" \/>\n\t<meta name=\"generator\" content=\"All in One SEO Pro (AIOSEO) 4.9.6.2\" \/>\n\n\t\t<link rel=\"preconnect\" href=\"https:\/\/fonts.googleapis.com\" crossorigin>\n<link rel=\"preconnect\" href=\"https:\/\/fonts.gstatic.com\" crossorigin>\n\t\t<meta property=\"og:locale\" content=\"es_ES\" \/>\n\t\t<meta property=\"og:site_name\" content=\"SoyMigrante.com REVISTA \u2013 Nuestra misi\u00f3n es reconocer y dignificar al migrante.\" \/>\n\t\t<meta property=\"og:type\" content=\"article\" \/>\n\t\t<meta property=\"og:title\" content=\"Esperan 75 mil motoristas en Caravana del Zorro a Esquipulas\" \/>\n\t\t<meta property=\"og:description\" content=\"Caravana del Zorro cumple 65 a\u00f1os: comenz\u00f3 con el peregrino Rub\u00e9n VilladeLe\u00f3n en 1961 en su moto; hoy convoca miles de motoristas. Historia y evoluci\u00f3n en corto\" \/>\n\t\t<meta property=\"og:url\" content=\"https:\/\/soymigrante.com\/revista\/caravana-del-zorro-2026-se-esperan-75-mil-motociclistas-en-peregrinacion-a-esquipulas\/\" \/>\n\t\t<meta property=\"og:image\" content=\"https:\/\/soymigrante.com\/revista\/wp-content\/uploads\/2026\/02\/ddfdfdf-23.png\" \/>\n\t\t<meta property=\"og:image:secure_url\" content=\"https:\/\/soymigrante.com\/revista\/wp-content\/uploads\/2026\/02\/ddfdfdf-23.png\" \/>\n\t\t<meta property=\"og:image:width\" content=\"842\" \/>\n\t\t<meta property=\"og:image:height\" content=\"832\" \/>\n\t\t<meta property=\"article:published_time\" content=\"2026-02-06T22:25:24+00:00\" \/>\n\t\t<meta property=\"article:modified_time\" content=\"2026-02-06T22:51:12+00:00\" \/>\n\t\t<meta property=\"article:publisher\" content=\"https:\/\/www.facebook.com\/soymigrantecom\" \/>\n\t\t<meta name=\"twitter:card\" content=\"summary_large_image\" \/>\n\t\t<meta name=\"twitter:site\" content=\"@SoyMigrante_com\" \/>\n\t\t<meta name=\"twitter:title\" content=\"Esperan 75 mil motoristas en Caravana del Zorro a Esquipulas\" \/>\n\t\t<meta name=\"twitter:description\" content=\"Caravana del Zorro cumple 65 a\u00f1os: comenz\u00f3 con el peregrino Rub\u00e9n VilladeLe\u00f3n en 1961 en su moto; hoy convoca miles de motoristas. Historia y evoluci\u00f3n en corto\" \/>\n\t\t<meta name=\"twitter:creator\" content=\"@SoyMigrante_com\" \/>\n\t\t<meta name=\"twitter:image\" content=\"https:\/\/soymigrante.com\/revista\/wp-content\/uploads\/2026\/02\/ddfdfdf-23.png\" \/>\n\t\t<!-- All in One SEO Pro -->\r\n\t\t<title>Esperan 75 mil motoristas en Caravana del Zorro a Esquipulas<\/title>\n\n","aioseo_head_json":{"title":"Esperan 75 mil motoristas en Caravana del Zorro a Esquipulas","description":"Caravana del Zorro cumple 65 a\u00f1os: comenz\u00f3 con el peregrino Rub\u00e9n VilladeLe\u00f3n en 1961 en su moto; hoy convoca miles de motoristas. Historia y evoluci\u00f3n en corto","canonical_url":"https:\/\/soymigrante.com\/revista\/caravana-del-zorro-2026-se-esperan-75-mil-motociclistas-en-peregrinacion-a-esquipulas\/","robots":"max-snippet:-1, max-image-preview:large, max-video-preview:-1","keywords":"","webmasterTools":{"miscellaneous":"&lt;link rel=\"preconnect\" href=\"https:\/\/fonts.googleapis.com\" crossorigin&gt;\n&lt;link rel=\"preconnect\" href=\"https:\/\/fonts.gstatic.com\" crossorigin&gt;"},"schema":null,"og:locale":"es_ES","og:site_name":"SoyMigrante.com REVISTA \u2013 Nuestra misi\u00f3n es reconocer y dignificar al migrante.","og:type":"article","og:title":"Esperan 75 mil motoristas en Caravana del Zorro a Esquipulas","og:description":"Caravana del Zorro cumple 65 a\u00f1os: comenz\u00f3 con el peregrino Rub\u00e9n VilladeLe\u00f3n en 1961 en su moto; hoy convoca miles de motoristas. Historia y evoluci\u00f3n en corto","og:url":"https:\/\/soymigrante.com\/revista\/caravana-del-zorro-2026-se-esperan-75-mil-motociclistas-en-peregrinacion-a-esquipulas\/","og:image":"https:\/\/soymigrante.com\/revista\/wp-content\/uploads\/2026\/02\/ddfdfdf-23.png","og:image:secure_url":"https:\/\/soymigrante.com\/revista\/wp-content\/uploads\/2026\/02\/ddfdfdf-23.png","og:image:width":842,"og:image:height":832,"article:published_time":"2026-02-06T22:25:24+00:00","article:modified_time":"2026-02-06T22:51:12+00:00","article:publisher":"https:\/\/www.facebook.com\/soymigrantecom","twitter:card":"summary_large_image","twitter:site":"@SoyMigrante_com","twitter:title":"Esperan 75 mil motoristas en Caravana del Zorro a Esquipulas","twitter:description":"Caravana del Zorro cumple 65 a\u00f1os: comenz\u00f3 con el peregrino Rub\u00e9n VilladeLe\u00f3n en 1961 en su moto; hoy convoca miles de motoristas. Historia y evoluci\u00f3n en corto","twitter:creator":"@SoyMigrante_com","twitter:image":"https:\/\/soymigrante.com\/revista\/wp-content\/uploads\/2026\/02\/ddfdfdf-23.png"},"aioseo_meta_data":{"post_id":"7769","title":"US$96 mil millones en impuestos en un a\u00f1o aportan migrantes","description":"El aporte de los migrantes en Estados Unidos es enorme. Muchos de ellos est\u00e1n indocumentados y a\u00fan as\u00ed en un a\u00f1o, sus \"taxes\" llegaron a US$100 mil millones","keywords":null,"keyphrases":{"focus":{"keyphrase":"Migrantes","score":91,"analysis":{"keyphraseInTitle":{"score":9,"maxScore":9,"error":0},"keyphraseInDescription":{"score":9,"maxScore":9,"error":0},"keyphraseLength":{"score":9,"maxScore":9,"error":0,"length":1},"keyphraseInURL":{"score":5,"maxScore":5,"error":0},"keyphraseInIntroduction":{"score":9,"maxScore":9,"error":0},"keyphraseInSubHeadings":{"score":3,"maxScore":9,"error":1},"keyphraseInImageAlt":{"score":9,"maxScore":9,"error":0},"keywordDensity":{"type":"best","score":9,"maxScore":9,"error":0}}},"additional":[{"keyphrase":"impuestos ","score":87,"analysis":{"keyphraseInDescription":{"score":3,"maxScore":9,"error":1},"keyphraseLength":{"score":9,"maxScore":9,"error":0,"length":1},"keyphraseInIntroduction":{"score":9,"maxScore":9,"error":0},"keyphraseInImageAlt":{"score":9,"maxScore":9,"error":0},"keywordDensity":{"type":"best","score":9,"maxScore":9,"error":0}}}]},"primary_term":null,"canonical_url":null,"og_title":null,"og_description":null,"og_object_type":"default","og_image_type":"default","og_image_url":null,"og_image_width":null,"og_image_height":null,"og_image_custom_url":null,"og_image_custom_fields":null,"og_video":"","og_custom_url":null,"og_article_section":null,"og_article_tags":null,"twitter_use_og":false,"twitter_card":"default","twitter_image_type":"default","twitter_image_url":null,"twitter_image_custom_url":null,"twitter_image_custom_fields":null,"twitter_title":null,"twitter_description":null,"schema":{"blockGraphs":[],"customGraphs":[],"default":{"data":{"Article":[],"Course":[],"Dataset":[],"FAQPage":[],"Movie":[],"Person":[],"Product":[],"ProductReview":[],"Car":[],"Recipe":[],"Service":[],"SoftwareApplication":[],"WebPage":[]},"graphName":"Article","isEnabled":true},"graphs":[]},"schema_type":"default","schema_type_options":null,"pillar_content":false,"robots_default":true,"robots_noindex":false,"robots_noarchive":false,"robots_nosnippet":false,"robots_nofollow":false,"robots_noimageindex":false,"robots_noodp":false,"robots_notranslate":false,"robots_max_snippet":"-1","robots_max_videopreview":"-1","robots_max_imagepreview":"large","priority":null,"frequency":"default","local_seo":null,"seo_analyzer_scan_date":"2025-10-08 22:23:58","breadcrumb_settings":null,"limit_modified_date":false,"reviewed_by":null,"open_ai":"{\"title\":{\"suggestions\":[],\"usage\":0},\"description\":{\"suggestions\":[],\"usage\":0}}","ai":null,"created":"2024-07-31 21:39:49","updated":"2026-02-04 12:31:22"},"aioseo_breadcrumb":"<div class=\"aioseo-breadcrumbs\"><span class=\"aioseo-breadcrumb\">\n\t<a href=\"https:\/\/soymigrante.com\/revista\" title=\"Home\">Home<\/a>\n<\/span><span class=\"aioseo-breadcrumb-separator\">\u00bb<\/span><span class=\"aioseo-breadcrumb\">\n\t<a href=\"https:\/\/soymigrante.com\/revista\/category\/estamos-unidos\/\" title=\"Estamos Unidos\">Estamos Unidos<\/a>\n<\/span><span class=\"aioseo-breadcrumb-separator\">\u00bb<\/span><span class=\"aioseo-breadcrumb\">\n\tMigrantes indocumentados aportan US$96 mil millones en impuestos a Estados Unidos\n<\/span><\/div>","aioseo_breadcrumb_json":[{"label":"Home","link":"https:\/\/soymigrante.com\/revista"},{"label":"Estamos Unidos","link":"https:\/\/soymigrante.com\/revista\/category\/estamos-unidos\/"},{"label":"Migrantes indocumentados aportan US$96 mil millones en impuestos a Estados Unidos","link":"https:\/\/soymigrante.com\/revista\/migrantes-indocumentados-aportan-us100-mil-millones-en-impuestos-a-estados-unidos\/"}],"_links":{"self":[{"href":"https:\/\/soymigrante.com\/revista\/wp-json\/wp\/v2\/posts\/7769","targetHints":{"allow":["GET"]}}],"collection":[{"href":"https:\/\/soymigrante.com\/revista\/wp-json\/wp\/v2\/posts"}],"about":[{"href":"https:\/\/soymigrante.com\/revista\/wp-json\/wp\/v2\/types\/post"}],"author":[{"embeddable":true,"href":"https:\/\/soymigrante.com\/revista\/wp-json\/wp\/v2\/users\/19"}],"replies":[{"embeddable":true,"href":"https:\/\/soymigrante.com\/revista\/wp-json\/wp\/v2\/comments?post=7769"}],"version-history":[{"count":0,"href":"https:\/\/soymigrante.com\/revista\/wp-json\/wp\/v2\/posts\/7769\/revisions"}],"wp:featuredmedia":[{"embeddable":true,"href":"https:\/\/soymigrante.com\/revista\/wp-json\/wp\/v2\/media\/7775"}],"wp:attachment":[{"href":"https:\/\/soymigrante.com\/revista\/wp-json\/wp\/v2\/media?parent=7769"}],"wp:term":[{"taxonomy":"category","embeddable":true,"href":"https:\/\/soymigrante.com\/revista\/wp-json\/wp\/v2\/categories?post=7769"},{"taxonomy":"post_tag","embeddable":true,"href":"https:\/\/soymigrante.com\/revista\/wp-json\/wp\/v2\/tags?post=7769"}],"curies":[{"name":"wp","href":"https:\/\/api.w.org\/{rel}","templated":true}]}}