{"id":7756,"date":"2024-07-31T12:33:44","date_gmt":"2024-07-31T18:33:44","guid":{"rendered":"https:\/\/soymigrante.com\/revista\/?p=7756"},"modified":"2024-11-01T10:02:43","modified_gmt":"2024-11-01T16:02:43","slug":"jubilo-sin-fronteras-migrantes-celebran-a-medallistas-olimpicos-guatemaltecos-en-paris-2024","status":"publish","type":"post","link":"https:\/\/soymigrante.com\/revista\/jubilo-sin-fronteras-migrantes-celebran-a-medallistas-olimpicos-guatemaltecos-en-paris-2024\/","title":{"rendered":"J\u00fabilo sin fronteras: Migrantes celebran a medallistas ol\u00edmpicos guatemaltecos en Par\u00eds 2024"},"content":{"rendered":"\t\t<div data-elementor-type=\"wp-post\" data-elementor-id=\"7756\" class=\"elementor elementor-7756\" data-elementor-post-type=\"post\">\n\t\t\t\t<div data-particle_enable=\"false\" data-particle-mobile-disabled=\"false\" class=\"elementor-element elementor-element-517eb54 e-flex e-con-boxed e-con e-parent\" data-id=\"517eb54\" data-element_type=\"container\" data-e-type=\"container\">\n\t\t\t\t\t<div class=\"e-con-inner\">\n\t\t\t\t<div class=\"elementor-element elementor-element-5c3b761 elementor-widget elementor-widget-heading\" data-id=\"5c3b761\" data-element_type=\"widget\" data-e-type=\"widget\" data-widget_type=\"heading.default\">\n\t\t\t\t\t<h2 class=\"elementor-heading-title elementor-size-default\">Dentro y fuera de Guatemala es enorme la alegr\u00eda por dos medallas ol\u00edmpicas,  oro para Adriana Ruano y bronce para Jean Pierre Brol,  en los Juegos de Par\u00eds 2024. Migrantes guatemaltecos en EE.UU. y tambi\u00e9n Canad\u00e1, elogian estos triunfos de hermanos chapines. Estas son sus voces.<\/h2>\t\t\t\t<\/div>\n\t\t\t\t\t<\/div>\n\t\t\t\t<\/div>\n\t\t<div data-particle_enable=\"false\" data-particle-mobile-disabled=\"false\" class=\"elementor-element elementor-element-d7c8c20 e-flex e-con-boxed e-con e-parent\" data-id=\"d7c8c20\" data-element_type=\"container\" data-e-type=\"container\">\n\t\t\t\t\t<div class=\"e-con-inner\">\n\t\t\t\t<div class=\"elementor-element elementor-element-6fa0c40 elementor-widget elementor-widget-text-editor\" data-id=\"6fa0c40\" data-element_type=\"widget\" data-e-type=\"widget\" data-widget_type=\"text-editor.default\">\n\t\t\t\t\t\t\t\t\t<p>Ver ondear la bandera azul y blanco el martes 30 de julio, gracias a la medalla de bronce del guatemalteco Jean Pierre Brol fue fant\u00e1stico. Pero la emoci\u00f3n se volvi\u00f3 apote\u00f3sica, hist\u00f3rica y sin precedentes, este miercoles 31 de julio cuando Adriana Ruano se convirti\u00f3 en la primera guatemalteca en obtener una medalla de oro ol\u00edmpica en los Juegos de Par\u00eds 2024.\u00a0 \u00a0<\/p><p>Unos lloraron, otros compartieron la euforia, algunos m\u00e1s se enteraron en el trabajo o llamaron a sus familiares. Muchas formas de vivir un mismo j\u00fabilo compartido.<\/p>\t\t\t\t\t\t\t\t<\/div>\n\t\t\t\t\t<\/div>\n\t\t\t\t<\/div>\n\t\t<div data-particle_enable=\"false\" data-particle-mobile-disabled=\"false\" class=\"elementor-element elementor-element-fbb4b74 e-flex e-con-boxed e-con e-parent\" data-id=\"fbb4b74\" data-element_type=\"container\" data-e-type=\"container\">\n\t\t\t\t\t<div class=\"e-con-inner\">\n\t\t\t\t<div class=\"elementor-element elementor-element-e3dcd3b elementor-widget elementor-widget-facebook-embed\" data-id=\"e3dcd3b\" data-element_type=\"widget\" data-e-type=\"widget\" data-widget_type=\"facebook-embed.default\">\n\t\t\t\t\t<div style=\"min-height: 1px\" class=\"elementor-facebook-widget fb-video\" data-href=\"https:\/\/www.facebook.com\/100000609124643\/videos\/pcb.8393615144002040\/1495777207995563\" data-show-text=\"false\" data-allowfullscreen=\"false\" data-autoplay=\"false\" data-show-captions=\"false\"><\/div>\t\t\t\t<\/div>\n\t\t\t\t\t<\/div>\n\t\t\t\t<\/div>\n\t\t<div data-particle_enable=\"false\" data-particle-mobile-disabled=\"false\" class=\"elementor-element elementor-element-7c07e94 e-flex e-con-boxed e-con e-parent\" data-id=\"7c07e94\" data-element_type=\"container\" data-e-type=\"container\">\n\t\t\t\t\t<div class=\"e-con-inner\">\n\t\t\t\t<div class=\"elementor-element elementor-element-4426eee elementor-widget elementor-widget-heading\" data-id=\"4426eee\" data-element_type=\"widget\" data-e-type=\"widget\" data-widget_type=\"heading.default\">\n\t\t\t\t\t<h3 class=\"elementor-heading-title elementor-size-default\">Suena el himno de \u00a1Guatemala feliz! por primera vez en Juegos Ol\u00edmpicos<\/h3>\t\t\t\t<\/div>\n\t\t\t\t\t<\/div>\n\t\t\t\t<\/div>\n\t\t<div data-particle_enable=\"false\" data-particle-mobile-disabled=\"false\" class=\"elementor-element elementor-element-50b8aae e-flex e-con-boxed e-con e-parent\" data-id=\"50b8aae\" data-element_type=\"container\" data-e-type=\"container\">\n\t\t\t\t\t<div class=\"e-con-inner\">\n\t\t\t\t<div class=\"elementor-element elementor-element-34278e3 elementor-widget elementor-widget-text-editor\" data-id=\"34278e3\" data-element_type=\"widget\" data-e-type=\"widget\" data-widget_type=\"text-editor.default\">\n\t\t\t\t\t\t\t\t\t<p><span style=\"color: var( --e-global-color-text ); text-align: var(--text-align);\">El emblema patrio de la Tierra del Quetzal se elev\u00f3 libre al viento por primera vez en lo m\u00e1s alto de un podio ol\u00edmpico y son\u00f3 el Himno Nacional, por primera vez, ya que solo se entona el de los atletas que logran el Oro: una emoci\u00f3n que contagi\u00f3 a todos los guatemaltecos, dentro y fuera del pa\u00eds.\u00a0<\/span><\/p><p>Migrantes chapines en EE.UU. y tambi\u00e9n Canad\u00e1, expresaron su felicidad por este logro, que inspira nuevas metas altas y reafirma la vocaci\u00f3n de excelencia de todos los guatemaltecos.\u00a0 Estas son las expresiones de j\u00fabilo, orgullo y felicitaci\u00f3n.<\/p>\t\t\t\t\t\t\t\t<\/div>\n\t\t\t\t\t<\/div>\n\t\t\t\t<\/div>\n\t\t<div data-particle_enable=\"false\" data-particle-mobile-disabled=\"false\" class=\"elementor-element elementor-element-2746bb9 e-flex e-con-boxed e-con e-parent\" data-id=\"2746bb9\" data-element_type=\"container\" data-e-type=\"container\">\n\t\t\t\t\t<div class=\"e-con-inner\">\n\t\t\t\t<div class=\"elementor-element elementor-element-2fa8955 elementor-widget elementor-widget-heading\" data-id=\"2fa8955\" data-element_type=\"widget\" data-e-type=\"widget\" data-widget_type=\"heading.default\">\n\t\t\t\t\t<h3 class=\"elementor-heading-title elementor-size-default\">Esto expresan los migrantes guatemaltecos <\/h3>\t\t\t\t<\/div>\n\t\t\t\t\t<\/div>\n\t\t\t\t<\/div>\n\t\t<div data-particle_enable=\"false\" data-particle-mobile-disabled=\"false\" class=\"elementor-element elementor-element-e6d6ea1 e-flex e-con-boxed e-con e-parent\" data-id=\"e6d6ea1\" data-element_type=\"container\" data-e-type=\"container\">\n\t\t\t\t\t<div class=\"e-con-inner\">\n\t\t\t\t<div class=\"elementor-element elementor-element-4df08c5 elementor-invisible elementor-widget elementor-widget-testimonial\" data-id=\"4df08c5\" data-element_type=\"widget\" data-e-type=\"widget\" data-settings=\"{&quot;_animation&quot;:&quot;bounceInLeft&quot;}\" data-widget_type=\"testimonial.default\">\n\t\t\t\t\t\t\t<div class=\"elementor-testimonial-wrapper\">\n\t\t\t\t\t\t\t<div class=\"elementor-testimonial-content\"><span style=\"font-size: 20.8px\">\"Guatemala es un pa\u00eds de luchadores, personas con muchos sue\u00f1os que luchan mucho por alcanzarlos este es el caso de nuestros campeones ol\u00edmpicos Adriana Ruano y Jean Pierre Broil  creyeron en ellos mismos y tambi\u00e9n hubo personas que creyeron en ellos y los alentaron a seguir. Muchas felicitaciones para ellos y para nuestra querida Guatemala que necesita de estas buenas&nbsp;noticias.<\/span><\/div>\n\t\t\t\n\t\t\t\t\t\t<div class=\"elementor-testimonial-meta elementor-has-image elementor-testimonial-image-position-aside\">\n\t\t\t\t<div class=\"elementor-testimonial-meta-inner\">\n\t\t\t\t\t\t\t\t\t\t\t<div class=\"elementor-testimonial-image\">\n\t\t\t\t\t\t\t<a href=\"https:\/\/soymigrante.com\/revista\/biologo-lustra-el-mayor-tesoro-de-guatemala\/\"><img fetchpriority=\"high\" decoding=\"async\" width=\"1920\" height=\"1442\" src=\"https:\/\/soymigrante.com\/revista\/wp-content\/uploads\/2023\/03\/SOY-MIGRANTE-RENE-CORADO-BIOLOGO-4-scaled.webp\" class=\"attachment-full size-full wp-image-809\" alt=\"Ren\u00e9 Corado, migrante y biologo director del museo de aves de Oxnard, California\" title=\"Ren\u00e9 Corado, migrante y biologo director del museo de aves de Oxnard, California \u2013 SoyMigrante.com REVISTA\" srcset=\"https:\/\/soymigrante.com\/revista\/wp-content\/uploads\/2023\/03\/SOY-MIGRANTE-RENE-CORADO-BIOLOGO-4-scaled.webp 1920w, https:\/\/soymigrante.com\/revista\/wp-content\/uploads\/2023\/03\/SOY-MIGRANTE-RENE-CORADO-BIOLOGO-4-300x225.webp 300w, https:\/\/soymigrante.com\/revista\/wp-content\/uploads\/2023\/03\/SOY-MIGRANTE-RENE-CORADO-BIOLOGO-4-1024x769.jpg 1024w, https:\/\/soymigrante.com\/revista\/wp-content\/uploads\/2023\/03\/SOY-MIGRANTE-RENE-CORADO-BIOLOGO-4-768x577.jpg 768w, https:\/\/soymigrante.com\/revista\/wp-content\/uploads\/2023\/03\/SOY-MIGRANTE-RENE-CORADO-BIOLOGO-4-1536x1154.jpg 1536w, https:\/\/soymigrante.com\/revista\/wp-content\/uploads\/2023\/03\/SOY-MIGRANTE-RENE-CORADO-BIOLOGO-4-2048x1539.jpg 2048w, https:\/\/soymigrante.com\/revista\/wp-content\/uploads\/2023\/03\/SOY-MIGRANTE-RENE-CORADO-BIOLOGO-4-750x563.webp 750w, https:\/\/soymigrante.com\/revista\/wp-content\/uploads\/2023\/03\/SOY-MIGRANTE-RENE-CORADO-BIOLOGO-4-1140x856.jpg 1140w\" sizes=\"(max-width: 1920px) 100vw, 1920px\" \/><\/a>\t\t\t\t\t\t<\/div>\n\t\t\t\t\t\n\t\t\t\t\t\t\t\t\t\t<div class=\"elementor-testimonial-details\">\n\t\t\t\t\t\t\t\t\t\t\t\t\t\t<a class=\"elementor-testimonial-name\" href=\"https:\/\/soymigrante.com\/revista\/biologo-lustra-el-mayor-tesoro-de-guatemala\/\">Ren\u00e9 Corado<\/a>\n\t\t\t\t\t\t\t\t\t\t\t\t\t\t\t\t\t\t\t\t\t\t<a class=\"elementor-testimonial-job\" href=\"https:\/\/soymigrante.com\/revista\/biologo-lustra-el-mayor-tesoro-de-guatemala\/\">Bi\u00f3logo, escritor y director del \nMuseo de Aves de Oxnard, California<\/a>\n\t\t\t\t\t\t\t\t\t\t\t\t\t<\/div>\n\t\t\t\t\t\t\t\t\t<\/div>\n\t\t\t<\/div>\n\t\t\t\t\t<\/div>\n\t\t\t\t\t\t<\/div>\n\t\t\t\t\t<\/div>\n\t\t\t\t<\/div>\n\t\t<div data-particle_enable=\"false\" data-particle-mobile-disabled=\"false\" class=\"elementor-element elementor-element-5719803 e-flex e-con-boxed e-con e-parent\" data-id=\"5719803\" data-element_type=\"container\" data-e-type=\"container\">\n\t\t\t\t\t<div class=\"e-con-inner\">\n\t\t\t\t<div class=\"elementor-element elementor-element-8bd27d5 elementor-invisible elementor-widget elementor-widget-testimonial\" data-id=\"8bd27d5\" data-element_type=\"widget\" data-e-type=\"widget\" data-settings=\"{&quot;_animation&quot;:&quot;bounceInRight&quot;}\" data-widget_type=\"testimonial.default\">\n\t\t\t\t\t\t\t<div class=\"elementor-testimonial-wrapper\">\n\t\t\t\t\t\t\t<div class=\"elementor-testimonial-content\"><span style=\"font-size: 20.8px\"> \"Somos un pais extraordinariamente bendecido con hombres y mujeres capaces y llenos de habilidades para levantar en alto el nombre de Guatemala. Por a\u00f1os hemos tenido desventajas y limitaci\u00f3n en el apoyo de entrenadores profesionales. <\/span><br><span style=\"font-size: 20.8px\">Pero es a\u00fan m\u00e1s fuerte el  deseo y las ganas de triunfar. Eso se puede ver y me siento muy orgullosa de ver triunfar a mis connacionales\".<\/span><\/div>\n\t\t\t\n\t\t\t\t\t\t<div class=\"elementor-testimonial-meta elementor-has-image elementor-testimonial-image-position-aside\">\n\t\t\t\t<div class=\"elementor-testimonial-meta-inner\">\n\t\t\t\t\t\t\t\t\t\t\t<div class=\"elementor-testimonial-image\">\n\t\t\t\t\t\t\t<img decoding=\"async\" width=\"662\" height=\"652\" src=\"https:\/\/soymigrante.com\/revista\/wp-content\/uploads\/2024\/07\/Ingrid-Rodriguez-Red-Migrante-Guatemalteca.webp\" class=\"attachment-full size-full wp-image-7760\" alt=\"TPS Movimiento Democr\u00e1tico, se\u00f1al de identidad de apoyo y firma para la reinscripci\u00f3n en el contexto migratorio. Mujer con camiseta blanca mostrando cartel de TPS en frente de un edificio.\" title=\"Ingrid Rodriguez Red Migrante Guatemalteca \u2013 SoyMigrante.com REVISTA\" srcset=\"https:\/\/soymigrante.com\/revista\/wp-content\/uploads\/2024\/07\/Ingrid-Rodriguez-Red-Migrante-Guatemalteca.webp 662w, https:\/\/soymigrante.com\/revista\/wp-content\/uploads\/2024\/07\/Ingrid-Rodriguez-Red-Migrante-Guatemalteca-300x295.webp 300w, https:\/\/soymigrante.com\/revista\/wp-content\/uploads\/2024\/07\/Ingrid-Rodriguez-Red-Migrante-Guatemalteca-75x75.webp 75w\" sizes=\"(max-width: 662px) 100vw, 662px\" \/>\t\t\t\t\t\t<\/div>\n\t\t\t\t\t\n\t\t\t\t\t\t\t\t\t\t<div class=\"elementor-testimonial-details\">\n\t\t\t\t\t\t\t\t\t\t\t\t\t\t<div class=\"elementor-testimonial-name\">Ingrid Rodr\u00edguez<\/div>\n\t\t\t\t\t\t\t\t\t\t\t\t\t\t\t\t\t\t\t\t\t\t<div class=\"elementor-testimonial-job\">Integrante de la \nRed Migrante Guatemalteca \nen Santa Clarita, California<\/div>\n\t\t\t\t\t\t\t\t\t\t\t\t\t<\/div>\n\t\t\t\t\t\t\t\t\t<\/div>\n\t\t\t<\/div>\n\t\t\t\t\t<\/div>\n\t\t\t\t\t\t<\/div>\n\t\t\t\t\t<\/div>\n\t\t\t\t<\/div>\n\t\t<div data-particle_enable=\"false\" data-particle-mobile-disabled=\"false\" class=\"elementor-element elementor-element-6324e16 e-flex e-con-boxed e-con e-parent\" data-id=\"6324e16\" data-element_type=\"container\" data-e-type=\"container\">\n\t\t\t\t\t<div class=\"e-con-inner\">\n\t\t\t\t<div class=\"elementor-element elementor-element-0f77fba elementor-invisible elementor-widget elementor-widget-testimonial\" data-id=\"0f77fba\" data-element_type=\"widget\" data-e-type=\"widget\" data-settings=\"{&quot;_animation&quot;:&quot;bounceInLeft&quot;}\" data-widget_type=\"testimonial.default\">\n\t\t\t\t\t\t\t<div class=\"elementor-testimonial-wrapper\">\n\t\t\t\t\t\t\t<div class=\"elementor-testimonial-content\"><span style=\"font-size: 20.8px\">\"Muy orgullosa no solo de las dos medallas ganadas, hasta el momento, en estas Olimpiadas sino de todos lo que lograron clasificar para representarnos. No es f\u00e1cil ser una atleta profesional en Guatemala por la falta de fondos debido a la corrupci\u00f3n. Gracias al Presidente Ar\u00e9valo por interceder y lograr que los atletas volvieran a representar a Guatemala\"<\/span><\/div>\n\t\t\t\n\t\t\t\t\t\t<div class=\"elementor-testimonial-meta elementor-has-image elementor-testimonial-image-position-aside\">\n\t\t\t\t<div class=\"elementor-testimonial-meta-inner\">\n\t\t\t\t\t\t\t\t\t\t\t<div class=\"elementor-testimonial-image\">\n\t\t\t\t\t\t\t<a href=\"https:\/\/soymigrante.com\/revista\/biologo-lustra-el-mayor-tesoro-de-guatemala\/\"><img decoding=\"async\" width=\"1389\" height=\"1083\" src=\"https:\/\/soymigrante.com\/revista\/wp-content\/uploads\/2023\/10\/ana-beatriz-halliday-e1698257759137.webp\" class=\"attachment-full size-full wp-image-3084\" alt=\"ana beatriz halliday\" title=\"ana beatriz halliday \u2013 SoyMigrante.com REVISTA\" srcset=\"https:\/\/soymigrante.com\/revista\/wp-content\/uploads\/2023\/10\/ana-beatriz-halliday-e1698257759137.webp 1389w, https:\/\/soymigrante.com\/revista\/wp-content\/uploads\/2023\/10\/ana-beatriz-halliday-e1698257759137-300x234.webp 300w, https:\/\/soymigrante.com\/revista\/wp-content\/uploads\/2023\/10\/ana-beatriz-halliday-e1698257759137-1024x798.webp 1024w, https:\/\/soymigrante.com\/revista\/wp-content\/uploads\/2023\/10\/ana-beatriz-halliday-e1698257759137-768x599.webp 768w, https:\/\/soymigrante.com\/revista\/wp-content\/uploads\/2023\/10\/ana-beatriz-halliday-e1698257759137-750x585.webp 750w, https:\/\/soymigrante.com\/revista\/wp-content\/uploads\/2023\/10\/ana-beatriz-halliday-e1698257759137-1140x889.webp 1140w\" sizes=\"(max-width: 1389px) 100vw, 1389px\" \/><\/a>\t\t\t\t\t\t<\/div>\n\t\t\t\t\t\n\t\t\t\t\t\t\t\t\t\t<div class=\"elementor-testimonial-details\">\n\t\t\t\t\t\t\t\t\t\t\t\t\t\t<a class=\"elementor-testimonial-name\" href=\"https:\/\/soymigrante.com\/revista\/biologo-lustra-el-mayor-tesoro-de-guatemala\/\">Anna Beatriz Halliday<\/a>\n\t\t\t\t\t\t\t\t\t\t\t\t\t\t\t\t\t\t\t\t\t\t<a class=\"elementor-testimonial-job\" href=\"https:\/\/soymigrante.com\/revista\/biologo-lustra-el-mayor-tesoro-de-guatemala\/\">Migrante y emprendedora guatemalteca\nradicada en Miami, Florida<\/a>\n\t\t\t\t\t\t\t\t\t\t\t\t\t<\/div>\n\t\t\t\t\t\t\t\t\t<\/div>\n\t\t\t<\/div>\n\t\t\t\t\t<\/div>\n\t\t\t\t\t\t<\/div>\n\t\t\t\t\t<\/div>\n\t\t\t\t<\/div>\n\t\t<div data-particle_enable=\"false\" data-particle-mobile-disabled=\"false\" class=\"elementor-element elementor-element-adcf6ae e-flex e-con-boxed e-con e-parent\" data-id=\"adcf6ae\" data-element_type=\"container\" data-e-type=\"container\">\n\t\t\t\t\t<div class=\"e-con-inner\">\n\t\t\t\t<div class=\"elementor-element elementor-element-9256464 elementor-widget elementor-widget-heading\" data-id=\"9256464\" data-element_type=\"widget\" data-e-type=\"widget\" data-widget_type=\"heading.default\">\n\t\t\t\t\t<h3 class=\"elementor-heading-title elementor-size-default\">Malacates felicitan desde la gira por USA <\/h3>\t\t\t\t<\/div>\n\t\t\t\t\t<\/div>\n\t\t\t\t<\/div>\n\t\t<div data-particle_enable=\"false\" data-particle-mobile-disabled=\"false\" class=\"elementor-element elementor-element-871cb63 e-flex e-con-boxed e-con e-parent\" data-id=\"871cb63\" data-element_type=\"container\" data-e-type=\"container\">\n\t\t\t\t\t<div class=\"e-con-inner\">\n\t\t\t\t<div class=\"elementor-element elementor-element-9bc1b59 elementor-widget elementor-widget-text-editor\" data-id=\"9bc1b59\" data-element_type=\"widget\" data-e-type=\"widget\" data-widget_type=\"text-editor.default\">\n\t\t\t\t\t\t\t\t\t<p>Francisco P\u00e1ez y Jacobo Nitsch, integrantes del grupo Malacates Trebol Shop, actualmente de gira por Estados Unidos, manifestaron su alegr\u00eda, felicitaron a los medallistas y animan a los guatemaltecos a ir siempre por m\u00e1s altas metas.\u00a0<\/p>\t\t\t\t\t\t\t\t<\/div>\n\t\t\t\t\t<\/div>\n\t\t\t\t<\/div>\n\t\t<div data-particle_enable=\"false\" data-particle-mobile-disabled=\"false\" class=\"elementor-element elementor-element-d9bff7c e-flex e-con-boxed e-con e-parent\" data-id=\"d9bff7c\" data-element_type=\"container\" data-e-type=\"container\">\n\t\t\t\t\t<div class=\"e-con-inner\">\n\t\t\t\t<div class=\"elementor-element elementor-element-d68dafe elementor-widget elementor-widget-video\" data-id=\"d68dafe\" data-element_type=\"widget\" data-e-type=\"widget\" data-settings=\"{&quot;video_type&quot;:&quot;hosted&quot;,&quot;controls&quot;:&quot;yes&quot;}\" data-widget_type=\"video.default\">\n\t\t\t\t\t\t\t<div class=\"e-hosted-video elementor-wrapper elementor-open-inline\">\n\t\t\t\t\t<video class=\"elementor-video\" src=\"https:\/\/soymigrante.com\/revista\/wp-content\/uploads\/2024\/07\/felicitacion-malacates.mp4\" controls=\"\" preload=\"metadata\" controlsList=\"nodownload\"><\/video>\n\t\t\t\t<\/div>\n\t\t\t\t\t\t<\/div>\n\t\t\t\t\t<\/div>\n\t\t\t\t<\/div>\n\t\t<div data-particle_enable=\"false\" data-particle-mobile-disabled=\"false\" class=\"elementor-element elementor-element-93be6cf e-flex e-con-boxed e-con e-parent\" data-id=\"93be6cf\" data-element_type=\"container\" data-e-type=\"container\">\n\t\t\t\t\t<div class=\"e-con-inner\">\n\t\t\t\t<div class=\"elementor-element elementor-element-11cd859 elementor-invisible elementor-widget elementor-widget-testimonial\" data-id=\"11cd859\" data-element_type=\"widget\" data-e-type=\"widget\" data-settings=\"{&quot;_animation&quot;:&quot;bounceInLeft&quot;}\" data-widget_type=\"testimonial.default\">\n\t\t\t\t\t\t\t<div class=\"elementor-testimonial-wrapper\">\n\t\t\t\t\t\t\t<div class=\"elementor-testimonial-content\"><div style=\"text-align: start\"><span style=\"text-align: center;font-size: 15px\"><font color=\"#050505\" face=\"Segoe UI Historic, Segoe UI, Helvetica, Arial, sans-serif\">\u00a1<\/font><\/span><span style=\"text-align: center;font-size: 20.8px\">Que alegr\u00eda! <\/span><span style=\"font-size: 20.8px;color: var( --e-global-color-text )\">Porque uno abre las redes sociales y recibe estas noticias tan bonitas en medio de tantas cosas que pasan en nuestro pa\u00eds!<\/span><br><span style=\"font-size: 20.8px;color: var( --e-global-color-text )\">Guatemala tiene mucho que dar y el mundo debe conocer <\/span><span style=\"font-size: 20.8px;color: var( --e-global-color-text )\">esos grandes talentos chapines como Adriana Ruano. <\/span><span style=\"font-size: 20.8px;color: var( --e-global-color-text )\">La piel se pone chinita y los sentimientos a flor de piel al ver la bandera y escuchar el himno nacional<\/span><\/div><\/div>\n\t\t\t\n\t\t\t\t\t\t<div class=\"elementor-testimonial-meta elementor-has-image elementor-testimonial-image-position-aside\">\n\t\t\t\t<div class=\"elementor-testimonial-meta-inner\">\n\t\t\t\t\t\t\t\t\t\t\t<div class=\"elementor-testimonial-image\">\n\t\t\t\t\t\t\t<img loading=\"lazy\" decoding=\"async\" width=\"1333\" height=\"1149\" src=\"https:\/\/soymigrante.com\/revista\/wp-content\/uploads\/2023\/12\/sergio-fernando-arevalo-chilera.webp\" class=\"attachment-full size-full wp-image-3800\" alt=\"sergio fernando arevalo chilera\" title=\"sergio fernando arevalo chilera \u2013 SoyMigrante.com REVISTA\" srcset=\"https:\/\/soymigrante.com\/revista\/wp-content\/uploads\/2023\/12\/sergio-fernando-arevalo-chilera.webp 1333w, https:\/\/soymigrante.com\/revista\/wp-content\/uploads\/2023\/12\/sergio-fernando-arevalo-chilera-300x259.webp 300w, https:\/\/soymigrante.com\/revista\/wp-content\/uploads\/2023\/12\/sergio-fernando-arevalo-chilera-1024x883.webp 1024w, https:\/\/soymigrante.com\/revista\/wp-content\/uploads\/2023\/12\/sergio-fernando-arevalo-chilera-768x662.webp 768w, https:\/\/soymigrante.com\/revista\/wp-content\/uploads\/2023\/12\/sergio-fernando-arevalo-chilera-750x646.jpg 750w, https:\/\/soymigrante.com\/revista\/wp-content\/uploads\/2023\/12\/sergio-fernando-arevalo-chilera-1140x983.jpg 1140w\" sizes=\"(max-width: 1333px) 100vw, 1333px\" \/>\t\t\t\t\t\t<\/div>\n\t\t\t\t\t\n\t\t\t\t\t\t\t\t\t\t<div class=\"elementor-testimonial-details\">\n\t\t\t\t\t\t\t\t\t\t\t\t\t\t<div class=\"elementor-testimonial-name\">Sergio Fernando Ar\u00e9valo<\/div>\n\t\t\t\t\t\t\t\t\t\t\t\t\t\t\t\t\t\t\t\t\t\t<div class=\"elementor-testimonial-job\">Estilista de famosos y fil\u00e1ntropo \nguatemalteco radicado en Los Angeles<\/div>\n\t\t\t\t\t\t\t\t\t\t\t\t\t<\/div>\n\t\t\t\t\t\t\t\t\t<\/div>\n\t\t\t<\/div>\n\t\t\t\t\t<\/div>\n\t\t\t\t\t\t<\/div>\n\t\t\t\t\t<\/div>\n\t\t\t\t<\/div>\n\t\t<div data-particle_enable=\"false\" data-particle-mobile-disabled=\"false\" class=\"elementor-element elementor-element-32243cc e-flex e-con-boxed e-con e-parent\" data-id=\"32243cc\" data-element_type=\"container\" data-e-type=\"container\">\n\t\t\t\t\t<div class=\"e-con-inner\">\n\t\t\t\t<div class=\"elementor-element elementor-element-8f9781c elementor-invisible elementor-widget elementor-widget-testimonial\" data-id=\"8f9781c\" data-element_type=\"widget\" data-e-type=\"widget\" data-settings=\"{&quot;_animation&quot;:&quot;bounceInRight&quot;}\" data-widget_type=\"testimonial.default\">\n\t\t\t\t\t\t\t<div class=\"elementor-testimonial-wrapper\">\n\t\t\t\t\t\t\t<div class=\"elementor-testimonial-content\"><span style=\"font-size: 20.8px\"> \"Es un motivo de gran orgullo y alegr\u00eda para todos los guatemaltecos. No solo pone en alto el nombre de nuestro pa\u00eds en el escenario deportivo internacional, sino que tambi\u00e9n inspira a las futuras generaciones de atletas a perseguir sus sue\u00f1os con determinaci\u00f3n y esfuerzo. Refleja el talento y la dedicaci\u00f3n de nuestros deportistas. Es un momento hist\u00f3rico que nos llena de esperanza\".<\/span><\/div>\n\t\t\t\n\t\t\t\t\t\t<div class=\"elementor-testimonial-meta elementor-has-image elementor-testimonial-image-position-aside\">\n\t\t\t\t<div class=\"elementor-testimonial-meta-inner\">\n\t\t\t\t\t\t\t\t\t\t\t<div class=\"elementor-testimonial-image\">\n\t\t\t\t\t\t\t<img loading=\"lazy\" decoding=\"async\" width=\"1920\" height=\"1920\" src=\"https:\/\/soymigrante.com\/revista\/wp-content\/uploads\/2023\/12\/Hilda-1.webp\" class=\"attachment-full size-full wp-image-3709\" alt=\"Hilda De Le\u00f3n es migrante guatemalteca originaria de Sibilia Quetzaltenango. Su objetivo es trascender y promover un pedazo de su tierra.\" title=\"Hilda \u2013 SoyMigrante.com REVISTA\" srcset=\"https:\/\/soymigrante.com\/revista\/wp-content\/uploads\/2023\/12\/Hilda-1.webp 1920w, https:\/\/soymigrante.com\/revista\/wp-content\/uploads\/2023\/12\/Hilda-1-300x300.webp 300w, https:\/\/soymigrante.com\/revista\/wp-content\/uploads\/2023\/12\/Hilda-1-1024x1024.webp 1024w, https:\/\/soymigrante.com\/revista\/wp-content\/uploads\/2023\/12\/Hilda-1-150x150.webp 150w, https:\/\/soymigrante.com\/revista\/wp-content\/uploads\/2023\/12\/Hilda-1-768x768.webp 768w, https:\/\/soymigrante.com\/revista\/wp-content\/uploads\/2023\/12\/Hilda-1-1536x1536.webp 1536w, https:\/\/soymigrante.com\/revista\/wp-content\/uploads\/2023\/12\/Hilda-1-75x75.webp 75w, https:\/\/soymigrante.com\/revista\/wp-content\/uploads\/2023\/12\/Hilda-1-750x750.webp 750w, https:\/\/soymigrante.com\/revista\/wp-content\/uploads\/2023\/12\/Hilda-1-1140x1140.webp 1140w, https:\/\/soymigrante.com\/revista\/wp-content\/uploads\/2023\/12\/Hilda-1-600x600.webp 600w\" sizes=\"(max-width: 1920px) 100vw, 1920px\" \/>\t\t\t\t\t\t<\/div>\n\t\t\t\t\t\n\t\t\t\t\t\t\t\t\t\t<div class=\"elementor-testimonial-details\">\n\t\t\t\t\t\t\t\t\t\t\t\t\t\t<div class=\"elementor-testimonial-name\">Hilda de Le\u00f3n Xavier<\/div>\n\t\t\t\t\t\t\t\t\t\t\t\t\t\t\t\t\t\t\t\t\t\t<div class=\"elementor-testimonial-job\">Migrante y emprendedora \nguatemalteca en Oklahoma<\/div>\n\t\t\t\t\t\t\t\t\t\t\t\t\t<\/div>\n\t\t\t\t\t\t\t\t\t<\/div>\n\t\t\t<\/div>\n\t\t\t\t\t<\/div>\n\t\t\t\t\t\t<\/div>\n\t\t\t\t\t<\/div>\n\t\t\t\t<\/div>\n\t\t<div data-particle_enable=\"false\" data-particle-mobile-disabled=\"false\" class=\"elementor-element elementor-element-1427a49 e-flex e-con-boxed e-con e-parent\" data-id=\"1427a49\" data-element_type=\"container\" data-e-type=\"container\">\n\t\t\t\t\t<div class=\"e-con-inner\">\n\t\t\t\t<div class=\"elementor-element elementor-element-79cfc13 elementor-invisible elementor-widget elementor-widget-testimonial\" data-id=\"79cfc13\" data-element_type=\"widget\" data-e-type=\"widget\" data-settings=\"{&quot;_animation&quot;:&quot;bounceInLeft&quot;}\" data-widget_type=\"testimonial.default\">\n\t\t\t\t\t\t\t<div class=\"elementor-testimonial-wrapper\">\n\t\t\t\t\t\t\t<div class=\"elementor-testimonial-content\"><span style=\"font-size: 20.8px\">\"Es el fruto del arduo trabajo y preparaci\u00f3n que nuestros atletas han realizado. Los felicito y me gustar\u00eda, ver m\u00e1s apoyo tangible por parte de las autoridades para ellos que digna y orgullosamente nos representan\u201c<\/span><\/div>\n\t\t\t\n\t\t\t\t\t\t<div class=\"elementor-testimonial-meta elementor-has-image elementor-testimonial-image-position-aside\">\n\t\t\t\t<div class=\"elementor-testimonial-meta-inner\">\n\t\t\t\t\t\t\t\t\t\t\t<div class=\"elementor-testimonial-image\">\n\t\t\t\t\t\t\t<img loading=\"lazy\" decoding=\"async\" width=\"633\" height=\"632\" src=\"https:\/\/soymigrante.com\/revista\/wp-content\/uploads\/2024\/07\/Cesar-Reyes-Guatemaltecos-en-Oklahoma.webp\" class=\"attachment-full size-full wp-image-7764\" alt=\"Mujer de negocios visitando el set de SoyMigrante.com Revista con ambiente profesional y recursos visuales relacionados con migraci\u00f3n y comunidad.\" title=\"Cesar Reyes, Presidente de la Asociaci\u00f3n Guatemaltecos en Oklahoma \u2013 SoyMigrante.com REVISTA\" srcset=\"https:\/\/soymigrante.com\/revista\/wp-content\/uploads\/2024\/07\/Cesar-Reyes-Guatemaltecos-en-Oklahoma.webp 633w, https:\/\/soymigrante.com\/revista\/wp-content\/uploads\/2024\/07\/Cesar-Reyes-Guatemaltecos-en-Oklahoma-300x300.webp 300w, https:\/\/soymigrante.com\/revista\/wp-content\/uploads\/2024\/07\/Cesar-Reyes-Guatemaltecos-en-Oklahoma-150x150.webp 150w, https:\/\/soymigrante.com\/revista\/wp-content\/uploads\/2024\/07\/Cesar-Reyes-Guatemaltecos-en-Oklahoma-75x75.webp 75w\" sizes=\"(max-width: 633px) 100vw, 633px\" \/>\t\t\t\t\t\t<\/div>\n\t\t\t\t\t\n\t\t\t\t\t\t\t\t\t\t<div class=\"elementor-testimonial-details\">\n\t\t\t\t\t\t\t\t\t\t\t\t\t\t<div class=\"elementor-testimonial-name\">Cesar Reyes<\/div>\n\t\t\t\t\t\t\t\t\t\t\t\t\t\t\t\t\t\t\t\t\t\t<div class=\"elementor-testimonial-job\">Secretario de Asociaci\u00f3n \nGuatemaltecos en Oklahoma<\/div>\n\t\t\t\t\t\t\t\t\t\t\t\t\t<\/div>\n\t\t\t\t\t\t\t\t\t<\/div>\n\t\t\t<\/div>\n\t\t\t\t\t<\/div>\n\t\t\t\t\t\t<\/div>\n\t\t\t\t\t<\/div>\n\t\t\t\t<\/div>\n\t\t<div data-particle_enable=\"false\" data-particle-mobile-disabled=\"false\" class=\"elementor-element elementor-element-77a2e34 e-flex e-con-boxed e-con e-parent\" data-id=\"77a2e34\" data-element_type=\"container\" data-e-type=\"container\">\n\t\t\t\t\t<div class=\"e-con-inner\">\n\t\t\t\t<div class=\"elementor-element elementor-element-9b5cccb elementor-invisible elementor-widget elementor-widget-testimonial\" data-id=\"9b5cccb\" data-element_type=\"widget\" data-e-type=\"widget\" data-settings=\"{&quot;_animation&quot;:&quot;bounceInRight&quot;}\" data-widget_type=\"testimonial.default\">\n\t\t\t\t\t\t\t<div class=\"elementor-testimonial-wrapper\">\n\t\t\t\t\t\t\t<div class=\"elementor-testimonial-content\"><span style=\"font-size: 20.8px\">\"Gracias, mujer de oro por poner el nombre de Guatemala en lo m\u00e1s alto. Ejemplo de humildad y amor por su pa\u00eds\"<\/span><\/div>\n\t\t\t\n\t\t\t\t\t\t<div class=\"elementor-testimonial-meta elementor-has-image elementor-testimonial-image-position-aside\">\n\t\t\t\t<div class=\"elementor-testimonial-meta-inner\">\n\t\t\t\t\t\t\t\t\t\t\t<div class=\"elementor-testimonial-image\">\n\t\t\t\t\t\t\t<img loading=\"lazy\" decoding=\"async\" width=\"441\" height=\"536\" src=\"https:\/\/soymigrante.com\/revista\/wp-content\/uploads\/2024\/04\/Captura-de-pantalla-2024-02-25-231658.webp\" class=\"attachment-full size-full wp-image-6011\" alt=\"SoyMigrante.com REVISTA: Retrato de un joven sonriente con fondo de fotograf\u00edas de lugares emblem\u00e1ticos y culturas migrantes, destacando temas de migraci\u00f3n y comunidad en la revista.\" title=\"Oscar de Le\u00f3n m\u00fasico  guatemalteco radicado en Oklahoma \u2013 SoyMigrante.com REVISTA\" srcset=\"https:\/\/soymigrante.com\/revista\/wp-content\/uploads\/2024\/04\/Captura-de-pantalla-2024-02-25-231658.webp 441w, https:\/\/soymigrante.com\/revista\/wp-content\/uploads\/2024\/04\/Captura-de-pantalla-2024-02-25-231658-247x300.webp 247w\" sizes=\"(max-width: 441px) 100vw, 441px\" \/>\t\t\t\t\t\t<\/div>\n\t\t\t\t\t\n\t\t\t\t\t\t\t\t\t\t<div class=\"elementor-testimonial-details\">\n\t\t\t\t\t\t\t\t\t\t\t\t\t\t<div class=\"elementor-testimonial-name\">\u00d3scar \"Koka\" de Le\u00f3n<\/div>\n\t\t\t\t\t\t\t\t\t\t\t\t\t\t\t\t\t\t\t\t\t\t<div class=\"elementor-testimonial-job\">M\u00fasico y fundador de la Marimba Digital 502 en Oklahoma, \nal felicitar a Adriana Ruano, por la medalla de oro en tiro.<\/div>\n\t\t\t\t\t\t\t\t\t\t\t\t\t<\/div>\n\t\t\t\t\t\t\t\t\t<\/div>\n\t\t\t<\/div>\n\t\t\t\t\t<\/div>\n\t\t\t\t\t\t<\/div>\n\t\t\t\t\t<\/div>\n\t\t\t\t<\/div>\n\t\t<div data-particle_enable=\"false\" data-particle-mobile-disabled=\"false\" class=\"elementor-element elementor-element-2a54c74 e-flex e-con-boxed e-con e-parent\" data-id=\"2a54c74\" data-element_type=\"container\" data-e-type=\"container\">\n\t\t\t\t\t<div class=\"e-con-inner\">\n\t\t\t\t<div class=\"elementor-element elementor-element-daafabe elementor-invisible elementor-widget elementor-widget-testimonial\" data-id=\"daafabe\" data-element_type=\"widget\" data-e-type=\"widget\" data-settings=\"{&quot;_animation&quot;:&quot;bounceInLeft&quot;}\" data-widget_type=\"testimonial.default\">\n\t\t\t\t\t\t\t<div class=\"elementor-testimonial-wrapper\">\n\t\t\t\t\t\t\t<div class=\"elementor-testimonial-content\"><span style=\"font-size: 20.8px\">\"A veces decimos <i>lo importante es participar<\/i>, pero hay que desmarcarse de los dem\u00e1s para subir al podio ol\u00edmpico. Recibir  esas medallas enorgullece no s\u00f3lo a Guatemala y a los guatemaltecos que estamos en el exterior. Respeto y orgullo  se mezclan al escuchar nuestro Himno Nacional en tierras lejanas. \u00a1Felicidades a los medallistas por su triunfo y \u00e1nimo a quienes est\u00e1n entregando lo mejor en busca del triunfo!\"<\/span><\/div>\n\t\t\t\n\t\t\t\t\t\t<div class=\"elementor-testimonial-meta elementor-has-image elementor-testimonial-image-position-aside\">\n\t\t\t\t<div class=\"elementor-testimonial-meta-inner\">\n\t\t\t\t\t\t\t\t\t\t\t<div class=\"elementor-testimonial-image\">\n\t\t\t\t\t\t\t<img loading=\"lazy\" decoding=\"async\" width=\"482\" height=\"482\" src=\"https:\/\/soymigrante.com\/revista\/wp-content\/uploads\/2024\/07\/migrante-en-canada.webp\" class=\"attachment-full size-full wp-image-7311\" alt=\"Relevancia.\" title=\"migrante en canada - David Aguilar - danza del torito guatemala \u2013 SoyMigrante.com REVISTA\" srcset=\"https:\/\/soymigrante.com\/revista\/wp-content\/uploads\/2024\/07\/migrante-en-canada.webp 482w, https:\/\/soymigrante.com\/revista\/wp-content\/uploads\/2024\/07\/migrante-en-canada-300x300.webp 300w, https:\/\/soymigrante.com\/revista\/wp-content\/uploads\/2024\/07\/migrante-en-canada-150x150.webp 150w, https:\/\/soymigrante.com\/revista\/wp-content\/uploads\/2024\/07\/migrante-en-canada-75x75.webp 75w\" sizes=\"(max-width: 482px) 100vw, 482px\" \/>\t\t\t\t\t\t<\/div>\n\t\t\t\t\t\n\t\t\t\t\t\t\t\t\t\t<div class=\"elementor-testimonial-details\">\n\t\t\t\t\t\t\t\t\t\t\t\t\t\t<div class=\"elementor-testimonial-name\">David Aguilar Carranza <\/div>\n\t\t\t\t\t\t\t\t\t\t\t\t\t\t\t\t\t\t\t\t\t\t<div class=\"elementor-testimonial-job\">Migrante guatemalteco en Canad\u00e1 y fundador\ndel grupo de danza Jaguar Ix Balam en Quebec<\/div>\n\t\t\t\t\t\t\t\t\t\t\t\t\t<\/div>\n\t\t\t\t\t\t\t\t\t<\/div>\n\t\t\t<\/div>\n\t\t\t\t\t<\/div>\n\t\t\t\t\t\t<\/div>\n\t\t\t\t\t<\/div>\n\t\t\t\t<\/div>\n\t\t<div data-particle_enable=\"false\" data-particle-mobile-disabled=\"false\" class=\"elementor-element elementor-element-00881fc e-flex e-con-boxed e-con e-parent\" data-id=\"00881fc\" data-element_type=\"container\" data-e-type=\"container\">\n\t\t\t\t\t<div class=\"e-con-inner\">\n\t\t\t\t<div class=\"elementor-element elementor-element-b20efb4 elementor-invisible elementor-widget elementor-widget-testimonial\" data-id=\"b20efb4\" data-element_type=\"widget\" data-e-type=\"widget\" data-settings=\"{&quot;_animation&quot;:&quot;bounceInRight&quot;}\" data-widget_type=\"testimonial.default\">\n\t\t\t\t\t\t\t<div class=\"elementor-testimonial-wrapper\">\n\t\t\t\t\t\t\t<div class=\"elementor-testimonial-content\">\"Como guatemaltecos este es uno de los d\u00edas m\u00e1s felices. \u00a1Yo me emocion\u00e9 hasta las l\u00e1grimasl Le marqu\u00e9 a mi hijo, y compartimos la alegra\u00eda. \u00a1Es incre\u00edble escuchar nuestro Himno Nacional en lo m\u00e1s alto. Es la primera vez que hemos visto un oro ol\u00edmpico para Guatemala. Estamos felices y ojal\u00e1 m\u00e1s deportistas reciban apoyo para lograr m\u00e1s triunfos\" <\/div>\n\t\t\t\n\t\t\t\t\t\t<div class=\"elementor-testimonial-meta elementor-has-image elementor-testimonial-image-position-aside\">\n\t\t\t\t<div class=\"elementor-testimonial-meta-inner\">\n\t\t\t\t\t\t\t\t\t\t\t<div class=\"elementor-testimonial-image\">\n\t\t\t\t\t\t\t<img loading=\"lazy\" decoding=\"async\" width=\"1393\" height=\"1352\" src=\"https:\/\/soymigrante.com\/revista\/wp-content\/uploads\/2024\/05\/dueks.webp\" class=\"attachment-full size-full wp-image-6550\" alt=\"Guatemalteca, celebraci\u00f3n, graduaci\u00f3n, orgullo, migrantes, comunidad, logro acad\u00e9mico, alegr\u00eda, sombrero tradicional, amistad, identidad cultural, cultura guatemalteca, festejo, \u00e9xito acad\u00e9mico, reconocimiento, orgullo nacional.\" title=\"&quot;Mi verdadero diploma es ver la felicidad de mi mam\u00e1, pues ella ha luchado por m\u00ed toda la vida. Un diploma es un papel, pero el amor de ella es un tesoro&quot;, dice Brandon L\u00f3pez. Escena de la graduaci\u00f3n el 12 de mayo en Duke Universitty. &quot;Y me sent\u00ed orgulloso de llevar la bandera de Guatemala en mi graduaci\u00f3n&quot;, agrega. \u2013 SoyMigrante.com REVISTA\" srcset=\"https:\/\/soymigrante.com\/revista\/wp-content\/uploads\/2024\/05\/dueks.webp 1393w, https:\/\/soymigrante.com\/revista\/wp-content\/uploads\/2024\/05\/dueks-300x291.webp 300w, https:\/\/soymigrante.com\/revista\/wp-content\/uploads\/2024\/05\/dueks-1024x994.webp 1024w, https:\/\/soymigrante.com\/revista\/wp-content\/uploads\/2024\/05\/dueks-768x745.webp 768w, https:\/\/soymigrante.com\/revista\/wp-content\/uploads\/2024\/05\/dueks-750x728.jpg 750w, https:\/\/soymigrante.com\/revista\/wp-content\/uploads\/2024\/05\/dueks-1140x1106.jpg 1140w\" sizes=\"(max-width: 1393px) 100vw, 1393px\" \/>\t\t\t\t\t\t<\/div>\n\t\t\t\t\t\n\t\t\t\t\t\t\t\t\t\t<div class=\"elementor-testimonial-details\">\n\t\t\t\t\t\t\t\t\t\t\t\t\t\t<div class=\"elementor-testimonial-name\">Ingrid L\u00f3pez<\/div>\n\t\t\t\t\t\t\t\t\t\t\t\t\t\t\t\t\t\t\t\t\t\t<div class=\"elementor-testimonial-job\">Migrante guatemalteca radicada en\nArizona. <\/div>\n\t\t\t\t\t\t\t\t\t\t\t\t\t<\/div>\n\t\t\t\t\t\t\t\t\t<\/div>\n\t\t\t<\/div>\n\t\t\t\t\t<\/div>\n\t\t\t\t\t\t<\/div>\n\t\t\t\t\t<\/div>\n\t\t\t\t<\/div>\n\t\t<div data-particle_enable=\"false\" data-particle-mobile-disabled=\"false\" class=\"elementor-element elementor-element-8cb60ec e-flex e-con-boxed e-con e-parent\" data-id=\"8cb60ec\" data-element_type=\"container\" data-e-type=\"container\">\n\t\t\t\t\t<div class=\"e-con-inner\">\n\t\t\t\t<div class=\"elementor-element elementor-element-0ad6c3b elementor-invisible elementor-widget elementor-widget-testimonial\" data-id=\"0ad6c3b\" data-element_type=\"widget\" data-e-type=\"widget\" data-settings=\"{&quot;_animation&quot;:&quot;bounceInLeft&quot;}\" data-widget_type=\"testimonial.default\">\n\t\t\t\t\t\t\t<div class=\"elementor-testimonial-wrapper\">\n\t\t\t\t\t\t\t<div class=\"elementor-testimonial-content\"><span style=\"font-size: 20.8px\">\"\u00a1Es un orgullo Guatemalteco! Adriana Ruano demuestra que los guatemaltecos podemos triunfar. Lo importante es entregar el Alma como ella. La felicito, y la admiro. Gente como <b>Ella<\/b> nos enorgullece. Es ejemplo para las nuevas generaciones de guatemaltecos alrededor del Mundo!\"<\/span><\/div>\n\t\t\t\n\t\t\t\t\t\t<div class=\"elementor-testimonial-meta elementor-has-image elementor-testimonial-image-position-aside\">\n\t\t\t\t<div class=\"elementor-testimonial-meta-inner\">\n\t\t\t\t\t\t\t\t\t\t\t<div class=\"elementor-testimonial-image\">\n\t\t\t\t\t\t\t<img loading=\"lazy\" decoding=\"async\" width=\"1600\" height=\"1066\" src=\"https:\/\/soymigrante.com\/revista\/wp-content\/uploads\/2023\/09\/susana-xolaj.webp\" class=\"attachment-full size-full wp-image-2736\" alt=\"Susana Oxlaj, migrante guatemalteca en Houston\" title=\"Susana Oxlaj, migrante guatemalteca en Houston \u2013 SoyMigrante.com REVISTA\" srcset=\"https:\/\/soymigrante.com\/revista\/wp-content\/uploads\/2023\/09\/susana-xolaj.webp 1600w, https:\/\/soymigrante.com\/revista\/wp-content\/uploads\/2023\/09\/susana-xolaj-300x200.webp 300w, https:\/\/soymigrante.com\/revista\/wp-content\/uploads\/2023\/09\/susana-xolaj-1024x682.webp 1024w, https:\/\/soymigrante.com\/revista\/wp-content\/uploads\/2023\/09\/susana-xolaj-768x512.webp 768w, https:\/\/soymigrante.com\/revista\/wp-content\/uploads\/2023\/09\/susana-xolaj-1536x1023.webp 1536w, https:\/\/soymigrante.com\/revista\/wp-content\/uploads\/2023\/09\/susana-xolaj-750x500.webp 750w, https:\/\/soymigrante.com\/revista\/wp-content\/uploads\/2023\/09\/susana-xolaj-1140x760.webp 1140w, https:\/\/soymigrante.com\/revista\/wp-content\/uploads\/2023\/09\/susana-xolaj-600x400.webp 600w\" sizes=\"(max-width: 1600px) 100vw, 1600px\" \/>\t\t\t\t\t\t<\/div>\n\t\t\t\t\t\n\t\t\t\t\t\t\t\t\t\t<div class=\"elementor-testimonial-details\">\n\t\t\t\t\t\t\t\t\t\t\t\t\t\t<div class=\"elementor-testimonial-name\">Susana Oxlaj<\/div>\n\t\t\t\t\t\t\t\t\t\t\t\t\t\t\t\t\t\t\t\t\t\t<div class=\"elementor-testimonial-job\">MIgrante, emprendedora y \npromotora cultural en Houston, Texas.<\/div>\n\t\t\t\t\t\t\t\t\t\t\t\t\t<\/div>\n\t\t\t\t\t\t\t\t\t<\/div>\n\t\t\t<\/div>\n\t\t\t\t\t<\/div>\n\t\t\t\t\t\t<\/div>\n\t\t\t\t\t<\/div>\n\t\t\t\t<\/div>\n\t\t<div data-particle_enable=\"false\" data-particle-mobile-disabled=\"false\" class=\"elementor-element elementor-element-bae94e3 e-flex e-con-boxed e-con e-parent\" data-id=\"bae94e3\" data-element_type=\"container\" data-e-type=\"container\">\n\t\t\t\t\t<div class=\"e-con-inner\">\n\t\t\t\t<div class=\"elementor-element elementor-element-ee996ca elementor-invisible elementor-widget elementor-widget-testimonial\" data-id=\"ee996ca\" data-element_type=\"widget\" data-e-type=\"widget\" data-settings=\"{&quot;_animation&quot;:&quot;bounceInRight&quot;}\" data-widget_type=\"testimonial.default\">\n\t\t\t\t\t\t\t<div class=\"elementor-testimonial-wrapper\">\n\t\t\t\t\t\t\t<div class=\"elementor-testimonial-content\"><span style=\"font-size: 20.8px\">\"Como guatemalteca me siento muy feliz por el triunfo de Adriana Ruano. Guatemala tiene talento en todo sentido. \u00a1Y hoy, por Dios, es una mujer y ha superado el r\u00e9cord ol\u00edmpico!.  As\u00ed que felicitaciones a tremenda mujer orgullo de Guatemala y de su natal Jutiapa.  Ojal\u00e1 y apoyen m\u00e1s a los atletas. Felicidades Adriana, felicidades Guatemala  por la medalla de oro\".<\/span><\/div>\n\t\t\t\n\t\t\t\t\t\t<div class=\"elementor-testimonial-meta elementor-has-image elementor-testimonial-image-position-aside\">\n\t\t\t\t<div class=\"elementor-testimonial-meta-inner\">\n\t\t\t\t\t\t\t\t\t\t\t<div class=\"elementor-testimonial-image\">\n\t\t\t\t\t\t\t<img loading=\"lazy\" decoding=\"async\" width=\"1536\" height=\"1507\" src=\"https:\/\/soymigrante.com\/revista\/wp-content\/uploads\/2024\/07\/letty-baran.webp\" class=\"attachment-full size-full wp-image-7766\" alt=\"Union de mujer mexicana en un entorno hogare\u00f1o, promoviendo cultura y empoderamiento, en la portada de SoyMigrante.com REVISTA con tem\u00e1tica de migraci\u00f3n y comunidad hispana.\" title=\"letty baran \u2013 SoyMigrante.com REVISTA\" srcset=\"https:\/\/soymigrante.com\/revista\/wp-content\/uploads\/2024\/07\/letty-baran.webp 1536w, https:\/\/soymigrante.com\/revista\/wp-content\/uploads\/2024\/07\/letty-baran-300x294.webp 300w, https:\/\/soymigrante.com\/revista\/wp-content\/uploads\/2024\/07\/letty-baran-1024x1005.webp 1024w, https:\/\/soymigrante.com\/revista\/wp-content\/uploads\/2024\/07\/letty-baran-768x754.webp 768w, https:\/\/soymigrante.com\/revista\/wp-content\/uploads\/2024\/07\/letty-baran-75x75.webp 75w, https:\/\/soymigrante.com\/revista\/wp-content\/uploads\/2024\/07\/letty-baran-750x736.webp 750w, https:\/\/soymigrante.com\/revista\/wp-content\/uploads\/2024\/07\/letty-baran-1140x1118.webp 1140w\" sizes=\"(max-width: 1536px) 100vw, 1536px\" \/>\t\t\t\t\t\t<\/div>\n\t\t\t\t\t\n\t\t\t\t\t\t\t\t\t\t<div class=\"elementor-testimonial-details\">\n\t\t\t\t\t\t\t\t\t\t\t\t\t\t<div class=\"elementor-testimonial-name\">Letty Bar\u00e1n<\/div>\n\t\t\t\t\t\t\t\t\t\t\t\t\t\t\t\t\t\t\t\t\t\t<div class=\"elementor-testimonial-job\">Emprendedora y l\u00edder migrante en Maryland<\/div>\n\t\t\t\t\t\t\t\t\t\t\t\t\t<\/div>\n\t\t\t\t\t\t\t\t\t<\/div>\n\t\t\t<\/div>\n\t\t\t\t\t<\/div>\n\t\t\t\t\t\t<\/div>\n\t\t\t\t\t<\/div>\n\t\t\t\t<\/div>\n\t\t<div data-particle_enable=\"false\" data-particle-mobile-disabled=\"false\" class=\"elementor-element elementor-element-e2b3c96 e-flex e-con-boxed e-con e-parent\" data-id=\"e2b3c96\" data-element_type=\"container\" data-e-type=\"container\">\n\t\t\t\t\t<div class=\"e-con-inner\">\n\t\t\t\t<div class=\"elementor-element elementor-element-1ff9b1c elementor-invisible elementor-widget elementor-widget-testimonial\" data-id=\"1ff9b1c\" data-element_type=\"widget\" data-e-type=\"widget\" data-settings=\"{&quot;_animation&quot;:&quot;bounceInLeft&quot;}\" data-widget_type=\"testimonial.default\">\n\t\t\t\t\t\t\t<div class=\"elementor-testimonial-wrapper\">\n\t\t\t\t\t\t\t<div class=\"elementor-testimonial-content\"><span style=\"font-size: 20.8px\">\"Desde el momento que salimos de Guatemala es para hacerla brillar Internacionalmente y hoy en estos Juegos Ol\u00edmpicos de Par\u00eds nos identificamos m\u00e1s con nuestros hermanos que nos representan y sentimos la responsabilidad que tenemos como guatemaltecos. <b>\u00a1Nuevamente nos destacamos como so\u00f1adores y triunfadores!<\/b><\/span><\/div>\n\t\t\t\n\t\t\t\t\t\t<div class=\"elementor-testimonial-meta elementor-has-image elementor-testimonial-image-position-aside\">\n\t\t\t\t<div class=\"elementor-testimonial-meta-inner\">\n\t\t\t\t\t\t\t\t\t\t\t<div class=\"elementor-testimonial-image\">\n\t\t\t\t\t\t\t<img loading=\"lazy\" decoding=\"async\" width=\"1057\" height=\"783\" src=\"https:\/\/soymigrante.com\/revista\/wp-content\/uploads\/2024\/01\/JUAN-VALDEZ-GRAMA2.webp\" class=\"attachment-full size-full wp-image-4697\" alt=\"Juan Valdez Migrante guatemalteco\" title=\"Juan Valdez Migrante guatemalteco \u2013 SoyMigrante.com REVISTA\" srcset=\"https:\/\/soymigrante.com\/revista\/wp-content\/uploads\/2024\/01\/JUAN-VALDEZ-GRAMA2.webp 1057w, https:\/\/soymigrante.com\/revista\/wp-content\/uploads\/2024\/01\/JUAN-VALDEZ-GRAMA2-300x222.webp 300w, https:\/\/soymigrante.com\/revista\/wp-content\/uploads\/2024\/01\/JUAN-VALDEZ-GRAMA2-1024x759.webp 1024w, https:\/\/soymigrante.com\/revista\/wp-content\/uploads\/2024\/01\/JUAN-VALDEZ-GRAMA2-768x569.webp 768w, https:\/\/soymigrante.com\/revista\/wp-content\/uploads\/2024\/01\/JUAN-VALDEZ-GRAMA2-750x556.webp 750w\" sizes=\"(max-width: 1057px) 100vw, 1057px\" \/>\t\t\t\t\t\t<\/div>\n\t\t\t\t\t\n\t\t\t\t\t\t\t\t\t\t<div class=\"elementor-testimonial-details\">\n\t\t\t\t\t\t\t\t\t\t\t\t\t\t<div class=\"elementor-testimonial-name\">Juan Vald\u00e9z<\/div>\n\t\t\t\t\t\t\t\t\t\t\t\t\t\t\t\t\t\t\t\t\t\t<div class=\"elementor-testimonial-job\">Comunicador, conductor de eventos, motivador y escritor guatemalteco radicado en Chicago<\/div>\n\t\t\t\t\t\t\t\t\t\t\t\t\t<\/div>\n\t\t\t\t\t\t\t\t\t<\/div>\n\t\t\t<\/div>\n\t\t\t\t\t<\/div>\n\t\t\t\t\t\t<\/div>\n\t\t\t\t\t<\/div>\n\t\t\t\t<\/div>\n\t\t<div data-particle_enable=\"false\" data-particle-mobile-disabled=\"false\" class=\"elementor-element elementor-element-d093b90 e-flex e-con-boxed e-con e-parent\" data-id=\"d093b90\" data-element_type=\"container\" data-e-type=\"container\">\n\t\t\t\t\t<div class=\"e-con-inner\">\n\t\t\t\t<div class=\"elementor-element elementor-element-11f0e35 elementor-widget elementor-widget-heading\" data-id=\"11f0e35\" data-element_type=\"widget\" data-e-type=\"widget\" data-widget_type=\"heading.default\">\n\t\t\t\t\t<h4 class=\"elementor-heading-title elementor-size-default\">El cantautor, actor y promotor cultural Domingo Lemus est\u00e1 en NY y desde sus redes expres\u00f3 su orgullo y emoci\u00f3n<\/h4>\t\t\t\t<\/div>\n\t\t\t\t\t<\/div>\n\t\t\t\t<\/div>\n\t\t<div data-particle_enable=\"false\" data-particle-mobile-disabled=\"false\" class=\"elementor-element elementor-element-79eab6c e-flex e-con-boxed e-con e-parent\" data-id=\"79eab6c\" data-element_type=\"container\" data-e-type=\"container\">\n\t\t\t\t\t<div class=\"e-con-inner\">\n\t\t\t\t<div class=\"elementor-element elementor-element-21ac9e6 elementor-invisible elementor-widget elementor-widget-html\" data-id=\"21ac9e6\" data-element_type=\"widget\" data-e-type=\"widget\" data-settings=\"{&quot;_animation&quot;:&quot;rotateInUpLeft&quot;}\" data-widget_type=\"html.default\">\n\t\t\t\t\t<iframe src=\"https:\/\/www.facebook.com\/plugins\/post.php?href=https%3A%2F%2Fwww.facebook.com%2Fdomingo.lemus.7%2Fposts%2Fpfbid022t4g7Bf4RVPnCKscorTwfGuoHeCZWt4EsPy7y9JptrpoxD2qVjNd6Zcn3HdPoASvl&show_text=true&width=500\" width=\"500\" height=\"609\" style=\"border:none;overflow:hidden\" scrolling=\"no\" frameborder=\"0\" allowfullscreen=\"true\" allow=\"autoplay; clipboard-write; encrypted-media; picture-in-picture; web-share\"><\/iframe>\t\t\t\t<\/div>\n\t\t\t\t\t<\/div>\n\t\t\t\t<\/div>\n\t\t<div data-particle_enable=\"false\" data-particle-mobile-disabled=\"false\" class=\"elementor-element elementor-element-9155b1c e-flex e-con-boxed e-con e-parent\" data-id=\"9155b1c\" data-element_type=\"container\" data-e-type=\"container\">\n\t\t\t\t\t<div class=\"e-con-inner\">\n\t\t\t\t<div class=\"elementor-element elementor-element-1351b3b elementor-invisible elementor-widget elementor-widget-testimonial\" data-id=\"1351b3b\" data-element_type=\"widget\" data-e-type=\"widget\" data-settings=\"{&quot;_animation&quot;:&quot;bounceInLeft&quot;}\" data-widget_type=\"testimonial.default\">\n\t\t\t\t\t\t\t<div class=\"elementor-testimonial-wrapper\">\n\t\t\t\t\t\t\t<div class=\"elementor-testimonial-content\"><span style=\"font-size: 20.8px\">\"Los atletas ol\u00edmpicos son los mejores atletas que tiene la humanidad en su momento. Para llegar all\u00ed deben de solventar incalculable adversidades. Particularmente en pa\u00edses como Guatemala. \u00a1Despu\u00e9s de ese inmenso sacrificio, lograr una medalla, los ubica en el podio de la excelencia! <\/span><br><span style=\"font-size: 20.8px\">En esa estela de grandeza, enarbolan con ellos nuestro Himno, Bandera y Naci\u00f3n. \u00a1Gracias Jean Pierre, gracias Adriana en su indiscutible hito! Sepan que tambi\u00e9n enarbolan nuestro amor&nbsp;por&nbsp;Guatemala<\/span><\/div>\n\t\t\t\n\t\t\t\t\t\t<div class=\"elementor-testimonial-meta elementor-has-image elementor-testimonial-image-position-aside\">\n\t\t\t\t<div class=\"elementor-testimonial-meta-inner\">\n\t\t\t\t\t\t\t\t\t\t\t<div class=\"elementor-testimonial-image\">\n\t\t\t\t\t\t\t<img loading=\"lazy\" decoding=\"async\" width=\"603\" height=\"652\" src=\"https:\/\/soymigrante.com\/revista\/wp-content\/uploads\/2023\/09\/Captura-de-pantalla-2023-09-18-133605.webp\" class=\"attachment-full size-full wp-image-2619\" alt=\"Byron Titus, migrante y soci\u00f3logo guatemalteco radicado en Massachussets\" title=\"Byron Titus, migrante y soci\u00f3logo guatemalteco radicado en Massachussets \u2013 SoyMigrante.com REVISTA\" srcset=\"https:\/\/soymigrante.com\/revista\/wp-content\/uploads\/2023\/09\/Captura-de-pantalla-2023-09-18-133605.webp 603w, https:\/\/soymigrante.com\/revista\/wp-content\/uploads\/2023\/09\/Captura-de-pantalla-2023-09-18-133605-277x300.webp 277w\" sizes=\"(max-width: 603px) 100vw, 603px\" \/>\t\t\t\t\t\t<\/div>\n\t\t\t\t\t\n\t\t\t\t\t\t\t\t\t\t<div class=\"elementor-testimonial-details\">\n\t\t\t\t\t\t\t\t\t\t\t\t\t\t<div class=\"elementor-testimonial-name\">Byron Titus<\/div>\n\t\t\t\t\t\t\t\t\t\t\t\t\t\t\t\t\t\t\t\t\t\t<div class=\"elementor-testimonial-job\">Soci\u00f3logo y experto penitenciario\ninternacional radicado en Boston, Massachussets<\/div>\n\t\t\t\t\t\t\t\t\t\t\t\t\t<\/div>\n\t\t\t\t\t\t\t\t\t<\/div>\n\t\t\t<\/div>\n\t\t\t\t\t<\/div>\n\t\t\t\t\t\t<\/div>\n\t\t\t\t\t<\/div>\n\t\t\t\t<\/div>\n\t\t<div data-particle_enable=\"false\" data-particle-mobile-disabled=\"false\" class=\"elementor-element elementor-element-5c4576f e-flex e-con-boxed e-con e-parent\" data-id=\"5c4576f\" data-element_type=\"container\" data-e-type=\"container\">\n\t\t\t\t\t<div class=\"e-con-inner\">\n\t\t\t\t<div class=\"elementor-element elementor-element-2f5ac66 elementor-widget elementor-widget-heading\" data-id=\"2f5ac66\" data-element_type=\"widget\" data-e-type=\"widget\" data-widget_type=\"heading.default\">\n\t\t\t\t\t<h2 class=\"elementor-heading-title elementor-size-default\">Guatemala se lleva siempre en el coraz\u00f3n<\/h2>\t\t\t\t<\/div>\n\t\t\t\t\t<\/div>\n\t\t\t\t<\/div>\n\t\t<div data-particle_enable=\"false\" data-particle-mobile-disabled=\"false\" class=\"elementor-element elementor-element-a56014c e-flex e-con-boxed e-con e-parent\" data-id=\"a56014c\" data-element_type=\"container\" data-e-type=\"container\">\n\t\t\t\t\t<div class=\"e-con-inner\">\n\t\t\t\t<div class=\"elementor-element elementor-element-5355e46 elementor-grid-eael-col-3 elementor-grid-tablet-eael-col-2 elementor-grid-mobile-eael-col-1 elementor-widget elementor-widget-eael-post-grid\" data-id=\"5355e46\" data-element_type=\"widget\" data-e-type=\"widget\" data-settings=\"{&quot;eael_post_grid_columns&quot;:&quot;eael-col-3&quot;,&quot;eael_post_grid_columns_tablet&quot;:&quot;eael-col-2&quot;,&quot;eael_post_grid_columns_mobile&quot;:&quot;eael-col-1&quot;}\" data-widget_type=\"eael-post-grid.default\">\n\t\t\t\t\t<div id=\"eael-post-grid-5355e46\" class=\"eael-post-grid-container\">\n            <div class=\"eael-post-grid eael-post-appender eael-post-appender-5355e46 eael-post-grid-style-one\" data-layout-mode=\"masonry\"><article class=\"eael-grid-post  eael-post-grid-column eael-pg-post-3242 category-simbolos-patrios-guate-nuestra\" data-id=\"3242\">\n        <div class=\"eael-grid-post-holder\">\n            <div class=\"eael-grid-post-holder-inner\"><div class=\"eael-entry-media\"><div class=\"eael-entry-overlay fade-in\"><i class=\"far fa-hand-pointer\" aria-hidden=\"true\"><\/i><a href=\"https:\/\/soymigrante.com\/revista\/himno-nacional-de-guatemala-6-fechas-que-todo-guatemalteco-debe-conocer\/\"><\/a><\/div><div class=\"eael-entry-thumbnail \">\n                <img loading=\"lazy\" decoding=\"async\" width=\"698\" height=\"727\" src=\"https:\/\/soymigrante.com\/revista\/wp-content\/uploads\/2025\/03\/himno-nacional.webp\" class=\"attachment-large size-large wp-image-28002\" alt=\"Ilustraci\u00f3n IA para nota del Himno Nacional de Guatemala. Envato Labs\" srcset=\"https:\/\/soymigrante.com\/revista\/wp-content\/uploads\/2025\/03\/himno-nacional.webp 698w, https:\/\/soymigrante.com\/revista\/wp-content\/uploads\/2025\/03\/himno-nacional-288x300.jpg 288w\" sizes=\"(max-width: 698px) 100vw, 698px\" \/>\n            <\/div>\n        <\/div><div class=\"eael-entry-wrapper\"><header class=\"eael-entry-header\"><h2 class=\"eael-entry-title\"><a class=\"eael-grid-post-link\" href=\"https:\/\/soymigrante.com\/revista\/himno-nacional-de-guatemala-6-fechas-que-todo-guatemalteco-debe-conocer\/\" title=\"\u00bfCu\u00e1ndo y d\u00f3nde se estren\u00f3 oficialmente Himno Nacional de Guatemala ?\">\u00bfCu\u00e1ndo y d\u00f3nde se estren\u00f3 oficialmente Himno Nacional de Guatemala ?<\/a><\/h2><\/header><div class=\"eael-entry-content\">\n                        <div class=\"eael-grid-post-excerpt\"><a href=\"https:\/\/soymigrante.com\/revista\/himno-nacional-de-guatemala-6-fechas-que-todo-guatemalteco-debe-conocer\/\" class=\"eael-post-elements-readmore-btn\">CONOCE SU HISTORIA <\/a><\/div>\n                    <\/div><\/div><\/div>\n        <\/div>\n    <\/article><article class=\"eael-grid-post  eael-post-grid-column eael-pg-post-3542 category-guate-nuestra-simbolos-patrios-guate-nuestra\" data-id=\"3542\">\n        <div class=\"eael-grid-post-holder\">\n            <div class=\"eael-grid-post-holder-inner\"><div class=\"eael-entry-media\"><div class=\"eael-entry-overlay fade-in\"><i class=\"far fa-hand-pointer\" aria-hidden=\"true\"><\/i><a href=\"https:\/\/soymigrante.com\/revista\/simbolos-patrios-de-guatemala-el-escudo-nacional\/\"><\/a><\/div><div class=\"eael-entry-thumbnail \">\n                <img loading=\"lazy\" decoding=\"async\" width=\"1024\" height=\"761\" src=\"https:\/\/soymigrante.com\/revista\/wp-content\/uploads\/2023\/11\/Captura-de-pantalla-2023-11-27-140941-1024x761.webp\" class=\"attachment-large size-large wp-image-3546\" alt=\"El Escudo Nacional de Guatemala explicado de la A a la F\" srcset=\"https:\/\/soymigrante.com\/revista\/wp-content\/uploads\/2023\/11\/Captura-de-pantalla-2023-11-27-140941-1024x761.webp 1024w, https:\/\/soymigrante.com\/revista\/wp-content\/uploads\/2023\/11\/Captura-de-pantalla-2023-11-27-140941-300x223.webp 300w, https:\/\/soymigrante.com\/revista\/wp-content\/uploads\/2023\/11\/Captura-de-pantalla-2023-11-27-140941-768x571.webp 768w, https:\/\/soymigrante.com\/revista\/wp-content\/uploads\/2023\/11\/Captura-de-pantalla-2023-11-27-140941-750x557.webp 750w, https:\/\/soymigrante.com\/revista\/wp-content\/uploads\/2023\/11\/Captura-de-pantalla-2023-11-27-140941-1140x847.webp 1140w, https:\/\/soymigrante.com\/revista\/wp-content\/uploads\/2023\/11\/Captura-de-pantalla-2023-11-27-140941.webp 1265w\" sizes=\"(max-width: 1024px) 100vw, 1024px\" \/>\n            <\/div>\n        <\/div><div class=\"eael-entry-wrapper\"><header class=\"eael-entry-header\"><h2 class=\"eael-entry-title\"><a class=\"eael-grid-post-link\" href=\"https:\/\/soymigrante.com\/revista\/simbolos-patrios-de-guatemala-el-escudo-nacional\/\" title=\"El Escudo Nacional de Guatemala explicado de la A a la F\">El Escudo Nacional de Guatemala explicado de la A a la F<\/a><\/h2><\/header><div class=\"eael-entry-content\">\n                        <div class=\"eael-grid-post-excerpt\"><a href=\"https:\/\/soymigrante.com\/revista\/simbolos-patrios-de-guatemala-el-escudo-nacional\/\" class=\"eael-post-elements-readmore-btn\">CONOCE SU HISTORIA <\/a><\/div>\n                    <\/div><\/div><\/div>\n        <\/div>\n    <\/article><article class=\"eael-grid-post  eael-post-grid-column eael-pg-post-3451 category-guate-nuestra-simbolos-patrios-guate-nuestra\" data-id=\"3451\">\n        <div class=\"eael-grid-post-holder\">\n            <div class=\"eael-grid-post-holder-inner\"><div class=\"eael-entry-media\"><div class=\"eael-entry-overlay fade-in\"><i class=\"far fa-hand-pointer\" aria-hidden=\"true\"><\/i><a href=\"https:\/\/soymigrante.com\/revista\/simbolos-patrios-de-guatemala-bandera-nacional\/\"><\/a><\/div><div class=\"eael-entry-thumbnail \">\n                <img loading=\"lazy\" decoding=\"async\" width=\"533\" height=\"367\" src=\"https:\/\/soymigrante.com\/revista\/wp-content\/uploads\/2023\/10\/guatemaltecos-houston-1.webp\" class=\"attachment-large size-large wp-image-2991\" alt=\"Migrantes guatemaltecos, al igual que millonees de connacionales en el pa\u00eds, acudieron a las citas c\u00edvicas del 25 de junio y 20 de agosto. Votaron, decidieron y las misiones de observaci\u00f3n electoral certificaron que no hubo anomal\u00edas ni indicio alguno de fraude.\" srcset=\"https:\/\/soymigrante.com\/revista\/wp-content\/uploads\/2023\/10\/guatemaltecos-houston-1.webp 533w, https:\/\/soymigrante.com\/revista\/wp-content\/uploads\/2023\/10\/guatemaltecos-houston-1-300x207.webp 300w\" sizes=\"(max-width: 533px) 100vw, 533px\" \/>\n            <\/div>\n        <\/div><div class=\"eael-entry-wrapper\"><header class=\"eael-entry-header\"><h2 class=\"eael-entry-title\"><a class=\"eael-grid-post-link\" href=\"https:\/\/soymigrante.com\/revista\/simbolos-patrios-de-guatemala-bandera-nacional\/\" title=\"La bandera Nacional de Guatemala: colores azul y blanco tambi\u00e9n son bicentenarios\">La bandera Nacional de Guatemala: colores azul y blanco tambi\u00e9n son bicentenarios<\/a><\/h2><\/header><div class=\"eael-entry-content\">\n                        <div class=\"eael-grid-post-excerpt\"><a href=\"https:\/\/soymigrante.com\/revista\/simbolos-patrios-de-guatemala-bandera-nacional\/\" class=\"eael-post-elements-readmore-btn\">CONOCE SU HISTORIA <\/a><\/div>\n                    <\/div><\/div><\/div>\n        <\/div>\n    <\/article><\/div>\n            <div class=\"clearfix\"><\/div>\n        <\/div>\t\t\t\t<\/div>\n\t\t\t\t\t<\/div>\n\t\t\t\t<\/div>\n\t\t\t\t<\/div>\n\t\t","protected":false},"excerpt":{"rendered":"<p>Dentro y fuera de Guatemala es enorme la alegr\u00eda por dos medallas ol\u00edmpicas, oro para Adriana Ruano y bronce para Jean Pierre Brol, en los Juegos de Par\u00eds 2024. Migrantes guatemaltecos en EE.UU. y tambi\u00e9n Canad\u00e1, elogian estos triunfos de hermanos chapines. Estas son sus voces. Ver ondear la bandera azul y blanco el martes [&hellip;]<\/p>\n","protected":false},"author":7,"featured_media":7757,"comment_status":"open","ping_status":"open","sticky":false,"template":"","format":"standard","meta":{"_acf_changed":false,"_eb_attr":"","footnotes":""},"categories":[54],"tags":[],"class_list":["post-7756","post","type-post","status-publish","format-standard","has-post-thumbnail","hentry","category-estamos-unidos"],"acf":[],"aioseo_notices":[],"aioseo_head":"\n\t\t<!-- All in One SEO Pro 4.9.6.2 - aioseo.com -->\n\t<meta name=\"description\" content=\"S\u00edmbolo patrio de los guatemaltecos, dentro y fuera del pa\u00eds: la azul y blanco se luce con orgullo, con dignidad, con respeto y a menudo con nostalgia por la distancia, el tiempo y los ideales. Estos son algunos datos hist\u00f3ricos de la Bandera Nacional de Guatemala. Desde la declaraci\u00f3n de Independencia, en 1821, Guatemala ha\" \/>\n\t<meta name=\"robots\" content=\"max-snippet:-1, max-image-preview:large, max-video-preview:-1\" \/>\n\t<meta name=\"author\" content=\"Gustavo Montenegro\"\/>\n\t<link rel=\"canonical\" href=\"https:\/\/soymigrante.com\/revista\/jubilo-sin-fronteras-migrantes-celebran-a-medallistas-olimpicos-guatemaltecos-en-paris-2024\/\" \/>\n\t<meta name=\"generator\" content=\"All in One SEO Pro (AIOSEO) 4.9.6.2\" \/>\n\n\t\t<link rel=\"preconnect\" href=\"https:\/\/fonts.googleapis.com\" crossorigin>\n<link rel=\"preconnect\" href=\"https:\/\/fonts.gstatic.com\" crossorigin>\n\t\t<meta property=\"og:locale\" content=\"es_ES\" \/>\n\t\t<meta property=\"og:site_name\" content=\"SoyMigrante.com REVISTA \u2013 Nuestra misi\u00f3n es reconocer y dignificar al migrante.\" \/>\n\t\t<meta property=\"og:type\" content=\"article\" \/>\n\t\t<meta property=\"og:title\" content=\"Migrantes guatemaltecos felicitan a compatriotas medallistas\" \/>\n\t\t<meta property=\"og:description\" content=\"Felicitaciones, elogios y la valoraci\u00f3n de la excelencia guatemalteca destacan en los comentarios de chapines migrantes acerca de las dos medallas ol\u00edmpicas 2024\" \/>\n\t\t<meta property=\"og:url\" content=\"https:\/\/soymigrante.com\/revista\/jubilo-sin-fronteras-migrantes-celebran-a-medallistas-olimpicos-guatemaltecos-en-paris-2024\/\" \/>\n\t\t<meta property=\"og:image\" content=\"https:\/\/soymigrante.com\/revista\/wp-content\/uploads\/2024\/07\/medallistas.webp\" \/>\n\t\t<meta property=\"og:image:secure_url\" content=\"https:\/\/soymigrante.com\/revista\/wp-content\/uploads\/2024\/07\/medallistas.webp\" \/>\n\t\t<meta property=\"og:image:width\" content=\"468\" \/>\n\t\t<meta property=\"og:image:height\" content=\"468\" \/>\n\t\t<meta property=\"article:published_time\" content=\"2024-07-31T18:33:44+00:00\" \/>\n\t\t<meta property=\"article:modified_time\" content=\"2024-11-01T16:02:43+00:00\" \/>\n\t\t<meta property=\"article:publisher\" content=\"https:\/\/www.facebook.com\/soymigrantecom\" \/>\n\t\t<meta name=\"twitter:card\" content=\"summary_large_image\" \/>\n\t\t<meta name=\"twitter:site\" content=\"@SoyMigrante_com\" \/>\n\t\t<meta name=\"twitter:title\" content=\"Migrantes guatemaltecos felicitan a compatriotas medallistas\" \/>\n\t\t<meta name=\"twitter:description\" content=\"Felicitaciones, elogios y la valoraci\u00f3n de la excelencia guatemalteca destacan en los comentarios de chapines migrantes acerca de las dos medallas ol\u00edmpicas 2024\" \/>\n\t\t<meta name=\"twitter:creator\" content=\"@SoyMigrante_com\" \/>\n\t\t<meta name=\"twitter:image\" content=\"https:\/\/soymigrante.com\/revista\/wp-content\/uploads\/2024\/07\/medallistas.webp\" \/>\n\t\t<!-- All in One SEO Pro -->\r\n\t\t<title>Migrantes guatemaltecos felicitan a compatriotas medallistas<\/title>\n\n","aioseo_head_json":{"title":"Migrantes guatemaltecos felicitan a compatriotas medallistas","description":"Felicitaciones, elogios y la valoraci\u00f3n de la excelencia guatemalteca destacan en los comentarios de chapines migrantes acerca de las dos medallas ol\u00edmpicas 2024","canonical_url":"https:\/\/soymigrante.com\/revista\/jubilo-sin-fronteras-migrantes-celebran-a-medallistas-olimpicos-guatemaltecos-en-paris-2024\/","robots":"max-snippet:-1, max-image-preview:large, max-video-preview:-1","keywords":"","webmasterTools":{"miscellaneous":"&lt;link rel=\"preconnect\" href=\"https:\/\/fonts.googleapis.com\" crossorigin&gt;\n&lt;link rel=\"preconnect\" href=\"https:\/\/fonts.gstatic.com\" crossorigin&gt;"},"schema":null,"og:locale":"es_ES","og:site_name":"SoyMigrante.com REVISTA \u2013 Nuestra misi\u00f3n es reconocer y dignificar al migrante.","og:type":"article","og:title":"Migrantes guatemaltecos felicitan a compatriotas medallistas","og:description":"Felicitaciones, elogios y la valoraci\u00f3n de la excelencia guatemalteca destacan en los comentarios de chapines migrantes acerca de las dos medallas ol\u00edmpicas 2024","og:url":"https:\/\/soymigrante.com\/revista\/jubilo-sin-fronteras-migrantes-celebran-a-medallistas-olimpicos-guatemaltecos-en-paris-2024\/","og:image":"https:\/\/soymigrante.com\/revista\/wp-content\/uploads\/2024\/07\/medallistas.webp","og:image:secure_url":"https:\/\/soymigrante.com\/revista\/wp-content\/uploads\/2024\/07\/medallistas.webp","og:image:width":468,"og:image:height":468,"article:published_time":"2024-07-31T18:33:44+00:00","article:modified_time":"2024-11-01T16:02:43+00:00","article:publisher":"https:\/\/www.facebook.com\/soymigrantecom","twitter:card":"summary_large_image","twitter:site":"@SoyMigrante_com","twitter:title":"Migrantes guatemaltecos felicitan a compatriotas medallistas","twitter:description":"Felicitaciones, elogios y la valoraci\u00f3n de la excelencia guatemalteca destacan en los comentarios de chapines migrantes acerca de las dos medallas ol\u00edmpicas 2024","twitter:creator":"@SoyMigrante_com","twitter:image":"https:\/\/soymigrante.com\/revista\/wp-content\/uploads\/2024\/07\/medallistas.webp"},"aioseo_meta_data":{"post_id":"7756","title":"Migrantes guatemaltecos felicitan a compatriotas medallistas","description":"Felicitaciones, elogios y la valoraci\u00f3n de la excelencia guatemalteca destacan en los comentarios de chapines migrantes acerca de las dos medallas ol\u00edmpicas 2024","keywords":null,"keyphrases":{"focus":{"keyphrase":"Medallistas ol\u00edmpicos","score":43,"analysis":{"keyphraseInTitle":{"score":3,"maxScore":9,"error":1},"keyphraseInDescription":{"score":3,"maxScore":9,"error":1},"keyphraseLength":{"score":9,"maxScore":9,"error":0,"length":3},"keyphraseInURL":{"score":5,"maxScore":5,"error":0},"keyphraseInIntroduction":{"score":3,"maxScore":9,"error":1},"keyphraseInSubHeadings":{"score":3,"maxScore":9,"error":1},"keyphraseInImageAlt":{"score":3,"maxScore":9,"error":1},"keywordDensity":{"score":0,"type":"low","maxScore":9,"error":1}}},"additional":[{"keyphrase":"Guatemaltecos","score":40,"analysis":{"keyphraseInDescription":{"score":3,"maxScore":9,"error":1},"keyphraseLength":{"score":9,"maxScore":9,"error":0,"length":1},"keyphraseInIntroduction":{"score":3,"maxScore":9,"error":1},"keyphraseInImageAlt":{"score":3,"maxScore":9,"error":1},"keywordDensity":{"score":0,"type":"low","maxScore":9,"error":1}}}]},"primary_term":null,"canonical_url":null,"og_title":null,"og_description":null,"og_object_type":"default","og_image_type":"default","og_image_url":null,"og_image_width":null,"og_image_height":null,"og_image_custom_url":null,"og_image_custom_fields":null,"og_video":"","og_custom_url":null,"og_article_section":null,"og_article_tags":null,"twitter_use_og":false,"twitter_card":"default","twitter_image_type":"default","twitter_image_url":null,"twitter_image_custom_url":null,"twitter_image_custom_fields":null,"twitter_title":null,"twitter_description":null,"schema":{"blockGraphs":[],"customGraphs":[],"default":{"data":{"Article":[],"Course":[],"Dataset":[],"FAQPage":[],"Movie":[],"Person":[],"Product":[],"ProductReview":[],"Car":[],"Recipe":[],"Service":[],"SoftwareApplication":[],"WebPage":[]},"graphName":"Article","isEnabled":true},"graphs":[]},"schema_type":"default","schema_type_options":null,"pillar_content":false,"robots_default":true,"robots_noindex":false,"robots_noarchive":false,"robots_nosnippet":false,"robots_nofollow":false,"robots_noimageindex":false,"robots_noodp":false,"robots_notranslate":false,"robots_max_snippet":"-1","robots_max_videopreview":"-1","robots_max_imagepreview":"large","priority":null,"frequency":"default","local_seo":null,"seo_analyzer_scan_date":"2025-10-08 22:23:58","breadcrumb_settings":null,"limit_modified_date":false,"reviewed_by":null,"open_ai":"{\"title\":{\"suggestions\":[],\"usage\":0},\"description\":{\"suggestions\":[],\"usage\":0}}","ai":null,"created":"2024-07-31 17:07:47","updated":"2026-02-04 12:31:21"},"aioseo_breadcrumb":"<div class=\"aioseo-breadcrumbs\"><span class=\"aioseo-breadcrumb\">\n\t<a href=\"https:\/\/soymigrante.com\/revista\" title=\"Home\">Home<\/a>\n<\/span><span class=\"aioseo-breadcrumb-separator\">\u00bb<\/span><span class=\"aioseo-breadcrumb\">\n\t<a href=\"https:\/\/soymigrante.com\/revista\/category\/estamos-unidos\/\" title=\"Estamos Unidos\">Estamos Unidos<\/a>\n<\/span><span class=\"aioseo-breadcrumb-separator\">\u00bb<\/span><span class=\"aioseo-breadcrumb\">\n\tJ\u00fabilo sin fronteras: Migrantes celebran a medallistas ol\u00edmpicos guatemaltecos en Par\u00eds 2024\n<\/span><\/div>","aioseo_breadcrumb_json":[{"label":"Home","link":"https:\/\/soymigrante.com\/revista"},{"label":"Estamos Unidos","link":"https:\/\/soymigrante.com\/revista\/category\/estamos-unidos\/"},{"label":"J\u00fabilo sin fronteras: Migrantes celebran a medallistas ol\u00edmpicos guatemaltecos en Par\u00eds 2024","link":"https:\/\/soymigrante.com\/revista\/jubilo-sin-fronteras-migrantes-celebran-a-medallistas-olimpicos-guatemaltecos-en-paris-2024\/"}],"_links":{"self":[{"href":"https:\/\/soymigrante.com\/revista\/wp-json\/wp\/v2\/posts\/7756","targetHints":{"allow":["GET"]}}],"collection":[{"href":"https:\/\/soymigrante.com\/revista\/wp-json\/wp\/v2\/posts"}],"about":[{"href":"https:\/\/soymigrante.com\/revista\/wp-json\/wp\/v2\/types\/post"}],"author":[{"embeddable":true,"href":"https:\/\/soymigrante.com\/revista\/wp-json\/wp\/v2\/users\/7"}],"replies":[{"embeddable":true,"href":"https:\/\/soymigrante.com\/revista\/wp-json\/wp\/v2\/comments?post=7756"}],"version-history":[{"count":0,"href":"https:\/\/soymigrante.com\/revista\/wp-json\/wp\/v2\/posts\/7756\/revisions"}],"wp:featuredmedia":[{"embeddable":true,"href":"https:\/\/soymigrante.com\/revista\/wp-json\/wp\/v2\/media\/7757"}],"wp:attachment":[{"href":"https:\/\/soymigrante.com\/revista\/wp-json\/wp\/v2\/media?parent=7756"}],"wp:term":[{"taxonomy":"category","embeddable":true,"href":"https:\/\/soymigrante.com\/revista\/wp-json\/wp\/v2\/categories?post=7756"},{"taxonomy":"post_tag","embeddable":true,"href":"https:\/\/soymigrante.com\/revista\/wp-json\/wp\/v2\/tags?post=7756"}],"curies":[{"name":"wp","href":"https:\/\/api.w.org\/{rel}","templated":true}]}}