{"id":7746,"date":"2024-07-30T22:43:12","date_gmt":"2024-07-31T04:43:12","guid":{"rendered":"https:\/\/soymigrante.com\/revista\/?p=7746"},"modified":"2024-07-30T22:57:41","modified_gmt":"2024-07-31T04:57:41","slug":"ya-se-prepara-el-festival-chapin-en-oklahoma-city","status":"publish","type":"post","link":"https:\/\/soymigrante.com\/revista\/ya-se-prepara-el-festival-chapin-en-oklahoma-city\/","title":{"rendered":"Ya se prepara el Festival Chap\u00edn 2024 en Oklahoma City"},"content":{"rendered":"\t\t<div data-elementor-type=\"wp-post\" data-elementor-id=\"7746\" class=\"elementor elementor-7746\" data-elementor-post-type=\"post\">\n\t\t\t\t<div data-particle_enable=\"false\" data-particle-mobile-disabled=\"false\" class=\"elementor-element elementor-element-503f2e9 e-flex e-con-boxed e-con e-parent\" data-id=\"503f2e9\" data-element_type=\"container\" data-e-type=\"container\">\n\t\t\t\t\t<div class=\"e-con-inner\">\n\t\t\t\t<div class=\"elementor-element elementor-element-7098591 elementor-widget elementor-widget-heading\" data-id=\"7098591\" data-element_type=\"widget\" data-e-type=\"widget\" data-widget_type=\"heading.default\">\n\t\t\t\t\t<h2 class=\"elementor-heading-title elementor-size-default\">El Festival chap\u00edn busca llevar un pedazo de Guatemala a los migrantes radicados en Oklahoma, Estados Unidos, con comida, m\u00fasica y talentos guatemaltecos. Ser\u00e1 en septiembre pr\u00f3ximo.\n<\/h2>\t\t\t\t<\/div>\n\t\t\t\t\t<\/div>\n\t\t\t\t<\/div>\n\t\t<div data-particle_enable=\"false\" data-particle-mobile-disabled=\"false\" class=\"elementor-element elementor-element-68e644f e-flex e-con-boxed e-con e-parent\" data-id=\"68e644f\" data-element_type=\"container\" data-e-type=\"container\">\n\t\t\t\t\t<div class=\"e-con-inner\">\n\t\t\t\t<div class=\"elementor-element elementor-element-aec635c elementor-widget elementor-widget-text-editor\" data-id=\"aec635c\" data-element_type=\"widget\" data-e-type=\"widget\" data-widget_type=\"text-editor.default\">\n\t\t\t\t\t\t\t\t\t<p>Comida, churros de Guatemala, fiestas, m\u00fasica, aromas y el recuerdo de los seres queridos guatemaltecos se podr\u00e1 vivir en Estados Unidos con El Festival Chap\u00edn, que el Comit\u00e9 Guatemalteco Oklahoma ya prepara para septiembre pr\u00f3ximo.\u00a0<\/p><p>Se trata de una ocasi\u00f3n de encuentro de compatriotas, en el marco de los festejos de Independencia de Guatemala y Centro Am\u00e9rica. Este evento fue celebrado por primera vez en 2022 y se va convirtiendo poco a poco en una esperada tradici\u00f3n.<\/p><p>Y ya que se trata de\u00a0 fortalecer los lazos entre Guatemala y la comunidad de guatemaltecos en Oklahoma, el grupo Artistas Unidos ya confirm\u00f3 su participaci\u00f3n en este evento a trav\u00e9s de una delegaci\u00f3n.<\/p><p>\u00a0<\/p>\t\t\t\t\t\t\t\t<\/div>\n\t\t\t\t\t<\/div>\n\t\t\t\t<\/div>\n\t\t<div data-particle_enable=\"false\" data-particle-mobile-disabled=\"false\" class=\"elementor-element elementor-element-38b0ebe e-flex e-con-boxed e-con e-parent\" data-id=\"38b0ebe\" data-element_type=\"container\" data-e-type=\"container\">\n\t\t\t\t\t<div class=\"e-con-inner\">\n\t\t\t\t<div class=\"elementor-element elementor-element-e2bc844 elementor-widget elementor-widget-html\" data-id=\"e2bc844\" data-element_type=\"widget\" data-e-type=\"widget\" data-widget_type=\"html.default\">\n\t\t\t\t\t<iframe src=\"https:\/\/www.facebook.com\/plugins\/post.php?href=https%3A%2F%2Fwww.facebook.com%2FAsociaciondeartistasunidosGT7.0%2Fposts%2Fpfbid02iS8ZsBymv2Abvx26Eyq3ju5TnpvKFyfKkywNnrdT13sTmwwBz8v8RcmqJFT7iQEXl&show_text=true&width=500\" width=\"500\" height=\"731\" style=\"border:none;overflow:hidden\" scrolling=\"no\" frameborder=\"0\" allowfullscreen=\"true\" allow=\"autoplay; clipboard-write; encrypted-media; picture-in-picture; web-share\"><\/iframe>\t\t\t\t<\/div>\n\t\t\t\t\t<\/div>\n\t\t\t\t<\/div>\n\t\t<div data-particle_enable=\"false\" data-particle-mobile-disabled=\"false\" class=\"elementor-element elementor-element-a26436c e-flex e-con-boxed e-con e-parent\" data-id=\"a26436c\" data-element_type=\"container\" data-e-type=\"container\">\n\t\t\t\t\t<div class=\"e-con-inner\">\n\t\t\t\t<div class=\"elementor-element elementor-element-20468e5 elementor-widget elementor-widget-heading\" data-id=\"20468e5\" data-element_type=\"widget\" data-e-type=\"widget\" data-widget_type=\"heading.default\">\n\t\t\t\t\t<h3 class=\"elementor-heading-title elementor-size-default\">\u00bfCu\u00e1ndo y d\u00f3nde ser\u00e1 El Festival Chap\u00edn? <\/h3>\t\t\t\t<\/div>\n\t\t\t\t\t<\/div>\n\t\t\t\t<\/div>\n\t\t<div data-particle_enable=\"false\" data-particle-mobile-disabled=\"false\" class=\"elementor-element elementor-element-526a65a e-flex e-con-boxed e-con e-parent\" data-id=\"526a65a\" data-element_type=\"container\" data-e-type=\"container\">\n\t\t\t\t\t<div class=\"e-con-inner\">\n\t\t\t\t<div class=\"elementor-element elementor-element-a29cb7a elementor-widget elementor-widget-text-editor\" data-id=\"a29cb7a\" data-element_type=\"widget\" data-e-type=\"widget\" data-widget_type=\"text-editor.default\">\n\t\t\t\t\t\t\t\t\t<p>Esta celebraci\u00f3n se realizar\u00e1 el 15 de septiembre por motivo de la independencia y la fiesta que se realiza en Guatemala. Debido a la creciente popularidad del evento, este a\u00f1o se celebrar\u00e1 en un lugar m\u00e1s amplio y con suficiente espacio para albergar a todos los asistentes.<\/p><p>El espacio ser\u00e1\u00a0<span style=\"color: var( --e-global-color-text ); text-align: var(--text-align);\">el Stars And Stripes Park de Oklahoma.<\/span><\/p><p>Esta actividad est\u00e1 organizada por el Comit\u00e9 Guatemalteco Oklahoma, que es una organizaci\u00f3n apasionada dedicada a preservar y promover la cultura, vibrantes tradiciones, arte y exquisita gastronom\u00eda de Guatemala.\u00a0 A trav\u00e9s de sus redes sociales ellos manifiestan el\u00a0 compromiso inquebrantable, por mantener vivo el esp\u00edritu de Guatemala en el coraz\u00f3n de Oklahoma.<\/p>\t\t\t\t\t\t\t\t<\/div>\n\t\t\t\t\t<\/div>\n\t\t\t\t<\/div>\n\t\t<div data-particle_enable=\"false\" data-particle-mobile-disabled=\"false\" class=\"elementor-element elementor-element-b7308f6 e-flex e-con-boxed e-con e-parent\" data-id=\"b7308f6\" data-element_type=\"container\" data-e-type=\"container\">\n\t\t\t\t\t<div class=\"e-con-inner\">\n\t\t\t\t<div class=\"elementor-element elementor-element-d6b2940 elementor-widget elementor-widget-google_maps\" data-id=\"d6b2940\" data-element_type=\"widget\" data-e-type=\"widget\" data-widget_type=\"google_maps.default\">\n\t\t\t\t\t\t\t<div class=\"elementor-custom-embed\">\n\t\t\t<iframe loading=\"lazy\"\n\t\t\t\t\tsrc=\"https:\/\/maps.google.com\/maps?q=Star%20Stripes%20Park%20Oklahoma&#038;t=m&#038;z=10&#038;output=embed&#038;iwloc=near\"\n\t\t\t\t\ttitle=\"Star Stripes Park Oklahoma\"\n\t\t\t\t\taria-label=\"Star Stripes Park Oklahoma\"\n\t\t\t><\/iframe>\n\t\t<\/div>\n\t\t\t\t\t\t<\/div>\n\t\t\t\t\t<\/div>\n\t\t\t\t<\/div>\n\t\t<div data-particle_enable=\"false\" data-particle-mobile-disabled=\"false\" class=\"elementor-element elementor-element-5aa4915 e-flex e-con-boxed e-con e-parent\" data-id=\"5aa4915\" data-element_type=\"container\" data-e-type=\"container\">\n\t\t\t\t\t<div class=\"e-con-inner\">\n\t\t\t\t<div class=\"elementor-element elementor-element-54f8e95 elementor-widget elementor-widget-heading\" data-id=\"54f8e95\" data-element_type=\"widget\" data-e-type=\"widget\" data-widget_type=\"heading.default\">\n\t\t\t\t\t<h3 class=\"elementor-heading-title elementor-size-default\">\u00bfQu\u00e9 actividades tendr\u00e1 El Festival Chap\u00edn? <\/h3>\t\t\t\t<\/div>\n\t\t\t\t\t<\/div>\n\t\t\t\t<\/div>\n\t\t<div data-particle_enable=\"false\" data-particle-mobile-disabled=\"false\" class=\"elementor-element elementor-element-9473273 e-flex e-con-boxed e-con e-parent\" data-id=\"9473273\" data-element_type=\"container\" data-e-type=\"container\">\n\t\t\t\t\t<div class=\"e-con-inner\">\n\t\t\t\t<div class=\"elementor-element elementor-element-c59aa20 elementor-widget elementor-widget-text-editor\" data-id=\"c59aa20\" data-element_type=\"widget\" data-e-type=\"widget\" data-widget_type=\"text-editor.default\">\n\t\t\t\t\t\t\t\t\t<p>Esta celebraci\u00f3n contar\u00e1 con la presentaci\u00f3n de grupos musicales desde Guatemala, invitados especiales, ventas de comida guatemalteca y la coronaci\u00f3n de Miss Festival Chap\u00edn. <\/p>\t\t\t\t\t\t\t\t<\/div>\n\t\t\t\t\t<\/div>\n\t\t\t\t<\/div>\n\t\t<div data-particle_enable=\"false\" data-particle-mobile-disabled=\"false\" class=\"elementor-element elementor-element-f794534 e-flex e-con-boxed e-con e-parent\" data-id=\"f794534\" data-element_type=\"container\" data-e-type=\"container\">\n\t\t\t\t\t<div class=\"e-con-inner\">\n\t\t\t\t<div class=\"elementor-element elementor-element-e9fc4fb elementor-widget elementor-widget-heading\" data-id=\"e9fc4fb\" data-element_type=\"widget\" data-e-type=\"widget\" data-widget_type=\"heading.default\">\n\t\t\t\t\t<h3 class=\"elementor-heading-title elementor-size-default\">\u00bfCu\u00e1nto cuesta la entrada al Festival Chap\u00edn?<\/h3>\t\t\t\t<\/div>\n\t\t\t\t\t<\/div>\n\t\t\t\t<\/div>\n\t\t<div data-particle_enable=\"false\" data-particle-mobile-disabled=\"false\" class=\"elementor-element elementor-element-0ce47e2 e-flex e-con-boxed e-con e-parent\" data-id=\"0ce47e2\" data-element_type=\"container\" data-e-type=\"container\">\n\t\t\t\t\t<div class=\"e-con-inner\">\n\t\t\t\t<div class=\"elementor-element elementor-element-38f541b elementor-widget elementor-widget-text-editor\" data-id=\"38f541b\" data-element_type=\"widget\" data-e-type=\"widget\" data-widget_type=\"text-editor.default\">\n\t\t\t\t\t\t\t\t\t<p>Los adultos pagar\u00e1n 2 d\u00f3lares por persona, pero los menores de 12 a\u00f1os entrar\u00e1n gratis.<\/p>\t\t\t\t\t\t\t\t<\/div>\n\t\t\t\t\t<\/div>\n\t\t\t\t<\/div>\n\t\t<div data-particle_enable=\"false\" data-particle-mobile-disabled=\"false\" class=\"elementor-element elementor-element-74f2e86 e-flex e-con-boxed e-con e-parent\" data-id=\"74f2e86\" data-element_type=\"container\" data-e-type=\"container\">\n\t\t\t\t\t<div class=\"e-con-inner\">\n\t\t\t\t<div class=\"elementor-element elementor-element-0021dca elementor-widget elementor-widget-image\" data-id=\"0021dca\" data-element_type=\"widget\" data-e-type=\"widget\" data-widget_type=\"image.default\">\n\t\t\t\t\t\t\t\t\t\t\t\t\t\t\t<img fetchpriority=\"high\" decoding=\"async\" width=\"723\" height=\"729\" src=\"https:\/\/soymigrante.com\/revista\/wp-content\/uploads\/2024\/07\/comite-guatemalteco-oklahoma.webp\" class=\"attachment-large size-large wp-image-7755\" alt=\"Guatemalteco OKLAHOMA Comit\u00e9, s\u00edmbolo de comunidad ind\u00edgena, cultura y resistencia en Estados Unidos.\" srcset=\"https:\/\/soymigrante.com\/revista\/wp-content\/uploads\/2024\/07\/comite-guatemalteco-oklahoma.webp 723w, https:\/\/soymigrante.com\/revista\/wp-content\/uploads\/2024\/07\/comite-guatemalteco-oklahoma-298x300.webp 298w, https:\/\/soymigrante.com\/revista\/wp-content\/uploads\/2024\/07\/comite-guatemalteco-oklahoma-150x150.webp 150w, https:\/\/soymigrante.com\/revista\/wp-content\/uploads\/2024\/07\/comite-guatemalteco-oklahoma-75x75.webp 75w\" sizes=\"(max-width: 723px) 100vw, 723px\" title=\"El Comit\u00e9 Guatemalteco en Oklahoma es el organizador del Festival Chap\u00edn pero tambi\u00e9n de varias actividades de beneficio a la comunidad guatemalteca e hispana. \u2013 SoyMigrante.com REVISTA\" \/>\t\t\t\t\t\t\t\t\t\t\t\t\t\t\t<\/div>\n\t\t\t\t\t<\/div>\n\t\t\t\t<\/div>\n\t\t<div data-particle_enable=\"false\" data-particle-mobile-disabled=\"false\" class=\"elementor-element elementor-element-551584c e-flex e-con-boxed e-con e-parent\" data-id=\"551584c\" data-element_type=\"container\" data-e-type=\"container\">\n\t\t\t\t\t<div class=\"e-con-inner\">\n\t\t\t\t<div class=\"elementor-element elementor-element-8c6707c elementor-widget elementor-widget-heading\" data-id=\"8c6707c\" data-element_type=\"widget\" data-e-type=\"widget\" data-widget_type=\"heading.default\">\n\t\t\t\t\t<h3 class=\"elementor-heading-title elementor-size-default\">\u00bfC\u00f3mo surgi\u00f3 Guate Fest?<\/h3>\t\t\t\t<\/div>\n\t\t\t\t\t<\/div>\n\t\t\t\t<\/div>\n\t\t<div data-particle_enable=\"false\" data-particle-mobile-disabled=\"false\" class=\"elementor-element elementor-element-8720bcb e-flex e-con-boxed e-con e-parent\" data-id=\"8720bcb\" data-element_type=\"container\" data-e-type=\"container\">\n\t\t\t\t\t<div class=\"e-con-inner\">\n\t\t\t\t<div class=\"elementor-element elementor-element-b5c6317 elementor-widget elementor-widget-text-editor\" data-id=\"b5c6317\" data-element_type=\"widget\" data-e-type=\"widget\" data-widget_type=\"text-editor.default\">\n\t\t\t\t\t\t\t\t\t<p>\u201cEn el Comit\u00e9 Guatemalteco Oklahoma, creemos firmemente en el poder de la unidad y la comunidad. Nos esforzamos por crear un ambiente acogedor donde los guatemaltecos y personas de todas las procedencias puedan reunirse para compartir la alegr\u00eda y la belleza del legado cultural de Guatemala. A trav\u00e9s de nuestros esfuerzos, buscamos construir puentes de comprensi\u00f3n, fomentando la apreciaci\u00f3n y el respeto cultural para todos\u201d, dijo Miriam Tepe, una de las organizadoras de la actividad.<\/p><p>Tepe, adem\u00e1s, a\u00f1adi\u00f3 que esta festividad es especial, porque se entrelazan amistades y les permite tener una comunidad de guatemaltecos m\u00e1s cercana.<\/p><p>\u00a0<\/p>\t\t\t\t\t\t\t\t<\/div>\n\t\t\t\t\t<\/div>\n\t\t\t\t<\/div>\n\t\t<div data-particle_enable=\"false\" data-particle-mobile-disabled=\"false\" class=\"elementor-element elementor-element-dba1f74 e-flex e-con-boxed e-con e-parent\" data-id=\"dba1f74\" data-element_type=\"container\" data-e-type=\"container\">\n\t\t\t\t\t<div class=\"e-con-inner\">\n\t\t\t\t<div class=\"elementor-element elementor-element-a12849f elementor-widget elementor-widget-facebook-embed\" data-id=\"a12849f\" data-element_type=\"widget\" data-e-type=\"widget\" data-widget_type=\"facebook-embed.default\">\n\t\t\t\t\t<div style=\"min-height: 1px\" class=\"elementor-facebook-widget fb-post\" data-href=\"https:\/\/www.facebook.com\/photo.php?fbid=330688266478221&#038;set=pb.100086111516140.-2207520000&#038;type=3\" data-show-text=\"false\"><\/div>\t\t\t\t<\/div>\n\t\t\t\t\t<\/div>\n\t\t\t\t<\/div>\n\t\t<div data-particle_enable=\"false\" data-particle-mobile-disabled=\"false\" class=\"elementor-element elementor-element-7956e4a e-flex e-con-boxed e-con e-parent\" data-id=\"7956e4a\" data-element_type=\"container\" data-e-type=\"container\">\n\t\t\t\t\t<div class=\"e-con-inner\">\n\t\t\t\t<div class=\"elementor-element elementor-element-48224fa elementor-widget elementor-widget-text-editor\" data-id=\"48224fa\" data-element_type=\"widget\" data-e-type=\"widget\" data-widget_type=\"text-editor.default\">\n\t\t\t\t\t\t\t\t\t<p>\u201cNosotros no solo organizamos el festival, tambi\u00e9n nos ponemos de acuerdo para organizar m\u00e1s actividades, entre ellas donaciones para asilos en Guatemala\u201d, mencion\u00f3 Tepe.<\/p><p>Esta actividad es abierta para todo p\u00fablico y se espera la asistencia de m\u00e1s de 5 mil personas el pr\u00f3ximo 15 de septiembre.\u00a0<\/p><p>El Comit\u00e9 Guatemalteco Oklahoma est\u00e1 integrado por: <br \/>Mario Arenas, como su presidente, Rudy Barrios es el vicepresidente, Lidia Monterroso es la tesorera, Esly Peralta es la secretaria y quienes participan son: Miriam Tepe, Marlene Arenas, Hettel Colmenares, Clara de Le\u00f3n, William Bonilla, Cluver Gir\u00f3n, Danilo Gramajo, Dionisio Monterroso y Valdemar Gramajo.<\/p>\t\t\t\t\t\t\t\t<\/div>\n\t\t\t\t\t<\/div>\n\t\t\t\t<\/div>\n\t\t<div data-particle_enable=\"false\" data-particle-mobile-disabled=\"false\" class=\"elementor-element elementor-element-6c36dc0 e-flex e-con-boxed e-con e-parent\" data-id=\"6c36dc0\" data-element_type=\"container\" data-e-type=\"container\">\n\t\t\t\t\t<div class=\"e-con-inner\">\n\t\t\t\t<div class=\"elementor-element elementor-element-16e5bb8 elementor-widget elementor-widget-image\" data-id=\"16e5bb8\" data-element_type=\"widget\" data-e-type=\"widget\" data-widget_type=\"image.default\">\n\t\t\t\t\t\t\t\t\t\t\t\t<figure class=\"wp-caption\">\n\t\t\t\t\t\t\t\t\t\t<img decoding=\"async\" width=\"768\" height=\"583\" src=\"https:\/\/soymigrante.com\/revista\/wp-content\/uploads\/2024\/07\/Festival-Chapin-Oklahoma-1024x777.webp\" class=\"attachment-large size-large wp-image-7753\" alt=\"Comit\u00e9 guatemalteco Oklahoma en el festival Chap\u00edn Oklahoma 2022 en un escenario con decoraci\u00f3n tradicional, m\u00fasica en vivo y participaci\u00f3n cultural de la comunidad guatemalteca.\" srcset=\"https:\/\/soymigrante.com\/revista\/wp-content\/uploads\/2024\/07\/Festival-Chapin-Oklahoma-1024x777.webp 1024w, https:\/\/soymigrante.com\/revista\/wp-content\/uploads\/2024\/07\/Festival-Chapin-Oklahoma-300x227.webp 300w, https:\/\/soymigrante.com\/revista\/wp-content\/uploads\/2024\/07\/Festival-Chapin-Oklahoma-768x582.webp 768w, https:\/\/soymigrante.com\/revista\/wp-content\/uploads\/2024\/07\/Festival-Chapin-Oklahoma-750x569.webp 750w, https:\/\/soymigrante.com\/revista\/wp-content\/uploads\/2024\/07\/Festival-Chapin-Oklahoma.webp 1051w\" sizes=\"(max-width: 768px) 100vw, 768px\" title=\"La primera edici\u00f3n del Festival Chap\u00edn en Oklahoma fue en 2022.  Desde entonces ha sido un \u00e9xito creciente y por ello este a\u00f1o tendr\u00e1 un espacio m\u00e1s amplio para recibir a todos. (Fotograf\u00eda Facebook Comit\u00e9 Guatemalteco de Oklahoma) \u2013 SoyMigrante.com REVISTA\" \/>\t\t\t\t\t\t\t\t\t\t\t<figcaption class=\"widget-image-caption wp-caption-text\">La primera edici\u00f3n del Festival Chap\u00edn en Oklahoma fue en 2022.  Desde entonces ha sido un \u00e9xito creciente y por ello este a\u00f1o tendr\u00e1 un espacio m\u00e1s amplio para recibir a todos. (Fotograf\u00eda Facebook Comit\u00e9 Guatemalteco de Oklahoma)<\/figcaption>\n\t\t\t\t\t\t\t\t\t\t<\/figure>\n\t\t\t\t\t\t\t\t\t<\/div>\n\t\t\t\t\t<\/div>\n\t\t\t\t<\/div>\n\t\t<div data-particle_enable=\"false\" data-particle-mobile-disabled=\"false\" class=\"elementor-element elementor-element-cbbbd9a e-flex e-con-boxed e-con e-parent\" data-id=\"cbbbd9a\" data-element_type=\"container\" data-e-type=\"container\">\n\t\t\t\t\t<div class=\"e-con-inner\">\n\t\t\t\t<div class=\"elementor-element elementor-element-56f7dcb elementor-widget elementor-widget-heading\" data-id=\"56f7dcb\" data-element_type=\"widget\" data-e-type=\"widget\" data-widget_type=\"heading.default\">\n\t\t\t\t\t<h3 class=\"elementor-heading-title elementor-size-default\">Conoce m\u00e1s art\u00edculos e historias de motivaci\u00f3n<\/h3>\t\t\t\t<\/div>\n\t\t\t\t\t<\/div>\n\t\t\t\t<\/div>\n\t\t<div data-particle_enable=\"false\" data-particle-mobile-disabled=\"false\" class=\"elementor-element elementor-element-162f931 e-flex e-con-boxed e-con e-parent\" data-id=\"162f931\" data-element_type=\"container\" data-e-type=\"container\">\n\t\t\t\t\t<div class=\"e-con-inner\">\n\t\t\t\t<div class=\"elementor-element elementor-element-5c26f03 elementor-widget elementor-widget-blfe-post-grid\" data-id=\"5c26f03\" data-element_type=\"widget\" data-e-type=\"widget\" data-settings=\"{&quot;columns&quot;:&quot;3&quot;,&quot;columns_tablet&quot;:&quot;6&quot;,&quot;columns_mobile&quot;:&quot;12&quot;,&quot;hero1_layout_column_gap&quot;:{&quot;unit&quot;:&quot;px&quot;,&quot;size&quot;:30,&quot;sizes&quot;:[]},&quot;hero1_layout_column_gap_tablet&quot;:{&quot;unit&quot;:&quot;px&quot;,&quot;size&quot;:&quot;&quot;,&quot;sizes&quot;:[]},&quot;hero1_layout_column_gap_mobile&quot;:{&quot;unit&quot;:&quot;px&quot;,&quot;size&quot;:&quot;&quot;,&quot;sizes&quot;:[]},&quot;hero1_layout_row_gap&quot;:{&quot;unit&quot;:&quot;px&quot;,&quot;size&quot;:30,&quot;sizes&quot;:[]},&quot;hero1_layout_row_gap_tablet&quot;:{&quot;unit&quot;:&quot;px&quot;,&quot;size&quot;:&quot;&quot;,&quot;sizes&quot;:[]},&quot;hero1_layout_row_gap_mobile&quot;:{&quot;unit&quot;:&quot;px&quot;,&quot;size&quot;:&quot;&quot;,&quot;sizes&quot;:[]}}\" data-widget_type=\"blfe-post-grid.hero1\">\n\t\t\t\t<div class=\"elementor-widget-container\">\n\t\t\t\t\t\n                        <div class=\"blfe-post-grid-container \">\n            \n                <div data-skin=\"hero1\" class=\"blfe-row blfe-posts-inner blfe-hero1 blfe-posts-inner blfe-col-3 blfe-col-tab-6 blfe-col-mob-12     \">\n                            <div class=\"blfe-post-grid-item\">\n            <div class=\"blfe-post-grid-item-inner blfe-modern-zoom\">\n                        <div class=\"blfe-post-grid-bg-image\">\n            <a class=\"blfe-post-grid-image-inner\" href=\"https:\/\/soymigrante.com\/revista\/cuando-la-fe-se-encuentra-en-el-suelo-alfombras-de-semana-santa-en-guatemala-inspiran-el-alma\/\" title=\"Cuando la fe se encuentra por los suelos:  Alfombras de Semana Santa en Guatemala inspiran el alma\" rel=\"nofollow\" target=\"_blank\"><img decoding=\"async\" src=\"https:\/\/soymigrante.com\/revista\/wp-content\/uploads\/2026\/03\/antigua-guatemala-procesion-santa-ana-nazareno-dulce-mirada-fotos-michelle-gonzalez-18-1.jpeg\" alt=\"Cuando la fe se encuentra por los suelos:  Alfombras de Semana Santa en Guatemala inspiran el alma\"\/><\/a>        <\/div>\n                        <div class=\"blfe-post-grid-details\">\n                    <div class=\"blfe-post-grid-details-inner\">\n                        <span class=\"blfe-post-category\"><a href=\"https:\/\/soymigrante.com\/revista\/category\/guate-nuestra\/arte-cultura\/\">Cultura de Guatemala<\/a><\/span>                        <h3 class=\"blfe-post-grid-title\">\n            <a href=\"https:\/\/soymigrante.com\/revista\/cuando-la-fe-se-encuentra-en-el-suelo-alfombras-de-semana-santa-en-guatemala-inspiran-el-alma\/\" title=\"Cuando la fe se encuentra por los suelos:  Alfombras de Semana Santa en Guatemala inspiran el alma\" rel=\"nofollow\" target=\"_blank\">Cuando la fe se encuentra por los suelos:  Alfombras de Semana Santa en Guatemala inspiran el alma<\/a>\n            <\/h3>                                                            <div class=\"blfe-post-grid-meta\">\n                <span class=\"blfe-post-grid-time\"><i class=\"fas fa-book-reader\"><\/i>7 Min read<\/span>            <\/div>\n                                                        <\/div>\n                <\/div>\n\n            <\/div>\n        <\/div>\n                <div class=\"blfe-post-grid-item\">\n            <div class=\"blfe-post-grid-item-inner blfe-modern-zoom\">\n                        <div class=\"blfe-post-grid-bg-image\">\n            <a class=\"blfe-post-grid-image-inner\" href=\"https:\/\/soymigrante.com\/revista\/claves-sobre-primeros-auxilios-psicologicos-para-ayudar-a-alguien-agobiado-por-dolor-miedo-o-angustia\/\" title=\"Claves sobre Primeros Auxilios Psicol\u00f3gicos para ayudar a alguien agobiado por dolor, miedo o angustia\" rel=\"nofollow\" target=\"_blank\"><img decoding=\"async\" src=\"https:\/\/soymigrante.com\/revista\/wp-content\/uploads\/2026\/04\/primeros-auxilios-emocionales.png\" alt=\"Claves sobre Primeros Auxilios Psicol\u00f3gicos para ayudar a alguien agobiado por dolor, miedo o angustia\"\/><\/a>        <\/div>\n                        <div class=\"blfe-post-grid-details\">\n                    <div class=\"blfe-post-grid-details-inner\">\n                        <span class=\"blfe-post-category\"><a href=\"https:\/\/soymigrante.com\/revista\/category\/bienestar\/salud-emocional\/\">Salud Emocional<\/a><\/span>                        <h3 class=\"blfe-post-grid-title\">\n            <a href=\"https:\/\/soymigrante.com\/revista\/claves-sobre-primeros-auxilios-psicologicos-para-ayudar-a-alguien-agobiado-por-dolor-miedo-o-angustia\/\" title=\"Claves sobre Primeros Auxilios Psicol\u00f3gicos para ayudar a alguien agobiado por dolor, miedo o angustia\" rel=\"nofollow\" target=\"_blank\">Claves sobre Primeros Auxilios Psicol\u00f3gicos para ayudar a alguien agobiado por dolor, miedo o angustia<\/a>\n            <\/h3>                                                            <div class=\"blfe-post-grid-meta\">\n                <span class=\"blfe-post-grid-time\"><i class=\"fas fa-book-reader\"><\/i>6 Min read<\/span>            <\/div>\n                                                        <\/div>\n                <\/div>\n\n            <\/div>\n        <\/div>\n                <div class=\"blfe-post-grid-item\">\n            <div class=\"blfe-post-grid-item-inner blfe-modern-zoom\">\n                        <div class=\"blfe-post-grid-bg-image\">\n            <a class=\"blfe-post-grid-image-inner\" href=\"https:\/\/soymigrante.com\/revista\/refugio-natural-cerca-de-la-capital-la-reserva-ecologica-senderos-de-alux-en-sacatepequez\/\" title=\"Refugio natural cerca de la capital: La reserva ecol\u00f3gica Senderos de Alux en Sacatep\u00e9quez\" rel=\"nofollow\" target=\"_blank\"><img decoding=\"async\" src=\"https:\/\/soymigrante.com\/revista\/wp-content\/uploads\/2026\/04\/parque-ecologico-senderos-de-alux-5.jpg\" alt=\"Refugio natural cerca de la capital: La reserva ecol\u00f3gica Senderos de Alux en Sacatep\u00e9quez\"\/><\/a>        <\/div>\n                        <div class=\"blfe-post-grid-details\">\n                    <div class=\"blfe-post-grid-details-inner\">\n                        <span class=\"blfe-post-category\"><a href=\"https:\/\/soymigrante.com\/revista\/category\/guate-nuestra\/\">Guate Nuestra<\/a><\/span>                        <h3 class=\"blfe-post-grid-title\">\n            <a href=\"https:\/\/soymigrante.com\/revista\/refugio-natural-cerca-de-la-capital-la-reserva-ecologica-senderos-de-alux-en-sacatepequez\/\" title=\"Refugio natural cerca de la capital: La reserva ecol\u00f3gica Senderos de Alux en Sacatep\u00e9quez\" rel=\"nofollow\" target=\"_blank\">Refugio natural cerca de la capital: La reserva ecol\u00f3gica Senderos de Alux en Sacatep\u00e9quez<\/a>\n            <\/h3>                                                            <div class=\"blfe-post-grid-meta\">\n                <span class=\"blfe-post-grid-time\"><i class=\"fas fa-book-reader\"><\/i>4 Min read<\/span>            <\/div>\n                                                        <\/div>\n                <\/div>\n\n            <\/div>\n        <\/div>\n                        <\/div>\n\n                        <\/div>\n            \n                        <div class=\"blfe-post-footer\">\n                        <\/div>\n            \t\t\t\t<\/div>\n\t\t\t\t<\/div>\n\t\t\t\t\t<\/div>\n\t\t\t\t<\/div>\n\t\t\t\t<\/div>\n\t\t","protected":false},"excerpt":{"rendered":"<p>El Festival chap\u00edn busca llevar un pedazo de Guatemala a los migrantes radicados en Oklahoma, Estados Unidos, con comida, m\u00fasica y talentos guatemaltecos. Ser\u00e1 en septiembre pr\u00f3ximo. Comida, churros de Guatemala, fiestas, m\u00fasica, aromas y el recuerdo de los seres queridos guatemaltecos se podr\u00e1 vivir en Estados Unidos con El Festival Chap\u00edn, que el Comit\u00e9 [&hellip;]<\/p>\n","protected":false},"author":19,"featured_media":7747,"comment_status":"open","ping_status":"open","sticky":false,"template":"","format":"standard","meta":{"_acf_changed":false,"_eb_attr":"","footnotes":""},"categories":[54],"tags":[],"class_list":["post-7746","post","type-post","status-publish","format-standard","has-post-thumbnail","hentry","category-estamos-unidos"],"acf":[],"aioseo_notices":[],"aioseo_head":"\n\t\t<!-- All in One SEO Pro 4.9.6.2 - aioseo.com -->\n\t<meta name=\"description\" content=\"Reserva natural en San Lucas Sacatepequez fue creada en 2001 protege el bosque y fuentes de agua: puede ser visitado todos los d\u00edas y tiene opci\u00f3n de hotel\" \/>\n\t<meta name=\"robots\" content=\"max-snippet:-1, max-image-preview:large, max-video-preview:-1\" \/>\n\t<meta name=\"author\" content=\"Mari\u00e1ngel \u00c1lvarez\"\/>\n\t<link rel=\"canonical\" href=\"https:\/\/soymigrante.com\/revista\/refugio-natural-cerca-de-la-capital-la-reserva-ecologica-senderos-de-alux-en-sacatepequez\/\" \/>\n\t<meta name=\"generator\" content=\"All in One SEO Pro (AIOSEO) 4.9.6.2\" \/>\n\n\t\t<link rel=\"preconnect\" href=\"https:\/\/fonts.googleapis.com\" crossorigin>\n<link rel=\"preconnect\" href=\"https:\/\/fonts.gstatic.com\" crossorigin>\n\t\t<meta property=\"og:locale\" content=\"es_ES\" \/>\n\t\t<meta property=\"og:site_name\" content=\"SoyMigrante.com REVISTA \u2013 Nuestra misi\u00f3n es reconocer y dignificar al migrante.\" \/>\n\t\t<meta property=\"og:type\" content=\"article\" \/>\n\t\t<meta property=\"og:title\" content=\"Senderos de Alux: un refugio natural cerca de la capital\" \/>\n\t\t<meta property=\"og:description\" content=\"Reserva natural en San Lucas Sacatepequez fue creada en 2001 protege el bosque y fuentes de agua: puede ser visitado todos los d\u00edas y tiene opci\u00f3n de hotel\" \/>\n\t\t<meta property=\"og:url\" content=\"https:\/\/soymigrante.com\/revista\/refugio-natural-cerca-de-la-capital-la-reserva-ecologica-senderos-de-alux-en-sacatepequez\/\" \/>\n\t\t<meta property=\"og:image\" content=\"https:\/\/soymigrante.com\/revista\/wp-content\/uploads\/2026\/04\/parque-ecologico-senderos-de-alux-5.jpg\" \/>\n\t\t<meta property=\"og:image:secure_url\" content=\"https:\/\/soymigrante.com\/revista\/wp-content\/uploads\/2026\/04\/parque-ecologico-senderos-de-alux-5.jpg\" \/>\n\t\t<meta property=\"og:image:width\" content=\"1536\" \/>\n\t\t<meta property=\"og:image:height\" content=\"1536\" \/>\n\t\t<meta property=\"article:published_time\" content=\"2026-04-22T13:33:02+00:00\" \/>\n\t\t<meta property=\"article:modified_time\" content=\"2026-04-22T13:36:04+00:00\" \/>\n\t\t<meta property=\"article:publisher\" content=\"https:\/\/www.facebook.com\/soymigrantecom\" \/>\n\t\t<meta name=\"twitter:card\" content=\"summary_large_image\" \/>\n\t\t<meta name=\"twitter:site\" content=\"@SoyMigrante_com\" \/>\n\t\t<meta name=\"twitter:title\" content=\"Senderos de Alux: un refugio natural cerca de la capital\" \/>\n\t\t<meta name=\"twitter:description\" content=\"Reserva natural en San Lucas Sacatepequez fue creada en 2001 protege el bosque y fuentes de agua: puede ser visitado todos los d\u00edas y tiene opci\u00f3n de hotel\" \/>\n\t\t<meta name=\"twitter:creator\" content=\"@SoyMigrante_com\" \/>\n\t\t<meta name=\"twitter:image\" content=\"https:\/\/soymigrante.com\/revista\/wp-content\/uploads\/2026\/04\/parque-ecologico-senderos-de-alux-5.jpg\" \/>\n\t\t<!-- All in One SEO Pro -->\r\n\t\t<title>Senderos de Alux: un refugio natural cerca de la capital<\/title>\n\n","aioseo_head_json":{"title":"Senderos de Alux: un refugio natural cerca de la capital","description":"Reserva natural en San Lucas Sacatepequez fue creada en 2001 protege el bosque y fuentes de agua: puede ser visitado todos los d\u00edas y tiene opci\u00f3n de hotel","canonical_url":"https:\/\/soymigrante.com\/revista\/refugio-natural-cerca-de-la-capital-la-reserva-ecologica-senderos-de-alux-en-sacatepequez\/","robots":"max-snippet:-1, max-image-preview:large, max-video-preview:-1","keywords":"","webmasterTools":{"miscellaneous":"&lt;link rel=\"preconnect\" href=\"https:\/\/fonts.googleapis.com\" crossorigin&gt;\n&lt;link rel=\"preconnect\" href=\"https:\/\/fonts.gstatic.com\" crossorigin&gt;"},"schema":null,"og:locale":"es_ES","og:site_name":"SoyMigrante.com REVISTA \u2013 Nuestra misi\u00f3n es reconocer y dignificar al migrante.","og:type":"article","og:title":"Senderos de Alux: un refugio natural cerca de la capital","og:description":"Reserva natural en San Lucas Sacatepequez fue creada en 2001 protege el bosque y fuentes de agua: puede ser visitado todos los d\u00edas y tiene opci\u00f3n de hotel","og:url":"https:\/\/soymigrante.com\/revista\/refugio-natural-cerca-de-la-capital-la-reserva-ecologica-senderos-de-alux-en-sacatepequez\/","og:image":"https:\/\/soymigrante.com\/revista\/wp-content\/uploads\/2026\/04\/parque-ecologico-senderos-de-alux-5.jpg","og:image:secure_url":"https:\/\/soymigrante.com\/revista\/wp-content\/uploads\/2026\/04\/parque-ecologico-senderos-de-alux-5.jpg","og:image:width":1536,"og:image:height":1536,"article:published_time":"2026-04-22T13:33:02+00:00","article:modified_time":"2026-04-22T13:36:04+00:00","article:publisher":"https:\/\/www.facebook.com\/soymigrantecom","twitter:card":"summary_large_image","twitter:site":"@SoyMigrante_com","twitter:title":"Senderos de Alux: un refugio natural cerca de la capital","twitter:description":"Reserva natural en San Lucas Sacatepequez fue creada en 2001 protege el bosque y fuentes de agua: puede ser visitado todos los d\u00edas y tiene opci\u00f3n de hotel","twitter:creator":"@SoyMigrante_com","twitter:image":"https:\/\/soymigrante.com\/revista\/wp-content\/uploads\/2026\/04\/parque-ecologico-senderos-de-alux-5.jpg"},"aioseo_meta_data":{"post_id":"7746","title":null,"description":"M\u00fasica, tradici\u00f3n, arte, alegr\u00eda, identidad y por supuesto la tradicional gastronom\u00eda guatemalteca forman parte del Festival Chap\u00edn. Fecha otros detalles aqu\u00ed.","keywords":null,"keyphrases":{"focus":{"keyphrase":"Festival","score":100,"analysis":{"keyphraseInTitle":{"score":9,"maxScore":9,"error":0},"keyphraseInDescription":{"score":9,"maxScore":9,"error":0},"keyphraseLength":{"score":9,"maxScore":9,"error":0,"length":1},"keyphraseInURL":{"score":5,"maxScore":5,"error":0},"keyphraseInIntroduction":{"score":9,"maxScore":9,"error":0},"keyphraseInSubHeadings":{"score":9,"maxScore":9,"error":0},"keyphraseInImageAlt":{"score":9,"maxScore":9,"error":0},"keywordDensity":{"type":"best","score":9,"maxScore":9,"error":0}}},"additional":[{"keyphrase":"Festival ","score":100,"analysis":{"keyphraseInDescription":{"score":9,"maxScore":9,"error":0},"keyphraseLength":{"score":9,"maxScore":9,"error":0,"length":1},"keyphraseInIntroduction":{"score":9,"maxScore":9,"error":0},"keyphraseInImageAlt":{"score":9,"maxScore":9,"error":0},"keywordDensity":{"type":"best","score":9,"maxScore":9,"error":0}}}]},"primary_term":null,"canonical_url":null,"og_title":null,"og_description":null,"og_object_type":"default","og_image_type":"default","og_image_url":null,"og_image_width":null,"og_image_height":null,"og_image_custom_url":null,"og_image_custom_fields":null,"og_video":"","og_custom_url":null,"og_article_section":null,"og_article_tags":null,"twitter_use_og":false,"twitter_card":"default","twitter_image_type":"default","twitter_image_url":null,"twitter_image_custom_url":null,"twitter_image_custom_fields":null,"twitter_title":null,"twitter_description":null,"schema":{"blockGraphs":[],"customGraphs":[],"default":{"data":{"Article":[],"Course":[],"Dataset":[],"FAQPage":[],"Movie":[],"Person":[],"Product":[],"ProductReview":[],"Car":[],"Recipe":[],"Service":[],"SoftwareApplication":[],"WebPage":[]},"graphName":"Article","isEnabled":true},"graphs":[]},"schema_type":"default","schema_type_options":null,"pillar_content":false,"robots_default":true,"robots_noindex":false,"robots_noarchive":false,"robots_nosnippet":false,"robots_nofollow":false,"robots_noimageindex":false,"robots_noodp":false,"robots_notranslate":false,"robots_max_snippet":"-1","robots_max_videopreview":"-1","robots_max_imagepreview":"large","priority":null,"frequency":"default","local_seo":null,"seo_analyzer_scan_date":"2025-10-08 22:23:57","breadcrumb_settings":null,"limit_modified_date":false,"reviewed_by":null,"open_ai":"{\"title\":{\"suggestions\":[],\"usage\":0},\"description\":{\"suggestions\":[],\"usage\":0}}","ai":null,"created":"2024-07-30 19:51:15","updated":"2026-02-04 12:31:21"},"aioseo_breadcrumb":"<div class=\"aioseo-breadcrumbs\"><span class=\"aioseo-breadcrumb\">\n\t<a href=\"https:\/\/soymigrante.com\/revista\" title=\"Home\">Home<\/a>\n<\/span><span class=\"aioseo-breadcrumb-separator\">\u00bb<\/span><span class=\"aioseo-breadcrumb\">\n\t<a href=\"https:\/\/soymigrante.com\/revista\/category\/estamos-unidos\/\" title=\"Estamos Unidos\">Estamos Unidos<\/a>\n<\/span><span class=\"aioseo-breadcrumb-separator\">\u00bb<\/span><span class=\"aioseo-breadcrumb\">\n\tYa se prepara el Festival Chap\u00edn 2024 en Oklahoma City\n<\/span><\/div>","aioseo_breadcrumb_json":[{"label":"Home","link":"https:\/\/soymigrante.com\/revista"},{"label":"Estamos Unidos","link":"https:\/\/soymigrante.com\/revista\/category\/estamos-unidos\/"},{"label":"Ya se prepara el Festival Chap\u00edn 2024 en Oklahoma City","link":"https:\/\/soymigrante.com\/revista\/ya-se-prepara-el-festival-chapin-en-oklahoma-city\/"}],"_links":{"self":[{"href":"https:\/\/soymigrante.com\/revista\/wp-json\/wp\/v2\/posts\/7746","targetHints":{"allow":["GET"]}}],"collection":[{"href":"https:\/\/soymigrante.com\/revista\/wp-json\/wp\/v2\/posts"}],"about":[{"href":"https:\/\/soymigrante.com\/revista\/wp-json\/wp\/v2\/types\/post"}],"author":[{"embeddable":true,"href":"https:\/\/soymigrante.com\/revista\/wp-json\/wp\/v2\/users\/19"}],"replies":[{"embeddable":true,"href":"https:\/\/soymigrante.com\/revista\/wp-json\/wp\/v2\/comments?post=7746"}],"version-history":[{"count":0,"href":"https:\/\/soymigrante.com\/revista\/wp-json\/wp\/v2\/posts\/7746\/revisions"}],"wp:featuredmedia":[{"embeddable":true,"href":"https:\/\/soymigrante.com\/revista\/wp-json\/wp\/v2\/media\/7747"}],"wp:attachment":[{"href":"https:\/\/soymigrante.com\/revista\/wp-json\/wp\/v2\/media?parent=7746"}],"wp:term":[{"taxonomy":"category","embeddable":true,"href":"https:\/\/soymigrante.com\/revista\/wp-json\/wp\/v2\/categories?post=7746"},{"taxonomy":"post_tag","embeddable":true,"href":"https:\/\/soymigrante.com\/revista\/wp-json\/wp\/v2\/tags?post=7746"}],"curies":[{"name":"wp","href":"https:\/\/api.w.org\/{rel}","templated":true}]}}