{"id":774,"date":"2023-05-26T00:17:30","date_gmt":"2023-05-26T00:17:30","guid":{"rendered":"https:\/\/soymigrante.wpengine.com\/?p=774"},"modified":"2026-03-11T14:40:17","modified_gmt":"2026-03-11T20:40:17","slug":"asi-nacio-un-nucleo-de-sabor-guatemalteco-en-el-corazon-de-los-angeles","status":"publish","type":"post","link":"https:\/\/soymigrante.com\/revista\/asi-nacio-un-nucleo-de-sabor-guatemalteco-en-el-corazon-de-los-angeles\/","title":{"rendered":"As\u00ed naci\u00f3 el restaurante guatemalteco Puchica, un n\u00facleo de sabor chap\u00edn en el coraz\u00f3n de Los Angeles"},"content":{"rendered":"\t\t<div data-elementor-type=\"wp-post\" data-elementor-id=\"774\" class=\"elementor elementor-774\" data-elementor-post-type=\"post\">\n\t\t\t\t\t\t<section data-particle_enable=\"false\" data-particle-mobile-disabled=\"false\" class=\"elementor-section elementor-top-section elementor-element elementor-element-1f71a35 elementor-section-boxed elementor-section-height-default elementor-section-height-default\" data-id=\"1f71a35\" data-element_type=\"section\" data-e-type=\"section\">\n\t\t\t\t\t\t<div class=\"elementor-container elementor-column-gap-default\">\n\t\t\t\t\t<div class=\"elementor-column elementor-col-100 elementor-top-column elementor-element elementor-element-2b525fe5\" data-id=\"2b525fe5\" data-element_type=\"column\" data-e-type=\"column\">\n\t\t\t<div class=\"elementor-widget-wrap elementor-element-populated\">\n\t\t\t\t\t\t<div class=\"elementor-element elementor-element-0bb4b92 elementor-widget elementor-widget-heading\" data-id=\"0bb4b92\" data-element_type=\"widget\" data-e-type=\"widget\" data-widget_type=\"heading.default\">\n\t\t\t\t\t<h1 class=\"elementor-heading-title elementor-size-default\">El restaurante guatemalteco P\u00fachica es ya un referente de la gastronom\u00eda popular chapina y naci\u00f3 de una conjunci\u00f3n de circunstancias, seg\u00fan cuenta su fundador, Fernando L\u00fcrsen.<\/h1>\t\t\t\t<\/div>\n\t\t\t\t<div class=\"elementor-element elementor-element-69fef0e elementor-widget elementor-widget-text-editor\" data-id=\"69fef0e\" data-element_type=\"widget\" data-e-type=\"widget\" data-widget_type=\"text-editor.default\">\n\t\t\t\t\t\t\t\t\t<p>Hace 7 a\u00f1os, Fernando L\u00fcrssen, originario de San Francisco Zapotitl\u00e1n, Suchitep\u00e9quez, Guatemala no pensaba que los sabores y aromas de la comida cotidiana de su pa\u00eds fueran a convertirse en todo un exitoso fen\u00f3meno gastron\u00f3mico que integra nostalgia, gusto y vivencia: el restaurante P\u00fachica, en el bulevar Sep\u00falveda \u00a0de Los Angeles.<\/p>\n<p>\u201cLos fines de semana vienen muchas familias guatemaltecas radicadas en EE.UU. no solo de Los Angeles sino de otros estados a reencontrarse con sus ra\u00edces, con esa vivencia de la comida guatemalteca que tanto extra\u00f1an. Tambi\u00e9n traen a amigos y vecinos que son americanos o de otras nacionalidades para presentarles esa saz\u00f3n de tantos platillos t\u00edpicos\u201d, explica Fer a pocos minutos de que comience la \u201crush hour\u201d de un viernes en el restaurante. Se escucha m\u00fasica alegre de fondo y m\u00e1s tarde habr\u00e1 cantante en vivo.<\/p>\t\t\t\t\t\t\t\t<\/div>\n\t\t\t\t<div class=\"elementor-element elementor-element-ce3db10 elementor-widget elementor-widget-image\" data-id=\"ce3db10\" data-element_type=\"widget\" data-e-type=\"widget\" data-widget_type=\"image.default\">\n\t\t\t\t\t\t\t\t\t\t\t\t<figure class=\"wp-caption\">\n\t\t\t\t\t\t\t\t\t\t<img fetchpriority=\"high\" decoding=\"async\" width=\"736\" height=\"1024\" src=\"https:\/\/soymigrante.com\/revista\/wp-content\/uploads\/2023\/03\/1-EXITOS-RESTAURANTE-PUCHICA-LA-FERNANDO-LURSSEN-1-736x1024.jpg\" class=\"attachment-large size-large wp-image-775\" alt=\"Restaurante guatemalteco P\u00fachica en Los Angeles\" srcset=\"https:\/\/soymigrante.com\/revista\/wp-content\/uploads\/2023\/03\/1-EXITOS-RESTAURANTE-PUCHICA-LA-FERNANDO-LURSSEN-1-736x1024.jpg 736w, https:\/\/soymigrante.com\/revista\/wp-content\/uploads\/2023\/03\/1-EXITOS-RESTAURANTE-PUCHICA-LA-FERNANDO-LURSSEN-1-216x300.webp 216w, https:\/\/soymigrante.com\/revista\/wp-content\/uploads\/2023\/03\/1-EXITOS-RESTAURANTE-PUCHICA-LA-FERNANDO-LURSSEN-1.webp 750w\" sizes=\"(max-width: 736px) 100vw, 736px\" title=\"Restaurante guatemalteco P\u00fachica en Los Angeles \u2013 SoyMigrante.com REVISTA\" \/>\t\t\t\t\t\t\t\t\t\t\t<figcaption class=\"widget-image-caption wp-caption-text\">Fernando y su esposa Taryn, originarios de Suchitep\u00e9quez, ofrecen hoy el sabor de la comida t\u00edpica guatemalteca.<\/figcaption>\n\t\t\t\t\t\t\t\t\t\t<\/figure>\n\t\t\t\t\t\t\t\t\t<\/div>\n\t\t\t\t<div class=\"elementor-element elementor-element-ad346a7 elementor-widget elementor-widget-heading\" data-id=\"ad346a7\" data-element_type=\"widget\" data-e-type=\"widget\" data-widget_type=\"heading.default\">\n\t\t\t\t\t<h2 class=\"elementor-heading-title elementor-size-default\">\u00bfC\u00f3mo naci\u00f3 P\u00fachica?<\/h2>\t\t\t\t<\/div>\n\t\t\t\t<div class=\"elementor-element elementor-element-aa4f57b elementor-widget elementor-widget-text-editor\" data-id=\"aa4f57b\" data-element_type=\"widget\" data-e-type=\"widget\" data-widget_type=\"text-editor.default\">\n\t\t\t\t\t\t\t\t\t<p>\u201cCuando llegu\u00e9 a Estados Unidos, tra\u00eda el sue\u00f1o de superaci\u00f3n y mejora, pero como muchos ten\u00eda que empezar casi de cero. Comenc\u00e9 a trabajar en una empresa de limpieza que ten\u00eda mi hermano, vendiendo el servicio en restaurantes\u201d, relata Fernando. Lamentablemente al poco tiempo, su familiar tuvo que cerrar la empresa.<\/p>\n<p>Durante su etapa como vendedor, Fernando prestaba tambi\u00e9n el servicio de Uber para aprovechar los desplazamientos, pero sab\u00eda que no iba a poder sobrevivir solo con eso. \u201cLe habl\u00e9 a mi hermano. Si me das la oportunidad consigo el equipo, los veh\u00edculos y seguir\u00e9 trabajando en limpieza\u201d. El hermano accedi\u00f3.<\/p>\t\t\t\t\t\t\t\t<\/div>\n\t\t\t\t<div class=\"elementor-element elementor-element-d2aee90 elementor-widget elementor-widget-gallery\" data-id=\"d2aee90\" data-element_type=\"widget\" data-e-type=\"widget\" data-settings=\"{&quot;columns&quot;:2,&quot;overlay_description&quot;:&quot;caption&quot;,&quot;lazyload&quot;:&quot;yes&quot;,&quot;gallery_layout&quot;:&quot;grid&quot;,&quot;columns_tablet&quot;:2,&quot;columns_mobile&quot;:1,&quot;gap&quot;:{&quot;unit&quot;:&quot;px&quot;,&quot;size&quot;:10,&quot;sizes&quot;:[]},&quot;gap_tablet&quot;:{&quot;unit&quot;:&quot;px&quot;,&quot;size&quot;:10,&quot;sizes&quot;:[]},&quot;gap_mobile&quot;:{&quot;unit&quot;:&quot;px&quot;,&quot;size&quot;:10,&quot;sizes&quot;:[]},&quot;link_to&quot;:&quot;file&quot;,&quot;aspect_ratio&quot;:&quot;3:2&quot;,&quot;overlay_background&quot;:&quot;yes&quot;,&quot;content_hover_animation&quot;:&quot;fade-in&quot;}\" data-widget_type=\"gallery.default\">\n\t\t\t\t\t\t\t<div class=\"elementor-gallery__container\">\n\t\t\t\t\t\t\t<a class=\"e-gallery-item elementor-gallery-item elementor-animated-content\" href=\"https:\/\/soymigrante.com\/revista\/wp-content\/uploads\/2023\/03\/1-EXITOS-RESTAURANTE-PUCHICA-LA-FERNANDO-LURSSEN-6.webp\" data-elementor-open-lightbox=\"yes\" data-elementor-lightbox-slideshow=\"d2aee90\" data-elementor-lightbox-title=\"Restaurante guatemalteco P\u00fachica en Los Angeles\" data-elementor-lightbox-description=\"Jueves, viernes y s\u00e1bado hay m\u00fasica en vivo. Los domingos, marimba para el almuerzo.\" data-e-action-hash=\"#elementor-action%3Aaction%3Dlightbox%26settings%3DeyJpZCI6Nzc2LCJ1cmwiOiJodHRwczpcL1wvc295bWlncmFudGUuY29tXC9yZXZpc3RhXC93cC1jb250ZW50XC91cGxvYWRzXC8yMDIzXC8wM1wvMS1FWElUT1MtUkVTVEFVUkFOVEUtUFVDSElDQS1MQS1GRVJOQU5ETy1MVVJTU0VOLTYud2VicCIsInNsaWRlc2hvdyI6ImQyYWVlOTAifQ%3D%3D\">\n\t\t\t\t\t<div class=\"e-gallery-image elementor-gallery-item__image\" data-thumbnail=\"https:\/\/soymigrante.com\/revista\/wp-content\/uploads\/2023\/03\/1-EXITOS-RESTAURANTE-PUCHICA-LA-FERNANDO-LURSSEN-6-225x300.webp\" data-width=\"225\" data-height=\"300\" aria-label=\"Jueves, viernes y s\u00e1bado hay m\u00fasica en vivo. Los domingos, marimba para el almuerzo.\" role=\"img\" ><\/div>\n\t\t\t\t\t\t\t\t\t\t\t<div class=\"elementor-gallery-item__overlay\"><\/div>\n\t\t\t\t\t\t\t\t\t\t\t\t\t\t\t<div class=\"elementor-gallery-item__content\">\n\t\t\t\t\t\t\t\t\t\t\t\t\t\t<div class=\"elementor-gallery-item__description\">\n\t\t\t\t\t\t\t\t\t\t\t\t\t\t\t\t\t\tJueves, viernes y s\u00e1bado hay m\u00fasica en vivo. Los domingos, marimba para el almuerzo.\t\t\t\t\t\t\t\t<\/div>\n\t\t\t\t\t\t\t\t\t\t\t\t<\/div>\n\t\t\t\t\t\t\t\t\t<\/a>\n\t\t\t\t\t\t\t<a class=\"e-gallery-item elementor-gallery-item elementor-animated-content\" href=\"https:\/\/soymigrante.com\/revista\/wp-content\/uploads\/2023\/03\/1-EXITOS-RESTAURANTE-PUCHICA-FER-LURSSEN-1.webp\" data-elementor-open-lightbox=\"yes\" data-elementor-lightbox-slideshow=\"d2aee90\" data-elementor-lightbox-title=\"Restaurante guatemalteco P\u00fachica en Los Angeles\" data-elementor-lightbox-description=\"El fiambre es tradici\u00f3n.\" data-e-action-hash=\"#elementor-action%3Aaction%3Dlightbox%26settings%3DeyJpZCI6Nzc3LCJ1cmwiOiJodHRwczpcL1wvc295bWlncmFudGUuY29tXC9yZXZpc3RhXC93cC1jb250ZW50XC91cGxvYWRzXC8yMDIzXC8wM1wvMS1FWElUT1MtUkVTVEFVUkFOVEUtUFVDSElDQS1GRVItTFVSU1NFTi0xLndlYnAiLCJzbGlkZXNob3ciOiJkMmFlZTkwIn0%3D\">\n\t\t\t\t\t<div class=\"e-gallery-image elementor-gallery-item__image\" data-thumbnail=\"https:\/\/soymigrante.com\/revista\/wp-content\/uploads\/2023\/03\/1-EXITOS-RESTAURANTE-PUCHICA-FER-LURSSEN-1-300x242.webp\" data-width=\"300\" data-height=\"242\" aria-label=\"El fiambre es tradici\u00f3n.\" role=\"img\" ><\/div>\n\t\t\t\t\t\t\t\t\t\t\t<div class=\"elementor-gallery-item__overlay\"><\/div>\n\t\t\t\t\t\t\t\t\t\t\t\t\t\t\t<div class=\"elementor-gallery-item__content\">\n\t\t\t\t\t\t\t\t\t\t\t\t\t\t<div class=\"elementor-gallery-item__description\">\n\t\t\t\t\t\t\t\t\t\t\t\t\t\t\t\t\t\tEl fiambre es tradici\u00f3n.\t\t\t\t\t\t\t\t<\/div>\n\t\t\t\t\t\t\t\t\t\t\t\t<\/div>\n\t\t\t\t\t\t\t\t\t<\/a>\n\t\t\t\t\t\t\t<a class=\"e-gallery-item elementor-gallery-item elementor-animated-content\" href=\"https:\/\/soymigrante.com\/revista\/wp-content\/uploads\/2023\/03\/1-EXITOS-RESTAURANTE-PUCHICA-FER-LURSSEN-2.webp\" data-elementor-open-lightbox=\"yes\" data-elementor-lightbox-slideshow=\"d2aee90\" data-elementor-lightbox-title=\"Restaurante guatemalteco P\u00fachica en Los Angeles\" data-elementor-lightbox-description=\"Las garnachas son el platillo insignia\" data-e-action-hash=\"#elementor-action%3Aaction%3Dlightbox%26settings%3DeyJpZCI6Nzc4LCJ1cmwiOiJodHRwczpcL1wvc295bWlncmFudGUuY29tXC9yZXZpc3RhXC93cC1jb250ZW50XC91cGxvYWRzXC8yMDIzXC8wM1wvMS1FWElUT1MtUkVTVEFVUkFOVEUtUFVDSElDQS1GRVItTFVSU1NFTi0yLndlYnAiLCJzbGlkZXNob3ciOiJkMmFlZTkwIn0%3D\">\n\t\t\t\t\t<div class=\"e-gallery-image elementor-gallery-item__image\" data-thumbnail=\"https:\/\/soymigrante.com\/revista\/wp-content\/uploads\/2023\/03\/1-EXITOS-RESTAURANTE-PUCHICA-FER-LURSSEN-2-283x300.webp\" data-width=\"283\" data-height=\"300\" aria-label=\"Las garnachas son el platillo insignia\" role=\"img\" ><\/div>\n\t\t\t\t\t\t\t\t\t\t\t<div class=\"elementor-gallery-item__overlay\"><\/div>\n\t\t\t\t\t\t\t\t\t\t\t\t\t\t\t<div class=\"elementor-gallery-item__content\">\n\t\t\t\t\t\t\t\t\t\t\t\t\t\t<div class=\"elementor-gallery-item__description\">\n\t\t\t\t\t\t\t\t\t\t\t\t\t\t\t\t\t\tLas garnachas son el platillo insignia.\t\t\t\t\t\t\t\t<\/div>\n\t\t\t\t\t\t\t\t\t\t\t\t<\/div>\n\t\t\t\t\t\t\t\t\t<\/a>\n\t\t\t\t\t\t\t<a class=\"e-gallery-item elementor-gallery-item elementor-animated-content\" href=\"https:\/\/soymigrante.com\/revista\/wp-content\/uploads\/2023\/03\/1-EXITOS-RESTAURANTE-PUCHICA-FER-LURSSEN-4-e1719525851384.webp\" data-elementor-open-lightbox=\"yes\" data-elementor-lightbox-slideshow=\"d2aee90\" data-elementor-lightbox-title=\"Restaurante guatemalteco P\u00fachica en Los Angeles\" data-elementor-lightbox-description=\"Migrantes guatemaltecos disfrutan del kak ik\" data-e-action-hash=\"#elementor-action%3Aaction%3Dlightbox%26settings%3DeyJpZCI6Nzc5LCJ1cmwiOiJodHRwczpcL1wvc295bWlncmFudGUuY29tXC9yZXZpc3RhXC93cC1jb250ZW50XC91cGxvYWRzXC8yMDIzXC8wM1wvMS1FWElUT1MtUkVTVEFVUkFOVEUtUFVDSElDQS1GRVItTFVSU1NFTi00LWUxNzE5NTI1ODUxMzg0LndlYnAiLCJzbGlkZXNob3ciOiJkMmFlZTkwIn0%3D\">\n\t\t\t\t\t<div class=\"e-gallery-image elementor-gallery-item__image\" data-thumbnail=\"https:\/\/soymigrante.com\/revista\/wp-content\/uploads\/2023\/03\/1-EXITOS-RESTAURANTE-PUCHICA-FER-LURSSEN-4-e1719525851384-300x300.webp\" data-width=\"300\" data-height=\"300\" aria-label=\"Migrantes guatemaltecos disfrutan del kak ik\" role=\"img\" ><\/div>\n\t\t\t\t\t\t\t\t\t\t\t<div class=\"elementor-gallery-item__overlay\"><\/div>\n\t\t\t\t\t\t\t\t\t\t\t\t\t\t\t<div class=\"elementor-gallery-item__content\">\n\t\t\t\t\t\t\t\t\t\t\t\t\t\t<div class=\"elementor-gallery-item__description\">\n\t\t\t\t\t\t\t\t\t\t\t\t\t\t\t\t\t\tMigrantes guatemaltecos disfrutan del kak ik\t\t\t\t\t\t\t\t<\/div>\n\t\t\t\t\t\t\t\t\t\t\t\t<\/div>\n\t\t\t\t\t\t\t\t\t<\/a>\n\t\t\t\t\t<\/div>\n\t\t\t\t\t<\/div>\n\t\t\t\t<div class=\"elementor-element elementor-element-59a255c elementor-widget elementor-widget-text-editor\" data-id=\"59a255c\" data-element_type=\"widget\" data-e-type=\"widget\" data-widget_type=\"text-editor.default\">\n\t\t\t\t\t\t\t\t\t<p>En las idas y venidas conoci\u00f3 un restaurante guatemalteco al cual le prestaba servicios de limpieza. No le iba muy bien y la due\u00f1a estaba pensando en cerrarlo. \u201cA los 5 o 6 meses me dice las se\u00f1ora propietaria: le vendo el restaurante. Yo no sab\u00eda absolutamente nada de cocina, as\u00ed que habl\u00e9 con mi esposa. Mira, me est\u00e1n ofreciendo un lugar precioso para un restaurante, pero no me atrevo a agarrarlo si no tengo tu apoyo. Vend\u00ed una propiedad para completar el pago del lugar. A m\u00ed me encant\u00f3 la idea, me encant\u00f3 el lugar\u2026 pero necesitaba del apoyo de ella\u201d, prosigue Fernando, quien subraya que fue la saz\u00f3n de la cocina de su esposa Taryn Gonz\u00e1lez, el ingrediente casi inmediato para el \u00e9xito. As\u00ed naci\u00f3 P\u00fachica en 2019.<\/p>\n<p>La pandemia golpe\u00f3 fuertemente los planes. El cierre sanitario de cuatro meses fue devastador para las ventas. Ten\u00edan servicio a domicilio pero no les fue todo lo bien que esperaban. \u201cGracias a que manten\u00eda la compa\u00f1\u00eda de limpieza y desinfecci\u00f3n pudimos sobrevivir. El restaurante estuvo cerrado por cuatro meses y despu\u00e9s comenz\u00f3 a atender con aforo reducido\u201d.<\/p>\n<p>Sin embargo en la adversidad se encontr\u00f3 una nueva oportunidad. \u201cNos autorizaron un \u00e1rea al aire libre, en donde instalamos mesas con sombrillas. Usualmente para tener este tipo de permisos es dif\u00edcil y tardado, pero debido a las prevenciones de salud tuvimos luz verde: y no solo fue un \u00e9xito sino que ahora se organizan all\u00ed eventos\u201d.<\/p>\t\t\t\t\t\t\t\t<\/div>\n\t\t\t\t<div class=\"elementor-element elementor-element-c2f49da elementor-widget elementor-widget-heading\" data-id=\"c2f49da\" data-element_type=\"widget\" data-e-type=\"widget\" data-widget_type=\"heading.default\">\n\t\t\t\t\t<h2 class=\"elementor-heading-title elementor-size-default\">Tentadoras opciones<\/h2>\t\t\t\t<\/div>\n\t\t\t\t<div class=\"elementor-element elementor-element-6449182 elementor-widget elementor-widget-text-editor\" data-id=\"6449182\" data-element_type=\"widget\" data-e-type=\"widget\" data-widget_type=\"text-editor.default\">\n\t\t\t\t\t\t\t\t\t<p>\u00a1P\u00fachica!, puede exclamar un guatemalteco al ver el men\u00fa disponible: hay diversos sabores de Guatemala. Desde un tapado de Izabal hasta un exquisito kak-ik (caldo de pavo) cobanero. Para el gusto popular hay \u201cshukos\u201d y el platillo estrella son las garnachas.\u00a0<br \/>\u201cLos guatemaltecos a veces no hemos logrado proyectar ese platillo emblem\u00e1tico. Los salvadore\u00f1os tiene pupusas y los mexicanos tacos, pero \u00bfnosotros? Aqu\u00ed en el restaurante apostamos por las garnachas\u201d, cuenta entusiasmado.<\/p>\n<p>No faltan por supuesto los desayunos con frijoles parados, huevo revuelto, queso, crema, platanitos fritos y el respectivo caf\u00e9 de Antigua Guatemala. \u201cAdem\u00e1s impulsamos talentos guatemaltecos de la canci\u00f3n con presentaciones en vivo y los domingos hay marimba de 11 a 3 de la tarde\u201d, finaliza Fernando, quien se apresta a atender cordialmente a sus clientes en una noche de viernes que se antoja concurrida.<\/p>\t\t\t\t\t\t\t\t<\/div>\n\t\t\t\t<div class=\"elementor-element elementor-element-ab39e2e elementor-widget elementor-widget-google_maps\" data-id=\"ab39e2e\" data-element_type=\"widget\" data-e-type=\"widget\" data-widget_type=\"google_maps.default\">\n\t\t\t\t\t\t\t<div class=\"elementor-custom-embed\">\n\t\t\t<iframe loading=\"lazy\"\n\t\t\t\t\tsrc=\"https:\/\/maps.google.com\/maps?q=Puchica%20Guatemalan%20Bar%20%26%20Grill%204523%20Sepulveda%20Blvd%2C%20Sherman%20Oaks%2C%20CA%2091403&#038;t=m&#038;z=17&#038;output=embed&#038;iwloc=near\"\n\t\t\t\t\ttitle=\"Puchica Guatemalan Bar &amp; Grill 4523 Sepulveda Blvd, Sherman Oaks, CA 91403\"\n\t\t\t\t\taria-label=\"Puchica Guatemalan Bar &amp; Grill 4523 Sepulveda Blvd, Sherman Oaks, CA 91403\"\n\t\t\t><\/iframe>\n\t\t<\/div>\n\t\t\t\t\t\t<\/div>\n\t\t\t\t\t<\/div>\n\t\t<\/div>\n\t\t\t\t\t<\/div>\n\t\t<\/section>\n\t\t\t\t<\/div>\n\t\t","protected":false},"excerpt":{"rendered":"<p>El restaurante guatemalteco P\u00fachica es ya un referente de la gastronom\u00eda popular chapina y naci\u00f3 de una conjunci\u00f3n de circunstancias, seg\u00fan cuenta su fundador, Fernando L\u00fcrsen. Hace 7 a\u00f1os, Fernando L\u00fcrssen, originario de San Francisco Zapotitl\u00e1n, Suchitep\u00e9quez, Guatemala no pensaba que los sabores y aromas de la comida cotidiana de su pa\u00eds fueran a convertirse [&hellip;]<\/p>\n","protected":false},"author":1,"featured_media":775,"comment_status":"open","ping_status":"open","sticky":false,"template":"","format":"standard","meta":{"_acf_changed":false,"_eb_attr":"","footnotes":""},"categories":[50],"tags":[294],"class_list":["post-774","post","type-post","status-publish","format-standard","has-post-thumbnail","hentry","category-exitos","tag-california"],"acf":[],"aioseo_notices":[],"aioseo_head":"\n\t\t<!-- All in One SEO Pro 4.9.6.2 - aioseo.com -->\n\t<meta name=\"description\" content=\"El restaurante guatemalteco P\u00fachica es ya un referente de la gastronom\u00eda popular chapina y naci\u00f3 de una conjunci\u00f3n de circunstancias, seg\u00fan cuenta su fundador, Fernando L\u00fcrsen. Hace 7 a\u00f1os, Fernando L\u00fcrssen, originario de San Francisco Zapotitl\u00e1n, Suchitep\u00e9quez, Guatemala no pensaba que los sabores y aromas de la comida cotidiana de su pa\u00eds fueran a convertirse\" \/>\n\t<meta name=\"robots\" content=\"max-snippet:-1, max-image-preview:large, max-video-preview:-1\" \/>\n\t<meta name=\"author\" content=\"SoyMigrante.com REVISTA\"\/>\n\t<link rel=\"canonical\" href=\"https:\/\/soymigrante.com\/revista\/asi-nacio-un-nucleo-de-sabor-guatemalteco-en-el-corazon-de-los-angeles\/\" \/>\n\t<meta name=\"generator\" content=\"All in One SEO Pro (AIOSEO) 4.9.6.2\" \/>\n\n\t\t<link rel=\"preconnect\" href=\"https:\/\/fonts.googleapis.com\" crossorigin>\n<link rel=\"preconnect\" href=\"https:\/\/fonts.gstatic.com\" crossorigin>\n\t\t<meta property=\"og:locale\" content=\"es_ES\" \/>\n\t\t<meta property=\"og:site_name\" content=\"SoyMigrante.com REVISTA \u2013 Nuestra misi\u00f3n es reconocer y dignificar al migrante.\" \/>\n\t\t<meta property=\"og:type\" content=\"article\" \/>\n\t\t<meta property=\"og:title\" content=\"As\u00ed naci\u00f3 el restaurante guatemalteco Puchica, un n\u00facleo de sabor chap\u00edn en el coraz\u00f3n de Los Angeles\" \/>\n\t\t<meta property=\"og:description\" content=\"El restaurante guatemalteco P\u00fachica es ya un referente de la gastronom\u00eda popular chapina y naci\u00f3 de una conjunci\u00f3n de circunstancias, seg\u00fan cuenta su fundador, Fernando L\u00fcrsen. Hace 7 a\u00f1os, Fernando L\u00fcrssen, originario de San Francisco Zapotitl\u00e1n, Suchitep\u00e9quez, Guatemala no pensaba que los sabores y aromas de la comida cotidiana de su pa\u00eds fueran a convertirse\" \/>\n\t\t<meta property=\"og:url\" content=\"https:\/\/soymigrante.com\/revista\/asi-nacio-un-nucleo-de-sabor-guatemalteco-en-el-corazon-de-los-angeles\/\" \/>\n\t\t<meta property=\"og:image\" content=\"https:\/\/soymigrante.com\/revista\/wp-content\/uploads\/2023\/03\/1-EXITOS-RESTAURANTE-PUCHICA-LA-FERNANDO-LURSSEN-1.webp\" \/>\n\t\t<meta property=\"og:image:secure_url\" content=\"https:\/\/soymigrante.com\/revista\/wp-content\/uploads\/2023\/03\/1-EXITOS-RESTAURANTE-PUCHICA-LA-FERNANDO-LURSSEN-1.webp\" \/>\n\t\t<meta property=\"og:image:width\" content=\"750\" \/>\n\t\t<meta property=\"og:image:height\" content=\"1043\" \/>\n\t\t<meta property=\"article:published_time\" content=\"2023-05-26T00:17:30+00:00\" \/>\n\t\t<meta property=\"article:modified_time\" content=\"2026-03-11T20:40:17+00:00\" \/>\n\t\t<meta property=\"article:publisher\" content=\"https:\/\/www.facebook.com\/soymigrantecom\" \/>\n\t\t<meta name=\"twitter:card\" content=\"summary_large_image\" \/>\n\t\t<meta name=\"twitter:site\" content=\"@SoyMigrante_com\" \/>\n\t\t<meta name=\"twitter:title\" content=\"As\u00ed naci\u00f3 el restaurante guatemalteco Puchica, un n\u00facleo de sabor chap\u00edn en el coraz\u00f3n de Los Angeles\" \/>\n\t\t<meta name=\"twitter:description\" content=\"El restaurante guatemalteco P\u00fachica es ya un referente de la gastronom\u00eda popular chapina y naci\u00f3 de una conjunci\u00f3n de circunstancias, seg\u00fan cuenta su fundador, Fernando L\u00fcrsen. Hace 7 a\u00f1os, Fernando L\u00fcrssen, originario de San Francisco Zapotitl\u00e1n, Suchitep\u00e9quez, Guatemala no pensaba que los sabores y aromas de la comida cotidiana de su pa\u00eds fueran a convertirse\" \/>\n\t\t<meta name=\"twitter:creator\" content=\"@SoyMigrante_com\" \/>\n\t\t<meta name=\"twitter:image\" content=\"https:\/\/soymigrante.com\/revista\/wp-content\/uploads\/2023\/03\/1-EXITOS-RESTAURANTE-PUCHICA-LA-FERNANDO-LURSSEN-1.webp\" \/>\n\t\t<!-- All in One SEO Pro -->\r\n\t\t<title>As\u00ed naci\u00f3 el restaurante guatemalteco Puchica, un n\u00facleo de sabor chap\u00edn en el coraz\u00f3n de Los Angeles<\/title>\n\n","aioseo_head_json":{"title":"As\u00ed naci\u00f3 el restaurante guatemalteco Puchica, un n\u00facleo de sabor chap\u00edn en el coraz\u00f3n de Los Angeles","description":"El restaurante guatemalteco P\u00fachica es ya un referente de la gastronom\u00eda popular chapina y naci\u00f3 de una conjunci\u00f3n de circunstancias, seg\u00fan cuenta su fundador, Fernando L\u00fcrsen. Hace 7 a\u00f1os, Fernando L\u00fcrssen, originario de San Francisco Zapotitl\u00e1n, Suchitep\u00e9quez, Guatemala no pensaba que los sabores y aromas de la comida cotidiana de su pa\u00eds fueran a convertirse","canonical_url":"https:\/\/soymigrante.com\/revista\/asi-nacio-un-nucleo-de-sabor-guatemalteco-en-el-corazon-de-los-angeles\/","robots":"max-snippet:-1, max-image-preview:large, max-video-preview:-1","keywords":"","webmasterTools":{"miscellaneous":"&lt;link rel=\"preconnect\" href=\"https:\/\/fonts.googleapis.com\" crossorigin&gt;\n&lt;link rel=\"preconnect\" href=\"https:\/\/fonts.gstatic.com\" crossorigin&gt;"},"schema":null,"og:locale":"es_ES","og:site_name":"SoyMigrante.com REVISTA \u2013 Nuestra misi\u00f3n es reconocer y dignificar al migrante.","og:type":"article","og:title":"As\u00ed naci\u00f3 el restaurante guatemalteco Puchica, un n\u00facleo de sabor chap\u00edn en el coraz\u00f3n de Los Angeles","og:description":"El restaurante guatemalteco P\u00fachica es ya un referente de la gastronom\u00eda popular chapina y naci\u00f3 de una conjunci\u00f3n de circunstancias, seg\u00fan cuenta su fundador, Fernando L\u00fcrsen. Hace 7 a\u00f1os, Fernando L\u00fcrssen, originario de San Francisco Zapotitl\u00e1n, Suchitep\u00e9quez, Guatemala no pensaba que los sabores y aromas de la comida cotidiana de su pa\u00eds fueran a convertirse","og:url":"https:\/\/soymigrante.com\/revista\/asi-nacio-un-nucleo-de-sabor-guatemalteco-en-el-corazon-de-los-angeles\/","og:image":"https:\/\/soymigrante.com\/revista\/wp-content\/uploads\/2023\/03\/1-EXITOS-RESTAURANTE-PUCHICA-LA-FERNANDO-LURSSEN-1.webp","og:image:secure_url":"https:\/\/soymigrante.com\/revista\/wp-content\/uploads\/2023\/03\/1-EXITOS-RESTAURANTE-PUCHICA-LA-FERNANDO-LURSSEN-1.webp","og:image:width":750,"og:image:height":1043,"article:published_time":"2023-05-26T00:17:30+00:00","article:modified_time":"2026-03-11T20:40:17+00:00","article:publisher":"https:\/\/www.facebook.com\/soymigrantecom","twitter:card":"summary_large_image","twitter:site":"@SoyMigrante_com","twitter:title":"As\u00ed naci\u00f3 el restaurante guatemalteco Puchica, un n\u00facleo de sabor chap\u00edn en el coraz\u00f3n de Los Angeles","twitter:description":"El restaurante guatemalteco P\u00fachica es ya un referente de la gastronom\u00eda popular chapina y naci\u00f3 de una conjunci\u00f3n de circunstancias, seg\u00fan cuenta su fundador, Fernando L\u00fcrsen. Hace 7 a\u00f1os, Fernando L\u00fcrssen, originario de San Francisco Zapotitl\u00e1n, Suchitep\u00e9quez, Guatemala no pensaba que los sabores y aromas de la comida cotidiana de su pa\u00eds fueran a convertirse","twitter:creator":"@SoyMigrante_com","twitter:image":"https:\/\/soymigrante.com\/revista\/wp-content\/uploads\/2023\/03\/1-EXITOS-RESTAURANTE-PUCHICA-LA-FERNANDO-LURSSEN-1.webp"},"aioseo_meta_data":{"post_id":"774","title":"#post_title","description":"#post_excerpt","keywords":null,"keyphrases":{"focus":{"keyphrase":"restaurante guatemalteco","score":63,"analysis":{"keyphraseInTitle":{"score":9,"maxScore":9,"error":0},"keyphraseInDescription":{"score":9,"maxScore":9,"error":0},"keyphraseLength":{"score":9,"maxScore":9,"error":0,"length":2},"keyphraseInURL":{"score":1,"maxScore":5,"error":1},"keyphraseInIntroduction":{"score":3,"maxScore":9,"error":1},"keyphraseInSubHeadings":{"score":3,"maxScore":9,"error":1},"keyphraseInImageAlt":{"score":9,"maxScore":9,"error":0},"keywordDensity":{"score":0,"type":"low","maxScore":9,"error":1}}},"additional":[{"keyphrase":"puchica","score":40,"analysis":{"keyphraseInDescription":{"score":3,"maxScore":9,"error":1},"keyphraseLength":{"score":9,"maxScore":9,"error":0,"length":1},"keyphraseInIntroduction":{"score":3,"maxScore":9,"error":1},"keyphraseInImageAlt":{"score":3,"maxScore":9,"error":1},"keywordDensity":{"score":0,"type":"low","maxScore":9,"error":1}}},{"keyphrase":"restaurante guatemalteco Puchica","score":53,"analysis":{"keyphraseInDescription":{"score":3,"maxScore":9,"error":1},"keyphraseLength":{"score":9,"maxScore":9,"error":0,"length":3},"keyphraseInIntroduction":{"score":3,"maxScore":9,"error":1},"keyphraseInImageAlt":{"score":9,"maxScore":9,"error":0},"keywordDensity":{"score":0,"type":"low","maxScore":9,"error":1}}}]},"primary_term":null,"canonical_url":null,"og_title":null,"og_description":null,"og_object_type":"default","og_image_type":"default","og_image_url":null,"og_image_width":null,"og_image_height":null,"og_image_custom_url":null,"og_image_custom_fields":null,"og_video":"","og_custom_url":null,"og_article_section":null,"og_article_tags":null,"twitter_use_og":false,"twitter_card":"default","twitter_image_type":"default","twitter_image_url":null,"twitter_image_custom_url":null,"twitter_image_custom_fields":null,"twitter_title":null,"twitter_description":null,"schema":{"blockGraphs":[],"customGraphs":[],"default":{"data":{"Article":[],"Course":[],"Dataset":[],"FAQPage":[],"Movie":[],"Person":[],"Product":[],"ProductReview":[],"Car":[],"Recipe":[],"Service":[],"SoftwareApplication":[],"WebPage":[]},"graphName":"Article","isEnabled":true},"graphs":[]},"schema_type":"default","schema_type_options":null,"pillar_content":false,"robots_default":true,"robots_noindex":false,"robots_noarchive":false,"robots_nosnippet":false,"robots_nofollow":false,"robots_noimageindex":false,"robots_noodp":false,"robots_notranslate":false,"robots_max_snippet":"-1","robots_max_videopreview":"-1","robots_max_imagepreview":"large","priority":null,"frequency":"default","local_seo":null,"seo_analyzer_scan_date":"2026-03-16 21:44:38","breadcrumb_settings":null,"limit_modified_date":false,"reviewed_by":null,"open_ai":"{\"title\":{\"suggestions\":[],\"usage\":0},\"description\":{\"suggestions\":[],\"usage\":0}}","ai":null,"created":"2023-08-18 12:47:14","updated":"2026-03-16 21:44:38"},"aioseo_breadcrumb":"<div class=\"aioseo-breadcrumbs\"><span class=\"aioseo-breadcrumb\">\n\t<a href=\"https:\/\/soymigrante.com\/revista\" title=\"Home\">Home<\/a>\n<\/span><span class=\"aioseo-breadcrumb-separator\">\u00bb<\/span><span class=\"aioseo-breadcrumb\">\n\t<a href=\"https:\/\/soymigrante.com\/revista\/category\/exitos\/\" title=\"\u00c9xitos\">\u00c9xitos<\/a>\n<\/span><span class=\"aioseo-breadcrumb-separator\">\u00bb<\/span><span class=\"aioseo-breadcrumb\">\n\tAs\u00ed naci\u00f3 el restaurante guatemalteco Puchica, un n\u00facleo de sabor chap\u00edn en el coraz\u00f3n de Los Angeles\n<\/span><\/div>","aioseo_breadcrumb_json":[{"label":"Home","link":"https:\/\/soymigrante.com\/revista"},{"label":"\u00c9xitos","link":"https:\/\/soymigrante.com\/revista\/category\/exitos\/"},{"label":"As\u00ed naci\u00f3 el restaurante guatemalteco Puchica, un n\u00facleo de sabor chap\u00edn en el coraz\u00f3n de Los Angeles","link":"https:\/\/soymigrante.com\/revista\/asi-nacio-un-nucleo-de-sabor-guatemalteco-en-el-corazon-de-los-angeles\/"}],"_links":{"self":[{"href":"https:\/\/soymigrante.com\/revista\/wp-json\/wp\/v2\/posts\/774","targetHints":{"allow":["GET"]}}],"collection":[{"href":"https:\/\/soymigrante.com\/revista\/wp-json\/wp\/v2\/posts"}],"about":[{"href":"https:\/\/soymigrante.com\/revista\/wp-json\/wp\/v2\/types\/post"}],"author":[{"embeddable":true,"href":"https:\/\/soymigrante.com\/revista\/wp-json\/wp\/v2\/users\/1"}],"replies":[{"embeddable":true,"href":"https:\/\/soymigrante.com\/revista\/wp-json\/wp\/v2\/comments?post=774"}],"version-history":[{"count":1,"href":"https:\/\/soymigrante.com\/revista\/wp-json\/wp\/v2\/posts\/774\/revisions"}],"predecessor-version":[{"id":53571,"href":"https:\/\/soymigrante.com\/revista\/wp-json\/wp\/v2\/posts\/774\/revisions\/53571"}],"wp:featuredmedia":[{"embeddable":true,"href":"https:\/\/soymigrante.com\/revista\/wp-json\/wp\/v2\/media\/775"}],"wp:attachment":[{"href":"https:\/\/soymigrante.com\/revista\/wp-json\/wp\/v2\/media?parent=774"}],"wp:term":[{"taxonomy":"category","embeddable":true,"href":"https:\/\/soymigrante.com\/revista\/wp-json\/wp\/v2\/categories?post=774"},{"taxonomy":"post_tag","embeddable":true,"href":"https:\/\/soymigrante.com\/revista\/wp-json\/wp\/v2\/tags?post=774"}],"curies":[{"name":"wp","href":"https:\/\/api.w.org\/{rel}","templated":true}]}}