{"id":7737,"date":"2024-08-31T09:36:47","date_gmt":"2024-08-31T15:36:47","guid":{"rendered":"https:\/\/soymigrante.com\/revista\/?p=7737"},"modified":"2024-08-31T09:37:14","modified_gmt":"2024-08-31T15:37:14","slug":"guatefest-de-independencia-en-maryland-cuando-y-donde","status":"publish","type":"post","link":"https:\/\/soymigrante.com\/revista\/guatefest-de-independencia-en-maryland-cuando-y-donde\/","title":{"rendered":"Todo listo para Guatefest 2024 en Maryland este domingo 1 de septiembre"},"content":{"rendered":"\t\t<div data-elementor-type=\"wp-post\" data-elementor-id=\"7737\" class=\"elementor elementor-7737\" data-elementor-post-type=\"post\">\n\t\t\t\t<div data-particle_enable=\"false\" data-particle-mobile-disabled=\"false\" class=\"elementor-element elementor-element-8e589ca e-flex e-con-boxed e-con e-parent\" data-id=\"8e589ca\" data-element_type=\"container\" data-e-type=\"container\">\n\t\t\t\t\t<div class=\"e-con-inner\">\n\t\t\t\t<div class=\"elementor-element elementor-element-9c6112c elementor-widget elementor-widget-heading\" data-id=\"9c6112c\" data-element_type=\"widget\" data-e-type=\"widget\" data-widget_type=\"heading.default\">\n\t\t\t\t\t<h2 class=\"elementor-heading-title elementor-size-default\">Guatefest 2024 es el encuentro de guatemaltecos con motivo de los festejos patrios de independencia: alegr\u00eda, m\u00fasica, sabores t\u00edpicos, artesan\u00edas y sobre todo mucha hermandad se vivir\u00e1n en Maryland.<\/h2>\t\t\t\t<\/div>\n\t\t\t\t\t<\/div>\n\t\t\t\t<\/div>\n\t\t<div data-particle_enable=\"false\" data-particle-mobile-disabled=\"false\" class=\"elementor-element elementor-element-e445bbe e-flex e-con-boxed e-con e-parent\" data-id=\"e445bbe\" data-element_type=\"container\" data-e-type=\"container\">\n\t\t\t\t\t<div class=\"e-con-inner\">\n\t\t\t\t<div class=\"elementor-element elementor-element-44b1707 elementor-widget elementor-widget-text-editor\" data-id=\"44b1707\" data-element_type=\"widget\" data-e-type=\"widget\" data-widget_type=\"text-editor.default\">\n\t\t\t\t\t\t\t\t\t<p>Guatefest ya es una tradici\u00f3n en el \u00e1rea metropolitana de Washington D.C., que tambi\u00e9n se integra a los estados de Virginia y Maryland. Es, como su nombre lo dice, un festejo muy guatemalteco enmarcado en las conmeoraciones de Independencia centroamericana.\u00a0<\/p><p>&#8220;Surge debido a la cantidad de guatemaltecos en el \u00e1rea, ya que varios pa\u00edses celebran su fiesta ptraia y Guatemala no podr\u00eda faltar as\u00ed que fueron varios motivos que llevaron a realizar este evento que ya es muy esperado por todos los guatemaltecos&#8221;, informa la l\u00edder migrante Letty Bar\u00e1n, que forma parte del comit\u00e9 organizador.\u00a0\u00a0<span style=\"color: var( --e-global-color-text ); text-align: var(--text-align);\">&#8220;Ya no s\u00f3lo vienen chapines del \u00e1rea metropolitana si no de varios estados cercanos&#8221;, cuenta.<\/span><\/p><p><span style=\"color: var( --e-global-color-text ); text-align: var(--text-align);\">El GuateFest tiene una admisi\u00f3n de 40 d\u00f3lares por persona, pero los fondos recaudados se utilizan para obras sociales en Guatemala. &#8220;Tambi\u00e9n para el fortalecimiento de las organizaciones migrantes&#8221;, agrega Bar\u00e1n. Los ni\u00f1os menores de 12 a\u00f1os entran gratis.<\/span><\/p><p>\u00a0<\/p>\t\t\t\t\t\t\t\t<\/div>\n\t\t\t\t\t<\/div>\n\t\t\t\t<\/div>\n\t\t<div data-particle_enable=\"false\" data-particle-mobile-disabled=\"false\" class=\"elementor-element elementor-element-1eb23e0 e-flex e-con-boxed e-con e-parent\" data-id=\"1eb23e0\" data-element_type=\"container\" data-e-type=\"container\">\n\t\t\t\t\t<div class=\"e-con-inner\">\n\t\t\t\t<div class=\"elementor-element elementor-element-d9e85d8 elementor-widget elementor-widget-facebook-embed\" data-id=\"d9e85d8\" data-element_type=\"widget\" data-e-type=\"widget\" data-widget_type=\"facebook-embed.default\">\n\t\t\t\t\t<div style=\"min-height: 1px\" class=\"elementor-facebook-widget fb-post\" data-href=\"https:\/\/www.facebook.com\/photo\/?fbid=894760219362221&#038;set=pb.100064847524271.-2207520000\" data-show-text=\"false\"><\/div>\t\t\t\t<\/div>\n\t\t\t\t\t<\/div>\n\t\t\t\t<\/div>\n\t\t<div data-particle_enable=\"false\" data-particle-mobile-disabled=\"false\" class=\"elementor-element elementor-element-07608f2 e-flex e-con-boxed e-con e-parent\" data-id=\"07608f2\" data-element_type=\"container\" data-e-type=\"container\">\n\t\t\t\t\t<div class=\"e-con-inner\">\n\t\t\t\t<div class=\"elementor-element elementor-element-497b4c9 elementor-widget elementor-widget-heading\" data-id=\"497b4c9\" data-element_type=\"widget\" data-e-type=\"widget\" data-widget_type=\"heading.default\">\n\t\t\t\t\t<h3 class=\"elementor-heading-title elementor-size-default\">Grandes expectativas del Guatefest Maryland<\/h3>\t\t\t\t<\/div>\n\t\t\t\t\t<\/div>\n\t\t\t\t<\/div>\n\t\t<div data-particle_enable=\"false\" data-particle-mobile-disabled=\"false\" class=\"elementor-element elementor-element-81f205c e-flex e-con-boxed e-con e-parent\" data-id=\"81f205c\" data-element_type=\"container\" data-e-type=\"container\">\n\t\t\t\t\t<div class=\"e-con-inner\">\n\t\t\t\t<div class=\"elementor-element elementor-element-984a73f elementor-widget elementor-widget-text-editor\" data-id=\"984a73f\" data-element_type=\"widget\" data-e-type=\"widget\" data-widget_type=\"text-editor.default\">\n\t\t\t\t\t\t\t\t\t<p>Esta celebraci\u00f3n contar\u00e1 con la presentaci\u00f3n de grupos musicales desde Guatemala, entre ellos la banda Malacates Trebol Shop, as\u00ed como presentaciones de danzas tradicionales, invitados especiales y la coronaci\u00f3n de Miss Guatefest.<\/p><p>Tambi\u00e9n habr\u00e1 ventas de comida t\u00edpica, artesan\u00edas, acto c\u00edvico, s\u00edmbolos patrios guatemaltecos, pero sobre todo mucha hermandad y alegr\u00eda.<\/p><p>Se espera la asistencia no solo de guatemaltecos sino de centroamericanos y latinoamericanos del \u00e1rea. Cada a\u00f1o ha sido creciente la afluencia de p\u00fablico y por esta raz\u00f3n se movi\u00f3 la sede del evento a un \u00e1rea m\u00e1s grande y accesible.<\/p>\t\t\t\t\t\t\t\t<\/div>\n\t\t\t\t\t<\/div>\n\t\t\t\t<\/div>\n\t\t<div data-particle_enable=\"false\" data-particle-mobile-disabled=\"false\" class=\"elementor-element elementor-element-697fd39 e-flex e-con-boxed e-con e-parent\" data-id=\"697fd39\" data-element_type=\"container\" data-e-type=\"container\">\n\t\t\t\t\t<div class=\"e-con-inner\">\n\t\t\t\t<div class=\"elementor-element elementor-element-f6bea7b elementor-widget elementor-widget-heading\" data-id=\"f6bea7b\" data-element_type=\"widget\" data-e-type=\"widget\" data-widget_type=\"heading.default\">\n\t\t\t\t\t<h3 class=\"elementor-heading-title elementor-size-default\">\u00bfCu\u00e1ndo y donde ser\u00e1 el Guatefest?<\/h3>\t\t\t\t<\/div>\n\t\t\t\t\t<\/div>\n\t\t\t\t<\/div>\n\t\t<div data-particle_enable=\"false\" data-particle-mobile-disabled=\"false\" class=\"elementor-element elementor-element-666f0bf e-flex e-con-boxed e-con e-parent\" data-id=\"666f0bf\" data-element_type=\"container\" data-e-type=\"container\">\n\t\t\t\t\t<div class=\"e-con-inner\">\n\t\t\t\t<div class=\"elementor-element elementor-element-fa1d2ad elementor-widget elementor-widget-text-editor\" data-id=\"fa1d2ad\" data-element_type=\"widget\" data-e-type=\"widget\" data-widget_type=\"text-editor.default\">\n\t\t\t\t\t\t\t\t\t<p>Guatefest 2024, se llevar\u00e1 a cabo este 1 de septiembre. Debido a la popularidad del evento, este a\u00f1o se celebrar\u00e1 en un lugar m\u00e1s amplio y con suficiente parqueo.<\/p><p>Se realizar\u00e1 en el 15901 Old Columbia Pike Burtonsville Maryland 20866.<\/p>\t\t\t\t\t\t\t\t<\/div>\n\t\t\t\t\t<\/div>\n\t\t\t\t<\/div>\n\t\t<div data-particle_enable=\"false\" data-particle-mobile-disabled=\"false\" class=\"elementor-element elementor-element-0d3f4e6 e-flex e-con-boxed e-con e-parent\" data-id=\"0d3f4e6\" data-element_type=\"container\" data-e-type=\"container\">\n\t\t\t\t\t<div class=\"e-con-inner\">\n\t\t\t\t<div class=\"elementor-element elementor-element-9095a4f elementor-widget elementor-widget-google_maps\" data-id=\"9095a4f\" data-element_type=\"widget\" data-e-type=\"widget\" data-widget_type=\"google_maps.default\">\n\t\t\t\t\t\t\t<div class=\"elementor-custom-embed\">\n\t\t\t<iframe loading=\"lazy\"\n\t\t\t\t\tsrc=\"https:\/\/maps.google.com\/maps?q=Columbia%20Pike%20Burtonsville&#038;t=m&#038;z=10&#038;output=embed&#038;iwloc=near\"\n\t\t\t\t\ttitle=\"Columbia Pike Burtonsville\"\n\t\t\t\t\taria-label=\"Columbia Pike Burtonsville\"\n\t\t\t><\/iframe>\n\t\t<\/div>\n\t\t\t\t\t\t<\/div>\n\t\t\t\t\t<\/div>\n\t\t\t\t<\/div>\n\t\t<div data-particle_enable=\"false\" data-particle-mobile-disabled=\"false\" class=\"elementor-element elementor-element-e2c62c3 e-flex e-con-boxed e-con e-parent\" data-id=\"e2c62c3\" data-element_type=\"container\" data-e-type=\"container\">\n\t\t\t\t\t<div class=\"e-con-inner\">\n\t\t\t\t<div class=\"elementor-element elementor-element-e18c3a3 elementor-widget elementor-widget-heading\" data-id=\"e18c3a3\" data-element_type=\"widget\" data-e-type=\"widget\" data-widget_type=\"heading.default\">\n\t\t\t\t\t<h3 class=\"elementor-heading-title elementor-size-default\">\u00bfQui\u00e9nes est\u00e1n invitados?<\/h3>\t\t\t\t<\/div>\n\t\t\t\t\t<\/div>\n\t\t\t\t<\/div>\n\t\t<div data-particle_enable=\"false\" data-particle-mobile-disabled=\"false\" class=\"elementor-element elementor-element-4d55069 e-flex e-con-boxed e-con e-parent\" data-id=\"4d55069\" data-element_type=\"container\" data-e-type=\"container\">\n\t\t\t\t\t<div class=\"e-con-inner\">\n\t\t\t\t<div class=\"elementor-element elementor-element-a87e500 elementor-widget elementor-widget-text-editor\" data-id=\"a87e500\" data-element_type=\"widget\" data-e-type=\"widget\" data-widget_type=\"text-editor.default\">\n\t\t\t\t\t\t\t\t\t<p>Toda la comunidad latinoamericana que reside en el \u00e1rea, algunos representantes del gobierno tanto de Estados Unidos como de Guatemala.<\/p><p>\u00a0<\/p>\t\t\t\t\t\t\t\t<\/div>\n\t\t\t\t\t<\/div>\n\t\t\t\t<\/div>\n\t\t<div data-particle_enable=\"false\" data-particle-mobile-disabled=\"false\" class=\"elementor-element elementor-element-b7f14d3 e-flex e-con-boxed e-con e-parent\" data-id=\"b7f14d3\" data-element_type=\"container\" data-e-type=\"container\">\n\t\t\t\t\t<div class=\"e-con-inner\">\n\t\t\t\t<div class=\"elementor-element elementor-element-5e4b18b elementor-widget elementor-widget-image\" data-id=\"5e4b18b\" data-element_type=\"widget\" data-e-type=\"widget\" data-widget_type=\"image.default\">\n\t\t\t\t\t\t\t\t\t\t\t\t\t\t\t<img fetchpriority=\"high\" decoding=\"async\" width=\"768\" height=\"576\" src=\"https:\/\/soymigrante.com\/revista\/wp-content\/uploads\/2024\/07\/Guatefest-en-Estados-Unidos-2-1024x768.webp\" class=\"attachment-large size-large wp-image-7739\" alt=\"Personas disfrutando de un festival cultural al aire libre con puestos de comida y artesan\u00edas, en un ambiente festivo y multicultural en la comunidad.\" srcset=\"https:\/\/soymigrante.com\/revista\/wp-content\/uploads\/2024\/07\/Guatefest-en-Estados-Unidos-2-1024x768.webp 1024w, https:\/\/soymigrante.com\/revista\/wp-content\/uploads\/2024\/07\/Guatefest-en-Estados-Unidos-2-300x225.webp 300w, https:\/\/soymigrante.com\/revista\/wp-content\/uploads\/2024\/07\/Guatefest-en-Estados-Unidos-2-768x576.webp 768w, https:\/\/soymigrante.com\/revista\/wp-content\/uploads\/2024\/07\/Guatefest-en-Estados-Unidos-2-750x563.webp 750w, https:\/\/soymigrante.com\/revista\/wp-content\/uploads\/2024\/07\/Guatefest-en-Estados-Unidos-2-1140x855.webp 1140w, https:\/\/soymigrante.com\/revista\/wp-content\/uploads\/2024\/07\/Guatefest-en-Estados-Unidos-2.webp 1440w\" sizes=\"(max-width: 768px) 100vw, 768px\" title=\"Guatefest en Estados Unidos: \u00bfCu\u00e1ndo y donde se realizara? \u2013 SoyMigrante.com REVISTA\" \/>\t\t\t\t\t\t\t\t\t\t\t\t\t\t\t<\/div>\n\t\t\t\t\t<\/div>\n\t\t\t\t<\/div>\n\t\t<div data-particle_enable=\"false\" data-particle-mobile-disabled=\"false\" class=\"elementor-element elementor-element-45e30f4 e-flex e-con-boxed e-con e-parent\" data-id=\"45e30f4\" data-element_type=\"container\" data-e-type=\"container\">\n\t\t\t\t\t<div class=\"e-con-inner\">\n\t\t\t\t<div class=\"elementor-element elementor-element-e803bc0 elementor-widget elementor-widget-text-editor\" data-id=\"e803bc0\" data-element_type=\"widget\" data-e-type=\"widget\" data-widget_type=\"text-editor.default\">\n\t\t\t\t\t\t\t\t\t<p>Seg\u00fan Letty Bar\u00e1n, quien es una migrante guatemalteca, este evento es de los m\u00e1s esperados, por sentir un poco de Guatemala en Estados Unidos y porque acerca a las familias a compartir con la m\u00fasica y las tradiciones.\u00a0<\/p>\t\t\t\t\t\t\t\t<\/div>\n\t\t\t\t\t<\/div>\n\t\t\t\t<\/div>\n\t\t<div data-particle_enable=\"false\" data-particle-mobile-disabled=\"false\" class=\"elementor-element elementor-element-e8ac1fe e-flex e-con-boxed e-con e-parent\" data-id=\"e8ac1fe\" data-element_type=\"container\" data-e-type=\"container\">\n\t\t\t\t\t<div class=\"e-con-inner\">\n\t\t\t\t<div class=\"elementor-element elementor-element-54b2b50 elementor-widget elementor-widget-heading\" data-id=\"54b2b50\" data-element_type=\"widget\" data-e-type=\"widget\" data-widget_type=\"heading.default\">\n\t\t\t\t\t<h2 class=\"elementor-heading-title elementor-size-default\">Insp\u00edrate conociendo m\u00e1s de Guatemala ac\u00e1...<\/h2>\t\t\t\t<\/div>\n\t\t\t\t\t<\/div>\n\t\t\t\t<\/div>\n\t\t<div data-particle_enable=\"false\" data-particle-mobile-disabled=\"false\" class=\"elementor-element elementor-element-ef9c34a e-flex e-con-boxed e-con e-parent\" data-id=\"ef9c34a\" data-element_type=\"container\" data-e-type=\"container\">\n\t\t\t\t\t<div class=\"e-con-inner\">\n\t\t\t\t<div class=\"elementor-element elementor-element-778d579 elementor-widget elementor-widget-blfe-post-grid\" data-id=\"778d579\" data-element_type=\"widget\" data-e-type=\"widget\" data-settings=\"{&quot;columns&quot;:&quot;3&quot;,&quot;columns_tablet&quot;:&quot;6&quot;,&quot;columns_mobile&quot;:&quot;12&quot;,&quot;hero1_slides_to_show&quot;:3,&quot;hero1_slides_to_show_tablet&quot;:2,&quot;hero1_slides_to_show_mobile&quot;:1,&quot;hero1_autoplay&quot;:&quot;yes&quot;,&quot;hero1_autoplay_speed&quot;:5000,&quot;hero1_pause_on_hover&quot;:&quot;no&quot;,&quot;hero1_loop&quot;:&quot;yes&quot;,&quot;hero1_animation_speed&quot;:200,&quot;hero1_navigation&quot;:&quot;dots&quot;,&quot;hero1_carousel_arrow_size&quot;:{&quot;unit&quot;:&quot;px&quot;,&quot;size&quot;:&quot;&quot;,&quot;sizes&quot;:[]},&quot;hero1_carousel_arrow_size_tablet&quot;:{&quot;unit&quot;:&quot;px&quot;,&quot;size&quot;:&quot;&quot;,&quot;sizes&quot;:[]},&quot;hero1_carousel_arrow_size_mobile&quot;:{&quot;unit&quot;:&quot;px&quot;,&quot;size&quot;:&quot;&quot;,&quot;sizes&quot;:[]},&quot;hero1_carousel_arrow_height&quot;:{&quot;unit&quot;:&quot;px&quot;,&quot;size&quot;:&quot;&quot;,&quot;sizes&quot;:[]},&quot;hero1_carousel_arrow_height_tablet&quot;:{&quot;unit&quot;:&quot;px&quot;,&quot;size&quot;:&quot;&quot;,&quot;sizes&quot;:[]},&quot;hero1_carousel_arrow_height_mobile&quot;:{&quot;unit&quot;:&quot;px&quot;,&quot;size&quot;:&quot;&quot;,&quot;sizes&quot;:[]},&quot;hero1_carousel_arrow_width&quot;:{&quot;unit&quot;:&quot;px&quot;,&quot;size&quot;:&quot;&quot;,&quot;sizes&quot;:[]},&quot;hero1_carousel_arrow_width_tablet&quot;:{&quot;unit&quot;:&quot;px&quot;,&quot;size&quot;:&quot;&quot;,&quot;sizes&quot;:[]},&quot;hero1_carousel_arrow_width_mobile&quot;:{&quot;unit&quot;:&quot;px&quot;,&quot;size&quot;:&quot;&quot;,&quot;sizes&quot;:[]},&quot;hero1_carousel_dots_size&quot;:{&quot;unit&quot;:&quot;px&quot;,&quot;size&quot;:&quot;&quot;,&quot;sizes&quot;:[]},&quot;hero1_carousel_dots_size_tablet&quot;:{&quot;unit&quot;:&quot;px&quot;,&quot;size&quot;:&quot;&quot;,&quot;sizes&quot;:[]},&quot;hero1_carousel_dots_size_mobile&quot;:{&quot;unit&quot;:&quot;px&quot;,&quot;size&quot;:&quot;&quot;,&quot;sizes&quot;:[]}}\" data-widget_type=\"blfe-post-grid.hero1\">\n\t\t\t\t<div class=\"elementor-widget-container\">\n\t\t\t\t\t\n            \n                <div data-skin=\"hero1\" class=\"blfe-row blfe-posts-inner blfe-hero1      blfe-carousel  \">\n                            <div class=\"blfe-post-grid-item\">\n            <div class=\"blfe-post-grid-item-inner blfe-modern-zoom\">\n                        <div class=\"blfe-post-grid-bg-image\">\n            <a class=\"blfe-post-grid-image-inner\" href=\"https:\/\/soymigrante.com\/revista\/danzas-de-guatemala-danza-de-las-guacamayas-santa-cruz-verapaz-patrimonio\/\" title=\"La ancestral Danza de las Guacamayas o Ma&#8217;Muun vuela alto en Santa Cruz Verapaz cada 3 de mayo\" rel=\"nofollow\" target=\"_blank\"><img decoding=\"async\" src=\"https:\/\/soymigrante.com\/revista\/wp-content\/uploads\/2025\/04\/danza-de-las-guacamayas-patrimonio-guatemala-13.webp\" alt=\"La ancestral Danza de las Guacamayas o Ma&#8217;Muun vuela alto en Santa Cruz Verapaz cada 3 de mayo\"\/><\/a>        <\/div>\n                        <div class=\"blfe-post-grid-details\">\n                    <div class=\"blfe-post-grid-details-inner\">\n                        <span class=\"blfe-post-category\"><a href=\"https:\/\/soymigrante.com\/revista\/category\/guate-nuestra\/\">Guate Nuestra<\/a><\/span>                        <h3 class=\"blfe-post-grid-title\">\n            <a href=\"https:\/\/soymigrante.com\/revista\/danzas-de-guatemala-danza-de-las-guacamayas-santa-cruz-verapaz-patrimonio\/\" title=\"La ancestral Danza de las Guacamayas o Ma&#8217;Muun vuela alto en Santa Cruz Verapaz cada 3 de mayo\" rel=\"nofollow\" target=\"_blank\">La ancestral Danza de las Guacamayas o Ma&#8217;Muun vuela alto en Santa Cruz Verapaz cada 3 de mayo<\/a>\n            <\/h3>                                                            <div class=\"blfe-post-grid-meta\">\n                <span class=\"blfe-post-grid-time\"><i class=\"fas fa-book-reader\"><\/i>7 Min read<\/span>            <\/div>\n                                                        <\/div>\n                <\/div>\n\n            <\/div>\n        <\/div>\n                <div class=\"blfe-post-grid-item\">\n            <div class=\"blfe-post-grid-item-inner blfe-modern-zoom\">\n                        <div class=\"blfe-post-grid-bg-image\">\n            <a class=\"blfe-post-grid-image-inner\" href=\"https:\/\/soymigrante.com\/revista\/fiestas-patronales-en-pueblos-de-guatemala-durante-mayo\/\" title=\"Ferias patronales en pueblos y municipios de Guatemala durante el mes de mayo\" rel=\"nofollow\" target=\"_blank\"><img decoding=\"async\" src=\"https:\/\/soymigrante.com\/revista\/wp-content\/uploads\/2025\/03\/Ferias-.webp\" alt=\"Ferias patronales en pueblos y municipios de Guatemala durante el mes de mayo\"\/><\/a>        <\/div>\n                        <div class=\"blfe-post-grid-details\">\n                    <div class=\"blfe-post-grid-details-inner\">\n                        <span class=\"blfe-post-category\"><a href=\"https:\/\/soymigrante.com\/revista\/category\/guate-nuestra\/\">Guate Nuestra<\/a><\/span>                        <h3 class=\"blfe-post-grid-title\">\n            <a href=\"https:\/\/soymigrante.com\/revista\/fiestas-patronales-en-pueblos-de-guatemala-durante-mayo\/\" title=\"Ferias patronales en pueblos y municipios de Guatemala durante el mes de mayo\" rel=\"nofollow\" target=\"_blank\">Ferias patronales en pueblos y municipios de Guatemala durante el mes de mayo<\/a>\n            <\/h3>                                                            <div class=\"blfe-post-grid-meta\">\n                <span class=\"blfe-post-grid-time\"><i class=\"fas fa-book-reader\"><\/i>2 Min read<\/span>            <\/div>\n                                                        <\/div>\n                <\/div>\n\n            <\/div>\n        <\/div>\n                <div class=\"blfe-post-grid-item\">\n            <div class=\"blfe-post-grid-item-inner blfe-modern-zoom\">\n                        <div class=\"blfe-post-grid-bg-image\">\n            <a class=\"blfe-post-grid-image-inner\" href=\"https:\/\/soymigrante.com\/revista\/laguna-del-hoyo-un-tesoro-natural-y-mistico-en-el-corazon-de-jalapa\/\" title=\"Laguna del Hoyo en Jalapa: Un tesoro natural misterioso pero fascinante\" rel=\"nofollow\" target=\"_blank\"><img decoding=\"async\" src=\"https:\/\/soymigrante.com\/revista\/wp-content\/uploads\/2025\/04\/Laguna-del-Hoyo-1.webp\" alt=\"Laguna del Hoyo en Jalapa: Un tesoro natural misterioso pero fascinante\"\/><\/a>        <\/div>\n                        <div class=\"blfe-post-grid-details\">\n                    <div class=\"blfe-post-grid-details-inner\">\n                        <span class=\"blfe-post-category\"><a href=\"https:\/\/soymigrante.com\/revista\/category\/guate-nuestra\/\">Guate Nuestra<\/a><\/span>                        <h3 class=\"blfe-post-grid-title\">\n            <a href=\"https:\/\/soymigrante.com\/revista\/laguna-del-hoyo-un-tesoro-natural-y-mistico-en-el-corazon-de-jalapa\/\" title=\"Laguna del Hoyo en Jalapa: Un tesoro natural misterioso pero fascinante\" rel=\"nofollow\" target=\"_blank\">Laguna del Hoyo en Jalapa: Un tesoro natural misterioso pero fascinante<\/a>\n            <\/h3>                                                            <div class=\"blfe-post-grid-meta\">\n                <span class=\"blfe-post-grid-time\"><i class=\"fas fa-book-reader\"><\/i>3 Min read<\/span>            <\/div>\n                                                        <\/div>\n                <\/div>\n\n            <\/div>\n        <\/div>\n                        <\/div>\n\n            \n            \t\t\t\t<\/div>\n\t\t\t\t<\/div>\n\t\t\t\t\t<\/div>\n\t\t\t\t<\/div>\n\t\t\t\t<\/div>\n\t\t","protected":false},"excerpt":{"rendered":"<p>Guatefest 2024 es el encuentro de guatemaltecos con motivo de los festejos patrios de independencia: alegr\u00eda, m\u00fasica, sabores t\u00edpicos, artesan\u00edas y sobre todo mucha hermandad se vivir\u00e1n en Maryland. Guatefest ya es una tradici\u00f3n en el \u00e1rea metropolitana de Washington D.C., que tambi\u00e9n se integra a los estados de Virginia y Maryland. Es, como su [&hellip;]<\/p>\n","protected":false},"author":19,"featured_media":7738,"comment_status":"open","ping_status":"open","sticky":false,"template":"","format":"standard","meta":{"_acf_changed":false,"_eb_attr":"","footnotes":""},"categories":[54],"tags":[],"class_list":["post-7737","post","type-post","status-publish","format-standard","has-post-thumbnail","hentry","category-estamos-unidos"],"acf":[],"aioseo_notices":[],"aioseo_head":"\n\t\t<!-- All in One SEO Pro 4.9.6.2 - aioseo.com -->\n\t<meta name=\"description\" content=\"Ubicada en Monjas, esta laguna del Hoyo, ofrece paisajes impresionantes y una leyenda ancestral que cautiva a los visitantes.\" \/>\n\t<meta name=\"robots\" content=\"max-snippet:-1, max-image-preview:large, max-video-preview:-1\" \/>\n\t<meta name=\"author\" content=\"SoyMigrante.com REVISTA\"\/>\n\t<link rel=\"canonical\" href=\"https:\/\/soymigrante.com\/revista\/laguna-del-hoyo-un-tesoro-natural-y-mistico-en-el-corazon-de-jalapa\/\" \/>\n\t<meta name=\"generator\" content=\"All in One SEO Pro (AIOSEO) 4.9.6.2\" \/>\n\n\t\t<link rel=\"preconnect\" href=\"https:\/\/fonts.googleapis.com\" crossorigin>\n<link rel=\"preconnect\" href=\"https:\/\/fonts.gstatic.com\" crossorigin>\n\t\t<meta property=\"og:locale\" content=\"es_ES\" \/>\n\t\t<meta property=\"og:site_name\" content=\"SoyMigrante.com REVISTA \u2013 Nuestra misi\u00f3n es reconocer y dignificar al migrante.\" \/>\n\t\t<meta property=\"og:type\" content=\"article\" \/>\n\t\t<meta property=\"og:title\" content=\"Laguna del Hoyo en Jalapa: Un tesoro natural misterioso pero fascinante\" \/>\n\t\t<meta property=\"og:description\" content=\"Ubicada en Monjas, esta laguna del Hoyo, ofrece paisajes impresionantes y una leyenda ancestral que cautiva a los visitantes.\" \/>\n\t\t<meta property=\"og:url\" content=\"https:\/\/soymigrante.com\/revista\/laguna-del-hoyo-un-tesoro-natural-y-mistico-en-el-corazon-de-jalapa\/\" \/>\n\t\t<meta property=\"og:image\" content=\"https:\/\/soymigrante.com\/revista\/wp-content\/uploads\/2025\/04\/Laguna-del-Hoyo-1.webp\" \/>\n\t\t<meta property=\"og:image:secure_url\" content=\"https:\/\/soymigrante.com\/revista\/wp-content\/uploads\/2025\/04\/Laguna-del-Hoyo-1.webp\" \/>\n\t\t<meta property=\"og:image:width\" content=\"640\" \/>\n\t\t<meta property=\"og:image:height\" content=\"640\" \/>\n\t\t<meta property=\"article:published_time\" content=\"2026-04-25T18:09:19+00:00\" \/>\n\t\t<meta property=\"article:modified_time\" content=\"2026-04-25T18:09:31+00:00\" \/>\n\t\t<meta property=\"article:publisher\" content=\"https:\/\/www.facebook.com\/soymigrantecom\" \/>\n\t\t<meta name=\"twitter:card\" content=\"summary_large_image\" \/>\n\t\t<meta name=\"twitter:site\" content=\"@SoyMigrante_com\" \/>\n\t\t<meta name=\"twitter:title\" content=\"Laguna del Hoyo en Jalapa: Un tesoro natural misterioso pero fascinante\" \/>\n\t\t<meta name=\"twitter:description\" content=\"Ubicada en Monjas, esta laguna del Hoyo, ofrece paisajes impresionantes y una leyenda ancestral que cautiva a los visitantes.\" \/>\n\t\t<meta name=\"twitter:creator\" content=\"@SoyMigrante_com\" \/>\n\t\t<meta name=\"twitter:image\" content=\"https:\/\/soymigrante.com\/revista\/wp-content\/uploads\/2025\/04\/Laguna-del-Hoyo-1.webp\" \/>\n\t\t<!-- All in One SEO Pro -->\r\n\t\t<title>Laguna del Hoyo en Jalapa: Un tesoro natural misterioso pero fascinante<\/title>\n\n","aioseo_head_json":{"title":"Laguna del Hoyo en Jalapa: Un tesoro natural misterioso pero fascinante","description":"Ubicada en Monjas, esta laguna del Hoyo, ofrece paisajes impresionantes y una leyenda ancestral que cautiva a los visitantes.","canonical_url":"https:\/\/soymigrante.com\/revista\/laguna-del-hoyo-un-tesoro-natural-y-mistico-en-el-corazon-de-jalapa\/","robots":"max-snippet:-1, max-image-preview:large, max-video-preview:-1","keywords":"","webmasterTools":{"miscellaneous":"&lt;link rel=\"preconnect\" href=\"https:\/\/fonts.googleapis.com\" crossorigin&gt;\n&lt;link rel=\"preconnect\" href=\"https:\/\/fonts.gstatic.com\" crossorigin&gt;"},"schema":null,"og:locale":"es_ES","og:site_name":"SoyMigrante.com REVISTA \u2013 Nuestra misi\u00f3n es reconocer y dignificar al migrante.","og:type":"article","og:title":"Laguna del Hoyo en Jalapa: Un tesoro natural misterioso pero fascinante","og:description":"Ubicada en Monjas, esta laguna del Hoyo, ofrece paisajes impresionantes y una leyenda ancestral que cautiva a los visitantes.","og:url":"https:\/\/soymigrante.com\/revista\/laguna-del-hoyo-un-tesoro-natural-y-mistico-en-el-corazon-de-jalapa\/","og:image":"https:\/\/soymigrante.com\/revista\/wp-content\/uploads\/2025\/04\/Laguna-del-Hoyo-1.webp","og:image:secure_url":"https:\/\/soymigrante.com\/revista\/wp-content\/uploads\/2025\/04\/Laguna-del-Hoyo-1.webp","og:image:width":640,"og:image:height":640,"article:published_time":"2026-04-25T18:09:19+00:00","article:modified_time":"2026-04-25T18:09:31+00:00","article:publisher":"https:\/\/www.facebook.com\/soymigrantecom","twitter:card":"summary_large_image","twitter:site":"@SoyMigrante_com","twitter:title":"Laguna del Hoyo en Jalapa: Un tesoro natural misterioso pero fascinante","twitter:description":"Ubicada en Monjas, esta laguna del Hoyo, ofrece paisajes impresionantes y una leyenda ancestral que cautiva a los visitantes.","twitter:creator":"@SoyMigrante_com","twitter:image":"https:\/\/soymigrante.com\/revista\/wp-content\/uploads\/2025\/04\/Laguna-del-Hoyo-1.webp"},"aioseo_meta_data":{"post_id":"7737","title":null,"description":"Encuentro de m\u00fasica, tradici\u00f3n, artesan\u00eda,. comidas tipicas y sobre todo, hermadad guatemalteca en el Guatefest del \u00e1rea de Washington. Lugar, fecha, entradas.","keywords":null,"keyphrases":{"focus":{"keyphrase":"Guatefest","score":100,"analysis":{"keyphraseInTitle":{"score":9,"maxScore":9,"error":0},"keyphraseInDescription":{"score":9,"maxScore":9,"error":0},"keyphraseLength":{"score":9,"maxScore":9,"error":0,"length":1},"keyphraseInURL":{"score":5,"maxScore":5,"error":0},"keyphraseInIntroduction":{"score":9,"maxScore":9,"error":0},"keyphraseInSubHeadings":{"score":9,"maxScore":9,"error":0},"keyphraseInImageAlt":{"score":9,"maxScore":9,"error":0},"keywordDensity":{"type":"best","score":9,"maxScore":9,"error":0}}},"additional":[{"keyphrase":"festival","score":40,"analysis":{"keyphraseInDescription":{"score":3,"maxScore":9,"error":1},"keyphraseLength":{"score":9,"maxScore":9,"error":0,"length":1},"keyphraseInIntroduction":{"score":3,"maxScore":9,"error":1},"keyphraseInImageAlt":{"score":3,"maxScore":9,"error":1},"keywordDensity":{"score":0,"type":"low","maxScore":9,"error":1}}},{"keyphrase":"Guatemala","score":73,"analysis":{"keyphraseInDescription":{"score":3,"maxScore":9,"error":1},"keyphraseLength":{"score":9,"maxScore":9,"error":0,"length":1},"keyphraseInIntroduction":{"score":3,"maxScore":9,"error":1},"keyphraseInImageAlt":{"score":9,"maxScore":9,"error":0},"keywordDensity":{"type":"best","score":9,"maxScore":9,"error":0}}},{"keyphrase":"Independencia","score":53,"analysis":{"keyphraseInDescription":{"score":3,"maxScore":9,"error":1},"keyphraseLength":{"score":9,"maxScore":9,"error":0,"length":1},"keyphraseInIntroduction":{"score":9,"maxScore":9,"error":0},"keyphraseInImageAlt":{"score":3,"maxScore":9,"error":1},"keywordDensity":{"score":0,"type":"low","maxScore":9,"error":1}}}]},"primary_term":null,"canonical_url":null,"og_title":null,"og_description":null,"og_object_type":"default","og_image_type":"default","og_image_url":null,"og_image_width":null,"og_image_height":null,"og_image_custom_url":null,"og_image_custom_fields":null,"og_video":"","og_custom_url":null,"og_article_section":null,"og_article_tags":null,"twitter_use_og":false,"twitter_card":"default","twitter_image_type":"default","twitter_image_url":null,"twitter_image_custom_url":null,"twitter_image_custom_fields":null,"twitter_title":null,"twitter_description":null,"schema":{"blockGraphs":[],"customGraphs":[],"default":{"data":{"Article":[],"Course":[],"Dataset":[],"FAQPage":[],"Movie":[],"Person":[],"Product":[],"ProductReview":[],"Car":[],"Recipe":[],"Service":[],"SoftwareApplication":[],"WebPage":[]},"graphName":"Article","isEnabled":true},"graphs":[]},"schema_type":"default","schema_type_options":null,"pillar_content":false,"robots_default":true,"robots_noindex":false,"robots_noarchive":false,"robots_nosnippet":false,"robots_nofollow":false,"robots_noimageindex":false,"robots_noodp":false,"robots_notranslate":false,"robots_max_snippet":"-1","robots_max_videopreview":"-1","robots_max_imagepreview":"large","priority":null,"frequency":"default","local_seo":null,"seo_analyzer_scan_date":"2025-10-08 22:53:09","breadcrumb_settings":null,"limit_modified_date":false,"reviewed_by":null,"open_ai":"{\"title\":{\"suggestions\":[],\"usage\":0},\"description\":{\"suggestions\":[],\"usage\":0}}","ai":null,"created":"2024-07-29 22:43:17","updated":"2026-02-04 12:54:54"},"aioseo_breadcrumb":"<div class=\"aioseo-breadcrumbs\"><span class=\"aioseo-breadcrumb\">\n\t<a href=\"https:\/\/soymigrante.com\/revista\" title=\"Home\">Home<\/a>\n<\/span><span class=\"aioseo-breadcrumb-separator\">\u00bb<\/span><span class=\"aioseo-breadcrumb\">\n\t<a href=\"https:\/\/soymigrante.com\/revista\/category\/estamos-unidos\/\" title=\"Estamos Unidos\">Estamos Unidos<\/a>\n<\/span><span class=\"aioseo-breadcrumb-separator\">\u00bb<\/span><span class=\"aioseo-breadcrumb\">\n\tTodo listo para Guatefest 2024 en Maryland este domingo 1 de septiembre\n<\/span><\/div>","aioseo_breadcrumb_json":[{"label":"Home","link":"https:\/\/soymigrante.com\/revista"},{"label":"Estamos Unidos","link":"https:\/\/soymigrante.com\/revista\/category\/estamos-unidos\/"},{"label":"Todo listo para Guatefest 2024 en Maryland este domingo 1 de septiembre","link":"https:\/\/soymigrante.com\/revista\/guatefest-de-independencia-en-maryland-cuando-y-donde\/"}],"_links":{"self":[{"href":"https:\/\/soymigrante.com\/revista\/wp-json\/wp\/v2\/posts\/7737","targetHints":{"allow":["GET"]}}],"collection":[{"href":"https:\/\/soymigrante.com\/revista\/wp-json\/wp\/v2\/posts"}],"about":[{"href":"https:\/\/soymigrante.com\/revista\/wp-json\/wp\/v2\/types\/post"}],"author":[{"embeddable":true,"href":"https:\/\/soymigrante.com\/revista\/wp-json\/wp\/v2\/users\/19"}],"replies":[{"embeddable":true,"href":"https:\/\/soymigrante.com\/revista\/wp-json\/wp\/v2\/comments?post=7737"}],"version-history":[{"count":0,"href":"https:\/\/soymigrante.com\/revista\/wp-json\/wp\/v2\/posts\/7737\/revisions"}],"wp:featuredmedia":[{"embeddable":true,"href":"https:\/\/soymigrante.com\/revista\/wp-json\/wp\/v2\/media\/7738"}],"wp:attachment":[{"href":"https:\/\/soymigrante.com\/revista\/wp-json\/wp\/v2\/media?parent=7737"}],"wp:term":[{"taxonomy":"category","embeddable":true,"href":"https:\/\/soymigrante.com\/revista\/wp-json\/wp\/v2\/categories?post=7737"},{"taxonomy":"post_tag","embeddable":true,"href":"https:\/\/soymigrante.com\/revista\/wp-json\/wp\/v2\/tags?post=7737"}],"curies":[{"name":"wp","href":"https:\/\/api.w.org\/{rel}","templated":true}]}}