{"id":7722,"date":"2024-07-29T10:46:14","date_gmt":"2024-07-29T16:46:14","guid":{"rendered":"https:\/\/soymigrante.com\/revista\/?p=7722"},"modified":"2025-05-16T11:07:26","modified_gmt":"2025-05-16T17:07:26","slug":"joyas-mayas-migrantes-jarra-con-relieve-en-el-met-museum-ny","status":"publish","type":"post","link":"https:\/\/soymigrante.com\/revista\/joyas-mayas-migrantes-jarra-con-relieve-en-el-met-museum-ny\/","title":{"rendered":"Joyas mayas migrantes: Chocolatera en el Met Museum NY. Conoce su significado"},"content":{"rendered":"\t\t<div data-elementor-type=\"wp-post\" data-elementor-id=\"7722\" class=\"elementor elementor-7722\" data-elementor-post-type=\"post\">\n\t\t\t\t<div data-particle_enable=\"false\" data-particle-mobile-disabled=\"false\" class=\"elementor-element elementor-element-51f84b6 e-flex e-con-boxed e-con e-parent\" data-id=\"51f84b6\" data-element_type=\"container\" data-e-type=\"container\">\n\t\t\t\t\t<div class=\"e-con-inner\">\n\t\t\t\t<div class=\"elementor-element elementor-element-2454d8a elementor-widget elementor-widget-heading\" data-id=\"2454d8a\" data-element_type=\"widget\" data-e-type=\"widget\" data-widget_type=\"heading.default\">\n\t\t\t\t\t<h2 class=\"elementor-heading-title elementor-size-default\">Seg\u00fan registros del Museo Metropolitano de Nueva York, en donde se le conserva con gran cuidado, este tarro maya de dise\u00f1o deslumbrante se utilizaba para tomar chocolate. El agarrador ten\u00eda una funci\u00f3n adicional.<\/h2>\t\t\t\t<\/div>\n\t\t\t\t\t<\/div>\n\t\t\t\t<\/div>\n\t\t<div data-particle_enable=\"false\" data-particle-mobile-disabled=\"false\" class=\"elementor-element elementor-element-f5de622 e-flex e-con-boxed e-con e-parent\" data-id=\"f5de622\" data-element_type=\"container\" data-e-type=\"container\">\n\t\t\t\t\t<div class=\"e-con-inner\">\n\t\t\t\t<div class=\"elementor-element elementor-element-c515cfc elementor-widget elementor-widget-html\" data-id=\"c515cfc\" data-element_type=\"widget\" data-e-type=\"widget\" data-widget_type=\"html.default\">\n\t\t\t\t\t<div id=\"buzzsprout-player-17175991\"><\/div><script src=\"https:\/\/www.buzzsprout.com\/2444168\/episodes\/17175991-chocolatera-maya-en-el-met-museum-de-new-york.js?container_id=buzzsprout-player-17175991&player=small\" type=\"text\/javascript\" charset=\"utf-8\"><\/script> \t\t\t\t<\/div>\n\t\t\t\t\t<\/div>\n\t\t\t\t<\/div>\n\t\t<div data-particle_enable=\"false\" data-particle-mobile-disabled=\"false\" class=\"elementor-element elementor-element-985890b e-flex e-con-boxed e-con e-parent\" data-id=\"985890b\" data-element_type=\"container\" data-e-type=\"container\">\n\t\t\t\t\t<div class=\"e-con-inner\">\n\t\t\t\t<div class=\"elementor-element elementor-element-f201f03 elementor-widget elementor-widget-text-editor\" data-id=\"f201f03\" data-element_type=\"widget\" data-e-type=\"widget\" data-widget_type=\"text-editor.default\">\n\t\t\t\t\t\t\t\t\t<p><span style=\"color: var( --e-global-color-text ); text-align: var(--text-align);\">Este tarro con pico vertical es considerado por el <a href=\"https:\/\/www.metmuseum.org\/art\/collection\/search\/318346\">Museo Metropolitano de Nueva York,<\/a> como uno de los recipientes de piedra esculpidos con m\u00e1s elegancia en el corpus del arte maya.<\/span><\/p><p><span style=\"color: var( --e-global-color-text ); text-align: var(--text-align);\">El dise\u00f1o de pico vertical\u00a0 es conocido desde el a\u00f1o 200 antes de Cristo y se le relaciona especialmente con el consumo de chocolate. Los antiguos mayas soplaban por este pico para que el efecto burbujeante produjera una espuma en la superficie de la sabrosa bebida de chocolate.<\/span><\/p><p><span style=\"color: var( --e-global-color-text ); text-align: var(--text-align);\">El sitio del museo aclara que esta pieza no est\u00e1 en la exhibici\u00f3n permanente, pero que s\u00ed ha formado parte de <a href=\"https:\/\/www.metmuseum.org\/art\/collection\/search\/318346\">varias muestras temporales en Nueva York, Los Angeles y Dallas.<\/a><\/span><\/p>\t\t\t\t\t\t\t\t<\/div>\n\t\t\t\t\t<\/div>\n\t\t\t\t<\/div>\n\t\t<div data-particle_enable=\"false\" data-particle-mobile-disabled=\"false\" class=\"elementor-element elementor-element-0ee914a e-flex e-con-boxed e-con e-parent\" data-id=\"0ee914a\" data-element_type=\"container\" data-e-type=\"container\">\n\t\t\t\t\t<div class=\"e-con-inner\">\n\t\t\t\t<div class=\"elementor-element elementor-element-eb931da elementor-widget elementor-widget-image\" data-id=\"eb931da\" data-element_type=\"widget\" data-e-type=\"widget\" data-widget_type=\"image.default\">\n\t\t\t\t\t\t\t\t\t\t\t\t<figure class=\"wp-caption\">\n\t\t\t\t\t\t\t\t\t\t\t<a href=\"https:\/\/github.com\/metmuseum\/openaccess\">\n\t\t\t\t\t\t\t<img fetchpriority=\"high\" decoding=\"async\" width=\"768\" height=\"446\" src=\"https:\/\/soymigrante.com\/revista\/wp-content\/uploads\/2024\/07\/tarro-maya-grabado-1024x595.webp\" class=\"attachment-large size-large wp-image-7727\" alt=\"Arte rupestre prehisp\u00e1nica en cuevas, expresiones culturales ancestrales y grabados en piedra en M\u00e9xico.\" srcset=\"https:\/\/soymigrante.com\/revista\/wp-content\/uploads\/2024\/07\/tarro-maya-grabado-1024x595.webp 1024w, https:\/\/soymigrante.com\/revista\/wp-content\/uploads\/2024\/07\/tarro-maya-grabado-300x174.webp 300w, https:\/\/soymigrante.com\/revista\/wp-content\/uploads\/2024\/07\/tarro-maya-grabado-768x446.webp 768w, https:\/\/soymigrante.com\/revista\/wp-content\/uploads\/2024\/07\/tarro-maya-grabado-750x435.webp 750w, https:\/\/soymigrante.com\/revista\/wp-content\/uploads\/2024\/07\/tarro-maya-grabado-1140x662.webp 1140w, https:\/\/soymigrante.com\/revista\/wp-content\/uploads\/2024\/07\/tarro-maya-grabado.webp 1421w\" sizes=\"(max-width: 768px) 100vw, 768px\" title=\"Detalle del tarro maya para el consumo de chocolate. Esta franja es denominada &quot;banda celeste&quot; un indicador de trascendencia y grandeza. (Fotograf\u00eda Met Museum de Nueva York, bajo licencia de Creative Commons) \u2013 SoyMigrante.com REVISTA\" \/>\t\t\t\t\t\t\t\t<\/a>\n\t\t\t\t\t\t\t\t\t\t\t<figcaption class=\"widget-image-caption wp-caption-text\">Esculturas ind\u00edgenas antiguas en rocas, patrimonio cultural y vestigios arqueol\u00f3gicos de las civilizaciones originarias.<\/figcaption>\n\t\t\t\t\t\t\t\t\t\t<\/figure>\n\t\t\t\t\t\t\t\t\t<\/div>\n\t\t\t\t\t<\/div>\n\t\t\t\t<\/div>\n\t\t<div data-particle_enable=\"false\" data-particle-mobile-disabled=\"false\" class=\"elementor-element elementor-element-227bb97 e-flex e-con-boxed e-con e-parent\" data-id=\"227bb97\" data-element_type=\"container\" data-e-type=\"container\">\n\t\t\t\t\t<div class=\"e-con-inner\">\n\t\t\t\t<div class=\"elementor-element elementor-element-1fbf0e8 elementor-widget elementor-widget-heading\" data-id=\"1fbf0e8\" data-element_type=\"widget\" data-e-type=\"widget\" data-widget_type=\"heading.default\">\n\t\t\t\t\t<h3 class=\"elementor-heading-title elementor-size-default\">Finos detalles con gran significado<\/h3>\t\t\t\t<\/div>\n\t\t\t\t\t<\/div>\n\t\t\t\t<\/div>\n\t\t<div data-particle_enable=\"false\" data-particle-mobile-disabled=\"false\" class=\"elementor-element elementor-element-401a8dc e-flex e-con-boxed e-con e-parent\" data-id=\"401a8dc\" data-element_type=\"container\" data-e-type=\"container\">\n\t\t\t\t\t<div class=\"e-con-inner\">\n\t\t\t\t<div class=\"elementor-element elementor-element-6ef717d elementor-widget elementor-widget-text-editor\" data-id=\"6ef717d\" data-element_type=\"widget\" data-e-type=\"widget\" data-widget_type=\"text-editor.default\">\n\t\t\t\t\t\t\t\t\t<p><span style=\"color: var( --e-global-color-text ); text-align: var(--text-align);\">Seg\u00fan informaci\u00f3n del <a href=\"https:\/\/www.metmuseum.org\/art\/collection\/search\/318346\">Met<\/a>, donde se le conserva con gran cuidado, &#8220;tallado en piedra caliza endurecida (compactada), el recipiente es un raro ejemplo de un recipiente con pico de este tipo en piedra&#8221;. El cuello del recipiente contiene una &#8220;banda celeste&#8221;, un motivo del arte maya que indica una dimensi\u00f3n trascendental.<\/span><\/p><p><span style=\"color: var( --e-global-color-text ); text-align: var(--text-align);\">&#8220;Tiene jerogl\u00edficos en forma de T descifrados como IK, &#8220;viento&#8221;, separados por l\u00edneas diagonales.\u00a0<\/span><span style=\"color: var( --e-global-color-text ); text-align: var(--text-align);\">El cuerpo globular del recipiente es perfectamente sim\u00e9trico y el fondo de la c\u00e1mara est\u00e1 nivelado para facilitar el almacenamiento.<\/span><\/p>\t\t\t\t\t\t\t\t<\/div>\n\t\t\t\t\t<\/div>\n\t\t\t\t<\/div>\n\t\t<div data-particle_enable=\"false\" data-particle-mobile-disabled=\"false\" class=\"elementor-element elementor-element-71fbea0 e-flex e-con-boxed e-con e-parent\" data-id=\"71fbea0\" data-element_type=\"container\" data-e-type=\"container\">\n\t\t\t\t\t<div class=\"e-con-inner\">\n\t\t\t\t<div class=\"elementor-element elementor-element-f5975dd elementor-invisible elementor-widget elementor-widget-image\" data-id=\"f5975dd\" data-element_type=\"widget\" data-e-type=\"widget\" data-settings=\"{&quot;_animation&quot;:&quot;rollIn&quot;}\" data-widget_type=\"image.default\">\n\t\t\t\t\t\t\t\t\t\t\t\t<figure class=\"wp-caption\">\n\t\t\t\t\t\t\t\t\t\t\t<a href=\"https:\/\/github.com\/metmuseum\/openaccess\">\n\t\t\t\t\t\t\t<img decoding=\"async\" width=\"768\" height=\"768\" src=\"https:\/\/soymigrante.com\/revista\/wp-content\/uploads\/2024\/07\/jarra-maya-grabada-met-1-1.webp\" class=\"attachment-large size-large wp-image-7728\" alt=\"Ancient Mesoamerican ceramic vessel with intricate carvings and mythical motifs, showcasing pre-Hispanic craftsmanship and cultural symbolism in Mexico.\" srcset=\"https:\/\/soymigrante.com\/revista\/wp-content\/uploads\/2024\/07\/jarra-maya-grabada-met-1-1.webp 850w, https:\/\/soymigrante.com\/revista\/wp-content\/uploads\/2024\/07\/jarra-maya-grabada-met-1-1-300x300.webp 300w, https:\/\/soymigrante.com\/revista\/wp-content\/uploads\/2024\/07\/jarra-maya-grabada-met-1-1-150x150.webp 150w, https:\/\/soymigrante.com\/revista\/wp-content\/uploads\/2024\/07\/jarra-maya-grabada-met-1-1-768x768.webp 768w, https:\/\/soymigrante.com\/revista\/wp-content\/uploads\/2024\/07\/jarra-maya-grabada-met-1-1-75x75.webp 75w, https:\/\/soymigrante.com\/revista\/wp-content\/uploads\/2024\/07\/jarra-maya-grabada-met-1-1-750x750.webp 750w\" sizes=\"(max-width: 768px) 100vw, 768px\" title=\"El pico y sujetador del tarro serv\u00eda para soplar el chocolate. (Fotograf\u00eda Met Museum bajo licencia de Creative Commons) \u2013 SoyMigrante.com REVISTA\" \/>\t\t\t\t\t\t\t\t<\/a>\n\t\t\t\t\t\t\t\t\t\t\t<figcaption class=\"widget-image-caption wp-caption-text\">C\u00e1ntara prehisp\u00e1nica de cer\u00e1mica con grabados detallados y motivos mitol\u00f3gicos, ejemplo del arte y cultura ancestral mexicana.<\/figcaption>\n\t\t\t\t\t\t\t\t\t\t<\/figure>\n\t\t\t\t\t\t\t\t\t<\/div>\n\t\t\t\t\t<\/div>\n\t\t\t\t<\/div>\n\t\t<div data-particle_enable=\"false\" data-particle-mobile-disabled=\"false\" class=\"elementor-element elementor-element-cf6d7a8 e-flex e-con-boxed e-con e-parent\" data-id=\"cf6d7a8\" data-element_type=\"container\" data-e-type=\"container\">\n\t\t\t\t\t<div class=\"e-con-inner\">\n\t\t\t\t<div class=\"elementor-element elementor-element-793f17f elementor-widget elementor-widget-heading\" data-id=\"793f17f\" data-element_type=\"widget\" data-e-type=\"widget\" data-widget_type=\"heading.default\">\n\t\t\t\t\t<h3 class=\"elementor-heading-title elementor-size-default\">Deidades o esp\u00edritus grabados<\/h3>\t\t\t\t<\/div>\n\t\t\t\t\t<\/div>\n\t\t\t\t<\/div>\n\t\t<div data-particle_enable=\"false\" data-particle-mobile-disabled=\"false\" class=\"elementor-element elementor-element-02dc2d8 e-flex e-con-boxed e-con e-parent\" data-id=\"02dc2d8\" data-element_type=\"container\" data-e-type=\"container\">\n\t\t\t\t\t<div class=\"e-con-inner\">\n\t\t\t\t<div class=\"elementor-element elementor-element-84c2987 elementor-widget elementor-widget-text-editor\" data-id=\"84c2987\" data-element_type=\"widget\" data-e-type=\"widget\" data-widget_type=\"text-editor.default\">\n\t\t\t\t\t\t\t\t\t<p>A ambos lados del pico, en el cuerpo del recipiente, hay deidades ornamentadas que flotan en volutas humeantes.<\/p><p>Estas figuras tienen formas \u00fanicas y caprichosas, que contrastan con el patr\u00f3n repetitivo del borde de la banda celeste. El ser sobrenatural, a la derecha del pico, tiene caracter\u00edsticas aviares, como alas.\u00a0<\/p><p>Tiene una m\u00e1scara con un pico saliente y la boca hacia abajo, aunque se ven claramente manos y pies de apariencia humana en sus extremidades retorcidas. Est\u00e1 mirando hacia abajo, un s\u00edmbolo com\u00fan de los antepasados que miraban hacia abajo a los gobernantes vivos<\/p><p>\u00a0<\/p>\t\t\t\t\t\t\t\t<\/div>\n\t\t\t\t\t<\/div>\n\t\t\t\t<\/div>\n\t\t<div data-particle_enable=\"false\" data-particle-mobile-disabled=\"false\" class=\"elementor-element elementor-element-b49caf8 e-flex e-con-boxed e-con e-parent\" data-id=\"b49caf8\" data-element_type=\"container\" data-e-type=\"container\">\n\t\t\t\t\t<div class=\"e-con-inner\">\n\t\t\t\t<div class=\"elementor-element elementor-element-297eee8 elementor-widget elementor-widget-image\" data-id=\"297eee8\" data-element_type=\"widget\" data-e-type=\"widget\" data-widget_type=\"image.default\">\n\t\t\t\t\t\t\t\t\t\t\t\t<figure class=\"wp-caption\">\n\t\t\t\t\t\t\t\t\t\t\t<a href=\"https:\/\/github.com\/metmuseum\/openaccess\">\n\t\t\t\t\t\t\t<img decoding=\"async\" width=\"768\" height=\"650\" src=\"https:\/\/soymigrante.com\/revista\/wp-content\/uploads\/2024\/07\/jarra-maya-grabada-met-2.webp\" class=\"attachment-large size-large wp-image-7729\" alt=\"Ancient Mesoamerican carved artifact showcasing intricate patterns and symbols, representative of indigenous craftsmanship and cultural heritage from Latin America.\" srcset=\"https:\/\/soymigrante.com\/revista\/wp-content\/uploads\/2024\/07\/jarra-maya-grabada-met-2.webp 900w, https:\/\/soymigrante.com\/revista\/wp-content\/uploads\/2024\/07\/jarra-maya-grabada-met-2-300x254.webp 300w, https:\/\/soymigrante.com\/revista\/wp-content\/uploads\/2024\/07\/jarra-maya-grabada-met-2-768x650.webp 768w, https:\/\/soymigrante.com\/revista\/wp-content\/uploads\/2024\/07\/jarra-maya-grabada-met-2-750x635.webp 750w\" sizes=\"(max-width: 768px) 100vw, 768px\" title=\"Un personaje, posiblemente un ancestro, con m\u00e1scara de ave, mira hacia abajo: s\u00edmbolo usual para representar como  los antepasados miraban a los gobernantes vivos. (Fotograf\u00eda Met Museum bajo licencia de Creative Commons) \u2013 SoyMigrante.com REVISTA\" \/>\t\t\t\t\t\t\t\t<\/a>\n\t\t\t\t\t\t\t\t\t\t\t<figcaption class=\"widget-image-caption wp-caption-text\">Fotograf\u00eda de un artefacto antiguo maya con grabados detallados, resaltando el arte prehisp\u00e1nico y la cultura ancestral de M\u00e9xico.<\/figcaption>\n\t\t\t\t\t\t\t\t\t\t<\/figure>\n\t\t\t\t\t\t\t\t\t<\/div>\n\t\t\t\t\t<\/div>\n\t\t\t\t<\/div>\n\t\t<div data-particle_enable=\"false\" data-particle-mobile-disabled=\"false\" class=\"elementor-element elementor-element-65faea6 e-flex e-con-boxed e-con e-parent\" data-id=\"65faea6\" data-element_type=\"container\" data-e-type=\"container\">\n\t\t\t\t\t<div class=\"e-con-inner\">\n\t\t\t\t<div class=\"elementor-element elementor-element-80d0c5a elementor-widget elementor-widget-heading\" data-id=\"80d0c5a\" data-element_type=\"widget\" data-e-type=\"widget\" data-widget_type=\"heading.default\">\n\t\t\t\t\t<h3 class=\"elementor-heading-title elementor-size-default\">Personaje antropomorfo: \u00bfUn gobernante?<\/h3>\t\t\t\t<\/div>\n\t\t\t\t\t<\/div>\n\t\t\t\t<\/div>\n\t\t<div data-particle_enable=\"false\" data-particle-mobile-disabled=\"false\" class=\"elementor-element elementor-element-72bf8d6 e-flex e-con-boxed e-con e-parent\" data-id=\"72bf8d6\" data-element_type=\"container\" data-e-type=\"container\">\n\t\t\t\t\t<div class=\"e-con-inner\">\n\t\t\t\t<div class=\"elementor-element elementor-element-f0b74ab elementor-widget elementor-widget-text-editor\" data-id=\"f0b74ab\" data-element_type=\"widget\" data-e-type=\"widget\" data-widget_type=\"text-editor.default\">\n\t\t\t\t\t\t\t\t\t<p>Hay una segunda figura, en el otro lado del tarro. Por sus caracter\u00edsticas m\u00e1s humanas, se le asocia con el dios maya del Maiz. Tiene el perfil distinguido con la frente inclinada, dos l\u00edneas paralelas en la mejilla, un diente que sobresale de la boca y joyas de jade adornando las mu\u00f1ecas, los tobillos, los pectorales y el taparrabos, seg\u00fan <a href=\"https:\/\/www.metmuseum.org\/art\/collection\/search\/318346\">la descripci\u00f3n del sitio del Metropolitan Museum.<\/a><\/p>\n<p>Existe una inscripci\u00f3n en el tarro, que parece ser la dedicatoria de este utensilio. Solo fue parcialmente descifrada<span style=\"color: var( --e-global-color-text ); text-align: var(--text-align);\">\u00a0( u-K&#8217;AL-wa TUUN ) y menciona el nombre de uno de los dioses representados-<\/span><\/p>\n<p><span style=\"color: var( --e-global-color-text ); text-align: var(--text-align);\">Al parecer un mismo artista ejecut\u00f3 im\u00e1genes en varios vasos similares, pero no todos se conservan completos o con tan excelente conservaci\u00f3n como este.\u00a0<\/span><\/p>\n<p><span style=\"color: var( --e-global-color-text ); text-align: var(--text-align);\"><a href=\"https:\/\/www.metmuseum.org\/art\/collection\/search\/318346\">El Met Museum<\/a> anota la procedencia del vaso como &#8220;M\u00e9xico o Guatemala. Forma parte de su colecci\u00f3n desde 1999, cuando fue donado por Charles y Valerie Diker, quienes la adquirieron en la galer\u00eda Edward Merrin de Nueva York antes de 1973.\u00a0<\/span><\/p>\n<p><span style=\"color: var( --e-global-color-text ); text-align: var(--text-align);\">La pieza se encuentra conservada en condiciones ideales por esta instituci\u00f3n cultural.<\/span><\/p>\t\t\t\t\t\t\t\t<\/div>\n\t\t\t\t\t<\/div>\n\t\t\t\t<\/div>\n\t\t<div data-particle_enable=\"false\" data-particle-mobile-disabled=\"false\" class=\"elementor-element elementor-element-ccb6f72 e-flex e-con-boxed e-con e-parent\" data-id=\"ccb6f72\" data-element_type=\"container\" data-e-type=\"container\">\n\t\t\t\t\t<div class=\"e-con-inner\">\n\t\t\t\t<div class=\"elementor-element elementor-element-6d80b91 elementor-widget elementor-widget-image\" data-id=\"6d80b91\" data-element_type=\"widget\" data-e-type=\"widget\" data-widget_type=\"image.default\">\n\t\t\t\t\t\t\t\t\t\t\t\t<figure class=\"wp-caption\">\n\t\t\t\t\t\t\t\t\t\t\t<a href=\"https:\/\/github.com\/metmuseum\/openaccess\">\n\t\t\t\t\t\t\t<img loading=\"lazy\" decoding=\"async\" width=\"768\" height=\"597\" src=\"https:\/\/soymigrante.com\/revista\/wp-content\/uploads\/2024\/07\/Captura-de-pantalla-2024-07-29-101540-1024x796.webp\" class=\"attachment-large size-large wp-image-7730\" alt=\"&quot;Detalle de cer\u00e1mica prehisp\u00e1nica con grabados mayas, posiblemente utilizada en rituales antiguos en Mesoam\u00e9rica.&quot;.\" srcset=\"https:\/\/soymigrante.com\/revista\/wp-content\/uploads\/2024\/07\/Captura-de-pantalla-2024-07-29-101540-1024x796.webp 1024w, https:\/\/soymigrante.com\/revista\/wp-content\/uploads\/2024\/07\/Captura-de-pantalla-2024-07-29-101540-300x233.webp 300w, https:\/\/soymigrante.com\/revista\/wp-content\/uploads\/2024\/07\/Captura-de-pantalla-2024-07-29-101540-768x597.webp 768w, https:\/\/soymigrante.com\/revista\/wp-content\/uploads\/2024\/07\/Captura-de-pantalla-2024-07-29-101540-750x583.webp 750w, https:\/\/soymigrante.com\/revista\/wp-content\/uploads\/2024\/07\/Captura-de-pantalla-2024-07-29-101540.webp 1062w\" sizes=\"(max-width: 768px) 100vw, 768px\" title=\"La segunda figura tiene m\u00e1s claras las facciones humanas, posiblemente haya sido el gobernante o noble al que se dedic\u00f3 el tarro. Tiene un arete y tambi\u00e9n s\u00edmbolos del Dios del Maiz. (Detalle de imagen del Met Museum, reproducita bajo licencia Creative Commons) \u2013 SoyMigrante.com REVISTA\" \/>\t\t\t\t\t\t\t\t<\/a>\n\t\t\t\t\t\t\t\t\t\t\t<figcaption class=\"widget-image-caption wp-caption-text\">Cer\u00e1mica prehisp\u00e1nica con grabados mayas, artefacto arqueol\u00f3gico de Mesoam\u00e9rica, relevancia cultural e hist\u00f3rica, destacando tradiciones ancestrales.<\/figcaption>\n\t\t\t\t\t\t\t\t\t\t<\/figure>\n\t\t\t\t\t\t\t\t\t<\/div>\n\t\t\t\t\t<\/div>\n\t\t\t\t<\/div>\n\t\t<div data-particle_enable=\"false\" data-particle-mobile-disabled=\"false\" class=\"elementor-element elementor-element-9123e6b e-flex e-con-boxed e-con e-parent\" data-id=\"9123e6b\" data-element_type=\"container\" data-e-type=\"container\">\n\t\t\t\t\t<div class=\"e-con-inner\">\n\t\t\t\t<div class=\"elementor-element elementor-element-1891907 elementor-widget elementor-widget-text-editor\" data-id=\"1891907\" data-element_type=\"widget\" data-e-type=\"widget\" data-widget_type=\"text-editor.default\">\n\t\t\t\t\t\t\t\t\t<p><a href=\"https:\/\/www.metmuseum.org\/art\/collection\/search\/318346\">Con informaci\u00f3n traducida del ingl\u00e9s original contenida en:\u00a0https:\/\/www.metmuseum.org\/art\/collection\/search\/318346<\/a><\/p>\t\t\t\t\t\t\t\t<\/div>\n\t\t\t\t\t<\/div>\n\t\t\t\t<\/div>\n\t\t<div data-particle_enable=\"false\" data-particle-mobile-disabled=\"false\" class=\"elementor-element elementor-element-676ef0f e-flex e-con-boxed e-con e-parent\" data-id=\"676ef0f\" data-element_type=\"container\" data-e-type=\"container\">\n\t\t\t\t\t<div class=\"e-con-inner\">\n\t\t\t\t<div class=\"elementor-element elementor-element-9b844d3 elementor-widget elementor-widget-heading\" data-id=\"9b844d3\" data-element_type=\"widget\" data-e-type=\"widget\" data-widget_type=\"heading.default\">\n\t\t\t\t\t<h2 class=\"elementor-heading-title elementor-size-default\">La civilizaci\u00f3n maya es deslumbrante <\/h2>\t\t\t\t<\/div>\n\t\t\t\t\t<\/div>\n\t\t\t\t<\/div>\n\t\t<div data-particle_enable=\"false\" data-particle-mobile-disabled=\"false\" class=\"elementor-element elementor-element-7777a8d e-flex e-con-boxed e-con e-parent\" data-id=\"7777a8d\" data-element_type=\"container\" data-e-type=\"container\">\n\t\t\t\t\t<div class=\"e-con-inner\">\n\t\t\t\t<div class=\"elementor-element elementor-element-9a204dd elementor-grid-eael-col-3 elementor-grid-tablet-eael-col-2 elementor-grid-mobile-eael-col-1 elementor-widget elementor-widget-eael-post-grid\" data-id=\"9a204dd\" data-element_type=\"widget\" data-e-type=\"widget\" data-settings=\"{&quot;eael_post_grid_columns&quot;:&quot;eael-col-3&quot;,&quot;eael_post_grid_columns_tablet&quot;:&quot;eael-col-2&quot;,&quot;eael_post_grid_columns_mobile&quot;:&quot;eael-col-1&quot;}\" data-widget_type=\"eael-post-grid.default\">\n\t\t\t\t\t<div id=\"eael-post-grid-9a204dd\" class=\"eael-post-grid-container\">\n            <div class=\"eael-post-grid eael-post-appender eael-post-appender-9a204dd eael-post-grid-style-one\" data-layout-mode=\"masonry\"><article class=\"eael-grid-post  eael-post-grid-column eael-pg-post-7346 category-guate-nuestra tags-joyas-mayas-migrantes\" data-id=\"7346\">\n        <div class=\"eael-grid-post-holder\">\n            <div class=\"eael-grid-post-holder-inner\"><div class=\"eael-entry-media\"><div class=\"eael-entry-overlay fade-in\"><i class=\"far fa-hand-pointer\" aria-hidden=\"true\"><\/i><a href=\"https:\/\/soymigrante.com\/revista\/piezas-mayas-en-usa-estela-11-de-piedras-negras-se-conserva-en-houston\/\"><\/a><\/div><div class=\"eael-entry-thumbnail \">\n                <img loading=\"lazy\" decoding=\"async\" width=\"252\" height=\"252\" src=\"https:\/\/soymigrante.com\/revista\/wp-content\/uploads\/2024\/07\/joyas-mayas-estela-de-piedras-negras-guatemala.webp\" class=\"attachment-large size-large wp-image-7351\" alt=\"Arte prehisp\u00e1nico en piedra con detalladas esculturas de rostro humano y motivos geometricos, representando la riqueza cultural de las civilizaciones antiguas en Mesoam\u00e9rica.\" srcset=\"https:\/\/soymigrante.com\/revista\/wp-content\/uploads\/2024\/07\/joyas-mayas-estela-de-piedras-negras-guatemala.webp 252w, https:\/\/soymigrante.com\/revista\/wp-content\/uploads\/2024\/07\/joyas-mayas-estela-de-piedras-negras-guatemala-150x150.webp 150w, https:\/\/soymigrante.com\/revista\/wp-content\/uploads\/2024\/07\/joyas-mayas-estela-de-piedras-negras-guatemala-75x75.webp 75w\" sizes=\"(max-width: 252px) 100vw, 252px\" \/>\n            <\/div>\n        <\/div><div class=\"eael-entry-wrapper\"><header class=\"eael-entry-header\"><h2 class=\"eael-entry-title\"><a class=\"eael-grid-post-link\" href=\"https:\/\/soymigrante.com\/revista\/piezas-mayas-en-usa-estela-11-de-piedras-negras-se-conserva-en-houston\/\" title=\"Joyas mayas migrantes: Estela 11 de Piedras Negras se conserva en Houston\">Joyas mayas migrantes: Estela 11 de Piedras Negras se conserva en Houston<\/a><\/h2><\/header><\/div><\/div>\n        <\/div>\n    <\/article><article class=\"eael-grid-post  eael-post-grid-column eael-pg-post-7275 category-guate-nuestra tags-capitales-de-guatemala\" data-id=\"7275\">\n        <div class=\"eael-grid-post-holder\">\n            <div class=\"eael-grid-post-holder-inner\"><div class=\"eael-entry-media\"><div class=\"eael-entry-overlay fade-in\"><i class=\"far fa-hand-pointer\" aria-hidden=\"true\"><\/i><a href=\"https:\/\/soymigrante.com\/revista\/en-iximche-se-fundo-la-primera-capital-de-guatemala-hace-500-anos\/\"><\/a><\/div><div class=\"eael-entry-thumbnail \">\n                <img loading=\"lazy\" decoding=\"async\" width=\"782\" height=\"782\" src=\"https:\/\/soymigrante.com\/revista\/wp-content\/uploads\/2024\/07\/Captura-de-pantalla-2024-07-02-144947.webp\" class=\"attachment-large size-large wp-image-7277\" alt=\"Ruinas arqueol\u00f3gicas en medio de un bosque, vista a\u00e9rea, exploraci\u00f3n hist\u00f3rica y cultura ancestral, vestigios de una antigua civilizaci\u00f3n en un entorno natural.\" srcset=\"https:\/\/soymigrante.com\/revista\/wp-content\/uploads\/2024\/07\/Captura-de-pantalla-2024-07-02-144947.webp 782w, https:\/\/soymigrante.com\/revista\/wp-content\/uploads\/2024\/07\/Captura-de-pantalla-2024-07-02-144947-300x300.webp 300w, https:\/\/soymigrante.com\/revista\/wp-content\/uploads\/2024\/07\/Captura-de-pantalla-2024-07-02-144947-150x150.webp 150w, https:\/\/soymigrante.com\/revista\/wp-content\/uploads\/2024\/07\/Captura-de-pantalla-2024-07-02-144947-768x768.webp 768w, https:\/\/soymigrante.com\/revista\/wp-content\/uploads\/2024\/07\/Captura-de-pantalla-2024-07-02-144947-75x75.webp 75w, https:\/\/soymigrante.com\/revista\/wp-content\/uploads\/2024\/07\/Captura-de-pantalla-2024-07-02-144947-750x750.webp 750w\" sizes=\"(max-width: 782px) 100vw, 782px\" \/>\n            <\/div>\n        <\/div><div class=\"eael-entry-wrapper\"><header class=\"eael-entry-header\"><h2 class=\"eael-entry-title\"><a class=\"eael-grid-post-link\" href=\"https:\/\/soymigrante.com\/revista\/en-iximche-se-fundo-la-primera-capital-de-guatemala-hace-500-anos\/\" title=\"En Iximche se fund\u00f3 la primera capital de Guatemala en 1524\">En Iximche se fund\u00f3 la primera capital de Guatemala en 1524<\/a><\/h2><\/header><\/div><\/div>\n        <\/div>\n    <\/article><article class=\"eael-grid-post  eael-post-grid-column eael-pg-post-1536 category-guate-nuestra\" data-id=\"1536\">\n        <div class=\"eael-grid-post-holder\">\n            <div class=\"eael-grid-post-holder-inner\"><div class=\"eael-entry-media\"><div class=\"eael-entry-overlay fade-in\"><i class=\"far fa-hand-pointer\" aria-hidden=\"true\"><\/i><a href=\"https:\/\/soymigrante.com\/revista\/7-datos-que-ya-sabias-o-quiza-no-sobre-el-gran-jaguar-y-tikal\/\"><\/a><\/div><div class=\"eael-entry-thumbnail \">\n                <img loading=\"lazy\" decoding=\"async\" width=\"1024\" height=\"475\" src=\"https:\/\/soymigrante.com\/revista\/wp-content\/uploads\/2023\/06\/Captura-de-pantalla-2023-06-21-143338-1024x475.webp\" class=\"attachment-large size-large wp-image-1538\" alt=\"Tikal: 7 datos que ya sab\u00edas (o quiz\u00e1 no) sobre el Templo I o Gran Jaguar\" srcset=\"https:\/\/soymigrante.com\/revista\/wp-content\/uploads\/2023\/06\/Captura-de-pantalla-2023-06-21-143338-1024x475.webp 1024w, https:\/\/soymigrante.com\/revista\/wp-content\/uploads\/2023\/06\/Captura-de-pantalla-2023-06-21-143338-300x139.webp 300w, https:\/\/soymigrante.com\/revista\/wp-content\/uploads\/2023\/06\/Captura-de-pantalla-2023-06-21-143338-768x356.webp 768w, https:\/\/soymigrante.com\/revista\/wp-content\/uploads\/2023\/06\/Captura-de-pantalla-2023-06-21-143338-750x348.webp 750w, https:\/\/soymigrante.com\/revista\/wp-content\/uploads\/2023\/06\/Captura-de-pantalla-2023-06-21-143338-1140x529.webp 1140w, https:\/\/soymigrante.com\/revista\/wp-content\/uploads\/2023\/06\/Captura-de-pantalla-2023-06-21-143338.webp 1427w\" sizes=\"(max-width: 1024px) 100vw, 1024px\" \/>\n            <\/div>\n        <\/div><div class=\"eael-entry-wrapper\"><header class=\"eael-entry-header\"><h2 class=\"eael-entry-title\"><a class=\"eael-grid-post-link\" href=\"https:\/\/soymigrante.com\/revista\/7-datos-que-ya-sabias-o-quiza-no-sobre-el-gran-jaguar-y-tikal\/\" title=\"Tikal: 7 datos que ya sab\u00edas (o quiz\u00e1 no) sobre el Templo I o Gran Jaguar\">Tikal: 7 datos que ya sab\u00edas (o quiz\u00e1 no) sobre el Templo I o Gran Jaguar<\/a><\/h2><\/header><\/div><\/div>\n        <\/div>\n    <\/article><\/div>\n            <div class=\"clearfix\"><\/div>\n        <\/div>\t\t\t\t<\/div>\n\t\t\t\t\t<\/div>\n\t\t\t\t<\/div>\n\t\t\t\t<\/div>\n\t\t","protected":false},"excerpt":{"rendered":"<p>Seg\u00fan registros del Museo Metropolitano de Nueva York, en donde se le conserva con gran cuidado, este tarro maya de dise\u00f1o deslumbrante se utilizaba para tomar chocolate. El agarrador ten\u00eda una funci\u00f3n adicional. Este tarro con pico vertical es considerado por el Museo Metropolitano de Nueva York, como uno de los recipientes de piedra esculpidos [&hellip;]<\/p>\n","protected":false},"author":7,"featured_media":7726,"comment_status":"open","ping_status":"open","sticky":false,"template":"","format":"standard","meta":{"_acf_changed":false,"_eb_attr":"","footnotes":""},"categories":[58],"tags":[134],"class_list":["post-7722","post","type-post","status-publish","format-standard","has-post-thumbnail","hentry","category-guate-nuestra","tag-joyas-mayas-migrantes"],"acf":[],"aioseo_notices":[],"aioseo_head":"\n\t\t<!-- All in One SEO Pro 4.9.6.2 - aioseo.com -->\n\t<meta name=\"description\" content=\"\u00cdcono mundial, Patrimonio Cultural de la Humanidad de la Humanidad desde 1979, Tikal a\u00fan refleja la magnificencia maya prehisp\u00e1nica e inspira recuerdos en muchos migrantes guatemaltecos. El Templo I de Tikal, m\u00e1s conocido como El Gran Jaguar, es uno de los \u00edconos mundiales de Guatemala y de la legendaria ciudad maya, enclavada en el centro\" \/>\n\t<meta name=\"robots\" content=\"max-snippet:-1, max-image-preview:large, max-video-preview:-1\" \/>\n\t<meta name=\"author\" content=\"Gustavo Montenegro\"\/>\n\t<link rel=\"canonical\" href=\"https:\/\/soymigrante.com\/revista\/7-datos-que-ya-sabias-o-quiza-no-sobre-el-gran-jaguar-y-tikal\/\" \/>\n\t<meta name=\"generator\" content=\"All in One SEO Pro (AIOSEO) 4.9.6.2\" \/>\n\n\t\t<link rel=\"preconnect\" href=\"https:\/\/fonts.googleapis.com\" crossorigin>\n<link rel=\"preconnect\" href=\"https:\/\/fonts.gstatic.com\" crossorigin>\n\t\t<meta property=\"og:locale\" content=\"es_ES\" \/>\n\t\t<meta property=\"og:site_name\" content=\"SoyMigrante.com REVISTA \u2013 Nuestra misi\u00f3n es reconocer y dignificar al migrante.\" \/>\n\t\t<meta property=\"og:type\" content=\"article\" \/>\n\t\t<meta property=\"og:title\" content=\"Tikal: 7 datos que ya sab\u00edas (o quiz\u00e1 no) sobre el Templo I o Gran Jaguar\" \/>\n\t\t<meta property=\"og:description\" content=\"\u00cdcono mundial, Patrimonio Cultural de la Humanidad de la Humanidad desde 1979, Tikal a\u00fan refleja la magnificencia maya prehisp\u00e1nica e inspira recuerdos en muchos migrantes guatemaltecos. El Templo I de Tikal, m\u00e1s conocido como El Gran Jaguar, es uno de los \u00edconos mundiales de Guatemala y de la legendaria ciudad maya, enclavada en el centro\" \/>\n\t\t<meta property=\"og:url\" content=\"https:\/\/soymigrante.com\/revista\/7-datos-que-ya-sabias-o-quiza-no-sobre-el-gran-jaguar-y-tikal\/\" \/>\n\t\t<meta property=\"og:image\" content=\"https:\/\/soymigrante.com\/revista\/wp-content\/uploads\/2023\/06\/Captura-de-pantalla-2023-06-21-143338.webp\" \/>\n\t\t<meta property=\"og:image:secure_url\" content=\"https:\/\/soymigrante.com\/revista\/wp-content\/uploads\/2023\/06\/Captura-de-pantalla-2023-06-21-143338.webp\" \/>\n\t\t<meta property=\"og:image:width\" content=\"1427\" \/>\n\t\t<meta property=\"og:image:height\" content=\"662\" \/>\n\t\t<meta property=\"article:published_time\" content=\"2023-06-22T20:28:51+00:00\" \/>\n\t\t<meta property=\"article:modified_time\" content=\"2025-09-15T23:22:23+00:00\" \/>\n\t\t<meta property=\"article:publisher\" content=\"https:\/\/www.facebook.com\/soymigrantecom\" \/>\n\t\t<meta name=\"twitter:card\" content=\"summary_large_image\" \/>\n\t\t<meta name=\"twitter:site\" content=\"@SoyMigrante_com\" \/>\n\t\t<meta name=\"twitter:title\" content=\"Tikal: 7 datos que ya sab\u00edas (o quiz\u00e1 no) sobre el Templo I o Gran Jaguar\" \/>\n\t\t<meta name=\"twitter:description\" content=\"\u00cdcono mundial, Patrimonio Cultural de la Humanidad de la Humanidad desde 1979, Tikal a\u00fan refleja la magnificencia maya prehisp\u00e1nica e inspira recuerdos en muchos migrantes guatemaltecos. El Templo I de Tikal, m\u00e1s conocido como El Gran Jaguar, es uno de los \u00edconos mundiales de Guatemala y de la legendaria ciudad maya, enclavada en el centro\" \/>\n\t\t<meta name=\"twitter:creator\" content=\"@SoyMigrante_com\" \/>\n\t\t<meta name=\"twitter:image\" content=\"https:\/\/soymigrante.com\/revista\/wp-content\/uploads\/2023\/06\/Captura-de-pantalla-2023-06-21-143338.webp\" \/>\n\t\t<!-- All in One SEO Pro -->\r\n\t\t<title>Tikal: 7 datos que ya sab\u00edas (o quiz\u00e1 no) sobre el Templo I o Gran Jaguar<\/title>\n\n","aioseo_head_json":{"title":"Tikal: 7 datos que ya sab\u00edas (o quiz\u00e1 no) sobre el Templo I o Gran Jaguar","description":"\u00cdcono mundial, Patrimonio Cultural de la Humanidad de la Humanidad desde 1979, Tikal a\u00fan refleja la magnificencia maya prehisp\u00e1nica e inspira recuerdos en muchos migrantes guatemaltecos. El Templo I de Tikal, m\u00e1s conocido como El Gran Jaguar, es uno de los \u00edconos mundiales de Guatemala y de la legendaria ciudad maya, enclavada en el centro","canonical_url":"https:\/\/soymigrante.com\/revista\/7-datos-que-ya-sabias-o-quiza-no-sobre-el-gran-jaguar-y-tikal\/","robots":"max-snippet:-1, max-image-preview:large, max-video-preview:-1","keywords":"","webmasterTools":{"miscellaneous":"&lt;link rel=\"preconnect\" href=\"https:\/\/fonts.googleapis.com\" crossorigin&gt;\n&lt;link rel=\"preconnect\" href=\"https:\/\/fonts.gstatic.com\" crossorigin&gt;"},"schema":null,"og:locale":"es_ES","og:site_name":"SoyMigrante.com REVISTA \u2013 Nuestra misi\u00f3n es reconocer y dignificar al migrante.","og:type":"article","og:title":"Tikal: 7 datos que ya sab\u00edas (o quiz\u00e1 no) sobre el Templo I o Gran Jaguar","og:description":"\u00cdcono mundial, Patrimonio Cultural de la Humanidad de la Humanidad desde 1979, Tikal a\u00fan refleja la magnificencia maya prehisp\u00e1nica e inspira recuerdos en muchos migrantes guatemaltecos. El Templo I de Tikal, m\u00e1s conocido como El Gran Jaguar, es uno de los \u00edconos mundiales de Guatemala y de la legendaria ciudad maya, enclavada en el centro","og:url":"https:\/\/soymigrante.com\/revista\/7-datos-que-ya-sabias-o-quiza-no-sobre-el-gran-jaguar-y-tikal\/","og:image":"https:\/\/soymigrante.com\/revista\/wp-content\/uploads\/2023\/06\/Captura-de-pantalla-2023-06-21-143338.webp","og:image:secure_url":"https:\/\/soymigrante.com\/revista\/wp-content\/uploads\/2023\/06\/Captura-de-pantalla-2023-06-21-143338.webp","og:image:width":1427,"og:image:height":662,"article:published_time":"2023-06-22T20:28:51+00:00","article:modified_time":"2025-09-15T23:22:23+00:00","article:publisher":"https:\/\/www.facebook.com\/soymigrantecom","twitter:card":"summary_large_image","twitter:site":"@SoyMigrante_com","twitter:title":"Tikal: 7 datos que ya sab\u00edas (o quiz\u00e1 no) sobre el Templo I o Gran Jaguar","twitter:description":"\u00cdcono mundial, Patrimonio Cultural de la Humanidad de la Humanidad desde 1979, Tikal a\u00fan refleja la magnificencia maya prehisp\u00e1nica e inspira recuerdos en muchos migrantes guatemaltecos. El Templo I de Tikal, m\u00e1s conocido como El Gran Jaguar, es uno de los \u00edconos mundiales de Guatemala y de la legendaria ciudad maya, enclavada en el centro","twitter:creator":"@SoyMigrante_com","twitter:image":"https:\/\/soymigrante.com\/revista\/wp-content\/uploads\/2023\/06\/Captura-de-pantalla-2023-06-21-143338.webp"},"aioseo_meta_data":{"post_id":"7722","title":"Joyas mayas migrantes: Chocolatera en el Met Museum NY","description":"Recipiente maya con un fascinante dise\u00f1o tallado en relieve sobre material calizo. Se conserva en la colecci\u00f3n del Museo Metropolitano de Nueva York. Con\u00f3celo","keywords":null,"keyphrases":{"focus":{"keyphrase":"Joyas mayas","score":51,"analysis":{"keyphraseInTitle":{"score":9,"maxScore":9,"error":0},"keyphraseInDescription":{"score":3,"maxScore":9,"error":1},"keyphraseLength":{"score":9,"maxScore":9,"error":0,"length":2},"keyphraseInURL":{"score":5,"maxScore":5,"error":0},"keyphraseInIntroduction":{"score":3,"maxScore":9,"error":1},"keyphraseInSubHeadings":{"score":3,"maxScore":9,"error":1},"keyphraseInImageAlt":{"score":3,"maxScore":9,"error":1},"keywordDensity":{"score":0,"type":"low","maxScore":9,"error":1}}},"additional":[{"keyphrase":"Guatemala","score":53,"analysis":{"keyphraseInDescription":{"score":3,"maxScore":9,"error":1},"keyphraseLength":{"score":9,"maxScore":9,"error":0,"length":1},"keyphraseInIntroduction":{"score":3,"maxScore":9,"error":1},"keyphraseInImageAlt":{"score":9,"maxScore":9,"error":0},"keywordDensity":{"score":0,"type":"low","maxScore":9,"error":1}}}]},"primary_term":null,"canonical_url":null,"og_title":null,"og_description":null,"og_object_type":"default","og_image_type":"default","og_image_url":null,"og_image_width":null,"og_image_height":null,"og_image_custom_url":null,"og_image_custom_fields":null,"og_video":"","og_custom_url":null,"og_article_section":null,"og_article_tags":null,"twitter_use_og":false,"twitter_card":"default","twitter_image_type":"default","twitter_image_url":null,"twitter_image_custom_url":null,"twitter_image_custom_fields":null,"twitter_title":null,"twitter_description":null,"schema":{"blockGraphs":[],"customGraphs":[],"default":{"data":{"Article":[],"Course":[],"Dataset":[],"FAQPage":[],"Movie":[],"Person":[],"Product":[],"ProductReview":[],"Car":[],"Recipe":[],"Service":[],"SoftwareApplication":[],"WebPage":[]},"graphName":"Article","isEnabled":true},"graphs":[]},"schema_type":"default","schema_type_options":null,"pillar_content":false,"robots_default":true,"robots_noindex":false,"robots_noarchive":false,"robots_nosnippet":false,"robots_nofollow":false,"robots_noimageindex":false,"robots_noodp":false,"robots_notranslate":false,"robots_max_snippet":"-1","robots_max_videopreview":"-1","robots_max_imagepreview":"large","priority":null,"frequency":"default","local_seo":null,"seo_analyzer_scan_date":"2025-10-08 22:22:18","breadcrumb_settings":null,"limit_modified_date":false,"reviewed_by":null,"open_ai":"{\"title\":{\"suggestions\":[],\"usage\":0},\"description\":{\"suggestions\":[],\"usage\":0}}","ai":null,"created":"2024-07-29 15:44:49","updated":"2026-02-04 12:28:43"},"aioseo_breadcrumb":"<div class=\"aioseo-breadcrumbs\"><span class=\"aioseo-breadcrumb\">\n\t<a href=\"https:\/\/soymigrante.com\/revista\" title=\"Home\">Home<\/a>\n<\/span><span class=\"aioseo-breadcrumb-separator\">\u00bb<\/span><span class=\"aioseo-breadcrumb\">\n\t<a href=\"https:\/\/soymigrante.com\/revista\/category\/guate-nuestra\/\" title=\"Guate Nuestra\">Guate Nuestra<\/a>\n<\/span><span class=\"aioseo-breadcrumb-separator\">\u00bb<\/span><span class=\"aioseo-breadcrumb\">\n\tJoyas mayas migrantes: Chocolatera en el Met Museum NY. Conoce su significado\n<\/span><\/div>","aioseo_breadcrumb_json":[{"label":"Home","link":"https:\/\/soymigrante.com\/revista"},{"label":"Guate Nuestra","link":"https:\/\/soymigrante.com\/revista\/category\/guate-nuestra\/"},{"label":"Joyas mayas migrantes: Chocolatera en el Met Museum NY. Conoce su significado","link":"https:\/\/soymigrante.com\/revista\/joyas-mayas-migrantes-jarra-con-relieve-en-el-met-museum-ny\/"}],"_links":{"self":[{"href":"https:\/\/soymigrante.com\/revista\/wp-json\/wp\/v2\/posts\/7722","targetHints":{"allow":["GET"]}}],"collection":[{"href":"https:\/\/soymigrante.com\/revista\/wp-json\/wp\/v2\/posts"}],"about":[{"href":"https:\/\/soymigrante.com\/revista\/wp-json\/wp\/v2\/types\/post"}],"author":[{"embeddable":true,"href":"https:\/\/soymigrante.com\/revista\/wp-json\/wp\/v2\/users\/7"}],"replies":[{"embeddable":true,"href":"https:\/\/soymigrante.com\/revista\/wp-json\/wp\/v2\/comments?post=7722"}],"version-history":[{"count":6,"href":"https:\/\/soymigrante.com\/revista\/wp-json\/wp\/v2\/posts\/7722\/revisions"}],"predecessor-version":[{"id":33818,"href":"https:\/\/soymigrante.com\/revista\/wp-json\/wp\/v2\/posts\/7722\/revisions\/33818"}],"wp:featuredmedia":[{"embeddable":true,"href":"https:\/\/soymigrante.com\/revista\/wp-json\/wp\/v2\/media\/7726"}],"wp:attachment":[{"href":"https:\/\/soymigrante.com\/revista\/wp-json\/wp\/v2\/media?parent=7722"}],"wp:term":[{"taxonomy":"category","embeddable":true,"href":"https:\/\/soymigrante.com\/revista\/wp-json\/wp\/v2\/categories?post=7722"},{"taxonomy":"post_tag","embeddable":true,"href":"https:\/\/soymigrante.com\/revista\/wp-json\/wp\/v2\/tags?post=7722"}],"curies":[{"name":"wp","href":"https:\/\/api.w.org\/{rel}","templated":true}]}}