{"id":7682,"date":"2024-07-26T14:45:21","date_gmt":"2024-07-26T20:45:21","guid":{"rendered":"https:\/\/soymigrante.com\/revista\/?p=7682"},"modified":"2024-07-31T08:52:18","modified_gmt":"2024-07-31T14:52:18","slug":"festival-rabin-ajau-en-imagenes-alegria-hermandad-tradicion-e-identidad","status":"publish","type":"post","link":"https:\/\/soymigrante.com\/revista\/festival-rabin-ajau-en-imagenes-alegria-hermandad-tradicion-e-identidad\/","title":{"rendered":"Festival Rab\u00edn Ajau en im\u00e1genes: alegr\u00eda, hermandad, tradici\u00f3n e identidad"},"content":{"rendered":"\t\t<div data-elementor-type=\"wp-post\" data-elementor-id=\"7682\" class=\"elementor elementor-7682\" data-elementor-post-type=\"post\">\n\t\t\t\t<div data-particle_enable=\"false\" data-particle-mobile-disabled=\"false\" class=\"elementor-element elementor-element-2d6b3f6 e-flex e-con-boxed e-con e-parent\" data-id=\"2d6b3f6\" data-element_type=\"container\" data-e-type=\"container\">\n\t\t\t\t\t<div class=\"e-con-inner\">\n\t\t\t\t<div class=\"elementor-element elementor-element-667add4 elementor-widget elementor-widget-heading\" data-id=\"667add4\" data-element_type=\"widget\" data-e-type=\"widget\" data-widget_type=\"heading.default\">\n\t\t\t\t\t<h2 class=\"elementor-heading-title elementor-size-default\">Es la fiesta de la identidad multicultural guatemalteca, es el colorido de la hermandad de los pueblos mayas, encuentro de hermandad  en Cob\u00e1n, Alta Verapaz desde hace m\u00e1s de medio siglo. Mira y escucha el ingreso de las aspirantes a Rabin Ajau, la Hija del Rey 2024. <\/h2>\t\t\t\t<\/div>\n\t\t\t\t\t<\/div>\n\t\t\t\t<\/div>\n\t\t<div data-particle_enable=\"false\" data-particle-mobile-disabled=\"false\" class=\"elementor-element elementor-element-c46c39f e-flex e-con-boxed e-con e-parent\" data-id=\"c46c39f\" data-element_type=\"container\" data-e-type=\"container\">\n\t\t\t\t\t<div class=\"e-con-inner\">\n\t\t\t\t<div class=\"elementor-element elementor-element-52b54c5 elementor-widget elementor-widget-text-editor\" data-id=\"52b54c5\" data-element_type=\"widget\" data-e-type=\"widget\" data-widget_type=\"text-editor.default\">\n\t\t\t\t\t\t\t\t\t<p>Una ceremonia maya con plegarias al Coraz\u00f3n del Cielo y dedicatoria a los cuatro vientos dio inicio a las actividades de elecci\u00f3n de Rab\u00edn Ajau, Hija del Rey, 2024 en Cob\u00e1n Alta Verapaz, este jueves 25 de julio. La reuni\u00f3n de las 114 candidatas para el ritual solemne tuvo lugar en el cerro Chi Ixim, frente al templo de El Se\u00f1or de las Misericordias, en Tactic, Alta Verapaz.<\/p><p>Despu\u00e9s, todas las participantes fueron trasladadas al bulevar principal de ingreso a Cob\u00e1n, el cual recorrieron hasta el Parque Central. Todas luc\u00edan sus indumentarias tradicionales con alegr\u00eda y orgullo por su identidad. Estas son im\u00e1genes y momentos captados por Abel Ju\u00e1rez, fotoperiodista de SoyMigrante.com<\/p>\t\t\t\t\t\t\t\t<\/div>\n\t\t\t\t\t<\/div>\n\t\t\t\t<\/div>\n\t\t<div data-particle_enable=\"false\" data-particle-mobile-disabled=\"false\" class=\"elementor-element elementor-element-1dd521a e-flex e-con-boxed e-con e-parent\" data-id=\"1dd521a\" data-element_type=\"container\" data-e-type=\"container\">\n\t\t\t\t\t<div class=\"e-con-inner\">\n\t\t\t\t<div class=\"elementor-element elementor-element-c77ea5f elementor-widget elementor-widget-image-gallery\" data-id=\"c77ea5f\" data-element_type=\"widget\" data-e-type=\"widget\" data-widget_type=\"image-gallery.default\">\n\t\t\t\t\t\t\t<div class=\"elementor-image-gallery\">\n\t\t\t\n<a data-elementor-open-lightbox=\"yes\" data-elementor-lightbox-slideshow=\"c77ea5f\" data-elementor-lightbox-title=\"Frente a las monta\u00f1as de la Verapaz\" data-elementor-lightbox-description=\"Una escena vibrante de una comunidad ind\u00edgena en M\u00e9xico participando en un evento cultural, vestidas con ropa aut\u00e9ntica, en un entorno natural de monta\u00f1as, resaltando la cultura, tradici\u00f3n y la identidad ind\u00edgena en una festividad significativa.\" data-e-action-hash=\"#elementor-action%3Aaction%3Dlightbox%26settings%3DeyJpZCI6NzY5OSwidXJsIjoiaHR0cHM6XC9cL3NveW1pZ3JhbnRlLmNvbVwvcmV2aXN0YVwvd3AtY29udGVudFwvdXBsb2Fkc1wvMjAyNFwvMDdcL1JhYmluLUFqYXUtQ29iYW4tQWJlbC1KdWFyZXotMi53ZWJwIiwic2xpZGVzaG93IjoiYzc3ZWE1ZiJ9\" href='https:\/\/soymigrante.com\/revista\/wp-content\/uploads\/2024\/07\/Rabin-Ajau-Coban-Abel-Juarez-2.webp'><img fetchpriority=\"high\" decoding=\"async\" width=\"1024\" height=\"681\" src=\"https:\/\/soymigrante.com\/revista\/wp-content\/uploads\/2024\/07\/Rabin-Ajau-Coban-Abel-Juarez-2-1024x681.webp\" class=\"attachment-large size-large\" alt=\"Personas tradicionales de la comunidad ind\u00edgena en una celebraci\u00f3n cultural en un entorno monta\u00f1oso en M\u00e9xico, vestidas con trajes coloridos y sombreros t\u00edpicos, en un evento que refleja ra\u00edces culturales y identidad.\" srcset=\"https:\/\/soymigrante.com\/revista\/wp-content\/uploads\/2024\/07\/Rabin-Ajau-Coban-Abel-Juarez-2-1024x681.webp 1024w, https:\/\/soymigrante.com\/revista\/wp-content\/uploads\/2024\/07\/Rabin-Ajau-Coban-Abel-Juarez-2-300x200.webp 300w, https:\/\/soymigrante.com\/revista\/wp-content\/uploads\/2024\/07\/Rabin-Ajau-Coban-Abel-Juarez-2-768x511.webp 768w, https:\/\/soymigrante.com\/revista\/wp-content\/uploads\/2024\/07\/Rabin-Ajau-Coban-Abel-Juarez-2-750x499.webp 750w, https:\/\/soymigrante.com\/revista\/wp-content\/uploads\/2024\/07\/Rabin-Ajau-Coban-Abel-Juarez-2-1140x758.webp 1140w, https:\/\/soymigrante.com\/revista\/wp-content\/uploads\/2024\/07\/Rabin-Ajau-Coban-Abel-Juarez-2.webp 1512w\" sizes=\"(max-width: 1024px) 100vw, 1024px\" \/><\/a>\n<a data-elementor-open-lightbox=\"yes\" data-elementor-lightbox-slideshow=\"c77ea5f\" data-elementor-lightbox-title=\"Respeto a los ancestros\" data-elementor-lightbox-description=\"Imagen de comunidad ind\u00edgena participando en ceremonia tradicional con ofrenda, ritual y fuego, resaltando la riqueza cultural y ancestral de los pueblos originarios en contextos rurales.\" data-e-action-hash=\"#elementor-action%3Aaction%3Dlightbox%26settings%3DeyJpZCI6NzY5NiwidXJsIjoiaHR0cHM6XC9cL3NveW1pZ3JhbnRlLmNvbVwvcmV2aXN0YVwvd3AtY29udGVudFwvdXBsb2Fkc1wvMjAyNFwvMDdcL1JhYmluLUFqYXUtQ29iYW4tQWJlbC1KdWFyZXotNy53ZWJwIiwic2xpZGVzaG93IjoiYzc3ZWE1ZiJ9\" href='https:\/\/soymigrante.com\/revista\/wp-content\/uploads\/2024\/07\/Rabin-Ajau-Coban-Abel-Juarez-7.webp'><img decoding=\"async\" width=\"1024\" height=\"681\" src=\"https:\/\/soymigrante.com\/revista\/wp-content\/uploads\/2024\/07\/Rabin-Ajau-Coban-Abel-Juarez-7-1024x681.webp\" class=\"attachment-large size-large\" alt=\"Personas en ceremonia tradicional ind\u00edgena con ofrenda y fuego en paisaje rural, s\u00edmbolo cultural y religioso en comunidad ind\u00edgena.\" srcset=\"https:\/\/soymigrante.com\/revista\/wp-content\/uploads\/2024\/07\/Rabin-Ajau-Coban-Abel-Juarez-7-1024x681.webp 1024w, https:\/\/soymigrante.com\/revista\/wp-content\/uploads\/2024\/07\/Rabin-Ajau-Coban-Abel-Juarez-7-300x200.webp 300w, https:\/\/soymigrante.com\/revista\/wp-content\/uploads\/2024\/07\/Rabin-Ajau-Coban-Abel-Juarez-7-768x511.webp 768w, https:\/\/soymigrante.com\/revista\/wp-content\/uploads\/2024\/07\/Rabin-Ajau-Coban-Abel-Juarez-7-750x499.webp 750w, https:\/\/soymigrante.com\/revista\/wp-content\/uploads\/2024\/07\/Rabin-Ajau-Coban-Abel-Juarez-7-1140x758.webp 1140w, https:\/\/soymigrante.com\/revista\/wp-content\/uploads\/2024\/07\/Rabin-Ajau-Coban-Abel-Juarez-7.webp 1455w\" sizes=\"(max-width: 1024px) 100vw, 1024px\" \/><\/a>\n<a data-elementor-open-lightbox=\"yes\" data-elementor-lightbox-slideshow=\"c77ea5f\" data-elementor-lightbox-title=\"Momento sagrado\" data-elementor-lightbox-description=\"Une femme zapot\u00e8que revient lors d&#039;une c\u00e9r\u00e9monie rituelle en costume traditionnel, entour\u00e9e d&#039;autres personnes en habits typiques, devant un feu rituel avec un fond naturel. L&#039;\u00e9v\u00e9nement refl\u00e8te la richesse culturelle et les traditions autochtones du Mexique, illustrant la transmission des coutumes ancestrales.\" data-e-action-hash=\"#elementor-action%3Aaction%3Dlightbox%26settings%3DeyJpZCI6NzY5NywidXJsIjoiaHR0cHM6XC9cL3NveW1pZ3JhbnRlLmNvbVwvcmV2aXN0YVwvd3AtY29udGVudFwvdXBsb2Fkc1wvMjAyNFwvMDdcL1JhYmluLUFqYXUtQ29iYW4tQWJlbC1KdWFyZXotNi53ZWJwIiwic2xpZGVzaG93IjoiYzc3ZWE1ZiJ9\" href='https:\/\/soymigrante.com\/revista\/wp-content\/uploads\/2024\/07\/Rabin-Ajau-Coban-Abel-Juarez-6.webp'><img decoding=\"async\" width=\"1024\" height=\"681\" src=\"https:\/\/soymigrante.com\/revista\/wp-content\/uploads\/2024\/07\/Rabin-Ajau-Coban-Abel-Juarez-6-1024x681.webp\" class=\"attachment-large size-large\" alt=\"Femme zapot\u00e8que participant \u00e0 un rituel traditionnel avec feu, costumes color\u00e9s et ambiance culturelle lors d&#039;une c\u00e9r\u00e9monie indig\u00e8ne au Mexique.\" srcset=\"https:\/\/soymigrante.com\/revista\/wp-content\/uploads\/2024\/07\/Rabin-Ajau-Coban-Abel-Juarez-6-1024x681.webp 1024w, https:\/\/soymigrante.com\/revista\/wp-content\/uploads\/2024\/07\/Rabin-Ajau-Coban-Abel-Juarez-6-300x200.webp 300w, https:\/\/soymigrante.com\/revista\/wp-content\/uploads\/2024\/07\/Rabin-Ajau-Coban-Abel-Juarez-6-768x511.webp 768w, https:\/\/soymigrante.com\/revista\/wp-content\/uploads\/2024\/07\/Rabin-Ajau-Coban-Abel-Juarez-6-750x499.webp 750w, https:\/\/soymigrante.com\/revista\/wp-content\/uploads\/2024\/07\/Rabin-Ajau-Coban-Abel-Juarez-6-1140x758.webp 1140w, https:\/\/soymigrante.com\/revista\/wp-content\/uploads\/2024\/07\/Rabin-Ajau-Coban-Abel-Juarez-6.webp 1512w\" sizes=\"(max-width: 1024px) 100vw, 1024px\" \/><\/a>\n<a data-elementor-open-lightbox=\"yes\" data-elementor-lightbox-slideshow=\"c77ea5f\" data-elementor-lightbox-title=\"La dignidad de un pueblo\" data-elementor-lightbox-description=\"Grupo de ind\u00edgenas en vestimentas tradicionales realizando un ritual en torno a un fuego en un paisaje con \u00e1rboles y cielo despejado, reflejando cultura y tradici\u00f3n.\" data-e-action-hash=\"#elementor-action%3Aaction%3Dlightbox%26settings%3DeyJpZCI6NzY5OCwidXJsIjoiaHR0cHM6XC9cL3NveW1pZ3JhbnRlLmNvbVwvcmV2aXN0YVwvd3AtY29udGVudFwvdXBsb2Fkc1wvMjAyNFwvMDdcL1JhYmluLUFqYXUtQ29iYW4tQWJlbC1KdWFyZXotNS53ZWJwIiwic2xpZGVzaG93IjoiYzc3ZWE1ZiJ9\" href='https:\/\/soymigrante.com\/revista\/wp-content\/uploads\/2024\/07\/Rabin-Ajau-Coban-Abel-Juarez-5.webp'><img loading=\"lazy\" decoding=\"async\" width=\"1024\" height=\"681\" src=\"https:\/\/soymigrante.com\/revista\/wp-content\/uploads\/2024\/07\/Rabin-Ajau-Coban-Abel-Juarez-5-1024x681.webp\" class=\"attachment-large size-large\" alt=\"Centena de personas participando en ceremonia ind\u00edgena con gran fuego, vestimenta tradicional y actos culturales en un entorno natural con \u00e1rboles y cielo azul.\" srcset=\"https:\/\/soymigrante.com\/revista\/wp-content\/uploads\/2024\/07\/Rabin-Ajau-Coban-Abel-Juarez-5-1024x681.webp 1024w, https:\/\/soymigrante.com\/revista\/wp-content\/uploads\/2024\/07\/Rabin-Ajau-Coban-Abel-Juarez-5-300x200.webp 300w, https:\/\/soymigrante.com\/revista\/wp-content\/uploads\/2024\/07\/Rabin-Ajau-Coban-Abel-Juarez-5-768x511.webp 768w, https:\/\/soymigrante.com\/revista\/wp-content\/uploads\/2024\/07\/Rabin-Ajau-Coban-Abel-Juarez-5-750x499.webp 750w, https:\/\/soymigrante.com\/revista\/wp-content\/uploads\/2024\/07\/Rabin-Ajau-Coban-Abel-Juarez-5-1140x758.webp 1140w, https:\/\/soymigrante.com\/revista\/wp-content\/uploads\/2024\/07\/Rabin-Ajau-Coban-Abel-Juarez-5.webp 1512w\" sizes=\"(max-width: 1024px) 100vw, 1024px\" \/><\/a>\n<a data-elementor-open-lightbox=\"yes\" data-elementor-lightbox-slideshow=\"c77ea5f\" data-elementor-lightbox-title=\"Hermandad\" data-elementor-lightbox-description=\"Grupo de mujeres ind\u00edgenas en vestimenta tradicional participando en una ceremonia en un escenario natural con monta\u00f1as de fondo, reflejando cultura, identidad y patrimonio en M\u00e9xico.\" data-e-action-hash=\"#elementor-action%3Aaction%3Dlightbox%26settings%3DeyJpZCI6NzcwMCwidXJsIjoiaHR0cHM6XC9cL3NveW1pZ3JhbnRlLmNvbVwvcmV2aXN0YVwvd3AtY29udGVudFwvdXBsb2Fkc1wvMjAyNFwvMDdcL1JhYmluLUFqYXUtQ29iYW4tQWJlbC1KdWFyZXotMy53ZWJwIiwic2xpZGVzaG93IjoiYzc3ZWE1ZiJ9\" href='https:\/\/soymigrante.com\/revista\/wp-content\/uploads\/2024\/07\/Rabin-Ajau-Coban-Abel-Juarez-3.webp'><img loading=\"lazy\" decoding=\"async\" width=\"1024\" height=\"681\" src=\"https:\/\/soymigrante.com\/revista\/wp-content\/uploads\/2024\/07\/Rabin-Ajau-Coban-Abel-Juarez-3-1024x681.webp\" class=\"attachment-large size-large\" alt=\"Campesinas ind\u00edgenas en celebraci\u00f3n tradicional en M\u00e9xico, vestimentas coloridas y cultura ancestral en un entorno de monta\u00f1as y naturaleza.\" srcset=\"https:\/\/soymigrante.com\/revista\/wp-content\/uploads\/2024\/07\/Rabin-Ajau-Coban-Abel-Juarez-3-1024x681.webp 1024w, https:\/\/soymigrante.com\/revista\/wp-content\/uploads\/2024\/07\/Rabin-Ajau-Coban-Abel-Juarez-3-300x200.webp 300w, https:\/\/soymigrante.com\/revista\/wp-content\/uploads\/2024\/07\/Rabin-Ajau-Coban-Abel-Juarez-3-768x511.webp 768w, https:\/\/soymigrante.com\/revista\/wp-content\/uploads\/2024\/07\/Rabin-Ajau-Coban-Abel-Juarez-3-750x499.webp 750w, https:\/\/soymigrante.com\/revista\/wp-content\/uploads\/2024\/07\/Rabin-Ajau-Coban-Abel-Juarez-3-1140x758.webp 1140w, https:\/\/soymigrante.com\/revista\/wp-content\/uploads\/2024\/07\/Rabin-Ajau-Coban-Abel-Juarez-3.webp 1512w\" sizes=\"(max-width: 1024px) 100vw, 1024px\" \/><\/a>\n<a data-elementor-open-lightbox=\"yes\" data-elementor-lightbox-slideshow=\"c77ea5f\" data-elementor-lightbox-title=\"Momento hist\u00f3rico\" data-elementor-lightbox-description=\"Imagen de un grupo de mujeres migrantes en traje t\u00edpico en la escalinata de una iglesia en Oaxaca, reflejando cultura, comunidad y ra\u00edces ind\u00edgenas en contexto de migraci\u00f3n.\" data-e-action-hash=\"#elementor-action%3Aaction%3Dlightbox%26settings%3DeyJpZCI6NzY5NSwidXJsIjoiaHR0cHM6XC9cL3NveW1pZ3JhbnRlLmNvbVwvcmV2aXN0YVwvd3AtY29udGVudFwvdXBsb2Fkc1wvMjAyNFwvMDdcL1JhYmluLUFqYXUtQ29iYW4tQWJlbC1KdWFyZXotOC53ZWJwIiwic2xpZGVzaG93IjoiYzc3ZWE1ZiJ9\" href='https:\/\/soymigrante.com\/revista\/wp-content\/uploads\/2024\/07\/Rabin-Ajau-Coban-Abel-Juarez-8.webp'><img loading=\"lazy\" decoding=\"async\" width=\"1024\" height=\"681\" src=\"https:\/\/soymigrante.com\/revista\/wp-content\/uploads\/2024\/07\/Rabin-Ajau-Coban-Abel-Juarez-8-1024x681.webp\" class=\"attachment-large size-large\" alt=\"Multitud de mujeres migrantes en ropa tradicional en la iglesia de San Antonio de Padua, Oaxaca, participando en evento cultural de comunidad ind\u00edgena, resaltando identidad y migraci\u00f3n.\" srcset=\"https:\/\/soymigrante.com\/revista\/wp-content\/uploads\/2024\/07\/Rabin-Ajau-Coban-Abel-Juarez-8-1024x681.webp 1024w, https:\/\/soymigrante.com\/revista\/wp-content\/uploads\/2024\/07\/Rabin-Ajau-Coban-Abel-Juarez-8-300x200.webp 300w, https:\/\/soymigrante.com\/revista\/wp-content\/uploads\/2024\/07\/Rabin-Ajau-Coban-Abel-Juarez-8-768x511.webp 768w, https:\/\/soymigrante.com\/revista\/wp-content\/uploads\/2024\/07\/Rabin-Ajau-Coban-Abel-Juarez-8-750x499.webp 750w, https:\/\/soymigrante.com\/revista\/wp-content\/uploads\/2024\/07\/Rabin-Ajau-Coban-Abel-Juarez-8-1140x758.jpg 1140w, https:\/\/soymigrante.com\/revista\/wp-content\/uploads\/2024\/07\/Rabin-Ajau-Coban-Abel-Juarez-8.webp 1455w\" sizes=\"(max-width: 1024px) 100vw, 1024px\" \/><\/a>\n\t\t<\/div>\n\t\t\t\t\t\t<\/div>\n\t\t\t\t\t<\/div>\n\t\t\t\t<\/div>\n\t\t<div data-particle_enable=\"false\" data-particle-mobile-disabled=\"false\" class=\"elementor-element elementor-element-2074a9a e-flex e-con-boxed e-con e-parent\" data-id=\"2074a9a\" data-element_type=\"container\" data-e-type=\"container\">\n\t\t\t\t\t<div class=\"e-con-inner\">\n\t\t\t\t<div class=\"elementor-element elementor-element-086c9dd elementor-widget elementor-widget-heading\" data-id=\"086c9dd\" data-element_type=\"widget\" data-e-type=\"widget\" data-widget_type=\"heading.default\">\n\t\t\t\t\t<h3 class=\"elementor-heading-title elementor-size-default\">Entrada a Cob\u00e1n de todas las participantes. Un recorrido digno de ser visto y escuchado<\/h3>\t\t\t\t<\/div>\n\t\t\t\t\t<\/div>\n\t\t\t\t<\/div>\n\t\t<div data-particle_enable=\"false\" data-particle-mobile-disabled=\"false\" class=\"elementor-element elementor-element-b09c2ec e-flex e-con-boxed e-con e-parent\" data-id=\"b09c2ec\" data-element_type=\"container\" data-e-type=\"container\">\n\t\t\t\t\t<div class=\"e-con-inner\">\n\t\t\t\t<div class=\"elementor-element elementor-element-df70054 elementor-widget elementor-widget-text-editor\" data-id=\"df70054\" data-element_type=\"widget\" data-e-type=\"widget\" data-widget_type=\"text-editor.default\">\n\t\t\t\t\t\t\t\t\t<p>En un clima de alegr\u00eda, fraternidad y mucha uni\u00f3n entre todas las comunidades participantes, las 114 aspirantes a Rab\u00edn Ajaun entran a la Ciudad Imperial, Cob\u00e1n, Alta Verapaz.\u00a0<\/p>\t\t\t\t\t\t\t\t<\/div>\n\t\t\t\t\t<\/div>\n\t\t\t\t<\/div>\n\t\t<div data-particle_enable=\"false\" data-particle-mobile-disabled=\"false\" class=\"elementor-element elementor-element-b8d1acd e-flex e-con-boxed e-con e-parent\" data-id=\"b8d1acd\" data-element_type=\"container\" data-e-type=\"container\">\n\t\t\t\t\t<div class=\"e-con-inner\">\n\t\t\t\t<div class=\"elementor-element elementor-element-8615ef7 elementor-widget elementor-widget-facebook-embed\" data-id=\"8615ef7\" data-element_type=\"widget\" data-e-type=\"widget\" data-widget_type=\"facebook-embed.default\">\n\t\t\t\t\t<div style=\"min-height: 1px\" class=\"elementor-facebook-widget fb-video\" data-href=\"https:\/\/fb.watch\/tzM37GqGOJ\/\" data-show-text=\"false\" data-allowfullscreen=\"false\" data-autoplay=\"false\" data-show-captions=\"false\"><\/div>\t\t\t\t<\/div>\n\t\t\t\t\t<\/div>\n\t\t\t\t<\/div>\n\t\t<div data-particle_enable=\"false\" data-particle-mobile-disabled=\"false\" class=\"elementor-element elementor-element-c7d2d6f e-flex e-con-boxed e-con e-parent\" data-id=\"c7d2d6f\" data-element_type=\"container\" data-e-type=\"container\">\n\t\t\t\t\t<div class=\"e-con-inner\">\n\t\t\t\t<div class=\"elementor-element elementor-element-439386a elementor-widget elementor-widget-image-gallery\" data-id=\"439386a\" data-element_type=\"widget\" data-e-type=\"widget\" data-widget_type=\"image-gallery.default\">\n\t\t\t\t\t\t\t<div class=\"elementor-image-gallery\">\n\t\t\t\n<a data-elementor-open-lightbox=\"yes\" data-elementor-lightbox-slideshow=\"439386a\" data-elementor-lightbox-title=\"La identidad es fortaleza\" data-elementor-lightbox-description=\"Mujeres ind\u00edgenas con trajes tradicionales, accesorios culturales y alegr\u00eda en evento comunitario en un entorno abierto.\" data-e-action-hash=\"#elementor-action%3Aaction%3Dlightbox%26settings%3DeyJpZCI6NzY5NCwidXJsIjoiaHR0cHM6XC9cL3NveW1pZ3JhbnRlLmNvbVwvcmV2aXN0YVwvd3AtY29udGVudFwvdXBsb2Fkc1wvMjAyNFwvMDdcL1JhYmluLUFqYXUtQ29iYW4tQWJlbC1KdWFyZXotOS53ZWJwIiwic2xpZGVzaG93IjoiNDM5Mzg2YSJ9\" href='https:\/\/soymigrante.com\/revista\/wp-content\/uploads\/2024\/07\/Rabin-Ajau-Coban-Abel-Juarez-9.webp'><img loading=\"lazy\" decoding=\"async\" width=\"1024\" height=\"681\" src=\"https:\/\/soymigrante.com\/revista\/wp-content\/uploads\/2024\/07\/Rabin-Ajau-Coban-Abel-Juarez-9-1024x681.webp\" class=\"attachment-large size-large\" alt=\"Coloridas mujeres ind\u00edgenas en festividad tradicional con trajes t\u00edpicos y accesorios culturales en una celebraci\u00f3n en exteriores.\" srcset=\"https:\/\/soymigrante.com\/revista\/wp-content\/uploads\/2024\/07\/Rabin-Ajau-Coban-Abel-Juarez-9-1024x681.webp 1024w, https:\/\/soymigrante.com\/revista\/wp-content\/uploads\/2024\/07\/Rabin-Ajau-Coban-Abel-Juarez-9-300x200.webp 300w, https:\/\/soymigrante.com\/revista\/wp-content\/uploads\/2024\/07\/Rabin-Ajau-Coban-Abel-Juarez-9-768x511.webp 768w, https:\/\/soymigrante.com\/revista\/wp-content\/uploads\/2024\/07\/Rabin-Ajau-Coban-Abel-Juarez-9-750x499.webp 750w, https:\/\/soymigrante.com\/revista\/wp-content\/uploads\/2024\/07\/Rabin-Ajau-Coban-Abel-Juarez-9-1140x758.webp 1140w, https:\/\/soymigrante.com\/revista\/wp-content\/uploads\/2024\/07\/Rabin-Ajau-Coban-Abel-Juarez-9.webp 1512w\" sizes=\"(max-width: 1024px) 100vw, 1024px\" \/><\/a>\n<a data-elementor-open-lightbox=\"yes\" data-elementor-lightbox-slideshow=\"439386a\" data-elementor-lightbox-title=\"Ra\u00edces de dignidad\" data-elementor-lightbox-description=\"Mujeres ind\u00edgenas mexicanas participando en celebraci\u00f3n cultural con ropa tradicional y accesorios coloridos, mostrando cultura y diversidad en un evento comunitario.\" data-e-action-hash=\"#elementor-action%3Aaction%3Dlightbox%26settings%3DeyJpZCI6NzY5MywidXJsIjoiaHR0cHM6XC9cL3NveW1pZ3JhbnRlLmNvbVwvcmV2aXN0YVwvd3AtY29udGVudFwvdXBsb2Fkc1wvMjAyNFwvMDdcL1JhYmluLUFqYXUtQ29iYW4tQWJlbC1KdWFyZXotMTAud2VicCIsInNsaWRlc2hvdyI6IjQzOTM4NmEifQ%3D%3D\" href='https:\/\/soymigrante.com\/revista\/wp-content\/uploads\/2024\/07\/Rabin-Ajau-Coban-Abel-Juarez-10.webp'><img loading=\"lazy\" decoding=\"async\" width=\"1024\" height=\"681\" src=\"https:\/\/soymigrante.com\/revista\/wp-content\/uploads\/2024\/07\/Rabin-Ajau-Coban-Abel-Juarez-10-1024x681.webp\" class=\"attachment-large size-large\" alt=\"Artesanas ind\u00edgenas mexicanas con ropa tradicional colorida, en celebraci\u00f3n cultural.\" srcset=\"https:\/\/soymigrante.com\/revista\/wp-content\/uploads\/2024\/07\/Rabin-Ajau-Coban-Abel-Juarez-10-1024x681.webp 1024w, https:\/\/soymigrante.com\/revista\/wp-content\/uploads\/2024\/07\/Rabin-Ajau-Coban-Abel-Juarez-10-300x200.webp 300w, https:\/\/soymigrante.com\/revista\/wp-content\/uploads\/2024\/07\/Rabin-Ajau-Coban-Abel-Juarez-10-768x511.webp 768w, https:\/\/soymigrante.com\/revista\/wp-content\/uploads\/2024\/07\/Rabin-Ajau-Coban-Abel-Juarez-10-750x499.webp 750w, https:\/\/soymigrante.com\/revista\/wp-content\/uploads\/2024\/07\/Rabin-Ajau-Coban-Abel-Juarez-10-1140x758.webp 1140w, https:\/\/soymigrante.com\/revista\/wp-content\/uploads\/2024\/07\/Rabin-Ajau-Coban-Abel-Juarez-10.webp 1512w\" sizes=\"(max-width: 1024px) 100vw, 1024px\" \/><\/a>\n<a data-elementor-open-lightbox=\"yes\" data-elementor-lightbox-slideshow=\"439386a\" data-elementor-lightbox-title=\"Rabin Ajau Coban Abel Juarez 11\" data-elementor-lightbox-description=\"Im\u00e1genes de mujeres ind\u00edgenas en vestimentas tradicionales durante una festividad en M\u00e9xico, participando en eventos culturales y mostrando la belleza de su herencia. La fotograf\u00eda destaca la alegr\u00eda y el orgullo de las comunidades originarias en celebraciones tradicionales.\" data-e-action-hash=\"#elementor-action%3Aaction%3Dlightbox%26settings%3DeyJpZCI6NzY5MiwidXJsIjoiaHR0cHM6XC9cL3NveW1pZ3JhbnRlLmNvbVwvcmV2aXN0YVwvd3AtY29udGVudFwvdXBsb2Fkc1wvMjAyNFwvMDdcL1JhYmluLUFqYXUtQ29iYW4tQWJlbC1KdWFyZXotMTEud2VicCIsInNsaWRlc2hvdyI6IjQzOTM4NmEifQ%3D%3D\" href='https:\/\/soymigrante.com\/revista\/wp-content\/uploads\/2024\/07\/Rabin-Ajau-Coban-Abel-Juarez-11.webp'><img loading=\"lazy\" decoding=\"async\" width=\"1024\" height=\"681\" src=\"https:\/\/soymigrante.com\/revista\/wp-content\/uploads\/2024\/07\/Rabin-Ajau-Coban-Abel-Juarez-11-1024x681.webp\" class=\"attachment-large size-large\" alt=\"Primer plano de una mujer ind\u00edgena vestida con traje tradicional, sonriendo y sosteniendo un s\u00edmbolo de paz, en una celebraci\u00f3n cultural en un pueblo de M\u00e9xico.\" srcset=\"https:\/\/soymigrante.com\/revista\/wp-content\/uploads\/2024\/07\/Rabin-Ajau-Coban-Abel-Juarez-11-1024x681.webp 1024w, https:\/\/soymigrante.com\/revista\/wp-content\/uploads\/2024\/07\/Rabin-Ajau-Coban-Abel-Juarez-11-300x200.webp 300w, https:\/\/soymigrante.com\/revista\/wp-content\/uploads\/2024\/07\/Rabin-Ajau-Coban-Abel-Juarez-11-768x511.webp 768w, https:\/\/soymigrante.com\/revista\/wp-content\/uploads\/2024\/07\/Rabin-Ajau-Coban-Abel-Juarez-11-750x499.webp 750w, https:\/\/soymigrante.com\/revista\/wp-content\/uploads\/2024\/07\/Rabin-Ajau-Coban-Abel-Juarez-11-1140x758.webp 1140w, https:\/\/soymigrante.com\/revista\/wp-content\/uploads\/2024\/07\/Rabin-Ajau-Coban-Abel-Juarez-11.webp 1512w\" sizes=\"(max-width: 1024px) 100vw, 1024px\" \/><\/a>\n<a data-elementor-open-lightbox=\"yes\" data-elementor-lightbox-slideshow=\"439386a\" data-elementor-lightbox-title=\"S\u00f3lida cosmovisi\u00f3n\" data-elementor-lightbox-description=\"Una mujer ind\u00edgena de la comunidad Ik Xux en vestimenta t\u00edpica, participando en una celebraci\u00f3n cultural en la calle, mostrando orgullo por su herencia y promoviendo la diversidad cultural en M\u00e9xico.\" data-e-action-hash=\"#elementor-action%3Aaction%3Dlightbox%26settings%3DeyJpZCI6NzY5MSwidXJsIjoiaHR0cHM6XC9cL3NveW1pZ3JhbnRlLmNvbVwvcmV2aXN0YVwvd3AtY29udGVudFwvdXBsb2Fkc1wvMjAyNFwvMDdcL1JhYmluLUFqYXUtQ29iYW4tQWJlbC1KdWFyZXotMTIud2VicCIsInNsaWRlc2hvdyI6IjQzOTM4NmEifQ%3D%3D\" href='https:\/\/soymigrante.com\/revista\/wp-content\/uploads\/2024\/07\/Rabin-Ajau-Coban-Abel-Juarez-12.webp'><img loading=\"lazy\" decoding=\"async\" width=\"1024\" height=\"681\" src=\"https:\/\/soymigrante.com\/revista\/wp-content\/uploads\/2024\/07\/Rabin-Ajau-Coban-Abel-Juarez-12-1024x681.webp\" class=\"attachment-large size-large\" alt=\"Mujer ind\u00edgena de la comunidad Ik Xux en vestimenta tradicional, participando en una celebraci\u00f3n cultural en M\u00e9xico, promoviendo la identidad y cultura ind\u00edgena en el D\u00eda Internacional de los Pueblos Ind\u00edgenas.\" srcset=\"https:\/\/soymigrante.com\/revista\/wp-content\/uploads\/2024\/07\/Rabin-Ajau-Coban-Abel-Juarez-12-1024x681.webp 1024w, https:\/\/soymigrante.com\/revista\/wp-content\/uploads\/2024\/07\/Rabin-Ajau-Coban-Abel-Juarez-12-300x200.webp 300w, https:\/\/soymigrante.com\/revista\/wp-content\/uploads\/2024\/07\/Rabin-Ajau-Coban-Abel-Juarez-12-768x511.webp 768w, https:\/\/soymigrante.com\/revista\/wp-content\/uploads\/2024\/07\/Rabin-Ajau-Coban-Abel-Juarez-12-750x499.webp 750w, https:\/\/soymigrante.com\/revista\/wp-content\/uploads\/2024\/07\/Rabin-Ajau-Coban-Abel-Juarez-12-1140x758.webp 1140w, https:\/\/soymigrante.com\/revista\/wp-content\/uploads\/2024\/07\/Rabin-Ajau-Coban-Abel-Juarez-12.webp 1512w\" sizes=\"(max-width: 1024px) 100vw, 1024px\" \/><\/a>\n<a data-elementor-open-lightbox=\"yes\" data-elementor-lightbox-slideshow=\"439386a\" data-elementor-lightbox-title=\"Gran herencia\" data-elementor-lightbox-description=\"Una mujer ind\u00edgena orgullosa en una celebraci\u00f3n cultural, vistiendo trajes tradicionales coloridos con accesorios tejidos y flores, resaltando la riqueza cultural de las comunidades originarias en M\u00e9xico.\" data-e-action-hash=\"#elementor-action%3Aaction%3Dlightbox%26settings%3DeyJpZCI6NzY5MCwidXJsIjoiaHR0cHM6XC9cL3NveW1pZ3JhbnRlLmNvbVwvcmV2aXN0YVwvd3AtY29udGVudFwvdXBsb2Fkc1wvMjAyNFwvMDdcL1JhYmluLUFqYXUtQ29iYW4tQWJlbC1KdWFyZXotMTMud2VicCIsInNsaWRlc2hvdyI6IjQzOTM4NmEifQ%3D%3D\" href='https:\/\/soymigrante.com\/revista\/wp-content\/uploads\/2024\/07\/Rabin-Ajau-Coban-Abel-Juarez-13.webp'><img loading=\"lazy\" decoding=\"async\" width=\"681\" height=\"1024\" src=\"https:\/\/soymigrante.com\/revista\/wp-content\/uploads\/2024\/07\/Rabin-Ajau-Coban-Abel-Juarez-13-681x1024.webp\" class=\"attachment-large size-large\" alt=\"Diversa mujer ind\u00edgena de Mesoam\u00e9rica vestida con trajes tradicionales coloridos en una celebraci\u00f3n cultural en M\u00e9xico. Mujeres en festivales tradicionales, identidad cultural y orgullo ind\u00edgena.\" srcset=\"https:\/\/soymigrante.com\/revista\/wp-content\/uploads\/2024\/07\/Rabin-Ajau-Coban-Abel-Juarez-13-681x1024.webp 681w, https:\/\/soymigrante.com\/revista\/wp-content\/uploads\/2024\/07\/Rabin-Ajau-Coban-Abel-Juarez-13-200x300.webp 200w, https:\/\/soymigrante.com\/revista\/wp-content\/uploads\/2024\/07\/Rabin-Ajau-Coban-Abel-Juarez-13-768x1154.webp 768w, https:\/\/soymigrante.com\/revista\/wp-content\/uploads\/2024\/07\/Rabin-Ajau-Coban-Abel-Juarez-13-750x1127.webp 750w, https:\/\/soymigrante.com\/revista\/wp-content\/uploads\/2024\/07\/Rabin-Ajau-Coban-Abel-Juarez-13.webp 1006w\" sizes=\"(max-width: 681px) 100vw, 681px\" \/><\/a>\n\t\t<\/div>\n\t\t\t\t\t\t<\/div>\n\t\t\t\t\t<\/div>\n\t\t\t\t<\/div>\n\t\t<div data-particle_enable=\"false\" data-particle-mobile-disabled=\"false\" class=\"elementor-element elementor-element-f9bd547 e-flex e-con-boxed e-con e-parent\" data-id=\"f9bd547\" data-element_type=\"container\" data-e-type=\"container\">\n\t\t\t\t\t<div class=\"e-con-inner\">\n\t\t\t\t<div class=\"elementor-element elementor-element-77bf81b elementor-widget elementor-widget-heading\" data-id=\"77bf81b\" data-element_type=\"widget\" data-e-type=\"widget\" data-widget_type=\"heading.default\">\n\t\t\t\t\t<h2 class=\"elementor-heading-title elementor-size-default\">Guatemala es maravillosa y la llevamos en el coraz\u00f3n<\/h2>\t\t\t\t<\/div>\n\t\t\t\t\t<\/div>\n\t\t\t\t<\/div>\n\t\t<div data-particle_enable=\"false\" data-particle-mobile-disabled=\"false\" class=\"elementor-element elementor-element-6af9dde e-flex e-con-boxed e-con e-parent\" data-id=\"6af9dde\" data-element_type=\"container\" data-e-type=\"container\">\n\t\t\t\t\t<div class=\"e-con-inner\">\n\t\t\t\t<div class=\"elementor-element elementor-element-eb9866b elementor-grid-eael-col-3 elementor-grid-tablet-eael-col-2 elementor-grid-mobile-eael-col-1 elementor-widget elementor-widget-eael-post-grid\" data-id=\"eb9866b\" data-element_type=\"widget\" data-e-type=\"widget\" data-settings=\"{&quot;eael_post_grid_columns&quot;:&quot;eael-col-3&quot;,&quot;eael_post_grid_columns_tablet&quot;:&quot;eael-col-2&quot;,&quot;eael_post_grid_columns_mobile&quot;:&quot;eael-col-1&quot;}\" data-widget_type=\"eael-post-grid.default\">\n\t\t\t\t\t<div id=\"eael-post-grid-eb9866b\" class=\"eael-post-grid-container\">\n            <div class=\"eael-post-grid eael-post-appender eael-post-appender-eb9866b eael-post-grid-style-one\" data-layout-mode=\"masonry\"><article class=\"eael-grid-post  eael-post-grid-column eael-pg-post-1185 category-estamos-unidos\" data-id=\"1185\">\n        <div class=\"eael-grid-post-holder\">\n            <div class=\"eael-grid-post-holder-inner\"><div class=\"eael-entry-media\"><div class=\"eael-entry-overlay fade-in\"><i class=\"far fa-hand-pointer\" aria-hidden=\"true\"><\/i><a href=\"https:\/\/soymigrante.com\/revista\/danza-maya-de-las-guacamayas-impresiona-en-estados-unidos\/\"><\/a><\/div><div class=\"eael-entry-thumbnail \">\n                <img loading=\"lazy\" decoding=\"async\" width=\"949\" height=\"971\" src=\"https:\/\/soymigrante.com\/revista\/wp-content\/uploads\/2023\/06\/xixo-rax-danza-de-las-guacamayas-2.webp\" class=\"attachment-large size-large wp-image-29236\" alt=\"Artista en vestimenta tradicional ind\u00edgena mexicana en una presentaci\u00f3n cultural en SoyMigrante.com REVISTA.\" srcset=\"https:\/\/soymigrante.com\/revista\/wp-content\/uploads\/2023\/06\/xixo-rax-danza-de-las-guacamayas-2.webp 949w, https:\/\/soymigrante.com\/revista\/wp-content\/uploads\/2023\/06\/xixo-rax-danza-de-las-guacamayas-2-293x300.jpg 293w, https:\/\/soymigrante.com\/revista\/wp-content\/uploads\/2023\/06\/xixo-rax-danza-de-las-guacamayas-2-768x786.jpg 768w, https:\/\/soymigrante.com\/revista\/wp-content\/uploads\/2023\/06\/xixo-rax-danza-de-las-guacamayas-2-750x767.webp 750w\" sizes=\"(max-width: 949px) 100vw, 949px\" \/>\n            <\/div>\n        <\/div><div class=\"eael-entry-wrapper\"><header class=\"eael-entry-header\"><h2 class=\"eael-entry-title\"><a class=\"eael-grid-post-link\" href=\"https:\/\/soymigrante.com\/revista\/danza-maya-de-las-guacamayas-impresiona-en-estados-unidos\/\" title=\"Danza de las Guacamayas de Santa Cruz Verapaz vuela por 7 ciudades de Estados Unidos\">Danza de las Guacamayas de Santa Cruz Verapaz vuela por 7 ciudades de Estados Unidos<\/a><\/h2><\/header><div class=\"eael-entry-content\">\n                        <div class=\"eael-grid-post-excerpt\"><a href=\"https:\/\/soymigrante.com\/revista\/danza-maya-de-las-guacamayas-impresiona-en-estados-unidos\/\" class=\"eael-post-elements-readmore-btn\">CONOCE SU HISTORIA <\/a><\/div>\n                    <\/div><\/div><\/div>\n        <\/div>\n    <\/article><article class=\"eael-grid-post  eael-post-grid-column eael-pg-post-2997 category-exitos\" data-id=\"2997\">\n        <div class=\"eael-grid-post-holder\">\n            <div class=\"eael-grid-post-holder-inner\"><div class=\"eael-entry-media\"><div class=\"eael-entry-overlay fade-in\"><i class=\"far fa-hand-pointer\" aria-hidden=\"true\"><\/i><a href=\"https:\/\/soymigrante.com\/revista\/espiritualidad-maya-kaqchiqel-tambien-es-migrante-en-new-jersey\/\"><\/a><\/div><div class=\"eael-entry-thumbnail \">\n                <img loading=\"lazy\" decoding=\"async\" width=\"805\" height=\"558\" src=\"https:\/\/soymigrante.com\/revista\/wp-content\/uploads\/2023\/10\/efren.webp\" class=\"attachment-large size-large wp-image-2999\" alt=\"\" srcset=\"https:\/\/soymigrante.com\/revista\/wp-content\/uploads\/2023\/10\/efren.webp 805w, https:\/\/soymigrante.com\/revista\/wp-content\/uploads\/2023\/10\/efren-300x208.webp 300w, https:\/\/soymigrante.com\/revista\/wp-content\/uploads\/2023\/10\/efren-768x532.webp 768w, https:\/\/soymigrante.com\/revista\/wp-content\/uploads\/2023\/10\/efren-750x520.webp 750w\" sizes=\"(max-width: 805px) 100vw, 805px\" \/>\n            <\/div>\n        <\/div><div class=\"eael-entry-wrapper\"><header class=\"eael-entry-header\"><h2 class=\"eael-entry-title\"><a class=\"eael-grid-post-link\" href=\"https:\/\/soymigrante.com\/revista\/espiritualidad-maya-kaqchiqel-tambien-es-migrante-en-new-jersey\/\" title=\"Espiritualidad maya kaqchikel tambi\u00e9n es migrante en New Jersey junto a Efr\u00e9n Mej\u00eda\">Espiritualidad maya kaqchikel tambi\u00e9n es migrante en New Jersey junto a Efr\u00e9n Mej\u00eda<\/a><\/h2><\/header><div class=\"eael-entry-content\">\n                        <div class=\"eael-grid-post-excerpt\"><a href=\"https:\/\/soymigrante.com\/revista\/espiritualidad-maya-kaqchiqel-tambien-es-migrante-en-new-jersey\/\" class=\"eael-post-elements-readmore-btn\">CONOCE SU HISTORIA <\/a><\/div>\n                    <\/div><\/div><\/div>\n        <\/div>\n    <\/article><article class=\"eael-grid-post  eael-post-grid-column eael-pg-post-1845 category-exitos tags-utah\" data-id=\"1845\">\n        <div class=\"eael-grid-post-holder\">\n            <div class=\"eael-grid-post-holder-inner\"><div class=\"eael-entry-media\"><div class=\"eael-entry-overlay fade-in\"><i class=\"far fa-hand-pointer\" aria-hidden=\"true\"><\/i><a href=\"https:\/\/soymigrante.com\/revista\/arquitecto-maya-joaquin-universidad-utah\/\"><\/a><\/div><div class=\"eael-entry-thumbnail \">\n                <img loading=\"lazy\" decoding=\"async\" width=\"1024\" height=\"756\" src=\"https:\/\/soymigrante.com\/revista\/wp-content\/uploads\/2023\/07\/Captura-de-pantalla-2023-07-13-224719-1024x756.webp\" class=\"attachment-large size-large wp-image-1850\" alt=\"Joaqu\u00edn L\u00f3pez se encuentra estudiando el doctorado en planificaci\u00f3n urbana con enfoque ind\u00edgena en la Universidad de Utah. Espec\u00edficamente ha trabajado con la Naci\u00f3n Navajo.\" srcset=\"https:\/\/soymigrante.com\/revista\/wp-content\/uploads\/2023\/07\/Captura-de-pantalla-2023-07-13-224719-1024x756.webp 1024w, https:\/\/soymigrante.com\/revista\/wp-content\/uploads\/2023\/07\/Captura-de-pantalla-2023-07-13-224719-300x221.webp 300w, https:\/\/soymigrante.com\/revista\/wp-content\/uploads\/2023\/07\/Captura-de-pantalla-2023-07-13-224719-768x567.webp 768w, https:\/\/soymigrante.com\/revista\/wp-content\/uploads\/2023\/07\/Captura-de-pantalla-2023-07-13-224719-750x553.webp 750w, https:\/\/soymigrante.com\/revista\/wp-content\/uploads\/2023\/07\/Captura-de-pantalla-2023-07-13-224719-1140x841.webp 1140w, https:\/\/soymigrante.com\/revista\/wp-content\/uploads\/2023\/07\/Captura-de-pantalla-2023-07-13-224719.webp 1255w\" sizes=\"(max-width: 1024px) 100vw, 1024px\" \/>\n            <\/div>\n        <\/div><div class=\"eael-entry-wrapper\"><header class=\"eael-entry-header\"><h2 class=\"eael-entry-title\"><a class=\"eael-grid-post-link\" href=\"https:\/\/soymigrante.com\/revista\/arquitecto-maya-joaquin-universidad-utah\/\" title=\"Identidad maya viaja con arquitecto migrante Joaqu\u00edn L\u00f3pez\">Identidad maya viaja con arquitecto migrante Joaqu\u00edn L\u00f3pez<\/a><\/h2><\/header><div class=\"eael-entry-content\">\n                        <div class=\"eael-grid-post-excerpt\"><a href=\"https:\/\/soymigrante.com\/revista\/arquitecto-maya-joaquin-universidad-utah\/\" class=\"eael-post-elements-readmore-btn\">CONOCE SU HISTORIA <\/a><\/div>\n                    <\/div><\/div><\/div>\n        <\/div>\n    <\/article><\/div>\n            <div class=\"clearfix\"><\/div>\n        <\/div>\t\t\t\t<\/div>\n\t\t\t\t\t<\/div>\n\t\t\t\t<\/div>\n\t\t\t\t<\/div>\n\t\t","protected":false},"excerpt":{"rendered":"<p>Es la fiesta de la identidad multicultural guatemalteca, es el colorido de la hermandad de los pueblos mayas, encuentro de hermandad en Cob\u00e1n, Alta Verapaz desde hace m\u00e1s de medio siglo. Mira y escucha el ingreso de las aspirantes a Rabin Ajau, la Hija del Rey 2024. Una ceremonia maya con plegarias al Coraz\u00f3n del [&hellip;]<\/p>\n","protected":false},"author":13,"featured_media":7684,"comment_status":"open","ping_status":"open","sticky":false,"template":"","format":"standard","meta":{"_acf_changed":false,"_eb_attr":"","footnotes":""},"categories":[58],"tags":[],"class_list":["post-7682","post","type-post","status-publish","format-standard","has-post-thumbnail","hentry","category-guate-nuestra"],"acf":[],"aioseo_notices":[],"aioseo_head":"\n\t\t<!-- All in One SEO Pro 4.9.6.2 - aioseo.com -->\n\t<meta name=\"description\" content=\"Joaqu\u00edn L\u00f3pez, arquitecto maya k\u2019iche\u2019, lleva su identidad desde Guatemala hasta Utah, donde estudia un doctorado y trabaja con la Naci\u00f3n Navajo\" \/>\n\t<meta name=\"robots\" content=\"max-snippet:-1, max-image-preview:large, max-video-preview:-1\" \/>\n\t<meta name=\"author\" content=\"Gustavo Montenegro\"\/>\n\t<link rel=\"canonical\" href=\"https:\/\/soymigrante.com\/revista\/arquitecto-maya-joaquin-universidad-utah\/\" \/>\n\t<meta name=\"generator\" content=\"All in One SEO Pro (AIOSEO) 4.9.6.2\" \/>\n\n\t\t<link rel=\"preconnect\" href=\"https:\/\/fonts.googleapis.com\" crossorigin>\n<link rel=\"preconnect\" href=\"https:\/\/fonts.gstatic.com\" crossorigin>\n\t\t<meta property=\"og:locale\" content=\"es_ES\" \/>\n\t\t<meta property=\"og:site_name\" content=\"SoyMigrante.com REVISTA \u2013 Nuestra misi\u00f3n es reconocer y dignificar al migrante.\" \/>\n\t\t<meta property=\"og:type\" content=\"article\" \/>\n\t\t<meta property=\"og:title\" content=\"Identidad maya viaja con arquitecto migrante Joaqu\u00edn L\u00f3pez\" \/>\n\t\t<meta property=\"og:description\" content=\"Joaqu\u00edn L\u00f3pez, arquitecto maya k\u2019iche\u2019, lleva su identidad desde Guatemala hasta Utah, donde estudia un doctorado y trabaja con la Naci\u00f3n Navajo\" \/>\n\t\t<meta property=\"og:url\" content=\"https:\/\/soymigrante.com\/revista\/arquitecto-maya-joaquin-universidad-utah\/\" \/>\n\t\t<meta property=\"og:image\" content=\"https:\/\/soymigrante.com\/revista\/wp-content\/uploads\/2023\/07\/Captura-de-pantalla-2023-07-13-224719.webp\" \/>\n\t\t<meta property=\"og:image:secure_url\" content=\"https:\/\/soymigrante.com\/revista\/wp-content\/uploads\/2023\/07\/Captura-de-pantalla-2023-07-13-224719.webp\" \/>\n\t\t<meta property=\"og:image:width\" content=\"1255\" \/>\n\t\t<meta property=\"og:image:height\" content=\"926\" \/>\n\t\t<meta property=\"article:published_time\" content=\"2023-07-14T05:09:22+00:00\" \/>\n\t\t<meta property=\"article:modified_time\" content=\"2026-03-11T22:48:05+00:00\" \/>\n\t\t<meta property=\"article:publisher\" content=\"https:\/\/www.facebook.com\/soymigrantecom\" \/>\n\t\t<meta name=\"twitter:card\" content=\"summary_large_image\" \/>\n\t\t<meta name=\"twitter:site\" content=\"@SoyMigrante_com\" \/>\n\t\t<meta name=\"twitter:title\" content=\"Identidad maya viaja con arquitecto migrante Joaqu\u00edn L\u00f3pez\" \/>\n\t\t<meta name=\"twitter:description\" content=\"Joaqu\u00edn L\u00f3pez, arquitecto maya k\u2019iche\u2019, lleva su identidad desde Guatemala hasta Utah, donde estudia un doctorado y trabaja con la Naci\u00f3n Navajo\" \/>\n\t\t<meta name=\"twitter:creator\" content=\"@SoyMigrante_com\" \/>\n\t\t<meta name=\"twitter:image\" content=\"https:\/\/soymigrante.com\/revista\/wp-content\/uploads\/2023\/07\/Captura-de-pantalla-2023-07-13-224719.webp\" \/>\n\t\t<!-- All in One SEO Pro -->\r\n\t\t<title>Identidad maya viaja con arquitecto migrante Joaqu\u00edn L\u00f3pez<\/title>\n\n","aioseo_head_json":{"title":"Identidad maya viaja con arquitecto migrante Joaqu\u00edn L\u00f3pez","description":"Joaqu\u00edn L\u00f3pez, arquitecto maya k\u2019iche\u2019, lleva su identidad desde Guatemala hasta Utah, donde estudia un doctorado y trabaja con la Naci\u00f3n Navajo","canonical_url":"https:\/\/soymigrante.com\/revista\/arquitecto-maya-joaquin-universidad-utah\/","robots":"max-snippet:-1, max-image-preview:large, max-video-preview:-1","keywords":"","webmasterTools":{"miscellaneous":"&lt;link rel=\"preconnect\" href=\"https:\/\/fonts.googleapis.com\" crossorigin&gt;\n&lt;link rel=\"preconnect\" href=\"https:\/\/fonts.gstatic.com\" crossorigin&gt;"},"schema":null,"og:locale":"es_ES","og:site_name":"SoyMigrante.com REVISTA \u2013 Nuestra misi\u00f3n es reconocer y dignificar al migrante.","og:type":"article","og:title":"Identidad maya viaja con arquitecto migrante Joaqu\u00edn L\u00f3pez","og:description":"Joaqu\u00edn L\u00f3pez, arquitecto maya k\u2019iche\u2019, lleva su identidad desde Guatemala hasta Utah, donde estudia un doctorado y trabaja con la Naci\u00f3n Navajo","og:url":"https:\/\/soymigrante.com\/revista\/arquitecto-maya-joaquin-universidad-utah\/","og:image":"https:\/\/soymigrante.com\/revista\/wp-content\/uploads\/2023\/07\/Captura-de-pantalla-2023-07-13-224719.webp","og:image:secure_url":"https:\/\/soymigrante.com\/revista\/wp-content\/uploads\/2023\/07\/Captura-de-pantalla-2023-07-13-224719.webp","og:image:width":1255,"og:image:height":926,"article:published_time":"2023-07-14T05:09:22+00:00","article:modified_time":"2026-03-11T22:48:05+00:00","article:publisher":"https:\/\/www.facebook.com\/soymigrantecom","twitter:card":"summary_large_image","twitter:site":"@SoyMigrante_com","twitter:title":"Identidad maya viaja con arquitecto migrante Joaqu\u00edn L\u00f3pez","twitter:description":"Joaqu\u00edn L\u00f3pez, arquitecto maya k\u2019iche\u2019, lleva su identidad desde Guatemala hasta Utah, donde estudia un doctorado y trabaja con la Naci\u00f3n Navajo","twitter:creator":"@SoyMigrante_com","twitter:image":"https:\/\/soymigrante.com\/revista\/wp-content\/uploads\/2023\/07\/Captura-de-pantalla-2023-07-13-224719.webp"},"aioseo_meta_data":{"post_id":"7682","title":"Festival Rabin Ajau: alegr\u00eda, color tradici\u00f3n e identidad maya","description":"Una imagen vale mil palabras. Este es un recorrido visual del fotoperiodista Abel Ju\u00e1rez en las actividades previas a la elecci\u00f3n de Rabin Ajau en Cob\u00e1n A.V. Guatemala","keywords":null,"keyphrases":{"focus":{"keyphrase":"Rabin Ajau","score":64,"analysis":{"keyphraseInTitle":{"score":9,"maxScore":9,"error":0},"keyphraseInDescription":{"score":9,"maxScore":9,"error":0},"keyphraseLength":{"score":9,"maxScore":9,"error":0,"length":2},"keyphraseInURL":{"score":5,"maxScore":5,"error":0},"keyphraseInIntroduction":{"score":3,"maxScore":9,"error":1},"keyphraseInSubHeadings":[],"keyphraseInImageAlt":{"score":3,"maxScore":9,"error":1},"keywordDensity":{"score":0,"type":"low","maxScore":9,"error":1}}},"additional":[{"keyphrase":"Guatemala","score":53,"analysis":{"keyphraseInDescription":{"score":9,"maxScore":9,"error":0},"keyphraseLength":{"score":9,"maxScore":9,"error":0,"length":1},"keyphraseInIntroduction":{"score":3,"maxScore":9,"error":1},"keyphraseInImageAlt":{"score":3,"maxScore":9,"error":1},"keywordDensity":{"score":0,"type":"low","maxScore":9,"error":1}}}]},"primary_term":null,"canonical_url":null,"og_title":null,"og_description":null,"og_object_type":"default","og_image_type":"default","og_image_url":null,"og_image_width":null,"og_image_height":null,"og_image_custom_url":null,"og_image_custom_fields":null,"og_video":"","og_custom_url":null,"og_article_section":null,"og_article_tags":null,"twitter_use_og":false,"twitter_card":"default","twitter_image_type":"default","twitter_image_url":null,"twitter_image_custom_url":null,"twitter_image_custom_fields":null,"twitter_title":null,"twitter_description":null,"schema":{"blockGraphs":[],"customGraphs":[],"default":{"data":{"Article":[],"Course":[],"Dataset":[],"FAQPage":[],"Movie":[],"Person":[],"Product":[],"ProductReview":[],"Car":[],"Recipe":[],"Service":[],"SoftwareApplication":[],"WebPage":[]},"graphName":"Article","isEnabled":true},"graphs":[]},"schema_type":"default","schema_type_options":null,"pillar_content":false,"robots_default":true,"robots_noindex":false,"robots_noarchive":false,"robots_nosnippet":false,"robots_nofollow":false,"robots_noimageindex":false,"robots_noodp":false,"robots_notranslate":false,"robots_max_snippet":"-1","robots_max_videopreview":"-1","robots_max_imagepreview":"large","priority":null,"frequency":"default","local_seo":null,"seo_analyzer_scan_date":"2025-10-08 22:22:16","breadcrumb_settings":null,"limit_modified_date":false,"reviewed_by":null,"open_ai":"{\"title\":{\"suggestions\":[],\"usage\":0},\"description\":{\"suggestions\":[],\"usage\":0}}","ai":null,"created":"2024-07-26 19:36:21","updated":"2026-02-04 12:28:42"},"aioseo_breadcrumb":"<div class=\"aioseo-breadcrumbs\"><span class=\"aioseo-breadcrumb\">\n\t<a href=\"https:\/\/soymigrante.com\/revista\" title=\"Home\">Home<\/a>\n<\/span><span class=\"aioseo-breadcrumb-separator\">\u00bb<\/span><span class=\"aioseo-breadcrumb\">\n\t<a href=\"https:\/\/soymigrante.com\/revista\/category\/guate-nuestra\/\" title=\"Guate Nuestra\">Guate Nuestra<\/a>\n<\/span><span class=\"aioseo-breadcrumb-separator\">\u00bb<\/span><span class=\"aioseo-breadcrumb\">\n\tFestival Rab\u00edn Ajau en im\u00e1genes: alegr\u00eda, hermandad, tradici\u00f3n e identidad\n<\/span><\/div>","aioseo_breadcrumb_json":[{"label":"Home","link":"https:\/\/soymigrante.com\/revista"},{"label":"Guate Nuestra","link":"https:\/\/soymigrante.com\/revista\/category\/guate-nuestra\/"},{"label":"Festival Rab\u00edn Ajau en im\u00e1genes: alegr\u00eda, hermandad, tradici\u00f3n e identidad","link":"https:\/\/soymigrante.com\/revista\/festival-rabin-ajau-en-imagenes-alegria-hermandad-tradicion-e-identidad\/"}],"_links":{"self":[{"href":"https:\/\/soymigrante.com\/revista\/wp-json\/wp\/v2\/posts\/7682","targetHints":{"allow":["GET"]}}],"collection":[{"href":"https:\/\/soymigrante.com\/revista\/wp-json\/wp\/v2\/posts"}],"about":[{"href":"https:\/\/soymigrante.com\/revista\/wp-json\/wp\/v2\/types\/post"}],"author":[{"embeddable":true,"href":"https:\/\/soymigrante.com\/revista\/wp-json\/wp\/v2\/users\/13"}],"replies":[{"embeddable":true,"href":"https:\/\/soymigrante.com\/revista\/wp-json\/wp\/v2\/comments?post=7682"}],"version-history":[{"count":0,"href":"https:\/\/soymigrante.com\/revista\/wp-json\/wp\/v2\/posts\/7682\/revisions"}],"wp:featuredmedia":[{"embeddable":true,"href":"https:\/\/soymigrante.com\/revista\/wp-json\/wp\/v2\/media\/7684"}],"wp:attachment":[{"href":"https:\/\/soymigrante.com\/revista\/wp-json\/wp\/v2\/media?parent=7682"}],"wp:term":[{"taxonomy":"category","embeddable":true,"href":"https:\/\/soymigrante.com\/revista\/wp-json\/wp\/v2\/categories?post=7682"},{"taxonomy":"post_tag","embeddable":true,"href":"https:\/\/soymigrante.com\/revista\/wp-json\/wp\/v2\/tags?post=7682"}],"curies":[{"name":"wp","href":"https:\/\/api.w.org\/{rel}","templated":true}]}}