{"id":7680,"date":"2024-08-19T16:01:05","date_gmt":"2024-08-19T22:01:05","guid":{"rendered":"https:\/\/soymigrante.com\/revista\/?p=7680"},"modified":"2024-08-20T07:43:11","modified_gmt":"2024-08-20T13:43:11","slug":"cual-es-el-origen-del-maiz-este-alimento-es-100-guatemalteco","status":"publish","type":"post","link":"https:\/\/soymigrante.com\/revista\/cual-es-el-origen-del-maiz-este-alimento-es-100-guatemalteco\/","title":{"rendered":"\u00bfCu\u00e1l es el origen del ma\u00edz? Este alimento es 100% guatemalteco"},"content":{"rendered":"\t\t<div data-elementor-type=\"wp-post\" data-elementor-id=\"7680\" class=\"elementor elementor-7680\" data-elementor-post-type=\"post\">\n\t\t\t\t<div data-particle_enable=\"false\" data-particle-mobile-disabled=\"false\" class=\"elementor-element elementor-element-99c84a1 e-flex e-con-boxed e-con e-parent\" data-id=\"99c84a1\" data-element_type=\"container\" data-e-type=\"container\">\n\t\t\t\t\t<div class=\"e-con-inner\">\n\t\t\t\t<div class=\"elementor-element elementor-element-c54797a elementor-widget elementor-widget-heading\" data-id=\"c54797a\" data-element_type=\"widget\" data-e-type=\"widget\" data-widget_type=\"heading.default\">\n\t\t\t\t\t<h2 class=\"elementor-heading-title elementor-size-default\">Algunos investigadores pensaban que el origen de del ma\u00edz estaba fuera del continente americano, pero estaba en Guatemala, en Huehuetenango y ahora se come en todo el mundo. \n<\/h2>\t\t\t\t<\/div>\n\t\t\t\t\t<\/div>\n\t\t\t\t<\/div>\n\t\t<div data-particle_enable=\"false\" data-particle-mobile-disabled=\"false\" class=\"elementor-element elementor-element-b06be9d e-flex e-con-boxed e-con e-parent\" data-id=\"b06be9d\" data-element_type=\"container\" data-e-type=\"container\">\n\t\t\t\t\t<div class=\"e-con-inner\">\n\t\t\t\t<div class=\"elementor-element elementor-element-dec9b95 elementor-widget elementor-widget-text-editor\" data-id=\"dec9b95\" data-element_type=\"widget\" data-e-type=\"widget\" data-widget_type=\"text-editor.default\">\n\t\t\t\t\t\t\t\t\t<p>El ma\u00edz es el principal cultivo y con la mayor superficie de siembra del pa\u00eds; es la base de la seguridad alimentaria, por ello en el a\u00f1o 2011 se le declar\u00f3 Patrimonio Cultural de la Naci\u00f3n y se estableci\u00f3 el D\u00eda Nacional del Ma\u00edz y en ese marco el Proyecto Bioseguridad CATIE-CONAP realiza diferentes actividades que promueven la protecci\u00f3n, valoraci\u00f3n, repoblaci\u00f3n e investigaci\u00f3n de las dos especies de ma\u00edz silvestre que hay en el pa\u00eds, los cuales son considerados como los ancestros que dieron origen al ma\u00edz cultivado.<\/p><p>A nivel mundial, el ma\u00edz se constituye en uno de los tres principales cultivos b\u00e1sicos de la agricultura mundial, contribuyendo as\u00ed a la alimentaci\u00f3n de la humanidad.<\/p>\t\t\t\t\t\t\t\t<\/div>\n\t\t\t\t\t<\/div>\n\t\t\t\t<\/div>\n\t\t<div data-particle_enable=\"false\" data-particle-mobile-disabled=\"false\" class=\"elementor-element elementor-element-de3f8d6 e-flex e-con-boxed e-con e-parent\" data-id=\"de3f8d6\" data-element_type=\"container\" data-e-type=\"container\">\n\t\t\t\t\t<div class=\"e-con-inner\">\n\t\t\t\t<div class=\"elementor-element elementor-element-29d04c5 elementor-widget elementor-widget-heading\" data-id=\"29d04c5\" data-element_type=\"widget\" data-e-type=\"widget\" data-widget_type=\"heading.default\">\n\t\t\t\t\t<h3 class=\"elementor-heading-title elementor-size-default\">El ma\u00edz desde la cosmovisi\u00f3n <\/h3>\t\t\t\t<\/div>\n\t\t\t\t\t<\/div>\n\t\t\t\t<\/div>\n\t\t<div data-particle_enable=\"false\" data-particle-mobile-disabled=\"false\" class=\"elementor-element elementor-element-dea6125 e-flex e-con-boxed e-con e-parent\" data-id=\"dea6125\" data-element_type=\"container\" data-e-type=\"container\">\n\t\t\t\t\t<div class=\"e-con-inner\">\n\t\t\t\t<div class=\"elementor-element elementor-element-c2c3146 elementor-widget elementor-widget-text-editor\" data-id=\"c2c3146\" data-element_type=\"widget\" data-e-type=\"widget\" data-widget_type=\"text-editor.default\">\n\t\t\t\t\t\t\t\t\t<p>El ma\u00edz tambi\u00e9n representa la cultura e identidad; forma parte de la cosmovisi\u00f3n maya, ya que alrededor del cultivo del ma\u00edz y la milpa hay un c\u00famulo de conocimientos y pr\u00e1cticas que se han transmitido de generaci\u00f3n a generaci\u00f3n, por medio del cual se fomentan relaciones sociales y se conserva la biodiversidad.<\/p><p>Estudios demuestran que el centro de origen y diversidad del ma\u00edz es Mesoam\u00e9rica, principalmente en Guatemala. Hace aproximadamente 8,000 a\u00f1os, nuestros ancestros descubrieron una planta silvestre que hoy d\u00eda conocemos como teocintle, y fue domesticada con el paso del tiempo.<\/p><p>Despu\u00e9s de miles de a\u00f1os, con la intervenci\u00f3n de los agricultores y con la aplicaci\u00f3n de t\u00e9cnicas de selecci\u00f3n y otras pr\u00e1cticas, se logr\u00f3 la domesticaci\u00f3n del ma\u00edz. Actualmente se cuenta con una variedad de ma\u00edces con diferentes caracter\u00edsticas desde el color, tama\u00f1o, textura en los alimentos y otras m\u00e1s.<\/p>\t\t\t\t\t\t\t\t<\/div>\n\t\t\t\t\t<\/div>\n\t\t\t\t<\/div>\n\t\t<div data-particle_enable=\"false\" data-particle-mobile-disabled=\"false\" class=\"elementor-element elementor-element-6429a76 e-flex e-con-boxed e-con e-parent\" data-id=\"6429a76\" data-element_type=\"container\" data-e-type=\"container\">\n\t\t\t\t\t<div class=\"e-con-inner\">\n\t\t\t\t<div class=\"elementor-element elementor-element-9066ba5 elementor-widget elementor-widget-image\" data-id=\"9066ba5\" data-element_type=\"widget\" data-e-type=\"widget\" data-widget_type=\"image.default\">\n\t\t\t\t\t\t\t\t\t\t\t\t\t\t\t<img fetchpriority=\"high\" decoding=\"async\" width=\"768\" height=\"576\" src=\"https:\/\/soymigrante.com\/revista\/wp-content\/uploads\/2024\/07\/maize-984635_1280-1024x768.webp\" class=\"attachment-large size-large wp-image-7681\" alt=\"Choclo seco, ma\u00edz amarillo secado al sol, ingrediente natural para cocinar, en un contexto agr\u00edcola y rural en Am\u00e9rica Latina.\" srcset=\"https:\/\/soymigrante.com\/revista\/wp-content\/uploads\/2024\/07\/maize-984635_1280-1024x768.webp 1024w, https:\/\/soymigrante.com\/revista\/wp-content\/uploads\/2024\/07\/maize-984635_1280-300x225.webp 300w, https:\/\/soymigrante.com\/revista\/wp-content\/uploads\/2024\/07\/maize-984635_1280-768x576.webp 768w, https:\/\/soymigrante.com\/revista\/wp-content\/uploads\/2024\/07\/maize-984635_1280-750x563.webp 750w, https:\/\/soymigrante.com\/revista\/wp-content\/uploads\/2024\/07\/maize-984635_1280-1140x855.webp 1140w, https:\/\/soymigrante.com\/revista\/wp-content\/uploads\/2024\/07\/maize-984635_1280.webp 1280w\" sizes=\"(max-width: 768px) 100vw, 768px\" title=\"\u00bfCu\u00e1l es el origen y la historia del ma\u00edz? Este alimento es 100% guatemalteco \u2013 SoyMigrante.com REVISTA\" \/>\t\t\t\t\t\t\t\t\t\t\t\t\t\t\t<\/div>\n\t\t\t\t\t<\/div>\n\t\t\t\t<\/div>\n\t\t<div data-particle_enable=\"false\" data-particle-mobile-disabled=\"false\" class=\"elementor-element elementor-element-8329fd3 e-flex e-con-boxed e-con e-parent\" data-id=\"8329fd3\" data-element_type=\"container\" data-e-type=\"container\">\n\t\t\t\t\t<div class=\"e-con-inner\">\n\t\t\t\t<div class=\"elementor-element elementor-element-28a652d elementor-widget elementor-widget-heading\" data-id=\"28a652d\" data-element_type=\"widget\" data-e-type=\"widget\" data-widget_type=\"heading.default\">\n\t\t\t\t\t<h3 class=\"elementor-heading-title elementor-size-default\">Investigaciones por el ma\u00edz<\/h3>\t\t\t\t<\/div>\n\t\t\t\t\t<\/div>\n\t\t\t\t<\/div>\n\t\t<div data-particle_enable=\"false\" data-particle-mobile-disabled=\"false\" class=\"elementor-element elementor-element-870f565 e-flex e-con-boxed e-con e-parent\" data-id=\"870f565\" data-element_type=\"container\" data-e-type=\"container\">\n\t\t\t\t\t<div class=\"e-con-inner\">\n\t\t\t\t<div class=\"elementor-element elementor-element-3e08512 elementor-widget elementor-widget-text-editor\" data-id=\"3e08512\" data-element_type=\"widget\" data-e-type=\"widget\" data-widget_type=\"text-editor.default\">\n\t\t\t\t\t\t\t\t\t<p>El origen de la palabra ma\u00edz, ha llevado a los investigadores por diversos senderos, llegando incluso hasta \u00e1reas remotas como China y el T\u00edbet. Sin embargo, es aceptado en forma general que el origen de la palabra es araguaco y que esta denominaci\u00f3n fue transmitida al viejo mundo por Crist\u00f3bal Col\u00f3n quien la escuch\u00f3 por primera vez en las islas del Caribe.<\/p><p>Basado en esta denominaci\u00f3n com\u00fan, Linneo le asign\u00f3 dicho nombre en la parte correspondiente al ep\u00edteto espec\u00edfico, dentro del g\u00e9nero Zea.<\/p><p>Seg\u00fan la Organizaci\u00f3n de las Naciones Unidas para la Agricultura y la Alimentaci\u00f3n, la palabra usada en todas las lenguas mayenses es &#8220;ixim&#8221;. De igual manera, en varias lenguas nativas de Guatemala se hace referencia a ciertos t\u00e9rminos relacionados con el ma\u00edz, por ejemplo, &#8220;Gumarkaaj&#8221; (lugar de las ca\u00f1as), &#8220;Kanil&#8221; (nombre de un d\u00eda del calendario) el cual se deriva de la palabra &#8220;kan&#8221; que significa amarillo, &#8220;Aj&#8221; (otro nombre de d\u00eda) que hace referencia al elote o ma\u00edz tierno.<\/p>\t\t\t\t\t\t\t\t<\/div>\n\t\t\t\t\t<\/div>\n\t\t\t\t<\/div>\n\t\t<div data-particle_enable=\"false\" data-particle-mobile-disabled=\"false\" class=\"elementor-element elementor-element-c1f719a e-flex e-con-boxed e-con e-parent\" data-id=\"c1f719a\" data-element_type=\"container\" data-e-type=\"container\">\n\t\t\t\t\t<div class=\"e-con-inner\">\n\t\t\t\t<div class=\"elementor-element elementor-element-23038fa elementor-widget elementor-widget-image\" data-id=\"23038fa\" data-element_type=\"widget\" data-e-type=\"widget\" data-widget_type=\"image.default\">\n\t\t\t\t\t\t\t\t\t\t\t\t\t\t\t<img decoding=\"async\" width=\"768\" height=\"488\" src=\"https:\/\/soymigrante.com\/revista\/wp-content\/uploads\/2024\/07\/corn-3663086_1280-1024x651.webp\" class=\"attachment-large size-large wp-image-7683\" alt=\"Ma\u00edz morado y multicolor, variedad de granos de ma\u00edz en mazorcas con c\u00e1scaras secas, cultura agr\u00edcola tradicional Latinoam\u00e9rica.\" srcset=\"https:\/\/soymigrante.com\/revista\/wp-content\/uploads\/2024\/07\/corn-3663086_1280-1024x651.webp 1024w, https:\/\/soymigrante.com\/revista\/wp-content\/uploads\/2024\/07\/corn-3663086_1280-300x191.webp 300w, https:\/\/soymigrante.com\/revista\/wp-content\/uploads\/2024\/07\/corn-3663086_1280-768x488.webp 768w, https:\/\/soymigrante.com\/revista\/wp-content\/uploads\/2024\/07\/corn-3663086_1280-750x477.webp 750w, https:\/\/soymigrante.com\/revista\/wp-content\/uploads\/2024\/07\/corn-3663086_1280-1140x725.webp 1140w, https:\/\/soymigrante.com\/revista\/wp-content\/uploads\/2024\/07\/corn-3663086_1280.webp 1280w\" sizes=\"(max-width: 768px) 100vw, 768px\" title=\"\u00bfCu\u00e1l es el origen y la historia del ma\u00edz? Este alimento es 100% guatemalteco \u2013 SoyMigrante.com REVISTA\" \/>\t\t\t\t\t\t\t\t\t\t\t\t\t\t\t<\/div>\n\t\t\t\t\t<\/div>\n\t\t\t\t<\/div>\n\t\t<div data-particle_enable=\"false\" data-particle-mobile-disabled=\"false\" class=\"elementor-element elementor-element-8f21c26 e-flex e-con-boxed e-con e-parent\" data-id=\"8f21c26\" data-element_type=\"container\" data-e-type=\"container\">\n\t\t\t\t\t<div class=\"e-con-inner\">\n\t\t\t\t<div class=\"elementor-element elementor-element-8c63d67 elementor-widget elementor-widget-heading\" data-id=\"8c63d67\" data-element_type=\"widget\" data-e-type=\"widget\" data-widget_type=\"heading.default\">\n\t\t\t\t\t<h3 class=\"elementor-heading-title elementor-size-default\">\u00bfC\u00f3mo llego el ma\u00edz a Guatemala?<\/h3>\t\t\t\t<\/div>\n\t\t\t\t\t<\/div>\n\t\t\t\t<\/div>\n\t\t<div data-particle_enable=\"false\" data-particle-mobile-disabled=\"false\" class=\"elementor-element elementor-element-3ba38e7 e-flex e-con-boxed e-con e-parent\" data-id=\"3ba38e7\" data-element_type=\"container\" data-e-type=\"container\">\n\t\t\t\t\t<div class=\"e-con-inner\">\n\t\t\t\t<div class=\"elementor-element elementor-element-261fcd2 elementor-widget elementor-widget-text-editor\" data-id=\"261fcd2\" data-element_type=\"widget\" data-e-type=\"widget\" data-widget_type=\"text-editor.default\">\n\t\t\t\t\t\t\t\t\t<p>Entre los pueblos mayas actuales de Guatemala a\u00fan se conserva el culto a la deidad del ma\u00edz. En Huehuetenango esta puede ser masculina, como en el caso de Santiago Chimaltenango, donde recibe el nombre de Padre Paxil, o femenina, como en Colotenango, donde la llaman K&#8217;txu (Nuestra Madre en mam) o Paxil. Paxil es el nombre del lugar donde se origin\u00f3 el ma\u00edz seg\u00fan el Popol Vuh, el libro sagrado de los K&#8217;ich&#8217;s, donde seg\u00fan una de las versiones del origen del ma\u00edz de la tradici\u00f3n oral mam de los municipios de Ixtahuac\u00e1n y Colotenango, el grano provino de ah\u00ed por conducto de los animales, y es donde reside la &#8220;Madre Ma\u00edz&#8221;.<\/p><p>Cuentan la tradici\u00f3n oral que antiguamente no hab\u00eda ma\u00edz, y que en esa \u00e9poca los hombres se alimentaban de la ra\u00edz de una planta llamada txetxina (madre Ma\u00edz); planta de ra\u00edz muy grande y de un tallo \u00fanico. Cuentan tambi\u00e9n que&#8230; &#8220;Fue entonces cuando los antiguos se dieron cuenta de que el esti\u00e9rcol del gato de monte (wech) conten\u00eda ma\u00edz&#8221;.<\/p>\t\t\t\t\t\t\t\t<\/div>\n\t\t\t\t\t<\/div>\n\t\t\t\t<\/div>\n\t\t<div data-particle_enable=\"false\" data-particle-mobile-disabled=\"false\" class=\"elementor-element elementor-element-7dfdd13 e-flex e-con-boxed e-con e-parent\" data-id=\"7dfdd13\" data-element_type=\"container\" data-e-type=\"container\">\n\t\t\t\t\t<div class=\"e-con-inner\">\n\t\t\t\t<div class=\"elementor-element elementor-element-84dcc62 elementor-widget elementor-widget-video\" data-id=\"84dcc62\" data-element_type=\"widget\" data-e-type=\"widget\" data-settings=\"{&quot;youtube_url&quot;:&quot;https:\\\/\\\/www.youtube.com\\\/watch?v=mc_mrl91H48&quot;,&quot;video_type&quot;:&quot;youtube&quot;,&quot;controls&quot;:&quot;yes&quot;}\" data-widget_type=\"video.default\">\n\t\t\t\t\t\t\t<div class=\"elementor-wrapper elementor-open-inline\">\n\t\t\t<div class=\"elementor-video\"><\/div>\t\t<\/div>\n\t\t\t\t\t\t<\/div>\n\t\t\t\t\t<\/div>\n\t\t\t\t<\/div>\n\t\t<div data-particle_enable=\"false\" data-particle-mobile-disabled=\"false\" class=\"elementor-element elementor-element-275ec07 e-flex e-con-boxed e-con e-parent\" data-id=\"275ec07\" data-element_type=\"container\" data-e-type=\"container\">\n\t\t\t\t\t<div class=\"e-con-inner\">\n\t\t\t\t<div class=\"elementor-element elementor-element-87fd290 elementor-widget elementor-widget-heading\" data-id=\"87fd290\" data-element_type=\"widget\" data-e-type=\"widget\" data-widget_type=\"heading.default\">\n\t\t\t\t\t<h3 class=\"elementor-heading-title elementor-size-default\">Historia de como se encontr\u00f3 el ma\u00edz<\/h3>\t\t\t\t<\/div>\n\t\t\t\t\t<\/div>\n\t\t\t\t<\/div>\n\t\t<div data-particle_enable=\"false\" data-particle-mobile-disabled=\"false\" class=\"elementor-element elementor-element-26cd770 e-flex e-con-boxed e-con e-parent\" data-id=\"26cd770\" data-element_type=\"container\" data-e-type=\"container\">\n\t\t\t\t\t<div class=\"e-con-inner\">\n\t\t\t\t<div class=\"elementor-element elementor-element-e0c56e8 elementor-widget elementor-widget-text-editor\" data-id=\"e0c56e8\" data-element_type=\"widget\" data-e-type=\"widget\" data-widget_type=\"text-editor.default\">\n\t\t\t\t\t\t\t\t\t<p>Los relatos populares dan cuenta de la vinculaci\u00f3n del origen del ma\u00edz con otras especies predecesoras existentes en la Regi\u00f3n, como tambi\u00e9n describe la siguiente f\u00e1bula: Seg\u00fan relatan en esa \u00e9poca lejana hablaban los animales; de esta manera los habitantes preguntaron al gato de monte a donde iba a alimentarse, y le pidieron que les fuera a ense\u00f1ar el lugar. El gato de monte les dijo que alguien fuera con \u00e9l para que viera el sitio en donde com\u00eda. Entonces los antiguos enviaron al piojo para que viajara sobre la espalda del gato de monte, y as\u00ed pudiera ver a d\u00f3nde iba su portador; pero, el piojo cay\u00f3 en el camino y no lleg\u00f3 hasta el lugar en donde crec\u00eda el ma\u00edz. Enseguida mandaron a la pulga, siempre sobre la espalda del gato de monte; pero, igualmente la pulga cay\u00f3 mas volvi\u00f3 a saltar sobre el gato de monte y de nuevo prendida a su espalda logr\u00f3 llegar hasta el lugar buscado; as\u00ed a su regreso pudo decir a los antiguos donde era el lugar en el cual se daba el ma\u00edz. Desde entonces la gente dej\u00f3 de comer la ra\u00edz de txetexina. <\/p>\t\t\t\t\t\t\t\t<\/div>\n\t\t\t\t\t<\/div>\n\t\t\t\t<\/div>\n\t\t<div data-particle_enable=\"false\" data-particle-mobile-disabled=\"false\" class=\"elementor-element elementor-element-f68ed49 e-flex e-con-boxed e-con e-parent\" data-id=\"f68ed49\" data-element_type=\"container\" data-e-type=\"container\">\n\t\t\t\t\t<div class=\"e-con-inner\">\n\t\t\t\t<div class=\"elementor-element elementor-element-5187b7b elementor-widget elementor-widget-video\" data-id=\"5187b7b\" data-element_type=\"widget\" data-e-type=\"widget\" data-settings=\"{&quot;youtube_url&quot;:&quot;https:\\\/\\\/www.youtube.com\\\/watch?v=LPte8luwkOA&quot;,&quot;video_type&quot;:&quot;youtube&quot;,&quot;controls&quot;:&quot;yes&quot;}\" data-widget_type=\"video.default\">\n\t\t\t\t\t\t\t<div class=\"elementor-wrapper elementor-open-inline\">\n\t\t\t<div class=\"elementor-video\"><\/div>\t\t<\/div>\n\t\t\t\t\t\t<\/div>\n\t\t\t\t\t<\/div>\n\t\t\t\t<\/div>\n\t\t<div data-particle_enable=\"false\" data-particle-mobile-disabled=\"false\" class=\"elementor-element elementor-element-1b1c95b e-flex e-con-boxed e-con e-parent\" data-id=\"1b1c95b\" data-element_type=\"container\" data-e-type=\"container\">\n\t\t\t\t\t<div class=\"e-con-inner\">\n\t\t\t\t<div class=\"elementor-element elementor-element-3c062f8 elementor-widget elementor-widget-heading\" data-id=\"3c062f8\" data-element_type=\"widget\" data-e-type=\"widget\" data-widget_type=\"heading.default\">\n\t\t\t\t\t<h3 class=\"elementor-heading-title elementor-size-default\">El ma\u00edz en su casa, Huehuetenango <\/h3>\t\t\t\t<\/div>\n\t\t\t\t\t<\/div>\n\t\t\t\t<\/div>\n\t\t<div data-particle_enable=\"false\" data-particle-mobile-disabled=\"false\" class=\"elementor-element elementor-element-d6ce47e e-flex e-con-boxed e-con e-parent\" data-id=\"d6ce47e\" data-element_type=\"container\" data-e-type=\"container\">\n\t\t\t\t\t<div class=\"e-con-inner\">\n\t\t\t\t<div class=\"elementor-element elementor-element-3b5e5da elementor-widget elementor-widget-text-editor\" data-id=\"3b5e5da\" data-element_type=\"widget\" data-e-type=\"widget\" data-widget_type=\"text-editor.default\">\n\t\t\t\t\t\t\t\t\t<p>El origen del ma\u00edz y el papel que juega Huehuetenango en su evoluci\u00f3n. Los estudios desarrollados a principios de siglo por Vavilov y otros autores (Bukasov, 1981, Vavilov, 1997) mostraron que la diversidad gen\u00e9tica de las plantas cultivadas est\u00e1 concentrada en ciertas regiones del mundo, llamadas por ellos &#8220;centro de origen y diversidad&#8221;. Mesoam\u00e9rica es una de las siete regiones inicialmente nombradas por Vavilov, destac\u00e1ndose dentro de los cultivos originarios de esta regi\u00f3n el ma\u00edz, dado la diversidad gen\u00e9tica presente, as\u00ed como la presencia de especies y subespecies silvestres emparentadas con el ma\u00edz, dentro de las cuales destacan el teosintle o ma\u00edz.<\/p><p>El descubrimiento del teosintle al final del siglo pasado atrajo la atenci\u00f3n de los bot\u00e1nicos para tratar de esclarecer el origen del ma\u00edz. En 1939, Beadle demostr\u00f3 fehacientemente que el ma\u00edz y el teosintle pod\u00edan cruzarse libremente y que los h\u00edbridos obtenidos eran completamente f\u00e9rtiles. Esto le sugiri\u00f3 que ambos taxa eran conespec\u00edficos y solo recientemente se hab\u00eda dado la divergencia.\u00a0<\/p><p>Otros cient\u00edficos desarrollaron diferentes puntos de vista con respecto al origen del ma\u00edz. En todas estas consideraciones se omit\u00eda al teosintle como participante en la evoluci\u00f3n del ma\u00edz y propon\u00edan su origen a partir de un hipot\u00e9tico &#8220;ma\u00edz silvestre&#8221; (Mangelsdorf, 1974). Este autor tomaba como base para su teor\u00eda el hecho que la mazorca de ma\u00edz y del teosintle son inmensamente diferentes, lo cual hacia imposible que en un periodo tan corto (aproximadamente 10,000 a\u00f1os) se hallan podido dar dichos cambios evolutivos.\u00a0<\/p><p>Sin embargo, la mayor\u00eda de las evidencias cient\u00edficas y referencias hist\u00f3ricas que relativos a la evoluci\u00f3n del ma\u00edz apoyan la hip\u00f3tesis del teosintle como antecesor del ma\u00edz.<\/p><p>Estas consideraciones son importantes si se revisa que en Guatemala se encuentran dos especies de teosintle clasificados modernamente como Zea mays subsp. huehuetenanguensis10 y Zea luxurians11 distribuidos en el Departamento de Huehuetenango y el oriente de Guatemala respectivamente. De all\u00ed, que se identifica Guatemala como uno de los posibles centros de origen del ma\u00edz en Mesoam\u00e9rica.<\/p>\t\t\t\t\t\t\t\t<\/div>\n\t\t\t\t\t<\/div>\n\t\t\t\t<\/div>\n\t\t<div data-particle_enable=\"false\" data-particle-mobile-disabled=\"false\" class=\"elementor-element elementor-element-fd7ac44 e-flex e-con-boxed e-con e-parent\" data-id=\"fd7ac44\" data-element_type=\"container\" data-e-type=\"container\">\n\t\t\t\t\t<div class=\"e-con-inner\">\n\t\t\t\t<div class=\"elementor-element elementor-element-a980681 elementor-widget elementor-widget-image\" data-id=\"a980681\" data-element_type=\"widget\" data-e-type=\"widget\" data-widget_type=\"image.default\">\n\t\t\t\t\t\t\t\t\t\t\t\t\t\t\t<img decoding=\"async\" width=\"623\" height=\"551\" src=\"https:\/\/soymigrante.com\/revista\/wp-content\/uploads\/2024\/08\/maiz.webp\" class=\"attachment-large size-large wp-image-8167\" alt=\"M\u00e9xico y regiones migrantes en Guatemala y Belice, mapa ilustrativo para comprender rutas migratorias y comunidades de migrantes centroamericanos.\" srcset=\"https:\/\/soymigrante.com\/revista\/wp-content\/uploads\/2024\/08\/maiz.webp 623w, https:\/\/soymigrante.com\/revista\/wp-content\/uploads\/2024\/08\/maiz-300x265.webp 300w\" sizes=\"(max-width: 623px) 100vw, 623px\" title=\"En San Ildefonso Ixtahuac\u00e1n se encuentra uno de los posibles sitios sagrados donde se origin\u00f3 el ma\u00edz, seg\u00fan estudios antrpol\u00f3gicos y arqueol\u00f3gicos. \u2013 SoyMigrante.com REVISTA\" \/>\t\t\t\t\t\t\t\t\t\t\t\t\t\t\t<\/div>\n\t\t\t\t\t<\/div>\n\t\t\t\t<\/div>\n\t\t<div data-particle_enable=\"false\" data-particle-mobile-disabled=\"false\" class=\"elementor-element elementor-element-a015f8b e-flex e-con-boxed e-con e-parent\" data-id=\"a015f8b\" data-element_type=\"container\" data-e-type=\"container\">\n\t\t\t\t\t<div class=\"e-con-inner\">\n\t\t\t\t<div class=\"elementor-element elementor-element-2c23842 elementor-widget elementor-widget-heading\" data-id=\"2c23842\" data-element_type=\"widget\" data-e-type=\"widget\" data-widget_type=\"heading.default\">\n\t\t\t\t\t<h2 class=\"elementor-heading-title elementor-size-default\">Lee otras historias ac\u00e1... <\/h2>\t\t\t\t<\/div>\n\t\t\t\t\t<\/div>\n\t\t\t\t<\/div>\n\t\t<div data-particle_enable=\"false\" data-particle-mobile-disabled=\"false\" class=\"elementor-element elementor-element-71cd08f e-flex e-con-boxed e-con e-parent\" data-id=\"71cd08f\" data-element_type=\"container\" data-e-type=\"container\">\n\t\t\t\t\t<div class=\"e-con-inner\">\n\t\t\t\t<div class=\"elementor-element elementor-element-b6b11fc elementor-grid-3 elementor-grid-tablet-2 elementor-grid-mobile-1 elementor-widget elementor-widget-elementor-blog-posts\" data-id=\"b6b11fc\" data-element_type=\"widget\" data-e-type=\"widget\" data-settings=\"{&quot;columns&quot;:&quot;3&quot;,&quot;columns_tablet&quot;:&quot;2&quot;,&quot;columns_mobile&quot;:&quot;1&quot;}\" data-widget_type=\"elementor-blog-posts.default\">\n\t\t\t\t<div class=\"elementor-widget-container\">\n\t\t\t\t\t\t\t<div class=\"wpcap-grid\">\n\t\t\t\t\t\t<div class=\"wpcap-grid-container elementor-grid wpcap-grid-desktop-3 wpcap-grid-tablet-2 wpcap-grid-mobile-1\">\n\n\t\t\t\t\n        <article id=\"post-55528\" class=\"wpcap-post post-55528 post type-post status-publish format-standard has-post-thumbnail hentry category-noticias\">\n         \n            <div class=\"post-grid-inner\">\n            \t\n            \t\t\t\t<div class=\"post-grid-thumbnail\">\n\t\t\t\t<a href=\"https:\/\/soymigrante.com\/revista\/corte-reactiva-ley-antimigrante-sb4-de-texas-policia-estatal-podria-capturar-a-indocumentados\/\">\n\t\t\t\t\t<img loading=\"lazy\" decoding=\"async\" width=\"1254\" height=\"1254\" src=\"https:\/\/soymigrante.com\/revista\/wp-content\/uploads\/2026\/04\/texas-ley-contra-migrantes.png\" class=\"attachment-full size-full wp-post-image\" alt=\"texas ley contra migrantes\" srcset=\"https:\/\/soymigrante.com\/revista\/wp-content\/uploads\/2026\/04\/texas-ley-contra-migrantes.png 1254w, https:\/\/soymigrante.com\/revista\/wp-content\/uploads\/2026\/04\/texas-ley-contra-migrantes-300x300.png 300w, https:\/\/soymigrante.com\/revista\/wp-content\/uploads\/2026\/04\/texas-ley-contra-migrantes-1024x1024.png 1024w, https:\/\/soymigrante.com\/revista\/wp-content\/uploads\/2026\/04\/texas-ley-contra-migrantes-150x150.png 150w, https:\/\/soymigrante.com\/revista\/wp-content\/uploads\/2026\/04\/texas-ley-contra-migrantes-768x768.png 768w, https:\/\/soymigrante.com\/revista\/wp-content\/uploads\/2026\/04\/texas-ley-contra-migrantes-75x75.png 75w, https:\/\/soymigrante.com\/revista\/wp-content\/uploads\/2026\/04\/texas-ley-contra-migrantes-750x750.png 750w, https:\/\/soymigrante.com\/revista\/wp-content\/uploads\/2026\/04\/texas-ley-contra-migrantes-1140x1140.png 1140w\" sizes=\"(max-width: 1254px) 100vw, 1254px\" \/>\t\t\t\t<\/a>\n\t\t\t<\/div>\n        \n                <div class=\"post-grid-text-wrap\">\n               \t\t\t\t<h3 class=\"title\">\n\t\t\t<a href=\"https:\/\/soymigrante.com\/revista\/corte-reactiva-ley-antimigrante-sb4-de-texas-policia-estatal-podria-capturar-a-indocumentados\/\">Corte reactiva ley antimigrante SB4 de Texas: polic\u00eda estatal podr\u00eda capturar a indocumentados<\/a>\n\t\t<\/h3>\n\t\t\t                \t\t<div class=\"post-grid-meta\">\n\t\t\t\n\t\t\t\t<span class=\"post-date\"><time datetime=\"2026-04-27T14:19:28-06:00\">27\/04\/2026<\/time><\/span>\n\n\t\t\t\t\n\t\t\t\t<span class=\"post-comments\">No hay comentarios<\/span>\n\n\t\t\t\t\t\t<\/div>\n\t\t\t                \t                \t\t<a class=\"read-more-btn\" href=\"https:\/\/soymigrante.com\/revista\/corte-reactiva-ley-antimigrante-sb4-de-texas-policia-estatal-podria-capturar-a-indocumentados\/\">Read More \u00bb<\/a>\n\t\t                <\/div>\n\n            <\/div><!-- .blog-inner -->\n           \n        <\/article>\n\n        \n        <article id=\"post-55507\" class=\"wpcap-post post-55507 post type-post status-publish format-standard has-post-thumbnail hentry category-estamos-unidos\">\n         \n            <div class=\"post-grid-inner\">\n            \t\n            \t\t\t\t<div class=\"post-grid-thumbnail\">\n\t\t\t\t<a href=\"https:\/\/soymigrante.com\/revista\/miss-gualan-usa-coronacion-imprevisto-guatemaltecos-en-estados-unidos-union-abril-2026\/\">\n\t\t\t\t\t<img loading=\"lazy\" decoding=\"async\" width=\"592\" height=\"592\" src=\"https:\/\/soymigrante.com\/revista\/wp-content\/uploads\/2026\/04\/guatemaltecos-en-Estados-Unidos-miss-gualan-USA-coronacion-5.jpg\" class=\"attachment-full size-full wp-post-image\" alt=\"guatemaltecos en Estados Unidos miss gualan USA coronacion 5\" srcset=\"https:\/\/soymigrante.com\/revista\/wp-content\/uploads\/2026\/04\/guatemaltecos-en-Estados-Unidos-miss-gualan-USA-coronacion-5.jpg 592w, https:\/\/soymigrante.com\/revista\/wp-content\/uploads\/2026\/04\/guatemaltecos-en-Estados-Unidos-miss-gualan-USA-coronacion-5-300x300.jpg 300w, https:\/\/soymigrante.com\/revista\/wp-content\/uploads\/2026\/04\/guatemaltecos-en-Estados-Unidos-miss-gualan-USA-coronacion-5-150x150.jpg 150w, https:\/\/soymigrante.com\/revista\/wp-content\/uploads\/2026\/04\/guatemaltecos-en-Estados-Unidos-miss-gualan-USA-coronacion-5-75x75.jpg 75w\" sizes=\"(max-width: 592px) 100vw, 592px\" \/>\t\t\t\t<\/a>\n\t\t\t<\/div>\n        \n                <div class=\"post-grid-text-wrap\">\n               \t\t\t\t<h3 class=\"title\">\n\t\t\t<a href=\"https:\/\/soymigrante.com\/revista\/miss-gualan-usa-coronacion-imprevisto-guatemaltecos-en-estados-unidos-union-abril-2026\/\">Un imprevisto en la coronaci\u00f3n de Miss Gualan U.S.A. 2026 en Los Angeles hizo brillar la uni\u00f3n guatemalteca<\/a>\n\t\t<\/h3>\n\t\t\t                \t\t<div class=\"post-grid-meta\">\n\t\t\t\n\t\t\t\t<span class=\"post-date\"><time datetime=\"2026-04-27T12:59:46-06:00\">27\/04\/2026<\/time><\/span>\n\n\t\t\t\t\n\t\t\t\t<span class=\"post-comments\">No hay comentarios<\/span>\n\n\t\t\t\t\t\t<\/div>\n\t\t\t                \t                \t\t<a class=\"read-more-btn\" href=\"https:\/\/soymigrante.com\/revista\/miss-gualan-usa-coronacion-imprevisto-guatemaltecos-en-estados-unidos-union-abril-2026\/\">Read More \u00bb<\/a>\n\t\t                <\/div>\n\n            <\/div><!-- .blog-inner -->\n           \n        <\/article>\n\n        \n        <article id=\"post-55481\" class=\"wpcap-post post-55481 post type-post status-publish format-standard has-post-thumbnail hentry category-exitos category-guatemala\">\n         \n            <div class=\"post-grid-inner\">\n            \t\n            \t\t\t\t<div class=\"post-grid-thumbnail\">\n\t\t\t\t<a href=\"https:\/\/soymigrante.com\/revista\/santos-poroj-escritor-migrante-de-san-andres-xecul-publica-su-segundo-libro-en-california-y-con-dos-portadas\/\">\n\t\t\t\t\t<img loading=\"lazy\" decoding=\"async\" width=\"1200\" height=\"1200\" src=\"https:\/\/soymigrante.com\/revista\/wp-content\/uploads\/2026\/04\/migrante-guatemalteco-santos-poroj-en-san-rafael-california-originario-de-san-andres-xecul.png\" class=\"attachment-full size-full wp-post-image\" alt=\"Young man in a black jacket holds up two illustrated brochures in front of a colorful mural background.\" srcset=\"https:\/\/soymigrante.com\/revista\/wp-content\/uploads\/2026\/04\/migrante-guatemalteco-santos-poroj-en-san-rafael-california-originario-de-san-andres-xecul.png 1200w, https:\/\/soymigrante.com\/revista\/wp-content\/uploads\/2026\/04\/migrante-guatemalteco-santos-poroj-en-san-rafael-california-originario-de-san-andres-xecul-300x300.png 300w, https:\/\/soymigrante.com\/revista\/wp-content\/uploads\/2026\/04\/migrante-guatemalteco-santos-poroj-en-san-rafael-california-originario-de-san-andres-xecul-1024x1024.png 1024w, https:\/\/soymigrante.com\/revista\/wp-content\/uploads\/2026\/04\/migrante-guatemalteco-santos-poroj-en-san-rafael-california-originario-de-san-andres-xecul-150x150.png 150w, https:\/\/soymigrante.com\/revista\/wp-content\/uploads\/2026\/04\/migrante-guatemalteco-santos-poroj-en-san-rafael-california-originario-de-san-andres-xecul-768x768.png 768w, https:\/\/soymigrante.com\/revista\/wp-content\/uploads\/2026\/04\/migrante-guatemalteco-santos-poroj-en-san-rafael-california-originario-de-san-andres-xecul-75x75.png 75w, https:\/\/soymigrante.com\/revista\/wp-content\/uploads\/2026\/04\/migrante-guatemalteco-santos-poroj-en-san-rafael-california-originario-de-san-andres-xecul-750x750.png 750w, https:\/\/soymigrante.com\/revista\/wp-content\/uploads\/2026\/04\/migrante-guatemalteco-santos-poroj-en-san-rafael-california-originario-de-san-andres-xecul-1140x1140.png 1140w\" sizes=\"(max-width: 1200px) 100vw, 1200px\" \/>\t\t\t\t<\/a>\n\t\t\t<\/div>\n        \n                <div class=\"post-grid-text-wrap\">\n               \t\t\t\t<h3 class=\"title\">\n\t\t\t<a href=\"https:\/\/soymigrante.com\/revista\/santos-poroj-escritor-migrante-de-san-andres-xecul-publica-su-segundo-libro-en-california-y-con-dos-portadas\/\">Santos Poroj, escritor migrante de San Andr\u00e9s Xecul, publica su segundo libro en California (y con dos portadas)<\/a>\n\t\t<\/h3>\n\t\t\t                \t\t<div class=\"post-grid-meta\">\n\t\t\t\n\t\t\t\t<span class=\"post-date\"><time datetime=\"2026-04-27T08:40:10-06:00\">27\/04\/2026<\/time><\/span>\n\n\t\t\t\t\n\t\t\t\t<span class=\"post-comments\">No hay comentarios<\/span>\n\n\t\t\t\t\t\t<\/div>\n\t\t\t                \t                \t\t<a class=\"read-more-btn\" href=\"https:\/\/soymigrante.com\/revista\/santos-poroj-escritor-migrante-de-san-andres-xecul-publica-su-segundo-libro-en-california-y-con-dos-portadas\/\">Read More \u00bb<\/a>\n\t\t                <\/div>\n\n            <\/div><!-- .blog-inner -->\n           \n        <\/article>\n\n        \n\t\t\t<\/div>\n\t\t<\/div>\n\t\t\t\t\t\t<\/div>\n\t\t\t\t<\/div>\n\t\t\t\t\t<\/div>\n\t\t\t\t<\/div>\n\t\t\t\t<\/div>\n\t\t","protected":false},"excerpt":{"rendered":"<p>Algunos investigadores pensaban que el origen de del ma\u00edz estaba fuera del continente americano, pero estaba en Guatemala, en Huehuetenango y ahora se come en todo el mundo. El ma\u00edz es el principal cultivo y con la mayor superficie de siembra del pa\u00eds; es la base de la seguridad alimentaria, por ello en el a\u00f1o [&hellip;]<\/p>\n","protected":false},"author":19,"featured_media":7685,"comment_status":"open","ping_status":"open","sticky":false,"template":"","format":"standard","meta":{"_acf_changed":false,"_eb_attr":"","footnotes":""},"categories":[55],"tags":[],"class_list":["post-7680","post","type-post","status-publish","format-standard","has-post-thumbnail","hentry","category-bienestar"],"acf":[],"aioseo_notices":[],"aioseo_head":"\n\t\t<!-- All in One SEO Pro 4.9.6.2 - aioseo.com -->\n\t<meta name=\"description\" content=\"Joven escritor migrante Santos Poroj descubri\u00f3 su inspiraci\u00f3n al estudiar High School en San Rafael, California. Su segundo libro tiene dos portadas \u00bfPor qu\u00e9?\" \/>\n\t<meta name=\"robots\" content=\"max-snippet:-1, max-image-preview:large, max-video-preview:-1\" \/>\n\t<meta name=\"author\" content=\"Gustavo Montenegro\"\/>\n\t<link rel=\"canonical\" href=\"https:\/\/soymigrante.com\/revista\/santos-poroj-escritor-migrante-de-san-andres-xecul-publica-su-segundo-libro-en-california-y-con-dos-portadas\/\" \/>\n\t<meta name=\"generator\" content=\"All in One SEO Pro (AIOSEO) 4.9.6.2\" \/>\n\n\t\t<link rel=\"preconnect\" href=\"https:\/\/fonts.googleapis.com\" crossorigin>\n<link rel=\"preconnect\" href=\"https:\/\/fonts.gstatic.com\" crossorigin>\n\t\t<meta property=\"og:locale\" content=\"es_ES\" \/>\n\t\t<meta property=\"og:site_name\" content=\"SoyMigrante.com REVISTA \u2013 Nuestra misi\u00f3n es reconocer y dignificar al migrante.\" \/>\n\t\t<meta property=\"og:type\" content=\"article\" \/>\n\t\t<meta property=\"og:title\" content=\"Lanza libros en California Santos Poroj de San Andr\u00e9s Xecul\" \/>\n\t\t<meta property=\"og:description\" content=\"Joven escritor migrante Santos Poroj descubri\u00f3 su inspiraci\u00f3n al estudiar High School en San Rafael, California. Su segundo libro tiene dos portadas \u00bfPor qu\u00e9?\" \/>\n\t\t<meta property=\"og:url\" content=\"https:\/\/soymigrante.com\/revista\/santos-poroj-escritor-migrante-de-san-andres-xecul-publica-su-segundo-libro-en-california-y-con-dos-portadas\/\" \/>\n\t\t<meta property=\"og:image\" content=\"https:\/\/soymigrante.com\/revista\/wp-content\/uploads\/2026\/04\/migrante-guatemalteco-santos-poroj-en-san-rafael-california-originario-de-san-andres-xecul.png\" \/>\n\t\t<meta property=\"og:image:secure_url\" content=\"https:\/\/soymigrante.com\/revista\/wp-content\/uploads\/2026\/04\/migrante-guatemalteco-santos-poroj-en-san-rafael-california-originario-de-san-andres-xecul.png\" \/>\n\t\t<meta property=\"og:image:width\" content=\"1200\" \/>\n\t\t<meta property=\"og:image:height\" content=\"1200\" \/>\n\t\t<meta property=\"article:published_time\" content=\"2026-04-27T14:40:10+00:00\" \/>\n\t\t<meta property=\"article:modified_time\" content=\"2026-04-27T19:50:06+00:00\" \/>\n\t\t<meta property=\"article:publisher\" content=\"https:\/\/www.facebook.com\/soymigrantecom\" \/>\n\t\t<meta name=\"twitter:card\" content=\"summary_large_image\" \/>\n\t\t<meta name=\"twitter:site\" content=\"@SoyMigrante_com\" \/>\n\t\t<meta name=\"twitter:title\" content=\"Lanza libros en California Santos Poroj de San Andr\u00e9s Xecul\" \/>\n\t\t<meta name=\"twitter:description\" content=\"Joven escritor migrante Santos Poroj descubri\u00f3 su inspiraci\u00f3n al estudiar High School en San Rafael, California. Su segundo libro tiene dos portadas \u00bfPor qu\u00e9?\" \/>\n\t\t<meta name=\"twitter:creator\" content=\"@SoyMigrante_com\" \/>\n\t\t<meta name=\"twitter:image\" content=\"https:\/\/soymigrante.com\/revista\/wp-content\/uploads\/2026\/04\/migrante-guatemalteco-santos-poroj-en-san-rafael-california-originario-de-san-andres-xecul.png\" \/>\n\t\t<!-- All in One SEO Pro -->\r\n\t\t<title>Lanza libros en California Santos Poroj de San Andr\u00e9s Xecul<\/title>\n\n","aioseo_head_json":{"title":"Lanza libros en California Santos Poroj de San Andr\u00e9s Xecul","description":"Joven escritor migrante Santos Poroj descubri\u00f3 su inspiraci\u00f3n al estudiar High School en San Rafael, California. Su segundo libro tiene dos portadas \u00bfPor qu\u00e9?","canonical_url":"https:\/\/soymigrante.com\/revista\/santos-poroj-escritor-migrante-de-san-andres-xecul-publica-su-segundo-libro-en-california-y-con-dos-portadas\/","robots":"max-snippet:-1, max-image-preview:large, max-video-preview:-1","keywords":"","webmasterTools":{"miscellaneous":"&lt;link rel=\"preconnect\" href=\"https:\/\/fonts.googleapis.com\" crossorigin&gt;\n&lt;link rel=\"preconnect\" href=\"https:\/\/fonts.gstatic.com\" crossorigin&gt;"},"schema":null,"og:locale":"es_ES","og:site_name":"SoyMigrante.com REVISTA \u2013 Nuestra misi\u00f3n es reconocer y dignificar al migrante.","og:type":"article","og:title":"Lanza libros en California Santos Poroj de San Andr\u00e9s Xecul","og:description":"Joven escritor migrante Santos Poroj descubri\u00f3 su inspiraci\u00f3n al estudiar High School en San Rafael, California. Su segundo libro tiene dos portadas \u00bfPor qu\u00e9?","og:url":"https:\/\/soymigrante.com\/revista\/santos-poroj-escritor-migrante-de-san-andres-xecul-publica-su-segundo-libro-en-california-y-con-dos-portadas\/","og:image":"https:\/\/soymigrante.com\/revista\/wp-content\/uploads\/2026\/04\/migrante-guatemalteco-santos-poroj-en-san-rafael-california-originario-de-san-andres-xecul.png","og:image:secure_url":"https:\/\/soymigrante.com\/revista\/wp-content\/uploads\/2026\/04\/migrante-guatemalteco-santos-poroj-en-san-rafael-california-originario-de-san-andres-xecul.png","og:image:width":1200,"og:image:height":1200,"article:published_time":"2026-04-27T14:40:10+00:00","article:modified_time":"2026-04-27T19:50:06+00:00","article:publisher":"https:\/\/www.facebook.com\/soymigrantecom","twitter:card":"summary_large_image","twitter:site":"@SoyMigrante_com","twitter:title":"Lanza libros en California Santos Poroj de San Andr\u00e9s Xecul","twitter:description":"Joven escritor migrante Santos Poroj descubri\u00f3 su inspiraci\u00f3n al estudiar High School en San Rafael, California. Su segundo libro tiene dos portadas \u00bfPor qu\u00e9?","twitter:creator":"@SoyMigrante_com","twitter:image":"https:\/\/soymigrante.com\/revista\/wp-content\/uploads\/2026\/04\/migrante-guatemalteco-santos-poroj-en-san-rafael-california-originario-de-san-andres-xecul.png"},"aioseo_meta_data":{"post_id":"7680","title":null,"description":"A\u00fan hay pol\u00e9mica, pero seg\u00fan estudios recientes, Paxil, el cerro donde se origin\u00f3 el ma\u00edz, se encuentra en el actual Huehuetenango. Te damos detalles.","keywords":null,"keyphrases":{"focus":{"keyphrase":"ma\u00edz","score":78,"analysis":{"keyphraseInTitle":{"score":9,"maxScore":9,"error":0},"keyphraseInDescription":{"score":9,"maxScore":9,"error":0},"keyphraseLength":{"score":9,"maxScore":9,"error":0,"length":2},"keyphraseInURL":{"score":5,"maxScore":5,"error":0},"keyphraseInIntroduction":{"score":9,"maxScore":9,"error":0},"keyphraseInSubHeadings":{"score":3,"maxScore":9,"error":1},"keyphraseInImageAlt":{"score":9,"maxScore":9,"error":0},"keywordDensity":{"type":"high","score":0,"maxScore":9,"error":1}}},"additional":[{"keyphrase":"ma\u00edz","score":80,"analysis":{"keyphraseInDescription":{"score":9,"maxScore":9,"error":0},"keyphraseLength":{"score":9,"maxScore":9,"error":0,"length":2},"keyphraseInIntroduction":{"score":9,"maxScore":9,"error":0},"keyphraseInImageAlt":{"score":9,"maxScore":9,"error":0},"keywordDensity":{"type":"high","score":0,"maxScore":9,"error":1}}},{"keyphrase":"Origen del ma\u00edz","score":73,"analysis":{"keyphraseInDescription":{"score":3,"maxScore":9,"error":1},"keyphraseLength":{"score":9,"maxScore":9,"error":0,"length":4},"keyphraseInIntroduction":{"score":3,"maxScore":9,"error":1},"keyphraseInImageAlt":{"score":9,"maxScore":9,"error":0},"keywordDensity":{"type":"best","score":9,"maxScore":9,"error":0}}}]},"primary_term":null,"canonical_url":null,"og_title":null,"og_description":null,"og_object_type":"default","og_image_type":"default","og_image_url":null,"og_image_width":null,"og_image_height":null,"og_image_custom_url":null,"og_image_custom_fields":null,"og_video":"","og_custom_url":null,"og_article_section":null,"og_article_tags":null,"twitter_use_og":false,"twitter_card":"default","twitter_image_type":"default","twitter_image_url":null,"twitter_image_custom_url":null,"twitter_image_custom_fields":null,"twitter_title":null,"twitter_description":null,"schema":{"blockGraphs":[],"customGraphs":[],"default":{"data":{"Article":[],"Course":[],"Dataset":[],"FAQPage":[],"Movie":[],"Person":[],"Product":[],"ProductReview":[],"Car":[],"Recipe":[],"Service":[],"SoftwareApplication":[],"WebPage":[]},"graphName":"Article","isEnabled":true},"graphs":[]},"schema_type":"default","schema_type_options":null,"pillar_content":false,"robots_default":true,"robots_noindex":false,"robots_noarchive":false,"robots_nosnippet":false,"robots_nofollow":false,"robots_noimageindex":false,"robots_noodp":false,"robots_notranslate":false,"robots_max_snippet":"-1","robots_max_videopreview":"-1","robots_max_imagepreview":"large","priority":null,"frequency":"default","local_seo":null,"seo_analyzer_scan_date":"2025-10-08 22:36:14","breadcrumb_settings":null,"limit_modified_date":false,"reviewed_by":null,"open_ai":"{\"title\":{\"suggestions\":[],\"usage\":0},\"description\":{\"suggestions\":[],\"usage\":0}}","ai":null,"created":"2024-07-26 19:19:17","updated":"2026-02-04 12:39:48"},"aioseo_breadcrumb":"<div class=\"aioseo-breadcrumbs\"><span class=\"aioseo-breadcrumb\">\n\t<a href=\"https:\/\/soymigrante.com\/revista\" title=\"Home\">Home<\/a>\n<\/span><span class=\"aioseo-breadcrumb-separator\">\u00bb<\/span><span class=\"aioseo-breadcrumb\">\n\t<a href=\"https:\/\/soymigrante.com\/revista\/category\/bienestar\/\" title=\"Bienestar\">Bienestar<\/a>\n<\/span><span class=\"aioseo-breadcrumb-separator\">\u00bb<\/span><span class=\"aioseo-breadcrumb\">\n\t\u00bfCu\u00e1l es el origen del ma\u00edz? Este alimento es 100% guatemalteco\n<\/span><\/div>","aioseo_breadcrumb_json":[{"label":"Home","link":"https:\/\/soymigrante.com\/revista"},{"label":"Bienestar","link":"https:\/\/soymigrante.com\/revista\/category\/bienestar\/"},{"label":"\u00bfCu\u00e1l es el origen del ma\u00edz? Este alimento es 100% guatemalteco","link":"https:\/\/soymigrante.com\/revista\/cual-es-el-origen-del-maiz-este-alimento-es-100-guatemalteco\/"}],"_links":{"self":[{"href":"https:\/\/soymigrante.com\/revista\/wp-json\/wp\/v2\/posts\/7680","targetHints":{"allow":["GET"]}}],"collection":[{"href":"https:\/\/soymigrante.com\/revista\/wp-json\/wp\/v2\/posts"}],"about":[{"href":"https:\/\/soymigrante.com\/revista\/wp-json\/wp\/v2\/types\/post"}],"author":[{"embeddable":true,"href":"https:\/\/soymigrante.com\/revista\/wp-json\/wp\/v2\/users\/19"}],"replies":[{"embeddable":true,"href":"https:\/\/soymigrante.com\/revista\/wp-json\/wp\/v2\/comments?post=7680"}],"version-history":[{"count":0,"href":"https:\/\/soymigrante.com\/revista\/wp-json\/wp\/v2\/posts\/7680\/revisions"}],"wp:featuredmedia":[{"embeddable":true,"href":"https:\/\/soymigrante.com\/revista\/wp-json\/wp\/v2\/media\/7685"}],"wp:attachment":[{"href":"https:\/\/soymigrante.com\/revista\/wp-json\/wp\/v2\/media?parent=7680"}],"wp:term":[{"taxonomy":"category","embeddable":true,"href":"https:\/\/soymigrante.com\/revista\/wp-json\/wp\/v2\/categories?post=7680"},{"taxonomy":"post_tag","embeddable":true,"href":"https:\/\/soymigrante.com\/revista\/wp-json\/wp\/v2\/tags?post=7680"}],"curies":[{"name":"wp","href":"https:\/\/api.w.org\/{rel}","templated":true}]}}