{"id":7649,"date":"2024-07-25T15:40:41","date_gmt":"2024-07-25T21:40:41","guid":{"rendered":"https:\/\/soymigrante.com\/revista\/?p=7649"},"modified":"2024-11-01T11:54:00","modified_gmt":"2024-11-01T17:54:00","slug":"brillan-pueblos-mayas-en-eleccion-de-rabin-ajau-y-festival-de-coban","status":"publish","type":"post","link":"https:\/\/soymigrante.com\/revista\/brillan-pueblos-mayas-en-eleccion-de-rabin-ajau-y-festival-de-coban\/","title":{"rendered":"Brillan pueblos mayas en elecci\u00f3n de Rab\u00edn Ajau y Festival de Cob\u00e1n"},"content":{"rendered":"\t\t<div data-elementor-type=\"wp-post\" data-elementor-id=\"7649\" class=\"elementor elementor-7649\" data-elementor-post-type=\"post\">\n\t\t\t\t<div data-particle_enable=\"false\" data-particle-mobile-disabled=\"false\" class=\"elementor-element elementor-element-fa6ff0d e-flex e-con-boxed e-con e-parent\" data-id=\"fa6ff0d\" data-element_type=\"container\" data-e-type=\"container\">\n\t\t\t\t\t<div class=\"e-con-inner\">\n\t\t\t\t<div class=\"elementor-element elementor-element-abecec7 elementor-widget elementor-widget-heading\" data-id=\"abecec7\" data-element_type=\"widget\" data-e-type=\"widget\" data-widget_type=\"heading.default\">\n\t\t\t\t\t<h2 class=\"elementor-heading-title elementor-size-default\"><span style=\"font-size: 31.2px\">Desde 1969 se celebra en Cob\u00e1n, Alta Verapaz, la elecci\u00f3n de Rab\u00edn Ajau, Hija del Rey, entre j\u00f3venes provenientes de comunidades mayas de toda Guatemala. Es una fiesta de identidades con danzas, indumentaria tradicional y ritos ancestrales. Este a\u00f1o hay 114 participantes\n<\/span><div><br><\/div><\/h2>\t\t\t\t<\/div>\n\t\t\t\t\t<\/div>\n\t\t\t\t<\/div>\n\t\t<div data-particle_enable=\"false\" data-particle-mobile-disabled=\"false\" class=\"elementor-element elementor-element-1a2f2f4 e-flex e-con-boxed e-con e-parent\" data-id=\"1a2f2f4\" data-element_type=\"container\" data-e-type=\"container\">\n\t\t\t\t\t<div class=\"e-con-inner\">\n\t\t\t\t<div class=\"elementor-element elementor-element-74abf6f elementor-widget elementor-widget-text-editor\" data-id=\"74abf6f\" data-element_type=\"widget\" data-e-type=\"widget\" data-widget_type=\"text-editor.default\">\n\t\t\t\t\t\t\t\t\tLa elecci\u00f3n de Rab&#8217;in Ajau en Cob\u00e1n Alta Verapaz es un certamen de \u00fanico en el mundo. Re\u00fane a candidatas provenientes de comunidades mayas de toda Guatemala, est\u00e1 rodeado de danzas y solemnes ceremonias tradicionales, promueve la valoraci\u00f3n del idioma, la indumentaria y la cosmovisi\u00f3n maya, valora no solo la belleza f\u00edsica, sino las ideas, la inteligencia, el liderazgo y la valoraci\u00f3n de la identidad cultural.\n\nEl Festival Folkl\u00f3rico Nacional surgi\u00f3 en 1969, por iniciativa de un maestro Marco Aurelio Alonzo, quien propuso este evento para abrir las conmemoraciones patronales de Cob\u00e1n (4 de agosto). Por eso se celebra en el \u00faltimo s\u00e1bado de julio. Este a\u00f1o ser\u00e1 el s\u00e1bado 27 pr\u00f3ximo, por lo cual ya hay actividades con danzas, indumentaria tradicional y m\u00fasica ancestral. \t\t\t\t\t\t\t\t<\/div>\n\t\t\t\t\t<\/div>\n\t\t\t\t<\/div>\n\t\t<div data-particle_enable=\"false\" data-particle-mobile-disabled=\"false\" class=\"elementor-element elementor-element-f31b1ff e-flex e-con-boxed e-con e-parent\" data-id=\"f31b1ff\" data-element_type=\"container\" data-e-type=\"container\">\n\t\t\t\t\t<div class=\"e-con-inner\">\n\t\t\t\t<div class=\"elementor-element elementor-element-ccdb4e8 elementor-widget elementor-widget-image\" data-id=\"ccdb4e8\" data-element_type=\"widget\" data-e-type=\"widget\" data-widget_type=\"image.default\">\n\t\t\t\t\t\t\t\t\t\t\t\t<figure class=\"wp-caption\">\n\t\t\t\t\t\t\t\t\t\t\t<a href=\"http:\/\/Las%20114%20j\u00f3venes%20guatemaltecas%20%20que%20participan%20en%20la%20elecci\u00f3n%202024.%20Cada%20una%20representa%20a%20un%20municipio%20de%20Guatemala.%20Junto%20a%20ellas%20est\u00e1%20la%20Rabin%20Ajau%20saliente,%20%20Marleny%20Miranda%20Toyom%20Canastuj%20de%20Tptonicap\u00e1n.%20%20Est\u00e1n%20reunidas%20en%20el%20emblem\u00e1tico%20Calvario%20de%20Cob\u00e1n,%20Alta%20Verapaz.%20(Fotograf\u00eda%20Angel%20Mart\u00edn%20Tax-Noticias%20La%20Esfinge)\">\n\t\t\t\t\t\t\t<img fetchpriority=\"high\" decoding=\"async\" width=\"1024\" height=\"771\" src=\"https:\/\/soymigrante.com\/revista\/wp-content\/uploads\/2024\/07\/candidatas-rabin-ajau-1024x771.webp\" class=\"attachment-large size-large wp-image-7654\" alt=\"Colorido grupo de mujeres ind\u00edgenas en trajes tradicionales posando en la escalinata de una iglesia colonial, destacando la cultura y tradiciones mexicanas en un evento comunitario.\" srcset=\"https:\/\/soymigrante.com\/revista\/wp-content\/uploads\/2024\/07\/candidatas-rabin-ajau-1024x771.webp 1024w, https:\/\/soymigrante.com\/revista\/wp-content\/uploads\/2024\/07\/candidatas-rabin-ajau-300x226.webp 300w, https:\/\/soymigrante.com\/revista\/wp-content\/uploads\/2024\/07\/candidatas-rabin-ajau-768x578.webp 768w, https:\/\/soymigrante.com\/revista\/wp-content\/uploads\/2024\/07\/candidatas-rabin-ajau-1536x1156.webp 1536w, https:\/\/soymigrante.com\/revista\/wp-content\/uploads\/2024\/07\/candidatas-rabin-ajau-750x564.webp 750w, https:\/\/soymigrante.com\/revista\/wp-content\/uploads\/2024\/07\/candidatas-rabin-ajau-1140x858.webp 1140w, https:\/\/soymigrante.com\/revista\/wp-content\/uploads\/2024\/07\/candidatas-rabin-ajau.webp 1600w\" sizes=\"(max-width: 1024px) 100vw, 1024px\" title=\"Las 114 j\u00f3venes guatemaltecas  que participan en la elecci\u00f3n 2024. Cada una representa a un municipio de Guatemala. Junto a ellas est\u00e1 la Rabin Ajau saliente,  Marleny Miranda Toyom Canastuj de Tptonicap\u00e1n.  Est\u00e1n reunidas en el emblem\u00e1tico Calvario de Cob\u00e1n, Alta Verapaz. (Fotograf\u00eda Angel Mart\u00edn Tax-Noticias La Esfinge) \u2013 SoyMigrante.com REVISTA\" \/>\t\t\t\t\t\t\t\t<\/a>\n\t\t\t\t\t\t\t\t\t\t\t<figcaption class=\"widget-image-caption wp-caption-text\">Mujeres ind\u00edgenas con vestimenta tradicional en un evento cultural en una iglesia colonial en M\u00e9xico.<\/figcaption>\n\t\t\t\t\t\t\t\t\t\t<\/figure>\n\t\t\t\t\t\t\t\t\t<\/div>\n\t\t\t\t\t<\/div>\n\t\t\t\t<\/div>\n\t\t<div data-particle_enable=\"false\" data-particle-mobile-disabled=\"false\" class=\"elementor-element elementor-element-e98023a e-flex e-con-boxed e-con e-parent\" data-id=\"e98023a\" data-element_type=\"container\" data-e-type=\"container\">\n\t\t\t\t\t<div class=\"e-con-inner\">\n\t\t\t\t<div class=\"elementor-element elementor-element-1181523 elementor-widget elementor-widget-heading\" data-id=\"1181523\" data-element_type=\"widget\" data-e-type=\"widget\" data-widget_type=\"heading.default\">\n\t\t\t\t\t<h3 class=\"elementor-heading-title elementor-size-default\">Todo listo para la velada de elecci\u00f3n el s\u00e1bado 27<\/h3>\t\t\t\t<\/div>\n\t\t\t\t\t<\/div>\n\t\t\t\t<\/div>\n\t\t<div data-particle_enable=\"false\" data-particle-mobile-disabled=\"false\" class=\"elementor-element elementor-element-ce6ffb9 e-flex e-con-boxed e-con e-parent\" data-id=\"ce6ffb9\" data-element_type=\"container\" data-e-type=\"container\">\n\t\t\t\t\t<div class=\"e-con-inner\">\n\t\t\t\t<div class=\"elementor-element elementor-element-45c8013 elementor-widget elementor-widget-text-editor\" data-id=\"45c8013\" data-element_type=\"widget\" data-e-type=\"widget\" data-widget_type=\"text-editor.default\">\n\t\t\t\t\t\t\t\t\t<p>Seg\u00fan el periodista Angel Martin Tax, para el certamen 2024 ya hay inscritas 114 participantes de igual n\u00famero de municipios. La tradicional fotograf\u00eda conmemorativa en compa\u00f1\u00eda de la Rabin Ajau saliente, Marleny Miranda Toyom Canastuj, se efectu\u00f3 en el templo Chi Ixim, de Tactic Alta Verapaz.<\/p><p><span style=\"color: var( --e-global-color-text ); text-align: var(--text-align);\">Todas las participantes lucen sus indumentarias tradicionales en las actividades previas y durante la velada de elecci\u00f3n en el Gimnasio de Cob\u00e1n, estar\u00e1n ataviadas con los trajes ceremoniales. El reciento suele estar abarrotado.<\/span><\/p><p>Adem\u00e1s del desfile ceremonial inicial, cada participante debe dar un breve discurso en su idioma maya materno y en espa\u00f1ol. El acto principal de elecci\u00f3n est\u00e1 previsto para arrancar a las 4 de la tarde. A base de la calificaci\u00f3n de todos los discursos, los jueces eligen a 13 finalistas entre las cuales se designa a la nueva Rab&#8217;in Aj&#8217;au.<\/p><p>La Rab&#8217;in Ajau 2023 es Madelyn Miranda Toyom Canastuj quien le entregar\u00e1 a su sucesora la corna hecha de plata y adornada con tres largas plumas de quetzal, ave nacional de Guatemala.<\/p><div>\u00a0<\/div>\t\t\t\t\t\t\t\t<\/div>\n\t\t\t\t\t<\/div>\n\t\t\t\t<\/div>\n\t\t<div data-particle_enable=\"false\" data-particle-mobile-disabled=\"false\" class=\"elementor-element elementor-element-7cd2777 e-flex e-con-boxed e-con e-parent\" data-id=\"7cd2777\" data-element_type=\"container\" data-e-type=\"container\">\n\t\t\t\t\t<div class=\"e-con-inner\">\n\t\t\t\t<div class=\"elementor-element elementor-element-1888af8 elementor-widget elementor-widget-facebook-embed\" data-id=\"1888af8\" data-element_type=\"widget\" data-e-type=\"widget\" data-widget_type=\"facebook-embed.default\">\n\t\t\t\t\t<div style=\"min-height: 1px\" class=\"elementor-facebook-widget fb-video\" data-href=\"https:\/\/www.facebook.com\/Municipalidaddecoban\/videos\/1494033074580958\" data-show-text=\"false\" data-allowfullscreen=\"false\" data-autoplay=\"false\" data-show-captions=\"false\"><\/div>\t\t\t\t<\/div>\n\t\t\t\t\t<\/div>\n\t\t\t\t<\/div>\n\t\t<div data-particle_enable=\"false\" data-particle-mobile-disabled=\"false\" class=\"elementor-element elementor-element-4e6228b e-flex e-con-boxed e-con e-parent\" data-id=\"4e6228b\" data-element_type=\"container\" data-e-type=\"container\">\n\t\t\t\t\t<div class=\"e-con-inner\">\n\t\t\t\t<div class=\"elementor-element elementor-element-2753e19 elementor-widget elementor-widget-heading\" data-id=\"2753e19\" data-element_type=\"widget\" data-e-type=\"widget\" data-widget_type=\"heading.default\">\n\t\t\t\t\t<h3 class=\"elementor-heading-title elementor-size-default\">Detalles de la participaci\u00f3n<\/h3>\t\t\t\t<\/div>\n\t\t\t\t\t<\/div>\n\t\t\t\t<\/div>\n\t\t<div data-particle_enable=\"false\" data-particle-mobile-disabled=\"false\" class=\"elementor-element elementor-element-86d9838 e-flex e-con-boxed e-con e-parent\" data-id=\"86d9838\" data-element_type=\"container\" data-e-type=\"container\">\n\t\t\t\t\t<div class=\"e-con-inner\">\n\t\t\t\t<div class=\"elementor-element elementor-element-c30be84 elementor-widget elementor-widget-text-editor\" data-id=\"c30be84\" data-element_type=\"widget\" data-e-type=\"widget\" data-widget_type=\"text-editor.default\">\n\t\t\t\t\t\t\t\t\t<p><span style=\"color: var( --e-global-color-text ); text-align: var(--text-align);\">En el certamen Rab\u00edn Ajau participan j\u00f3venes guatemaltecas hijas de padres mayas. No hay l\u00edmite de edad, pero usualmente tienen entre 17 y 24 a\u00f1os. Deben ser solteras y permanecer as\u00ed durante el a\u00f1o de reinado. Si ya particip\u00f3 una vez, no puede volver a participar. Tampoco debe tener parentesco alguno con ninguno de los organizadores.<\/span><\/p><p>La mayor\u00eda de ellas son elegidas en cert\u00e1menes de sus propias comunidades o bien designadas con base en sus m\u00e9ritos personales, educativos, de servicio comunitario.<\/p><p>La Rab&#8217;in Ajau se convierte en una representante de las comunidades mayas y su voz cobra fuerte relevancia. A menudo reivindican derechos, necesidades e injusticias.\u00a0<\/p><p>La Rab&#8217;in Ajau 2019, Dilcia Xol, de Santa Mar\u00eda Cahab\u00f3n, por ejemplo, cobr\u00f3 notoriedad al denunciar la tragedia de violencia contra mujeres y ni\u00f1as. Ella tuvo un reinado de dos a\u00f1os debido a la pandemia 2020 que oblig\u00f3 a suspender el Festival.<\/p><div>El certamen surgi\u00f3 en 1969, pero bajo un nombre distinto. En el inicio no hab\u00eda una corona, pero a partir de 1971 se us\u00f3 ya la de plata con plumas de quetzal, como s\u00edmbolo de realeza y esplendor maya.<\/div>\t\t\t\t\t\t\t\t<\/div>\n\t\t\t\t\t<\/div>\n\t\t\t\t<\/div>\n\t\t<div data-particle_enable=\"false\" data-particle-mobile-disabled=\"false\" class=\"elementor-element elementor-element-6ea4154 e-flex e-con-boxed e-con e-parent\" data-id=\"6ea4154\" data-element_type=\"container\" data-e-type=\"container\">\n\t\t\t\t\t<div class=\"e-con-inner\">\n\t\t\t\t<div class=\"elementor-element elementor-element-f5f433d elementor-arrows-position-inside elementor-pagination-position-outside elementor-widget elementor-widget-image-carousel\" data-id=\"f5f433d\" data-element_type=\"widget\" data-e-type=\"widget\" data-settings=\"{&quot;slides_to_show&quot;:&quot;1&quot;,&quot;navigation&quot;:&quot;both&quot;,&quot;autoplay&quot;:&quot;yes&quot;,&quot;pause_on_hover&quot;:&quot;yes&quot;,&quot;pause_on_interaction&quot;:&quot;yes&quot;,&quot;autoplay_speed&quot;:5000,&quot;infinite&quot;:&quot;yes&quot;,&quot;effect&quot;:&quot;slide&quot;,&quot;speed&quot;:500}\" data-widget_type=\"image-carousel.default\">\n\t\t\t\t\t\t\t<div class=\"elementor-image-carousel-wrapper swiper\" role=\"region\" aria-roledescription=\"carousel\" aria-label=\"Carrusel de im\u00e1genes\" dir=\"ltr\">\n\t\t\t<div class=\"elementor-image-carousel swiper-wrapper\" aria-live=\"off\">\n\t\t\t\t\t\t\t\t<div class=\"swiper-slide\" role=\"group\" aria-roledescription=\"slide\" aria-label=\"1 de 5\"><a data-elementor-open-lightbox=\"yes\" data-elementor-lightbox-slideshow=\"f5f433d\" data-elementor-lightbox-title=\"Recepci\u00f3n de inicio del certamen Rabin Ajau efectuada el mi\u00e9rcoles 24 de julio. Las participantes aparecen agrupadas por el departamento al que pertenecen: SAN MARCOS.  (Fotograf\u00edas cortes\u00eda de Angel Mart\u00edn Tax)\" data-elementor-lightbox-description=\"Recepci\u00f3n de inicio del certamen Rabin Ajau efectuada el mi\u00e9rcoles 24 de julio. Las participantes aparecen agrupadas por el departamento al que pertenecen: SAN MARCOS.  (Fotograf\u00edas cortes\u00eda de Angel Mart\u00edn Tax)\" data-e-action-hash=\"#elementor-action%3Aaction%3Dlightbox%26settings%3DeyJpZCI6NzY2MSwidXJsIjoiaHR0cHM6XC9cL3NveW1pZ3JhbnRlLmNvbVwvcmV2aXN0YVwvd3AtY29udGVudFwvdXBsb2Fkc1wvMjAyNFwvMDdcL0ltYWdlbi1kZS1XaGF0c0FwcC0yMDI0LTA3LTI0LWEtbGFzLTE1MjI0M18yNGRiNmE5NS53ZWJwIiwic2xpZGVzaG93IjoiZjVmNDMzZCJ9\" href=\"https:\/\/noticiaslaesfinge.blogspot.com\/2022\/07\/nombres-exactos-de-rabin-ajaw-1969-2022.html\"><figure class=\"swiper-slide-inner\"><img decoding=\"async\" class=\"swiper-slide-image\" src=\"https:\/\/soymigrante.com\/revista\/wp-content\/uploads\/2024\/07\/Imagen-de-WhatsApp-2024-07-24-a-las-152243_24db6a95-1024x771.webp\" alt=\"Ni\u00f1as ind\u00edgenas con trajes tradicionales en acto cultural, representando la diversidad y riqueza cultural de las comunidades originarias en la revista SoyMigrante.com REVISTA.\" \/><figcaption class=\"elementor-image-carousel-caption\">Ni\u00f1as con trajes tradicionales en celebraci\u00f3n cultural ind\u00edgena en M\u00e9xico, participaci\u00f3n en evento cultural, resaltando la vestimenta regional y costumbres ancestrales.<\/figcaption><\/figure><\/a><\/div><div class=\"swiper-slide\" role=\"group\" aria-roledescription=\"slide\" aria-label=\"2 de 5\"><a data-elementor-open-lightbox=\"yes\" data-elementor-lightbox-slideshow=\"f5f433d\" data-elementor-lightbox-title=\"Recepci\u00f3n de inicio del certamen Rabin Ajau efectuada el mi\u00e9rcoles 24 de julio. Las participantes aparecen agrupadas por el departamento al que pertenecen: QUETZALTENANGO (Fotograf\u00eda cortes\u00eda Angel Martin Tax)\" data-elementor-lightbox-description=\"Mujeres migrantes con trajes t\u00edpicos mexicanos en evento cultural, promoviendo identidad, cultura y ra\u00edces en comunidad latina.\" data-e-action-hash=\"#elementor-action%3Aaction%3Dlightbox%26settings%3DeyJpZCI6NzY2MCwidXJsIjoiaHR0cHM6XC9cL3NveW1pZ3JhbnRlLmNvbVwvcmV2aXN0YVwvd3AtY29udGVudFwvdXBsb2Fkc1wvMjAyNFwvMDdcL0ltYWdlbi1kZS1XaGF0c0FwcC0yMDI0LTA3LTI0LWEtbGFzLTE1MjM0NV8yMGNlNzA1OS53ZWJwIiwic2xpZGVzaG93IjoiZjVmNDMzZCJ9\" href=\"https:\/\/noticiaslaesfinge.blogspot.com\/2022\/07\/nombres-exactos-de-rabin-ajaw-1969-2022.html\"><figure class=\"swiper-slide-inner\"><img decoding=\"async\" class=\"swiper-slide-image\" src=\"https:\/\/soymigrante.com\/revista\/wp-content\/uploads\/2024\/07\/Imagen-de-WhatsApp-2024-07-24-a-las-152345_20ce7059-1024x771.webp\" alt=\"Tradiciones culturales de mujeres migrantes vestidas con trajes tradicionales, celebrando identidad y diversidad en evento comunitario.\" \/><figcaption class=\"elementor-image-carousel-caption\">Recepci\u00f3n de bienvenida del certamen Rabin Ajau efectuada el mi\u00e9rcoles 24 de julio. Las participantes aparecen agrupadas por el departamento al que pertenecen: QUETZALTENANGO (Fotograf\u00eda cortes\u00eda Angel Martin Tax)<\/figcaption><\/figure><\/a><\/div><div class=\"swiper-slide\" role=\"group\" aria-roledescription=\"slide\" aria-label=\"3 de 5\"><a data-elementor-open-lightbox=\"yes\" data-elementor-lightbox-slideshow=\"f5f433d\" data-elementor-lightbox-title=\"Recepci\u00f3n de inicio del certamen Rabin Ajau efectuada el mi\u00e9rcoles 24 de julio. Las participantes aparecen agrupadas por el departamento al que pertenecen: TOTONICAP\u00c1N (Fotograf\u00eda cortes\u00eda Angel Martin Tax)\" data-elementor-lightbox-description=\"Grupo de mujeres con vestimenta tradicional guatemalteca, trajes coloridos y accesorios culturales en evento de celebraci\u00f3n ind\u00edgena, mostrando su identidad y cultura.\" data-e-action-hash=\"#elementor-action%3Aaction%3Dlightbox%26settings%3DeyJpZCI6NzY1NywidXJsIjoiaHR0cHM6XC9cL3NveW1pZ3JhbnRlLmNvbVwvcmV2aXN0YVwvd3AtY29udGVudFwvdXBsb2Fkc1wvMjAyNFwvMDdcL0ltYWdlbi1kZS1XaGF0c0FwcC0yMDI0LTA3LTI0LWEtbGFzLTE1MjUyMF8wNGJlMmI5MC53ZWJwIiwic2xpZGVzaG93IjoiZjVmNDMzZCJ9\" href=\"https:\/\/noticiaslaesfinge.blogspot.com\/2022\/07\/nombres-exactos-de-rabin-ajaw-1969-2022.html\"><figure class=\"swiper-slide-inner\"><img decoding=\"async\" class=\"swiper-slide-image\" src=\"https:\/\/soymigrante.com\/revista\/wp-content\/uploads\/2024\/07\/Imagen-de-WhatsApp-2024-07-24-a-las-152520_04be2b90-1024x771.webp\" alt=\"Vestido tradicional ind\u00edgena de Guatemala, celebraci\u00f3n cultural, mujeres con trajes coloridos y accesorios \u00e9tnicos en evento cultural.\" \/><figcaption class=\"elementor-image-carousel-caption\">Mujeres ind\u00edgenas de Guatemala en trajes t\u00edpicos participando en evento cultural con vestimenta tradicional y adornos \u00e9tnicos.<\/figcaption><\/figure><\/a><\/div><div class=\"swiper-slide\" role=\"group\" aria-roledescription=\"slide\" aria-label=\"4 de 5\"><a data-elementor-open-lightbox=\"yes\" data-elementor-lightbox-slideshow=\"f5f433d\" data-elementor-lightbox-title=\"Recepci\u00f3n de inicio del certamen Rabin Ajau efectuada el mi\u00e9rcoles 24 de julio. Las participantes aparecen agrupadas por el departamento al que pertenecen: ALTA VERAPAZ (Fotograf\u00eda cortes\u00eda Angel Martin Tax)\" data-elementor-lightbox-description=\"Grupo de mujeres en vestimenta ind\u00edgena mexicana durante una ceremonia o festival cultural, en un entorno que destaca la importancia de rescatar y promover las tradiciones ancestrales de M\u00e9xico.\" data-e-action-hash=\"#elementor-action%3Aaction%3Dlightbox%26settings%3DeyJpZCI6NzY1NiwidXJsIjoiaHR0cHM6XC9cL3NveW1pZ3JhbnRlLmNvbVwvcmV2aXN0YVwvd3AtY29udGVudFwvdXBsb2Fkc1wvMjAyNFwvMDdcL0ltYWdlbi1kZS1XaGF0c0FwcC0yMDI0LTA3LTI0LWEtbGFzLTE1NDEwMV9iMDhhNDMyMi53ZWJwIiwic2xpZGVzaG93IjoiZjVmNDMzZCJ9\" href=\"https:\/\/noticiaslaesfinge.blogspot.com\/2022\/07\/nombres-exactos-de-rabin-ajaw-1969-2022.html\"><figure class=\"swiper-slide-inner\"><img decoding=\"async\" class=\"swiper-slide-image\" src=\"https:\/\/soymigrante.com\/revista\/wp-content\/uploads\/2024\/07\/Imagen-de-WhatsApp-2024-07-24-a-las-154101_b08a4322-1024x771.webp\" alt=\"Vestimenta tradicional ind\u00edgena mexicana para mujeres en evento cultural, destacando la riqueza de la cultura y tradiciones de M\u00e9xico, promoviendo integraci\u00f3n y orgullo cultural en la comunidad.\" \/><figcaption class=\"elementor-image-carousel-caption\">Foto de mujeres con ropa tradicional ind\u00edgena mexicana, participando en evento cultural, resaltando el orgullo y la preservaci\u00f3n de las tradiciones mexicanas.<\/figcaption><\/figure><\/a><\/div><div class=\"swiper-slide\" role=\"group\" aria-roledescription=\"slide\" aria-label=\"5 de 5\"><a data-elementor-open-lightbox=\"yes\" data-elementor-lightbox-slideshow=\"f5f433d\" data-elementor-lightbox-title=\"Recepci\u00f3n de inicio del certamen Rabin Ajau efectuada el mi\u00e9rcoles 24 de julio. Las participantes aparecen agrupadas por el departamento al que pertenecen: ALTA VERAPAZ (Fotograf\u00eda cortes\u00eda Angel Mart\u00edn Tax)\" data-elementor-lightbox-description=\"Una comunidad de mujeres y ni\u00f1as mexicanas en trajes tradicionales ind\u00edgenas, participando en un evento cultural para fortalecer su identidad y preservar su patrimonio en M\u00e9xico.\" data-e-action-hash=\"#elementor-action%3Aaction%3Dlightbox%26settings%3DeyJpZCI6NzY1OCwidXJsIjoiaHR0cHM6XC9cL3NveW1pZ3JhbnRlLmNvbVwvcmV2aXN0YVwvd3AtY29udGVudFwvdXBsb2Fkc1wvMjAyNFwvMDdcL0ltYWdlbi1kZS1XaGF0c0FwcC0yMDI0LTA3LTI0LWEtbGFzLTE1MjQyOV83OGU4NjFiOS53ZWJwIiwic2xpZGVzaG93IjoiZjVmNDMzZCJ9\" href=\"https:\/\/noticiaslaesfinge.blogspot.com\/2022\/07\/nombres-exactos-de-rabin-ajaw-1969-2022.html\"><figure class=\"swiper-slide-inner\"><img decoding=\"async\" class=\"swiper-slide-image\" src=\"https:\/\/soymigrante.com\/revista\/wp-content\/uploads\/2024\/07\/Imagen-de-WhatsApp-2024-07-24-a-las-152429_78e861b9-1024x771.webp\" alt=\"Diversas mujeres y ni\u00f1as mexicanas vestidas con trajes tradicionales ind\u00edgenas en una celebraci\u00f3n cultural, promoviendo identidad y patrimonio.\" \/><figcaption class=\"elementor-image-carousel-caption\">Mujeres mexicanas en trajes t\u00edpicos durante evento cultural en M\u00e9xico, resaltando el orgullo por las ra\u00edces ind\u00edgenas y tradiciones ancestrales.<\/figcaption><\/figure><\/a><\/div>\t\t\t<\/div>\n\t\t\t\t\t\t\t\t\t\t\t\t<div class=\"elementor-swiper-button elementor-swiper-button-prev\" role=\"button\" tabindex=\"0\">\n\t\t\t\t\t\t<i aria-hidden=\"true\" class=\"eicon-chevron-left\"><\/i>\t\t\t\t\t<\/div>\n\t\t\t\t\t<div class=\"elementor-swiper-button elementor-swiper-button-next\" role=\"button\" tabindex=\"0\">\n\t\t\t\t\t\t<i aria-hidden=\"true\" class=\"eicon-chevron-right\"><\/i>\t\t\t\t\t<\/div>\n\t\t\t\t\n\t\t\t\t\t\t\t\t\t<div class=\"swiper-pagination\"><\/div>\n\t\t\t\t\t\t\t\t\t<\/div>\n\t\t\t\t\t\t<\/div>\n\t\t\t\t\t<\/div>\n\t\t\t\t<\/div>\n\t\t<div data-particle_enable=\"false\" data-particle-mobile-disabled=\"false\" class=\"elementor-element elementor-element-83ab732 e-flex e-con-boxed e-con e-parent\" data-id=\"83ab732\" data-element_type=\"container\" data-e-type=\"container\">\n\t\t\t\t\t<div class=\"e-con-inner\">\n\t\t\t\t<div class=\"elementor-element elementor-element-e756ef1 elementor-widget elementor-widget-heading\" data-id=\"e756ef1\" data-element_type=\"widget\" data-e-type=\"widget\" data-widget_type=\"heading.default\">\n\t\t\t\t\t<h3 class=\"elementor-heading-title elementor-size-default\">Actividades previas a la coronaci\u00f3n<\/h3>\t\t\t\t<\/div>\n\t\t\t\t\t<\/div>\n\t\t\t\t<\/div>\n\t\t<div data-particle_enable=\"false\" data-particle-mobile-disabled=\"false\" class=\"elementor-element elementor-element-c0911e2 e-flex e-con-boxed e-con e-parent\" data-id=\"c0911e2\" data-element_type=\"container\" data-e-type=\"container\">\n\t\t\t\t\t<div class=\"e-con-inner\">\n\t\t\t\t<div class=\"elementor-element elementor-element-fc0933d elementor-widget elementor-widget-text-editor\" data-id=\"fc0933d\" data-element_type=\"widget\" data-e-type=\"widget\" data-widget_type=\"text-editor.default\">\n\t\t\t\t\t\t\t\t\t<p>El mi\u00e9rcoles 24 se desarrollaron las actividades de registro y bienvenida de candidatas y sus delegaciones.<\/p><p>En la ma\u00f1ana del jueves 25 se efectu\u00f3 una solemne ceremonia en El Calvario de Cob\u00e1n y luego la foto de protocolo con todas las participantes.\u00a0<\/p><p>Por la tarde se efect\u00faa un desfile de las candidatas y las delegaciones. Hay un acto de bienvenida oficial a todos los visitantes, con quema de juegos pirot\u00e9cnicos. Es una aut\u00e9ntica fiesta de tradici\u00f3n, color, cosmovisi\u00f3n maya y orgullo por la herencia ancestral. Una de las primeras danzas en presentarse es la <a href=\"https:\/\/soymigrante.com\/revista\/danza-guatemala-el-ancestral-baile-del-venado\/\">Danza del Venado<\/a><\/p><p>\u00a0<\/p>\t\t\t\t\t\t\t\t<\/div>\n\t\t\t\t\t<\/div>\n\t\t\t\t<\/div>\n\t\t<div data-particle_enable=\"false\" data-particle-mobile-disabled=\"false\" class=\"elementor-element elementor-element-6f4b921 e-flex e-con-boxed e-con e-parent\" data-id=\"6f4b921\" data-element_type=\"container\" data-e-type=\"container\">\n\t\t\t\t\t<div class=\"e-con-inner\">\n\t\t\t\t<div class=\"elementor-element elementor-element-ac5daef elementor-widget elementor-widget-heading\" data-id=\"ac5daef\" data-element_type=\"widget\" data-e-type=\"widget\" data-widget_type=\"heading.default\">\n\t\t\t\t\t<h4 class=\"elementor-heading-title elementor-size-default\"><a href=\"https:\/\/soymigrante.com\/revista\/danza-guatemala-el-ancestral-baile-del-venado\/\">Danza del Venado, en Cob\u00e1n, Alta Verapaz en el desfile de bienvenida este jueves 25 de julio<\/a><\/h4>\t\t\t\t<\/div>\n\t\t\t\t\t<\/div>\n\t\t\t\t<\/div>\n\t\t<div data-particle_enable=\"false\" data-particle-mobile-disabled=\"false\" class=\"elementor-element elementor-element-cb5b31b e-flex e-con-boxed e-con e-parent\" data-id=\"cb5b31b\" data-element_type=\"container\" data-e-type=\"container\">\n\t\t\t\t\t<div class=\"e-con-inner\">\n\t\t\t\t<div class=\"elementor-element elementor-element-3186f6a elementor-widget elementor-widget-facebook-embed\" data-id=\"3186f6a\" data-element_type=\"widget\" data-e-type=\"widget\" data-widget_type=\"facebook-embed.default\">\n\t\t\t\t\t<div style=\"min-height: 1px\" class=\"elementor-facebook-widget fb-video\" data-href=\"https:\/\/www.facebook.com\/soymigrantecom\/videos\/496441949535547\" data-show-text=\"false\" data-allowfullscreen=\"false\" data-autoplay=\"false\" data-show-captions=\"false\"><\/div>\t\t\t\t<\/div>\n\t\t\t\t\t<\/div>\n\t\t\t\t<\/div>\n\t\t<div data-particle_enable=\"false\" data-particle-mobile-disabled=\"false\" class=\"elementor-element elementor-element-9652f2a e-flex e-con-boxed e-con e-parent\" data-id=\"9652f2a\" data-element_type=\"container\" data-e-type=\"container\">\n\t\t\t\t\t<div class=\"e-con-inner\">\n\t\t\t\t<div class=\"elementor-element elementor-element-004ce14 elementor-widget elementor-widget-heading\" data-id=\"004ce14\" data-element_type=\"widget\" data-e-type=\"widget\" data-widget_type=\"heading.default\">\n\t\t\t\t\t<h3 class=\"elementor-heading-title elementor-size-default\">Sigue la fiesta hasta la coronaci\u00f3n de Rab\u00edn Ajau<\/h3>\t\t\t\t<\/div>\n\t\t\t\t\t<\/div>\n\t\t\t\t<\/div>\n\t\t<div data-particle_enable=\"false\" data-particle-mobile-disabled=\"false\" class=\"elementor-element elementor-element-d19a193 e-flex e-con-boxed e-con e-parent\" data-id=\"d19a193\" data-element_type=\"container\" data-e-type=\"container\">\n\t\t\t\t\t<div class=\"e-con-inner\">\n\t\t\t\t<div class=\"elementor-element elementor-element-362883e elementor-widget elementor-widget-text-editor\" data-id=\"362883e\" data-element_type=\"widget\" data-e-type=\"widget\" data-widget_type=\"text-editor.default\">\n\t\t\t\t\t\t\t\t\t<p>\u00a0<\/p><p>El Viernes 26, de 16 a 15 horas en la<b> Tribuna Monja Blanca, <\/b>se efect\u00faan las rondas de expresi\u00f3n de todas las candidatas, en dos grupos. Uno de 10 a 13 horas y la otra a partir de las 14 horas.\u00a0<\/p><p>Cada participante expone un mensaje sobre un tema de proyeci\u00f3n social, electo por ella misma. Esto forma parte de la calificaci\u00f3n del jurado.\u00a0<span style=\"color: var( --e-global-color-text ); text-align: var(--text-align);\">A las 15 horas, hay bailes tradicionales de cada departamento.<\/span><\/p><p>El s\u00e1bado 27 de julio, la ceremonia de elecci\u00f3n, pasarela de participantes y coronaci\u00f3n, comienza a partir de las 16 horas en la Tribuna Monja Blanca.\u00a0 Se trata de un verdadero mosaico de identidades culturales, expresiones de hermandad y valoraci\u00f3n de las ra\u00edces mayas guatemaltecas. Al final de la velada se corona a la nueva Rabin Ajau 2024.<\/p><p>El domingo 28 de julio a las 7.30 horas hay una misa de acci\u00f3n de gracias en la Catedral de Cob\u00e1n.<\/p>\t\t\t\t\t\t\t\t<\/div>\n\t\t\t\t\t<\/div>\n\t\t\t\t<\/div>\n\t\t<div data-particle_enable=\"false\" data-particle-mobile-disabled=\"false\" class=\"elementor-element elementor-element-f97e6ab e-flex e-con-boxed e-con e-parent\" data-id=\"f97e6ab\" data-element_type=\"container\" data-e-type=\"container\">\n\t\t\t\t\t<div class=\"e-con-inner\">\n\t\t\t\t<div class=\"elementor-element elementor-element-86820bb elementor-widget elementor-widget-image\" data-id=\"86820bb\" data-element_type=\"widget\" data-e-type=\"widget\" data-widget_type=\"image.default\">\n\t\t\t\t\t\t\t\t\t\t\t\t<figure class=\"wp-caption\">\n\t\t\t\t\t\t\t\t\t\t<img decoding=\"async\" width=\"611\" height=\"611\" src=\"https:\/\/soymigrante.com\/revista\/wp-content\/uploads\/2024\/07\/rabin-ajau-coban-1.webp\" class=\"attachment-large size-large wp-image-7663\" alt=\"Cachucha de carnaval con plumas verdes y decoraciones plateadas, inspirada en cultura mexicana y festivales tradicionales. Ideal para celebraciones culturales y eventos carnavalescos.\" srcset=\"https:\/\/soymigrante.com\/revista\/wp-content\/uploads\/2024\/07\/rabin-ajau-coban-1.webp 611w, https:\/\/soymigrante.com\/revista\/wp-content\/uploads\/2024\/07\/rabin-ajau-coban-1-300x300.webp 300w, https:\/\/soymigrante.com\/revista\/wp-content\/uploads\/2024\/07\/rabin-ajau-coban-1-150x150.webp 150w, https:\/\/soymigrante.com\/revista\/wp-content\/uploads\/2024\/07\/rabin-ajau-coban-1-75x75.webp 75w\" sizes=\"(max-width: 611px) 100vw, 611px\" title=\"La corona de la Rab\u00edn Ajau es de plata, con incrustaciones de jade y tres plumas de quetzal. \u2013 SoyMigrante.com REVISTA\" \/>\t\t\t\t\t\t\t\t\t\t\t<figcaption class=\"widget-image-caption wp-caption-text\">Cachucha tradicional de carnaval con plumas verdes y detalles plateados, perfecta para festivales culturales y disfraces en celebraciones tradicionales mexicanas.<\/figcaption>\n\t\t\t\t\t\t\t\t\t\t<\/figure>\n\t\t\t\t\t\t\t\t\t<\/div>\n\t\t\t\t\t<\/div>\n\t\t\t\t<\/div>\n\t\t<div data-particle_enable=\"false\" data-particle-mobile-disabled=\"false\" class=\"elementor-element elementor-element-58bbf93 e-flex e-con-boxed e-con e-parent\" data-id=\"58bbf93\" data-element_type=\"container\" data-e-type=\"container\">\n\t\t\t\t\t<div class=\"e-con-inner\">\n\t\t\t\t<div class=\"elementor-element elementor-element-2468af5 elementor-widget elementor-widget-heading\" data-id=\"2468af5\" data-element_type=\"widget\" data-e-type=\"widget\" data-widget_type=\"heading.default\">\n\t\t\t\t\t<h4 class=\"elementor-heading-title elementor-size-default\">Madelyn Miranda Toyom Canastuj, Rab\u00edn Ajau 2023-24<\/h4>\t\t\t\t<\/div>\n\t\t\t\t\t<\/div>\n\t\t\t\t<\/div>\n\t\t<div data-particle_enable=\"false\" data-particle-mobile-disabled=\"false\" class=\"elementor-element elementor-element-d7b76e8 e-flex e-con-boxed e-con e-parent\" data-id=\"d7b76e8\" data-element_type=\"container\" data-e-type=\"container\">\n\t\t\t\t\t<div class=\"e-con-inner\">\n\t\t\t\t<div class=\"elementor-element elementor-element-62ccbc0 elementor-widget elementor-widget-video\" data-id=\"62ccbc0\" data-element_type=\"widget\" data-e-type=\"widget\" data-settings=\"{&quot;youtube_url&quot;:&quot;https:\\\/\\\/www.youtube.com\\\/watch?v=wCoq0mg-BLU&quot;,&quot;video_type&quot;:&quot;youtube&quot;,&quot;controls&quot;:&quot;yes&quot;}\" data-widget_type=\"video.default\">\n\t\t\t\t\t\t\t<div class=\"elementor-wrapper elementor-open-inline\">\n\t\t\t<div class=\"elementor-video\"><\/div>\t\t<\/div>\n\t\t\t\t\t\t<\/div>\n\t\t\t\t\t<\/div>\n\t\t\t\t<\/div>\n\t\t<div data-particle_enable=\"false\" data-particle-mobile-disabled=\"false\" class=\"elementor-element elementor-element-4aec443 e-flex e-con-boxed e-con e-parent\" data-id=\"4aec443\" data-element_type=\"container\" data-e-type=\"container\">\n\t\t\t\t\t<div class=\"e-con-inner\">\n\t\t\t\t<div class=\"elementor-element elementor-element-24f216b elementor-widget elementor-widget-heading\" data-id=\"24f216b\" data-element_type=\"widget\" data-e-type=\"widget\" data-widget_type=\"heading.default\">\n\t\t\t\t\t<h2 class=\"elementor-heading-title elementor-size-default\">Guatemala multicultural deslumbra <\/h2>\t\t\t\t<\/div>\n\t\t\t\t\t<\/div>\n\t\t\t\t<\/div>\n\t\t<div data-particle_enable=\"false\" data-particle-mobile-disabled=\"false\" class=\"elementor-element elementor-element-28e2fbb e-flex e-con-boxed e-con e-parent\" data-id=\"28e2fbb\" data-element_type=\"container\" data-e-type=\"container\">\n\t\t\t\t\t<div class=\"e-con-inner\">\n\t\t\t\t<div class=\"elementor-element elementor-element-ac96c8a elementor-widget elementor-widget-blfe-post-grid\" data-id=\"ac96c8a\" data-element_type=\"widget\" data-e-type=\"widget\" data-settings=\"{&quot;columns&quot;:&quot;3&quot;,&quot;columns_tablet&quot;:&quot;6&quot;,&quot;columns_mobile&quot;:&quot;12&quot;,&quot;hero1_layout_column_gap&quot;:{&quot;unit&quot;:&quot;px&quot;,&quot;size&quot;:30,&quot;sizes&quot;:[]},&quot;hero1_layout_column_gap_tablet&quot;:{&quot;unit&quot;:&quot;px&quot;,&quot;size&quot;:&quot;&quot;,&quot;sizes&quot;:[]},&quot;hero1_layout_column_gap_mobile&quot;:{&quot;unit&quot;:&quot;px&quot;,&quot;size&quot;:&quot;&quot;,&quot;sizes&quot;:[]},&quot;hero1_layout_row_gap&quot;:{&quot;unit&quot;:&quot;px&quot;,&quot;size&quot;:30,&quot;sizes&quot;:[]},&quot;hero1_layout_row_gap_tablet&quot;:{&quot;unit&quot;:&quot;px&quot;,&quot;size&quot;:&quot;&quot;,&quot;sizes&quot;:[]},&quot;hero1_layout_row_gap_mobile&quot;:{&quot;unit&quot;:&quot;px&quot;,&quot;size&quot;:&quot;&quot;,&quot;sizes&quot;:[]}}\" data-widget_type=\"blfe-post-grid.hero1\">\n\t\t\t\t<div class=\"elementor-widget-container\">\n\t\t\t\t\t\n                        <div class=\"blfe-post-grid-container \">\n            \n                <div data-skin=\"hero1\" class=\"blfe-row blfe-posts-inner blfe-hero1 blfe-posts-inner blfe-col-3 blfe-col-tab-6 blfe-col-mob-12     \">\n                            <div class=\"blfe-post-grid-item\">\n            <div class=\"blfe-post-grid-item-inner blfe-modern-zoom\">\n                        <div class=\"blfe-post-grid-bg-image\">\n            <a class=\"blfe-post-grid-image-inner\" href=\"https:\/\/soymigrante.com\/revista\/regina-ruiz-borda-con-amor-y-dedicacion-en-yumei\/\" title=\"Regina Ruiz ofrece art\u00edculos bordados con dedicaci\u00f3n y amor en Yumei\" rel=\"nofollow\" target=\"_blank\"><img decoding=\"async\" src=\"https:\/\/soymigrante.com\/revista\/wp-content\/uploads\/2024\/12\/Regina-Ruiz-es-una-emprendedora-que-hila-con-amor-2-e1733269259338.webp\" alt=\"Regina Ruiz ofrece art\u00edculos bordados con dedicaci\u00f3n y amor en Yumei\"\/><\/a>        <\/div>\n                        <div class=\"blfe-post-grid-details\">\n                    <div class=\"blfe-post-grid-details-inner\">\n                        <span class=\"blfe-post-category\"><a href=\"https:\/\/soymigrante.com\/revista\/category\/guate-nuestra\/\">Guate Nuestra<\/a><\/span>                        <h3 class=\"blfe-post-grid-title\">\n            <a href=\"https:\/\/soymigrante.com\/revista\/regina-ruiz-borda-con-amor-y-dedicacion-en-yumei\/\" title=\"Regina Ruiz ofrece art\u00edculos bordados con dedicaci\u00f3n y amor en Yumei\" rel=\"nofollow\" target=\"_blank\">Regina Ruiz ofrece art\u00edculos bordados con dedicaci\u00f3n y amor en Yumei<\/a>\n            <\/h3>                                                            <div class=\"blfe-post-grid-meta\">\n                <span class=\"blfe-post-grid-time\"><i class=\"fas fa-book-reader\"><\/i>4 Min read<\/span>            <\/div>\n                                                        <\/div>\n                <\/div>\n\n            <\/div>\n        <\/div>\n                <div class=\"blfe-post-grid-item\">\n            <div class=\"blfe-post-grid-item-inner blfe-modern-zoom\">\n                        <div class=\"blfe-post-grid-bg-image\">\n            <a class=\"blfe-post-grid-image-inner\" href=\"https:\/\/soymigrante.com\/revista\/guatemala-danza-el-baile-de-toritos-es-una-fiesta-de-400-anos-de-antiguedad\/\" title=\"Danzas de Guatemala: El Baile del Torito es una fiesta con m\u00e1s de 400 a\u00f1os de antig\u00fcedad\" rel=\"nofollow\" target=\"_blank\"><img decoding=\"async\" src=\"https:\/\/soymigrante.com\/revista\/wp-content\/uploads\/2023\/09\/BAILE-DEL-TORITO-FUENTE-ARCHIVO-SIC-e1694019451736.webp\" alt=\"Danzas de Guatemala: El Baile del Torito es una fiesta con m\u00e1s de 400 a\u00f1os de antig\u00fcedad\"\/><\/a>        <\/div>\n                        <div class=\"blfe-post-grid-details\">\n                    <div class=\"blfe-post-grid-details-inner\">\n                        <span class=\"blfe-post-category\"><a href=\"https:\/\/soymigrante.com\/revista\/category\/guate-nuestra\/\">Guate Nuestra<\/a><\/span>                        <h3 class=\"blfe-post-grid-title\">\n            <a href=\"https:\/\/soymigrante.com\/revista\/guatemala-danza-el-baile-de-toritos-es-una-fiesta-de-400-anos-de-antiguedad\/\" title=\"Danzas de Guatemala: El Baile del Torito es una fiesta con m\u00e1s de 400 a\u00f1os de antig\u00fcedad\" rel=\"nofollow\" target=\"_blank\">Danzas de Guatemala: El Baile del Torito es una fiesta con m\u00e1s de 400 a\u00f1os de antig\u00fcedad<\/a>\n            <\/h3>                                                            <div class=\"blfe-post-grid-meta\">\n                <span class=\"blfe-post-grid-time\"><i class=\"fas fa-book-reader\"><\/i>4 Min read<\/span>            <\/div>\n                                                        <\/div>\n                <\/div>\n\n            <\/div>\n        <\/div>\n                <div class=\"blfe-post-grid-item\">\n            <div class=\"blfe-post-grid-item-inner blfe-modern-zoom\">\n                        <div class=\"blfe-post-grid-bg-image\">\n            <a class=\"blfe-post-grid-image-inner\" href=\"https:\/\/soymigrante.com\/revista\/danza-guatemala-el-ancestral-baile-del-venado\/\" title=\"Danzas de Guatemala: El  Baile del Venado est\u00e1 en la memoria de muchos migrantes.\" rel=\"nofollow\" target=\"_blank\"><img decoding=\"async\" src=\"https:\/\/soymigrante.com\/revista\/wp-content\/uploads\/2023\/09\/DANZA-DEL-VENADO-CUNEN-QUICHE.webp\" alt=\"Danzas de Guatemala: El  Baile del Venado est\u00e1 en la memoria de muchos migrantes.\"\/><\/a>        <\/div>\n                        <div class=\"blfe-post-grid-details\">\n                    <div class=\"blfe-post-grid-details-inner\">\n                        <span class=\"blfe-post-category\"><a href=\"https:\/\/soymigrante.com\/revista\/category\/guate-nuestra\/\">Guate Nuestra<\/a><\/span>                        <h3 class=\"blfe-post-grid-title\">\n            <a href=\"https:\/\/soymigrante.com\/revista\/danza-guatemala-el-ancestral-baile-del-venado\/\" title=\"Danzas de Guatemala: El  Baile del Venado est\u00e1 en la memoria de muchos migrantes.\" rel=\"nofollow\" target=\"_blank\">Danzas de Guatemala: El  Baile del Venado est\u00e1 en la memoria de muchos migrantes.<\/a>\n            <\/h3>                                                            <div class=\"blfe-post-grid-meta\">\n                <span class=\"blfe-post-grid-time\"><i class=\"fas fa-book-reader\"><\/i>4 Min read<\/span>            <\/div>\n                                                        <\/div>\n                <\/div>\n\n            <\/div>\n        <\/div>\n                        <\/div>\n\n                        <\/div>\n            \n                        <div class=\"blfe-post-footer\">\n                        <\/div>\n            \t\t\t\t<\/div>\n\t\t\t\t<\/div>\n\t\t\t\t\t<\/div>\n\t\t\t\t<\/div>\n\t\t\t\t<\/div>\n\t\t","protected":false},"excerpt":{"rendered":"<p>Desde 1969 se celebra en Cob\u00e1n, Alta Verapaz, la elecci\u00f3n de Rab\u00edn Ajau, Hija del Rey, entre j\u00f3venes provenientes de comunidades mayas de toda Guatemala. Es una fiesta de identidades con danzas, indumentaria tradicional y ritos ancestrales. Este a\u00f1o hay 114 participantes La elecci\u00f3n de Rab&#8217;in Ajau en Cob\u00e1n Alta Verapaz es un certamen de [&hellip;]<\/p>\n","protected":false},"author":7,"featured_media":7665,"comment_status":"open","ping_status":"open","sticky":false,"template":"","format":"standard","meta":{"_acf_changed":false,"_eb_attr":"","footnotes":""},"categories":[58],"tags":[],"class_list":["post-7649","post","type-post","status-publish","format-standard","has-post-thumbnail","hentry","category-guate-nuestra"],"acf":[],"aioseo_notices":[],"aioseo_head":"\n\t\t<!-- All in One SEO Pro 4.9.6.2 - aioseo.com -->\n\t<meta name=\"description\" content=\"Se calcula que El Baile del Venado surgi\u00f3 hace 1,500 a\u00f1os como un ritual de cacer\u00eda; tiene unos 26 danzantes y en cada localidad donde se celebra tiene distintas caracter\u00edsticas. Tradici\u00f3n en al menos 35 comunidades El Baile del Venado es una danza ritual que surgi\u00f3 hace unos 1,500 a\u00f1os, es decir en plena \u00e9poca\" \/>\n\t<meta name=\"robots\" content=\"max-snippet:-1, max-image-preview:large, max-video-preview:-1\" \/>\n\t<meta name=\"author\" content=\"Gustavo Montenegro\"\/>\n\t<link rel=\"canonical\" href=\"https:\/\/soymigrante.com\/revista\/brillan-pueblos-mayas-en-eleccion-de-rabin-ajau-y-festival-de-coban\/\" \/>\n\t<meta name=\"generator\" content=\"All in One SEO Pro (AIOSEO) 4.9.6.2\" \/>\n\n\t\t<link rel=\"preconnect\" href=\"https:\/\/fonts.googleapis.com\" crossorigin>\n<link rel=\"preconnect\" href=\"https:\/\/fonts.gstatic.com\" crossorigin>\n\t\t<meta property=\"og:locale\" content=\"es_ES\" \/>\n\t\t<meta property=\"og:site_name\" content=\"SoyMigrante.com REVISTA \u2013 Nuestra misi\u00f3n es reconocer y dignificar al migrante.\" \/>\n\t\t<meta property=\"og:type\" content=\"article\" \/>\n\t\t<meta property=\"og:title\" content=\"Pueblos mayas brillan en elecci\u00f3n Rab\u00edn Ajau y Festival de Cob\u00e1n\" \/>\n\t\t<meta property=\"og:description\" content=\"Desde 1969 se celebra en Cob\u00e1n, Alta Verapaz, la elecci\u00f3n de Rab\u00edn Ajau, Hija del Rey, entre j\u00f3venes provenientes de comunidades mayas de toda Guatemala. Es una fiesta de identidades con danzas, indumentaria tradicional y ritos ancestrales. Este a\u00f1o hay 114 participantes La elecci\u00f3n de Rab\u2019in Ajau en Cob\u00e1n Alta Verapaz es un certamen de Desde 1969 se celebra en Cob\u00e1n, Alta Verapaz, la elecci\u00f3n de Rab\u00edn Ajau, Hija del Rey, entre j\u00f3venes de etnias mayas de todo el pa\u00eds. Es una fiesta de identidad.\" \/>\n\t\t<meta property=\"og:url\" content=\"https:\/\/soymigrante.com\/revista\/brillan-pueblos-mayas-en-eleccion-de-rabin-ajau-y-festival-de-coban\/\" \/>\n\t\t<meta property=\"og:image\" content=\"https:\/\/soymigrante.com\/revista\/wp-content\/uploads\/2024\/07\/rabin-ajau-tax.webp\" \/>\n\t\t<meta property=\"og:image:secure_url\" content=\"https:\/\/soymigrante.com\/revista\/wp-content\/uploads\/2024\/07\/rabin-ajau-tax.webp\" \/>\n\t\t<meta property=\"og:image:width\" content=\"677\" \/>\n\t\t<meta property=\"og:image:height\" content=\"620\" \/>\n\t\t<meta property=\"article:published_time\" content=\"2024-07-25T21:40:41+00:00\" \/>\n\t\t<meta property=\"article:modified_time\" content=\"2024-11-01T17:54:00+00:00\" \/>\n\t\t<meta property=\"article:publisher\" content=\"https:\/\/www.facebook.com\/soymigrantecom\" \/>\n\t\t<meta name=\"twitter:card\" content=\"summary_large_image\" \/>\n\t\t<meta name=\"twitter:site\" content=\"@SoyMigrante_com\" \/>\n\t\t<meta name=\"twitter:title\" content=\"Pueblos mayas brillan en elecci\u00f3n Rab\u00edn Ajau y Festival de Cob\u00e1n\" \/>\n\t\t<meta name=\"twitter:description\" content=\"Desde 1969 se celebra en Cob\u00e1n, Alta Verapaz, la elecci\u00f3n de Rab\u00edn Ajau, Hija del Rey, entre j\u00f3venes provenientes de comunidades mayas de toda Guatemala. Es una fiesta de identidades con danzas, indumentaria tradicional y ritos ancestrales. Este a\u00f1o hay 114 participantes La elecci\u00f3n de Rab\u2019in Ajau en Cob\u00e1n Alta Verapaz es un certamen de Desde 1969 se celebra en Cob\u00e1n, Alta Verapaz, la elecci\u00f3n de Rab\u00edn Ajau, Hija del Rey, entre j\u00f3venes de etnias mayas de todo el pa\u00eds. Es una fiesta de identidad.\" \/>\n\t\t<meta name=\"twitter:creator\" content=\"@SoyMigrante_com\" \/>\n\t\t<meta name=\"twitter:image\" content=\"https:\/\/soymigrante.com\/revista\/wp-content\/uploads\/2024\/07\/rabin-ajau-tax.webp\" \/>\n\t\t<!-- All in One SEO Pro -->\r\n\t\t<title>Pueblos mayas brillan en elecci\u00f3n Rab\u00edn Ajau y Festival de Cob\u00e1n<\/title>\n\n","aioseo_head_json":{"title":"Pueblos mayas brillan en elecci\u00f3n Rab\u00edn Ajau y Festival de Cob\u00e1n","description":"Desde 1969 se celebra en Cob\u00e1n, Alta Verapaz, la elecci\u00f3n de Rab\u00edn Ajau, Hija del Rey, entre j\u00f3venes provenientes de comunidades mayas de toda Guatemala. Es una fiesta de identidades con danzas, indumentaria tradicional y ritos ancestrales. Este a\u00f1o hay 114 participantes La elecci\u00f3n de Rab\u2019in Ajau en Cob\u00e1n Alta Verapaz es un certamen de Desde 1969 se celebra en Cob\u00e1n, Alta Verapaz, la elecci\u00f3n de Rab\u00edn Ajau, Hija del Rey, entre j\u00f3venes de etnias mayas de todo el pa\u00eds. Es una fiesta de identidad.","canonical_url":"https:\/\/soymigrante.com\/revista\/brillan-pueblos-mayas-en-eleccion-de-rabin-ajau-y-festival-de-coban\/","robots":"max-snippet:-1, max-image-preview:large, max-video-preview:-1","keywords":"","webmasterTools":{"miscellaneous":"&lt;link rel=\"preconnect\" href=\"https:\/\/fonts.googleapis.com\" crossorigin&gt;\n&lt;link rel=\"preconnect\" href=\"https:\/\/fonts.gstatic.com\" crossorigin&gt;"},"schema":null,"og:locale":"es_ES","og:site_name":"SoyMigrante.com REVISTA \u2013 Nuestra misi\u00f3n es reconocer y dignificar al migrante.","og:type":"article","og:title":"Pueblos mayas brillan en elecci\u00f3n Rab\u00edn Ajau y Festival de Cob\u00e1n","og:description":"Desde 1969 se celebra en Cob\u00e1n, Alta Verapaz, la elecci\u00f3n de Rab\u00edn Ajau, Hija del Rey, entre j\u00f3venes provenientes de comunidades mayas de toda Guatemala. Es una fiesta de identidades con danzas, indumentaria tradicional y ritos ancestrales. Este a\u00f1o hay 114 participantes La elecci\u00f3n de Rab\u2019in Ajau en Cob\u00e1n Alta Verapaz es un certamen de Desde 1969 se celebra en Cob\u00e1n, Alta Verapaz, la elecci\u00f3n de Rab\u00edn Ajau, Hija del Rey, entre j\u00f3venes de etnias mayas de todo el pa\u00eds. Es una fiesta de identidad.","og:url":"https:\/\/soymigrante.com\/revista\/brillan-pueblos-mayas-en-eleccion-de-rabin-ajau-y-festival-de-coban\/","og:image":"https:\/\/soymigrante.com\/revista\/wp-content\/uploads\/2024\/07\/rabin-ajau-tax.webp","og:image:secure_url":"https:\/\/soymigrante.com\/revista\/wp-content\/uploads\/2024\/07\/rabin-ajau-tax.webp","og:image:width":677,"og:image:height":620,"article:published_time":"2024-07-25T21:40:41+00:00","article:modified_time":"2024-11-01T17:54:00+00:00","article:publisher":"https:\/\/www.facebook.com\/soymigrantecom","twitter:card":"summary_large_image","twitter:site":"@SoyMigrante_com","twitter:title":"Pueblos mayas brillan en elecci\u00f3n Rab\u00edn Ajau y Festival de Cob\u00e1n","twitter:description":"Desde 1969 se celebra en Cob\u00e1n, Alta Verapaz, la elecci\u00f3n de Rab\u00edn Ajau, Hija del Rey, entre j\u00f3venes provenientes de comunidades mayas de toda Guatemala. Es una fiesta de identidades con danzas, indumentaria tradicional y ritos ancestrales. Este a\u00f1o hay 114 participantes La elecci\u00f3n de Rab\u2019in Ajau en Cob\u00e1n Alta Verapaz es un certamen de Desde 1969 se celebra en Cob\u00e1n, Alta Verapaz, la elecci\u00f3n de Rab\u00edn Ajau, Hija del Rey, entre j\u00f3venes de etnias mayas de todo el pa\u00eds. Es una fiesta de identidad.","twitter:creator":"@SoyMigrante_com","twitter:image":"https:\/\/soymigrante.com\/revista\/wp-content\/uploads\/2024\/07\/rabin-ajau-tax.webp"},"aioseo_meta_data":{"post_id":"7649","title":"Pueblos mayas brillan en elecci\u00f3n Rab\u00edn Ajau y Festival de Cob\u00e1n","description":"#post_excerpt Desde 1969 se celebra en Cob\u00e1n, Alta Verapaz, la elecci\u00f3n de Rab\u00edn Ajau, Hija del Rey, entre j\u00f3venes de etnias mayas de todo el pa\u00eds. Es una fiesta de identidad.","keywords":null,"keyphrases":{"focus":{"keyphrase":"Rab\u00edn Ajau","score":69,"analysis":{"keyphraseInTitle":{"score":9,"maxScore":9,"error":0},"keyphraseInDescription":{"score":9,"maxScore":9,"error":0},"keyphraseLength":{"score":9,"maxScore":9,"error":0,"length":3},"keyphraseInURL":{"score":5,"maxScore":5,"error":0},"keyphraseInIntroduction":{"score":3,"maxScore":9,"error":1},"keyphraseInSubHeadings":{"score":3,"maxScore":9,"error":1},"keyphraseInImageAlt":{"score":9,"maxScore":9,"error":0},"keywordDensity":{"score":0,"type":"low","maxScore":9,"error":1}}},"additional":[{"keyphrase":"Festival de Cob\u00e1n","score":40,"analysis":{"keyphraseInDescription":{"score":3,"maxScore":9,"error":1},"keyphraseLength":{"score":9,"maxScore":9,"error":0,"length":4},"keyphraseInIntroduction":{"score":3,"maxScore":9,"error":1},"keyphraseInImageAlt":{"score":3,"maxScore":9,"error":1},"keywordDensity":{"score":0,"type":"low","maxScore":9,"error":1}}},{"keyphrase":"Mayas","score":67,"analysis":{"keyphraseInDescription":{"score":9,"maxScore":9,"error":0},"keyphraseLength":{"score":9,"maxScore":9,"error":0,"length":1},"keyphraseInIntroduction":{"score":9,"maxScore":9,"error":0},"keyphraseInImageAlt":{"score":3,"maxScore":9,"error":1},"keywordDensity":{"score":0,"type":"low","maxScore":9,"error":1}}},{"keyphrase":"Guatemala","score":100,"analysis":{"keyphraseInDescription":{"score":9,"maxScore":9,"error":0},"keyphraseLength":{"score":9,"maxScore":9,"error":0,"length":1},"keyphraseInIntroduction":{"score":9,"maxScore":9,"error":0},"keyphraseInImageAlt":{"score":9,"maxScore":9,"error":0},"keywordDensity":{"type":"best","score":9,"maxScore":9,"error":0}}}]},"primary_term":null,"canonical_url":null,"og_title":null,"og_description":null,"og_object_type":"default","og_image_type":"default","og_image_url":null,"og_image_width":null,"og_image_height":null,"og_image_custom_url":null,"og_image_custom_fields":null,"og_video":"","og_custom_url":null,"og_article_section":null,"og_article_tags":null,"twitter_use_og":false,"twitter_card":"default","twitter_image_type":"default","twitter_image_url":null,"twitter_image_custom_url":null,"twitter_image_custom_fields":null,"twitter_title":null,"twitter_description":null,"schema":{"blockGraphs":[],"customGraphs":[],"default":{"data":{"Article":[],"Course":[],"Dataset":[],"FAQPage":[],"Movie":[],"Person":[],"Product":[],"ProductReview":[],"Car":[],"Recipe":[],"Service":[],"SoftwareApplication":[],"WebPage":[]},"graphName":"Article","isEnabled":true},"graphs":[]},"schema_type":"default","schema_type_options":null,"pillar_content":false,"robots_default":true,"robots_noindex":false,"robots_noarchive":false,"robots_nosnippet":false,"robots_nofollow":false,"robots_noimageindex":false,"robots_noodp":false,"robots_notranslate":false,"robots_max_snippet":"-1","robots_max_videopreview":"-1","robots_max_imagepreview":"large","priority":null,"frequency":"default","local_seo":null,"seo_analyzer_scan_date":"2025-10-08 22:22:15","breadcrumb_settings":null,"limit_modified_date":false,"reviewed_by":null,"open_ai":"{\"title\":{\"suggestions\":[],\"usage\":0},\"description\":{\"suggestions\":[],\"usage\":0}}","ai":null,"created":"2024-07-25 19:25:47","updated":"2026-02-04 12:28:42"},"aioseo_breadcrumb":"<div class=\"aioseo-breadcrumbs\"><span class=\"aioseo-breadcrumb\">\n\t<a href=\"https:\/\/soymigrante.com\/revista\" title=\"Home\">Home<\/a>\n<\/span><span class=\"aioseo-breadcrumb-separator\">\u00bb<\/span><span class=\"aioseo-breadcrumb\">\n\t<a href=\"https:\/\/soymigrante.com\/revista\/category\/guate-nuestra\/\" title=\"Guate Nuestra\">Guate Nuestra<\/a>\n<\/span><span class=\"aioseo-breadcrumb-separator\">\u00bb<\/span><span class=\"aioseo-breadcrumb\">\n\tBrillan pueblos mayas en elecci\u00f3n de Rab\u00edn Ajau y Festival de Cob\u00e1n\n<\/span><\/div>","aioseo_breadcrumb_json":[{"label":"Home","link":"https:\/\/soymigrante.com\/revista"},{"label":"Guate Nuestra","link":"https:\/\/soymigrante.com\/revista\/category\/guate-nuestra\/"},{"label":"Brillan pueblos mayas en elecci\u00f3n de Rab\u00edn Ajau y Festival de Cob\u00e1n","link":"https:\/\/soymigrante.com\/revista\/brillan-pueblos-mayas-en-eleccion-de-rabin-ajau-y-festival-de-coban\/"}],"_links":{"self":[{"href":"https:\/\/soymigrante.com\/revista\/wp-json\/wp\/v2\/posts\/7649","targetHints":{"allow":["GET"]}}],"collection":[{"href":"https:\/\/soymigrante.com\/revista\/wp-json\/wp\/v2\/posts"}],"about":[{"href":"https:\/\/soymigrante.com\/revista\/wp-json\/wp\/v2\/types\/post"}],"author":[{"embeddable":true,"href":"https:\/\/soymigrante.com\/revista\/wp-json\/wp\/v2\/users\/7"}],"replies":[{"embeddable":true,"href":"https:\/\/soymigrante.com\/revista\/wp-json\/wp\/v2\/comments?post=7649"}],"version-history":[{"count":0,"href":"https:\/\/soymigrante.com\/revista\/wp-json\/wp\/v2\/posts\/7649\/revisions"}],"wp:featuredmedia":[{"embeddable":true,"href":"https:\/\/soymigrante.com\/revista\/wp-json\/wp\/v2\/media\/7665"}],"wp:attachment":[{"href":"https:\/\/soymigrante.com\/revista\/wp-json\/wp\/v2\/media?parent=7649"}],"wp:term":[{"taxonomy":"category","embeddable":true,"href":"https:\/\/soymigrante.com\/revista\/wp-json\/wp\/v2\/categories?post=7649"},{"taxonomy":"post_tag","embeddable":true,"href":"https:\/\/soymigrante.com\/revista\/wp-json\/wp\/v2\/tags?post=7649"}],"curies":[{"name":"wp","href":"https:\/\/api.w.org\/{rel}","templated":true}]}}