{"id":7634,"date":"2025-02-13T10:30:04","date_gmt":"2025-02-13T16:30:04","guid":{"rendered":"https:\/\/soymigrante.com\/revista\/?p=7634"},"modified":"2025-02-13T11:18:57","modified_gmt":"2025-02-13T17:18:57","slug":"un-gran-sueno-de-amor-en-antigua-guatemala","status":"publish","type":"post","link":"https:\/\/soymigrante.com\/revista\/un-gran-sueno-de-amor-en-antigua-guatemala\/","title":{"rendered":"Un gran sue\u00f1o de amor que llega desde Texas hasta Antigua Guatemala"},"content":{"rendered":"\t\t<div data-elementor-type=\"wp-post\" data-elementor-id=\"7634\" class=\"elementor elementor-7634\" data-elementor-post-type=\"post\">\n\t\t\t\t<div data-particle_enable=\"false\" data-particle-mobile-disabled=\"false\" class=\"elementor-element elementor-element-ac57743 e-flex e-con-boxed e-con e-parent\" data-id=\"ac57743\" data-element_type=\"container\" data-e-type=\"container\">\n\t\t\t\t\t<div class=\"e-con-inner\">\n\t\t\t\t<div class=\"elementor-element elementor-element-0accc40 elementor-widget elementor-widget-heading\" data-id=\"0accc40\" data-element_type=\"widget\" data-e-type=\"widget\" data-widget_type=\"heading.default\">\n\t\t\t\t\t<h2 class=\"elementor-heading-title elementor-size-default\">Elizabeth Cot\u00ed, la maestra de Texas, de padres migrantes guatemaltecos, celebrar\u00e1 su boda en Antigua Guatemala en marzo 2025.  As\u00ed  cuenta, junto a Logan, su prometido, la visita que hicieron para los preparativos.<\/h2>\t\t\t\t<\/div>\n\t\t\t\t\t<\/div>\n\t\t\t\t<\/div>\n\t\t<div data-particle_enable=\"false\" data-particle-mobile-disabled=\"false\" class=\"elementor-element elementor-element-f248648 e-flex e-con-boxed e-con e-parent\" data-id=\"f248648\" data-element_type=\"container\" data-e-type=\"container\">\n\t\t\t\t\t<div class=\"e-con-inner\">\n\t\t\t\t<div class=\"elementor-element elementor-element-0a88468 elementor-widget elementor-widget-text-editor\" data-id=\"0a88468\" data-element_type=\"widget\" data-e-type=\"widget\" data-widget_type=\"text-editor.default\">\n\t\t\t\t\t\t\t\t\t<p><b>Por <a href=\"https:\/\/soymigrante.com\/revista\/elizabeth-coti-maestra-espanol-texas-guatemala\/\">Elizabet <\/a>y Logan<\/b><\/p>\t\t\t\t\t\t\t\t<\/div>\n\t\t\t\t\t<\/div>\n\t\t\t\t<\/div>\n\t\t<div data-particle_enable=\"false\" data-particle-mobile-disabled=\"false\" class=\"elementor-element elementor-element-8ab0de1 e-flex e-con-boxed e-con e-parent\" data-id=\"8ab0de1\" data-element_type=\"container\" data-e-type=\"container\">\n\t\t\t\t\t<div class=\"e-con-inner\">\n\t\t\t\t<div class=\"elementor-element elementor-element-0735ea0 elementor-widget elementor-widget-text-editor\" data-id=\"0735ea0\" data-element_type=\"widget\" data-e-type=\"widget\" data-widget_type=\"text-editor.default\">\n\t\t\t\t\t\t\t\t\t<p>Desde que era una ni\u00f1a siempre dije: &#8220;Quiero casarme en Guatemala&#8221;. As\u00ed que ahora todos mis sue\u00f1os se est\u00e1n haciendo realidad. Mi prometido, Logan y yo amamos Antigua. Para nosotros, el viaje a Antigua no fue solo para elegir un lugar; fue sumergirnos en un lugar donde historia, belleza y tradici\u00f3n convergen en uno.<\/p><p><span style=\"color: var( --e-global-color-text ); text-align: var(--text-align);\">Desde el momento en que llegu\u00e9 a Antigua, qued\u00e9 cautivada por su encanto. La ciudad, rodeada de volcanes y llena de edificios coloridos, ofrec\u00eda un impresionante tel\u00f3n de fondo para cualquier evento.\u00a0<\/span><\/p>\t\t\t\t\t\t\t\t<\/div>\n\t\t\t\t\t<\/div>\n\t\t\t\t<\/div>\n\t\t<div data-particle_enable=\"false\" data-particle-mobile-disabled=\"false\" class=\"elementor-element elementor-element-6c0a0fc e-flex e-con-boxed e-con e-parent\" data-id=\"6c0a0fc\" data-element_type=\"container\" data-e-type=\"container\">\n\t\t\t\t\t<div class=\"e-con-inner\">\n\t\t\t\t<div class=\"elementor-element elementor-element-22ee897 elementor-arrows-position-inside elementor-pagination-position-outside elementor-widget elementor-widget-image-carousel\" data-id=\"22ee897\" data-element_type=\"widget\" data-e-type=\"widget\" data-settings=\"{&quot;slides_to_show&quot;:&quot;1&quot;,&quot;navigation&quot;:&quot;both&quot;,&quot;autoplay&quot;:&quot;yes&quot;,&quot;pause_on_hover&quot;:&quot;yes&quot;,&quot;pause_on_interaction&quot;:&quot;yes&quot;,&quot;autoplay_speed&quot;:5000,&quot;infinite&quot;:&quot;yes&quot;,&quot;effect&quot;:&quot;slide&quot;,&quot;speed&quot;:500}\" data-widget_type=\"image-carousel.default\">\n\t\t\t\t\t\t\t<div class=\"elementor-image-carousel-wrapper swiper\" role=\"region\" aria-roledescription=\"carousel\" aria-label=\"Carrusel de im\u00e1genes\" dir=\"ltr\">\n\t\t\t<div class=\"elementor-image-carousel swiper-wrapper\" aria-live=\"off\">\n\t\t\t\t\t\t\t\t<div class=\"swiper-slide\" role=\"group\" aria-roledescription=\"slide\" aria-label=\"1 de 4\"><a data-elementor-open-lightbox=\"yes\" data-elementor-lightbox-slideshow=\"22ee897\" data-elementor-lightbox-title=\"Disfrutamos de la belleza de Antigua Guatemala, la amabilidad de su gente y la excelencia de cada servicio. Es un sue\u00f1o hecho realidad planificar nuestra boda en Antigua, afirma Elizabeth Cot\u00ed, hija de migrantes guatemaltecos. (Fotos cortes\u00eda de Elizabeth y Logan)\" data-elementor-lightbox-description=\"Disfrutamos de la belleza de Antigua Guatemala, la amabilidad de su gente y la excelencia de cada servicio. Es un sue\u00f1o hecho realidad planificar nuestra boda en Antigua, afirma Elizabeth Cot\u00ed, hija de migrantes guatemaltecos. (Fotos cortes\u00eda de Elizabeth y Logan)\" data-e-action-hash=\"#elementor-action%3Aaction%3Dlightbox%26settings%3DeyJpZCI6NzYzOCwidXJsIjoiaHR0cHM6XC9cL3NveW1pZ3JhbnRlLmNvbVwvcmV2aXN0YVwvd3AtY29udGVudFwvdXBsb2Fkc1wvMjAyNFwvMDdcL2FudGlndWEtZ3VhdGVtYWxhLW1hZXN0cmEtdGV4YXMtMi53ZWJwIiwic2xpZGVzaG93IjoiMjJlZTg5NyJ9\" href=\"https:\/\/www.facebook.com\/ecoti\"><figure class=\"swiper-slide-inner\"><img decoding=\"async\" class=\"swiper-slide-image\" src=\"https:\/\/soymigrante.com\/revista\/wp-content\/uploads\/2024\/07\/antigua-guatemala-maestra-texas-2-683x1024.webp\" alt=\"Chico sostiene a su novia en un parque con fuente, mostrando amor y felicidad, en un entorno urbano y natural, ideal para art\u00edculos sobre migrantes, amor y cultura en la revista SoyMigrante.com.\" \/><figcaption class=\"elementor-image-carousel-caption\">Una pareja en un parque mexicano en una pose rom\u00e1ntica frente a una fuente, en un entorno urbano con \u00e1rboles y visitantes, mostrando la vida cultural y social de los migrantes en M\u00e9xico.<\/figcaption><\/figure><\/a><\/div><div class=\"swiper-slide\" role=\"group\" aria-roledescription=\"slide\" aria-label=\"2 de 4\"><a data-elementor-open-lightbox=\"yes\" data-elementor-lightbox-slideshow=\"22ee897\" data-elementor-lightbox-title=\"Disfrutamos de la belleza de Antigua Guatemala, la amabilidad de su gente y la excelencia de cada servicio. Es un sue\u00f1o hecho realidad planificar nuestra boda en Antigua, afirma Elizabeth Cot\u00ed, hija de migrantes guatemaltecos. (Fotos cortes\u00eda de Elizabeth y Logan)\" data-elementor-lightbox-description=\"Disfrutamos de la belleza de Antigua Guatemala, la amabilidad de su gente y la excelencia de cada servicio. Es un sue\u00f1o hecho realidad planificar nuestra boda en Antigua, afirma Elizabeth Cot\u00ed, hija de migrantes guatemaltecos. (Fotos cortes\u00eda de Elizabeth y Logan)\" data-e-action-hash=\"#elementor-action%3Aaction%3Dlightbox%26settings%3DeyJpZCI6NzYzOSwidXJsIjoiaHR0cHM6XC9cL3NveW1pZ3JhbnRlLmNvbVwvcmV2aXN0YVwvd3AtY29udGVudFwvdXBsb2Fkc1wvMjAyNFwvMDdcL2FudGlndWEtZ3VhdGVtYWxhLW1hZXN0cmEtdGV4YXMtMy53ZWJwIiwic2xpZGVzaG93IjoiMjJlZTg5NyJ9\" href=\"https:\/\/www.facebook.com\/ecoti\"><figure class=\"swiper-slide-inner\"><img decoding=\"async\" class=\"swiper-slide-image\" src=\"https:\/\/soymigrante.com\/revista\/wp-content\/uploads\/2024\/07\/antigua-guatemala-maestra-texas-3-683x1024.webp\" alt=\"Bailar\u00edn y pareja en calle de ciudad antigua, fotoperiodismo rom\u00e1ntico, celebraci\u00f3n, cultura local, \u00e9poca moderna, viaje, adultos.\" \/><figcaption class=\"elementor-image-carousel-caption\">Disfrutamos de la belleza de Antigua Guatemala, la amabilidad de su gente y la excelencia de cada servicio. Es un sue\u00f1o hecho realidad planificar nuestra boda en Antigua, afirma Elizabeth Cot\u00ed, hija de migrantes guatemaltecos. (Fotos cortes\u00eda de Elizabeth y Logan)<\/figcaption><\/figure><\/a><\/div><div class=\"swiper-slide\" role=\"group\" aria-roledescription=\"slide\" aria-label=\"3 de 4\"><a data-elementor-open-lightbox=\"yes\" data-elementor-lightbox-slideshow=\"22ee897\" data-elementor-lightbox-title=\"Disfrutamos de la belleza de Antigua Guatemala, la amabilidad de su gente y la excelencia de cada servicio. Es un sue\u00f1o hecho realidad planificar nuestra boda en Antigua, afirma Elizabeth Cot\u00ed, hija de migrantes guatemaltecos. (Fotos cortes\u00eda de Elizabeth y Logan)\" data-elementor-lightbox-description=\"Imagen de una pareja sonriendo en una calle empedrada con el volc\u00e1n en el fondo, destacando la belleza y cultura guatemalteca para la revista SoyMigrante.com.\" data-e-action-hash=\"#elementor-action%3Aaction%3Dlightbox%26settings%3DeyJpZCI6NzY0MCwidXJsIjoiaHR0cHM6XC9cL3NveW1pZ3JhbnRlLmNvbVwvcmV2aXN0YVwvd3AtY29udGVudFwvdXBsb2Fkc1wvMjAyNFwvMDdcL2FudGlndWEtZ3VhdGVtYWxhLW1hZXN0cmEtdGV4YXMtMS53ZWJwIiwic2xpZGVzaG93IjoiMjJlZTg5NyJ9\" href=\"https:\/\/www.facebook.com\/ecoti\"><figure class=\"swiper-slide-inner\"><img decoding=\"async\" class=\"swiper-slide-image\" src=\"https:\/\/soymigrante.com\/revista\/wp-content\/uploads\/2024\/07\/antigua-guatemala-maestra-texas-1-683x1024.webp\" alt=\"Vibrante pareja disfrutando de una caminata en una calle empedrada con el volc\u00e1n de fondo, resaltando la belleza de Guatemala y su cultura en la revista SoyMigrante.com.\" \/><figcaption class=\"elementor-image-carousel-caption\">Pareja en una calle empedrada con el volc\u00e1n de fondo, simbolizando el amor y la cultura en Guatemala, en la revista SoyMigrante.com.<\/figcaption><\/figure><\/a><\/div><div class=\"swiper-slide\" role=\"group\" aria-roledescription=\"slide\" aria-label=\"4 de 4\"><a data-elementor-open-lightbox=\"yes\" data-elementor-lightbox-slideshow=\"22ee897\" data-elementor-lightbox-title=\"Disfrutamos de la belleza de Antigua Guatemala, la amabilidad de su gente y la excelencia de cada servicio. Es un sue\u00f1o hecho realidad planificar nuestra boda en Antigua, afirma Elizabeth Cot\u00ed, hija de migrantes guatemaltecos. (Fotos cortes\u00eda de Elizabeth y Logan)\" data-elementor-lightbox-description=\"Una pareja radiante celebrando su compromiso de boda en la calle, con expresiones de felicidad y amor, simbolizando la uni\u00f3n y el proceso de migraci\u00f3n. La imagen refleja alegr\u00eda, amor y esperanza en el contexto migratorio y cultural.\" data-e-action-hash=\"#elementor-action%3Aaction%3Dlightbox%26settings%3DeyJpZCI6NzY0MSwidXJsIjoiaHR0cHM6XC9cL3NveW1pZ3JhbnRlLmNvbVwvcmV2aXN0YVwvd3AtY29udGVudFwvdXBsb2Fkc1wvMjAyNFwvMDdcLzQ1MDY3MDY5NF85NzY2NzE3MzA5MjE0NzhfNDk2MzE0MDMzNTQ3ODAyMTM5MV9uLndlYnAiLCJzbGlkZXNob3ciOiIyMmVlODk3In0%3D\" href=\"https:\/\/www.facebook.com\/ecoti\"><figure class=\"swiper-slide-inner\"><img decoding=\"async\" class=\"swiper-slide-image\" src=\"https:\/\/soymigrante.com\/revista\/wp-content\/uploads\/2024\/07\/450670694_976671730921478_4963140335478021391_n-683x1024.webp\" alt=\"Rostro de una pareja feliz mostrando un compromiso de matrimonio, con la mujer mostrando un anillo de compromiso en la mano, en un entorno urbano nocturno, en una celebraci\u00f3n de amor y migraci\u00f3n.\" \/><figcaption class=\"elementor-image-carousel-caption\">Pareja emocionada mostrando su compromiso con anillo de bodas en un entorno urbano, celebrando la migraci\u00f3n y el amor, en una imagen llena de alegr\u00eda y esperanza.<\/figcaption><\/figure><\/a><\/div>\t\t\t<\/div>\n\t\t\t\t\t\t\t\t\t\t\t\t<div class=\"elementor-swiper-button elementor-swiper-button-prev\" role=\"button\" tabindex=\"0\">\n\t\t\t\t\t\t<i aria-hidden=\"true\" class=\"eicon-chevron-left\"><\/i>\t\t\t\t\t<\/div>\n\t\t\t\t\t<div class=\"elementor-swiper-button elementor-swiper-button-next\" role=\"button\" tabindex=\"0\">\n\t\t\t\t\t\t<i aria-hidden=\"true\" class=\"eicon-chevron-right\"><\/i>\t\t\t\t\t<\/div>\n\t\t\t\t\n\t\t\t\t\t\t\t\t\t<div class=\"swiper-pagination\"><\/div>\n\t\t\t\t\t\t\t\t\t<\/div>\n\t\t\t\t\t\t<\/div>\n\t\t\t\t\t<\/div>\n\t\t\t\t<\/div>\n\t\t<div data-particle_enable=\"false\" data-particle-mobile-disabled=\"false\" class=\"elementor-element elementor-element-e542e04 e-flex e-con-boxed e-con e-parent\" data-id=\"e542e04\" data-element_type=\"container\" data-e-type=\"container\">\n\t\t\t\t\t<div class=\"e-con-inner\">\n\t\t\t\t<div class=\"elementor-element elementor-element-f08cdda elementor-widget elementor-widget-heading\" data-id=\"f08cdda\" data-element_type=\"widget\" data-e-type=\"widget\" data-widget_type=\"heading.default\">\n\t\t\t\t\t<h3 class=\"elementor-heading-title elementor-size-default\">Talento antig\u00fce\u00f1o para una boda de ensue\u00f1o<\/h3>\t\t\t\t<\/div>\n\t\t\t\t\t<\/div>\n\t\t\t\t<\/div>\n\t\t<div data-particle_enable=\"false\" data-particle-mobile-disabled=\"false\" class=\"elementor-element elementor-element-0e97550 e-flex e-con-boxed e-con e-parent\" data-id=\"0e97550\" data-element_type=\"container\" data-e-type=\"container\">\n\t\t\t\t\t<div class=\"e-con-inner\">\n\t\t\t\t<div class=\"elementor-element elementor-element-d0f05b7 elementor-widget elementor-widget-text-editor\" data-id=\"d0f05b7\" data-element_type=\"widget\" data-e-type=\"widget\" data-widget_type=\"text-editor.default\">\n\t\t\t\t\t\t\t\t\t<p>\u00a0<\/p><p><span style=\"color: var( --e-global-color-text ); text-align: var(--text-align);\">Mientras paseaba por las calles, imaginaba mi boda entre las ruinas hist\u00f3ricas y los exuberantes jardines por los que la ciudad es famosa.\u00a0<\/span><span style=\"color: var( --e-global-color-text ); text-align: var(--text-align);\">Planificar una boda en Antigua tambi\u00e9n significaba adoptar costumbres locales y trabajar con talentosos proveedores. Tuve el placer de conocer a Fenny Torres, nuestra organizadora de bodas. Fenny hizo que todo el proceso fuera muy f\u00e1cil para nosotros. Nos organiz\u00f3 reuniones con floristas locales, caterers y fot\u00f3grafos que aportaron un toque \u00fanico guatemalteco a los preparativos de la boda, manteniendo siempre en mente nuestras preferencias y necesidades.\u00a0<\/span><\/p><p><span style=\"color: var( --e-global-color-text ); text-align: var(--text-align);\">La calidez y hospitalidad de la gente hicieron que el proceso de planificaci\u00f3n no solo fuera placentero, sino tambi\u00e9n profundamente significativo, ya que todos fueron amables, incre\u00edblemente conocedores y profesionales.<\/span><\/p><p>\u00a0<\/p>\t\t\t\t\t\t\t\t<\/div>\n\t\t\t\t\t<\/div>\n\t\t\t\t<\/div>\n\t\t<div data-particle_enable=\"false\" data-particle-mobile-disabled=\"false\" class=\"elementor-element elementor-element-25c7c45 e-flex e-con-boxed e-con e-parent\" data-id=\"25c7c45\" data-element_type=\"container\" data-e-type=\"container\">\n\t\t\t\t\t<div class=\"e-con-inner\">\n\t\t\t\t<div class=\"elementor-element elementor-element-04e4af9 elementor-widget elementor-widget-html\" data-id=\"04e4af9\" data-element_type=\"widget\" data-e-type=\"widget\" data-widget_type=\"html.default\">\n\t\t\t\t\t<iframe src=\"https:\/\/www.facebook.com\/plugins\/post.php?href=https%3A%2F%2Fwww.facebook.com%2Fecoti%2Fposts%2Fpfbid0U7UcF3FKTDHgtBWXGcFzELcQZpeQBwGYa3FKd7ymbqdzk5e9uhkz2CjaywawPSDil&show_text=true&width=500\" width=\"500\" height=\"743\" style=\"border:none;overflow:hidden\" scrolling=\"no\" frameborder=\"0\" allowfullscreen=\"true\" allow=\"autoplay; clipboard-write; encrypted-media; picture-in-picture; web-share\"><\/iframe>\t\t\t\t<\/div>\n\t\t\t\t\t<\/div>\n\t\t\t\t<\/div>\n\t\t<div data-particle_enable=\"false\" data-particle-mobile-disabled=\"false\" class=\"elementor-element elementor-element-d3ab7cf e-flex e-con-boxed e-con e-parent\" data-id=\"d3ab7cf\" data-element_type=\"container\" data-e-type=\"container\">\n\t\t\t\t\t<div class=\"e-con-inner\">\n\t\t\t\t<div class=\"elementor-element elementor-element-5c27cba elementor-widget elementor-widget-heading\" data-id=\"5c27cba\" data-element_type=\"widget\" data-e-type=\"widget\" data-widget_type=\"heading.default\">\n\t\t\t\t\t<h3 class=\"elementor-heading-title elementor-size-default\">El sabor \u00fanico de Antigua Guatemala <\/h3>\t\t\t\t<\/div>\n\t\t\t\t\t<\/div>\n\t\t\t\t<\/div>\n\t\t<div data-particle_enable=\"false\" data-particle-mobile-disabled=\"false\" class=\"elementor-element elementor-element-c707d96 e-flex e-con-boxed e-con e-parent\" data-id=\"c707d96\" data-element_type=\"container\" data-e-type=\"container\">\n\t\t\t\t\t<div class=\"e-con-inner\">\n\t\t\t\t<div class=\"elementor-element elementor-element-b500a84 elementor-widget elementor-widget-text-editor\" data-id=\"b500a84\" data-element_type=\"widget\" data-e-type=\"widget\" data-widget_type=\"text-editor.default\">\n\t\t\t\t\t\t\t\t\t<p>\u00a0<\/p><p><span style=\"color: var( --e-global-color-text ); text-align: var(--text-align);\">Ninguna experiencia de planificaci\u00f3n de bodas en Antigua no estar\u00eda completa sin probar la cocina local. Disfrutamos probando varios platillos de <a href=\"https:\/\/www.instagram.com\/freshlocalgt\/\">Fresh &amp; Local<\/a>, que a\u00f1adieron otra capa de riqueza a la experiencia de la boda que no anticip\u00e1bamos.\u00a0<\/span><\/p><p><span style=\"color: var( --e-global-color-text ); text-align: var(--text-align);\">Como una persona exigente con la comida, hasta yo qued\u00e9 impresionada por la excelencia culinaria, con sabores y texturas que se combinaron para formar platos visualmente impactantes y deliciosos de principio a fin.\u00a0<\/span><\/p><p>Tuvimos una sesi\u00f3n de fotos de compromiso con Life Wedding Photos y disfrutamos explorando m\u00e1s la ciudad con ellos. Cada momento pasado en Antigua profundiz\u00f3 mi aprecio por su patrimonio cultural y el entorno \u00fanico que ofreci\u00f3 para nuestro d\u00eda especial, y poder capturarlo en nuestras fotos solo aument\u00f3 la emoci\u00f3n creciente de nuestro d\u00eda de bodas real.<\/p>\t\t\t\t\t\t\t\t<\/div>\n\t\t\t\t\t<\/div>\n\t\t\t\t<\/div>\n\t\t<div data-particle_enable=\"false\" data-particle-mobile-disabled=\"false\" class=\"elementor-element elementor-element-c3b790f e-flex e-con-boxed e-con e-parent\" data-id=\"c3b790f\" data-element_type=\"container\" data-e-type=\"container\">\n\t\t\t\t\t<div class=\"e-con-inner\">\n\t\t\t\t<div class=\"elementor-element elementor-element-e10f712 elementor-grid-eael-col-1 elementor-grid-tablet-eael-col-2 elementor-grid-mobile-eael-col-1 elementor-widget elementor-widget-eael-post-grid\" data-id=\"e10f712\" data-element_type=\"widget\" data-e-type=\"widget\" data-settings=\"{&quot;eael_post_grid_columns&quot;:&quot;eael-col-1&quot;,&quot;eael_post_grid_columns_tablet&quot;:&quot;eael-col-2&quot;,&quot;eael_post_grid_columns_mobile&quot;:&quot;eael-col-1&quot;}\" data-widget_type=\"eael-post-grid.default\">\n\t\t\t\t\t<div id=\"eael-post-grid-e10f712\" class=\"eael-post-grid-container\">\n            <div class=\"eael-post-grid eael-post-appender eael-post-appender-e10f712 eael-post-grid-style-one\" data-layout-mode=\"masonry\"><article class=\"eael-grid-post  eael-post-grid-column eael-pg-post-2368 category-exitos\" data-id=\"2368\">\n        <div class=\"eael-grid-post-holder\">\n            <div class=\"eael-grid-post-holder-inner\"><div class=\"eael-entry-media\"><div class=\"eael-entry-overlay fade-in\"><i class=\"far fa-hand-pointer\" aria-hidden=\"true\"><\/i><a href=\"https:\/\/soymigrante.com\/revista\/elizabeth-coti-maestra-espanol-texas-guatemala\/\"><\/a><\/div><div class=\"eael-entry-thumbnail \">\n                <img fetchpriority=\"high\" decoding=\"async\" width=\"1024\" height=\"731\" src=\"https:\/\/soymigrante.com\/revista\/wp-content\/uploads\/2023\/08\/705345_4157588903679_1136987468_o-e1693334157790-1024x731.webp\" class=\"attachment-large size-large wp-image-2369\" alt=\"El cari\u00f1o de sus padres H\u00e9ctor y Guadalupe ense\u00f1\u00f3 a Elizabeth a valorar la multiculturalidad guatemalteca.\" srcset=\"https:\/\/soymigrante.com\/revista\/wp-content\/uploads\/2023\/08\/705345_4157588903679_1136987468_o-e1693334157790-1024x731.webp 1024w, https:\/\/soymigrante.com\/revista\/wp-content\/uploads\/2023\/08\/705345_4157588903679_1136987468_o-e1693334157790-300x214.webp 300w, https:\/\/soymigrante.com\/revista\/wp-content\/uploads\/2023\/08\/705345_4157588903679_1136987468_o-e1693334157790-768x548.webp 768w, https:\/\/soymigrante.com\/revista\/wp-content\/uploads\/2023\/08\/705345_4157588903679_1136987468_o-e1693334157790-1536x1096.webp 1536w, https:\/\/soymigrante.com\/revista\/wp-content\/uploads\/2023\/08\/705345_4157588903679_1136987468_o-e1693334157790-120x86.webp 120w, https:\/\/soymigrante.com\/revista\/wp-content\/uploads\/2023\/08\/705345_4157588903679_1136987468_o-e1693334157790-350x250.webp 350w, https:\/\/soymigrante.com\/revista\/wp-content\/uploads\/2023\/08\/705345_4157588903679_1136987468_o-e1693334157790-750x535.webp 750w, https:\/\/soymigrante.com\/revista\/wp-content\/uploads\/2023\/08\/705345_4157588903679_1136987468_o-e1693334157790-1140x814.webp 1140w, https:\/\/soymigrante.com\/revista\/wp-content\/uploads\/2023\/08\/705345_4157588903679_1136987468_o-e1693334157790.webp 1774w\" sizes=\"(max-width: 1024px) 100vw, 1024px\" \/>\n            <\/div>\n        <\/div><div class=\"eael-entry-wrapper\"><header class=\"eael-entry-header\"><h2 class=\"eael-entry-title\"><a class=\"eael-grid-post-link\" href=\"https:\/\/soymigrante.com\/revista\/elizabeth-coti-maestra-espanol-texas-guatemala\/\" title=\"Elizabeth Cot\u00ed: La maestra texana con ra\u00edces guatemaltecas que ense\u00f1a espa\u00f1ol\">Elizabeth Cot\u00ed: La maestra texana con ra\u00edces guatemaltecas que ense\u00f1a espa\u00f1ol<\/a><\/h2><\/header><div class=\"eael-entry-content\">\n                        <div class=\"eael-grid-post-excerpt\"><a href=\"https:\/\/soymigrante.com\/revista\/elizabeth-coti-maestra-espanol-texas-guatemala\/\" class=\"eael-post-elements-readmore-btn\">CONOCE SU HISTORIA <\/a><\/div>\n                    <\/div><\/div><\/div>\n        <\/div>\n    <\/article><\/div>\n            <div class=\"clearfix\"><\/div>\n        <\/div>\t\t\t\t<\/div>\n\t\t\t\t\t<\/div>\n\t\t\t\t<\/div>\n\t\t<div data-particle_enable=\"false\" data-particle-mobile-disabled=\"false\" class=\"elementor-element elementor-element-e991e03 e-flex e-con-boxed e-con e-parent\" data-id=\"e991e03\" data-element_type=\"container\" data-e-type=\"container\">\n\t\t\t\t\t<div class=\"e-con-inner\">\n\t\t\t\t<div class=\"elementor-element elementor-element-219402c elementor-widget elementor-widget-heading\" data-id=\"219402c\" data-element_type=\"widget\" data-e-type=\"widget\" data-widget_type=\"heading.default\">\n\t\t\t\t\t<h3 class=\"elementor-heading-title elementor-size-default\">Reencuentro de amor con mis ra\u00edces<\/h3>\t\t\t\t<\/div>\n\t\t\t\t\t<\/div>\n\t\t\t\t<\/div>\n\t\t<div data-particle_enable=\"false\" data-particle-mobile-disabled=\"false\" class=\"elementor-element elementor-element-e4fa8aa e-flex e-con-boxed e-con e-parent\" data-id=\"e4fa8aa\" data-element_type=\"container\" data-e-type=\"container\">\n\t\t\t\t\t<div class=\"e-con-inner\">\n\t\t\t\t<div class=\"elementor-element elementor-element-7caa277 elementor-widget elementor-widget-text-editor\" data-id=\"7caa277\" data-element_type=\"widget\" data-e-type=\"widget\" data-widget_type=\"text-editor.default\">\n\t\t\t\t\t\t\t\t\t<p><span style=\"color: var( --e-global-color-text ); text-align: var(--text-align);\">Planificar mi boda en <a href=\"https:\/\/soymigrante.com\/revista\/un-domingo-cualquiera-es-especial-en-la-antigua-guatemala\/\">Antigua Guatemala<\/a> fue un viaje inolvidable que no habr\u00eda sido libre de estr\u00e9s sin Fenny Torres. La impresionante belleza de la ciudad, su rica cultura y la comunidad acogedora la convirtieron en el lugar perfecto para celebrar el amor. Mientras esperamos nuestro d\u00eda de boda, estoy agradecida por las experiencias y recuerdos que Antigua me ha dado con la persona que m\u00e1s amo.<\/span><\/p><p><span style=\"color: var( --e-global-color-text ); text-align: var(--text-align);\">Despu\u00e9s de completar mis planes de boda en la encantadora ciudad de Antigua, Guatemala, me dirig\u00ed a Xela, tambi\u00e9n conocida como Quetzaltenango, para visitar y pasar tiempo de calidad con la familia. <a href=\"https:\/\/soymigrante.com\/revista\/historia-migrantes-guatemaltecos-hector-lupe\/\">Mis padres son originarios de Quetzaltenango.<\/a><\/span><\/p><p><span style=\"color: var( --e-global-color-text ); text-align: var(--text-align);\">Esperaba con ansias la familiaridad y hospitalidad que me esperaban en <a href=\"https:\/\/soymigrante.com\/revista\/quetzaltenango-500-15-datos-que-quiza-ya-sabias-o-tal-vez-no\/\">Xela<\/a>. El viaje de una hermosa ciudad a otra no solo me permiti\u00f3 reconectar con seres queridos, sino que tambi\u00e9n ofreci\u00f3 la oportunidad de experimentar m\u00e1s de la rica cultura de Guatemala.\u00a0<\/span><\/p><p><span style=\"color: var( --e-global-color-text ); text-align: var(--text-align);\">Estoy emocionada de que mi familia pueda ser parte de mi d\u00eda especial. Me alegra mucho haber elegido casarme en el pa\u00eds m\u00e1s hermoso, donde est\u00e1n mis ra\u00edces: <a href=\"https:\/\/soymigrante.com\/revista\/nombre-guatemala-cumple-500-anos-escrito-carta-conquistador-pedro-de-alvrado\/\">Guatemala<\/a>.<\/span><\/p>\t\t\t\t\t\t\t\t<\/div>\n\t\t\t\t\t<\/div>\n\t\t\t\t<\/div>\n\t\t<div data-particle_enable=\"false\" data-particle-mobile-disabled=\"false\" class=\"elementor-element elementor-element-61332d4 e-flex e-con-boxed e-con e-parent\" data-id=\"61332d4\" data-element_type=\"container\" data-e-type=\"container\">\n\t\t\t\t\t<div class=\"e-con-inner\">\n\t\t\t\t<div class=\"elementor-element elementor-element-746efc7 elementor-invisible elementor-widget elementor-widget-facebook-embed\" data-id=\"746efc7\" data-element_type=\"widget\" data-e-type=\"widget\" data-settings=\"{&quot;_animation&quot;:&quot;zoomInDown&quot;}\" data-widget_type=\"facebook-embed.default\">\n\t\t\t\t\t<div style=\"min-height: 1px\" class=\"elementor-facebook-widget fb-video\" data-href=\"https:\/\/www.facebook.com\/ecoti\/videos\/619983040704847\" data-show-text=\"false\" data-allowfullscreen=\"false\" data-autoplay=\"false\" data-show-captions=\"false\"><\/div>\t\t\t\t<\/div>\n\t\t\t\t\t<\/div>\n\t\t\t\t<\/div>\n\t\t<div data-particle_enable=\"false\" data-particle-mobile-disabled=\"false\" class=\"elementor-element elementor-element-76c328b e-flex e-con-boxed e-con e-parent\" data-id=\"76c328b\" data-element_type=\"container\" data-e-type=\"container\">\n\t\t\t\t\t<div class=\"e-con-inner\">\n\t\t\t\t<div class=\"elementor-element elementor-element-54e1197 elementor-widget elementor-widget-heading\" data-id=\"54e1197\" data-element_type=\"widget\" data-e-type=\"widget\" data-widget_type=\"heading.default\">\n\t\t\t\t\t<h2 class=\"elementor-heading-title elementor-size-default\">Esa incre\u00edble magia de Guatemala! <\/h2>\t\t\t\t<\/div>\n\t\t\t\t\t<\/div>\n\t\t\t\t<\/div>\n\t\t<div data-particle_enable=\"false\" data-particle-mobile-disabled=\"false\" class=\"elementor-element elementor-element-ece8d77 e-flex e-con-boxed e-con e-parent\" data-id=\"ece8d77\" data-element_type=\"container\" data-e-type=\"container\">\n\t\t\t\t\t<div class=\"e-con-inner\">\n\t\t\t\t<div class=\"elementor-element elementor-element-1b88910 elementor-grid-eael-col-3 elementor-grid-tablet-eael-col-2 elementor-grid-mobile-eael-col-1 elementor-widget elementor-widget-eael-post-grid\" data-id=\"1b88910\" data-element_type=\"widget\" data-e-type=\"widget\" data-settings=\"{&quot;eael_post_grid_columns&quot;:&quot;eael-col-3&quot;,&quot;eael_post_grid_columns_tablet&quot;:&quot;eael-col-2&quot;,&quot;eael_post_grid_columns_mobile&quot;:&quot;eael-col-1&quot;}\" data-widget_type=\"eael-post-grid.default\">\n\t\t\t\t\t<div id=\"eael-post-grid-1b88910\" class=\"eael-post-grid-container\">\n            <div class=\"eael-post-grid eael-post-appender eael-post-appender-1b88910 eael-post-grid-style-one\" data-layout-mode=\"masonry\"><article class=\"eael-grid-post  eael-post-grid-column eael-pg-post-363 category-guate-nuestra\" data-id=\"363\">\n        <div class=\"eael-grid-post-holder\">\n            <div class=\"eael-grid-post-holder-inner\"><div class=\"eael-entry-media\"><div class=\"eael-entry-overlay fade-in\"><i class=\"far fa-hand-pointer\" aria-hidden=\"true\"><\/i><a href=\"https:\/\/soymigrante.com\/revista\/atitlan-lago-de-atitlan\/\"><\/a><\/div><div class=\"eael-entry-thumbnail \">\n                <img decoding=\"async\" width=\"1024\" height=\"683\" src=\"https:\/\/soymigrante.com\/revista\/wp-content\/uploads\/2023\/03\/2-LAGO-ATITLAN-FOTO-ABEL-JUAREZ-1-1024x683.jpeg\" class=\"attachment-large size-large wp-image-681\" alt=\"\" srcset=\"https:\/\/soymigrante.com\/revista\/wp-content\/uploads\/2023\/03\/2-LAGO-ATITLAN-FOTO-ABEL-JUAREZ-1-1024x683.jpeg 1024w, https:\/\/soymigrante.com\/revista\/wp-content\/uploads\/2023\/03\/2-LAGO-ATITLAN-FOTO-ABEL-JUAREZ-1-300x200.webp 300w, https:\/\/soymigrante.com\/revista\/wp-content\/uploads\/2023\/03\/2-LAGO-ATITLAN-FOTO-ABEL-JUAREZ-1-768x512.jpeg 768w, https:\/\/soymigrante.com\/revista\/wp-content\/uploads\/2023\/03\/2-LAGO-ATITLAN-FOTO-ABEL-JUAREZ-1-1536x1024.jpeg 1536w, https:\/\/soymigrante.com\/revista\/wp-content\/uploads\/2023\/03\/2-LAGO-ATITLAN-FOTO-ABEL-JUAREZ-1-2048x1365.jpeg 2048w, https:\/\/soymigrante.com\/revista\/wp-content\/uploads\/2023\/03\/2-LAGO-ATITLAN-FOTO-ABEL-JUAREZ-1-750x500.webp 750w, https:\/\/soymigrante.com\/revista\/wp-content\/uploads\/2023\/03\/2-LAGO-ATITLAN-FOTO-ABEL-JUAREZ-1-1140x760.jpeg 1140w, https:\/\/soymigrante.com\/revista\/wp-content\/uploads\/2023\/03\/2-LAGO-ATITLAN-FOTO-ABEL-JUAREZ-1-600x400.jpeg 600w, https:\/\/soymigrante.com\/revista\/wp-content\/uploads\/2023\/03\/2-LAGO-ATITLAN-FOTO-ABEL-JUAREZ-1.webp 1920w\" sizes=\"(max-width: 1024px) 100vw, 1024px\" \/>\n            <\/div>\n        <\/div><div class=\"eael-entry-wrapper\"><header class=\"eael-entry-header\"><h2 class=\"eael-entry-title\"><a class=\"eael-grid-post-link\" href=\"https:\/\/soymigrante.com\/revista\/atitlan-lago-de-atitlan\/\" title=\"\u00bfQu\u00e9 profundidad tiene el lago de Atitl\u00e1n?&#8230; y otras preguntas con respuesta fascinante\">\u00bfQu\u00e9 profundidad tiene el lago de Atitl\u00e1n?&#8230; y otras preguntas con respuesta fascinante<\/a><\/h2><\/header><div class=\"eael-entry-content\">\n                        <div class=\"eael-grid-post-excerpt\"><a href=\"https:\/\/soymigrante.com\/revista\/atitlan-lago-de-atitlan\/\" class=\"eael-post-elements-readmore-btn\">CONOCE SU HISTORIA <\/a><\/div>\n                    <\/div><\/div><\/div>\n        <\/div>\n    <\/article><article class=\"eael-grid-post  eael-post-grid-column eael-pg-post-6562 category-guate-nuestra\" data-id=\"6562\">\n        <div class=\"eael-grid-post-holder\">\n            <div class=\"eael-grid-post-holder-inner\"><div class=\"eael-entry-media\"><div class=\"eael-entry-overlay fade-in\"><i class=\"far fa-hand-pointer\" aria-hidden=\"true\"><\/i><a href=\"https:\/\/soymigrante.com\/revista\/quetzaltenango-500-15-datos-que-quiza-ya-sabias-o-tal-vez-no\/\"><\/a><\/div><div class=\"eael-entry-thumbnail \">\n                <img decoding=\"async\" width=\"684\" height=\"683\" src=\"https:\/\/soymigrante.com\/revista\/wp-content\/uploads\/2024\/05\/Captura-de-pantalla-2024-05-22-173924.webp\" class=\"attachment-large size-large wp-image-6587\" alt=\"Templo historicismo con columnas y escalinata, imagen en sepia.\" srcset=\"https:\/\/soymigrante.com\/revista\/wp-content\/uploads\/2024\/05\/Captura-de-pantalla-2024-05-22-173924.webp 684w, https:\/\/soymigrante.com\/revista\/wp-content\/uploads\/2024\/05\/Captura-de-pantalla-2024-05-22-173924-300x300.webp 300w, https:\/\/soymigrante.com\/revista\/wp-content\/uploads\/2024\/05\/Captura-de-pantalla-2024-05-22-173924-150x150.webp 150w, https:\/\/soymigrante.com\/revista\/wp-content\/uploads\/2024\/05\/Captura-de-pantalla-2024-05-22-173924-75x75.webp 75w\" sizes=\"(max-width: 684px) 100vw, 684px\" \/>\n            <\/div>\n        <\/div><div class=\"eael-entry-wrapper\"><header class=\"eael-entry-header\"><h2 class=\"eael-entry-title\"><a class=\"eael-grid-post-link\" href=\"https:\/\/soymigrante.com\/revista\/quetzaltenango-500-15-datos-que-quiza-ya-sabias-o-tal-vez-no\/\" title=\"15 datos que quiz\u00e1 ya sab\u00edas o tal vez no acerca de la ciudad de Quetzaltenango\">15 datos que quiz\u00e1 ya sab\u00edas o tal vez no acerca de la ciudad de Quetzaltenango<\/a><\/h2><\/header><div class=\"eael-entry-content\">\n                        <div class=\"eael-grid-post-excerpt\"><a href=\"https:\/\/soymigrante.com\/revista\/quetzaltenango-500-15-datos-que-quiza-ya-sabias-o-tal-vez-no\/\" class=\"eael-post-elements-readmore-btn\">CONOCE SU HISTORIA <\/a><\/div>\n                    <\/div><\/div><\/div>\n        <\/div>\n    <\/article><article class=\"eael-grid-post  eael-post-grid-column eael-pg-post-6257 category-guate-nuestra tags-volcanes-de-guatemala\" data-id=\"6257\">\n        <div class=\"eael-grid-post-holder\">\n            <div class=\"eael-grid-post-holder-inner\"><div class=\"eael-entry-media\"><div class=\"eael-entry-overlay fade-in\"><i class=\"far fa-hand-pointer\" aria-hidden=\"true\"><\/i><a href=\"https:\/\/soymigrante.com\/revista\/laguna-de-chicabal-volcan-quetzaltenango-guatemala\/\"><\/a><\/div><div class=\"eael-entry-thumbnail \">\n                <img loading=\"lazy\" decoding=\"async\" width=\"1024\" height=\"683\" src=\"https:\/\/soymigrante.com\/revista\/wp-content\/uploads\/2024\/05\/283605236_375790244585293_6426920808319298456_n-1024x683.webp\" class=\"attachment-large size-large wp-image-6326\" alt=\"Espejo de agua en medio de la selva en un paisaje natural, mujer con los brazos abiertos disfrutando vista panor\u00e1mica en un destino ecotur\u00edstico, turismo de naturaleza y aventuras en Latinoam\u00e9rica.\" srcset=\"https:\/\/soymigrante.com\/revista\/wp-content\/uploads\/2024\/05\/283605236_375790244585293_6426920808319298456_n-1024x683.webp 1024w, https:\/\/soymigrante.com\/revista\/wp-content\/uploads\/2024\/05\/283605236_375790244585293_6426920808319298456_n-300x200.webp 300w, https:\/\/soymigrante.com\/revista\/wp-content\/uploads\/2024\/05\/283605236_375790244585293_6426920808319298456_n-768x512.webp 768w, https:\/\/soymigrante.com\/revista\/wp-content\/uploads\/2024\/05\/283605236_375790244585293_6426920808319298456_n-1536x1024.webp 1536w, https:\/\/soymigrante.com\/revista\/wp-content\/uploads\/2024\/05\/283605236_375790244585293_6426920808319298456_n-750x500.webp 750w, https:\/\/soymigrante.com\/revista\/wp-content\/uploads\/2024\/05\/283605236_375790244585293_6426920808319298456_n-1140x760.webp 1140w, https:\/\/soymigrante.com\/revista\/wp-content\/uploads\/2024\/05\/283605236_375790244585293_6426920808319298456_n.webp 1920w\" sizes=\"(max-width: 1024px) 100vw, 1024px\" \/>\n            <\/div>\n        <\/div><div class=\"eael-entry-wrapper\"><header class=\"eael-entry-header\"><h2 class=\"eael-entry-title\"><a class=\"eael-grid-post-link\" href=\"https:\/\/soymigrante.com\/revista\/laguna-de-chicabal-volcan-quetzaltenango-guatemala\/\" title=\"Laguna de Chicabal migr\u00f3 al cr\u00e1ter de un volc\u00e1n\">Laguna de Chicabal migr\u00f3 al cr\u00e1ter de un volc\u00e1n<\/a><\/h2><\/header><div class=\"eael-entry-content\">\n                        <div class=\"eael-grid-post-excerpt\"><a href=\"https:\/\/soymigrante.com\/revista\/laguna-de-chicabal-volcan-quetzaltenango-guatemala\/\" class=\"eael-post-elements-readmore-btn\">CONOCE SU HISTORIA <\/a><\/div>\n                    <\/div><\/div><\/div>\n        <\/div>\n    <\/article><\/div>\n            <div class=\"clearfix\"><\/div>\n        <\/div>\t\t\t\t<\/div>\n\t\t\t\t\t<\/div>\n\t\t\t\t<\/div>\n\t\t\t\t<\/div>\n\t\t","protected":false},"excerpt":{"rendered":"<p>Elizabeth Cot\u00ed, la maestra de Texas, de padres migrantes guatemaltecos, celebrar\u00e1 su boda en Antigua Guatemala en marzo 2025. As\u00ed cuenta, junto a Logan, su prometido, la visita que hicieron para los preparativos. Por Elizabet y Logan Desde que era una ni\u00f1a siempre dije: &#8220;Quiero casarme en Guatemala&#8221;. As\u00ed que ahora todos mis sue\u00f1os se [&hellip;]<\/p>\n","protected":false},"author":1,"featured_media":7635,"comment_status":"open","ping_status":"open","sticky":false,"template":"","format":"standard","meta":{"_acf_changed":false,"_eb_attr":"","footnotes":""},"categories":[56],"tags":[],"class_list":["post-7634","post","type-post","status-publish","format-standard","has-post-thumbnail","hentry","category-lugar-de-voces"],"acf":[],"aioseo_notices":[],"aioseo_head":"\n\t\t<!-- All in One SEO Pro 4.9.6.2 - aioseo.com -->\n\t<meta name=\"description\" content=\"La laguna de Chicabal, en San Mart\u00edn Sacatep\u00e9quez, Quetzaltenango es zona protegida por su riqueza ecol\u00f3gica y territorio ceremonial de la etnia mam.\" \/>\n\t<meta name=\"robots\" content=\"max-snippet:-1, max-image-preview:large, max-video-preview:-1\" \/>\n\t<meta name=\"author\" content=\"Mynor Toc\"\/>\n\t<link rel=\"canonical\" href=\"https:\/\/soymigrante.com\/revista\/laguna-de-chicabal-volcan-quetzaltenango-guatemala\/\" \/>\n\t<meta name=\"generator\" content=\"All in One SEO Pro (AIOSEO) 4.9.6.2\" \/>\n\n\t\t<link rel=\"preconnect\" href=\"https:\/\/fonts.googleapis.com\" crossorigin>\n<link rel=\"preconnect\" href=\"https:\/\/fonts.gstatic.com\" crossorigin>\n\t\t<meta property=\"og:locale\" content=\"es_ES\" \/>\n\t\t<meta property=\"og:site_name\" content=\"SoyMigrante.com REVISTA \u2013 Nuestra misi\u00f3n es reconocer y dignificar al migrante.\" \/>\n\t\t<meta property=\"og:type\" content=\"article\" \/>\n\t\t<meta property=\"og:title\" content=\"Laguna de Chicabal migr\u00f3 al cr\u00e1ter de un volc\u00e1n\" \/>\n\t\t<meta property=\"og:description\" content=\"La laguna de Chicabal, en San Mart\u00edn Sacatep\u00e9quez, Quetzaltenango es zona protegida por su riqueza ecol\u00f3gica y territorio ceremonial de la etnia mam.\" \/>\n\t\t<meta property=\"og:url\" content=\"https:\/\/soymigrante.com\/revista\/laguna-de-chicabal-volcan-quetzaltenango-guatemala\/\" \/>\n\t\t<meta property=\"og:image\" content=\"https:\/\/soymigrante.com\/revista\/wp-content\/uploads\/2024\/05\/283605236_375790244585293_6426920808319298456_n.webp\" \/>\n\t\t<meta property=\"og:image:secure_url\" content=\"https:\/\/soymigrante.com\/revista\/wp-content\/uploads\/2024\/05\/283605236_375790244585293_6426920808319298456_n.webp\" \/>\n\t\t<meta property=\"og:image:width\" content=\"1920\" \/>\n\t\t<meta property=\"og:image:height\" content=\"1280\" \/>\n\t\t<meta property=\"article:published_time\" content=\"2024-05-09T14:41:54+00:00\" \/>\n\t\t<meta property=\"article:modified_time\" content=\"2025-06-12T14:30:08+00:00\" \/>\n\t\t<meta property=\"article:publisher\" content=\"https:\/\/www.facebook.com\/soymigrantecom\" \/>\n\t\t<meta name=\"twitter:card\" content=\"summary_large_image\" \/>\n\t\t<meta name=\"twitter:site\" content=\"@SoyMigrante_com\" \/>\n\t\t<meta name=\"twitter:title\" content=\"Laguna de Chicabal migr\u00f3 al cr\u00e1ter de un volc\u00e1n\" \/>\n\t\t<meta name=\"twitter:description\" content=\"La laguna de Chicabal, en San Mart\u00edn Sacatep\u00e9quez, Quetzaltenango es zona protegida por su riqueza ecol\u00f3gica y territorio ceremonial de la etnia mam.\" \/>\n\t\t<meta name=\"twitter:creator\" content=\"@SoyMigrante_com\" \/>\n\t\t<meta name=\"twitter:image\" content=\"https:\/\/soymigrante.com\/revista\/wp-content\/uploads\/2024\/05\/283605236_375790244585293_6426920808319298456_n.webp\" \/>\n\t\t<!-- All in One SEO Pro -->\r\n\t\t<title>Laguna de Chicabal migr\u00f3 al cr\u00e1ter de un volc\u00e1n<\/title>\n\n","aioseo_head_json":{"title":"Laguna de Chicabal migr\u00f3 al cr\u00e1ter de un volc\u00e1n","description":"La laguna de Chicabal, en San Mart\u00edn Sacatep\u00e9quez, Quetzaltenango es zona protegida por su riqueza ecol\u00f3gica y territorio ceremonial de la etnia mam.","canonical_url":"https:\/\/soymigrante.com\/revista\/laguna-de-chicabal-volcan-quetzaltenango-guatemala\/","robots":"max-snippet:-1, max-image-preview:large, max-video-preview:-1","keywords":"","webmasterTools":{"miscellaneous":"&lt;link rel=\"preconnect\" href=\"https:\/\/fonts.googleapis.com\" crossorigin&gt;\n&lt;link rel=\"preconnect\" href=\"https:\/\/fonts.gstatic.com\" crossorigin&gt;"},"schema":null,"og:locale":"es_ES","og:site_name":"SoyMigrante.com REVISTA \u2013 Nuestra misi\u00f3n es reconocer y dignificar al migrante.","og:type":"article","og:title":"Laguna de Chicabal migr\u00f3 al cr\u00e1ter de un volc\u00e1n","og:description":"La laguna de Chicabal, en San Mart\u00edn Sacatep\u00e9quez, Quetzaltenango es zona protegida por su riqueza ecol\u00f3gica y territorio ceremonial de la etnia mam.","og:url":"https:\/\/soymigrante.com\/revista\/laguna-de-chicabal-volcan-quetzaltenango-guatemala\/","og:image":"https:\/\/soymigrante.com\/revista\/wp-content\/uploads\/2024\/05\/283605236_375790244585293_6426920808319298456_n.webp","og:image:secure_url":"https:\/\/soymigrante.com\/revista\/wp-content\/uploads\/2024\/05\/283605236_375790244585293_6426920808319298456_n.webp","og:image:width":1920,"og:image:height":1280,"article:published_time":"2024-05-09T14:41:54+00:00","article:modified_time":"2025-06-12T14:30:08+00:00","article:publisher":"https:\/\/www.facebook.com\/soymigrantecom","twitter:card":"summary_large_image","twitter:site":"@SoyMigrante_com","twitter:title":"Laguna de Chicabal migr\u00f3 al cr\u00e1ter de un volc\u00e1n","twitter:description":"La laguna de Chicabal, en San Mart\u00edn Sacatep\u00e9quez, Quetzaltenango es zona protegida por su riqueza ecol\u00f3gica y territorio ceremonial de la etnia mam.","twitter:creator":"@SoyMigrante_com","twitter:image":"https:\/\/soymigrante.com\/revista\/wp-content\/uploads\/2024\/05\/283605236_375790244585293_6426920808319298456_n.webp"},"aioseo_meta_data":{"post_id":"7634","title":null,"description":"Elizabeth Cot\u00ed, hija de migrantes guatemaltecos, es la maestra de espa\u00f1ol de Texas que se hizo viral por ense\u00f1ar con canciones. Estuvo en Antigua para planificar su boda.","keywords":null,"keyphrases":{"focus":{"keyphrase":"Antigua Guatemala","score":82,"analysis":{"keyphraseInTitle":{"score":9,"maxScore":9,"error":0},"keyphraseInDescription":{"score":3,"maxScore":9,"error":1},"keyphraseLength":{"score":9,"maxScore":9,"error":0,"length":2},"keyphraseInURL":{"score":5,"maxScore":5,"error":0},"keyphraseInIntroduction":{"score":3,"maxScore":9,"error":1},"keyphraseInSubHeadings":{"score":9,"maxScore":9,"error":0},"keyphraseInImageAlt":{"score":9,"maxScore":9,"error":0},"keywordDensity":{"type":"best","score":9,"maxScore":9,"error":0}}},"additional":[{"keyphrase":"Bodas en Antigua Guatemala","score":40,"analysis":{"keyphraseInDescription":{"score":3,"maxScore":9,"error":1},"keyphraseLength":{"score":9,"maxScore":9,"error":0,"length":4},"keyphraseInIntroduction":{"score":3,"maxScore":9,"error":1},"keyphraseInImageAlt":{"score":3,"maxScore":9,"error":1},"keywordDensity":{"score":0,"type":"low","maxScore":9,"error":1}}},{"keyphrase":"Migrantes","score":87,"analysis":{"keyphraseInDescription":{"score":9,"maxScore":9,"error":0},"keyphraseLength":{"score":9,"maxScore":9,"error":0,"length":1},"keyphraseInIntroduction":{"score":3,"maxScore":9,"error":1},"keyphraseInImageAlt":{"score":9,"maxScore":9,"error":0},"keywordDensity":{"type":"best","score":9,"maxScore":9,"error":0}}}]},"primary_term":null,"canonical_url":null,"og_title":null,"og_description":null,"og_object_type":"default","og_image_type":"default","og_image_url":null,"og_image_width":null,"og_image_height":null,"og_image_custom_url":null,"og_image_custom_fields":null,"og_video":"","og_custom_url":null,"og_article_section":null,"og_article_tags":null,"twitter_use_og":false,"twitter_card":"default","twitter_image_type":"default","twitter_image_url":null,"twitter_image_custom_url":null,"twitter_image_custom_fields":null,"twitter_title":null,"twitter_description":null,"schema":{"blockGraphs":[],"customGraphs":[],"default":{"data":{"Article":[],"Course":[],"Dataset":[],"FAQPage":[],"Movie":[],"Person":[],"Product":[],"ProductReview":[],"Car":[],"Recipe":[],"Service":[],"SoftwareApplication":[],"WebPage":[]},"graphName":"Article","isEnabled":true},"graphs":[]},"schema_type":"default","schema_type_options":null,"pillar_content":false,"robots_default":true,"robots_noindex":false,"robots_noarchive":false,"robots_nosnippet":false,"robots_nofollow":false,"robots_noimageindex":false,"robots_noodp":false,"robots_notranslate":false,"robots_max_snippet":"-1","robots_max_videopreview":"-1","robots_max_imagepreview":"large","priority":null,"frequency":"default","local_seo":null,"seo_analyzer_scan_date":"2025-10-09 02:38:16","breadcrumb_settings":null,"limit_modified_date":false,"reviewed_by":null,"open_ai":"{\"title\":{\"suggestions\":[],\"usage\":0},\"description\":{\"suggestions\":[],\"usage\":0}}","ai":null,"created":"2024-07-24 19:21:39","updated":"2026-02-04 21:16:51"},"aioseo_breadcrumb":"<div class=\"aioseo-breadcrumbs\"><span class=\"aioseo-breadcrumb\">\n\t<a href=\"https:\/\/soymigrante.com\/revista\" title=\"Home\">Home<\/a>\n<\/span><span class=\"aioseo-breadcrumb-separator\">\u00bb<\/span><span class=\"aioseo-breadcrumb\">\n\t<a href=\"https:\/\/soymigrante.com\/revista\/category\/estamos-unidos\/\" title=\"Estamos Unidos\">Estamos Unidos<\/a>\n<\/span><span class=\"aioseo-breadcrumb-separator\">\u00bb<\/span><span class=\"aioseo-breadcrumb\">\n\t<a href=\"https:\/\/soymigrante.com\/revista\/category\/estamos-unidos\/lugar-de-voces\/\" title=\"Lugar de Voces\">Lugar de Voces<\/a>\n<\/span><span class=\"aioseo-breadcrumb-separator\">\u00bb<\/span><span class=\"aioseo-breadcrumb\">\n\tUn gran sue\u00f1o de amor que llega desde Texas hasta Antigua Guatemala\n<\/span><\/div>","aioseo_breadcrumb_json":[{"label":"Home","link":"https:\/\/soymigrante.com\/revista"},{"label":"Estamos Unidos","link":"https:\/\/soymigrante.com\/revista\/category\/estamos-unidos\/"},{"label":"Lugar de Voces","link":"https:\/\/soymigrante.com\/revista\/category\/estamos-unidos\/lugar-de-voces\/"},{"label":"Un gran sue\u00f1o de amor que llega desde Texas hasta Antigua Guatemala","link":"https:\/\/soymigrante.com\/revista\/un-gran-sueno-de-amor-en-antigua-guatemala\/"}],"_links":{"self":[{"href":"https:\/\/soymigrante.com\/revista\/wp-json\/wp\/v2\/posts\/7634","targetHints":{"allow":["GET"]}}],"collection":[{"href":"https:\/\/soymigrante.com\/revista\/wp-json\/wp\/v2\/posts"}],"about":[{"href":"https:\/\/soymigrante.com\/revista\/wp-json\/wp\/v2\/types\/post"}],"author":[{"embeddable":true,"href":"https:\/\/soymigrante.com\/revista\/wp-json\/wp\/v2\/users\/1"}],"replies":[{"embeddable":true,"href":"https:\/\/soymigrante.com\/revista\/wp-json\/wp\/v2\/comments?post=7634"}],"version-history":[{"count":0,"href":"https:\/\/soymigrante.com\/revista\/wp-json\/wp\/v2\/posts\/7634\/revisions"}],"wp:featuredmedia":[{"embeddable":true,"href":"https:\/\/soymigrante.com\/revista\/wp-json\/wp\/v2\/media\/7635"}],"wp:attachment":[{"href":"https:\/\/soymigrante.com\/revista\/wp-json\/wp\/v2\/media?parent=7634"}],"wp:term":[{"taxonomy":"category","embeddable":true,"href":"https:\/\/soymigrante.com\/revista\/wp-json\/wp\/v2\/categories?post=7634"},{"taxonomy":"post_tag","embeddable":true,"href":"https:\/\/soymigrante.com\/revista\/wp-json\/wp\/v2\/tags?post=7634"}],"curies":[{"name":"wp","href":"https:\/\/api.w.org\/{rel}","templated":true}]}}