{"id":7625,"date":"2024-07-23T15:43:41","date_gmt":"2024-07-23T21:43:41","guid":{"rendered":"https:\/\/soymigrante.com\/revista\/?p=7625"},"modified":"2024-07-30T16:45:43","modified_gmt":"2024-07-30T22:45:43","slug":"elizabeth-calderon-un-tps-me-permitiria-abrazar-otra-vez-a-mis-hijos","status":"publish","type":"post","link":"https:\/\/soymigrante.com\/revista\/elizabeth-calderon-un-tps-me-permitiria-abrazar-otra-vez-a-mis-hijos\/","title":{"rendered":"Mrs. Red Migrante Elizabeth Calder\u00f3n: &#8220;Con un TPS podr\u00eda abrazar otra vez a mis hijos&#8221;"},"content":{"rendered":"\t\t<div data-elementor-type=\"wp-post\" data-elementor-id=\"7625\" class=\"elementor elementor-7625\" data-elementor-post-type=\"post\">\n\t\t\t\t<div data-particle_enable=\"false\" data-particle-mobile-disabled=\"false\" class=\"elementor-element elementor-element-5ff8e65 e-flex e-con-boxed e-con e-parent\" data-id=\"5ff8e65\" data-element_type=\"container\" data-e-type=\"container\">\n\t\t\t\t\t<div class=\"e-con-inner\">\n\t\t\t\t<div class=\"elementor-element elementor-element-53dadb8 elementor-widget elementor-widget-heading\" data-id=\"53dadb8\" data-element_type=\"widget\" data-e-type=\"widget\" data-widget_type=\"heading.default\">\n\t\t\t\t\t<h2 class=\"elementor-heading-title elementor-size-default\"><span style=\"font-size: 31.2px\">Originaria de El Asintal, Retalhuleu, Ver\u00f3nica Elizabeth Calder\u00f3n fue electa Mrs. Red Migrante Guatemalteca 2024. Sobrevivi\u00f3 a 2 meses de coma por covid, tard\u00f3 a\u00f1o y medio en recuperarse, pero sus objetivos de solidaridad y amor son hoy m\u00e1s fuertes que nunca. \n<\/span><div><br><\/div><\/h2>\t\t\t\t<\/div>\n\t\t\t\t\t<\/div>\n\t\t\t\t<\/div>\n\t\t<div data-particle_enable=\"false\" data-particle-mobile-disabled=\"false\" class=\"elementor-element elementor-element-ca6081f e-flex e-con-boxed e-con e-parent\" data-id=\"ca6081f\" data-element_type=\"container\" data-e-type=\"container\">\n\t\t\t\t\t<div class=\"e-con-inner\">\n\t\t\t\t<div class=\"elementor-element elementor-element-568fa9f elementor-widget elementor-widget-text-editor\" data-id=\"568fa9f\" data-element_type=\"widget\" data-e-type=\"widget\" data-widget_type=\"text-editor.default\">\n\t\t\t\t\t\t\t\t\t<p>Cuando Ver\u00f3nica despert\u00f3 no sab\u00eda donde estaba. Pens\u00f3 que en un hospital de Guatemala. Pero estaba en Los Angeles. Hab\u00eda estado casi dos meses en coma inducido para tratar el covid-19. Cuando la entubaron no sab\u00eda si iba a sobrevivir, solo se encomend\u00f3 a Dios y se despidi\u00f3 de sus hijos, en Guatemala, a trav\u00e9s de una llamada. Era marzo de 2020. Despert\u00f3 en mayo.<\/p><p>La recuperaci\u00f3n tard\u00f3 a\u00f1o y medio, pero volvi\u00f3 a trabajar, a seguir luchando por sus hijos. La hermandad de otros guatemaltecos migrantes fue vital. Apoya la campa\u00f1a de TPS Guatemalteco y el s\u00e1bado 20 de julio fue electa Mrs. Red Migrante Guatemalteca 2024, entre 16 aspirantes, todas con cualidades, m\u00e9ritos y trayectoria.<\/p><p>Es originaria de El Asintal Retalhuleu, tiene 9 a\u00f1os en Estados Unidos. Tiene un gran sue\u00f1o, cada vez m\u00e1s fuerte y esta es su historia.<\/p>\t\t\t\t\t\t\t\t<\/div>\n\t\t\t\t\t<\/div>\n\t\t\t\t<\/div>\n\t\t<div data-particle_enable=\"false\" data-particle-mobile-disabled=\"false\" class=\"elementor-element elementor-element-bf0dda9 e-flex e-con-boxed e-con e-parent\" data-id=\"bf0dda9\" data-element_type=\"container\" data-e-type=\"container\">\n\t\t\t\t\t<div class=\"e-con-inner\">\n\t\t\t\t<div class=\"elementor-element elementor-element-7fe150a elementor-widget elementor-widget-image\" data-id=\"7fe150a\" data-element_type=\"widget\" data-e-type=\"widget\" data-widget_type=\"image.default\">\n\t\t\t\t\t\t\t\t\t\t\t\t<figure class=\"wp-caption\">\n\t\t\t\t\t\t\t\t\t\t<img fetchpriority=\"high\" decoding=\"async\" width=\"768\" height=\"554\" src=\"https:\/\/soymigrante.com\/revista\/wp-content\/uploads\/2024\/07\/mrs-red-migrante-guatemalteca-2024-1-1-1024x739.webp\" class=\"attachment-large size-large wp-image-7585\" alt=\"Cinco mujeres en coronas y trajes elegantes en un escenario durante un evento de belleza y cultura.\" srcset=\"https:\/\/soymigrante.com\/revista\/wp-content\/uploads\/2024\/07\/mrs-red-migrante-guatemalteca-2024-1-1-1024x739.webp 1024w, https:\/\/soymigrante.com\/revista\/wp-content\/uploads\/2024\/07\/mrs-red-migrante-guatemalteca-2024-1-1-300x216.webp 300w, https:\/\/soymigrante.com\/revista\/wp-content\/uploads\/2024\/07\/mrs-red-migrante-guatemalteca-2024-1-1-768x554.webp 768w, https:\/\/soymigrante.com\/revista\/wp-content\/uploads\/2024\/07\/mrs-red-migrante-guatemalteca-2024-1-1-1536x1108.webp 1536w, https:\/\/soymigrante.com\/revista\/wp-content\/uploads\/2024\/07\/mrs-red-migrante-guatemalteca-2024-1-1-120x86.webp 120w, https:\/\/soymigrante.com\/revista\/wp-content\/uploads\/2024\/07\/mrs-red-migrante-guatemalteca-2024-1-1-750x541.webp 750w, https:\/\/soymigrante.com\/revista\/wp-content\/uploads\/2024\/07\/mrs-red-migrante-guatemalteca-2024-1-1-1140x822.webp 1140w, https:\/\/soymigrante.com\/revista\/wp-content\/uploads\/2024\/07\/mrs-red-migrante-guatemalteca-2024-1-1.webp 1600w\" sizes=\"(max-width: 768px) 100vw, 768px\" title=\"En esta magn\u00edfica fotograf\u00eda de Edgar Ch\u00e1vez lucen las cuatro participantes reconocidas en la velada de elecci\u00f3n de  Mrs. Red Migrante Guatemalteca. \u2013 SoyMigrante.com REVISTA\" \/>\t\t\t\t\t\t\t\t\t\t\t<figcaption class=\"widget-image-caption wp-caption-text\">En esta foto de Edgar Ch\u00e1vez, Ver\u00f3nica Elizabeth posa junto a las otras candidatas galardonadas durante la noche de Mrs. Red Migrante 2024, celebrada en Los Angeles, California.<\/figcaption>\n\t\t\t\t\t\t\t\t\t\t<\/figure>\n\t\t\t\t\t\t\t\t\t<\/div>\n\t\t\t\t\t<\/div>\n\t\t\t\t<\/div>\n\t\t<div data-particle_enable=\"false\" data-particle-mobile-disabled=\"false\" class=\"elementor-element elementor-element-0a841f8 e-flex e-con-boxed e-con e-parent\" data-id=\"0a841f8\" data-element_type=\"container\" data-e-type=\"container\">\n\t\t\t\t\t<div class=\"e-con-inner\">\n\t\t\t\t<div class=\"elementor-element elementor-element-c6a58d2 elementor-widget elementor-widget-heading\" data-id=\"c6a58d2\" data-element_type=\"widget\" data-e-type=\"widget\" data-widget_type=\"heading.default\">\n\t\t\t\t\t<h4 class=\"elementor-heading-title elementor-size-default\">Ud. naci\u00f3 en El Asintal... justo donde est\u00e1 Takalik Abaj, uno de los m\u00e1s grandes sitios mayas de la Costa Sur de Guatemala<\/h4>\t\t\t\t<\/div>\n\t\t\t\t\t<\/div>\n\t\t\t\t<\/div>\n\t\t<div data-particle_enable=\"false\" data-particle-mobile-disabled=\"false\" class=\"elementor-element elementor-element-d296a12 e-flex e-con-boxed e-con e-parent\" data-id=\"d296a12\" data-element_type=\"container\" data-e-type=\"container\">\n\t\t\t\t\t<div class=\"e-con-inner\">\n\t\t\t\t<div class=\"elementor-element elementor-element-6645574 elementor-widget elementor-widget-text-editor\" data-id=\"6645574\" data-element_type=\"widget\" data-e-type=\"widget\" data-widget_type=\"text-editor.default\">\n\t\t\t\t\t\t\t\t\t<p><span style=\"color: var( --e-global-color-text ); text-align: var(--text-align);\">Eso es, exactamente uno de los primeros asentamientos de los Mayas en la costa sur, que recibe muchos visitantes.\u00a0 El Asintal, Retalhuleu es donde nac\u00ed, crec\u00ed, viv\u00ed mi adolescencia. Cuando llegaros los b\u00e1sicos ten\u00eda que ir al municipio de Nuevo San Carlos. Form\u00e9 mi familia, mis hijos viven all\u00ed&#8230; Pero un d\u00eda tuve que salir hacia\u00a0 Estados Unidos en busca de oportunidad laboral, para apoyar a mi familia.<\/span><\/p>\t\t\t\t\t\t\t\t<\/div>\n\t\t\t\t\t<\/div>\n\t\t\t\t<\/div>\n\t\t<div data-particle_enable=\"false\" data-particle-mobile-disabled=\"false\" class=\"elementor-element elementor-element-cd3fcc7 e-flex e-con-boxed e-con e-parent\" data-id=\"cd3fcc7\" data-element_type=\"container\" data-e-type=\"container\">\n\t\t\t\t\t<div class=\"e-con-inner\">\n\t\t\t\t<div class=\"elementor-element elementor-element-ccab596 elementor-widget elementor-widget-heading\" data-id=\"ccab596\" data-element_type=\"widget\" data-e-type=\"widget\" data-widget_type=\"heading.default\">\n\t\t\t\t\t<h4 class=\"elementor-heading-title elementor-size-default\">Lleva 9 a\u00f1os en EE.UU. \u00bfQu\u00e9 es lo que m\u00e1s extra\u00f1a de su tierra?<\/h4>\t\t\t\t<\/div>\n\t\t\t\t\t<\/div>\n\t\t\t\t<\/div>\n\t\t<div data-particle_enable=\"false\" data-particle-mobile-disabled=\"false\" class=\"elementor-element elementor-element-50ef23c e-flex e-con-boxed e-con e-parent\" data-id=\"50ef23c\" data-element_type=\"container\" data-e-type=\"container\">\n\t\t\t\t\t<div class=\"e-con-inner\">\n\t\t\t\t<div class=\"elementor-element elementor-element-b575a35 elementor-widget elementor-widget-text-editor\" data-id=\"b575a35\" data-element_type=\"widget\" data-e-type=\"widget\" data-widget_type=\"text-editor.default\">\n\t\t\t\t\t\t\t\t\t<p><span style=\"color: var( --e-global-color-text ); text-align: var(--text-align);\">\u00a0La verdad, primeramente a la familia. Uno deja a hijos, deja a sus padres y uno est\u00e1 aqu\u00ed en Estados Unidos en el momento cuando m\u00e1s sus padres lo necesitan. He estado pasando una etapa muy dif\u00edcil, porque mi madre falleci\u00f3 en enero pasado.<\/span><\/p><p>Y la verdad, \u00a1Cu\u00e1nto hubiera querido poder estar ah\u00ed con ella cuando ella m\u00e1s me necesitaba. Y darle el \u00faltimo beso, la despedida.<\/p>\t\t\t\t\t\t\t\t<\/div>\n\t\t\t\t\t<\/div>\n\t\t\t\t<\/div>\n\t\t<div data-particle_enable=\"false\" data-particle-mobile-disabled=\"false\" class=\"elementor-element elementor-element-b48c9b9 e-flex e-con-boxed e-con e-parent\" data-id=\"b48c9b9\" data-element_type=\"container\" data-e-type=\"container\">\n\t\t\t\t\t<div class=\"e-con-inner\">\n\t\t\t\t<div class=\"elementor-element elementor-element-8b10ad6 elementor-widget elementor-widget-heading\" data-id=\"8b10ad6\" data-element_type=\"widget\" data-e-type=\"widget\" data-widget_type=\"heading.default\">\n\t\t\t\t\t<h4 class=\"elementor-heading-title elementor-size-default\">Lo siento mucho... <\/h4>\t\t\t\t<\/div>\n\t\t\t\t\t<\/div>\n\t\t\t\t<\/div>\n\t\t<div data-particle_enable=\"false\" data-particle-mobile-disabled=\"false\" class=\"elementor-element elementor-element-af4456a e-flex e-con-boxed e-con e-parent\" data-id=\"af4456a\" data-element_type=\"container\" data-e-type=\"container\">\n\t\t\t\t\t<div class=\"e-con-inner\">\n\t\t\t\t<div class=\"elementor-element elementor-element-a44e4cb elementor-widget elementor-widget-text-editor\" data-id=\"a44e4cb\" data-element_type=\"widget\" data-e-type=\"widget\" data-widget_type=\"text-editor.default\">\n\t\t\t\t\t\t\t\t\t<p><span style=\"color: var( --e-global-color-text ); text-align: var(--text-align);\">No fue f\u00e1cil. Ver\u00e1, lo que pasa es que ella ten\u00eda la enfermedad del Alzheimer desde que yo me vine a Estados Unidos. La llamaba por videollamada, pero ella no me reconoc\u00eda. Yo solo la miraba, la saludaba, pero no me recordaba en el momento.<\/span><\/p><p>Mi pap\u00e1 me cuenta que a veces, por ratos preguntaba por m\u00ed, se acordaba. Ten\u00eda leves momentos de consciencia y dec\u00eda que a qu\u00e9 horas yo iba a regresar. Fue duro.<\/p>\t\t\t\t\t\t\t\t<\/div>\n\t\t\t\t\t<\/div>\n\t\t\t\t<\/div>\n\t\t<div data-particle_enable=\"false\" data-particle-mobile-disabled=\"false\" class=\"elementor-element elementor-element-abf73f5 e-flex e-con-boxed e-con e-parent\" data-id=\"abf73f5\" data-element_type=\"container\" data-e-type=\"container\">\n\t\t\t\t\t<div class=\"e-con-inner\">\n\t\t\t\t<div class=\"elementor-element elementor-element-f5cc158 elementor-widget elementor-widget-heading\" data-id=\"f5cc158\" data-element_type=\"widget\" data-e-type=\"widget\" data-widget_type=\"heading.default\">\n\t\t\t\t\t<h4 class=\"elementor-heading-title elementor-size-default\">Imagino que eso hizo dif\u00edcil su decisi\u00f3n de migrar<\/h4>\t\t\t\t<\/div>\n\t\t\t\t\t<\/div>\n\t\t\t\t<\/div>\n\t\t<div data-particle_enable=\"false\" data-particle-mobile-disabled=\"false\" class=\"elementor-element elementor-element-e0bf6a2 e-flex e-con-boxed e-con e-parent\" data-id=\"e0bf6a2\" data-element_type=\"container\" data-e-type=\"container\">\n\t\t\t\t\t<div class=\"e-con-inner\">\n\t\t\t\t<div class=\"elementor-element elementor-element-c66239b elementor-widget elementor-widget-text-editor\" data-id=\"c66239b\" data-element_type=\"widget\" data-e-type=\"widget\" data-widget_type=\"text-editor.default\">\n\t\t\t\t\t\t\t\t\t<p><span style=\"color: var( --e-global-color-text ); text-align: var(--text-align);\">\u00a0S\u00ed, la necesidad econ\u00f3mica, ten\u00eda que sacar adelante a mis hijos. Yo le dije a mi pap\u00e1 de mi decisi\u00f3n y \u00e9l me entendi\u00f3. &#8220;Est\u00e1 bien hija, v\u00e1yase y Dios que vaya con usted&#8221; me dijo. Pude ayudarles en lo econ\u00f3mico, pero no es lo mismo. Hace falta abrazarlos, pero sigo apoy\u00e1ndolos.\u00a0<\/span><\/p><p>Gracias a Dios mi hija ya es graduada como abogada. Mi hijo va tras la carrera de Medicina y yo les apoyo.\u00a0<\/p><div>\u00a0<\/div>\t\t\t\t\t\t\t\t<\/div>\n\t\t\t\t\t<\/div>\n\t\t\t\t<\/div>\n\t\t<div data-particle_enable=\"false\" data-particle-mobile-disabled=\"false\" class=\"elementor-element elementor-element-6e604e0 e-flex e-con-boxed e-con e-parent\" data-id=\"6e604e0\" data-element_type=\"container\" data-e-type=\"container\">\n\t\t\t\t\t<div class=\"e-con-inner\">\n\t\t\t\t<div class=\"elementor-element elementor-element-7fe88cb elementor-widget elementor-widget-image\" data-id=\"7fe88cb\" data-element_type=\"widget\" data-e-type=\"widget\" data-widget_type=\"image.default\">\n\t\t\t\t\t\t\t\t\t\t\t\t\t\t\t<img decoding=\"async\" width=\"768\" height=\"768\" src=\"https:\/\/soymigrante.com\/revista\/wp-content\/uploads\/2024\/07\/red-migrante-guatemalteca.webp\" class=\"attachment-large size-large wp-image-7628\" alt=\"Hermosa mujer con vestido blanco y tacones rojos, disfrutando de una tarde en la calle, representando la cultura y el estilo de las comunidades migrantes en Estados Unidos.\" srcset=\"https:\/\/soymigrante.com\/revista\/wp-content\/uploads\/2024\/07\/red-migrante-guatemalteca.webp 960w, https:\/\/soymigrante.com\/revista\/wp-content\/uploads\/2024\/07\/red-migrante-guatemalteca-300x300.webp 300w, https:\/\/soymigrante.com\/revista\/wp-content\/uploads\/2024\/07\/red-migrante-guatemalteca-150x150.webp 150w, https:\/\/soymigrante.com\/revista\/wp-content\/uploads\/2024\/07\/red-migrante-guatemalteca-768x768.webp 768w, https:\/\/soymigrante.com\/revista\/wp-content\/uploads\/2024\/07\/red-migrante-guatemalteca-75x75.webp 75w, https:\/\/soymigrante.com\/revista\/wp-content\/uploads\/2024\/07\/red-migrante-guatemalteca-750x750.webp 750w\" sizes=\"(max-width: 768px) 100vw, 768px\" title=\"Ver\u00f3nica Elizabeth en una fotograf\u00eda de 2019. Pr\u00e1cticamente desde su llegada a EE.UU. trabaj\u00f3 en limpieza y en cuidado de ni\u00f1os. Tambi\u00e9n fue ese el tiempo en el que comenz\u00f3 a integrarse a los emprendimientos de Red Migrante Guatemalteca en Los Angeles. (Foto Facebook) \u2013 SoyMigrante.com REVISTA\" \/>\t\t\t\t\t\t\t\t\t\t\t\t\t\t\t<\/div>\n\t\t\t\t\t<\/div>\n\t\t\t\t<\/div>\n\t\t<div data-particle_enable=\"false\" data-particle-mobile-disabled=\"false\" class=\"elementor-element elementor-element-3e20a2a e-flex e-con-boxed e-con e-parent\" data-id=\"3e20a2a\" data-element_type=\"container\" data-e-type=\"container\">\n\t\t\t\t\t<div class=\"e-con-inner\">\n\t\t\t\t<div class=\"elementor-element elementor-element-ae50de5 elementor-widget elementor-widget-heading\" data-id=\"ae50de5\" data-element_type=\"widget\" data-e-type=\"widget\" data-widget_type=\"heading.default\">\n\t\t\t\t\t<h4 class=\"elementor-heading-title elementor-size-default\">Tengo entendido seg\u00fan conversaci\u00f3n previa, que sobrevivi\u00f3 al covid, tras estar en coma... \u00bfqu\u00e9 nos puede contar?<\/h4>\t\t\t\t<\/div>\n\t\t\t\t\t<\/div>\n\t\t\t\t<\/div>\n\t\t<div data-particle_enable=\"false\" data-particle-mobile-disabled=\"false\" class=\"elementor-element elementor-element-ae8ea52 e-flex e-con-boxed e-con e-parent\" data-id=\"ae8ea52\" data-element_type=\"container\" data-e-type=\"container\">\n\t\t\t\t\t<div class=\"e-con-inner\">\n\t\t\t\t<div class=\"elementor-element elementor-element-9aa7eed elementor-widget elementor-widget-text-editor\" data-id=\"9aa7eed\" data-element_type=\"widget\" data-e-type=\"widget\" data-widget_type=\"text-editor.default\">\n\t\t\t\t\t\t\t\t\t<p><span style=\"color: var( --e-global-color-text ); text-align: var(--text-align);\">&nbsp;Yo trabaj\u00e9 por varios a\u00f1os en una casa de familia. Hac\u00eda&nbsp;<\/span><span style=\"color: var( --e-global-color-text ); text-align: var(--text-align);\">Housekeeping y cuidando ni\u00f1os. Pr\u00e1cticamente viv\u00eda all\u00ed en la semana y el fin de semana sal\u00eda. En eso vino la pandemia, pero segu\u00ed trabajando.<\/span><\/p>\n<p><span style=\"color: var( --e-global-color-text ); text-align: var(--text-align);\">Un viernes sal\u00ed de trabajar y el s\u00e1bado me sent\u00ed enferma. Estuve tres d\u00edas en casa, pens\u00e9 que era gripe, pero me hicieron prueba y sal\u00ed positiva de covid. Me dieron tratamiento, pero no funcion\u00f3&#8230;&nbsp;<\/span><\/p>\n<p><span style=\"color: var( --e-global-color-text ); text-align: var(--text-align);\">Me sent\u00ed muy mal, no pod\u00eda m\u00e1s y tuvieron que internarme. Fue muy dif\u00edcil ingres\u00e9 30 de marzo al hospital y sal\u00ed 30 de mayo de 2020. Casi no recuerdo nada. En ciertos momentos yo sent\u00eda como que me mov\u00edan, as\u00ed como de un lado para otro, pero no estaba consciente, no sab\u00eda si era un sue\u00f1o o era real&#8230;<\/span><\/p>\t\t\t\t\t\t\t\t<\/div>\n\t\t\t\t\t<\/div>\n\t\t\t\t<\/div>\n\t\t<div data-particle_enable=\"false\" data-particle-mobile-disabled=\"false\" class=\"elementor-element elementor-element-27ac426 e-flex e-con-boxed e-con e-parent\" data-id=\"27ac426\" data-element_type=\"container\" data-e-type=\"container\">\n\t\t\t\t\t<div class=\"e-con-inner\">\n\t\t\t\t<div class=\"elementor-element elementor-element-a6df674 elementor-widget elementor-widget-heading\" data-id=\"a6df674\" data-element_type=\"widget\" data-e-type=\"widget\" data-widget_type=\"heading.default\">\n\t\t\t\t\t<h4 class=\"elementor-heading-title elementor-size-default\">\u00a1Qu\u00e9 dif\u00edcil!<\/h4>\t\t\t\t<\/div>\n\t\t\t\t\t<\/div>\n\t\t\t\t<\/div>\n\t\t<div data-particle_enable=\"false\" data-particle-mobile-disabled=\"false\" class=\"elementor-element elementor-element-3e31c3f e-flex e-con-boxed e-con e-parent\" data-id=\"3e31c3f\" data-element_type=\"container\" data-e-type=\"container\">\n\t\t\t\t\t<div class=\"e-con-inner\">\n\t\t\t\t<div class=\"elementor-element elementor-element-1dc5cb9 elementor-widget elementor-widget-text-editor\" data-id=\"1dc5cb9\" data-element_type=\"widget\" data-e-type=\"widget\" data-widget_type=\"text-editor.default\">\n\t\t\t\t\t\t\t\t\t<p><span style=\"color: var( --e-global-color-text ); text-align: var(--text-align);\">Solo recuerdo que ten\u00eda mucha fiebre cuando ingres\u00e9 al hospital. Me dijo una doctora: &#8220;La vamos a entubar. No sabemos si va a sobrevivir. Tenemos 8 d\u00edas para ver si su cuerpo se adapta al ox\u00edgeno. Si no responde, tiene que ser desconectada. Entonces tienes que despedirte de tu familia. Es algo tan dif\u00edcil que le digan a uno: desp\u00eddete de tu familia.\u00a0<\/span><\/p><p>Fue un dolor tan grande y pens\u00e9 en mis hijos, en mis pap\u00e1s en Guatemala. Yo tan lejos.\u00a0 Solo le dije a Dios: Se\u00f1or te entrego mi vida.<\/p>\t\t\t\t\t\t\t\t<\/div>\n\t\t\t\t\t<\/div>\n\t\t\t\t<\/div>\n\t\t<div data-particle_enable=\"false\" data-particle-mobile-disabled=\"false\" class=\"elementor-element elementor-element-ba17cc3 e-flex e-con-boxed e-con e-parent\" data-id=\"ba17cc3\" data-element_type=\"container\" data-e-type=\"container\">\n\t\t\t\t\t<div class=\"e-con-inner\">\n\t\t\t\t<div class=\"elementor-element elementor-element-be7a2aa elementor-widget elementor-widget-heading\" data-id=\"be7a2aa\" data-element_type=\"widget\" data-e-type=\"widget\" data-widget_type=\"heading.default\">\n\t\t\t\t\t<h4 class=\"elementor-heading-title elementor-size-default\">\u00a1Jes\u00fas!<\/h4>\t\t\t\t<\/div>\n\t\t\t\t\t<\/div>\n\t\t\t\t<\/div>\n\t\t<div data-particle_enable=\"false\" data-particle-mobile-disabled=\"false\" class=\"elementor-element elementor-element-8c10c8f e-flex e-con-boxed e-con e-parent\" data-id=\"8c10c8f\" data-element_type=\"container\" data-e-type=\"container\">\n\t\t\t\t\t<div class=\"e-con-inner\">\n\t\t\t\t<div class=\"elementor-element elementor-element-9aa7a80 elementor-widget elementor-widget-text-editor\" data-id=\"9aa7a80\" data-element_type=\"widget\" data-e-type=\"widget\" data-widget_type=\"text-editor.default\">\n\t\t\t\t\t\t\t\t\t<p><span style=\"color: var( --e-global-color-text ); text-align: var(--text-align);\">&#8230;Y te dejo la de mis hijos para que seas t\u00fa el que los cuides y los protejas. En ese instante agarr\u00e9 mi tel\u00e9fono y me acuerdo que llam\u00e9 a mis hijos. Llam\u00e9 al pap\u00e1 de ellos y se los encargu\u00e9. Era una angustia terrible. Dicen que les habl\u00e9 y me desped\u00ed, pero ya no lo recuerdo.<\/span><\/p>\t\t\t\t\t\t\t\t<\/div>\n\t\t\t\t\t<\/div>\n\t\t\t\t<\/div>\n\t\t<div data-particle_enable=\"false\" data-particle-mobile-disabled=\"false\" class=\"elementor-element elementor-element-ccab704 e-flex e-con-boxed e-con e-parent\" data-id=\"ccab704\" data-element_type=\"container\" data-e-type=\"container\">\n\t\t\t\t\t<div class=\"e-con-inner\">\n\t\t\t\t<div class=\"elementor-element elementor-element-5bd9c9b elementor-widget elementor-widget-heading\" data-id=\"5bd9c9b\" data-element_type=\"widget\" data-e-type=\"widget\" data-widget_type=\"heading.default\">\n\t\t\t\t\t<h4 class=\"elementor-heading-title elementor-size-default\">Y despert\u00f3 a los dos meses<\/h4>\t\t\t\t<\/div>\n\t\t\t\t\t<\/div>\n\t\t\t\t<\/div>\n\t\t<div data-particle_enable=\"false\" data-particle-mobile-disabled=\"false\" class=\"elementor-element elementor-element-637eddd e-flex e-con-boxed e-con e-parent\" data-id=\"637eddd\" data-element_type=\"container\" data-e-type=\"container\">\n\t\t\t\t\t<div class=\"e-con-inner\">\n\t\t\t\t<div class=\"elementor-element elementor-element-c6e234d elementor-widget elementor-widget-text-editor\" data-id=\"c6e234d\" data-element_type=\"widget\" data-e-type=\"widget\" data-widget_type=\"text-editor.default\">\n\t\t\t\t\t\t\t\t\t<p><span style=\"color: var( --e-global-color-text ); text-align: var(--text-align);\">\u00a0Cuando yo me despert\u00e9 dije, \u00bfd\u00f3nde estoy? Pens\u00e9 que estaba en Guatemala. Eso pens\u00e9 primero. Son\u00f3 una alarma. Llegaron corriendo las enfermeras y al verme: \u00a1empezaron a aplaudir!\u00a0 Yo dec\u00eda, \u00bfqu\u00e9 est\u00e1 pasando?\u00a0<\/span><\/p><p>Y me dice una\u00bfsabes que d\u00eda es hoy? No. \u00bfSabes d\u00f3nde est\u00e1s? Pues en un hospital. Por la forma en que hablaban record\u00e9: estoy en Los Angeles. Me quisieron sentar, pero mi cuerpo era como un trapo. No pod\u00eda sostenerme. Estaba d\u00e9bil, rodeada de aparatos y todo pitaba.\u00a0<\/p><p>Viera que me ha costado quitarme ese sonido de la mente, como que queda un trauma. Y a veces yo voy a una tienda, oigo un pito y yo siento que estoy en el hospital. Me daban comida por sonda y fisioterapias para poder levantarme y caminar. Era como una nena aprendiendo a caminar y al inicio me costaba hablar.<\/p><p>\u00a0<\/p>\t\t\t\t\t\t\t\t<\/div>\n\t\t\t\t\t<\/div>\n\t\t\t\t<\/div>\n\t\t<div data-particle_enable=\"false\" data-particle-mobile-disabled=\"false\" class=\"elementor-element elementor-element-97267e9 e-flex e-con-boxed e-con e-parent\" data-id=\"97267e9\" data-element_type=\"container\" data-e-type=\"container\">\n\t\t\t\t\t<div class=\"e-con-inner\">\n\t\t\t\t<div class=\"elementor-element elementor-element-84473db elementor-widget elementor-widget-image\" data-id=\"84473db\" data-element_type=\"widget\" data-e-type=\"widget\" data-widget_type=\"image.default\">\n\t\t\t\t\t\t\t\t\t\t\t\t<figure class=\"wp-caption\">\n\t\t\t\t\t\t\t\t\t\t<img decoding=\"async\" width=\"768\" height=\"768\" src=\"https:\/\/soymigrante.com\/revista\/wp-content\/uploads\/2024\/07\/veronica-calderon-mrs-red-migrante-1024x1024.webp\" class=\"attachment-large size-large wp-image-7629\" alt=\"Vestido tradicional y accesorios de folclore mexicano en celebraci\u00f3n cultural y festividad, mujer con banda, en evento patri\u00f3tico y cultural mexicano, identidad cultural y orgullo folkl\u00f3rico.\" srcset=\"https:\/\/soymigrante.com\/revista\/wp-content\/uploads\/2024\/07\/veronica-calderon-mrs-red-migrante-1024x1024.webp 1024w, https:\/\/soymigrante.com\/revista\/wp-content\/uploads\/2024\/07\/veronica-calderon-mrs-red-migrante-300x300.webp 300w, https:\/\/soymigrante.com\/revista\/wp-content\/uploads\/2024\/07\/veronica-calderon-mrs-red-migrante-150x150.webp 150w, https:\/\/soymigrante.com\/revista\/wp-content\/uploads\/2024\/07\/veronica-calderon-mrs-red-migrante-768x768.webp 768w, https:\/\/soymigrante.com\/revista\/wp-content\/uploads\/2024\/07\/veronica-calderon-mrs-red-migrante-75x75.webp 75w, https:\/\/soymigrante.com\/revista\/wp-content\/uploads\/2024\/07\/veronica-calderon-mrs-red-migrante-750x750.webp 750w, https:\/\/soymigrante.com\/revista\/wp-content\/uploads\/2024\/07\/veronica-calderon-mrs-red-migrante-1140x1140.webp 1140w, https:\/\/soymigrante.com\/revista\/wp-content\/uploads\/2024\/07\/veronica-calderon-mrs-red-migrante.webp 1338w\" sizes=\"(max-width: 768px) 100vw, 768px\" title=\"Ver\u00f3nica ya hab\u00eda participado una vez en el certamen Mrs. Red Migrante, en 2022. Ha pertenecido a un grupo de Danzas Tradicionales Guatemaltecas, en el cual tambi\u00e9n colabora con su habilidad de costura, heredada de sus padres. \u2013 SoyMigrante.com REVISTA\" \/>\t\t\t\t\t\t\t\t\t\t\t<figcaption class=\"widget-image-caption wp-caption-text\">Mujer en traje t\u00edpico con corona de flores y banda, participando en evento cultural, en un espacio decorado con s\u00edmbolos patrios y emblemas oficiales, resaltando orgullo y tradici\u00f3n.<\/figcaption>\n\t\t\t\t\t\t\t\t\t\t<\/figure>\n\t\t\t\t\t\t\t\t\t<\/div>\n\t\t\t\t\t<\/div>\n\t\t\t\t<\/div>\n\t\t<div data-particle_enable=\"false\" data-particle-mobile-disabled=\"false\" class=\"elementor-element elementor-element-d1f5fb8 e-flex e-con-boxed e-con e-parent\" data-id=\"d1f5fb8\" data-element_type=\"container\" data-e-type=\"container\">\n\t\t\t\t\t<div class=\"e-con-inner\">\n\t\t\t\t<div class=\"elementor-element elementor-element-5554743 elementor-widget elementor-widget-heading\" data-id=\"5554743\" data-element_type=\"widget\" data-e-type=\"widget\" data-widget_type=\"heading.default\">\n\t\t\t\t\t<h4 class=\"elementor-heading-title elementor-size-default\">Pero aqu\u00ed est\u00e1... es usted una guerrera<\/h4>\t\t\t\t<\/div>\n\t\t\t\t\t<\/div>\n\t\t\t\t<\/div>\n\t\t<div data-particle_enable=\"false\" data-particle-mobile-disabled=\"false\" class=\"elementor-element elementor-element-ab23594 e-flex e-con-boxed e-con e-parent\" data-id=\"ab23594\" data-element_type=\"container\" data-e-type=\"container\">\n\t\t\t\t\t<div class=\"e-con-inner\">\n\t\t\t\t<div class=\"elementor-element elementor-element-350fb77 elementor-widget elementor-widget-text-editor\" data-id=\"350fb77\" data-element_type=\"widget\" data-e-type=\"widget\" data-widget_type=\"text-editor.default\">\n\t\t\t\t\t\t\t\t\t<p><span style=\"color: var( --e-global-color-text ); text-align: var(--text-align);\">\u00a0S\u00ed, poco a poco. Pero cuando yo me di cuenta me estaban inyectando para diabetes. Y le digo \u00bfqu\u00e9 pasa? yo no soy diab\u00e9tica. Me responde: Covid te dej\u00f3 diab\u00e9tica y debes cuidarte para estar bien.\u00a0<\/span><\/p><p>Fue un proceso muy dif\u00edcil. Pero gracias a Dios estoy aqu\u00ed.<\/p><p>\u00a0<\/p><h4>\u00bfC\u00f3mo retom\u00f3 su vida laboral?\u00a0<\/h4><p>F\u00edjese, retom\u00e9 mi trabajo casi al a\u00f1o y medio. Tambi\u00e9n fue dif\u00edcil pero no me dej\u00e9 vencer. Yo me levantaba como pod\u00eda, hac\u00eda comida y necesitaba trabajar. Entr\u00e9 en una empresa de limpieza, donde estoy ahora.<\/p>\t\t\t\t\t\t\t\t<\/div>\n\t\t\t\t\t<\/div>\n\t\t\t\t<\/div>\n\t\t<div data-particle_enable=\"false\" data-particle-mobile-disabled=\"false\" class=\"elementor-element elementor-element-08d8f42 e-flex e-con-boxed e-con e-parent\" data-id=\"08d8f42\" data-element_type=\"container\" data-e-type=\"container\">\n\t\t\t\t\t<div class=\"e-con-inner\">\n\t\t\t\t<div class=\"elementor-element elementor-element-c83025d elementor-widget elementor-widget-text-editor\" data-id=\"c83025d\" data-element_type=\"widget\" data-e-type=\"widget\" data-widget_type=\"text-editor.default\">\n\t\t\t\t\t\t\t\t\t<h4>Hablando de la elecci\u00f3n Mrs. Red Migrante Guatemalteca, me contaron que Ud. misma se elabor\u00f3 su vestido<\/h4><p>\u00a0<\/p><p>F\u00edjese que\u00a0 mi mam\u00e1 era costurera, mi pap\u00e1 sastre y yo aprend\u00ed. Tambi\u00e9n fui cultora de belleza, tuve mi sal\u00f3n en Guatemala.\u00a0 Aprend\u00ed a hacer pasteles, a cocinar, algo de carpinter\u00eda. Pertenezco a un grupo de danza tradicional guatemalteca Alma Chapina, donde tambi\u00e9n apoyo a hacer los vestidos.<\/p><p>Entonces el vestido de la noche de elecci\u00f3n yo misma me lo hice.<\/p><p>\u00a0<\/p>\t\t\t\t\t\t\t\t<\/div>\n\t\t\t\t\t<\/div>\n\t\t\t\t<\/div>\n\t\t<div data-particle_enable=\"false\" data-particle-mobile-disabled=\"false\" class=\"elementor-element elementor-element-0f5a51e e-flex e-con-boxed e-con e-parent\" data-id=\"0f5a51e\" data-element_type=\"container\" data-e-type=\"container\">\n\t\t\t\t\t<div class=\"e-con-inner\">\n\t\t\t\t<div class=\"elementor-element elementor-element-3525f36 elementor-widget elementor-widget-text-editor\" data-id=\"3525f36\" data-element_type=\"widget\" data-e-type=\"widget\" data-widget_type=\"text-editor.default\">\n\t\t\t\t\t\t\t\t\t<h4>\u00bfC\u00f3mo entr\u00f3 en contacto con Red Migrante?<\/h4><p>Cuando yo vine a California, me encontr\u00e9 con una amiga de b\u00e1sico, Lucky Barrios, de Nuevo San Carlos. Ella me present\u00f3 con los de un grupo de danza, all\u00ed conoc\u00ed a don Walter de Red Migrante y desde entonces venimos colaborando, hace unos cinco a\u00f1os.<\/p><div>\u00a0<\/div>\t\t\t\t\t\t\t\t<\/div>\n\t\t\t\t\t<\/div>\n\t\t\t\t<\/div>\n\t\t<div data-particle_enable=\"false\" data-particle-mobile-disabled=\"false\" class=\"elementor-element elementor-element-241db5a e-flex e-con-boxed e-con e-parent\" data-id=\"241db5a\" data-element_type=\"container\" data-e-type=\"container\">\n\t\t\t\t\t<div class=\"e-con-inner\">\n\t\t\t\t<div class=\"elementor-element elementor-element-b4f356b elementor-widget elementor-widget-image\" data-id=\"b4f356b\" data-element_type=\"widget\" data-e-type=\"widget\" data-widget_type=\"image.default\">\n\t\t\t\t\t\t\t\t\t\t\t\t<figure class=\"wp-caption\">\n\t\t\t\t\t\t\t\t\t\t<img loading=\"lazy\" decoding=\"async\" width=\"747\" height=\"747\" src=\"https:\/\/soymigrante.com\/revista\/wp-content\/uploads\/2024\/07\/mrs-red-migrante-guatemala-2.webp\" class=\"attachment-large size-large wp-image-7573\" alt=\"Impulsar el empoderamiento y reconocimiento de mujeres migrantes a trav\u00e9s de eventos y cert\u00e1menes en SoyMigrante.com REVISTA.\" srcset=\"https:\/\/soymigrante.com\/revista\/wp-content\/uploads\/2024\/07\/mrs-red-migrante-guatemala-2.webp 747w, https:\/\/soymigrante.com\/revista\/wp-content\/uploads\/2024\/07\/mrs-red-migrante-guatemala-2-300x300.webp 300w, https:\/\/soymigrante.com\/revista\/wp-content\/uploads\/2024\/07\/mrs-red-migrante-guatemala-2-150x150.webp 150w, https:\/\/soymigrante.com\/revista\/wp-content\/uploads\/2024\/07\/mrs-red-migrante-guatemala-2-75x75.jpg 75w\" sizes=\"(max-width: 747px) 100vw, 747px\" title=\"Mrs. Red Migrante Guatemala, Ganadoras \u2013 SoyMigrante.com REVISTA\" \/>\t\t\t\t\t\t\t\t\t\t\t<figcaption class=\"widget-image-caption wp-caption-text\">Ver\u00f3nica Elizabeth Calder\u00f3n es costurera, repostera y cocinera, oficios que aprendi\u00f3 en Guatemala. Como Mrs. Red Migrante Guatemalteca buscar\u00e1 proyectar a\u00fan m\u00e1s la campa\u00f1a TPS Guatemalteco. (Fotograf\u00eda Edgar Ch\u00e1vez)<\/figcaption>\n\t\t\t\t\t\t\t\t\t\t<\/figure>\n\t\t\t\t\t\t\t\t\t<\/div>\n\t\t\t\t\t<\/div>\n\t\t\t\t<\/div>\n\t\t<div data-particle_enable=\"false\" data-particle-mobile-disabled=\"false\" class=\"elementor-element elementor-element-3f6bd10 e-flex e-con-boxed e-con e-parent\" data-id=\"3f6bd10\" data-element_type=\"container\" data-e-type=\"container\">\n\t\t\t\t\t<div class=\"e-con-inner\">\n\t\t\t\t<div class=\"elementor-element elementor-element-16609d4 elementor-widget elementor-widget-text-editor\" data-id=\"16609d4\" data-element_type=\"widget\" data-e-type=\"widget\" data-widget_type=\"text-editor.default\">\n\t\t\t\t\t\t\t\t\t<h4>\u00bfQu\u00e9 sinti\u00f3 al ser electa Mrs. Red Migrante?<\/h4><p>F\u00edjese que hace tres a\u00f1os, despu\u00e9s del COVID, tambi\u00e9n particip\u00e9 en esta misma velada. Era mi primera experiencia y fue muy bonito. Y desde ah\u00ed fue donde yo me fui integrando m\u00e1s a la comunidad, apoyando en deportes, el desfile de septiembre y ahora con la campa\u00f1a del TPS. Sent\u00ed mucha alegr\u00eda y es un honor, un gran compromiso haber sido elegida. Quiero seguir sirviendo.<\/p><p>\u00a0<\/p><h4>El TPS es un gran objetivo, un gran sue\u00f1o&#8230; \u00bfC\u00f3mo invitar\u00eda a m\u00e1s migrantes a unirse?<\/h4><p>Yo le pido a la comunidad que apoyemos firmando el TPS ya que eso nos abre puertas para poder tener un permiso de trabajo, que es lo que m\u00e1s necesitamos en este pa\u00eds. Yo quiero ir a visitar a mi familia, ahora no puedo por mi situaci\u00f3n migratoria. Con un TPS podr\u00edamos hacerlo&#8230; y por qso busco m\u00e1s firmas y colaboraciones, pero debemos estar unidos.<\/p><div>\u00a0<\/div>\t\t\t\t\t\t\t\t<\/div>\n\t\t\t\t\t<\/div>\n\t\t\t\t<\/div>\n\t\t<div data-particle_enable=\"false\" data-particle-mobile-disabled=\"false\" class=\"elementor-element elementor-element-5308a73 e-flex e-con-boxed e-con e-parent\" data-id=\"5308a73\" data-element_type=\"container\" data-e-type=\"container\">\n\t\t\t\t\t<div class=\"e-con-inner\">\n\t\t\t\t<div class=\"elementor-element elementor-element-e52ac4d elementor-widget elementor-widget-text-editor\" data-id=\"e52ac4d\" data-element_type=\"widget\" data-e-type=\"widget\" data-widget_type=\"text-editor.default\">\n\t\t\t\t\t\t\t\t\t<h4>\u00bfCu\u00e1l es el gran sue\u00f1o de Ver\u00f3nica?<\/h4><p>Volver a abrazar a mis hijos, ver a mi pap\u00e1, a mis hermanas. Ellos sufrieron mucho cuando estuve enferma, pero sobreviv\u00ed y quiero abrazarlos, decirles que los quiero. Tengo un niego y no sabe cu\u00e1nto me encantar\u00eda volver a verlo. Ese es el gran sue\u00f1o.<\/p>\t\t\t\t\t\t\t\t<\/div>\n\t\t\t\t\t<\/div>\n\t\t\t\t<\/div>\n\t\t<div data-particle_enable=\"false\" data-particle-mobile-disabled=\"false\" class=\"elementor-element elementor-element-c90fce1 e-flex e-con-boxed e-con e-parent\" data-id=\"c90fce1\" data-element_type=\"container\" data-e-type=\"container\">\n\t\t\t\t\t<div class=\"e-con-inner\">\n\t\t\t\t<div class=\"elementor-element elementor-element-049138a elementor-widget elementor-widget-facebook-embed\" data-id=\"049138a\" data-element_type=\"widget\" data-e-type=\"widget\" data-widget_type=\"facebook-embed.default\">\n\t\t\t\t\t<div style=\"min-height: 1px\" class=\"elementor-facebook-widget fb-video\" data-href=\"https:\/\/www.facebook.com\/RedMigranteGuate\/videos\/1439768296721578\" data-show-text=\"false\" data-allowfullscreen=\"false\" data-autoplay=\"false\" data-show-captions=\"false\"><\/div>\t\t\t\t<\/div>\n\t\t\t\t\t<\/div>\n\t\t\t\t<\/div>\n\t\t<div data-particle_enable=\"false\" data-particle-mobile-disabled=\"false\" class=\"elementor-element elementor-element-9b37c61 e-flex e-con-boxed e-con e-parent\" data-id=\"9b37c61\" data-element_type=\"container\" data-e-type=\"container\">\n\t\t\t\t\t<div class=\"e-con-inner\">\n\t\t\t\t<div class=\"elementor-element elementor-element-01ec0a2 elementor-widget elementor-widget-heading\" data-id=\"01ec0a2\" data-element_type=\"widget\" data-e-type=\"widget\" data-widget_type=\"heading.default\">\n\t\t\t\t\t<h2 class=\"elementor-heading-title elementor-size-default\">Inteligencia e ingenio de guatemaltecas  brilla en EE.UU.<\/h2>\t\t\t\t<\/div>\n\t\t\t\t\t<\/div>\n\t\t\t\t<\/div>\n\t\t<div data-particle_enable=\"false\" data-particle-mobile-disabled=\"false\" class=\"elementor-element elementor-element-065f83c e-flex e-con-boxed e-con e-parent\" data-id=\"065f83c\" data-element_type=\"container\" data-e-type=\"container\">\n\t\t\t\t\t<div class=\"e-con-inner\">\n\t\t\t\t<div class=\"elementor-element elementor-element-54c7ad6 elementor-grid-eael-col-3 elementor-grid-tablet-eael-col-2 elementor-grid-mobile-eael-col-1 elementor-widget elementor-widget-eael-post-grid\" data-id=\"54c7ad6\" data-element_type=\"widget\" data-e-type=\"widget\" data-settings=\"{&quot;eael_post_grid_columns&quot;:&quot;eael-col-3&quot;,&quot;eael_post_grid_columns_tablet&quot;:&quot;eael-col-2&quot;,&quot;eael_post_grid_columns_mobile&quot;:&quot;eael-col-1&quot;}\" data-widget_type=\"eael-post-grid.default\">\n\t\t\t\t\t<div id=\"eael-post-grid-54c7ad6\" class=\"eael-post-grid-container\">\n            <div class=\"eael-post-grid eael-post-appender eael-post-appender-54c7ad6 eael-post-grid-style-one\" data-layout-mode=\"masonry\"><article class=\"eael-grid-post  eael-post-grid-column eael-pg-post-2709 category-exitos\" data-id=\"2709\">\n        <div class=\"eael-grid-post-holder\">\n            <div class=\"eael-grid-post-holder-inner\"><div class=\"eael-entry-media\"><div class=\"eael-entry-overlay fade-in\"><i class=\"far fa-hand-pointer\" aria-hidden=\"true\"><\/i><a href=\"https:\/\/soymigrante.com\/revista\/migrante-guatemalteca-claudia-hernandez-dignifica-a-la-mujer\/\"><\/a><\/div><div class=\"eael-entry-thumbnail \">\n                <img loading=\"lazy\" decoding=\"async\" width=\"1024\" height=\"660\" src=\"https:\/\/soymigrante.com\/revista\/wp-content\/uploads\/2023\/09\/clau-hern-1024x660.webp\" class=\"attachment-large size-large wp-image-2886\" alt=\"Claudia D. Hern\u00e1ndez, migrante y escritora guatemalteca.\" srcset=\"https:\/\/soymigrante.com\/revista\/wp-content\/uploads\/2023\/09\/clau-hern-1024x660.webp 1024w, https:\/\/soymigrante.com\/revista\/wp-content\/uploads\/2023\/09\/clau-hern-300x193.webp 300w, https:\/\/soymigrante.com\/revista\/wp-content\/uploads\/2023\/09\/clau-hern-768x495.webp 768w, https:\/\/soymigrante.com\/revista\/wp-content\/uploads\/2023\/09\/clau-hern-750x483.webp 750w, https:\/\/soymigrante.com\/revista\/wp-content\/uploads\/2023\/09\/clau-hern-1140x735.webp 1140w, https:\/\/soymigrante.com\/revista\/wp-content\/uploads\/2023\/09\/clau-hern.webp 1187w\" sizes=\"(max-width: 1024px) 100vw, 1024px\" \/>\n            <\/div>\n        <\/div><div class=\"eael-entry-wrapper\"><header class=\"eael-entry-header\"><h2 class=\"eael-entry-title\"><a class=\"eael-grid-post-link\" href=\"https:\/\/soymigrante.com\/revista\/migrante-guatemalteca-claudia-hernandez-dignifica-a-la-mujer\/\" title=\"Migrante guatemalteca Claudia D. Hern\u00e1ndez  dignifica a las mujeres con arte y poes\u00eda\">Migrante guatemalteca Claudia D. Hern\u00e1ndez  dignifica a las mujeres con arte y poes\u00eda<\/a><\/h2><\/header><div class=\"eael-entry-content\">\n                        <div class=\"eael-grid-post-excerpt\"><a href=\"https:\/\/soymigrante.com\/revista\/migrante-guatemalteca-claudia-hernandez-dignifica-a-la-mujer\/\" class=\"eael-post-elements-readmore-btn\">CONOCE SU HISTORIA <\/a><\/div>\n                    <\/div><\/div><\/div>\n        <\/div>\n    <\/article><article class=\"eael-grid-post  eael-post-grid-column eael-pg-post-2511 category-exitos\" data-id=\"2511\">\n        <div class=\"eael-grid-post-holder\">\n            <div class=\"eael-grid-post-holder-inner\"><div class=\"eael-entry-media\"><div class=\"eael-entry-overlay fade-in\"><i class=\"far fa-hand-pointer\" aria-hidden=\"true\"><\/i><a href=\"https:\/\/soymigrante.com\/revista\/migrante-guatemalteca-cory-tzul-emprendio-su-negocio-en-alabama-y-crea-empleo-en-toto\/\"><\/a><\/div><div class=\"eael-entry-thumbnail \">\n                <img loading=\"lazy\" decoding=\"async\" width=\"508\" height=\"416\" src=\"https:\/\/soymigrante.com\/revista\/wp-content\/uploads\/2023\/09\/Captura-de-pantalla-2023-09-09-131440.webp\" class=\"attachment-large size-large wp-image-2531\" alt=\"\" srcset=\"https:\/\/soymigrante.com\/revista\/wp-content\/uploads\/2023\/09\/Captura-de-pantalla-2023-09-09-131440.webp 508w, https:\/\/soymigrante.com\/revista\/wp-content\/uploads\/2023\/09\/Captura-de-pantalla-2023-09-09-131440-300x246.webp 300w\" sizes=\"(max-width: 508px) 100vw, 508px\" \/>\n            <\/div>\n        <\/div><div class=\"eael-entry-wrapper\"><header class=\"eael-entry-header\"><h2 class=\"eael-entry-title\"><a class=\"eael-grid-post-link\" href=\"https:\/\/soymigrante.com\/revista\/migrante-guatemalteca-cory-tzul-emprendio-su-negocio-en-alabama-y-crea-empleo-en-toto\/\" title=\"Migrante guatemalteca Cori Tzul emprendi\u00f3  negocio en Alabama y genera empleo en su natal  Totonicap\u00e1n\">Migrante guatemalteca Cori Tzul emprendi\u00f3  negocio en Alabama y genera empleo en su natal  Totonicap\u00e1n<\/a><\/h2><\/header><div class=\"eael-entry-content\">\n                        <div class=\"eael-grid-post-excerpt\"><a href=\"https:\/\/soymigrante.com\/revista\/migrante-guatemalteca-cory-tzul-emprendio-su-negocio-en-alabama-y-crea-empleo-en-toto\/\" class=\"eael-post-elements-readmore-btn\">CONOCE SU HISTORIA <\/a><\/div>\n                    <\/div><\/div><\/div>\n        <\/div>\n    <\/article><article class=\"eael-grid-post  eael-post-grid-column eael-pg-post-2368 category-exitos\" data-id=\"2368\">\n        <div class=\"eael-grid-post-holder\">\n            <div class=\"eael-grid-post-holder-inner\"><div class=\"eael-entry-media\"><div class=\"eael-entry-overlay fade-in\"><i class=\"far fa-hand-pointer\" aria-hidden=\"true\"><\/i><a href=\"https:\/\/soymigrante.com\/revista\/elizabeth-coti-maestra-espanol-texas-guatemala\/\"><\/a><\/div><div class=\"eael-entry-thumbnail \">\n                <img loading=\"lazy\" decoding=\"async\" width=\"1024\" height=\"731\" src=\"https:\/\/soymigrante.com\/revista\/wp-content\/uploads\/2023\/08\/705345_4157588903679_1136987468_o-e1693334157790-1024x731.webp\" class=\"attachment-large size-large wp-image-2369\" alt=\"El cari\u00f1o de sus padres H\u00e9ctor y Guadalupe ense\u00f1\u00f3 a Elizabeth a valorar la multiculturalidad guatemalteca.\" srcset=\"https:\/\/soymigrante.com\/revista\/wp-content\/uploads\/2023\/08\/705345_4157588903679_1136987468_o-e1693334157790-1024x731.webp 1024w, https:\/\/soymigrante.com\/revista\/wp-content\/uploads\/2023\/08\/705345_4157588903679_1136987468_o-e1693334157790-300x214.webp 300w, https:\/\/soymigrante.com\/revista\/wp-content\/uploads\/2023\/08\/705345_4157588903679_1136987468_o-e1693334157790-768x548.webp 768w, https:\/\/soymigrante.com\/revista\/wp-content\/uploads\/2023\/08\/705345_4157588903679_1136987468_o-e1693334157790-1536x1096.webp 1536w, https:\/\/soymigrante.com\/revista\/wp-content\/uploads\/2023\/08\/705345_4157588903679_1136987468_o-e1693334157790-120x86.webp 120w, https:\/\/soymigrante.com\/revista\/wp-content\/uploads\/2023\/08\/705345_4157588903679_1136987468_o-e1693334157790-350x250.webp 350w, https:\/\/soymigrante.com\/revista\/wp-content\/uploads\/2023\/08\/705345_4157588903679_1136987468_o-e1693334157790-750x535.webp 750w, https:\/\/soymigrante.com\/revista\/wp-content\/uploads\/2023\/08\/705345_4157588903679_1136987468_o-e1693334157790-1140x814.webp 1140w, https:\/\/soymigrante.com\/revista\/wp-content\/uploads\/2023\/08\/705345_4157588903679_1136987468_o-e1693334157790.webp 1774w\" sizes=\"(max-width: 1024px) 100vw, 1024px\" \/>\n            <\/div>\n        <\/div><div class=\"eael-entry-wrapper\"><header class=\"eael-entry-header\"><h2 class=\"eael-entry-title\"><a class=\"eael-grid-post-link\" href=\"https:\/\/soymigrante.com\/revista\/elizabeth-coti-maestra-espanol-texas-guatemala\/\" title=\"Elizabeth Cot\u00ed: La maestra texana con ra\u00edces guatemaltecas que ense\u00f1a espa\u00f1ol\">Elizabeth Cot\u00ed: La maestra texana con ra\u00edces guatemaltecas que ense\u00f1a espa\u00f1ol<\/a><\/h2><\/header><div class=\"eael-entry-content\">\n                        <div class=\"eael-grid-post-excerpt\"><a href=\"https:\/\/soymigrante.com\/revista\/elizabeth-coti-maestra-espanol-texas-guatemala\/\" class=\"eael-post-elements-readmore-btn\">CONOCE SU HISTORIA <\/a><\/div>\n                    <\/div><\/div><\/div>\n        <\/div>\n    <\/article><\/div>\n            <div class=\"clearfix\"><\/div>\n        <\/div>\t\t\t\t<\/div>\n\t\t\t\t\t<\/div>\n\t\t\t\t<\/div>\n\t\t\t\t<\/div>\n\t\t","protected":false},"excerpt":{"rendered":"<p>Originaria de El Asintal, Retalhuleu, Ver\u00f3nica Elizabeth Calder\u00f3n fue electa Mrs. Red Migrante Guatemalteca 2024. Sobrevivi\u00f3 a 2 meses de coma por covid, tard\u00f3 a\u00f1o y medio en recuperarse, pero sus objetivos de solidaridad y amor son hoy m\u00e1s fuertes que nunca. Cuando Ver\u00f3nica despert\u00f3 no sab\u00eda donde estaba. Pens\u00f3 que en un hospital de [&hellip;]<\/p>\n","protected":false},"author":7,"featured_media":7626,"comment_status":"open","ping_status":"open","sticky":false,"template":"","format":"standard","meta":{"_acf_changed":true,"_eb_attr":"","footnotes":""},"categories":[50],"tags":[],"class_list":["post-7625","post","type-post","status-publish","format-standard","has-post-thumbnail","hentry","category-exitos"],"acf":[],"aioseo_notices":[],"aioseo_head":"\n\t\t<!-- All in One SEO Pro 4.9.6.2 - aioseo.com -->\n\t<meta name=\"description\" content=\"Elizabeth Cot\u00ed, nacida en Texas y con padres guatemaltecos, se ha destacado por su din\u00e1mico m\u00e9todo para ense\u00f1ar espa\u00f1ol, conectando culturas y tradiciones.\" \/>\n\t<meta name=\"robots\" content=\"max-snippet:-1, max-image-preview:large, max-video-preview:-1\" \/>\n\t<meta name=\"author\" content=\"Gustavo Montenegro\"\/>\n\t<link rel=\"canonical\" href=\"https:\/\/soymigrante.com\/revista\/elizabeth-coti-maestra-espanol-texas-guatemala\/\" \/>\n\t<meta name=\"generator\" content=\"All in One SEO Pro (AIOSEO) 4.9.6.2\" \/>\n\n\t\t<link rel=\"preconnect\" href=\"https:\/\/fonts.googleapis.com\" crossorigin>\n<link rel=\"preconnect\" href=\"https:\/\/fonts.gstatic.com\" crossorigin>\n\t\t<meta property=\"og:locale\" content=\"es_ES\" \/>\n\t\t<meta property=\"og:site_name\" content=\"SoyMigrante.com REVISTA \u2013 Nuestra misi\u00f3n es reconocer y dignificar al migrante.\" \/>\n\t\t<meta property=\"og:type\" content=\"article\" \/>\n\t\t<meta property=\"og:title\" content=\"Elizabeth Cot\u00ed: La maestra texana con ra\u00edces guatemaltecas que ense\u00f1a espa\u00f1ol \u2013\" \/>\n\t\t<meta property=\"og:description\" content=\"Elizabeth Cot\u00ed, nacida en Texas y con padres guatemaltecos, se ha destacado por su din\u00e1mico m\u00e9todo para ense\u00f1ar espa\u00f1ol, conectando culturas y tradiciones.\" \/>\n\t\t<meta property=\"og:url\" content=\"https:\/\/soymigrante.com\/revista\/elizabeth-coti-maestra-espanol-texas-guatemala\/\" \/>\n\t\t<meta property=\"og:image\" content=\"https:\/\/soymigrante.com\/revista\/wp-content\/uploads\/2023\/08\/705345_4157588903679_1136987468_o-e1693334157790.webp\" \/>\n\t\t<meta property=\"og:image:secure_url\" content=\"https:\/\/soymigrante.com\/revista\/wp-content\/uploads\/2023\/08\/705345_4157588903679_1136987468_o-e1693334157790.webp\" \/>\n\t\t<meta property=\"og:image:width\" content=\"1774\" \/>\n\t\t<meta property=\"og:image:height\" content=\"1266\" \/>\n\t\t<meta property=\"article:published_time\" content=\"2023-08-29T18:36:14+00:00\" \/>\n\t\t<meta property=\"article:modified_time\" content=\"2024-07-30T23:33:49+00:00\" \/>\n\t\t<meta property=\"article:publisher\" content=\"https:\/\/www.facebook.com\/soymigrantecom\" \/>\n\t\t<meta name=\"twitter:card\" content=\"summary_large_image\" \/>\n\t\t<meta name=\"twitter:site\" content=\"@SoyMigrante_com\" \/>\n\t\t<meta name=\"twitter:title\" content=\"Elizabeth Cot\u00ed: La maestra texana con ra\u00edces guatemaltecas que ense\u00f1a espa\u00f1ol \u2013\" \/>\n\t\t<meta name=\"twitter:description\" content=\"Elizabeth Cot\u00ed, nacida en Texas y con padres guatemaltecos, se ha destacado por su din\u00e1mico m\u00e9todo para ense\u00f1ar espa\u00f1ol, conectando culturas y tradiciones.\" \/>\n\t\t<meta name=\"twitter:creator\" content=\"@SoyMigrante_com\" \/>\n\t\t<meta name=\"twitter:image\" content=\"https:\/\/soymigrante.com\/revista\/wp-content\/uploads\/2023\/08\/705345_4157588903679_1136987468_o-e1693334157790.webp\" \/>\n\t\t<!-- All in One SEO Pro -->\r\n\t\t<title>Elizabeth Cot\u00ed: La maestra texana con ra\u00edces guatemaltecas que ense\u00f1a espa\u00f1ol \u2013<\/title>\n\n","aioseo_head_json":{"title":"Elizabeth Cot\u00ed: La maestra texana con ra\u00edces guatemaltecas que ense\u00f1a espa\u00f1ol \u2013","description":"Elizabeth Cot\u00ed, nacida en Texas y con padres guatemaltecos, se ha destacado por su din\u00e1mico m\u00e9todo para ense\u00f1ar espa\u00f1ol, conectando culturas y tradiciones.","canonical_url":"https:\/\/soymigrante.com\/revista\/elizabeth-coti-maestra-espanol-texas-guatemala\/","robots":"max-snippet:-1, max-image-preview:large, max-video-preview:-1","keywords":"","webmasterTools":{"miscellaneous":"&lt;link rel=\"preconnect\" href=\"https:\/\/fonts.googleapis.com\" crossorigin&gt;\n&lt;link rel=\"preconnect\" href=\"https:\/\/fonts.gstatic.com\" crossorigin&gt;"},"schema":null,"og:locale":"es_ES","og:site_name":"SoyMigrante.com REVISTA \u2013 Nuestra misi\u00f3n es reconocer y dignificar al migrante.","og:type":"article","og:title":"Elizabeth Cot\u00ed: La maestra texana con ra\u00edces guatemaltecas que ense\u00f1a espa\u00f1ol \u2013","og:description":"Elizabeth Cot\u00ed, nacida en Texas y con padres guatemaltecos, se ha destacado por su din\u00e1mico m\u00e9todo para ense\u00f1ar espa\u00f1ol, conectando culturas y tradiciones.","og:url":"https:\/\/soymigrante.com\/revista\/elizabeth-coti-maestra-espanol-texas-guatemala\/","og:image":"https:\/\/soymigrante.com\/revista\/wp-content\/uploads\/2023\/08\/705345_4157588903679_1136987468_o-e1693334157790.webp","og:image:secure_url":"https:\/\/soymigrante.com\/revista\/wp-content\/uploads\/2023\/08\/705345_4157588903679_1136987468_o-e1693334157790.webp","og:image:width":1774,"og:image:height":1266,"article:published_time":"2023-08-29T18:36:14+00:00","article:modified_time":"2024-07-30T23:33:49+00:00","article:publisher":"https:\/\/www.facebook.com\/soymigrantecom","twitter:card":"summary_large_image","twitter:site":"@SoyMigrante_com","twitter:title":"Elizabeth Cot\u00ed: La maestra texana con ra\u00edces guatemaltecas que ense\u00f1a espa\u00f1ol \u2013","twitter:description":"Elizabeth Cot\u00ed, nacida en Texas y con padres guatemaltecos, se ha destacado por su din\u00e1mico m\u00e9todo para ense\u00f1ar espa\u00f1ol, conectando culturas y tradiciones.","twitter:creator":"@SoyMigrante_com","twitter:image":"https:\/\/soymigrante.com\/revista\/wp-content\/uploads\/2023\/08\/705345_4157588903679_1136987468_o-e1693334157790.webp"},"aioseo_meta_data":{"post_id":"7625","title":"El gran sue\u00f1o de Ver\u00f3nica, Mrs. Red Migrante Guatemalteca","description":"Sobrevivi\u00f3 a un coma de dos meses por covid; el amor a sus hijos la fortaleci\u00f3. Naci\u00f3 en Reu, vive en Los Angeles y fue electa Mrs. Red Migrante Guatemala 2024","keywords":null,"keyphrases":{"focus":{"keyphrase":"Red Migrante","score":76,"analysis":{"keyphraseInTitle":{"score":9,"maxScore":9,"error":0},"keyphraseInDescription":{"score":9,"maxScore":9,"error":0},"keyphraseLength":{"score":9,"maxScore":9,"error":0,"length":2},"keyphraseInURL":{"score":1,"maxScore":5,"error":1},"keyphraseInIntroduction":{"score":3,"maxScore":9,"error":1},"keyphraseInSubHeadings":{"score":3,"maxScore":9,"error":1},"keyphraseInImageAlt":{"score":9,"maxScore":9,"error":0},"keywordDensity":{"type":"best","score":9,"maxScore":9,"error":0}}},"additional":[{"keyphrase":"Guatemala","score":80,"analysis":{"keyphraseInDescription":{"score":9,"maxScore":9,"error":0},"keyphraseLength":{"score":9,"maxScore":9,"error":0,"length":1},"keyphraseInIntroduction":{"score":9,"maxScore":9,"error":0},"keyphraseInImageAlt":{"score":9,"maxScore":9,"error":0},"keywordDensity":{"score":0,"type":"low","maxScore":9,"error":1}}},{"keyphrase":"Guatemalteca","score":73,"analysis":{"keyphraseInDescription":{"score":3,"maxScore":9,"error":1},"keyphraseLength":{"score":9,"maxScore":9,"error":0,"length":1},"keyphraseInIntroduction":{"score":3,"maxScore":9,"error":1},"keyphraseInImageAlt":{"score":9,"maxScore":9,"error":0},"keywordDensity":{"type":"best","score":9,"maxScore":9,"error":0}}}]},"primary_term":null,"canonical_url":null,"og_title":null,"og_description":null,"og_object_type":"default","og_image_type":"default","og_image_url":null,"og_image_width":null,"og_image_height":null,"og_image_custom_url":null,"og_image_custom_fields":null,"og_video":"","og_custom_url":null,"og_article_section":null,"og_article_tags":null,"twitter_use_og":false,"twitter_card":"default","twitter_image_type":"default","twitter_image_url":null,"twitter_image_custom_url":null,"twitter_image_custom_fields":null,"twitter_title":null,"twitter_description":null,"schema":{"blockGraphs":[],"customGraphs":[],"default":{"data":{"Article":[],"Course":[],"Dataset":[],"FAQPage":[],"Movie":[],"Person":[],"Product":[],"ProductReview":[],"Car":[],"Recipe":[],"Service":[],"SoftwareApplication":[],"WebPage":[]},"graphName":"Article","isEnabled":true},"graphs":[]},"schema_type":"default","schema_type_options":null,"pillar_content":false,"robots_default":true,"robots_noindex":false,"robots_noarchive":false,"robots_nosnippet":false,"robots_nofollow":false,"robots_noimageindex":false,"robots_noodp":false,"robots_notranslate":false,"robots_max_snippet":"-1","robots_max_videopreview":"-1","robots_max_imagepreview":"large","priority":null,"frequency":"default","local_seo":null,"seo_analyzer_scan_date":"2025-10-08 22:20:18","breadcrumb_settings":null,"limit_modified_date":false,"reviewed_by":null,"open_ai":"{\"title\":{\"suggestions\":[],\"usage\":0},\"description\":{\"suggestions\":[],\"usage\":0}}","ai":null,"created":"2024-07-23 20:09:10","updated":"2026-02-04 12:28:41"},"aioseo_breadcrumb":"<div class=\"aioseo-breadcrumbs\"><span class=\"aioseo-breadcrumb\">\n\t<a href=\"https:\/\/soymigrante.com\/revista\" title=\"Home\">Home<\/a>\n<\/span><span class=\"aioseo-breadcrumb-separator\">\u00bb<\/span><span class=\"aioseo-breadcrumb\">\n\t<a href=\"https:\/\/soymigrante.com\/revista\/category\/exitos\/\" title=\"\u00c9xitos\">\u00c9xitos<\/a>\n<\/span><span class=\"aioseo-breadcrumb-separator\">\u00bb<\/span><span class=\"aioseo-breadcrumb\">\n\tMrs. Red Migrante Elizabeth Calder\u00f3n: \u201cCon un TPS podr\u00eda abrazar otra vez a mis hijos\u201d\n<\/span><\/div>","aioseo_breadcrumb_json":[{"label":"Home","link":"https:\/\/soymigrante.com\/revista"},{"label":"\u00c9xitos","link":"https:\/\/soymigrante.com\/revista\/category\/exitos\/"},{"label":"Mrs. Red Migrante Elizabeth Calder\u00f3n: &#8220;Con un TPS podr\u00eda abrazar otra vez a mis hijos&#8221;","link":"https:\/\/soymigrante.com\/revista\/elizabeth-calderon-un-tps-me-permitiria-abrazar-otra-vez-a-mis-hijos\/"}],"_links":{"self":[{"href":"https:\/\/soymigrante.com\/revista\/wp-json\/wp\/v2\/posts\/7625","targetHints":{"allow":["GET"]}}],"collection":[{"href":"https:\/\/soymigrante.com\/revista\/wp-json\/wp\/v2\/posts"}],"about":[{"href":"https:\/\/soymigrante.com\/revista\/wp-json\/wp\/v2\/types\/post"}],"author":[{"embeddable":true,"href":"https:\/\/soymigrante.com\/revista\/wp-json\/wp\/v2\/users\/7"}],"replies":[{"embeddable":true,"href":"https:\/\/soymigrante.com\/revista\/wp-json\/wp\/v2\/comments?post=7625"}],"version-history":[{"count":0,"href":"https:\/\/soymigrante.com\/revista\/wp-json\/wp\/v2\/posts\/7625\/revisions"}],"wp:featuredmedia":[{"embeddable":true,"href":"https:\/\/soymigrante.com\/revista\/wp-json\/wp\/v2\/media\/7626"}],"wp:attachment":[{"href":"https:\/\/soymigrante.com\/revista\/wp-json\/wp\/v2\/media?parent=7625"}],"wp:term":[{"taxonomy":"category","embeddable":true,"href":"https:\/\/soymigrante.com\/revista\/wp-json\/wp\/v2\/categories?post=7625"},{"taxonomy":"post_tag","embeddable":true,"href":"https:\/\/soymigrante.com\/revista\/wp-json\/wp\/v2\/tags?post=7625"}],"curies":[{"name":"wp","href":"https:\/\/api.w.org\/{rel}","templated":true}]}}