{"id":7600,"date":"2024-11-16T09:47:07","date_gmt":"2024-11-16T15:47:07","guid":{"rendered":"https:\/\/soymigrante.com\/revista\/?p=7600"},"modified":"2024-11-16T09:48:34","modified_gmt":"2024-11-16T15:48:34","slug":"7-datos-de-antigua-guatemala-que-seguro-ya-sabias-o-quiza-no","status":"publish","type":"post","link":"https:\/\/soymigrante.com\/revista\/7-datos-de-antigua-guatemala-que-seguro-ya-sabias-o-quiza-no\/","title":{"rendered":"Antigua Guatemala: 7 datos que seguro ya conoc\u00edas (\u00a1O quiz\u00e1 no!) Aver\u00edgualo"},"content":{"rendered":"\t\t<div data-elementor-type=\"wp-post\" data-elementor-id=\"7600\" class=\"elementor elementor-7600\" data-elementor-post-type=\"post\">\n\t\t\t\t<div data-particle_enable=\"false\" data-particle-mobile-disabled=\"false\" class=\"elementor-element elementor-element-3529c42 e-flex e-con-boxed e-con e-parent\" data-id=\"3529c42\" data-element_type=\"container\" data-e-type=\"container\">\n\t\t\t\t\t<div class=\"e-con-inner\">\n\t\t\t\t<div class=\"elementor-element elementor-element-737d8a0 elementor-widget elementor-widget-heading\" data-id=\"737d8a0\" data-element_type=\"widget\" data-e-type=\"widget\" data-widget_type=\"heading.default\">\n\t\t\t\t\t<h2 class=\"elementor-heading-title elementor-size-default\"><span style=\"font-size: 31.2px\">La capital de Guatemala se fund\u00f3 hace 500 a\u00f1os en  Iximch\u00e9, luego pas\u00f3 al valle de Almolonga. La tragedia del volc\u00e1n en 1541 oblig\u00f3 a buscar otro nuevo sitio: el valle de Panchoy, hoy Antigua Guatemala. Sus inicios, sus terremotos y algo m\u00e1s\n<\/span><\/h2>\t\t\t\t<\/div>\n\t\t\t\t\t<\/div>\n\t\t\t\t<\/div>\n\t\t<div data-particle_enable=\"false\" data-particle-mobile-disabled=\"false\" class=\"elementor-element elementor-element-e29652e e-flex e-con-boxed e-con e-parent\" data-id=\"e29652e\" data-element_type=\"container\" data-e-type=\"container\">\n\t\t\t\t\t<div class=\"e-con-inner\">\n\t\t\t\t<div class=\"elementor-element elementor-element-b89fc57 elementor-widget elementor-widget-text-editor\" data-id=\"b89fc57\" data-element_type=\"widget\" data-e-type=\"widget\" data-widget_type=\"text-editor.default\">\n\t\t\t\t\t\t\t\t\t<p>El valle de Panchoy o de Panc\u00e1n, es el lugar donde se ubica la actual Antigua Guatemala. En el vecino valle de Almolonga estuvo la capital de Guatemala desde 1529 hasta 1541 cuando un alud de piedras, troncos y lodo, acab\u00f3 con la ciudad y con decenas de pobladores.<\/p><p>Hoy es el principal y m\u00e1s visitado atractivo tur\u00edstico de Guatemala; es un destino de lujo y maravilla, con sus edificios coloniales, sus fuentes y paisaje presidido por el Volc\u00e1n de Agua. Es un sitio admirable, rom\u00e1ntico, de clima perfecto&#8230; pero cuando fue capital, entre 1743 y 1776 tambi\u00e9n ocurrieron aqu\u00ed muchas tragedias, de las cuales son mudos testigos sus <a href=\"https:\/\/soymigrante.com\/revista\/joyas-de-antigua-guatemala-7-datos-de-las-ruinas-de-santa-clara\/\">ruinas.<\/a><\/p><p>Estos son 10 datos que quiz\u00e1 ya conoc\u00edas o tal vez no de La Antigua Guatemala.<\/p><div>\u00a0<\/div>\t\t\t\t\t\t\t\t<\/div>\n\t\t\t\t\t<\/div>\n\t\t\t\t<\/div>\n\t\t<div data-particle_enable=\"false\" data-particle-mobile-disabled=\"false\" class=\"elementor-element elementor-element-727179f e-flex e-con-boxed e-con e-parent\" data-id=\"727179f\" data-element_type=\"container\" data-e-type=\"container\">\n\t\t\t\t\t<div class=\"e-con-inner\">\n\t\t\t\t<div class=\"elementor-element elementor-element-65051e4 elementor-widget elementor-widget-image\" data-id=\"65051e4\" data-element_type=\"widget\" data-e-type=\"widget\" data-widget_type=\"image.default\">\n\t\t\t\t\t\t\t\t\t\t\t\t<figure class=\"wp-caption\">\n\t\t\t\t\t\t\t\t\t\t<img fetchpriority=\"high\" decoding=\"async\" width=\"768\" height=\"726\" src=\"https:\/\/soymigrante.com\/revista\/wp-content\/uploads\/2024\/07\/Antigua-Guatemala-vista-desde-el-espacio.webp\" class=\"attachment-large size-large wp-image-7603\" alt=\"Calles urbanas vista a\u00e9rea, ciudad con edificios, parques y estructuras residenciales en una vista satelital, imagen que muestra la planificaci\u00f3n urbana y el crecimiento de la ciudad en un entorno completo y detallado.\" srcset=\"https:\/\/soymigrante.com\/revista\/wp-content\/uploads\/2024\/07\/Antigua-Guatemala-vista-desde-el-espacio.webp 907w, https:\/\/soymigrante.com\/revista\/wp-content\/uploads\/2024\/07\/Antigua-Guatemala-vista-desde-el-espacio-300x283.webp 300w, https:\/\/soymigrante.com\/revista\/wp-content\/uploads\/2024\/07\/Antigua-Guatemala-vista-desde-el-espacio-768x726.webp 768w, https:\/\/soymigrante.com\/revista\/wp-content\/uploads\/2024\/07\/Antigua-Guatemala-vista-desde-el-espacio-750x709.jpg 750w\" sizes=\"(max-width: 768px) 100vw, 768px\" title=\"Antigua Guatemala vista desde el espacio \u2013 SoyMigrante.com REVISTA\" \/>\t\t\t\t\t\t\t\t\t\t\t<figcaption class=\"widget-image-caption wp-caption-text\">Calles urbanas en vista satelital, mostrando el crecimiento y la planificaci\u00f3n urbana de la ciudad con edificios, parques y zonas residenciales en una imagen a\u00e9rea detallada.<\/figcaption>\n\t\t\t\t\t\t\t\t\t\t<\/figure>\n\t\t\t\t\t\t\t\t\t<\/div>\n\t\t\t\t\t<\/div>\n\t\t\t\t<\/div>\n\t\t<div data-particle_enable=\"false\" data-particle-mobile-disabled=\"false\" class=\"elementor-element elementor-element-220578e e-flex e-con-boxed e-con e-parent\" data-id=\"220578e\" data-element_type=\"container\" data-e-type=\"container\">\n\t\t\t\t\t<div class=\"e-con-inner\">\n\t\t\t\t<div class=\"elementor-element elementor-element-b432a98 elementor-widget elementor-widget-heading\" data-id=\"b432a98\" data-element_type=\"widget\" data-e-type=\"widget\" data-widget_type=\"heading.default\">\n\t\t\t\t\t<h3 class=\"elementor-heading-title elementor-size-default\">1. El otro nombre del Valle de Panchoy <\/h3>\t\t\t\t<\/div>\n\t\t\t\t\t<\/div>\n\t\t\t\t<\/div>\n\t\t<div data-particle_enable=\"false\" data-particle-mobile-disabled=\"false\" class=\"elementor-element elementor-element-eb94659 e-flex e-con-boxed e-con e-parent\" data-id=\"eb94659\" data-element_type=\"container\" data-e-type=\"container\">\n\t\t\t\t\t<div class=\"e-con-inner\">\n\t\t\t\t<div class=\"elementor-element elementor-element-4233927 elementor-widget elementor-widget-text-editor\" data-id=\"4233927\" data-element_type=\"widget\" data-e-type=\"widget\" data-widget_type=\"text-editor.default\">\n\t\t\t\t\t\t\t\t\t<p><span style=\"color: var( --e-global-color-text ); text-align: var(--text-align);\">Desde noviembre de 1542 comenzaron a asentarse en el valle de Panchoy pobladores espa\u00f1oles sobrevivientes de la tragedia del deslave del volc\u00e1n que destruy\u00f3 Almolonga un a\u00f1o antes.<\/span><\/p><p><span style=\"color: var( --e-global-color-text ); text-align: var(--text-align);\">Panchoy es un t\u00e9rmino en idioma kaqchiq&#8217;el. Quiere decir: Cerca de la Laguna. En efecto existi\u00f3 una laguna, que fue desecada a principios del siglo 20, por razones sanitarias y para dar paso a la expansi\u00f3n de la ciudad.\u00a0<\/span><\/p><p>Desde antes del traslado, los espa\u00f1oles le llamaban a esta zona: Valle del Tuerto. Se desconoce la raz\u00f3n\u00a0<span style=\"color: var( --e-global-color-text ); text-align: var(--text-align);\">se tiene el dato de que al menos dos conquistadores solo ten\u00edan un ojo: Hernando de Ch\u00e1vez y Francisco L\u00f3pez, que fueron vecinos de Santiago de los Caballeros. No se sabe si la alusi\u00f3n era a alguno de ellos.<\/span><\/p>\t\t\t\t\t\t\t\t<\/div>\n\t\t\t\t\t<\/div>\n\t\t\t\t<\/div>\n\t\t<div data-particle_enable=\"false\" data-particle-mobile-disabled=\"false\" class=\"elementor-element elementor-element-97c3587 e-flex e-con-boxed e-con e-parent\" data-id=\"97c3587\" data-element_type=\"container\" data-e-type=\"container\">\n\t\t\t\t\t<div class=\"e-con-inner\">\n\t\t\t\t<div class=\"elementor-element elementor-element-57f1205 elementor-widget elementor-widget-image\" data-id=\"57f1205\" data-element_type=\"widget\" data-e-type=\"widget\" data-widget_type=\"image.default\">\n\t\t\t\t\t\t\t\t\t\t\t\t<figure class=\"wp-caption\">\n\t\t\t\t\t\t\t\t\t\t<img decoding=\"async\" width=\"768\" height=\"530\" src=\"https:\/\/soymigrante.com\/revista\/wp-content\/uploads\/2024\/07\/Grabado-de-la-Plaza-de-Antigua-Guatemala-1024x707.webp\" class=\"attachment-large size-large wp-image-7604\" alt=\"Paisaje hist\u00f3rico de Guatemala con volc\u00e1n activo, arquitectura colonial y mercado tradicional, ilustrando la cultura y el patrimonio de un destino tur\u00edstico y migratorio destacado en Am\u00e9rica Central.\" srcset=\"https:\/\/soymigrante.com\/revista\/wp-content\/uploads\/2024\/07\/Grabado-de-la-Plaza-de-Antigua-Guatemala-1024x707.webp 1024w, https:\/\/soymigrante.com\/revista\/wp-content\/uploads\/2024\/07\/Grabado-de-la-Plaza-de-Antigua-Guatemala-300x207.webp 300w, https:\/\/soymigrante.com\/revista\/wp-content\/uploads\/2024\/07\/Grabado-de-la-Plaza-de-Antigua-Guatemala-768x530.webp 768w, https:\/\/soymigrante.com\/revista\/wp-content\/uploads\/2024\/07\/Grabado-de-la-Plaza-de-Antigua-Guatemala-750x518.webp 750w, https:\/\/soymigrante.com\/revista\/wp-content\/uploads\/2024\/07\/Grabado-de-la-Plaza-de-Antigua-Guatemala.webp 1082w\" sizes=\"(max-width: 768px) 100vw, 768px\" title=\"Grabado ingl\u00e9s del a\u00f1o 1850 aproximadamente.  Se puede observar el Palacio de los Capitanes Generales, la plaza frente a la Catedral de Antigua y al fondo el imponente Volc\u00e1n de Agua. Imagen de Creative Commons. \u2013 SoyMigrante.com REVISTA\" \/>\t\t\t\t\t\t\t\t\t\t\t<figcaption class=\"widget-image-caption wp-caption-text\">Ilustraci\u00f3n antigua de Guatemala mostrando su famoso volc\u00e1n, arquitectura colonial y vida cotidiana, representando historia, cultura y turismo en el coraz\u00f3n de Am\u00e9rica Central.<\/figcaption>\n\t\t\t\t\t\t\t\t\t\t<\/figure>\n\t\t\t\t\t\t\t\t\t<\/div>\n\t\t\t\t\t<\/div>\n\t\t\t\t<\/div>\n\t\t<div data-particle_enable=\"false\" data-particle-mobile-disabled=\"false\" class=\"elementor-element elementor-element-1fac789 e-flex e-con-boxed e-con e-parent\" data-id=\"1fac789\" data-element_type=\"container\" data-e-type=\"container\">\n\t\t\t\t\t<div class=\"e-con-inner\">\n\t\t\t\t<div class=\"elementor-element elementor-element-0e3b3d1 elementor-widget elementor-widget-heading\" data-id=\"0e3b3d1\" data-element_type=\"widget\" data-e-type=\"widget\" data-widget_type=\"heading.default\">\n\t\t\t\t\t<h3 class=\"elementor-heading-title elementor-size-default\">2. La fecha oficial del traslado<\/h3>\t\t\t\t<\/div>\n\t\t\t\t\t<\/div>\n\t\t\t\t<\/div>\n\t\t<div data-particle_enable=\"false\" data-particle-mobile-disabled=\"false\" class=\"elementor-element elementor-element-446b7f9 e-flex e-con-boxed e-con e-parent\" data-id=\"446b7f9\" data-element_type=\"container\" data-e-type=\"container\">\n\t\t\t\t\t<div class=\"e-con-inner\">\n\t\t\t\t<div class=\"elementor-element elementor-element-f550466 elementor-widget elementor-widget-text-editor\" data-id=\"f550466\" data-element_type=\"widget\" data-e-type=\"widget\" data-widget_type=\"text-editor.default\">\n\t\t\t\t\t\t\t\t\t<p>La Fiesta de Santiago Ap\u00f3stol, cada 25 de julio es la celebraci\u00f3n patronal de Antigua Guatemala, debido que es la <a href=\"https:\/\/soymigrante.com\/revista\/en-iximche-se-fundo-la-primera-capital-de-guatemala-hace-500-anos\/\">fecha de fundaci\u00f3n de la capital en Iximch\u00e9.<\/a><\/p><p>Sin embargo, e<span style=\"color: var( --e-global-color-text ); text-align: var(--text-align);\">l cabildo de la ciudad de Santiago de los Caballeros celebr\u00f3 su primera reuni\u00f3n en el Valle de Panchoy o del Tuerto, el 10 de marzo de 1543. Es decir, la ciudad tiene 381 a\u00f1os de existir como tal, aunque solo fue capital oficialmente hasta 1776, cuando fue asolada por los Terremotos de Santa Marta.\u00a0<\/span><\/p><p><span style=\"color: var( --e-global-color-text ); text-align: var(--text-align);\">En junio de 1543 se realiz\u00f3 un preg\u00f3n ordenando que se le llamara\u00a0 Santiago. El d\u00eda de Corpus Cristi se traslad\u00f3 en solemne procesi\u00f3n la custodia con el Sant\u00edsimo Sacramento desde Almolonga. Fue capital durante 281 a\u00f1os.<\/span><\/p>\t\t\t\t\t\t\t\t<\/div>\n\t\t\t\t\t<\/div>\n\t\t\t\t<\/div>\n\t\t<div data-particle_enable=\"false\" data-particle-mobile-disabled=\"false\" class=\"elementor-element elementor-element-822d016 e-flex e-con-boxed e-con e-parent\" data-id=\"822d016\" data-element_type=\"container\" data-e-type=\"container\">\n\t\t\t\t\t<div class=\"e-con-inner\">\n\t\t\t\t<div class=\"elementor-element elementor-element-8f32619 elementor-arrows-position-inside elementor-pagination-position-outside elementor-widget elementor-widget-image-carousel\" data-id=\"8f32619\" data-element_type=\"widget\" data-e-type=\"widget\" data-settings=\"{&quot;slides_to_show&quot;:&quot;1&quot;,&quot;navigation&quot;:&quot;both&quot;,&quot;autoplay&quot;:&quot;yes&quot;,&quot;pause_on_hover&quot;:&quot;yes&quot;,&quot;pause_on_interaction&quot;:&quot;yes&quot;,&quot;autoplay_speed&quot;:5000,&quot;infinite&quot;:&quot;yes&quot;,&quot;effect&quot;:&quot;slide&quot;,&quot;speed&quot;:500}\" data-widget_type=\"image-carousel.default\">\n\t\t\t\t\t\t\t<div class=\"elementor-image-carousel-wrapper swiper\" role=\"region\" aria-roledescription=\"carousel\" aria-label=\"Carrusel de im\u00e1genes\" dir=\"ltr\">\n\t\t\t<div class=\"elementor-image-carousel swiper-wrapper\" aria-live=\"off\">\n\t\t\t\t\t\t\t\t<div class=\"swiper-slide\" role=\"group\" aria-roledescription=\"slide\" aria-label=\"1 de 2\"><figure class=\"swiper-slide-inner\"><img decoding=\"async\" class=\"swiper-slide-image\" src=\"https:\/\/soymigrante.com\/revista\/wp-content\/uploads\/2024\/07\/Templo-San-Francisco-Antigua-Guatemala-2-1024x697.webp\" alt=\"Ruinas de un edificio hist\u00f3rico con da\u00f1os visibles, ilustraci\u00f3n art\u00edstica de la arquitectura antigua, reflejando patrimonio cultural y patrimonio arquitect\u00f3nico en deterioro, ideal para art\u00edculos sobre historia y conservaci\u00f3n.\" \/><figcaption class=\"elementor-image-carousel-caption\">Una ilustraci\u00f3n art\u00edstica de un antiguo edificio patrimonial con grietas en sus paredes, destacando su arquitectura cl\u00e1sica, transmitiendo historia y patrimonio cultural mexicano.<\/figcaption><\/figure><\/div><div class=\"swiper-slide\" role=\"group\" aria-roledescription=\"slide\" aria-label=\"2 de 2\"><figure class=\"swiper-slide-inner\"><img decoding=\"async\" class=\"swiper-slide-image\" src=\"https:\/\/soymigrante.com\/revista\/wp-content\/uploads\/2024\/07\/Templo-San-Francisco-Antigua-Guatemala-1-1024x729.webp\" alt=\"Antigua iglesia colonial en Guatemala con decoraciones festivas y autos en el frente, reflejando cultura e historia en la Revista SoyMigrante.com.\" \/><figcaption class=\"elementor-image-carousel-caption\">Iglesia colonial en Guatemala adornada con banderines, ubicada en un entorno hist\u00f3rico y cultural, representando la riqueza del patrimonio arquitect\u00f3nico y la comunidad local.<\/figcaption><\/figure><\/div>\t\t\t<\/div>\n\t\t\t\t\t\t\t\t\t\t\t\t<div class=\"elementor-swiper-button elementor-swiper-button-prev\" role=\"button\" tabindex=\"0\">\n\t\t\t\t\t\t<i aria-hidden=\"true\" class=\"eicon-chevron-left\"><\/i>\t\t\t\t\t<\/div>\n\t\t\t\t\t<div class=\"elementor-swiper-button elementor-swiper-button-next\" role=\"button\" tabindex=\"0\">\n\t\t\t\t\t\t<i aria-hidden=\"true\" class=\"eicon-chevron-right\"><\/i>\t\t\t\t\t<\/div>\n\t\t\t\t\n\t\t\t\t\t\t\t\t\t<div class=\"swiper-pagination\"><\/div>\n\t\t\t\t\t\t\t\t\t<\/div>\n\t\t\t\t\t\t<\/div>\n\t\t\t\t\t<\/div>\n\t\t\t\t<\/div>\n\t\t<div data-particle_enable=\"false\" data-particle-mobile-disabled=\"false\" class=\"elementor-element elementor-element-d5ba4f1 e-flex e-con-boxed e-con e-parent\" data-id=\"d5ba4f1\" data-element_type=\"container\" data-e-type=\"container\">\n\t\t\t\t\t<div class=\"e-con-inner\">\n\t\t\t\t<div class=\"elementor-element elementor-element-9f6fbef elementor-widget elementor-widget-heading\" data-id=\"9f6fbef\" data-element_type=\"widget\" data-e-type=\"widget\" data-widget_type=\"heading.default\">\n\t\t\t\t\t<h3 class=\"elementor-heading-title elementor-size-default\">3. Juan se llamaba el que dibuj\u00f3 tan bien a Santiago de los Caballeros<\/h3>\t\t\t\t<\/div>\n\t\t\t\t\t<\/div>\n\t\t\t\t<\/div>\n\t\t<div data-particle_enable=\"false\" data-particle-mobile-disabled=\"false\" class=\"elementor-element elementor-element-eb878f8 e-flex e-con-boxed e-con e-parent\" data-id=\"eb878f8\" data-element_type=\"container\" data-e-type=\"container\">\n\t\t\t\t\t<div class=\"e-con-inner\">\n\t\t\t\t<div class=\"elementor-element elementor-element-813605b elementor-widget elementor-widget-text-editor\" data-id=\"813605b\" data-element_type=\"widget\" data-e-type=\"widget\" data-widget_type=\"text-editor.default\">\n\t\t\t\t\t\t\t\t\t<p><span style=\"color: var( --e-global-color-text ); text-align: var(--text-align);\">La traza de la ciudad de Santiago de Guatemala se encarg\u00f3 a <a href=\"https:\/\/cvc.cervantes.es\/artes\/ciudades_patrimonio\/antigua\/historia_tradicion\/arquitectura_civil_01.htm\">Juan Bautista Antonelli,<\/a> y es uno de los mejores ejemplos del urbanismo hispanoamericano. A\u00f1os m\u00e1s tarde, en 1590, desde La Habana, Cuba,. El mismo Juan Antonelli la describi\u00f3 as\u00ed a\u00f1os despu\u00e9s:\u00a0<\/span><\/p><p><span style=\"color: var( --e-global-color-text ); text-align: var(--text-align);\"><i>&#8220;Est\u00e1 fundada la dicha ciudad de Guatemala en un valle todo cercado de montes muy altos&#8230; A la parte del oeste y a dos leguas y media de la dicha ciudad est\u00e1 un volc\u00e1n que el a\u00f1o de ochenta ech\u00f3 de s\u00ed mucho fuego que fue cosa de espanto verle, y a media legua tiene otro volc\u00e1n de Agua, a la parte del sur que los a\u00f1os atr\u00e1s revent\u00f3 en agua y aneg\u00f3 la mayor parte de la ciudad que entonces estaba poblada en la falda del dicho volc\u00e1n, y despu\u00e9s se mudaron adonde est\u00e1. La dicha ciudad padece muchos temblores y m\u00e1s en el tiempo de las aguas que empiezan desde mayo en adelante hasta todo el mes de octubre y por este respecto todos los edificios son bajos sin altos ningunos.<\/i><\/span><\/p><p><i>Todas las tardes est\u00e1n cubiertos los montes de neblina. Tiene la ciudad la vista algo melanc\u00f3lica por tener los dichos montes tan allegados a ella&#8230; &#8220;<\/i><\/p>\t\t\t\t\t\t\t\t<\/div>\n\t\t\t\t\t<\/div>\n\t\t\t\t<\/div>\n\t\t<div data-particle_enable=\"false\" data-particle-mobile-disabled=\"false\" class=\"elementor-element elementor-element-9c8c45e e-flex e-con-boxed e-con e-parent\" data-id=\"9c8c45e\" data-element_type=\"container\" data-e-type=\"container\">\n\t\t\t\t\t<div class=\"e-con-inner\">\n\t\t\t\t<div class=\"elementor-element elementor-element-0c33bc6 elementor-arrows-position-inside elementor-pagination-position-outside elementor-widget elementor-widget-image-carousel\" data-id=\"0c33bc6\" data-element_type=\"widget\" data-e-type=\"widget\" data-settings=\"{&quot;slides_to_show&quot;:&quot;1&quot;,&quot;navigation&quot;:&quot;both&quot;,&quot;autoplay&quot;:&quot;yes&quot;,&quot;pause_on_hover&quot;:&quot;yes&quot;,&quot;pause_on_interaction&quot;:&quot;yes&quot;,&quot;autoplay_speed&quot;:5000,&quot;infinite&quot;:&quot;yes&quot;,&quot;effect&quot;:&quot;slide&quot;,&quot;speed&quot;:500}\" data-widget_type=\"image-carousel.default\">\n\t\t\t\t\t\t\t<div class=\"elementor-image-carousel-wrapper swiper\" role=\"region\" aria-roledescription=\"carousel\" aria-label=\"Carrusel de im\u00e1genes\" dir=\"ltr\">\n\t\t\t<div class=\"elementor-image-carousel swiper-wrapper\" aria-live=\"off\">\n\t\t\t\t\t\t\t\t<div class=\"swiper-slide\" role=\"group\" aria-roledescription=\"slide\" aria-label=\"1 de 7\"><figure class=\"swiper-slide-inner\"><img decoding=\"async\" class=\"swiper-slide-image\" src=\"https:\/\/soymigrante.com\/revista\/wp-content\/uploads\/2024\/07\/Antigua-Guatemala-Festival-de-la-Luz-2024-2-1024x767.webp\" alt=\"Vibrante proyecci\u00f3n de luces sobre una iglesia hist\u00f3rica en el centro de la ciudad, resaltando su arquitectura barroca y patrimonio cultural en una noche festiva.\" \/><figcaption class=\"elementor-image-carousel-caption\">La Iglesia iluminada en colores ne\u00f3n crea un espect\u00e1culo visual durante un evento cultural en el coraz\u00f3n de la ciudad colonial.<\/figcaption><\/figure><\/div><div class=\"swiper-slide\" role=\"group\" aria-roledescription=\"slide\" aria-label=\"2 de 7\"><figure class=\"swiper-slide-inner\"><img decoding=\"async\" class=\"swiper-slide-image\" src=\"https:\/\/soymigrante.com\/revista\/wp-content\/uploads\/2024\/07\/Antigua-Guatemala-Festival-de-la-Luz-2024-3-1024x767.webp\" alt=\"Majestuosa iglesia iluminada con luces azules en una noche despejada, muestra la belleza arquitect\u00f3nica y cultural de la comunidad local. Ideal para publicaciones sobre cultura, turismo y patrimonio.\" \/><figcaption class=\"elementor-image-carousel-caption\">Iglesia iluminada con luces azules en una noche, resaltando su arquitectura hist\u00f3rica y su importancia cultural en la comunidad local.<\/figcaption><\/figure><\/div><div class=\"swiper-slide\" role=\"group\" aria-roledescription=\"slide\" aria-label=\"3 de 7\"><figure class=\"swiper-slide-inner\"><img decoding=\"async\" class=\"swiper-slide-image\" src=\"https:\/\/soymigrante.com\/revista\/wp-content\/uploads\/2024\/07\/Antigua-Guatemala-Festival-de-la-Luz-2024-4-1024x767.webp\" alt=\"Impresionante fachada iluminada de un edificio hist\u00f3rico en noche con monta\u00f1a de fondo, fotografia art\u00edstica que resalta arquitectura colonial y cultura mexicana.\" \/><figcaption class=\"elementor-image-carousel-caption\">Una impresionante vista nocturna de una iglesia colonial iluminada en la ciudad, reflejada en un estanque, con monta\u00f1as de fondo, destacando el patrimonio y la historia de M\u00e9xico.<\/figcaption><\/figure><\/div><div class=\"swiper-slide\" role=\"group\" aria-roledescription=\"slide\" aria-label=\"4 de 7\"><figure class=\"swiper-slide-inner\"><img decoding=\"async\" class=\"swiper-slide-image\" src=\"https:\/\/soymigrante.com\/revista\/wp-content\/uploads\/2024\/07\/Antigua-Guatemala-Festival-de-la-Luz-2024-5-1024x682.webp\" alt=\"Catedral iluminada con proyecciones art\u00edsticas en celebraci\u00f3n cultural en un evento nocturno.\" \/><figcaption class=\"elementor-image-carousel-caption\">Catedral iluminada con proyecciones art\u00edsticas en celebraci\u00f3n cultural en un evento nocturno.<\/figcaption><\/figure><\/div><div class=\"swiper-slide\" role=\"group\" aria-roledescription=\"slide\" aria-label=\"5 de 7\"><figure class=\"swiper-slide-inner\"><img decoding=\"async\" class=\"swiper-slide-image\" src=\"https:\/\/soymigrante.com\/revista\/wp-content\/uploads\/2024\/07\/Antigua-Guatemala-Festival-de-la-Luz-2024-6-1024x683.webp\" alt=\"Museo iluminado con proyecciones digitales en una noche despejada, creando un espect\u00e1culo visual que resalta la arquitectura hist\u00f3rica y la cultura en Torrej\u00f3n de Ardoz, Madrid.\" \/><figcaption class=\"elementor-image-carousel-caption\">Espect\u00e1culo de luz en la fachada del museo con proyecciones digitales del festival de luces en un entorno urbano en Madrid.<\/figcaption><\/figure><\/div><div class=\"swiper-slide\" role=\"group\" aria-roledescription=\"slide\" aria-label=\"6 de 7\"><figure class=\"swiper-slide-inner\"><img decoding=\"async\" class=\"swiper-slide-image\" src=\"https:\/\/soymigrante.com\/revista\/wp-content\/uploads\/2024\/07\/Antigua-Guatemala-Festival-de-la-Luz-2024-7-1024x767.webp\" alt=\"Majestuosa iglesia en colores c\u00e1lidos iluminada con proyecciones en nocturna, resaltando su arquitectura barroca en la celebraci\u00f3n cultural en M\u00e9xico.\" \/><figcaption class=\"elementor-image-carousel-caption\">Templo La Merced de Antigua Guatemlaa durante espect\u00e1culo de mapping en Festival de la Luz 2024. Fotograf\u00edas cortes\u00eda de Danny Gamboa. <\/figcaption><\/figure><\/div><div class=\"swiper-slide\" role=\"group\" aria-roledescription=\"slide\" aria-label=\"7 de 7\"><figure class=\"swiper-slide-inner\"><img decoding=\"async\" class=\"swiper-slide-image\" src=\"https:\/\/soymigrante.com\/revista\/wp-content\/uploads\/2024\/07\/Antigua-Guatemala-Festival-de-la-Luz-2024-1-1024x767.webp\" alt=\"Esquina iluminada y colorida de una iglesia decorada con proyecciones art\u00edsticas durante una celebraci\u00f3n nocturna en un festival cultural en M\u00e9xico.\" \/><figcaption class=\"elementor-image-carousel-caption\">Celebraci\u00f3n cultural con proyecciones en iglesia hist\u00f3rica en M\u00e9xico, destacando arte y tradici\u00f3n en evento nocturno vibrante y festivo.<\/figcaption><\/figure><\/div>\t\t\t<\/div>\n\t\t\t\t\t\t\t\t\t\t\t\t<div class=\"elementor-swiper-button elementor-swiper-button-prev\" role=\"button\" tabindex=\"0\">\n\t\t\t\t\t\t<i aria-hidden=\"true\" class=\"eicon-chevron-left\"><\/i>\t\t\t\t\t<\/div>\n\t\t\t\t\t<div class=\"elementor-swiper-button elementor-swiper-button-next\" role=\"button\" tabindex=\"0\">\n\t\t\t\t\t\t<i aria-hidden=\"true\" class=\"eicon-chevron-right\"><\/i>\t\t\t\t\t<\/div>\n\t\t\t\t\n\t\t\t\t\t\t\t\t\t<div class=\"swiper-pagination\"><\/div>\n\t\t\t\t\t\t\t\t\t<\/div>\n\t\t\t\t\t\t<\/div>\n\t\t\t\t\t<\/div>\n\t\t\t\t<\/div>\n\t\t<div data-particle_enable=\"false\" data-particle-mobile-disabled=\"false\" class=\"elementor-element elementor-element-596fa95 e-flex e-con-boxed e-con e-parent\" data-id=\"596fa95\" data-element_type=\"container\" data-e-type=\"container\">\n\t\t\t\t\t<div class=\"e-con-inner\">\n\t\t\t\t<div class=\"elementor-element elementor-element-4320d96 elementor-widget elementor-widget-heading\" data-id=\"4320d96\" data-element_type=\"widget\" data-e-type=\"widget\" data-widget_type=\"heading.default\">\n\t\t\t\t\t<h3 class=\"elementor-heading-title elementor-size-default\">4. Aqu\u00ed surgi\u00f3 la expresi\u00f3n Eterna Primavera <\/h3>\t\t\t\t<\/div>\n\t\t\t\t\t<\/div>\n\t\t\t\t<\/div>\n\t\t<div data-particle_enable=\"false\" data-particle-mobile-disabled=\"false\" class=\"elementor-element elementor-element-05143df e-flex e-con-boxed e-con e-parent\" data-id=\"05143df\" data-element_type=\"container\" data-e-type=\"container\">\n\t\t\t\t\t<div class=\"e-con-inner\">\n\t\t\t\t<div class=\"elementor-element elementor-element-e57478b elementor-widget elementor-widget-text-editor\" data-id=\"e57478b\" data-element_type=\"widget\" data-e-type=\"widget\" data-widget_type=\"text-editor.default\">\n\t\t\t\t\t\t\t\t\t<p><span style=\"color: var( --e-global-color-text ); text-align: var(--text-align);\">El cronista Antonio V\u00e1zquez de Espinosa&nbsp; visit\u00f3 Santiago de los Caballeros de Guatemala en en 1620. Y fue tan grata su experiencia que la describi\u00f3 como una tierra <b><i>&#8220;donde es primavera todo el a\u00f1o&#8221;.&nbsp;<\/i><\/b><\/span><\/p>\n<p><span style=\"color: var( --e-global-color-text ); text-align: var(--text-align);\">Dijo adem\u00e1s que ten\u00eda: <i>&#8220;Las calles bien trazadas y derechas, tiene la plaza principal que es muy buena y cuadrada, en el \u00e1ngulo que est\u00e1 al noroeste est\u00e1 la Iglesia catedral&#8230; En el mismo \u00e1ngulo las casas obispales. En el otro \u00e1ngulo que est\u00e1 casi al sur, est\u00e1n las casas reales, muy grandes y capaces..&#8221;<\/i><\/span><\/p>\n<p><span style=\"color: var( --e-global-color-text ); text-align: var(--text-align);\">Y a pesar de que eso fue hace m\u00e1s de tres siglos&#8230; la descripci\u00f3n casi parece aludir a muchos elementos actuales.<\/span><\/p>\n<p><a href=\"https:\/\/soymigrante.com\/revista\/poema-a-guatemala-salve-dulce-y-querida-patria-de-rafael-landivar\/\" target=\"_blank\">El poeta Rafael Land\u00edvar, nacido en la ciudad en 1731 pero fallecido en el exilio en Bolonia, Italia, escribi\u00f3 en su poema A Guatemala sus memorias de la ciudad natal: &#8220;Par\u00e9ceme ya distinguir las frondosas monta\u00f1as y las campi\u00f1as verdes por el eterno don de la primavera&#8221;<\/a><br><\/p>\t\t\t\t\t\t\t\t<\/div>\n\t\t\t\t\t<\/div>\n\t\t\t\t<\/div>\n\t\t<div data-particle_enable=\"false\" data-particle-mobile-disabled=\"false\" class=\"elementor-element elementor-element-eb2c3ad e-flex e-con-boxed e-con e-parent\" data-id=\"eb2c3ad\" data-element_type=\"container\" data-e-type=\"container\">\n\t\t\t\t\t<div class=\"e-con-inner\">\n\t\t\t\t<div class=\"elementor-element elementor-element-ce6e1d1 elementor-widget elementor-widget-video\" data-id=\"ce6e1d1\" data-element_type=\"widget\" data-e-type=\"widget\" data-settings=\"{&quot;youtube_url&quot;:&quot;https:\\\/\\\/www.youtube.com\\\/watch?v=_E6FxB7Ob-w&amp;t=55s&quot;,&quot;video_type&quot;:&quot;youtube&quot;,&quot;controls&quot;:&quot;yes&quot;}\" data-widget_type=\"video.default\">\n\t\t\t\t\t\t\t<div class=\"elementor-wrapper elementor-open-inline\">\n\t\t\t<div class=\"elementor-video\"><\/div>\t\t<\/div>\n\t\t\t\t\t\t<\/div>\n\t\t\t\t\t<\/div>\n\t\t\t\t<\/div>\n\t\t<div data-particle_enable=\"false\" data-particle-mobile-disabled=\"false\" class=\"elementor-element elementor-element-b52b754 e-flex e-con-boxed e-con e-parent\" data-id=\"b52b754\" data-element_type=\"container\" data-e-type=\"container\">\n\t\t\t\t\t<div class=\"e-con-inner\">\n\t\t\t\t<div class=\"elementor-element elementor-element-01cc31d elementor-widget elementor-widget-heading\" data-id=\"01cc31d\" data-element_type=\"widget\" data-e-type=\"widget\" data-widget_type=\"heading.default\">\n\t\t\t\t\t<h3 class=\"elementor-heading-title elementor-size-default\">5. Privilegios y exclusiones<\/h3>\t\t\t\t<\/div>\n\t\t\t\t\t<\/div>\n\t\t\t\t<\/div>\n\t\t<div data-particle_enable=\"false\" data-particle-mobile-disabled=\"false\" class=\"elementor-element elementor-element-8c19ea9 e-flex e-con-boxed e-con e-parent\" data-id=\"8c19ea9\" data-element_type=\"container\" data-e-type=\"container\">\n\t\t\t\t\t<div class=\"e-con-inner\">\n\t\t\t\t<div class=\"elementor-element elementor-element-283730c elementor-widget elementor-widget-text-editor\" data-id=\"283730c\" data-element_type=\"widget\" data-e-type=\"widget\" data-widget_type=\"text-editor.default\">\n\t\t\t\t\t\t\t\t\t<p><span style=\"color: var( --e-global-color-text ); text-align: var(--text-align);\">Seg\u00fan describe la Historia General de Guatemala, los repartos de terrenos obedecieron a la importancia y poder econ\u00f3mico de vecinos, autoridades, conquistadores y pobladores distinguidos.<\/span><\/p><p>&#8220;Los `oficios&#8217; estaban m\u00e1s alejados, y en los alrededores de Santiago surgieron los barrios que se llamaron de San Francisco, La Merced, Santo Domingo y Milpas del Valle. Finalmente se se\u00f1alaron los lugares que hab\u00edan de ocupar los ind\u00edgenas que `vinieron en seguimiento de los espa\u00f1oles&#8217;. As\u00ed surgieron los pueblos circunvecinos.<\/p><p>Por el contrario, s<span style=\"text-align: var(--text-align);\">eg\u00fan prosigue la Historia General, los ind\u00edgenas ten\u00edan una vida muy dura y precaria. &#8220;Se convirtieron en fuente intensiva de mano de obra, se les hizo objeto de agravios y humillaciones, y se les oblig\u00f3 a tributar a los poseedores de las tierras que ocupaban&#8221;.\u00a0<\/span><\/p>\t\t\t\t\t\t\t\t<\/div>\n\t\t\t\t\t<\/div>\n\t\t\t\t<\/div>\n\t\t<div data-particle_enable=\"false\" data-particle-mobile-disabled=\"false\" class=\"elementor-element elementor-element-bd6a233 e-flex e-con-boxed e-con e-parent\" data-id=\"bd6a233\" data-element_type=\"container\" data-e-type=\"container\">\n\t\t\t\t\t<div class=\"e-con-inner\">\n\t\t\t\t<div class=\"elementor-element elementor-element-12a4bd2 elementor-widget elementor-widget-image\" data-id=\"12a4bd2\" data-element_type=\"widget\" data-e-type=\"widget\" data-widget_type=\"image.default\">\n\t\t\t\t\t\t\t\t\t\t\t\t<figure class=\"wp-caption\">\n\t\t\t\t\t\t\t\t\t\t<img decoding=\"async\" width=\"768\" height=\"500\" src=\"https:\/\/soymigrante.com\/revista\/wp-content\/uploads\/2024\/03\/Captura-de-pantalla-2024-03-28-190514.webp\" class=\"attachment-large size-large wp-image-5674\" alt=\"Vista de la entrada de luz de una de las criptas del convento Santa Clara. Se percibe una frescura subterr\u00e1nea que contrasta con el calor del mediod\u00eda. Puerta lateral de las ruinas del convento de Santa Clara, en Antigua Guatemala. Foto Gustavo Montenegro\" title=\"Ruinas de Santa Clara, en Antigua Guatemala \u2013 SoyMigrante.com REVISTA\" \/>\t\t\t\t\t\t\t\t\t\t\t<figcaption class=\"widget-image-caption wp-caption-text\">Vista de la entrada de luz de una de las criptas del convento Santa Clara. Se percibe una frescura subterr\u00e1nea que contrasta con el calor del mediod\u00eda. Puerta lateral de las ruinas del convento de Santa Clara, en Antigua Guatemala. Foto Gustavo Montenegro<\/figcaption>\n\t\t\t\t\t\t\t\t\t\t<\/figure>\n\t\t\t\t\t\t\t\t\t<\/div>\n\t\t\t\t\t<\/div>\n\t\t\t\t<\/div>\n\t\t<div data-particle_enable=\"false\" data-particle-mobile-disabled=\"false\" class=\"elementor-element elementor-element-7d130c1 e-flex e-con-boxed e-con e-parent\" data-id=\"7d130c1\" data-element_type=\"container\" data-e-type=\"container\">\n\t\t\t\t\t<div class=\"e-con-inner\">\n\t\t\t\t<div class=\"elementor-element elementor-element-50ea432 elementor-widget elementor-widget-heading\" data-id=\"50ea432\" data-element_type=\"widget\" data-e-type=\"widget\" data-widget_type=\"heading.default\">\n\t\t\t\t\t<h3 class=\"elementor-heading-title elementor-size-default\">6. Una ciudad tan bella tuvo al menos siete grandes derremotos<\/h3>\t\t\t\t<\/div>\n\t\t\t\t\t<\/div>\n\t\t\t\t<\/div>\n\t\t<div data-particle_enable=\"false\" data-particle-mobile-disabled=\"false\" class=\"elementor-element elementor-element-c4a86e1 e-flex e-con-boxed e-con e-parent\" data-id=\"c4a86e1\" data-element_type=\"container\" data-e-type=\"container\">\n\t\t\t\t\t<div class=\"e-con-inner\">\n\t\t\t\t<div class=\"elementor-element elementor-element-e3d66b7 elementor-widget elementor-widget-text-editor\" data-id=\"e3d66b7\" data-element_type=\"widget\" data-e-type=\"widget\" data-widget_type=\"text-editor.default\">\n\t\t\t\t\t\t\t\t\t<p><span style=\"color: var( --e-global-color-text ); text-align: var(--text-align);\">El terremoto de 1773 que destruy\u00f3 la Capital no fue el primero. De hecho se registran 19 eventos s\u00edsmicos, pero de ellos 8 fueron terremotos: en 1565, 1586 y 1607; luego el de 1651 fue muy destructivo. Pero la ciudad sigui\u00f3 adelante: Luego vino el de 1679, bastante fuerte, pero no tanto como los de 1717, que duraron 4 meses.\u00a0<\/span><\/p><p>Ese desastre origin\u00f3 el primer pedido de trasladar la capital a otro lugar, pero al final los vecinos prefirieron quedarse.\u00a0<\/p><p>En 1751, los terremotos de San Casimiro; uno a las 11 de la ma\u00f1ana y el otro a las 2 de la tarde.<\/p><p>En 1773, 29 de julio, a las 4 de la tarde empezaron los sacudones de tierra que arrasaron con la ciudad. El 7 de septiembre y el 13 de diciembre hubo otras r\u00e9plicas.<\/p><p>\u00a0<\/p><p><span style=\"color: var( --e-global-color-text ); text-align: var(--text-align);\">La poblaci\u00f3n se dividi\u00f3 entre quienes quer\u00edan trasladar la capital hacia otro lugar y los que deseaban reconstruirla en Panchoy. Pero en 1776 se orden\u00f3 el traslado al Valle de la Asunci\u00f3n, de la Ermita o de la Virgen.<br \/>En total antigua Guatemala estuvo 281 a\u00f1os en el Valle de Panchoy o del Tuerto.<\/span><\/p><div>\u00a0<\/div>\t\t\t\t\t\t\t\t<\/div>\n\t\t\t\t\t<\/div>\n\t\t\t\t<\/div>\n\t\t<div data-particle_enable=\"false\" data-particle-mobile-disabled=\"false\" class=\"elementor-element elementor-element-fbc5715 e-flex e-con-boxed e-con e-parent\" data-id=\"fbc5715\" data-element_type=\"container\" data-e-type=\"container\">\n\t\t\t\t\t<div class=\"e-con-inner\">\n\t\t\t\t<div class=\"elementor-element elementor-element-00536b8 elementor-widget elementor-widget-facebook-embed\" data-id=\"00536b8\" data-element_type=\"widget\" data-e-type=\"widget\" data-widget_type=\"facebook-embed.default\">\n\t\t\t\t\t<div style=\"min-height: 1px\" class=\"elementor-facebook-widget fb-video\" data-href=\"https:\/\/fb.watch\/tvFSD6yjG7\/\" data-show-text=\"false\" data-allowfullscreen=\"false\" data-autoplay=\"false\" data-show-captions=\"false\"><\/div>\t\t\t\t<\/div>\n\t\t\t\t\t<\/div>\n\t\t\t\t<\/div>\n\t\t<div data-particle_enable=\"false\" data-particle-mobile-disabled=\"false\" class=\"elementor-element elementor-element-2cd2566 e-flex e-con-boxed e-con e-parent\" data-id=\"2cd2566\" data-element_type=\"container\" data-e-type=\"container\">\n\t\t\t\t\t<div class=\"e-con-inner\">\n\t\t\t\t<div class=\"elementor-element elementor-element-2a5c65f elementor-widget elementor-widget-heading\" data-id=\"2a5c65f\" data-element_type=\"widget\" data-e-type=\"widget\" data-widget_type=\"heading.default\">\n\t\t\t\t\t<h3 class=\"elementor-heading-title elementor-size-default\">7. M\u00faltiples epidemias y erupciones del Volc\u00e1n de Fuego<\/h3>\t\t\t\t<\/div>\n\t\t\t\t\t<\/div>\n\t\t\t\t<\/div>\n\t\t<div data-particle_enable=\"false\" data-particle-mobile-disabled=\"false\" class=\"elementor-element elementor-element-98a938c e-flex e-con-boxed e-con e-parent\" data-id=\"98a938c\" data-element_type=\"container\" data-e-type=\"container\">\n\t\t\t\t\t<div class=\"e-con-inner\">\n\t\t\t\t<div class=\"elementor-element elementor-element-8596719 elementor-widget elementor-widget-text-editor\" data-id=\"8596719\" data-element_type=\"widget\" data-e-type=\"widget\" data-widget_type=\"text-editor.default\">\n\t\t\t\t\t\t\t\t\t<p>Debe comprenderse inicialmente que los h\u00e1bitos de higiene y los conocimientos acerca de microorganismos como bacterias y virus eran desconocidos para gran parte de la poblaci\u00f3n. Hab\u00eda desag\u00fces a flor de tierra y si a eso se suman etapas de precariedad tras terremotos, hay todo un caldo de cultivo de enfermedades.\u00a0\u00a0<\/p>\t\t\t\t\t\t\t\t<\/div>\n\t\t\t\t\t<\/div>\n\t\t\t\t<\/div>\n\t\t<div data-particle_enable=\"false\" data-particle-mobile-disabled=\"false\" class=\"elementor-element elementor-element-c76f383 e-flex e-con-boxed e-con e-parent\" data-id=\"c76f383\" data-element_type=\"container\" data-e-type=\"container\">\n\t\t\t\t\t<div class=\"e-con-inner\">\n\t\t\t\t<div class=\"elementor-element elementor-element-9f4df80 elementor-widget elementor-widget-text-editor\" data-id=\"9f4df80\" data-element_type=\"widget\" data-e-type=\"widget\" data-widget_type=\"text-editor.default\">\n\t\t\t\t\t\t\t\t\t<p>Al menos seis erupciones del volc\u00e1n d eFuego pusieron a temblar a Santiago y pusieron a sus pobladores a rogar a Dios:\u00a0<strong><span style=\"color: var( --e-global-color-text ); text-align: var(--text-align);\">1581, 1582, 1705, 1710 y 1717, 1732<\/span><\/strong><\/p><p><b>Tambi\u00e9n hubo epidemias: <br \/><\/b>En<span style=\"color: var( --e-global-color-text ); text-align: var(--text-align);\">1576-77 se desata una epidemia de neumon\u00eda y viruela. Fallecieron muchos ind\u00edgenas y ni\u00f1os.<\/span><\/p><p>1582: Se desatan varias pestes, posiblemente bub\u00f3nica, transmitida por ratas.<\/p><p>1601: Epidemia de difteria.<\/p><p>1710-12: Epidemia de rabia, diseminada por perros.<\/p><p>1723: Mort\u00edfera peste de viruela se extendi\u00f3 hasta 1725. Sali\u00f3 procesi\u00f3n rogativa de la Virgen del Socorro.<\/p><p>1728: Epidemia de sarampi\u00f3n.<\/p><p>1733: Epidemia de viruela. Miren unas 1 mil 500 personas. Sale en rogativa Jes\u00fas de Candelaria. La enfermedad volvi\u00f3 en 1751, junto con el terremoto y en 1762.<\/p><p><span style=\"color: var( --e-global-color-text ); text-align: var(--text-align);\">1741: Se propag\u00f3 la enfermedad del tabardillo (tifus), transmitido por pulgas.<\/span><\/p><p>1769: Epidemia de sarampi\u00f3n.<\/p>\t\t\t\t\t\t\t\t<\/div>\n\t\t\t\t\t<\/div>\n\t\t\t\t<\/div>\n\t\t<div data-particle_enable=\"false\" data-particle-mobile-disabled=\"false\" class=\"elementor-element elementor-element-5ec6759 e-flex e-con-boxed e-con e-parent\" data-id=\"5ec6759\" data-element_type=\"container\" data-e-type=\"container\">\n\t\t\t\t\t<div class=\"e-con-inner\">\n\t\t\t\t<div class=\"elementor-element elementor-element-5d4de8b elementor-widget elementor-widget-image\" data-id=\"5d4de8b\" data-element_type=\"widget\" data-e-type=\"widget\" data-widget_type=\"image.default\">\n\t\t\t\t\t\t\t\t\t\t\t\t<figure class=\"wp-caption\">\n\t\t\t\t\t\t\t\t\t\t<img loading=\"lazy\" decoding=\"async\" width=\"768\" height=\"512\" src=\"https:\/\/soymigrante.com\/revista\/wp-content\/uploads\/2024\/07\/antigua-guatemala-palacio-capitanes-1024x683.webp\" class=\"attachment-large size-large wp-image-7607\" alt=\"Fachada hist\u00f3rica de la Casa de Montejo en M\u00e9rida, Yucat\u00e1n, al atardecer, muestra arquitectura colonial y patrimonio cultural de M\u00e9xico.\" srcset=\"https:\/\/soymigrante.com\/revista\/wp-content\/uploads\/2024\/07\/antigua-guatemala-palacio-capitanes-1024x683.webp 1024w, https:\/\/soymigrante.com\/revista\/wp-content\/uploads\/2024\/07\/antigua-guatemala-palacio-capitanes-300x200.webp 300w, https:\/\/soymigrante.com\/revista\/wp-content\/uploads\/2024\/07\/antigua-guatemala-palacio-capitanes-768x512.webp 768w, https:\/\/soymigrante.com\/revista\/wp-content\/uploads\/2024\/07\/antigua-guatemala-palacio-capitanes-1536x1024.webp 1536w, https:\/\/soymigrante.com\/revista\/wp-content\/uploads\/2024\/07\/antigua-guatemala-palacio-capitanes-750x500.webp 750w, https:\/\/soymigrante.com\/revista\/wp-content\/uploads\/2024\/07\/antigua-guatemala-palacio-capitanes-1140x760.webp 1140w, https:\/\/soymigrante.com\/revista\/wp-content\/uploads\/2024\/07\/antigua-guatemala-palacio-capitanes.webp 1920w\" sizes=\"(max-width: 768px) 100vw, 768px\" title=\"Palacio de los Capitanes Generales de Antigua Guatemala. La ciudad colonial recibi\u00f3 en 2023 1.6 millones de visitantes; es el principal destino tur\u00edstico del pa\u00eds y sus ruinas coloniales despiertan la fascinaci\u00f3n de propios y extra\u00f1os. (Fotograf\u00eda Abel Ju\u00e1rez) \u2013 SoyMigrante.com REVISTA\" \/>\t\t\t\t\t\t\t\t\t\t\t<figcaption class=\"widget-image-caption wp-caption-text\">Casa de Montejo, M\u00e9rida, Yucat\u00e1n, arquitectura colonial, patrimonio cultural, atardecer, historia mexicana.<\/figcaption>\n\t\t\t\t\t\t\t\t\t\t<\/figure>\n\t\t\t\t\t\t\t\t\t<\/div>\n\t\t\t\t\t<\/div>\n\t\t\t\t<\/div>\n\t\t<div data-particle_enable=\"false\" data-particle-mobile-disabled=\"false\" class=\"elementor-element elementor-element-5500204 e-flex e-con-boxed e-con e-parent\" data-id=\"5500204\" data-element_type=\"container\" data-e-type=\"container\">\n\t\t\t\t\t<div class=\"e-con-inner\">\n\t\t\t\t<div class=\"elementor-element elementor-element-f236fad elementor-widget elementor-widget-heading\" data-id=\"f236fad\" data-element_type=\"widget\" data-e-type=\"widget\" data-widget_type=\"heading.default\">\n\t\t\t\t\t<h2 class=\"elementor-heading-title elementor-size-default\">\u00a1Guatemala es sencillamente incre\u00edble!<\/h2>\t\t\t\t<\/div>\n\t\t\t\t\t<\/div>\n\t\t\t\t<\/div>\n\t\t<div data-particle_enable=\"false\" data-particle-mobile-disabled=\"false\" class=\"elementor-element elementor-element-77693e2 e-flex e-con-boxed e-con e-parent\" data-id=\"77693e2\" data-element_type=\"container\" data-e-type=\"container\">\n\t\t\t\t\t<div class=\"e-con-inner\">\n\t\t\t\t<div class=\"elementor-element elementor-element-a320e88 elementor-grid-eael-col-3 elementor-grid-tablet-eael-col-2 elementor-grid-mobile-eael-col-1 elementor-widget elementor-widget-eael-post-grid\" data-id=\"a320e88\" data-element_type=\"widget\" data-e-type=\"widget\" data-settings=\"{&quot;eael_post_grid_columns&quot;:&quot;eael-col-3&quot;,&quot;eael_post_grid_columns_tablet&quot;:&quot;eael-col-2&quot;,&quot;eael_post_grid_columns_mobile&quot;:&quot;eael-col-1&quot;}\" data-widget_type=\"eael-post-grid.default\">\n\t\t\t\t\t<div id=\"eael-post-grid-a320e88\" class=\"eael-post-grid-container\">\n            <div class=\"eael-post-grid eael-post-appender eael-post-appender-a320e88 eael-post-grid-style-one\" data-layout-mode=\"masonry\"><article class=\"eael-grid-post  eael-post-grid-column eael-pg-post-2390 category-guate-nuestra tags-danzas-de-guatemala\" data-id=\"2390\">\n        <div class=\"eael-grid-post-holder\">\n            <div class=\"eael-grid-post-holder-inner\"><div class=\"eael-entry-media\"><div class=\"eael-entry-overlay fade-in\"><i class=\"far fa-hand-pointer\" aria-hidden=\"true\"><\/i><a href=\"https:\/\/soymigrante.com\/revista\/guatemala-danza-el-baile-de-la-paach-de-san-marcos-es-patrimonio-de-la-humanidad\/\"><\/a><\/div><div class=\"eael-entry-thumbnail \">\n                <img loading=\"lazy\" decoding=\"async\" width=\"1000\" height=\"636\" src=\"https:\/\/soymigrante.com\/revista\/wp-content\/uploads\/2023\/09\/03672-HUG.webp\" class=\"attachment-large size-large wp-image-2424\" alt=\"La percusi\u00f3n del tambor abre paso al recorrido de los ancianos, padrinos y comunidad, en camino a la Casa de la Paazh (Fotograf\u00eda Archivo FLAAR-Unesco)\" srcset=\"https:\/\/soymigrante.com\/revista\/wp-content\/uploads\/2023\/09\/03672-HUG.webp 1000w, https:\/\/soymigrante.com\/revista\/wp-content\/uploads\/2023\/09\/03672-HUG-300x191.webp 300w, https:\/\/soymigrante.com\/revista\/wp-content\/uploads\/2023\/09\/03672-HUG-768x488.webp 768w, https:\/\/soymigrante.com\/revista\/wp-content\/uploads\/2023\/09\/03672-HUG-750x477.webp 750w\" sizes=\"(max-width: 1000px) 100vw, 1000px\" \/>\n            <\/div>\n        <\/div><div class=\"eael-entry-wrapper\"><header class=\"eael-entry-header\"><h2 class=\"eael-entry-title\"><a class=\"eael-grid-post-link\" href=\"https:\/\/soymigrante.com\/revista\/guatemala-danza-el-baile-de-la-paach-de-san-marcos-es-patrimonio-de-la-humanidad\/\" title=\"Danzas de Guatemala: El baile de La Paach, de San Marcos es Patrimonio de la Humanidad\">Danzas de Guatemala: El baile de La Paach, de San Marcos es Patrimonio de la Humanidad<\/a><\/h2><\/header><div class=\"eael-entry-content\">\n                        <div class=\"eael-grid-post-excerpt\"><a href=\"https:\/\/soymigrante.com\/revista\/guatemala-danza-el-baile-de-la-paach-de-san-marcos-es-patrimonio-de-la-humanidad\/\" class=\"eael-post-elements-readmore-btn\">CONOCE SU HISTORIA <\/a><\/div>\n                    <\/div><\/div><\/div>\n        <\/div>\n    <\/article><article class=\"eael-grid-post  eael-post-grid-column eael-pg-post-2456 category-guate-nuestra tags-danzas-de-guatemala\" data-id=\"2456\">\n        <div class=\"eael-grid-post-holder\">\n            <div class=\"eael-grid-post-holder-inner\"><div class=\"eael-entry-media\"><div class=\"eael-entry-overlay fade-in\"><i class=\"far fa-hand-pointer\" aria-hidden=\"true\"><\/i><a href=\"https:\/\/soymigrante.com\/revista\/guatemala-danza-el-palo-volador-en-joyabaj-cubulco-o-chichicastenango-siempre-es-memorable\/\"><\/a><\/div><div class=\"eael-entry-thumbnail \">\n                <img loading=\"lazy\" decoding=\"async\" width=\"1024\" height=\"604\" src=\"https:\/\/soymigrante.com\/revista\/wp-content\/uploads\/2023\/09\/Captura-de-pantalla-2023-09-04-073800-e1693837574983-1024x604.webp\" class=\"attachment-large size-large wp-image-2458\" alt=\"Los monos Hun Batz y Hun Chouen en lo alto del palo antes de descender. Captura de pantalla de video de TV Asunci\u00f3n Joyabaj.\" srcset=\"https:\/\/soymigrante.com\/revista\/wp-content\/uploads\/2023\/09\/Captura-de-pantalla-2023-09-04-073800-e1693837574983-1024x604.webp 1024w, https:\/\/soymigrante.com\/revista\/wp-content\/uploads\/2023\/09\/Captura-de-pantalla-2023-09-04-073800-e1693837574983-300x177.webp 300w, https:\/\/soymigrante.com\/revista\/wp-content\/uploads\/2023\/09\/Captura-de-pantalla-2023-09-04-073800-e1693837574983-768x453.webp 768w, https:\/\/soymigrante.com\/revista\/wp-content\/uploads\/2023\/09\/Captura-de-pantalla-2023-09-04-073800-e1693837574983-750x442.webp 750w, https:\/\/soymigrante.com\/revista\/wp-content\/uploads\/2023\/09\/Captura-de-pantalla-2023-09-04-073800-e1693837574983-1140x673.webp 1140w, https:\/\/soymigrante.com\/revista\/wp-content\/uploads\/2023\/09\/Captura-de-pantalla-2023-09-04-073800-e1693837574983.webp 1256w\" sizes=\"(max-width: 1024px) 100vw, 1024px\" \/>\n            <\/div>\n        <\/div><div class=\"eael-entry-wrapper\"><header class=\"eael-entry-header\"><h2 class=\"eael-entry-title\"><a class=\"eael-grid-post-link\" href=\"https:\/\/soymigrante.com\/revista\/guatemala-danza-el-palo-volador-en-joyabaj-cubulco-o-chichicastenango-siempre-es-memorable\/\" title=\"Danzas de Guatemala: El Palo Volador en Joyabaj, Cubulco o Chichicastenango es inolvidable\">Danzas de Guatemala: El Palo Volador en Joyabaj, Cubulco o Chichicastenango es inolvidable<\/a><\/h2><\/header><div class=\"eael-entry-content\">\n                        <div class=\"eael-grid-post-excerpt\"><a href=\"https:\/\/soymigrante.com\/revista\/guatemala-danza-el-palo-volador-en-joyabaj-cubulco-o-chichicastenango-siempre-es-memorable\/\" class=\"eael-post-elements-readmore-btn\">CONOCE SU HISTORIA <\/a><\/div>\n                    <\/div><\/div><\/div>\n        <\/div>\n    <\/article><article class=\"eael-grid-post  eael-post-grid-column eael-pg-post-2449 category-guate-nuestra tags-danzas-de-guatemala\" data-id=\"2449\">\n        <div class=\"eael-grid-post-holder\">\n            <div class=\"eael-grid-post-holder-inner\"><div class=\"eael-entry-media\"><div class=\"eael-entry-overlay fade-in\"><i class=\"far fa-hand-pointer\" aria-hidden=\"true\"><\/i><a href=\"https:\/\/soymigrante.com\/revista\/danza-guatemala-el-ancestral-baile-del-venado\/\"><\/a><\/div><div class=\"eael-entry-thumbnail \">\n                <img loading=\"lazy\" decoding=\"async\" width=\"1024\" height=\"683\" src=\"https:\/\/soymigrante.com\/revista\/wp-content\/uploads\/2023\/09\/DANZA-DEL-VENADO-CUNEN-QUICHE-1024x683.webp\" class=\"attachment-large size-large wp-image-2450\" alt=\"DANZA DEL VENADO CUNEN QUICHE\" srcset=\"https:\/\/soymigrante.com\/revista\/wp-content\/uploads\/2023\/09\/DANZA-DEL-VENADO-CUNEN-QUICHE-1024x683.webp 1024w, https:\/\/soymigrante.com\/revista\/wp-content\/uploads\/2023\/09\/DANZA-DEL-VENADO-CUNEN-QUICHE-300x200.webp 300w, https:\/\/soymigrante.com\/revista\/wp-content\/uploads\/2023\/09\/DANZA-DEL-VENADO-CUNEN-QUICHE-768x512.webp 768w, https:\/\/soymigrante.com\/revista\/wp-content\/uploads\/2023\/09\/DANZA-DEL-VENADO-CUNEN-QUICHE-1536x1024.webp 1536w, https:\/\/soymigrante.com\/revista\/wp-content\/uploads\/2023\/09\/DANZA-DEL-VENADO-CUNEN-QUICHE-750x500.webp 750w, https:\/\/soymigrante.com\/revista\/wp-content\/uploads\/2023\/09\/DANZA-DEL-VENADO-CUNEN-QUICHE-1140x760.webp 1140w, https:\/\/soymigrante.com\/revista\/wp-content\/uploads\/2023\/09\/DANZA-DEL-VENADO-CUNEN-QUICHE-600x400.webp 600w, https:\/\/soymigrante.com\/revista\/wp-content\/uploads\/2023\/09\/DANZA-DEL-VENADO-CUNEN-QUICHE.webp 1920w\" sizes=\"(max-width: 1024px) 100vw, 1024px\" \/>\n            <\/div>\n        <\/div><div class=\"eael-entry-wrapper\"><header class=\"eael-entry-header\"><h2 class=\"eael-entry-title\"><a class=\"eael-grid-post-link\" href=\"https:\/\/soymigrante.com\/revista\/danza-guatemala-el-ancestral-baile-del-venado\/\" title=\"Danzas de Guatemala: El  Baile del Venado est\u00e1 en la memoria de muchos migrantes.\">Danzas de Guatemala: El  Baile del Venado est\u00e1 en la memoria de muchos migrantes.<\/a><\/h2><\/header><div class=\"eael-entry-content\">\n                        <div class=\"eael-grid-post-excerpt\"><a href=\"https:\/\/soymigrante.com\/revista\/danza-guatemala-el-ancestral-baile-del-venado\/\" class=\"eael-post-elements-readmore-btn\">CONOCE SU HISTORIA <\/a><\/div>\n                    <\/div><\/div><\/div>\n        <\/div>\n    <\/article><\/div>\n            <div class=\"clearfix\"><\/div>\n        <\/div>\t\t\t\t<\/div>\n\t\t\t\t\t<\/div>\n\t\t\t\t<\/div>\n\t\t\t\t<\/div>\n\t\t","protected":false},"excerpt":{"rendered":"<p>La capital de Guatemala se fund\u00f3 hace 500 a\u00f1os en Iximch\u00e9, luego pas\u00f3 al valle de Almolonga. La tragedia del volc\u00e1n en 1541 oblig\u00f3 a buscar otro nuevo sitio: el valle de Panchoy, hoy Antigua Guatemala. Sus inicios, sus terremotos y algo m\u00e1s El valle de Panchoy o de Panc\u00e1n, es el lugar donde se [&hellip;]<\/p>\n","protected":false},"author":7,"featured_media":7610,"comment_status":"open","ping_status":"open","sticky":false,"template":"","format":"standard","meta":{"_acf_changed":false,"_eb_attr":"","footnotes":""},"categories":[58],"tags":[],"class_list":["post-7600","post","type-post","status-publish","format-standard","has-post-thumbnail","hentry","category-guate-nuestra"],"acf":[],"aioseo_notices":[],"aioseo_head":"\n\t\t<!-- All in One SEO Pro 4.9.6.2 - aioseo.com -->\n\t<meta name=\"description\" content=\"Se calcula que El Baile del Venado surgi\u00f3 hace 1,500 a\u00f1os como un ritual de cacer\u00eda; tiene unos 26 danzantes y en cada localidad donde se celebra tiene distintas caracter\u00edsticas. Tradici\u00f3n en al menos 35 comunidades El Baile del Venado es una danza ritual que surgi\u00f3 hace unos 1,500 a\u00f1os, es decir en plena \u00e9poca\" \/>\n\t<meta name=\"robots\" content=\"max-snippet:-1, max-image-preview:large, max-video-preview:-1\" \/>\n\t<meta name=\"author\" content=\"Gustavo Montenegro\"\/>\n\t<link rel=\"canonical\" href=\"https:\/\/soymigrante.com\/revista\/7-datos-de-antigua-guatemala-que-seguro-ya-sabias-o-quiza-no\/\" \/>\n\t<meta name=\"generator\" content=\"All in One SEO Pro (AIOSEO) 4.9.6.2\" \/>\n\n\t\t<link rel=\"preconnect\" href=\"https:\/\/fonts.googleapis.com\" crossorigin>\n<link rel=\"preconnect\" href=\"https:\/\/fonts.gstatic.com\" crossorigin>\n\t\t<meta property=\"og:locale\" content=\"es_ES\" \/>\n\t\t<meta property=\"og:site_name\" content=\"SoyMigrante.com REVISTA \u2013 Nuestra misi\u00f3n es reconocer y dignificar al migrante.\" \/>\n\t\t<meta property=\"og:type\" content=\"article\" \/>\n\t\t<meta property=\"og:title\" content=\"Antigua Guatemala: 7 datos que seguro ya conoc\u00edas (\u00a1O quiz\u00e1 no!) Aver\u00edgualo\" \/>\n\t\t<meta property=\"og:description\" content=\"Santiago de los Caballeros fue capital de Guatemala por 281 a\u00f1os. Es majestuosa y bella, pero tambi\u00e9n sufri\u00f3 de infortunios (terremotos, erupciones, epidemias)\" \/>\n\t\t<meta property=\"og:url\" content=\"https:\/\/soymigrante.com\/revista\/7-datos-de-antigua-guatemala-que-seguro-ya-sabias-o-quiza-no\/\" \/>\n\t\t<meta property=\"og:image\" content=\"https:\/\/soymigrante.com\/revista\/wp-content\/uploads\/2024\/07\/Antigua-Guatemala-Danny-Gamboa.webp\" \/>\n\t\t<meta property=\"og:image:secure_url\" content=\"https:\/\/soymigrante.com\/revista\/wp-content\/uploads\/2024\/07\/Antigua-Guatemala-Danny-Gamboa.webp\" \/>\n\t\t<meta property=\"og:image:width\" content=\"661\" \/>\n\t\t<meta property=\"og:image:height\" content=\"662\" \/>\n\t\t<meta property=\"article:published_time\" content=\"2024-11-16T15:47:07+00:00\" \/>\n\t\t<meta property=\"article:modified_time\" content=\"2024-11-16T15:48:34+00:00\" \/>\n\t\t<meta property=\"article:publisher\" content=\"https:\/\/www.facebook.com\/soymigrantecom\" \/>\n\t\t<meta name=\"twitter:card\" content=\"summary_large_image\" \/>\n\t\t<meta name=\"twitter:site\" content=\"@SoyMigrante_com\" \/>\n\t\t<meta name=\"twitter:title\" content=\"Antigua Guatemala: 7 datos que seguro ya conoc\u00edas (\u00a1O quiz\u00e1 no!) Aver\u00edgualo\" \/>\n\t\t<meta name=\"twitter:description\" content=\"Santiago de los Caballeros fue capital de Guatemala por 281 a\u00f1os. Es majestuosa y bella, pero tambi\u00e9n sufri\u00f3 de infortunios (terremotos, erupciones, epidemias)\" \/>\n\t\t<meta name=\"twitter:creator\" content=\"@SoyMigrante_com\" \/>\n\t\t<meta name=\"twitter:image\" content=\"https:\/\/soymigrante.com\/revista\/wp-content\/uploads\/2024\/07\/Antigua-Guatemala-Danny-Gamboa.webp\" \/>\n\t\t<!-- All in One SEO Pro -->\r\n\t\t<title>Antigua Guatemala: 7 datos que seguro ya conoc\u00edas (\u00a1O quiz\u00e1 no!) Aver\u00edgualo<\/title>\n\n","aioseo_head_json":{"title":"Antigua Guatemala: 7 datos que seguro ya conoc\u00edas (\u00a1O quiz\u00e1 no!) Aver\u00edgualo","description":"Santiago de los Caballeros fue capital de Guatemala por 281 a\u00f1os. Es majestuosa y bella, pero tambi\u00e9n sufri\u00f3 de infortunios (terremotos, erupciones, epidemias)","canonical_url":"https:\/\/soymigrante.com\/revista\/7-datos-de-antigua-guatemala-que-seguro-ya-sabias-o-quiza-no\/","robots":"max-snippet:-1, max-image-preview:large, max-video-preview:-1","keywords":"","webmasterTools":{"miscellaneous":"&lt;link rel=\"preconnect\" href=\"https:\/\/fonts.googleapis.com\" crossorigin&gt;\n&lt;link rel=\"preconnect\" href=\"https:\/\/fonts.gstatic.com\" crossorigin&gt;"},"schema":null,"og:locale":"es_ES","og:site_name":"SoyMigrante.com REVISTA \u2013 Nuestra misi\u00f3n es reconocer y dignificar al migrante.","og:type":"article","og:title":"Antigua Guatemala: 7 datos que seguro ya conoc\u00edas (\u00a1O quiz\u00e1 no!) Aver\u00edgualo","og:description":"Santiago de los Caballeros fue capital de Guatemala por 281 a\u00f1os. Es majestuosa y bella, pero tambi\u00e9n sufri\u00f3 de infortunios (terremotos, erupciones, epidemias)","og:url":"https:\/\/soymigrante.com\/revista\/7-datos-de-antigua-guatemala-que-seguro-ya-sabias-o-quiza-no\/","og:image":"https:\/\/soymigrante.com\/revista\/wp-content\/uploads\/2024\/07\/Antigua-Guatemala-Danny-Gamboa.webp","og:image:secure_url":"https:\/\/soymigrante.com\/revista\/wp-content\/uploads\/2024\/07\/Antigua-Guatemala-Danny-Gamboa.webp","og:image:width":661,"og:image:height":662,"article:published_time":"2024-11-16T15:47:07+00:00","article:modified_time":"2024-11-16T15:48:34+00:00","article:publisher":"https:\/\/www.facebook.com\/soymigrantecom","twitter:card":"summary_large_image","twitter:site":"@SoyMigrante_com","twitter:title":"Antigua Guatemala: 7 datos que seguro ya conoc\u00edas (\u00a1O quiz\u00e1 no!) Aver\u00edgualo","twitter:description":"Santiago de los Caballeros fue capital de Guatemala por 281 a\u00f1os. Es majestuosa y bella, pero tambi\u00e9n sufri\u00f3 de infortunios (terremotos, erupciones, epidemias)","twitter:creator":"@SoyMigrante_com","twitter:image":"https:\/\/soymigrante.com\/revista\/wp-content\/uploads\/2024\/07\/Antigua-Guatemala-Danny-Gamboa.webp"},"aioseo_meta_data":{"post_id":"7600","title":null,"description":"Santiago de los Caballeros fue capital de Guatemala por 281 a\u00f1os. Es majestuosa y bella, pero tambi\u00e9n sufri\u00f3 de infortunios (terremotos, erupciones, epidemias)","keywords":null,"keyphrases":{"focus":{"keyphrase":"Antigua Guatemala","score":69,"analysis":{"keyphraseInTitle":{"score":9,"maxScore":9,"error":0},"keyphraseInDescription":{"score":3,"maxScore":9,"error":1},"keyphraseLength":{"score":9,"maxScore":9,"error":0,"length":2},"keyphraseInURL":{"score":5,"maxScore":5,"error":0},"keyphraseInIntroduction":{"score":9,"maxScore":9,"error":0},"keyphraseInSubHeadings":{"score":3,"maxScore":9,"error":1},"keyphraseInImageAlt":{"score":9,"maxScore":9,"error":0},"keywordDensity":{"score":0,"type":"low","maxScore":9,"error":1}}},"additional":[]},"primary_term":null,"canonical_url":null,"og_title":null,"og_description":null,"og_object_type":"default","og_image_type":"default","og_image_url":null,"og_image_width":null,"og_image_height":null,"og_image_custom_url":null,"og_image_custom_fields":null,"og_video":"","og_custom_url":null,"og_article_section":null,"og_article_tags":null,"twitter_use_og":false,"twitter_card":"default","twitter_image_type":"default","twitter_image_url":null,"twitter_image_custom_url":null,"twitter_image_custom_fields":null,"twitter_title":null,"twitter_description":null,"schema":{"blockGraphs":[],"customGraphs":[],"default":{"data":{"Article":[],"Course":[],"Dataset":[],"FAQPage":[],"Movie":[],"Person":[],"Product":[],"ProductReview":[],"Car":[],"Recipe":[],"Service":[],"SoftwareApplication":[],"WebPage":[]},"graphName":"Article","isEnabled":true},"graphs":[]},"schema_type":"default","schema_type_options":null,"pillar_content":false,"robots_default":true,"robots_noindex":false,"robots_noarchive":false,"robots_nosnippet":false,"robots_nofollow":false,"robots_noimageindex":false,"robots_noodp":false,"robots_notranslate":false,"robots_max_snippet":"-1","robots_max_videopreview":"-1","robots_max_imagepreview":"large","priority":null,"frequency":"default","local_seo":null,"seo_analyzer_scan_date":"2025-10-09 00:19:11","breadcrumb_settings":null,"limit_modified_date":false,"reviewed_by":null,"open_ai":"{\"title\":{\"suggestions\":[],\"usage\":0},\"description\":{\"suggestions\":[],\"usage\":0}}","ai":null,"created":"2024-07-23 04:26:53","updated":"2026-02-04 16:33:47"},"aioseo_breadcrumb":"<div class=\"aioseo-breadcrumbs\"><span class=\"aioseo-breadcrumb\">\n\t<a href=\"https:\/\/soymigrante.com\/revista\" title=\"Home\">Home<\/a>\n<\/span><span class=\"aioseo-breadcrumb-separator\">\u00bb<\/span><span class=\"aioseo-breadcrumb\">\n\t<a href=\"https:\/\/soymigrante.com\/revista\/category\/guate-nuestra\/\" title=\"Guate Nuestra\">Guate Nuestra<\/a>\n<\/span><span class=\"aioseo-breadcrumb-separator\">\u00bb<\/span><span class=\"aioseo-breadcrumb\">\n\tAntigua Guatemala: 7 datos que seguro ya conoc\u00edas (\u00a1O quiz\u00e1 no!) Aver\u00edgualo\n<\/span><\/div>","aioseo_breadcrumb_json":[{"label":"Home","link":"https:\/\/soymigrante.com\/revista"},{"label":"Guate Nuestra","link":"https:\/\/soymigrante.com\/revista\/category\/guate-nuestra\/"},{"label":"Antigua Guatemala: 7 datos que seguro ya conoc\u00edas (\u00a1O quiz\u00e1 no!) Aver\u00edgualo","link":"https:\/\/soymigrante.com\/revista\/7-datos-de-antigua-guatemala-que-seguro-ya-sabias-o-quiza-no\/"}],"_links":{"self":[{"href":"https:\/\/soymigrante.com\/revista\/wp-json\/wp\/v2\/posts\/7600","targetHints":{"allow":["GET"]}}],"collection":[{"href":"https:\/\/soymigrante.com\/revista\/wp-json\/wp\/v2\/posts"}],"about":[{"href":"https:\/\/soymigrante.com\/revista\/wp-json\/wp\/v2\/types\/post"}],"author":[{"embeddable":true,"href":"https:\/\/soymigrante.com\/revista\/wp-json\/wp\/v2\/users\/7"}],"replies":[{"embeddable":true,"href":"https:\/\/soymigrante.com\/revista\/wp-json\/wp\/v2\/comments?post=7600"}],"version-history":[{"count":0,"href":"https:\/\/soymigrante.com\/revista\/wp-json\/wp\/v2\/posts\/7600\/revisions"}],"wp:featuredmedia":[{"embeddable":true,"href":"https:\/\/soymigrante.com\/revista\/wp-json\/wp\/v2\/media\/7610"}],"wp:attachment":[{"href":"https:\/\/soymigrante.com\/revista\/wp-json\/wp\/v2\/media?parent=7600"}],"wp:term":[{"taxonomy":"category","embeddable":true,"href":"https:\/\/soymigrante.com\/revista\/wp-json\/wp\/v2\/categories?post=7600"},{"taxonomy":"post_tag","embeddable":true,"href":"https:\/\/soymigrante.com\/revista\/wp-json\/wp\/v2\/tags?post=7600"}],"curies":[{"name":"wp","href":"https:\/\/api.w.org\/{rel}","templated":true}]}}