{"id":7557,"date":"2024-07-21T11:16:58","date_gmt":"2024-07-21T17:16:58","guid":{"rendered":"https:\/\/soymigrante.com\/revista\/?p=7557"},"modified":"2024-07-30T15:17:36","modified_gmt":"2024-07-30T21:17:36","slug":"palo-volador-de-cubulco-llega-a-nueva-york-en-fotos-de-santiago-billy","status":"publish","type":"post","link":"https:\/\/soymigrante.com\/revista\/palo-volador-de-cubulco-llega-a-nueva-york-en-fotos-de-santiago-billy\/","title":{"rendered":"Palo Volador de Cubulco llega a Nueva York en fotos de Santiago Billy"},"content":{"rendered":"\t\t<div data-elementor-type=\"wp-post\" data-elementor-id=\"7557\" class=\"elementor elementor-7557\" data-elementor-post-type=\"post\">\n\t\t\t\t<div data-particle_enable=\"false\" data-particle-mobile-disabled=\"false\" class=\"elementor-element elementor-element-2d8047a e-flex e-con-boxed e-con e-parent\" data-id=\"2d8047a\" data-element_type=\"container\" data-e-type=\"container\">\n\t\t\t\t\t<div class=\"e-con-inner\">\n\t\t\t\t<div class=\"elementor-element elementor-element-56c96b6 elementor-widget elementor-widget-heading\" data-id=\"56c96b6\" data-element_type=\"widget\" data-e-type=\"widget\" data-widget_type=\"heading.default\">\n\t\t\t\t\t<h2 class=\"elementor-heading-title elementor-size-default\">Fot\u00f3grafo guatemalteco Santiago Billy document\u00f3 la ceremonia y danza del Palo Volador.  Esas im\u00e1genes se encuentran expuestas en un jard\u00edn p\u00fablico del Bronx, Nueva York dentro del 7o. Foto Festival Latinoamericano<br><\/h2>\t\t\t\t<\/div>\n\t\t\t\t\t<\/div>\n\t\t\t\t<\/div>\n\t\t<div data-particle_enable=\"false\" data-particle-mobile-disabled=\"false\" class=\"elementor-element elementor-element-ec45b10 e-flex e-con-boxed e-con e-parent\" data-id=\"ec45b10\" data-element_type=\"container\" data-e-type=\"container\">\n\t\t\t\t\t<div class=\"e-con-inner\">\n\t\t\t\t<div class=\"elementor-element elementor-element-908f484 elementor-widget elementor-widget-text-editor\" data-id=\"908f484\" data-element_type=\"widget\" data-e-type=\"widget\" data-widget_type=\"text-editor.default\">\n\t\t\t\t\t\t\t\t\t<p><a href=\"https:\/\/soymigrante.com\/revista\/guatemala-danza-el-palo-volador-en-joyabaj-cubulco-o-chichicastenango-siempre-es-memorable\/\">El Palo Volador<\/a> es una danza ancestral cuyo ritual y elementos tienen conexi\u00f3n directa, literal, con el Popol Vuh, libro sagrado de los k&#8217;iche&#8217; y libro nacional de Guatemala.&nbsp;<\/p>\n<p><b>&#8220;Cuando v\u00ed la ceremonia del traslado del palo, su colocaci\u00f3n en la plaza de Cubulco o <a href=\"https:\/\/soymigrante.com\/revista\/guatemala-danza-el-palo-volador-en-joyabaj-cubulco-o-chichicastenango-siempre-es-memorable\/\">Joyabaj,<\/a> y el vuelo de los monos, dije: pero si esto est\u00e1 en el Popol Vuh. \u00a1Es el Popol Vuh!&#8221;, <\/b>cuenta con alegr\u00eda Santiago Billy, fotoperiodista guatemalteco que participa en el 7o. Foto Festival Latinoamericano, convocado por el <a href=\"https:\/\/www.bronxdoc.org\/exhibits\/latin-american-foto-festival-2\/detail\">Bronx Documentary Center.&nbsp;&nbsp;<\/a><\/p>\n<p>Dicha muestra presenta las fotograf\u00edas del <a href=\"https:\/\/soymigrante.com\/revista\/guatemala-danza-el-palo-volador-en-joyabaj-cubulco-o-chichicastenango-siempre-es-memorable\/\">Palo Volador<\/a> en un jard\u00edn de dicho barrio neoyorkino.<\/p>\n<div>&nbsp;<\/div>\t\t\t\t\t\t\t\t<\/div>\n\t\t\t\t\t<\/div>\n\t\t\t\t<\/div>\n\t\t<div data-particle_enable=\"false\" data-particle-mobile-disabled=\"false\" class=\"elementor-element elementor-element-d447fd8 e-flex e-con-boxed e-con e-parent\" data-id=\"d447fd8\" data-element_type=\"container\" data-e-type=\"container\">\n\t\t\t\t\t<div class=\"e-con-inner\">\n\t\t\t\t<div class=\"elementor-element elementor-element-67a7eae elementor-widget elementor-widget-image\" data-id=\"67a7eae\" data-element_type=\"widget\" data-e-type=\"widget\" data-widget_type=\"image.default\">\n\t\t\t\t\t\t\t\t\t\t\t\t<figure class=\"wp-caption\">\n\t\t\t\t\t\t\t\t\t\t<img fetchpriority=\"high\" decoding=\"async\" width=\"768\" height=\"491\" src=\"https:\/\/soymigrante.com\/revista\/wp-content\/uploads\/2024\/07\/palo-volador-nueva-york-15-1024x654.webp\" class=\"attachment-large size-large wp-image-7560\" alt=\"Vigilante ind\u00edgena realizando una ceremonia ceremonial en un entorno colonial, simbolizando la cultura y tradiciones mexicanas en un contexto hist\u00f3rico y cultural.\" srcset=\"https:\/\/soymigrante.com\/revista\/wp-content\/uploads\/2024\/07\/palo-volador-nueva-york-15-1024x654.webp 1024w, https:\/\/soymigrante.com\/revista\/wp-content\/uploads\/2024\/07\/palo-volador-nueva-york-15-300x192.webp 300w, https:\/\/soymigrante.com\/revista\/wp-content\/uploads\/2024\/07\/palo-volador-nueva-york-15-768x491.webp 768w, https:\/\/soymigrante.com\/revista\/wp-content\/uploads\/2024\/07\/palo-volador-nueva-york-15-750x479.webp 750w, https:\/\/soymigrante.com\/revista\/wp-content\/uploads\/2024\/07\/palo-volador-nueva-york-15.webp 1080w\" sizes=\"(max-width: 768px) 100vw, 768px\" title=\"Santiago Billy utiliz\u00f3 pel\u00edcula en blanco y negro para reflejar la magnificencia y tradici\u00f3n del Palo Volador. Fotograf\u00eda de Santiago Billy, expuesta en el Bronx Center. \u2013 SoyMigrante.com REVISTA\" \/>\t\t\t\t\t\t\t\t\t\t\t<figcaption class=\"widget-image-caption wp-caption-text\">Celebraci\u00f3n cultural en Guatemala con hombre haciendo canopy en un pueblo hist\u00f3rico, resaltando tradiciones, turismo y patrimonio cultural.<\/figcaption>\n\t\t\t\t\t\t\t\t\t\t<\/figure>\n\t\t\t\t\t\t\t\t\t<\/div>\n\t\t\t\t\t<\/div>\n\t\t\t\t<\/div>\n\t\t<div data-particle_enable=\"false\" data-particle-mobile-disabled=\"false\" class=\"elementor-element elementor-element-3ec7615 e-flex e-con-boxed e-con e-parent\" data-id=\"3ec7615\" data-element_type=\"container\" data-e-type=\"container\">\n\t\t\t\t\t<div class=\"e-con-inner\">\n\t\t\t\t<div class=\"elementor-element elementor-element-cdc9561 elementor-widget elementor-widget-text-editor\" data-id=\"cdc9561\" data-element_type=\"widget\" data-e-type=\"widget\" data-widget_type=\"text-editor.default\">\n\t\t\t\t\t\t\t\t\t<h4>\u00bfC\u00f3mo llega esta oportunidad?<\/h4><p>Me invitaron, a participar porque me reomend\u00f3 un colega y amigo, Jos\u00e9 Cabezas de El Salvador. Le preguntaron por un fot\u00f3grafo guatemalteco, envi\u00e9 mis fotos al Bronx Documentary Center para una exposici\u00f3n de fot\u00f3grafos hispanos y me aceptaron.<\/p><p>\u00a0<\/p><h4>V\u00ed que captas muchas tradiciones y paisajes guatemaltecos \u00bfC\u00f3mo empieza tu trabajo como fot\u00f3grafo?<\/h4><p>Empec\u00e9 a tomar fotos en 2006. Desde entonces no he parado. Hay una pregunta, un tema que he tratado de entender. \u00bfQu\u00e9 es lo que somos los guatemaltecos? La fotograf\u00eda me ha permitido acercarme a muchos rostros y respuestas.\u00a0<\/p><p>\u00a0<\/p><h4>\u00bfY en ese sentido qu\u00e9 conclusi\u00f3n hay sobre los guatemaltecos?<\/h4><p>Que los guatemaltecos hemos vivido tanto en tragedia que mejor hacemos chiste. A los chapines, la mayor\u00eda del tiempo nos toca una realidad tan yuca que por una parte se r\u00ede, pero por otra busca en la magia, en la trascendencia, en la espiritualidad.<\/p><p>\u00a0<\/p>\t\t\t\t\t\t\t\t<\/div>\n\t\t\t\t\t<\/div>\n\t\t\t\t<\/div>\n\t\t<div data-particle_enable=\"false\" data-particle-mobile-disabled=\"false\" class=\"elementor-element elementor-element-76e7dda e-flex e-con-boxed e-con e-parent\" data-id=\"76e7dda\" data-element_type=\"container\" data-e-type=\"container\">\n\t\t\t\t\t<div class=\"e-con-inner\">\n\t\t\t\t<div class=\"elementor-element elementor-element-bf642ac elementor-widget elementor-widget-image\" data-id=\"bf642ac\" data-element_type=\"widget\" data-e-type=\"widget\" data-widget_type=\"image.default\">\n\t\t\t\t\t\t\t\t\t\t\t\t<figure class=\"wp-caption\">\n\t\t\t\t\t\t\t\t\t\t<img decoding=\"async\" width=\"768\" height=\"511\" src=\"https:\/\/soymigrante.com\/revista\/wp-content\/uploads\/2024\/07\/palo-volador-nueva-york-3.webp\" class=\"attachment-large size-large wp-image-7561\" alt=\"Retrato de un taller o conferencia para migrantes en un aula con una presentaci\u00f3n en pantalla sobre historia migrante, mujeres y tradiciones culturales.\" srcset=\"https:\/\/soymigrante.com\/revista\/wp-content\/uploads\/2024\/07\/palo-volador-nueva-york-3.webp 970w, https:\/\/soymigrante.com\/revista\/wp-content\/uploads\/2024\/07\/palo-volador-nueva-york-3-300x200.webp 300w, https:\/\/soymigrante.com\/revista\/wp-content\/uploads\/2024\/07\/palo-volador-nueva-york-3-768x511.webp 768w, https:\/\/soymigrante.com\/revista\/wp-content\/uploads\/2024\/07\/palo-volador-nueva-york-3-750x499.webp 750w\" sizes=\"(max-width: 768px) 100vw, 768px\" title=\"El fot\u00f3grafo guatemalteco Santiago Billy presenta sus fotograf\u00edas en blanco y negro sobre la danza del Palo Volador y tambi\u00e9n ha ofrecido conferencias sobre la multiculturalidad gautemalteca en el Bronx Documentary Center, como parte del Foto Festival Latinoamericano 2024. \u2013 SoyMigrante.com REVISTA\" \/>\t\t\t\t\t\t\t\t\t\t\t<figcaption class=\"widget-image-caption wp-caption-text\">Un taller o conferencia en un aula sobre migraci\u00f3n, cultura e historia, con un ponente explicando detalles importantes a un grupo de asistentes que toman notas y escuchan atentamente.<\/figcaption>\n\t\t\t\t\t\t\t\t\t\t<\/figure>\n\t\t\t\t\t\t\t\t\t<\/div>\n\t\t\t\t\t<\/div>\n\t\t\t\t<\/div>\n\t\t<div data-particle_enable=\"false\" data-particle-mobile-disabled=\"false\" class=\"elementor-element elementor-element-05ad0c2 e-flex e-con-boxed e-con e-parent\" data-id=\"05ad0c2\" data-element_type=\"container\" data-e-type=\"container\">\n\t\t\t\t\t<div class=\"e-con-inner\">\n\t\t\t\t<div class=\"elementor-element elementor-element-0b66e56 elementor-widget elementor-widget-heading\" data-id=\"0b66e56\" data-element_type=\"widget\" data-e-type=\"widget\" data-widget_type=\"heading.default\">\n\t\t\t\t\t<h4 class=\"elementor-heading-title elementor-size-default\">Seg\u00fan veo tambi\u00e9n haces paisaje \u00bfqu\u00e9 diferencia se marca, como fot\u00f3grafo entre captar los paisajes y a las tradiciones?<\/h4>\t\t\t\t<\/div>\n\t\t\t\t\t<\/div>\n\t\t\t\t<\/div>\n\t\t<div data-particle_enable=\"false\" data-particle-mobile-disabled=\"false\" class=\"elementor-element elementor-element-06b7c91 e-flex e-con-boxed e-con e-parent\" data-id=\"06b7c91\" data-element_type=\"container\" data-e-type=\"container\">\n\t\t\t\t\t<div class=\"e-con-inner\">\n\t\t\t\t<div class=\"elementor-element elementor-element-92e0f87 elementor-widget elementor-widget-text-editor\" data-id=\"92e0f87\" data-element_type=\"widget\" data-e-type=\"widget\" data-widget_type=\"text-editor.default\">\n\t\t\t\t\t\t\t\t\t<p>Ah, el paisaje es m\u00e1s una reflexi\u00f3n interna. Fotograf\u00edo algo que tiene que ver conmigo. Por eso al fotografiar personas y tradiciones, salgo de m\u00ed y descubro tanto.<\/p><div>\u00a0<\/div>\t\t\t\t\t\t\t\t<\/div>\n\t\t\t\t\t<\/div>\n\t\t\t\t<\/div>\n\t\t<div data-particle_enable=\"false\" data-particle-mobile-disabled=\"false\" class=\"elementor-element elementor-element-413fdb8 e-flex e-con-boxed e-con e-parent\" data-id=\"413fdb8\" data-element_type=\"container\" data-e-type=\"container\">\n\t\t\t\t\t<div class=\"e-con-inner\">\n\t\t\t\t<div class=\"elementor-element elementor-element-e36de4e elementor-widget elementor-widget-text-editor\" data-id=\"e36de4e\" data-element_type=\"widget\" data-e-type=\"widget\" data-widget_type=\"text-editor.default\">\n\t\t\t\t\t\t\t\t\t<h4><span style=\"color: var( --e-global-color-text ); text-align: var(--text-align);\">\u00a0<\/span><\/h4><p>\u00a0<\/p><h4>\u00bfC\u00f3mo fue la experiencia de fotografiar el palo volador?<\/h4><p>En agosto de 2015 estaba tomando fotos el palo volador de Joyabaj. All\u00ed conoc\u00ed a un amigo, Hugo Hernandez. Compartimos fotos, redes y me invitaron a que\u00a0 fuera a ver el Palo volador de Cubulco, en 2016. Lo fotograf\u00ede con pel\u00edcula blanco y negro, porque quer\u00eda reflejar de la forma m\u00e1s pura, ese gran significado. Ver el Palo Volador es ver el Popol Vuh.<\/p><p>\u00a0<\/p><h4>En tus fotos, el Palo Volador no parece de un a\u00f1o espec\u00edfico, sino de siempre<\/h4><p>As\u00ed es. En Guatemala todo cobra significado cuando le pones atenci\u00f3n. Es ver las acciones de los 400 hombres cargando un \u00e1rbol, ver a los monos que bajan dando vueltas, es notar la relaci\u00f3n con el patrono del pueblo. Es una magia y misticismo que solo existe en Guatemala, pero lo descubres al estar en una ciudad como Nueva York, donde todo es tan real, tan concreto, tan sujeto al tiempo, que no se ve la magia&#8230;\u00a0 Hasta que lo pones en fotograf\u00edas a ojos de la gente.<\/p><p>\u00a0<\/p><h4>\u00a0<\/h4><p>\u00a0<\/p>\t\t\t\t\t\t\t\t<\/div>\n\t\t\t\t\t<\/div>\n\t\t\t\t<\/div>\n\t\t<div data-particle_enable=\"false\" data-particle-mobile-disabled=\"false\" class=\"elementor-element elementor-element-3fee41b e-flex e-con-boxed e-con e-parent\" data-id=\"3fee41b\" data-element_type=\"container\" data-e-type=\"container\">\n\t\t\t\t\t<div class=\"e-con-inner\">\n\t\t\t\t<div class=\"elementor-element elementor-element-1bb3a39 elementor-arrows-position-inside elementor-pagination-position-outside elementor-widget elementor-widget-image-carousel\" data-id=\"1bb3a39\" data-element_type=\"widget\" data-e-type=\"widget\" data-settings=\"{&quot;slides_to_show&quot;:&quot;1&quot;,&quot;navigation&quot;:&quot;both&quot;,&quot;autoplay&quot;:&quot;yes&quot;,&quot;pause_on_hover&quot;:&quot;yes&quot;,&quot;pause_on_interaction&quot;:&quot;yes&quot;,&quot;autoplay_speed&quot;:5000,&quot;infinite&quot;:&quot;yes&quot;,&quot;effect&quot;:&quot;slide&quot;,&quot;speed&quot;:500}\" data-widget_type=\"image-carousel.default\">\n\t\t\t\t\t\t\t<div class=\"elementor-image-carousel-wrapper swiper\" role=\"region\" aria-roledescription=\"carousel\" aria-label=\"Carrusel de im\u00e1genes\" dir=\"ltr\">\n\t\t\t<div class=\"elementor-image-carousel swiper-wrapper\" aria-live=\"off\">\n\t\t\t\t\t\t\t\t<div class=\"swiper-slide\" role=\"group\" aria-roledescription=\"slide\" aria-label=\"1 de 6\"><a data-elementor-open-lightbox=\"yes\" data-elementor-lightbox-slideshow=\"1bb3a39\" data-elementor-lightbox-title=\"El fot\u00f3grafo Santiago Billy capt\u00f3 esta danza del Palo Volador en Cubulco. Baja Verapaz en 2016, Rostro de uno de los voladores. (Fotograf\u00eda Instagram Santiago Billy)\" data-elementor-lightbox-description=\"Imagen en blanco y negro de un joven migrante con m\u00e1scara que representa los retos y la esperanza en la migraci\u00f3n.\" data-e-action-hash=\"#elementor-action%3Aaction%3Dlightbox%26settings%3DeyJpZCI6NzU2OSwidXJsIjoiaHR0cHM6XC9cL3NveW1pZ3JhbnRlLmNvbVwvcmV2aXN0YVwvd3AtY29udGVudFwvdXBsb2Fkc1wvMjAyNFwvMDdcL3BhbG8tdm9sYWRvci53ZWJwIiwic2xpZGVzaG93IjoiMWJiM2EzOSJ9\" href=\"https:\/\/www.instagram.com\/bronxdocumentarycenter\/\"><figure class=\"swiper-slide-inner\"><img decoding=\"async\" class=\"swiper-slide-image\" src=\"https:\/\/soymigrante.com\/revista\/wp-content\/uploads\/2024\/07\/palo-volador-1024x768.webp\" alt=\"Rostro de un joven migrante con m\u00e1scara negra y capucha en primer plano, en un contexto que refleja historias de migraci\u00f3n y resiliencia.\" \/><figcaption class=\"elementor-image-carousel-caption\">Retrato de un migrante con m\u00e1scara de seguridad en un entorno de migraci\u00f3n, simbolizando protecci\u00f3n y desaf\u00edos en su recorrido.<\/figcaption><\/figure><\/a><\/div><div class=\"swiper-slide\" role=\"group\" aria-roledescription=\"slide\" aria-label=\"2 de 6\"><a data-elementor-open-lightbox=\"yes\" data-elementor-lightbox-slideshow=\"1bb3a39\" data-elementor-lightbox-title=\"El fot\u00f3grafo guatemalteco Santiago Billy presenta sus fotograf\u00edas en blanco y negro sobre la danza del Palo Volador y tambi\u00e9n ha ofrecido conferencias sobre la multiculturalidad gautemalteca en el Bronx Documentary Center, como parte del Foto Festival Latinoamericano 2024.\" data-elementor-lightbox-description=\"Clase sobre migraci\u00f3n y derechos humanos en biblioteca, estudiantes participando en taller o conferencia, promoviendo integraci\u00f3n y cultura latinoamericana.\" data-e-action-hash=\"#elementor-action%3Aaction%3Dlightbox%26settings%3DeyJpZCI6NzU2NCwidXJsIjoiaHR0cHM6XC9cL3NveW1pZ3JhbnRlLmNvbVwvcmV2aXN0YVwvd3AtY29udGVudFwvdXBsb2Fkc1wvMjAyNFwvMDdcL3BhbG8tdm9sYWRvci1udWV2YS15b3JrLTgud2VicCIsInNsaWRlc2hvdyI6IjFiYjNhMzkifQ%3D%3D\" href=\"https:\/\/www.instagram.com\/bronxdocumentarycenter\/\"><figure class=\"swiper-slide-inner\"><img decoding=\"async\" class=\"swiper-slide-image\" src=\"https:\/\/soymigrante.com\/revista\/wp-content\/uploads\/2024\/07\/palo-volador-nueva-york-8-1024x768.webp\" alt=\"Amplia imagen de una clase o taller en una biblioteca o aula con estudiantes atentos y una instructora, promoviendo temas de migraci\u00f3n, derechos humanos y cultura en Latinoam\u00e9rica.\" \/><figcaption class=\"elementor-image-carousel-caption\">Una clase en una sala con proyector que muestra una imagen de un grupo en el bosque, promoviendo la cultura migrante y el di\u00e1logo intercultural.<\/figcaption><\/figure><\/a><\/div><div class=\"swiper-slide\" role=\"group\" aria-roledescription=\"slide\" aria-label=\"3 de 6\"><a data-elementor-open-lightbox=\"yes\" data-elementor-lightbox-slideshow=\"1bb3a39\" data-elementor-lightbox-title=\"El fot\u00f3grafo guatemalteco Santiago Billy presenta sus fotograf\u00edas en blanco y negro sobre la danza del Palo Volador y tambi\u00e9n ha ofrecido conferencias sobre la multiculturalidad gautemalteca en el Bronx Documentary Center, como parte del Foto Festival Latinoamericano 2024.\" data-elementor-lightbox-description=\"Fotograf\u00eda de una mujer observando informaci\u00f3n sobre Guatemala en una exposici\u00f3n cultural, resaltando la importancia de la historia y migraci\u00f3n en la pa\u00eds.\" data-e-action-hash=\"#elementor-action%3Aaction%3Dlightbox%26settings%3DeyJpZCI6NzU2NSwidXJsIjoiaHR0cHM6XC9cL3NveW1pZ3JhbnRlLmNvbVwvcmV2aXN0YVwvd3AtY29udGVudFwvdXBsb2Fkc1wvMjAyNFwvMDdcL3BhbG8tdm9sYWRvci1udWV2YS15b3JrLTkud2VicCIsInNsaWRlc2hvdyI6IjFiYjNhMzkifQ%3D%3D\" href=\"https:\/\/www.instagram.com\/bronxdocumentarycenter\/\"><figure class=\"swiper-slide-inner\"><img decoding=\"async\" class=\"swiper-slide-image\" src=\"https:\/\/soymigrante.com\/revista\/wp-content\/uploads\/2024\/07\/palo-volador-nueva-york-9-1024x683.webp\" alt=\"Primeras palabras clave relacionadas con migrantes y cultura en Guatemala en la exposici\u00f3n de SoyMigrante.com REVISTA.\" \/><figcaption class=\"elementor-image-carousel-caption\">Exposici\u00f3n cultural y migrante en Guatemala, con informaci\u00f3n sobre tradiciones, historia y la comunidad migrante en el pa\u00eds.<\/figcaption><\/figure><\/a><\/div><div class=\"swiper-slide\" role=\"group\" aria-roledescription=\"slide\" aria-label=\"4 de 6\"><a data-elementor-open-lightbox=\"yes\" data-elementor-lightbox-slideshow=\"1bb3a39\" data-elementor-lightbox-title=\"El fot\u00f3grafo guatemalteco Santiago Billy presenta sus fotograf\u00edas en blanco y negro sobre la danza del Palo Volador y tambi\u00e9n ha ofrecido conferencias sobre la multiculturalidad gautemalteca en el Bronx Documentary Center, como parte del Foto Festival Latinoamericano 2024.\" data-elementor-lightbox-description=\"El fot\u00f3grafo guatemalteco Santiago Billy presenta sus fotograf\u00edas en blanco y negro sobre la danza del Palo Volador y tambi\u00e9n ha ofrecido conferencias sobre la multiculturalidad gautemalteca en el Bronx Documentary Center, como parte del Foto Festival Latinoamericano 2024.\" data-e-action-hash=\"#elementor-action%3Aaction%3Dlightbox%26settings%3DeyJpZCI6NzU2MiwidXJsIjoiaHR0cHM6XC9cL3NveW1pZ3JhbnRlLmNvbVwvcmV2aXN0YVwvd3AtY29udGVudFwvdXBsb2Fkc1wvMjAyNFwvMDdcL3BhbG8tdm9sYWRvci1udWV2YS15b3JrLTQud2VicCIsInNsaWRlc2hvdyI6IjFiYjNhMzkifQ%3D%3D\" href=\"https:\/\/www.instagram.com\/bronxdocumentarycenter\/\"><figure class=\"swiper-slide-inner\"><img decoding=\"async\" class=\"swiper-slide-image\" src=\"https:\/\/soymigrante.com\/revista\/wp-content\/uploads\/2024\/07\/palo-volador-nueva-york-4-1024x721.webp\" alt=\"Fotograf\u00eda de una exposici\u00f3n fotogr\u00e1fica sobre migrantes en un entorno al aire libre, con un hombre observando una imagen en la pared, rodeado de plantas y flores, promoviendo sensibilizaci\u00f3n y conciencia sobre migraci\u00f3n.\" \/><figcaption class=\"elementor-image-carousel-caption\">Exposici\u00f3n fotogr\u00e1fica sobre migrantes y temas sociales en el jard\u00edn de SoyMigrante.com Revista.<\/figcaption><\/figure><\/a><\/div><div class=\"swiper-slide\" role=\"group\" aria-roledescription=\"slide\" aria-label=\"5 de 6\"><a data-elementor-open-lightbox=\"yes\" data-elementor-lightbox-slideshow=\"1bb3a39\" data-elementor-lightbox-title=\"El fot\u00f3grafo guatemalteco Santiago Billy presenta sus fotograf\u00edas en blanco y negro sobre la danza del Palo Volador y tambi\u00e9n ha ofrecido conferencias sobre la multiculturalidad gautemalteca en el Bronx Documentary Center, como parte del Foto Festival Latinoamericano 2024.\" data-elementor-lightbox-description=\"El fot\u00f3grafo guatemalteco Santiago Billy presenta sus fotograf\u00edas en blanco y negro sobre la danza del Palo Volador y tambi\u00e9n ha ofrecido conferencias sobre la multiculturalidad gautemalteca en el Bronx Documentary Center, como parte del Foto Festival Latinoamericano 2024.\" data-e-action-hash=\"#elementor-action%3Aaction%3Dlightbox%26settings%3DeyJpZCI6NzU2MywidXJsIjoiaHR0cHM6XC9cL3NveW1pZ3JhbnRlLmNvbVwvcmV2aXN0YVwvd3AtY29udGVudFwvdXBsb2Fkc1wvMjAyNFwvMDdcL3BhbG8tdm9sYWRvci1udWV2YS15b3JrLTUud2VicCIsInNsaWRlc2hvdyI6IjFiYjNhMzkifQ%3D%3D\" href=\"https:\/\/www.instagram.com\/bronxdocumentarycenter\/\"><figure class=\"swiper-slide-inner\"><img decoding=\"async\" class=\"swiper-slide-image\" src=\"https:\/\/soymigrante.com\/revista\/wp-content\/uploads\/2024\/07\/palo-volador-nueva-york-5-1024x683.webp\" alt=\"Fotograf\u00eda de una exposici\u00f3n fotogr\u00e1fica en un jard\u00edn con muchas plantas y flores, resaltando la participaci\u00f3n comunitaria en temas sociales y migrantes, en el contexto de SoyMigrante.com REVISTA.\" \/><figcaption class=\"elementor-image-carousel-caption\">Exposici\u00f3n fotogr\u00e1fica en un jard\u00edn con paredes cubiertas de enredaderas y geranios rosas, resaltando el arte y la cultura de la comunidad migrante en la revista SoyMigrante.com Revista.<\/figcaption><\/figure><\/a><\/div><div class=\"swiper-slide\" role=\"group\" aria-roledescription=\"slide\" aria-label=\"6 de 6\"><a data-elementor-open-lightbox=\"yes\" data-elementor-lightbox-slideshow=\"1bb3a39\" data-elementor-lightbox-title=\"La documentaci\u00f3n efectuada por Santiago Billy abarc\u00f3 todos los pasos del ceremonial, incluyendo el traslado del tronco y del volante que gira en su extremo superior. (Fotograf\u00eda de Santiago Billy)\" data-elementor-lightbox-description=\"Una celebraci\u00f3n cultural en un entorno rural en M\u00e9xico, con personas vestidas con trajes tradicionales, participando en un desfile que destaca la identidad ind\u00edgena y cultural.\" data-e-action-hash=\"#elementor-action%3Aaction%3Dlightbox%26settings%3DeyJpZCI6NzU3MCwidXJsIjoiaHR0cHM6XC9cL3NveW1pZ3JhbnRlLmNvbVwvcmV2aXN0YVwvd3AtY29udGVudFwvdXBsb2Fkc1wvMjAyNFwvMDdcL3BhbG8tdm9sYWRvci1udWV2YS15b3JrLTIud2VicCIsInNsaWRlc2hvdyI6IjFiYjNhMzkifQ%3D%3D\" href=\"https:\/\/www.instagram.com\/bronxdocumentarycenter\/\"><figure class=\"swiper-slide-inner\"><img decoding=\"async\" class=\"swiper-slide-image\" src=\"https:\/\/soymigrante.com\/revista\/wp-content\/uploads\/2024\/07\/palo-volador-nueva-york-2-1024x768.webp\" alt=\"Tradicional desfile cultural con personas en vestimentas t\u00edpicas, llevando figuras y adornos en un entorno rural en M\u00e9xico.\" \/><figcaption class=\"elementor-image-carousel-caption\">Desfile de cultura ind\u00edgena en comunidad rural mexicana con vestimentas tradicionales y elementos aut\u00f3ctonos.<\/figcaption><\/figure><\/a><\/div>\t\t\t<\/div>\n\t\t\t\t\t\t\t\t\t\t\t\t<div class=\"elementor-swiper-button elementor-swiper-button-prev\" role=\"button\" tabindex=\"0\">\n\t\t\t\t\t\t<i aria-hidden=\"true\" class=\"eicon-chevron-left\"><\/i>\t\t\t\t\t<\/div>\n\t\t\t\t\t<div class=\"elementor-swiper-button elementor-swiper-button-next\" role=\"button\" tabindex=\"0\">\n\t\t\t\t\t\t<i aria-hidden=\"true\" class=\"eicon-chevron-right\"><\/i>\t\t\t\t\t<\/div>\n\t\t\t\t\n\t\t\t\t\t\t\t\t\t<div class=\"swiper-pagination\"><\/div>\n\t\t\t\t\t\t\t\t\t<\/div>\n\t\t\t\t\t\t<\/div>\n\t\t\t\t\t<\/div>\n\t\t\t\t<\/div>\n\t\t<div data-particle_enable=\"false\" data-particle-mobile-disabled=\"false\" class=\"elementor-element elementor-element-56c4a38 e-flex e-con-boxed e-con e-parent\" data-id=\"56c4a38\" data-element_type=\"container\" data-e-type=\"container\">\n\t\t\t\t\t<div class=\"e-con-inner\">\n\t\t\t\t<div class=\"elementor-element elementor-element-0af12be elementor-widget elementor-widget-text-editor\" data-id=\"0af12be\" data-element_type=\"widget\" data-e-type=\"widget\" data-widget_type=\"text-editor.default\">\n\t\t\t\t\t\t\t\t\t<h4><span style=\"color: var( --e-global-color-text ); text-align: var(--text-align);\">\u00a0<\/span><\/h4><p>\u00a0<\/p><h4>\u00bfC\u00f3mo es tu emoci\u00f3n, sensaci\u00f3n, sentimiento de exponer tu trabajo de algo tan guatemalteco en un espacio p\u00fablico de NY?<\/h4><p>Es una sensaci\u00f3n muy bonita, porque es lo nuestro. Al final del d\u00eda es como decir: miren estamos un poco locos en Guatemala, nos llega celebrar, nos fascina observar un acto maravilloso simb\u00f3lico, amamos nuestra tradici\u00f3n multicultural, que es algo que no van a entender muchos, pero no importa.\u00a0<\/p><p>\u00a0<\/p>\t\t\t\t\t\t\t\t<\/div>\n\t\t\t\t\t<\/div>\n\t\t\t\t<\/div>\n\t\t<div data-particle_enable=\"false\" data-particle-mobile-disabled=\"false\" class=\"elementor-element elementor-element-960452a e-flex e-con-boxed e-con e-parent\" data-id=\"960452a\" data-element_type=\"container\" data-e-type=\"container\">\n\t\t\t\t\t<div class=\"e-con-inner\">\n\t\t\t\t<div class=\"elementor-element elementor-element-8ddb4d6 elementor-widget elementor-widget-image\" data-id=\"8ddb4d6\" data-element_type=\"widget\" data-e-type=\"widget\" data-widget_type=\"image.default\">\n\t\t\t\t\t\t\t\t\t\t\t\t<figure class=\"wp-caption\">\n\t\t\t\t\t\t\t\t\t\t<img decoding=\"async\" width=\"475\" height=\"212\" src=\"https:\/\/soymigrante.com\/revista\/wp-content\/uploads\/2024\/07\/palo-volador-nueva-york-13.webp\" class=\"attachment-large size-large wp-image-7567\" alt=\"Cartel con informaci\u00f3n sobre Guatemala y cultura ind\u00edgena, parte de la exposici\u00f3n en SoyMigrante.com REVISTA.\" srcset=\"https:\/\/soymigrante.com\/revista\/wp-content\/uploads\/2024\/07\/palo-volador-nueva-york-13.webp 475w, https:\/\/soymigrante.com\/revista\/wp-content\/uploads\/2024\/07\/palo-volador-nueva-york-13-300x134.webp 300w\" sizes=\"(max-width: 475px) 100vw, 475px\" title=\"Santiago Billy, fot\u00f3grafo guatemalteco, junto a una de las im\u00e1genes y textos del Palo Volador que expone en Nueva York (Fotograf\u00eda del instagram Bronx Documentary Center) \u2013 SoyMigrante.com REVISTA\" \/>\t\t\t\t\t\t\t\t\t\t\t<figcaption class=\"widget-image-caption wp-caption-text\">Exposici\u00f3n de informaci\u00f3n cultural sobre Guatemala y comunidades ind\u00edgenas, creada para destacar historias migrantes y promover la diversidad cultural en SoyMigrante.com REVISTA.<\/figcaption>\n\t\t\t\t\t\t\t\t\t\t<\/figure>\n\t\t\t\t\t\t\t\t\t<\/div>\n\t\t\t\t\t<\/div>\n\t\t\t\t<\/div>\n\t\t<div data-particle_enable=\"false\" data-particle-mobile-disabled=\"false\" class=\"elementor-element elementor-element-43ed243 e-flex e-con-boxed e-con e-parent\" data-id=\"43ed243\" data-element_type=\"container\" data-e-type=\"container\">\n\t\t\t\t\t<div class=\"e-con-inner\">\n\t\t\t\t<div class=\"elementor-element elementor-element-68822ca elementor-widget elementor-widget-text-editor\" data-id=\"68822ca\" data-element_type=\"widget\" data-e-type=\"widget\" data-widget_type=\"text-editor.default\">\n\t\t\t\t\t\t\t\t\t<p>El Foto Festival Latinoamericano del Bronx Documentary Center est\u00e1 abierto del 11 al 28 de julio de 2024. La admisi\u00f3n a las exposiciones es gratuita y varias de ellas est\u00e1n en espacios p\u00fablicos.\u00a0<\/p>\t\t\t\t\t\t\t\t<\/div>\n\t\t\t\t\t<\/div>\n\t\t\t\t<\/div>\n\t\t<div data-particle_enable=\"false\" data-particle-mobile-disabled=\"false\" class=\"elementor-element elementor-element-c44006a e-flex e-con-boxed e-con e-parent\" data-id=\"c44006a\" data-element_type=\"container\" data-e-type=\"container\">\n\t\t\t\t\t<div class=\"e-con-inner\">\n\t\t\t\t<div class=\"elementor-element elementor-element-1892203 elementor-widget elementor-widget-google_maps\" data-id=\"1892203\" data-element_type=\"widget\" data-e-type=\"widget\" data-widget_type=\"google_maps.default\">\n\t\t\t\t\t\t\t<div class=\"elementor-custom-embed\">\n\t\t\t<iframe loading=\"lazy\"\n\t\t\t\t\tsrc=\"https:\/\/maps.google.com\/maps?q=Bronx%20documentary%20center&#038;t=m&#038;z=10&#038;output=embed&#038;iwloc=near\"\n\t\t\t\t\ttitle=\"Bronx documentary center\"\n\t\t\t\t\taria-label=\"Bronx documentary center\"\n\t\t\t><\/iframe>\n\t\t<\/div>\n\t\t\t\t\t\t<\/div>\n\t\t\t\t\t<\/div>\n\t\t\t\t<\/div>\n\t\t<div data-particle_enable=\"false\" data-particle-mobile-disabled=\"false\" class=\"elementor-element elementor-element-dbd06df e-flex e-con-boxed e-con e-parent\" data-id=\"dbd06df\" data-element_type=\"container\" data-e-type=\"container\">\n\t\t\t\t\t<div class=\"e-con-inner\">\n\t\t\t\t<div class=\"elementor-element elementor-element-b96bec9 elementor-widget elementor-widget-image\" data-id=\"b96bec9\" data-element_type=\"widget\" data-e-type=\"widget\" data-widget_type=\"image.default\">\n\t\t\t\t\t\t\t\t\t\t\t\t<figure class=\"wp-caption\">\n\t\t\t\t\t\t\t\t\t\t<img loading=\"lazy\" decoding=\"async\" width=\"768\" height=\"768\" src=\"https:\/\/soymigrante.com\/revista\/wp-content\/uploads\/2024\/07\/palo-volador-nueva-york-1-1024x1024.webp\" class=\"attachment-large size-large wp-image-7566\" alt=\"Cruz en el centro de la ciudad, s\u00edmbolo religioso, con personas en una cuerda alta de plataformas y un cielo nublado de fondo, en un contexto cultural o festivo.\" srcset=\"https:\/\/soymigrante.com\/revista\/wp-content\/uploads\/2024\/07\/palo-volador-nueva-york-1-1024x1024.webp 1024w, https:\/\/soymigrante.com\/revista\/wp-content\/uploads\/2024\/07\/palo-volador-nueva-york-1-300x300.webp 300w, https:\/\/soymigrante.com\/revista\/wp-content\/uploads\/2024\/07\/palo-volador-nueva-york-1-150x150.webp 150w, https:\/\/soymigrante.com\/revista\/wp-content\/uploads\/2024\/07\/palo-volador-nueva-york-1-768x768.webp 768w, https:\/\/soymigrante.com\/revista\/wp-content\/uploads\/2024\/07\/palo-volador-nueva-york-1-75x75.webp 75w, https:\/\/soymigrante.com\/revista\/wp-content\/uploads\/2024\/07\/palo-volador-nueva-york-1-750x750.webp 750w, https:\/\/soymigrante.com\/revista\/wp-content\/uploads\/2024\/07\/palo-volador-nueva-york-1-1140x1140.webp 1140w, https:\/\/soymigrante.com\/revista\/wp-content\/uploads\/2024\/07\/palo-volador-nueva-york-1.webp 1440w\" sizes=\"(max-width: 768px) 100vw, 768px\" title=\"Esta es una de las fotograf\u00edas que Santiago Billy expone en Nueva York. Considera vital documentar y preservar las identidades culturales y las expresiones como esta danza que refleja directamente conceptos del Popol Vuh (Foto Santiago Billy) \u2013 SoyMigrante.com REVISTA\" \/>\t\t\t\t\t\t\t\t\t\t\t<figcaption class=\"widget-image-caption wp-caption-text\">Estatua de cruz en un lugar hist\u00f3rico con estructura elev\u00e1ndose en el cielo, en una escena que refleja devoci\u00f3n y tradici\u00f3n, con presencia de una torre y un cielo nublado.<\/figcaption>\n\t\t\t\t\t\t\t\t\t\t<\/figure>\n\t\t\t\t\t\t\t\t\t<\/div>\n\t\t\t\t\t<\/div>\n\t\t\t\t<\/div>\n\t\t<div data-particle_enable=\"false\" data-particle-mobile-disabled=\"false\" class=\"elementor-element elementor-element-d9d652d e-flex e-con-boxed e-con e-parent\" data-id=\"d9d652d\" data-element_type=\"container\" data-e-type=\"container\">\n\t\t\t\t\t<div class=\"e-con-inner\">\n\t\t\t\t<div class=\"elementor-element elementor-element-5a22a15 elementor-widget elementor-widget-heading\" data-id=\"5a22a15\" data-element_type=\"widget\" data-e-type=\"widget\" data-widget_type=\"heading.default\">\n\t\t\t\t\t<h2 class=\"elementor-heading-title elementor-size-default\">\u00bfDeseas conocer m\u00e1s sobre Danzas de Guatemala? Te ofrecemos estos art\u00edculos<\/h2>\t\t\t\t<\/div>\n\t\t\t\t\t<\/div>\n\t\t\t\t<\/div>\n\t\t<div data-particle_enable=\"false\" data-particle-mobile-disabled=\"false\" class=\"elementor-element elementor-element-ce6b65d e-flex e-con-boxed e-con e-parent\" data-id=\"ce6b65d\" data-element_type=\"container\" data-e-type=\"container\">\n\t\t\t\t\t<div class=\"e-con-inner\">\n\t\t\t\t<div class=\"elementor-element elementor-element-cc1beb3 elementor-grid-eael-col-3 elementor-grid-tablet-eael-col-2 elementor-grid-mobile-eael-col-1 elementor-widget elementor-widget-eael-post-grid\" data-id=\"cc1beb3\" data-element_type=\"widget\" data-e-type=\"widget\" data-settings=\"{&quot;eael_post_grid_columns&quot;:&quot;eael-col-3&quot;,&quot;eael_post_grid_columns_tablet&quot;:&quot;eael-col-2&quot;,&quot;eael_post_grid_columns_mobile&quot;:&quot;eael-col-1&quot;}\" data-widget_type=\"eael-post-grid.default\">\n\t\t\t\t\t<div id=\"eael-post-grid-cc1beb3\" class=\"eael-post-grid-container\">\n            <div class=\"eael-post-grid eael-post-appender eael-post-appender-cc1beb3 eael-post-grid-style-one\" data-layout-mode=\"masonry\"><article class=\"eael-grid-post  eael-post-grid-column eael-pg-post-2390 category-guate-nuestra tags-danzas-de-guatemala\" data-id=\"2390\">\n        <div class=\"eael-grid-post-holder\">\n            <div class=\"eael-grid-post-holder-inner\"><div class=\"eael-entry-media\"><div class=\"eael-entry-overlay fade-in\"><i class=\"far fa-hand-pointer\" aria-hidden=\"true\"><\/i><a href=\"https:\/\/soymigrante.com\/revista\/guatemala-danza-el-baile-de-la-paach-de-san-marcos-es-patrimonio-de-la-humanidad\/\"><\/a><\/div><div class=\"eael-entry-thumbnail \">\n                <img loading=\"lazy\" decoding=\"async\" width=\"1000\" height=\"636\" src=\"https:\/\/soymigrante.com\/revista\/wp-content\/uploads\/2023\/09\/03672-HUG.webp\" class=\"attachment-large size-large wp-image-2424\" alt=\"La percusi\u00f3n del tambor abre paso al recorrido de los ancianos, padrinos y comunidad, en camino a la Casa de la Paazh (Fotograf\u00eda Archivo FLAAR-Unesco)\" srcset=\"https:\/\/soymigrante.com\/revista\/wp-content\/uploads\/2023\/09\/03672-HUG.webp 1000w, https:\/\/soymigrante.com\/revista\/wp-content\/uploads\/2023\/09\/03672-HUG-300x191.webp 300w, https:\/\/soymigrante.com\/revista\/wp-content\/uploads\/2023\/09\/03672-HUG-768x488.webp 768w, https:\/\/soymigrante.com\/revista\/wp-content\/uploads\/2023\/09\/03672-HUG-750x477.webp 750w\" sizes=\"(max-width: 1000px) 100vw, 1000px\" \/>\n            <\/div>\n        <\/div><div class=\"eael-entry-wrapper\"><header class=\"eael-entry-header\"><h2 class=\"eael-entry-title\"><a class=\"eael-grid-post-link\" href=\"https:\/\/soymigrante.com\/revista\/guatemala-danza-el-baile-de-la-paach-de-san-marcos-es-patrimonio-de-la-humanidad\/\" title=\"Danzas de Guatemala: El baile de La Paach, de San Marcos es Patrimonio de la Humanidad\">Danzas de Guatemala: El baile de La Paach, de San Marcos es Patrimonio de la Humanidad<\/a><\/h2><\/header><div class=\"eael-entry-content\">\n                        <div class=\"eael-grid-post-excerpt\"><a href=\"https:\/\/soymigrante.com\/revista\/guatemala-danza-el-baile-de-la-paach-de-san-marcos-es-patrimonio-de-la-humanidad\/\" class=\"eael-post-elements-readmore-btn\">CONOCE M\u00c1S AQU\u00cd<\/a><\/div>\n                    <\/div><\/div><\/div>\n        <\/div>\n    <\/article><article class=\"eael-grid-post  eael-post-grid-column eael-pg-post-2456 category-guate-nuestra tags-danzas-de-guatemala\" data-id=\"2456\">\n        <div class=\"eael-grid-post-holder\">\n            <div class=\"eael-grid-post-holder-inner\"><div class=\"eael-entry-media\"><div class=\"eael-entry-overlay fade-in\"><i class=\"far fa-hand-pointer\" aria-hidden=\"true\"><\/i><a href=\"https:\/\/soymigrante.com\/revista\/guatemala-danza-el-palo-volador-en-joyabaj-cubulco-o-chichicastenango-siempre-es-memorable\/\"><\/a><\/div><div class=\"eael-entry-thumbnail \">\n                <img loading=\"lazy\" decoding=\"async\" width=\"1024\" height=\"604\" src=\"https:\/\/soymigrante.com\/revista\/wp-content\/uploads\/2023\/09\/Captura-de-pantalla-2023-09-04-073800-e1693837574983-1024x604.webp\" class=\"attachment-large size-large wp-image-2458\" alt=\"Los monos Hun Batz y Hun Chouen en lo alto del palo antes de descender. Captura de pantalla de video de TV Asunci\u00f3n Joyabaj.\" srcset=\"https:\/\/soymigrante.com\/revista\/wp-content\/uploads\/2023\/09\/Captura-de-pantalla-2023-09-04-073800-e1693837574983-1024x604.webp 1024w, https:\/\/soymigrante.com\/revista\/wp-content\/uploads\/2023\/09\/Captura-de-pantalla-2023-09-04-073800-e1693837574983-300x177.webp 300w, https:\/\/soymigrante.com\/revista\/wp-content\/uploads\/2023\/09\/Captura-de-pantalla-2023-09-04-073800-e1693837574983-768x453.webp 768w, https:\/\/soymigrante.com\/revista\/wp-content\/uploads\/2023\/09\/Captura-de-pantalla-2023-09-04-073800-e1693837574983-750x442.webp 750w, https:\/\/soymigrante.com\/revista\/wp-content\/uploads\/2023\/09\/Captura-de-pantalla-2023-09-04-073800-e1693837574983-1140x673.webp 1140w, https:\/\/soymigrante.com\/revista\/wp-content\/uploads\/2023\/09\/Captura-de-pantalla-2023-09-04-073800-e1693837574983.webp 1256w\" sizes=\"(max-width: 1024px) 100vw, 1024px\" \/>\n            <\/div>\n        <\/div><div class=\"eael-entry-wrapper\"><header class=\"eael-entry-header\"><h2 class=\"eael-entry-title\"><a class=\"eael-grid-post-link\" href=\"https:\/\/soymigrante.com\/revista\/guatemala-danza-el-palo-volador-en-joyabaj-cubulco-o-chichicastenango-siempre-es-memorable\/\" title=\"Danzas de Guatemala: El Palo Volador en Joyabaj, Cubulco o Chichicastenango es inolvidable\">Danzas de Guatemala: El Palo Volador en Joyabaj, Cubulco o Chichicastenango es inolvidable<\/a><\/h2><\/header><div class=\"eael-entry-content\">\n                        <div class=\"eael-grid-post-excerpt\"><a href=\"https:\/\/soymigrante.com\/revista\/guatemala-danza-el-palo-volador-en-joyabaj-cubulco-o-chichicastenango-siempre-es-memorable\/\" class=\"eael-post-elements-readmore-btn\">CONOCE M\u00c1S AQU\u00cd<\/a><\/div>\n                    <\/div><\/div><\/div>\n        <\/div>\n    <\/article><article class=\"eael-grid-post  eael-post-grid-column eael-pg-post-2449 category-guate-nuestra tags-danzas-de-guatemala\" data-id=\"2449\">\n        <div class=\"eael-grid-post-holder\">\n            <div class=\"eael-grid-post-holder-inner\"><div class=\"eael-entry-media\"><div class=\"eael-entry-overlay fade-in\"><i class=\"far fa-hand-pointer\" aria-hidden=\"true\"><\/i><a href=\"https:\/\/soymigrante.com\/revista\/danza-guatemala-el-ancestral-baile-del-venado\/\"><\/a><\/div><div class=\"eael-entry-thumbnail \">\n                <img loading=\"lazy\" decoding=\"async\" width=\"1024\" height=\"683\" src=\"https:\/\/soymigrante.com\/revista\/wp-content\/uploads\/2023\/09\/DANZA-DEL-VENADO-CUNEN-QUICHE-1024x683.webp\" class=\"attachment-large size-large wp-image-2450\" alt=\"DANZA DEL VENADO CUNEN QUICHE\" srcset=\"https:\/\/soymigrante.com\/revista\/wp-content\/uploads\/2023\/09\/DANZA-DEL-VENADO-CUNEN-QUICHE-1024x683.webp 1024w, https:\/\/soymigrante.com\/revista\/wp-content\/uploads\/2023\/09\/DANZA-DEL-VENADO-CUNEN-QUICHE-300x200.webp 300w, https:\/\/soymigrante.com\/revista\/wp-content\/uploads\/2023\/09\/DANZA-DEL-VENADO-CUNEN-QUICHE-768x512.webp 768w, https:\/\/soymigrante.com\/revista\/wp-content\/uploads\/2023\/09\/DANZA-DEL-VENADO-CUNEN-QUICHE-1536x1024.webp 1536w, https:\/\/soymigrante.com\/revista\/wp-content\/uploads\/2023\/09\/DANZA-DEL-VENADO-CUNEN-QUICHE-750x500.webp 750w, https:\/\/soymigrante.com\/revista\/wp-content\/uploads\/2023\/09\/DANZA-DEL-VENADO-CUNEN-QUICHE-1140x760.webp 1140w, https:\/\/soymigrante.com\/revista\/wp-content\/uploads\/2023\/09\/DANZA-DEL-VENADO-CUNEN-QUICHE-600x400.webp 600w, https:\/\/soymigrante.com\/revista\/wp-content\/uploads\/2023\/09\/DANZA-DEL-VENADO-CUNEN-QUICHE.webp 1920w\" sizes=\"(max-width: 1024px) 100vw, 1024px\" \/>\n            <\/div>\n        <\/div><div class=\"eael-entry-wrapper\"><header class=\"eael-entry-header\"><h2 class=\"eael-entry-title\"><a class=\"eael-grid-post-link\" href=\"https:\/\/soymigrante.com\/revista\/danza-guatemala-el-ancestral-baile-del-venado\/\" title=\"Danzas de Guatemala: El  Baile del Venado est\u00e1 en la memoria de muchos migrantes.\">Danzas de Guatemala: El  Baile del Venado est\u00e1 en la memoria de muchos migrantes.<\/a><\/h2><\/header><div class=\"eael-entry-content\">\n                        <div class=\"eael-grid-post-excerpt\"><a href=\"https:\/\/soymigrante.com\/revista\/danza-guatemala-el-ancestral-baile-del-venado\/\" class=\"eael-post-elements-readmore-btn\">CONOCE M\u00c1S AQU\u00cd<\/a><\/div>\n                    <\/div><\/div><\/div>\n        <\/div>\n    <\/article><\/div>\n            <div class=\"clearfix\"><\/div>\n        <\/div>\t\t\t\t<\/div>\n\t\t\t\t\t<\/div>\n\t\t\t\t<\/div>\n\t\t\t\t<\/div>\n\t\t","protected":false},"excerpt":{"rendered":"<p>Fot\u00f3grafo guatemalteco Santiago Billy document\u00f3 la ceremonia y danza del Palo Volador. Esas im\u00e1genes se encuentran expuestas en un jard\u00edn p\u00fablico del Bronx, Nueva York dentro del 7o. Foto Festival Latinoamericano El Palo Volador es una danza ancestral cuyo ritual y elementos tienen conexi\u00f3n directa, literal, con el Popol Vuh, libro sagrado de los k&#8217;iche&#8217; [&hellip;]<\/p>\n","protected":false},"author":7,"featured_media":7558,"comment_status":"open","ping_status":"open","sticky":false,"template":"","format":"standard","meta":{"_acf_changed":false,"_eb_attr":"","footnotes":""},"categories":[58],"tags":[],"class_list":["post-7557","post","type-post","status-publish","format-standard","has-post-thumbnail","hentry","category-guate-nuestra"],"acf":[],"aioseo_notices":[],"aioseo_head":"\n\t\t<!-- All in One SEO Pro 4.9.6.2 - aioseo.com -->\n\t<meta name=\"description\" content=\"Se calcula que El Baile del Venado surgi\u00f3 hace 1,500 a\u00f1os como un ritual de cacer\u00eda; tiene unos 26 danzantes y en cada localidad donde se celebra tiene distintas caracter\u00edsticas. Tradici\u00f3n en al menos 35 comunidades El Baile del Venado es una danza ritual que surgi\u00f3 hace unos 1,500 a\u00f1os, es decir en plena \u00e9poca\" \/>\n\t<meta name=\"robots\" content=\"max-snippet:-1, max-image-preview:large, max-video-preview:-1\" \/>\n\t<meta name=\"author\" content=\"Gustavo Montenegro\"\/>\n\t<link rel=\"canonical\" href=\"https:\/\/soymigrante.com\/revista\/palo-volador-de-cubulco-llega-a-nueva-york-en-fotos-de-santiago-billy\/\" \/>\n\t<meta name=\"generator\" content=\"All in One SEO Pro (AIOSEO) 4.9.6.2\" \/>\n\n\t\t<link rel=\"preconnect\" href=\"https:\/\/fonts.googleapis.com\" crossorigin>\n<link rel=\"preconnect\" href=\"https:\/\/fonts.gstatic.com\" crossorigin>\n\t\t<meta property=\"og:locale\" content=\"es_ES\" \/>\n\t\t<meta property=\"og:site_name\" content=\"SoyMigrante.com REVISTA \u2013 Nuestra misi\u00f3n es reconocer y dignificar al migrante.\" \/>\n\t\t<meta property=\"og:type\" content=\"article\" \/>\n\t\t<meta property=\"og:title\" content=\"Palo Volador llega a Nueva York, en exposici\u00f3n en el Bronx\" \/>\n\t\t<meta property=\"og:description\" content=\"Fot\u00f3grafo guatemalteco Santiago Billy document\u00f3 la ceremonia y danza del Palo Volador. Esas im\u00e1genes forman parte de una exposici\u00f3n en el Bronx\" \/>\n\t\t<meta property=\"og:url\" content=\"https:\/\/soymigrante.com\/revista\/palo-volador-de-cubulco-llega-a-nueva-york-en-fotos-de-santiago-billy\/\" \/>\n\t\t<meta property=\"og:image\" content=\"https:\/\/soymigrante.com\/revista\/wp-content\/uploads\/2024\/07\/palo-volador-mico.webp\" \/>\n\t\t<meta property=\"og:image:secure_url\" content=\"https:\/\/soymigrante.com\/revista\/wp-content\/uploads\/2024\/07\/palo-volador-mico.webp\" \/>\n\t\t<meta property=\"og:image:width\" content=\"506\" \/>\n\t\t<meta property=\"og:image:height\" content=\"506\" \/>\n\t\t<meta property=\"article:published_time\" content=\"2024-07-21T17:16:58+00:00\" \/>\n\t\t<meta property=\"article:modified_time\" content=\"2024-07-30T21:17:36+00:00\" \/>\n\t\t<meta property=\"article:publisher\" content=\"https:\/\/www.facebook.com\/soymigrantecom\" \/>\n\t\t<meta name=\"twitter:card\" content=\"summary_large_image\" \/>\n\t\t<meta name=\"twitter:site\" content=\"@SoyMigrante_com\" \/>\n\t\t<meta name=\"twitter:title\" content=\"Palo Volador llega a Nueva York, en exposici\u00f3n en el Bronx\" \/>\n\t\t<meta name=\"twitter:description\" content=\"Fot\u00f3grafo guatemalteco Santiago Billy document\u00f3 la ceremonia y danza del Palo Volador. Esas im\u00e1genes forman parte de una exposici\u00f3n en el Bronx\" \/>\n\t\t<meta name=\"twitter:creator\" content=\"@SoyMigrante_com\" \/>\n\t\t<meta name=\"twitter:image\" content=\"https:\/\/soymigrante.com\/revista\/wp-content\/uploads\/2024\/07\/palo-volador-mico.webp\" \/>\n\t\t<!-- All in One SEO Pro -->\r\n\t\t<title>Palo Volador llega a Nueva York, en exposici\u00f3n en el Bronx<\/title>\n\n","aioseo_head_json":{"title":"Palo Volador llega a Nueva York, en exposici\u00f3n en el Bronx","description":"Fot\u00f3grafo guatemalteco Santiago Billy document\u00f3 la ceremonia y danza del Palo Volador. Esas im\u00e1genes forman parte de una exposici\u00f3n en el Bronx","canonical_url":"https:\/\/soymigrante.com\/revista\/palo-volador-de-cubulco-llega-a-nueva-york-en-fotos-de-santiago-billy\/","robots":"max-snippet:-1, max-image-preview:large, max-video-preview:-1","keywords":"","webmasterTools":{"miscellaneous":"&lt;link rel=\"preconnect\" href=\"https:\/\/fonts.googleapis.com\" crossorigin&gt;\n&lt;link rel=\"preconnect\" href=\"https:\/\/fonts.gstatic.com\" crossorigin&gt;"},"schema":null,"og:locale":"es_ES","og:site_name":"SoyMigrante.com REVISTA \u2013 Nuestra misi\u00f3n es reconocer y dignificar al migrante.","og:type":"article","og:title":"Palo Volador llega a Nueva York, en exposici\u00f3n en el Bronx","og:description":"Fot\u00f3grafo guatemalteco Santiago Billy document\u00f3 la ceremonia y danza del Palo Volador. Esas im\u00e1genes forman parte de una exposici\u00f3n en el Bronx","og:url":"https:\/\/soymigrante.com\/revista\/palo-volador-de-cubulco-llega-a-nueva-york-en-fotos-de-santiago-billy\/","og:image":"https:\/\/soymigrante.com\/revista\/wp-content\/uploads\/2024\/07\/palo-volador-mico.webp","og:image:secure_url":"https:\/\/soymigrante.com\/revista\/wp-content\/uploads\/2024\/07\/palo-volador-mico.webp","og:image:width":506,"og:image:height":506,"article:published_time":"2024-07-21T17:16:58+00:00","article:modified_time":"2024-07-30T21:17:36+00:00","article:publisher":"https:\/\/www.facebook.com\/soymigrantecom","twitter:card":"summary_large_image","twitter:site":"@SoyMigrante_com","twitter:title":"Palo Volador llega a Nueva York, en exposici\u00f3n en el Bronx","twitter:description":"Fot\u00f3grafo guatemalteco Santiago Billy document\u00f3 la ceremonia y danza del Palo Volador. Esas im\u00e1genes forman parte de una exposici\u00f3n en el Bronx","twitter:creator":"@SoyMigrante_com","twitter:image":"https:\/\/soymigrante.com\/revista\/wp-content\/uploads\/2024\/07\/palo-volador-mico.webp"},"aioseo_meta_data":{"post_id":"7557","title":"Palo Volador llega a Nueva York, en exposici\u00f3n en el Bronx","description":"Fot\u00f3grafo guatemalteco Santiago Billy document\u00f3 la ceremonia y danza del Palo Volador. Esas im\u00e1genes forman parte de una exposici\u00f3n en el Bronx","keywords":null,"keyphrases":{"focus":{"keyphrase":"Palo Volador","score":100,"analysis":{"keyphraseInTitle":{"score":9,"maxScore":9,"error":0},"keyphraseInDescription":{"score":9,"maxScore":9,"error":0},"keyphraseLength":{"score":9,"maxScore":9,"error":0,"length":2},"keyphraseInURL":{"score":5,"maxScore":5,"error":0}}},"additional":[{"keyphrase":"Guatemala","score":67,"analysis":{"keyphraseInDescription":{"score":3,"maxScore":9,"error":1},"keyphraseLength":{"score":9,"maxScore":9,"error":0,"length":1}}}]},"primary_term":null,"canonical_url":null,"og_title":null,"og_description":null,"og_object_type":"default","og_image_type":"default","og_image_url":null,"og_image_width":null,"og_image_height":null,"og_image_custom_url":null,"og_image_custom_fields":null,"og_video":"","og_custom_url":null,"og_article_section":null,"og_article_tags":null,"twitter_use_og":false,"twitter_card":"default","twitter_image_type":"default","twitter_image_url":null,"twitter_image_custom_url":null,"twitter_image_custom_fields":null,"twitter_title":null,"twitter_description":null,"schema":{"blockGraphs":[],"customGraphs":[],"default":{"data":{"Article":[],"Course":[],"Dataset":[],"FAQPage":[],"Movie":[],"Person":[],"Product":[],"ProductReview":[],"Car":[],"Recipe":[],"Service":[],"SoftwareApplication":[],"WebPage":[]},"graphName":"Article","isEnabled":true},"graphs":[]},"schema_type":"default","schema_type_options":null,"pillar_content":false,"robots_default":true,"robots_noindex":false,"robots_noarchive":false,"robots_nosnippet":false,"robots_nofollow":false,"robots_noimageindex":false,"robots_noodp":false,"robots_notranslate":false,"robots_max_snippet":"-1","robots_max_videopreview":"-1","robots_max_imagepreview":"large","priority":null,"frequency":"default","local_seo":null,"seo_analyzer_scan_date":"2025-10-08 22:20:17","breadcrumb_settings":null,"limit_modified_date":false,"reviewed_by":null,"open_ai":"{\"title\":{\"suggestions\":[],\"usage\":0},\"description\":{\"suggestions\":[],\"usage\":0}}","ai":null,"created":"2024-07-20 20:10:41","updated":"2026-02-04 12:27:33"},"aioseo_breadcrumb":"<div class=\"aioseo-breadcrumbs\"><span class=\"aioseo-breadcrumb\">\n\t<a href=\"https:\/\/soymigrante.com\/revista\" title=\"Home\">Home<\/a>\n<\/span><span class=\"aioseo-breadcrumb-separator\">\u00bb<\/span><span class=\"aioseo-breadcrumb\">\n\t<a href=\"https:\/\/soymigrante.com\/revista\/category\/guate-nuestra\/\" title=\"Guate Nuestra\">Guate Nuestra<\/a>\n<\/span><span class=\"aioseo-breadcrumb-separator\">\u00bb<\/span><span class=\"aioseo-breadcrumb\">\n\tPalo Volador de Cubulco llega a Nueva York en fotos de Santiago Billy\n<\/span><\/div>","aioseo_breadcrumb_json":[{"label":"Home","link":"https:\/\/soymigrante.com\/revista"},{"label":"Guate Nuestra","link":"https:\/\/soymigrante.com\/revista\/category\/guate-nuestra\/"},{"label":"Palo Volador de Cubulco llega a Nueva York en fotos de Santiago Billy","link":"https:\/\/soymigrante.com\/revista\/palo-volador-de-cubulco-llega-a-nueva-york-en-fotos-de-santiago-billy\/"}],"_links":{"self":[{"href":"https:\/\/soymigrante.com\/revista\/wp-json\/wp\/v2\/posts\/7557","targetHints":{"allow":["GET"]}}],"collection":[{"href":"https:\/\/soymigrante.com\/revista\/wp-json\/wp\/v2\/posts"}],"about":[{"href":"https:\/\/soymigrante.com\/revista\/wp-json\/wp\/v2\/types\/post"}],"author":[{"embeddable":true,"href":"https:\/\/soymigrante.com\/revista\/wp-json\/wp\/v2\/users\/7"}],"replies":[{"embeddable":true,"href":"https:\/\/soymigrante.com\/revista\/wp-json\/wp\/v2\/comments?post=7557"}],"version-history":[{"count":0,"href":"https:\/\/soymigrante.com\/revista\/wp-json\/wp\/v2\/posts\/7557\/revisions"}],"wp:featuredmedia":[{"embeddable":true,"href":"https:\/\/soymigrante.com\/revista\/wp-json\/wp\/v2\/media\/7558"}],"wp:attachment":[{"href":"https:\/\/soymigrante.com\/revista\/wp-json\/wp\/v2\/media?parent=7557"}],"wp:term":[{"taxonomy":"category","embeddable":true,"href":"https:\/\/soymigrante.com\/revista\/wp-json\/wp\/v2\/categories?post=7557"},{"taxonomy":"post_tag","embeddable":true,"href":"https:\/\/soymigrante.com\/revista\/wp-json\/wp\/v2\/tags?post=7557"}],"curies":[{"name":"wp","href":"https:\/\/api.w.org\/{rel}","templated":true}]}}