{"id":7554,"date":"2024-07-19T18:07:20","date_gmt":"2024-07-20T00:07:20","guid":{"rendered":"https:\/\/soymigrante.com\/revista\/?p=7554"},"modified":"2024-07-26T15:56:25","modified_gmt":"2024-07-26T21:56:25","slug":"malacates-inician-gira-usa-en-san-francisco-coreados-por-muchos-compatriotas","status":"publish","type":"post","link":"https:\/\/soymigrante.com\/revista\/malacates-inician-gira-usa-en-san-francisco-coreados-por-muchos-compatriotas\/","title":{"rendered":"Malacates comienza gira USA en San Francisco acompa\u00f1ados de chapines"},"content":{"rendered":"\t\t<div data-elementor-type=\"wp-post\" data-elementor-id=\"7554\" class=\"elementor elementor-7554\" data-elementor-post-type=\"post\">\n\t\t\t\t<div data-particle_enable=\"false\" data-particle-mobile-disabled=\"false\" class=\"elementor-element elementor-element-ea3f653 e-flex e-con-boxed e-con e-parent\" data-id=\"ea3f653\" data-element_type=\"container\" data-e-type=\"container\">\n\t\t\t\t\t<div class=\"e-con-inner\">\n\t\t\t\t<div class=\"elementor-element elementor-element-41d75d6 elementor-widget elementor-widget-heading\" data-id=\"41d75d6\" data-element_type=\"widget\" data-e-type=\"widget\" data-widget_type=\"heading.default\">\n\t\t\t\t\t<h2 class=\"elementor-heading-title elementor-size-default\">La banda Malacates Trebol Shop inici\u00f3 su Gira por USA  en San Francisco. Interpretaron \u00e9xitos de 25 a\u00f1os de carrera y migrantes guatemaltecos llegaron a cantar junto a ellos. Estas son las fechas y ciudades donde tocar\u00e1n.<\/h2>\t\t\t\t<\/div>\n\t\t\t\t\t<\/div>\n\t\t\t\t<\/div>\n\t\t<div data-particle_enable=\"false\" data-particle-mobile-disabled=\"false\" class=\"elementor-element elementor-element-dfc0612 e-flex e-con-boxed e-con e-parent\" data-id=\"dfc0612\" data-element_type=\"container\" data-e-type=\"container\">\n\t\t\t\t\t<div class=\"e-con-inner\">\n\t\t\t\t<div class=\"elementor-element elementor-element-bba108d elementor-widget elementor-widget-text-editor\" data-id=\"bba108d\" data-element_type=\"widget\" data-e-type=\"widget\" data-widget_type=\"text-editor.default\">\n\t\t\t\t\t\t\t\t\t<p><span style=\"color: var( --e-global-color-text ); text-align: var(--text-align);\">Una de las bandas m\u00e1s queridas por los guatemaltecos es <a href=\"https:\/\/malacates.com\/\">Malacates Trebol Shop<\/a>, que est\u00e1 cumpliendo 25 a\u00f1os y que se ha caracterizado por su ritmo pegajoso, letras creativas y presentaciones llenas de alegr\u00eda y energ\u00eda, tal como ocurri\u00f3 este viernes 18 en San Francisco, California, donde comenzaron su gira por ciudades de Estados Unidos.\u00a0<\/span><\/p><p><span style=\"color: var( --e-global-color-text ); text-align: var(--text-align);\"><a href=\"https:\/\/malacates.com\/\">Malacates<\/a> est\u00e1 integrado por Jacobo Nitsch en la trompeta; Leonel Hern\u00e1ndez en la bater\u00eda, Chofo Hern\u00e1ndez en la guitarra y Francisco P\u00e1ez en la voz.\u00a0 Temas como Ni un centavo, Tal vez, D\u00e9jame llegar, Todo se pagar\u00e1, T\u00f3mame o De qu\u00e9 sirve querer pusieron a bailar, vibrar y cantar a los asistentes.\u00a0<\/span><\/p><p>\u00a0<\/p>\t\t\t\t\t\t\t\t<\/div>\n\t\t\t\t\t<\/div>\n\t\t\t\t<\/div>\n\t\t<div data-particle_enable=\"false\" data-particle-mobile-disabled=\"false\" class=\"elementor-element elementor-element-83e50ac e-flex e-con-boxed e-con e-parent\" data-id=\"83e50ac\" data-element_type=\"container\" data-e-type=\"container\">\n\t\t\t\t\t<div class=\"e-con-inner\">\n\t\t\t\t<div class=\"elementor-element elementor-element-5aa2a5a elementor-widget elementor-widget-facebook-embed\" data-id=\"5aa2a5a\" data-element_type=\"widget\" data-e-type=\"widget\" data-widget_type=\"facebook-embed.default\">\n\t\t\t\t\t<div style=\"min-height: 1px\" class=\"elementor-facebook-widget fb-video\" data-href=\"https:\/\/www.facebook.com\/malacates\/videos\/1196855394834757\" data-show-text=\"false\" data-allowfullscreen=\"false\" data-autoplay=\"false\" data-show-captions=\"false\"><\/div>\t\t\t\t<\/div>\n\t\t\t\t\t<\/div>\n\t\t\t\t<\/div>\n\t\t<div data-particle_enable=\"false\" data-particle-mobile-disabled=\"false\" class=\"elementor-element elementor-element-fc684a9 e-flex e-con-boxed e-con e-parent\" data-id=\"fc684a9\" data-element_type=\"container\" data-e-type=\"container\">\n\t\t\t\t\t<div class=\"e-con-inner\">\n\t\t\t\t<div class=\"elementor-element elementor-element-8127dee elementor-widget elementor-widget-heading\" data-id=\"8127dee\" data-element_type=\"widget\" data-e-type=\"widget\" data-widget_type=\"heading.default\">\n\t\t\t\t\t<h3 class=\"elementor-heading-title elementor-size-default\">Fechas y lugares de la gira Malacates USA 2024<\/h3>\t\t\t\t<\/div>\n\t\t\t\t\t<\/div>\n\t\t\t\t<\/div>\n\t\t<div data-particle_enable=\"false\" data-particle-mobile-disabled=\"false\" class=\"elementor-element elementor-element-315c09f e-flex e-con-boxed e-con e-parent\" data-id=\"315c09f\" data-element_type=\"container\" data-e-type=\"container\">\n\t\t\t\t\t<div class=\"e-con-inner\">\n\t\t\t\t<div class=\"elementor-element elementor-element-b4b5e59 elementor-widget elementor-widget-text-editor\" data-id=\"b4b5e59\" data-element_type=\"widget\" data-e-type=\"widget\" data-widget_type=\"text-editor.default\">\n\t\t\t\t\t\t\t\t\t<p><b>19 de julio<\/b> Kansas City<br \/><b>20 de julio<\/b> Sioux City<br \/><b>26 de julio<\/b> Nashville<br \/><span style=\"color: var( --e-global-color-text ); text-align: var(--text-align);\"><b>27 de julio<\/b> Atlanta<br \/><\/span><span style=\"color: var( --e-global-color-text ); text-align: var(--text-align);\"><b>28 de julio<\/b> Boston<br \/><\/span><span style=\"color: var( --e-global-color-text ); text-align: var(--text-align);\"><b>2 de agosto<\/b> New Jersey<br \/><\/span><span style=\"color: var( --e-global-color-text ); text-align: var(--text-align);\"><strong>3 de agosto<\/strong> New York<br \/><\/span><span style=\"color: var( --e-global-color-text ); text-align: var(--text-align);\"><strong>4 da agosto<\/strong> Connecticut<br \/><\/span><span style=\"color: var( --e-global-color-text ); text-align: var(--text-align);\"><strong>1 de septiembr<\/strong>e Maryland<\/span><\/p><p>En el sitio<a href=\"https:\/\/www.bandsintown.com\/a\/308861\"> Bandsintown <\/a>de puede seguir el recorrido y tambi\u00e9n conseguir los boletos<\/p>\t\t\t\t\t\t\t\t<\/div>\n\t\t\t\t\t<\/div>\n\t\t\t\t<\/div>\n\t\t<div data-particle_enable=\"false\" data-particle-mobile-disabled=\"false\" class=\"elementor-element elementor-element-aa23ad7 e-flex e-con-boxed e-con e-parent\" data-id=\"aa23ad7\" data-element_type=\"container\" data-e-type=\"container\">\n\t\t\t\t\t<div class=\"e-con-inner\">\n\t\t\t\t<div class=\"elementor-element elementor-element-220b990 elementor-align-center elementor-widget elementor-widget-button\" data-id=\"220b990\" data-element_type=\"widget\" data-e-type=\"widget\" data-widget_type=\"button.default\">\n\t\t\t\t\t\t\t\t\t\t<a class=\"elementor-button elementor-button-link elementor-size-sm\" href=\"https:\/\/malacates.com\/tour\/\">\n\t\t\t\t\t\t<span class=\"elementor-button-content-wrapper\">\n\t\t\t\t\t\t\t\t\t<span class=\"elementor-button-text\">Boletos a la venta para ver a Malacates en su gira USA 2024<\/span>\n\t\t\t\t\t<\/span>\n\t\t\t\t\t<\/a>\n\t\t\t\t\t\t\t\t<\/div>\n\t\t\t\t\t<\/div>\n\t\t\t\t<\/div>\n\t\t<div data-particle_enable=\"false\" data-particle-mobile-disabled=\"false\" class=\"elementor-element elementor-element-9adf305 e-flex e-con-boxed e-con e-parent\" data-id=\"9adf305\" data-element_type=\"container\" data-e-type=\"container\">\n\t\t\t\t\t<div class=\"e-con-inner\">\n\t\t\t\t<div class=\"elementor-element elementor-element-dc108b8 elementor-widget elementor-widget-facebook-embed\" data-id=\"dc108b8\" data-element_type=\"widget\" data-e-type=\"widget\" data-widget_type=\"facebook-embed.default\">\n\t\t\t\t\t<div style=\"min-height: 1px\" class=\"elementor-facebook-widget fb-video\" data-href=\"https:\/\/www.facebook.com\/malacates\/videos\/365736259880022\" data-show-text=\"false\" data-allowfullscreen=\"false\" data-autoplay=\"false\" data-show-captions=\"false\"><\/div>\t\t\t\t<\/div>\n\t\t\t\t\t<\/div>\n\t\t\t\t<\/div>\n\t\t<div data-particle_enable=\"false\" data-particle-mobile-disabled=\"false\" class=\"elementor-element elementor-element-a5d066c e-flex e-con-boxed e-con e-parent\" data-id=\"a5d066c\" data-element_type=\"container\" data-e-type=\"container\">\n\t\t\t\t\t<div class=\"e-con-inner\">\n\t\t\t\t<div class=\"elementor-element elementor-element-371269c elementor-widget elementor-widget-heading\" data-id=\"371269c\" data-element_type=\"widget\" data-e-type=\"widget\" data-widget_type=\"heading.default\">\n\t\t\t\t\t<h3 class=\"elementor-heading-title elementor-size-default\">La gira prosigue en M\u00e9xico y Guatemala <\/h3>\t\t\t\t<\/div>\n\t\t\t\t\t<\/div>\n\t\t\t\t<\/div>\n\t\t<div data-particle_enable=\"false\" data-particle-mobile-disabled=\"false\" class=\"elementor-element elementor-element-37afdc4 e-flex e-con-boxed e-con e-parent\" data-id=\"37afdc4\" data-element_type=\"container\" data-e-type=\"container\">\n\t\t\t\t\t<div class=\"e-con-inner\">\n\t\t\t\t<div class=\"elementor-element elementor-element-0143342 elementor-widget elementor-widget-text-editor\" data-id=\"0143342\" data-element_type=\"widget\" data-e-type=\"widget\" data-widget_type=\"text-editor.default\">\n\t\t\t\t\t\t\t\t\t<p>7 de agosto Puebla<br \/>8 de agosto Quer\u00e9taro<br \/>9 y 10 de agosto Ciudad de M\u00e9xico<br \/><span style=\"color: var( --e-global-color-text ); text-align: var(--text-align);\">23 de agosto Mazatenango<br \/><\/span><span style=\"color: var( --e-global-color-text ); text-align: var(--text-align);\">6 de sesptiembre Cob\u00e1n<br \/><\/span><span style=\"color: var( --e-global-color-text ); text-align: var(--text-align);\">7 de septiembre Quetzaltenango<br \/><\/span><span style=\"color: var( --e-global-color-text ); text-align: var(--text-align);\">14 de septiembre Chimaltenango<br \/><\/span><span style=\"color: var( --e-global-color-text ); text-align: var(--text-align);\">12 de octubre Escuintla<br \/><\/span><span style=\"color: var( --e-global-color-text ); text-align: var(--text-align);\">19 de octubre Huehuetenango<br \/><\/span><span style=\"color: var( --e-global-color-text ); text-align: var(--text-align);\">16 de noviembre Chiquimula.<\/span><\/p>\t\t\t\t\t\t\t\t<\/div>\n\t\t\t\t\t<\/div>\n\t\t\t\t<\/div>\n\t\t<div data-particle_enable=\"false\" data-particle-mobile-disabled=\"false\" class=\"elementor-element elementor-element-f4480a5 e-flex e-con-boxed e-con e-parent\" data-id=\"f4480a5\" data-element_type=\"container\" data-e-type=\"container\">\n\t\t\t\t\t<div class=\"e-con-inner\">\n\t\t\t\t<div class=\"elementor-element elementor-element-eb79358 elementor-widget elementor-widget-heading\" data-id=\"eb79358\" data-element_type=\"widget\" data-e-type=\"widget\" data-widget_type=\"heading.default\">\n\t\t\t\t\t<h2 class=\"elementor-heading-title elementor-size-default\">Algo de la trayectoria de Malacates <\/h2>\t\t\t\t<\/div>\n\t\t\t\t\t<\/div>\n\t\t\t\t<\/div>\n\t\t<div data-particle_enable=\"false\" data-particle-mobile-disabled=\"false\" class=\"elementor-element elementor-element-0e4c75e e-flex e-con-boxed e-con e-parent\" data-id=\"0e4c75e\" data-element_type=\"container\" data-e-type=\"container\">\n\t\t\t\t\t<div class=\"e-con-inner\">\n\t\t\t\t<div class=\"elementor-element elementor-element-ea5cf9e elementor-widget elementor-widget-text-editor\" data-id=\"ea5cf9e\" data-element_type=\"widget\" data-e-type=\"widget\" data-widget_type=\"text-editor.default\">\n\t\t\t\t\t\t\t\t\t<p><span style=\"color: var( --e-global-color-text ); text-align: var(--text-align);\">A principios de febrero de 1997 el Grunge reinaba en Guatemala. Grupos como Bohemia Suburbana, Viernes Verde y La Tona Reinaban las frecuencias radiales.<\/span><\/p><p><span style=\"color: var( --e-global-color-text ); text-align: var(--text-align);\">Pero hab\u00eda un resurgimiento de ritmos y estilos nuevos, refrescantes. Nuevas propuestas emerg\u00edan y una de ellas fue Malacates.<\/span><\/p><p>Francisco P\u00e1ez era estudiante de arquitectura y con otros amigos de la misma carrera hab\u00edan formado un grupo de covers. Esto fue suficiente excusa para que Juan Luis \u00abPiolly\u00bb Lopera, ex bajista de Bohemia Suburbana, le sugiriera en un encuentro en el supermercado hacer una banda nueva con un ritmo relativamente desconocido en Guatemala, el SKA.<\/p><h3><span style=\"color: var( --e-global-color-text ); text-align: var(--text-align);\">Primera Reuni\u00f3n de Malacates<\/span><\/h3><p>El 6 de febrero de 1997 convocamos a la reuni\u00f3n a los antiguos miembros de esa banda de covers de la universidad y liderados por Piolly nos reunimos a hablar del nuevo proyecto, relata P\u00e1ez.<\/p><p>Julio Fonseca (Chita) sugiri\u00f3 entre bromas que deb\u00edamos ponerle un nombre relajado, nada de nombres complicados ni ideolog\u00edas extra\u00f1as que en ese entonces abundaban entre las bandas famosas guatemaltecas.<\/p><p>Alguno sugiri\u00f3 \u00abCanchinfl\u00edn God\u00ednez\u00bb, otro, \u00abChampurradas\u00bb otro \u00abKalim\u00e1n me debe 20 varas\u00bb etc. Chita entonces insisti\u00f3 que deber\u00eda ser algo que resumiera la esencia del Ska, los llamados \u00abRudeboys\u00bb de Jamaica eran algo as\u00ed como los \u00abrudos\u00bb y entonces sugiri\u00f3 \u00abMalacates\u00bb, relata el vocalista.<\/p><p>Desde sus primeras presentaciones cautivaron gracias al ritmo de ska y otras variantes, as\u00ed como la brillante percusi\u00f3n, melod\u00edas contrastantes con lo tradicional y la trompeta de Jacobo Nitsch. La voz de Paez se convirti\u00f3 en un \u00edcono sonoro de una \u00e9poca y a\u00fan sigue marcando \u00e9poca.<\/p><p>Recientemente Malacates lanz\u00f3 su m\u00e1s reciente producci\u00f3n en colaboraci\u00f3n con prestigiosas marimbas guatemaltecas: <a href=\"https:\/\/soymigrante.com\/revista\/malacates-rinde-tributo-a-la-marimba-guatemalteca-en-nueva-produccion\/\">Malacates Marimba.\u00a0<\/a><\/p><p>\u00a0<\/p><p>\u00a0<\/p>\t\t\t\t\t\t\t\t<\/div>\n\t\t\t\t\t<\/div>\n\t\t\t\t<\/div>\n\t\t<div data-particle_enable=\"false\" data-particle-mobile-disabled=\"false\" class=\"elementor-element elementor-element-068fed3 e-flex e-con-boxed e-con e-parent\" data-id=\"068fed3\" data-element_type=\"container\" data-e-type=\"container\">\n\t\t\t\t\t<div class=\"e-con-inner\">\n\t\t\t\t<div class=\"elementor-element elementor-element-d4960f5 elementor-widget elementor-widget-video\" data-id=\"d4960f5\" data-element_type=\"widget\" data-e-type=\"widget\" data-settings=\"{&quot;youtube_url&quot;:&quot;https:\\\/\\\/www.youtube.com\\\/watch?v=9iHxbs00ak8&quot;,&quot;video_type&quot;:&quot;youtube&quot;,&quot;controls&quot;:&quot;yes&quot;}\" data-widget_type=\"video.default\">\n\t\t\t\t\t\t\t<div class=\"elementor-wrapper elementor-open-inline\">\n\t\t\t<div class=\"elementor-video\"><\/div>\t\t<\/div>\n\t\t\t\t\t\t<\/div>\n\t\t\t\t\t<\/div>\n\t\t\t\t<\/div>\n\t\t<div data-particle_enable=\"false\" data-particle-mobile-disabled=\"false\" class=\"elementor-element elementor-element-fdd05e9 e-flex e-con-boxed e-con e-parent\" data-id=\"fdd05e9\" data-element_type=\"container\" data-e-type=\"container\">\n\t\t\t\t\t<div class=\"e-con-inner\">\n\t\t\t\t<div class=\"elementor-element elementor-element-4145bbb elementor-grid-eael-col-1 elementor-grid-tablet-eael-col-2 elementor-grid-mobile-eael-col-1 elementor-widget elementor-widget-eael-post-grid\" data-id=\"4145bbb\" data-element_type=\"widget\" data-e-type=\"widget\" data-settings=\"{&quot;eael_post_grid_columns&quot;:&quot;eael-col-1&quot;,&quot;eael_post_grid_columns_tablet&quot;:&quot;eael-col-2&quot;,&quot;eael_post_grid_columns_mobile&quot;:&quot;eael-col-1&quot;}\" data-widget_type=\"eael-post-grid.default\">\n\t\t\t\t\t<div id=\"eael-post-grid-4145bbb\" class=\"eael-post-grid-container\">\n            <div class=\"eael-post-grid eael-post-appender eael-post-appender-4145bbb eael-post-grid-style-one\" data-layout-mode=\"masonry\"><article class=\"eael-grid-post  eael-post-grid-column eael-pg-post-7381 category-guate-nuestra\" data-id=\"7381\">\n        <div class=\"eael-grid-post-holder\">\n            <div class=\"eael-grid-post-holder-inner\"><div class=\"eael-entry-media\"><div class=\"eael-entry-overlay fade-in\"><i class=\"far fa-hand-pointer\" aria-hidden=\"true\"><\/i><a href=\"https:\/\/soymigrante.com\/revista\/malacates-rinde-tributo-a-la-marimba-guatemalteca-en-nueva-produccion\/\"><\/a><\/div><div class=\"eael-entry-thumbnail \">\n                <img fetchpriority=\"high\" decoding=\"async\" width=\"1024\" height=\"1024\" src=\"https:\/\/soymigrante.com\/revista\/wp-content\/uploads\/2024\/07\/malacates-marimba-1024x1024.webp\" class=\"attachment-large size-large wp-image-7397\" alt=\"Banda de mariachis en la iglesia, m\u00fasica tradicional mexicana, m\u00fasicos con instrumentos en octubre, celebraci\u00f3n cultural en M\u00e9xico.\" srcset=\"https:\/\/soymigrante.com\/revista\/wp-content\/uploads\/2024\/07\/malacates-marimba-1024x1024.webp 1024w, https:\/\/soymigrante.com\/revista\/wp-content\/uploads\/2024\/07\/malacates-marimba-300x300.webp 300w, https:\/\/soymigrante.com\/revista\/wp-content\/uploads\/2024\/07\/malacates-marimba-150x150.webp 150w, https:\/\/soymigrante.com\/revista\/wp-content\/uploads\/2024\/07\/malacates-marimba-768x768.webp 768w, https:\/\/soymigrante.com\/revista\/wp-content\/uploads\/2024\/07\/malacates-marimba-75x75.webp 75w, https:\/\/soymigrante.com\/revista\/wp-content\/uploads\/2024\/07\/malacates-marimba-750x750.webp 750w, https:\/\/soymigrante.com\/revista\/wp-content\/uploads\/2024\/07\/malacates-marimba-1140x1140.webp 1140w, https:\/\/soymigrante.com\/revista\/wp-content\/uploads\/2024\/07\/malacates-marimba.webp 1333w\" sizes=\"(max-width: 1024px) 100vw, 1024px\" \/>\n            <\/div>\n        <\/div><div class=\"eael-entry-wrapper\"><header class=\"eael-entry-header\"><h2 class=\"eael-entry-title\"><a class=\"eael-grid-post-link\" href=\"https:\/\/soymigrante.com\/revista\/malacates-rinde-tributo-a-la-marimba-guatemalteca-en-nueva-produccion\/\" title=\"Malacates lanza \u00e1lbum tributo a la marimba guatemalteca\">Malacates lanza \u00e1lbum tributo a la marimba guatemalteca<\/a><\/h2><\/header><div class=\"eael-entry-content\">\n                        <div class=\"eael-grid-post-excerpt\"><a href=\"https:\/\/soymigrante.com\/revista\/malacates-rinde-tributo-a-la-marimba-guatemalteca-en-nueva-produccion\/\" class=\"eael-post-elements-readmore-btn\">CONOCE SU HISTORIA <\/a><\/div>\n                    <\/div><\/div><\/div>\n        <\/div>\n    <\/article><\/div>\n            <div class=\"clearfix\"><\/div>\n        <\/div>\t\t\t\t<\/div>\n\t\t\t\t\t<\/div>\n\t\t\t\t<\/div>\n\t\t\t\t<\/div>\n\t\t","protected":false},"excerpt":{"rendered":"<p>La banda Malacates Trebol Shop inici\u00f3 su Gira por USA en San Francisco. Interpretaron \u00e9xitos de 25 a\u00f1os de carrera y migrantes guatemaltecos llegaron a cantar junto a ellos. Estas son las fechas y ciudades donde tocar\u00e1n. Una de las bandas m\u00e1s queridas por los guatemaltecos es Malacates Trebol Shop, que est\u00e1 cumpliendo 25 a\u00f1os [&hellip;]<\/p>\n","protected":false},"author":19,"featured_media":7555,"comment_status":"open","ping_status":"open","sticky":false,"template":"","format":"standard","meta":{"_acf_changed":true,"_eb_attr":"","footnotes":""},"categories":[54],"tags":[],"class_list":["post-7554","post","type-post","status-publish","format-standard","has-post-thumbnail","hentry","category-estamos-unidos"],"acf":[],"aioseo_notices":[],"aioseo_head":"\n\t\t<!-- All in One SEO Pro 4.9.6.2 - aioseo.com -->\n\t<meta name=\"description\" content=\"Banda Malacates Trebol Shop lanz\u00f3 la producci\u00f3n Malacates Marimba, un homenaje a Guatemala, a sus m\u00fasicos y tambi\u00e9n a los migrantes guatemaltecos.\" \/>\n\t<meta name=\"robots\" content=\"max-snippet:-1, max-image-preview:large, max-video-preview:-1\" \/>\n\t<meta name=\"author\" content=\"Marysabel Aldana\"\/>\n\t<link rel=\"canonical\" href=\"https:\/\/soymigrante.com\/revista\/malacates-rinde-tributo-a-la-marimba-guatemalteca-en-nueva-produccion\/\" \/>\n\t<meta name=\"generator\" content=\"All in One SEO Pro (AIOSEO) 4.9.6.2\" \/>\n\n\t\t<link rel=\"preconnect\" href=\"https:\/\/fonts.googleapis.com\" crossorigin>\n<link rel=\"preconnect\" href=\"https:\/\/fonts.gstatic.com\" crossorigin>\n\t\t<meta property=\"og:locale\" content=\"es_ES\" \/>\n\t\t<meta property=\"og:site_name\" content=\"SoyMigrante.com REVISTA \u2013 Nuestra misi\u00f3n es reconocer y dignificar al migrante.\" \/>\n\t\t<meta property=\"og:type\" content=\"article\" \/>\n\t\t<meta property=\"og:title\" content=\"Banda Malacates lanza tributo a las marimbas guatemaltecas\" \/>\n\t\t<meta property=\"og:description\" content=\"Banda Malacates Trebol Shop lanz\u00f3 la producci\u00f3n Malacates Marimba, un homenaje a Guatemala, a sus m\u00fasicos y tambi\u00e9n a los migrantes guatemaltecos.\" \/>\n\t\t<meta property=\"og:url\" content=\"https:\/\/soymigrante.com\/revista\/malacates-rinde-tributo-a-la-marimba-guatemalteca-en-nueva-produccion\/\" \/>\n\t\t<meta property=\"og:image\" content=\"https:\/\/soymigrante.com\/revista\/wp-content\/uploads\/2024\/07\/malacates-marimba.webp\" \/>\n\t\t<meta property=\"og:image:secure_url\" content=\"https:\/\/soymigrante.com\/revista\/wp-content\/uploads\/2024\/07\/malacates-marimba.webp\" \/>\n\t\t<meta property=\"og:image:width\" content=\"1333\" \/>\n\t\t<meta property=\"og:image:height\" content=\"1333\" \/>\n\t\t<meta property=\"article:published_time\" content=\"2024-07-10T17:11:12+00:00\" \/>\n\t\t<meta property=\"article:modified_time\" content=\"2024-07-31T17:40:53+00:00\" \/>\n\t\t<meta property=\"article:publisher\" content=\"https:\/\/www.facebook.com\/soymigrantecom\" \/>\n\t\t<meta name=\"twitter:card\" content=\"summary_large_image\" \/>\n\t\t<meta name=\"twitter:site\" content=\"@SoyMigrante_com\" \/>\n\t\t<meta name=\"twitter:title\" content=\"Banda Malacates lanza tributo a las marimbas guatemaltecas\" \/>\n\t\t<meta name=\"twitter:description\" content=\"Banda Malacates Trebol Shop lanz\u00f3 la producci\u00f3n Malacates Marimba, un homenaje a Guatemala, a sus m\u00fasicos y tambi\u00e9n a los migrantes guatemaltecos.\" \/>\n\t\t<meta name=\"twitter:creator\" content=\"@SoyMigrante_com\" \/>\n\t\t<meta name=\"twitter:image\" content=\"https:\/\/soymigrante.com\/revista\/wp-content\/uploads\/2024\/07\/malacates-marimba.webp\" \/>\n\t\t<!-- All in One SEO Pro -->\r\n\t\t<title>Banda Malacates lanza tributo a las marimbas guatemaltecas<\/title>\n\n","aioseo_head_json":{"title":"Banda Malacates lanza tributo a las marimbas guatemaltecas","description":"Banda Malacates Trebol Shop lanz\u00f3 la producci\u00f3n Malacates Marimba, un homenaje a Guatemala, a sus m\u00fasicos y tambi\u00e9n a los migrantes guatemaltecos.","canonical_url":"https:\/\/soymigrante.com\/revista\/malacates-rinde-tributo-a-la-marimba-guatemalteca-en-nueva-produccion\/","robots":"max-snippet:-1, max-image-preview:large, max-video-preview:-1","keywords":"","webmasterTools":{"miscellaneous":"&lt;link rel=\"preconnect\" href=\"https:\/\/fonts.googleapis.com\" crossorigin&gt;\n&lt;link rel=\"preconnect\" href=\"https:\/\/fonts.gstatic.com\" crossorigin&gt;"},"schema":null,"og:locale":"es_ES","og:site_name":"SoyMigrante.com REVISTA \u2013 Nuestra misi\u00f3n es reconocer y dignificar al migrante.","og:type":"article","og:title":"Banda Malacates lanza tributo a las marimbas guatemaltecas","og:description":"Banda Malacates Trebol Shop lanz\u00f3 la producci\u00f3n Malacates Marimba, un homenaje a Guatemala, a sus m\u00fasicos y tambi\u00e9n a los migrantes guatemaltecos.","og:url":"https:\/\/soymigrante.com\/revista\/malacates-rinde-tributo-a-la-marimba-guatemalteca-en-nueva-produccion\/","og:image":"https:\/\/soymigrante.com\/revista\/wp-content\/uploads\/2024\/07\/malacates-marimba.webp","og:image:secure_url":"https:\/\/soymigrante.com\/revista\/wp-content\/uploads\/2024\/07\/malacates-marimba.webp","og:image:width":1333,"og:image:height":1333,"article:published_time":"2024-07-10T17:11:12+00:00","article:modified_time":"2024-07-31T17:40:53+00:00","article:publisher":"https:\/\/www.facebook.com\/soymigrantecom","twitter:card":"summary_large_image","twitter:site":"@SoyMigrante_com","twitter:title":"Banda Malacates lanza tributo a las marimbas guatemaltecas","twitter:description":"Banda Malacates Trebol Shop lanz\u00f3 la producci\u00f3n Malacates Marimba, un homenaje a Guatemala, a sus m\u00fasicos y tambi\u00e9n a los migrantes guatemaltecos.","twitter:creator":"@SoyMigrante_com","twitter:image":"https:\/\/soymigrante.com\/revista\/wp-content\/uploads\/2024\/07\/malacates-marimba.webp"},"aioseo_meta_data":{"post_id":"7554","title":"Malacates arranca en San Francisco gira por Estados Unidos","description":"Guatemaltecos acudieron al concierto de la banda Malacates Trebol Shop, en San Francisco, California, con el cual inician su gira USA 2024. Fechas y recorrido.","keywords":null,"keyphrases":{"focus":{"keyphrase":"Malacates","score":91,"analysis":{"keyphraseInTitle":{"score":9,"maxScore":9,"error":0},"keyphraseInDescription":{"score":9,"maxScore":9,"error":0},"keyphraseLength":{"score":9,"maxScore":9,"error":0,"length":1},"keyphraseInURL":{"score":5,"maxScore":5,"error":0},"keyphraseInIntroduction":{"score":9,"maxScore":9,"error":0},"keyphraseInSubHeadings":{"score":3,"maxScore":9,"error":1},"keyphraseInImageAlt":{"score":9,"maxScore":9,"error":0},"keywordDensity":{"type":"best","score":9,"maxScore":9,"error":0}}},"additional":[{"keyphrase":"Guatemaltecos","score":67,"analysis":{"keyphraseInDescription":{"score":9,"maxScore":9,"error":0},"keyphraseLength":{"score":9,"maxScore":9,"error":0,"length":1},"keyphraseInIntroduction":{"score":9,"maxScore":9,"error":0},"keyphraseInImageAlt":{"score":3,"maxScore":9,"error":1},"keywordDensity":{"score":0,"type":"low","maxScore":9,"error":1}}}]},"primary_term":null,"canonical_url":null,"og_title":null,"og_description":null,"og_object_type":"default","og_image_type":"default","og_image_url":null,"og_image_width":null,"og_image_height":null,"og_image_custom_url":null,"og_image_custom_fields":null,"og_video":"","og_custom_url":null,"og_article_section":null,"og_article_tags":null,"twitter_use_og":false,"twitter_card":"default","twitter_image_type":"default","twitter_image_url":null,"twitter_image_custom_url":null,"twitter_image_custom_fields":null,"twitter_title":null,"twitter_description":null,"schema":{"blockGraphs":[],"customGraphs":[],"default":{"data":{"Article":[],"Course":[],"Dataset":[],"FAQPage":[],"Movie":[],"Person":[],"Product":[],"ProductReview":[],"Car":[],"Recipe":[],"Service":[],"SoftwareApplication":[],"WebPage":[]},"graphName":"Article","isEnabled":true},"graphs":[]},"schema_type":"default","schema_type_options":null,"pillar_content":false,"robots_default":true,"robots_noindex":false,"robots_noarchive":false,"robots_nosnippet":false,"robots_nofollow":false,"robots_noimageindex":false,"robots_noodp":false,"robots_notranslate":false,"robots_max_snippet":"-1","robots_max_videopreview":"-1","robots_max_imagepreview":"large","priority":null,"frequency":"default","local_seo":null,"seo_analyzer_scan_date":"2025-10-08 22:19:15","breadcrumb_settings":null,"limit_modified_date":false,"reviewed_by":null,"open_ai":"{\"title\":{\"suggestions\":[],\"usage\":0},\"description\":{\"suggestions\":[],\"usage\":0}}","ai":null,"created":"2024-07-19 23:44:03","updated":"2026-02-04 12:27:33"},"aioseo_breadcrumb":"<div class=\"aioseo-breadcrumbs\"><span class=\"aioseo-breadcrumb\">\n\t<a href=\"https:\/\/soymigrante.com\/revista\" title=\"Home\">Home<\/a>\n<\/span><span class=\"aioseo-breadcrumb-separator\">\u00bb<\/span><span class=\"aioseo-breadcrumb\">\n\t<a href=\"https:\/\/soymigrante.com\/revista\/category\/estamos-unidos\/\" title=\"Estamos Unidos\">Estamos Unidos<\/a>\n<\/span><span class=\"aioseo-breadcrumb-separator\">\u00bb<\/span><span class=\"aioseo-breadcrumb\">\n\tMalacates comienza gira USA en San Francisco acompa\u00f1ados de chapines\n<\/span><\/div>","aioseo_breadcrumb_json":[{"label":"Home","link":"https:\/\/soymigrante.com\/revista"},{"label":"Estamos Unidos","link":"https:\/\/soymigrante.com\/revista\/category\/estamos-unidos\/"},{"label":"Malacates comienza gira USA en San Francisco acompa\u00f1ados de chapines","link":"https:\/\/soymigrante.com\/revista\/malacates-inician-gira-usa-en-san-francisco-coreados-por-muchos-compatriotas\/"}],"_links":{"self":[{"href":"https:\/\/soymigrante.com\/revista\/wp-json\/wp\/v2\/posts\/7554","targetHints":{"allow":["GET"]}}],"collection":[{"href":"https:\/\/soymigrante.com\/revista\/wp-json\/wp\/v2\/posts"}],"about":[{"href":"https:\/\/soymigrante.com\/revista\/wp-json\/wp\/v2\/types\/post"}],"author":[{"embeddable":true,"href":"https:\/\/soymigrante.com\/revista\/wp-json\/wp\/v2\/users\/19"}],"replies":[{"embeddable":true,"href":"https:\/\/soymigrante.com\/revista\/wp-json\/wp\/v2\/comments?post=7554"}],"version-history":[{"count":0,"href":"https:\/\/soymigrante.com\/revista\/wp-json\/wp\/v2\/posts\/7554\/revisions"}],"wp:featuredmedia":[{"embeddable":true,"href":"https:\/\/soymigrante.com\/revista\/wp-json\/wp\/v2\/media\/7555"}],"wp:attachment":[{"href":"https:\/\/soymigrante.com\/revista\/wp-json\/wp\/v2\/media?parent=7554"}],"wp:term":[{"taxonomy":"category","embeddable":true,"href":"https:\/\/soymigrante.com\/revista\/wp-json\/wp\/v2\/categories?post=7554"},{"taxonomy":"post_tag","embeddable":true,"href":"https:\/\/soymigrante.com\/revista\/wp-json\/wp\/v2\/tags?post=7554"}],"curies":[{"name":"wp","href":"https:\/\/api.w.org\/{rel}","templated":true}]}}