{"id":7529,"date":"2024-07-21T23:36:10","date_gmt":"2024-07-22T05:36:10","guid":{"rendered":"https:\/\/soymigrante.com\/revista\/?p=7529"},"modified":"2024-07-26T16:25:34","modified_gmt":"2024-07-26T22:25:34","slug":"mucho-talento-y-amor-a-guatemala-en-eleccion-de-senora-red-migrante-2024","status":"publish","type":"post","link":"https:\/\/soymigrante.com\/revista\/mucho-talento-y-amor-a-guatemala-en-eleccion-de-senora-red-migrante-2024\/","title":{"rendered":"Conoce qui\u00e9n fue electa Mrs. Red Migrante Guatemalteca 2024"},"content":{"rendered":"\t\t<div data-elementor-type=\"wp-post\" data-elementor-id=\"7529\" class=\"elementor elementor-7529\" data-elementor-post-type=\"post\">\n\t\t\t\t<div data-particle_enable=\"false\" data-particle-mobile-disabled=\"false\" class=\"elementor-element elementor-element-28e094f2 e-flex e-con-boxed e-con e-parent\" data-id=\"28e094f2\" data-element_type=\"container\" data-e-type=\"container\">\n\t\t\t\t\t<div class=\"e-con-inner\">\n\t\t\t\t<div class=\"elementor-element elementor-element-7e590f92 elementor-widget elementor-widget-text-editor\" data-id=\"7e590f92\" data-element_type=\"widget\" data-e-type=\"widget\" data-widget_type=\"text-editor.default\">\n\t\t\t\t\t\t\t\t\t\n<p> <\/p>\n\t\t\t\t\t\t\t\t<\/div>\n\t\t\t\t\t<\/div>\n\t\t\t\t<\/div>\n\t\t<div data-particle_enable=\"false\" data-particle-mobile-disabled=\"false\" class=\"elementor-element elementor-element-dc2df49 e-flex e-con-boxed e-con e-parent\" data-id=\"dc2df49\" data-element_type=\"container\" data-e-type=\"container\">\n\t\t\t\t\t<div class=\"e-con-inner\">\n\t\t\t\t<div class=\"elementor-element elementor-element-d8a15bd elementor-widget elementor-widget-heading\" data-id=\"d8a15bd\" data-element_type=\"widget\" data-e-type=\"widget\" data-widget_type=\"heading.default\">\n\t\t\t\t\t<h2 class=\"elementor-heading-title elementor-size-default\">Velada de coronaci\u00f3n de Mrs. Red Migrante Guatemala 2024  se desarroll\u00f3 el s\u00e1bado 20 de julio en ambiente de alegr\u00eda, hermandad y amor a Guatemala.  Te presentamos a quienes el jurado y el p\u00fablico eligieron.<\/h2>\t\t\t\t<\/div>\n\t\t\t\t\t<\/div>\n\t\t\t\t<\/div>\n\t\t<div data-particle_enable=\"false\" data-particle-mobile-disabled=\"false\" class=\"elementor-element elementor-element-a45701a e-flex e-con-boxed e-con e-parent\" data-id=\"a45701a\" data-element_type=\"container\" data-e-type=\"container\">\n\t\t\t\t\t<div class=\"e-con-inner\">\n\t\t\t\t<div class=\"elementor-element elementor-element-1a8f3a2 elementor-widget elementor-widget-text-editor\" data-id=\"1a8f3a2\" data-element_type=\"widget\" data-e-type=\"widget\" data-widget_type=\"text-editor.default\">\n\t\t\t\t\t\t\t\t\t<p>\u00a0Mrs. Red Migrante Guatemalteca aspira a ser\u00a0<span style=\"color: var( --e-global-color-text ); text-align: var(--text-align);\">un certamen de belleza integral porque se eval\u00faa la simpat\u00eda, la personalidad y tambi\u00e9n los valores de vida, don de servicio y trayectora. El certamen anual se desarroll\u00f3 el s\u00e1bado 20 de julio, en\u00a0<\/span><span style=\"color: var( --e-global-color-text ); text-align: var(--text-align);\">el Celebrity Centre Pavilion, Hollywood California.\u00a0<\/span><\/p>\n<p><span style=\"color: var( --e-global-color-text ); text-align: var(--text-align);\">La hermandad prevaleci\u00f3 entre todas las participantes durante la velada, en la cual hubo presentaciones art\u00edsticas y tambi\u00e9n discursos de aspirantes, as\u00ed como desfile en traje de gala. No fue f\u00e1cil la tarea del jurado.\u00a0<\/span><\/p>\n<p><span style=\"color: var( --e-global-color-text ); text-align: var(--text-align);\">Aqu\u00ed te presentamos a las guatemaltecas que fueron galardonadas en las categor\u00edas de Hija Ausente (electo por voto en l\u00ednea del p\u00fablico), Se\u00f1ora Movimiento TPS, Primera Finalista y la corona de Mrs. Red Migrante 2024.<\/span><\/p>\n<p>Te contamos qui\u00e9nes son<\/p>\t\t\t\t\t\t\t\t<\/div>\n\t\t\t\t\t<\/div>\n\t\t\t\t<\/div>\n\t\t<div data-particle_enable=\"false\" data-particle-mobile-disabled=\"false\" class=\"elementor-element elementor-element-88e55cc e-flex e-con-boxed e-con e-parent\" data-id=\"88e55cc\" data-element_type=\"container\" data-e-type=\"container\">\n\t\t\t\t\t<div class=\"e-con-inner\">\n\t\t\t\t<div class=\"elementor-element elementor-element-0bdd20d elementor-widget elementor-widget-image\" data-id=\"0bdd20d\" data-element_type=\"widget\" data-e-type=\"widget\" data-widget_type=\"image.default\">\n\t\t\t\t\t\t\t\t\t\t\t\t<figure class=\"wp-caption\">\n\t\t\t\t\t\t\t\t\t\t<img fetchpriority=\"high\" decoding=\"async\" width=\"768\" height=\"486\" src=\"https:\/\/soymigrante.com\/revista\/wp-content\/uploads\/2024\/07\/Imagen-de-WhatsApp-2024-07-21-a-las-104536_402fc01a-1024x648.webp\" class=\"attachment-large size-large wp-image-7577\" alt=\"Siete mujeres y siete hombres con trajes y bandas de las diferentes regiones de Honduras en un evento cultural y social, promoviendo identidad y orgullo regional.\" srcset=\"https:\/\/soymigrante.com\/revista\/wp-content\/uploads\/2024\/07\/Imagen-de-WhatsApp-2024-07-21-a-las-104536_402fc01a-1024x648.webp 1024w, https:\/\/soymigrante.com\/revista\/wp-content\/uploads\/2024\/07\/Imagen-de-WhatsApp-2024-07-21-a-las-104536_402fc01a-300x190.webp 300w, https:\/\/soymigrante.com\/revista\/wp-content\/uploads\/2024\/07\/Imagen-de-WhatsApp-2024-07-21-a-las-104536_402fc01a-768x486.jpg 768w, https:\/\/soymigrante.com\/revista\/wp-content\/uploads\/2024\/07\/Imagen-de-WhatsApp-2024-07-21-a-las-104536_402fc01a-750x475.jpg 750w, https:\/\/soymigrante.com\/revista\/wp-content\/uploads\/2024\/07\/Imagen-de-WhatsApp-2024-07-21-a-las-104536_402fc01a-1140x722.jpg 1140w, https:\/\/soymigrante.com\/revista\/wp-content\/uploads\/2024\/07\/Imagen-de-WhatsApp-2024-07-21-a-las-104536_402fc01a.webp 1463w\" sizes=\"(max-width: 768px) 100vw, 768px\" title=\"compa\u00f1erismo. Fotograf\u00eda de las participantes en los momentos previos a que comenzara el evento (Fotograf\u00eda Edgar Ch\u00e1vez) \u2013 SoyMigrante.com REVISTA\" \/>\t\t\t\t\t\t\t\t\t\t\t<figcaption class=\"widget-image-caption wp-caption-text\">Grupo representativo de las regiones de Honduras en evento cultural.<\/figcaption>\n\t\t\t\t\t\t\t\t\t\t<\/figure>\n\t\t\t\t\t\t\t\t\t<\/div>\n\t\t\t\t\t<\/div>\n\t\t\t\t<\/div>\n\t\t<div data-particle_enable=\"false\" data-particle-mobile-disabled=\"false\" class=\"elementor-element elementor-element-0589d46 e-flex e-con-boxed e-con e-parent\" data-id=\"0589d46\" data-element_type=\"container\" data-e-type=\"container\">\n\t\t\t\t\t<div class=\"e-con-inner\">\n\t\t\t\t<div class=\"elementor-element elementor-element-50cbd76 elementor-widget elementor-widget-heading\" data-id=\"50cbd76\" data-element_type=\"widget\" data-e-type=\"widget\" data-widget_type=\"heading.default\">\n\t\t\t\t\t<h3 class=\"elementor-heading-title elementor-size-default\">Galard\u00f3n Hija Ausente, reconocimiento otorgado por el p\u00fablico en l\u00ednea<\/h3>\t\t\t\t<\/div>\n\t\t\t\t\t<\/div>\n\t\t\t\t<\/div>\n\t\t<div data-particle_enable=\"false\" data-particle-mobile-disabled=\"false\" class=\"elementor-element elementor-element-89bdb88 e-flex e-con-boxed e-con e-parent\" data-id=\"89bdb88\" data-element_type=\"container\" data-e-type=\"container\">\n\t\t\t\t\t<div class=\"e-con-inner\">\n\t\t\t\t<div class=\"elementor-element elementor-element-d546b01 elementor-invisible elementor-widget elementor-widget-image\" data-id=\"d546b01\" data-element_type=\"widget\" data-e-type=\"widget\" data-settings=\"{&quot;_animation&quot;:&quot;fadeInLeft&quot;}\" data-widget_type=\"image.default\">\n\t\t\t\t\t\t\t\t\t\t\t\t<figure class=\"wp-caption\">\n\t\t\t\t\t\t\t\t\t\t<img decoding=\"async\" width=\"768\" height=\"960\" src=\"https:\/\/soymigrante.com\/revista\/wp-content\/uploads\/2024\/07\/mrs-red-migrante-guatemalteca-2024-8-819x1024.webp\" class=\"attachment-large size-large wp-image-7583\" alt=\"Vestido largo y elegante de mujer en un evento de belleza y cultura, destacando en una ceremonia de premiaci\u00f3n de belleza para mexicanas en Estados Unidos.\" srcset=\"https:\/\/soymigrante.com\/revista\/wp-content\/uploads\/2024\/07\/mrs-red-migrante-guatemalteca-2024-8-819x1024.webp 819w, https:\/\/soymigrante.com\/revista\/wp-content\/uploads\/2024\/07\/mrs-red-migrante-guatemalteca-2024-8-240x300.webp 240w, https:\/\/soymigrante.com\/revista\/wp-content\/uploads\/2024\/07\/mrs-red-migrante-guatemalteca-2024-8-768x960.webp 768w, https:\/\/soymigrante.com\/revista\/wp-content\/uploads\/2024\/07\/mrs-red-migrante-guatemalteca-2024-8-750x938.webp 750w, https:\/\/soymigrante.com\/revista\/wp-content\/uploads\/2024\/07\/mrs-red-migrante-guatemalteca-2024-8.webp 1080w\" sizes=\"(max-width: 768px) 100vw, 768px\" title=\"En el certamen Mrs. Red Migrante Guatemala, Leslie Rosales de Zacapa, fue designada con el galard\u00f3n Hija Ausente, electo por votaci\u00f3n en l\u00ednea. (Fotograf\u00eda Edgar Ch\u00e1vez) \u2013 SoyMigrante.com REVISTA\" \/>\t\t\t\t\t\t\t\t\t\t\t<figcaption class=\"widget-image-caption wp-caption-text\">Desarrollo y reconocimiento de la mujer mexicana en Estados Unidos en un evento de belleza y cultura.<\/figcaption>\n\t\t\t\t\t\t\t\t\t\t<\/figure>\n\t\t\t\t\t\t\t\t\t<\/div>\n\t\t\t\t\t<\/div>\n\t\t\t\t<\/div>\n\t\t<div data-particle_enable=\"false\" data-particle-mobile-disabled=\"false\" class=\"elementor-element elementor-element-4b12f99 e-flex e-con-boxed e-con e-parent\" data-id=\"4b12f99\" data-element_type=\"container\" data-e-type=\"container\">\n\t\t\t\t\t<div class=\"e-con-inner\">\n\t\t\t\t<div class=\"elementor-element elementor-element-f2259fe elementor-widget elementor-widget-text-editor\" data-id=\"f2259fe\" data-element_type=\"widget\" data-e-type=\"widget\" data-widget_type=\"text-editor.default\">\n\t\t\t\t\t\t\t\t\t<h3><span style=\"text-align: var(--text-align);\">\u00a0<\/span>Leslie Rosales, de Zacapa<\/h3>\n<p>Leslie Johana Rosales es originaria de San Jorge, Zacapa; reside ten Los Angeles, California. Trabaja en housekeeping y tambi\u00e9n labora en un emprendimiento propio.\u00a0<\/p>\n<p>Propuesta a la comunidad: &#8220;Se necesita que seamos m\u00e1s unidos para lograr m\u00e1s. Se siente tan lindo cuando logramos nuestras metas pero es tan inexplicable la sensaci\u00f3n que se\u00a0 siente cuando se ayuda desde el coroz\u00f3n a que otros guatemaltecos cumplan sus metas&#8221;\u00a0<\/p>\t\t\t\t\t\t\t\t<\/div>\n\t\t\t\t\t<\/div>\n\t\t\t\t<\/div>\n\t\t<div data-particle_enable=\"false\" data-particle-mobile-disabled=\"false\" class=\"elementor-element elementor-element-150685f e-flex e-con-boxed e-con e-parent\" data-id=\"150685f\" data-element_type=\"container\" data-e-type=\"container\">\n\t\t\t\t\t<div class=\"e-con-inner\">\n\t\t\t\t<div class=\"elementor-element elementor-element-eb10768 elementor-widget elementor-widget-heading\" data-id=\"eb10768\" data-element_type=\"widget\" data-e-type=\"widget\" data-widget_type=\"heading.default\">\n\t\t\t\t\t<h3 class=\"elementor-heading-title elementor-size-default\">Galard\u00f3n Se\u00f1ora Movimiento TPS <\/h3>\t\t\t\t<\/div>\n\t\t\t\t\t<\/div>\n\t\t\t\t<\/div>\n\t\t<div data-particle_enable=\"false\" data-particle-mobile-disabled=\"false\" class=\"elementor-element elementor-element-404cd5f e-flex e-con-boxed e-con e-parent\" data-id=\"404cd5f\" data-element_type=\"container\" data-e-type=\"container\">\n\t\t\t\t\t<div class=\"e-con-inner\">\n\t\t\t\t<div class=\"elementor-element elementor-element-559eba9 elementor-invisible elementor-widget elementor-widget-image\" data-id=\"559eba9\" data-element_type=\"widget\" data-e-type=\"widget\" data-settings=\"{&quot;_animation&quot;:&quot;slideInRight&quot;}\" data-widget_type=\"image.default\">\n\t\t\t\t\t\t\t\t\t\t\t\t<figure class=\"wp-caption\">\n\t\t\t\t\t\t\t\t\t\t<img decoding=\"async\" width=\"768\" height=\"994\" src=\"https:\/\/soymigrante.com\/revista\/wp-content\/uploads\/2024\/07\/mrs-red-migrante-guatemalteca-2024-4-791x1024.webp\" class=\"attachment-large size-large wp-image-7580\" alt=\"Sorpresiva mujer en vestido rojo y banda de Sagat\u00e9pequez, en un evento cultural, con fondo de cortinas y luces, promocionando la revista SoyMigrante.com y su enfoque en comunidad y migraci\u00f3n en M\u00e9xico.\" srcset=\"https:\/\/soymigrante.com\/revista\/wp-content\/uploads\/2024\/07\/mrs-red-migrante-guatemalteca-2024-4-791x1024.webp 791w, https:\/\/soymigrante.com\/revista\/wp-content\/uploads\/2024\/07\/mrs-red-migrante-guatemalteca-2024-4-232x300.webp 232w, https:\/\/soymigrante.com\/revista\/wp-content\/uploads\/2024\/07\/mrs-red-migrante-guatemalteca-2024-4-768x994.webp 768w, https:\/\/soymigrante.com\/revista\/wp-content\/uploads\/2024\/07\/mrs-red-migrante-guatemalteca-2024-4-750x971.webp 750w, https:\/\/soymigrante.com\/revista\/wp-content\/uploads\/2024\/07\/mrs-red-migrante-guatemalteca-2024-4.webp 1080w\" sizes=\"(max-width: 768px) 100vw, 768px\" title=\"En el certamen Mrs. Red Migrante Guatemala, Delia Car\u00edas, de Sacatep\u00e9quez fue reconocida como Se\u00f1ora Movimiento TPS. (Fotograf\u00eda Edgar Ch\u00e1vez) \u2013 SoyMigrante.com REVISTA\" \/>\t\t\t\t\t\t\t\t\t\t\t<figcaption class=\"widget-image-caption wp-caption-text\">Reina en evento cultural en el escenario, luciendo elegante vestido rojo y banda con el nombre Sacatepequez, en un ambiente festivo y de celebraci\u00f3n.<\/figcaption>\n\t\t\t\t\t\t\t\t\t\t<\/figure>\n\t\t\t\t\t\t\t\t\t<\/div>\n\t\t\t\t\t<\/div>\n\t\t\t\t<\/div>\n\t\t<div data-particle_enable=\"false\" data-particle-mobile-disabled=\"false\" class=\"elementor-element elementor-element-ce9c0f8 e-flex e-con-boxed e-con e-parent\" data-id=\"ce9c0f8\" data-element_type=\"container\" data-e-type=\"container\">\n\t\t\t\t\t<div class=\"e-con-inner\">\n\t\t\t\t<div class=\"elementor-element elementor-element-0e26b8a elementor-widget elementor-widget-text-editor\" data-id=\"0e26b8a\" data-element_type=\"widget\" data-e-type=\"widget\" data-widget_type=\"text-editor.default\">\n\t\t\t\t\t\t\t\t\t<h3>Delia Car\u00edas, de Sacatep\u00e9quez<\/h3>\n<p>Delia Car\u00edas Ruano es originaria de Masagua, Escuintla. Se considera ante todo una l\u00edder evangelizadora para todas las naciones. En su \u00e1rea laboral se dedica a la pintura de casas y tambi\u00e9n al cuidado de ni\u00f1os.<\/p>\n<p>Se proyecta a la comunidad mediante la donaci\u00f3n de alimentos a las personas sin hogar. As\u00ed tambi\u00e9n es ama de casa y fuerte promotora de la solicitud de TPS para Guatemala, en California.<\/p>\n<p>Propuesta: &#8220;Los guatemaltecos merecemos un TPS y ya es un logro en unidad. No nos rendiremos como familia, como raza, como pueblos, como etnias y por fe lo alcanzaremos para bendici\u00f3n de\u00a0 Guatemala&#8221;<\/p>\t\t\t\t\t\t\t\t<\/div>\n\t\t\t\t\t<\/div>\n\t\t\t\t<\/div>\n\t\t<div data-particle_enable=\"false\" data-particle-mobile-disabled=\"false\" class=\"elementor-element elementor-element-cf3079d e-flex e-con-boxed e-con e-parent\" data-id=\"cf3079d\" data-element_type=\"container\" data-e-type=\"container\">\n\t\t\t\t\t<div class=\"e-con-inner\">\n\t\t\t\t<div class=\"elementor-element elementor-element-3c86307 elementor-widget elementor-widget-heading\" data-id=\"3c86307\" data-element_type=\"widget\" data-e-type=\"widget\" data-widget_type=\"heading.default\">\n\t\t\t\t\t<h3 class=\"elementor-heading-title elementor-size-default\">Primera finalista, designada por el jurado<\/h3>\t\t\t\t<\/div>\n\t\t\t\t\t<\/div>\n\t\t\t\t<\/div>\n\t\t<div data-particle_enable=\"false\" data-particle-mobile-disabled=\"false\" class=\"elementor-element elementor-element-748753d e-flex e-con-boxed e-con e-parent\" data-id=\"748753d\" data-element_type=\"container\" data-e-type=\"container\">\n\t\t\t\t\t<div class=\"e-con-inner\">\n\t\t\t\t<div class=\"elementor-element elementor-element-3e359a7 elementor-invisible elementor-widget elementor-widget-image\" data-id=\"3e359a7\" data-element_type=\"widget\" data-e-type=\"widget\" data-settings=\"{&quot;_animation&quot;:&quot;rotateIn&quot;}\" data-widget_type=\"image.default\">\n\t\t\t\t\t\t\t\t\t\t\t\t<figure class=\"wp-caption\">\n\t\t\t\t\t\t\t\t\t\t<img loading=\"lazy\" decoding=\"async\" width=\"768\" height=\"960\" src=\"https:\/\/soymigrante.com\/revista\/wp-content\/uploads\/2024\/07\/mrs-red-migrante-guatemalteca-2024-5-819x1024.webp\" class=\"attachment-large size-large wp-image-7581\" alt=\"Vestido largo de gala con detalles brillantes y una banda de Miss Ecuador en un escenario art\u00edstico.\" srcset=\"https:\/\/soymigrante.com\/revista\/wp-content\/uploads\/2024\/07\/mrs-red-migrante-guatemalteca-2024-5-819x1024.webp 819w, https:\/\/soymigrante.com\/revista\/wp-content\/uploads\/2024\/07\/mrs-red-migrante-guatemalteca-2024-5-240x300.webp 240w, https:\/\/soymigrante.com\/revista\/wp-content\/uploads\/2024\/07\/mrs-red-migrante-guatemalteca-2024-5-768x960.webp 768w, https:\/\/soymigrante.com\/revista\/wp-content\/uploads\/2024\/07\/mrs-red-migrante-guatemalteca-2024-5-750x938.jpg 750w, https:\/\/soymigrante.com\/revista\/wp-content\/uploads\/2024\/07\/mrs-red-migrante-guatemalteca-2024-5.webp 1080w\" sizes=\"(max-width: 768px) 100vw, 768px\" title=\"En el certamen Mrs. Red Migrante Guatemala, Luvy Sagastume, de Escuintla, fue deesignada como Primera Finalista Fotograf\u00eda Edgar Ch\u00e1vez) \u2013 SoyMigrante.com REVISTA\" \/>\t\t\t\t\t\t\t\t\t\t\t<figcaption class=\"widget-image-caption wp-caption-text\">Mujer destacada en evento cultural y de moda, luciendo un vestido de noche de alta costura con banda institucional en presentaci\u00f3n oficial.<\/figcaption>\n\t\t\t\t\t\t\t\t\t\t<\/figure>\n\t\t\t\t\t\t\t\t\t<\/div>\n\t\t\t\t\t<\/div>\n\t\t\t\t<\/div>\n\t\t<div data-particle_enable=\"false\" data-particle-mobile-disabled=\"false\" class=\"elementor-element elementor-element-ef42354 e-flex e-con-boxed e-con e-parent\" data-id=\"ef42354\" data-element_type=\"container\" data-e-type=\"container\">\n\t\t\t\t\t<div class=\"e-con-inner\">\n\t\t\t\t<div class=\"elementor-element elementor-element-6ecebd8 elementor-widget elementor-widget-text-editor\" data-id=\"6ecebd8\" data-element_type=\"widget\" data-e-type=\"widget\" data-widget_type=\"text-editor.default\">\n\t\t\t\t\t\t\t\t\t<h3><span style=\"text-align: var(--text-align);\">\u00a0<\/span>Luvy Sagastume, de Escuintla<\/h3>\n<p>Naci\u00f3 en Nueva Concepci\u00f3n, Escuintla y actualmente reside en Granada Hills, California.<\/p>\n<p>Es una migrante emprendedora que ha trabajado como chef en banquetes privados, tambi\u00e9n elabora arreglos de orqu\u00eddeas, organizadora de fiestas y eventos. Adem\u00e1s ha tenido trabajos en el cuidado de ni\u00f1os, casas y adultos mayores.<\/p>\n<p>Para la uni\u00f3n migrante: &#8220;Tenemos que unirnos m\u00e1s como comunidad, ya que hay muchas organizaciones guatemaltecas y no estamos trabajando a\u00fan en uni\u00f3n. Si nos uni\u00e9ramos m\u00e1s para darnos m\u00e1s apoyo podr\u00edamos crear nuevas ideas para beneficio de todos los migrantes&#8221;.<\/p>\n<p>\u00a0<\/p>\n<h3>\u00a0<\/h3>\t\t\t\t\t\t\t\t<\/div>\n\t\t\t\t\t<\/div>\n\t\t\t\t<\/div>\n\t\t<div data-particle_enable=\"false\" data-particle-mobile-disabled=\"false\" class=\"elementor-element elementor-element-aca82c2 e-flex e-con-boxed e-con e-parent\" data-id=\"aca82c2\" data-element_type=\"container\" data-e-type=\"container\">\n\t\t\t\t\t<div class=\"e-con-inner\">\n\t\t\t\t<div class=\"elementor-element elementor-element-ed052ac elementor-headline--style-highlight elementor-widget elementor-widget-animated-headline\" data-id=\"ed052ac\" data-element_type=\"widget\" data-e-type=\"widget\" data-settings=\"{&quot;highlighted_text&quot;:&quot;Mrs. Red Migrante Guatemalteca 2024 es&quot;,&quot;headline_style&quot;:&quot;highlight&quot;,&quot;marker&quot;:&quot;circle&quot;,&quot;loop&quot;:&quot;yes&quot;,&quot;highlight_animation_duration&quot;:1200,&quot;highlight_iteration_delay&quot;:8000}\" data-widget_type=\"animated-headline.default\">\n\t\t\t\t\t\t\t<h3 class=\"elementor-headline\">\n\t\t\t\t\t<span class=\"elementor-headline-plain-text elementor-headline-text-wrapper\">Y la nueva<\/span>\n\t\t\t\t<span class=\"elementor-headline-dynamic-wrapper elementor-headline-text-wrapper\">\n\t\t\t\t\t<span class=\"elementor-headline-dynamic-text elementor-headline-text-active\">Mrs. Red Migrante Guatemalteca 2024 es<\/span>\n\t\t\t\t<\/span>\n\t\t\t\t<\/h3>\n\t\t\t\t\t\t<\/div>\n\t\t\t\t\t<\/div>\n\t\t\t\t<\/div>\n\t\t<div data-particle_enable=\"false\" data-particle-mobile-disabled=\"false\" class=\"elementor-element elementor-element-00a5213 e-flex e-con-boxed e-con e-parent\" data-id=\"00a5213\" data-element_type=\"container\" data-e-type=\"container\">\n\t\t\t\t\t<div class=\"e-con-inner\">\n\t\t\t\t<div class=\"elementor-element elementor-element-8eab872 elementor-invisible elementor-widget elementor-widget-image\" data-id=\"8eab872\" data-element_type=\"widget\" data-e-type=\"widget\" data-settings=\"{&quot;_animation&quot;:&quot;bounceInLeft&quot;}\" data-widget_type=\"image.default\">\n\t\t\t\t\t\t\t\t\t\t\t\t<figure class=\"wp-caption\">\n\t\t\t\t\t\t\t\t\t\t<img loading=\"lazy\" decoding=\"async\" width=\"768\" height=\"960\" src=\"https:\/\/soymigrante.com\/revista\/wp-content\/uploads\/2024\/07\/mrs-red-migrante-guatemalteca-2024-2-819x1024.webp\" class=\"attachment-large size-large wp-image-7578\" alt=\"Vestido de reina de belleza en un certamen cultural, resaltando la belleza y cultura de inmigrantes y migrantes, con tem\u00e1tica de celebraci\u00f3n y diversidad en la comunidad migrante.\" srcset=\"https:\/\/soymigrante.com\/revista\/wp-content\/uploads\/2024\/07\/mrs-red-migrante-guatemalteca-2024-2-819x1024.webp 819w, https:\/\/soymigrante.com\/revista\/wp-content\/uploads\/2024\/07\/mrs-red-migrante-guatemalteca-2024-2-240x300.webp 240w, https:\/\/soymigrante.com\/revista\/wp-content\/uploads\/2024\/07\/mrs-red-migrante-guatemalteca-2024-2-768x960.webp 768w, https:\/\/soymigrante.com\/revista\/wp-content\/uploads\/2024\/07\/mrs-red-migrante-guatemalteca-2024-2-750x938.jpg 750w, https:\/\/soymigrante.com\/revista\/wp-content\/uploads\/2024\/07\/mrs-red-migrante-guatemalteca-2024-2.webp 1080w\" sizes=\"(max-width: 768px) 100vw, 768px\" title=\"En el certamen La corona de la noche fue para Ver\u00f3nica Elizabeth Calder\u00f3n V\u00e1squez,, de Retalhuleu quien  fue electa como la nueva Mrs. Red Migrante Guatemalteca 2024 (Fotograf\u00eda Edgar Ch\u00e1vez) \u2013 SoyMigrante.com REVISTA\" \/>\t\t\t\t\t\t\t\t\t\t\t<figcaption class=\"widget-image-caption wp-caption-text\">Belleza y cultura migrante en concurso de belleza, con una reina luciendo vestimenta tradicional guatemalteca en un evento cultural y de integraci\u00f3n.<\/figcaption>\n\t\t\t\t\t\t\t\t\t\t<\/figure>\n\t\t\t\t\t\t\t\t\t<\/div>\n\t\t\t\t\t<\/div>\n\t\t\t\t<\/div>\n\t\t<div data-particle_enable=\"false\" data-particle-mobile-disabled=\"false\" class=\"elementor-element elementor-element-cbd7acb e-flex e-con-boxed e-con e-parent\" data-id=\"cbd7acb\" data-element_type=\"container\" data-e-type=\"container\">\n\t\t\t\t\t<div class=\"e-con-inner\">\n\t\t\t\t<div class=\"elementor-element elementor-element-d0505a1 elementor-widget elementor-widget-text-editor\" data-id=\"d0505a1\" data-element_type=\"widget\" data-e-type=\"widget\" data-widget_type=\"text-editor.default\">\n\t\t\t\t\t\t\t\t\t<h3>Ver\u00f3nica E. Calder\u00f3n V\u00e1squez, de Retalhuleu<\/h3>\n<p>Ver\u00f3nica Elizabeth naci\u00f3 en El Asintal, Retalhuleu. Vive en Los Angeles, California.&nbsp;<span style=\"color: var( --e-global-color-text ); text-align: var(--text-align);\">Tiene un trabajo de limpieza y mantenimiento, pero en su casa se dedica a la confecci\u00f3n de trajes. De hecho el vestido que luci\u00f3 en la noche de la elecci\u00f3n fue confeccionado por ella misma.<\/span><\/p><p><span style=\"color: var( --e-global-color-text ); text-align: var(--text-align);\">Cuando reci\u00e9n hab\u00eda llegado se dedic\u00f3 al cuidado de ni\u00f1os. A la vez, ha buscado formas de apoyar a los migrantes hispanos de limitados recursos econ\u00f3micos. As\u00ed tambi\u00e9n, se siente orgullosa de representar la tradici\u00f3n guatemalteca, a trav\u00e9s del uso de la indumentaria y las danzas.<\/span><\/p>\n<p>Propuesta de unidad: &#8220;Apoyemos la solicitud de TPS ya que eso no ayudar\u00eda a tener una mejor oportunidad en este bello pa\u00eds. Debemos apoyar todas las actividades guatemaltecas para as\u00ed unir a m\u00e1s migrantes y trabajar fuerte por el desarrollo de Guatemala&#8221;<\/p>\n<p><b>Esta semana se publicar\u00e1 la entrevista con la nueva Mrs. Red Migrante Guatemala<\/b><\/p>\n<p><\/p>\n<h3>&nbsp;<\/h3>\t\t\t\t\t\t\t\t<\/div>\n\t\t\t\t\t<\/div>\n\t\t\t\t<\/div>\n\t\t<div data-particle_enable=\"false\" data-particle-mobile-disabled=\"false\" class=\"elementor-element elementor-element-08c8c49 e-flex e-con-boxed e-con e-parent\" data-id=\"08c8c49\" data-element_type=\"container\" data-e-type=\"container\">\n\t\t\t\t\t<div class=\"e-con-inner\">\n\t\t\t\t<div class=\"elementor-element elementor-element-1bb71da elementor-widget elementor-widget-image\" data-id=\"1bb71da\" data-element_type=\"widget\" data-e-type=\"widget\" data-widget_type=\"image.default\">\n\t\t\t\t\t\t\t\t\t\t\t\t<figure class=\"wp-caption\">\n\t\t\t\t\t\t\t\t\t\t<img loading=\"lazy\" decoding=\"async\" width=\"768\" height=\"554\" src=\"https:\/\/soymigrante.com\/revista\/wp-content\/uploads\/2024\/07\/mrs-red-migrante-guatemalteca-2024-1-1-1024x739.webp\" class=\"attachment-large size-large wp-image-7585\" alt=\"Cinco mujeres en coronas y trajes elegantes en un escenario durante un evento de belleza y cultura.\" srcset=\"https:\/\/soymigrante.com\/revista\/wp-content\/uploads\/2024\/07\/mrs-red-migrante-guatemalteca-2024-1-1-1024x739.webp 1024w, https:\/\/soymigrante.com\/revista\/wp-content\/uploads\/2024\/07\/mrs-red-migrante-guatemalteca-2024-1-1-300x216.webp 300w, https:\/\/soymigrante.com\/revista\/wp-content\/uploads\/2024\/07\/mrs-red-migrante-guatemalteca-2024-1-1-768x554.webp 768w, https:\/\/soymigrante.com\/revista\/wp-content\/uploads\/2024\/07\/mrs-red-migrante-guatemalteca-2024-1-1-1536x1108.webp 1536w, https:\/\/soymigrante.com\/revista\/wp-content\/uploads\/2024\/07\/mrs-red-migrante-guatemalteca-2024-1-1-120x86.webp 120w, https:\/\/soymigrante.com\/revista\/wp-content\/uploads\/2024\/07\/mrs-red-migrante-guatemalteca-2024-1-1-750x541.webp 750w, https:\/\/soymigrante.com\/revista\/wp-content\/uploads\/2024\/07\/mrs-red-migrante-guatemalteca-2024-1-1-1140x822.webp 1140w, https:\/\/soymigrante.com\/revista\/wp-content\/uploads\/2024\/07\/mrs-red-migrante-guatemalteca-2024-1-1.webp 1600w\" sizes=\"(max-width: 768px) 100vw, 768px\" title=\"En esta magn\u00edfica fotograf\u00eda de Edgar Ch\u00e1vez lucen las cuatro participantes reconocidas en la velada de elecci\u00f3n de  Mrs. Red Migrante Guatemalteca. \u2013 SoyMigrante.com REVISTA\" \/>\t\t\t\t\t\t\t\t\t\t\t<figcaption class=\"widget-image-caption wp-caption-text\">Damas en concurso de belleza, reina de la belleza, eventos culturales, pol\u00edtica de la mujer, entusiasmo y celebraci\u00f3n.<\/figcaption>\n\t\t\t\t\t\t\t\t\t\t<\/figure>\n\t\t\t\t\t\t\t\t\t<\/div>\n\t\t\t\t\t<\/div>\n\t\t\t\t<\/div>\n\t\t<div data-particle_enable=\"false\" data-particle-mobile-disabled=\"false\" class=\"elementor-element elementor-element-75d1b9a e-flex e-con-boxed e-con e-parent\" data-id=\"75d1b9a\" data-element_type=\"container\" data-e-type=\"container\">\n\t\t\t\t\t<div class=\"e-con-inner\">\n\t\t\t\t<div class=\"elementor-element elementor-element-d287c65 elementor-widget elementor-widget-heading\" data-id=\"d287c65\" data-element_type=\"widget\" data-e-type=\"widget\" data-widget_type=\"heading.default\">\n\t\t\t\t\t<h3 class=\"elementor-heading-title elementor-size-default\">Momento del esperado anuncio de la velada <\/h3>\t\t\t\t<\/div>\n\t\t\t\t\t<\/div>\n\t\t\t\t<\/div>\n\t\t<div data-particle_enable=\"false\" data-particle-mobile-disabled=\"false\" class=\"elementor-element elementor-element-d858c7b e-flex e-con-boxed e-con e-parent\" data-id=\"d858c7b\" data-element_type=\"container\" data-e-type=\"container\">\n\t\t\t\t\t<div class=\"e-con-inner\">\n\t\t\t\t<div class=\"elementor-element elementor-element-fc7b3da elementor-widget elementor-widget-facebook-embed\" data-id=\"fc7b3da\" data-element_type=\"widget\" data-e-type=\"widget\" data-widget_type=\"facebook-embed.default\">\n\t\t\t\t\t<div style=\"min-height: 1px\" class=\"elementor-facebook-widget fb-video\" data-href=\"https:\/\/www.facebook.com\/620322766\/videos\/2139863979733982\/\" data-show-text=\"false\" data-allowfullscreen=\"false\" data-autoplay=\"false\" data-show-captions=\"false\"><\/div>\t\t\t\t<\/div>\n\t\t\t\t\t<\/div>\n\t\t\t\t<\/div>\n\t\t<div data-particle_enable=\"false\" data-particle-mobile-disabled=\"false\" class=\"elementor-element elementor-element-ee0a3aa e-flex e-con-boxed e-con e-parent\" data-id=\"ee0a3aa\" data-element_type=\"container\" data-e-type=\"container\">\n\t\t\t\t\t<div class=\"e-con-inner\">\n\t\t\t\t<div class=\"elementor-element elementor-element-e93b5ad elementor-widget-divider--view-line elementor-widget elementor-widget-divider\" data-id=\"e93b5ad\" data-element_type=\"widget\" data-e-type=\"widget\" data-widget_type=\"divider.default\">\n\t\t\t\t\t\t\t<div class=\"elementor-divider\">\n\t\t\t<span class=\"elementor-divider-separator\">\n\t\t\t\t\t\t<\/span>\n\t\t<\/div>\n\t\t\t\t\t\t<\/div>\n\t\t\t\t\t<\/div>\n\t\t\t\t<\/div>\n\t\t<div data-particle_enable=\"false\" data-particle-mobile-disabled=\"false\" class=\"elementor-element elementor-element-68135f0 e-flex e-con-boxed e-con e-parent\" data-id=\"68135f0\" data-element_type=\"container\" data-e-type=\"container\">\n\t\t\t\t\t<div class=\"e-con-inner\">\n\t\t\t\t<div class=\"elementor-element elementor-element-62a783f elementor-widget elementor-widget-heading\" data-id=\"62a783f\" data-element_type=\"widget\" data-e-type=\"widget\" data-widget_type=\"heading.default\">\n\t\t\t\t\t<h2 class=\"elementor-heading-title elementor-size-default\">Todas las participantes mostraron belleza, entusiasmo y servicio a la comunidad. Estos son sus perfiles<\/h2>\t\t\t\t<\/div>\n\t\t\t\t\t<\/div>\n\t\t\t\t<\/div>\n\t\t<div data-particle_enable=\"false\" data-particle-mobile-disabled=\"false\" class=\"elementor-element elementor-element-df83675 e-flex e-con-boxed e-con e-parent\" data-id=\"df83675\" data-element_type=\"container\" data-e-type=\"container\">\n\t\t\t\t\t<div class=\"e-con-inner\">\n\t\t\t\t<div class=\"elementor-element elementor-element-fdaec77 elementor-invisible elementor-widget elementor-widget-image\" data-id=\"fdaec77\" data-element_type=\"widget\" data-e-type=\"widget\" data-settings=\"{&quot;_animation&quot;:&quot;fadeInLeft&quot;}\" data-widget_type=\"image.default\">\n\t\t\t\t\t\t\t\t\t\t\t\t\t\t\t<img loading=\"lazy\" decoding=\"async\" width=\"768\" height=\"1024\" src=\"https:\/\/soymigrante.com\/revista\/wp-content\/uploads\/2024\/07\/helen-carrillo-el-progreso.webp\" class=\"attachment-large size-large wp-image-7536\" alt=\"Helen Carillo en la portada de SoyMigrante.com Revista, luciendo un vestido largo y elegante, representando el progreso y la migraci\u00f3n en el contexto hispano.\" srcset=\"https:\/\/soymigrante.com\/revista\/wp-content\/uploads\/2024\/07\/helen-carrillo-el-progreso.webp 768w, https:\/\/soymigrante.com\/revista\/wp-content\/uploads\/2024\/07\/helen-carrillo-el-progreso-225x300.webp 225w, https:\/\/soymigrante.com\/revista\/wp-content\/uploads\/2024\/07\/helen-carrillo-el-progreso-750x1000.webp 750w\" sizes=\"(max-width: 768px) 100vw, 768px\" title=\"Helen Carrillo, El Progreso, aspirante a Mrs. Red Migrante Guatemala \u2013 SoyMigrante.com REVISTA\" \/>\t\t\t\t\t\t\t\t\t\t\t\t\t\t\t<\/div>\n\t\t\t\t\t<\/div>\n\t\t\t\t<\/div>\n\t\t<div data-particle_enable=\"false\" data-particle-mobile-disabled=\"false\" class=\"elementor-element elementor-element-be47d6e e-flex e-con-boxed e-con e-parent\" data-id=\"be47d6e\" data-element_type=\"container\" data-e-type=\"container\">\n\t\t\t\t\t<div class=\"e-con-inner\">\n\t\t\t\t<div class=\"elementor-element elementor-element-246c810 elementor-widget elementor-widget-text-editor\" data-id=\"246c810\" data-element_type=\"widget\" data-e-type=\"widget\" data-widget_type=\"text-editor.default\">\n\t\t\t\t\t\t\t\t\t<h3>Helen Castillo, de El Progreso<\/h3>\n<p>Helen Carrillo de Laparra es originaria del barrio San Juan, municipio de San Agustin Acasaguastlan, El Progreso. Actualmente reside en Vista, California. En su vida laboral ha sido conductora de env\u00edos de FedEx, tambi\u00e9n en servicios de restaurante y hoteler\u00eda. Actualmente labora en Acushnet Company, una f\u00e1brica de palos de golf de la marca Titleis.<\/p>\n<p>Para unir e integrar a los guatemaltecos propone: &#8220;Es importante que como hermanos Guatemaltecos nunca se pierda la hermandad, la esencia de la solidaridad y empat\u00eda. Debemos unirnos ya apoyar la solicitud de TPS, porque la uni\u00f3n hace la fuerza&#8221;.<\/p>\t\t\t\t\t\t\t\t<\/div>\n\t\t\t\t\t<\/div>\n\t\t\t\t<\/div>\n\t\t<div data-particle_enable=\"false\" data-particle-mobile-disabled=\"false\" class=\"elementor-element elementor-element-9a54479 e-flex e-con-boxed e-con e-parent\" data-id=\"9a54479\" data-element_type=\"container\" data-e-type=\"container\">\n\t\t\t\t\t<div class=\"e-con-inner\">\n\t\t\t\t<div class=\"elementor-element elementor-element-2917fce elementor-invisible elementor-widget elementor-widget-image\" data-id=\"2917fce\" data-element_type=\"widget\" data-e-type=\"widget\" data-settings=\"{&quot;_animation&quot;:&quot;fadeInRight&quot;}\" data-widget_type=\"image.default\">\n\t\t\t\t\t\t\t\t\t\t\t\t\t\t\t<img loading=\"lazy\" decoding=\"async\" width=\"768\" height=\"1024\" src=\"https:\/\/soymigrante.com\/revista\/wp-content\/uploads\/2024\/07\/451202553_505023595217366_5830106446389137538_n.webp\" class=\"attachment-large size-large wp-image-7549\" alt=\"Aurora Sweezy representando a Jalapa en un evento cultural con fondo colorido y dise\u00f1o art\u00edstico de la revista SoyMigrante.com.\" srcset=\"https:\/\/soymigrante.com\/revista\/wp-content\/uploads\/2024\/07\/451202553_505023595217366_5830106446389137538_n.webp 768w, https:\/\/soymigrante.com\/revista\/wp-content\/uploads\/2024\/07\/451202553_505023595217366_5830106446389137538_n-225x300.webp 225w, https:\/\/soymigrante.com\/revista\/wp-content\/uploads\/2024\/07\/451202553_505023595217366_5830106446389137538_n-750x1000.jpg 750w\" sizes=\"(max-width: 768px) 100vw, 768px\" title=\"Aurora Sweezey, aspirante a Mrs. Red Migrante Guatemalteca \u2013 SoyMigrante.com REVISTA\" \/>\t\t\t\t\t\t\t\t\t\t\t\t\t\t\t<\/div>\n\t\t\t\t\t<\/div>\n\t\t\t\t<\/div>\n\t\t<div data-particle_enable=\"false\" data-particle-mobile-disabled=\"false\" class=\"elementor-element elementor-element-f4bc333 e-flex e-con-boxed e-con e-parent\" data-id=\"f4bc333\" data-element_type=\"container\" data-e-type=\"container\">\n\t\t\t\t\t<div class=\"e-con-inner\">\n\t\t\t\t<div class=\"elementor-element elementor-element-e44ba2e elementor-widget elementor-widget-text-editor\" data-id=\"e44ba2e\" data-element_type=\"widget\" data-e-type=\"widget\" data-widget_type=\"text-editor.default\">\n\t\t\t\t\t\t\t\t\t<h3><span style=\"text-align: var(--text-align);\">\u00a0<\/span>Aurora Sweezey, de Jalapa<\/h3>\n<p><span style=\"text-align: var(--text-align);\">Es guatemalteca nacida en El Salvador, de padres originarios de Jalapa. Estudio en la Universidad de Alaska donde se especializ\u00f3 en\u00a0 Administraci\u00f3n de empresas en el campo m\u00e9dico, dental y legal.\u00a0<\/span><\/p>\n<p>Tambi\u00e9n se gradu\u00f3 en un programa de administraci\u00f3n y log\u00edstica del Departamento de Polic\u00eda de Los Angeles. Ha sido condecorada por la Asamblea del stado de California y por varias organizaciones como un orgullo latino.<\/p>\n<p>A trav\u00e9s de su ONG impulsa el desarrollo educativo de la ni\u00f1ez y juventud, incluso creando becas y apoyando a orfanatos y albergues.<\/p>\n<p>Su concepto de aporte es: &#8220;Fortalece la cultura de las futuras generaciones y apoyar iniciativas como el TPS Guatemalteco, para poder fortalecer la unidad y el desarrollo de la comunidad chapina en EE.UU.&#8221;<\/p>\t\t\t\t\t\t\t\t<\/div>\n\t\t\t\t\t<\/div>\n\t\t\t\t<\/div>\n\t\t<div data-particle_enable=\"false\" data-particle-mobile-disabled=\"false\" class=\"elementor-element elementor-element-7b31920 e-flex e-con-boxed e-con e-parent\" data-id=\"7b31920\" data-element_type=\"container\" data-e-type=\"container\">\n\t\t\t\t\t<div class=\"e-con-inner\">\n\t\t\t\t<div class=\"elementor-element elementor-element-21f83aa elementor-invisible elementor-widget elementor-widget-image\" data-id=\"21f83aa\" data-element_type=\"widget\" data-e-type=\"widget\" data-settings=\"{&quot;_animation&quot;:&quot;fadeInRight&quot;}\" data-widget_type=\"image.default\">\n\t\t\t\t\t\t\t\t\t\t\t\t\t\t\t<img loading=\"lazy\" decoding=\"async\" width=\"768\" height=\"1024\" src=\"https:\/\/soymigrante.com\/revista\/wp-content\/uploads\/2024\/07\/adely-barrios-san-marcos.webp\" class=\"attachment-large size-large wp-image-7537\" alt=\"\u0622c alt text: Mujer en vestido blanco en escenario con logo de SoyMigrante.com y personaje de belleza, representando cultura y comunidad migrante en M\u00e9xico.\" srcset=\"https:\/\/soymigrante.com\/revista\/wp-content\/uploads\/2024\/07\/adely-barrios-san-marcos.webp 768w, https:\/\/soymigrante.com\/revista\/wp-content\/uploads\/2024\/07\/adely-barrios-san-marcos-225x300.webp 225w, https:\/\/soymigrante.com\/revista\/wp-content\/uploads\/2024\/07\/adely-barrios-san-marcos-750x1000.jpg 750w\" sizes=\"(max-width: 768px) 100vw, 768px\" title=\"Adely Barrios, de San Marcos, aspirante a Mrs. Red Migrante Guatemalteca \u2013 SoyMigrante.com REVISTA\" \/>\t\t\t\t\t\t\t\t\t\t\t\t\t\t\t<\/div>\n\t\t\t\t\t<\/div>\n\t\t\t\t<\/div>\n\t\t<div data-particle_enable=\"false\" data-particle-mobile-disabled=\"false\" class=\"elementor-element elementor-element-c77aa9b e-flex e-con-boxed e-con e-parent\" data-id=\"c77aa9b\" data-element_type=\"container\" data-e-type=\"container\">\n\t\t\t\t\t<div class=\"e-con-inner\">\n\t\t\t\t<div class=\"elementor-element elementor-element-962569c elementor-widget elementor-widget-text-editor\" data-id=\"962569c\" data-element_type=\"widget\" data-e-type=\"widget\" data-widget_type=\"text-editor.default\">\n\t\t\t\t\t\t\t\t\t<h3>Edelmira Barrios, de San Marcos<\/h3>\n<p>Edelmira Adaly Barrios y Barrios es originaria de el municipio El Rodeo, San Marcos. Espec\u00edficamente en la aldea La Industria.<\/p>\n<p>Residente actualmente en Los Angeles. Se dedica con ah\u00ednco y excelencia a la tarea de limpieza de casas. Tambi\u00e9n ha sido ni\u00f1era, con gran dedicaci\u00f3n y cuidado.<\/p>\n<p>Propuesta: &#8220;Apoyarnos unos a los otros, incluyendo a los hermanos guatemaltecos reci\u00e9n llegados a este pa\u00eds. Tambi\u00e9n continuar impulsando la solicitud de TPS para posibilitar un mejor futuro para m\u00e1s guatemaltecos&#8221;.\u00a0<\/p>\t\t\t\t\t\t\t\t<\/div>\n\t\t\t\t\t<\/div>\n\t\t\t\t<\/div>\n\t\t<div data-particle_enable=\"false\" data-particle-mobile-disabled=\"false\" class=\"elementor-element elementor-element-2eefa95 e-flex e-con-boxed e-con e-parent\" data-id=\"2eefa95\" data-element_type=\"container\" data-e-type=\"container\">\n\t\t\t\t\t<div class=\"e-con-inner\">\n\t\t\t\t<div class=\"elementor-element elementor-element-327a4c5 elementor-invisible elementor-widget elementor-widget-image\" data-id=\"327a4c5\" data-element_type=\"widget\" data-e-type=\"widget\" data-settings=\"{&quot;_animation&quot;:&quot;fadeInLeft&quot;}\" data-widget_type=\"image.default\">\n\t\t\t\t\t\t\t\t\t\t\t\t\t\t\t<img loading=\"lazy\" decoding=\"async\" width=\"768\" height=\"1024\" src=\"https:\/\/soymigrante.com\/revista\/wp-content\/uploads\/2024\/07\/karolin.webp\" class=\"attachment-large size-large wp-image-7540\" alt=\"Karolin Espa\u00f1a D Rascon en traje t\u00edpico representando Chiquimula, mujer con vestido color azul y accesorios tradicionales en la Revista SoyMigrante.com.\" srcset=\"https:\/\/soymigrante.com\/revista\/wp-content\/uploads\/2024\/07\/karolin.webp 768w, https:\/\/soymigrante.com\/revista\/wp-content\/uploads\/2024\/07\/karolin-225x300.webp 225w, https:\/\/soymigrante.com\/revista\/wp-content\/uploads\/2024\/07\/karolin-750x1000.webp 750w\" sizes=\"(max-width: 768px) 100vw, 768px\" title=\"karolin \u2013 SoyMigrante.com REVISTA\" \/>\t\t\t\t\t\t\t\t\t\t\t\t\t\t\t<\/div>\n\t\t\t\t\t<\/div>\n\t\t\t\t<\/div>\n\t\t<div data-particle_enable=\"false\" data-particle-mobile-disabled=\"false\" class=\"elementor-element elementor-element-73baf6a e-flex e-con-boxed e-con e-parent\" data-id=\"73baf6a\" data-element_type=\"container\" data-e-type=\"container\">\n\t\t\t\t\t<div class=\"e-con-inner\">\n\t\t\t\t<div class=\"elementor-element elementor-element-2470a51 elementor-widget elementor-widget-text-editor\" data-id=\"2470a51\" data-element_type=\"widget\" data-e-type=\"widget\" data-widget_type=\"text-editor.default\">\n\t\t\t\t\t\t\t\t\t<h3>Karolin Espa\u00f1a, de Chiquimula<\/h3>\n<p>Karolin Espa\u00f1a de Rasc\u00f3n reside actualmente en Anaheim, California. Actualmente trabaja como Enlace Comunitario y colaboradora de My Safe Harbor, organizaci\u00f3n no lucrativa de Anaheim que ofrece talleres y cursos de capacitaci\u00f3n para mujeres. Antes de esta participaci\u00f3n social, fue ama de casa por 17 a\u00f1os; y antes de casarse fue asistente de dentista<\/p>\n<p>Propuesta de integraci\u00f3n: &#8220;Encontrar las causas de desuni\u00f3n y resolverlas, para poder crear proyectos llenos de cultura, educaci\u00f3n y recursos,con los que nos identifiquemos y nos unamos diferentes organizaciones y l\u00edderes para el beneficio de todos los chapines. Porque Juntos Podemos Hacer la Diferencia&#8221;, expresa.<\/p>\n<p>\u00a0<\/p>\n<h3>\u00a0<\/h3>\t\t\t\t\t\t\t\t<\/div>\n\t\t\t\t\t<\/div>\n\t\t\t\t<\/div>\n\t\t<div data-particle_enable=\"false\" data-particle-mobile-disabled=\"false\" class=\"elementor-element elementor-element-b4fb074 e-flex e-con-boxed e-con e-parent\" data-id=\"b4fb074\" data-element_type=\"container\" data-e-type=\"container\">\n\t\t\t\t\t<div class=\"e-con-inner\">\n\t\t\t\t<div class=\"elementor-element elementor-element-f15c9f7 elementor-invisible elementor-widget elementor-widget-image\" data-id=\"f15c9f7\" data-element_type=\"widget\" data-e-type=\"widget\" data-settings=\"{&quot;_animation&quot;:&quot;fadeInRight&quot;}\" data-widget_type=\"image.default\">\n\t\t\t\t\t\t\t\t\t\t\t\t\t\t\t<img loading=\"lazy\" decoding=\"async\" width=\"768\" height=\"1024\" src=\"https:\/\/soymigrante.com\/revista\/wp-content\/uploads\/2024\/07\/451190197_505023428550716_6513927789249324113_n.webp\" class=\"attachment-large size-large wp-image-7541\" alt=\"Jenny Serrano representante de Ciudad Capital en SoyMigrante.com REVISTA en portada.\" srcset=\"https:\/\/soymigrante.com\/revista\/wp-content\/uploads\/2024\/07\/451190197_505023428550716_6513927789249324113_n.webp 768w, https:\/\/soymigrante.com\/revista\/wp-content\/uploads\/2024\/07\/451190197_505023428550716_6513927789249324113_n-225x300.webp 225w, https:\/\/soymigrante.com\/revista\/wp-content\/uploads\/2024\/07\/451190197_505023428550716_6513927789249324113_n-750x1000.jpg 750w\" sizes=\"(max-width: 768px) 100vw, 768px\" title=\"451190197_505023428550716_6513927789249324113_n \u2013 SoyMigrante.com REVISTA\" \/>\t\t\t\t\t\t\t\t\t\t\t\t\t\t\t<\/div>\n\t\t\t\t\t<\/div>\n\t\t\t\t<\/div>\n\t\t<div data-particle_enable=\"false\" data-particle-mobile-disabled=\"false\" class=\"elementor-element elementor-element-d7ab0c5 e-flex e-con-boxed e-con e-parent\" data-id=\"d7ab0c5\" data-element_type=\"container\" data-e-type=\"container\">\n\t\t\t\t\t<div class=\"e-con-inner\">\n\t\t\t\t<div class=\"elementor-element elementor-element-3023741 elementor-widget elementor-widget-text-editor\" data-id=\"3023741\" data-element_type=\"widget\" data-e-type=\"widget\" data-widget_type=\"text-editor.default\">\n\t\t\t\t\t\t\t\t\t<h3>Jenny Serrano, de Guatemala, Guatemala<\/h3>\n<p>Jenny Serrano Campos es originaria de Guatemala. Laboralmente se desempe\u00f1a como ni\u00f1era y comerciante.\u00a0<\/p>\n<p>Su propuesta de mayor integraci\u00f3n: &#8220;Necesitamos crear confianza en la gente lastimosamente muchos aqu\u00ed perdemos eso porque hay unos cuantos que defraudan y por unos, todo pagan. Pero yo s\u00e9 que a\u00fan hay mucha gente buena, con quienes se puede crear ese v\u00ednculo. Por medio de la uni\u00f3n podemos hacer m\u00e1s por nosotros, como comunidad, que separados. Tenemos el ejemplo de las hormigas \ud83d\udc1c \ud83d\udc1c \ud83d\udc1c. Ellas no se dejan vencer, se cuidan. Por el contrario, los cangrejos\u00a0 \ud83e\udd80 \ud83e\udd80 \ud83e\udd80 solo ven sus propios intereses y no avanzan. Si nos unimos como pa\u00eds para que nos escuchen en la pol\u00edtica ahorita con el TPS, se podr\u00e1lograr y ayudar aquellos que lo necesitan tanto: el TPS puede ayudar mucho al pa\u00eds de la Eterna Primavera.\u00a0\u00a0<\/p>\t\t\t\t\t\t\t\t<\/div>\n\t\t\t\t\t<\/div>\n\t\t\t\t<\/div>\n\t\t<div data-particle_enable=\"false\" data-particle-mobile-disabled=\"false\" class=\"elementor-element elementor-element-d21c94c e-flex e-con-boxed e-con e-parent\" data-id=\"d21c94c\" data-element_type=\"container\" data-e-type=\"container\">\n\t\t\t\t\t<div class=\"e-con-inner\">\n\t\t\t\t<div class=\"elementor-element elementor-element-d86ae78 elementor-invisible elementor-widget elementor-widget-image\" data-id=\"d86ae78\" data-element_type=\"widget\" data-e-type=\"widget\" data-settings=\"{&quot;_animation&quot;:&quot;bounceInLeft&quot;}\" data-widget_type=\"image.default\">\n\t\t\t\t\t\t\t\t\t\t\t\t\t\t\t<img loading=\"lazy\" decoding=\"async\" width=\"768\" height=\"1024\" src=\"https:\/\/soymigrante.com\/revista\/wp-content\/uploads\/2024\/07\/carmen-juarez-todo.webp\" class=\"attachment-large size-large wp-image-7533\" alt=\"Voz femenina en ropa tradicional mexicana, promoci\u00f3n para SoyMigrante.com Revista, enfoque en migraci\u00f3n y cultura, destacando a Carmen Ju\u00e1rez XEC representando Totonicap\u00e1n, Guatemala.\" srcset=\"https:\/\/soymigrante.com\/revista\/wp-content\/uploads\/2024\/07\/carmen-juarez-todo.webp 768w, https:\/\/soymigrante.com\/revista\/wp-content\/uploads\/2024\/07\/carmen-juarez-todo-225x300.webp 225w, https:\/\/soymigrante.com\/revista\/wp-content\/uploads\/2024\/07\/carmen-juarez-todo-750x1000.webp 750w\" sizes=\"(max-width: 768px) 100vw, 768px\" title=\"Carmen Ju\u00e1rez, de Totonicap\u00e1n, aspirante a Mrs. Red Migrante Guatemala \u2013 SoyMigrante.com REVISTA\" \/>\t\t\t\t\t\t\t\t\t\t\t\t\t\t\t<\/div>\n\t\t\t\t\t<\/div>\n\t\t\t\t<\/div>\n\t\t<div data-particle_enable=\"false\" data-particle-mobile-disabled=\"false\" class=\"elementor-element elementor-element-207e11f e-flex e-con-boxed e-con e-parent\" data-id=\"207e11f\" data-element_type=\"container\" data-e-type=\"container\">\n\t\t\t\t\t<div class=\"e-con-inner\">\n\t\t\t\t<div class=\"elementor-element elementor-element-aabe729 elementor-widget elementor-widget-text-editor\" data-id=\"aabe729\" data-element_type=\"widget\" data-e-type=\"widget\" data-widget_type=\"text-editor.default\">\n\t\t\t\t\t\t\t\t\t<h3>Carmen Ju\u00e1rez, de Totonicap\u00e1n<\/h3>\n<p>Carmen es originaria de la aldea Nueva Candelaria, San Crist\u00f3bal Totonicap\u00e1n. En Estados Unidos se dedica a los cuidados de su hogar y tambi\u00e9n a cuidar de sus hijos. sin embargo, eso no le impide ser voluntaria en la escuela, para aportar al bienestar de la comunidad.<\/p>\n<p>&#8220;Apoyando el TPS es una buena forma de unir m\u00e1s ala comunidad guatemalteca&#8221;, expresa<\/p>\n<p>\u00a0<\/p>\n<h3>\u00a0<\/h3>\t\t\t\t\t\t\t\t<\/div>\n\t\t\t\t\t<\/div>\n\t\t\t\t<\/div>\n\t\t<div data-particle_enable=\"false\" data-particle-mobile-disabled=\"false\" class=\"elementor-element elementor-element-f01ed51 e-flex e-con-boxed e-con e-parent\" data-id=\"f01ed51\" data-element_type=\"container\" data-e-type=\"container\">\n\t\t\t\t\t<div class=\"e-con-inner\">\n\t\t\t\t<div class=\"elementor-element elementor-element-e101efb elementor-invisible elementor-widget elementor-widget-image\" data-id=\"e101efb\" data-element_type=\"widget\" data-e-type=\"widget\" data-settings=\"{&quot;_animation&quot;:&quot;rotateInDownRight&quot;}\" data-widget_type=\"image.default\">\n\t\t\t\t\t\t\t\t\t\t\t\t<figure class=\"wp-caption\">\n\t\t\t\t\t\t\t\t\t\t<img loading=\"lazy\" decoding=\"async\" width=\"768\" height=\"1024\" src=\"https:\/\/soymigrante.com\/revista\/wp-content\/uploads\/2024\/07\/451543997_505023501884042_4303403859554546095_n.webp\" class=\"attachment-large size-large wp-image-7542\" alt=\"Ethel Vasquez representando a Izabal en revista SoyMigrante.com, mujer migrante orgullosa, participando en eventos culturales y sociales, promoviendo la comunidad migrante en Guatemala y el mundo.\" srcset=\"https:\/\/soymigrante.com\/revista\/wp-content\/uploads\/2024\/07\/451543997_505023501884042_4303403859554546095_n.webp 768w, https:\/\/soymigrante.com\/revista\/wp-content\/uploads\/2024\/07\/451543997_505023501884042_4303403859554546095_n-225x300.webp 225w, https:\/\/soymigrante.com\/revista\/wp-content\/uploads\/2024\/07\/451543997_505023501884042_4303403859554546095_n-750x1000.webp 750w\" sizes=\"(max-width: 768px) 100vw, 768px\" title=\"Etelvina Barrios, de Izabal, aspirante a Mrs. Red Migrante Guatemalteca \u2013 SoyMigrante.com REVISTA\" \/>\t\t\t\t\t\t\t\t\t\t\t<figcaption class=\"widget-image-caption wp-caption-text\">Ethel Vasquez en la portada de SoyMigrante.com celebrando su rol de mujer migrante y activista en Izabal, con un fondo colorido y logotipos relacionados con la comunidad migrante guatemalteca.<\/figcaption>\n\t\t\t\t\t\t\t\t\t\t<\/figure>\n\t\t\t\t\t\t\t\t\t<\/div>\n\t\t\t\t\t<\/div>\n\t\t\t\t<\/div>\n\t\t<div data-particle_enable=\"false\" data-particle-mobile-disabled=\"false\" class=\"elementor-element elementor-element-9b9fda7 e-flex e-con-boxed e-con e-parent\" data-id=\"9b9fda7\" data-element_type=\"container\" data-e-type=\"container\">\n\t\t\t\t\t<div class=\"e-con-inner\">\n\t\t\t\t<div class=\"elementor-element elementor-element-fe3f0a8 elementor-widget elementor-widget-text-editor\" data-id=\"fe3f0a8\" data-element_type=\"widget\" data-e-type=\"widget\" data-widget_type=\"text-editor.default\">\n\t\t\t\t\t\t\t\t\t<h3>Etelvina &#8220;Ethel&#8221; V\u00e1squez, de Izabal<\/h3>\n<p>Ethelvina V\u00e1squez Ortiz naci\u00f3 en una finca bananera en Morales, Izabal. Reside actualmente en el sur centro de Los \u00c1ngeles. Ha trababajado un poco de todo, siempre con la vista puesta en salir adelante. Ha laborado como ni\u00f1era, tambi\u00e9n en limpieza de casas, cuidado de mascotas, piloto de auto, en la tienda de ropa La Barata y desde hace 8 a\u00f1os es experta en cuidado de adultos mayores o caregiver.<\/p>\n<p>Concepto de uni\u00f3n: &#8220;Se necesita integrar m\u00e1s a los migrantes guatemaltecos en USA, a trav\u00e9s de objetivos comunes y un buen programa que beneficie a muchos, tal como el plan de solicitar el TPS. Es una gran meta&#8221;.<\/p>\n<p>\u00a0<\/p>\n<h3>\u00a0<\/h3>\t\t\t\t\t\t\t\t<\/div>\n\t\t\t\t\t<\/div>\n\t\t\t\t<\/div>\n\t\t<div data-particle_enable=\"false\" data-particle-mobile-disabled=\"false\" class=\"elementor-element elementor-element-c94b6cd e-flex e-con-boxed e-con e-parent\" data-id=\"c94b6cd\" data-element_type=\"container\" data-e-type=\"container\">\n\t\t\t\t\t<div class=\"e-con-inner\">\n\t\t\t\t<div class=\"elementor-element elementor-element-569eb3c elementor-invisible elementor-widget elementor-widget-image\" data-id=\"569eb3c\" data-element_type=\"widget\" data-e-type=\"widget\" data-settings=\"{&quot;_animation&quot;:&quot;rotateInUpRight&quot;}\" data-widget_type=\"image.default\">\n\t\t\t\t\t\t\t\t\t\t\t\t\t\t\t<img loading=\"lazy\" decoding=\"async\" width=\"768\" height=\"1024\" src=\"https:\/\/soymigrante.com\/revista\/wp-content\/uploads\/2024\/07\/genera-cor-castro-quiche.webp\" class=\"attachment-large size-large wp-image-7534\" alt=\"JENARA COR CASTRO REPRESENTANDO QUILCHE, mujer ind\u00edgena con traje tradicional en evento cultural en SoyMigrante.com REVISTA.\" srcset=\"https:\/\/soymigrante.com\/revista\/wp-content\/uploads\/2024\/07\/genera-cor-castro-quiche.webp 768w, https:\/\/soymigrante.com\/revista\/wp-content\/uploads\/2024\/07\/genera-cor-castro-quiche-225x300.webp 225w, https:\/\/soymigrante.com\/revista\/wp-content\/uploads\/2024\/07\/genera-cor-castro-quiche-750x1000.webp 750w\" sizes=\"(max-width: 768px) 100vw, 768px\" title=\"Genara Cor, de Quich\u00e9, aspirante a Mrs. Red Migrante Guatemalteca 2024 \u2013 SoyMigrante.com REVISTA\" \/>\t\t\t\t\t\t\t\t\t\t\t\t\t\t\t<\/div>\n\t\t\t\t\t<\/div>\n\t\t\t\t<\/div>\n\t\t<div data-particle_enable=\"false\" data-particle-mobile-disabled=\"false\" class=\"elementor-element elementor-element-d49781e e-flex e-con-boxed e-con e-parent\" data-id=\"d49781e\" data-element_type=\"container\" data-e-type=\"container\">\n\t\t\t\t\t<div class=\"e-con-inner\">\n\t\t\t\t<div class=\"elementor-element elementor-element-771f47c elementor-widget elementor-widget-text-editor\" data-id=\"771f47c\" data-element_type=\"widget\" data-e-type=\"widget\" data-widget_type=\"text-editor.default\">\n\t\t\t\t\t\t\t\t\t<h3>Genara Cor, de Quich\u00e9<\/h3>\n<p>\u00a0<\/p>\n<p>Genara Cor Castro es originaria del cant\u00f3n Chotacaj, del municipio de San Antonio Ilotenango, Quich\u00e9, Guatemala. Cuando vivi\u00f3 en Guatemala trabaj\u00f3 como ni\u00f1era, pastoreo de animales, vendedora de refacciones y tambi\u00e9n fue alfabetizadora de etapa inicial, as\u00ed como promotora de proyectos encabezados con mujeres. Lleg\u00f3 a tener un grupo de 175 integrantes.\u00a0<\/p>\n<p>Al llegar a Los Angeles en 2008 empez\u00f3 a trabajar en confecci\u00f3n de ropa; despu\u00e9s preparaba comida bajo pedido, hasta 60 \u00f3rdenes diarias. Cuid\u00f3 ni\u00f1os y form\u00f3 el grupo Chapincitos Los Angeles, a quienes ense\u00f1aba la cultura, tradicioes e identidad guatemalteca. Realiza voluntariado para llenar aplicaciones de ingreso a escuelas. Env\u00eda adem\u00e1s zapatos y ropa a su pueblo para apoyar a m\u00e1s personas.\u00a0<\/p>\n<p>Por eso para generar m\u00e1s unidad migrante propone: &#8220;Seguir apoyando y compartiendo con los compatriotas a trav\u00e9s de la cultura, deportes, solidaridad y la solicitud del TPS&#8221;\u00a0<\/p>\n<p>\u00a0<\/p>\n<h3>\u00a0<\/h3>\t\t\t\t\t\t\t\t<\/div>\n\t\t\t\t\t<\/div>\n\t\t\t\t<\/div>\n\t\t<div data-particle_enable=\"false\" data-particle-mobile-disabled=\"false\" class=\"elementor-element elementor-element-aa92e22 e-flex e-con-boxed e-con e-parent\" data-id=\"aa92e22\" data-element_type=\"container\" data-e-type=\"container\">\n\t\t\t\t\t<div class=\"e-con-inner\">\n\t\t\t\t<div class=\"elementor-element elementor-element-1716728 elementor-invisible elementor-widget elementor-widget-image\" data-id=\"1716728\" data-element_type=\"widget\" data-e-type=\"widget\" data-settings=\"{&quot;_animation&quot;:&quot;rotateInUpLeft&quot;}\" data-widget_type=\"image.default\">\n\t\t\t\t\t\t\t\t\t\t\t\t\t\t\t<img loading=\"lazy\" decoding=\"async\" width=\"768\" height=\"1024\" src=\"https:\/\/soymigrante.com\/revista\/wp-content\/uploads\/2024\/07\/lorena-pelico-1.webp\" class=\"attachment-large size-large wp-image-7544\" alt=\"Lorena Pelico representante de Peten en SoyMigrante.com REVISTA, historia de migraci\u00f3n y comunidad migrante en Guatemala.\" srcset=\"https:\/\/soymigrante.com\/revista\/wp-content\/uploads\/2024\/07\/lorena-pelico-1.webp 768w, https:\/\/soymigrante.com\/revista\/wp-content\/uploads\/2024\/07\/lorena-pelico-1-225x300.webp 225w, https:\/\/soymigrante.com\/revista\/wp-content\/uploads\/2024\/07\/lorena-pelico-1-750x1000.webp 750w\" sizes=\"(max-width: 768px) 100vw, 768px\" title=\"Lorena Pelic\u00f3, de Pet\u00e9n, aspirante a Mrs. Red Migrante Guatemala 2024 \u2013 SoyMigrante.com REVISTA\" \/>\t\t\t\t\t\t\t\t\t\t\t\t\t\t\t<\/div>\n\t\t\t\t\t<\/div>\n\t\t\t\t<\/div>\n\t\t<div data-particle_enable=\"false\" data-particle-mobile-disabled=\"false\" class=\"elementor-element elementor-element-bfccb51 e-flex e-con-boxed e-con e-parent\" data-id=\"bfccb51\" data-element_type=\"container\" data-e-type=\"container\">\n\t\t\t\t\t<div class=\"e-con-inner\">\n\t\t\t\t<div class=\"elementor-element elementor-element-ddc6ea7 elementor-widget elementor-widget-text-editor\" data-id=\"ddc6ea7\" data-element_type=\"widget\" data-e-type=\"widget\" data-widget_type=\"text-editor.default\">\n\t\t\t\t\t\t\t\t\t<h3>Lorena Pelic\u00f3, de Pet\u00e9n<\/h3>\n<p>Lorena es originaria de San Benito, Pet\u00e9n, reside actualmente en Los Angeles.<\/p>\n<p>Trabaja actualmente en ventas, pero por mucho tiempo se dedic\u00f3 a la limpieza de casas.<\/p>\n<p>Propuesta: &#8220;Apoyarnos unos con otros. Lamentablemente no siempre ocurre, principalmente en los trabajos, ya que algunas de las mismas personas personas latinas que han sido migrantes humillan a otros que acaban de llegar. Por ello se necesita m\u00e1s conciencia y consideraci\u00f3n&#8221;\u00a0<\/p>\t\t\t\t\t\t\t\t<\/div>\n\t\t\t\t\t<\/div>\n\t\t\t\t<\/div>\n\t\t<div data-particle_enable=\"false\" data-particle-mobile-disabled=\"false\" class=\"elementor-element elementor-element-d162a74 e-flex e-con-boxed e-con e-parent\" data-id=\"d162a74\" data-element_type=\"container\" data-e-type=\"container\">\n\t\t\t\t\t<div class=\"e-con-inner\">\n\t\t\t\t<div class=\"elementor-element elementor-element-77cd919 elementor-invisible elementor-widget elementor-widget-image\" data-id=\"77cd919\" data-element_type=\"widget\" data-e-type=\"widget\" data-settings=\"{&quot;_animation&quot;:&quot;slideInDown&quot;}\" data-widget_type=\"image.default\">\n\t\t\t\t\t\t\t\t\t\t\t\t\t\t\t<img loading=\"lazy\" decoding=\"async\" width=\"768\" height=\"1024\" src=\"https:\/\/soymigrante.com\/revista\/wp-content\/uploads\/2024\/07\/Anabella-Gallardo.webp\" class=\"attachment-large size-large wp-image-7545\" alt=\"Anabella Gallardo en la portada de SoyMigrante.com Revista, representando a Quetzaltenango, con fondo colorido y logo de migrantes.\" srcset=\"https:\/\/soymigrante.com\/revista\/wp-content\/uploads\/2024\/07\/Anabella-Gallardo.webp 768w, https:\/\/soymigrante.com\/revista\/wp-content\/uploads\/2024\/07\/Anabella-Gallardo-225x300.webp 225w, https:\/\/soymigrante.com\/revista\/wp-content\/uploads\/2024\/07\/Anabella-Gallardo-750x1000.webp 750w\" sizes=\"(max-width: 768px) 100vw, 768px\" title=\"Anabella Gallardo, de Quetzaltenango, aspirante a Mrs. Red Migrante Guatemalteca 2024 \u2013 SoyMigrante.com REVISTA\" \/>\t\t\t\t\t\t\t\t\t\t\t\t\t\t\t<\/div>\n\t\t\t\t\t<\/div>\n\t\t\t\t<\/div>\n\t\t<div data-particle_enable=\"false\" data-particle-mobile-disabled=\"false\" class=\"elementor-element elementor-element-3ef62f7 e-flex e-con-boxed e-con e-parent\" data-id=\"3ef62f7\" data-element_type=\"container\" data-e-type=\"container\">\n\t\t\t\t\t<div class=\"e-con-inner\">\n\t\t\t\t<div class=\"elementor-element elementor-element-de6b7b5 elementor-widget elementor-widget-text-editor\" data-id=\"de6b7b5\" data-element_type=\"widget\" data-e-type=\"widget\" data-widget_type=\"text-editor.default\">\n\t\t\t\t\t\t\t\t\t<h3>Anabella Gallardo, de Quetzaltenango<\/h3>\n<p>Originaria de Sibilia, Quetzaltenango. Vive en Los Angeles. Su trabajo actual es en el \u00e1rea de bodega de almac\u00e9n Ross y tambi\u00e9n ha laborado en el restaurante Pollo Loco. Tiene cinco hijas, a quienes ha dedicado sus esfuerzos.<\/p>\n<p>Concepto de uni\u00f3n: &#8220;Para unir a los migrantes guatemaltecos debemos seguir trabajando y\u00a0 apoyando el T.P.S; haciendo marchas, activando y haciendo buenas acciones&#8221;.<\/p>\t\t\t\t\t\t\t\t<\/div>\n\t\t\t\t\t<\/div>\n\t\t\t\t<\/div>\n\t\t<div data-particle_enable=\"false\" data-particle-mobile-disabled=\"false\" class=\"elementor-element elementor-element-4f15e7e e-flex e-con-boxed e-con e-parent\" data-id=\"4f15e7e\" data-element_type=\"container\" data-e-type=\"container\">\n\t\t\t\t\t<div class=\"e-con-inner\">\n\t\t\t\t<div class=\"elementor-element elementor-element-bd91c80 elementor-invisible elementor-widget elementor-widget-image\" data-id=\"bd91c80\" data-element_type=\"widget\" data-e-type=\"widget\" data-settings=\"{&quot;_animation&quot;:&quot;rotateInDownRight&quot;}\" data-widget_type=\"image.default\">\n\t\t\t\t\t\t\t\t\t\t\t\t\t\t\t<img loading=\"lazy\" decoding=\"async\" width=\"768\" height=\"1024\" src=\"https:\/\/soymigrante.com\/revista\/wp-content\/uploads\/2024\/07\/calel.webp\" class=\"attachment-large size-large wp-image-7546\" alt=\"Valiosa imagen de una mujer guatemalteca con vestido tradicional, representando la cultura ind\u00edgena en la revista SoyMigrante.com. Destaca el orgullo y la identidad de los migrantes guatemaltecos en el contexto internacional.\" srcset=\"https:\/\/soymigrante.com\/revista\/wp-content\/uploads\/2024\/07\/calel.webp 768w, https:\/\/soymigrante.com\/revista\/wp-content\/uploads\/2024\/07\/calel-225x300.webp 225w, https:\/\/soymigrante.com\/revista\/wp-content\/uploads\/2024\/07\/calel-750x1000.webp 750w\" sizes=\"(max-width: 768px) 100vw, 768px\" title=\"Juana Calel, de Huehuetenango, aspirante a Mrs. Red Migrante Guatemala 2024 \u2013 SoyMigrante.com REVISTA\" \/>\t\t\t\t\t\t\t\t\t\t\t\t\t\t\t<\/div>\n\t\t\t\t\t<\/div>\n\t\t\t\t<\/div>\n\t\t<div data-particle_enable=\"false\" data-particle-mobile-disabled=\"false\" class=\"elementor-element elementor-element-70a4390 e-flex e-con-boxed e-con e-parent\" data-id=\"70a4390\" data-element_type=\"container\" data-e-type=\"container\">\n\t\t\t\t\t<div class=\"e-con-inner\">\n\t\t\t\t<div class=\"elementor-element elementor-element-f92b199 elementor-widget elementor-widget-text-editor\" data-id=\"f92b199\" data-element_type=\"widget\" data-e-type=\"widget\" data-widget_type=\"text-editor.default\">\n\t\t\t\t\t\t\t\t\t<h3>Juana Calel, de Huehuetenango<\/h3>\n<p>Juana es originaria de Aguacat\u00e1n, Huehuetenango. Reside en Los Angeles.<\/p>\n<p>Desde su llegada a EE.UU. ha colaborado como voluntaria en cl\u00ednicas comunitarias ofrecidas por instituciones no gubernamentales o iglesias como St. Johns o la Inmaculada Concepci\u00f3n. En 2001 se gradu\u00f3 de promotora de salud en Esperanza Community Housing y all\u00ed sigue trabajando. Es una instituci\u00f3n sin fines de lucro para el servicio social.<\/p>\n<p>Para unir m\u00e1s a los migrantes guatemaltecos: &#8220;Pienso que se necesita concientizar, conectar, haciendo alcance, en diferentes eventos, poniendo mesas de informaci\u00f3n en las parques para integrar con nuestra comunidad. Informar, concientizar sobre el TPS e impulsarlo&#8221;.<\/p>\t\t\t\t\t\t\t\t<\/div>\n\t\t\t\t\t<\/div>\n\t\t\t\t<\/div>\n\t\t<div data-particle_enable=\"false\" data-particle-mobile-disabled=\"false\" class=\"elementor-element elementor-element-aef77ac e-flex e-con-boxed e-con e-parent\" data-id=\"aef77ac\" data-element_type=\"container\" data-e-type=\"container\">\n\t\t\t\t\t<div class=\"e-con-inner\">\n\t\t\t\t<div class=\"elementor-element elementor-element-f75f0b5 elementor-invisible elementor-widget elementor-widget-image\" data-id=\"f75f0b5\" data-element_type=\"widget\" data-e-type=\"widget\" data-settings=\"{&quot;_animation&quot;:&quot;rotateInUpLeft&quot;}\" data-widget_type=\"image.default\">\n\t\t\t\t\t\t\t\t\t\t\t\t\t\t\t<img loading=\"lazy\" decoding=\"async\" width=\"768\" height=\"1024\" src=\"https:\/\/soymigrante.com\/revista\/wp-content\/uploads\/2024\/07\/451367278_505023401884052_7808018047594555501_n.webp\" class=\"attachment-large size-large wp-image-7547\" alt=\"Guerrera representando Santa Rosa en SoyMigrante.com revista, con vestido colorido y fondo con s\u00edmbolo de reconocimiento y cultura migrante, promoviendo visibilidad y derechos de migrantes en M\u00e9xico.\" srcset=\"https:\/\/soymigrante.com\/revista\/wp-content\/uploads\/2024\/07\/451367278_505023401884052_7808018047594555501_n.webp 768w, https:\/\/soymigrante.com\/revista\/wp-content\/uploads\/2024\/07\/451367278_505023401884052_7808018047594555501_n-225x300.webp 225w, https:\/\/soymigrante.com\/revista\/wp-content\/uploads\/2024\/07\/451367278_505023401884052_7808018047594555501_n-750x1000.webp 750w\" sizes=\"(max-width: 768px) 100vw, 768px\" title=\"Heidy Rodr\u00edguez, de Santa Rosa, aspirante a Mrs. Red Migrante Guatemalteca 2024 \u2013 SoyMigrante.com REVISTA\" \/>\t\t\t\t\t\t\t\t\t\t\t\t\t\t\t<\/div>\n\t\t\t\t\t<\/div>\n\t\t\t\t<\/div>\n\t\t<div data-particle_enable=\"false\" data-particle-mobile-disabled=\"false\" class=\"elementor-element elementor-element-dbb238c e-flex e-con-boxed e-con e-parent\" data-id=\"dbb238c\" data-element_type=\"container\" data-e-type=\"container\">\n\t\t\t\t\t<div class=\"e-con-inner\">\n\t\t\t\t<div class=\"elementor-element elementor-element-f1ffed1 elementor-widget elementor-widget-text-editor\" data-id=\"f1ffed1\" data-element_type=\"widget\" data-e-type=\"widget\" data-widget_type=\"text-editor.default\">\n\t\t\t\t\t\t\t\t\t<h3>Heidy Rodr\u00edguez, de Santa Rosa<\/h3>\n<p>Heidy Rodr\u00edguez de Aponte naci\u00f3 en Los Angeles, de padres migrantes guatemaltecos. Su mam\u00e1 era originaria de Taxisco, Santa Rosa y su pap\u00e1 era de Escuintla. Vive en Redondo Beach, es ama de casa, pero antes de esta etapa fue Gerente de proyectos de desarrollo en East Los \u00c1ngeles Women\u2019s Center. Tambi\u00e9n se capacit\u00f3 en derechos civiles y asesor\u00eda en situaciones jur\u00eddicas, lo cual pone al servicio de la comunidad.<\/p>\n<p>Propuesta: &#8220;Creo que la unidad se alcanza cuando todos y todas decidamos que juntos somos m\u00e1s fuertes. Cuando cada quien llegue a ser libre de la pobreza mental que nos dice que para llegar a ser algo hay que competir. Una buena causa es el TPS, porque todos queremos lo mismo: paz, \u00e9xito y unidad, y a trav\u00e9s del TPS se puede lograr&#8221;<\/p>\t\t\t\t\t\t\t\t<\/div>\n\t\t\t\t\t<\/div>\n\t\t\t\t<\/div>\n\t\t<div data-particle_enable=\"false\" data-particle-mobile-disabled=\"false\" class=\"elementor-element elementor-element-fafec51 e-flex e-con-boxed e-con e-parent\" data-id=\"fafec51\" data-element_type=\"container\" data-e-type=\"container\">\n\t\t\t\t\t<div class=\"e-con-inner\">\n\t\t\t\t<div class=\"elementor-element elementor-element-df68b55 elementor-widget elementor-widget-facebook-page\" data-id=\"df68b55\" data-element_type=\"widget\" data-e-type=\"widget\" data-widget_type=\"facebook-page.default\">\n\t\t\t\t\t<div class=\"elementor-facebook-widget fb-page\" data-href=\"https:\/\/www.facebook.com\/RedMigranteGuate\" data-tabs=\"timeline\" data-height=\"500px\" data-width=\"500px\" data-small-header=\"false\" data-hide-cover=\"false\" data-show-facepile=\"true\" data-hide-cta=\"false\" style=\"min-height: 1px;height:500px\"><\/div>\t\t\t\t<\/div>\n\t\t\t\t\t<\/div>\n\t\t\t\t<\/div>\n\t\t<div data-particle_enable=\"false\" data-particle-mobile-disabled=\"false\" class=\"elementor-element elementor-element-531195f e-flex e-con-boxed e-con e-parent\" data-id=\"531195f\" data-element_type=\"container\" data-e-type=\"container\">\n\t\t\t\t\t<div class=\"e-con-inner\">\n\t\t\t\t<div class=\"elementor-element elementor-element-dce143a elementor-widget elementor-widget-heading\" data-id=\"dce143a\" data-element_type=\"widget\" data-e-type=\"widget\" data-widget_type=\"heading.default\">\n\t\t\t\t\t<h2 class=\"elementor-heading-title elementor-size-default\">Guatemaltecos unidos por las mejores causas<\/h2>\t\t\t\t<\/div>\n\t\t\t\t\t<\/div>\n\t\t\t\t<\/div>\n\t\t<div data-particle_enable=\"false\" data-particle-mobile-disabled=\"false\" class=\"elementor-element elementor-element-88ba094 e-flex e-con-boxed e-con e-parent\" data-id=\"88ba094\" data-element_type=\"container\" data-e-type=\"container\">\n\t\t\t\t\t<div class=\"e-con-inner\">\n\t\t\t\t<div class=\"elementor-element elementor-element-ff75c10 elementor-grid-eael-col-1 elementor-grid-tablet-eael-col-2 elementor-grid-mobile-eael-col-1 elementor-widget elementor-widget-eael-post-grid\" data-id=\"ff75c10\" data-element_type=\"widget\" data-e-type=\"widget\" data-settings=\"{&quot;eael_post_grid_columns&quot;:&quot;eael-col-1&quot;,&quot;eael_post_grid_columns_tablet&quot;:&quot;eael-col-2&quot;,&quot;eael_post_grid_columns_mobile&quot;:&quot;eael-col-1&quot;}\" data-widget_type=\"eael-post-grid.default\">\n\t\t\t\t\t<div id=\"eael-post-grid-ff75c10\" class=\"eael-post-grid-container\">\n            <div class=\"eael-post-grid eael-post-appender eael-post-appender-ff75c10 eael-post-grid-style-one\" data-layout-mode=\"masonry\"><article class=\"eael-grid-post  eael-post-grid-column eael-pg-post-7357 category-estamos-unidos\" data-id=\"7357\">\n        <div class=\"eael-grid-post-holder\">\n            <div class=\"eael-grid-post-holder-inner\"><div class=\"eael-entry-media\"><div class=\"eael-entry-overlay fade-in\"><i class=\"far fa-hand-pointer\" aria-hidden=\"true\"><\/i><a href=\"https:\/\/soymigrante.com\/revista\/municipalidades-se-han-unido-a-peticion-de-tps-guatemalteco\/\"><\/a><\/div><div class=\"eael-entry-thumbnail \">\n                <img loading=\"lazy\" decoding=\"async\" width=\"483\" height=\"483\" src=\"https:\/\/soymigrante.com\/revista\/wp-content\/uploads\/2024\/09\/tps-guatemala-2.webp\" class=\"attachment-large size-large wp-image-9720\" alt=\"Certificaci\u00f3n cultural de mujeres ind\u00edgenas en un evento en la ciudad, mostrando orgullo y tradiciones ancestrales en un entorno urbano.\" srcset=\"https:\/\/soymigrante.com\/revista\/wp-content\/uploads\/2024\/09\/tps-guatemala-2.webp 483w, https:\/\/soymigrante.com\/revista\/wp-content\/uploads\/2024\/09\/tps-guatemala-2-300x300.webp 300w, https:\/\/soymigrante.com\/revista\/wp-content\/uploads\/2024\/09\/tps-guatemala-2-150x150.webp 150w, https:\/\/soymigrante.com\/revista\/wp-content\/uploads\/2024\/09\/tps-guatemala-2-75x75.webp 75w\" sizes=\"(max-width: 483px) 100vw, 483px\" \/>\n            <\/div>\n        <\/div><div class=\"eael-entry-wrapper\"><header class=\"eael-entry-header\"><h2 class=\"eael-entry-title\"><a class=\"eael-grid-post-link\" href=\"https:\/\/soymigrante.com\/revista\/municipalidades-se-han-unido-a-peticion-de-tps-guatemalteco\/\" title=\"Suben a 150 las municipalidades de Guatemala que apoyan solicitud de TPS en EE.UU.\">Suben a 150 las municipalidades de Guatemala que apoyan solicitud de TPS en EE.UU.<\/a><\/h2><\/header><div class=\"eael-entry-content\">\n                        <div class=\"eael-grid-post-excerpt\"><a href=\"https:\/\/soymigrante.com\/revista\/municipalidades-se-han-unido-a-peticion-de-tps-guatemalteco\/\" class=\"eael-post-elements-readmore-btn\">CONOCE SU HISTORIA <\/a><\/div>\n                    <\/div><\/div><\/div>\n        <\/div>\n    <\/article><\/div>\n            <div class=\"clearfix\"><\/div>\n        <\/div>\t\t\t\t<\/div>\n\t\t\t\t\t<\/div>\n\t\t\t\t<\/div>\n\t\t\t\t<\/div>\n\t\t","protected":false},"excerpt":{"rendered":"<p>Velada de coronaci\u00f3n de Mrs. Red Migrante Guatemala 2024 se desarroll\u00f3 el s\u00e1bado 20 de julio en ambiente de alegr\u00eda, hermandad y amor a Guatemala. Te presentamos a quienes el jurado y el p\u00fablico eligieron. \u00a0Mrs. Red Migrante Guatemalteca aspira a ser\u00a0un certamen de belleza integral porque se eval\u00faa la simpat\u00eda, la personalidad y tambi\u00e9n [&hellip;]<\/p>\n","protected":false},"author":7,"featured_media":7573,"comment_status":"open","ping_status":"open","sticky":false,"template":"","format":"standard","meta":{"_acf_changed":false,"_eb_attr":"","footnotes":""},"categories":[54],"tags":[],"class_list":["post-7529","post","type-post","status-publish","format-standard","has-post-thumbnail","hentry","category-estamos-unidos"],"acf":[],"aioseo_notices":[],"aioseo_head":"\n\t\t<!-- All in One SEO Pro 4.9.6.2 - aioseo.com -->\n\t<meta name=\"description\" content=\"\u00bfEst\u00e1 tu municipio entre los 150 que ya apoyan la solicitud de TPS Guatemalteco? No ha sido f\u00e1cil pero gracias al entusiasmo de voluntarios, esto avanza.\" \/>\n\t<meta name=\"robots\" content=\"max-snippet:-1, max-image-preview:large, max-video-preview:-1\" \/>\n\t<meta name=\"author\" content=\"Gustavo Montenegro\"\/>\n\t<link rel=\"canonical\" href=\"https:\/\/soymigrante.com\/revista\/municipalidades-se-han-unido-a-peticion-de-tps-guatemalteco\/\" \/>\n\t<meta name=\"generator\" content=\"All in One SEO Pro (AIOSEO) 4.9.6.2\" \/>\n\n\t\t<link rel=\"preconnect\" href=\"https:\/\/fonts.googleapis.com\" crossorigin>\n<link rel=\"preconnect\" href=\"https:\/\/fonts.gstatic.com\" crossorigin>\n\t\t<meta property=\"og:locale\" content=\"es_ES\" \/>\n\t\t<meta property=\"og:site_name\" content=\"SoyMigrante.com REVISTA \u2013 Nuestra misi\u00f3n es reconocer y dignificar al migrante.\" \/>\n\t\t<meta property=\"og:type\" content=\"article\" \/>\n\t\t<meta property=\"og:title\" content=\"Llegan a 150 las municipalidades que piden TPS para Guatemala\" \/>\n\t\t<meta property=\"og:description\" content=\"\u00bfEst\u00e1 tu municipio entre los 150 que ya apoyan la solicitud de TPS Guatemalteco? No ha sido f\u00e1cil pero gracias al entusiasmo de voluntarios, esto avanza.\" \/>\n\t\t<meta property=\"og:url\" content=\"https:\/\/soymigrante.com\/revista\/municipalidades-se-han-unido-a-peticion-de-tps-guatemalteco\/\" \/>\n\t\t<meta property=\"og:image\" content=\"https:\/\/soymigrante.com\/revista\/wp-content\/uploads\/2024\/09\/tps-guatemala-2.webp\" \/>\n\t\t<meta property=\"og:image:secure_url\" content=\"https:\/\/soymigrante.com\/revista\/wp-content\/uploads\/2024\/09\/tps-guatemala-2.webp\" \/>\n\t\t<meta property=\"og:image:width\" content=\"483\" \/>\n\t\t<meta property=\"og:image:height\" content=\"483\" \/>\n\t\t<meta property=\"article:published_time\" content=\"2024-10-04T16:23:59+00:00\" \/>\n\t\t<meta property=\"article:modified_time\" content=\"2024-10-04T16:24:00+00:00\" \/>\n\t\t<meta property=\"article:publisher\" content=\"https:\/\/www.facebook.com\/soymigrantecom\" \/>\n\t\t<meta name=\"twitter:card\" content=\"summary_large_image\" \/>\n\t\t<meta name=\"twitter:site\" content=\"@SoyMigrante_com\" \/>\n\t\t<meta name=\"twitter:title\" content=\"Llegan a 150 las municipalidades que piden TPS para Guatemala\" \/>\n\t\t<meta name=\"twitter:description\" content=\"\u00bfEst\u00e1 tu municipio entre los 150 que ya apoyan la solicitud de TPS Guatemalteco? No ha sido f\u00e1cil pero gracias al entusiasmo de voluntarios, esto avanza.\" \/>\n\t\t<meta name=\"twitter:creator\" content=\"@SoyMigrante_com\" \/>\n\t\t<meta name=\"twitter:image\" content=\"https:\/\/soymigrante.com\/revista\/wp-content\/uploads\/2024\/09\/tps-guatemala-2.webp\" \/>\n\t\t<!-- All in One SEO Pro -->\r\n\t\t<title>Llegan a 150 las municipalidades que piden TPS para Guatemala<\/title>\n\n","aioseo_head_json":{"title":"Llegan a 150 las municipalidades que piden TPS para Guatemala","description":"\u00bfEst\u00e1 tu municipio entre los 150 que ya apoyan la solicitud de TPS Guatemalteco? No ha sido f\u00e1cil pero gracias al entusiasmo de voluntarios, esto avanza.","canonical_url":"https:\/\/soymigrante.com\/revista\/municipalidades-se-han-unido-a-peticion-de-tps-guatemalteco\/","robots":"max-snippet:-1, max-image-preview:large, max-video-preview:-1","keywords":"","webmasterTools":{"miscellaneous":"&lt;link rel=\"preconnect\" href=\"https:\/\/fonts.googleapis.com\" crossorigin&gt;\n&lt;link rel=\"preconnect\" href=\"https:\/\/fonts.gstatic.com\" crossorigin&gt;"},"schema":null,"og:locale":"es_ES","og:site_name":"SoyMigrante.com REVISTA \u2013 Nuestra misi\u00f3n es reconocer y dignificar al migrante.","og:type":"article","og:title":"Llegan a 150 las municipalidades que piden TPS para Guatemala","og:description":"\u00bfEst\u00e1 tu municipio entre los 150 que ya apoyan la solicitud de TPS Guatemalteco? No ha sido f\u00e1cil pero gracias al entusiasmo de voluntarios, esto avanza.","og:url":"https:\/\/soymigrante.com\/revista\/municipalidades-se-han-unido-a-peticion-de-tps-guatemalteco\/","og:image":"https:\/\/soymigrante.com\/revista\/wp-content\/uploads\/2024\/09\/tps-guatemala-2.webp","og:image:secure_url":"https:\/\/soymigrante.com\/revista\/wp-content\/uploads\/2024\/09\/tps-guatemala-2.webp","og:image:width":483,"og:image:height":483,"article:published_time":"2024-10-04T16:23:59+00:00","article:modified_time":"2024-10-04T16:24:00+00:00","article:publisher":"https:\/\/www.facebook.com\/soymigrantecom","twitter:card":"summary_large_image","twitter:site":"@SoyMigrante_com","twitter:title":"Llegan a 150 las municipalidades que piden TPS para Guatemala","twitter:description":"\u00bfEst\u00e1 tu municipio entre los 150 que ya apoyan la solicitud de TPS Guatemalteco? No ha sido f\u00e1cil pero gracias al entusiasmo de voluntarios, esto avanza.","twitter:creator":"@SoyMigrante_com","twitter:image":"https:\/\/soymigrante.com\/revista\/wp-content\/uploads\/2024\/09\/tps-guatemala-2.webp"},"aioseo_meta_data":{"post_id":"7529","title":"Conoce a Mrs Red Migrante Guatemalteca 2024 y dem\u00e1s galardonadas","description":"Velada de premiaci\u00f3n se desarroll\u00f3 en un ambiente de alegr\u00eda, hermandad y emoci\u00f3n. Conoce a qui\u00e9nes fueron seleccionadas por el jurado y el p\u00fablico.","keywords":null,"keyphrases":{"focus":{"keyphrase":"Migrante","score":74,"analysis":{"keyphraseInTitle":{"score":9,"maxScore":9,"error":0},"keyphraseInDescription":{"score":3,"maxScore":9,"error":1},"keyphraseLength":{"score":9,"maxScore":9,"error":0,"length":1},"keyphraseInURL":{"score":5,"maxScore":5,"error":0},"keyphraseInIntroduction":{"score":3,"maxScore":9,"error":1},"keyphraseInSubHeadings":{"score":3,"maxScore":9,"error":1},"keyphraseInImageAlt":{"score":9,"maxScore":9,"error":0},"keywordDensity":{"type":"best","score":9,"maxScore":9,"error":0}}},"additional":[{"keyphrase":"Giatemalteca","score":40,"analysis":{"keyphraseInDescription":{"score":3,"maxScore":9,"error":1},"keyphraseLength":{"score":9,"maxScore":9,"error":0,"length":1},"keyphraseInIntroduction":{"score":3,"maxScore":9,"error":1},"keyphraseInImageAlt":{"score":3,"maxScore":9,"error":1},"keywordDensity":{"score":0,"type":"low","maxScore":9,"error":1}}}]},"primary_term":null,"canonical_url":null,"og_title":null,"og_description":null,"og_object_type":"default","og_image_type":"default","og_image_url":null,"og_image_width":null,"og_image_height":null,"og_image_custom_url":null,"og_image_custom_fields":null,"og_video":"","og_custom_url":null,"og_article_section":null,"og_article_tags":null,"twitter_use_og":false,"twitter_card":"default","twitter_image_type":"default","twitter_image_url":null,"twitter_image_custom_url":null,"twitter_image_custom_fields":null,"twitter_title":null,"twitter_description":null,"schema":{"blockGraphs":[],"customGraphs":[],"default":{"data":{"Article":[],"Course":[],"Dataset":[],"FAQPage":[],"Movie":[],"Person":[],"Product":[],"ProductReview":[],"Car":[],"Recipe":[],"Service":[],"SoftwareApplication":[],"WebPage":[]},"graphName":"Article","isEnabled":true},"graphs":[]},"schema_type":"default","schema_type_options":null,"pillar_content":false,"robots_default":true,"robots_noindex":false,"robots_noarchive":false,"robots_nosnippet":false,"robots_nofollow":false,"robots_noimageindex":false,"robots_noodp":false,"robots_notranslate":false,"robots_max_snippet":"-1","robots_max_videopreview":"-1","robots_max_imagepreview":"large","priority":null,"frequency":"default","local_seo":null,"seo_analyzer_scan_date":"2025-10-08 22:20:17","breadcrumb_settings":null,"limit_modified_date":false,"reviewed_by":null,"open_ai":"{\"title\":{\"suggestions\":[],\"usage\":0},\"description\":{\"suggestions\":[],\"usage\":0}}","ai":null,"created":"2024-07-19 04:55:20","updated":"2026-02-04 12:27:34"},"aioseo_breadcrumb":"<div class=\"aioseo-breadcrumbs\"><span class=\"aioseo-breadcrumb\">\n\t<a href=\"https:\/\/soymigrante.com\/revista\" title=\"Home\">Home<\/a>\n<\/span><span class=\"aioseo-breadcrumb-separator\">\u00bb<\/span><span class=\"aioseo-breadcrumb\">\n\t<a href=\"https:\/\/soymigrante.com\/revista\/category\/estamos-unidos\/\" title=\"Estamos Unidos\">Estamos Unidos<\/a>\n<\/span><span class=\"aioseo-breadcrumb-separator\">\u00bb<\/span><span class=\"aioseo-breadcrumb\">\n\tConoce qui\u00e9n fue electa Mrs. Red Migrante Guatemalteca 2024\n<\/span><\/div>","aioseo_breadcrumb_json":[{"label":"Home","link":"https:\/\/soymigrante.com\/revista"},{"label":"Estamos Unidos","link":"https:\/\/soymigrante.com\/revista\/category\/estamos-unidos\/"},{"label":"Conoce qui\u00e9n fue electa Mrs. Red Migrante Guatemalteca 2024","link":"https:\/\/soymigrante.com\/revista\/mucho-talento-y-amor-a-guatemala-en-eleccion-de-senora-red-migrante-2024\/"}],"_links":{"self":[{"href":"https:\/\/soymigrante.com\/revista\/wp-json\/wp\/v2\/posts\/7529","targetHints":{"allow":["GET"]}}],"collection":[{"href":"https:\/\/soymigrante.com\/revista\/wp-json\/wp\/v2\/posts"}],"about":[{"href":"https:\/\/soymigrante.com\/revista\/wp-json\/wp\/v2\/types\/post"}],"author":[{"embeddable":true,"href":"https:\/\/soymigrante.com\/revista\/wp-json\/wp\/v2\/users\/7"}],"replies":[{"embeddable":true,"href":"https:\/\/soymigrante.com\/revista\/wp-json\/wp\/v2\/comments?post=7529"}],"version-history":[{"count":0,"href":"https:\/\/soymigrante.com\/revista\/wp-json\/wp\/v2\/posts\/7529\/revisions"}],"wp:featuredmedia":[{"embeddable":true,"href":"https:\/\/soymigrante.com\/revista\/wp-json\/wp\/v2\/media\/7573"}],"wp:attachment":[{"href":"https:\/\/soymigrante.com\/revista\/wp-json\/wp\/v2\/media?parent=7529"}],"wp:term":[{"taxonomy":"category","embeddable":true,"href":"https:\/\/soymigrante.com\/revista\/wp-json\/wp\/v2\/categories?post=7529"},{"taxonomy":"post_tag","embeddable":true,"href":"https:\/\/soymigrante.com\/revista\/wp-json\/wp\/v2\/tags?post=7529"}],"curies":[{"name":"wp","href":"https:\/\/api.w.org\/{rel}","templated":true}]}}