{"id":7501,"date":"2024-07-17T12:33:15","date_gmt":"2024-07-17T18:33:15","guid":{"rendered":"https:\/\/soymigrante.com\/revista\/?p=7501"},"modified":"2025-09-16T07:55:49","modified_gmt":"2025-09-16T13:55:49","slug":"7-volcanes-de-guatemala-datos-y-leyenda-que-quiza-ya-sabias-o-tal-vez-no","status":"publish","type":"post","link":"https:\/\/soymigrante.com\/revista\/7-volcanes-de-guatemala-datos-y-leyenda-que-quiza-ya-sabias-o-tal-vez-no\/","title":{"rendered":"7 volcanes de Guatemala: datos y leyenda que quiz\u00e1 ya sab\u00edas&#8230; o tal vez no"},"content":{"rendered":"\t\t<div data-elementor-type=\"wp-post\" data-elementor-id=\"7501\" class=\"elementor elementor-7501\" data-elementor-post-type=\"post\">\n\t\t\t\t<div data-particle_enable=\"false\" data-particle-mobile-disabled=\"false\" class=\"elementor-element elementor-element-6c9613e e-flex e-con-boxed e-con e-parent\" data-id=\"6c9613e\" data-element_type=\"container\" data-e-type=\"container\">\n\t\t\t\t\t<div class=\"e-con-inner\">\n\t\t\t\t<div class=\"elementor-element elementor-element-4ec9717 elementor-widget elementor-widget-heading\" data-id=\"4ec9717\" data-element_type=\"widget\" data-e-type=\"widget\" data-widget_type=\"heading.default\">\n\t\t\t\t\t<h2 class=\"elementor-heading-title elementor-size-default\">Los volcanes de Guatemala son oficialmente 33. Pero se considera que existen unas 288 estructuras volc\u00e1nicas y conos apagados, muchos de los cuales marcan el horizonte y el paisaje del pa\u00eds.  Estos son 7 de los m\u00e1s famosos<\/h2>\t\t\t\t<\/div>\n\t\t\t\t\t<\/div>\n\t\t\t\t<\/div>\n\t\t<div data-particle_enable=\"false\" data-particle-mobile-disabled=\"false\" class=\"elementor-element elementor-element-a58616a e-flex e-con-boxed e-con e-parent\" data-id=\"a58616a\" data-element_type=\"container\" data-e-type=\"container\">\n\t\t\t\t\t<div class=\"e-con-inner\">\n\t\t\t\t<div class=\"elementor-element elementor-element-0769600 elementor-widget elementor-widget-text-editor\" data-id=\"0769600\" data-element_type=\"widget\" data-e-type=\"widget\" data-widget_type=\"text-editor.default\">\n\t\t\t\t\t\t\t\t\t<p><span style=\"text-align: var(--text-align);\">Todo el territorio de Guatemala y Centro Am\u00e9rica se form\u00f3 a partir de material expulsado por la cadena volc\u00e1nica, hace al menos 4 millones de a\u00f1os. Fue as\u00ed como los territorios de Norte y Sudam\u00e9rica se vieron unidos por este puente natural que hoy es hogar de millones de personas y territorio de siete pa\u00edses.<\/span><\/p><p>Los volcanes son parte fundamental del territorio guatemalteco, por sus inconfundibles siluetas, el paisaje que conforman y tambi\u00e9n por su actividad, que a menudo es admirada y fotografiada, aunque tambi\u00e9n ha causado tragedias a lo largo de 500 a\u00f1os de historia de Guatemala.<\/p><p>Estas son las fotograf\u00edas de Abel Ju\u00e1rez con algunos datos de 7 volcanes de Guatemala.<\/p><p>Empecemos por el m\u00e1s alto: el Tajumulco.<\/p>\t\t\t\t\t\t\t\t<\/div>\n\t\t\t\t\t<\/div>\n\t\t\t\t<\/div>\n\t\t<div data-particle_enable=\"false\" data-particle-mobile-disabled=\"false\" class=\"elementor-element elementor-element-4f6058a e-flex e-con-boxed e-con e-parent\" data-id=\"4f6058a\" data-element_type=\"container\" data-e-type=\"container\">\n\t\t\t\t\t<div class=\"e-con-inner\">\n\t\t\t\t<div class=\"elementor-element elementor-element-92c1a51 elementor-widget elementor-widget-heading\" data-id=\"92c1a51\" data-element_type=\"widget\" data-e-type=\"widget\" data-widget_type=\"heading.default\">\n\t\t\t\t\t<h3 class=\"elementor-heading-title elementor-size-default\"><span style=\"font-size: 31.2px\">Tajumulco y el origen de las cosas\n<\/span><\/h3>\t\t\t\t<\/div>\n\t\t\t\t\t<\/div>\n\t\t\t\t<\/div>\n\t\t<div data-particle_enable=\"false\" data-particle-mobile-disabled=\"false\" class=\"elementor-element elementor-element-36381cb e-flex e-con-boxed e-con e-parent\" data-id=\"36381cb\" data-element_type=\"container\" data-e-type=\"container\">\n\t\t\t\t\t<div class=\"e-con-inner\">\n\t\t\t\t<div class=\"elementor-element elementor-element-10483fb elementor-widget elementor-widget-image\" data-id=\"10483fb\" data-element_type=\"widget\" data-e-type=\"widget\" data-widget_type=\"image.default\">\n\t\t\t\t\t\t\t\t\t\t\t\t<figure class=\"wp-caption\">\n\t\t\t\t\t\t\t\t\t\t<img fetchpriority=\"high\" decoding=\"async\" width=\"1024\" height=\"1024\" src=\"https:\/\/soymigrante.com\/revista\/wp-content\/uploads\/2024\/07\/volcanes-de-guatemala-3-1024x1024.webp\" class=\"attachment-large size-large wp-image-7503\" alt=\"Volc\u00e1n Tajumulco, volcanes de Guatemala\" srcset=\"https:\/\/soymigrante.com\/revista\/wp-content\/uploads\/2024\/07\/volcanes-de-guatemala-3-1024x1024.webp 1024w, https:\/\/soymigrante.com\/revista\/wp-content\/uploads\/2024\/07\/volcanes-de-guatemala-3-300x300.webp 300w, https:\/\/soymigrante.com\/revista\/wp-content\/uploads\/2024\/07\/volcanes-de-guatemala-3-150x150.webp 150w, https:\/\/soymigrante.com\/revista\/wp-content\/uploads\/2024\/07\/volcanes-de-guatemala-3-768x768.webp 768w, https:\/\/soymigrante.com\/revista\/wp-content\/uploads\/2024\/07\/volcanes-de-guatemala-3-1536x1536.webp 1536w, https:\/\/soymigrante.com\/revista\/wp-content\/uploads\/2024\/07\/volcanes-de-guatemala-3-75x75.webp 75w, https:\/\/soymigrante.com\/revista\/wp-content\/uploads\/2024\/07\/volcanes-de-guatemala-3-750x750.webp 750w, https:\/\/soymigrante.com\/revista\/wp-content\/uploads\/2024\/07\/volcanes-de-guatemala-3-1140x1140.webp 1140w, https:\/\/soymigrante.com\/revista\/wp-content\/uploads\/2024\/07\/volcanes-de-guatemala-3.webp 1920w\" sizes=\"(max-width: 1024px) 100vw, 1024px\" title=\"Volc\u00e1n Tajumulco, volcanes de Guatemala \u2013 SoyMigrante.com REVISTA\" \/>\t\t\t\t\t\t\t\t\t\t\t<figcaption class=\"widget-image-caption wp-caption-text\">Volc\u00e1n Tajumulco, volcanes de Guatemala<\/figcaption>\n\t\t\t\t\t\t\t\t\t\t<\/figure>\n\t\t\t\t\t\t\t\t\t<\/div>\n\t\t\t\t\t<\/div>\n\t\t\t\t<\/div>\n\t\t<div data-particle_enable=\"false\" data-particle-mobile-disabled=\"false\" class=\"elementor-element elementor-element-1543452 e-flex e-con-boxed e-con e-parent\" data-id=\"1543452\" data-element_type=\"container\" data-e-type=\"container\">\n\t\t\t\t\t<div class=\"e-con-inner\">\n\t\t\t\t<div class=\"elementor-element elementor-element-c29cdf3 elementor-widget elementor-widget-text-editor\" data-id=\"c29cdf3\" data-element_type=\"widget\" data-e-type=\"widget\" data-widget_type=\"text-editor.default\">\n\t\t\t\t\t\t\t\t\t<ul><li>Su altura es 4,211 metros sobre el nivel del mar. Es el m\u00e1s alto de los volcanes de Guatemala.<\/li><li>Tiene dos c\u00faspides, pero se considera la cima oriente como la parte m\u00e1s alta de un antiguo cr\u00e1ter que tiene un lado destruido.\u00a0 A pesar de su dimensi\u00f3n se le considera &#8220;joven&#8221;, seg\u00fan el Diccionario Geogr\u00e1fico de Guatemala.<\/li><li>Las dos cimas est\u00e1n alineadas en direcci\u00f3n oeste-noroeste\/este-sureste. El\u00a0<span style=\"color: var( --e-global-color-text ); text-align: var(--text-align);\">pico oeste, de menor altura, no tiene cr\u00e1ter preservado, pero s\u00ed se distingue una antigua corriente de lava, ya seca.<\/span><\/li><li>La tradici\u00f3n mam atribuye al Tajumulco un punto de origen: &#8220;Hubo un juicio y el volc\u00e1n recogi\u00f3 todas las cosas para guardarlas y protegerlas. Luego durante un tiempo del volc\u00e1n comenzaron a salir una gran cantidad de zompopos, pero nadie se dio cuenta. Luego un p\u00e1jaro carpintero entraba al cerro cuando nadie se daba cuenta y extra\u00eda ma\u00edz y frijol del lugar, por lo que decidieron seguirlo y tuvieron que romper una roca grande de la cual extrajeron todas las cosas que el volc\u00e1n hab\u00eda guardado para protegerlas, entre ellas ma\u00edz, frijol, animales, agua, aire, marimbas, semillas, chile, pom, fuego, jarros, madera, entre otras cosas&#8221;.<\/li><li>Puede ser escalado, pero se necesita de un gu\u00eda capacitado y registrado, as\u00ed como ropa t\u00e9rmica y equipo adecuado.<\/li><\/ul>\t\t\t\t\t\t\t\t<\/div>\n\t\t\t\t\t<\/div>\n\t\t\t\t<\/div>\n\t\t<div data-particle_enable=\"false\" data-particle-mobile-disabled=\"false\" class=\"elementor-element elementor-element-65f2a96 e-flex e-con-boxed e-con e-parent\" data-id=\"65f2a96\" data-element_type=\"container\" data-e-type=\"container\">\n\t\t\t\t\t<div class=\"e-con-inner\">\n\t\t\t\t<div class=\"elementor-element elementor-element-476d6e6 elementor-widget elementor-widget-heading\" data-id=\"476d6e6\" data-element_type=\"widget\" data-e-type=\"widget\" data-widget_type=\"heading.default\">\n\t\t\t\t\t<h3 class=\"elementor-heading-title elementor-size-default\">Tacan\u00e1, el segundo hermano <\/h3>\t\t\t\t<\/div>\n\t\t\t\t\t<\/div>\n\t\t\t\t<\/div>\n\t\t<div data-particle_enable=\"false\" data-particle-mobile-disabled=\"false\" class=\"elementor-element elementor-element-7669cee e-flex e-con-boxed e-con e-parent\" data-id=\"7669cee\" data-element_type=\"container\" data-e-type=\"container\">\n\t\t\t\t\t<div class=\"e-con-inner\">\n\t\t\t\t<div class=\"elementor-element elementor-element-f307523 elementor-widget elementor-widget-image\" data-id=\"f307523\" data-element_type=\"widget\" data-e-type=\"widget\" data-widget_type=\"image.default\">\n\t\t\t\t\t\t\t\t\t\t\t\t<figure class=\"wp-caption\">\n\t\t\t\t\t\t\t\t\t\t<img decoding=\"async\" width=\"1024\" height=\"669\" src=\"https:\/\/soymigrante.com\/revista\/wp-content\/uploads\/2024\/07\/volcanes-de-guatemala-1-1024x669.webp\" class=\"attachment-large size-large wp-image-7504\" alt=\"Volc\u00e1n Tacan\u00e1, volcanes de Guatemala\" srcset=\"https:\/\/soymigrante.com\/revista\/wp-content\/uploads\/2024\/07\/volcanes-de-guatemala-1-1024x669.webp 1024w, https:\/\/soymigrante.com\/revista\/wp-content\/uploads\/2024\/07\/volcanes-de-guatemala-1-300x196.webp 300w, https:\/\/soymigrante.com\/revista\/wp-content\/uploads\/2024\/07\/volcanes-de-guatemala-1-768x502.webp 768w, https:\/\/soymigrante.com\/revista\/wp-content\/uploads\/2024\/07\/volcanes-de-guatemala-1-750x490.webp 750w, https:\/\/soymigrante.com\/revista\/wp-content\/uploads\/2024\/07\/volcanes-de-guatemala-1-1140x745.webp 1140w, https:\/\/soymigrante.com\/revista\/wp-content\/uploads\/2024\/07\/volcanes-de-guatemala-1.webp 1343w\" sizes=\"(max-width: 1024px) 100vw, 1024px\" title=\"Volc\u00e1n Tacan\u00e1, volcanes de Guatemala \u2013 SoyMigrante.com REVISTA\" \/>\t\t\t\t\t\t\t\t\t\t\t<figcaption class=\"widget-image-caption wp-caption-text\">Volc\u00e1n Tacan\u00e1, volcanes de Guatemala<\/figcaption>\n\t\t\t\t\t\t\t\t\t\t<\/figure>\n\t\t\t\t\t\t\t\t\t<\/div>\n\t\t\t\t\t<\/div>\n\t\t\t\t<\/div>\n\t\t<div data-particle_enable=\"false\" data-particle-mobile-disabled=\"false\" class=\"elementor-element elementor-element-51af187 e-flex e-con-boxed e-con e-parent\" data-id=\"51af187\" data-element_type=\"container\" data-e-type=\"container\">\n\t\t\t\t\t<div class=\"e-con-inner\">\n\t\t\t\t<div class=\"elementor-element elementor-element-9c54d1c elementor-widget elementor-widget-text-editor\" data-id=\"9c54d1c\" data-element_type=\"widget\" data-e-type=\"widget\" data-widget_type=\"text-editor.default\">\n\t\t\t\t\t\t\t\t\t<ul><li><span style=\"color: var( --e-global-color-text ); text-align: var(--text-align);\">Es el segundo en altura de los volcanes de Guatemala y Centro Am\u00e9rica, con 4 mil 60 metros.\u00a0\u00a0<\/span><span style=\"color: var( --e-global-color-text ); text-align: var(--text-align);\">Alguna vez fue totalmente parte de Guatemala. Actualmente, una mitad del volc\u00e1n Tacan\u00e1 est\u00e1 de lado guatemalteco y la otra mitad del lado de M\u00e9xico seg\u00fan el tratado de l\u00edmites de 1882.\u00a0<\/span><\/li><li>Durante los tiempos del imperio mam era conocido como Tacnajuy\u00fa, es decir: cerro de Tacan\u00e1. En la \u00e9poca colonial le llamaron volc\u00e1n de Soconusco y en 1628 en una escritura &#8220;el volc\u00e1n que llaman de cresta&#8221;.<\/li><li>Su c\u00faspide est\u00e1 formada por una c\u00e1psula de lava, al pie de la cual se encuentra una peque\u00f1a planicie bordeada por una cresta semicircular.\u00a0<span style=\"color: var( --e-global-color-text ); text-align: var(--text-align);\">Otras dos planicies o atrios, se encuentran en la falda sureste, respectivamente a unos 3,870 y 3,800 mts.\u00a0\u00a0<\/span><\/li><li>Tacan\u00e1 tiene el significado Casa de Fuego. Y su leyenda es que sus tronidos eran muy fuertes, fueron una llamada de atenci\u00f3n de Dios, para que los hombres fueran a buscar a su interior un regalo, que fue el ma\u00edz.<\/li><\/ul><div>\u00a0<\/div>\t\t\t\t\t\t\t\t<\/div>\n\t\t\t\t\t<\/div>\n\t\t\t\t<\/div>\n\t\t<div data-particle_enable=\"false\" data-particle-mobile-disabled=\"false\" class=\"elementor-element elementor-element-0bcb102 e-flex e-con-boxed e-con e-parent\" data-id=\"0bcb102\" data-element_type=\"container\" data-e-type=\"container\">\n\t\t\t\t\t<div class=\"e-con-inner\">\n\t\t\t\t<div class=\"elementor-element elementor-element-cdb7975 elementor-widget elementor-widget-heading\" data-id=\"cdb7975\" data-element_type=\"widget\" data-e-type=\"widget\" data-widget_type=\"heading.default\">\n\t\t\t\t\t<h3 class=\"elementor-heading-title elementor-size-default\">Acatenango, un legendario mirador<\/h3>\t\t\t\t<\/div>\n\t\t\t\t\t<\/div>\n\t\t\t\t<\/div>\n\t\t<div data-particle_enable=\"false\" data-particle-mobile-disabled=\"false\" class=\"elementor-element elementor-element-dd10ff5 e-flex e-con-boxed e-con e-parent\" data-id=\"dd10ff5\" data-element_type=\"container\" data-e-type=\"container\">\n\t\t\t\t\t<div class=\"e-con-inner\">\n\t\t\t\t<div class=\"elementor-element elementor-element-f724a8e elementor-widget elementor-widget-image\" data-id=\"f724a8e\" data-element_type=\"widget\" data-e-type=\"widget\" data-widget_type=\"image.default\">\n\t\t\t\t\t\t\t\t\t\t\t\t<figure class=\"wp-caption\">\n\t\t\t\t\t\t\t\t\t\t<img decoding=\"async\" width=\"1024\" height=\"617\" src=\"https:\/\/soymigrante.com\/revista\/wp-content\/uploads\/2024\/07\/volcan-acatenango-volcanes-de-guatemala-1024x617.webp\" class=\"attachment-large size-large wp-image-7509\" alt=\"Nube cerca de la cima del volc\u00e1n Volcan Acatenango volcanes de Guatemala. Fotos Abel Ju\u00e1rez\" srcset=\"https:\/\/soymigrante.com\/revista\/wp-content\/uploads\/2024\/07\/volcan-acatenango-volcanes-de-guatemala-1024x617.webp 1024w, https:\/\/soymigrante.com\/revista\/wp-content\/uploads\/2024\/07\/volcan-acatenango-volcanes-de-guatemala-300x181.webp 300w, https:\/\/soymigrante.com\/revista\/wp-content\/uploads\/2024\/07\/volcan-acatenango-volcanes-de-guatemala-768x463.webp 768w, https:\/\/soymigrante.com\/revista\/wp-content\/uploads\/2024\/07\/volcan-acatenango-volcanes-de-guatemala-750x452.webp 750w, https:\/\/soymigrante.com\/revista\/wp-content\/uploads\/2024\/07\/volcan-acatenango-volcanes-de-guatemala-1140x687.webp 1140w, https:\/\/soymigrante.com\/revista\/wp-content\/uploads\/2024\/07\/volcan-acatenango-volcanes-de-guatemala.webp 1481w\" sizes=\"(max-width: 1024px) 100vw, 1024px\" title=\"Volcan Acatenango volcanes de Guatemala. Fotos Abel Ju\u00e1rez \u2013 SoyMigrante.com REVISTA\" \/>\t\t\t\t\t\t\t\t\t\t\t<figcaption class=\"widget-image-caption wp-caption-text\">Paisaje espectacular de un volc\u00e1n activo Volcan Acatenango volcanes de Guatemala. Fotos Abel Ju\u00e1rez<\/figcaption>\n\t\t\t\t\t\t\t\t\t\t<\/figure>\n\t\t\t\t\t\t\t\t\t<\/div>\n\t\t\t\t\t<\/div>\n\t\t\t\t<\/div>\n\t\t<div data-particle_enable=\"false\" data-particle-mobile-disabled=\"false\" class=\"elementor-element elementor-element-a7f5b59 e-flex e-con-boxed e-con e-parent\" data-id=\"a7f5b59\" data-element_type=\"container\" data-e-type=\"container\">\n\t\t\t\t\t<div class=\"e-con-inner\">\n\t\t\t\t<div class=\"elementor-element elementor-element-c115042 elementor-widget elementor-widget-text-editor\" data-id=\"c115042\" data-element_type=\"widget\" data-e-type=\"widget\" data-widget_type=\"text-editor.default\">\n\t\t\t\t\t\t\t\t\t<ul><li><span style=\"color: var( --e-global-color-text ); text-align: var(--text-align);\">Su nombre significa &#8220;cercado de ca\u00f1as o carrizos&#8221;. Se le considera el hermano gemelo del volc\u00e1n de Fuego, con el cual se encuentra unido por un estrecho paso de tierra y arena. Es uno de los m\u00e1s escalados de Guatemala, pero su dificultad es intermedia, por lo que se necesita de un gu\u00eda y de ropa t\u00e9rmica para poder subir.\u00a0<\/span><\/li><li>Su altura es de 3,976 metros sobre el nivel del mar. De los volcanes de Guatemala es uno de los m\u00e1s escalados, sobre todo para admirar desde su cima al volc\u00e1n de Fuego.<\/li><li>Tiene una antig\u00fcedad calculada de 84 mil a\u00f1os. La forma del cr\u00e1ter del Pico Mayor ha sufrido algunos cambios debido a per\u00edodos de actividad entre 1924-1927. En 1972 fue su \u00faltima erupci\u00f3n registrada.<\/li><li>El pico sur es la cima principal, llamado tambi\u00e9n Pico Mayor o Central. El norte se conoce con los nombres de Yepocapa, Tres Hermanas, o Tres Mar\u00edas.<\/li><li>La parte inferior del volc\u00e1n hasta su m\u00e1s o menos altura media, est\u00e1 cubierta por densa vegetaci\u00f3n. Arriba de dicha zona, hasta un 80% aproximado de la altura relativa se encuentra escasa vegetaci\u00f3n.\u00a0<\/li><li>La leyenda dice que en la cima del volc\u00e1n hay una princesa que fue encantada por un hechicero, que a veces se aparece entre la niebla.\u00a0<span style=\"color: var( --e-global-color-text ); text-align: var(--text-align);\">Escalarlo requiere gu\u00eda y experiencia previa. No es conveniente para escaladores primerizos.<\/span><\/li><\/ul>\t\t\t\t\t\t\t\t<\/div>\n\t\t\t\t\t<\/div>\n\t\t\t\t<\/div>\n\t\t<div data-particle_enable=\"false\" data-particle-mobile-disabled=\"false\" class=\"elementor-element elementor-element-2a58a8b e-flex e-con-boxed e-con e-parent\" data-id=\"2a58a8b\" data-element_type=\"container\" data-e-type=\"container\">\n\t\t\t\t\t<div class=\"e-con-inner\">\n\t\t\t\t<div class=\"elementor-element elementor-element-3ba1d29 elementor-widget elementor-widget-heading\" data-id=\"3ba1d29\" data-element_type=\"widget\" data-e-type=\"widget\" data-widget_type=\"heading.default\">\n\t\t\t\t\t<h3 class=\"elementor-heading-title elementor-size-default\">Santiaguito: el m\u00e1s \"jovencito\" e inquieto<\/h3>\t\t\t\t<\/div>\n\t\t\t\t\t<\/div>\n\t\t\t\t<\/div>\n\t\t<div data-particle_enable=\"false\" data-particle-mobile-disabled=\"false\" class=\"elementor-element elementor-element-3d58b92 e-flex e-con-boxed e-con e-parent\" data-id=\"3d58b92\" data-element_type=\"container\" data-e-type=\"container\">\n\t\t\t\t\t<div class=\"e-con-inner\">\n\t\t\t\t<div class=\"elementor-element elementor-element-a30f767 elementor-widget elementor-widget-image\" data-id=\"a30f767\" data-element_type=\"widget\" data-e-type=\"widget\" data-widget_type=\"image.default\">\n\t\t\t\t\t\t\t\t\t\t\t\t<figure class=\"wp-caption\">\n\t\t\t\t\t\t\t\t\t\t<img loading=\"lazy\" decoding=\"async\" width=\"592\" height=\"887\" src=\"https:\/\/soymigrante.com\/revista\/wp-content\/uploads\/2024\/07\/volcan-santiaguito-volcanes-de-guatemala.webp\" class=\"attachment-large size-large wp-image-7505\" alt=\"Volc\u00e1n activo en erupci\u00f3n con columnas de humo y gases, vista desde el suelo con una persona observando. olc\u00e1n Santiaguito, volcanes de Guatemala\" srcset=\"https:\/\/soymigrante.com\/revista\/wp-content\/uploads\/2024\/07\/volcan-santiaguito-volcanes-de-guatemala.webp 592w, https:\/\/soymigrante.com\/revista\/wp-content\/uploads\/2024\/07\/volcan-santiaguito-volcanes-de-guatemala-200x300.webp 200w\" sizes=\"(max-width: 592px) 100vw, 592px\" title=\"Volc\u00e1n Santiaguito, volcanes de Guatemala \u2013 SoyMigrante.com REVISTA\" \/>\t\t\t\t\t\t\t\t\t\t\t<figcaption class=\"widget-image-caption wp-caption-text\">olc\u00e1n Santiaguito, volcanes de Guatemala<\/figcaption>\n\t\t\t\t\t\t\t\t\t\t<\/figure>\n\t\t\t\t\t\t\t\t\t<\/div>\n\t\t\t\t\t<\/div>\n\t\t\t\t<\/div>\n\t\t<div data-particle_enable=\"false\" data-particle-mobile-disabled=\"false\" class=\"elementor-element elementor-element-3c5654b e-flex e-con-boxed e-con e-parent\" data-id=\"3c5654b\" data-element_type=\"container\" data-e-type=\"container\">\n\t\t\t\t\t<div class=\"e-con-inner\">\n\t\t\t\t<div class=\"elementor-element elementor-element-0ce058d elementor-widget elementor-widget-text-editor\" data-id=\"0ce058d\" data-element_type=\"widget\" data-e-type=\"widget\" data-widget_type=\"text-editor.default\">\n\t\t\t\t\t\t\t\t\t<ul><li><span style=\"color: var( --e-global-color-text ); text-align: var(--text-align);\">Realmente se trata de una &#8220;chimenea&#8221; o cr\u00e1ter secundario del volc\u00e1n Santa Mar\u00eda que describiremos adelante.\u00a0 Suele mantenerse activo actualmente y no se recomienda su escalada, debido a lo impredecible de sus erupciones.\u00a0<\/span><\/li><li>Comenz\u00f3 a formarse el 29 julio 1922.\u00a0<\/li><li>Se le ha designado tambi\u00e9n como c\u00fapula de lava, que ha estado en actividad casi constante, con regular n\u00famero de fumarolas adem\u00e1s de la afluencia de lava muy viscosa, a ra\u00edz de la continua actividad iniciada a partir del 15 noviembre 1949 hasta la fecha, la que se intensific\u00f3 en febrero 1951 y finales de 1956.\u00a0<\/li><li>Su elevaci\u00f3n en 1958 era de unos 2,510 metros sobre el nivel del mar. Actualmente mide 2,550 metros sobre el nivel del mar.\u00a0<\/li><\/ul>\t\t\t\t\t\t\t\t<\/div>\n\t\t\t\t\t<\/div>\n\t\t\t\t<\/div>\n\t\t<div data-particle_enable=\"false\" data-particle-mobile-disabled=\"false\" class=\"elementor-element elementor-element-7f27b63 e-flex e-con-boxed e-con e-parent\" data-id=\"7f27b63\" data-element_type=\"container\" data-e-type=\"container\">\n\t\t\t\t\t<div class=\"e-con-inner\">\n\t\t\t\t<div class=\"elementor-element elementor-element-c417d72 elementor-widget elementor-widget-heading\" data-id=\"c417d72\" data-element_type=\"widget\" data-e-type=\"widget\" data-widget_type=\"heading.default\">\n\t\t\t\t\t<h2 class=\"elementor-heading-title elementor-size-default\">Volc\u00e1n Santa Mar\u00eda o el <i>Gagxanul<\/i><\/h2>\t\t\t\t<\/div>\n\t\t\t\t\t<\/div>\n\t\t\t\t<\/div>\n\t\t<div data-particle_enable=\"false\" data-particle-mobile-disabled=\"false\" class=\"elementor-element elementor-element-2bf61ab e-flex e-con-boxed e-con e-parent\" data-id=\"2bf61ab\" data-element_type=\"container\" data-e-type=\"container\">\n\t\t\t\t\t<div class=\"e-con-inner\">\n\t\t\t\t<div class=\"elementor-element elementor-element-9e00bc7 elementor-widget elementor-widget-image\" data-id=\"9e00bc7\" data-element_type=\"widget\" data-e-type=\"widget\" data-widget_type=\"image.default\">\n\t\t\t\t\t\t\t\t\t\t\t\t<figure class=\"wp-caption\">\n\t\t\t\t\t\t\t\t\t\t<img loading=\"lazy\" decoding=\"async\" width=\"1024\" height=\"617\" src=\"https:\/\/soymigrante.com\/revista\/wp-content\/uploads\/2024\/07\/volcan-santa-maria-volcanes-de-guatemala-1024x617.webp\" class=\"attachment-large size-large wp-image-7506\" alt=\"volcan santa maria volcanes de guatemala\" srcset=\"https:\/\/soymigrante.com\/revista\/wp-content\/uploads\/2024\/07\/volcan-santa-maria-volcanes-de-guatemala-1024x617.webp 1024w, https:\/\/soymigrante.com\/revista\/wp-content\/uploads\/2024\/07\/volcan-santa-maria-volcanes-de-guatemala-1140x687.jpg 1140w\" sizes=\"(max-width: 1024px) 100vw, 1024px\" title=\"volcan santa maria volcanes de guatemala \u2013 SoyMigrante.com REVISTA\" \/>\t\t\t\t\t\t\t\t\t\t\t<figcaption class=\"widget-image-caption wp-caption-text\">volcan santa maria volcanes de guatemala<\/figcaption>\n\t\t\t\t\t\t\t\t\t\t<\/figure>\n\t\t\t\t\t\t\t\t\t<\/div>\n\t\t\t\t\t<\/div>\n\t\t\t\t<\/div>\n\t\t<div data-particle_enable=\"false\" data-particle-mobile-disabled=\"false\" class=\"elementor-element elementor-element-a0ab935 e-flex e-con-boxed e-con e-parent\" data-id=\"a0ab935\" data-element_type=\"container\" data-e-type=\"container\">\n\t\t\t\t\t<div class=\"e-con-inner\">\n\t\t\t\t<div class=\"elementor-element elementor-element-e103011 elementor-widget elementor-widget-text-editor\" data-id=\"e103011\" data-element_type=\"widget\" data-e-type=\"widget\" data-widget_type=\"text-editor.default\">\n\t\t\t\t\t\t\t\t\t<p><span style=\"color: var( --e-global-color-text ); text-align: var(--text-align);\">Su \u00faltima y m\u00e1s destructiva erupci\u00f3n registrada fue muy violenta, el del 24 al 25 octubre de 1902. Al norte\u00a0 se extiende la altiplanicie de Quezaltenango. Hacia el sur, los dep\u00f3sitos de material volc\u00e1nico se extienden a la planicie costera. Al macizo volc\u00e1nico de mayor edad, que forma el subsuelo del Santa Mar\u00eda, pertenecen los\u00a0 picos Zunil y Santo Tom\u00e1s o Pecul &#8220;denominados indebidamente volcanes&#8221;, dice el Diccionario Geogr\u00e1fico Nacional.<\/span><\/p><p>Mide 3772 metros de altura sobre el nivel del mar.\u00a0<\/p><p>Su nombre prehisp\u00e1nico era Gagxanul, o sea monta\u00f1a o volc\u00e1n desnudo. Un relato colonial de 1689 refiere una erupci\u00f3n: &#8220;All\u00ed contemplaron el volc\u00e1n llamado<\/p><p>Gagxanul. En verdad era espantoso el fuego que sal\u00eda del interior de la monta\u00f1a. El fuego era lanzado a lo lejos. No pod\u00eda decirse la manera de penetrar al interior, porque durante un a\u00f1o estuvo ardiendo el Gagxanul y era imposible llegar hasta el fuego&#8221;.<\/p><p>Despu\u00e9s de 1902 no ha tenido actividad, pero en 1922 se origin\u00f3 en sus faldas el cr\u00e1ter del Santiaguito, ya descrito antes.<\/p>\t\t\t\t\t\t\t\t<\/div>\n\t\t\t\t\t<\/div>\n\t\t\t\t<\/div>\n\t\t<div data-particle_enable=\"false\" data-particle-mobile-disabled=\"false\" class=\"elementor-element elementor-element-4ed7ab6 e-flex e-con-boxed e-con e-parent\" data-id=\"4ed7ab6\" data-element_type=\"container\" data-e-type=\"container\">\n\t\t\t\t\t<div class=\"e-con-inner\">\n\t\t\t\t<div class=\"elementor-element elementor-element-f462a12 elementor-widget elementor-widget-heading\" data-id=\"f462a12\" data-element_type=\"widget\" data-e-type=\"widget\" data-widget_type=\"heading.default\">\n\t\t\t\t\t<h3 class=\"elementor-heading-title elementor-size-default\">El volc\u00e1n de Agua ha hecho historia, literalmente<\/h3>\t\t\t\t<\/div>\n\t\t\t\t\t<\/div>\n\t\t\t\t<\/div>\n\t\t<div data-particle_enable=\"false\" data-particle-mobile-disabled=\"false\" class=\"elementor-element elementor-element-0bde273 e-flex e-con-boxed e-con e-parent\" data-id=\"0bde273\" data-element_type=\"container\" data-e-type=\"container\">\n\t\t\t\t\t<div class=\"e-con-inner\">\n\t\t\t\t<div class=\"elementor-element elementor-element-6ea45dc elementor-widget elementor-widget-image\" data-id=\"6ea45dc\" data-element_type=\"widget\" data-e-type=\"widget\" data-widget_type=\"image.default\">\n\t\t\t\t\t\t\t\t\t\t\t\t<figure class=\"wp-caption\">\n\t\t\t\t\t\t\t\t\t\t<img loading=\"lazy\" decoding=\"async\" width=\"1024\" height=\"681\" src=\"https:\/\/soymigrante.com\/revista\/wp-content\/uploads\/2024\/07\/volcan-de-agua-volcanes-de-guatemala-1024x681.webp\" class=\"attachment-large size-large wp-image-7508\" alt=\"volcan de agua volcanes de guatemala\" srcset=\"https:\/\/soymigrante.com\/revista\/wp-content\/uploads\/2024\/07\/volcan-de-agua-volcanes-de-guatemala-1024x681.webp 1024w, https:\/\/soymigrante.com\/revista\/wp-content\/uploads\/2024\/07\/volcan-de-agua-volcanes-de-guatemala-300x200.webp 300w, https:\/\/soymigrante.com\/revista\/wp-content\/uploads\/2024\/07\/volcan-de-agua-volcanes-de-guatemala-768x511.webp 768w, https:\/\/soymigrante.com\/revista\/wp-content\/uploads\/2024\/07\/volcan-de-agua-volcanes-de-guatemala-750x499.webp 750w, https:\/\/soymigrante.com\/revista\/wp-content\/uploads\/2024\/07\/volcan-de-agua-volcanes-de-guatemala-1140x759.webp 1140w, https:\/\/soymigrante.com\/revista\/wp-content\/uploads\/2024\/07\/volcan-de-agua-volcanes-de-guatemala.webp 1345w\" sizes=\"(max-width: 1024px) 100vw, 1024px\" title=\"volcan de agua volcanes de guatemala \u2013 SoyMigrante.com REVISTA\" \/>\t\t\t\t\t\t\t\t\t\t\t<figcaption class=\"widget-image-caption wp-caption-text\">volcan de agua volcanes de guatemala<\/figcaption>\n\t\t\t\t\t\t\t\t\t\t<\/figure>\n\t\t\t\t\t\t\t\t\t<\/div>\n\t\t\t\t\t<\/div>\n\t\t\t\t<\/div>\n\t\t<div data-particle_enable=\"false\" data-particle-mobile-disabled=\"false\" class=\"elementor-element elementor-element-198ed91 e-flex e-con-boxed e-con e-parent\" data-id=\"198ed91\" data-element_type=\"container\" data-e-type=\"container\">\n\t\t\t\t\t<div class=\"e-con-inner\">\n\t\t\t\t<div class=\"elementor-element elementor-element-36b4689 elementor-widget elementor-widget-text-editor\" data-id=\"36b4689\" data-element_type=\"widget\" data-e-type=\"widget\" data-widget_type=\"text-editor.default\">\n\t\t\t\t\t\t\t\t\t<ul><li><span style=\"color: var( --e-global-color-text ); text-align: var(--text-align);\">En la Memorial de Solol\u00e1 o Anales de los Cakchiqueles, se lee que al llegar a esta regi\u00f3n &#8220;dos veces anduvieron su camino, pasando entre los volcanes que se levantan en fila, Chigag (Fuego) y el Hunahp\u00fa (Agua). All\u00ed se encontraron frente a frente con el esp\u00edritu del volc\u00e1n de Fuego&#8221;.\u00a0<\/span><\/li><li>La referencia a los dos volcanes en fila, es la m\u00e1s antigua que a la fecha se sepa. Sin embargo, el dato m\u00e1s notorio del volc\u00e1n de Agua sigue siendo a ra\u00edz de la destrucci\u00f3n de la segunda capital, Santiago, en la noche del 10 al 11 de septiembre de 1541, por una avalancha de lodo, troncos y piedras que arras\u00f3 con todo.\u00a0<\/li><li>El Comisario franciscano fray Alonso Ponce en 1586 oficializ\u00f3 que la correntada del volc\u00e1n fue a dar al r\u00edo Guacalate en el valle de Alotenango: &#8220;A este r\u00edo vino a dar el agua de la laguna del volc\u00e1n que revent\u00f3 y por\u00a0<span style=\"color: var( --e-global-color-text ); text-align: var(--text-align);\">all\u00ed fue a parar al Mar del Sur&#8221;.\u00a0<\/span><\/li><li>En el siglo XIX, el historiador Domingo Juarros escribi\u00f3: &#8220;En esta provincia (Sacatep\u00e9quez) est\u00e1n los famosos volcanes de Guatemala: el que llaman volc\u00e1n de Agua es el monte m\u00e1s empinado de todo el reino y hay pocos en el mundo que le hagan ventaja. Tiene la figura de un cono, vestido hasta la cumbre de \u00e1rboles siempre verdes, que presenta un espect\u00e1culo muy agradable a la vista. Tiene al norte la Antigua Guatemala, al este el volc\u00e1n de Pacaya y al oriente el que apellidan de Fuego<\/li><li>Se cree que la inundaci\u00f3n de 1541 se debi\u00f3 a que el agua estaba estancada en las laderas, habi\u00e9ndose roto un dique natural debido a fuertes sismos originados en el volc\u00e1n de Fuego, indica el Diccionario Geogr\u00e1fico de Guatemala.<\/li><li>En su derredor hay varios poblados como Santa Mar\u00eda de Jes\u00fas, San Juan del Obispo y Ciudad Vieja, Sacatep\u00e9quez que algunos consideran la capital destruida, pero de esta no qued\u00f3 nada. Del lado Oriente, est\u00e1 Pal\u00edn.<\/li><li>Es un volc\u00e1n de dificultad intermedia para la escalada, no recomendado para principiantes. Altura: 3 mil 760 metros sobre el nivel del mar<\/li><\/ul>\t\t\t\t\t\t\t\t<\/div>\n\t\t\t\t\t<\/div>\n\t\t\t\t<\/div>\n\t\t<div data-particle_enable=\"false\" data-particle-mobile-disabled=\"false\" class=\"elementor-element elementor-element-dd285a2 e-flex e-con-boxed e-con e-parent\" data-id=\"dd285a2\" data-element_type=\"container\" data-e-type=\"container\">\n\t\t\t\t\t<div class=\"e-con-inner\">\n\t\t\t\t<div class=\"elementor-element elementor-element-ffa3830 elementor-widget elementor-widget-heading\" data-id=\"ffa3830\" data-element_type=\"widget\" data-e-type=\"widget\" data-widget_type=\"heading.default\">\n\t\t\t\t\t<h3 class=\"elementor-heading-title elementor-size-default\">El explosivo (y tr\u00e1gico) volc\u00e1n de Fuego<\/h3>\t\t\t\t<\/div>\n\t\t\t\t\t<\/div>\n\t\t\t\t<\/div>\n\t\t<div data-particle_enable=\"false\" data-particle-mobile-disabled=\"false\" class=\"elementor-element elementor-element-5fafb84 e-flex e-con-boxed e-con e-parent\" data-id=\"5fafb84\" data-element_type=\"container\" data-e-type=\"container\">\n\t\t\t\t\t<div class=\"e-con-inner\">\n\t\t\t\t<div class=\"elementor-element elementor-element-6e877d9 elementor-widget elementor-widget-image\" data-id=\"6e877d9\" data-element_type=\"widget\" data-e-type=\"widget\" data-widget_type=\"image.default\">\n\t\t\t\t\t\t\t\t\t\t\t\t<figure class=\"wp-caption\">\n\t\t\t\t\t\t\t\t\t\t<img loading=\"lazy\" decoding=\"async\" width=\"1024\" height=\"678\" src=\"https:\/\/soymigrante.com\/revista\/wp-content\/uploads\/2024\/07\/volcan-de-fuego-volcanes-de-guatemala-1-1024x678.webp\" class=\"attachment-large size-large wp-image-7510\" alt=\"volcan de fuego volcanes de guatemala - 7 volcanes de guatemala\" srcset=\"https:\/\/soymigrante.com\/revista\/wp-content\/uploads\/2024\/07\/volcan-de-fuego-volcanes-de-guatemala-1-1024x678.webp 1024w, https:\/\/soymigrante.com\/revista\/wp-content\/uploads\/2024\/07\/volcan-de-fuego-volcanes-de-guatemala-1-300x199.webp 300w, https:\/\/soymigrante.com\/revista\/wp-content\/uploads\/2024\/07\/volcan-de-fuego-volcanes-de-guatemala-1-768x508.webp 768w, https:\/\/soymigrante.com\/revista\/wp-content\/uploads\/2024\/07\/volcan-de-fuego-volcanes-de-guatemala-1-750x496.jpg 750w, https:\/\/soymigrante.com\/revista\/wp-content\/uploads\/2024\/07\/volcan-de-fuego-volcanes-de-guatemala-1-1140x755.jpg 1140w, https:\/\/soymigrante.com\/revista\/wp-content\/uploads\/2024\/07\/volcan-de-fuego-volcanes-de-guatemala-1.webp 1355w\" sizes=\"(max-width: 1024px) 100vw, 1024px\" title=\"volcan de fuego volcanes de guatemala - 7 volcanes de guatemala \u2013 SoyMigrante.com REVISTA\" \/>\t\t\t\t\t\t\t\t\t\t\t<figcaption class=\"widget-image-caption wp-caption-text\">volcan de fuego volcanes de guatemala - 7 volcanes de guatemala<\/figcaption>\n\t\t\t\t\t\t\t\t\t\t<\/figure>\n\t\t\t\t\t\t\t\t\t<\/div>\n\t\t\t\t\t<\/div>\n\t\t\t\t<\/div>\n\t\t<div data-particle_enable=\"false\" data-particle-mobile-disabled=\"false\" class=\"elementor-element elementor-element-6462a09 e-flex e-con-boxed e-con e-parent\" data-id=\"6462a09\" data-element_type=\"container\" data-e-type=\"container\">\n\t\t\t\t\t<div class=\"e-con-inner\">\n\t\t\t\t<div class=\"elementor-element elementor-element-81d3be4 elementor-widget elementor-widget-text-editor\" data-id=\"81d3be4\" data-element_type=\"widget\" data-e-type=\"widget\" data-widget_type=\"text-editor.default\">\n\t\t\t\t\t\t\t\t\t<p><span style=\"color: var( --e-global-color-text ); text-align: var(--text-align);\">Es sin duda alguna el volc\u00e1n m\u00e1s activo desde hace 500 a\u00f1os, con per\u00edodos intermitentes de fuertes erupciones. El 3 de junio de 2018, un alud de este volc\u00e1n caus\u00f3 la tragedia que arras\u00f3 con la aldea San Miguel Los Lotes, que dej\u00f3 decenas de fallecidos y desaparecidos.<\/span><\/p><p>A\u00fan as\u00ed sigue siendo un aut\u00e9ntico \u00edcono de Guatemala. El propio conquistador Pedro de Alvarado pudo verlo en erupci\u00f3n en el a\u00f1o de 1524, seg\u00fan el mismo lo report\u00f3 en ep\u00edstolas. Su nombre ind\u00edgena es Chi&#8217;gag, que se traducir\u00eda del idioma cachiquel al espa\u00f1ol como \u00abdonde est\u00e1 el fuego\u00bb. Sus erupciones m\u00e1s fuertes han sido en 1581, 1586, 1623, 1705, 1710, 1717, 1732, 1731, 1965, y en 2018.<\/p><p><span style=\"color: var( --e-global-color-text ); text-align: var(--text-align);\">El volc\u00e1n tiene una altura de 3763 metros sobre el nivel\u00a0 del mar\u00a0\u00a0<\/span><span style=\"color: var( --e-global-color-text ); text-align: var(--text-align);\">Tiene la forma de un cono que se alarga considerablemente hacia el sur.<\/span><\/p>\t\t\t\t\t\t\t\t<\/div>\n\t\t\t\t\t<\/div>\n\t\t\t\t<\/div>\n\t\t<div data-particle_enable=\"false\" data-particle-mobile-disabled=\"false\" class=\"elementor-element elementor-element-0f73a4a e-flex e-con-boxed e-con e-parent\" data-id=\"0f73a4a\" data-element_type=\"container\" data-e-type=\"container\">\n\t\t\t\t\t<div class=\"e-con-inner\">\n\t\t\t\t<div class=\"elementor-element elementor-element-4ffbfee elementor-widget elementor-widget-heading\" data-id=\"4ffbfee\" data-element_type=\"widget\" data-e-type=\"widget\" data-widget_type=\"heading.default\">\n\t\t\t\t\t<h2 class=\"elementor-heading-title elementor-size-default\">Guatemala tiene un volc\u00e1n de encantos<\/h2>\t\t\t\t<\/div>\n\t\t\t\t\t<\/div>\n\t\t\t\t<\/div>\n\t\t<div data-particle_enable=\"false\" data-particle-mobile-disabled=\"false\" class=\"elementor-element elementor-element-751c8b8 e-flex e-con-boxed e-con e-parent\" data-id=\"751c8b8\" data-element_type=\"container\" data-e-type=\"container\">\n\t\t\t\t\t<div class=\"e-con-inner\">\n\t\t\t\t<div class=\"elementor-element elementor-element-f2c5b14 elementor-widget elementor-widget-blfe-post-grid\" data-id=\"f2c5b14\" data-element_type=\"widget\" data-e-type=\"widget\" data-settings=\"{&quot;columns&quot;:&quot;3&quot;,&quot;columns_tablet&quot;:&quot;6&quot;,&quot;columns_mobile&quot;:&quot;12&quot;,&quot;hero1_layout_column_gap&quot;:{&quot;unit&quot;:&quot;px&quot;,&quot;size&quot;:30,&quot;sizes&quot;:[]},&quot;hero1_layout_column_gap_tablet&quot;:{&quot;unit&quot;:&quot;px&quot;,&quot;size&quot;:&quot;&quot;,&quot;sizes&quot;:[]},&quot;hero1_layout_column_gap_mobile&quot;:{&quot;unit&quot;:&quot;px&quot;,&quot;size&quot;:&quot;&quot;,&quot;sizes&quot;:[]},&quot;hero1_layout_row_gap&quot;:{&quot;unit&quot;:&quot;px&quot;,&quot;size&quot;:30,&quot;sizes&quot;:[]},&quot;hero1_layout_row_gap_tablet&quot;:{&quot;unit&quot;:&quot;px&quot;,&quot;size&quot;:&quot;&quot;,&quot;sizes&quot;:[]},&quot;hero1_layout_row_gap_mobile&quot;:{&quot;unit&quot;:&quot;px&quot;,&quot;size&quot;:&quot;&quot;,&quot;sizes&quot;:[]}}\" data-widget_type=\"blfe-post-grid.hero1\">\n\t\t\t\t<div class=\"elementor-widget-container\">\n\t\t\t\t\t\n                        <div class=\"blfe-post-grid-container \">\n            \n                <div data-skin=\"hero1\" class=\"blfe-row blfe-posts-inner blfe-hero1 blfe-posts-inner blfe-col-3 blfe-col-tab-6 blfe-col-mob-12     \">\n                            <div class=\"blfe-post-grid-item\">\n            <div class=\"blfe-post-grid-item-inner blfe-modern-zoom\">\n                        <div class=\"blfe-post-grid-bg-image\">\n            <a class=\"blfe-post-grid-image-inner\" href=\"https:\/\/soymigrante.com\/revista\/san-juan-comalapa-la-cuna-del-arte-popular-en-guatemala\/\" title=\"San Juan Comalapa, la cuna del arte popular en Guatemala\" rel=\"nofollow\" target=\"_blank\"><img decoding=\"async\" src=\"https:\/\/soymigrante.com\/revista\/wp-content\/uploads\/2025\/09\/San-Juan-Comalapa-5-e1757615970442.jpg\" alt=\"San Juan Comalapa, la cuna del arte popular en Guatemala\"\/><\/a>        <\/div>\n                        <div class=\"blfe-post-grid-details\">\n                    <div class=\"blfe-post-grid-details-inner\">\n                        <span class=\"blfe-post-category\"><a href=\"https:\/\/soymigrante.com\/revista\/category\/guate-nuestra\/\">Guate Nuestra<\/a><\/span>                        <h3 class=\"blfe-post-grid-title\">\n            <a href=\"https:\/\/soymigrante.com\/revista\/san-juan-comalapa-la-cuna-del-arte-popular-en-guatemala\/\" title=\"San Juan Comalapa, la cuna del arte popular en Guatemala\" rel=\"nofollow\" target=\"_blank\">San Juan Comalapa, la cuna del arte popular en Guatemala<\/a>\n            <\/h3>                                                            <div class=\"blfe-post-grid-meta\">\n                <span class=\"blfe-post-grid-time\"><i class=\"fas fa-book-reader\"><\/i>4 Min read<\/span>            <\/div>\n                                                        <\/div>\n                <\/div>\n\n            <\/div>\n        <\/div>\n                <div class=\"blfe-post-grid-item\">\n            <div class=\"blfe-post-grid-item-inner blfe-modern-zoom\">\n                        <div class=\"blfe-post-grid-bg-image\">\n            <a class=\"blfe-post-grid-image-inner\" href=\"https:\/\/soymigrante.com\/revista\/tarifas-de-ingreso-a-centros-turisticos-de-guatemala\/\" title=\"Tarifas de ingreso a centros tur\u00edsticos de Guatemala\" rel=\"nofollow\" target=\"_blank\"><img decoding=\"async\" src=\"https:\/\/soymigrante.com\/revista\/wp-content\/uploads\/2025\/02\/Boda-tikal--e1740608132635.webp\" alt=\"Tarifas de ingreso a centros tur\u00edsticos de Guatemala\"\/><\/a>        <\/div>\n                        <div class=\"blfe-post-grid-details\">\n                    <div class=\"blfe-post-grid-details-inner\">\n                        <span class=\"blfe-post-category\"><a href=\"https:\/\/soymigrante.com\/revista\/category\/guate-nuestra\/\">Guate Nuestra<\/a><\/span>                        <h3 class=\"blfe-post-grid-title\">\n            <a href=\"https:\/\/soymigrante.com\/revista\/tarifas-de-ingreso-a-centros-turisticos-de-guatemala\/\" title=\"Tarifas de ingreso a centros tur\u00edsticos de Guatemala\" rel=\"nofollow\" target=\"_blank\">Tarifas de ingreso a centros tur\u00edsticos de Guatemala<\/a>\n            <\/h3>                                                            <div class=\"blfe-post-grid-meta\">\n                <span class=\"blfe-post-grid-time\"><i class=\"fas fa-book-reader\"><\/i>5 Min read<\/span>            <\/div>\n                                                        <\/div>\n                <\/div>\n\n            <\/div>\n        <\/div>\n                <div class=\"blfe-post-grid-item\">\n            <div class=\"blfe-post-grid-item-inner blfe-modern-zoom\">\n                        <div class=\"blfe-post-grid-bg-image\">\n            <a class=\"blfe-post-grid-image-inner\" href=\"https:\/\/soymigrante.com\/revista\/los-anacates-su-sabor-de-bosque-los-hace-un-super-ingrediente-guatemalteco\/\" title=\"Los anacates: su sabor de bosque los hace un s\u00faper ingrediente guatemalteco\" rel=\"nofollow\" target=\"_blank\"><img decoding=\"async\" src=\"https:\/\/soymigrante.com\/revista\/wp-content\/uploads\/2024\/12\/Anacates--e1733780637772.webp\" alt=\"Los anacates: su sabor de bosque los hace un s\u00faper ingrediente guatemalteco\"\/><\/a>        <\/div>\n                        <div class=\"blfe-post-grid-details\">\n                    <div class=\"blfe-post-grid-details-inner\">\n                        <span class=\"blfe-post-category\"><a href=\"https:\/\/soymigrante.com\/revista\/category\/guate-nuestra\/\">Guate Nuestra<\/a><\/span>                        <h3 class=\"blfe-post-grid-title\">\n            <a href=\"https:\/\/soymigrante.com\/revista\/los-anacates-su-sabor-de-bosque-los-hace-un-super-ingrediente-guatemalteco\/\" title=\"Los anacates: su sabor de bosque los hace un s\u00faper ingrediente guatemalteco\" rel=\"nofollow\" target=\"_blank\">Los anacates: su sabor de bosque los hace un s\u00faper ingrediente guatemalteco<\/a>\n            <\/h3>                                                            <div class=\"blfe-post-grid-meta\">\n                <span class=\"blfe-post-grid-time\"><i class=\"fas fa-book-reader\"><\/i>4 Min read<\/span>            <\/div>\n                                                        <\/div>\n                <\/div>\n\n            <\/div>\n        <\/div>\n                        <\/div>\n\n                        <\/div>\n            \n                        <div class=\"blfe-post-footer\">\n                        <\/div>\n            \t\t\t\t<\/div>\n\t\t\t\t<\/div>\n\t\t\t\t\t<\/div>\n\t\t\t\t<\/div>\n\t\t\t\t<\/div>\n\t\t","protected":false},"excerpt":{"rendered":"<p>Los volcanes de Guatemala son oficialmente 33. Pero se considera que existen unas 288 estructuras volc\u00e1nicas y conos apagados, muchos de los cuales marcan el horizonte y el paisaje del pa\u00eds. Estos son 7 de los m\u00e1s famosos Todo el territorio de Guatemala y Centro Am\u00e9rica se form\u00f3 a partir de material expulsado por la [&hellip;]<\/p>\n","protected":false},"author":7,"featured_media":7502,"comment_status":"open","ping_status":"open","sticky":false,"template":"","format":"standard","meta":{"_acf_changed":false,"_eb_attr":"","footnotes":""},"categories":[58],"tags":[245],"class_list":["post-7501","post","type-post","status-publish","format-standard","has-post-thumbnail","hentry","category-guate-nuestra","tag-volcanes-de-guatemala"],"acf":[],"aioseo_notices":[],"aioseo_head":"\n\t\t<!-- All in One SEO Pro 4.9.6.2 - aioseo.com -->\n\t<meta name=\"description\" content=\"Los anacates son un hongo silvestre de sabor, que se puede degustar con ensaladas, pastas y todo lo que la cocina permita.\" \/>\n\t<meta name=\"robots\" content=\"max-snippet:-1, max-image-preview:large, max-video-preview:-1\" \/>\n\t<meta name=\"author\" content=\"Marysabel Aldana\"\/>\n\t<link rel=\"canonical\" href=\"https:\/\/soymigrante.com\/revista\/los-anacates-su-sabor-de-bosque-los-hace-un-super-ingrediente-guatemalteco\/\" \/>\n\t<meta name=\"generator\" content=\"All in One SEO Pro (AIOSEO) 4.9.6.2\" \/>\n\n\t\t<link rel=\"preconnect\" href=\"https:\/\/fonts.googleapis.com\" crossorigin>\n<link rel=\"preconnect\" href=\"https:\/\/fonts.gstatic.com\" crossorigin>\n\t\t<meta property=\"og:locale\" content=\"es_ES\" \/>\n\t\t<meta property=\"og:site_name\" content=\"SoyMigrante.com REVISTA \u2013 Nuestra misi\u00f3n es reconocer y dignificar al migrante.\" \/>\n\t\t<meta property=\"og:type\" content=\"article\" \/>\n\t\t<meta property=\"og:title\" content=\"Los anacates: su sabor de bosque los hace un s\u00faper ingrediente guatemalteco\" \/>\n\t\t<meta property=\"og:description\" content=\"Los anacates son un hongo silvestre de sabor, que se puede degustar con ensaladas, pastas y todo lo que la cocina permita.\" \/>\n\t\t<meta property=\"og:url\" content=\"https:\/\/soymigrante.com\/revista\/los-anacates-su-sabor-de-bosque-los-hace-un-super-ingrediente-guatemalteco\/\" \/>\n\t\t<meta property=\"og:image\" content=\"https:\/\/soymigrante.com\/revista\/wp-content\/uploads\/2024\/12\/Anacates--e1733780637772.webp\" \/>\n\t\t<meta property=\"og:image:secure_url\" content=\"https:\/\/soymigrante.com\/revista\/wp-content\/uploads\/2024\/12\/Anacates--e1733780637772.webp\" \/>\n\t\t<meta property=\"og:image:width\" content=\"720\" \/>\n\t\t<meta property=\"og:image:height\" content=\"720\" \/>\n\t\t<meta property=\"article:published_time\" content=\"2024-12-13T18:53:48+00:00\" \/>\n\t\t<meta property=\"article:modified_time\" content=\"2024-12-13T18:56:05+00:00\" \/>\n\t\t<meta property=\"article:publisher\" content=\"https:\/\/www.facebook.com\/soymigrantecom\" \/>\n\t\t<meta name=\"twitter:card\" content=\"summary_large_image\" \/>\n\t\t<meta name=\"twitter:site\" content=\"@SoyMigrante_com\" \/>\n\t\t<meta name=\"twitter:title\" content=\"Los anacates: su sabor de bosque los hace un s\u00faper ingrediente guatemalteco\" \/>\n\t\t<meta name=\"twitter:description\" content=\"Los anacates son un hongo silvestre de sabor, que se puede degustar con ensaladas, pastas y todo lo que la cocina permita.\" \/>\n\t\t<meta name=\"twitter:creator\" content=\"@SoyMigrante_com\" \/>\n\t\t<meta name=\"twitter:image\" content=\"https:\/\/soymigrante.com\/revista\/wp-content\/uploads\/2024\/12\/Anacates--e1733780637772.webp\" \/>\n\t\t<!-- All in One SEO Pro -->\r\n\t\t<title>Los anacates: su sabor de bosque los hace un s\u00faper ingrediente guatemalteco<\/title>\n\n","aioseo_head_json":{"title":"Los anacates: su sabor de bosque los hace un s\u00faper ingrediente guatemalteco","description":"Los anacates son un hongo silvestre de sabor, que se puede degustar con ensaladas, pastas y todo lo que la cocina permita.","canonical_url":"https:\/\/soymigrante.com\/revista\/los-anacates-su-sabor-de-bosque-los-hace-un-super-ingrediente-guatemalteco\/","robots":"max-snippet:-1, max-image-preview:large, max-video-preview:-1","keywords":"","webmasterTools":{"miscellaneous":"&lt;link rel=\"preconnect\" href=\"https:\/\/fonts.googleapis.com\" crossorigin&gt;\n&lt;link rel=\"preconnect\" href=\"https:\/\/fonts.gstatic.com\" crossorigin&gt;"},"schema":null,"og:locale":"es_ES","og:site_name":"SoyMigrante.com REVISTA \u2013 Nuestra misi\u00f3n es reconocer y dignificar al migrante.","og:type":"article","og:title":"Los anacates: su sabor de bosque los hace un s\u00faper ingrediente guatemalteco","og:description":"Los anacates son un hongo silvestre de sabor, que se puede degustar con ensaladas, pastas y todo lo que la cocina permita.","og:url":"https:\/\/soymigrante.com\/revista\/los-anacates-su-sabor-de-bosque-los-hace-un-super-ingrediente-guatemalteco\/","og:image":"https:\/\/soymigrante.com\/revista\/wp-content\/uploads\/2024\/12\/Anacates--e1733780637772.webp","og:image:secure_url":"https:\/\/soymigrante.com\/revista\/wp-content\/uploads\/2024\/12\/Anacates--e1733780637772.webp","og:image:width":720,"og:image:height":720,"article:published_time":"2024-12-13T18:53:48+00:00","article:modified_time":"2024-12-13T18:56:05+00:00","article:publisher":"https:\/\/www.facebook.com\/soymigrantecom","twitter:card":"summary_large_image","twitter:site":"@SoyMigrante_com","twitter:title":"Los anacates: su sabor de bosque los hace un s\u00faper ingrediente guatemalteco","twitter:description":"Los anacates son un hongo silvestre de sabor, que se puede degustar con ensaladas, pastas y todo lo que la cocina permita.","twitter:creator":"@SoyMigrante_com","twitter:image":"https:\/\/soymigrante.com\/revista\/wp-content\/uploads\/2024\/12\/Anacates--e1733780637772.webp"},"aioseo_meta_data":{"post_id":"7501","title":"7 Volcanes de Guatemala: datos y leyendas que quiz\u00e1 no sab\u00edas","description":"El paisaje volc\u00e1nico de Guatemala es \u00fanico en el mundo. Cada volc\u00e1n tiene su propia \"personalidad\", historia y detalles. Con incre\u00edbles fotos de Abel Ju\u00e1rez.","keywords":null,"keyphrases":{"focus":{"keyphrase":"Volcanes de Guatemala","score":74,"analysis":{"keyphraseInTitle":{"score":9,"maxScore":9,"error":0},"keyphraseInDescription":{"score":3,"maxScore":9,"error":1},"keyphraseLength":{"score":9,"maxScore":9,"error":0,"length":3},"keyphraseInURL":{"score":5,"maxScore":5,"error":0},"keyphraseInIntroduction":{"score":3,"maxScore":9,"error":1},"keyphraseInSubHeadings":{"score":3,"maxScore":9,"error":1},"keyphraseInImageAlt":{"score":9,"maxScore":9,"error":0},"keywordDensity":{"type":"best","score":9,"maxScore":9,"error":0}}},"additional":[{"keyphrase":"Volc\u00e1n de Guatemala","score":53,"analysis":{"keyphraseInDescription":{"score":3,"maxScore":9,"error":1},"keyphraseLength":{"score":9,"maxScore":9,"error":0,"length":4},"keyphraseInIntroduction":{"score":3,"maxScore":9,"error":1},"keyphraseInImageAlt":{"score":9,"maxScore":9,"error":0},"keywordDensity":{"score":0,"type":"low","maxScore":9,"error":1}}}]},"primary_term":null,"canonical_url":null,"og_title":null,"og_description":null,"og_object_type":"default","og_image_type":"default","og_image_url":null,"og_image_width":null,"og_image_height":null,"og_image_custom_url":null,"og_image_custom_fields":null,"og_video":"","og_custom_url":null,"og_article_section":null,"og_article_tags":null,"twitter_use_og":false,"twitter_card":"default","twitter_image_type":"default","twitter_image_url":null,"twitter_image_custom_url":null,"twitter_image_custom_fields":null,"twitter_title":null,"twitter_description":null,"schema":{"blockGraphs":[],"customGraphs":[],"default":{"data":{"Article":[],"Course":[],"Dataset":[],"FAQPage":[],"Movie":[],"Person":[],"Product":[],"ProductReview":[],"Car":[],"Recipe":[],"Service":[],"SoftwareApplication":[],"WebPage":[]},"graphName":"none","isEnabled":true},"graphs":[]},"schema_type":"default","schema_type_options":null,"pillar_content":false,"robots_default":true,"robots_noindex":false,"robots_noarchive":false,"robots_nosnippet":false,"robots_nofollow":false,"robots_noimageindex":false,"robots_noodp":false,"robots_notranslate":false,"robots_max_snippet":"-1","robots_max_videopreview":"-1","robots_max_imagepreview":"large","priority":null,"frequency":"default","local_seo":null,"seo_analyzer_scan_date":"2025-10-08 22:19:15","breadcrumb_settings":null,"limit_modified_date":false,"reviewed_by":"0","open_ai":"{\"title\":{\"suggestions\":[],\"usage\":0},\"description\":{\"suggestions\":[],\"usage\":0}}","ai":{"faqs":[],"keyPoints":[],"titles":[],"descriptions":[],"socialPosts":{"email":[],"linkedin":[],"twitter":[],"facebook":[],"instagram":[]}},"created":"2024-07-17 18:13:09","updated":"2026-02-04 12:27:33"},"aioseo_breadcrumb":"<div class=\"aioseo-breadcrumbs\"><span class=\"aioseo-breadcrumb\">\n\t<a href=\"https:\/\/soymigrante.com\/revista\" title=\"Home\">Home<\/a>\n<\/span><span class=\"aioseo-breadcrumb-separator\">\u00bb<\/span><span class=\"aioseo-breadcrumb\">\n\t<a href=\"https:\/\/soymigrante.com\/revista\/category\/guate-nuestra\/\" title=\"Guate Nuestra\">Guate Nuestra<\/a>\n<\/span><span class=\"aioseo-breadcrumb-separator\">\u00bb<\/span><span class=\"aioseo-breadcrumb\">\n\t7 volcanes de Guatemala: datos y leyenda que quiz\u00e1 ya sab\u00edas\u2026 o tal vez no\n<\/span><\/div>","aioseo_breadcrumb_json":[{"label":"Home","link":"https:\/\/soymigrante.com\/revista"},{"label":"Guate Nuestra","link":"https:\/\/soymigrante.com\/revista\/category\/guate-nuestra\/"},{"label":"7 volcanes de Guatemala: datos y leyenda que quiz\u00e1 ya sab\u00edas&#8230; o tal vez no","link":"https:\/\/soymigrante.com\/revista\/7-volcanes-de-guatemala-datos-y-leyenda-que-quiza-ya-sabias-o-tal-vez-no\/"}],"_links":{"self":[{"href":"https:\/\/soymigrante.com\/revista\/wp-json\/wp\/v2\/posts\/7501","targetHints":{"allow":["GET"]}}],"collection":[{"href":"https:\/\/soymigrante.com\/revista\/wp-json\/wp\/v2\/posts"}],"about":[{"href":"https:\/\/soymigrante.com\/revista\/wp-json\/wp\/v2\/types\/post"}],"author":[{"embeddable":true,"href":"https:\/\/soymigrante.com\/revista\/wp-json\/wp\/v2\/users\/7"}],"replies":[{"embeddable":true,"href":"https:\/\/soymigrante.com\/revista\/wp-json\/wp\/v2\/comments?post=7501"}],"version-history":[{"count":8,"href":"https:\/\/soymigrante.com\/revista\/wp-json\/wp\/v2\/posts\/7501\/revisions"}],"predecessor-version":[{"id":44866,"href":"https:\/\/soymigrante.com\/revista\/wp-json\/wp\/v2\/posts\/7501\/revisions\/44866"}],"wp:featuredmedia":[{"embeddable":true,"href":"https:\/\/soymigrante.com\/revista\/wp-json\/wp\/v2\/media\/7502"}],"wp:attachment":[{"href":"https:\/\/soymigrante.com\/revista\/wp-json\/wp\/v2\/media?parent=7501"}],"wp:term":[{"taxonomy":"category","embeddable":true,"href":"https:\/\/soymigrante.com\/revista\/wp-json\/wp\/v2\/categories?post=7501"},{"taxonomy":"post_tag","embeddable":true,"href":"https:\/\/soymigrante.com\/revista\/wp-json\/wp\/v2\/tags?post=7501"}],"curies":[{"name":"wp","href":"https:\/\/api.w.org\/{rel}","templated":true}]}}