{"id":7490,"date":"2024-07-18T11:15:29","date_gmt":"2024-07-18T17:15:29","guid":{"rendered":"https:\/\/soymigrante.com\/revista\/?p=7490"},"modified":"2024-07-26T17:31:15","modified_gmt":"2024-07-26T23:31:15","slug":"estrella-recinos-retrata-sonrisas-amor-e-historias-en-connecticut","status":"publish","type":"post","link":"https:\/\/soymigrante.com\/revista\/estrella-recinos-retrata-sonrisas-amor-e-historias-en-connecticut\/","title":{"rendered":"Estrella Recinos retrata sonrisas, amor e historias en Connecticut"},"content":{"rendered":"\t\t<div data-elementor-type=\"wp-post\" data-elementor-id=\"7490\" class=\"elementor elementor-7490\" data-elementor-post-type=\"post\">\n\t\t\t\t<div data-particle_enable=\"false\" data-particle-mobile-disabled=\"false\" class=\"elementor-element elementor-element-1295d16 e-flex e-con-boxed e-con e-parent\" data-id=\"1295d16\" data-element_type=\"container\" data-e-type=\"container\">\n\t\t\t\t\t<div class=\"e-con-inner\">\n\t\t\t\t<div class=\"elementor-element elementor-element-d5dc41b elementor-widget elementor-widget-heading\" data-id=\"d5dc41b\" data-element_type=\"widget\" data-e-type=\"widget\" data-widget_type=\"heading.default\">\n\t\t\t\t\t<h2 class=\"elementor-heading-title elementor-size-default\">Estrella Recinos es una mujer que se ha caracterizado en su vida, por amar las tierras guatemaltecas, aunque no naci\u00f3 en el pa\u00eds de la eterna primavera, sus padres s\u00ed y eso la ha motivado a resguardar la cultura chapina. \n<\/h2>\t\t\t\t<\/div>\n\t\t\t\t\t<\/div>\n\t\t\t\t<\/div>\n\t\t<div data-particle_enable=\"false\" data-particle-mobile-disabled=\"false\" class=\"elementor-element elementor-element-543393d e-flex e-con-boxed e-con e-parent\" data-id=\"543393d\" data-element_type=\"container\" data-e-type=\"container\">\n\t\t\t\t\t<div class=\"e-con-inner\">\n\t\t\t\t<div class=\"elementor-element elementor-element-170b15a elementor-widget elementor-widget-text-editor\" data-id=\"170b15a\" data-element_type=\"widget\" data-e-type=\"widget\" data-widget_type=\"text-editor.default\">\n\t\t\t\t\t\t\t\t\t<p>Estrella Recinos es hija de migrantes guatemaltecos, originarios de Jutiapa. Desde ni\u00f1a se ha caracterizado por perseguir sus sue\u00f1os, ser una luchadora y por poner el nombre de su familia en alto. Vive en Conecticut, Estados Unidos, a donde sus padres llegaron en 1992 en busca de un mejor futuro.<\/p><p>Se desempe\u00f1a en el trabajo de fotograf\u00eda de personas y eventos, en donde ha registrado muchos instantes inolvidables, de alegr\u00eda, amor, familia, festejos. &#8220;Uno dfe los momentos m\u00e1s felices fue cuando tuve la oportunidad de ir a Guatemala a tomar fotos en los 15 a\u00f1os de la hija de mi prima. Fue muy emocionante, porque ten\u00edan muy buenas opciones, buenos fot\u00f3grafos gutemaltecos, pero confiaron en mi para trabajarles ese d\u00eda especial. Es algo que recordare siempre, al igual que ellas&#8221;, comparte Estrella.<\/p><p>\u00a0<\/p><p>A lo largo de su vida ha buscado la manera de estar cerca de Guatemala y valora la cultura, tradici\u00f3n\u00a0 y la gastronom\u00eda.\u00a0\u00a0<span style=\"color: var( --e-global-color-text ); text-align: var(--text-align);\">En su casa no se come otra comida que no sea la guatemalteca, porque sus padres le inculcaron las tradiciones, costumbres y hasta la gastronom\u00eda chapina, Estrella ha tratado de visitar el pa\u00eds de sus padres por lo menos una vez al a\u00f1o, pero ahora por los m\u00faltiples compromisos de trabajo se le ha dificultado.\u00a0<\/span><\/p><p>\u00a0<\/p>\t\t\t\t\t\t\t\t<\/div>\n\t\t\t\t\t<\/div>\n\t\t\t\t<\/div>\n\t\t<div data-particle_enable=\"false\" data-particle-mobile-disabled=\"false\" class=\"elementor-element elementor-element-439f038 e-flex e-con-boxed e-con e-parent\" data-id=\"439f038\" data-element_type=\"container\" data-e-type=\"container\">\n\t\t\t\t\t<div class=\"e-con-inner\">\n\t\t\t\t<div class=\"elementor-element elementor-element-8bbf525 elementor-widget elementor-widget-gallery\" data-id=\"8bbf525\" data-element_type=\"widget\" data-e-type=\"widget\" data-settings=\"{&quot;gap&quot;:{&quot;unit&quot;:&quot;px&quot;,&quot;size&quot;:14,&quot;sizes&quot;:[]},&quot;columns&quot;:1,&quot;aspect_ratio&quot;:&quot;1:1&quot;,&quot;lazyload&quot;:&quot;yes&quot;,&quot;gallery_layout&quot;:&quot;grid&quot;,&quot;columns_tablet&quot;:2,&quot;columns_mobile&quot;:1,&quot;gap_tablet&quot;:{&quot;unit&quot;:&quot;px&quot;,&quot;size&quot;:10,&quot;sizes&quot;:[]},&quot;gap_mobile&quot;:{&quot;unit&quot;:&quot;px&quot;,&quot;size&quot;:10,&quot;sizes&quot;:[]},&quot;link_to&quot;:&quot;file&quot;,&quot;overlay_background&quot;:&quot;yes&quot;,&quot;content_hover_animation&quot;:&quot;fade-in&quot;}\" data-widget_type=\"gallery.default\">\n\t\t\t\t\t\t\t<div class=\"elementor-gallery__container\">\n\t\t\t\t\t\t\t<a class=\"e-gallery-item elementor-gallery-item elementor-animated-content\" href=\"https:\/\/soymigrante.com\/revista\/wp-content\/uploads\/2024\/07\/WhatsApp-Image-2024-07-16-at-13927-PM-1.webp\" data-elementor-open-lightbox=\"yes\" data-elementor-lightbox-slideshow=\"8bbf525\" data-elementor-lightbox-title=\"Estrella Recinos hija de migrantes guatemaltecos, es reconocida por su talento\" data-elementor-lightbox-description=\"La imagen muestra a una pareja de reci\u00e9n casados en un parque, con una mujer vestida con un vestido de novia y un hombre con traje gris, en un hermoso d\u00eda primaveral rodeado de naturaleza, representando la celebraci\u00f3n del amor en la comunidad migrante.\" data-e-action-hash=\"#elementor-action%3Aaction%3Dlightbox%26settings%3DeyJpZCI6NzQ5MiwidXJsIjoiaHR0cHM6XC9cL3NveW1pZ3JhbnRlLmNvbVwvcmV2aXN0YVwvd3AtY29udGVudFwvdXBsb2Fkc1wvMjAyNFwvMDdcL1doYXRzQXBwLUltYWdlLTIwMjQtMDctMTYtYXQtMTM5MjctUE0tMS53ZWJwIiwic2xpZGVzaG93IjoiOGJiZjUyNSJ9\">\n\t\t\t\t\t<div class=\"e-gallery-image elementor-gallery-item__image\" data-thumbnail=\"https:\/\/soymigrante.com\/revista\/wp-content\/uploads\/2024\/07\/WhatsApp-Image-2024-07-16-at-13927-PM-1-768x1152.webp\" data-width=\"768\" data-height=\"1152\" aria-label=\"Amor y migraci\u00f3n en una boda, pareja bes\u00e1ndose en un parque con fondo de \u00e1rboles verdes, destacando la importancia de las historias de migrantes en la comunidad.\" role=\"img\" ><\/div>\n\t\t\t\t\t\t\t\t\t\t\t<div class=\"elementor-gallery-item__overlay\"><\/div>\n\t\t\t\t\t\t\t\t\t\t\t\t\t\t<\/a>\n\t\t\t\t\t\t\t<a class=\"e-gallery-item elementor-gallery-item elementor-animated-content\" href=\"https:\/\/soymigrante.com\/revista\/wp-content\/uploads\/2024\/07\/WhatsApp-Image-2024-07-16-at-13927-PM-2.webp\" data-elementor-open-lightbox=\"yes\" data-elementor-lightbox-slideshow=\"8bbf525\" data-elementor-lightbox-title=\"Estrella Recinos hija de migrantes guatemaltecos, es reconocida por su talento\" data-elementor-lightbox-description=\"Imagen de una pareja en una sesi\u00f3n de fotos de boda en un entorno al aire libre, destacando el amor, la diversidad y la comunidad migrante en un paisaje natural y lleno de vida.\" data-e-action-hash=\"#elementor-action%3Aaction%3Dlightbox%26settings%3DeyJpZCI6NzQ5MywidXJsIjoiaHR0cHM6XC9cL3NveW1pZ3JhbnRlLmNvbVwvcmV2aXN0YVwvd3AtY29udGVudFwvdXBsb2Fkc1wvMjAyNFwvMDdcL1doYXRzQXBwLUltYWdlLTIwMjQtMDctMTYtYXQtMTM5MjctUE0tMi53ZWJwIiwic2xpZGVzaG93IjoiOGJiZjUyNSJ9\">\n\t\t\t\t\t<div class=\"e-gallery-image elementor-gallery-item__image\" data-thumbnail=\"https:\/\/soymigrante.com\/revista\/wp-content\/uploads\/2024\/07\/WhatsApp-Image-2024-07-16-at-13927-PM-2-768x1152.webp\" data-width=\"768\" data-height=\"1152\" aria-label=\"Encuentro amoroso de una pareja en una sesi\u00f3n de fotos de boda en un hermoso parque rodeado de naturaleza.\" role=\"img\" ><\/div>\n\t\t\t\t\t\t\t\t\t\t\t<div class=\"elementor-gallery-item__overlay\"><\/div>\n\t\t\t\t\t\t\t\t\t\t\t\t\t\t<\/a>\n\t\t\t\t\t\t\t<a class=\"e-gallery-item elementor-gallery-item elementor-animated-content\" href=\"https:\/\/soymigrante.com\/revista\/wp-content\/uploads\/2024\/07\/WhatsApp-Image-2024-07-16-at-13927-PM.webp\" data-elementor-open-lightbox=\"yes\" data-elementor-lightbox-slideshow=\"8bbf525\" data-elementor-lightbox-title=\"Estrella Recinos hija de migrantes guatemaltecos, es reconocida por su talento\" data-elementor-lightbox-description=\"Imagen de una novia en vestido de boda en un entorno natural, resaltando detalles de su vestido y accesorios para inspiraci\u00f3n de novias.\" data-e-action-hash=\"#elementor-action%3Aaction%3Dlightbox%26settings%3DeyJpZCI6NzQ5NCwidXJsIjoiaHR0cHM6XC9cL3NveW1pZ3JhbnRlLmNvbVwvcmV2aXN0YVwvd3AtY29udGVudFwvdXBsb2Fkc1wvMjAyNFwvMDdcL1doYXRzQXBwLUltYWdlLTIwMjQtMDctMTYtYXQtMTM5MjctUE0ud2VicCIsInNsaWRlc2hvdyI6IjhiYmY1MjUifQ%3D%3D\">\n\t\t\t\t\t<div class=\"e-gallery-image elementor-gallery-item__image\" data-thumbnail=\"https:\/\/soymigrante.com\/revista\/wp-content\/uploads\/2024\/07\/WhatsApp-Image-2024-07-16-at-13927-PM-768x1152.webp\" data-width=\"768\" data-height=\"1152\" aria-label=\"Vestido de novia largo y elegante con detalles dorados y encaje, en ambiente natural con escaleras y vegetaci\u00f3n verde, ideal para inspiraci\u00f3n nupcial.\" role=\"img\" ><\/div>\n\t\t\t\t\t\t\t\t\t\t\t<div class=\"elementor-gallery-item__overlay\"><\/div>\n\t\t\t\t\t\t\t\t\t\t\t\t\t\t<\/a>\n\t\t\t\t\t\t\t<a class=\"e-gallery-item elementor-gallery-item elementor-animated-content\" href=\"https:\/\/soymigrante.com\/revista\/wp-content\/uploads\/2024\/07\/WhatsApp-Image-2024-07-16-at-13928-PM.webp\" data-elementor-open-lightbox=\"yes\" data-elementor-lightbox-slideshow=\"8bbf525\" data-elementor-lightbox-title=\"Estrella Recinos hija de migrantes guatemaltecos, es reconocida por su talento\" data-elementor-lightbox-description=\"Imagen de una mujer vestida de novia en un evento especial, en un escenario sofisticado con decoraci\u00f3n floral y detalles rom\u00e1nticos.\" data-e-action-hash=\"#elementor-action%3Aaction%3Dlightbox%26settings%3DeyJpZCI6NzQ5NSwidXJsIjoiaHR0cHM6XC9cL3NveW1pZ3JhbnRlLmNvbVwvcmV2aXN0YVwvd3AtY29udGVudFwvdXBsb2Fkc1wvMjAyNFwvMDdcL1doYXRzQXBwLUltYWdlLTIwMjQtMDctMTYtYXQtMTM5MjgtUE0ud2VicCIsInNsaWRlc2hvdyI6IjhiYmY1MjUifQ%3D%3D\">\n\t\t\t\t\t<div class=\"e-gallery-image elementor-gallery-item__image\" data-thumbnail=\"https:\/\/soymigrante.com\/revista\/wp-content\/uploads\/2024\/07\/WhatsApp-Image-2024-07-16-at-13928-PM-768x1152.webp\" data-width=\"768\" data-height=\"1152\" aria-label=\"Boda con novia en vestido blanco en escalinata decorada con velas y plantas en ambiente elegante y rom\u00e1ntico.\" role=\"img\" ><\/div>\n\t\t\t\t\t\t\t\t\t\t\t<div class=\"elementor-gallery-item__overlay\"><\/div>\n\t\t\t\t\t\t\t\t\t\t\t\t\t\t<\/a>\n\t\t\t\t\t\t\t<a class=\"e-gallery-item elementor-gallery-item elementor-animated-content\" href=\"https:\/\/soymigrante.com\/revista\/wp-content\/uploads\/2024\/07\/WhatsApp-Image-2024-07-16-at-13929-PM.webp\" data-elementor-open-lightbox=\"yes\" data-elementor-lightbox-slideshow=\"8bbf525\" data-elementor-lightbox-title=\"Estrella Recinos hija de migrantes guatemaltecos, es reconocida por su talento\" data-elementor-lightbox-description=\"Estrella Recinos hija de migrantes guatemaltecos, es reconocida por su talento\" data-e-action-hash=\"#elementor-action%3Aaction%3Dlightbox%26settings%3DeyJpZCI6NzQ5NiwidXJsIjoiaHR0cHM6XC9cL3NveW1pZ3JhbnRlLmNvbVwvcmV2aXN0YVwvd3AtY29udGVudFwvdXBsb2Fkc1wvMjAyNFwvMDdcL1doYXRzQXBwLUltYWdlLTIwMjQtMDctMTYtYXQtMTM5MjktUE0ud2VicCIsInNsaWRlc2hvdyI6IjhiYmY1MjUifQ%3D%3D\">\n\t\t\t\t\t<div class=\"e-gallery-image elementor-gallery-item__image\" data-thumbnail=\"https:\/\/soymigrante.com\/revista\/wp-content\/uploads\/2024\/07\/WhatsApp-Image-2024-07-16-at-13929-PM-768x1152.webp\" data-width=\"768\" data-height=\"1152\" aria-label=\"Vestido rojo elegante para mujer candidata a revista SoyMigrante.com, con flores en la cabeza, en un fondo negro, celebrando la cultura migrante y la inclusi\u00f3n social en la comunidad hispana.\" role=\"img\" ><\/div>\n\t\t\t\t\t\t\t\t\t\t\t<div class=\"elementor-gallery-item__overlay\"><\/div>\n\t\t\t\t\t\t\t\t\t\t\t\t\t\t<\/a>\n\t\t\t\t\t<\/div>\n\t\t\t\t\t<\/div>\n\t\t\t\t\t<\/div>\n\t\t\t\t<\/div>\n\t\t<div data-particle_enable=\"false\" data-particle-mobile-disabled=\"false\" class=\"elementor-element elementor-element-80b5ef8 e-flex e-con-boxed e-con e-parent\" data-id=\"80b5ef8\" data-element_type=\"container\" data-e-type=\"container\">\n\t\t\t\t\t<div class=\"e-con-inner\">\n\t\t\t\t<div class=\"elementor-element elementor-element-13903b0 elementor-widget elementor-widget-text-editor\" data-id=\"13903b0\" data-element_type=\"widget\" data-e-type=\"widget\" data-widget_type=\"text-editor.default\">\n\t\t\t\t\t\t\t\t\t<p>Se considera autodidacta y en constante aprendizaje de la fotograf\u00eda: &#8220;Espec\u00edficamente no he tengo a una persona como maestro. Lo que hago lo he aprendido sola, jugando con la c\u00e1mara y sus diferentes funciones. Claro que ahora con tantas plataformas hay mucho de donde inspirarse con ideas y estrategias&#8221;, comparte.\u00a0<\/p><p>Recinos\u00a0 tiene en su hijo la principal motivaci\u00f3n para cumplir sus sue\u00f1os. Es quien la reta a buscar mejores oportunidades, pero tambi\u00e9n es quien le ense\u00f1a a amar las costumbres y tradiciones guatemaltecas, una de ellas es el amor que le tienen El Progreso Jutiapa.<\/p><p>\u00a0<\/p><p>A la fecha, Estrella sigue teniendo familia en Guatemala y la motivaci\u00f3n de su trabajo es poder tener el recurso para visitar a sus seres queridos, convivir con ellos y hasta salir a pasear a los r\u00edos.<\/p><p>\u00a0<\/p><p>Estrella se dedica a fotografiar eventos, bodas, actividades y servir en su iglesia, ella ha trabajado en bancos de Estados Unidos y su pasi\u00f3n por capturar momentos con su c\u00e1mara empez\u00f3 cuando un d\u00eda decidi\u00f3 comprar su equipo y a sus amigos de la iglesia les ofreci\u00f3 unas fotograf\u00edas gratuitas para practicar su trabajo.<\/p><p>\u00a0<\/p>\t\t\t\t\t\t\t\t<\/div>\n\t\t\t\t\t<\/div>\n\t\t\t\t<\/div>\n\t\t<div data-particle_enable=\"false\" data-particle-mobile-disabled=\"false\" class=\"elementor-element elementor-element-2f164b6 e-flex e-con-boxed e-con e-parent\" data-id=\"2f164b6\" data-element_type=\"container\" data-e-type=\"container\">\n\t\t\t\t\t<div class=\"e-con-inner\">\n\t\t\t\t<div class=\"elementor-element elementor-element-f950b94 elementor-widget elementor-widget-image\" data-id=\"f950b94\" data-element_type=\"widget\" data-e-type=\"widget\" data-widget_type=\"image.default\">\n\t\t\t\t\t\t\t\t\t\t\t\t\t\t\t<img fetchpriority=\"high\" decoding=\"async\" width=\"992\" height=\"1024\" src=\"https:\/\/soymigrante.com\/revista\/wp-content\/uploads\/2024\/07\/migrante-estrella-recinos-992x1024.webp\" class=\"attachment-large size-large wp-image-7528\" alt=\"Fotograf\u00eda de una mujer con mochila, ropa casual y dos c\u00e1maras colgadas, en un parque con \u00e1rboles y c\u00e9sped, mostrando su inter\u00e9s por la fotograf\u00eda y la cultura migrante en contextos de diversidad.\" srcset=\"https:\/\/soymigrante.com\/revista\/wp-content\/uploads\/2024\/07\/migrante-estrella-recinos-992x1024.webp 992w, https:\/\/soymigrante.com\/revista\/wp-content\/uploads\/2024\/07\/migrante-estrella-recinos-291x300.webp 291w, https:\/\/soymigrante.com\/revista\/wp-content\/uploads\/2024\/07\/migrante-estrella-recinos-768x792.webp 768w, https:\/\/soymigrante.com\/revista\/wp-content\/uploads\/2024\/07\/migrante-estrella-recinos-750x774.webp 750w, https:\/\/soymigrante.com\/revista\/wp-content\/uploads\/2024\/07\/migrante-estrella-recinos.webp 1134w\" sizes=\"(max-width: 992px) 100vw, 992px\" \/>\t\t\t\t\t\t\t\t\t\t\t\t\t\t\t<\/div>\n\t\t\t\t\t<\/div>\n\t\t\t\t<\/div>\n\t\t<div data-particle_enable=\"false\" data-particle-mobile-disabled=\"false\" class=\"elementor-element elementor-element-db3e5e9 e-flex e-con-boxed e-con e-parent\" data-id=\"db3e5e9\" data-element_type=\"container\" data-e-type=\"container\">\n\t\t\t\t\t<div class=\"e-con-inner\">\n\t\t\t\t<div class=\"elementor-element elementor-element-44adfd1 elementor-widget elementor-widget-heading\" data-id=\"44adfd1\" data-element_type=\"widget\" data-e-type=\"widget\" data-widget_type=\"heading.default\">\n\t\t\t\t\t<h3 class=\"elementor-heading-title elementor-size-default\">Premios por su trabajo<\/h3>\t\t\t\t<\/div>\n\t\t\t\t\t<\/div>\n\t\t\t\t<\/div>\n\t\t<div data-particle_enable=\"false\" data-particle-mobile-disabled=\"false\" class=\"elementor-element elementor-element-cfbc78a e-flex e-con-boxed e-con e-parent\" data-id=\"cfbc78a\" data-element_type=\"container\" data-e-type=\"container\">\n\t\t\t\t\t<div class=\"e-con-inner\">\n\t\t\t\t<div class=\"elementor-element elementor-element-62ce27d elementor-widget elementor-widget-text-editor\" data-id=\"62ce27d\" data-element_type=\"widget\" data-e-type=\"widget\" data-widget_type=\"text-editor.default\">\n\t\t\t\t\t\t\t\t\t<p>Estrella se ha preparado para ser la mejor en tomar fotograf\u00edas, por eso fue premiada con varios reconocimientos, entre ellos:\u00a0<span style=\"color: var( --e-global-color-text ); text-align: var(--text-align);\">Fot\u00f3grafa del a\u00f1o 2024 Guatemalan USA Awards y de\u00a0<\/span><span style=\"color: var( --e-global-color-text ); text-align: var(--text-align);\">New York Universal Awards<\/span><\/p><p>\u00a0<\/p><p>Su pasi\u00f3n empez\u00f3 porque le gustaba capturar momentos y ser m\u00e1s sensible a lo que se est\u00e1 viviendo.\u00a0<span style=\"color: var( --e-global-color-text ); text-align: var(--text-align);\">\u201cMe encanta lo que hago, m\u00e1s si son sesiones de embarazadas, tal vez porque soy mujer y madre, pero me siento identificada y me encanta ser parte de esas historias\u201d, coment\u00f3 Recinos, quien conoce la importancia que una sola imagen puede llegar a tener en la memoria y el recuerdo de una persona y de su familia.<br \/><\/span><\/p><p>&#8220;Estos momentos son importantes cuando los vivimos, pero se convierten a\u00fan m\u00e1s importantes al pasar de los a\u00f1os y miramos atr\u00e1s de los momentos especiales que hemos vivido. Mayormente cuando talvez los\u00a0 que compartieron con nosotros, ya no est\u00e1n. El saber que eso queda plasmado para revivir, recordar y compartir con los que han de venir.\u00a0\u00a0<span style=\"color: var( --e-global-color-text ); text-align: var(--text-align);\">Y el reto entra cuando toca estar pendiente de todos los momentos que no se planean y poder capturarlo a tiempo. No perder esos momentos&#8221;, finaliza.<\/span><\/p><p>\u00a0<\/p><p>\u00a0<\/p><p>\u00a0<\/p>\t\t\t\t\t\t\t\t<\/div>\n\t\t\t\t\t<\/div>\n\t\t\t\t<\/div>\n\t\t<div data-particle_enable=\"false\" data-particle-mobile-disabled=\"false\" class=\"elementor-element elementor-element-e1cb134 e-flex e-con-boxed e-con e-parent\" data-id=\"e1cb134\" data-element_type=\"container\" data-e-type=\"container\">\n\t\t\t\t\t<div class=\"e-con-inner\">\n\t\t\t\t<div class=\"elementor-element elementor-element-713c31d elementor-widget elementor-widget-facebook-embed\" data-id=\"713c31d\" data-element_type=\"widget\" data-e-type=\"widget\" data-widget_type=\"facebook-embed.default\">\n\t\t\t\t\t<div style=\"min-height: 1px\" class=\"elementor-facebook-widget fb-post\" data-href=\"https:\/\/www.facebook.com\/photo\/?fbid=2797142273766307&#038;set=a.110694625744432\" data-show-text=\"false\"><\/div>\t\t\t\t<\/div>\n\t\t\t\t\t<\/div>\n\t\t\t\t<\/div>\n\t\t\t\t<\/div>\n\t\t","protected":false},"excerpt":{"rendered":"<p>Estrella Recinos es una mujer que se ha caracterizado en su vida, por amar las tierras guatemaltecas, aunque no naci\u00f3 en el pa\u00eds de la eterna primavera, sus padres s\u00ed y eso la ha motivado a resguardar la cultura chapina. Estrella Recinos es hija de migrantes guatemaltecos, originarios de Jutiapa. Desde ni\u00f1a se ha caracterizado [&hellip;]<\/p>\n","protected":false},"author":19,"featured_media":7491,"comment_status":"open","ping_status":"open","sticky":false,"template":"","format":"standard","meta":{"_acf_changed":true,"_eb_attr":"","footnotes":""},"categories":[50],"tags":[],"class_list":["post-7490","post","type-post","status-publish","format-standard","has-post-thumbnail","hentry","category-exitos"],"acf":[],"aioseo_notices":[],"aioseo_head":"\n\t\t<!-- All in One SEO Pro 4.9.6.2 - aioseo.com -->\n\t<meta name=\"description\" content=\"Fot\u00f3grafa Estrella Recinos, de ra\u00edces guatemaltecas crea recuerdos y le pone luz a momentos epeciales; su talento ser\u00e1 reconocido en una pr\u00f3xima gala de premios\" \/>\n\t<meta name=\"robots\" content=\"max-snippet:-1, max-image-preview:large, max-video-preview:-1\" \/>\n\t<meta name=\"author\" content=\"Marysabel Aldana\"\/>\n\t<link rel=\"canonical\" href=\"https:\/\/soymigrante.com\/revista\/estrella-recinos-retrata-sonrisas-amor-e-historias-en-connecticut\/\" \/>\n\t<meta name=\"generator\" content=\"All in One SEO Pro (AIOSEO) 4.9.6.2\" \/>\n\n\t\t<link rel=\"preconnect\" href=\"https:\/\/fonts.googleapis.com\" crossorigin>\n<link rel=\"preconnect\" href=\"https:\/\/fonts.gstatic.com\" crossorigin>\n\t\t<meta property=\"og:locale\" content=\"es_ES\" \/>\n\t\t<meta property=\"og:site_name\" content=\"SoyMigrante.com REVISTA \u2013 Nuestra misi\u00f3n es reconocer y dignificar al migrante.\" \/>\n\t\t<meta property=\"og:type\" content=\"article\" \/>\n\t\t<meta property=\"og:title\" content=\"Estrella Recinos retrata sonrisas, amor e historias en Connecticut\" \/>\n\t\t<meta property=\"og:description\" content=\"Fot\u00f3grafa Estrella Recinos, de ra\u00edces guatemaltecas crea recuerdos y le pone luz a momentos epeciales; su talento ser\u00e1 reconocido en una pr\u00f3xima gala de premios\" \/>\n\t\t<meta property=\"og:url\" content=\"https:\/\/soymigrante.com\/revista\/estrella-recinos-retrata-sonrisas-amor-e-historias-en-connecticut\/\" \/>\n\t\t<meta property=\"og:image\" content=\"https:\/\/soymigrante.com\/revista\/wp-content\/uploads\/2024\/07\/WhatsApp-Image-2024-07-16-at-14609-PM.webp\" \/>\n\t\t<meta property=\"og:image:secure_url\" content=\"https:\/\/soymigrante.com\/revista\/wp-content\/uploads\/2024\/07\/WhatsApp-Image-2024-07-16-at-14609-PM.webp\" \/>\n\t\t<meta property=\"og:image:width\" content=\"1920\" \/>\n\t\t<meta property=\"og:image:height\" content=\"1920\" \/>\n\t\t<meta property=\"article:published_time\" content=\"2024-07-18T17:15:29+00:00\" \/>\n\t\t<meta property=\"article:modified_time\" content=\"2024-07-26T23:31:15+00:00\" \/>\n\t\t<meta property=\"article:publisher\" content=\"https:\/\/www.facebook.com\/soymigrantecom\" \/>\n\t\t<meta name=\"twitter:card\" content=\"summary_large_image\" \/>\n\t\t<meta name=\"twitter:site\" content=\"@SoyMigrante_com\" \/>\n\t\t<meta name=\"twitter:title\" content=\"Estrella Recinos retrata sonrisas, amor e historias en Connecticut\" \/>\n\t\t<meta name=\"twitter:description\" content=\"Fot\u00f3grafa Estrella Recinos, de ra\u00edces guatemaltecas crea recuerdos y le pone luz a momentos epeciales; su talento ser\u00e1 reconocido en una pr\u00f3xima gala de premios\" \/>\n\t\t<meta name=\"twitter:creator\" content=\"@SoyMigrante_com\" \/>\n\t\t<meta name=\"twitter:image\" content=\"https:\/\/soymigrante.com\/revista\/wp-content\/uploads\/2024\/07\/WhatsApp-Image-2024-07-16-at-14609-PM.webp\" \/>\n\t\t<!-- All in One SEO Pro -->\r\n\t\t<title>Estrella Recinos retrata sonrisas, amor e historias en Connecticut<\/title>\n\n","aioseo_head_json":{"title":"Estrella Recinos retrata sonrisas, amor e historias en Connecticut","description":"Fot\u00f3grafa Estrella Recinos, de ra\u00edces guatemaltecas crea recuerdos y le pone luz a momentos epeciales; su talento ser\u00e1 reconocido en una pr\u00f3xima gala de premios","canonical_url":"https:\/\/soymigrante.com\/revista\/estrella-recinos-retrata-sonrisas-amor-e-historias-en-connecticut\/","robots":"max-snippet:-1, max-image-preview:large, max-video-preview:-1","keywords":"","webmasterTools":{"miscellaneous":"&lt;link rel=\"preconnect\" href=\"https:\/\/fonts.googleapis.com\" crossorigin&gt;\n&lt;link rel=\"preconnect\" href=\"https:\/\/fonts.gstatic.com\" crossorigin&gt;"},"schema":null,"og:locale":"es_ES","og:site_name":"SoyMigrante.com REVISTA \u2013 Nuestra misi\u00f3n es reconocer y dignificar al migrante.","og:type":"article","og:title":"Estrella Recinos retrata sonrisas, amor e historias en Connecticut","og:description":"Fot\u00f3grafa Estrella Recinos, de ra\u00edces guatemaltecas crea recuerdos y le pone luz a momentos epeciales; su talento ser\u00e1 reconocido en una pr\u00f3xima gala de premios","og:url":"https:\/\/soymigrante.com\/revista\/estrella-recinos-retrata-sonrisas-amor-e-historias-en-connecticut\/","og:image":"https:\/\/soymigrante.com\/revista\/wp-content\/uploads\/2024\/07\/WhatsApp-Image-2024-07-16-at-14609-PM.webp","og:image:secure_url":"https:\/\/soymigrante.com\/revista\/wp-content\/uploads\/2024\/07\/WhatsApp-Image-2024-07-16-at-14609-PM.webp","og:image:width":1920,"og:image:height":1920,"article:published_time":"2024-07-18T17:15:29+00:00","article:modified_time":"2024-07-26T23:31:15+00:00","article:publisher":"https:\/\/www.facebook.com\/soymigrantecom","twitter:card":"summary_large_image","twitter:site":"@SoyMigrante_com","twitter:title":"Estrella Recinos retrata sonrisas, amor e historias en Connecticut","twitter:description":"Fot\u00f3grafa Estrella Recinos, de ra\u00edces guatemaltecas crea recuerdos y le pone luz a momentos epeciales; su talento ser\u00e1 reconocido en una pr\u00f3xima gala de premios","twitter:creator":"@SoyMigrante_com","twitter:image":"https:\/\/soymigrante.com\/revista\/wp-content\/uploads\/2024\/07\/WhatsApp-Image-2024-07-16-at-14609-PM.webp"},"aioseo_meta_data":{"post_id":"7490","title":null,"description":"Fot\u00f3grafa Estrella Recinos, de ra\u00edces guatemaltecas crea recuerdos y le pone luz a momentos epeciales; su talento ser\u00e1 reconocido en una pr\u00f3xima gala de premios","keywords":null,"keyphrases":{"focus":{"keyphrase":"Historia","score":43,"analysis":{"keyphraseInTitle":{"score":3,"maxScore":9,"error":1},"keyphraseInDescription":{"score":3,"maxScore":9,"error":1},"keyphraseLength":{"score":9,"maxScore":9,"error":0,"length":1},"keyphraseInURL":{"score":5,"maxScore":5,"error":0},"keyphraseInIntroduction":{"score":3,"maxScore":9,"error":1},"keyphraseInSubHeadings":{"score":3,"maxScore":9,"error":1},"keyphraseInImageAlt":{"score":3,"maxScore":9,"error":1},"keywordDensity":{"score":0,"type":"low","maxScore":9,"error":1}}},"additional":[{"keyphrase":"Guatemalteca","score":40,"analysis":{"keyphraseInDescription":{"score":3,"maxScore":9,"error":1},"keyphraseLength":{"score":9,"maxScore":9,"error":0,"length":1},"keyphraseInIntroduction":{"score":3,"maxScore":9,"error":1},"keyphraseInImageAlt":{"score":3,"maxScore":9,"error":1},"keywordDensity":{"score":0,"type":"low","maxScore":9,"error":1}}}]},"primary_term":null,"canonical_url":null,"og_title":null,"og_description":null,"og_object_type":"default","og_image_type":"default","og_image_url":null,"og_image_width":null,"og_image_height":null,"og_image_custom_url":null,"og_image_custom_fields":null,"og_video":"","og_custom_url":null,"og_article_section":null,"og_article_tags":null,"twitter_use_og":false,"twitter_card":"default","twitter_image_type":"default","twitter_image_url":null,"twitter_image_custom_url":null,"twitter_image_custom_fields":null,"twitter_title":null,"twitter_description":null,"schema":{"blockGraphs":[],"customGraphs":[],"default":{"data":{"Article":[],"Course":[],"Dataset":[],"FAQPage":[],"Movie":[],"Person":[],"Product":[],"ProductReview":[],"Car":[],"Recipe":[],"Service":[],"SoftwareApplication":[],"WebPage":[]},"graphName":"Article","isEnabled":true},"graphs":[]},"schema_type":"default","schema_type_options":null,"pillar_content":false,"robots_default":true,"robots_noindex":false,"robots_noarchive":false,"robots_nosnippet":false,"robots_nofollow":false,"robots_noimageindex":false,"robots_noodp":false,"robots_notranslate":false,"robots_max_snippet":"-1","robots_max_videopreview":"-1","robots_max_imagepreview":"large","priority":null,"frequency":"default","local_seo":null,"seo_analyzer_scan_date":"2025-10-08 22:19:15","breadcrumb_settings":null,"limit_modified_date":false,"reviewed_by":null,"open_ai":"{\"title\":{\"suggestions\":[],\"usage\":0},\"description\":{\"suggestions\":[],\"usage\":0}}","ai":null,"created":"2024-07-16 23:13:22","updated":"2026-02-04 12:27:33"},"aioseo_breadcrumb":"<div class=\"aioseo-breadcrumbs\"><span class=\"aioseo-breadcrumb\">\n\t<a href=\"https:\/\/soymigrante.com\/revista\" title=\"Home\">Home<\/a>\n<\/span><span class=\"aioseo-breadcrumb-separator\">\u00bb<\/span><span class=\"aioseo-breadcrumb\">\n\t<a href=\"https:\/\/soymigrante.com\/revista\/category\/exitos\/\" title=\"\u00c9xitos\">\u00c9xitos<\/a>\n<\/span><span class=\"aioseo-breadcrumb-separator\">\u00bb<\/span><span class=\"aioseo-breadcrumb\">\n\tEstrella Recinos retrata sonrisas, amor e historias en Connecticut\n<\/span><\/div>","aioseo_breadcrumb_json":[{"label":"Home","link":"https:\/\/soymigrante.com\/revista"},{"label":"\u00c9xitos","link":"https:\/\/soymigrante.com\/revista\/category\/exitos\/"},{"label":"Estrella Recinos retrata sonrisas, amor e historias en Connecticut","link":"https:\/\/soymigrante.com\/revista\/estrella-recinos-retrata-sonrisas-amor-e-historias-en-connecticut\/"}],"_links":{"self":[{"href":"https:\/\/soymigrante.com\/revista\/wp-json\/wp\/v2\/posts\/7490","targetHints":{"allow":["GET"]}}],"collection":[{"href":"https:\/\/soymigrante.com\/revista\/wp-json\/wp\/v2\/posts"}],"about":[{"href":"https:\/\/soymigrante.com\/revista\/wp-json\/wp\/v2\/types\/post"}],"author":[{"embeddable":true,"href":"https:\/\/soymigrante.com\/revista\/wp-json\/wp\/v2\/users\/19"}],"replies":[{"embeddable":true,"href":"https:\/\/soymigrante.com\/revista\/wp-json\/wp\/v2\/comments?post=7490"}],"version-history":[{"count":0,"href":"https:\/\/soymigrante.com\/revista\/wp-json\/wp\/v2\/posts\/7490\/revisions"}],"wp:featuredmedia":[{"embeddable":true,"href":"https:\/\/soymigrante.com\/revista\/wp-json\/wp\/v2\/media\/7491"}],"wp:attachment":[{"href":"https:\/\/soymigrante.com\/revista\/wp-json\/wp\/v2\/media?parent=7490"}],"wp:term":[{"taxonomy":"category","embeddable":true,"href":"https:\/\/soymigrante.com\/revista\/wp-json\/wp\/v2\/categories?post=7490"},{"taxonomy":"post_tag","embeddable":true,"href":"https:\/\/soymigrante.com\/revista\/wp-json\/wp\/v2\/tags?post=7490"}],"curies":[{"name":"wp","href":"https:\/\/api.w.org\/{rel}","templated":true}]}}