{"id":7485,"date":"2024-07-16T12:54:50","date_gmt":"2024-07-16T18:54:50","guid":{"rendered":"https:\/\/soymigrante.com\/revista\/?p=7485"},"modified":"2024-11-01T10:33:35","modified_gmt":"2024-11-01T16:33:35","slug":"otras-20-palabras-chapinas-que-solo-un-guatemalteco-reconoce","status":"publish","type":"post","link":"https:\/\/soymigrante.com\/revista\/otras-20-palabras-chapinas-que-solo-un-guatemalteco-reconoce\/","title":{"rendered":"Otras 20 palabras chapinas: solo los guatemaltecos las reconocen"},"content":{"rendered":"\t\t<div data-elementor-type=\"wp-post\" data-elementor-id=\"7485\" class=\"elementor elementor-7485\" data-elementor-post-type=\"post\">\n\t\t\t\t\t\t<section data-particle_enable=\"false\" data-particle-mobile-disabled=\"false\" class=\"elementor-section elementor-top-section elementor-element elementor-element-ba1c94c elementor-section-boxed elementor-section-height-default elementor-section-height-default\" data-id=\"ba1c94c\" data-element_type=\"section\" data-e-type=\"section\">\n\t\t\t\t\t\t<div class=\"elementor-container elementor-column-gap-default\">\n\t\t\t\t\t<div class=\"elementor-column elementor-col-100 elementor-top-column elementor-element elementor-element-c60ff54\" data-id=\"c60ff54\" data-element_type=\"column\" data-e-type=\"column\">\n\t\t\t<div class=\"elementor-widget-wrap elementor-element-populated\">\n\t\t\t\t\t\t<div class=\"elementor-element elementor-element-acdc515 elementor-widget elementor-widget-heading\" data-id=\"acdc515\" data-element_type=\"widget\" data-e-type=\"widget\" data-widget_type=\"heading.default\">\n\t\t\t\t\t<h1 class=\"elementor-heading-title elementor-size-default\">Hay expresiones que solo los mismos guatemaltecos pueden entender. Muchas de estas palabras chapinas han llegado junto con los migrantes a Estados Unidos y sirven para saber que es un chap\u00edn quien habla. <\/h1>\t\t\t\t<\/div>\n\t\t\t\t\t<\/div>\n\t\t<\/div>\n\t\t\t\t\t<\/div>\n\t\t<\/section>\n\t\t\t\t<section data-particle_enable=\"false\" data-particle-mobile-disabled=\"false\" class=\"elementor-section elementor-top-section elementor-element elementor-element-bfe6193 elementor-section-boxed elementor-section-height-default elementor-section-height-default\" data-id=\"bfe6193\" data-element_type=\"section\" data-e-type=\"section\">\n\t\t\t\t\t\t<div class=\"elementor-container elementor-column-gap-default\">\n\t\t\t\t\t<div class=\"elementor-column elementor-col-100 elementor-top-column elementor-element elementor-element-97563dd\" data-id=\"97563dd\" data-element_type=\"column\" data-e-type=\"column\">\n\t\t\t<div class=\"elementor-widget-wrap elementor-element-populated\">\n\t\t\t\t\t\t<div class=\"elementor-element elementor-element-1dd6ebc elementor-widget elementor-widget-text-editor\" data-id=\"1dd6ebc\" data-element_type=\"widget\" data-e-type=\"widget\" data-widget_type=\"text-editor.default\">\n\t\t\t\t\t\t\t\t\t<p>\u00a1Puchica ustedes! Sin casacas, hay palabras chapinas que permiten reconocer a un guatemalteco est\u00e9 donde est\u00e9. M\u00e1s a\u00fan,\u00a0 muchas de ellas solo pueden ser comprendidas en su significado por otro guatemalteco.<br \/>Esta es una lista de otras 20 palabras y expresiones que siempre arranca una sonrisa escuchar o tratar de definir su significado para personas de otros pa\u00edses, que a su vez tienen sus propios modismos.<\/p>\t\t\t\t\t\t\t\t<\/div>\n\t\t\t\t\t<\/div>\n\t\t<\/div>\n\t\t\t\t\t<\/div>\n\t\t<\/section>\n\t\t\t\t<section data-particle_enable=\"false\" data-particle-mobile-disabled=\"false\" class=\"elementor-section elementor-top-section elementor-element elementor-element-ebf8471 elementor-section-boxed elementor-section-height-default elementor-section-height-default\" data-id=\"ebf8471\" data-element_type=\"section\" data-e-type=\"section\">\n\t\t\t\t\t\t<div class=\"elementor-container elementor-column-gap-default\">\n\t\t\t\t\t<div class=\"elementor-column elementor-col-100 elementor-top-column elementor-element elementor-element-65ac5e3\" data-id=\"65ac5e3\" data-element_type=\"column\" data-e-type=\"column\">\n\t\t\t<div class=\"elementor-widget-wrap elementor-element-populated\">\n\t\t\t\t\t\t<div class=\"elementor-element elementor-element-7ab5ec1 elementor-invisible elementor-widget elementor-widget-heading\" data-id=\"7ab5ec1\" data-element_type=\"widget\" data-e-type=\"widget\" data-settings=\"{&quot;motion_fx_motion_fx_scrolling&quot;:&quot;yes&quot;,&quot;_animation&quot;:&quot;lightSpeedIn&quot;,&quot;motion_fx_devices&quot;:[&quot;desktop&quot;,&quot;tablet&quot;,&quot;mobile&quot;]}\" data-widget_type=\"heading.default\">\n\t\t\t\t\t<h2 class=\"elementor-heading-title elementor-size-xxl\">Talishte<\/h2>\t\t\t\t<\/div>\n\t\t\t\t\t<\/div>\n\t\t<\/div>\n\t\t\t\t\t<\/div>\n\t\t<\/section>\n\t\t\t\t<section data-particle_enable=\"false\" data-particle-mobile-disabled=\"false\" class=\"elementor-section elementor-top-section elementor-element elementor-element-33f70fd elementor-section-boxed elementor-section-height-default elementor-section-height-default\" data-id=\"33f70fd\" data-element_type=\"section\" data-e-type=\"section\">\n\t\t\t\t\t\t<div class=\"elementor-container elementor-column-gap-default\">\n\t\t\t\t\t<div class=\"elementor-column elementor-col-100 elementor-top-column elementor-element elementor-element-7f1f52d\" data-id=\"7f1f52d\" data-element_type=\"column\" data-e-type=\"column\">\n\t\t\t<div class=\"elementor-widget-wrap elementor-element-populated\">\n\t\t\t\t\t\t<div class=\"elementor-element elementor-element-ce1393a elementor-widget elementor-widget-text-editor\" data-id=\"ce1393a\" data-element_type=\"widget\" data-e-type=\"widget\" data-widget_type=\"text-editor.default\">\n\t\t\t\t\t\t\t\t\t<p>Robusto, fuerte, resistente, aguantador. Suele aplicarse regularmente a un hombre de cualquier edad que tiene una buena musculatura, pero sobre todo que puede efectuar prolongados esfuerzos, como llevar una carga o que resiste condiciones extremas de calor, presi\u00f3n f\u00edsica, incluso golpes y contin\u00faa como si nada. <i>&#8220;Ese defensa del equipo s\u00ed que es talishte&#8221;<\/i><\/p>\t\t\t\t\t\t\t\t<\/div>\n\t\t\t\t\t<\/div>\n\t\t<\/div>\n\t\t\t\t\t<\/div>\n\t\t<\/section>\n\t\t\t\t<section data-particle_enable=\"false\" data-particle-mobile-disabled=\"false\" class=\"elementor-section elementor-top-section elementor-element elementor-element-39e4db9 elementor-section-boxed elementor-section-height-default elementor-section-height-default\" data-id=\"39e4db9\" data-element_type=\"section\" data-e-type=\"section\">\n\t\t\t\t\t\t<div class=\"elementor-container elementor-column-gap-default\">\n\t\t\t\t\t<div class=\"elementor-column elementor-col-100 elementor-top-column elementor-element elementor-element-6a866bd\" data-id=\"6a866bd\" data-element_type=\"column\" data-e-type=\"column\">\n\t\t\t<div class=\"elementor-widget-wrap elementor-element-populated\">\n\t\t\t\t\t\t<div class=\"elementor-element elementor-element-2a8647e elementor-invisible elementor-widget elementor-widget-heading\" data-id=\"2a8647e\" data-element_type=\"widget\" data-e-type=\"widget\" data-settings=\"{&quot;motion_fx_motion_fx_scrolling&quot;:&quot;yes&quot;,&quot;_animation&quot;:&quot;lightSpeedIn&quot;,&quot;motion_fx_devices&quot;:[&quot;desktop&quot;,&quot;tablet&quot;,&quot;mobile&quot;]}\" data-widget_type=\"heading.default\">\n\t\t\t\t\t<h2 class=\"elementor-heading-title elementor-size-xxl\">Chumpa<\/h2>\t\t\t\t<\/div>\n\t\t\t\t\t<\/div>\n\t\t<\/div>\n\t\t\t\t\t<\/div>\n\t\t<\/section>\n\t\t\t\t<section data-particle_enable=\"false\" data-particle-mobile-disabled=\"false\" class=\"elementor-section elementor-top-section elementor-element elementor-element-9744e43 elementor-section-boxed elementor-section-height-default elementor-section-height-default\" data-id=\"9744e43\" data-element_type=\"section\" data-e-type=\"section\">\n\t\t\t\t\t\t<div class=\"elementor-container elementor-column-gap-default\">\n\t\t\t\t\t<div class=\"elementor-column elementor-col-100 elementor-top-column elementor-element elementor-element-466455a\" data-id=\"466455a\" data-element_type=\"column\" data-e-type=\"column\">\n\t\t\t<div class=\"elementor-widget-wrap elementor-element-populated\">\n\t\t\t\t\t\t<div class=\"elementor-element elementor-element-8c91c31 elementor-widget elementor-widget-text-editor\" data-id=\"8c91c31\" data-element_type=\"widget\" data-e-type=\"widget\" data-widget_type=\"text-editor.default\">\n\t\t\t\t\t\t\t\t\t<p>en otras latitudes se le llama una chaqueta, un abrigo o una cazadora.\u00a0 Pero en Guatemala, es usual llamar chumpa a esa prenda complementaria, con cierre de z\u00edper o botones, utilizada para abrigarse. Probablemente proviene de una castellanizaci\u00f3n de la palabra\u00a0 inglesa &#8220;jumper&#8221;. <i>&#8220;\u00a1Ala! No me traje mi chumpa. No pens\u00e9 que fuera a haber tanto fr\u00edo&#8221;<\/i><\/p>\t\t\t\t\t\t\t\t<\/div>\n\t\t\t\t\t<\/div>\n\t\t<\/div>\n\t\t\t\t\t<\/div>\n\t\t<\/section>\n\t\t\t\t<section data-particle_enable=\"false\" data-particle-mobile-disabled=\"false\" class=\"elementor-section elementor-top-section elementor-element elementor-element-a9b7e26 elementor-section-boxed elementor-section-height-default elementor-section-height-default\" data-id=\"a9b7e26\" data-element_type=\"section\" data-e-type=\"section\">\n\t\t\t\t\t\t<div class=\"elementor-container elementor-column-gap-default\">\n\t\t\t\t\t<div class=\"elementor-column elementor-col-100 elementor-top-column elementor-element elementor-element-6eaa0cc\" data-id=\"6eaa0cc\" data-element_type=\"column\" data-e-type=\"column\">\n\t\t\t<div class=\"elementor-widget-wrap elementor-element-populated\">\n\t\t\t\t\t\t<div class=\"elementor-element elementor-element-54c669f elementor-invisible elementor-widget elementor-widget-heading\" data-id=\"54c669f\" data-element_type=\"widget\" data-e-type=\"widget\" data-settings=\"{&quot;motion_fx_motion_fx_scrolling&quot;:&quot;yes&quot;,&quot;_animation&quot;:&quot;lightSpeedIn&quot;,&quot;motion_fx_devices&quot;:[&quot;desktop&quot;,&quot;tablet&quot;,&quot;mobile&quot;]}\" data-widget_type=\"heading.default\">\n\t\t\t\t\t<h2 class=\"elementor-heading-title elementor-size-xxl\">\u00a1Ala!<\/h2>\t\t\t\t<\/div>\n\t\t\t\t\t<\/div>\n\t\t<\/div>\n\t\t\t\t\t<\/div>\n\t\t<\/section>\n\t\t\t\t<section data-particle_enable=\"false\" data-particle-mobile-disabled=\"false\" class=\"elementor-section elementor-top-section elementor-element elementor-element-1390665 elementor-section-boxed elementor-section-height-default elementor-section-height-default\" data-id=\"1390665\" data-element_type=\"section\" data-e-type=\"section\">\n\t\t\t\t\t\t<div class=\"elementor-container elementor-column-gap-default\">\n\t\t\t\t\t<div class=\"elementor-column elementor-col-100 elementor-top-column elementor-element elementor-element-e3b7b28\" data-id=\"e3b7b28\" data-element_type=\"column\" data-e-type=\"column\">\n\t\t\t<div class=\"elementor-widget-wrap elementor-element-populated\">\n\t\t\t\t\t\t<div class=\"elementor-element elementor-element-f79366c elementor-widget elementor-widget-text-editor\" data-id=\"f79366c\" data-element_type=\"widget\" data-e-type=\"widget\" data-widget_type=\"text-editor.default\">\n\t\t\t\t\t\t\t\t\t<p><i>E<\/i>xclamaci\u00f3n o interjecci\u00f3n de sorpresa. Seg\u00fan el contexto y la pronunciaci\u00f3n suena como decepci\u00f3n o admiraci\u00f3n. Por ejemplo:\u00a0 <i>\u00a1Ala, c\u00f3mo quisiera ganarme la loter\u00eda! \u00f3 \u00a1Ala, qu\u00e9 bonito el vestido de la quincea\u00f1era!<\/i>\u00a0<br \/>A veces funciona como un elemento para buscar empat\u00eda o entendimiento. \u00a1Ala, d\u00e9jeme en Q500 los zapatos y me los llevo!<br \/><span style=\"color: var( --e-global-color-text );\">A veces forma parte de una expresi\u00f3n compuesta: \u00a1Ala madre!, sorpresa ante la dimensi\u00f3n o importancia de una situaci\u00f3n. <\/span><span style=\"color: var( --e-global-color-text );\"><i>\u00a1Ala madre, no pens\u00e9 hallar tanto tr\u00e1nsito!<\/i><br \/>De all\u00ed devienen compuestos como: \u00a1Ala chucha! \u00a1Ala p\u00fachica! y \u00a1Ala gran&#8230;!&#8230;. y otras que los lectores adivinar\u00e1n.<\/span><\/p><p><span style=\"color: var( --e-global-color-text );\">Como dato final, este Ala, sin tilde, puede provenir de una castellanizaci\u00f3n y evoluci\u00f3n de la palabra Al\u00e1, equivalente a un nombre de dios en \u00e1rabe.<\/span><\/p><p><span style=\"color: var( --e-global-color-text );\">\u00a0<\/span><\/p><p><i>\u00a0<\/i><\/p><p>\u00a0<\/p>\t\t\t\t\t\t\t\t<\/div>\n\t\t\t\t\t<\/div>\n\t\t<\/div>\n\t\t\t\t\t<\/div>\n\t\t<\/section>\n\t\t\t\t<section data-particle_enable=\"false\" data-particle-mobile-disabled=\"false\" class=\"elementor-section elementor-top-section elementor-element elementor-element-34c6ea3 elementor-section-boxed elementor-section-height-default elementor-section-height-default\" data-id=\"34c6ea3\" data-element_type=\"section\" data-e-type=\"section\">\n\t\t\t\t\t\t<div class=\"elementor-container elementor-column-gap-default\">\n\t\t\t\t\t<div class=\"elementor-column elementor-col-100 elementor-top-column elementor-element elementor-element-1e7498c\" data-id=\"1e7498c\" data-element_type=\"column\" data-e-type=\"column\">\n\t\t\t<div class=\"elementor-widget-wrap elementor-element-populated\">\n\t\t\t\t\t\t<div class=\"elementor-element elementor-element-d77c7ad elementor-invisible elementor-widget elementor-widget-heading\" data-id=\"d77c7ad\" data-element_type=\"widget\" data-e-type=\"widget\" data-settings=\"{&quot;motion_fx_motion_fx_scrolling&quot;:&quot;yes&quot;,&quot;_animation&quot;:&quot;lightSpeedIn&quot;,&quot;motion_fx_devices&quot;:[&quot;desktop&quot;,&quot;tablet&quot;,&quot;mobile&quot;]}\" data-widget_type=\"heading.default\">\n\t\t\t\t\t<h2 class=\"elementor-heading-title elementor-size-xxl\">\u00a1Chish!<\/h2>\t\t\t\t<\/div>\n\t\t\t\t\t<\/div>\n\t\t<\/div>\n\t\t\t\t\t<\/div>\n\t\t<\/section>\n\t\t\t\t<section data-particle_enable=\"false\" data-particle-mobile-disabled=\"false\" class=\"elementor-section elementor-top-section elementor-element elementor-element-1ad9450 elementor-section-boxed elementor-section-height-default elementor-section-height-default\" data-id=\"1ad9450\" data-element_type=\"section\" data-e-type=\"section\">\n\t\t\t\t\t\t<div class=\"elementor-container elementor-column-gap-default\">\n\t\t\t\t\t<div class=\"elementor-column elementor-col-100 elementor-top-column elementor-element elementor-element-9ee9d8d\" data-id=\"9ee9d8d\" data-element_type=\"column\" data-e-type=\"column\">\n\t\t\t<div class=\"elementor-widget-wrap elementor-element-populated\">\n\t\t\t\t\t\t<div class=\"elementor-element elementor-element-e7d4406 elementor-widget elementor-widget-text-editor\" data-id=\"e7d4406\" data-element_type=\"widget\" data-e-type=\"widget\" data-widget_type=\"text-editor.default\">\n\t\t\t\t\t\t\t\t\t<p>Seg\u00fan el contexto es una expresi\u00f3n de asco: <i>\u00a1Chish! no toqu\u00e9s eso<\/i>, est\u00e1 asqueroso.<br \/>\u00a0o bien una exclamaci\u00f3n para relegar la importancia de un asunto, situaci\u00f3n o desaf\u00edo (aunque a veces sea solo para dar una apariencia).<br \/>&#8211;<i>\u00bfY no te preocupa el examen de ma\u00f1ana?<br \/>&#8211; \u00a1Chish! Ya me aprend\u00ed todo<\/i><\/p><p>Finalmente, tambi\u00e9n se utiliza al elogiar a alguien que tiene recursos econ\u00f3micos o bien para hablar\u00a0 o alardear de uno mismo en una situaci\u00f3n econ\u00f3mica holgada.<br \/><i>-Mir\u00e1 el carro que carga<br \/><span style=\"color: var( --e-global-color-text );\">-Aj\u00e1 \u00a1Chish pisto!\u00a0<\/span><\/i><\/p><p><span style=\"color: var( --e-global-color-text );\">O bien para expresar admiraci\u00f3n sobre los logros de alguien, ya sea que se creyera en la capacidad de esa persona o no previamente.<br \/>&#8211;<i>Qu\u00e9 bonita tu casa<br \/>-\u00a1Ah chish!<\/i><\/span><\/p>\t\t\t\t\t\t\t\t<\/div>\n\t\t\t\t\t<\/div>\n\t\t<\/div>\n\t\t\t\t\t<\/div>\n\t\t<\/section>\n\t\t\t\t<section data-particle_enable=\"false\" data-particle-mobile-disabled=\"false\" class=\"elementor-section elementor-top-section elementor-element elementor-element-648072a elementor-section-boxed elementor-section-height-default elementor-section-height-default\" data-id=\"648072a\" data-element_type=\"section\" data-e-type=\"section\">\n\t\t\t\t\t\t<div class=\"elementor-container elementor-column-gap-default\">\n\t\t\t\t\t<div class=\"elementor-column elementor-col-100 elementor-top-column elementor-element elementor-element-4a1c215\" data-id=\"4a1c215\" data-element_type=\"column\" data-e-type=\"column\">\n\t\t\t<div class=\"elementor-widget-wrap elementor-element-populated\">\n\t\t\t\t\t\t<div class=\"elementor-element elementor-element-f305e8c elementor-invisible elementor-widget elementor-widget-heading\" data-id=\"f305e8c\" data-element_type=\"widget\" data-e-type=\"widget\" data-settings=\"{&quot;motion_fx_motion_fx_scrolling&quot;:&quot;yes&quot;,&quot;_animation&quot;:&quot;lightSpeedIn&quot;,&quot;motion_fx_devices&quot;:[&quot;desktop&quot;,&quot;tablet&quot;,&quot;mobile&quot;]}\" data-widget_type=\"heading.default\">\n\t\t\t\t\t<h2 class=\"elementor-heading-title elementor-size-xxl\">Como chorizo en tienda<\/h2>\t\t\t\t<\/div>\n\t\t\t\t\t<\/div>\n\t\t<\/div>\n\t\t\t\t\t<\/div>\n\t\t<\/section>\n\t\t\t\t<section data-particle_enable=\"false\" data-particle-mobile-disabled=\"false\" class=\"elementor-section elementor-top-section elementor-element elementor-element-ad39e36 elementor-section-boxed elementor-section-height-default elementor-section-height-default\" data-id=\"ad39e36\" data-element_type=\"section\" data-e-type=\"section\">\n\t\t\t\t\t\t<div class=\"elementor-container elementor-column-gap-default\">\n\t\t\t\t\t<div class=\"elementor-column elementor-col-100 elementor-top-column elementor-element elementor-element-085a2c1\" data-id=\"085a2c1\" data-element_type=\"column\" data-e-type=\"column\">\n\t\t\t<div class=\"elementor-widget-wrap elementor-element-populated\">\n\t\t\t\t\t\t<div class=\"elementor-element elementor-element-d0956ae elementor-widget elementor-widget-text-editor\" data-id=\"d0956ae\" data-element_type=\"widget\" data-e-type=\"widget\" data-widget_type=\"text-editor.default\">\n\t\t\t\t\t\t\t\t\t<p>suele decirse de una pesona que est\u00e1 enamorada y no es correspondida, o al menos no se sabe. <i>\u00a1Miralo, est\u00e1 como chorizo en tienda y no le dice nada a ella!<\/i><\/p><p>La expresi\u00f3n proviene de las tiendas de barrio en las d\u00e9cada anteriores a 1980, cuando todav\u00eda vend\u00edan embutidos o chorizos caseros, que a menudo no eran refrigerados y se manten\u00edan colgados arriba de los mostradores. Despu\u00e9s de varios d\u00edas en exhibici\u00f3n, pr\u00e1cticamente ya no se vend\u00edan.<\/p>\t\t\t\t\t\t\t\t<\/div>\n\t\t\t\t\t<\/div>\n\t\t<\/div>\n\t\t\t\t\t<\/div>\n\t\t<\/section>\n\t\t<div data-particle_enable=\"false\" data-particle-mobile-disabled=\"false\" class=\"elementor-element elementor-element-e0edf6d e-flex e-con-boxed e-con e-parent\" data-id=\"e0edf6d\" data-element_type=\"container\" data-e-type=\"container\">\n\t\t\t\t\t<div class=\"e-con-inner\">\n\t\t\t\t<div class=\"elementor-element elementor-element-f2b7003 elementor-widget elementor-widget-image\" data-id=\"f2b7003\" data-element_type=\"widget\" data-e-type=\"widget\" data-widget_type=\"image.default\">\n\t\t\t\t\t\t\t\t\t\t\t\t<figure class=\"wp-caption\">\n\t\t\t\t\t\t\t\t\t\t<img fetchpriority=\"high\" decoding=\"async\" width=\"768\" height=\"537\" src=\"https:\/\/soymigrante.com\/revista\/wp-content\/uploads\/2024\/07\/Captura-de-pantalla-2024-07-16-123619.webp\" class=\"attachment-large size-large wp-image-7489\" alt=\"Crianza en la playa con columpio entre palmeras, vista al mar, ambiente tranquilo y relajante, ideal para vacaciones y descanso en destinos tur\u00edsticos de playa en M\u00e9xico.\" srcset=\"https:\/\/soymigrante.com\/revista\/wp-content\/uploads\/2024\/07\/Captura-de-pantalla-2024-07-16-123619.webp 876w, https:\/\/soymigrante.com\/revista\/wp-content\/uploads\/2024\/07\/Captura-de-pantalla-2024-07-16-123619-300x210.webp 300w, https:\/\/soymigrante.com\/revista\/wp-content\/uploads\/2024\/07\/Captura-de-pantalla-2024-07-16-123619-768x537.webp 768w, https:\/\/soymigrante.com\/revista\/wp-content\/uploads\/2024\/07\/Captura-de-pantalla-2024-07-16-123619-750x524.webp 750w\" sizes=\"(max-width: 768px) 100vw, 768px\" title=\"\u00bfQu\u00e9 tal estuvieron tus vacaciones en Playa Blanca?... \u2013 SoyMigrante.com REVISTA\" \/>\t\t\t\t\t\t\t\t\t\t\t<figcaption class=\"widget-image-caption wp-caption-text\">Persona en hamaca en playa con palmeras, vistas al mar, ambiente relajante y tur\u00edstico, perfecta para vacaciones en la costa.<\/figcaption>\n\t\t\t\t\t\t\t\t\t\t<\/figure>\n\t\t\t\t\t\t\t\t\t<\/div>\n\t\t\t\t\t<\/div>\n\t\t\t\t<\/div>\n\t\t\t\t<section data-particle_enable=\"false\" data-particle-mobile-disabled=\"false\" class=\"elementor-section elementor-top-section elementor-element elementor-element-373c1ae elementor-section-boxed elementor-section-height-default elementor-section-height-default\" data-id=\"373c1ae\" data-element_type=\"section\" data-e-type=\"section\">\n\t\t\t\t\t\t<div class=\"elementor-container elementor-column-gap-default\">\n\t\t\t\t\t<div class=\"elementor-column elementor-col-100 elementor-top-column elementor-element elementor-element-bce2749\" data-id=\"bce2749\" data-element_type=\"column\" data-e-type=\"column\">\n\t\t\t<div class=\"elementor-widget-wrap elementor-element-populated\">\n\t\t\t\t\t\t<div class=\"elementor-element elementor-element-d860be9 elementor-invisible elementor-widget elementor-widget-heading\" data-id=\"d860be9\" data-element_type=\"widget\" data-e-type=\"widget\" data-settings=\"{&quot;motion_fx_motion_fx_scrolling&quot;:&quot;yes&quot;,&quot;_animation&quot;:&quot;lightSpeedIn&quot;,&quot;motion_fx_devices&quot;:[&quot;desktop&quot;,&quot;tablet&quot;,&quot;mobile&quot;]}\" data-widget_type=\"heading.default\">\n\t\t\t\t\t<h2 class=\"elementor-heading-title elementor-size-xxl\">De a huevo<\/h2>\t\t\t\t<\/div>\n\t\t\t\t\t<\/div>\n\t\t<\/div>\n\t\t\t\t\t<\/div>\n\t\t<\/section>\n\t\t\t\t<section data-particle_enable=\"false\" data-particle-mobile-disabled=\"false\" class=\"elementor-section elementor-top-section elementor-element elementor-element-67fe54e elementor-section-boxed elementor-section-height-default elementor-section-height-default\" data-id=\"67fe54e\" data-element_type=\"section\" data-e-type=\"section\">\n\t\t\t\t\t\t<div class=\"elementor-container elementor-column-gap-default\">\n\t\t\t\t\t<div class=\"elementor-column elementor-col-100 elementor-top-column elementor-element elementor-element-b131871\" data-id=\"b131871\" data-element_type=\"column\" data-e-type=\"column\">\n\t\t\t<div class=\"elementor-widget-wrap elementor-element-populated\">\n\t\t\t\t\t\t<div class=\"elementor-element elementor-element-92082aa elementor-widget elementor-widget-text-editor\" data-id=\"92082aa\" data-element_type=\"widget\" data-e-type=\"widget\" data-widget_type=\"text-editor.default\">\n\t\t\t\t\t\t\t\t\t<p>Es una expresi\u00f3n coloquial que puede llegar a ser grosera en determinados contextos. Hay que decirlo. Pero a la vez es de uso constante entre guatemaltecos, sobre todo para expresar que est\u00e1s bien en la vida, que hubo \u00e9xito en un negocio o que algo sali\u00f3 a la perfecci\u00f3n en el deporte, el trabajo, las ventas, etc. <i>\u00bfC\u00f3mo te fue en la entrevista de trabajo? \u00a1De a huevo!\u00a0<\/i> Pero solo se utiliza en contextos de mucha confianza o amistad.<\/p><p>Tiene una acepci\u00f3n negativa, cuando se dice de una persona que intenta abusar de la confianza, tomar ventaja inadecuada o incluso agarrar lo que no es suyo.<br \/>\u00a1<i>Vos si saliste de a huevo, porque quer\u00e9s volver a cobrar la reparaci\u00f3n de un mal trabajo!<\/i><\/p><p>\u00bfCu\u00e1l has usado m\u00e1s, la versi\u00f3n positiva o la de reclamo?<\/p>\t\t\t\t\t\t\t\t<\/div>\n\t\t\t\t\t<\/div>\n\t\t<\/div>\n\t\t\t\t\t<\/div>\n\t\t<\/section>\n\t\t\t\t<section data-particle_enable=\"false\" data-particle-mobile-disabled=\"false\" class=\"elementor-section elementor-top-section elementor-element elementor-element-a08995b elementor-section-boxed elementor-section-height-default elementor-section-height-default\" data-id=\"a08995b\" data-element_type=\"section\" data-e-type=\"section\">\n\t\t\t\t\t\t<div class=\"elementor-container elementor-column-gap-default\">\n\t\t\t\t\t<div class=\"elementor-column elementor-col-100 elementor-top-column elementor-element elementor-element-c2f986b\" data-id=\"c2f986b\" data-element_type=\"column\" data-e-type=\"column\">\n\t\t\t<div class=\"elementor-widget-wrap elementor-element-populated\">\n\t\t\t\t\t\t<div class=\"elementor-element elementor-element-73e98af elementor-invisible elementor-widget elementor-widget-heading\" data-id=\"73e98af\" data-element_type=\"widget\" data-e-type=\"widget\" data-settings=\"{&quot;motion_fx_motion_fx_scrolling&quot;:&quot;yes&quot;,&quot;_animation&quot;:&quot;lightSpeedIn&quot;,&quot;motion_fx_devices&quot;:[&quot;desktop&quot;,&quot;tablet&quot;,&quot;mobile&quot;]}\" data-widget_type=\"heading.default\">\n\t\t\t\t\t<h2 class=\"elementor-heading-title elementor-size-xxl\">Haceme la pala <\/h2>\t\t\t\t<\/div>\n\t\t\t\t\t<\/div>\n\t\t<\/div>\n\t\t\t\t\t<\/div>\n\t\t<\/section>\n\t\t\t\t<section data-particle_enable=\"false\" data-particle-mobile-disabled=\"false\" class=\"elementor-section elementor-top-section elementor-element elementor-element-c72a956 elementor-section-boxed elementor-section-height-default elementor-section-height-default\" data-id=\"c72a956\" data-element_type=\"section\" data-e-type=\"section\">\n\t\t\t\t\t\t<div class=\"elementor-container elementor-column-gap-default\">\n\t\t\t\t\t<div class=\"elementor-column elementor-col-100 elementor-top-column elementor-element elementor-element-416614e\" data-id=\"416614e\" data-element_type=\"column\" data-e-type=\"column\">\n\t\t\t<div class=\"elementor-widget-wrap elementor-element-populated\">\n\t\t\t\t\t\t<div class=\"elementor-element elementor-element-481d5e5 elementor-widget elementor-widget-text-editor\" data-id=\"481d5e5\" data-element_type=\"widget\" data-e-type=\"widget\" data-widget_type=\"text-editor.default\">\n\t\t\t\t\t\t\t\t\t<p>A veces pedir un favor da pena y entonces se utilizan algunas expresiones eufem\u00edsticas, es decir, que casi dicen lo mismo pero de otra forma que no suena tan comprometedora o fuerte.<br \/>Haceme la pala es una de esas expresiones, equivalente a &#8220;Haceme la campa\u00f1a&#8221; o entre los abuelos tambi\u00e9n exist\u00eda: &#8220;Haceme una pandeada&#8221;.<br \/>Para terminar de coronar la humildad de la frase, se sol\u00eda agregar &#8220;Por vida tuya&#8221;.<\/p><p><i>\u00a1Haceme la pala, prestame tu troca. Necesito llevar unas cosas para mudarme!<\/i><\/p><div><span style=\"color: var( --e-global-color-text );\">\u00a0<\/span><\/div>\t\t\t\t\t\t\t\t<\/div>\n\t\t\t\t\t<\/div>\n\t\t<\/div>\n\t\t\t\t\t<\/div>\n\t\t<\/section>\n\t\t\t\t<section data-particle_enable=\"false\" data-particle-mobile-disabled=\"false\" class=\"elementor-section elementor-top-section elementor-element elementor-element-c974296 elementor-section-boxed elementor-section-height-default elementor-section-height-default\" data-id=\"c974296\" data-element_type=\"section\" data-e-type=\"section\">\n\t\t\t\t\t\t<div class=\"elementor-container elementor-column-gap-default\">\n\t\t\t\t\t<div class=\"elementor-column elementor-col-100 elementor-top-column elementor-element elementor-element-10b6c2c\" data-id=\"10b6c2c\" data-element_type=\"column\" data-e-type=\"column\">\n\t\t\t<div class=\"elementor-widget-wrap elementor-element-populated\">\n\t\t\t\t\t\t<div class=\"elementor-element elementor-element-9ca917e elementor-invisible elementor-widget elementor-widget-heading\" data-id=\"9ca917e\" data-element_type=\"widget\" data-e-type=\"widget\" data-settings=\"{&quot;motion_fx_motion_fx_scrolling&quot;:&quot;yes&quot;,&quot;_animation&quot;:&quot;lightSpeedIn&quot;,&quot;motion_fx_devices&quot;:[&quot;desktop&quot;,&quot;tablet&quot;,&quot;mobile&quot;]}\" data-widget_type=\"heading.default\">\n\t\t\t\t\t<h2 class=\"elementor-heading-title elementor-size-xxl\">Pashtudo <\/h2>\t\t\t\t<\/div>\n\t\t\t\t\t<\/div>\n\t\t<\/div>\n\t\t\t\t\t<\/div>\n\t\t<\/section>\n\t\t\t\t<section data-particle_enable=\"false\" data-particle-mobile-disabled=\"false\" class=\"elementor-section elementor-top-section elementor-element elementor-element-6d18f94 elementor-section-boxed elementor-section-height-default elementor-section-height-default\" data-id=\"6d18f94\" data-element_type=\"section\" data-e-type=\"section\">\n\t\t\t\t\t\t<div class=\"elementor-container elementor-column-gap-default\">\n\t\t\t\t\t<div class=\"elementor-column elementor-col-100 elementor-top-column elementor-element elementor-element-6e3aa17\" data-id=\"6e3aa17\" data-element_type=\"column\" data-e-type=\"column\">\n\t\t\t<div class=\"elementor-widget-wrap elementor-element-populated\">\n\t\t\t\t\t\t<div class=\"elementor-element elementor-element-1ff8304 elementor-widget elementor-widget-text-editor\" data-id=\"1ff8304\" data-element_type=\"widget\" data-e-type=\"widget\" data-widget_type=\"text-editor.default\">\n\t\t\t\t\t\t\t\t\t<p>Desarreglado, desarrapado, en fachas, quiz\u00e1 sin ba\u00f1arse ni peinarse, con ropa arrugada o inadecuada.<\/p><p><i>\u00a1No me dig\u00e1s que as\u00ed todo pashtudo te vas a ir a trabajar!<\/i><\/p>\t\t\t\t\t\t\t\t<\/div>\n\t\t\t\t\t<\/div>\n\t\t<\/div>\n\t\t\t\t\t<\/div>\n\t\t<\/section>\n\t\t\t\t<section data-particle_enable=\"false\" data-particle-mobile-disabled=\"false\" class=\"elementor-section elementor-top-section elementor-element elementor-element-c9e2152 elementor-section-boxed elementor-section-height-default elementor-section-height-default\" data-id=\"c9e2152\" data-element_type=\"section\" data-e-type=\"section\">\n\t\t\t\t\t\t<div class=\"elementor-container elementor-column-gap-default\">\n\t\t\t\t\t<div class=\"elementor-column elementor-col-100 elementor-top-column elementor-element elementor-element-01990b3\" data-id=\"01990b3\" data-element_type=\"column\" data-e-type=\"column\">\n\t\t\t<div class=\"elementor-widget-wrap elementor-element-populated\">\n\t\t\t\t\t\t<div class=\"elementor-element elementor-element-5e6ff01 elementor-invisible elementor-widget elementor-widget-heading\" data-id=\"5e6ff01\" data-element_type=\"widget\" data-e-type=\"widget\" data-settings=\"{&quot;motion_fx_motion_fx_scrolling&quot;:&quot;yes&quot;,&quot;_animation&quot;:&quot;lightSpeedIn&quot;,&quot;motion_fx_devices&quot;:[&quot;desktop&quot;,&quot;tablet&quot;,&quot;mobile&quot;]}\" data-widget_type=\"heading.default\">\n\t\t\t\t\t<h2 class=\"elementor-heading-title elementor-size-xxl\">\u00a1Tu cara!<\/h2>\t\t\t\t<\/div>\n\t\t\t\t\t<\/div>\n\t\t<\/div>\n\t\t\t\t\t<\/div>\n\t\t<\/section>\n\t\t\t\t<section data-particle_enable=\"false\" data-particle-mobile-disabled=\"false\" class=\"elementor-section elementor-top-section elementor-element elementor-element-4042fa7 elementor-section-boxed elementor-section-height-default elementor-section-height-default\" data-id=\"4042fa7\" data-element_type=\"section\" data-e-type=\"section\">\n\t\t\t\t\t\t<div class=\"elementor-container elementor-column-gap-default\">\n\t\t\t\t\t<div class=\"elementor-column elementor-col-100 elementor-top-column elementor-element elementor-element-cdc4745\" data-id=\"cdc4745\" data-element_type=\"column\" data-e-type=\"column\">\n\t\t\t<div class=\"elementor-widget-wrap elementor-element-populated\">\n\t\t\t\t\t\t<div class=\"elementor-element elementor-element-a84b239 elementor-widget elementor-widget-text-editor\" data-id=\"a84b239\" data-element_type=\"widget\" data-e-type=\"widget\" data-widget_type=\"text-editor.default\">\n\t\t\t\t\t\t\t\t\t<p>Es una groser\u00eda amortiguada que suele saltar cuando se descubre que alguien qued\u00f3 mal con un compromiso o trata de tomarte el pelo o abusar de tu confianza.\u00a0 Entonces, en lugar de soltar toda una sarta de expresiones soeces y subidas de tono.<br \/>-Fijate que le dieron un ray\u00f3n a tu troca cuando baj\u00e1bamos un mueble<br \/>-\u00a1Tu cara vos!<\/p>\t\t\t\t\t\t\t\t<\/div>\n\t\t\t\t\t<\/div>\n\t\t<\/div>\n\t\t\t\t\t<\/div>\n\t\t<\/section>\n\t\t\t\t<section data-particle_enable=\"false\" data-particle-mobile-disabled=\"false\" class=\"elementor-section elementor-top-section elementor-element elementor-element-900881f elementor-section-boxed elementor-section-height-default elementor-section-height-default\" data-id=\"900881f\" data-element_type=\"section\" data-e-type=\"section\">\n\t\t\t\t\t\t<div class=\"elementor-container elementor-column-gap-default\">\n\t\t\t\t\t<div class=\"elementor-column elementor-col-100 elementor-top-column elementor-element elementor-element-89c29b0\" data-id=\"89c29b0\" data-element_type=\"column\" data-e-type=\"column\">\n\t\t\t<div class=\"elementor-widget-wrap elementor-element-populated\">\n\t\t\t\t\t\t<div class=\"elementor-element elementor-element-e3efb59 elementor-invisible elementor-widget elementor-widget-heading\" data-id=\"e3efb59\" data-element_type=\"widget\" data-e-type=\"widget\" data-settings=\"{&quot;motion_fx_motion_fx_scrolling&quot;:&quot;yes&quot;,&quot;_animation&quot;:&quot;lightSpeedIn&quot;,&quot;motion_fx_devices&quot;:[&quot;desktop&quot;,&quot;tablet&quot;,&quot;mobile&quot;]}\" data-widget_type=\"heading.default\">\n\t\t\t\t\t<h2 class=\"elementor-heading-title elementor-size-xxl\">Marmaja<\/h2>\t\t\t\t<\/div>\n\t\t\t\t\t<\/div>\n\t\t<\/div>\n\t\t\t\t\t<\/div>\n\t\t<\/section>\n\t\t\t\t<section data-particle_enable=\"false\" data-particle-mobile-disabled=\"false\" class=\"elementor-section elementor-top-section elementor-element elementor-element-8ab7641 elementor-section-boxed elementor-section-height-default elementor-section-height-default\" data-id=\"8ab7641\" data-element_type=\"section\" data-e-type=\"section\">\n\t\t\t\t\t\t<div class=\"elementor-container elementor-column-gap-default\">\n\t\t\t\t\t<div class=\"elementor-column elementor-col-100 elementor-top-column elementor-element elementor-element-2c2223c\" data-id=\"2c2223c\" data-element_type=\"column\" data-e-type=\"column\">\n\t\t\t<div class=\"elementor-widget-wrap elementor-element-populated\">\n\t\t\t\t\t\t<div class=\"elementor-element elementor-element-c38563e elementor-widget elementor-widget-text-editor\" data-id=\"c38563e\" data-element_type=\"widget\" data-e-type=\"widget\" data-widget_type=\"text-editor.default\">\n\t\t\t\t\t\t\t\t\t<p>Alude a cierta cantidad voluminosa de dinero en efectivo. Quiz\u00e1 un fajo de billetes o bien una cantidad indeterminada en el bolsillo, en la billetera o guardada en alg\u00fan mueble.<\/p><p><i>\u00a0&#8220;Entonces te dejo la troca en 3 mil, pero \u00a1quiero completa la marmaja!\u00a0<\/i><\/p><div><span style=\"color: var( --e-global-color-text );\">\u00a0<\/span><\/div>\t\t\t\t\t\t\t\t<\/div>\n\t\t\t\t\t<\/div>\n\t\t<\/div>\n\t\t\t\t\t<\/div>\n\t\t<\/section>\n\t\t\t\t<section data-particle_enable=\"false\" data-particle-mobile-disabled=\"false\" class=\"elementor-section elementor-top-section elementor-element elementor-element-52caf7b elementor-section-boxed elementor-section-height-default elementor-section-height-default\" data-id=\"52caf7b\" data-element_type=\"section\" data-e-type=\"section\">\n\t\t\t\t\t\t<div class=\"elementor-container elementor-column-gap-default\">\n\t\t\t\t\t<div class=\"elementor-column elementor-col-100 elementor-top-column elementor-element elementor-element-56804e9\" data-id=\"56804e9\" data-element_type=\"column\" data-e-type=\"column\">\n\t\t\t<div class=\"elementor-widget-wrap elementor-element-populated\">\n\t\t\t\t\t\t<div class=\"elementor-element elementor-element-ee43c03 elementor-invisible elementor-widget elementor-widget-heading\" data-id=\"ee43c03\" data-element_type=\"widget\" data-e-type=\"widget\" data-settings=\"{&quot;motion_fx_motion_fx_scrolling&quot;:&quot;yes&quot;,&quot;_animation&quot;:&quot;lightSpeedIn&quot;,&quot;motion_fx_devices&quot;:[&quot;desktop&quot;,&quot;tablet&quot;,&quot;mobile&quot;]}\" data-widget_type=\"heading.default\">\n\t\t\t\t\t<h2 class=\"elementor-heading-title elementor-size-xxl\">Ishto o ishta<\/h2>\t\t\t\t<\/div>\n\t\t\t\t\t<\/div>\n\t\t<\/div>\n\t\t\t\t\t<\/div>\n\t\t<\/section>\n\t\t\t\t<section data-particle_enable=\"false\" data-particle-mobile-disabled=\"false\" class=\"elementor-section elementor-top-section elementor-element elementor-element-c71ab3b elementor-section-boxed elementor-section-height-default elementor-section-height-default\" data-id=\"c71ab3b\" data-element_type=\"section\" data-e-type=\"section\">\n\t\t\t\t\t\t<div class=\"elementor-container elementor-column-gap-default\">\n\t\t\t\t\t<div class=\"elementor-column elementor-col-100 elementor-top-column elementor-element elementor-element-b32c3d1\" data-id=\"b32c3d1\" data-element_type=\"column\" data-e-type=\"column\">\n\t\t\t<div class=\"elementor-widget-wrap elementor-element-populated\">\n\t\t\t\t\t\t<div class=\"elementor-element elementor-element-03c0357 elementor-widget elementor-widget-text-editor\" data-id=\"03c0357\" data-element_type=\"widget\" data-e-type=\"widget\" data-widget_type=\"text-editor.default\">\n\t\t\t\t\t\t\t\t\t<p><span style=\"color: var( --e-global-color-text );\">Por definici\u00f3n, ese un t\u00e9rmino que hace referencia a un ni\u00f1o o ni\u00f1a. <i>\u00a1Ya no aguanto a estos ishtos!<\/i><\/span><\/p><p><span style=\"color: var( --e-global-color-text );\">Por extensi\u00f3n se utiliza tambi\u00e9n para describir a j\u00f3venes o adultos que no se comportan como tales, que tienen conductas inmaduras o bien que aparentan tener una edad menor. La palabra admite diminutivos para enfatizar su sentido.<br \/>\u00a1<i>Parec\u00e9s ishta, ten\u00e9s que ser m\u00e1s responsable en el trabajo!<br \/>\u00a1Que se van a casar, dicen! Pero si son puros isht\u00edos<\/i><\/span><\/p><p>\u00a0<\/p><p><span style=\"color: var( --e-global-color-text );\">\u00a0<\/span><\/p>\t\t\t\t\t\t\t\t<\/div>\n\t\t\t\t\t<\/div>\n\t\t<\/div>\n\t\t\t\t\t<\/div>\n\t\t<\/section>\n\t\t\t\t<section data-particle_enable=\"false\" data-particle-mobile-disabled=\"false\" class=\"elementor-section elementor-top-section elementor-element elementor-element-eb1b632 elementor-section-boxed elementor-section-height-default elementor-section-height-default\" data-id=\"eb1b632\" data-element_type=\"section\" data-e-type=\"section\">\n\t\t\t\t\t\t<div class=\"elementor-container elementor-column-gap-default\">\n\t\t\t\t\t<div class=\"elementor-column elementor-col-100 elementor-top-column elementor-element elementor-element-d5ea726\" data-id=\"d5ea726\" data-element_type=\"column\" data-e-type=\"column\">\n\t\t\t<div class=\"elementor-widget-wrap elementor-element-populated\">\n\t\t\t\t\t\t<div class=\"elementor-element elementor-element-7c1ee03 elementor-invisible elementor-widget elementor-widget-heading\" data-id=\"7c1ee03\" data-element_type=\"widget\" data-e-type=\"widget\" data-settings=\"{&quot;motion_fx_motion_fx_scrolling&quot;:&quot;yes&quot;,&quot;_animation&quot;:&quot;lightSpeedIn&quot;,&quot;motion_fx_devices&quot;:[&quot;desktop&quot;,&quot;tablet&quot;,&quot;mobile&quot;]}\" data-widget_type=\"heading.default\">\n\t\t\t\t\t<h2 class=\"elementor-heading-title elementor-size-xxl\">S\u00ed, va vos...<\/h2>\t\t\t\t<\/div>\n\t\t\t\t\t<\/div>\n\t\t<\/div>\n\t\t\t\t\t<\/div>\n\t\t<\/section>\n\t\t\t\t<section data-particle_enable=\"false\" data-particle-mobile-disabled=\"false\" class=\"elementor-section elementor-top-section elementor-element elementor-element-765ac4c elementor-section-boxed elementor-section-height-default elementor-section-height-default\" data-id=\"765ac4c\" data-element_type=\"section\" data-e-type=\"section\">\n\t\t\t\t\t\t<div class=\"elementor-container elementor-column-gap-default\">\n\t\t\t\t\t<div class=\"elementor-column elementor-col-100 elementor-top-column elementor-element elementor-element-e4cd361\" data-id=\"e4cd361\" data-element_type=\"column\" data-e-type=\"column\">\n\t\t\t<div class=\"elementor-widget-wrap elementor-element-populated\">\n\t\t\t\t\t\t<div class=\"elementor-element elementor-element-c58471b elementor-widget elementor-widget-text-editor\" data-id=\"c58471b\" data-element_type=\"widget\" data-e-type=\"widget\" data-widget_type=\"text-editor.default\">\n\t\t\t\t\t\t\t\t\t<p>Expresi\u00f3n condescendiente, coloquial que pr\u00e1cticamente no significa nada. Se utiliza para dar impresi\u00f3n de que se est\u00e1 poniendo atenci\u00f3n en una conversaci\u00f3n o bien de que se est\u00e1 oyendo al otro, pero a continuaci\u00f3n vendr\u00e1 una excusa, un pero o una mala noticia.<br \/>&#8211;<i>La reparaci\u00f3n del motor no qued\u00f3 bien, est\u00e1 haciendo ruido pero se supone que compraste repuestos nuevos, no s\u00e9 que vas a hacer o me devolv\u00e9s el dinero, o qu\u00e9 hacemos<br \/><span style=\"color: var( --e-global-color-text );\">-Si, va vos&#8230; este mir\u00e1&#8230;<\/span><\/i><\/p><p><span style=\"color: var( --e-global-color-text );\">\u00f3 &#8211;<i>Si va vos, yo entiendo tu postura y tus razones, pero igual te tengo que despedir<\/i><\/span><\/p><p><span style=\"color: var( --e-global-color-text );\">Cuando no hay mucha confianza, puede utilizarse el pronombre Usted, con similares largas y sospechas de que luego viene una excusa.<i> \u00a1S\u00ed, va usted?<\/i><\/span><\/p><p>\u00a0<\/p>\t\t\t\t\t\t\t\t<\/div>\n\t\t\t\t\t<\/div>\n\t\t<\/div>\n\t\t\t\t\t<\/div>\n\t\t<\/section>\n\t\t\t\t<section data-particle_enable=\"false\" data-particle-mobile-disabled=\"false\" class=\"elementor-section elementor-top-section elementor-element elementor-element-b33ebe4 elementor-section-boxed elementor-section-height-default elementor-section-height-default\" data-id=\"b33ebe4\" data-element_type=\"section\" data-e-type=\"section\">\n\t\t\t\t\t\t<div class=\"elementor-container elementor-column-gap-default\">\n\t\t\t\t\t<div class=\"elementor-column elementor-col-100 elementor-top-column elementor-element elementor-element-0225b64\" data-id=\"0225b64\" data-element_type=\"column\" data-e-type=\"column\">\n\t\t\t<div class=\"elementor-widget-wrap elementor-element-populated\">\n\t\t\t\t\t\t<div class=\"elementor-element elementor-element-2e4d73c elementor-invisible elementor-widget elementor-widget-heading\" data-id=\"2e4d73c\" data-element_type=\"widget\" data-e-type=\"widget\" data-settings=\"{&quot;motion_fx_motion_fx_scrolling&quot;:&quot;yes&quot;,&quot;_animation&quot;:&quot;lightSpeedIn&quot;,&quot;motion_fx_devices&quot;:[&quot;desktop&quot;,&quot;tablet&quot;,&quot;mobile&quot;]}\" data-widget_type=\"heading.default\">\n\t\t\t\t\t<h2 class=\"elementor-heading-title elementor-size-xxl\">Chiribisco<\/h2>\t\t\t\t<\/div>\n\t\t\t\t\t<\/div>\n\t\t<\/div>\n\t\t\t\t\t<\/div>\n\t\t<\/section>\n\t\t\t\t<section data-particle_enable=\"false\" data-particle-mobile-disabled=\"false\" class=\"elementor-section elementor-top-section elementor-element elementor-element-ada24dd elementor-section-boxed elementor-section-height-default elementor-section-height-default\" data-id=\"ada24dd\" data-element_type=\"section\" data-e-type=\"section\">\n\t\t\t\t\t\t<div class=\"elementor-container elementor-column-gap-default\">\n\t\t\t\t\t<div class=\"elementor-column elementor-col-100 elementor-top-column elementor-element elementor-element-c5c7be3\" data-id=\"c5c7be3\" data-element_type=\"column\" data-e-type=\"column\">\n\t\t\t<div class=\"elementor-widget-wrap elementor-element-populated\">\n\t\t\t\t\t\t<div class=\"elementor-element elementor-element-690c2eb elementor-widget elementor-widget-text-editor\" data-id=\"690c2eb\" data-element_type=\"widget\" data-e-type=\"widget\" data-widget_type=\"text-editor.default\">\n\t\t\t\t\t\t\t\t\t<p>Ramas secas y delgadas utilizadas como le\u00f1a. Su uso era m\u00e1s frecuente cuando hab\u00eda m\u00e1s utilizaci\u00f3n de madera para cocinar en los hogares rurales.\u00a0<br \/><i>&#8211; And\u00e1 buscame r\u00e1pido unos chiribiscos porque se acabaron los le\u00f1os<\/i><\/p><p>Por similitud, tambi\u00e9n se usa para hacer alusi\u00f3n a una peresona extremadamente delgada o de constituci\u00f3n fr\u00e1gil.<\/p><p><i>&#8211; La fui a visitar, pero \u00a1ay Dios! Est\u00e1 puro chiribisco por tantas dietas que hace.<\/i><\/p>\t\t\t\t\t\t\t\t<\/div>\n\t\t\t\t\t<\/div>\n\t\t<\/div>\n\t\t\t\t\t<\/div>\n\t\t<\/section>\n\t\t<div data-particle_enable=\"false\" data-particle-mobile-disabled=\"false\" class=\"elementor-element elementor-element-11f69a4 e-flex e-con-boxed e-con e-parent\" data-id=\"11f69a4\" data-element_type=\"container\" data-e-type=\"container\">\n\t\t\t\t\t<div class=\"e-con-inner\">\n\t\t\t\t<div class=\"elementor-element elementor-element-c8da3e5 elementor-widget elementor-widget-image\" data-id=\"c8da3e5\" data-element_type=\"widget\" data-e-type=\"widget\" data-widget_type=\"image.default\">\n\t\t\t\t\t\t\t\t\t\t\t\t\t\t\t<img decoding=\"async\" width=\"752\" height=\"462\" src=\"https:\/\/soymigrante.com\/revista\/wp-content\/uploads\/2024\/07\/un-parito-con-los-cuatees.webp\" class=\"attachment-large size-large wp-image-7488\" alt=\"Galer\u00eda de migrantes celebrando en un encuentro social en un ambiente c\u00e1lido y amistoso, promoviendo la comunidad y el apoyo entre migrantes en la revista SoyMigrante.com.\" srcset=\"https:\/\/soymigrante.com\/revista\/wp-content\/uploads\/2024\/07\/un-parito-con-los-cuatees.webp 752w, https:\/\/soymigrante.com\/revista\/wp-content\/uploads\/2024\/07\/un-parito-con-los-cuatees-300x184.webp 300w, https:\/\/soymigrante.com\/revista\/wp-content\/uploads\/2024\/07\/un-parito-con-los-cuatees-750x461.webp 750w\" sizes=\"(max-width: 752px) 100vw, 752px\" title=\"palabras chapinas un parito \u2013 SoyMigrante.com REVISTA\" \/>\t\t\t\t\t\t\t\t\t\t\t\t\t\t\t<\/div>\n\t\t\t\t\t<\/div>\n\t\t\t\t<\/div>\n\t\t\t\t<section data-particle_enable=\"false\" data-particle-mobile-disabled=\"false\" class=\"elementor-section elementor-top-section elementor-element elementor-element-e7748bb elementor-section-boxed elementor-section-height-default elementor-section-height-default\" data-id=\"e7748bb\" data-element_type=\"section\" data-e-type=\"section\">\n\t\t\t\t\t\t<div class=\"elementor-container elementor-column-gap-default\">\n\t\t\t\t\t<div class=\"elementor-column elementor-col-100 elementor-top-column elementor-element elementor-element-88b8f4e\" data-id=\"88b8f4e\" data-element_type=\"column\" data-e-type=\"column\">\n\t\t\t<div class=\"elementor-widget-wrap elementor-element-populated\">\n\t\t\t\t\t\t<div class=\"elementor-element elementor-element-b581e75 elementor-invisible elementor-widget elementor-widget-heading\" data-id=\"b581e75\" data-element_type=\"widget\" data-e-type=\"widget\" data-settings=\"{&quot;motion_fx_motion_fx_scrolling&quot;:&quot;yes&quot;,&quot;_animation&quot;:&quot;lightSpeedIn&quot;,&quot;motion_fx_devices&quot;:[&quot;desktop&quot;,&quot;tablet&quot;,&quot;mobile&quot;]}\" data-widget_type=\"heading.default\">\n\t\t\t\t\t<h2 class=\"elementor-heading-title elementor-size-xxl\">Un parito <\/h2>\t\t\t\t<\/div>\n\t\t\t\t\t<\/div>\n\t\t<\/div>\n\t\t\t\t\t<\/div>\n\t\t<\/section>\n\t\t\t\t<section data-particle_enable=\"false\" data-particle-mobile-disabled=\"false\" class=\"elementor-section elementor-top-section elementor-element elementor-element-9113bee elementor-section-boxed elementor-section-height-default elementor-section-height-default\" data-id=\"9113bee\" data-element_type=\"section\" data-e-type=\"section\">\n\t\t\t\t\t\t<div class=\"elementor-container elementor-column-gap-default\">\n\t\t\t\t\t<div class=\"elementor-column elementor-col-100 elementor-top-column elementor-element elementor-element-f914398\" data-id=\"f914398\" data-element_type=\"column\" data-e-type=\"column\">\n\t\t\t<div class=\"elementor-widget-wrap elementor-element-populated\">\n\t\t\t\t\t\t<div class=\"elementor-element elementor-element-f62f4aa elementor-widget elementor-widget-text-editor\" data-id=\"f62f4aa\" data-element_type=\"widget\" data-e-type=\"widget\" data-widget_type=\"text-editor.default\">\n\t\t\t\t\t\t\t\t\t<p>Expresi\u00f3n m\u00e1s bien exclusiva entre varones que a veces se convierte en simple pregunta \u00bfUn parito?, referente a compartir un par de cervezas.<br \/>Lo m\u00e1s curioso es que a veces no se limita a dos. Funciona tambi\u00e9n en diferido, para sellar un compromiso.<br \/><i>&#8211; \u00bfEchamos un parito el viernes?<\/i><\/p>\t\t\t\t\t\t\t\t<\/div>\n\t\t\t\t\t<\/div>\n\t\t<\/div>\n\t\t\t\t\t<\/div>\n\t\t<\/section>\n\t\t\t\t<section data-particle_enable=\"false\" data-particle-mobile-disabled=\"false\" class=\"elementor-section elementor-top-section elementor-element elementor-element-ff1a0b6 elementor-section-boxed elementor-section-height-default elementor-section-height-default\" data-id=\"ff1a0b6\" data-element_type=\"section\" data-e-type=\"section\">\n\t\t\t\t\t\t<div class=\"elementor-container elementor-column-gap-default\">\n\t\t\t\t\t<div class=\"elementor-column elementor-col-100 elementor-top-column elementor-element elementor-element-6479bd3\" data-id=\"6479bd3\" data-element_type=\"column\" data-e-type=\"column\">\n\t\t\t<div class=\"elementor-widget-wrap elementor-element-populated\">\n\t\t\t\t\t\t<div class=\"elementor-element elementor-element-cefd624 elementor-invisible elementor-widget elementor-widget-heading\" data-id=\"cefd624\" data-element_type=\"widget\" data-e-type=\"widget\" data-settings=\"{&quot;motion_fx_motion_fx_scrolling&quot;:&quot;yes&quot;,&quot;_animation&quot;:&quot;lightSpeedIn&quot;,&quot;motion_fx_devices&quot;:[&quot;desktop&quot;,&quot;tablet&quot;,&quot;mobile&quot;]}\" data-widget_type=\"heading.default\">\n\t\t\t\t\t<h2 class=\"elementor-heading-title elementor-size-xxl\">Chamusca <\/h2>\t\t\t\t<\/div>\n\t\t\t\t\t<\/div>\n\t\t<\/div>\n\t\t\t\t\t<\/div>\n\t\t<\/section>\n\t\t\t\t<section data-particle_enable=\"false\" data-particle-mobile-disabled=\"false\" class=\"elementor-section elementor-top-section elementor-element elementor-element-50f03f8 elementor-section-boxed elementor-section-height-default elementor-section-height-default\" data-id=\"50f03f8\" data-element_type=\"section\" data-e-type=\"section\">\n\t\t\t\t\t\t<div class=\"elementor-container elementor-column-gap-default\">\n\t\t\t\t\t<div class=\"elementor-column elementor-col-100 elementor-top-column elementor-element elementor-element-e6d72aa\" data-id=\"e6d72aa\" data-element_type=\"column\" data-e-type=\"column\">\n\t\t\t<div class=\"elementor-widget-wrap elementor-element-populated\">\n\t\t\t\t\t\t<div class=\"elementor-element elementor-element-651d602 elementor-widget elementor-widget-text-editor\" data-id=\"651d602\" data-element_type=\"widget\" data-e-type=\"widget\" data-widget_type=\"text-editor.default\">\n\t\t\t\t\t\t\t\t\t<p>Partido informal de futbol en un parque o en la calle. Usualmente las porter\u00edas son improvisadas, con dos piedras, dos botellas o lo que asemeje un peque\u00f1o marco. No suele haber uniformes ni colores distintivos, por ello dentro de las acciones usuales de la &#8220;chamusca&#8221; est\u00e1 que el equipo al que le anotan un gol primero se debe quitar la camisa.<br \/>El tiempo de la chamusca a menudo se pacta por aquel equipo que anote primero 5 goles o bien cuando llega la hora de que algunos deban irse. Y cuando esto sucede, independientemente de como vaya el marcador puede que alguien diga: \u00a1\u00daltimo gol gana!<br \/><i>&#8211; \u00bfEchamos una chamusca m\u00e1s tarde much\u00e1?<\/i><\/p><p><i>\u00a0<\/i><\/p>\t\t\t\t\t\t\t\t<\/div>\n\t\t\t\t\t<\/div>\n\t\t<\/div>\n\t\t\t\t\t<\/div>\n\t\t<\/section>\n\t\t<div data-particle_enable=\"false\" data-particle-mobile-disabled=\"false\" class=\"elementor-element elementor-element-5ad3f47 e-flex e-con-boxed e-con e-parent\" data-id=\"5ad3f47\" data-element_type=\"container\" data-e-type=\"container\">\n\t\t\t\t\t<div class=\"e-con-inner\">\n\t\t\t\t<div class=\"elementor-element elementor-element-4a42c19 elementor-grid-eael-col-1 elementor-grid-tablet-eael-col-2 elementor-grid-mobile-eael-col-1 elementor-widget elementor-widget-eael-post-grid\" data-id=\"4a42c19\" data-element_type=\"widget\" data-e-type=\"widget\" data-settings=\"{&quot;eael_post_grid_columns&quot;:&quot;eael-col-1&quot;,&quot;eael_post_grid_columns_tablet&quot;:&quot;eael-col-2&quot;,&quot;eael_post_grid_columns_mobile&quot;:&quot;eael-col-1&quot;}\" data-widget_type=\"eael-post-grid.default\">\n\t\t\t\t\t<div id=\"eael-post-grid-4a42c19\" class=\"eael-post-grid-container\">\n            <div class=\"eael-post-grid eael-post-appender eael-post-appender-4a42c19 eael-post-grid-style-one\" data-layout-mode=\"masonry\"><article class=\"eael-grid-post  eael-post-grid-column eael-pg-post-5333 category-guate-nuestra\" data-id=\"5333\">\n        <div class=\"eael-grid-post-holder\">\n            <div class=\"eael-grid-post-holder-inner\"><div class=\"eael-entry-media\"><div class=\"eael-entry-overlay fade-in\"><i class=\"far fa-hand-pointer\" aria-hidden=\"true\"><\/i><a href=\"https:\/\/soymigrante.com\/revista\/porque-nos-dicen-chapines-a-los-guatemaltecos\/\"><\/a><\/div><div class=\"eael-entry-thumbnail \">\n                <img decoding=\"async\" width=\"863\" height=\"751\" src=\"https:\/\/soymigrante.com\/revista\/wp-content\/uploads\/2024\/03\/chap-chap.webp\" class=\"attachment-large size-large wp-image-5347\" alt=\"Chapines de Guatemala explicaci\u00f3n historia Chap\u00edn de Guatemala\" srcset=\"https:\/\/soymigrante.com\/revista\/wp-content\/uploads\/2024\/03\/chap-chap.webp 863w, https:\/\/soymigrante.com\/revista\/wp-content\/uploads\/2024\/03\/chap-chap-300x261.webp 300w, https:\/\/soymigrante.com\/revista\/wp-content\/uploads\/2024\/03\/chap-chap-768x668.webp 768w, https:\/\/soymigrante.com\/revista\/wp-content\/uploads\/2024\/03\/chap-chap-750x653.webp 750w\" sizes=\"(max-width: 863px) 100vw, 863px\" \/>\n            <\/div>\n        <\/div><div class=\"eael-entry-wrapper\"><header class=\"eael-entry-header\"><h2 class=\"eael-entry-title\"><a class=\"eael-grid-post-link\" href=\"https:\/\/soymigrante.com\/revista\/porque-nos-dicen-chapines-a-los-guatemaltecos\/\" title=\"\u00bfPorqu\u00e9 nos dicen chapines a los guatemaltecos?\">\u00bfPorqu\u00e9 nos dicen chapines a los guatemaltecos?<\/a><\/h2><\/header><div class=\"eael-entry-content\">\n                        <div class=\"eael-grid-post-excerpt\"><a href=\"https:\/\/soymigrante.com\/revista\/porque-nos-dicen-chapines-a-los-guatemaltecos\/\" class=\"eael-post-elements-readmore-btn\">CONOCE SU HISTORIA <\/a><\/div>\n                    <\/div><\/div><\/div>\n        <\/div>\n    <\/article><\/div>\n            <div class=\"clearfix\"><\/div>\n        <\/div>\t\t\t\t<\/div>\n\t\t\t\t\t<\/div>\n\t\t\t\t<\/div>\n\t\t\t\t<section data-particle_enable=\"false\" data-particle-mobile-disabled=\"false\" class=\"elementor-section elementor-top-section elementor-element elementor-element-9e093a6 elementor-section-boxed elementor-section-height-default elementor-section-height-default\" data-id=\"9e093a6\" data-element_type=\"section\" data-e-type=\"section\">\n\t\t\t\t\t\t<div class=\"elementor-container elementor-column-gap-default\">\n\t\t\t\t\t<div class=\"elementor-column elementor-col-100 elementor-top-column elementor-element elementor-element-ccc3194\" data-id=\"ccc3194\" data-element_type=\"column\" data-e-type=\"column\">\n\t\t\t<div class=\"elementor-widget-wrap elementor-element-populated\">\n\t\t\t\t\t\t<div class=\"elementor-element elementor-element-abae778 elementor-invisible elementor-widget elementor-widget-heading\" data-id=\"abae778\" data-element_type=\"widget\" data-e-type=\"widget\" data-settings=\"{&quot;motion_fx_motion_fx_scrolling&quot;:&quot;yes&quot;,&quot;_animation&quot;:&quot;lightSpeedIn&quot;,&quot;motion_fx_devices&quot;:[&quot;desktop&quot;,&quot;tablet&quot;,&quot;mobile&quot;]}\" data-widget_type=\"heading.default\">\n\t\t\t\t\t<h2 class=\"elementor-heading-title elementor-size-xxl\">Mascado<\/h2>\t\t\t\t<\/div>\n\t\t\t\t\t<\/div>\n\t\t<\/div>\n\t\t\t\t\t<\/div>\n\t\t<\/section>\n\t\t\t\t<section data-particle_enable=\"false\" data-particle-mobile-disabled=\"false\" class=\"elementor-section elementor-top-section elementor-element elementor-element-029dc9d elementor-section-boxed elementor-section-height-default elementor-section-height-default\" data-id=\"029dc9d\" data-element_type=\"section\" data-e-type=\"section\">\n\t\t\t\t\t\t<div class=\"elementor-container elementor-column-gap-default\">\n\t\t\t\t\t<div class=\"elementor-column elementor-col-100 elementor-top-column elementor-element elementor-element-fa206c8\" data-id=\"fa206c8\" data-element_type=\"column\" data-e-type=\"column\">\n\t\t\t<div class=\"elementor-widget-wrap elementor-element-populated\">\n\t\t\t\t\t\t<div class=\"elementor-element elementor-element-e6e4527 elementor-widget elementor-widget-text-editor\" data-id=\"e6e4527\" data-element_type=\"widget\" data-e-type=\"widget\" data-widget_type=\"text-editor.default\">\n\t\t\t\t\t\t\t\t\t<p>Referente a una persona que se mantiene de mal humor o que se enoj\u00f3 por alguna situaci\u00f3n.\u00a0<br \/><i>&#8211; Jorge se qued\u00f3 mascado conmigo porque me pusieron de portero en el juego.<br \/>De all\u00ed devienen otras expresiones coloquiales, alusivas a ese estado de \u00e1nimo.<br \/>&#8211; No te masqu\u00e9s, que no fue mi intenci\u00f3n hacerte quedar mal<br \/>&#8211; Se masc\u00f3 y se fue porque crey\u00f3 que estaban hablando de ella<\/i><\/p><p>.<\/p>\t\t\t\t\t\t\t\t<\/div>\n\t\t\t\t\t<\/div>\n\t\t<\/div>\n\t\t\t\t\t<\/div>\n\t\t<\/section>\n\t\t\t\t<section data-particle_enable=\"false\" data-particle-mobile-disabled=\"false\" class=\"elementor-section elementor-top-section elementor-element elementor-element-76d08e9 elementor-section-boxed elementor-section-height-default elementor-section-height-default\" data-id=\"76d08e9\" data-element_type=\"section\" data-e-type=\"section\">\n\t\t\t\t\t\t<div class=\"elementor-container elementor-column-gap-default\">\n\t\t\t\t\t<div class=\"elementor-column elementor-col-100 elementor-top-column elementor-element elementor-element-6d0724f\" data-id=\"6d0724f\" data-element_type=\"column\" data-e-type=\"column\">\n\t\t\t<div class=\"elementor-widget-wrap elementor-element-populated\">\n\t\t\t\t\t\t<div class=\"elementor-element elementor-element-6b1b774 elementor-invisible elementor-widget elementor-widget-heading\" data-id=\"6b1b774\" data-element_type=\"widget\" data-e-type=\"widget\" data-settings=\"{&quot;motion_fx_motion_fx_scrolling&quot;:&quot;yes&quot;,&quot;_animation&quot;:&quot;lightSpeedIn&quot;,&quot;motion_fx_devices&quot;:[&quot;desktop&quot;,&quot;tablet&quot;,&quot;mobile&quot;]}\" data-widget_type=\"heading.default\">\n\t\t\t\t\t<h2 class=\"elementor-heading-title elementor-size-xxl\">Rascuache<\/h2>\t\t\t\t<\/div>\n\t\t\t\t\t<\/div>\n\t\t<\/div>\n\t\t\t\t\t<\/div>\n\t\t<\/section>\n\t\t\t\t<section data-particle_enable=\"false\" data-particle-mobile-disabled=\"false\" class=\"elementor-section elementor-top-section elementor-element elementor-element-ebbe4a1 elementor-section-boxed elementor-section-height-default elementor-section-height-default\" data-id=\"ebbe4a1\" data-element_type=\"section\" data-e-type=\"section\">\n\t\t\t\t\t\t<div class=\"elementor-container elementor-column-gap-default\">\n\t\t\t\t\t<div class=\"elementor-column elementor-col-100 elementor-top-column elementor-element elementor-element-0ec7bdc\" data-id=\"0ec7bdc\" data-element_type=\"column\" data-e-type=\"column\">\n\t\t\t<div class=\"elementor-widget-wrap elementor-element-populated\">\n\t\t\t\t\t\t<div class=\"elementor-element elementor-element-ef2cdfc elementor-widget elementor-widget-text-editor\" data-id=\"ef2cdfc\" data-element_type=\"widget\" data-e-type=\"widget\" data-widget_type=\"text-editor.default\">\n\t\t\t\t\t\t\t\t\t<p>De mala calidad, con mal aspecto o mal hecho. Generalmente se usa para expresar decepci\u00f3n respecto de una expectativa m\u00e1s alta.<\/p><p>&#8211;<i> Esa pintura que le aplicaste a mi troca era de la m\u00e1s rascuache<br \/>&#8211; \u00a1Que rascuaches los alba\u00f1iles, ni siquiera aplicaron bien el cernido!<\/i><\/p>\t\t\t\t\t\t\t\t<\/div>\n\t\t\t\t\t<\/div>\n\t\t<\/div>\n\t\t\t\t\t<\/div>\n\t\t<\/section>\n\t\t\t\t<section data-particle_enable=\"false\" data-particle-mobile-disabled=\"false\" class=\"elementor-section elementor-top-section elementor-element elementor-element-87c470e elementor-section-boxed elementor-section-height-default elementor-section-height-default\" data-id=\"87c470e\" data-element_type=\"section\" data-e-type=\"section\">\n\t\t\t\t\t\t<div class=\"elementor-container elementor-column-gap-default\">\n\t\t\t\t\t<div class=\"elementor-column elementor-col-100 elementor-top-column elementor-element elementor-element-0ffed7d\" data-id=\"0ffed7d\" data-element_type=\"column\" data-e-type=\"column\">\n\t\t\t<div class=\"elementor-widget-wrap elementor-element-populated\">\n\t\t\t\t\t\t<div class=\"elementor-element elementor-element-1ae9086 elementor-invisible elementor-widget elementor-widget-heading\" data-id=\"1ae9086\" data-element_type=\"widget\" data-e-type=\"widget\" data-settings=\"{&quot;motion_fx_motion_fx_scrolling&quot;:&quot;yes&quot;,&quot;_animation&quot;:&quot;lightSpeedIn&quot;,&quot;motion_fx_devices&quot;:[&quot;desktop&quot;,&quot;tablet&quot;,&quot;mobile&quot;]}\" data-widget_type=\"heading.default\">\n\t\t\t\t\t<h2 class=\"elementor-heading-title elementor-size-xxl\">\u00a1Ah\u00ed nos vidrios! <\/h2>\t\t\t\t<\/div>\n\t\t\t\t\t<\/div>\n\t\t<\/div>\n\t\t\t\t\t<\/div>\n\t\t<\/section>\n\t\t\t\t<section data-particle_enable=\"false\" data-particle-mobile-disabled=\"false\" class=\"elementor-section elementor-top-section elementor-element elementor-element-f85e484 elementor-section-boxed elementor-section-height-default elementor-section-height-default\" data-id=\"f85e484\" data-element_type=\"section\" data-e-type=\"section\">\n\t\t\t\t\t\t<div class=\"elementor-container elementor-column-gap-default\">\n\t\t\t\t\t<div class=\"elementor-column elementor-col-100 elementor-top-column elementor-element elementor-element-ced7beb\" data-id=\"ced7beb\" data-element_type=\"column\" data-e-type=\"column\">\n\t\t\t<div class=\"elementor-widget-wrap elementor-element-populated\">\n\t\t\t\t\t\t<div class=\"elementor-element elementor-element-822721a elementor-widget elementor-widget-text-editor\" data-id=\"822721a\" data-element_type=\"widget\" data-e-type=\"widget\" data-widget_type=\"text-editor.default\">\n\t\t\t\t\t\t\t\t\t<p>Tambi\u00e9n se suele escribir como \u00a1Ay nos vidrios! Es un eufemismo para decir \u00a1Nos vemos!\u00a0 o \u00a1Nos vimos!, como expectativa de un futuro encuentro. En ocasiones delata molestia o desencanto que se convierte en el motivo de la despedida.<br \/><i>&#8211; Bueno, ya te invit\u00e9, Vos decid\u00eds si vas o no. \u00a1Ah\u00ed nos vidrios!<\/i><\/p>\t\t\t\t\t\t\t\t<\/div>\n\t\t\t\t\t<\/div>\n\t\t<\/div>\n\t\t\t\t\t<\/div>\n\t\t<\/section>\n\t\t\t\t<section data-particle_enable=\"false\" data-particle-mobile-disabled=\"false\" class=\"elementor-section elementor-top-section elementor-element elementor-element-9eb4c65 elementor-section-boxed elementor-section-height-default elementor-section-height-default\" data-id=\"9eb4c65\" data-element_type=\"section\" data-e-type=\"section\">\n\t\t\t\t\t\t<div class=\"elementor-container elementor-column-gap-default\">\n\t\t\t\t\t<div class=\"elementor-column elementor-col-100 elementor-top-column elementor-element elementor-element-a207252\" data-id=\"a207252\" data-element_type=\"column\" data-e-type=\"column\">\n\t\t\t<div class=\"elementor-widget-wrap elementor-element-populated\">\n\t\t\t\t\t\t<div class=\"elementor-element elementor-element-42bf1cf elementor-invisible elementor-widget elementor-widget-heading\" data-id=\"42bf1cf\" data-element_type=\"widget\" data-e-type=\"widget\" data-settings=\"{&quot;motion_fx_motion_fx_scrolling&quot;:&quot;yes&quot;,&quot;_animation&quot;:&quot;lightSpeedIn&quot;,&quot;motion_fx_devices&quot;:[&quot;desktop&quot;,&quot;tablet&quot;,&quot;mobile&quot;]}\" data-widget_type=\"heading.default\">\n\t\t\t\t\t<h2 class=\"elementor-heading-title elementor-size-xxl\">\u00a1Qu\u00e9 ondas!<\/h2>\t\t\t\t<\/div>\n\t\t\t\t\t<\/div>\n\t\t<\/div>\n\t\t\t\t\t<\/div>\n\t\t<\/section>\n\t\t\t\t<section data-particle_enable=\"false\" data-particle-mobile-disabled=\"false\" class=\"elementor-section elementor-top-section elementor-element elementor-element-0dcc048 elementor-section-boxed elementor-section-height-default elementor-section-height-default\" data-id=\"0dcc048\" data-element_type=\"section\" data-e-type=\"section\">\n\t\t\t\t\t\t<div class=\"elementor-container elementor-column-gap-default\">\n\t\t\t\t\t<div class=\"elementor-column elementor-col-100 elementor-top-column elementor-element elementor-element-3c7beaf\" data-id=\"3c7beaf\" data-element_type=\"column\" data-e-type=\"column\">\n\t\t\t<div class=\"elementor-widget-wrap elementor-element-populated\">\n\t\t\t\t\t\t<div class=\"elementor-element elementor-element-14f924b elementor-widget elementor-widget-text-editor\" data-id=\"14f924b\" data-element_type=\"widget\" data-e-type=\"widget\" data-widget_type=\"text-editor.default\">\n\t\t\t\t\t\t\t\t\t<p>Una variante de la pregunta en singular \u00bfQu\u00e9 onda?, un saludo informal entre amigos y que suele ser respondido con un \u00a1Todo bien! o con otro \u00a1Qu\u00e9 onda!, se\u00f1al de que todo est\u00e1 normal, caminando.<br \/><i>-\u00a1Qu\u00e9 ondas! Ya no te hab\u00eda visto por aqu\u00ed&#8230;\u00a0<br \/>-\u00a1Qu\u00e9 ondas equipo! \u00bfC\u00f3mo va todo?<\/i><\/p>\t\t\t\t\t\t\t\t<\/div>\n\t\t\t\t\t<\/div>\n\t\t<\/div>\n\t\t\t\t\t<\/div>\n\t\t<\/section>\n\t\t\t\t<section data-particle_enable=\"false\" data-particle-mobile-disabled=\"false\" class=\"elementor-section elementor-top-section elementor-element elementor-element-1b535ba elementor-section-boxed elementor-section-height-default elementor-section-height-default\" data-id=\"1b535ba\" data-element_type=\"section\" data-e-type=\"section\">\n\t\t\t\t\t\t<div class=\"elementor-container elementor-column-gap-default\">\n\t\t\t\t\t<div class=\"elementor-column elementor-col-100 elementor-top-column elementor-element elementor-element-13fb7dc\" data-id=\"13fb7dc\" data-element_type=\"column\" data-e-type=\"column\">\n\t\t\t<div class=\"elementor-widget-wrap elementor-element-populated\">\n\t\t\t\t\t\t<div class=\"elementor-element elementor-element-1f791c4 elementor-invisible elementor-widget elementor-widget-heading\" data-id=\"1f791c4\" data-element_type=\"widget\" data-e-type=\"widget\" data-settings=\"{&quot;motion_fx_motion_fx_scrolling&quot;:&quot;yes&quot;,&quot;_animation&quot;:&quot;lightSpeedIn&quot;,&quot;motion_fx_devices&quot;:[&quot;desktop&quot;,&quot;tablet&quot;,&quot;mobile&quot;]}\" data-widget_type=\"heading.default\">\n\t\t\t\t\t<h2 class=\"elementor-heading-title elementor-size-xxl\">Ixcamic<\/h2>\t\t\t\t<\/div>\n\t\t\t\t\t<\/div>\n\t\t<\/div>\n\t\t\t\t\t<\/div>\n\t\t<\/section>\n\t\t\t\t<section data-particle_enable=\"false\" data-particle-mobile-disabled=\"false\" class=\"elementor-section elementor-top-section elementor-element elementor-element-4fa4d78 elementor-section-boxed elementor-section-height-default elementor-section-height-default\" data-id=\"4fa4d78\" data-element_type=\"section\" data-e-type=\"section\">\n\t\t\t\t\t\t<div class=\"elementor-container elementor-column-gap-default\">\n\t\t\t\t\t<div class=\"elementor-column elementor-col-100 elementor-top-column elementor-element elementor-element-acfda69\" data-id=\"acfda69\" data-element_type=\"column\" data-e-type=\"column\">\n\t\t\t<div class=\"elementor-widget-wrap elementor-element-populated\">\n\t\t\t\t\t\t<div class=\"elementor-element elementor-element-174370a elementor-widget elementor-widget-text-editor\" data-id=\"174370a\" data-element_type=\"widget\" data-e-type=\"widget\" data-widget_type=\"text-editor.default\">\n\t\t\t\t\t\t\t\t\t<p>El diccionario de la lengua espa\u00f1ola dice que se trata de la alusi\u00f3n a una cosa muerta o la indicaci\u00f3n de que algo termin\u00f3 abruptamente, se arruin\u00f3, se descompuso y quiz\u00e1 no tenga compostura.&nbsp; Suele aplicarse tambi\u00e9n en el \u00e1mbito escolar o laboral, a cuando alguien pierde un examen y no logra pasar de a\u00f1o. O no cumpli\u00f3 con una tarea y lo despiden.<br>&#8211;<i>Bueno j\u00f3venes, estudien, su \u00faltimo parcial deben ganarlo con 75 o \u00a1Ixcamic!<\/i><\/p><i>\n<\/i><p><i>&#8211; Volvi\u00f3 a llegar tarde, ya le hab\u00edan advertido, as\u00ed que le dieron Ixcamic.<\/i><\/p>\n<p><i>&#8211; Miremos la final de la copa en tu casa.&nbsp;<br>&#8211; No se puede. Con el baj\u00f3n de electricidad mi TV dio Ixcamic<\/i><\/p>\n<p><i>&nbsp;<\/i><\/p>\n<h4><i>Y bueno, aqu\u00ed tambi\u00e9n le damos Ixcamic a esta lista de palabras chapinas. \u00a1Ahi nos vidrios! Que el fin de mes te traiga buena marmaja va vos!&nbsp; Y si la situaci\u00f3n se pone complicada \u00a1Hay que ser talishtes!<\/i><\/h4>\n<div>&nbsp;<\/div>\t\t\t\t\t\t\t\t<\/div>\n\t\t\t\t\t<\/div>\n\t\t<\/div>\n\t\t\t\t\t<\/div>\n\t\t<\/section>\n\t\t\t\t<section data-particle_enable=\"false\" data-particle-mobile-disabled=\"false\" class=\"elementor-section elementor-top-section elementor-element elementor-element-444dc59 elementor-section-boxed elementor-section-height-default elementor-section-height-default\" data-id=\"444dc59\" data-element_type=\"section\" data-e-type=\"section\">\n\t\t\t\t\t\t<div class=\"elementor-container elementor-column-gap-default\">\n\t\t\t\t\t<div class=\"elementor-column elementor-col-100 elementor-top-column elementor-element elementor-element-5c19068\" data-id=\"5c19068\" data-element_type=\"column\" data-e-type=\"column\">\n\t\t\t<div class=\"elementor-widget-wrap elementor-element-populated\">\n\t\t\t\t\t\t<div class=\"elementor-element elementor-element-4b61d13 elementor-widget elementor-widget-heading\" data-id=\"4b61d13\" data-element_type=\"widget\" data-e-type=\"widget\" data-widget_type=\"heading.default\">\n\t\t\t\t\t<h2 class=\"elementor-heading-title elementor-size-default\">Y aqu\u00ed otros temas que te proponemos <\/h2>\t\t\t\t<\/div>\n\t\t\t\t\t<\/div>\n\t\t<\/div>\n\t\t\t\t\t<\/div>\n\t\t<\/section>\n\t\t\t\t<section data-particle_enable=\"false\" data-particle-mobile-disabled=\"false\" class=\"elementor-section elementor-top-section elementor-element elementor-element-710c1dc elementor-section-boxed elementor-section-height-default elementor-section-height-default\" data-id=\"710c1dc\" data-element_type=\"section\" data-e-type=\"section\">\n\t\t\t\t\t\t<div class=\"elementor-container elementor-column-gap-default\">\n\t\t\t\t\t<div class=\"elementor-column elementor-col-100 elementor-top-column elementor-element elementor-element-5fd5e6f\" data-id=\"5fd5e6f\" data-element_type=\"column\" data-e-type=\"column\">\n\t\t\t<div class=\"elementor-widget-wrap elementor-element-populated\">\n\t\t\t\t\t\t<div class=\"elementor-element elementor-element-aae4a97 elementor-widget elementor-widget-blfe-post-grid\" data-id=\"aae4a97\" data-element_type=\"widget\" data-e-type=\"widget\" data-settings=\"{&quot;columns&quot;:&quot;3&quot;,&quot;columns_tablet&quot;:&quot;6&quot;,&quot;columns_mobile&quot;:&quot;12&quot;,&quot;classic1_layout_column_gap&quot;:{&quot;unit&quot;:&quot;px&quot;,&quot;size&quot;:30,&quot;sizes&quot;:[]},&quot;classic1_layout_column_gap_tablet&quot;:{&quot;unit&quot;:&quot;px&quot;,&quot;size&quot;:&quot;&quot;,&quot;sizes&quot;:[]},&quot;classic1_layout_column_gap_mobile&quot;:{&quot;unit&quot;:&quot;px&quot;,&quot;size&quot;:&quot;&quot;,&quot;sizes&quot;:[]},&quot;classic1_layout_row_gap&quot;:{&quot;unit&quot;:&quot;px&quot;,&quot;size&quot;:30,&quot;sizes&quot;:[]},&quot;classic1_layout_row_gap_tablet&quot;:{&quot;unit&quot;:&quot;px&quot;,&quot;size&quot;:&quot;&quot;,&quot;sizes&quot;:[]},&quot;classic1_layout_row_gap_mobile&quot;:{&quot;unit&quot;:&quot;px&quot;,&quot;size&quot;:&quot;&quot;,&quot;sizes&quot;:[]}}\" data-widget_type=\"blfe-post-grid.classic1\">\n\t\t\t\t<div class=\"elementor-widget-container\">\n\t\t\t\t\t\n                        <div class=\"blfe-post-grid-container \">\n            \n                <div data-skin=\"classic1\" class=\"blfe-row blfe-posts-inner blfe-classic1 blfe-posts-inner blfe-col-3 blfe-col-tab-6 blfe-col-mob-12     \">\n                            <div class=\"blfe-post-grid-item \">\n            <div class=\"blfe-post-grid-item-inner blfe-modern-zoom\">\n                <a class=\"blfe-post-grid-image\" href=\"https:\/\/soymigrante.com\/revista\/migrante-zoy-promotora-cultura-guatemala\/\" title=\"Zoy, dise\u00f1adora, promotora cultural y migrante guatemalteca en New York\" rel=\"nofollow\" target=\"_blank\"><img decoding=\"async\" src=\"https:\/\/soymigrante.com\/revista\/wp-content\/uploads\/2023\/08\/zoy-herera-2.webp\" alt=\"Zoy, dise\u00f1adora, promotora cultural y migrante guatemalteca en New York\"\/><\/a>                <span class=\"blfe-post-category\"><a href=\"https:\/\/soymigrante.com\/revista\/category\/exitos\/\">\u00c9xitos<\/a><\/span>                <div class=\"blfe-post-grid-details\">\n                    <div class=\"blfe-post-grid-details-inner\">\n                        <h3 class=\"blfe-post-grid-title\">\n            <a href=\"https:\/\/soymigrante.com\/revista\/migrante-zoy-promotora-cultura-guatemala\/\" title=\"Zoy, dise\u00f1adora, promotora cultural y migrante guatemalteca en New York\" rel=\"nofollow\" target=\"_blank\">Zoy, dise\u00f1adora, promotora cultural y migrante guatemalteca en New York<\/a>\n            <\/h3>                        <p class=\"blfe-post-grid-excerpt\">Zoila Herrera Florencio se expresa totalmente orgullosa de ser guatemalteca y esta identidad es el n\u00facleo de su emprendimiento creativo....<\/p>                                    <div class=\"blfe-post-grid-meta\">\n                <span class=\"blfe-post-grid-author\"><i class=\"fa fa-user far fa-user\"><\/i>by <a href=\"https:\/\/soymigrante.com\/revista\/author\/gustavo\/\">Gustavo Montenegro<\/a><\/span><span class=\"blfe-post-grid-date\"><i class=\"fa fa-calendar-alt far fa-calendar-alt\"><\/i>16\/08\/2023<\/span>            <\/div>\n                                                        <\/div>\n                <\/div>\n\n            <\/div>\n        <\/div>\n                <div class=\"blfe-post-grid-item \">\n            <div class=\"blfe-post-grid-item-inner blfe-modern-zoom\">\n                <a class=\"blfe-post-grid-image\" href=\"https:\/\/soymigrante.com\/revista\/zancudos-son-una-molestia-y-un-riesgo-en-guatemala-y-usa-claves-para-erradicarlos-y-cuidarse\/\" title=\"Zancudos son una molestia y un riesgo, en Guatemala y USA: claves para erradicarlos y cuidarse\" rel=\"nofollow\" target=\"_blank\"><img decoding=\"async\" src=\"https:\/\/soymigrante.com\/revista\/wp-content\/uploads\/2025\/07\/zancudos-e1753136678391.webp\" alt=\"Zancudos son una molestia y un riesgo, en Guatemala y USA: claves para erradicarlos y cuidarse\"\/><\/a>                <span class=\"blfe-post-category\"><a href=\"https:\/\/soymigrante.com\/revista\/category\/bienestar\/\">Bienestar<\/a><\/span>                <div class=\"blfe-post-grid-details\">\n                    <div class=\"blfe-post-grid-details-inner\">\n                        <h3 class=\"blfe-post-grid-title\">\n            <a href=\"https:\/\/soymigrante.com\/revista\/zancudos-son-una-molestia-y-un-riesgo-en-guatemala-y-usa-claves-para-erradicarlos-y-cuidarse\/\" title=\"Zancudos son una molestia y un riesgo, en Guatemala y USA: claves para erradicarlos y cuidarse\" rel=\"nofollow\" target=\"_blank\">Zancudos son una molestia y un riesgo, en Guatemala y USA: claves para erradicarlos y cuidarse<\/a>\n            <\/h3>                        <p class=\"blfe-post-grid-excerpt\">Los zancudos son unos insectos que causan algunas enfermedades, la clave es prevenir, eliminar y protegerse. Los zancudos, conocidos tambi\u00e9n...<\/p>                                    <div class=\"blfe-post-grid-meta\">\n                <span class=\"blfe-post-grid-author\"><i class=\"fa fa-user far fa-user\"><\/i>by <a href=\"https:\/\/soymigrante.com\/revista\/author\/marysabel-aldana\/\">Marysabel Aldana<\/a><\/span><span class=\"blfe-post-grid-date\"><i class=\"fa fa-calendar-alt far fa-calendar-alt\"><\/i>22\/07\/2025<\/span>            <\/div>\n                                                        <\/div>\n                <\/div>\n\n            <\/div>\n        <\/div>\n                <div class=\"blfe-post-grid-item \">\n            <div class=\"blfe-post-grid-item-inner blfe-modern-zoom\">\n                <a class=\"blfe-post-grid-image\" href=\"https:\/\/soymigrante.com\/revista\/zaculeu-antigua-capital-mam-no-deja-de-sorprender\/\" title=\"Zaculeu, antigua capital Mam no deja de sorprender\" rel=\"nofollow\" target=\"_blank\"><img decoding=\"async\" src=\"https:\/\/soymigrante.com\/revista\/wp-content\/uploads\/2024\/09\/Zaculue2.webp\" alt=\"Zaculeu, antigua capital Mam no deja de sorprender\"\/><\/a>                <span class=\"blfe-post-category\"><a href=\"https:\/\/soymigrante.com\/revista\/category\/guate-nuestra\/\">Guate Nuestra<\/a><\/span>                <div class=\"blfe-post-grid-details\">\n                    <div class=\"blfe-post-grid-details-inner\">\n                        <h3 class=\"blfe-post-grid-title\">\n            <a href=\"https:\/\/soymigrante.com\/revista\/zaculeu-antigua-capital-mam-no-deja-de-sorprender\/\" title=\"Zaculeu, antigua capital Mam no deja de sorprender\" rel=\"nofollow\" target=\"_blank\">Zaculeu, antigua capital Mam no deja de sorprender<\/a>\n            <\/h3>                        <p class=\"blfe-post-grid-excerpt\">El r\u00edo Selegua o llamado tambi\u00e9n Zaculeu y la aldea del mismo nombre, rodean este sitio arqueol\u00f3gico y hacen de...<\/p>                                    <div class=\"blfe-post-grid-meta\">\n                <span class=\"blfe-post-grid-author\"><i class=\"fa fa-user far fa-user\"><\/i>by <a href=\"https:\/\/soymigrante.com\/revista\/author\/beatriz-tercero\/\">Beatriz Tercero<\/a><\/span><span class=\"blfe-post-grid-date\"><i class=\"fa fa-calendar-alt far fa-calendar-alt\"><\/i>10\/09\/2024<\/span>            <\/div>\n                                                        <\/div>\n                <\/div>\n\n            <\/div>\n        <\/div>\n                        <\/div>\n\n                        <\/div>\n            \n                        <div class=\"blfe-post-footer\">\n                        <\/div>\n            \t\t\t\t<\/div>\n\t\t\t\t<\/div>\n\t\t\t\t\t<\/div>\n\t\t<\/div>\n\t\t\t\t\t<\/div>\n\t\t<\/section>\n\t\t\t\t<\/div>\n\t\t","protected":false},"excerpt":{"rendered":"<p>Hay expresiones que solo los mismos guatemaltecos pueden entender. Muchas de estas palabras chapinas han llegado junto con los migrantes a Estados Unidos y sirven para saber que es un chap\u00edn quien habla. \u00a1Puchica ustedes! Sin casacas, hay palabras chapinas que permiten reconocer a un guatemalteco est\u00e9 donde est\u00e9. M\u00e1s a\u00fan,\u00a0 muchas de ellas solo [&hellip;]<\/p>\n","protected":false},"author":7,"featured_media":7486,"comment_status":"open","ping_status":"open","sticky":false,"template":"","format":"standard","meta":{"_acf_changed":false,"_eb_attr":"","footnotes":""},"categories":[58],"tags":[],"class_list":["post-7485","post","type-post","status-publish","format-standard","has-post-thumbnail","hentry","category-guate-nuestra"],"acf":[],"aioseo_notices":[],"aioseo_head":"\n\t\t<!-- All in One SEO Pro 4.9.6.2 - aioseo.com -->\n\t<meta name=\"description\" content=\"El r\u00edo Selegua y la aldea del mismo nombre, rodean este sitio arqueol\u00f3gico y hacen de esta ciudad postcl\u00e1sica emblema de la cultura Mam.\" \/>\n\t<meta name=\"robots\" content=\"max-snippet:-1, max-image-preview:large, max-video-preview:-1\" \/>\n\t<meta name=\"author\" content=\"Beatriz Tercero\"\/>\n\t<link rel=\"canonical\" href=\"https:\/\/soymigrante.com\/revista\/zaculeu-antigua-capital-mam-no-deja-de-sorprender\/\" \/>\n\t<meta name=\"generator\" content=\"All in One SEO Pro (AIOSEO) 4.9.6.2\" \/>\n\n\t\t<link rel=\"preconnect\" href=\"https:\/\/fonts.googleapis.com\" crossorigin>\n<link rel=\"preconnect\" href=\"https:\/\/fonts.gstatic.com\" crossorigin>\n\t\t<meta property=\"og:locale\" content=\"es_ES\" \/>\n\t\t<meta property=\"og:site_name\" content=\"SoyMigrante.com REVISTA \u2013 Nuestra misi\u00f3n es reconocer y dignificar al migrante.\" \/>\n\t\t<meta property=\"og:type\" content=\"article\" \/>\n\t\t<meta property=\"og:title\" content=\"Zaculeu, capital del se\u00f1or\u00edo Mam sigue deslumbrando\" \/>\n\t\t<meta property=\"og:description\" content=\"El r\u00edo Selegua y la aldea del mismo nombre, rodean este sitio arqueol\u00f3gico y hacen de esta ciudad postcl\u00e1sica emblema de la cultura Mam.\" \/>\n\t\t<meta property=\"og:url\" content=\"https:\/\/soymigrante.com\/revista\/zaculeu-antigua-capital-mam-no-deja-de-sorprender\/\" \/>\n\t\t<meta property=\"og:image\" content=\"https:\/\/soymigrante.com\/revista\/wp-content\/uploads\/2024\/09\/Zaculue2.webp\" \/>\n\t\t<meta property=\"og:image:secure_url\" content=\"https:\/\/soymigrante.com\/revista\/wp-content\/uploads\/2024\/09\/Zaculue2.webp\" \/>\n\t\t<meta property=\"og:image:width\" content=\"1080\" \/>\n\t\t<meta property=\"og:image:height\" content=\"1080\" \/>\n\t\t<meta property=\"article:published_time\" content=\"2024-09-10T20:13:56+00:00\" \/>\n\t\t<meta property=\"article:modified_time\" content=\"2024-09-10T20:20:03+00:00\" \/>\n\t\t<meta property=\"article:publisher\" content=\"https:\/\/www.facebook.com\/soymigrantecom\" \/>\n\t\t<meta name=\"twitter:card\" content=\"summary_large_image\" \/>\n\t\t<meta name=\"twitter:site\" content=\"@SoyMigrante_com\" \/>\n\t\t<meta name=\"twitter:title\" content=\"Zaculeu, capital del se\u00f1or\u00edo Mam sigue deslumbrando\" \/>\n\t\t<meta name=\"twitter:description\" content=\"El r\u00edo Selegua y la aldea del mismo nombre, rodean este sitio arqueol\u00f3gico y hacen de esta ciudad postcl\u00e1sica emblema de la cultura Mam.\" \/>\n\t\t<meta name=\"twitter:creator\" content=\"@SoyMigrante_com\" \/>\n\t\t<meta name=\"twitter:image\" content=\"https:\/\/soymigrante.com\/revista\/wp-content\/uploads\/2024\/09\/Zaculue2.webp\" \/>\n\t\t<!-- All in One SEO Pro -->\r\n\t\t<title>Zaculeu, capital del se\u00f1or\u00edo Mam sigue deslumbrando<\/title>\n\n","aioseo_head_json":{"title":"Zaculeu, capital del se\u00f1or\u00edo Mam sigue deslumbrando","description":"El r\u00edo Selegua y la aldea del mismo nombre, rodean este sitio arqueol\u00f3gico y hacen de esta ciudad postcl\u00e1sica emblema de la cultura Mam.","canonical_url":"https:\/\/soymigrante.com\/revista\/zaculeu-antigua-capital-mam-no-deja-de-sorprender\/","robots":"max-snippet:-1, max-image-preview:large, max-video-preview:-1","keywords":"","webmasterTools":{"miscellaneous":"&lt;link rel=\"preconnect\" href=\"https:\/\/fonts.googleapis.com\" crossorigin&gt;\n&lt;link rel=\"preconnect\" href=\"https:\/\/fonts.gstatic.com\" crossorigin&gt;"},"schema":null,"og:locale":"es_ES","og:site_name":"SoyMigrante.com REVISTA \u2013 Nuestra misi\u00f3n es reconocer y dignificar al migrante.","og:type":"article","og:title":"Zaculeu, capital del se\u00f1or\u00edo Mam sigue deslumbrando","og:description":"El r\u00edo Selegua y la aldea del mismo nombre, rodean este sitio arqueol\u00f3gico y hacen de esta ciudad postcl\u00e1sica emblema de la cultura Mam.","og:url":"https:\/\/soymigrante.com\/revista\/zaculeu-antigua-capital-mam-no-deja-de-sorprender\/","og:image":"https:\/\/soymigrante.com\/revista\/wp-content\/uploads\/2024\/09\/Zaculue2.webp","og:image:secure_url":"https:\/\/soymigrante.com\/revista\/wp-content\/uploads\/2024\/09\/Zaculue2.webp","og:image:width":1080,"og:image:height":1080,"article:published_time":"2024-09-10T20:13:56+00:00","article:modified_time":"2024-09-10T20:20:03+00:00","article:publisher":"https:\/\/www.facebook.com\/soymigrantecom","twitter:card":"summary_large_image","twitter:site":"@SoyMigrante_com","twitter:title":"Zaculeu, capital del se\u00f1or\u00edo Mam sigue deslumbrando","twitter:description":"El r\u00edo Selegua y la aldea del mismo nombre, rodean este sitio arqueol\u00f3gico y hacen de esta ciudad postcl\u00e1sica emblema de la cultura Mam.","twitter:creator":"@SoyMigrante_com","twitter:image":"https:\/\/soymigrante.com\/revista\/wp-content\/uploads\/2024\/09\/Zaculue2.webp"},"aioseo_meta_data":{"post_id":"7485","title":null,"description":null,"keywords":null,"keyphrases":{"focus":{"keyphrase":"palabras chapinas","score":78,"analysis":{"keyphraseInTitle":{"score":9,"maxScore":9,"error":0},"keyphraseInDescription":{"score":9,"maxScore":9,"error":0},"keyphraseLength":{"score":9,"maxScore":9,"error":0,"length":2},"keyphraseInURL":{"score":5,"maxScore":5,"error":0},"keyphraseInIntroduction":{"score":9,"maxScore":9,"error":0},"keyphraseInSubHeadings":{"score":3,"maxScore":9,"error":1},"keyphraseInImageAlt":{"score":9,"maxScore":9,"error":0},"keywordDensity":{"score":0,"type":"low","maxScore":9,"error":1}}},"additional":[{"keyphrase":"chapinas","score":80,"analysis":{"keyphraseInDescription":{"score":9,"maxScore":9,"error":0},"keyphraseLength":{"score":9,"maxScore":9,"error":0,"length":1},"keyphraseInIntroduction":{"score":9,"maxScore":9,"error":0},"keyphraseInImageAlt":{"score":9,"maxScore":9,"error":0},"keywordDensity":{"score":0,"type":"low","maxScore":9,"error":1}}}]},"primary_term":null,"canonical_url":null,"og_title":null,"og_description":null,"og_object_type":"default","og_image_type":"default","og_image_url":null,"og_image_width":null,"og_image_height":null,"og_image_custom_url":null,"og_image_custom_fields":null,"og_video":"","og_custom_url":null,"og_article_section":null,"og_article_tags":null,"twitter_use_og":false,"twitter_card":"default","twitter_image_type":"default","twitter_image_url":null,"twitter_image_custom_url":null,"twitter_image_custom_fields":null,"twitter_title":null,"twitter_description":null,"schema":{"blockGraphs":[],"customGraphs":[],"default":{"data":{"Article":[],"Course":[],"Dataset":[],"FAQPage":[],"Movie":[],"Person":[],"Product":[],"ProductReview":[],"Car":[],"Recipe":[],"Service":[],"SoftwareApplication":[],"WebPage":[]},"graphName":"Article","isEnabled":true},"graphs":[]},"schema_type":"default","schema_type_options":null,"pillar_content":false,"robots_default":true,"robots_noindex":false,"robots_noarchive":false,"robots_nosnippet":false,"robots_nofollow":false,"robots_noimageindex":false,"robots_noodp":false,"robots_notranslate":false,"robots_max_snippet":"-1","robots_max_videopreview":"-1","robots_max_imagepreview":"large","priority":null,"frequency":"default","local_seo":null,"seo_analyzer_scan_date":"2025-10-08 22:19:14","breadcrumb_settings":null,"limit_modified_date":false,"reviewed_by":null,"open_ai":"{\"title\":{\"suggestions\":[],\"usage\":0},\"description\":{\"suggestions\":[],\"usage\":0}}","ai":null,"created":"2024-07-16 05:47:35","updated":"2026-02-04 12:27:32"},"aioseo_breadcrumb":"<div class=\"aioseo-breadcrumbs\"><span class=\"aioseo-breadcrumb\">\n\t<a href=\"https:\/\/soymigrante.com\/revista\" title=\"Home\">Home<\/a>\n<\/span><span class=\"aioseo-breadcrumb-separator\">\u00bb<\/span><span class=\"aioseo-breadcrumb\">\n\t<a href=\"https:\/\/soymigrante.com\/revista\/category\/guate-nuestra\/\" title=\"Guate Nuestra\">Guate Nuestra<\/a>\n<\/span><span class=\"aioseo-breadcrumb-separator\">\u00bb<\/span><span class=\"aioseo-breadcrumb\">\n\tOtras 20 palabras chapinas: solo los guatemaltecos las reconocen\n<\/span><\/div>","aioseo_breadcrumb_json":[{"label":"Home","link":"https:\/\/soymigrante.com\/revista"},{"label":"Guate Nuestra","link":"https:\/\/soymigrante.com\/revista\/category\/guate-nuestra\/"},{"label":"Otras 20 palabras chapinas: solo los guatemaltecos las reconocen","link":"https:\/\/soymigrante.com\/revista\/otras-20-palabras-chapinas-que-solo-un-guatemalteco-reconoce\/"}],"_links":{"self":[{"href":"https:\/\/soymigrante.com\/revista\/wp-json\/wp\/v2\/posts\/7485","targetHints":{"allow":["GET"]}}],"collection":[{"href":"https:\/\/soymigrante.com\/revista\/wp-json\/wp\/v2\/posts"}],"about":[{"href":"https:\/\/soymigrante.com\/revista\/wp-json\/wp\/v2\/types\/post"}],"author":[{"embeddable":true,"href":"https:\/\/soymigrante.com\/revista\/wp-json\/wp\/v2\/users\/7"}],"replies":[{"embeddable":true,"href":"https:\/\/soymigrante.com\/revista\/wp-json\/wp\/v2\/comments?post=7485"}],"version-history":[{"count":0,"href":"https:\/\/soymigrante.com\/revista\/wp-json\/wp\/v2\/posts\/7485\/revisions"}],"wp:featuredmedia":[{"embeddable":true,"href":"https:\/\/soymigrante.com\/revista\/wp-json\/wp\/v2\/media\/7486"}],"wp:attachment":[{"href":"https:\/\/soymigrante.com\/revista\/wp-json\/wp\/v2\/media?parent=7485"}],"wp:term":[{"taxonomy":"category","embeddable":true,"href":"https:\/\/soymigrante.com\/revista\/wp-json\/wp\/v2\/categories?post=7485"},{"taxonomy":"post_tag","embeddable":true,"href":"https:\/\/soymigrante.com\/revista\/wp-json\/wp\/v2\/tags?post=7485"}],"curies":[{"name":"wp","href":"https:\/\/api.w.org\/{rel}","templated":true}]}}