{"id":7451,"date":"2024-07-13T14:41:01","date_gmt":"2024-07-13T20:41:01","guid":{"rendered":"https:\/\/soymigrante.com\/revista\/?p=7451"},"modified":"2024-07-27T17:03:15","modified_gmt":"2024-07-27T23:03:15","slug":"la-regeneracion-de-la-tierra-empieza-por-la-mente-reginaldo-marroquin","status":"publish","type":"post","link":"https:\/\/soymigrante.com\/revista\/la-regeneracion-de-la-tierra-empieza-por-la-mente-reginaldo-marroquin\/","title":{"rendered":"La regeneraci\u00f3n de la Tierra empieza por la mente: Reginaldo Marroqu\u00edn"},"content":{"rendered":"\t\t<div data-elementor-type=\"wp-post\" data-elementor-id=\"7451\" class=\"elementor elementor-7451\" data-elementor-post-type=\"post\">\n\t\t\t\t<div data-particle_enable=\"false\" data-particle-mobile-disabled=\"false\" class=\"elementor-element elementor-element-b69fa95 e-flex e-con-boxed e-con e-parent\" data-id=\"b69fa95\" data-element_type=\"container\" data-e-type=\"container\">\n\t\t\t\t\t<div class=\"e-con-inner\">\n\t\t\t\t<div class=\"elementor-element elementor-element-39f9343 elementor-widget elementor-widget-heading\" data-id=\"39f9343\" data-element_type=\"widget\" data-e-type=\"widget\" data-widget_type=\"heading.default\">\n\t\t\t\t\t<h2 class=\"elementor-heading-title elementor-size-default\"><span style=\"font-size: 31.2px\">Migrante guatemalteco Reginaldo Marroqu\u00edn describe las buenas pr\u00e1cticas y resultados que ha tenido en la agricultura y avicultura regenerativa puesta en marca en su granja de Minnesota, Estados Unidos. No ha sido f\u00e1cil. Pero tampoco imposible.\n<\/span><\/h2>\t\t\t\t<\/div>\n\t\t\t\t\t<\/div>\n\t\t\t\t<\/div>\n\t\t<div data-particle_enable=\"false\" data-particle-mobile-disabled=\"false\" class=\"elementor-element elementor-element-e5409ad e-flex e-con-boxed e-con e-parent\" data-id=\"e5409ad\" data-element_type=\"container\" data-e-type=\"container\">\n\t\t\t\t\t<div class=\"e-con-inner\">\n\t\t\t\t<div class=\"elementor-element elementor-element-f3006e1 elementor-widget elementor-widget-text-editor\" data-id=\"f3006e1\" data-element_type=\"widget\" data-e-type=\"widget\" data-widget_type=\"text-editor.default\">\n\t\t\t\t\t\t\t\t\t<p><b><a href=\"https:\/\/soymigrante.com\/revista\/revolucion-avicola-impulsa-guatemalteco-reginaldo-marroquin-en-minnesota\/\">Por Reginaldo Marroqu\u00edn, migrante y agr\u00f3nomo guatemalteco en Minnesota<\/a><\/b><\/p>\t\t\t\t\t\t\t\t<\/div>\n\t\t\t\t\t<\/div>\n\t\t\t\t<\/div>\n\t\t<div data-particle_enable=\"false\" data-particle-mobile-disabled=\"false\" class=\"elementor-element elementor-element-bfd178f e-flex e-con-boxed e-con e-parent\" data-id=\"bfd178f\" data-element_type=\"container\" data-e-type=\"container\">\n\t\t\t\t\t<div class=\"e-con-inner\">\n\t\t\t\t<div class=\"elementor-element elementor-element-15a56f0 elementor-widget elementor-widget-text-editor\" data-id=\"15a56f0\" data-element_type=\"widget\" data-e-type=\"widget\" data-widget_type=\"text-editor.default\">\n\t\t\t\t\t\t\t\t\t<p>\u00a1Qu\u00e9 viaje ha sido! Desde tratar de acceder a la tierra durante m\u00e1s de 20 a\u00f1os, hasta llegar a estos 63 acres y comenzar el proceso de convertirlo de una rotaci\u00f3n anual de ma\u00edz y soja (a veces era ma\u00edz contra ma\u00edz durante unos a\u00f1os). Lo estamos convirtiendo un lugar donde ahora estamos construyendo un hogar para nosotros mismos, as\u00ed como un hogar para miles y miles de criaturas que hace solo tres a\u00f1os no ten\u00edan infraestructura para vivir y prosperar. Hab\u00edan estado efectivamente &#8220;no invitados&#8221; a su propia casa durante m\u00e1s de 4 d\u00e9cadas.<\/p><p>Estamos en camino de restaurar la hidrolog\u00eda. Literalmente rompimos la baldosa del desag\u00fce en partes estrat\u00e9gicas y construimos estanques de recolecci\u00f3n alrededor, para ralentizar, esparcir y hundir el agua en lugar de dejarla escurrir, excepto cuando llueve tanto que no hay m\u00e1s espacio para almacenarla, como ocurri\u00f3 en los \u00faltimos tres meses.<\/p>\t\t\t\t\t\t\t\t<\/div>\n\t\t\t\t\t<\/div>\n\t\t\t\t<\/div>\n\t\t<div data-particle_enable=\"false\" data-particle-mobile-disabled=\"false\" class=\"elementor-element elementor-element-d7c108f e-flex e-con-boxed e-con e-parent\" data-id=\"d7c108f\" data-element_type=\"container\" data-e-type=\"container\">\n\t\t\t\t\t<div class=\"e-con-inner\">\n\t\t\t\t<div class=\"elementor-element elementor-element-3928caa elementor-widget elementor-widget-image\" data-id=\"3928caa\" data-element_type=\"widget\" data-e-type=\"widget\" data-widget_type=\"image.default\">\n\t\t\t\t\t\t\t\t\t\t\t\t<figure class=\"wp-caption\">\n\t\t\t\t\t\t\t\t\t\t<img fetchpriority=\"high\" decoding=\"async\" width=\"768\" height=\"576\" src=\"https:\/\/soymigrante.com\/revista\/wp-content\/uploads\/2024\/07\/1720622652460-1024x768.webp\" class=\"attachment-large size-large wp-image-7454\" alt=\"Huevos de gallina criados en libertad en un entorno natural, fomentando pr\u00e1cticas sustentables y bienestar animal para migrantes y comunidades rurales.\" srcset=\"https:\/\/soymigrante.com\/revista\/wp-content\/uploads\/2024\/07\/1720622652460-1024x768.webp 1024w, https:\/\/soymigrante.com\/revista\/wp-content\/uploads\/2024\/07\/1720622652460-300x225.webp 300w, https:\/\/soymigrante.com\/revista\/wp-content\/uploads\/2024\/07\/1720622652460-768x576.webp 768w, https:\/\/soymigrante.com\/revista\/wp-content\/uploads\/2024\/07\/1720622652460-1536x1152.webp 1536w, https:\/\/soymigrante.com\/revista\/wp-content\/uploads\/2024\/07\/1720622652460-750x563.jpg 750w, https:\/\/soymigrante.com\/revista\/wp-content\/uploads\/2024\/07\/1720622652460-1140x855.jpg 1140w, https:\/\/soymigrante.com\/revista\/wp-content\/uploads\/2024\/07\/1720622652460.webp 1920w\" sizes=\"(max-width: 768px) 100vw, 768px\" title=\"El concepto Chicken Tree Range (Gallinas a la sombra de un \u00e1rbol) es una de las pr\u00e1cticas centrales para la agricultura y avicultura regenerativa. Foto Reginaldo Marroqu\u00edn. \u2013 SoyMigrante.com REVISTA\" \/>\t\t\t\t\t\t\t\t\t\t\t<figcaption class=\"widget-image-caption wp-caption-text\">Aves de gallina en libertad en un entorno natural, promoviendo bienestar animal y agricultura sustentable para migrantes en comunidades rurales.<\/figcaption>\n\t\t\t\t\t\t\t\t\t\t<\/figure>\n\t\t\t\t\t\t\t\t\t<\/div>\n\t\t\t\t\t<\/div>\n\t\t\t\t<\/div>\n\t\t<div data-particle_enable=\"false\" data-particle-mobile-disabled=\"false\" class=\"elementor-element elementor-element-580da52 e-flex e-con-boxed e-con e-parent\" data-id=\"580da52\" data-element_type=\"container\" data-e-type=\"container\">\n\t\t\t\t\t<div class=\"e-con-inner\">\n\t\t\t\t<div class=\"elementor-element elementor-element-3cbb629 elementor-widget elementor-widget-heading\" data-id=\"3cbb629\" data-element_type=\"widget\" data-e-type=\"widget\" data-widget_type=\"heading.default\">\n\t\t\t\t\t<h3 class=\"elementor-heading-title elementor-size-default\">Recuperaci\u00f3n del agua al sanar el suelo <\/h3>\t\t\t\t<\/div>\n\t\t\t\t\t<\/div>\n\t\t\t\t<\/div>\n\t\t<div data-particle_enable=\"false\" data-particle-mobile-disabled=\"false\" class=\"elementor-element elementor-element-07bbaf3 e-flex e-con-boxed e-con e-parent\" data-id=\"07bbaf3\" data-element_type=\"container\" data-e-type=\"container\">\n\t\t\t\t\t<div class=\"e-con-inner\">\n\t\t\t\t<div class=\"elementor-element elementor-element-f55bfea elementor-widget elementor-widget-text-editor\" data-id=\"f55bfea\" data-element_type=\"widget\" data-e-type=\"widget\" data-widget_type=\"text-editor.default\">\n\t\t\t\t\t\t\t\t\t<p><span style=\"text-align: var(--text-align);\">Pero los cultivos perennes y la cubierta permanente del suelo ahora han hecho su trabajo y estamos listos para que llueva mucho m\u00e1s que hace solo tres a\u00f1os. No solo para que baje, sino tambi\u00e9n para aprovechar su capacidad de sustentar la vida.\u00a0<\/span><\/p><p>Si se produce una sequ\u00eda como ocurri\u00f3 durante los cuatro a\u00f1os anteriores, tambi\u00e9n estamos m\u00e1s establecidos, con ra\u00edces profundas y estructuras de agua para resistir MUCHO m\u00e1s tiempo que las tierras normales gestionadas de forma convencional.<\/p><p>La tasa de infiltraci\u00f3n de agua, escucha esto&#8230; La primera prueba se realiz\u00f3 justo despu\u00e9s de que compramos la granja en la primavera de 2021. Nos dimos por vencidos despu\u00e9s de casi dos horas de esperar a que el agua penetrara en el suelo. Era como una almohadilla de cemento. Este a\u00f1o, estamos rastreando las tasas de infiltraci\u00f3n a una pulgada en menos de un minuto.<\/p><div>\u00a0<\/div>\t\t\t\t\t\t\t\t<\/div>\n\t\t\t\t\t<\/div>\n\t\t\t\t<\/div>\n\t\t<div data-particle_enable=\"false\" data-particle-mobile-disabled=\"false\" class=\"elementor-element elementor-element-a927826 e-flex e-con-boxed e-con e-parent\" data-id=\"a927826\" data-element_type=\"container\" data-e-type=\"container\">\n\t\t\t\t\t<div class=\"e-con-inner\">\n\t\t\t\t<div class=\"elementor-element elementor-element-9677e2a elementor-widget elementor-widget-image\" data-id=\"9677e2a\" data-element_type=\"widget\" data-e-type=\"widget\" data-widget_type=\"image.default\">\n\t\t\t\t\t\t\t\t\t\t\t\t<figure class=\"wp-caption\">\n\t\t\t\t\t\t\t\t\t\t<img decoding=\"async\" width=\"768\" height=\"536\" src=\"https:\/\/soymigrante.com\/revista\/wp-content\/uploads\/2024\/07\/agricultura-regenerativa-migrante-reginaldo.webp\" class=\"attachment-large size-large wp-image-7453\" alt=\"Paisaje rural con r\u00edo, campos verdes y \u00e1rboles en un entorno natural, ideal para temas relacionados con migraci\u00f3n, comunidad y medio ambiente en la revista SoyMigrante.com REVISTA.\" srcset=\"https:\/\/soymigrante.com\/revista\/wp-content\/uploads\/2024\/07\/agricultura-regenerativa-migrante-reginaldo.webp 863w, https:\/\/soymigrante.com\/revista\/wp-content\/uploads\/2024\/07\/agricultura-regenerativa-migrante-reginaldo-300x209.webp 300w, https:\/\/soymigrante.com\/revista\/wp-content\/uploads\/2024\/07\/agricultura-regenerativa-migrante-reginaldo-768x536.webp 768w, https:\/\/soymigrante.com\/revista\/wp-content\/uploads\/2024\/07\/agricultura-regenerativa-migrante-reginaldo-750x523.webp 750w\" sizes=\"(max-width: 768px) 100vw, 768px\" title=\"La alternancia de cultivos y la disposici\u00f3n de espacios para repositorios de agua son claves en la agricultura regenerativa. Fpto Reginaldo Marroqu\u00edn, \u2013 SoyMigrante.com REVISTA\" \/>\t\t\t\t\t\t\t\t\t\t\t<figcaption class=\"widget-image-caption wp-caption-text\">Un bello paisaje rural con r\u00edo y vegetaci\u00f3n que simboliza la conexi\u00f3n con la tierra y la naturaleza, temas relevantes en la discusi\u00f3n sobre migraci\u00f3n, desarrollo y comunidad en SoyMigrante.com REVISTA.<\/figcaption>\n\t\t\t\t\t\t\t\t\t\t<\/figure>\n\t\t\t\t\t\t\t\t\t<\/div>\n\t\t\t\t\t<\/div>\n\t\t\t\t<\/div>\n\t\t<div data-particle_enable=\"false\" data-particle-mobile-disabled=\"false\" class=\"elementor-element elementor-element-22550e4 e-flex e-con-boxed e-con e-parent\" data-id=\"22550e4\" data-element_type=\"container\" data-e-type=\"container\">\n\t\t\t\t\t<div class=\"e-con-inner\">\n\t\t\t\t<div class=\"elementor-element elementor-element-1dc26a3 elementor-widget elementor-widget-heading\" data-id=\"1dc26a3\" data-element_type=\"widget\" data-e-type=\"widget\" data-widget_type=\"heading.default\">\n\t\t\t\t\t<h3 class=\"elementor-heading-title elementor-size-default\">Recuperaci\u00f3n de la biodiversidad es productiva<\/h3>\t\t\t\t<\/div>\n\t\t\t\t\t<\/div>\n\t\t\t\t<\/div>\n\t\t<div data-particle_enable=\"false\" data-particle-mobile-disabled=\"false\" class=\"elementor-element elementor-element-dd02e91 e-flex e-con-boxed e-con e-parent\" data-id=\"dd02e91\" data-element_type=\"container\" data-e-type=\"container\">\n\t\t\t\t\t<div class=\"e-con-inner\">\n\t\t\t\t<div class=\"elementor-element elementor-element-ef188af elementor-widget elementor-widget-text-editor\" data-id=\"ef188af\" data-element_type=\"widget\" data-e-type=\"widget\" data-widget_type=\"text-editor.default\">\n\t\t\t\t\t\t\t\t\t<p>Lorem\u00a0<span style=\"text-align: var(--text-align);\">Hemos visto el regreso de tres tipos de lib\u00e9lulas, aves de muchos colores y tama\u00f1os. No soy un experto en aves, pero antes no hab\u00eda p\u00e1jaros en estos campos, ahora vienen en bandadas, algunos negros, algunos negros y rojos, algunos amarillos, tres tipos de p\u00e1jaros carpinteros en el bosque, y se estableci\u00f3 una matanza de cuervos.\u00a0<\/span><\/p><p><span style=\"text-align: var(--text-align);\">Ayudamos a atraerlos para que nos ayudaran con la protecci\u00f3n a\u00e9rea de nuestras gallinas. Han creado una &#8220;zona de exclusi\u00f3n a\u00e9rea&#8221; para \u00e1guilas y halcones sobre las \u00e1reas donde criamos a <a href=\"https:\/\/treerangefarms.com\/#:~:text=Tree%2DRange%C2%AE%20farmers%20raise,for%20antibiotics%20or%20restrictive%20confinement.\">nuestros Tree-Range\u00ae Farms pollos.<\/a> Y no molestan a nadie m\u00e1s&#8230;<\/span><\/p><p>\u00a0<\/p>\t\t\t\t\t\t\t\t<\/div>\n\t\t\t\t\t<\/div>\n\t\t\t\t<\/div>\n\t\t<div data-particle_enable=\"false\" data-particle-mobile-disabled=\"false\" class=\"elementor-element elementor-element-557b8df e-flex e-con-boxed e-con e-parent\" data-id=\"557b8df\" data-element_type=\"container\" data-e-type=\"container\">\n\t\t\t\t\t<div class=\"e-con-inner\">\n\t\t\t\t<div class=\"elementor-element elementor-element-021e4d9 elementor-grid-eael-col-1 elementor-grid-tablet-eael-col-2 elementor-grid-mobile-eael-col-1 elementor-widget elementor-widget-eael-post-grid\" data-id=\"021e4d9\" data-element_type=\"widget\" data-e-type=\"widget\" data-settings=\"{&quot;eael_post_grid_columns&quot;:&quot;eael-col-1&quot;,&quot;eael_post_grid_columns_tablet&quot;:&quot;eael-col-2&quot;,&quot;eael_post_grid_columns_mobile&quot;:&quot;eael-col-1&quot;}\" data-widget_type=\"eael-post-grid.default\">\n\t\t\t\t\t<div id=\"eael-post-grid-021e4d9\" class=\"eael-post-grid-container\">\n            <div class=\"eael-post-grid eael-post-appender eael-post-appender-021e4d9 eael-post-grid-style-one\" data-layout-mode=\"masonry\"><article class=\"eael-grid-post  eael-post-grid-column eael-pg-post-7063 category-exitos\" data-id=\"7063\">\n        <div class=\"eael-grid-post-holder\">\n            <div class=\"eael-grid-post-holder-inner\"><div class=\"eael-entry-media\"><div class=\"eael-entry-overlay fade-in\"><i class=\"far fa-hand-pointer\" aria-hidden=\"true\"><\/i><a href=\"https:\/\/soymigrante.com\/revista\/revolucion-avicola-impulsa-guatemalteco-reginaldo-marroquin-en-minnesota\/\"><\/a><\/div><div class=\"eael-entry-thumbnail \">\n                <img decoding=\"async\" width=\"865\" height=\"865\" src=\"https:\/\/soymigrante.com\/revista\/wp-content\/uploads\/2024\/06\/regisd.webp\" class=\"attachment-large size-large wp-image-7064\" alt=\"Empleado agr\u00edcola en un huerto de plantas verdes, trabajando en agricultura, exportaci\u00f3n de productos agr\u00edcolas, trabajo en campo, sostenibilidad agr\u00edcola, flexible y amigable con la naturaleza.\" srcset=\"https:\/\/soymigrante.com\/revista\/wp-content\/uploads\/2024\/06\/regisd.webp 865w, https:\/\/soymigrante.com\/revista\/wp-content\/uploads\/2024\/06\/regisd-300x300.webp 300w, https:\/\/soymigrante.com\/revista\/wp-content\/uploads\/2024\/06\/regisd-150x150.webp 150w, https:\/\/soymigrante.com\/revista\/wp-content\/uploads\/2024\/06\/regisd-768x768.webp 768w, https:\/\/soymigrante.com\/revista\/wp-content\/uploads\/2024\/06\/regisd-75x75.webp 75w, https:\/\/soymigrante.com\/revista\/wp-content\/uploads\/2024\/06\/regisd-750x750.webp 750w\" sizes=\"(max-width: 865px) 100vw, 865px\" \/>\n            <\/div>\n        <\/div><div class=\"eael-entry-wrapper\"><header class=\"eael-entry-header\"><h2 class=\"eael-entry-title\"><a class=\"eael-grid-post-link\" href=\"https:\/\/soymigrante.com\/revista\/revolucion-avicola-impulsa-guatemalteco-reginaldo-marroquin-en-minnesota\/\" title=\"Revoluci\u00f3n av\u00edcola impulsa guatemalteco Reginaldo Marroqu\u00edn  en Minnesota\">Revoluci\u00f3n av\u00edcola impulsa guatemalteco Reginaldo Marroqu\u00edn  en Minnesota<\/a><\/h2><\/header><div class=\"eael-entry-content\">\n                        <div class=\"eael-grid-post-excerpt\"><a href=\"https:\/\/soymigrante.com\/revista\/revolucion-avicola-impulsa-guatemalteco-reginaldo-marroquin-en-minnesota\/\" class=\"eael-post-elements-readmore-btn\">CONOCE SU HISTORIA <\/a><\/div>\n                    <\/div><\/div><\/div>\n        <\/div>\n    <\/article><\/div>\n            <div class=\"clearfix\"><\/div>\n        <\/div>\t\t\t\t<\/div>\n\t\t\t\t\t<\/div>\n\t\t\t\t<\/div>\n\t\t<div data-particle_enable=\"false\" data-particle-mobile-disabled=\"false\" class=\"elementor-element elementor-element-d4474c8 e-flex e-con-boxed e-con e-parent\" data-id=\"d4474c8\" data-element_type=\"container\" data-e-type=\"container\">\n\t\t\t\t\t<div class=\"e-con-inner\">\n\t\t\t\t<div class=\"elementor-element elementor-element-97af5f9 elementor-widget elementor-widget-heading\" data-id=\"97af5f9\" data-element_type=\"widget\" data-e-type=\"widget\" data-widget_type=\"heading.default\">\n\t\t\t\t\t<h3 class=\"elementor-heading-title elementor-size-default\">Regenerar cuerpos, mentes y la Tierra<\/h3>\t\t\t\t<\/div>\n\t\t\t\t\t<\/div>\n\t\t\t\t<\/div>\n\t\t<div data-particle_enable=\"false\" data-particle-mobile-disabled=\"false\" class=\"elementor-element elementor-element-df9b1fd e-flex e-con-boxed e-con e-parent\" data-id=\"df9b1fd\" data-element_type=\"container\" data-e-type=\"container\">\n\t\t\t\t\t<div class=\"e-con-inner\">\n\t\t\t\t<div class=\"elementor-element elementor-element-4182190 elementor-widget elementor-widget-text-editor\" data-id=\"4182190\" data-element_type=\"widget\" data-e-type=\"widget\" data-widget_type=\"text-editor.default\">\n\t\t\t\t\t\t\t\t\t<p><span style=\"color: var( --e-global-color-text ); text-align: var(--text-align);\">Para nosotros, la regeneraci\u00f3n no comienza con la tierra, sino con nuestras mentes, cuerpos y esp\u00edritus. Cuando los equilibramos y los alineamos con la creaci\u00f3n, encontramos formas de equilibrar todo lo dem\u00e1s con lo que nos relacionamos.\u00a0<\/span><\/p><p><span style=\"color: var( --e-global-color-text ); text-align: var(--text-align);\">Los sistemas regenerativos tienen que ver con c\u00f3mo pensamos, aprendemos, sabemos, aplicamos la ciencia, comprendemos y, especialmente, c\u00f3mo nos relacionamos con todos los sistemas vivos. Es, como m\u00ednimo, un marco de siete generaciones, informado por las siete generaciones anteriores.<\/span><\/p><p>El sistema agroforestal regenerativo centrado en las aves de corral que estamos ampliando es una expresi\u00f3n de esa forma de ser. Centrado en una comprensi\u00f3n ancestral ind\u00edgena de los sistemas vivos y adaptado para satisfacer las necesidades modernas de prote\u00edna av\u00edcola saludable a cualquier escala sin comprometer la integridad de nuestra humanidad.<\/p>\t\t\t\t\t\t\t\t<\/div>\n\t\t\t\t\t<\/div>\n\t\t\t\t<\/div>\n\t\t<div data-particle_enable=\"false\" data-particle-mobile-disabled=\"false\" class=\"elementor-element elementor-element-a8e08f4 e-flex e-con-boxed e-con e-parent\" data-id=\"a8e08f4\" data-element_type=\"container\" data-e-type=\"container\">\n\t\t\t\t\t<div class=\"e-con-inner\">\n\t\t\t\t<div class=\"elementor-element elementor-element-1240a29 elementor-widget elementor-widget-video\" data-id=\"1240a29\" data-element_type=\"widget\" data-e-type=\"widget\" data-settings=\"{&quot;youtube_url&quot;:&quot;https:\\\/\\\/www.youtube.com\\\/watch?v=3VUZs3jQZqU&quot;,&quot;show_image_overlay&quot;:&quot;yes&quot;,&quot;image_overlay&quot;:{&quot;url&quot;:&quot;https:\\\/\\\/soymigrante.com\\\/revista\\\/wp-content\\\/uploads\\\/2024\\\/07\\\/Captura-de-pantalla-2024-07-13-123328.jpg&quot;,&quot;id&quot;:7457,&quot;size&quot;:&quot;&quot;,&quot;alt&quot;:&quot;Alternar cultivos es otra de las claves para la regeneraci\\u00f3n del suelo que mejora su productividad. Foto Reginaldo Marroquin, migrante guatemalteco&quot;,&quot;source&quot;:&quot;library&quot;},&quot;video_type&quot;:&quot;youtube&quot;,&quot;controls&quot;:&quot;yes&quot;}\" data-widget_type=\"video.default\">\n\t\t\t\t\t\t\t<div class=\"elementor-wrapper elementor-open-inline\">\n\t\t\t<div class=\"elementor-video\"><\/div>\t\t\t\t<div class=\"elementor-custom-embed-image-overlay\" style=\"background-image: url(https:\/\/soymigrante.com\/revista\/wp-content\/uploads\/2024\/07\/Captura-de-pantalla-2024-07-13-123328.webp);\">\n\t\t\t\t\t\t\t\t\t\t\t\t\t\t\t\t<div class=\"elementor-custom-embed-play\" role=\"button\" aria-label=\"Reproducir video acerca de Alternar cultivos es otra de las claves para la regeneraci\u00f3n del suelo que mejora su productividad. Foto Reginaldo Marroquin, migrante guatemalteco\" tabindex=\"0\">\n\t\t\t\t\t\t\t<i aria-hidden=\"true\" class=\"eicon-play\"><\/i>\t\t\t\t\t\t<\/div>\n\t\t\t\t\t\t\t\t\t<\/div>\n\t\t\t\t\t<\/div>\n\t\t\t\t\t\t<\/div>\n\t\t\t\t\t<\/div>\n\t\t\t\t<\/div>\n\t\t<div data-particle_enable=\"false\" data-particle-mobile-disabled=\"false\" class=\"elementor-element elementor-element-1d999e5 e-flex e-con-boxed e-con e-parent\" data-id=\"1d999e5\" data-element_type=\"container\" data-e-type=\"container\">\n\t\t\t\t\t<div class=\"e-con-inner\">\n\t\t\t\t<div class=\"elementor-element elementor-element-73b4695 elementor-widget elementor-widget-testimonial\" data-id=\"73b4695\" data-element_type=\"widget\" data-e-type=\"widget\" data-widget_type=\"testimonial.default\">\n\t\t\t\t\t\t\t<div class=\"elementor-testimonial-wrapper\">\n\t\t\t\t\t\t\t<div class=\"elementor-testimonial-content\">\"El sistema agroforestal regenerativo centrado en las aves de corral que estamos ampliando es una expresi\u00f3n de una visi\u00f3n sostenible y productiva\"<\/div>\n\t\t\t\n\t\t\t\t\t\t<div class=\"elementor-testimonial-meta elementor-has-image elementor-testimonial-image-position-aside\">\n\t\t\t\t<div class=\"elementor-testimonial-meta-inner\">\n\t\t\t\t\t\t\t\t\t\t\t<div class=\"elementor-testimonial-image\">\n\t\t\t\t\t\t\t<a href=\"https:\/\/www.changema.kr\/es\/fellows\/3194\"><img loading=\"lazy\" decoding=\"async\" width=\"542\" height=\"608\" src=\"https:\/\/soymigrante.com\/revista\/wp-content\/uploads\/2024\/07\/migrante-Reginaldo-Marroquin.webp\" class=\"attachment-full size-full wp-image-7459\" alt=\"Persona sonriendo en un campo verde, representando la comunidad migrante y la importancia de la integraci\u00f3n en la sociedad.\" title=\"Migrante guatemalteco y agr\u00f3nomo Reginaldo Marroqu\u00edn, en Minnesota \u2013 SoyMigrante.com REVISTA\" srcset=\"https:\/\/soymigrante.com\/revista\/wp-content\/uploads\/2024\/07\/migrante-Reginaldo-Marroquin.webp 542w, https:\/\/soymigrante.com\/revista\/wp-content\/uploads\/2024\/07\/migrante-Reginaldo-Marroquin-267x300.webp 267w\" sizes=\"(max-width: 542px) 100vw, 542px\" \/><\/a>\t\t\t\t\t\t<\/div>\n\t\t\t\t\t\n\t\t\t\t\t\t\t\t\t\t<div class=\"elementor-testimonial-details\">\n\t\t\t\t\t\t\t\t\t\t\t\t\t\t<a class=\"elementor-testimonial-name\" href=\"https:\/\/www.changema.kr\/es\/fellows\/3194\">Reginaldo Marroqu\u00edn<\/a>\n\t\t\t\t\t\t\t\t\t\t\t\t\t\t\t\t\t\t\t\t\t\t<a class=\"elementor-testimonial-job\" href=\"https:\/\/www.changema.kr\/es\/fellows\/3194\">Agr\u00f3nomo y migrante guatemalteco en Minnesota<\/a>\n\t\t\t\t\t\t\t\t\t\t\t\t\t<\/div>\n\t\t\t\t\t\t\t\t\t<\/div>\n\t\t\t<\/div>\n\t\t\t\t\t<\/div>\n\t\t\t\t\t\t<\/div>\n\t\t\t\t\t<\/div>\n\t\t\t\t<\/div>\n\t\t<div data-particle_enable=\"false\" data-particle-mobile-disabled=\"false\" class=\"elementor-element elementor-element-3afc9e4 e-flex e-con-boxed e-con e-parent\" data-id=\"3afc9e4\" data-element_type=\"container\" data-e-type=\"container\">\n\t\t\t\t\t<div class=\"e-con-inner\">\n\t\t\t\t<div class=\"elementor-element elementor-element-93c5b59 elementor-widget elementor-widget-text-editor\" data-id=\"93c5b59\" data-element_type=\"widget\" data-e-type=\"widget\" data-widget_type=\"text-editor.default\">\n\t\t\t\t\t\t\t\t\t<p><a href=\"https:\/\/www.linkedin.com\/posts\/regenpoultry_what-a-journey-it-has-been-from-trying-activity-7216814497817092097-qLrH?utm_source=share&amp;utm_medium=member_desktop\">Este art\u00edculo fue originalmente publicado en la red LinkedIn<\/a><\/p>\t\t\t\t\t\t\t\t<\/div>\n\t\t\t\t\t<\/div>\n\t\t\t\t<\/div>\n\t\t<div data-particle_enable=\"false\" data-particle-mobile-disabled=\"false\" class=\"elementor-element elementor-element-e816bc6 e-flex e-con-boxed e-con e-parent\" data-id=\"e816bc6\" data-element_type=\"container\" data-e-type=\"container\">\n\t\t\t\t\t<div class=\"e-con-inner\">\n\t\t\t\t<div class=\"elementor-element elementor-element-df4d24f elementor-widget elementor-widget-heading\" data-id=\"df4d24f\" data-element_type=\"widget\" data-e-type=\"widget\" data-widget_type=\"heading.default\">\n\t\t\t\t\t<h2 class=\"elementor-heading-title elementor-size-default\">Ideas migrantes para nuevo futuro<\/h2>\t\t\t\t<\/div>\n\t\t\t\t\t<\/div>\n\t\t\t\t<\/div>\n\t\t<div data-particle_enable=\"false\" data-particle-mobile-disabled=\"false\" class=\"elementor-element elementor-element-5f23009 e-flex e-con-boxed e-con e-parent\" data-id=\"5f23009\" data-element_type=\"container\" data-e-type=\"container\">\n\t\t\t\t\t<div class=\"e-con-inner\">\n\t\t\t\t<div class=\"elementor-element elementor-element-7e9741d elementor-widget elementor-widget-blfe-post-grid\" data-id=\"7e9741d\" data-element_type=\"widget\" data-e-type=\"widget\" data-settings=\"{&quot;hero1_slides_to_show&quot;:1,&quot;hero1_navigation&quot;:&quot;arrows&quot;,&quot;columns&quot;:&quot;3&quot;,&quot;columns_tablet&quot;:&quot;6&quot;,&quot;columns_mobile&quot;:&quot;12&quot;,&quot;hero1_slides_to_show_tablet&quot;:2,&quot;hero1_slides_to_show_mobile&quot;:1,&quot;hero1_autoplay&quot;:&quot;yes&quot;,&quot;hero1_autoplay_speed&quot;:5000,&quot;hero1_pause_on_hover&quot;:&quot;no&quot;,&quot;hero1_loop&quot;:&quot;yes&quot;,&quot;hero1_animation_speed&quot;:200,&quot;hero1_carousel_arrow_size&quot;:{&quot;unit&quot;:&quot;px&quot;,&quot;size&quot;:&quot;&quot;,&quot;sizes&quot;:[]},&quot;hero1_carousel_arrow_size_tablet&quot;:{&quot;unit&quot;:&quot;px&quot;,&quot;size&quot;:&quot;&quot;,&quot;sizes&quot;:[]},&quot;hero1_carousel_arrow_size_mobile&quot;:{&quot;unit&quot;:&quot;px&quot;,&quot;size&quot;:&quot;&quot;,&quot;sizes&quot;:[]},&quot;hero1_carousel_arrow_height&quot;:{&quot;unit&quot;:&quot;px&quot;,&quot;size&quot;:&quot;&quot;,&quot;sizes&quot;:[]},&quot;hero1_carousel_arrow_height_tablet&quot;:{&quot;unit&quot;:&quot;px&quot;,&quot;size&quot;:&quot;&quot;,&quot;sizes&quot;:[]},&quot;hero1_carousel_arrow_height_mobile&quot;:{&quot;unit&quot;:&quot;px&quot;,&quot;size&quot;:&quot;&quot;,&quot;sizes&quot;:[]},&quot;hero1_carousel_arrow_width&quot;:{&quot;unit&quot;:&quot;px&quot;,&quot;size&quot;:&quot;&quot;,&quot;sizes&quot;:[]},&quot;hero1_carousel_arrow_width_tablet&quot;:{&quot;unit&quot;:&quot;px&quot;,&quot;size&quot;:&quot;&quot;,&quot;sizes&quot;:[]},&quot;hero1_carousel_arrow_width_mobile&quot;:{&quot;unit&quot;:&quot;px&quot;,&quot;size&quot;:&quot;&quot;,&quot;sizes&quot;:[]},&quot;hero1_carousel_dots_size&quot;:{&quot;unit&quot;:&quot;px&quot;,&quot;size&quot;:&quot;&quot;,&quot;sizes&quot;:[]},&quot;hero1_carousel_dots_size_tablet&quot;:{&quot;unit&quot;:&quot;px&quot;,&quot;size&quot;:&quot;&quot;,&quot;sizes&quot;:[]},&quot;hero1_carousel_dots_size_mobile&quot;:{&quot;unit&quot;:&quot;px&quot;,&quot;size&quot;:&quot;&quot;,&quot;sizes&quot;:[]}}\" data-widget_type=\"blfe-post-grid.hero1\">\n\t\t\t\t<div class=\"elementor-widget-container\">\n\t\t\t\t\t\n            \n                <div data-skin=\"hero1\" class=\"blfe-row blfe-posts-inner blfe-hero1      blfe-carousel  \">\n                            <div class=\"blfe-post-grid-item\">\n            <div class=\"blfe-post-grid-item-inner blfe-modern-zoom\">\n                        <div class=\"blfe-post-grid-bg-image\">\n            <a class=\"blfe-post-grid-image-inner\" href=\"https:\/\/soymigrante.com\/revista\/cantautora-migrante-guatemalteca-wendy-dgi-crea-cancion-desafiante-la-envidia\/\" title=\"&#8220;La Envidia&#8221;: cantautora migrante guatemalteca Wendy DGi crea una canci\u00f3n desafiante\" rel=\"nofollow\" target=\"_blank\"><img decoding=\"async\" src=\"https:\/\/soymigrante.com\/revista\/wp-content\/uploads\/2026\/04\/wendy-DGi-cantautora-migrante-guatemalteca-en-nueva-york-copia.jpg\" alt=\"&#8220;La Envidia&#8221;: cantautora migrante guatemalteca Wendy DGi crea una canci\u00f3n desafiante\"\/><\/a>        <\/div>\n                        <div class=\"blfe-post-grid-details\">\n                    <div class=\"blfe-post-grid-details-inner\">\n                        <span class=\"blfe-post-category\"><a href=\"https:\/\/soymigrante.com\/revista\/category\/estamos-unidos\/lugar-de-voces\/\">Lugar de Voces<\/a><\/span>                        <h3 class=\"blfe-post-grid-title\">\n            <a href=\"https:\/\/soymigrante.com\/revista\/cantautora-migrante-guatemalteca-wendy-dgi-crea-cancion-desafiante-la-envidia\/\" title=\"&#8220;La Envidia&#8221;: cantautora migrante guatemalteca Wendy DGi crea una canci\u00f3n desafiante\" rel=\"nofollow\" target=\"_blank\">&#8220;La Envidia&#8221;: cantautora migrante guatemalteca Wendy DGi crea una canci\u00f3n desafiante<\/a>\n            <\/h3>                                                            <div class=\"blfe-post-grid-meta\">\n                <span class=\"blfe-post-grid-time\"><i class=\"fas fa-book-reader\"><\/i>3 Min read<\/span>            <\/div>\n                                                        <\/div>\n                <\/div>\n\n            <\/div>\n        <\/div>\n                <div class=\"blfe-post-grid-item\">\n            <div class=\"blfe-post-grid-item-inner blfe-modern-zoom\">\n                        <div class=\"blfe-post-grid-bg-image\">\n            <a class=\"blfe-post-grid-image-inner\" href=\"https:\/\/soymigrante.com\/revista\/significados-de-nombres-indigenas-de-algunos-estados-de-los-estados-unidos\/\" title=\"Significados de nombres ind\u00edgenas de algunos Estados de los Estados Unidos\" rel=\"nofollow\" target=\"_blank\"><img decoding=\"async\" src=\"https:\/\/soymigrante.com\/revista\/wp-content\/uploads\/2026\/04\/nombres-indigenas-Estados-Unidos.jpg\" alt=\"Significados de nombres ind\u00edgenas de algunos Estados de los Estados Unidos\"\/><\/a>        <\/div>\n                        <div class=\"blfe-post-grid-details\">\n                    <div class=\"blfe-post-grid-details-inner\">\n                        <span class=\"blfe-post-category\"><a href=\"https:\/\/soymigrante.com\/revista\/category\/estamos-unidos\/lugar-de-voces\/\">Lugar de Voces<\/a><\/span>                        <h3 class=\"blfe-post-grid-title\">\n            <a href=\"https:\/\/soymigrante.com\/revista\/significados-de-nombres-indigenas-de-algunos-estados-de-los-estados-unidos\/\" title=\"Significados de nombres ind\u00edgenas de algunos Estados de los Estados Unidos\" rel=\"nofollow\" target=\"_blank\">Significados de nombres ind\u00edgenas de algunos Estados de los Estados Unidos<\/a>\n            <\/h3>                                                            <div class=\"blfe-post-grid-meta\">\n                <span class=\"blfe-post-grid-time\"><i class=\"fas fa-book-reader\"><\/i>4 Min read<\/span>            <\/div>\n                                                        <\/div>\n                <\/div>\n\n            <\/div>\n        <\/div>\n                <div class=\"blfe-post-grid-item\">\n            <div class=\"blfe-post-grid-item-inner blfe-modern-zoom\">\n                        <div class=\"blfe-post-grid-bg-image\">\n            <a class=\"blfe-post-grid-image-inner\" href=\"https:\/\/soymigrante.com\/revista\/cuantas-estaciones-tiene-el-via-crucis-migrante-y-que-significado-tiene-cada-una\/\" title=\"\u00bfCu\u00e1ntas estaciones tiene el V\u00eda Crucis Migrante y qu\u00e9 significado tiene cada una?\" rel=\"nofollow\" target=\"_blank\"><img decoding=\"async\" src=\"https:\/\/soymigrante.com\/revista\/wp-content\/uploads\/2026\/03\/via-crucis-migrante-ilustrado-estacion.png\" alt=\"\u00bfCu\u00e1ntas estaciones tiene el V\u00eda Crucis Migrante y qu\u00e9 significado tiene cada una?\"\/><\/a>        <\/div>\n                        <div class=\"blfe-post-grid-details\">\n                    <div class=\"blfe-post-grid-details-inner\">\n                        <span class=\"blfe-post-category\"><a href=\"https:\/\/soymigrante.com\/revista\/category\/estamos-unidos\/lugar-de-voces\/\">Lugar de Voces<\/a><\/span>                        <h3 class=\"blfe-post-grid-title\">\n            <a href=\"https:\/\/soymigrante.com\/revista\/cuantas-estaciones-tiene-el-via-crucis-migrante-y-que-significado-tiene-cada-una\/\" title=\"\u00bfCu\u00e1ntas estaciones tiene el V\u00eda Crucis Migrante y qu\u00e9 significado tiene cada una?\" rel=\"nofollow\" target=\"_blank\">\u00bfCu\u00e1ntas estaciones tiene el V\u00eda Crucis Migrante y qu\u00e9 significado tiene cada una?<\/a>\n            <\/h3>                                                            <div class=\"blfe-post-grid-meta\">\n                <span class=\"blfe-post-grid-time\"><i class=\"fas fa-book-reader\"><\/i>6 Min read<\/span>            <\/div>\n                                                        <\/div>\n                <\/div>\n\n            <\/div>\n        <\/div>\n                <div class=\"blfe-post-grid-item\">\n            <div class=\"blfe-post-grid-item-inner blfe-modern-zoom\">\n                        <div class=\"blfe-post-grid-bg-image\">\n            <a class=\"blfe-post-grid-image-inner\" href=\"https:\/\/soymigrante.com\/revista\/ingeniero-guatemalteco-guillermo-fuentes-electo-entre-los-20-jovenes-latinos-de-oklahoma-2026\/\" title=\"Ingeniero guatemalteco Guillermo Fuentes electo entre los 20 J\u00f3venes Latinos de Oklahoma 2026\" rel=\"nofollow\" target=\"_blank\"><img decoding=\"async\" src=\"https:\/\/soymigrante.com\/revista\/wp-content\/uploads\/2026\/02\/guillermo-fuentes-guatemalteco-oklahoma-entre-los-20-menores-de-40.png\" alt=\"Ingeniero guatemalteco Guillermo Fuentes electo entre los 20 J\u00f3venes Latinos de Oklahoma 2026\"\/><\/a>        <\/div>\n                        <div class=\"blfe-post-grid-details\">\n                    <div class=\"blfe-post-grid-details-inner\">\n                        <span class=\"blfe-post-category\"><a href=\"https:\/\/soymigrante.com\/revista\/category\/estamos-unidos\/lugar-de-voces\/\">Lugar de Voces<\/a><\/span>                        <h3 class=\"blfe-post-grid-title\">\n            <a href=\"https:\/\/soymigrante.com\/revista\/ingeniero-guatemalteco-guillermo-fuentes-electo-entre-los-20-jovenes-latinos-de-oklahoma-2026\/\" title=\"Ingeniero guatemalteco Guillermo Fuentes electo entre los 20 J\u00f3venes Latinos de Oklahoma 2026\" rel=\"nofollow\" target=\"_blank\">Ingeniero guatemalteco Guillermo Fuentes electo entre los 20 J\u00f3venes Latinos de Oklahoma 2026<\/a>\n            <\/h3>                                                            <div class=\"blfe-post-grid-meta\">\n                <span class=\"blfe-post-grid-time\"><i class=\"fas fa-book-reader\"><\/i>4 Min read<\/span>            <\/div>\n                                                        <\/div>\n                <\/div>\n\n            <\/div>\n        <\/div>\n                        <\/div>\n\n            \n            \t\t\t\t<\/div>\n\t\t\t\t<\/div>\n\t\t\t\t\t<\/div>\n\t\t\t\t<\/div>\n\t\t\t\t<\/div>\n\t\t","protected":false},"excerpt":{"rendered":"<p>Migrante guatemalteco Reginaldo Marroqu\u00edn describe las buenas pr\u00e1cticas y resultados que ha tenido en la agricultura y avicultura regenerativa puesta en marca en su granja de Minnesota, Estados Unidos. No ha sido f\u00e1cil. Pero tampoco imposible. Por Reginaldo Marroqu\u00edn, migrante y agr\u00f3nomo guatemalteco en Minnesota \u00a1Qu\u00e9 viaje ha sido! Desde tratar de acceder a la [&hellip;]<\/p>\n","protected":false},"author":1,"featured_media":7452,"comment_status":"open","ping_status":"open","sticky":false,"template":"","format":"standard","meta":{"_acf_changed":true,"_eb_attr":"","footnotes":""},"categories":[56],"tags":[],"class_list":["post-7451","post","type-post","status-publish","format-standard","has-post-thumbnail","hentry","category-lugar-de-voces"],"acf":[],"aioseo_notices":[],"aioseo_head":"\n\t\t<!-- All in One SEO Pro 4.9.6.2 - aioseo.com -->\n\t<meta name=\"description\" content=\"Ingeniero Guillermo Fuentes, originario de Carch\u00e1 en Oklahoma dice: &quot;Me siento profundamente honrado&quot;, por estar en lista de profesionales hispanos destacados\" \/>\n\t<meta name=\"robots\" content=\"max-snippet:-1, max-image-preview:large, max-video-preview:-1\" \/>\n\t<meta name=\"author\" content=\"SoyMigrante.com REVISTA\"\/>\n\t<link rel=\"canonical\" href=\"https:\/\/soymigrante.com\/revista\/ingeniero-guatemalteco-guillermo-fuentes-electo-entre-los-20-jovenes-latinos-de-oklahoma-2026\/\" \/>\n\t<meta name=\"generator\" content=\"All in One SEO Pro (AIOSEO) 4.9.6.2\" \/>\n\n\t\t<link rel=\"preconnect\" href=\"https:\/\/fonts.googleapis.com\" crossorigin>\n<link rel=\"preconnect\" href=\"https:\/\/fonts.gstatic.com\" crossorigin>\n\t\t<meta property=\"og:locale\" content=\"es_ES\" \/>\n\t\t<meta property=\"og:site_name\" content=\"SoyMigrante.com REVISTA \u2013 Nuestra misi\u00f3n es reconocer y dignificar al migrante.\" \/>\n\t\t<meta property=\"og:type\" content=\"article\" \/>\n\t\t<meta property=\"og:title\" content=\"Guatemalteco en lista de 20 J\u00f3venes Latinos de Oklahoma 2026\" \/>\n\t\t<meta property=\"og:description\" content=\"Ingeniero Guillermo Fuentes, originario de Carch\u00e1 en Oklahoma dice: &quot;Me siento profundamente honrado&quot;, por estar en lista de profesionales hispanos destacados\" \/>\n\t\t<meta property=\"og:url\" content=\"https:\/\/soymigrante.com\/revista\/ingeniero-guatemalteco-guillermo-fuentes-electo-entre-los-20-jovenes-latinos-de-oklahoma-2026\/\" \/>\n\t\t<meta property=\"og:image\" content=\"https:\/\/soymigrante.com\/revista\/wp-content\/uploads\/2026\/02\/guillermo-fuentes-guatemalteco-oklahoma-entre-los-20-menores-de-40.png\" \/>\n\t\t<meta property=\"og:image:secure_url\" content=\"https:\/\/soymigrante.com\/revista\/wp-content\/uploads\/2026\/02\/guillermo-fuentes-guatemalteco-oklahoma-entre-los-20-menores-de-40.png\" \/>\n\t\t<meta property=\"og:image:width\" content=\"737\" \/>\n\t\t<meta property=\"og:image:height\" content=\"728\" \/>\n\t\t<meta property=\"article:published_time\" content=\"2026-02-25T17:54:41+00:00\" \/>\n\t\t<meta property=\"article:modified_time\" content=\"2026-02-25T18:06:00+00:00\" \/>\n\t\t<meta property=\"article:publisher\" content=\"https:\/\/www.facebook.com\/soymigrantecom\" \/>\n\t\t<meta name=\"twitter:card\" content=\"summary_large_image\" \/>\n\t\t<meta name=\"twitter:site\" content=\"@SoyMigrante_com\" \/>\n\t\t<meta name=\"twitter:title\" content=\"Guatemalteco en lista de 20 J\u00f3venes Latinos de Oklahoma 2026\" \/>\n\t\t<meta name=\"twitter:description\" content=\"Ingeniero Guillermo Fuentes, originario de Carch\u00e1 en Oklahoma dice: &quot;Me siento profundamente honrado&quot;, por estar en lista de profesionales hispanos destacados\" \/>\n\t\t<meta name=\"twitter:creator\" content=\"@SoyMigrante_com\" \/>\n\t\t<meta name=\"twitter:image\" content=\"https:\/\/soymigrante.com\/revista\/wp-content\/uploads\/2026\/02\/guillermo-fuentes-guatemalteco-oklahoma-entre-los-20-menores-de-40.png\" \/>\n\t\t<!-- All in One SEO Pro -->\r\n\t\t<title>Guatemalteco en lista de 20 J\u00f3venes Latinos de Oklahoma 2026<\/title>\n\n","aioseo_head_json":{"title":"Guatemalteco en lista de 20 J\u00f3venes Latinos de Oklahoma 2026","description":"Ingeniero Guillermo Fuentes, originario de Carch\u00e1 en Oklahoma dice: \"Me siento profundamente honrado\", por estar en lista de profesionales hispanos destacados","canonical_url":"https:\/\/soymigrante.com\/revista\/ingeniero-guatemalteco-guillermo-fuentes-electo-entre-los-20-jovenes-latinos-de-oklahoma-2026\/","robots":"max-snippet:-1, max-image-preview:large, max-video-preview:-1","keywords":"","webmasterTools":{"miscellaneous":"&lt;link rel=\"preconnect\" href=\"https:\/\/fonts.googleapis.com\" crossorigin&gt;\n&lt;link rel=\"preconnect\" href=\"https:\/\/fonts.gstatic.com\" crossorigin&gt;"},"schema":null,"og:locale":"es_ES","og:site_name":"SoyMigrante.com REVISTA \u2013 Nuestra misi\u00f3n es reconocer y dignificar al migrante.","og:type":"article","og:title":"Guatemalteco en lista de 20 J\u00f3venes Latinos de Oklahoma 2026","og:description":"Ingeniero Guillermo Fuentes, originario de Carch\u00e1 en Oklahoma dice: &quot;Me siento profundamente honrado&quot;, por estar en lista de profesionales hispanos destacados","og:url":"https:\/\/soymigrante.com\/revista\/ingeniero-guatemalteco-guillermo-fuentes-electo-entre-los-20-jovenes-latinos-de-oklahoma-2026\/","og:image":"https:\/\/soymigrante.com\/revista\/wp-content\/uploads\/2026\/02\/guillermo-fuentes-guatemalteco-oklahoma-entre-los-20-menores-de-40.png","og:image:secure_url":"https:\/\/soymigrante.com\/revista\/wp-content\/uploads\/2026\/02\/guillermo-fuentes-guatemalteco-oklahoma-entre-los-20-menores-de-40.png","og:image:width":737,"og:image:height":728,"article:published_time":"2026-02-25T17:54:41+00:00","article:modified_time":"2026-02-25T18:06:00+00:00","article:publisher":"https:\/\/www.facebook.com\/soymigrantecom","twitter:card":"summary_large_image","twitter:site":"@SoyMigrante_com","twitter:title":"Guatemalteco en lista de 20 J\u00f3venes Latinos de Oklahoma 2026","twitter:description":"Ingeniero Guillermo Fuentes, originario de Carch\u00e1 en Oklahoma dice: &quot;Me siento profundamente honrado&quot;, por estar en lista de profesionales hispanos destacados","twitter:creator":"@SoyMigrante_com","twitter:image":"https:\/\/soymigrante.com\/revista\/wp-content\/uploads\/2026\/02\/guillermo-fuentes-guatemalteco-oklahoma-entre-los-20-menores-de-40.png"},"aioseo_meta_data":{"post_id":"7451","title":"Regeneraci\u00f3n de la Tierra empieza en la mente","description":"Migrante guatemalteco Reginaldo Marroqu\u00edn expone en su art\u00edculo avances en agricultura regenerativa en Minnesotta. No ha sido f\u00e1cil pero tampoco imposible.","keywords":null,"keyphrases":{"focus":{"keyphrase":"Migrante","score":82,"analysis":{"keyphraseInTitle":{"score":3,"maxScore":9,"error":1},"keyphraseInDescription":{"score":9,"maxScore":9,"error":0},"keyphraseLength":{"score":9,"maxScore":9,"error":0,"length":1},"keyphraseInURL":{"score":5,"maxScore":5,"error":0},"keyphraseInIntroduction":{"score":9,"maxScore":9,"error":0},"keyphraseInSubHeadings":{"score":3,"maxScore":9,"error":1},"keyphraseInImageAlt":{"score":9,"maxScore":9,"error":0},"keywordDensity":{"type":"best","score":9,"maxScore":9,"error":0}}},"additional":[{"keyphrase":"Agricultura regenerativa","score":67,"analysis":{"keyphraseInDescription":{"score":9,"maxScore":9,"error":0},"keyphraseLength":{"score":9,"maxScore":9,"error":0,"length":2},"keyphraseInIntroduction":{"score":3,"maxScore":9,"error":1},"keyphraseInImageAlt":{"score":9,"maxScore":9,"error":0},"keywordDensity":{"score":0,"type":"low","maxScore":9,"error":1}}},{"keyphrase":"Guatemalteco","score":80,"analysis":{"keyphraseInDescription":{"score":9,"maxScore":9,"error":0},"keyphraseLength":{"score":9,"maxScore":9,"error":0,"length":1},"keyphraseInIntroduction":{"score":9,"maxScore":9,"error":0},"keyphraseInImageAlt":{"score":9,"maxScore":9,"error":0},"keywordDensity":{"score":0,"type":"low","maxScore":9,"error":1}}}]},"primary_term":null,"canonical_url":null,"og_title":null,"og_description":null,"og_object_type":"default","og_image_type":"default","og_image_url":null,"og_image_width":null,"og_image_height":null,"og_image_custom_url":null,"og_image_custom_fields":null,"og_video":"","og_custom_url":null,"og_article_section":null,"og_article_tags":null,"twitter_use_og":false,"twitter_card":"default","twitter_image_type":"default","twitter_image_url":null,"twitter_image_custom_url":null,"twitter_image_custom_fields":null,"twitter_title":null,"twitter_description":null,"schema":{"blockGraphs":[],"customGraphs":[],"default":{"data":{"Article":[],"Course":[],"Dataset":[],"FAQPage":[],"Movie":[],"Person":[],"Product":[],"ProductReview":[],"Car":[],"Recipe":[],"Service":[],"SoftwareApplication":[],"WebPage":[]},"graphName":"Article","isEnabled":true},"graphs":[]},"schema_type":"default","schema_type_options":null,"pillar_content":false,"robots_default":true,"robots_noindex":false,"robots_noarchive":false,"robots_nosnippet":false,"robots_nofollow":false,"robots_noimageindex":false,"robots_noodp":false,"robots_notranslate":false,"robots_max_snippet":"-1","robots_max_videopreview":"-1","robots_max_imagepreview":"large","priority":null,"frequency":"default","local_seo":null,"seo_analyzer_scan_date":"2025-10-08 22:17:17","breadcrumb_settings":null,"limit_modified_date":false,"reviewed_by":null,"open_ai":"{\"title\":{\"suggestions\":[],\"usage\":0},\"description\":{\"suggestions\":[],\"usage\":0}}","ai":null,"created":"2024-07-13 18:29:42","updated":"2026-02-04 12:27:32"},"aioseo_breadcrumb":"<div class=\"aioseo-breadcrumbs\"><span class=\"aioseo-breadcrumb\">\n\t<a href=\"https:\/\/soymigrante.com\/revista\" title=\"Home\">Home<\/a>\n<\/span><span class=\"aioseo-breadcrumb-separator\">\u00bb<\/span><span class=\"aioseo-breadcrumb\">\n\t<a href=\"https:\/\/soymigrante.com\/revista\/category\/estamos-unidos\/\" title=\"Estamos Unidos\">Estamos Unidos<\/a>\n<\/span><span class=\"aioseo-breadcrumb-separator\">\u00bb<\/span><span class=\"aioseo-breadcrumb\">\n\t<a href=\"https:\/\/soymigrante.com\/revista\/category\/estamos-unidos\/lugar-de-voces\/\" title=\"Lugar de Voces\">Lugar de Voces<\/a>\n<\/span><span class=\"aioseo-breadcrumb-separator\">\u00bb<\/span><span class=\"aioseo-breadcrumb\">\n\tLa regeneraci\u00f3n de la Tierra empieza por la mente: Reginaldo Marroqu\u00edn\n<\/span><\/div>","aioseo_breadcrumb_json":[{"label":"Home","link":"https:\/\/soymigrante.com\/revista"},{"label":"Estamos Unidos","link":"https:\/\/soymigrante.com\/revista\/category\/estamos-unidos\/"},{"label":"Lugar de Voces","link":"https:\/\/soymigrante.com\/revista\/category\/estamos-unidos\/lugar-de-voces\/"},{"label":"La regeneraci\u00f3n de la Tierra empieza por la mente: Reginaldo Marroqu\u00edn","link":"https:\/\/soymigrante.com\/revista\/la-regeneracion-de-la-tierra-empieza-por-la-mente-reginaldo-marroquin\/"}],"_links":{"self":[{"href":"https:\/\/soymigrante.com\/revista\/wp-json\/wp\/v2\/posts\/7451","targetHints":{"allow":["GET"]}}],"collection":[{"href":"https:\/\/soymigrante.com\/revista\/wp-json\/wp\/v2\/posts"}],"about":[{"href":"https:\/\/soymigrante.com\/revista\/wp-json\/wp\/v2\/types\/post"}],"author":[{"embeddable":true,"href":"https:\/\/soymigrante.com\/revista\/wp-json\/wp\/v2\/users\/1"}],"replies":[{"embeddable":true,"href":"https:\/\/soymigrante.com\/revista\/wp-json\/wp\/v2\/comments?post=7451"}],"version-history":[{"count":0,"href":"https:\/\/soymigrante.com\/revista\/wp-json\/wp\/v2\/posts\/7451\/revisions"}],"wp:featuredmedia":[{"embeddable":true,"href":"https:\/\/soymigrante.com\/revista\/wp-json\/wp\/v2\/media\/7452"}],"wp:attachment":[{"href":"https:\/\/soymigrante.com\/revista\/wp-json\/wp\/v2\/media?parent=7451"}],"wp:term":[{"taxonomy":"category","embeddable":true,"href":"https:\/\/soymigrante.com\/revista\/wp-json\/wp\/v2\/categories?post=7451"},{"taxonomy":"post_tag","embeddable":true,"href":"https:\/\/soymigrante.com\/revista\/wp-json\/wp\/v2\/tags?post=7451"}],"curies":[{"name":"wp","href":"https:\/\/api.w.org\/{rel}","templated":true}]}}