{"id":7448,"date":"2024-07-15T10:57:43","date_gmt":"2024-07-15T16:57:43","guid":{"rendered":"https:\/\/soymigrante.com\/revista\/?p=7448"},"modified":"2025-06-20T16:45:44","modified_gmt":"2025-06-20T22:45:44","slug":"recetas-chapinas-delicioso-mole-guatemalteco-para-compartir","status":"publish","type":"post","link":"https:\/\/soymigrante.com\/revista\/recetas-chapinas-delicioso-mole-guatemalteco-para-compartir\/","title":{"rendered":"Delicia chapina para preparar y compartir: el suculento Mole Guatemalteco"},"content":{"rendered":"\t\t<div data-elementor-type=\"wp-post\" data-elementor-id=\"7448\" class=\"elementor elementor-7448\" data-elementor-post-type=\"post\">\n\t\t\t\t<div data-particle_enable=\"false\" data-particle-mobile-disabled=\"false\" class=\"elementor-element elementor-element-f9f9a0d e-flex e-con-boxed e-con e-parent\" data-id=\"f9f9a0d\" data-element_type=\"container\" data-e-type=\"container\">\n\t\t\t\t\t<div class=\"e-con-inner\">\n\t\t\t\t<div class=\"elementor-element elementor-element-fdee8c6 elementor-widget elementor-widget-heading\" data-id=\"fdee8c6\" data-element_type=\"widget\" data-e-type=\"widget\" data-widget_type=\"heading.default\">\n\t\t\t\t\t<h2 class=\"elementor-heading-title elementor-size-default\">El olor a chocolate, los pl\u00e1tanos fritos y el ajonjol\u00ed son la mezcla perfecta para preparar un buen mole guatemalteco, un postre para compartir con los seres queridos. \n<\/h2>\t\t\t\t<\/div>\n\t\t\t\t\t<\/div>\n\t\t\t\t<\/div>\n\t\t<div data-particle_enable=\"false\" data-particle-mobile-disabled=\"false\" class=\"elementor-element elementor-element-d1c8bfa e-flex e-con-boxed e-con e-parent\" data-id=\"d1c8bfa\" data-element_type=\"container\" data-e-type=\"container\">\n\t\t\t\t\t<div class=\"e-con-inner\">\n\t\t\t\t<div class=\"elementor-element elementor-element-f53153b elementor-widget elementor-widget-text-editor\" data-id=\"f53153b\" data-element_type=\"widget\" data-e-type=\"widget\" data-widget_type=\"text-editor.default\">\n\t\t\t\t\t\t\t\t\t<p>Los pl\u00e1tanos en Mole guatemaltecos son el platillo ideal para quienes son amantes de los postres, especialmente del chocolate. Pero que mejor que prepararlo con el aut\u00e9ntico sabor casero y con los ingredientes que nos recuerdan a Guatemala.<\/p><p>Este platillo es perfecto para ofrecer en un cumplea\u00f1os, en una celebraci\u00f3n y hasta hacer una fiesta guatemalteca, no olvides prepararlo como lo hac\u00eda la abuelita.<\/p><p>Para la chef Carmen Contreras esta receta es especial porque fue heredada de sus ancestros, en especial de su bisabuela. <\/p>\t\t\t\t\t\t\t\t<\/div>\n\t\t\t\t\t<\/div>\n\t\t\t\t<\/div>\n\t\t<div data-particle_enable=\"false\" data-particle-mobile-disabled=\"false\" class=\"elementor-element elementor-element-a4302f7 e-flex e-con-boxed e-con e-parent\" data-id=\"a4302f7\" data-element_type=\"container\" data-e-type=\"container\">\n\t\t\t\t\t<div class=\"e-con-inner\">\n\t\t\t\t<div class=\"elementor-element elementor-element-47d21a0 elementor-widget elementor-widget-image\" data-id=\"47d21a0\" data-element_type=\"widget\" data-e-type=\"widget\" data-widget_type=\"image.default\">\n\t\t\t\t\t\t\t\t\t\t\t\t\t\t\t<img fetchpriority=\"high\" decoding=\"async\" width=\"225\" height=\"225\" src=\"https:\/\/soymigrante.com\/revista\/wp-content\/uploads\/2024\/07\/mole-guatemalteco-3.jpeg\" class=\"attachment-large size-large wp-image-7450\" alt=\"Carne en salsa tradicional mexicana con sal gruesa y especias, servida en plato blanco.\" srcset=\"https:\/\/soymigrante.com\/revista\/wp-content\/uploads\/2024\/07\/mole-guatemalteco-3.jpeg 225w, https:\/\/soymigrante.com\/revista\/wp-content\/uploads\/2024\/07\/mole-guatemalteco-3-150x150.webp 150w, https:\/\/soymigrante.com\/revista\/wp-content\/uploads\/2024\/07\/mole-guatemalteco-3-75x75.webp 75w\" sizes=\"(max-width: 225px) 100vw, 225px\" title=\"Recetas chapinas: mole guatemalteco \u2013 SoyMigrante.com REVISTA\" \/>\t\t\t\t\t\t\t\t\t\t\t\t\t\t\t<\/div>\n\t\t\t\t\t<\/div>\n\t\t\t\t<\/div>\n\t\t<div data-particle_enable=\"false\" data-particle-mobile-disabled=\"false\" class=\"elementor-element elementor-element-893d655 e-flex e-con-boxed e-con e-parent\" data-id=\"893d655\" data-element_type=\"container\" data-e-type=\"container\">\n\t\t\t\t\t<div class=\"e-con-inner\">\n\t\t\t\t<div class=\"elementor-element elementor-element-5942fa4 elementor-widget elementor-widget-heading\" data-id=\"5942fa4\" data-element_type=\"widget\" data-e-type=\"widget\" data-widget_type=\"heading.default\">\n\t\t\t\t\t<h3 class=\"elementor-heading-title elementor-size-default\">Ingredientes del mole guatemalteco <\/h3>\t\t\t\t<\/div>\n\t\t\t\t\t<\/div>\n\t\t\t\t<\/div>\n\t\t<div data-particle_enable=\"false\" data-particle-mobile-disabled=\"false\" class=\"elementor-element elementor-element-3d1a8fd e-flex e-con-boxed e-con e-parent\" data-id=\"3d1a8fd\" data-element_type=\"container\" data-e-type=\"container\">\n\t\t\t\t\t<div class=\"e-con-inner\">\n\t\t\t\t<div class=\"elementor-element elementor-element-14a230e elementor-widget elementor-widget-text-editor\" data-id=\"14a230e\" data-element_type=\"widget\" data-e-type=\"widget\" data-widget_type=\"text-editor.default\">\n\t\t\t\t\t\t\t\t\t<p>6 pl\u00e1tanos cortados en rodajas largas, previamente fritos.<br \/>2 onzas de ajonjol\u00ed tostado.<br \/>2 onzas de pepitoria tostada.<br \/>15 tomates bien maduros.<br \/>2 chiles pasas.<br \/>1 raja de canela.<br \/>2 champurradas.<br \/>8 onzas de chocolate en tableta.<br \/>2 onzas de ajonjol\u00ed para la decoraci\u00f3n.<\/p>\t\t\t\t\t\t\t\t<\/div>\n\t\t\t\t\t<\/div>\n\t\t\t\t<\/div>\n\t\t<div data-particle_enable=\"false\" data-particle-mobile-disabled=\"false\" class=\"elementor-element elementor-element-46b3dad e-flex e-con-boxed e-con e-parent\" data-id=\"46b3dad\" data-element_type=\"container\" data-e-type=\"container\">\n\t\t\t\t\t<div class=\"e-con-inner\">\n\t\t\t\t<div class=\"elementor-element elementor-element-8e03b7b elementor-widget elementor-widget-heading\" data-id=\"8e03b7b\" data-element_type=\"widget\" data-e-type=\"widget\" data-widget_type=\"heading.default\">\n\t\t\t\t\t<h3 class=\"elementor-heading-title elementor-size-default\">Preparaci\u00f3n del mole guatemalteco <\/h3>\t\t\t\t<\/div>\n\t\t\t\t\t<\/div>\n\t\t\t\t<\/div>\n\t\t<div data-particle_enable=\"false\" data-particle-mobile-disabled=\"false\" class=\"elementor-element elementor-element-5a4b7d2 e-flex e-con-boxed e-con e-parent\" data-id=\"5a4b7d2\" data-element_type=\"container\" data-e-type=\"container\">\n\t\t\t\t\t<div class=\"e-con-inner\">\n\t\t\t\t<div class=\"elementor-element elementor-element-e0eb246 elementor-widget elementor-widget-text-editor\" data-id=\"e0eb246\" data-element_type=\"widget\" data-e-type=\"widget\" data-widget_type=\"text-editor.default\">\n\t\t\t\t\t\t\t\t\t<p>Rodajear los pl\u00e1tanos, ni muy gruesos ni muy delgados.<br \/>Fre\u00edr en un sart\u00e9n las rodajas de pl\u00e1tano.<br \/>En una olla, colocar los tomates ya cortados en cuatro, as\u00ed mismo, los chiles pasas y la canela.<br \/>Cocer a fuego lento y dejar enfriar.<br \/>Retirar la c\u00e1scara de los tomates.<br \/>Dorar las especias, primero debe ser el ajonjol\u00ed y luego la pepitoria.<br \/>Agregar los tomates, chiles pasa, canela, ajonjol\u00ed, pepitoria, y las champurradas y licuar.<br \/>Verter el recado anterior en una olla de tama\u00f1o medio.<br \/>A\u00f1adir las tabletas de chocolate y dejar hervir a fuego lento.<br \/>Mover la mezcla constantemente hasta que el chocolate est\u00e9 fundido completamente.<br \/>Agregue los pl\u00e1tanos fritos para que absorban el sabor a la salsa y dejar enfriar.<br \/>Al servir se puede decorar con ajonjol\u00ed dorado a cada plato.<\/p>\t\t\t\t\t\t\t\t<\/div>\n\t\t\t\t\t<\/div>\n\t\t\t\t<\/div>\n\t\t<div data-particle_enable=\"false\" data-particle-mobile-disabled=\"false\" class=\"elementor-element elementor-element-005c197 e-flex e-con-boxed e-con e-parent\" data-id=\"005c197\" data-element_type=\"container\" data-e-type=\"container\">\n\t\t\t\t\t<div class=\"e-con-inner\">\n\t\t\t\t<div class=\"elementor-element elementor-element-fe2e063 elementor-widget elementor-widget-video\" data-id=\"fe2e063\" data-element_type=\"widget\" data-e-type=\"widget\" data-settings=\"{&quot;youtube_url&quot;:&quot;https:\\\/\\\/www.youtube.com\\\/watch?v=Y7dpmLlytfs&quot;,&quot;video_type&quot;:&quot;youtube&quot;,&quot;controls&quot;:&quot;yes&quot;}\" data-widget_type=\"video.default\">\n\t\t\t\t\t\t\t<div class=\"elementor-wrapper elementor-open-inline\">\n\t\t\t<div class=\"elementor-video\"><\/div>\t\t<\/div>\n\t\t\t\t\t\t<\/div>\n\t\t\t\t\t<\/div>\n\t\t\t\t<\/div>\n\t\t<div data-particle_enable=\"false\" data-particle-mobile-disabled=\"false\" class=\"elementor-element elementor-element-df08918 e-flex e-con-boxed e-con e-parent\" data-id=\"df08918\" data-element_type=\"container\" data-e-type=\"container\">\n\t\t\t\t\t<div class=\"e-con-inner\">\n\t\t\t\t<div class=\"elementor-element elementor-element-a1fedb7 elementor-grid-3 elementor-grid-tablet-2 elementor-grid-mobile-1 elementor-posts--thumbnail-top elementor-widget elementor-widget-posts\" data-id=\"a1fedb7\" data-element_type=\"widget\" data-e-type=\"widget\" data-settings=\"{&quot;classic_columns&quot;:&quot;3&quot;,&quot;classic_columns_tablet&quot;:&quot;2&quot;,&quot;classic_columns_mobile&quot;:&quot;1&quot;,&quot;classic_row_gap&quot;:{&quot;unit&quot;:&quot;px&quot;,&quot;size&quot;:35,&quot;sizes&quot;:[]},&quot;classic_row_gap_tablet&quot;:{&quot;unit&quot;:&quot;px&quot;,&quot;size&quot;:&quot;&quot;,&quot;sizes&quot;:[]},&quot;classic_row_gap_mobile&quot;:{&quot;unit&quot;:&quot;px&quot;,&quot;size&quot;:&quot;&quot;,&quot;sizes&quot;:[]}}\" data-widget_type=\"posts.classic\">\n\t\t\t\t<div class=\"elementor-widget-container\">\n\t\t\t\t\t\t\t<div class=\"elementor-posts-container elementor-posts elementor-posts--skin-classic elementor-grid\" role=\"list\">\n\t\t\t\t<article class=\"elementor-post elementor-grid-item post-55528 post type-post status-publish format-standard has-post-thumbnail hentry category-noticias\" role=\"listitem\">\n\t\t\t\t<a class=\"elementor-post__thumbnail__link\" href=\"https:\/\/soymigrante.com\/revista\/corte-reactiva-ley-antimigrante-sb4-de-texas-policia-estatal-podria-capturar-a-indocumentados\/\" tabindex=\"-1\" >\n\t\t\t<div class=\"elementor-post__thumbnail\"><img decoding=\"async\" width=\"300\" height=\"300\" src=\"https:\/\/soymigrante.com\/revista\/wp-content\/uploads\/2026\/04\/texas-ley-contra-migrantes-300x300.png\" class=\"attachment-medium size-medium wp-image-55529\" alt=\"texas ley contra migrantes\" srcset=\"https:\/\/soymigrante.com\/revista\/wp-content\/uploads\/2026\/04\/texas-ley-contra-migrantes-300x300.png 300w, https:\/\/soymigrante.com\/revista\/wp-content\/uploads\/2026\/04\/texas-ley-contra-migrantes-1024x1024.png 1024w, https:\/\/soymigrante.com\/revista\/wp-content\/uploads\/2026\/04\/texas-ley-contra-migrantes-150x150.png 150w, https:\/\/soymigrante.com\/revista\/wp-content\/uploads\/2026\/04\/texas-ley-contra-migrantes-768x768.png 768w, https:\/\/soymigrante.com\/revista\/wp-content\/uploads\/2026\/04\/texas-ley-contra-migrantes-75x75.png 75w, https:\/\/soymigrante.com\/revista\/wp-content\/uploads\/2026\/04\/texas-ley-contra-migrantes-750x750.png 750w, https:\/\/soymigrante.com\/revista\/wp-content\/uploads\/2026\/04\/texas-ley-contra-migrantes-1140x1140.png 1140w, https:\/\/soymigrante.com\/revista\/wp-content\/uploads\/2026\/04\/texas-ley-contra-migrantes.png 1254w\" sizes=\"(max-width: 300px) 100vw, 300px\" \/><\/div>\n\t\t<\/a>\n\t\t\t\t<div class=\"elementor-post__text\">\n\t\t\t\t<h3 class=\"elementor-post__title\">\n\t\t\t<a href=\"https:\/\/soymigrante.com\/revista\/corte-reactiva-ley-antimigrante-sb4-de-texas-policia-estatal-podria-capturar-a-indocumentados\/\" >\n\t\t\t\tCorte reactiva ley antimigrante SB4 de Texas: polic\u00eda estatal podr\u00eda capturar a indocumentados\t\t\t<\/a>\n\t\t<\/h3>\n\t\t\t\t<div class=\"elementor-post__meta-data\">\n\t\t\t\t\t<span class=\"elementor-post-date\">\n\t\t\t27\/04\/2026\t\t<\/span>\n\t\t\t\t<span class=\"elementor-post-avatar\">\n\t\t\tNo hay comentarios\t\t<\/span>\n\t\t\t\t<\/div>\n\t\t\t\t<\/div>\n\t\t\t\t<\/article>\n\t\t\t\t<article class=\"elementor-post elementor-grid-item post-55507 post type-post status-publish format-standard has-post-thumbnail hentry category-estamos-unidos\" role=\"listitem\">\n\t\t\t\t<a class=\"elementor-post__thumbnail__link\" href=\"https:\/\/soymigrante.com\/revista\/miss-gualan-usa-coronacion-imprevisto-guatemaltecos-en-estados-unidos-union-abril-2026\/\" tabindex=\"-1\" >\n\t\t\t<div class=\"elementor-post__thumbnail\"><img decoding=\"async\" width=\"300\" height=\"300\" src=\"https:\/\/soymigrante.com\/revista\/wp-content\/uploads\/2026\/04\/guatemaltecos-en-Estados-Unidos-miss-gualan-USA-coronacion-5-300x300.jpg\" class=\"attachment-medium size-medium wp-image-55508\" alt=\"guatemaltecos en Estados Unidos miss gualan USA coronacion 5\" srcset=\"https:\/\/soymigrante.com\/revista\/wp-content\/uploads\/2026\/04\/guatemaltecos-en-Estados-Unidos-miss-gualan-USA-coronacion-5-300x300.jpg 300w, https:\/\/soymigrante.com\/revista\/wp-content\/uploads\/2026\/04\/guatemaltecos-en-Estados-Unidos-miss-gualan-USA-coronacion-5-150x150.jpg 150w, https:\/\/soymigrante.com\/revista\/wp-content\/uploads\/2026\/04\/guatemaltecos-en-Estados-Unidos-miss-gualan-USA-coronacion-5-75x75.jpg 75w, https:\/\/soymigrante.com\/revista\/wp-content\/uploads\/2026\/04\/guatemaltecos-en-Estados-Unidos-miss-gualan-USA-coronacion-5.jpg 592w\" sizes=\"(max-width: 300px) 100vw, 300px\" \/><\/div>\n\t\t<\/a>\n\t\t\t\t<div class=\"elementor-post__text\">\n\t\t\t\t<h3 class=\"elementor-post__title\">\n\t\t\t<a href=\"https:\/\/soymigrante.com\/revista\/miss-gualan-usa-coronacion-imprevisto-guatemaltecos-en-estados-unidos-union-abril-2026\/\" >\n\t\t\t\tUn imprevisto en la coronaci\u00f3n de Miss Gualan U.S.A. 2026 en Los Angeles hizo brillar la uni\u00f3n guatemalteca\t\t\t<\/a>\n\t\t<\/h3>\n\t\t\t\t<div class=\"elementor-post__meta-data\">\n\t\t\t\t\t<span class=\"elementor-post-date\">\n\t\t\t27\/04\/2026\t\t<\/span>\n\t\t\t\t<span class=\"elementor-post-avatar\">\n\t\t\tNo hay comentarios\t\t<\/span>\n\t\t\t\t<\/div>\n\t\t\t\t<\/div>\n\t\t\t\t<\/article>\n\t\t\t\t<article class=\"elementor-post elementor-grid-item post-55481 post type-post status-publish format-standard has-post-thumbnail hentry category-exitos category-guatemala\" role=\"listitem\">\n\t\t\t\t<a class=\"elementor-post__thumbnail__link\" href=\"https:\/\/soymigrante.com\/revista\/santos-poroj-escritor-migrante-de-san-andres-xecul-publica-su-segundo-libro-en-california-y-con-dos-portadas\/\" tabindex=\"-1\" >\n\t\t\t<div class=\"elementor-post__thumbnail\"><img loading=\"lazy\" decoding=\"async\" width=\"300\" height=\"300\" src=\"https:\/\/soymigrante.com\/revista\/wp-content\/uploads\/2026\/04\/migrante-guatemalteco-santos-poroj-en-san-rafael-california-originario-de-san-andres-xecul-300x300.png\" class=\"attachment-medium size-medium wp-image-55482\" alt=\"Young man in a black jacket holds up two illustrated brochures in front of a colorful mural background.\" srcset=\"https:\/\/soymigrante.com\/revista\/wp-content\/uploads\/2026\/04\/migrante-guatemalteco-santos-poroj-en-san-rafael-california-originario-de-san-andres-xecul-300x300.png 300w, https:\/\/soymigrante.com\/revista\/wp-content\/uploads\/2026\/04\/migrante-guatemalteco-santos-poroj-en-san-rafael-california-originario-de-san-andres-xecul-1024x1024.png 1024w, https:\/\/soymigrante.com\/revista\/wp-content\/uploads\/2026\/04\/migrante-guatemalteco-santos-poroj-en-san-rafael-california-originario-de-san-andres-xecul-150x150.png 150w, https:\/\/soymigrante.com\/revista\/wp-content\/uploads\/2026\/04\/migrante-guatemalteco-santos-poroj-en-san-rafael-california-originario-de-san-andres-xecul-768x768.png 768w, https:\/\/soymigrante.com\/revista\/wp-content\/uploads\/2026\/04\/migrante-guatemalteco-santos-poroj-en-san-rafael-california-originario-de-san-andres-xecul-75x75.png 75w, https:\/\/soymigrante.com\/revista\/wp-content\/uploads\/2026\/04\/migrante-guatemalteco-santos-poroj-en-san-rafael-california-originario-de-san-andres-xecul-750x750.png 750w, https:\/\/soymigrante.com\/revista\/wp-content\/uploads\/2026\/04\/migrante-guatemalteco-santos-poroj-en-san-rafael-california-originario-de-san-andres-xecul-1140x1140.png 1140w, https:\/\/soymigrante.com\/revista\/wp-content\/uploads\/2026\/04\/migrante-guatemalteco-santos-poroj-en-san-rafael-california-originario-de-san-andres-xecul.png 1200w\" sizes=\"(max-width: 300px) 100vw, 300px\" \/><\/div>\n\t\t<\/a>\n\t\t\t\t<div class=\"elementor-post__text\">\n\t\t\t\t<h3 class=\"elementor-post__title\">\n\t\t\t<a href=\"https:\/\/soymigrante.com\/revista\/santos-poroj-escritor-migrante-de-san-andres-xecul-publica-su-segundo-libro-en-california-y-con-dos-portadas\/\" >\n\t\t\t\tSantos Poroj, escritor migrante de San Andr\u00e9s Xecul, publica su segundo libro en California (y con dos portadas)\t\t\t<\/a>\n\t\t<\/h3>\n\t\t\t\t<div class=\"elementor-post__meta-data\">\n\t\t\t\t\t<span class=\"elementor-post-date\">\n\t\t\t27\/04\/2026\t\t<\/span>\n\t\t\t\t<span class=\"elementor-post-avatar\">\n\t\t\tNo hay comentarios\t\t<\/span>\n\t\t\t\t<\/div>\n\t\t\t\t<\/div>\n\t\t\t\t<\/article>\n\t\t\t\t<\/div>\n\t\t\n\t\t\t\t\t\t<\/div>\n\t\t\t\t<\/div>\n\t\t\t\t\t<\/div>\n\t\t\t\t<\/div>\n\t\t\t\t<\/div>\n\t\t","protected":false},"excerpt":{"rendered":"<p>El olor a chocolate, los pl\u00e1tanos fritos y el ajonjol\u00ed son la mezcla perfecta para preparar un buen mole guatemalteco, un postre para compartir con<\/p>\n","protected":false},"author":19,"featured_media":7449,"comment_status":"open","ping_status":"open","sticky":false,"template":"","format":"standard","meta":{"_acf_changed":false,"_eb_attr":"","footnotes":""},"categories":[58],"tags":[],"class_list":["post-7448","post","type-post","status-publish","format-standard","has-post-thumbnail","hentry","category-guate-nuestra"],"acf":[],"aioseo_notices":[],"aioseo_head":"\n\t\t<!-- All in One SEO Pro 4.9.6.2 - aioseo.com -->\n\t<meta name=\"description\" content=\"Joven escritor migrante Santos Poroj descubri\u00f3 su inspiraci\u00f3n al estudiar High School en San Rafael, California. Su segundo libro tiene dos portadas \u00bfPor qu\u00e9?\" \/>\n\t<meta name=\"robots\" content=\"max-snippet:-1, max-image-preview:large, max-video-preview:-1\" \/>\n\t<meta name=\"author\" content=\"Gustavo Montenegro\"\/>\n\t<link rel=\"canonical\" href=\"https:\/\/soymigrante.com\/revista\/santos-poroj-escritor-migrante-de-san-andres-xecul-publica-su-segundo-libro-en-california-y-con-dos-portadas\/\" \/>\n\t<meta name=\"generator\" content=\"All in One SEO Pro (AIOSEO) 4.9.6.2\" \/>\n\n\t\t<link rel=\"preconnect\" href=\"https:\/\/fonts.googleapis.com\" crossorigin>\n<link rel=\"preconnect\" href=\"https:\/\/fonts.gstatic.com\" crossorigin>\n\t\t<meta property=\"og:locale\" content=\"es_ES\" \/>\n\t\t<meta property=\"og:site_name\" content=\"SoyMigrante.com REVISTA \u2013 Nuestra misi\u00f3n es reconocer y dignificar al migrante.\" \/>\n\t\t<meta property=\"og:type\" content=\"article\" \/>\n\t\t<meta property=\"og:title\" content=\"Lanza libros en California Santos Poroj de San Andr\u00e9s Xecul\" \/>\n\t\t<meta property=\"og:description\" content=\"Joven escritor migrante Santos Poroj descubri\u00f3 su inspiraci\u00f3n al estudiar High School en San Rafael, California. Su segundo libro tiene dos portadas \u00bfPor qu\u00e9?\" \/>\n\t\t<meta property=\"og:url\" content=\"https:\/\/soymigrante.com\/revista\/santos-poroj-escritor-migrante-de-san-andres-xecul-publica-su-segundo-libro-en-california-y-con-dos-portadas\/\" \/>\n\t\t<meta property=\"og:image\" content=\"https:\/\/soymigrante.com\/revista\/wp-content\/uploads\/2026\/04\/migrante-guatemalteco-santos-poroj-en-san-rafael-california-originario-de-san-andres-xecul.png\" \/>\n\t\t<meta property=\"og:image:secure_url\" content=\"https:\/\/soymigrante.com\/revista\/wp-content\/uploads\/2026\/04\/migrante-guatemalteco-santos-poroj-en-san-rafael-california-originario-de-san-andres-xecul.png\" \/>\n\t\t<meta property=\"og:image:width\" content=\"1200\" \/>\n\t\t<meta property=\"og:image:height\" content=\"1200\" \/>\n\t\t<meta property=\"article:published_time\" content=\"2026-04-27T14:40:10+00:00\" \/>\n\t\t<meta property=\"article:modified_time\" content=\"2026-04-27T19:50:06+00:00\" \/>\n\t\t<meta property=\"article:publisher\" content=\"https:\/\/www.facebook.com\/soymigrantecom\" \/>\n\t\t<meta name=\"twitter:card\" content=\"summary_large_image\" \/>\n\t\t<meta name=\"twitter:site\" content=\"@SoyMigrante_com\" \/>\n\t\t<meta name=\"twitter:title\" content=\"Lanza libros en California Santos Poroj de San Andr\u00e9s Xecul\" \/>\n\t\t<meta name=\"twitter:description\" content=\"Joven escritor migrante Santos Poroj descubri\u00f3 su inspiraci\u00f3n al estudiar High School en San Rafael, California. Su segundo libro tiene dos portadas \u00bfPor qu\u00e9?\" \/>\n\t\t<meta name=\"twitter:creator\" content=\"@SoyMigrante_com\" \/>\n\t\t<meta name=\"twitter:image\" content=\"https:\/\/soymigrante.com\/revista\/wp-content\/uploads\/2026\/04\/migrante-guatemalteco-santos-poroj-en-san-rafael-california-originario-de-san-andres-xecul.png\" \/>\n\t\t<!-- All in One SEO Pro -->\r\n\t\t<title>Lanza libros en California Santos Poroj de San Andr\u00e9s Xecul<\/title>\n\n","aioseo_head_json":{"title":"Lanza libros en California Santos Poroj de San Andr\u00e9s Xecul","description":"Joven escritor migrante Santos Poroj descubri\u00f3 su inspiraci\u00f3n al estudiar High School en San Rafael, California. Su segundo libro tiene dos portadas \u00bfPor qu\u00e9?","canonical_url":"https:\/\/soymigrante.com\/revista\/santos-poroj-escritor-migrante-de-san-andres-xecul-publica-su-segundo-libro-en-california-y-con-dos-portadas\/","robots":"max-snippet:-1, max-image-preview:large, max-video-preview:-1","keywords":"","webmasterTools":{"miscellaneous":"&lt;link rel=\"preconnect\" href=\"https:\/\/fonts.googleapis.com\" crossorigin&gt;\n&lt;link rel=\"preconnect\" href=\"https:\/\/fonts.gstatic.com\" crossorigin&gt;"},"schema":null,"og:locale":"es_ES","og:site_name":"SoyMigrante.com REVISTA \u2013 Nuestra misi\u00f3n es reconocer y dignificar al migrante.","og:type":"article","og:title":"Lanza libros en California Santos Poroj de San Andr\u00e9s Xecul","og:description":"Joven escritor migrante Santos Poroj descubri\u00f3 su inspiraci\u00f3n al estudiar High School en San Rafael, California. Su segundo libro tiene dos portadas \u00bfPor qu\u00e9?","og:url":"https:\/\/soymigrante.com\/revista\/santos-poroj-escritor-migrante-de-san-andres-xecul-publica-su-segundo-libro-en-california-y-con-dos-portadas\/","og:image":"https:\/\/soymigrante.com\/revista\/wp-content\/uploads\/2026\/04\/migrante-guatemalteco-santos-poroj-en-san-rafael-california-originario-de-san-andres-xecul.png","og:image:secure_url":"https:\/\/soymigrante.com\/revista\/wp-content\/uploads\/2026\/04\/migrante-guatemalteco-santos-poroj-en-san-rafael-california-originario-de-san-andres-xecul.png","og:image:width":1200,"og:image:height":1200,"article:published_time":"2026-04-27T14:40:10+00:00","article:modified_time":"2026-04-27T19:50:06+00:00","article:publisher":"https:\/\/www.facebook.com\/soymigrantecom","twitter:card":"summary_large_image","twitter:site":"@SoyMigrante_com","twitter:title":"Lanza libros en California Santos Poroj de San Andr\u00e9s Xecul","twitter:description":"Joven escritor migrante Santos Poroj descubri\u00f3 su inspiraci\u00f3n al estudiar High School en San Rafael, California. Su segundo libro tiene dos portadas \u00bfPor qu\u00e9?","twitter:creator":"@SoyMigrante_com","twitter:image":"https:\/\/soymigrante.com\/revista\/wp-content\/uploads\/2026\/04\/migrante-guatemalteco-santos-poroj-en-san-rafael-california-originario-de-san-andres-xecul.png"},"aioseo_meta_data":{"post_id":"7448","title":null,"description":"El mole guatemalteco es conocido por su sabor, olor y por ser uno de los postres m\u00e1s queridos en Guatemala y de los m\u00e1s deseados por los migrantes chapines.","keywords":null,"keyphrases":{"focus":{"keyphrase":"Mole guatemalteco","score":82,"analysis":{"keyphraseInTitle":{"score":9,"maxScore":9,"error":0},"keyphraseInDescription":{"score":9,"maxScore":9,"error":0},"keyphraseLength":{"score":9,"maxScore":9,"error":0,"length":2},"keyphraseInURL":{"score":5,"maxScore":5,"error":0},"keyphraseInIntroduction":{"score":3,"maxScore":9,"error":1},"keyphraseInSubHeadings":{"score":3,"maxScore":9,"error":1},"keyphraseInImageAlt":{"score":9,"maxScore":9,"error":0},"keywordDensity":{"type":"best","score":9,"maxScore":9,"error":0}}},"additional":[{"keyphrase":"Recetas chapinas","score":53,"analysis":{"keyphraseInDescription":{"score":3,"maxScore":9,"error":1},"keyphraseLength":{"score":9,"maxScore":9,"error":0,"length":2},"keyphraseInIntroduction":{"score":3,"maxScore":9,"error":1},"keyphraseInImageAlt":{"score":9,"maxScore":9,"error":0},"keywordDensity":{"score":0,"type":"low","maxScore":9,"error":1}}}]},"primary_term":null,"canonical_url":null,"og_title":null,"og_description":null,"og_object_type":"default","og_image_type":"default","og_image_url":null,"og_image_width":null,"og_image_height":null,"og_image_custom_url":null,"og_image_custom_fields":null,"og_video":"","og_custom_url":null,"og_article_section":null,"og_article_tags":null,"twitter_use_og":false,"twitter_card":"default","twitter_image_type":"default","twitter_image_url":null,"twitter_image_custom_url":null,"twitter_image_custom_fields":null,"twitter_title":null,"twitter_description":null,"schema":{"blockGraphs":[],"customGraphs":[],"default":{"data":{"Article":[],"Course":[],"Dataset":[],"FAQPage":[],"Movie":[],"Person":[],"Product":[],"ProductReview":[],"Car":[],"Recipe":[],"Service":[],"SoftwareApplication":[],"WebPage":[]},"graphName":"none","isEnabled":true},"graphs":[]},"schema_type":"default","schema_type_options":null,"pillar_content":false,"robots_default":true,"robots_noindex":false,"robots_noarchive":false,"robots_nosnippet":false,"robots_nofollow":false,"robots_noimageindex":false,"robots_noodp":false,"robots_notranslate":false,"robots_max_snippet":"-1","robots_max_videopreview":"-1","robots_max_imagepreview":"large","priority":null,"frequency":"default","local_seo":null,"seo_analyzer_scan_date":"2025-10-08 22:17:18","breadcrumb_settings":null,"limit_modified_date":false,"reviewed_by":"0","open_ai":"{\"title\":{\"suggestions\":[],\"usage\":0},\"description\":{\"suggestions\":[],\"usage\":0}}","ai":null,"created":"2024-07-12 20:51:07","updated":"2026-02-04 12:27:32"},"aioseo_breadcrumb":"<div class=\"aioseo-breadcrumbs\"><span class=\"aioseo-breadcrumb\">\n\t<a href=\"https:\/\/soymigrante.com\/revista\" title=\"Home\">Home<\/a>\n<\/span><span class=\"aioseo-breadcrumb-separator\">\u00bb<\/span><span class=\"aioseo-breadcrumb\">\n\t<a href=\"https:\/\/soymigrante.com\/revista\/category\/guate-nuestra\/\" title=\"Guate Nuestra\">Guate Nuestra<\/a>\n<\/span><span class=\"aioseo-breadcrumb-separator\">\u00bb<\/span><span class=\"aioseo-breadcrumb\">\n\tDelicia chapina para preparar y compartir: el suculento Mole Guatemalteco\n<\/span><\/div>","aioseo_breadcrumb_json":[{"label":"Home","link":"https:\/\/soymigrante.com\/revista"},{"label":"Guate Nuestra","link":"https:\/\/soymigrante.com\/revista\/category\/guate-nuestra\/"},{"label":"Delicia chapina para preparar y compartir: el suculento Mole Guatemalteco","link":"https:\/\/soymigrante.com\/revista\/recetas-chapinas-delicioso-mole-guatemalteco-para-compartir\/"}],"_links":{"self":[{"href":"https:\/\/soymigrante.com\/revista\/wp-json\/wp\/v2\/posts\/7448","targetHints":{"allow":["GET"]}}],"collection":[{"href":"https:\/\/soymigrante.com\/revista\/wp-json\/wp\/v2\/posts"}],"about":[{"href":"https:\/\/soymigrante.com\/revista\/wp-json\/wp\/v2\/types\/post"}],"author":[{"embeddable":true,"href":"https:\/\/soymigrante.com\/revista\/wp-json\/wp\/v2\/users\/19"}],"replies":[{"embeddable":true,"href":"https:\/\/soymigrante.com\/revista\/wp-json\/wp\/v2\/comments?post=7448"}],"version-history":[{"count":3,"href":"https:\/\/soymigrante.com\/revista\/wp-json\/wp\/v2\/posts\/7448\/revisions"}],"predecessor-version":[{"id":37087,"href":"https:\/\/soymigrante.com\/revista\/wp-json\/wp\/v2\/posts\/7448\/revisions\/37087"}],"wp:featuredmedia":[{"embeddable":true,"href":"https:\/\/soymigrante.com\/revista\/wp-json\/wp\/v2\/media\/7449"}],"wp:attachment":[{"href":"https:\/\/soymigrante.com\/revista\/wp-json\/wp\/v2\/media?parent=7448"}],"wp:term":[{"taxonomy":"category","embeddable":true,"href":"https:\/\/soymigrante.com\/revista\/wp-json\/wp\/v2\/categories?post=7448"},{"taxonomy":"post_tag","embeddable":true,"href":"https:\/\/soymigrante.com\/revista\/wp-json\/wp\/v2\/tags?post=7448"}],"curies":[{"name":"wp","href":"https:\/\/api.w.org\/{rel}","templated":true}]}}