{"id":7433,"date":"2024-07-12T13:49:39","date_gmt":"2024-07-12T19:49:39","guid":{"rendered":"https:\/\/soymigrante.com\/revista\/?p=7433"},"modified":"2024-07-31T13:53:54","modified_gmt":"2024-07-31T19:53:54","slug":"migrantes-guatemaltecos-en-ny-abren-su-primer-hotel-en-san-juan-la-laguna","status":"publish","type":"post","link":"https:\/\/soymigrante.com\/revista\/migrantes-guatemaltecos-en-ny-abren-su-primer-hotel-en-san-juan-la-laguna\/","title":{"rendered":"Migrantes guatemaltecos en NY abren su primer hotel en San Juan La Laguna"},"content":{"rendered":"\t\t<div data-elementor-type=\"wp-post\" data-elementor-id=\"7433\" class=\"elementor elementor-7433\" data-elementor-post-type=\"post\">\n\t\t\t\t<div data-particle_enable=\"false\" data-particle-mobile-disabled=\"false\" class=\"elementor-element elementor-element-ac4f2b8 e-flex e-con-boxed e-con e-parent\" data-id=\"ac4f2b8\" data-element_type=\"container\" data-e-type=\"container\">\n\t\t\t\t\t<div class=\"e-con-inner\">\n\t\t\t\t<div class=\"elementor-element elementor-element-a6184d9 elementor-widget elementor-widget-heading\" data-id=\"a6184d9\" data-element_type=\"widget\" data-e-type=\"widget\" data-widget_type=\"heading.default\">\n\t\t\t\t\t<h2 class=\"elementor-heading-title elementor-size-default\">Los migrantes guatemaltecos Juan Yojcom e Iris Par trabajan en Nueva York y a base de mucho esfuerzo, abrieron las puertas de Casa Vieja, hotel en San Juan La Laguna, para generar oportunidades y seguir construyendo el sue\u00f1o de volver alg\u00fan d\u00eda a Guatemala.<\/h2>\t\t\t\t<\/div>\n\t\t\t\t\t<\/div>\n\t\t\t\t<\/div>\n\t\t<div data-particle_enable=\"false\" data-particle-mobile-disabled=\"false\" class=\"elementor-element elementor-element-6614678 e-flex e-con-boxed e-con e-parent\" data-id=\"6614678\" data-element_type=\"container\" data-e-type=\"container\">\n\t\t\t\t\t<div class=\"e-con-inner\">\n\t\t\t\t<div class=\"elementor-element elementor-element-9579f3e elementor-widget elementor-widget-text-editor\" data-id=\"9579f3e\" data-element_type=\"widget\" data-e-type=\"widget\" data-widget_type=\"text-editor.default\">\n\t\t\t\t\t\t\t\t\t<p>Se puede decir que los migrantes Juan e Iris siempre andan en carreras. Primero por estar a cargo del en mantenimiento de seis edificios de apartamentos en Nueva York, pero tambi\u00e9n porque son deportistas y siempre participan en competencias y medias maratones en esa ciudad.\u00a0<\/p><p>&#8220;Nos ayuda a desestresarnos, pero tambi\u00e9n para seguir siempre con una gran meta en nuestras vidas&#8221;, dice Juan Yojcom, nacido en Momostenango, Totonicap\u00e1n, pero su pap\u00e1 era de San Juan La Laguna, Solol\u00e1, a la orilla del Lago de Atitl\u00e1n. Iris es originaria del vecino pueblo de San Pedro La Laguna, tambi\u00e9n en la ribera de Atitl\u00e1n.<\/p><p>\u00a0<\/p>\t\t\t\t\t\t\t\t<\/div>\n\t\t\t\t\t<\/div>\n\t\t\t\t<\/div>\n\t\t<div data-particle_enable=\"false\" data-particle-mobile-disabled=\"false\" class=\"elementor-element elementor-element-d1612fd e-flex e-con-boxed e-con e-parent\" data-id=\"d1612fd\" data-element_type=\"container\" data-e-type=\"container\">\n\t\t\t\t\t<div class=\"e-con-inner\">\n\t\t\t\t<div class=\"elementor-element elementor-element-52da505 elementor-widget elementor-widget-image\" data-id=\"52da505\" data-element_type=\"widget\" data-e-type=\"widget\" data-widget_type=\"image.default\">\n\t\t\t\t\t\t\t\t\t\t\t\t<figure class=\"wp-caption\">\n\t\t\t\t\t\t\t\t\t\t<img fetchpriority=\"high\" decoding=\"async\" width=\"768\" height=\"510\" src=\"https:\/\/soymigrante.com\/revista\/wp-content\/uploads\/2024\/07\/Captura-de-pantalla-2024-07-12-120426.webp\" class=\"attachment-large size-large wp-image-7436\" alt=\"Corredores con medallas en un evento de marat\u00f3n en un parque lleno de \u00e1rboles, celebrando la \u00e9xito y promoviendo la comunidad migrante y la salud a trav\u00e9s del deporte.\" srcset=\"https:\/\/soymigrante.com\/revista\/wp-content\/uploads\/2024\/07\/Captura-de-pantalla-2024-07-12-120426.webp 867w, https:\/\/soymigrante.com\/revista\/wp-content\/uploads\/2024\/07\/Captura-de-pantalla-2024-07-12-120426-300x199.webp 300w, https:\/\/soymigrante.com\/revista\/wp-content\/uploads\/2024\/07\/Captura-de-pantalla-2024-07-12-120426-768x510.webp 768w, https:\/\/soymigrante.com\/revista\/wp-content\/uploads\/2024\/07\/Captura-de-pantalla-2024-07-12-120426-750x498.webp 750w\" sizes=\"(max-width: 768px) 100vw, 768px\" title=\"\u00a1Vamos Guatemala!, suelen gritarles por la calle a Iris y Juan Yojcom cuando salen a ejercitarse o al participar en alguna carrera en Nueva York. Suelen usar playeras con la bandera de Guatemala, porque se sienten orgullosos de su origen y desean generar oportunidades en su pa\u00eds. (Foto cortes\u00eda Juan Yojcom) \u2013 SoyMigrante.com REVISTA\" \/>\t\t\t\t\t\t\t\t\t\t\t<figcaption class=\"widget-image-caption wp-caption-text\">\u00a1Vamos Guatemala!, suelen gritarles por la calle a Iris y Juan Yojcom cuando salen a ejercitarse o al participar en alguna carrera en Nueva York. Suelen usar playeras con la bandera de Guatemala, porque se sienten orgullosos de su origen y desean generar oportunidades en su pa\u00eds. (Foto cortes\u00eda Juan Yojcom)<\/figcaption>\n\t\t\t\t\t\t\t\t\t\t<\/figure>\n\t\t\t\t\t\t\t\t\t<\/div>\n\t\t\t\t\t<\/div>\n\t\t\t\t<\/div>\n\t\t<div data-particle_enable=\"false\" data-particle-mobile-disabled=\"false\" class=\"elementor-element elementor-element-fb0c95b e-flex e-con-boxed e-con e-parent\" data-id=\"fb0c95b\" data-element_type=\"container\" data-e-type=\"container\">\n\t\t\t\t\t<div class=\"e-con-inner\">\n\t\t\t\t<div class=\"elementor-element elementor-element-f67869d elementor-widget elementor-widget-heading\" data-id=\"f67869d\" data-element_type=\"widget\" data-e-type=\"widget\" data-widget_type=\"heading.default\">\n\t\t\t\t\t<h2 class=\"elementor-heading-title elementor-size-default\">Una primera meta muy importante en su pa\u00eds<\/h2>\t\t\t\t<\/div>\n\t\t\t\t\t<\/div>\n\t\t\t\t<\/div>\n\t\t<div data-particle_enable=\"false\" data-particle-mobile-disabled=\"false\" class=\"elementor-element elementor-element-f57647e e-flex e-con-boxed e-con e-parent\" data-id=\"f57647e\" data-element_type=\"container\" data-e-type=\"container\">\n\t\t\t\t\t<div class=\"e-con-inner\">\n\t\t\t\t<div class=\"elementor-element elementor-element-daff6bb elementor-widget elementor-widget-text-editor\" data-id=\"daff6bb\" data-element_type=\"widget\" data-e-type=\"widget\" data-widget_type=\"text-editor.default\">\n\t\t\t\t\t\t\t\t\t<p>Juan e Iris emprendieron, desde lejos, su primer proyecto en San Juan La Laguna. Y reci\u00e9n acaban de cumplir una meta muy importante: abrir\u00a0<span style=\"text-align: var(--text-align);\">el hotel Casa Vieja tras un a\u00f1o de construcci\u00f3n. E<\/span><span style=\"text-align: var(--text-align); color: var( --e-global-color-text );\">n efecto, lo erigieron en el terreno donde hab\u00eda una vieja casa y hoy es un peque\u00f1o edificio. &#8220;Queremos generar oportunidades de trabajo, atraer turismo guatemalteco y extranjero, por eso tratamos de darle un ambiente acogedor, para que el visitante se sienta en casa&#8221;, agrega Juan.<\/span><span style=\"color: var( --e-global-color-text ); text-align: var(--text-align);\">\u00a0<\/span><\/p><p>&#8220;Sabemos que es peque\u00f1o, solo 8 habitaciones. Pero es el inicio de un camino. Sabemos que el turista a menudo quiere un ambiente tranquilo, como de una casa. Por eso le hicimos algunos murales y una terraza para que pueda disfrutar con tranquilidad su estad\u00eda&#8221;, agrega Iris, con gran ilusi\u00f3n y esperanza.\u00a0\u00a0<\/p><p>En los murales est\u00e1n los retratos de sus hijas y tambi\u00e9n uno de Iris. Los realiz\u00f3 el artista Billy Kotuk, de San Juan La Laguna. &#8220;Tambi\u00e9n queremos estimular la creaci\u00f3n art\u00edstica en el pa\u00eds, porque hay mucho talento&#8221;, agrega ella, quien quiso darle un toque acogedor y creativo al lugar.<\/p><p>\u00a0<\/p>\t\t\t\t\t\t\t\t<\/div>\n\t\t\t\t\t<\/div>\n\t\t\t\t<\/div>\n\t\t<div data-particle_enable=\"false\" data-particle-mobile-disabled=\"false\" class=\"elementor-element elementor-element-03105d2 e-flex e-con-boxed e-con e-parent\" data-id=\"03105d2\" data-element_type=\"container\" data-e-type=\"container\">\n\t\t\t\t\t<div class=\"e-con-inner\">\n\t\t\t\t<div class=\"elementor-element elementor-element-b75215b elementor-grid-eael-col-1 elementor-grid-tablet-eael-col-2 elementor-grid-mobile-eael-col-1 elementor-invisible elementor-widget elementor-widget-eael-post-grid\" data-id=\"b75215b\" data-element_type=\"widget\" data-e-type=\"widget\" data-settings=\"{&quot;eael_post_grid_columns&quot;:&quot;eael-col-1&quot;,&quot;_animation&quot;:&quot;fadeInRight&quot;,&quot;eael_post_grid_columns_tablet&quot;:&quot;eael-col-2&quot;,&quot;eael_post_grid_columns_mobile&quot;:&quot;eael-col-1&quot;}\" data-widget_type=\"eael-post-grid.default\">\n\t\t\t\t\t<div id=\"eael-post-grid-b75215b\" class=\"eael-post-grid-container\">\n            <div class=\"eael-post-grid eael-post-appender eael-post-appender-b75215b eael-post-grid-style-one\" data-layout-mode=\"grid\"><article class=\"eael-grid-post  eael-post-grid-column eael-pg-post-1571 category-exitos tags-nueva-york\" data-id=\"1571\">\n        <div class=\"eael-grid-post-holder\">\n            <div class=\"eael-grid-post-holder-inner\"><div class=\"eael-entry-media\"><div class=\"eael-entry-overlay fade-in\"><i class=\"far fa-hand-pointer\" aria-hidden=\"true\"><\/i><a href=\"https:\/\/soymigrante.com\/revista\/esposos-migrantes-luchan-por-un-sueno-en-nueva-york\/\"><\/a><\/div><div class=\"eael-entry-thumbnail \">\n                <img decoding=\"async\" width=\"1024\" height=\"746\" src=\"https:\/\/soymigrante.com\/revista\/wp-content\/uploads\/2023\/06\/JUAN-E-IRIS-YOJCOM-REDES-1024x746.webp\" class=\"attachment-large size-large wp-image-1573\" alt=\"Juan e Iris Yojcom, esposos migrantes guatemaltecos en Nueva York.\" srcset=\"https:\/\/soymigrante.com\/revista\/wp-content\/uploads\/2023\/06\/JUAN-E-IRIS-YOJCOM-REDES-1024x746.webp 1024w, https:\/\/soymigrante.com\/revista\/wp-content\/uploads\/2023\/06\/JUAN-E-IRIS-YOJCOM-REDES-300x219.webp 300w, https:\/\/soymigrante.com\/revista\/wp-content\/uploads\/2023\/06\/JUAN-E-IRIS-YOJCOM-REDES-768x560.webp 768w, https:\/\/soymigrante.com\/revista\/wp-content\/uploads\/2023\/06\/JUAN-E-IRIS-YOJCOM-REDES-120x86.webp 120w, https:\/\/soymigrante.com\/revista\/wp-content\/uploads\/2023\/06\/JUAN-E-IRIS-YOJCOM-REDES-750x547.webp 750w, https:\/\/soymigrante.com\/revista\/wp-content\/uploads\/2023\/06\/JUAN-E-IRIS-YOJCOM-REDES.webp 1095w\" sizes=\"(max-width: 1024px) 100vw, 1024px\" \/>\n            <\/div>\n        <\/div><div class=\"eael-entry-wrapper\"><header class=\"eael-entry-header\"><h2 class=\"eael-entry-title\"><a class=\"eael-grid-post-link\" href=\"https:\/\/soymigrante.com\/revista\/esposos-migrantes-luchan-por-un-sueno-en-nueva-york\/\" title=\"Esposos migrantes luchan por un sue\u00f1o guatemalteco en Nueva York\">Esposos migrantes luchan por un sue\u00f1o guatemalteco en Nueva York<\/a><\/h2><\/header><div class=\"eael-entry-content\">\n                        <div class=\"eael-grid-post-excerpt\"><a href=\"https:\/\/soymigrante.com\/revista\/esposos-migrantes-luchan-por-un-sueno-en-nueva-york\/\" class=\"eael-post-elements-readmore-btn\">Conoce la historia de Juan e Iris Yojcom<\/a><\/div>\n                    <\/div><\/div><\/div>\n        <\/div>\n    <\/article><\/div>\n            <div class=\"clearfix\"><\/div>\n        <\/div>\t\t\t\t<\/div>\n\t\t\t\t\t<\/div>\n\t\t\t\t<\/div>\n\t\t<div data-particle_enable=\"false\" data-particle-mobile-disabled=\"false\" class=\"elementor-element elementor-element-f526cbd e-flex e-con-boxed e-con e-parent\" data-id=\"f526cbd\" data-element_type=\"container\" data-e-type=\"container\">\n\t\t\t\t\t<div class=\"e-con-inner\">\n\t\t\t\t<div class=\"elementor-element elementor-element-8aa8915 elementor-widget elementor-widget-heading\" data-id=\"8aa8915\" data-element_type=\"widget\" data-e-type=\"widget\" data-widget_type=\"heading.default\">\n\t\t\t\t\t<h2 class=\"elementor-heading-title elementor-size-default\">\u00bfC\u00f3mo naci\u00f3 el proyecto?<\/h2>\t\t\t\t<\/div>\n\t\t\t\t\t<\/div>\n\t\t\t\t<\/div>\n\t\t<div data-particle_enable=\"false\" data-particle-mobile-disabled=\"false\" class=\"elementor-element elementor-element-5c09e56 e-flex e-con-boxed e-con e-parent\" data-id=\"5c09e56\" data-element_type=\"container\" data-e-type=\"container\">\n\t\t\t\t\t<div class=\"e-con-inner\">\n\t\t\t\t<div class=\"elementor-element elementor-element-cbf04ad elementor-widget elementor-widget-text-editor\" data-id=\"cbf04ad\" data-element_type=\"widget\" data-e-type=\"widget\" data-widget_type=\"text-editor.default\">\n\t\t\t\t\t\t\t\t\t<p><span style=\"color: var( --e-global-color-text ); text-align: var(--text-align);\">Juan e Iris piensan a futuro en como poder retornar a Guatemala. Surgi\u00f3 la opci\u00f3n de comprar una casa a unos familiares.\u00a0<\/span><\/p><p><span style=\"color: var( --e-global-color-text ); text-align: var(--text-align);\">Juan:\u00a0 &#8220;<\/span><span style=\"color: var( --e-global-color-text ); text-align: var(--text-align);\">Al principio no hall\u00e1bamos qu\u00e9 hacer, qu\u00e9 proyecto echar a andar.\u00a0 Pensamos que San Juan la Laguna ahora es un lugar muy visitado, muy tur\u00edstico. Primero quer\u00edamos hacer un hostal. Pero nos dijeron que por la ubicaci\u00f3n de la casa, pod\u00eda dar \u00e1ra m\u00e1s. Entonces nos atrevimos a construir el hotel.\u00a0 Comenz\u00f3 la obra a mediados de mayo de 2023 y finaliz\u00f3 en mayo 2024.\u00a0<\/span><span style=\"color: var( --e-global-color-text ); text-align: var(--text-align);\">Se remodel\u00f3 totalmente&#8221;.<\/span><\/p><p><span style=\"color: var( --e-global-color-text ); text-align: var(--text-align);\">Iris:\u00a0<\/span><span style=\"color: var( --e-global-color-text ); text-align: var(--text-align);\">&#8220;Pensamos alg\u00fan d\u00eda poner un caf\u00e9 o un restaurante, para tener m\u00e1s visitas y generar empleos en el pueblo. El trabajo se hizo en estilo colonial, porque nos gusta mucho la Antigua Guatemala&#8221;<\/span><\/p><p><span style=\"color: var( --e-global-color-text ); text-align: var(--text-align);\">Juan:\u00a0<\/span><span style=\"color: var( --e-global-color-text ); text-align: var(--text-align);\">&#8220;Tenemos tantos proyectos que queremos echar a andar. pero primero tenemos que trabajar mucho m\u00e1s duro aqu\u00ed. Queremos regresar, pero con algo estable, donde podamos seguir sacando adelante a la familia, pero dar empleo y ayudar a los paisanos&#8221;.<\/span><\/p>\t\t\t\t\t\t\t\t<\/div>\n\t\t\t\t\t<\/div>\n\t\t\t\t<\/div>\n\t\t<div data-particle_enable=\"false\" data-particle-mobile-disabled=\"false\" class=\"elementor-element elementor-element-d636ee2 e-flex e-con-boxed e-con e-parent\" data-id=\"d636ee2\" data-element_type=\"container\" data-e-type=\"container\">\n\t\t\t\t\t<div class=\"e-con-inner\">\n\t\t\t\t<div class=\"elementor-element elementor-element-671291f elementor-widget elementor-widget-image\" data-id=\"671291f\" data-element_type=\"widget\" data-e-type=\"widget\" data-widget_type=\"image.default\">\n\t\t\t\t\t\t\t\t\t\t\t\t<figure class=\"wp-caption\">\n\t\t\t\t\t\t\t\t\t\t<img decoding=\"async\" width=\"768\" height=\"642\" src=\"https:\/\/soymigrante.com\/revista\/wp-content\/uploads\/2024\/07\/hotel-migrantes-san-juan-la-laguna-8.webp\" class=\"attachment-large size-large wp-image-7443\" alt=\"Columnas de acero y construcci\u00f3n en progreso en obra civil en un entorno natural con monta\u00f1as y vegetaci\u00f3n.\" srcset=\"https:\/\/soymigrante.com\/revista\/wp-content\/uploads\/2024\/07\/hotel-migrantes-san-juan-la-laguna-8.webp 960w, https:\/\/soymigrante.com\/revista\/wp-content\/uploads\/2024\/07\/hotel-migrantes-san-juan-la-laguna-8-300x250.webp 300w, https:\/\/soymigrante.com\/revista\/wp-content\/uploads\/2024\/07\/hotel-migrantes-san-juan-la-laguna-8-768x642.webp 768w, https:\/\/soymigrante.com\/revista\/wp-content\/uploads\/2024\/07\/hotel-migrantes-san-juan-la-laguna-8-750x627.webp 750w\" sizes=\"(max-width: 768px) 100vw, 768px\" title=\"A lo largo de un a\u00f1o se desarroll\u00f3 la construcci\u00f3n.  No fue f\u00e1cil ni tan r\u00e1pido como hubieraen querido. Pero la perseverancia mantuvo a Juan e Iris en ruta a su objetivo. (Foto cortes\u00eda de Juan Yojcom) \u2013 SoyMigrante.com REVISTA\" \/>\t\t\t\t\t\t\t\t\t\t\t<figcaption class=\"widget-image-caption wp-caption-text\">Trabajadores de la construcci\u00f3n con ropa de protecci\u00f3n trabajando en estructura de acero en un sitio en obra.<\/figcaption>\n\t\t\t\t\t\t\t\t\t\t<\/figure>\n\t\t\t\t\t\t\t\t\t<\/div>\n\t\t\t\t\t<\/div>\n\t\t\t\t<\/div>\n\t\t<div data-particle_enable=\"false\" data-particle-mobile-disabled=\"false\" class=\"elementor-element elementor-element-30aefda e-flex e-con-boxed e-con e-parent\" data-id=\"30aefda\" data-element_type=\"container\" data-e-type=\"container\">\n\t\t\t\t\t<div class=\"e-con-inner\">\n\t\t\t\t<div class=\"elementor-element elementor-element-78e651e elementor-widget elementor-widget-heading\" data-id=\"78e651e\" data-element_type=\"widget\" data-e-type=\"widget\" data-widget_type=\"heading.default\">\n\t\t\t\t\t<h2 class=\"elementor-heading-title elementor-size-default\">As\u00ed es ahora el hotel Casa Vieja <\/h2>\t\t\t\t<\/div>\n\t\t\t\t\t<\/div>\n\t\t\t\t<\/div>\n\t\t<div data-particle_enable=\"false\" data-particle-mobile-disabled=\"false\" class=\"elementor-element elementor-element-73dcd8f e-flex e-con-boxed e-con e-parent\" data-id=\"73dcd8f\" data-element_type=\"container\" data-e-type=\"container\">\n\t\t\t\t\t<div class=\"e-con-inner\">\n\t\t\t\t<div class=\"elementor-element elementor-element-a92a381 elementor-widget elementor-widget-image-gallery\" data-id=\"a92a381\" data-element_type=\"widget\" data-e-type=\"widget\" data-widget_type=\"image-gallery.default\">\n\t\t\t\t\t\t\t<div class=\"elementor-image-gallery\">\n\t\t\t<div id='gallery-1' class='gallery galleryid-7433 gallery-columns-1 gallery-size-large'><figure class='gallery-item'>\n\t\t\t<div class='gallery-icon landscape'>\n\t\t\t\t<a data-elementor-open-lightbox=\"yes\" data-elementor-lightbox-slideshow=\"a92a381\" data-elementor-lightbox-title=\"En el terreno de una casa antigua se erigi\u00f3 el peque\u00f1o edificio con ocho habitaciones. Se puede observar el detalle de los murales para hacerlo m\u00e1s acogedor. (Foto cortes\u00eda Juan Yojcom)\" data-elementor-lightbox-description=\"Descripci\u00f3n de un edificio en construcci\u00f3n con detalles culturales en murales tradicionales, paredes de concreto, barandillas de metal y ventanas, mostrando un v\u00ednculo entre la cultura mexicana y la infraestructura moderna.\" data-e-action-hash=\"#elementor-action%3Aaction%3Dlightbox%26settings%3DeyJpZCI6NzQzOCwidXJsIjoiaHR0cHM6XC9cL3NveW1pZ3JhbnRlLmNvbVwvcmV2aXN0YVwvd3AtY29udGVudFwvdXBsb2Fkc1wvMjAyNFwvMDdcL2hvdGVsLW1pZ3JhbnRlcy1zYW4tanVhbi1sYS1sYWd1bmEtMTEud2VicCIsInNsaWRlc2hvdyI6ImE5MmEzODEifQ%3D%3D\" href='https:\/\/soymigrante.com\/revista\/wp-content\/uploads\/2024\/07\/hotel-migrantes-san-juan-la-laguna-11.webp'><img loading=\"lazy\" decoding=\"async\" width=\"768\" height=\"576\" src=\"https:\/\/soymigrante.com\/revista\/wp-content\/uploads\/2024\/07\/hotel-migrantes-san-juan-la-laguna-11.webp\" class=\"attachment-large size-large\" alt=\"Puerta de entrada a un edificio en construcci\u00f3n con murales tradicionales, vista desde arriba, mostrando barandillas de metal, paredes de concreto y ventanas, en un ambiente que refleja la cultura y la arquitectura rural mexicana.\" aria-describedby=\"gallery-1-7438\" srcset=\"https:\/\/soymigrante.com\/revista\/wp-content\/uploads\/2024\/07\/hotel-migrantes-san-juan-la-laguna-11.webp 960w, https:\/\/soymigrante.com\/revista\/wp-content\/uploads\/2024\/07\/hotel-migrantes-san-juan-la-laguna-11-300x225.webp 300w, https:\/\/soymigrante.com\/revista\/wp-content\/uploads\/2024\/07\/hotel-migrantes-san-juan-la-laguna-11-768x576.webp 768w, https:\/\/soymigrante.com\/revista\/wp-content\/uploads\/2024\/07\/hotel-migrantes-san-juan-la-laguna-11-750x563.webp 750w\" sizes=\"(max-width: 768px) 100vw, 768px\" title=\"En el terreno de una casa antigua se erigi\u00f3 el peque\u00f1o edificio con ocho habitaciones. Se puede observar el detalle de los murales para hacerlo m\u00e1s acogedor. (Foto cortes\u00eda Juan Yojcom) \u2013 SoyMigrante.com REVISTA\" \/><\/a>\n\t\t\t<\/div>\n\t\t\t\t<figcaption class='wp-caption-text gallery-caption' id='gallery-1-7438'>\n\t\t\t\tVista interior de un edificio en construcci\u00f3n con murales tradicionales, barandillas de metal, paredes de concreto y ventanas, resaltando el patrimonio cultural y la arquitectura moderna de M\u00e9xico.\n\t\t\t\t<\/figcaption><\/figure><figure class='gallery-item'>\n\t\t\t<div class='gallery-icon portrait'>\n\t\t\t\t<a data-elementor-open-lightbox=\"yes\" data-elementor-lightbox-slideshow=\"a92a381\" data-elementor-lightbox-title=\"As\u00ed luce el frente del hotel Casa Vieja, que abri\u00f3 sus puertas en junio de 2024, en espera de visitantes nacionales y extranjeros. (Foto cortes\u00eda Juan Yojcom)\" data-elementor-lightbox-description=\"Ventanas con rejas y balc\u00f3n en casa de estilo tradicional mexicano en construcci\u00f3n parte superior y ventanas en la planta baja.\" data-e-action-hash=\"#elementor-action%3Aaction%3Dlightbox%26settings%3DeyJpZCI6NzQ0MSwidXJsIjoiaHR0cHM6XC9cL3NveW1pZ3JhbnRlLmNvbVwvcmV2aXN0YVwvd3AtY29udGVudFwvdXBsb2Fkc1wvMjAyNFwvMDdcL2hvdGVsLW1pZ3JhbnRlcy1zYW4tanVhbi1sYS1sYWd1bmEtNS53ZWJwIiwic2xpZGVzaG93IjoiYTkyYTM4MSJ9\" href='https:\/\/soymigrante.com\/revista\/wp-content\/uploads\/2024\/07\/hotel-migrantes-san-juan-la-laguna-5.webp'><img loading=\"lazy\" decoding=\"async\" width=\"768\" height=\"1024\" src=\"https:\/\/soymigrante.com\/revista\/wp-content\/uploads\/2024\/07\/hotel-migrantes-san-juan-la-laguna-5-768x1024.webp\" class=\"attachment-large size-large\" alt=\"Listado completo:.\" aria-describedby=\"gallery-1-7441\" srcset=\"https:\/\/soymigrante.com\/revista\/wp-content\/uploads\/2024\/07\/hotel-migrantes-san-juan-la-laguna-5-768x1024.webp 768w, https:\/\/soymigrante.com\/revista\/wp-content\/uploads\/2024\/07\/hotel-migrantes-san-juan-la-laguna-5-225x300.webp 225w, https:\/\/soymigrante.com\/revista\/wp-content\/uploads\/2024\/07\/hotel-migrantes-san-juan-la-laguna-5-1152x1536.webp 1152w, https:\/\/soymigrante.com\/revista\/wp-content\/uploads\/2024\/07\/hotel-migrantes-san-juan-la-laguna-5-750x1000.webp 750w, https:\/\/soymigrante.com\/revista\/wp-content\/uploads\/2024\/07\/hotel-migrantes-san-juan-la-laguna-5-1140x1520.webp 1140w, https:\/\/soymigrante.com\/revista\/wp-content\/uploads\/2024\/07\/hotel-migrantes-san-juan-la-laguna-5.webp 1200w\" sizes=\"(max-width: 768px) 100vw, 768px\" title=\"As\u00ed luce el frente del hotel Casa Vieja, que abri\u00f3 sus puertas en junio de 2024, en espera de visitantes nacionales y extranjeros. (Foto cortes\u00eda Juan Yojcom) \u2013 SoyMigrante.com REVISTA\" \/><\/a>\n\t\t\t<\/div>\n\t\t\t\t<figcaption class='wp-caption-text gallery-caption' id='gallery-1-7441'>\n\t\t\t\tFachada de casa con balcones y barandales de metal en un barrio residencial, reflejando la vida cotidiana y el desarrollo urbano.\n\t\t\t\t<\/figcaption><\/figure><figure class='gallery-item'>\n\t\t\t<div class='gallery-icon portrait'>\n\t\t\t\t<a data-elementor-open-lightbox=\"yes\" data-elementor-lightbox-slideshow=\"a92a381\" data-elementor-lightbox-title=\"Los detalles murales son obra del artista sololateco Billy Kotuk (Foto cortes\u00eda del migrante Juan Yojcom)\" data-elementor-lightbox-description=\"Los detalles murales son obra del artista sololateco Billy Kotuk (Foto cortes\u00eda del migrante Juan Yojcom)\" data-e-action-hash=\"#elementor-action%3Aaction%3Dlightbox%26settings%3DeyJpZCI6NzQzNywidXJsIjoiaHR0cHM6XC9cL3NveW1pZ3JhbnRlLmNvbVwvcmV2aXN0YVwvd3AtY29udGVudFwvdXBsb2Fkc1wvMjAyNFwvMDdcL2hvdGVsLW1pZ3JhbnRlcy1zYW4tanVhbi1sYS1sYWd1bmEtMS1lMTcyMDgxMjQ4NDIxMy53ZWJwIiwic2xpZGVzaG93IjoiYTkyYTM4MSJ9\" href='https:\/\/soymigrante.com\/revista\/wp-content\/uploads\/2024\/07\/hotel-migrantes-san-juan-la-laguna-1-e1720812484213.webp'><img loading=\"lazy\" decoding=\"async\" width=\"768\" height=\"1024\" src=\"https:\/\/soymigrante.com\/revista\/wp-content\/uploads\/2024\/07\/hotel-migrantes-san-juan-la-laguna-1-768x1024.webp\" class=\"attachment-large size-large\" alt=\"Colorido mural de un quetzal en un \u00e1rbol, simbolizando la cultura y biodiversidad guatemalteca, ideal para art\u00edculos sobre migrantes, integraci\u00f3n cultural y conservaci\u00f3n de especies en Centroam\u00e9rica.\" aria-describedby=\"gallery-1-7437\" srcset=\"https:\/\/soymigrante.com\/revista\/wp-content\/uploads\/2024\/07\/hotel-migrantes-san-juan-la-laguna-1-768x1024.webp 768w, https:\/\/soymigrante.com\/revista\/wp-content\/uploads\/2024\/07\/hotel-migrantes-san-juan-la-laguna-1-1152x1536.webp 1152w, https:\/\/soymigrante.com\/revista\/wp-content\/uploads\/2024\/07\/hotel-migrantes-san-juan-la-laguna-1-1140x1520.webp 1140w\" sizes=\"(max-width: 768px) 100vw, 768px\" title=\"Los detalles murales son obra del artista sololateco Billy Kotuk (Foto cortes\u00eda del migrante Juan Yojcom) \u2013 SoyMigrante.com REVISTA\" \/><\/a>\n\t\t\t<\/div>\n\t\t\t\t<figcaption class='wp-caption-text gallery-caption' id='gallery-1-7437'>\n\t\t\t\tUn mural vibrante de un loro en un \u00e1rbol, simbolizando la diversidad cultural y la naturaleza en migraci\u00f3n, perfecto para art\u00edculos sobre derechos de migrantes, integraci\u00f3n cultural y conservaci\u00f3n del medio ambiente en SoyMigrante.com REVISTA.\n\t\t\t\t<\/figcaption><\/figure><figure class='gallery-item'>\n\t\t\t<div class='gallery-icon portrait'>\n\t\t\t\t<a data-elementor-open-lightbox=\"yes\" data-elementor-lightbox-slideshow=\"a92a381\" data-elementor-lightbox-title=\"Desde la terraza del hotel donde alg\u00fan d\u00eda Juan e Iris esperan poner un caf\u00e9, se tiene una hermosa vista de las monta\u00f1as cercanas.\" data-elementor-lightbox-description=\"Descripci\u00f3n: Balc\u00f3n equipado con c\u00e9sped artificial, barandal de metal y vista a monta\u00f1as verdes, en un entorno rural o de monta\u00f1a, ideal para descansar y disfrutar del paisaje.\" data-e-action-hash=\"#elementor-action%3Aaction%3Dlightbox%26settings%3DeyJpZCI6NzQ0NCwidXJsIjoiaHR0cHM6XC9cL3NveW1pZ3JhbnRlLmNvbVwvcmV2aXN0YVwvd3AtY29udGVudFwvdXBsb2Fkc1wvMjAyNFwvMDdcL3RlcnJhemEtaG90ZWxlcy1zYW4tanVhbi1sYS1sYWd1bmEtY2FzYS12aWVqYS53ZWJwIiwic2xpZGVzaG93IjoiYTkyYTM4MSJ9\" href='https:\/\/soymigrante.com\/revista\/wp-content\/uploads\/2024\/07\/terraza-hoteles-san-juan-la-laguna-casa-vieja.webp'><img loading=\"lazy\" decoding=\"async\" width=\"768\" height=\"896\" src=\"https:\/\/soymigrante.com\/revista\/wp-content\/uploads\/2024\/07\/terraza-hoteles-san-juan-la-laguna-casa-vieja-878x1024.webp\" class=\"attachment-large size-large\" alt=\"Vistas panor\u00e1micas de monta\u00f1as desde balc\u00f3n decorado con c\u00e9sped artificial, ideal para espacios exteriores y actividades al aire libre.\" aria-describedby=\"gallery-1-7444\" srcset=\"https:\/\/soymigrante.com\/revista\/wp-content\/uploads\/2024\/07\/terraza-hoteles-san-juan-la-laguna-casa-vieja-878x1024.webp 878w, https:\/\/soymigrante.com\/revista\/wp-content\/uploads\/2024\/07\/terraza-hoteles-san-juan-la-laguna-casa-vieja-257x300.webp 257w, https:\/\/soymigrante.com\/revista\/wp-content\/uploads\/2024\/07\/terraza-hoteles-san-juan-la-laguna-casa-vieja-768x896.webp 768w, https:\/\/soymigrante.com\/revista\/wp-content\/uploads\/2024\/07\/terraza-hoteles-san-juan-la-laguna-casa-vieja-750x875.webp 750w, https:\/\/soymigrante.com\/revista\/wp-content\/uploads\/2024\/07\/terraza-hoteles-san-juan-la-laguna-casa-vieja-1140x1330.webp 1140w, https:\/\/soymigrante.com\/revista\/wp-content\/uploads\/2024\/07\/terraza-hoteles-san-juan-la-laguna-casa-vieja.webp 1229w\" sizes=\"(max-width: 768px) 100vw, 768px\" title=\"Desde la terraza del hotel donde alg\u00fan d\u00eda Juan e Iris esperan poner un caf\u00e9, se tiene una hermosa vista de las monta\u00f1as cercanas. \u2013 SoyMigrante.com REVISTA\" \/><\/a>\n\t\t\t<\/div>\n\t\t\t\t<figcaption class='wp-caption-text gallery-caption' id='gallery-1-7444'>\n\t\t\t\tImpresionantes vistas a las monta\u00f1as desde un balc\u00f3n con c\u00e9sped artificial, perfecto para relajarse y disfrutar del paisaje natural en un entorno tranquilo.\n\t\t\t\t<\/figcaption><\/figure>\n\t\t<\/div>\n\t\t<\/div>\n\t\t\t\t\t\t<\/div>\n\t\t\t\t\t<\/div>\n\t\t\t\t<\/div>\n\t\t<div data-particle_enable=\"false\" data-particle-mobile-disabled=\"false\" class=\"elementor-element elementor-element-b08f82d e-flex e-con-boxed e-con e-parent\" data-id=\"b08f82d\" data-element_type=\"container\" data-e-type=\"container\">\n\t\t\t\t\t<div class=\"e-con-inner\">\n\t\t\t\t<div class=\"elementor-element elementor-element-fec3a0f elementor-widget elementor-widget-heading\" data-id=\"fec3a0f\" data-element_type=\"widget\" data-e-type=\"widget\" data-widget_type=\"heading.default\">\n\t\t\t\t\t<h2 class=\"elementor-heading-title elementor-size-default\">Siguen en la carrera por m\u00e1s metas <\/h2>\t\t\t\t<\/div>\n\t\t\t\t\t<\/div>\n\t\t\t\t<\/div>\n\t\t<div data-particle_enable=\"false\" data-particle-mobile-disabled=\"false\" class=\"elementor-element elementor-element-132474f e-flex e-con-boxed e-con e-parent\" data-id=\"132474f\" data-element_type=\"container\" data-e-type=\"container\">\n\t\t\t\t\t<div class=\"e-con-inner\">\n\t\t\t\t<div class=\"elementor-element elementor-element-d9d3eeb elementor-widget elementor-widget-text-editor\" data-id=\"d9d3eeb\" data-element_type=\"widget\" data-e-type=\"widget\" data-widget_type=\"text-editor.default\">\n\t\t\t\t\t\t\t\t\t<p><span style=\"color: var( --e-global-color-text ); text-align: var(--text-align);\">Tres veces por semana, despu\u00e9s del trabajo, corren por las calles. &#8220;Salimos del trabajo a las 9 y media de la noche. A esa hora salimos a entrenar carrera. Tenemos un amigo que nos manda un plan de entrenamiento y tratamos de cumplirlo. Por salud y tambi\u00e9n para estar en capacidad de terminar una carrera&#8221;, cuenta Juan.<\/span><\/p><p><span style=\"color: var( --e-global-color-text ); text-align: var(--text-align);\">Hacen hasta 12 kil\u00f3metros en cada salida, incluyendo los s\u00e1bados. Pero estas salidas tambi\u00e9n les han ganado muchos amigos y conocidos en Nueva York. &#8220;Nos ponemos nuestras camisetas con la bandera azul y blanco. Y en el camino a veces nos gritan \u00a1Vamos Guate, vamos Guate! y es muy emocionante. As\u00ed hemos conocido a m\u00e1s paisanos, y tambi\u00e9n amigos de otras nacionalidades&#8221;, agrega.<\/span><\/p><div>\u00a0<\/div>\t\t\t\t\t\t\t\t<\/div>\n\t\t\t\t\t<\/div>\n\t\t\t\t<\/div>\n\t\t<div data-particle_enable=\"false\" data-particle-mobile-disabled=\"false\" class=\"elementor-element elementor-element-c759dfe e-flex e-con-boxed e-con e-parent\" data-id=\"c759dfe\" data-element_type=\"container\" data-e-type=\"container\">\n\t\t\t\t\t<div class=\"e-con-inner\">\n\t\t\t\t<div class=\"elementor-element elementor-element-b144647 elementor-widget elementor-widget-facebook-page\" data-id=\"b144647\" data-element_type=\"widget\" data-e-type=\"widget\" data-widget_type=\"facebook-page.default\">\n\t\t\t\t\t<div class=\"elementor-facebook-widget fb-page\" data-href=\"https:\/\/www.facebook.com\/profile.php?id=61560917624983\" data-tabs=\"timeline\" data-height=\"500px\" data-width=\"500px\" data-small-header=\"false\" data-hide-cover=\"false\" data-show-facepile=\"true\" data-hide-cta=\"false\" style=\"min-height: 1px;height:500px\"><\/div>\t\t\t\t<\/div>\n\t\t\t\t\t<\/div>\n\t\t\t\t<\/div>\n\t\t<div data-particle_enable=\"false\" data-particle-mobile-disabled=\"false\" class=\"elementor-element elementor-element-f17097e e-flex e-con-boxed e-con e-parent\" data-id=\"f17097e\" data-element_type=\"container\" data-e-type=\"container\">\n\t\t\t\t\t<div class=\"e-con-inner\">\n\t\t\t\t<div class=\"elementor-element elementor-element-06fe3b8 elementor-widget elementor-widget-heading\" data-id=\"06fe3b8\" data-element_type=\"widget\" data-e-type=\"widget\" data-widget_type=\"heading.default\">\n\t\t\t\t\t<h2 class=\"elementor-heading-title elementor-size-default\">Guatemala tiene tanto qu\u00e9 ofrecer <\/h2>\t\t\t\t<\/div>\n\t\t\t\t\t<\/div>\n\t\t\t\t<\/div>\n\t\t<div data-particle_enable=\"false\" data-particle-mobile-disabled=\"false\" class=\"elementor-element elementor-element-14fb2af e-flex e-con-boxed e-con e-parent\" data-id=\"14fb2af\" data-element_type=\"container\" data-e-type=\"container\">\n\t\t\t\t\t<div class=\"e-con-inner\">\n\t\t\t\t<div class=\"elementor-element elementor-element-db6e79d elementor-grid-eael-col-4 elementor-grid-tablet-eael-col-2 elementor-grid-mobile-eael-col-1 elementor-widget elementor-widget-eael-post-grid\" data-id=\"db6e79d\" data-element_type=\"widget\" data-e-type=\"widget\" data-settings=\"{&quot;eael_post_grid_columns&quot;:&quot;eael-col-4&quot;,&quot;eael_post_grid_columns_tablet&quot;:&quot;eael-col-2&quot;,&quot;eael_post_grid_columns_mobile&quot;:&quot;eael-col-1&quot;}\" data-widget_type=\"eael-post-grid.default\">\n\t\t\t\t\t<div id=\"eael-post-grid-db6e79d\" class=\"eael-post-grid-container\">\n            <div class=\"eael-post-grid eael-post-appender eael-post-appender-db6e79d eael-post-grid-style-one\" data-layout-mode=\"masonry\"><article class=\"eael-grid-post  eael-post-grid-column eael-pg-post-32185 category-guate-nuestra tags-danzas-de-guatemala\" data-id=\"32185\">\n        <div class=\"eael-grid-post-holder\">\n            <div class=\"eael-grid-post-holder-inner\"><div class=\"eael-entry-media\"><div class=\"eael-entry-overlay fade-in\"><i class=\"far fa-hand-pointer\" aria-hidden=\"true\"><\/i><a href=\"https:\/\/soymigrante.com\/revista\/danzas-de-guatemala-danza-de-las-guacamayas-santa-cruz-verapaz-patrimonio\/\"><\/a><\/div><div class=\"eael-entry-thumbnail \">\n                <img loading=\"lazy\" decoding=\"async\" width=\"300\" height=\"300\" src=\"https:\/\/soymigrante.com\/revista\/wp-content\/uploads\/2025\/04\/danza-de-las-guacamayas-patrimonio-guatemala-13-300x300.jpg\" class=\"attachment-medium size-medium wp-image-32192\" alt=\"Danza de las Guacamayas Patrimonio cultural de Guatemala desde 2023 Se presenta cada a\u00f1o en SAnta Cruz Verapaz y en otras localidades del pa\u00eds donde les invitan. Fotograf\u00edas Xixo Rax\" srcset=\"https:\/\/soymigrante.com\/revista\/wp-content\/uploads\/2025\/04\/danza-de-las-guacamayas-patrimonio-guatemala-13-300x300.jpg 300w, https:\/\/soymigrante.com\/revista\/wp-content\/uploads\/2025\/04\/danza-de-las-guacamayas-patrimonio-guatemala-13-1024x1024.jpg 1024w, https:\/\/soymigrante.com\/revista\/wp-content\/uploads\/2025\/04\/danza-de-las-guacamayas-patrimonio-guatemala-13-150x150.jpg 150w, https:\/\/soymigrante.com\/revista\/wp-content\/uploads\/2025\/04\/danza-de-las-guacamayas-patrimonio-guatemala-13-768x768.jpg 768w, https:\/\/soymigrante.com\/revista\/wp-content\/uploads\/2025\/04\/danza-de-las-guacamayas-patrimonio-guatemala-13-75x75.webp 75w, https:\/\/soymigrante.com\/revista\/wp-content\/uploads\/2025\/04\/danza-de-las-guacamayas-patrimonio-guatemala-13-750x750.webp 750w, https:\/\/soymigrante.com\/revista\/wp-content\/uploads\/2025\/04\/danza-de-las-guacamayas-patrimonio-guatemala-13.webp 1098w\" sizes=\"(max-width: 300px) 100vw, 300px\" \/>\n            <\/div>\n        <\/div><div class=\"eael-entry-wrapper\"><header class=\"eael-entry-header\"><h2 class=\"eael-entry-title\"><a class=\"eael-grid-post-link\" href=\"https:\/\/soymigrante.com\/revista\/danzas-de-guatemala-danza-de-las-guacamayas-santa-cruz-verapaz-patrimonio\/\" title=\"La ancestral Danza de las Guacamayas o Ma&#8217;Muun vuela alto en Santa Cruz Verapaz cada 3 de mayo\">La ancestral Danza de las Guacamayas o Ma&#8217;Muun vuela alto en Santa Cruz Verapaz cada 3 de mayo<\/a><\/h2><\/header><div class=\"eael-entry-content\">\n                        <div class=\"eael-grid-post-excerpt\"><a href=\"https:\/\/soymigrante.com\/revista\/danzas-de-guatemala-danza-de-las-guacamayas-santa-cruz-verapaz-patrimonio\/\" class=\"eael-post-elements-readmore-btn\">Read More<\/a><\/div>\n                    <\/div><\/div><\/div>\n        <\/div>\n    <\/article><article class=\"eael-grid-post  eael-post-grid-column eael-pg-post-29942 category-guate-nuestra tags-calendario-de-ferias\" data-id=\"29942\">\n        <div class=\"eael-grid-post-holder\">\n            <div class=\"eael-grid-post-holder-inner\"><div class=\"eael-entry-media\"><div class=\"eael-entry-overlay fade-in\"><i class=\"far fa-hand-pointer\" aria-hidden=\"true\"><\/i><a href=\"https:\/\/soymigrante.com\/revista\/fiestas-patronales-en-pueblos-de-guatemala-durante-mayo\/\"><\/a><\/div><div class=\"eael-entry-thumbnail \">\n                <img loading=\"lazy\" decoding=\"async\" width=\"300\" height=\"300\" src=\"https:\/\/soymigrante.com\/revista\/wp-content\/uploads\/2025\/03\/Ferias--300x300.jpeg\" class=\"attachment-medium size-medium wp-image-26763\" alt=\"As\u00ed se viven las fiestas patronales de junio en Guatemala\" srcset=\"https:\/\/soymigrante.com\/revista\/wp-content\/uploads\/2025\/03\/Ferias--300x300.jpeg 300w, https:\/\/soymigrante.com\/revista\/wp-content\/uploads\/2025\/03\/Ferias--1024x1024.jpeg 1024w, https:\/\/soymigrante.com\/revista\/wp-content\/uploads\/2025\/03\/Ferias--150x150.jpeg 150w, https:\/\/soymigrante.com\/revista\/wp-content\/uploads\/2025\/03\/Ferias--768x768.jpeg 768w, https:\/\/soymigrante.com\/revista\/wp-content\/uploads\/2025\/03\/Ferias--75x75.webp 75w, https:\/\/soymigrante.com\/revista\/wp-content\/uploads\/2025\/03\/Ferias--750x750.webp 750w, https:\/\/soymigrante.com\/revista\/wp-content\/uploads\/2025\/03\/Ferias--1140x1140.webp 1140w, https:\/\/soymigrante.com\/revista\/wp-content\/uploads\/2025\/03\/Ferias-.webp 1440w\" sizes=\"(max-width: 300px) 100vw, 300px\" \/>\n            <\/div>\n        <\/div><div class=\"eael-entry-wrapper\"><header class=\"eael-entry-header\"><h2 class=\"eael-entry-title\"><a class=\"eael-grid-post-link\" href=\"https:\/\/soymigrante.com\/revista\/fiestas-patronales-en-pueblos-de-guatemala-durante-mayo\/\" title=\"Ferias patronales en pueblos y municipios de Guatemala durante el mes de mayo\">Ferias patronales en pueblos y municipios de Guatemala durante el mes de mayo<\/a><\/h2><\/header><div class=\"eael-entry-content\">\n                        <div class=\"eael-grid-post-excerpt\"><a href=\"https:\/\/soymigrante.com\/revista\/fiestas-patronales-en-pueblos-de-guatemala-durante-mayo\/\" class=\"eael-post-elements-readmore-btn\">Read More<\/a><\/div>\n                    <\/div><\/div><\/div>\n        <\/div>\n    <\/article><article class=\"eael-grid-post  eael-post-grid-column eael-pg-post-31843 category-guate-nuestra\" data-id=\"31843\">\n        <div class=\"eael-grid-post-holder\">\n            <div class=\"eael-grid-post-holder-inner\"><div class=\"eael-entry-media\"><div class=\"eael-entry-overlay fade-in\"><i class=\"far fa-hand-pointer\" aria-hidden=\"true\"><\/i><a href=\"https:\/\/soymigrante.com\/revista\/laguna-del-hoyo-un-tesoro-natural-y-mistico-en-el-corazon-de-jalapa\/\"><\/a><\/div><div class=\"eael-entry-thumbnail \">\n                <img loading=\"lazy\" decoding=\"async\" width=\"300\" height=\"300\" src=\"https:\/\/soymigrante.com\/revista\/wp-content\/uploads\/2025\/04\/Laguna-del-Hoyo-1-300x300.jpg\" class=\"attachment-medium size-medium wp-image-31844\" alt=\"Laguna natural rodeada de monta\u00f1as con vegetaci\u00f3n, paisaje pintoresco en un entorno tranquilo y soleado.\" srcset=\"https:\/\/soymigrante.com\/revista\/wp-content\/uploads\/2025\/04\/Laguna-del-Hoyo-1-300x300.jpg 300w, https:\/\/soymigrante.com\/revista\/wp-content\/uploads\/2025\/04\/Laguna-del-Hoyo-1-150x150.jpg 150w, https:\/\/soymigrante.com\/revista\/wp-content\/uploads\/2025\/04\/Laguna-del-Hoyo-1-75x75.webp 75w, https:\/\/soymigrante.com\/revista\/wp-content\/uploads\/2025\/04\/Laguna-del-Hoyo-1.webp 640w\" sizes=\"(max-width: 300px) 100vw, 300px\" \/>\n            <\/div>\n        <\/div><div class=\"eael-entry-wrapper\"><header class=\"eael-entry-header\"><h2 class=\"eael-entry-title\"><a class=\"eael-grid-post-link\" href=\"https:\/\/soymigrante.com\/revista\/laguna-del-hoyo-un-tesoro-natural-y-mistico-en-el-corazon-de-jalapa\/\" title=\"Laguna del Hoyo en Jalapa: Un tesoro natural misterioso pero fascinante\">Laguna del Hoyo en Jalapa: Un tesoro natural misterioso pero fascinante<\/a><\/h2><\/header><div class=\"eael-entry-content\">\n                        <div class=\"eael-grid-post-excerpt\"><a href=\"https:\/\/soymigrante.com\/revista\/laguna-del-hoyo-un-tesoro-natural-y-mistico-en-el-corazon-de-jalapa\/\" class=\"eael-post-elements-readmore-btn\">Read More<\/a><\/div>\n                    <\/div><\/div><\/div>\n        <\/div>\n    <\/article><article class=\"eael-grid-post  eael-post-grid-column eael-pg-post-7781 category-recetas-guatemaltecas\" data-id=\"7781\">\n        <div class=\"eael-grid-post-holder\">\n            <div class=\"eael-grid-post-holder-inner\"><div class=\"eael-entry-media\"><div class=\"eael-entry-overlay fade-in\"><i class=\"far fa-hand-pointer\" aria-hidden=\"true\"><\/i><a href=\"https:\/\/soymigrante.com\/revista\/tamales-de-guatemala-variedad-y-recetas-de-una-tradicion-de-sabor\/\"><\/a><\/div><div class=\"eael-entry-thumbnail \">\n                <img loading=\"lazy\" decoding=\"async\" width=\"300\" height=\"300\" src=\"https:\/\/soymigrante.com\/revista\/wp-content\/uploads\/2024\/08\/tamales-de-Guatemala-300x300.webp\" class=\"attachment-medium size-medium wp-image-7782\" alt=\"Mochilas de hoja de pl\u00e1tano envueltas en cuerda, utilizadas en festividades tradicionales mexicanas y eventos culturales. Perfectas para specialidades gastron\u00f3micas y celebraciones folcl\u00f3ricas.\" srcset=\"https:\/\/soymigrante.com\/revista\/wp-content\/uploads\/2024\/08\/tamales-de-Guatemala-300x300.webp 300w, https:\/\/soymigrante.com\/revista\/wp-content\/uploads\/2024\/08\/tamales-de-Guatemala-150x150.webp 150w, https:\/\/soymigrante.com\/revista\/wp-content\/uploads\/2024\/08\/tamales-de-Guatemala-75x75.webp 75w, https:\/\/soymigrante.com\/revista\/wp-content\/uploads\/2024\/08\/tamales-de-Guatemala.webp 480w\" sizes=\"(max-width: 300px) 100vw, 300px\" \/>\n            <\/div>\n        <\/div><div class=\"eael-entry-wrapper\"><header class=\"eael-entry-header\"><h2 class=\"eael-entry-title\"><a class=\"eael-grid-post-link\" href=\"https:\/\/soymigrante.com\/revista\/tamales-de-guatemala-variedad-y-recetas-de-una-tradicion-de-sabor\/\" title=\"Tamales guatemaltecos: variedad y recetascon una misma tradici\u00f3n sin fronteras\">Tamales guatemaltecos: variedad y recetascon una misma tradici\u00f3n sin fronteras<\/a><\/h2><\/header><div class=\"eael-entry-content\">\n                        <div class=\"eael-grid-post-excerpt\"><a href=\"https:\/\/soymigrante.com\/revista\/tamales-de-guatemala-variedad-y-recetas-de-una-tradicion-de-sabor\/\" class=\"eael-post-elements-readmore-btn\">Read More<\/a><\/div>\n                    <\/div><\/div><\/div>\n        <\/div>\n    <\/article><\/div>\n            <div class=\"clearfix\"><\/div>\n        <\/div>            <div class=\"eael-load-more-button-wrap eael-force-hide\">\n                <button class=\"eael-load-more-button\" id=\"eael-load-more-btn-db6e79d\" data-widget-id=\"db6e79d\" data-widget=\"db6e79d\" data-page-id=\"7433\" data-template=\"{&quot;dir&quot;:&quot;lite&quot;,&quot;file_name&quot;:&quot;one.php&quot;,&quot;name&quot;:&quot;Post-Grid&quot;}\" data-class=\"Essential_Addons_Elementor\\Elements\\Post_Grid\" data-layout=\"masonry\" data-page=\"1\" data-args=\"orderby=date&amp;order=desc&amp;ignore_sticky_posts=1&amp;post_status=publish&amp;posts_per_page=4&amp;offset=0&amp;post_type=post&amp;tax_query%5B0%5D%5Btaxonomy%5D=category&amp;tax_query%5B0%5D%5Bfield%5D=term_id&amp;tax_query%5B0%5D%5Bterms%5D%5B0%5D=58&amp;tax_query%5Brelation%5D=AND\" data-max-page=\"216\">\n                    <span class=\"eael-btn-loader button__loader\"><\/span>\n                    <span class=\"eael_load_more_text\">Load More<\/span>\n                <\/button>\n            <\/div>\n            \t\t\t\t<\/div>\n\t\t\t\t\t<\/div>\n\t\t\t\t<\/div>\n\t\t\t\t<\/div>\n\t\t","protected":false},"excerpt":{"rendered":"<p>Los migrantes guatemaltecos Juan Yojcom e Iris Par trabajan en Nueva York y a base de mucho esfuerzo, abrieron las puertas de Casa Vieja, hotel en San Juan La Laguna, para generar oportunidades y seguir construyendo el sue\u00f1o de volver alg\u00fan d\u00eda a Guatemala. Se puede decir que los migrantes Juan e Iris siempre andan [&hellip;]<\/p>\n","protected":false},"author":7,"featured_media":7445,"comment_status":"open","ping_status":"open","sticky":false,"template":"","format":"standard","meta":{"_acf_changed":false,"_eb_attr":"","footnotes":""},"categories":[54],"tags":[],"class_list":["post-7433","post","type-post","status-publish","format-standard","has-post-thumbnail","hentry","category-estamos-unidos"],"acf":[],"aioseo_notices":[],"aioseo_head":"\n\t\t<!-- All in One SEO Pro 4.9.6.2 - aioseo.com -->\n\t<meta name=\"description\" content=\"Los tamales de Guatemala son un antojo exquisito que ya rebasa fronteras. Migrantes los preparan en EE.UU., aunque anhelan el d\u00eda en eu coman uno en su tierra.\" \/>\n\t<meta name=\"robots\" content=\"max-snippet:-1, max-image-preview:large, max-video-preview:-1\" \/>\n\t<meta name=\"author\" content=\"SoyMigrante.com REVISTA\"\/>\n\t<link rel=\"canonical\" href=\"https:\/\/soymigrante.com\/revista\/tamales-de-guatemala-variedad-y-recetas-de-una-tradicion-de-sabor\/\" \/>\n\t<meta name=\"generator\" content=\"All in One SEO Pro (AIOSEO) 4.9.6.2\" \/>\n\n\t\t<link rel=\"preconnect\" href=\"https:\/\/fonts.googleapis.com\" crossorigin>\n<link rel=\"preconnect\" href=\"https:\/\/fonts.gstatic.com\" crossorigin>\n\t\t<meta property=\"og:locale\" content=\"es_ES\" \/>\n\t\t<meta property=\"og:site_name\" content=\"SoyMigrante.com REVISTA \u2013 Nuestra misi\u00f3n es reconocer y dignificar al migrante.\" \/>\n\t\t<meta property=\"og:type\" content=\"article\" \/>\n\t\t<meta property=\"og:title\" content=\"Tamales de Guatemala son una tradici\u00f3n de sabor sin fronteras\" \/>\n\t\t<meta property=\"og:description\" content=\"Los tamales de Guatemala son un antojo exquisito que ya rebasa fronteras. Migrantes los preparan en EE.UU., aunque anhelan el d\u00eda en eu coman uno en su tierra.\" \/>\n\t\t<meta property=\"og:url\" content=\"https:\/\/soymigrante.com\/revista\/tamales-de-guatemala-variedad-y-recetas-de-una-tradicion-de-sabor\/\" \/>\n\t\t<meta property=\"og:image\" content=\"https:\/\/soymigrante.com\/revista\/wp-content\/uploads\/2024\/08\/tamales-de-Guatemala.webp\" \/>\n\t\t<meta property=\"og:image:secure_url\" content=\"https:\/\/soymigrante.com\/revista\/wp-content\/uploads\/2024\/08\/tamales-de-Guatemala.webp\" \/>\n\t\t<meta property=\"og:image:width\" content=\"480\" \/>\n\t\t<meta property=\"og:image:height\" content=\"480\" \/>\n\t\t<meta property=\"article:published_time\" content=\"2026-04-25T18:05:47+00:00\" \/>\n\t\t<meta property=\"article:modified_time\" content=\"2026-04-25T18:06:55+00:00\" \/>\n\t\t<meta property=\"article:publisher\" content=\"https:\/\/www.facebook.com\/soymigrantecom\" \/>\n\t\t<meta name=\"twitter:card\" content=\"summary_large_image\" \/>\n\t\t<meta name=\"twitter:site\" content=\"@SoyMigrante_com\" \/>\n\t\t<meta name=\"twitter:title\" content=\"Tamales de Guatemala son una tradici\u00f3n de sabor sin fronteras\" \/>\n\t\t<meta name=\"twitter:description\" content=\"Los tamales de Guatemala son un antojo exquisito que ya rebasa fronteras. Migrantes los preparan en EE.UU., aunque anhelan el d\u00eda en eu coman uno en su tierra.\" \/>\n\t\t<meta name=\"twitter:creator\" content=\"@SoyMigrante_com\" \/>\n\t\t<meta name=\"twitter:image\" content=\"https:\/\/soymigrante.com\/revista\/wp-content\/uploads\/2024\/08\/tamales-de-Guatemala.webp\" \/>\n\t\t<!-- All in One SEO Pro -->\r\n\t\t<title>Tamales de Guatemala son una tradici\u00f3n de sabor sin fronteras<\/title>\n\n","aioseo_head_json":{"title":"Tamales de Guatemala son una tradici\u00f3n de sabor sin fronteras","description":"Los tamales de Guatemala son un antojo exquisito que ya rebasa fronteras. Migrantes los preparan en EE.UU., aunque anhelan el d\u00eda en eu coman uno en su tierra.","canonical_url":"https:\/\/soymigrante.com\/revista\/tamales-de-guatemala-variedad-y-recetas-de-una-tradicion-de-sabor\/","robots":"max-snippet:-1, max-image-preview:large, max-video-preview:-1","keywords":"","webmasterTools":{"miscellaneous":"&lt;link rel=\"preconnect\" href=\"https:\/\/fonts.googleapis.com\" crossorigin&gt;\n&lt;link rel=\"preconnect\" href=\"https:\/\/fonts.gstatic.com\" crossorigin&gt;"},"schema":null,"og:locale":"es_ES","og:site_name":"SoyMigrante.com REVISTA \u2013 Nuestra misi\u00f3n es reconocer y dignificar al migrante.","og:type":"article","og:title":"Tamales de Guatemala son una tradici\u00f3n de sabor sin fronteras","og:description":"Los tamales de Guatemala son un antojo exquisito que ya rebasa fronteras. Migrantes los preparan en EE.UU., aunque anhelan el d\u00eda en eu coman uno en su tierra.","og:url":"https:\/\/soymigrante.com\/revista\/tamales-de-guatemala-variedad-y-recetas-de-una-tradicion-de-sabor\/","og:image":"https:\/\/soymigrante.com\/revista\/wp-content\/uploads\/2024\/08\/tamales-de-Guatemala.webp","og:image:secure_url":"https:\/\/soymigrante.com\/revista\/wp-content\/uploads\/2024\/08\/tamales-de-Guatemala.webp","og:image:width":480,"og:image:height":480,"article:published_time":"2026-04-25T18:05:47+00:00","article:modified_time":"2026-04-25T18:06:55+00:00","article:publisher":"https:\/\/www.facebook.com\/soymigrantecom","twitter:card":"summary_large_image","twitter:site":"@SoyMigrante_com","twitter:title":"Tamales de Guatemala son una tradici\u00f3n de sabor sin fronteras","twitter:description":"Los tamales de Guatemala son un antojo exquisito que ya rebasa fronteras. Migrantes los preparan en EE.UU., aunque anhelan el d\u00eda en eu coman uno en su tierra.","twitter:creator":"@SoyMigrante_com","twitter:image":"https:\/\/soymigrante.com\/revista\/wp-content\/uploads\/2024\/08\/tamales-de-Guatemala.webp"},"aioseo_meta_data":{"post_id":"7433","title":"Migrantes guatemaltecos en NY abren hotel en San Juan La Laguna","description":"Juan e Iris trabajan en Nueva York, pero quieren generar oportunidades en Guatemala, incluyendo la de volver un d\u00eda. Abrieron su hotel en San Juan La Laguna.","keywords":null,"keyphrases":{"focus":{"keyphrase":"Hotel en San Juan La Laguna","score":65,"analysis":{"keyphraseInTitle":{"score":9,"maxScore":9,"error":0},"keyphraseInDescription":{"score":9,"maxScore":9,"error":0},"keyphraseLength":{"score":6,"maxScore":9,"error":1,"length":6},"keyphraseInURL":{"score":5,"maxScore":5,"error":0},"keyphraseInIntroduction":{"score":3,"maxScore":9,"error":1},"keyphraseInSubHeadings":{"score":3,"maxScore":9,"error":1},"keyphraseInImageAlt":{"score":9,"maxScore":9,"error":0},"keywordDensity":{"score":0,"type":"low","maxScore":9,"error":1}}},"additional":[{"keyphrase":"Migrantes guatemaltecos","score":53,"analysis":{"keyphraseInDescription":{"score":3,"maxScore":9,"error":1},"keyphraseLength":{"score":9,"maxScore":9,"error":0,"length":2},"keyphraseInIntroduction":{"score":3,"maxScore":9,"error":1},"keyphraseInImageAlt":{"score":9,"maxScore":9,"error":0},"keywordDensity":{"score":0,"type":"low","maxScore":9,"error":1}}},{"keyphrase":"San Juan La Laguna","score":73,"analysis":{"keyphraseInDescription":{"score":9,"maxScore":9,"error":0},"keyphraseLength":{"score":9,"maxScore":9,"error":0,"length":4},"keyphraseInIntroduction":{"score":3,"maxScore":9,"error":1},"keyphraseInImageAlt":{"score":3,"maxScore":9,"error":1},"keywordDensity":{"type":"best","score":9,"maxScore":9,"error":0}}}]},"primary_term":null,"canonical_url":null,"og_title":null,"og_description":null,"og_object_type":"default","og_image_type":"default","og_image_url":null,"og_image_width":null,"og_image_height":null,"og_image_custom_url":null,"og_image_custom_fields":null,"og_video":"","og_custom_url":null,"og_article_section":null,"og_article_tags":null,"twitter_use_og":false,"twitter_card":"default","twitter_image_type":"default","twitter_image_url":null,"twitter_image_custom_url":null,"twitter_image_custom_fields":null,"twitter_title":null,"twitter_description":null,"schema":{"blockGraphs":[],"customGraphs":[],"default":{"data":{"Article":[],"Course":[],"Dataset":[],"FAQPage":[],"Movie":[],"Person":[],"Product":[],"ProductReview":[],"Car":[],"Recipe":[],"Service":[],"SoftwareApplication":[],"WebPage":[]},"graphName":"Article","isEnabled":true},"graphs":[]},"schema_type":"default","schema_type_options":null,"pillar_content":false,"robots_default":true,"robots_noindex":false,"robots_noarchive":false,"robots_nosnippet":false,"robots_nofollow":false,"robots_noimageindex":false,"robots_noodp":false,"robots_notranslate":false,"robots_max_snippet":"-1","robots_max_videopreview":"-1","robots_max_imagepreview":"large","priority":null,"frequency":"default","local_seo":null,"seo_analyzer_scan_date":"2025-10-08 22:17:17","breadcrumb_settings":null,"limit_modified_date":false,"reviewed_by":null,"open_ai":"{\"title\":{\"suggestions\":[],\"usage\":0},\"description\":{\"suggestions\":[],\"usage\":0}}","ai":null,"created":"2024-07-12 18:51:27","updated":"2026-02-04 12:24:25"},"aioseo_breadcrumb":"<div class=\"aioseo-breadcrumbs\"><span class=\"aioseo-breadcrumb\">\n\t<a href=\"https:\/\/soymigrante.com\/revista\" title=\"Home\">Home<\/a>\n<\/span><span class=\"aioseo-breadcrumb-separator\">\u00bb<\/span><span class=\"aioseo-breadcrumb\">\n\t<a href=\"https:\/\/soymigrante.com\/revista\/category\/estamos-unidos\/\" title=\"Estamos Unidos\">Estamos Unidos<\/a>\n<\/span><span class=\"aioseo-breadcrumb-separator\">\u00bb<\/span><span class=\"aioseo-breadcrumb\">\n\tMigrantes guatemaltecos en NY abren su primer hotel en San Juan La Laguna\n<\/span><\/div>","aioseo_breadcrumb_json":[{"label":"Home","link":"https:\/\/soymigrante.com\/revista"},{"label":"Estamos Unidos","link":"https:\/\/soymigrante.com\/revista\/category\/estamos-unidos\/"},{"label":"Migrantes guatemaltecos en NY abren su primer hotel en San Juan La Laguna","link":"https:\/\/soymigrante.com\/revista\/migrantes-guatemaltecos-en-ny-abren-su-primer-hotel-en-san-juan-la-laguna\/"}],"_links":{"self":[{"href":"https:\/\/soymigrante.com\/revista\/wp-json\/wp\/v2\/posts\/7433","targetHints":{"allow":["GET"]}}],"collection":[{"href":"https:\/\/soymigrante.com\/revista\/wp-json\/wp\/v2\/posts"}],"about":[{"href":"https:\/\/soymigrante.com\/revista\/wp-json\/wp\/v2\/types\/post"}],"author":[{"embeddable":true,"href":"https:\/\/soymigrante.com\/revista\/wp-json\/wp\/v2\/users\/7"}],"replies":[{"embeddable":true,"href":"https:\/\/soymigrante.com\/revista\/wp-json\/wp\/v2\/comments?post=7433"}],"version-history":[{"count":0,"href":"https:\/\/soymigrante.com\/revista\/wp-json\/wp\/v2\/posts\/7433\/revisions"}],"wp:featuredmedia":[{"embeddable":true,"href":"https:\/\/soymigrante.com\/revista\/wp-json\/wp\/v2\/media\/7445"}],"wp:attachment":[{"href":"https:\/\/soymigrante.com\/revista\/wp-json\/wp\/v2\/media?parent=7433"}],"wp:term":[{"taxonomy":"category","embeddable":true,"href":"https:\/\/soymigrante.com\/revista\/wp-json\/wp\/v2\/categories?post=7433"},{"taxonomy":"post_tag","embeddable":true,"href":"https:\/\/soymigrante.com\/revista\/wp-json\/wp\/v2\/tags?post=7433"}],"curies":[{"name":"wp","href":"https:\/\/api.w.org\/{rel}","templated":true}]}}