{"id":7390,"date":"2024-11-23T19:11:17","date_gmt":"2024-11-24T01:11:17","guid":{"rendered":"https:\/\/soymigrante.com\/revista\/?p=7390"},"modified":"2025-09-16T06:35:23","modified_gmt":"2025-09-16T12:35:23","slug":"fiestas-patronales-en-guatemala-busque-su-municipio","status":"publish","type":"post","link":"https:\/\/soymigrante.com\/revista\/fiestas-patronales-en-guatemala-busque-su-municipio\/","title":{"rendered":"Ferias patronales de los municipios de Guatemala, por departamento"},"content":{"rendered":"\t\t<div data-elementor-type=\"wp-post\" data-elementor-id=\"7390\" class=\"elementor elementor-7390\" data-elementor-post-type=\"post\">\n\t\t\t\t<div data-particle_enable=\"false\" data-particle-mobile-disabled=\"false\" class=\"elementor-element elementor-element-ad64c63 e-flex e-con-boxed e-con e-parent\" data-id=\"ad64c63\" data-element_type=\"container\" data-e-type=\"container\">\n\t\t\t\t\t<div class=\"e-con-inner\">\n\t\t\t\t<div class=\"elementor-element elementor-element-ed0485b elementor-widget elementor-widget-heading\" data-id=\"ed0485b\" data-element_type=\"widget\" data-e-type=\"widget\" data-widget_type=\"heading.default\">\n\t\t\t\t\t<h2 class=\"elementor-heading-title elementor-size-default\">La fiesta patronal del municipio natal es ocasi\u00f3n de memorias y recuerdos felices; muchos migrantes que pueden viajar tratan de hacer coincidir esta ocasi\u00f3n con sus d\u00edas de descanso para compartir con sus familias. Este es el listado de fechas de fiestas patronales que suele marcar la semana de feria local.\n<\/h2>\t\t\t\t<\/div>\n\t\t\t\t\t<\/div>\n\t\t\t\t<\/div>\n\t\t<div data-particle_enable=\"false\" data-particle-mobile-disabled=\"false\" class=\"elementor-element elementor-element-4e1903e e-flex e-con-boxed e-con e-parent\" data-id=\"4e1903e\" data-element_type=\"container\" data-e-type=\"container\">\n\t\t\t\t\t<div class=\"e-con-inner\">\n\t\t\t\t<div class=\"elementor-element elementor-element-c74f95d elementor-widget elementor-widget-text-editor\" data-id=\"c74f95d\" data-element_type=\"widget\" data-e-type=\"widget\" data-widget_type=\"text-editor.default\">\n\t\t\t\t\t\t\t\t\t<p>Cada municipio festeja su propia fiesta patronal en Guatemala de manera \u00fanica, pero a la vez con las tradicionales ventas de comida, diversiones, juegos mec\u00e1nicos, loter\u00eda y actividades sociales, deportivas, sociales.\u00a0\u00a0<\/p><p><span style=\"color: var( --e-global-color-text ); text-align: var(--text-align);\">La historia de los patronazgos nace desde la conquista, cuando los municipios de Guatemala fueron encomendados\u00a0 a un santo patrono que a menudo acompa\u00f1a el nombre del lugar. Durante la evangelizaci\u00f3n de los pueblos, la misi\u00f3n fue brindarles una figura de fe y protecci\u00f3n a las comunidades.<\/span><\/p><p>Los habitantes del municipio ten\u00edan una fecha especial dedicada a agradecer la prosperidad, los cuidados y el apoyo en las cosechas al patrono o patrona. Para ello, se realizan actividades que fusionan la cultura del lugar con actos religiosos.<\/p><p>Al comienzo del asentamiento y la fundaci\u00f3n de las colonias espa\u00f1olas, se estableci\u00f3 un mecanismo de control que buscaba la evangelizaci\u00f3n por medio de diferentes ritos.<\/p><p>Originalmente, las fiestas patronales eran un momento de interacci\u00f3n comunitaria que defin\u00eda los grupos sociales y los roles que cada miembro del pueblo fung\u00eda. Al ser un medio de supervisi\u00f3n colonial, tambi\u00e9n se trata de una genuina celebraci\u00f3n.<\/p>\t\t\t\t\t\t\t\t<\/div>\n\t\t\t\t\t<\/div>\n\t\t\t\t<\/div>\n\t\t<div data-particle_enable=\"false\" data-particle-mobile-disabled=\"false\" class=\"elementor-element elementor-element-f2025ef e-flex e-con-boxed e-con e-parent\" data-id=\"f2025ef\" data-element_type=\"container\" data-e-type=\"container\">\n\t\t\t\t\t<div class=\"e-con-inner\">\n\t\t\t\t<div class=\"elementor-element elementor-element-2616022 elementor-widget elementor-widget-heading\" data-id=\"2616022\" data-element_type=\"widget\" data-e-type=\"widget\" data-widget_type=\"heading.default\">\n\t\t\t\t\t<h3 class=\"elementor-heading-title elementor-size-default\">\u00bfC\u00f3mo se celebran las fiestas patronales en Guatemala?<\/h3>\t\t\t\t<\/div>\n\t\t\t\t\t<\/div>\n\t\t\t\t<\/div>\n\t\t<div data-particle_enable=\"false\" data-particle-mobile-disabled=\"false\" class=\"elementor-element elementor-element-0af25db e-flex e-con-boxed e-con e-parent\" data-id=\"0af25db\" data-element_type=\"container\" data-e-type=\"container\">\n\t\t\t\t\t<div class=\"e-con-inner\">\n\t\t\t\t<div class=\"elementor-element elementor-element-078ac05 elementor-widget elementor-widget-text-editor\" data-id=\"078ac05\" data-element_type=\"widget\" data-e-type=\"widget\" data-widget_type=\"text-editor.default\">\n\t\t\t\t\t\t\t\t\t<p>Por lo general, se inicia con la celebraci\u00f3n o el culto al santo. As\u00ed, el pueblo se re\u00fane en la iglesia municipal, acompa\u00f1ados de marimbas que anuncian el ingreso de la procesi\u00f3n que carga con la imagen del patrono.<\/p><p>Se establece entre cuatro d\u00edas a una semana de fiesta en donde, luego de la misa, se monta una feria \u2014con juegos mec\u00e1nicos, cuetes, comida y concursos\u2014.<\/p><p>Adem\u00e1s, se coronan a princesas ind\u00edgenas por su belleza, se presencian actos h\u00edpicos y se presentan bailes tradicionales que exaltan la cultura del municipio a trav\u00e9s de la vestimenta.<\/p><p>Este es un listado de las fiestas municipales, por departamento para que se aparte de una vez la fecha y se logre venir a celebrar con las familias la festividad del lugar.<\/p>\t\t\t\t\t\t\t\t<\/div>\n\t\t\t\t\t<\/div>\n\t\t\t\t<\/div>\n\t\t<div data-particle_enable=\"false\" data-particle-mobile-disabled=\"false\" class=\"elementor-element elementor-element-1d28b42 e-flex e-con-boxed e-con e-parent\" data-id=\"1d28b42\" data-element_type=\"container\" data-e-type=\"container\">\n\t\t\t\t\t<div class=\"e-con-inner\">\n\t\t\t\t<div class=\"elementor-element elementor-element-ac43c16 elementor-widget elementor-widget-heading\" data-id=\"ac43c16\" data-element_type=\"widget\" data-e-type=\"widget\" data-widget_type=\"heading.default\">\n\t\t\t\t\t<h3 class=\"elementor-heading-title elementor-size-default\">Fiestas Patronales de Alta Verapaz <\/h3>\t\t\t\t<\/div>\n\t\t\t\t\t<\/div>\n\t\t\t\t<\/div>\n\t\t<div data-particle_enable=\"false\" data-particle-mobile-disabled=\"false\" class=\"elementor-element elementor-element-af08763 e-flex e-con-boxed e-con e-parent\" data-id=\"af08763\" data-element_type=\"container\" data-e-type=\"container\">\n\t\t\t\t\t<div class=\"e-con-inner\">\n\t\t\t\t<div class=\"elementor-element elementor-element-3deaac7 elementor-widget elementor-widget-text-editor\" data-id=\"3deaac7\" data-element_type=\"widget\" data-e-type=\"widget\" data-widget_type=\"text-editor.default\">\n\t\t\t\t\t\t\t\t\t<p>Cahab\u00f3n 6 de septiembre <br \/>Chahal 28 de agosto <br \/>Chisec 29 de junio <br \/>Cob\u00e1n 4 de agosto<br \/>Lanqu\u00edn 28 de agosto <br \/>Panz\u00f3s 30 de agosto<br \/>San Crist\u00f3bal Verapaz 25 de julio<br \/>San Juan Chamelco 24 de junio <br \/>San Pedro Carch\u00e1 29 de junio <br \/>Santa Catalina La Tinta 25 de noviembre <br \/>Santa Cruz Verapaz 3 de mayo <br \/>Senah\u00fa 13 de junio <br \/>Tactic 15 de agosto <br \/>Tamah\u00fa 25 de enero <br \/>Tucur\u00fa 8 de mayo <br \/>Fray Bartolom\u00e9 de Las Casas 1 de mayo <br \/>Raxruh\u00e1 del 20 al 24 de mayo <\/p>\t\t\t\t\t\t\t\t<\/div>\n\t\t\t\t\t<\/div>\n\t\t\t\t<\/div>\n\t\t<div data-particle_enable=\"false\" data-particle-mobile-disabled=\"false\" class=\"elementor-element elementor-element-54138eb e-flex e-con-boxed e-con e-parent\" data-id=\"54138eb\" data-element_type=\"container\" data-e-type=\"container\">\n\t\t\t\t\t<div class=\"e-con-inner\">\n\t\t\t\t<div class=\"elementor-element elementor-element-1a6f942 elementor-widget elementor-widget-facebook-embed\" data-id=\"1a6f942\" data-element_type=\"widget\" data-e-type=\"widget\" data-widget_type=\"facebook-embed.default\">\n\t\t\t\t\t<div style=\"min-height: 1px\" class=\"elementor-facebook-widget fb-post\" data-href=\"https:\/\/www.facebook.com\/photo\/?fbid=2115980132058566&#038;set=br.AboBevQAOeXhWxeY6xNtxWqB4kV2XHBNcUcO-DOxlHVesjC_-g1zO7rUFI5tnxTNHe6Ktklzc4uFDLwqTa_MQ5KIEjgYkBglfKUmY5FThgeqcXMlxxr7lVcApG7pwZTlCcuPpxzRGzTatbtOsDDBx-8a\" data-show-text=\"false\"><\/div>\t\t\t\t<\/div>\n\t\t\t\t\t<\/div>\n\t\t\t\t<\/div>\n\t\t<div data-particle_enable=\"false\" data-particle-mobile-disabled=\"false\" class=\"elementor-element elementor-element-9aa5081 e-flex e-con-boxed e-con e-parent\" data-id=\"9aa5081\" data-element_type=\"container\" data-e-type=\"container\">\n\t\t\t\t\t<div class=\"e-con-inner\">\n\t\t\t\t<div class=\"elementor-element elementor-element-854d2c4 elementor-widget elementor-widget-heading\" data-id=\"854d2c4\" data-element_type=\"widget\" data-e-type=\"widget\" data-widget_type=\"heading.default\">\n\t\t\t\t\t<h3 class=\"elementor-heading-title elementor-size-default\">Fiestas Patronales de Baja Verapaz <\/h3>\t\t\t\t<\/div>\n\t\t\t\t\t<\/div>\n\t\t\t\t<\/div>\n\t\t<div data-particle_enable=\"false\" data-particle-mobile-disabled=\"false\" class=\"elementor-element elementor-element-611e6ef e-flex e-con-boxed e-con e-parent\" data-id=\"611e6ef\" data-element_type=\"container\" data-e-type=\"container\">\n\t\t\t\t\t<div class=\"e-con-inner\">\n\t\t\t\t<div class=\"elementor-element elementor-element-2317818 elementor-widget elementor-widget-text-editor\" data-id=\"2317818\" data-element_type=\"widget\" data-e-type=\"widget\" data-widget_type=\"text-editor.default\">\n\t\t\t\t\t\t\t\t\t<p>Cubulco 25 de julio <br \/>El Chol 8 de diciembre <br \/>Granados 3 de mayo y 29 de junio <br \/>Purulh\u00e1 13 de junio <br \/>Rabinal 25 de enero <br \/>Salam\u00e1 17 de septiembre<br \/>San Miguel Chicaj 29 de septiembre <br \/>San Jer\u00f3nimo 30 de septiembre <\/p>\t\t\t\t\t\t\t\t<\/div>\n\t\t\t\t\t<\/div>\n\t\t\t\t<\/div>\n\t\t<div data-particle_enable=\"false\" data-particle-mobile-disabled=\"false\" class=\"elementor-element elementor-element-bbf18b1 e-flex e-con-boxed e-con e-parent\" data-id=\"bbf18b1\" data-element_type=\"container\" data-e-type=\"container\">\n\t\t\t\t\t<div class=\"e-con-inner\">\n\t\t\t\t<div class=\"elementor-element elementor-element-433f9ab elementor-widget elementor-widget-facebook-embed\" data-id=\"433f9ab\" data-element_type=\"widget\" data-e-type=\"widget\" data-widget_type=\"facebook-embed.default\">\n\t\t\t\t\t<div style=\"min-height: 1px\" class=\"elementor-facebook-widget fb-post\" data-href=\"https:\/\/www.facebook.com\/photo\/?fbid=2781246032175002&#038;set=pcb.7545503998888660\" data-show-text=\"false\"><\/div>\t\t\t\t<\/div>\n\t\t\t\t\t<\/div>\n\t\t\t\t<\/div>\n\t\t<div data-particle_enable=\"false\" data-particle-mobile-disabled=\"false\" class=\"elementor-element elementor-element-b0eb95e e-flex e-con-boxed e-con e-parent\" data-id=\"b0eb95e\" data-element_type=\"container\" data-e-type=\"container\">\n\t\t\t\t\t<div class=\"e-con-inner\">\n\t\t\t\t<div class=\"elementor-element elementor-element-742f6bc elementor-widget elementor-widget-heading\" data-id=\"742f6bc\" data-element_type=\"widget\" data-e-type=\"widget\" data-widget_type=\"heading.default\">\n\t\t\t\t\t<h3 class=\"elementor-heading-title elementor-size-default\">Fiestas patronales de Chimaltenango <\/h3>\t\t\t\t<\/div>\n\t\t\t\t\t<\/div>\n\t\t\t\t<\/div>\n\t\t<div data-particle_enable=\"false\" data-particle-mobile-disabled=\"false\" class=\"elementor-element elementor-element-0076098 e-flex e-con-boxed e-con e-parent\" data-id=\"0076098\" data-element_type=\"container\" data-e-type=\"container\">\n\t\t\t\t\t<div class=\"e-con-inner\">\n\t\t\t\t<div class=\"elementor-element elementor-element-42f6a06 elementor-widget elementor-widget-text-editor\" data-id=\"42f6a06\" data-element_type=\"widget\" data-e-type=\"widget\" data-widget_type=\"text-editor.default\">\n\t\t\t\t\t\t\t\t\t<p>Acatenango 11 de junio <br \/>Chimaltenango 25 de julio <br \/>San Juan Comalapa 24 de junio <br \/>El Tejar 20 de enero<br \/>Parramos 28 de diciembre <br \/>Patzic\u00eda 25 de julio <br \/>Patz\u00fan 20 de mayo <br \/>San Miguel Pochuta 29 de septiembre<br \/>San Andr\u00e9s Itzapa 30 de noviembre <br \/>San Jos\u00e9 Poaquil 19 de marzo <br \/>San Mart\u00edn Jilotepeque 11 de noviembre<br \/>Santa Apolonia 9 de febrero <br \/>Santa Cruz Balany\u00e1 3 de mayo <br \/>Tecp\u00e1n Guatemala 4 de octubre <br \/>Yepocapa 29 de junio <br \/>Zaragoza 12 de octubre <\/p>\t\t\t\t\t\t\t\t<\/div>\n\t\t\t\t\t<\/div>\n\t\t\t\t<\/div>\n\t\t<div data-particle_enable=\"false\" data-particle-mobile-disabled=\"false\" class=\"elementor-element elementor-element-f40d515 e-flex e-con-boxed e-con e-parent\" data-id=\"f40d515\" data-element_type=\"container\" data-e-type=\"container\">\n\t\t\t\t\t<div class=\"e-con-inner\">\n\t\t\t\t<div class=\"elementor-element elementor-element-ea0f024 elementor-widget elementor-widget-facebook-embed\" data-id=\"ea0f024\" data-element_type=\"widget\" data-e-type=\"widget\" data-widget_type=\"facebook-embed.default\">\n\t\t\t\t\t<div style=\"min-height: 1px\" class=\"elementor-facebook-widget fb-post\" data-href=\"https:\/\/www.facebook.com\/photo.php?fbid=866014095560027&#038;set=pb.100064543337253.-2207520000&#038;type=3\" data-show-text=\"false\"><\/div>\t\t\t\t<\/div>\n\t\t\t\t\t<\/div>\n\t\t\t\t<\/div>\n\t\t<div data-particle_enable=\"false\" data-particle-mobile-disabled=\"false\" class=\"elementor-element elementor-element-6be65c5 e-flex e-con-boxed e-con e-parent\" data-id=\"6be65c5\" data-element_type=\"container\" data-e-type=\"container\">\n\t\t\t\t\t<div class=\"e-con-inner\">\n\t\t\t\t<div class=\"elementor-element elementor-element-69d1248 elementor-widget elementor-widget-heading\" data-id=\"69d1248\" data-element_type=\"widget\" data-e-type=\"widget\" data-widget_type=\"heading.default\">\n\t\t\t\t\t<h3 class=\"elementor-heading-title elementor-size-default\">Fiestas patronales de Chiquimula <\/h3>\t\t\t\t<\/div>\n\t\t\t\t\t<\/div>\n\t\t\t\t<\/div>\n\t\t<div data-particle_enable=\"false\" data-particle-mobile-disabled=\"false\" class=\"elementor-element elementor-element-96f7712 e-flex e-con-boxed e-con e-parent\" data-id=\"96f7712\" data-element_type=\"container\" data-e-type=\"container\">\n\t\t\t\t\t<div class=\"e-con-inner\">\n\t\t\t\t<div class=\"elementor-element elementor-element-5c4d874 elementor-widget elementor-widget-text-editor\" data-id=\"5c4d874\" data-element_type=\"widget\" data-e-type=\"widget\" data-widget_type=\"text-editor.default\">\n\t\t\t\t\t\t\t\t\t<p>Camot\u00e1n 8 de diciembre <br \/>Chiquimula 15 de agosto <br \/>Concepci\u00f3n Las Minas 25 de febrero <br \/>Esquipulas 15 de enero y 25 de julio <br \/>Ipala 23 de enero <br \/>Jocot\u00e1n 25 de julio y 6to viernes de cuaresma <br \/>Olopa 15 de marzo <br \/>Quetzaltepeque 12 de noviembre<br \/>San Jacinto8 de febrero <br \/>San Jos\u00e9 La Arada 15 de marzo <br \/>San Juan Ermita del 17 al 21 de diciembre<\/p>\t\t\t\t\t\t\t\t<\/div>\n\t\t\t\t\t<\/div>\n\t\t\t\t<\/div>\n\t\t<div data-particle_enable=\"false\" data-particle-mobile-disabled=\"false\" class=\"elementor-element elementor-element-ad0a1af e-flex e-con-boxed e-con e-parent\" data-id=\"ad0a1af\" data-element_type=\"container\" data-e-type=\"container\">\n\t\t\t\t\t<div class=\"e-con-inner\">\n\t\t\t\t<div class=\"elementor-element elementor-element-738b68a elementor-widget elementor-widget-facebook-embed\" data-id=\"738b68a\" data-element_type=\"widget\" data-e-type=\"widget\" data-widget_type=\"facebook-embed.default\">\n\t\t\t\t\t<div style=\"min-height: 1px\" class=\"elementor-facebook-widget fb-post\" data-href=\"https:\/\/www.facebook.com\/photo.php?fbid=901370945368484&#038;set=pb.100064867590357.-2207520000&#038;type=3\" data-show-text=\"false\"><\/div>\t\t\t\t<\/div>\n\t\t\t\t\t<\/div>\n\t\t\t\t<\/div>\n\t\t<div data-particle_enable=\"false\" data-particle-mobile-disabled=\"false\" class=\"elementor-element elementor-element-5c5b4f2 e-flex e-con-boxed e-con e-parent\" data-id=\"5c5b4f2\" data-element_type=\"container\" data-e-type=\"container\">\n\t\t\t\t\t<div class=\"e-con-inner\">\n\t\t\t\t<div class=\"elementor-element elementor-element-8de18d1 elementor-widget elementor-widget-heading\" data-id=\"8de18d1\" data-element_type=\"widget\" data-e-type=\"widget\" data-widget_type=\"heading.default\">\n\t\t\t\t\t<h3 class=\"elementor-heading-title elementor-size-default\">Fiestas patronales de El Progreso <\/h3>\t\t\t\t<\/div>\n\t\t\t\t\t<\/div>\n\t\t\t\t<\/div>\n\t\t<div data-particle_enable=\"false\" data-particle-mobile-disabled=\"false\" class=\"elementor-element elementor-element-d621b00 e-flex e-con-boxed e-con e-parent\" data-id=\"d621b00\" data-element_type=\"container\" data-e-type=\"container\">\n\t\t\t\t\t<div class=\"e-con-inner\">\n\t\t\t\t<div class=\"elementor-element elementor-element-c556093 elementor-widget elementor-widget-text-editor\" data-id=\"c556093\" data-element_type=\"widget\" data-e-type=\"widget\" data-widget_type=\"text-editor.default\">\n\t\t\t\t\t\t\t\t\t<p>El J\u00edcaro 25 de diciembre<br \/>Guastatoya 15 de enero <br \/>Moraz\u00e1n 25 de diciembre <br \/>San Agust\u00edn Acasaguastl\u00e1n 28 de agosto <br \/>San Antonio La Paz 13 de junio <br \/>Sanarate 14 de noviembre <br \/>San Crist\u00f3bal Acasaguastl\u00e1n 25 de julio <br \/>Sansare 24 de septiembre<\/p>\t\t\t\t\t\t\t\t<\/div>\n\t\t\t\t\t<\/div>\n\t\t\t\t<\/div>\n\t\t<div data-particle_enable=\"false\" data-particle-mobile-disabled=\"false\" class=\"elementor-element elementor-element-cc0ce1a e-flex e-con-boxed e-con e-parent\" data-id=\"cc0ce1a\" data-element_type=\"container\" data-e-type=\"container\">\n\t\t\t\t\t<div class=\"e-con-inner\">\n\t\t\t\t<div class=\"elementor-element elementor-element-1c640ea elementor-widget elementor-widget-facebook-embed\" data-id=\"1c640ea\" data-element_type=\"widget\" data-e-type=\"widget\" data-widget_type=\"facebook-embed.default\">\n\t\t\t\t\t<div style=\"min-height: 1px\" class=\"elementor-facebook-widget fb-post\" data-href=\"https:\/\/www.facebook.com\/photo.php?fbid=999181932213341&#038;set=pb.100063646294856.-2207520000&#038;type=3\" data-show-text=\"false\"><\/div>\t\t\t\t<\/div>\n\t\t\t\t\t<\/div>\n\t\t\t\t<\/div>\n\t\t<div data-particle_enable=\"false\" data-particle-mobile-disabled=\"false\" class=\"elementor-element elementor-element-53b4dc8 e-flex e-con-boxed e-con e-parent\" data-id=\"53b4dc8\" data-element_type=\"container\" data-e-type=\"container\">\n\t\t\t\t\t<div class=\"e-con-inner\">\n\t\t\t\t<div class=\"elementor-element elementor-element-f1da46c elementor-widget elementor-widget-heading\" data-id=\"f1da46c\" data-element_type=\"widget\" data-e-type=\"widget\" data-widget_type=\"heading.default\">\n\t\t\t\t\t<h3 class=\"elementor-heading-title elementor-size-default\">Fiestas patronales de Escuintla <\/h3>\t\t\t\t<\/div>\n\t\t\t\t\t<\/div>\n\t\t\t\t<\/div>\n\t\t<div data-particle_enable=\"false\" data-particle-mobile-disabled=\"false\" class=\"elementor-element elementor-element-e744a68 e-flex e-con-boxed e-con e-parent\" data-id=\"e744a68\" data-element_type=\"container\" data-e-type=\"container\">\n\t\t\t\t\t<div class=\"e-con-inner\">\n\t\t\t\t<div class=\"elementor-element elementor-element-5ba4c69 elementor-widget elementor-widget-text-editor\" data-id=\"5ba4c69\" data-element_type=\"widget\" data-e-type=\"widget\" data-widget_type=\"text-editor.default\">\n\t\t\t\t\t\t\t\t\t<p>Escuintla 8 de diciembre <br \/>Guanagazapa 15 de febrero <br \/>Puerto de Iztapa 24 de octubre <br \/>La Democracia 31 de diciembre y 4 de abril <br \/>La Gomera 12 de noviembre<br \/>Masagua 3er viernes de Cuaresma <br \/>Nueva Concepci\u00f3n8 de diciembre <br \/>Pal\u00edn 30 de julio <br \/>Puerto de San Jos\u00e9 19 de marzo <br \/>Santa Luc\u00eda Cotzumalguapa 25 de diciembre <br \/>San Vicente Pacaya 22 de enero <br \/>Sipacate 15 de enero <br \/>Siquinal\u00e1 25 de noviembre <br \/>Tiquisate 24 de diciembre <\/p>\t\t\t\t\t\t\t\t<\/div>\n\t\t\t\t\t<\/div>\n\t\t\t\t<\/div>\n\t\t<div data-particle_enable=\"false\" data-particle-mobile-disabled=\"false\" class=\"elementor-element elementor-element-87383d1 e-flex e-con-boxed e-con e-parent\" data-id=\"87383d1\" data-element_type=\"container\" data-e-type=\"container\">\n\t\t\t\t\t<div class=\"e-con-inner\">\n\t\t\t\t<div class=\"elementor-element elementor-element-9a3e90a elementor-widget elementor-widget-facebook-embed\" data-id=\"9a3e90a\" data-element_type=\"widget\" data-e-type=\"widget\" data-widget_type=\"facebook-embed.default\">\n\t\t\t\t\t<div style=\"min-height: 1px\" class=\"elementor-facebook-widget fb-post\" data-href=\"https:\/\/www.facebook.com\/photo.php?fbid=122158927190195562&#038;set=pb.61555866865030.-2207520000&#038;type=3\" data-show-text=\"false\"><\/div>\t\t\t\t<\/div>\n\t\t\t\t\t<\/div>\n\t\t\t\t<\/div>\n\t\t<div data-particle_enable=\"false\" data-particle-mobile-disabled=\"false\" class=\"elementor-element elementor-element-6e48175 e-flex e-con-boxed e-con e-parent\" data-id=\"6e48175\" data-element_type=\"container\" data-e-type=\"container\">\n\t\t\t\t\t<div class=\"e-con-inner\">\n\t\t\t\t<div class=\"elementor-element elementor-element-c0f971d elementor-widget elementor-widget-heading\" data-id=\"c0f971d\" data-element_type=\"widget\" data-e-type=\"widget\" data-widget_type=\"heading.default\">\n\t\t\t\t\t<h3 class=\"elementor-heading-title elementor-size-default\">Fiestas patronales del departamento de Guatemala <\/h3>\t\t\t\t<\/div>\n\t\t\t\t\t<\/div>\n\t\t\t\t<\/div>\n\t\t<div data-particle_enable=\"false\" data-particle-mobile-disabled=\"false\" class=\"elementor-element elementor-element-c690a2f e-flex e-con-boxed e-con e-parent\" data-id=\"c690a2f\" data-element_type=\"container\" data-e-type=\"container\">\n\t\t\t\t\t<div class=\"e-con-inner\">\n\t\t\t\t<div class=\"elementor-element elementor-element-e06787c elementor-widget elementor-widget-text-editor\" data-id=\"e06787c\" data-element_type=\"widget\" data-e-type=\"widget\" data-widget_type=\"text-editor.default\">\n\t\t\t\t\t\t\t\t\t<p>Amatitl\u00e1n 3 de mayo y 24 de junio <br \/>Chinautla 6 de diciembre y 3 de mayo <br \/>Chuarrancho 29 de junio <br \/>Fraijanes 4 de febrero <br \/>Guatemala 15 de agosto <br \/>Mixco 4 de agosto y \u00faltima semana de enero <br \/>Palencia 27 de abril <br \/>San Jos\u00e9 del Golfo 19 de marzo <br \/>San Jos\u00e9 P\u00ednula 19 de marzo <br \/>San Juan Sacatep\u00e9quez 24 de junio <br \/>San Miguel Petapa 29 de septiembre<br \/>San Pedro Ayampuc 1er viernes de Cuaresma <br \/>San Pedro Sacatep\u00e9quez 29 de junio <br \/>San Raymundo 23 de enero <br \/>Santa Catarina P\u00ednula 25 de noviembre<br \/>Villa Canales 25 de marzo y 16 de agosto <br \/>Villa Nueva 8 de diciembre<\/p>\t\t\t\t\t\t\t\t<\/div>\n\t\t\t\t\t<\/div>\n\t\t\t\t<\/div>\n\t\t<div data-particle_enable=\"false\" data-particle-mobile-disabled=\"false\" class=\"elementor-element elementor-element-3f33004 e-flex e-con-boxed e-con e-parent\" data-id=\"3f33004\" data-element_type=\"container\" data-e-type=\"container\">\n\t\t\t\t\t<div class=\"e-con-inner\">\n\t\t\t\t<div class=\"elementor-element elementor-element-3c1fdc0 elementor-widget elementor-widget-facebook-embed\" data-id=\"3c1fdc0\" data-element_type=\"widget\" data-e-type=\"widget\" data-widget_type=\"facebook-embed.default\">\n\t\t\t\t\t<div style=\"min-height: 1px\" class=\"elementor-facebook-widget fb-post\" data-href=\"https:\/\/www.facebook.com\/photo.php?fbid=678513967636371&#038;set=pb.100064333225645.-2207520000&#038;type=3\" data-show-text=\"false\"><\/div>\t\t\t\t<\/div>\n\t\t\t\t\t<\/div>\n\t\t\t\t<\/div>\n\t\t<div data-particle_enable=\"false\" data-particle-mobile-disabled=\"false\" class=\"elementor-element elementor-element-7eab30b e-flex e-con-boxed e-con e-parent\" data-id=\"7eab30b\" data-element_type=\"container\" data-e-type=\"container\">\n\t\t\t\t\t<div class=\"e-con-inner\">\n\t\t\t\t<div class=\"elementor-element elementor-element-afe7ce6 elementor-widget elementor-widget-heading\" data-id=\"afe7ce6\" data-element_type=\"widget\" data-e-type=\"widget\" data-widget_type=\"heading.default\">\n\t\t\t\t\t<h3 class=\"elementor-heading-title elementor-size-default\">Fiestas patronales de Huehuetenango <\/h3>\t\t\t\t<\/div>\n\t\t\t\t\t<\/div>\n\t\t\t\t<\/div>\n\t\t<div data-particle_enable=\"false\" data-particle-mobile-disabled=\"false\" class=\"elementor-element elementor-element-a62008e e-flex e-con-boxed e-con e-parent\" data-id=\"a62008e\" data-element_type=\"container\" data-e-type=\"container\">\n\t\t\t\t\t<div class=\"e-con-inner\">\n\t\t\t\t<div class=\"elementor-element elementor-element-13c7ba3 elementor-widget elementor-widget-text-editor\" data-id=\"13c7ba3\" data-element_type=\"widget\" data-e-type=\"widget\" data-widget_type=\"text-editor.default\">\n\t\t\t\t\t\t\t\t\t<p>Aguacat\u00e1n 2 de mayo <br \/>Santa Cruz Barillas 1 de mayo <br \/>Chiantla 2 de febrero <br \/>Colotenango 15 de agosto <br \/>Concepci\u00f3n Huista 8 de diciembre<br \/>Cuilco 28 de noviembre<br \/>Huehuetenango 12 y 13 de julio y 8 de diciembre<br \/>San Ildefonso Ixtahuac\u00e1n 23 de enero<br \/>Jacaltenango 2 de febrero<br \/>La Democracia 2do viernes de Cuaresma<br \/>La Libertad 15 de enero <br \/>Malacatancito 14 de noviembre y 25 de julio <br \/>Nent\u00f3n 15 de enero <br \/>Petat\u00e1n 25 de julio <br \/>San Antonio Huista 13 de juno <br \/>San Gaspar Ixchil 6 de enero <br \/>San Juan Atitl\u00e1n 24 de junio <br \/>San Juan Ixcoy 24 de junio <br \/>San Mateo Ixtat\u00e1n21 de septiembre<br \/>San Pedro Soloma 28 de junio <br \/>San Miguel Acat\u00e1n 30 de septiembre <br \/>San Pedro Necta Martes de Pascua <br \/>San Rafael la Independencia 24 de octubre <br \/>San Rafael Petzal 24 de octubre <br \/>San Sebasti\u00e1n Coat\u00e1n 20 de enero <br \/>San Sebasti\u00e1n Huehuetenango 18 de enero <br \/>Santa Ana Huista 26 de julio <br \/>Santa B\u00e1rbara 4 de diciembre <br \/>Santa Eulalia 12 de febrero <br \/>Santiago Chimaltenango 23 y 24 de julio <br \/>Tectit\u00e1n 21 de julio <br \/>Todos Santos Cuchumat\u00e1n 1 de noviembre <\/p>\t\t\t\t\t\t\t\t<\/div>\n\t\t\t\t\t<\/div>\n\t\t\t\t<\/div>\n\t\t<div data-particle_enable=\"false\" data-particle-mobile-disabled=\"false\" class=\"elementor-element elementor-element-c4dcb63 e-flex e-con-boxed e-con e-parent\" data-id=\"c4dcb63\" data-element_type=\"container\" data-e-type=\"container\">\n\t\t\t\t\t<div class=\"e-con-inner\">\n\t\t\t\t<div class=\"elementor-element elementor-element-d9f7a5d elementor-widget elementor-widget-facebook-embed\" data-id=\"d9f7a5d\" data-element_type=\"widget\" data-e-type=\"widget\" data-widget_type=\"facebook-embed.default\">\n\t\t\t\t\t<div style=\"min-height: 1px\" class=\"elementor-facebook-widget fb-post\" data-href=\"https:\/\/www.facebook.com\/photo\/?fbid=2170549039856926&#038;set=a.2170539159857914\" data-show-text=\"false\"><\/div>\t\t\t\t<\/div>\n\t\t\t\t\t<\/div>\n\t\t\t\t<\/div>\n\t\t<div data-particle_enable=\"false\" data-particle-mobile-disabled=\"false\" class=\"elementor-element elementor-element-da7ef2d e-flex e-con-boxed e-con e-parent\" data-id=\"da7ef2d\" data-element_type=\"container\" data-e-type=\"container\">\n\t\t\t\t\t<div class=\"e-con-inner\">\n\t\t\t\t<div class=\"elementor-element elementor-element-83bcd09 elementor-widget elementor-widget-heading\" data-id=\"83bcd09\" data-element_type=\"widget\" data-e-type=\"widget\" data-widget_type=\"heading.default\">\n\t\t\t\t\t<h3 class=\"elementor-heading-title elementor-size-default\">Fiestas patronales de Izabal<\/h3>\t\t\t\t<\/div>\n\t\t\t\t\t<\/div>\n\t\t\t\t<\/div>\n\t\t<div data-particle_enable=\"false\" data-particle-mobile-disabled=\"false\" class=\"elementor-element elementor-element-7c32904 e-flex e-con-boxed e-con e-parent\" data-id=\"7c32904\" data-element_type=\"container\" data-e-type=\"container\">\n\t\t\t\t\t<div class=\"e-con-inner\">\n\t\t\t\t<div class=\"elementor-element elementor-element-adf08ea elementor-widget elementor-widget-text-editor\" data-id=\"adf08ea\" data-element_type=\"widget\" data-e-type=\"widget\" data-widget_type=\"text-editor.default\">\n\t\t\t\t\t\t\t\t\t<p>El Estor 24 de junio <br \/>Livingston 28 de diciembre<br \/>Los Amates 3 de mayo<br \/>Morales 19 de marzo <br \/>Puerto Barrios 4 de junio<\/p>\t\t\t\t\t\t\t\t<\/div>\n\t\t\t\t\t<\/div>\n\t\t\t\t<\/div>\n\t\t<div data-particle_enable=\"false\" data-particle-mobile-disabled=\"false\" class=\"elementor-element elementor-element-4da40b1 e-flex e-con-boxed e-con e-parent\" data-id=\"4da40b1\" data-element_type=\"container\" data-e-type=\"container\">\n\t\t\t\t\t<div class=\"e-con-inner\">\n\t\t\t\t<div class=\"elementor-element elementor-element-e0af743 elementor-widget elementor-widget-facebook-embed\" data-id=\"e0af743\" data-element_type=\"widget\" data-e-type=\"widget\" data-widget_type=\"facebook-embed.default\">\n\t\t\t\t\t<div style=\"min-height: 1px\" class=\"elementor-facebook-widget fb-post\" data-href=\"https:\/\/www.facebook.com\/feriatitularpuertobarrios\/photos\/t.100069192606828\/384910454948931\/?type=3\" data-show-text=\"false\"><\/div>\t\t\t\t<\/div>\n\t\t\t\t\t<\/div>\n\t\t\t\t<\/div>\n\t\t<div data-particle_enable=\"false\" data-particle-mobile-disabled=\"false\" class=\"elementor-element elementor-element-3357c1c e-flex e-con-boxed e-con e-parent\" data-id=\"3357c1c\" data-element_type=\"container\" data-e-type=\"container\">\n\t\t\t\t\t<div class=\"e-con-inner\">\n\t\t\t\t<div class=\"elementor-element elementor-element-6c7271e elementor-widget elementor-widget-heading\" data-id=\"6c7271e\" data-element_type=\"widget\" data-e-type=\"widget\" data-widget_type=\"heading.default\">\n\t\t\t\t\t<h3 class=\"elementor-heading-title elementor-size-default\">Fiestas patronales de Jalapa <\/h3>\t\t\t\t<\/div>\n\t\t\t\t\t<\/div>\n\t\t\t\t<\/div>\n\t\t<div data-particle_enable=\"false\" data-particle-mobile-disabled=\"false\" class=\"elementor-element elementor-element-a2227df e-flex e-con-boxed e-con e-parent\" data-id=\"a2227df\" data-element_type=\"container\" data-e-type=\"container\">\n\t\t\t\t\t<div class=\"e-con-inner\">\n\t\t\t\t<div class=\"elementor-element elementor-element-b94070e elementor-widget elementor-widget-text-editor\" data-id=\"b94070e\" data-element_type=\"widget\" data-e-type=\"widget\" data-widget_type=\"text-editor.default\">\n\t\t\t\t\t\t\t\t\t<p>Jalapa 14 y 15 de septiembre <br \/>Mataquescuintla 25 de julio <br \/>Monjas 7 de febrero <br \/>San Carlos Alzatate 15 de marzo <br \/>San Luis Jilotepeque 25 de agosto <br \/>San Manuel Chaparr\u00f3n 10 de marzo <br \/>San Pedro P\u00ednula 2 de febrero <\/p>\t\t\t\t\t\t\t\t<\/div>\n\t\t\t\t\t<\/div>\n\t\t\t\t<\/div>\n\t\t<div data-particle_enable=\"false\" data-particle-mobile-disabled=\"false\" class=\"elementor-element elementor-element-3b8d632 e-flex e-con-boxed e-con e-parent\" data-id=\"3b8d632\" data-element_type=\"container\" data-e-type=\"container\">\n\t\t\t\t\t<div class=\"e-con-inner\">\n\t\t\t\t<div class=\"elementor-element elementor-element-6ea9892 elementor-widget elementor-widget-facebook-embed\" data-id=\"6ea9892\" data-element_type=\"widget\" data-e-type=\"widget\" data-widget_type=\"facebook-embed.default\">\n\t\t\t\t\t<div style=\"min-height: 1px\" class=\"elementor-facebook-widget fb-post\" data-href=\"https:\/\/www.facebook.com\/photo.php?fbid=729576626039239&#038;set=pb.100069607230038.-2207520000&#038;type=3\" data-show-text=\"false\"><\/div>\t\t\t\t<\/div>\n\t\t\t\t\t<\/div>\n\t\t\t\t<\/div>\n\t\t<div data-particle_enable=\"false\" data-particle-mobile-disabled=\"false\" class=\"elementor-element elementor-element-eef815e e-flex e-con-boxed e-con e-parent\" data-id=\"eef815e\" data-element_type=\"container\" data-e-type=\"container\">\n\t\t\t\t\t<div class=\"e-con-inner\">\n\t\t\t\t<div class=\"elementor-element elementor-element-61597a6 elementor-widget elementor-widget-heading\" data-id=\"61597a6\" data-element_type=\"widget\" data-e-type=\"widget\" data-widget_type=\"heading.default\">\n\t\t\t\t\t<h3 class=\"elementor-heading-title elementor-size-default\">Fiestas patronales de Jutiapa <\/h3>\t\t\t\t<\/div>\n\t\t\t\t\t<\/div>\n\t\t\t\t<\/div>\n\t\t<div data-particle_enable=\"false\" data-particle-mobile-disabled=\"false\" class=\"elementor-element elementor-element-3f62356 e-flex e-con-boxed e-con e-parent\" data-id=\"3f62356\" data-element_type=\"container\" data-e-type=\"container\">\n\t\t\t\t\t<div class=\"e-con-inner\">\n\t\t\t\t<div class=\"elementor-element elementor-element-12d1c89 elementor-widget elementor-widget-text-editor\" data-id=\"12d1c89\" data-element_type=\"widget\" data-e-type=\"widget\" data-widget_type=\"text-editor.default\">\n\t\t\t\t\t\t\t\t\t<p>Agua Blanca 6 de enero <br \/>Asunci\u00f3n Mita 14 de agosto y 8 de diciembre<br \/>Atescatempa 3 de noviembre<br \/>Comapa 15 de diciembre<br \/>Conguaco 8 de diciembre<br \/>El Adelanto 18 de marzo <br \/>El Progreso 11 de febrero<br \/>Jalpatagua 21 de diciembre <br \/>Jer\u00e9z 8 de marzo<br \/>Jutiapa 13 de noviembre y 30 de julio<br \/>Moyuta 15 de marzo<br \/>Pasaco 1er domingo de Cuaresma<br \/>Quezada 28 de noviembre<br \/>San Jos\u00e9 Acatempa 4 de febrero<br \/>Yupiltepeque 18 de octubre<br \/>Zapotitl\u00e1n 18 de febrero <br \/>Santa Catarina Mita 25 de noviembre <\/p>\t\t\t\t\t\t\t\t<\/div>\n\t\t\t\t\t<\/div>\n\t\t\t\t<\/div>\n\t\t<div data-particle_enable=\"false\" data-particle-mobile-disabled=\"false\" class=\"elementor-element elementor-element-2fec290 e-flex e-con-boxed e-con e-parent\" data-id=\"2fec290\" data-element_type=\"container\" data-e-type=\"container\">\n\t\t\t\t\t<div class=\"e-con-inner\">\n\t\t\t\t<div class=\"elementor-element elementor-element-adafe2b elementor-widget elementor-widget-facebook-embed\" data-id=\"adafe2b\" data-element_type=\"widget\" data-e-type=\"widget\" data-widget_type=\"facebook-embed.default\">\n\t\t\t\t\t<div style=\"min-height: 1px\" class=\"elementor-facebook-widget fb-post\" data-href=\"https:\/\/www.facebook.com\/photo.php?fbid=243540478279675&#038;set=pb.100078711721116.-2207520000&#038;type=3\" data-show-text=\"false\"><\/div>\t\t\t\t<\/div>\n\t\t\t\t\t<\/div>\n\t\t\t\t<\/div>\n\t\t<div data-particle_enable=\"false\" data-particle-mobile-disabled=\"false\" class=\"elementor-element elementor-element-40d36ed e-flex e-con-boxed e-con e-parent\" data-id=\"40d36ed\" data-element_type=\"container\" data-e-type=\"container\">\n\t\t\t\t\t<div class=\"e-con-inner\">\n\t\t\t\t<div class=\"elementor-element elementor-element-e66d1b6 elementor-widget elementor-widget-heading\" data-id=\"e66d1b6\" data-element_type=\"widget\" data-e-type=\"widget\" data-widget_type=\"heading.default\">\n\t\t\t\t\t<h3 class=\"elementor-heading-title elementor-size-default\">Fiestas patronales de Pet\u00e9n <\/h3>\t\t\t\t<\/div>\n\t\t\t\t\t<\/div>\n\t\t\t\t<\/div>\n\t\t<div data-particle_enable=\"false\" data-particle-mobile-disabled=\"false\" class=\"elementor-element elementor-element-0a0ce15 e-flex e-con-boxed e-con e-parent\" data-id=\"0a0ce15\" data-element_type=\"container\" data-e-type=\"container\">\n\t\t\t\t\t<div class=\"e-con-inner\">\n\t\t\t\t<div class=\"elementor-element elementor-element-5c5e036 elementor-widget elementor-widget-text-editor\" data-id=\"5c5e036\" data-element_type=\"widget\" data-e-type=\"widget\" data-widget_type=\"text-editor.default\">\n\t\t\t\t\t\t\t\t\t<p>Dolores 28 de mayo <br \/>El Chal 19 de marzo <br \/>Flores 15 de enero <br \/>La Libertad 12 de diciembre <br \/>Las Cruces del 3 al 5 de mayo <br \/>Melchor de Mencos 28 de mayo<br \/>Popt\u00fan 29 de abril <br \/>San Andr\u00e9s 30 de noviembre <br \/>San Benito 3 de abril <br \/>San Francisco 4 de octubre<br \/>San Jos\u00e9 19 de marzo <br \/>San Luis 25 de agosto <br \/>Santa Ana 26 de julio <br \/>Sayaxch\u00e9 13 de junio <\/p>\t\t\t\t\t\t\t\t<\/div>\n\t\t\t\t\t<\/div>\n\t\t\t\t<\/div>\n\t\t<div data-particle_enable=\"false\" data-particle-mobile-disabled=\"false\" class=\"elementor-element elementor-element-5255dd6 e-flex e-con-boxed e-con e-parent\" data-id=\"5255dd6\" data-element_type=\"container\" data-e-type=\"container\">\n\t\t\t\t\t<div class=\"e-con-inner\">\n\t\t\t\t<div class=\"elementor-element elementor-element-200d6c7 elementor-widget elementor-widget-facebook-embed\" data-id=\"200d6c7\" data-element_type=\"widget\" data-e-type=\"widget\" data-widget_type=\"facebook-embed.default\">\n\t\t\t\t\t<div style=\"min-height: 1px\" class=\"elementor-facebook-widget fb-post\" data-href=\"https:\/\/www.facebook.com\/photo.php?fbid=686846576959838&#038;set=pb.100069035043313.-2207520000&#038;type=3\" data-show-text=\"false\"><\/div>\t\t\t\t<\/div>\n\t\t\t\t\t<\/div>\n\t\t\t\t<\/div>\n\t\t<div data-particle_enable=\"false\" data-particle-mobile-disabled=\"false\" class=\"elementor-element elementor-element-79ea005 e-flex e-con-boxed e-con e-parent\" data-id=\"79ea005\" data-element_type=\"container\" data-e-type=\"container\">\n\t\t\t\t\t<div class=\"e-con-inner\">\n\t\t\t\t<div class=\"elementor-element elementor-element-afaf291 elementor-widget elementor-widget-heading\" data-id=\"afaf291\" data-element_type=\"widget\" data-e-type=\"widget\" data-widget_type=\"heading.default\">\n\t\t\t\t\t<h3 class=\"elementor-heading-title elementor-size-default\">Fiestas patronales de Quetzaltenango <\/h3>\t\t\t\t<\/div>\n\t\t\t\t\t<\/div>\n\t\t\t\t<\/div>\n\t\t<div data-particle_enable=\"false\" data-particle-mobile-disabled=\"false\" class=\"elementor-element elementor-element-fc08c65 e-flex e-con-boxed e-con e-parent\" data-id=\"fc08c65\" data-element_type=\"container\" data-e-type=\"container\">\n\t\t\t\t\t<div class=\"e-con-inner\">\n\t\t\t\t<div class=\"elementor-element elementor-element-95a5c98 elementor-widget elementor-widget-text-editor\" data-id=\"95a5c98\" data-element_type=\"widget\" data-e-type=\"widget\" data-widget_type=\"text-editor.default\">\n\t\t\t\t\t\t\t\t\t<p>Almolonga 29 de junio <br \/>Cabric\u00e1n 4to viernes de Cuaresma <br \/>Cajol\u00e1 3 y 4 de mayo <br \/>Cantel 15 de agosto <br \/>Coatepeque 25 de julio y 15 de marzo <br \/>Colomba 15 de enero <br \/>Concepci\u00f3n Chiquirichapa 8 de diciembre<br \/>El Palmar 25 de julio <br \/>Flores Costa Cuca 2 de febrero<br \/>G\u00e9nova 8 de diciembre<br \/>Huit\u00e1n 24 de diciembre<br \/>La Esperanza 3 de mayo <br \/>Olintepeque24 de junio <br \/>San Juan Ostuncalco 2 de febrero y 24 de junio <br \/>Palestina de Los Altos en este municipio es movible <br \/>Quetzaltenango 15 de septiembre<br \/>Salcaj\u00e1 25 de agosto <br \/>San Carlos Sija 15 de diciembre <br \/>San Francisco La Uni\u00f3n 4 de octubre<br \/>San Mart\u00edn Sacatep\u00e9quez 11 de noviembre<br \/>San Mateo 19 de septiembre<br \/>San Miguel Sig\u00fcil\u00e1 29 de septiembre<br \/>Sibilia 13 de enero<br \/>Zunil 25 y 26 de noviembre <\/p>\t\t\t\t\t\t\t\t<\/div>\n\t\t\t\t\t<\/div>\n\t\t\t\t<\/div>\n\t\t<div data-particle_enable=\"false\" data-particle-mobile-disabled=\"false\" class=\"elementor-element elementor-element-689b20c e-flex e-con-boxed e-con e-parent\" data-id=\"689b20c\" data-element_type=\"container\" data-e-type=\"container\">\n\t\t\t\t\t<div class=\"e-con-inner\">\n\t\t\t\t<div class=\"elementor-element elementor-element-37b60ca elementor-widget elementor-widget-facebook-embed\" data-id=\"37b60ca\" data-element_type=\"widget\" data-e-type=\"widget\" data-widget_type=\"facebook-embed.default\">\n\t\t\t\t\t<div style=\"min-height: 1px\" class=\"elementor-facebook-widget fb-post\" data-href=\"https:\/\/www.facebook.com\/photo.php?fbid=873766528113111&#038;set=pb.100064393161329.-2207520000&#038;type=3\" data-show-text=\"false\"><\/div>\t\t\t\t<\/div>\n\t\t\t\t\t<\/div>\n\t\t\t\t<\/div>\n\t\t<div data-particle_enable=\"false\" data-particle-mobile-disabled=\"false\" class=\"elementor-element elementor-element-92c983f e-flex e-con-boxed e-con e-parent\" data-id=\"92c983f\" data-element_type=\"container\" data-e-type=\"container\">\n\t\t\t\t\t<div class=\"e-con-inner\">\n\t\t\t\t<div class=\"elementor-element elementor-element-39a7347 elementor-widget elementor-widget-heading\" data-id=\"39a7347\" data-element_type=\"widget\" data-e-type=\"widget\" data-widget_type=\"heading.default\">\n\t\t\t\t\t<h3 class=\"elementor-heading-title elementor-size-default\">Fiestas patronales de Quich\u00e9 <\/h3>\t\t\t\t<\/div>\n\t\t\t\t\t<\/div>\n\t\t\t\t<\/div>\n\t\t<div data-particle_enable=\"false\" data-particle-mobile-disabled=\"false\" class=\"elementor-element elementor-element-19480d6 e-flex e-con-boxed e-con e-parent\" data-id=\"19480d6\" data-element_type=\"container\" data-e-type=\"container\">\n\t\t\t\t\t<div class=\"e-con-inner\">\n\t\t\t\t<div class=\"elementor-element elementor-element-20f4a00 elementor-widget elementor-widget-text-editor\" data-id=\"20f4a00\" data-element_type=\"widget\" data-e-type=\"widget\" data-widget_type=\"text-editor.default\">\n\t\t\t\t\t\t\t\t\t<p>Canilla 8 de diciembre<br \/>Chajul 6 de enero y 2do viernes de Cuaresma <br \/>Cun\u00e9n 2 de febrero <br \/>Chicam\u00e1n 8 de diciembre<br \/>Chich\u00e9 28 de diciembre <br \/>Chichicastenango 21 de diciembre<br \/>Chinique 15 de enero<br \/>Joyabaj 15 de agosto <br \/>Nebaj 15 de agosto <br \/>Patzit\u00e9 8 de febrero<br \/>Ixc\u00e1n o Playa Grande 15 de mayo <br \/>Pachalum 1 de noviembre<br \/>Sacapulas 4 de agosto <br \/>San Andr\u00e9s Sajcabaj\u00e1 28 de noviembre<br \/>San Antonio Ilotenango 17 de enero<br \/>San Bartolom\u00e9 Jocotenango 24 de agosto <br \/>San Juan Cotzal 24 de junio <br \/>San Pedro Jocopilas 28 de junio <br \/>Santa Cruz del Quich\u00e9 17 y 18 de agosto <br \/>Uspant\u00e1n 8 de mayo <br \/>Zacualpa es una fiesta movible <\/p>\t\t\t\t\t\t\t\t<\/div>\n\t\t\t\t\t<\/div>\n\t\t\t\t<\/div>\n\t\t<div data-particle_enable=\"false\" data-particle-mobile-disabled=\"false\" class=\"elementor-element elementor-element-bc47ef0 e-flex e-con-boxed e-con e-parent\" data-id=\"bc47ef0\" data-element_type=\"container\" data-e-type=\"container\">\n\t\t\t\t\t<div class=\"e-con-inner\">\n\t\t\t\t<div class=\"elementor-element elementor-element-9058f41 elementor-widget elementor-widget-heading\" data-id=\"9058f41\" data-element_type=\"widget\" data-e-type=\"widget\" data-widget_type=\"heading.default\">\n\t\t\t\t\t<h3 class=\"elementor-heading-title elementor-size-default\">Fiestas patronales de Retalhuleu <\/h3>\t\t\t\t<\/div>\n\t\t\t\t\t<\/div>\n\t\t\t\t<\/div>\n\t\t<div data-particle_enable=\"false\" data-particle-mobile-disabled=\"false\" class=\"elementor-element elementor-element-29d3360 e-flex e-con-boxed e-con e-parent\" data-id=\"29d3360\" data-element_type=\"container\" data-e-type=\"container\">\n\t\t\t\t\t<div class=\"e-con-inner\">\n\t\t\t\t<div class=\"elementor-element elementor-element-2218813 elementor-widget elementor-widget-text-editor\" data-id=\"2218813\" data-element_type=\"widget\" data-e-type=\"widget\" data-widget_type=\"text-editor.default\">\n\t\t\t\t\t\t\t\t\t<p>Champerico 19 de marzo y 25 de diciembre<br \/>El Asintal 23 de diciembre y 19 de marzo <br \/>Nuevo San Carlos 31 de diciembre<br \/>Retalhuleu 8 de diciembre<br \/>San Andr\u00e9s Villa Seca 30 de noviembre<br \/>San Felipe Retalhuleu 24 y 25 de noviembre y 11 de mayo <br \/>San Mart\u00edn Zapotitl\u00e1n 11 de noviembre<br \/>San Sebasti\u00e1n 18 de enero <br \/>Santa Cruz Mulu\u00e1 se celebra en carnaval <\/p>\t\t\t\t\t\t\t\t<\/div>\n\t\t\t\t\t<\/div>\n\t\t\t\t<\/div>\n\t\t<div data-particle_enable=\"false\" data-particle-mobile-disabled=\"false\" class=\"elementor-element elementor-element-2014b25 e-flex e-con-boxed e-con e-parent\" data-id=\"2014b25\" data-element_type=\"container\" data-e-type=\"container\">\n\t\t\t\t\t<div class=\"e-con-inner\">\n\t\t\t\t<div class=\"elementor-element elementor-element-76f7e0e elementor-widget elementor-widget-heading\" data-id=\"76f7e0e\" data-element_type=\"widget\" data-e-type=\"widget\" data-widget_type=\"heading.default\">\n\t\t\t\t\t<h3 class=\"elementor-heading-title elementor-size-default\">Fiestas patronales de Sacatep\u00e9quez <\/h3>\t\t\t\t<\/div>\n\t\t\t\t\t<\/div>\n\t\t\t\t<\/div>\n\t\t<div data-particle_enable=\"false\" data-particle-mobile-disabled=\"false\" class=\"elementor-element elementor-element-f8d8a35 e-flex e-con-boxed e-con e-parent\" data-id=\"f8d8a35\" data-element_type=\"container\" data-e-type=\"container\">\n\t\t\t\t\t<div class=\"e-con-inner\">\n\t\t\t\t<div class=\"elementor-element elementor-element-77dafff elementor-widget elementor-widget-text-editor\" data-id=\"77dafff\" data-element_type=\"widget\" data-e-type=\"widget\" data-widget_type=\"text-editor.default\">\n\t\t\t\t\t\t\t\t\t<p>San Juan Alotenango 24 de junio <br \/>La Antigua Guatemala 25 de julio y 1er viernes de Cuaresma <br \/>Ciudad Vieja 8 de diciembre<br \/>Jocotenango 15 de agosto <br \/>Magdalena Milpas Altas 22 de julio <br \/>Pastores 9 de octubre<br \/>San Antonio Aguas Calientes 13 de junio y la fiesta de Corpus Christi <br \/>San Bartolom\u00e9 Milpas Altas 24 de agosto <br \/>San Lucas Sacatep\u00e9quez 18 de octubre <br \/>San Miguel Due\u00f1as 29 de septiembre <br \/>Santa Catarina Barahona 15 de enero<br \/>Santa Luc\u00eda Milpas Altas 13 de diciembre<br \/>Santa Mar\u00eda de Jes\u00fas 2 de enero <br \/>Santo Domingo Xenacoj 4 de agosto <br \/>Santiago Sacatep\u00e9quez 25 de julio <br \/>Sumpango 28 de agosto<\/p>\t\t\t\t\t\t\t\t<\/div>\n\t\t\t\t\t<\/div>\n\t\t\t\t<\/div>\n\t\t<div data-particle_enable=\"false\" data-particle-mobile-disabled=\"false\" class=\"elementor-element elementor-element-43fe2b2 e-flex e-con-boxed e-con e-parent\" data-id=\"43fe2b2\" data-element_type=\"container\" data-e-type=\"container\">\n\t\t\t\t\t<div class=\"e-con-inner\">\n\t\t\t\t<div class=\"elementor-element elementor-element-bfa0fdf elementor-widget elementor-widget-facebook-embed\" data-id=\"bfa0fdf\" data-element_type=\"widget\" data-e-type=\"widget\" data-widget_type=\"facebook-embed.default\">\n\t\t\t\t\t<div style=\"min-height: 1px\" class=\"elementor-facebook-widget fb-post\" data-href=\"https:\/\/www.facebook.com\/photo.php?fbid=858756282948682&#038;set=pb.100064429550288.-2207520000&#038;type=3\" data-show-text=\"false\"><\/div>\t\t\t\t<\/div>\n\t\t\t\t\t<\/div>\n\t\t\t\t<\/div>\n\t\t<div data-particle_enable=\"false\" data-particle-mobile-disabled=\"false\" class=\"elementor-element elementor-element-7593e9f e-flex e-con-boxed e-con e-parent\" data-id=\"7593e9f\" data-element_type=\"container\" data-e-type=\"container\">\n\t\t\t\t\t<div class=\"e-con-inner\">\n\t\t\t\t<div class=\"elementor-element elementor-element-32abec6 elementor-widget elementor-widget-heading\" data-id=\"32abec6\" data-element_type=\"widget\" data-e-type=\"widget\" data-widget_type=\"heading.default\">\n\t\t\t\t\t<h3 class=\"elementor-heading-title elementor-size-default\">Fiestas patronales de San Marcos <\/h3>\t\t\t\t<\/div>\n\t\t\t\t\t<\/div>\n\t\t\t\t<\/div>\n\t\t<div data-particle_enable=\"false\" data-particle-mobile-disabled=\"false\" class=\"elementor-element elementor-element-c4a5d30 e-flex e-con-boxed e-con e-parent\" data-id=\"c4a5d30\" data-element_type=\"container\" data-e-type=\"container\">\n\t\t\t\t\t<div class=\"e-con-inner\">\n\t\t\t\t<div class=\"elementor-element elementor-element-de6c245 elementor-widget elementor-widget-text-editor\" data-id=\"de6c245\" data-element_type=\"widget\" data-e-type=\"widget\" data-widget_type=\"text-editor.default\">\n\t\t\t\t\t\t\t\t\t<p>Ayutla 1er viernes de Cuaresma <br \/>Catarina 25 de noviembre<br \/>Comitancillo 3 de mayo <br \/>Concepci\u00f3n Tutuapa 8 de diciembre <br \/>El Quetzal 12 de noviembre <br \/>El Rodeo 19 de marzo <br \/>El Tumbador 6 de enero <br \/>Esquipulas Palo Gordo 15 de enero <br \/>Ixchigu\u00e1n 30 de julio <br \/>La Blanca 17 de diciembre <br \/>La Reforma 31 de diciembre <br \/>Malacat\u00e1n 12 de diciembre <br \/>Nuevo Progreso 12 de diciembre <br \/>Oc\u00f3s Semana Santa <br \/>Pajapita 8 de diciembre <br \/>R\u00edo Blanco 7 de julio <br \/>San Antonio Sacatep\u00e9quez 17 de enero <br \/>San Crist\u00f3bal Cucho 25 de julio <br \/>San Jos\u00e9 Ojetenan 19 de marzo <br \/>San Lorenzo 10 de agosto <br \/>San Marcos 25 de abril <br \/>San Miguel Ixtahuac\u00e1n 27 de septiembre<br \/>San Pablo 25 de enero <br \/>San Pedro Sacatep\u00e9quez 29 de junio <br \/>San Rafael Pie de la Cuesta 24 de octubre <br \/>Sibinal 29 de septiembre <br \/>Sipacapa 24 de agosto <br \/>Tacan\u00e1 15 de agosto <br \/>Tajumulco 8 de julio <br \/>Tejutla 25 de julio <\/p>\t\t\t\t\t\t\t\t<\/div>\n\t\t\t\t\t<\/div>\n\t\t\t\t<\/div>\n\t\t<div data-particle_enable=\"false\" data-particle-mobile-disabled=\"false\" class=\"elementor-element elementor-element-ad43adb e-flex e-con-boxed e-con e-parent\" data-id=\"ad43adb\" data-element_type=\"container\" data-e-type=\"container\">\n\t\t\t\t\t<div class=\"e-con-inner\">\n\t\t\t\t<div class=\"elementor-element elementor-element-57fa1f3 elementor-widget elementor-widget-facebook-embed\" data-id=\"57fa1f3\" data-element_type=\"widget\" data-e-type=\"widget\" data-widget_type=\"facebook-embed.default\">\n\t\t\t\t\t<div style=\"min-height: 1px\" class=\"elementor-facebook-widget fb-post\" data-href=\"https:\/\/www.facebook.com\/photo.php?fbid=676757797806465&#038;set=pb.100064167516715.-2207520000&#038;type=3\" data-show-text=\"false\"><\/div>\t\t\t\t<\/div>\n\t\t\t\t\t<\/div>\n\t\t\t\t<\/div>\n\t\t<div data-particle_enable=\"false\" data-particle-mobile-disabled=\"false\" class=\"elementor-element elementor-element-4f07eaa e-flex e-con-boxed e-con e-parent\" data-id=\"4f07eaa\" data-element_type=\"container\" data-e-type=\"container\">\n\t\t\t\t\t<div class=\"e-con-inner\">\n\t\t\t\t<div class=\"elementor-element elementor-element-e9a39cf elementor-widget elementor-widget-heading\" data-id=\"e9a39cf\" data-element_type=\"widget\" data-e-type=\"widget\" data-widget_type=\"heading.default\">\n\t\t\t\t\t<h3 class=\"elementor-heading-title elementor-size-default\">Fiestas patronales de Santa Rosa <\/h3>\t\t\t\t<\/div>\n\t\t\t\t\t<\/div>\n\t\t\t\t<\/div>\n\t\t<div data-particle_enable=\"false\" data-particle-mobile-disabled=\"false\" class=\"elementor-element elementor-element-bfacd03 e-flex e-con-boxed e-con e-parent\" data-id=\"bfacd03\" data-element_type=\"container\" data-e-type=\"container\">\n\t\t\t\t\t<div class=\"e-con-inner\">\n\t\t\t\t<div class=\"elementor-element elementor-element-0db7e8b elementor-widget elementor-widget-text-editor\" data-id=\"0db7e8b\" data-element_type=\"widget\" data-e-type=\"widget\" data-widget_type=\"text-editor.default\">\n\t\t\t\t\t\t\t\t\t<p>Barberena 6 de enero y 19 de marzo <br \/>Casillas 15 de enero <br \/>Chiquimulilla 3 de mayo <br \/>Cuilapa 25 de diciembre <br \/>Guazacap\u00e1n 8 de diciembre y 15 de agosto<br \/>Nueva Sta. Rosa 28 de enero <br \/>Oratorio 1 de marzo <br \/>Pueblo Nuevo Vi\u00f1as 15 de enero <br \/>San Juan Tecuaco 27 de diciembre <br \/>San Rafael Las Flores 24 de octubre <br \/>Santa Cruz Naranjo 3 de mayo <br \/>Santa Mar\u00eda Ixhuat\u00e1n 1 de noviembre<br \/>Santa Rosa de Lima 30 de agosto <br \/>Taxisco 15 de enero <\/p>\t\t\t\t\t\t\t\t<\/div>\n\t\t\t\t\t<\/div>\n\t\t\t\t<\/div>\n\t\t<div data-particle_enable=\"false\" data-particle-mobile-disabled=\"false\" class=\"elementor-element elementor-element-1fca613 e-flex e-con-boxed e-con e-parent\" data-id=\"1fca613\" data-element_type=\"container\" data-e-type=\"container\">\n\t\t\t\t\t<div class=\"e-con-inner\">\n\t\t\t\t<div class=\"elementor-element elementor-element-ea8f16e elementor-widget elementor-widget-facebook-embed\" data-id=\"ea8f16e\" data-element_type=\"widget\" data-e-type=\"widget\" data-widget_type=\"facebook-embed.default\">\n\t\t\t\t\t<div style=\"min-height: 1px\" class=\"elementor-facebook-widget fb-post\" data-href=\"https:\/\/www.facebook.com\/photo.php?fbid=762492896065597&#038;set=pb.100069146801589.-2207520000&#038;type=3\" data-show-text=\"false\"><\/div>\t\t\t\t<\/div>\n\t\t\t\t\t<\/div>\n\t\t\t\t<\/div>\n\t\t<div data-particle_enable=\"false\" data-particle-mobile-disabled=\"false\" class=\"elementor-element elementor-element-a56c042 e-flex e-con-boxed e-con e-parent\" data-id=\"a56c042\" data-element_type=\"container\" data-e-type=\"container\">\n\t\t\t\t\t<div class=\"e-con-inner\">\n\t\t\t\t<div class=\"elementor-element elementor-element-5b53e5e elementor-widget elementor-widget-heading\" data-id=\"5b53e5e\" data-element_type=\"widget\" data-e-type=\"widget\" data-widget_type=\"heading.default\">\n\t\t\t\t\t<h3 class=\"elementor-heading-title elementor-size-default\">Fiestas patronales de Solol\u00e1 <\/h3>\t\t\t\t<\/div>\n\t\t\t\t\t<\/div>\n\t\t\t\t<\/div>\n\t\t<div data-particle_enable=\"false\" data-particle-mobile-disabled=\"false\" class=\"elementor-element elementor-element-932cead e-flex e-con-boxed e-con e-parent\" data-id=\"932cead\" data-element_type=\"container\" data-e-type=\"container\">\n\t\t\t\t\t<div class=\"e-con-inner\">\n\t\t\t\t<div class=\"elementor-element elementor-element-af8396c elementor-widget elementor-widget-text-editor\" data-id=\"af8396c\" data-element_type=\"widget\" data-e-type=\"widget\" data-widget_type=\"text-editor.default\">\n\t\t\t\t\t\t\t\t\t<p>Concepci\u00f3n 8 de diciembre <br \/>Nahual\u00e1 25 de noviembre <br \/>Panajachel 4 de octubre <br \/>San Andr\u00e9s Semetabaj 30 de noviembre <br \/>San Antonio Palop\u00f3 13 de junio <br \/>San Jos\u00e9 Chacay\u00e1 19 de marzo <br \/>San Juan La Laguna 24 de junio <br \/>San Lucas Tolim\u00e1n 18 de octubre <br \/>San Marcos La Laguna 25 de abril <br \/>San Pablo La Laguna 25 de enero <br \/>San Pedro La Laguna 29 de junio <br \/>Santa Catarina Ixtahuac\u00e1n 25 de noviembre<br \/>Santa Catarina Palop\u00f3 25 de noviembre <br \/>Santa Clara La Laguna 12 de agosto <br \/>Santa Cruz La Laguna 10 de mayo <br \/>Santa Luc\u00eda Utatl\u00e1n 13 de diciembre <br \/>Santa Mar\u00eda Visitaci\u00f3n 2 de julio <br \/>Santiago Atitl\u00e1n25 de julio <br \/>Solol\u00e1 15 de agosto <\/p>\t\t\t\t\t\t\t\t<\/div>\n\t\t\t\t\t<\/div>\n\t\t\t\t<\/div>\n\t\t<div data-particle_enable=\"false\" data-particle-mobile-disabled=\"false\" class=\"elementor-element elementor-element-30a13a1 e-flex e-con-boxed e-con e-parent\" data-id=\"30a13a1\" data-element_type=\"container\" data-e-type=\"container\">\n\t\t\t\t\t<div class=\"e-con-inner\">\n\t\t\t\t<div class=\"elementor-element elementor-element-820bbe5 elementor-widget elementor-widget-facebook-embed\" data-id=\"820bbe5\" data-element_type=\"widget\" data-e-type=\"widget\" data-widget_type=\"facebook-embed.default\">\n\t\t\t\t\t<div style=\"min-height: 1px\" class=\"elementor-facebook-widget fb-post\" data-href=\"https:\/\/www.facebook.com\/photo.php?fbid=940453531413058&#038;set=pb.100063452598952.-2207520000&#038;type=3\" data-show-text=\"false\"><\/div>\t\t\t\t<\/div>\n\t\t\t\t\t<\/div>\n\t\t\t\t<\/div>\n\t\t<div data-particle_enable=\"false\" data-particle-mobile-disabled=\"false\" class=\"elementor-element elementor-element-acf6c32 e-flex e-con-boxed e-con e-parent\" data-id=\"acf6c32\" data-element_type=\"container\" data-e-type=\"container\">\n\t\t\t\t\t<div class=\"e-con-inner\">\n\t\t\t\t<div class=\"elementor-element elementor-element-85f04f0 elementor-widget elementor-widget-heading\" data-id=\"85f04f0\" data-element_type=\"widget\" data-e-type=\"widget\" data-widget_type=\"heading.default\">\n\t\t\t\t\t<h3 class=\"elementor-heading-title elementor-size-default\">Fiestas patronales de Suchitep\u00e9quez <\/h3>\t\t\t\t<\/div>\n\t\t\t\t\t<\/div>\n\t\t\t\t<\/div>\n\t\t<div data-particle_enable=\"false\" data-particle-mobile-disabled=\"false\" class=\"elementor-element elementor-element-7243c8b e-flex e-con-boxed e-con e-parent\" data-id=\"7243c8b\" data-element_type=\"container\" data-e-type=\"container\">\n\t\t\t\t\t<div class=\"e-con-inner\">\n\t\t\t\t<div class=\"elementor-element elementor-element-3b0d519 elementor-widget elementor-widget-text-editor\" data-id=\"3b0d519\" data-element_type=\"widget\" data-e-type=\"widget\" data-widget_type=\"text-editor.default\">\n\t\t\t\t\t\t\t\t\t<p>Chicacao 19 de diciembre<br \/>Cuyotenango 15 de enero <br \/>La M\u00e1quina 19 de marzo <br \/>Mazatenango 24 de agosto y Carnaval<br \/>Patulul 25 de enero <br \/>Pueblo Nuevo 15 de enero <br \/>R\u00edo Bravo 2 de febrero y 4 de octubre <br \/>Samayac 3er viernes de Cuaresma <br \/>San Antonio Suchitep\u00e9quez 13 de junio <br \/>San Bernardino 20 de mayo <br \/>San Francisco Zapotitl\u00e1n 25 de diciembre <br \/>San Gabriel Es una festividad movible <br \/>San Jos\u00e9 El \u00cddolo 19 de marzo <br \/>San Juan Bautista 24 de junio <br \/>San Lorenzo 22 de febrero <br \/>San Miguel Pan\u00e1n 29 de septiembre<br \/>San Pablo Jocopilas 25 de enero <br \/>Santa B\u00e1rbara 4 de diciembre <br \/>Santo Domingo Suchitep\u00e9quez 4 de agosto y 2do viernes de Cuaresma <br \/>Santo Tom\u00e1s La Uni\u00f3n 21 de diciembre <br \/>Zunilito 25 de noviembre<\/p>\t\t\t\t\t\t\t\t<\/div>\n\t\t\t\t\t<\/div>\n\t\t\t\t<\/div>\n\t\t<div data-particle_enable=\"false\" data-particle-mobile-disabled=\"false\" class=\"elementor-element elementor-element-ca9c566 e-flex e-con-boxed e-con e-parent\" data-id=\"ca9c566\" data-element_type=\"container\" data-e-type=\"container\">\n\t\t\t\t\t<div class=\"e-con-inner\">\n\t\t\t\t<div class=\"elementor-element elementor-element-69a8227 elementor-widget elementor-widget-facebook-embed\" data-id=\"69a8227\" data-element_type=\"widget\" data-e-type=\"widget\" data-widget_type=\"facebook-embed.default\">\n\t\t\t\t\t<div style=\"min-height: 1px\" class=\"elementor-facebook-widget fb-post\" data-href=\"https:\/\/www.facebook.com\/photo\/?fbid=842522087873985&#038;set=br.AbojPk6ia7H7-GHGdP4U1KbsK-Xuhw5YR7yoE9rZho8WY8C3ccfVD3jAPFaQLTn7__eWb4t3PCBQPBkfJIpJOCa4N--mQnurSgbZsLyh359bDiojQ2S90ShZVxThD6KGwfFAyyGKh3O4CQIhnbO07dpV\" data-show-text=\"false\"><\/div>\t\t\t\t<\/div>\n\t\t\t\t\t<\/div>\n\t\t\t\t<\/div>\n\t\t<div data-particle_enable=\"false\" data-particle-mobile-disabled=\"false\" class=\"elementor-element elementor-element-b1e98bf e-flex e-con-boxed e-con e-parent\" data-id=\"b1e98bf\" data-element_type=\"container\" data-e-type=\"container\">\n\t\t\t\t\t<div class=\"e-con-inner\">\n\t\t\t\t<div class=\"elementor-element elementor-element-a671785 elementor-widget elementor-widget-heading\" data-id=\"a671785\" data-element_type=\"widget\" data-e-type=\"widget\" data-widget_type=\"heading.default\">\n\t\t\t\t\t<h3 class=\"elementor-heading-title elementor-size-default\">Fiestas patronales de Totonicap\u00e1n <\/h3>\t\t\t\t<\/div>\n\t\t\t\t\t<\/div>\n\t\t\t\t<\/div>\n\t\t<div data-particle_enable=\"false\" data-particle-mobile-disabled=\"false\" class=\"elementor-element elementor-element-610cfa9 e-flex e-con-boxed e-con e-parent\" data-id=\"610cfa9\" data-element_type=\"container\" data-e-type=\"container\">\n\t\t\t\t\t<div class=\"e-con-inner\">\n\t\t\t\t<div class=\"elementor-element elementor-element-7d2e753 elementor-widget elementor-widget-text-editor\" data-id=\"7d2e753\" data-element_type=\"widget\" data-e-type=\"widget\" data-widget_type=\"text-editor.default\">\n\t\t\t\t\t\t\t\t\t<p>Momostenango 1 de agosto <br \/>San Andr\u00e9s Xecul 30 de noviembre<br \/>San Bartolo 24 de agosto <br \/>San Crist\u00f3bal Totonicap\u00e1n 25 de julio <br \/>San Francisco El Alto 4 de octubre <br \/>Santa Luc\u00eda La Reforma 13 de diciembre <br \/>Santa Mar\u00eda Chiquimula 15 de enero <br \/>Totonicap\u00e1n 27 de septiembre<\/p>\t\t\t\t\t\t\t\t<\/div>\n\t\t\t\t\t<\/div>\n\t\t\t\t<\/div>\n\t\t<div data-particle_enable=\"false\" data-particle-mobile-disabled=\"false\" class=\"elementor-element elementor-element-1359b92 e-flex e-con-boxed e-con e-parent\" data-id=\"1359b92\" data-element_type=\"container\" data-e-type=\"container\">\n\t\t\t\t\t<div class=\"e-con-inner\">\n\t\t\t\t<div class=\"elementor-element elementor-element-49c44d1 elementor-widget elementor-widget-facebook-embed\" data-id=\"49c44d1\" data-element_type=\"widget\" data-e-type=\"widget\" data-widget_type=\"facebook-embed.default\">\n\t\t\t\t\t<div style=\"min-height: 1px\" class=\"elementor-facebook-widget fb-post\" data-href=\"https:\/\/www.facebook.com\/photo.php?fbid=772065941632656&#038;set=pb.100064877702784.-2207520000&#038;type=3\" data-show-text=\"false\"><\/div>\t\t\t\t<\/div>\n\t\t\t\t\t<\/div>\n\t\t\t\t<\/div>\n\t\t<div data-particle_enable=\"false\" data-particle-mobile-disabled=\"false\" class=\"elementor-element elementor-element-522ebc9 e-flex e-con-boxed e-con e-parent\" data-id=\"522ebc9\" data-element_type=\"container\" data-e-type=\"container\">\n\t\t\t\t\t<div class=\"e-con-inner\">\n\t\t\t\t<div class=\"elementor-element elementor-element-49f012c elementor-widget elementor-widget-heading\" data-id=\"49f012c\" data-element_type=\"widget\" data-e-type=\"widget\" data-widget_type=\"heading.default\">\n\t\t\t\t\t<h3 class=\"elementor-heading-title elementor-size-default\">Fiestas patronales de Zacapa <\/h3>\t\t\t\t<\/div>\n\t\t\t\t\t<\/div>\n\t\t\t\t<\/div>\n\t\t<div data-particle_enable=\"false\" data-particle-mobile-disabled=\"false\" class=\"elementor-element elementor-element-73a8391 e-flex e-con-boxed e-con e-parent\" data-id=\"73a8391\" data-element_type=\"container\" data-e-type=\"container\">\n\t\t\t\t\t<div class=\"e-con-inner\">\n\t\t\t\t<div class=\"elementor-element elementor-element-cecab1d elementor-widget elementor-widget-text-editor\" data-id=\"cecab1d\" data-element_type=\"widget\" data-e-type=\"widget\" data-widget_type=\"text-editor.default\">\n\t\t\t\t\t\t\t\t\t<p>Caba\u00f1as 19 de enero <br \/>Estanzuela 22 de noviembre <br \/>Gual\u00e1n 29 de septiembre y Carnaval <br \/>Huit\u00e9 1er viernes de Cuaresma <br \/>La Uni\u00f3n 25 de abril <br \/>R\u00edo Hondo 26 de febrero <br \/>San Diego 12 de noviembre <br \/>San Jorge 23 de abril <br \/>Teculut\u00e1n 3 de febrero <br \/>Usumatl\u00e1n 24 de junio <br \/>Zacapa 8 de diciembre <\/p>\t\t\t\t\t\t\t\t<\/div>\n\t\t\t\t\t<\/div>\n\t\t\t\t<\/div>\n\t\t<div data-particle_enable=\"false\" data-particle-mobile-disabled=\"false\" class=\"elementor-element elementor-element-a602270 e-flex e-con-boxed e-con e-parent\" data-id=\"a602270\" data-element_type=\"container\" data-e-type=\"container\">\n\t\t\t\t\t<div class=\"e-con-inner\">\n\t\t\t\t<div class=\"elementor-element elementor-element-5fbdba1 elementor-widget elementor-widget-facebook-embed\" data-id=\"5fbdba1\" data-element_type=\"widget\" data-e-type=\"widget\" data-widget_type=\"facebook-embed.default\">\n\t\t\t\t\t<div style=\"min-height: 1px\" class=\"elementor-facebook-widget fb-post\" data-href=\"https:\/\/www.facebook.com\/photo.php?fbid=122152855562177806&#038;set=pb.61555334203494.-2207520000&#038;type=3\" data-show-text=\"false\"><\/div>\t\t\t\t<\/div>\n\t\t\t\t\t<\/div>\n\t\t\t\t<\/div>\n\t\t<div data-particle_enable=\"false\" data-particle-mobile-disabled=\"false\" class=\"elementor-element elementor-element-23b6675 e-flex e-con-boxed e-con e-parent\" data-id=\"23b6675\" data-element_type=\"container\" data-e-type=\"container\">\n\t\t\t\t\t<div class=\"e-con-inner\">\n\t\t\t\t<div class=\"elementor-element elementor-element-2529b74 elementor-widget elementor-widget-heading\" data-id=\"2529b74\" data-element_type=\"widget\" data-e-type=\"widget\" data-widget_type=\"heading.default\">\n\t\t\t\t\t<h2 class=\"elementor-heading-title elementor-size-default\">S\u00edmbolos que los guatemaltecos llevamos en la memoria y el coraz\u00f3n<\/h2>\t\t\t\t<\/div>\n\t\t\t\t<div class=\"elementor-element elementor-element-297f688 elementor-grid-eael-col-4 elementor-grid-tablet-eael-col-2 elementor-grid-mobile-eael-col-1 elementor-widget elementor-widget-eael-post-grid\" data-id=\"297f688\" data-element_type=\"widget\" data-e-type=\"widget\" data-settings=\"{&quot;eael_post_grid_columns&quot;:&quot;eael-col-4&quot;,&quot;eael_post_grid_columns_tablet&quot;:&quot;eael-col-2&quot;,&quot;eael_post_grid_columns_mobile&quot;:&quot;eael-col-1&quot;}\" data-widget_type=\"eael-post-grid.default\">\n\t\t\t\t\t<div id=\"eael-post-grid-297f688\" class=\"eael-post-grid-container\">\n            <div class=\"eael-post-grid eael-post-appender eael-post-appender-297f688 eael-post-grid-style-one\" data-layout-mode=\"masonry\"><article class=\"eael-grid-post  eael-post-grid-column eael-pg-post-43238 category-simbolos-patrios-guate-nuestra\" data-id=\"43238\">\n        <div class=\"eael-grid-post-holder\">\n            <div class=\"eael-grid-post-holder-inner\"><div class=\"eael-entry-media\"><div class=\"eael-entry-overlay fade-in\"><i class=\"far fa-hand-pointer\" aria-hidden=\"true\"><\/i><a href=\"https:\/\/soymigrante.com\/revista\/guia-de-los-7-simbolos-patrios-de-guatemala-origen-fechas-y-mas\/\"><\/a><\/div><div class=\"eael-entry-thumbnail \">\n                <img fetchpriority=\"high\" decoding=\"async\" width=\"300\" height=\"300\" src=\"https:\/\/soymigrante.com\/revista\/wp-content\/uploads\/2025\/08\/migrantes-guatemaltecos-quetzal-fotografia-marcos-zarate-300x300.png\" class=\"attachment-medium size-medium wp-image-43239\" alt=\"Colorido loro de la selva tropical con un pez en el pico, en medio de la naturaleza exuberante, representando biodiversidad y conservaci\u00f3n de especies en Am\u00e9rica Latina.\" srcset=\"https:\/\/soymigrante.com\/revista\/wp-content\/uploads\/2025\/08\/migrantes-guatemaltecos-quetzal-fotografia-marcos-zarate-300x300.png 300w, https:\/\/soymigrante.com\/revista\/wp-content\/uploads\/2025\/08\/migrantes-guatemaltecos-quetzal-fotografia-marcos-zarate-150x150.png 150w, https:\/\/soymigrante.com\/revista\/wp-content\/uploads\/2025\/08\/migrantes-guatemaltecos-quetzal-fotografia-marcos-zarate-768x768.png 768w, https:\/\/soymigrante.com\/revista\/wp-content\/uploads\/2025\/08\/migrantes-guatemaltecos-quetzal-fotografia-marcos-zarate-75x75.webp 75w, https:\/\/soymigrante.com\/revista\/wp-content\/uploads\/2025\/08\/migrantes-guatemaltecos-quetzal-fotografia-marcos-zarate-750x750.webp 750w, https:\/\/soymigrante.com\/revista\/wp-content\/uploads\/2025\/08\/migrantes-guatemaltecos-quetzal-fotografia-marcos-zarate.webp 1000w\" sizes=\"(max-width: 300px) 100vw, 300px\" \/>\n            <\/div>\n        <\/div><div class=\"eael-entry-wrapper\"><header class=\"eael-entry-header\"><h2 class=\"eael-entry-title\"><a class=\"eael-grid-post-link\" href=\"https:\/\/soymigrante.com\/revista\/guia-de-los-7-simbolos-patrios-de-guatemala-origen-fechas-y-mas\/\" title=\"Gu\u00eda de los 7 S\u00edmbolos Patrios de Guatemala: origen, fechas y m\u00e1s\">Gu\u00eda de los 7 S\u00edmbolos Patrios de Guatemala: origen, fechas y m\u00e1s<\/a><\/h2><\/header><div class=\"eael-entry-content\">\n                        <div class=\"eael-grid-post-excerpt\"><a href=\"https:\/\/soymigrante.com\/revista\/guia-de-los-7-simbolos-patrios-de-guatemala-origen-fechas-y-mas\/\" class=\"eael-post-elements-readmore-btn\">Read More<\/a><\/div>\n                    <\/div><\/div><\/div>\n        <\/div>\n    <\/article><article class=\"eael-grid-post  eael-post-grid-column eael-pg-post-26080 category-arte-cultura-simbolos-patrios-guate-nuestra\" data-id=\"26080\">\n        <div class=\"eael-grid-post-holder\">\n            <div class=\"eael-grid-post-holder-inner\"><div class=\"eael-entry-media\"><div class=\"eael-entry-overlay fade-in\"><i class=\"far fa-hand-pointer\" aria-hidden=\"true\"><\/i><a href=\"https:\/\/soymigrante.com\/revista\/lee-y-escucha-el-mas-famoso-poema-a-la-marimba-guatemalteca\/\"><\/a><\/div><div class=\"eael-entry-thumbnail \">\n                <img decoding=\"async\" width=\"300\" height=\"300\" src=\"https:\/\/soymigrante.com\/revista\/wp-content\/uploads\/2025\/02\/marimba-dia-de-la-marimba-300x300.jpg\" class=\"attachment-medium size-medium wp-image-26082\" alt=\"Ni\u00f1os tocando xil\u00f3fono en evento escolar en un espacio abierto con flores y \u00e1rboles.\" srcset=\"https:\/\/soymigrante.com\/revista\/wp-content\/uploads\/2025\/02\/marimba-dia-de-la-marimba-300x300.jpg 300w, https:\/\/soymigrante.com\/revista\/wp-content\/uploads\/2025\/02\/marimba-dia-de-la-marimba-1024x1024.jpg 1024w, https:\/\/soymigrante.com\/revista\/wp-content\/uploads\/2025\/02\/marimba-dia-de-la-marimba-150x150.jpg 150w, https:\/\/soymigrante.com\/revista\/wp-content\/uploads\/2025\/02\/marimba-dia-de-la-marimba-768x768.jpg 768w, https:\/\/soymigrante.com\/revista\/wp-content\/uploads\/2025\/02\/marimba-dia-de-la-marimba-75x75.webp 75w, https:\/\/soymigrante.com\/revista\/wp-content\/uploads\/2025\/02\/marimba-dia-de-la-marimba-750x750.webp 750w, https:\/\/soymigrante.com\/revista\/wp-content\/uploads\/2025\/02\/marimba-dia-de-la-marimba-1140x1140.webp 1140w, https:\/\/soymigrante.com\/revista\/wp-content\/uploads\/2025\/02\/marimba-dia-de-la-marimba.webp 1299w\" sizes=\"(max-width: 300px) 100vw, 300px\" \/>\n            <\/div>\n        <\/div><div class=\"eael-entry-wrapper\"><header class=\"eael-entry-header\"><h2 class=\"eael-entry-title\"><a class=\"eael-grid-post-link\" href=\"https:\/\/soymigrante.com\/revista\/lee-y-escucha-el-mas-famoso-poema-a-la-marimba-guatemalteca\/\" title=\"Lee y escucha el m\u00e1s famoso poema a la Marimba, Instrumento Nacional de Guatemala\">Lee y escucha el m\u00e1s famoso poema a la Marimba, Instrumento Nacional de Guatemala<\/a><\/h2><\/header><div class=\"eael-entry-content\">\n                        <div class=\"eael-grid-post-excerpt\"><a href=\"https:\/\/soymigrante.com\/revista\/lee-y-escucha-el-mas-famoso-poema-a-la-marimba-guatemalteca\/\" class=\"eael-post-elements-readmore-btn\">Read More<\/a><\/div>\n                    <\/div><\/div><\/div>\n        <\/div>\n    <\/article><article class=\"eael-grid-post  eael-post-grid-column eael-pg-post-7188 category-guate-nuestra-simbolos-patrios-guate-nuestra\" data-id=\"7188\">\n        <div class=\"eael-grid-post-holder\">\n            <div class=\"eael-grid-post-holder-inner\"><div class=\"eael-entry-media\"><div class=\"eael-entry-overlay fade-in\"><i class=\"far fa-hand-pointer\" aria-hidden=\"true\"><\/i><a href=\"https:\/\/soymigrante.com\/revista\/tecun-uman-500-anos-del-heroe-nacional-de-guatemala\/\"><\/a><\/div><div class=\"eael-entry-thumbnail \">\n                <img decoding=\"async\" width=\"300\" height=\"300\" src=\"https:\/\/soymigrante.com\/revista\/wp-content\/uploads\/2024\/06\/tecuncito-1-300x300.webp\" class=\"attachment-medium size-medium wp-image-7189\" alt=\"Tecun Uman o Tec\u00fan Um\u00e1n, con tildes para el buscador. Es el h\u00e9roe nacional de Guatemala desde 1960. Muri\u00f3 en batalla en febrero de 1524 y su nombre se escribi\u00f3 por primera vez hacia 1550 en el T\u00edtulo Coyoy, documento ind\u00edgena. Imagen generada por IA\" srcset=\"https:\/\/soymigrante.com\/revista\/wp-content\/uploads\/2024\/06\/tecuncito-1-300x300.webp 300w, https:\/\/soymigrante.com\/revista\/wp-content\/uploads\/2024\/06\/tecuncito-1-150x150.webp 150w, https:\/\/soymigrante.com\/revista\/wp-content\/uploads\/2024\/06\/tecuncito-1-75x75.webp 75w, https:\/\/soymigrante.com\/revista\/wp-content\/uploads\/2024\/06\/tecuncito-1.webp 697w\" sizes=\"(max-width: 300px) 100vw, 300px\" \/>\n            <\/div>\n        <\/div><div class=\"eael-entry-wrapper\"><header class=\"eael-entry-header\"><h2 class=\"eael-entry-title\"><a class=\"eael-grid-post-link\" href=\"https:\/\/soymigrante.com\/revista\/tecun-uman-500-anos-del-heroe-nacional-de-guatemala\/\" title=\"\u00bfCu\u00e1ndo se conmemora el D\u00eda de Tec\u00fan Uman H\u00e9roe Nacional de Guatemala?\">\u00bfCu\u00e1ndo se conmemora el D\u00eda de Tec\u00fan Uman H\u00e9roe Nacional de Guatemala?<\/a><\/h2><\/header><div class=\"eael-entry-content\">\n                        <div class=\"eael-grid-post-excerpt\"><a href=\"https:\/\/soymigrante.com\/revista\/tecun-uman-500-anos-del-heroe-nacional-de-guatemala\/\" class=\"eael-post-elements-readmore-btn\">Read More<\/a><\/div>\n                    <\/div><\/div><\/div>\n        <\/div>\n    <\/article><article class=\"eael-grid-post  eael-post-grid-column eael-pg-post-3396 category-guate-nuestra-simbolos-patrios-guate-nuestra\" data-id=\"3396\">\n        <div class=\"eael-grid-post-holder\">\n            <div class=\"eael-grid-post-holder-inner\"><div class=\"eael-entry-media\"><div class=\"eael-entry-overlay fade-in\"><i class=\"far fa-hand-pointer\" aria-hidden=\"true\"><\/i><a href=\"https:\/\/soymigrante.com\/revista\/simbolos-patrios-8-datos-de-la-monja-blanca-que-tal-vez-ya-conocias-o-quiza-no\/\"><\/a><\/div><div class=\"eael-entry-thumbnail \">\n                <img loading=\"lazy\" decoding=\"async\" width=\"300\" height=\"300\" src=\"https:\/\/soymigrante.com\/revista\/wp-content\/uploads\/2023\/11\/archilarium-5-1-300x300.webp\" class=\"attachment-medium size-medium wp-image-3413\" alt=\"Monja blanca, uno de los s\u00edmbolos patrios de Guatemala. Fotograf\u00eda Archilarium\" srcset=\"https:\/\/soymigrante.com\/revista\/wp-content\/uploads\/2023\/11\/archilarium-5-1-300x300.webp 300w, https:\/\/soymigrante.com\/revista\/wp-content\/uploads\/2023\/11\/archilarium-5-1-1024x1024.webp 1024w, https:\/\/soymigrante.com\/revista\/wp-content\/uploads\/2023\/11\/archilarium-5-1-150x150.webp 150w, https:\/\/soymigrante.com\/revista\/wp-content\/uploads\/2023\/11\/archilarium-5-1-768x768.webp 768w, https:\/\/soymigrante.com\/revista\/wp-content\/uploads\/2023\/11\/archilarium-5-1-75x75.webp 75w, https:\/\/soymigrante.com\/revista\/wp-content\/uploads\/2023\/11\/archilarium-5-1-750x750.webp 750w, https:\/\/soymigrante.com\/revista\/wp-content\/uploads\/2023\/11\/archilarium-5-1-1140x1140.webp 1140w, https:\/\/soymigrante.com\/revista\/wp-content\/uploads\/2023\/11\/archilarium-5-1-600x600.webp 600w, https:\/\/soymigrante.com\/revista\/wp-content\/uploads\/2023\/11\/archilarium-5-1.webp 1440w\" sizes=\"(max-width: 300px) 100vw, 300px\" \/>\n            <\/div>\n        <\/div><div class=\"eael-entry-wrapper\"><header class=\"eael-entry-header\"><h2 class=\"eael-entry-title\"><a class=\"eael-grid-post-link\" href=\"https:\/\/soymigrante.com\/revista\/simbolos-patrios-8-datos-de-la-monja-blanca-que-tal-vez-ya-conocias-o-quiza-no\/\" title=\"\u00bfPor qu\u00e9 el 11 de febrero es el d\u00eda de la Monja Blanca, S\u00edmbolo Nacional de Guatemala?\">\u00bfPor qu\u00e9 el 11 de febrero es el d\u00eda de la Monja Blanca, S\u00edmbolo Nacional de Guatemala?<\/a><\/h2><\/header><div class=\"eael-entry-content\">\n                        <div class=\"eael-grid-post-excerpt\"><a href=\"https:\/\/soymigrante.com\/revista\/simbolos-patrios-8-datos-de-la-monja-blanca-que-tal-vez-ya-conocias-o-quiza-no\/\" class=\"eael-post-elements-readmore-btn\">Read More<\/a><\/div>\n                    <\/div><\/div><\/div>\n        <\/div>\n    <\/article><\/div>\n            <div class=\"clearfix\"><\/div>\n        <\/div>            <div class=\"eael-load-more-button-wrap eael-force-hide\">\n                <button class=\"eael-load-more-button\" id=\"eael-load-more-btn-297f688\" data-widget-id=\"297f688\" data-widget=\"297f688\" data-page-id=\"7390\" data-template=\"{&quot;dir&quot;:&quot;lite&quot;,&quot;file_name&quot;:&quot;one.php&quot;,&quot;name&quot;:&quot;Post-Grid&quot;}\" data-class=\"Essential_Addons_Elementor\\Elements\\Post_Grid\" data-layout=\"masonry\" data-page=\"1\" data-args=\"orderby=date&amp;order=desc&amp;ignore_sticky_posts=1&amp;post_status=publish&amp;posts_per_page=4&amp;offset=0&amp;post_type=post&amp;tax_query%5B0%5D%5Btaxonomy%5D=category&amp;tax_query%5B0%5D%5Bfield%5D=term_id&amp;tax_query%5B0%5D%5Bterms%5D%5B0%5D=96&amp;tax_query%5Brelation%5D=AND\" data-max-page=\"4\">\n                    <span class=\"eael-btn-loader button__loader\"><\/span>\n                    <span class=\"eael_load_more_text\">Load More<\/span>\n                <\/button>\n            <\/div>\n            \t\t\t\t<\/div>\n\t\t\t\t\t<\/div>\n\t\t\t\t<\/div>\n\t\t\t\t<\/div>\n\t\t","protected":false},"excerpt":{"rendered":"<p>La fiesta patronal del municipio natal es ocasi\u00f3n de memorias y recuerdos felices; muchos migrantes que pueden viajar tratan de hacer coincidir esta ocasi\u00f3n con sus d\u00edas de descanso para compartir con sus familias. Este es el listado de fechas de fiestas patronales que suele marcar la semana de feria local. Cada municipio festeja su [&hellip;]<\/p>\n","protected":false},"author":19,"featured_media":7395,"comment_status":"open","ping_status":"open","sticky":false,"template":"","format":"standard","meta":{"_acf_changed":false,"_eb_attr":"","footnotes":""},"categories":[58],"tags":[272],"class_list":["post-7390","post","type-post","status-publish","format-standard","has-post-thumbnail","hentry","category-guate-nuestra","tag-calendario-de-ferias"],"acf":[],"aioseo_notices":[],"aioseo_head":"\n\t\t<!-- All in One SEO Pro 4.9.6.2 - aioseo.com -->\n\t<meta name=\"description\" content=\"\u00bfSab\u00edas que La Monja Blanca pr\u00e1cticamente se extingui\u00f3 por dos d\u00e9cadas? \u00bfC\u00f3mo volvi\u00f3 a la vida? \u00bfCu\u00e1ndo fue declarada S\u00edmbolo Nacional de Guatemala? Ent\u00e9rate\" \/>\n\t<meta name=\"robots\" content=\"max-snippet:-1, max-image-preview:large, max-video-preview:-1\" \/>\n\t<meta name=\"author\" content=\"Gustavo Montenegro\"\/>\n\t<link rel=\"canonical\" href=\"https:\/\/soymigrante.com\/revista\/simbolos-patrios-8-datos-de-la-monja-blanca-que-tal-vez-ya-conocias-o-quiza-no\/\" \/>\n\t<meta name=\"generator\" content=\"All in One SEO Pro (AIOSEO) 4.9.6.2\" \/>\n\n\t\t<link rel=\"preconnect\" href=\"https:\/\/fonts.googleapis.com\" crossorigin>\n<link rel=\"preconnect\" href=\"https:\/\/fonts.gstatic.com\" crossorigin>\n\t\t<meta property=\"og:locale\" content=\"es_ES\" \/>\n\t\t<meta property=\"og:site_name\" content=\"SoyMigrante.com REVISTA \u2013 Nuestra misi\u00f3n es reconocer y dignificar al migrante.\" \/>\n\t\t<meta property=\"og:type\" content=\"article\" \/>\n\t\t<meta property=\"og:title\" content=\"\u00bfPor qu\u00e9 el 11 de Febrero es D\u00eda de la Monja Blanca?\" \/>\n\t\t<meta property=\"og:description\" content=\"\u00bfSab\u00edas que La Monja Blanca pr\u00e1cticamente se extingui\u00f3 por dos d\u00e9cadas? \u00bfC\u00f3mo volvi\u00f3 a la vida? \u00bfCu\u00e1ndo fue declarada S\u00edmbolo Nacional de Guatemala? Ent\u00e9rate\" \/>\n\t\t<meta property=\"og:url\" content=\"https:\/\/soymigrante.com\/revista\/simbolos-patrios-8-datos-de-la-monja-blanca-que-tal-vez-ya-conocias-o-quiza-no\/\" \/>\n\t\t<meta property=\"og:image\" content=\"https:\/\/soymigrante.com\/revista\/wp-content\/uploads\/2023\/11\/archilarium-5-1.webp\" \/>\n\t\t<meta property=\"og:image:secure_url\" content=\"https:\/\/soymigrante.com\/revista\/wp-content\/uploads\/2023\/11\/archilarium-5-1.webp\" \/>\n\t\t<meta property=\"og:image:width\" content=\"1440\" \/>\n\t\t<meta property=\"og:image:height\" content=\"1440\" \/>\n\t\t<meta property=\"article:published_time\" content=\"2026-02-11T15:31:32+00:00\" \/>\n\t\t<meta property=\"article:modified_time\" content=\"2026-02-11T15:35:28+00:00\" \/>\n\t\t<meta property=\"article:publisher\" content=\"https:\/\/www.facebook.com\/soymigrantecom\" \/>\n\t\t<meta name=\"twitter:card\" content=\"summary_large_image\" \/>\n\t\t<meta name=\"twitter:site\" content=\"@SoyMigrante_com\" \/>\n\t\t<meta name=\"twitter:title\" content=\"\u00bfPor qu\u00e9 el 11 de Febrero es D\u00eda de la Monja Blanca?\" \/>\n\t\t<meta name=\"twitter:description\" content=\"\u00bfSab\u00edas que La Monja Blanca pr\u00e1cticamente se extingui\u00f3 por dos d\u00e9cadas? \u00bfC\u00f3mo volvi\u00f3 a la vida? \u00bfCu\u00e1ndo fue declarada S\u00edmbolo Nacional de Guatemala? Ent\u00e9rate\" \/>\n\t\t<meta name=\"twitter:creator\" content=\"@SoyMigrante_com\" \/>\n\t\t<meta name=\"twitter:image\" content=\"https:\/\/soymigrante.com\/revista\/wp-content\/uploads\/2023\/11\/archilarium-5-1.webp\" \/>\n\t\t<!-- All in One SEO Pro -->\r\n\t\t<title>\u00bfPor qu\u00e9 el 11 de Febrero es D\u00eda de la Monja Blanca?<\/title>\n\n","aioseo_head_json":{"title":"\u00bfPor qu\u00e9 el 11 de Febrero es D\u00eda de la Monja Blanca?","description":"\u00bfSab\u00edas que La Monja Blanca pr\u00e1cticamente se extingui\u00f3 por dos d\u00e9cadas? \u00bfC\u00f3mo volvi\u00f3 a la vida? \u00bfCu\u00e1ndo fue declarada S\u00edmbolo Nacional de Guatemala? Ent\u00e9rate","canonical_url":"https:\/\/soymigrante.com\/revista\/simbolos-patrios-8-datos-de-la-monja-blanca-que-tal-vez-ya-conocias-o-quiza-no\/","robots":"max-snippet:-1, max-image-preview:large, max-video-preview:-1","keywords":"","webmasterTools":{"miscellaneous":"&lt;link rel=\"preconnect\" href=\"https:\/\/fonts.googleapis.com\" crossorigin&gt;\n&lt;link rel=\"preconnect\" href=\"https:\/\/fonts.gstatic.com\" crossorigin&gt;"},"schema":null,"og:locale":"es_ES","og:site_name":"SoyMigrante.com REVISTA \u2013 Nuestra misi\u00f3n es reconocer y dignificar al migrante.","og:type":"article","og:title":"\u00bfPor qu\u00e9 el 11 de Febrero es D\u00eda de la Monja Blanca?","og:description":"\u00bfSab\u00edas que La Monja Blanca pr\u00e1cticamente se extingui\u00f3 por dos d\u00e9cadas? \u00bfC\u00f3mo volvi\u00f3 a la vida? \u00bfCu\u00e1ndo fue declarada S\u00edmbolo Nacional de Guatemala? Ent\u00e9rate","og:url":"https:\/\/soymigrante.com\/revista\/simbolos-patrios-8-datos-de-la-monja-blanca-que-tal-vez-ya-conocias-o-quiza-no\/","og:image":"https:\/\/soymigrante.com\/revista\/wp-content\/uploads\/2023\/11\/archilarium-5-1.webp","og:image:secure_url":"https:\/\/soymigrante.com\/revista\/wp-content\/uploads\/2023\/11\/archilarium-5-1.webp","og:image:width":1440,"og:image:height":1440,"article:published_time":"2026-02-11T15:31:32+00:00","article:modified_time":"2026-02-11T15:35:28+00:00","article:publisher":"https:\/\/www.facebook.com\/soymigrantecom","twitter:card":"summary_large_image","twitter:site":"@SoyMigrante_com","twitter:title":"\u00bfPor qu\u00e9 el 11 de Febrero es D\u00eda de la Monja Blanca?","twitter:description":"\u00bfSab\u00edas que La Monja Blanca pr\u00e1cticamente se extingui\u00f3 por dos d\u00e9cadas? \u00bfC\u00f3mo volvi\u00f3 a la vida? \u00bfCu\u00e1ndo fue declarada S\u00edmbolo Nacional de Guatemala? Ent\u00e9rate","twitter:creator":"@SoyMigrante_com","twitter:image":"https:\/\/soymigrante.com\/revista\/wp-content\/uploads\/2023\/11\/archilarium-5-1.webp"},"aioseo_meta_data":{"post_id":"7390","title":null,"description":"La feria patronal de cada municipio es siempre un recuerdo festivo, alegre, familiar que acompa\u00f1a a muchos migrantes guatemaltecos en Estados Unidos.","keywords":null,"keyphrases":{"focus":{"keyphrase":"Fiestas patronales","score":56,"analysis":{"keyphraseInTitle":{"score":3,"maxScore":9,"error":1},"keyphraseInDescription":{"score":3,"maxScore":9,"error":1},"keyphraseLength":{"score":9,"maxScore":9,"error":0,"length":2},"keyphraseInURL":{"score":5,"maxScore":5,"error":0},"keyphraseInIntroduction":{"score":3,"maxScore":9,"error":1},"keyphraseInSubHeadings":{"score":3,"maxScore":9,"error":1},"keyphraseInImageAlt":{"score":3,"maxScore":9,"error":1},"keywordDensity":{"type":"best","score":9,"maxScore":9,"error":0}}},"additional":[{"keyphrase":"Guatemala","score":67,"analysis":{"keyphraseInDescription":{"score":3,"maxScore":9,"error":1},"keyphraseLength":{"score":9,"maxScore":9,"error":0,"length":1},"keyphraseInIntroduction":{"score":9,"maxScore":9,"error":0},"keyphraseInImageAlt":{"score":9,"maxScore":9,"error":0},"keywordDensity":{"score":0,"type":"low","maxScore":9,"error":1}}},{"keyphrase":"Feruias patronales","score":40,"analysis":{"keyphraseInDescription":{"score":3,"maxScore":9,"error":1},"keyphraseLength":{"score":9,"maxScore":9,"error":0,"length":2},"keyphraseInIntroduction":{"score":3,"maxScore":9,"error":1},"keyphraseInImageAlt":{"score":3,"maxScore":9,"error":1},"keywordDensity":{"score":0,"type":"low","maxScore":9,"error":1}}}]},"primary_term":null,"canonical_url":null,"og_title":null,"og_description":null,"og_object_type":"default","og_image_type":"default","og_image_url":null,"og_image_width":null,"og_image_height":null,"og_image_custom_url":null,"og_image_custom_fields":null,"og_video":"","og_custom_url":null,"og_article_section":null,"og_article_tags":null,"twitter_use_og":false,"twitter_card":"default","twitter_image_type":"default","twitter_image_url":null,"twitter_image_custom_url":null,"twitter_image_custom_fields":null,"twitter_title":null,"twitter_description":null,"schema":{"blockGraphs":[],"customGraphs":[],"default":{"data":{"Article":[],"Course":[],"Dataset":[],"FAQPage":[],"Movie":[],"Person":[],"Product":[],"ProductReview":[],"Car":[],"Recipe":[],"Service":[],"SoftwareApplication":[],"WebPage":[]},"graphName":"none","isEnabled":true},"graphs":[]},"schema_type":"default","schema_type_options":null,"pillar_content":false,"robots_default":true,"robots_noindex":false,"robots_noarchive":false,"robots_nosnippet":false,"robots_nofollow":false,"robots_noimageindex":false,"robots_noodp":false,"robots_notranslate":false,"robots_max_snippet":"-1","robots_max_videopreview":"-1","robots_max_imagepreview":"large","priority":null,"frequency":"default","local_seo":null,"seo_analyzer_scan_date":"2025-10-09 00:29:26","breadcrumb_settings":null,"limit_modified_date":false,"reviewed_by":"0","open_ai":"{\"title\":{\"suggestions\":[],\"usage\":0},\"description\":{\"suggestions\":[],\"usage\":0}}","ai":{"faqs":[],"keyPoints":[],"titles":[],"descriptions":[],"socialPosts":{"email":[],"linkedin":[],"twitter":[],"facebook":[],"instagram":[]}},"created":"2024-07-09 23:07:37","updated":"2026-02-04 16:41:21"},"aioseo_breadcrumb":"<div class=\"aioseo-breadcrumbs\"><span class=\"aioseo-breadcrumb\">\n\t<a href=\"https:\/\/soymigrante.com\/revista\" title=\"Home\">Home<\/a>\n<\/span><span class=\"aioseo-breadcrumb-separator\">\u00bb<\/span><span class=\"aioseo-breadcrumb\">\n\t<a href=\"https:\/\/soymigrante.com\/revista\/category\/guate-nuestra\/\" title=\"Guate Nuestra\">Guate Nuestra<\/a>\n<\/span><span class=\"aioseo-breadcrumb-separator\">\u00bb<\/span><span class=\"aioseo-breadcrumb\">\n\tFerias patronales de los municipios de Guatemala, por departamento\n<\/span><\/div>","aioseo_breadcrumb_json":[{"label":"Home","link":"https:\/\/soymigrante.com\/revista"},{"label":"Guate Nuestra","link":"https:\/\/soymigrante.com\/revista\/category\/guate-nuestra\/"},{"label":"Ferias patronales de los municipios de Guatemala, por departamento","link":"https:\/\/soymigrante.com\/revista\/fiestas-patronales-en-guatemala-busque-su-municipio\/"}],"_links":{"self":[{"href":"https:\/\/soymigrante.com\/revista\/wp-json\/wp\/v2\/posts\/7390","targetHints":{"allow":["GET"]}}],"collection":[{"href":"https:\/\/soymigrante.com\/revista\/wp-json\/wp\/v2\/posts"}],"about":[{"href":"https:\/\/soymigrante.com\/revista\/wp-json\/wp\/v2\/types\/post"}],"author":[{"embeddable":true,"href":"https:\/\/soymigrante.com\/revista\/wp-json\/wp\/v2\/users\/19"}],"replies":[{"embeddable":true,"href":"https:\/\/soymigrante.com\/revista\/wp-json\/wp\/v2\/comments?post=7390"}],"version-history":[{"count":6,"href":"https:\/\/soymigrante.com\/revista\/wp-json\/wp\/v2\/posts\/7390\/revisions"}],"predecessor-version":[{"id":44811,"href":"https:\/\/soymigrante.com\/revista\/wp-json\/wp\/v2\/posts\/7390\/revisions\/44811"}],"wp:featuredmedia":[{"embeddable":true,"href":"https:\/\/soymigrante.com\/revista\/wp-json\/wp\/v2\/media\/7395"}],"wp:attachment":[{"href":"https:\/\/soymigrante.com\/revista\/wp-json\/wp\/v2\/media?parent=7390"}],"wp:term":[{"taxonomy":"category","embeddable":true,"href":"https:\/\/soymigrante.com\/revista\/wp-json\/wp\/v2\/categories?post=7390"},{"taxonomy":"post_tag","embeddable":true,"href":"https:\/\/soymigrante.com\/revista\/wp-json\/wp\/v2\/tags?post=7390"}],"curies":[{"name":"wp","href":"https:\/\/api.w.org\/{rel}","templated":true}]}}