{"id":7357,"date":"2024-10-04T10:23:59","date_gmt":"2024-10-04T16:23:59","guid":{"rendered":"https:\/\/soymigrante.com\/revista\/?p=7357"},"modified":"2024-10-04T10:24:00","modified_gmt":"2024-10-04T16:24:00","slug":"municipalidades-se-han-unido-a-peticion-de-tps-guatemalteco","status":"publish","type":"post","link":"https:\/\/soymigrante.com\/revista\/municipalidades-se-han-unido-a-peticion-de-tps-guatemalteco\/","title":{"rendered":"Suben a 150 las municipalidades de Guatemala que apoyan solicitud de TPS en EE.UU."},"content":{"rendered":"\t\t<div data-elementor-type=\"wp-post\" data-elementor-id=\"7357\" class=\"elementor elementor-7357\" data-elementor-post-type=\"post\">\n\t\t\t\t<div data-particle_enable=\"false\" data-particle-mobile-disabled=\"false\" class=\"elementor-element elementor-element-1861f11 e-flex e-con-boxed e-con e-parent\" data-id=\"1861f11\" data-element_type=\"container\" data-e-type=\"container\">\n\t\t\t\t\t<div class=\"e-con-inner\">\n\t\t\t\t<div class=\"elementor-element elementor-element-98d08fb elementor-widget elementor-widget-heading\" data-id=\"98d08fb\" data-element_type=\"widget\" data-e-type=\"widget\" data-widget_type=\"heading.default\">\n\t\t\t\t\t<h2 class=\"elementor-heading-title elementor-size-default\">S\u00ed, se siguen sumando alcald\u00edas de Guatemala al objetivo de solicitar y conseguir la designaci\u00f3n de un Estatus de Protecci\u00f3n Temporal (TPS) para Guatemala. Van 150 municipios pero faltan varios que son fuertes receptores de remesas de migrantes.<\/h2>\t\t\t\t<\/div>\n\t\t\t\t\t<\/div>\n\t\t\t\t<\/div>\n\t\t<div data-particle_enable=\"false\" data-particle-mobile-disabled=\"false\" class=\"elementor-element elementor-element-abddb0e e-flex e-con-boxed e-con e-parent\" data-id=\"abddb0e\" data-element_type=\"container\" data-e-type=\"container\">\n\t\t\t\t\t<div class=\"e-con-inner\">\n\t\t\t\t<div class=\"elementor-element elementor-element-b3462af elementor-widget elementor-widget-text-editor\" data-id=\"b3462af\" data-element_type=\"widget\" data-e-type=\"widget\" data-widget_type=\"text-editor.default\">\n\t\t\t\t\t\t\t\t\t<p>En apoyo a\u00a0 solicitud de <a href=\"https:\/\/soymigrante.com\/revista\/migrantes-guatemaltecos-en-40-estados-de-ee-uu-se-unen-en-busca-de-un-tps\/\">Estatus de Protecci\u00f3n Temporal (TPS) para migrantes guatemaltecos en Estados Unidos, impulsada en 40 Estados de dicha naci\u00f3n<\/a>, hasta este 4 de octubre suman ya 150 municipalidades guatemaltecas que han enviado cartas a la Red Migrante Guatemalteca,\u00a0 para manifestar su apoyo, seg\u00fan inform\u00f3 Walter Batres, presidente de dicha organizaci\u00f3n, que desde abril inicio una campa\u00f1a de b\u00fasqueda de apoyos y respaldos a este pedido ante el gobierno de EE.UU.<\/p><p>En el pa\u00eds hay en total 340 alcald\u00edas y en algunos departamentos como Huehuetenango a\u00fan no tienen ning\u00fan municipio en la lista de apoyos, a pesar de ser uno de los principales receptores de remesas.<\/p><p>Los organizadores esperan m\u00e1s cartas y declaraciones de adhesi\u00f3n municipal, pues consideran que son muchas m\u00e1s los municipios en donde se reciben remesas, las cuales tienen un impacto positivo a trav\u00e9s de consumo, licencias de construcci\u00f3n y desarrollo de las omunidades. Un TPS podr\u00eda beneficiar a pobladores que se marcharon en busca de un mejor futuro.<\/p><p><span style=\"color: var( --e-global-color-text ); text-align: var(--text-align);\">Hasta el momento, el movimiento TPS Guatemalteco ha recibido cartas dirigidas al Ministro de Relaciones Exteriores para pedirle que haga todas las gestiones necesarias para que esta petici\u00f3n sea escuchada.\u00a0\u00a0<\/span><\/p>\t\t\t\t\t\t\t\t<\/div>\n\t\t\t\t\t<\/div>\n\t\t\t\t<\/div>\n\t\t<div data-particle_enable=\"false\" data-particle-mobile-disabled=\"false\" class=\"elementor-element elementor-element-60b5646 e-flex e-con-boxed e-con e-parent\" data-id=\"60b5646\" data-element_type=\"container\" data-e-type=\"container\">\n\t\t\t\t\t<div class=\"e-con-inner\">\n\t\t\t\t<div class=\"elementor-element elementor-element-034f727 elementor-widget elementor-widget-facebook-embed\" data-id=\"034f727\" data-element_type=\"widget\" data-e-type=\"widget\" data-widget_type=\"facebook-embed.default\">\n\t\t\t\t\t<div style=\"min-height: 1px\" class=\"elementor-facebook-widget fb-video\" data-href=\"https:\/\/www.facebook.com\/61562824363534\/videos\/1203171094254293?idorvanity=1047831246990711\" data-show-text=\"true\" data-allowfullscreen=\"false\" data-autoplay=\"false\" data-show-captions=\"false\"><\/div>\t\t\t\t<\/div>\n\t\t\t\t\t<\/div>\n\t\t\t\t<\/div>\n\t\t<div data-particle_enable=\"false\" data-particle-mobile-disabled=\"false\" class=\"elementor-element elementor-element-dc3e392 e-flex e-con-boxed e-con e-parent\" data-id=\"dc3e392\" data-element_type=\"container\" data-e-type=\"container\">\n\t\t\t\t\t<div class=\"e-con-inner\">\n\t\t\t\t<div class=\"elementor-element elementor-element-a12c740 elementor-widget elementor-widget-button\" data-id=\"a12c740\" data-element_type=\"widget\" data-e-type=\"widget\" data-widget_type=\"button.default\">\n\t\t\t\t\t\t\t\t\t\t<a class=\"elementor-button elementor-button-link elementor-size-sm\" href=\"https:\/\/docs.google.com\/forms\/d\/e\/1FAIpQLSdK4vy7OJ2z90WhzOwdLO9ow_BHSbg6QoafGhD_o7Tknrq6KQ\/viewform?usp=send_form%20\">\n\t\t\t\t\t\t<span class=\"elementor-button-content-wrapper\">\n\t\t\t\t\t\t\t\t\t<span class=\"elementor-button-text\">Si eres guatemalteco residente en EE.UU. y deseas sumarte a la petici\u00f3n del Movimiento TPS Guatemalteco, de clic en este bot\u00f3n.<\/span>\n\t\t\t\t\t<\/span>\n\t\t\t\t\t<\/a>\n\t\t\t\t\t\t\t\t<\/div>\n\t\t\t\t\t<\/div>\n\t\t\t\t<\/div>\n\t\t<div data-particle_enable=\"false\" data-particle-mobile-disabled=\"false\" class=\"elementor-element elementor-element-c6a3242 e-flex e-con-boxed e-con e-parent\" data-id=\"c6a3242\" data-element_type=\"container\" data-e-type=\"container\">\n\t\t\t\t\t<div class=\"e-con-inner\">\n\t\t\t\t<div class=\"elementor-element elementor-element-13e4ded elementor-widget elementor-widget-heading\" data-id=\"13e4ded\" data-element_type=\"widget\" data-e-type=\"widget\" data-widget_type=\"heading.default\">\n\t\t\t\t\t<h3 class=\"elementor-heading-title elementor-size-default\">Las 150 municipalidades guatemaltecas que han expresado su apoyo a la solicitud de TPS \u00bfEst\u00e1 tu alcald\u00eda aqu\u00ed?<\/h3>\t\t\t\t<\/div>\n\t\t\t\t\t<\/div>\n\t\t\t\t<\/div>\n\t\t<div data-particle_enable=\"false\" data-particle-mobile-disabled=\"false\" class=\"elementor-element elementor-element-fd77ec9 e-flex e-con-boxed e-con e-parent\" data-id=\"fd77ec9\" data-element_type=\"container\" data-e-type=\"container\">\n\t\t\t\t\t<div class=\"e-con-inner\">\n\t\t\t\t<div class=\"elementor-element elementor-element-c251ad7 elementor-widget elementor-widget-text-editor\" data-id=\"c251ad7\" data-element_type=\"widget\" data-e-type=\"widget\" data-widget_type=\"text-editor.default\">\n\t\t\t\t\t\t\t\t\t<h4>ESCUINTLA<\/h4><p>1. Nueva Concepci\u00f3n<br><span style=\"color: initial; text-align: var(--text-align);\">2. La Gomera<br><\/span><span style=\"color: initial; text-align: var(--text-align);\">3. Sipacate<br><\/span><span style=\"color: initial; text-align: var(--text-align);\">4. Guanagazapa<br><\/span><span style=\"color: initial; text-align: var(--text-align);\">5. San Vicente Pacaya<br><\/span><span style=\"color: initial; text-align: var(--text-align);\">6. Iztapa<br><\/span><span style=\"color: initial; text-align: var(--text-align);\">7. Santa Luc\u00eda Cotzumalguapa<br><\/span><span style=\"color: initial; text-align: var(--text-align);\">8. Siquinal\u00e1<br><\/span><span style=\"color: initial; text-align: var(--text-align);\">9. Masagua<br><\/span><span style=\"color: initial; text-align: var(--text-align);\">10. Puerto San Jos\u00e9<\/span><\/p><h4><span style=\"color: initial; text-align: var(--text-align);\">SUCHITEP\u00c9QUEZ&nbsp;<\/span><\/h4><p>11. Mazatenango<br><span style=\"color: initial; text-align: var(--text-align);\">12. R\u00edo Bravo<br><\/span><span style=\"color: initial; text-align: var(--text-align);\">13. San Jos\u00e9 La M\u00e1quina<br><\/span><span style=\"color: initial; text-align: var(--text-align);\">14. Patulul<br><\/span><span style=\"color: initial; text-align: var(--text-align);\">15. San Antonio<br><\/span><span style=\"color: initial; text-align: var(--text-align);\">16. Santa B\u00e1rbara<br><\/span><span style=\"color: initial; text-align: var(--text-align);\">17. Zunilito<br><\/span><span style=\"color: initial; text-align: var(--text-align);\">18. San Miguel Pan\u00e1n<br><\/span><span style=\"color: initial; text-align: var(--text-align);\">19. San Pablo Jocopilas<\/span><\/p><h4><span style=\"color: initial; text-align: var(--text-align);\">SAN MARCOS&nbsp;<\/span><\/h4><p>20. Concepci\u00f3n Tutuapa<br><span style=\"color: initial; text-align: var(--text-align);\">21. Catarina<br><\/span><span style=\"color: initial; text-align: var(--text-align);\">22. La Reforma<br><\/span><span style=\"color: initial; text-align: var(--text-align);\">23. Pajapita<br><\/span><span style=\"color: initial; text-align: var(--text-align);\">24. Esquipulas Palo Gordo<br><\/span><span style=\"color: initial; text-align: var(--text-align);\">25. Tejutla<br><\/span><span style=\"color: initial; text-align: var(--text-align);\">26. San Jos\u00e9 Ojetenam<br><\/span><span style=\"color: initial; text-align: var(--text-align);\">27. San Rafael Pie de la Cuesta<br><\/span><span style=\"color: initial; text-align: var(--text-align);\">28. Sibinal<br><\/span><span style=\"color: initial; text-align: var(--text-align);\">29. Ixchigu\u00e1n<br><\/span><span style=\"color: initial; text-align: var(--text-align);\">30. Nuevo Progreso<br><\/span><span style=\"color: initial; text-align: var(--text-align);\">31. San Pablo<\/span><\/p><p><br><\/p><h4>QUETZALTENANGO&nbsp;<\/h4><p>32. Coatepeque<br><span style=\"color: initial; text-align: var(--text-align);\">33. Cabric\u00e1n<br><\/span><span style=\"color: initial; text-align: var(--text-align);\">34. Salcaj\u00e1<br><\/span><span style=\"color: initial; text-align: var(--text-align);\">35. Flores Costa Cuca<br><\/span><span style=\"color: initial; text-align: var(--text-align);\">36. Colomba Costa Cuca<br><\/span><span style=\"color: initial; text-align: var(--text-align);\">37. G\u00e9nova Costa Cuca<br><\/span><span style=\"color: initial; text-align: var(--text-align);\">38. Sibilia<\/span><\/p><p><br><\/p><h4>SANTA ROSA&nbsp;<\/h4><p>39. Cuilapa<br><span style=\"color: initial; text-align: var(--text-align);\">40. Pueblo Nuevo Vi\u00f1as<br><\/span><span style=\"color: initial; text-align: var(--text-align);\">41. San Juan Tecuaco<br><\/span><span style=\"color: initial; text-align: var(--text-align);\">42. Taxisco<br><\/span><span style=\"color: initial; text-align: var(--text-align);\">43. Santa Mar\u00eda Ixhuat\u00e1n<br><\/span><span style=\"color: initial; text-align: var(--text-align);\">44. Santa Cruz Naranjo<br><\/span><span style=\"color: initial; text-align: var(--text-align);\">45. Nueva Santa Rosa<br><\/span><span style=\"color: initial; text-align: var(--text-align);\">46. Chiquimulilla<br><\/span><span style=\"color: initial; text-align: var(--text-align);\">47. Barberena<br><\/span><span style=\"color: initial; text-align: var(--text-align);\">48. Oratorio<\/span><\/p><p><br><\/p><h4>SOLOL\u00c1&nbsp;<\/h4><p>49. San Antonio Palop\u00f3<br><span style=\"color: initial; text-align: var(--text-align);\">50. San Jos\u00e9 Chacay\u00e1<br><\/span><span style=\"color: initial; text-align: var(--text-align);\">51. Solol\u00e1<br><\/span><span style=\"color: initial; text-align: var(--text-align);\">52. Panajachel<\/span><\/p><p><br><\/p><h4>TOTONICAP\u00c1N&nbsp;<\/h4><p>53. Santa Mar\u00eda Chiquimula<br><span style=\"color: initial; text-align: var(--text-align);\">54. Totonicap\u00e1n<br><\/span><span style=\"color: initial; text-align: var(--text-align);\">55. San Crist\u00f3bal<br><\/span><span style=\"color: initial; text-align: var(--text-align);\">56. San Francisco El Alto<br><\/span><span style=\"color: initial; text-align: var(--text-align);\">57. Santa Lucia La Reforma<br><\/span><span style=\"color: initial; text-align: var(--text-align);\">58. San Andr\u00e9s Xecul<br><\/span><span style=\"color: initial; text-align: var(--text-align);\">59. San Bartolo Aguas Calientes<\/span><\/p><p><br><\/p><h4>CHIMALTENANGO&nbsp;<\/h4><p>60. San Mart\u00edn Jilotepeque<br><span style=\"color: initial; text-align: var(--text-align);\">61. San Andr\u00e9s Itzapa<br><\/span><span style=\"color: initial; text-align: var(--text-align);\">62. Parramos<br><\/span><span style=\"color: initial; text-align: var(--text-align);\">63. Santa Apolonia<\/span><\/p><p><br><\/p><h4>SACATEP\u00c9QUEZ&nbsp;<\/h4><p>64. Antigua Guatemala<br><span style=\"color: initial; text-align: var(--text-align);\">65. Santa Catarina Barahona<br><\/span><span style=\"color: initial; text-align: var(--text-align);\">66. Jocotenango<\/span><\/p><p><br><\/p><h4>QUICH\u00c9&nbsp;<\/h4><p>67. Santa Cruz del Quich\u00e9<br><span style=\"color: initial; text-align: var(--text-align);\">68. Chich\u00e9<br><\/span><span style=\"color: initial; text-align: var(--text-align);\">69. Chinique de Las Flores<br><\/span><span style=\"color: initial; text-align: var(--text-align);\">70. San Pedro Jocopilas<br><\/span><span style=\"color: initial; text-align: var(--text-align);\">71. Patzit\u00e9<br><\/span><span style=\"color: initial; text-align: var(--text-align);\">72. Pachalum<br><\/span><span style=\"color: initial; text-align: var(--text-align);\">73. Uspant\u00e1n<br><\/span><span style=\"color: initial; text-align: var(--text-align);\">74. San Bartolom\u00e9 Jocotenango<br><\/span><span style=\"color: initial; text-align: var(--text-align);\">75. Playa Grande Ixcan<\/span><\/p><h4><span style=\"color: initial; text-align: var(--text-align);\">EL PROGRESO&nbsp;<\/span><\/h4><p>76. Sanarate<br><span style=\"color: initial; text-align: var(--text-align);\">77. Sansare<br><\/span><span style=\"color: initial; text-align: var(--text-align);\">78. El J\u00edcaro<br><\/span><span style=\"color: initial; text-align: var(--text-align);\">79. Guastatoya<br><\/span><span style=\"color: initial; text-align: var(--text-align);\">80. San Antonio La Paz<br><\/span><span style=\"color: initial; text-align: var(--text-align);\">81. Moraz\u00e1n<br><\/span><span style=\"color: initial; text-align: var(--text-align);\">82. San Crist\u00f3bal Acasaguastl\u00e1n<br><\/span><span style=\"color: initial; text-align: var(--text-align);\">83. San Agust\u00edn Acasaguastl\u00e1n<\/span><\/p><h4><span style=\"color: initial; text-align: var(--text-align);\">CHIQUIMULA&nbsp;<\/span><\/h4><p>84. Ipala<br><span style=\"color: initial; text-align: var(--text-align);\">85. San Jacinto<br><\/span><span style=\"color: initial; text-align: var(--text-align);\">86. Esquipulas<br><\/span><span style=\"color: initial; text-align: var(--text-align);\">87. Quezaltepeque<br><\/span><span style=\"color: initial; text-align: var(--text-align);\">88. Concepci\u00f3n Las Minas<br><\/span><span style=\"color: initial; text-align: var(--text-align);\">89. San Jos\u00e9 La Arada<br><\/span><span style=\"color: initial; text-align: var(--text-align);\">90. Chiquimula<br><\/span><span style=\"color: initial; text-align: var(--text-align);\">91. Jocot\u00e1n<br><\/span><span style=\"color: initial; text-align: var(--text-align);\">92. San Juan Ermita<br><\/span><span style=\"color: initial; text-align: var(--text-align);\">93. Camot\u00e1n<br><\/span><span style=\"color: initial; text-align: var(--text-align);\">94. Olopa<\/span><\/p><h4><span style=\"color: initial; text-align: var(--text-align);\">ZACAPA&nbsp;<\/span><\/h4><p>95. Usumatl\u00e1n<br><span style=\"color: initial; text-align: var(--text-align);\">96. Zacapa<br><\/span><span style=\"color: initial; text-align: var(--text-align);\">97. Teculut\u00e1n<br><\/span><span style=\"color: initial; text-align: var(--text-align);\">98. Estanzuela<br><\/span><span style=\"color: initial; text-align: var(--text-align);\">99. La Uni\u00f3n<br><\/span><span style=\"color: initial; text-align: var(--text-align);\">100. San Jorge<br><\/span><span style=\"color: initial; text-align: var(--text-align);\">101. R\u00edo Hondo<br><\/span><span style=\"color: initial; text-align: var(--text-align);\">102. Gual\u00e1n<\/span><\/p><p><br><\/p><h4>JALAPA&nbsp;<\/h4><p>103. San Manuel Chaparr\u00f3n<br><span style=\"color: initial; text-align: var(--text-align);\">104. San Carlos Alzatate<br><\/span><span style=\"color: initial; text-align: var(--text-align);\">105. San Pedro Pinula<br><\/span><span style=\"color: initial; text-align: var(--text-align);\">106. Mataquescuintla<br><\/span><span style=\"color: initial; text-align: var(--text-align);\">107. Jalapa<br><\/span><span style=\"color: initial; text-align: var(--text-align);\">108. Monjas<br><\/span><span style=\"color: initial; text-align: var(--text-align);\">109. San Luis Jilotepeque<\/span><\/p><h4><span style=\"color: initial; text-align: var(--text-align);\">IZABAL&nbsp;<\/span><\/h4><p>110. Puerto Barrios<br><span style=\"color: initial; text-align: var(--text-align);\">111. Los Amates<br><\/span><span style=\"color: initial; text-align: var(--text-align);\">112. Livingston<br><\/span><span style=\"color: initial; text-align: var(--text-align);\">113. El Estor<\/span><\/p><p><br><\/p><h4>GUATEMALA&nbsp;<\/h4><p>114. San Miguel Petapa<br><span style=\"color: initial; text-align: var(--text-align);\">115. Amatitl\u00e1n<br><\/span><span style=\"color: initial; text-align: var(--text-align);\">116. Villa Nueva<br><\/span><span style=\"color: initial; text-align: var(--text-align);\">117. San Pedro Ayamp\u00fa<br><\/span><span style=\"color: initial; text-align: var(--text-align);\">118. Villa Canales<br><\/span><span style=\"color: initial; text-align: var(--text-align);\">119. Santa Catarina Pinula<br><\/span><span style=\"color: initial; text-align: var(--text-align);\">120. San Juan Sacatep\u00e9quez<\/span><\/p><h4><span style=\"color: initial; text-align: var(--text-align);\">BAJA VERAPAZ&nbsp;<\/span><\/h4><p>121. Santa Cruz El Chol<br><span style=\"color: initial; text-align: var(--text-align);\">122. Granados<br><\/span><span style=\"color: initial; text-align: var(--text-align);\">123. Cubulco<br><\/span><span style=\"color: initial; text-align: var(--text-align);\">124. San Jer\u00f3nimo<br><\/span><span style=\"color: initial; text-align: var(--text-align);\">125. Salam\u00e1<br><\/span><span style=\"color: initial; text-align: var(--text-align);\">126. Purulh\u00e1<\/span><\/p><h4><span style=\"color: initial; text-align: var(--text-align);\">PET\u00c9N&nbsp;<\/span><\/h4><p>127. San Andr\u00e9s<br><span style=\"color: initial; text-align: var(--text-align);\">128. Flores<br><\/span><span style=\"color: initial; text-align: var(--text-align);\">129. San Francisco<br><\/span><span style=\"color: initial; text-align: var(--text-align);\">130. San Benito<br><\/span><span style=\"color: initial; text-align: var(--text-align);\">131. Santa Ana<br><\/span><span style=\"color: initial; text-align: var(--text-align);\">132. El Chal<br><\/span><span style=\"color: initial; text-align: var(--text-align);\">133. Popt\u00fan<\/span><\/p><h4><span style=\"color: initial; text-align: var(--text-align);\">JUTIAPA&nbsp;<\/span><\/h4><p>134. El Progreso<br><span style=\"color: initial; text-align: var(--text-align);\">135. Pasaco<br><\/span><span style=\"color: initial; text-align: var(--text-align);\">136. Yupiltepeque<br><\/span><span style=\"color: initial; text-align: var(--text-align);\">137. Asunci\u00f3n Mita<br><\/span><span style=\"color: initial; text-align: var(--text-align);\">138. Agua Blanca<br><\/span><span style=\"color: initial; text-align: var(--text-align);\">139. Comapa<br><\/span><span style=\"color: initial; text-align: var(--text-align);\">140. Zapotitl\u00e1n<br><\/span><span style=\"color: initial; text-align: var(--text-align);\">141. Jerez<\/span><\/p><h4><span style=\"color: initial; text-align: var(--text-align);\">ALTA VERAPAZ&nbsp;<\/span><\/h4><p>142. San Juan Chamelco<br><span style=\"color: initial; text-align: var(--text-align);\">143. San Pedro Carch\u00e1<br><\/span><span style=\"color: initial; text-align: var(--text-align);\">144. Cob\u00e1n<br><\/span><span style=\"color: initial; text-align: var(--text-align);\">145. Raxruh\u00e1<\/span><\/p><h4><span style=\"color: initial; text-align: var(--text-align);\">HUEHUETENANGO&nbsp;<\/span><\/h4><p>146. San Rafael Petzal<br><span style=\"color: initial; text-align: var(--text-align);\">147. Huehuetenango<br><\/span><span style=\"color: initial; text-align: var(--text-align);\">148. San Rafael La Independencia<br><\/span><span style=\"color: initial; text-align: var(--text-align);\">149. Colotenango<\/span><\/p><h4><span style=\"color: initial; text-align: var(--text-align);\">RETALHULEU&nbsp;<\/span><\/h4><p>150. San Felipe<\/p>\t\t\t\t\t\t\t\t<\/div>\n\t\t\t\t\t<\/div>\n\t\t\t\t<\/div>\n\t\t<div data-particle_enable=\"false\" data-particle-mobile-disabled=\"false\" class=\"elementor-element elementor-element-e41b79b e-flex e-con-boxed e-con e-parent\" data-id=\"e41b79b\" data-element_type=\"container\" data-e-type=\"container\">\n\t\t\t\t\t<div class=\"e-con-inner\">\n\t\t\t\t<div class=\"elementor-element elementor-element-c78f3ce elementor-widget elementor-widget-image\" data-id=\"c78f3ce\" data-element_type=\"widget\" data-e-type=\"widget\" data-widget_type=\"image.default\">\n\t\t\t\t\t\t\t\t\t\t\t\t\t\t\t<img fetchpriority=\"high\" decoding=\"async\" width=\"698\" height=\"1024\" src=\"https:\/\/soymigrante.com\/revista\/wp-content\/uploads\/2024\/09\/ixcan-698x1024.webp\" class=\"attachment-large size-large wp-image-9716\" alt=\"Promoci\u00f3n de derechos de migrantes guatemaltecos en EE.UU., apoyo a TPS, migraci\u00f3n y comunidad, derechos humanos, pol\u00edticas migratorias y redes de apoyo para migrantes en Estados Unidos.\" srcset=\"https:\/\/soymigrante.com\/revista\/wp-content\/uploads\/2024\/09\/ixcan-698x1024.webp 698w, https:\/\/soymigrante.com\/revista\/wp-content\/uploads\/2024\/09\/ixcan-205x300.webp 205w, https:\/\/soymigrante.com\/revista\/wp-content\/uploads\/2024\/09\/ixcan-768x1127.webp 768w, https:\/\/soymigrante.com\/revista\/wp-content\/uploads\/2024\/09\/ixcan-750x1100.webp 750w, https:\/\/soymigrante.com\/revista\/wp-content\/uploads\/2024\/09\/ixcan.webp 1041w\" sizes=\"(max-width: 698px) 100vw, 698px\" title=\"ixcan apoyo tps \u2013 SoyMigrante.com REVISTA\" \/>\t\t\t\t\t\t\t\t\t\t\t\t\t\t\t<\/div>\n\t\t\t\t\t<\/div>\n\t\t\t\t<\/div>\n\t\t<div data-particle_enable=\"false\" data-particle-mobile-disabled=\"false\" class=\"elementor-element elementor-element-cbb2725 e-flex e-con-boxed e-con e-parent\" data-id=\"cbb2725\" data-element_type=\"container\" data-e-type=\"container\">\n\t\t\t\t\t<div class=\"e-con-inner\">\n\t\t\t\t<div class=\"elementor-element elementor-element-9917094 elementor-widget elementor-widget-button\" data-id=\"9917094\" data-element_type=\"widget\" data-e-type=\"widget\" data-widget_type=\"button.default\">\n\t\t\t\t\t\t\t\t\t\t<a class=\"elementor-button elementor-button-link elementor-size-sm\" href=\"https:\/\/docs.google.com\/forms\/d\/e\/1FAIpQLSdK4vy7OJ2z90WhzOwdLO9ow_BHSbg6QoafGhD_o7Tknrq6KQ\/viewform?usp=send_form%20\">\n\t\t\t\t\t\t<span class=\"elementor-button-content-wrapper\">\n\t\t\t\t\t\t\t\t\t<span class=\"elementor-button-text\">Si eres guatemalteco residente en EE.UU. y deseas sumarte a la petici\u00f3n del Movimiento TPS Guatemalteco, de clic en este bot\u00f3n.<\/span>\n\t\t\t\t\t<\/span>\n\t\t\t\t\t<\/a>\n\t\t\t\t\t\t\t\t<\/div>\n\t\t\t\t\t<\/div>\n\t\t\t\t<\/div>\n\t\t<div data-particle_enable=\"false\" data-particle-mobile-disabled=\"false\" class=\"elementor-element elementor-element-e284cdf e-flex e-con-boxed e-con e-parent\" data-id=\"e284cdf\" data-element_type=\"container\" data-e-type=\"container\">\n\t\t\t\t\t<div class=\"e-con-inner\">\n\t\t\t\t<div class=\"elementor-element elementor-element-2e718ff elementor-widget elementor-widget-heading\" data-id=\"2e718ff\" data-element_type=\"widget\" data-e-type=\"widget\" data-widget_type=\"heading.default\">\n\t\t\t\t\t<h3 class=\"elementor-heading-title elementor-size-default\"><a href=\"https:\/\/soymigrante.com\/revista\/tps-para-guatemala-que-es-y-que-falta-para-que-sea-otorgado\/\">Un mensaje un\u00e1nime a favor del TPS<\/a><\/h3>\t\t\t\t<\/div>\n\t\t\t\t\t<\/div>\n\t\t\t\t<\/div>\n\t\t<div data-particle_enable=\"false\" data-particle-mobile-disabled=\"false\" class=\"elementor-element elementor-element-54308b9 e-flex e-con-boxed e-con e-parent\" data-id=\"54308b9\" data-element_type=\"container\" data-e-type=\"container\">\n\t\t\t\t\t<div class=\"e-con-inner\">\n\t\t\t\t<div class=\"elementor-element elementor-element-e0a3a15 elementor-widget elementor-widget-text-editor\" data-id=\"e0a3a15\" data-element_type=\"widget\" data-e-type=\"widget\" data-widget_type=\"text-editor.default\">\n\t\t\t\t\t\t\t\t\t<p>Las cartas de las alcald\u00edas expresan estar conscientes de la necesidad que los connacionales guatemaltecos en la Uni\u00f3n Americana gocen de prerrogativas humanas dignas. Piden el derecho a un trabajo digno, sobre todo porque Estados Unidos posee una herramienta id\u00f3nea, la declaratoria de <a href=\"https:\/\/soymigrante.com\/revista\/tps-para-guatemala-que-es-y-que-falta-para-que-sea-otorgado\/\">TPS<\/a>.<\/p><p>Respaldan el llamado con base en el desplazamiento migratorio obligado por necesidades econ\u00f3micas y sociales de sobrevivencia. Y en cada carta se enfatiza el &#8220;total respaldo a la campa\u00f1a para lograr en el corto plazo el beneficio de un Estatus de Protecci\u00f3n Temporal&#8221;.<\/p>\t\t\t\t\t\t\t\t<\/div>\n\t\t\t\t\t<\/div>\n\t\t\t\t<\/div>\n\t\t<div data-particle_enable=\"false\" data-particle-mobile-disabled=\"false\" class=\"elementor-element elementor-element-e2bd7de e-flex e-con-boxed e-con e-parent\" data-id=\"e2bd7de\" data-element_type=\"container\" data-e-type=\"container\">\n\t\t\t\t\t<div class=\"e-con-inner\">\n\t\t\t\t<div class=\"elementor-element elementor-element-71229be elementor-widget elementor-widget-heading\" data-id=\"71229be\" data-element_type=\"widget\" data-e-type=\"widget\" data-widget_type=\"heading.default\">\n\t\t\t\t\t<h4 class=\"elementor-heading-title elementor-size-default\">Actualizaci\u00f3n de avances del Movimiento TPS Guatemalteco<\/h4>\t\t\t\t<\/div>\n\t\t\t\t\t<\/div>\n\t\t\t\t<\/div>\n\t\t<div data-particle_enable=\"false\" data-particle-mobile-disabled=\"false\" class=\"elementor-element elementor-element-b851a6e e-flex e-con-boxed e-con e-parent\" data-id=\"b851a6e\" data-element_type=\"container\" data-e-type=\"container\">\n\t\t\t\t\t<div class=\"e-con-inner\">\n\t\t\t\t<div class=\"elementor-element elementor-element-516711c elementor-widget elementor-widget-video\" data-id=\"516711c\" data-element_type=\"widget\" data-e-type=\"widget\" data-settings=\"{&quot;youtube_url&quot;:&quot;https:\\\/\\\/www.youtube.com\\\/watch?v=9uhIP39kRfk&quot;,&quot;start&quot;:403,&quot;video_type&quot;:&quot;youtube&quot;,&quot;controls&quot;:&quot;yes&quot;}\" data-widget_type=\"video.default\">\n\t\t\t\t\t\t\t<div class=\"elementor-wrapper elementor-open-inline\">\n\t\t\t<div class=\"elementor-video\"><\/div>\t\t<\/div>\n\t\t\t\t\t\t<\/div>\n\t\t\t\t\t<\/div>\n\t\t\t\t<\/div>\n\t\t<div data-particle_enable=\"false\" data-particle-mobile-disabled=\"false\" class=\"elementor-element elementor-element-7b47d74 e-flex e-con-boxed e-con e-parent\" data-id=\"7b47d74\" data-element_type=\"container\" data-e-type=\"container\">\n\t\t\t\t\t<div class=\"e-con-inner\">\n\t\t\t\t<div class=\"elementor-element elementor-element-f53493f elementor-widget elementor-widget-heading\" data-id=\"f53493f\" data-element_type=\"widget\" data-e-type=\"widget\" data-widget_type=\"heading.default\">\n\t\t\t\t\t<h3 class=\"elementor-heading-title elementor-size-default\"><a href=\"https:\/\/soymigrante.com\/revista\/tps-para-guatemala-que-es-y-que-falta-para-que-sea-otorgado\/\">Algunas cartas a favor del TPS Guatemalteco enviadas a la Red Migrante Guatemalteca<\/a><\/h3>\t\t\t\t<\/div>\n\t\t\t\t\t<\/div>\n\t\t\t\t<\/div>\n\t\t<div data-particle_enable=\"false\" data-particle-mobile-disabled=\"false\" class=\"elementor-element elementor-element-7840536 e-flex e-con-boxed e-con e-parent\" data-id=\"7840536\" data-element_type=\"container\" data-e-type=\"container\">\n\t\t\t\t\t<div class=\"e-con-inner\">\n\t\t\t\t<div class=\"elementor-element elementor-element-6e87f98 elementor-widget elementor-widget-image-gallery\" data-id=\"6e87f98\" data-element_type=\"widget\" data-e-type=\"widget\" data-widget_type=\"image-gallery.default\">\n\t\t\t\t\t\t\t<div class=\"elementor-image-gallery\">\n\t\t\t<div id='gallery-1' class='gallery galleryid-7357 gallery-columns-1 gallery-size-large'><figure class='gallery-item'>\n\t\t\t<div class='gallery-icon portrait'>\n\t\t\t\t<a data-elementor-open-lightbox=\"yes\" data-elementor-lightbox-slideshow=\"6e87f98\" data-elementor-lightbox-title=\"TPS alcaldias solicitan beneficio para Guatemaltecos radicados en EE UU-\" data-elementor-lightbox-description=\"Imagen: Carta formal de la Municipalidad de Sibilia, Quetzaltenango, dirigida al Ministerio de Relaciones Exteriores de Guatemala, solicitando apoyo para la campa\u00f1a de protecci\u00f3n temporal de migrantes guatemaltecos en Estados Unidos.\" data-e-action-hash=\"#elementor-action%3Aaction%3Dlightbox%26settings%3DeyJpZCI6NzM2MSwidXJsIjoiaHR0cHM6XC9cL3NveW1pZ3JhbnRlLmNvbVwvcmV2aXN0YVwvd3AtY29udGVudFwvdXBsb2Fkc1wvMjAyNFwvMDdcL1RQUy1hbGNhbGRpYXMtc29saWNpdGFuLWJlbmVmaWNpby1wYXJhLUd1YXRlbWFsdGVjb3MtcmFkaWNhZG9zLWVuLUVFLTIud2VicCIsInNsaWRlc2hvdyI6IjZlODdmOTgifQ%3D%3D\" href='https:\/\/soymigrante.com\/revista\/wp-content\/uploads\/2024\/07\/TPS-alcaldias-solicitan-beneficio-para-Guatemaltecos-radicados-en-EE-2.webp'><img decoding=\"async\" width=\"768\" height=\"976\" src=\"https:\/\/soymigrante.com\/revista\/wp-content\/uploads\/2024\/07\/TPS-alcaldias-solicitan-beneficio-para-Guatemaltecos-radicados-en-EE-2-806x1024.webp\" class=\"attachment-large size-large\" alt=\"Archivo: revista-soymigrante-municipalidad-sibilia-2024.jpg.\" aria-describedby=\"gallery-1-7361\" srcset=\"https:\/\/soymigrante.com\/revista\/wp-content\/uploads\/2024\/07\/TPS-alcaldias-solicitan-beneficio-para-Guatemaltecos-radicados-en-EE-2-806x1024.webp 806w, https:\/\/soymigrante.com\/revista\/wp-content\/uploads\/2024\/07\/TPS-alcaldias-solicitan-beneficio-para-Guatemaltecos-radicados-en-EE-2-236x300.webp 236w, https:\/\/soymigrante.com\/revista\/wp-content\/uploads\/2024\/07\/TPS-alcaldias-solicitan-beneficio-para-Guatemaltecos-radicados-en-EE-2-768x975.webp 768w, https:\/\/soymigrante.com\/revista\/wp-content\/uploads\/2024\/07\/TPS-alcaldias-solicitan-beneficio-para-Guatemaltecos-radicados-en-EE-2-750x952.webp 750w, https:\/\/soymigrante.com\/revista\/wp-content\/uploads\/2024\/07\/TPS-alcaldias-solicitan-beneficio-para-Guatemaltecos-radicados-en-EE-2.webp 1012w\" sizes=\"(max-width: 768px) 100vw, 768px\" title=\"TPS alcaldias solicitan beneficio para Guatemaltecos radicados en EE UU- \u2013 SoyMigrante.com REVISTA\" \/><\/a>\n\t\t\t<\/div>\n\t\t\t\t<figcaption class='wp-caption-text gallery-caption' id='gallery-1-7361'>\n\t\t\t\tTexto alternativo: Documento oficial de la municipalidad de Sibilia, Quetzaltenango, Guatemala, relacionado con gesti\u00f3n administrativa, derechos migratorios y protecci\u00f3n temporal para connacionales.\n\t\t\t\t<\/figcaption><\/figure><figure class='gallery-item'>\n\t\t\t<div class='gallery-icon portrait'>\n\t\t\t\t<a data-elementor-open-lightbox=\"yes\" data-elementor-lightbox-slideshow=\"6e87f98\" data-elementor-lightbox-title=\"TPS alcaldias solicitan beneficio para Guatemaltecos radicados en EE UU-\" data-elementor-lightbox-description=\"TPS alcaldias solicitan beneficio para Guatemaltecos radicados en EE UU-\" data-e-action-hash=\"#elementor-action%3Aaction%3Dlightbox%26settings%3DeyJpZCI6NzM2MiwidXJsIjoiaHR0cHM6XC9cL3NveW1pZ3JhbnRlLmNvbVwvcmV2aXN0YVwvd3AtY29udGVudFwvdXBsb2Fkc1wvMjAyNFwvMDdcL1RQUy1hbGNhbGRpYXMtc29saWNpdGFuLWJlbmVmaWNpby1wYXJhLUd1YXRlbWFsdGVjb3MtcmFkaWNhZG9zLWVuLUVFLTMud2VicCIsInNsaWRlc2hvdyI6IjZlODdmOTgifQ%3D%3D\" href='https:\/\/soymigrante.com\/revista\/wp-content\/uploads\/2024\/07\/TPS-alcaldias-solicitan-beneficio-para-Guatemaltecos-radicados-en-EE-3.webp'><img decoding=\"async\" width=\"648\" height=\"1024\" src=\"https:\/\/soymigrante.com\/revista\/wp-content\/uploads\/2024\/07\/TPS-alcaldias-solicitan-beneficio-para-Guatemaltecos-radicados-en-EE-3-648x1024.webp\" class=\"attachment-large size-large\" alt=\"Carta oficial de la Municipalidad de Cuilapa solicitando apoyo para la campa\u00f1a de protecci\u00f3n temporal a migrantes guatemaltecos. Documento formal que refleja acciones gubernamentales en materia migratoria y derechos humanos.\" aria-describedby=\"gallery-1-7362\" srcset=\"https:\/\/soymigrante.com\/revista\/wp-content\/uploads\/2024\/07\/TPS-alcaldias-solicitan-beneficio-para-Guatemaltecos-radicados-en-EE-3-648x1024.webp 648w, https:\/\/soymigrante.com\/revista\/wp-content\/uploads\/2024\/07\/TPS-alcaldias-solicitan-beneficio-para-Guatemaltecos-radicados-en-EE-3-190x300.webp 190w, https:\/\/soymigrante.com\/revista\/wp-content\/uploads\/2024\/07\/TPS-alcaldias-solicitan-beneficio-para-Guatemaltecos-radicados-en-EE-3.webp 663w\" sizes=\"(max-width: 648px) 100vw, 648px\" title=\"TPS alcaldias solicitan beneficio para Guatemaltecos radicados en EE UU- \u2013 SoyMigrante.com REVISTA\" \/><\/a>\n\t\t\t<\/div>\n\t\t\t\t<figcaption class='wp-caption-text gallery-caption' id='gallery-1-7362'>\n\t\t\t\tCarta institucional de la Municipalidad de Cuilapa solicitando apoyo para derechos migratorios y protecci\u00f3n temporal de connacionales en Estados Unidos.\n\t\t\t\t<\/figcaption><\/figure><figure class='gallery-item'>\n\t\t\t<div class='gallery-icon portrait'>\n\t\t\t\t<a data-elementor-open-lightbox=\"yes\" data-elementor-lightbox-slideshow=\"6e87f98\" data-elementor-lightbox-title=\"TPS alcaldias solicitan beneficio para Guatemaltecos radicados en EE UU-\" data-elementor-lightbox-description=\"Art\u00edculo sobre la importancia del TPS para migrantes guatemaltecos en EE.UU., resaltando la protecci\u00f3n de derechos y la integraci\u00f3n social en la contexto migratorio.\" data-e-action-hash=\"#elementor-action%3Aaction%3Dlightbox%26settings%3DeyJpZCI6NzM2MywidXJsIjoiaHR0cHM6XC9cL3NveW1pZ3JhbnRlLmNvbVwvcmV2aXN0YVwvd3AtY29udGVudFwvdXBsb2Fkc1wvMjAyNFwvMDdcL1RQUy1hbGNhbGRpYXMtc29saWNpdGFuLWJlbmVmaWNpby1wYXJhLUd1YXRlbWFsdGVjb3MtcmFkaWNhZG9zLWVuLUVFLTQud2VicCIsInNsaWRlc2hvdyI6IjZlODdmOTgifQ%3D%3D\" href='https:\/\/soymigrante.com\/revista\/wp-content\/uploads\/2024\/07\/TPS-alcaldias-solicitan-beneficio-para-Guatemaltecos-radicados-en-EE-4.webp'><img loading=\"lazy\" decoding=\"async\" width=\"717\" height=\"1024\" src=\"https:\/\/soymigrante.com\/revista\/wp-content\/uploads\/2024\/07\/TPS-alcaldias-solicitan-beneficio-para-Guatemaltecos-radicados-en-EE-4-717x1024.webp\" class=\"attachment-large size-large\" alt=\"Estatuto de protecci\u00f3n temporal TPS para migrantes en EE.UU. destacado en SoyMigrante.com REVISTA.\" aria-describedby=\"gallery-1-7363\" srcset=\"https:\/\/soymigrante.com\/revista\/wp-content\/uploads\/2024\/07\/TPS-alcaldias-solicitan-beneficio-para-Guatemaltecos-radicados-en-EE-4-717x1024.webp 717w, https:\/\/soymigrante.com\/revista\/wp-content\/uploads\/2024\/07\/TPS-alcaldias-solicitan-beneficio-para-Guatemaltecos-radicados-en-EE-4-210x300.webp 210w, https:\/\/soymigrante.com\/revista\/wp-content\/uploads\/2024\/07\/TPS-alcaldias-solicitan-beneficio-para-Guatemaltecos-radicados-en-EE-4-768x1097.webp 768w, https:\/\/soymigrante.com\/revista\/wp-content\/uploads\/2024\/07\/TPS-alcaldias-solicitan-beneficio-para-Guatemaltecos-radicados-en-EE-4-1076x1536.webp 1076w, https:\/\/soymigrante.com\/revista\/wp-content\/uploads\/2024\/07\/TPS-alcaldias-solicitan-beneficio-para-Guatemaltecos-radicados-en-EE-4-750x1071.webp 750w, https:\/\/soymigrante.com\/revista\/wp-content\/uploads\/2024\/07\/TPS-alcaldias-solicitan-beneficio-para-Guatemaltecos-radicados-en-EE-4.webp 1080w\" sizes=\"(max-width: 717px) 100vw, 717px\" title=\"TPS alcaldias solicitan beneficio para Guatemaltecos radicados en EE UU- \u2013 SoyMigrante.com REVISTA\" \/><\/a>\n\t\t\t<\/div>\n\t\t\t\t<figcaption class='wp-caption-text gallery-caption' id='gallery-1-7363'>\n\t\t\t\tCampa\u00f1a migratoria para obtener el Estatuto de Protecci\u00f3n Temporal (TPS) en EE.UU. por residentes guatemaltecos.\n\t\t\t\t<\/figcaption><\/figure><figure class='gallery-item'>\n\t\t\t<div class='gallery-icon portrait'>\n\t\t\t\t<a data-elementor-open-lightbox=\"yes\" data-elementor-lightbox-slideshow=\"6e87f98\" data-elementor-lightbox-title=\"TPS alcaldias solicitan beneficio para Guatemaltecos radicados en EE UU-\" data-elementor-lightbox-description=\"Documento de la Municipalidad de Sipacate en Guatemala que apoya la campa\u00f1a migratoria y el estatus de protecci\u00f3n temporal para ciudadanos guatemaltecos en Estados Unidos, firmado por el alcalde.\" data-e-action-hash=\"#elementor-action%3Aaction%3Dlightbox%26settings%3DeyJpZCI6NzM2NCwidXJsIjoiaHR0cHM6XC9cL3NveW1pZ3JhbnRlLmNvbVwvcmV2aXN0YVwvd3AtY29udGVudFwvdXBsb2Fkc1wvMjAyNFwvMDdcL1RQUy1hbGNhbGRpYXMtc29saWNpdGFuLWJlbmVmaWNpby1wYXJhLUd1YXRlbWFsdGVjb3MtcmFkaWNhZG9zLWVuLUVFLTUud2VicCIsInNsaWRlc2hvdyI6IjZlODdmOTgifQ%3D%3D\" href='https:\/\/soymigrante.com\/revista\/wp-content\/uploads\/2024\/07\/TPS-alcaldias-solicitan-beneficio-para-Guatemaltecos-radicados-en-EE-5.webp'><img loading=\"lazy\" decoding=\"async\" width=\"768\" height=\"963\" src=\"https:\/\/soymigrante.com\/revista\/wp-content\/uploads\/2024\/07\/TPS-alcaldias-solicitan-beneficio-para-Guatemaltecos-radicados-en-EE-5-817x1024.webp\" class=\"attachment-large size-large\" alt=\"Derechos de migrantes y protecci\u00f3n temporal en Guatemala, documento oficial de la Municipalidad de Sipacate apoyando campa\u00f1as migratorias.\" aria-describedby=\"gallery-1-7364\" srcset=\"https:\/\/soymigrante.com\/revista\/wp-content\/uploads\/2024\/07\/TPS-alcaldias-solicitan-beneficio-para-Guatemaltecos-radicados-en-EE-5-817x1024.webp 817w, https:\/\/soymigrante.com\/revista\/wp-content\/uploads\/2024\/07\/TPS-alcaldias-solicitan-beneficio-para-Guatemaltecos-radicados-en-EE-5-239x300.webp 239w, https:\/\/soymigrante.com\/revista\/wp-content\/uploads\/2024\/07\/TPS-alcaldias-solicitan-beneficio-para-Guatemaltecos-radicados-en-EE-5-768x963.webp 768w, https:\/\/soymigrante.com\/revista\/wp-content\/uploads\/2024\/07\/TPS-alcaldias-solicitan-beneficio-para-Guatemaltecos-radicados-en-EE-5-750x940.webp 750w, https:\/\/soymigrante.com\/revista\/wp-content\/uploads\/2024\/07\/TPS-alcaldias-solicitan-beneficio-para-Guatemaltecos-radicados-en-EE-5.webp 1001w\" sizes=\"(max-width: 768px) 100vw, 768px\" title=\"TPS alcaldias solicitan beneficio para Guatemaltecos radicados en EE UU- \u2013 SoyMigrante.com REVISTA\" \/><\/a>\n\t\t\t<\/div>\n\t\t\t\t<figcaption class='wp-caption-text gallery-caption' id='gallery-1-7364'>\n\t\t\t\tCarta oficial de la Municipalidad de Sipacate destacando la importancia del apoyo a la protecci\u00f3n de derechos migratorios en Estados Unidos.\n\t\t\t\t<\/figcaption><\/figure><figure class='gallery-item'>\n\t\t\t<div class='gallery-icon portrait'>\n\t\t\t\t<a data-elementor-open-lightbox=\"yes\" data-elementor-lightbox-slideshow=\"6e87f98\" data-elementor-lightbox-title=\"TPS alcaldias solicitan beneficio para Guatemaltecos radicados en EE UU-\" data-elementor-lightbox-description=\"Documento de apoyo a guatemaltecos en Estados Unidos solicitando el estatus TPS, resaltando la importancia de la protecci\u00f3n migratoria y los derechos humanos, promoviendo la sensibilizaci\u00f3n sobre la situaci\u00f3n de los migrantes en Estados Unidos.\" data-e-action-hash=\"#elementor-action%3Aaction%3Dlightbox%26settings%3DeyJpZCI6NzM2NSwidXJsIjoiaHR0cHM6XC9cL3NveW1pZ3JhbnRlLmNvbVwvcmV2aXN0YVwvd3AtY29udGVudFwvdXBsb2Fkc1wvMjAyNFwvMDdcL1RQUy1hbGNhbGRpYXMtc29saWNpdGFuLWJlbmVmaWNpby1wYXJhLUd1YXRlbWFsdGVjb3MtcmFkaWNhZG9zLWVuLUVFLTYud2VicCIsInNsaWRlc2hvdyI6IjZlODdmOTgifQ%3D%3D\" href='https:\/\/soymigrante.com\/revista\/wp-content\/uploads\/2024\/07\/TPS-alcaldias-solicitan-beneficio-para-Guatemaltecos-radicados-en-EE-6.webp'><img loading=\"lazy\" decoding=\"async\" width=\"748\" height=\"1024\" src=\"https:\/\/soymigrante.com\/revista\/wp-content\/uploads\/2024\/07\/TPS-alcaldias-solicitan-beneficio-para-Guatemaltecos-radicados-en-EE-6-748x1024.webp\" class=\"attachment-large size-large\" alt=\"Guatemaltecos en Estados Unidos, protecci\u00f3n migratoria, TPS, derechos humanos, campa\u00f1a migratoria, comunidad guatemalteca, apoyo a migrantes, Estado de protecci\u00f3n temporal, inmigraci\u00f3n en EE.UU.\" aria-describedby=\"gallery-1-7365\" srcset=\"https:\/\/soymigrante.com\/revista\/wp-content\/uploads\/2024\/07\/TPS-alcaldias-solicitan-beneficio-para-Guatemaltecos-radicados-en-EE-6-748x1024.webp 748w, https:\/\/soymigrante.com\/revista\/wp-content\/uploads\/2024\/07\/TPS-alcaldias-solicitan-beneficio-para-Guatemaltecos-radicados-en-EE-6-219x300.webp 219w, https:\/\/soymigrante.com\/revista\/wp-content\/uploads\/2024\/07\/TPS-alcaldias-solicitan-beneficio-para-Guatemaltecos-radicados-en-EE-6-768x1052.webp 768w, https:\/\/soymigrante.com\/revista\/wp-content\/uploads\/2024\/07\/TPS-alcaldias-solicitan-beneficio-para-Guatemaltecos-radicados-en-EE-6-1121x1536.webp 1121w, https:\/\/soymigrante.com\/revista\/wp-content\/uploads\/2024\/07\/TPS-alcaldias-solicitan-beneficio-para-Guatemaltecos-radicados-en-EE-6-750x1027.webp 750w, https:\/\/soymigrante.com\/revista\/wp-content\/uploads\/2024\/07\/TPS-alcaldias-solicitan-beneficio-para-Guatemaltecos-radicados-en-EE-6-1140x1562.webp 1140w, https:\/\/soymigrante.com\/revista\/wp-content\/uploads\/2024\/07\/TPS-alcaldias-solicitan-beneficio-para-Guatemaltecos-radicados-en-EE-6.webp 1168w\" sizes=\"(max-width: 748px) 100vw, 748px\" title=\"TPS alcaldias solicitan beneficio para Guatemaltecos radicados en EE UU- \u2013 SoyMigrante.com REVISTA\" \/><\/a>\n\t\t\t<\/div>\n\t\t\t\t<figcaption class='wp-caption-text gallery-caption' id='gallery-1-7365'>\n\t\t\t\tGuatemaltecos en EE.UU. luchan por el Estatus de Protecci\u00f3n Temporal, apoyando derechos migratorios y humanitarios para una integraci\u00f3n segura y derechos fundamentales en Estados Unidos.\n\t\t\t\t<\/figcaption><\/figure><figure class='gallery-item'>\n\t\t\t<div class='gallery-icon portrait'>\n\t\t\t\t<a data-elementor-open-lightbox=\"yes\" data-elementor-lightbox-slideshow=\"6e87f98\" data-elementor-lightbox-title=\"TPS alcaldias solicitan beneficio para Guatemaltecos radicados en EE 7\" data-elementor-lightbox-description=\"Imagen de una carta oficial del alcalde de Nueva Santa Rosa, Guatemala, expresando respaldo a la comunidad migrante y sus derechos, destacada en SoyMigrante.com REVISTA.\" data-e-action-hash=\"#elementor-action%3Aaction%3Dlightbox%26settings%3DeyJpZCI6NzM2NiwidXJsIjoiaHR0cHM6XC9cL3NveW1pZ3JhbnRlLmNvbVwvcmV2aXN0YVwvd3AtY29udGVudFwvdXBsb2Fkc1wvMjAyNFwvMDdcL1RQUy1hbGNhbGRpYXMtc29saWNpdGFuLWJlbmVmaWNpby1wYXJhLUd1YXRlbWFsdGVjb3MtcmFkaWNhZG9zLWVuLUVFLTcud2VicCIsInNsaWRlc2hvdyI6IjZlODdmOTgifQ%3D%3D\" href='https:\/\/soymigrante.com\/revista\/wp-content\/uploads\/2024\/07\/TPS-alcaldias-solicitan-beneficio-para-Guatemaltecos-radicados-en-EE-7.webp'><img loading=\"lazy\" decoding=\"async\" width=\"604\" height=\"1024\" src=\"https:\/\/soymigrante.com\/revista\/wp-content\/uploads\/2024\/07\/TPS-alcaldias-solicitan-beneficio-para-Guatemaltecos-radicados-en-EE-7-604x1024.webp\" class=\"attachment-large size-large\" alt=\"Derechos migratorios y protecci\u00f3n temporal en Guatemala - carta de apoyo a connacionales en EE.UU. en revista SoyMigrante.com REVISTA.\" aria-describedby=\"gallery-1-7366\" srcset=\"https:\/\/soymigrante.com\/revista\/wp-content\/uploads\/2024\/07\/TPS-alcaldias-solicitan-beneficio-para-Guatemaltecos-radicados-en-EE-7-604x1024.webp 604w, https:\/\/soymigrante.com\/revista\/wp-content\/uploads\/2024\/07\/TPS-alcaldias-solicitan-beneficio-para-Guatemaltecos-radicados-en-EE-7-177x300.webp 177w, https:\/\/soymigrante.com\/revista\/wp-content\/uploads\/2024\/07\/TPS-alcaldias-solicitan-beneficio-para-Guatemaltecos-radicados-en-EE-7-768x1301.webp 768w, https:\/\/soymigrante.com\/revista\/wp-content\/uploads\/2024\/07\/TPS-alcaldias-solicitan-beneficio-para-Guatemaltecos-radicados-en-EE-7-750x1271.webp 750w, https:\/\/soymigrante.com\/revista\/wp-content\/uploads\/2024\/07\/TPS-alcaldias-solicitan-beneficio-para-Guatemaltecos-radicados-en-EE-7.webp 887w\" sizes=\"(max-width: 604px) 100vw, 604px\" title=\"TPS alcaldias solicitan beneficio para Guatemaltecos radicados en EE 7 \u2013 SoyMigrante.com REVISTA\" \/><\/a>\n\t\t\t<\/div>\n\t\t\t\t<figcaption class='wp-caption-text gallery-caption' id='gallery-1-7366'>\n\t\t\t\tDocumentaci\u00f3n oficial de apoyo a migrantes guatemaltecos que residen en Estados Unidos, enfatizando derechos humanos y protecci\u00f3n temporal, publicado en SoyMigrante.com REVISTA.\n\t\t\t\t<\/figcaption><\/figure><figure class='gallery-item'>\n\t\t\t<div class='gallery-icon portrait'>\n\t\t\t\t<a data-elementor-open-lightbox=\"yes\" data-elementor-lightbox-slideshow=\"6e87f98\" data-elementor-lightbox-title=\"TPS alcaldias solicitan beneficio para Guatemaltecos radicados en EE UU-\" data-elementor-lightbox-description=\"Permiso oficial de la Alcald\u00eda de La Gomera para la protecci\u00f3n temporal de migrantes guatemaltecos en Estados Unidos, firmado por el alcalde Hector Hugo Cardona Morales, resaltando el apoyo a residentes en EE.UU. y sus derechos migratorios.\" data-e-action-hash=\"#elementor-action%3Aaction%3Dlightbox%26settings%3DeyJpZCI6NzM2NywidXJsIjoiaHR0cHM6XC9cL3NveW1pZ3JhbnRlLmNvbVwvcmV2aXN0YVwvd3AtY29udGVudFwvdXBsb2Fkc1wvMjAyNFwvMDdcL1RQUy1hbGNhbGRpYXMtc29saWNpdGFuLWJlbmVmaWNpby1wYXJhLUd1YXRlbWFsdGVjb3MtcmFkaWNhZG9zLWVuLUVFLTgud2VicCIsInNsaWRlc2hvdyI6IjZlODdmOTgifQ%3D%3D\" href='https:\/\/soymigrante.com\/revista\/wp-content\/uploads\/2024\/07\/TPS-alcaldias-solicitan-beneficio-para-Guatemaltecos-radicados-en-EE-8.webp'><img loading=\"lazy\" decoding=\"async\" width=\"634\" height=\"844\" src=\"https:\/\/soymigrante.com\/revista\/wp-content\/uploads\/2024\/07\/TPS-alcaldias-solicitan-beneficio-para-Guatemaltecos-radicados-en-EE-8.webp\" class=\"attachment-large size-large\" alt=\"Documentaci\u00f3n oficial de la Alcald\u00eda de La Gomera solicitando permisos de protecci\u00f3n temporal para migrantes guatemaltecos en EE.UU. con firma del alcalde H\u00e9ctor Hugo Cardona Morales.\" aria-describedby=\"gallery-1-7367\" srcset=\"https:\/\/soymigrante.com\/revista\/wp-content\/uploads\/2024\/07\/TPS-alcaldias-solicitan-beneficio-para-Guatemaltecos-radicados-en-EE-8.webp 634w, https:\/\/soymigrante.com\/revista\/wp-content\/uploads\/2024\/07\/TPS-alcaldias-solicitan-beneficio-para-Guatemaltecos-radicados-en-EE-8-225x300.webp 225w\" sizes=\"(max-width: 634px) 100vw, 634px\" title=\"TPS alcaldias solicitan beneficio para Guatemaltecos radicados en EE UU- \u2013 SoyMigrante.com REVISTA\" \/><\/a>\n\t\t\t<\/div>\n\t\t\t\t<figcaption class='wp-caption-text gallery-caption' id='gallery-1-7367'>\n\t\t\t\tCarta oficial de apoyo migratorio dirigida a guatemaltecos en Estados Unidos.\n\t\t\t\t<\/figcaption><\/figure><figure class='gallery-item'>\n\t\t\t<div class='gallery-icon portrait'>\n\t\t\t\t<a data-elementor-open-lightbox=\"yes\" data-elementor-lightbox-slideshow=\"6e87f98\" data-elementor-lightbox-title=\"TPS alcaldias solicitan beneficio para Guatemaltecos radicados en EE UU-\" data-elementor-lightbox-description=\"TPS alcaldias solicitan beneficio para Guatemaltecos radicados en EE UU-\" data-e-action-hash=\"#elementor-action%3Aaction%3Dlightbox%26settings%3DeyJpZCI6NzM2OCwidXJsIjoiaHR0cHM6XC9cL3NveW1pZ3JhbnRlLmNvbVwvcmV2aXN0YVwvd3AtY29udGVudFwvdXBsb2Fkc1wvMjAyNFwvMDdcL1RQUy1hbGNhbGRpYXMtc29saWNpdGFuLWJlbmVmaWNpby1wYXJhLUd1YXRlbWFsdGVjb3MtcmFkaWNhZG9zLWVuLUVFLTkud2VicCIsInNsaWRlc2hvdyI6IjZlODdmOTgifQ%3D%3D\" href='https:\/\/soymigrante.com\/revista\/wp-content\/uploads\/2024\/07\/TPS-alcaldias-solicitan-beneficio-para-Guatemaltecos-radicados-en-EE-9.webp'><img loading=\"lazy\" decoding=\"async\" width=\"681\" height=\"1024\" src=\"https:\/\/soymigrante.com\/revista\/wp-content\/uploads\/2024\/07\/TPS-alcaldias-solicitan-beneficio-para-Guatemaltecos-radicados-en-EE-9-681x1024.webp\" class=\"attachment-large size-large\" alt=\"Carta de apoyo para la tutela de los derechos migratorios en Guatemala en el contexto de la protecci\u00f3n temporal TPS.\" aria-describedby=\"gallery-1-7368\" srcset=\"https:\/\/soymigrante.com\/revista\/wp-content\/uploads\/2024\/07\/TPS-alcaldias-solicitan-beneficio-para-Guatemaltecos-radicados-en-EE-9-681x1024.webp 681w, https:\/\/soymigrante.com\/revista\/wp-content\/uploads\/2024\/07\/TPS-alcaldias-solicitan-beneficio-para-Guatemaltecos-radicados-en-EE-9-199x300.webp 199w, https:\/\/soymigrante.com\/revista\/wp-content\/uploads\/2024\/07\/TPS-alcaldias-solicitan-beneficio-para-Guatemaltecos-radicados-en-EE-9.webp 739w\" sizes=\"(max-width: 681px) 100vw, 681px\" title=\"TPS alcaldias solicitan beneficio para Guatemaltecos radicados en EE UU- \u2013 SoyMigrante.com REVISTA\" \/><\/a>\n\t\t\t<\/div>\n\t\t\t\t<figcaption class='wp-caption-text gallery-caption' id='gallery-1-7368'>\n\t\t\t\tCarta oficial defendiendo derechos migratorios, protecci\u00f3n temporal y apoyo a los connacionales en EE. UU., promoviendo integraci\u00f3n y condiciones dignas en sus movimientos migratorios.\n\t\t\t\t<\/figcaption><\/figure><figure class='gallery-item'>\n\t\t\t<div class='gallery-icon portrait'>\n\t\t\t\t<a data-elementor-open-lightbox=\"yes\" data-elementor-lightbox-slideshow=\"6e87f98\" data-elementor-lightbox-title=\"TPS alcaldias solicitan beneficio para Guatemaltecos radicados en EE UU-\" data-elementor-lightbox-description=\"Descripci\u00f3n de la imagen: La imagen muestra la portada de la revista SoyMigrante, un recurso informativo dedicado a promover derechos, protecci\u00f3n temporal y conciencia sobre la migraci\u00f3n centroamericana y migrantes en Estados Unidos, con \u00e9nfasis en campa\u00f1as y acciones en favor de sus derechos.\" data-e-action-hash=\"#elementor-action%3Aaction%3Dlightbox%26settings%3DeyJpZCI6NzM2OSwidXJsIjoiaHR0cHM6XC9cL3NveW1pZ3JhbnRlLmNvbVwvcmV2aXN0YVwvd3AtY29udGVudFwvdXBsb2Fkc1wvMjAyNFwvMDdcL1RQUy1hbGNhbGRpYXMtc29saWNpdGFuLWJlbmVmaWNpby1wYXJhLUd1YXRlbWFsdGVjb3MtcmFkaWNhZG9zLWVuLUVFLTEwLndlYnAiLCJzbGlkZXNob3ciOiI2ZTg3Zjk4In0%3D\" href='https:\/\/soymigrante.com\/revista\/wp-content\/uploads\/2024\/07\/TPS-alcaldias-solicitan-beneficio-para-Guatemaltecos-radicados-en-EE-10.webp'><img loading=\"lazy\" decoding=\"async\" width=\"768\" height=\"964\" src=\"https:\/\/soymigrante.com\/revista\/wp-content\/uploads\/2024\/07\/TPS-alcaldias-solicitan-beneficio-para-Guatemaltecos-radicados-en-EE-10-816x1024.webp\" class=\"attachment-large size-large\" alt=\"Alternativo: Revista digital SoyMigrante con art\u00edculos sobre derechos de migrantes, protecci\u00f3n temporal y pol\u00edticas en Am\u00e9rica Central y Estados Unidos.\" aria-describedby=\"gallery-1-7369\" srcset=\"https:\/\/soymigrante.com\/revista\/wp-content\/uploads\/2024\/07\/TPS-alcaldias-solicitan-beneficio-para-Guatemaltecos-radicados-en-EE-10-816x1024.webp 816w, https:\/\/soymigrante.com\/revista\/wp-content\/uploads\/2024\/07\/TPS-alcaldias-solicitan-beneficio-para-Guatemaltecos-radicados-en-EE-10-239x300.webp 239w, https:\/\/soymigrante.com\/revista\/wp-content\/uploads\/2024\/07\/TPS-alcaldias-solicitan-beneficio-para-Guatemaltecos-radicados-en-EE-10-768x964.webp 768w, https:\/\/soymigrante.com\/revista\/wp-content\/uploads\/2024\/07\/TPS-alcaldias-solicitan-beneficio-para-Guatemaltecos-radicados-en-EE-10-750x941.webp 750w, https:\/\/soymigrante.com\/revista\/wp-content\/uploads\/2024\/07\/TPS-alcaldias-solicitan-beneficio-para-Guatemaltecos-radicados-en-EE-10.webp 1080w\" sizes=\"(max-width: 768px) 100vw, 768px\" title=\"TPS alcaldias solicitan beneficio para Guatemaltecos radicados en EE UU- \u2013 SoyMigrante.com REVISTA\" \/><\/a>\n\t\t\t<\/div>\n\t\t\t\t<figcaption class='wp-caption-text gallery-caption' id='gallery-1-7369'>\n\t\t\t\tLeyenda: Explora c\u00f3mo SoyMigrante contribuye a la difusi\u00f3n de derechos y protecci\u00f3n de migrantes en Am\u00e9rica, promoviendo reuniones y campa\u00f1as informativas.\n\t\t\t\t<\/figcaption><\/figure><figure class='gallery-item'>\n\t\t\t<div class='gallery-icon portrait'>\n\t\t\t\t<a data-elementor-open-lightbox=\"yes\" data-elementor-lightbox-slideshow=\"6e87f98\" data-elementor-lightbox-title=\"TPS alcaldias solicitan beneficio para Guatemaltecos radicados en EE UU-\" data-elementor-lightbox-description=\"TPS alcaldias solicitan beneficio para Guatemaltecos radicados en EE UU-\" data-e-action-hash=\"#elementor-action%3Aaction%3Dlightbox%26settings%3DeyJpZCI6NzM3MCwidXJsIjoiaHR0cHM6XC9cL3NveW1pZ3JhbnRlLmNvbVwvcmV2aXN0YVwvd3AtY29udGVudFwvdXBsb2Fkc1wvMjAyNFwvMDdcL1RQUy1hbGNhbGRpYXMtc29saWNpdGFuLWJlbmVmaWNpby1wYXJhLUd1YXRlbWFsdGVjb3MtcmFkaWNhZG9zLWVuLUVFLTExLndlYnAiLCJzbGlkZXNob3ciOiI2ZTg3Zjk4In0%3D\" href='https:\/\/soymigrante.com\/revista\/wp-content\/uploads\/2024\/07\/TPS-alcaldias-solicitan-beneficio-para-Guatemaltecos-radicados-en-EE-11.webp'><img loading=\"lazy\" decoding=\"async\" width=\"768\" height=\"1012\" src=\"https:\/\/soymigrante.com\/revista\/wp-content\/uploads\/2024\/07\/TPS-alcaldias-solicitan-beneficio-para-Guatemaltecos-radicados-en-EE-11-777x1024.webp\" class=\"attachment-large size-large\" alt=\"Archivos, relevancia, y, migra, migrante, revista, especial, derechos, protecci\u00f3n, derechos humanos, comunidad, inmigrantes, campa\u00f1a, Estados Unidos, Guatemala, derechos de los migrantes, lucha por derechos, apoyo migratorio.\" aria-describedby=\"gallery-1-7370\" srcset=\"https:\/\/soymigrante.com\/revista\/wp-content\/uploads\/2024\/07\/TPS-alcaldias-solicitan-beneficio-para-Guatemaltecos-radicados-en-EE-11-777x1024.webp 777w, https:\/\/soymigrante.com\/revista\/wp-content\/uploads\/2024\/07\/TPS-alcaldias-solicitan-beneficio-para-Guatemaltecos-radicados-en-EE-11-228x300.webp 228w, https:\/\/soymigrante.com\/revista\/wp-content\/uploads\/2024\/07\/TPS-alcaldias-solicitan-beneficio-para-Guatemaltecos-radicados-en-EE-11-768x1013.webp 768w, https:\/\/soymigrante.com\/revista\/wp-content\/uploads\/2024\/07\/TPS-alcaldias-solicitan-beneficio-para-Guatemaltecos-radicados-en-EE-11-750x989.webp 750w, https:\/\/soymigrante.com\/revista\/wp-content\/uploads\/2024\/07\/TPS-alcaldias-solicitan-beneficio-para-Guatemaltecos-radicados-en-EE-11.webp 1080w\" sizes=\"(max-width: 768px) 100vw, 768px\" title=\"TPS alcaldias solicitan beneficio para Guatemaltecos radicados en EE UU- \u2013 SoyMigrante.com REVISTA\" \/><\/a>\n\t\t\t<\/div>\n\t\t\t\t<figcaption class='wp-caption-text gallery-caption' id='gallery-1-7370'>\n\t\t\t\tTPS alcaldias solicitan beneficio para Guatemaltecos radicados en EE UU-\n\t\t\t\t<\/figcaption><\/figure><figure class='gallery-item'>\n\t\t\t<div class='gallery-icon portrait'>\n\t\t\t\t<a data-elementor-open-lightbox=\"yes\" data-elementor-lightbox-slideshow=\"6e87f98\" data-elementor-lightbox-title=\"TPS alcaldias solicitan beneficio para Guatemaltecos radicados en EE UU-\" data-elementor-lightbox-description=\"Documento oficial de la municipalidad de G\u00e9nova Costa Cuca solicitando apoyo para la campa\u00f1a de protecci\u00f3n temporal para migrantes guatemaltecos en EE.UU.\" data-e-action-hash=\"#elementor-action%3Aaction%3Dlightbox%26settings%3DeyJpZCI6NzM3MSwidXJsIjoiaHR0cHM6XC9cL3NveW1pZ3JhbnRlLmNvbVwvcmV2aXN0YVwvd3AtY29udGVudFwvdXBsb2Fkc1wvMjAyNFwvMDdcL1RQUy1hbGNhbGRpYXMtc29saWNpdGFuLWJlbmVmaWNpby1wYXJhLUd1YXRlbWFsdGVjb3MtcmFkaWNhZG9zLWVuLUVFLTEyLndlYnAiLCJzbGlkZXNob3ciOiI2ZTg3Zjk4In0%3D\" href='https:\/\/soymigrante.com\/revista\/wp-content\/uploads\/2024\/07\/TPS-alcaldias-solicitan-beneficio-para-Guatemaltecos-radicados-en-EE-12.webp'><img loading=\"lazy\" decoding=\"async\" width=\"762\" height=\"1024\" src=\"https:\/\/soymigrante.com\/revista\/wp-content\/uploads\/2024\/07\/TPS-alcaldias-solicitan-beneficio-para-Guatemaltecos-radicados-en-EE-12-762x1024.webp\" class=\"attachment-large size-large\" alt=\"Acci\u00f3n gubernamental en favor de la protecci\u00f3n temporal de migrantes guatemaltecos en EE.UU. a trav\u00e9s de un oficio oficial del municipio de G\u00e9nova Costa Cuca.\" aria-describedby=\"gallery-1-7371\" srcset=\"https:\/\/soymigrante.com\/revista\/wp-content\/uploads\/2024\/07\/TPS-alcaldias-solicitan-beneficio-para-Guatemaltecos-radicados-en-EE-12-762x1024.webp 762w, https:\/\/soymigrante.com\/revista\/wp-content\/uploads\/2024\/07\/TPS-alcaldias-solicitan-beneficio-para-Guatemaltecos-radicados-en-EE-12-223x300.webp 223w, https:\/\/soymigrante.com\/revista\/wp-content\/uploads\/2024\/07\/TPS-alcaldias-solicitan-beneficio-para-Guatemaltecos-radicados-en-EE-12-768x1033.webp 768w, https:\/\/soymigrante.com\/revista\/wp-content\/uploads\/2024\/07\/TPS-alcaldias-solicitan-beneficio-para-Guatemaltecos-radicados-en-EE-12-750x1008.webp 750w, https:\/\/soymigrante.com\/revista\/wp-content\/uploads\/2024\/07\/TPS-alcaldias-solicitan-beneficio-para-Guatemaltecos-radicados-en-EE-12.webp 1080w\" sizes=\"(max-width: 762px) 100vw, 762px\" title=\"TPS alcaldias solicitan beneficio para Guatemaltecos radicados en EE UU- \u2013 SoyMigrante.com REVISTA\" \/><\/a>\n\t\t\t<\/div>\n\t\t\t\t<figcaption class='wp-caption-text gallery-caption' id='gallery-1-7371'>\n\t\t\t\tRespuesta a necesidades migratorias y derechos laborales de connacionales en EE.UU. respaldada por alcalde municipal.\n\t\t\t\t<\/figcaption><\/figure><figure class='gallery-item'>\n\t\t\t<div class='gallery-icon portrait'>\n\t\t\t\t<a data-elementor-open-lightbox=\"yes\" data-elementor-lightbox-slideshow=\"6e87f98\" data-elementor-lightbox-title=\"TPS alcaldias solicitan beneficio para Guatemaltecos radicados en EE UU-\" data-elementor-lightbox-description=\"La revista SoyMigrante.com destaca la lucha de los guatemaltecos en Estados Unidos por sus derechos migratorios, centrada en la campa\u00f1a para promover el estatus de protecci\u00f3n temporal (TPS), reflejando su importancia para la comunidad migrante.\" data-e-action-hash=\"#elementor-action%3Aaction%3Dlightbox%26settings%3DeyJpZCI6NzM3MiwidXJsIjoiaHR0cHM6XC9cL3NveW1pZ3JhbnRlLmNvbVwvcmV2aXN0YVwvd3AtY29udGVudFwvdXBsb2Fkc1wvMjAyNFwvMDdcL1RQUy1hbGNhbGRpYXMtc29saWNpdGFuLWJlbmVmaWNpby1wYXJhLUd1YXRlbWFsdGVjb3MtcmFkaWNhZG9zLWVuLUVFLTEzLndlYnAiLCJzbGlkZXNob3ciOiI2ZTg3Zjk4In0%3D\" href='https:\/\/soymigrante.com\/revista\/wp-content\/uploads\/2024\/07\/TPS-alcaldias-solicitan-beneficio-para-Guatemaltecos-radicados-en-EE-13.webp'><img loading=\"lazy\" decoding=\"async\" width=\"717\" height=\"966\" src=\"https:\/\/soymigrante.com\/revista\/wp-content\/uploads\/2024\/07\/TPS-alcaldias-solicitan-beneficio-para-Guatemaltecos-radicados-en-EE-13.webp\" class=\"attachment-large size-large\" alt=\"Residentes guatemaltecos en Estados Unidos y su defensa de derechos migratorios, en la revista SoyMigrante.com, resaltando la importancia del estatus de protecci\u00f3n temporal (TPS) en campa\u00f1as migratorias.\" aria-describedby=\"gallery-1-7372\" srcset=\"https:\/\/soymigrante.com\/revista\/wp-content\/uploads\/2024\/07\/TPS-alcaldias-solicitan-beneficio-para-Guatemaltecos-radicados-en-EE-13.webp 717w, https:\/\/soymigrante.com\/revista\/wp-content\/uploads\/2024\/07\/TPS-alcaldias-solicitan-beneficio-para-Guatemaltecos-radicados-en-EE-13-223x300.webp 223w\" sizes=\"(max-width: 717px) 100vw, 717px\" title=\"TPS alcaldias solicitan beneficio para Guatemaltecos radicados en EE UU- \u2013 SoyMigrante.com REVISTA\" \/><\/a>\n\t\t\t<\/div>\n\t\t\t\t<figcaption class='wp-caption-text gallery-caption' id='gallery-1-7372'>\n\t\t\t\tConoce en SoyMigrante.com c\u00f3mo los guatemaltecos en EE.UU. luchan por sus derechos y apoyo en campa\u00f1as migratorias, promoviendo el estatus de protecci\u00f3n temporal (TPS) y la integraci\u00f3n social.\n\t\t\t\t<\/figcaption><\/figure><figure class='gallery-item'>\n\t\t\t<div class='gallery-icon portrait'>\n\t\t\t\t<a data-elementor-open-lightbox=\"yes\" data-elementor-lightbox-slideshow=\"6e87f98\" data-elementor-lightbox-title=\"TPS alcaldias solicitan beneficio para Guatemaltecos radicados en EE UU-\" data-elementor-lightbox-description=\"Documento legal que apoya derechos migratorios, protecci\u00f3n temporal y estatus para migrantes guatemaltecos en EE. UU., emitido por el alcalde Juan Carlos Carrillo Castro, resaltando la importancia de la residencia y el trabajo como derechos fundamentales.\" data-e-action-hash=\"#elementor-action%3Aaction%3Dlightbox%26settings%3DeyJpZCI6NzM3MywidXJsIjoiaHR0cHM6XC9cL3NveW1pZ3JhbnRlLmNvbVwvcmV2aXN0YVwvd3AtY29udGVudFwvdXBsb2Fkc1wvMjAyNFwvMDdcL1RQUy1hbGNhbGRpYXMtc29saWNpdGFuLWJlbmVmaWNpby1wYXJhLUd1YXRlbWFsdGVjb3MtcmFkaWNhZG9zLWVuLUVFLTE0LndlYnAiLCJzbGlkZXNob3ciOiI2ZTg3Zjk4In0%3D\" href='https:\/\/soymigrante.com\/revista\/wp-content\/uploads\/2024\/07\/TPS-alcaldias-solicitan-beneficio-para-Guatemaltecos-radicados-en-EE-14.webp'><img loading=\"lazy\" decoding=\"async\" width=\"727\" height=\"1024\" src=\"https:\/\/soymigrante.com\/revista\/wp-content\/uploads\/2024\/07\/TPS-alcaldias-solicitan-beneficio-para-Guatemaltecos-radicados-en-EE-14-727x1024.webp\" class=\"attachment-large size-large\" alt=\"Cadena de texto en la imagen de una carta oficial de la Municipalidad de Santa Mar\u00eda Chiquimula destacando gesti\u00f3n migratoria y protecci\u00f3n temporal para migrantes guatemaltecos en EE. UU.\" aria-describedby=\"gallery-1-7373\" srcset=\"https:\/\/soymigrante.com\/revista\/wp-content\/uploads\/2024\/07\/TPS-alcaldias-solicitan-beneficio-para-Guatemaltecos-radicados-en-EE-14-727x1024.webp 727w, https:\/\/soymigrante.com\/revista\/wp-content\/uploads\/2024\/07\/TPS-alcaldias-solicitan-beneficio-para-Guatemaltecos-radicados-en-EE-14-213x300.webp 213w, https:\/\/soymigrante.com\/revista\/wp-content\/uploads\/2024\/07\/TPS-alcaldias-solicitan-beneficio-para-Guatemaltecos-radicados-en-EE-14-768x1082.webp 768w, https:\/\/soymigrante.com\/revista\/wp-content\/uploads\/2024\/07\/TPS-alcaldias-solicitan-beneficio-para-Guatemaltecos-radicados-en-EE-14-750x1057.webp 750w, https:\/\/soymigrante.com\/revista\/wp-content\/uploads\/2024\/07\/TPS-alcaldias-solicitan-beneficio-para-Guatemaltecos-radicados-en-EE-14.webp 994w\" sizes=\"(max-width: 727px) 100vw, 727px\" title=\"TPS alcaldias solicitan beneficio para Guatemaltecos radicados en EE UU- \u2013 SoyMigrante.com REVISTA\" \/><\/a>\n\t\t\t<\/div>\n\t\t\t\t<figcaption class='wp-caption-text gallery-caption' id='gallery-1-7373'>\n\t\t\t\tCarta oficial sobre apoyo migratorio y protecci\u00f3n temporal para guatemaltecos en EE. UU. en un documento de la Municipalidad de Santa Mar\u00eda Chiquimula, con firma y sello.\n\t\t\t\t<\/figcaption><\/figure>\n\t\t<\/div>\n\t\t<\/div>\n\t\t\t\t\t\t<\/div>\n\t\t\t\t\t<\/div>\n\t\t\t\t<\/div>\n\t\t<div data-particle_enable=\"false\" data-particle-mobile-disabled=\"false\" class=\"elementor-element elementor-element-4621645 e-flex e-con-boxed e-con e-parent\" data-id=\"4621645\" data-element_type=\"container\" data-e-type=\"container\">\n\t\t\t\t\t<div class=\"e-con-inner\">\n\t\t\t\t<div class=\"elementor-element elementor-element-7cdbdaf elementor-widget elementor-widget-button\" data-id=\"7cdbdaf\" data-element_type=\"widget\" data-e-type=\"widget\" data-widget_type=\"button.default\">\n\t\t\t\t\t\t\t\t\t\t<a class=\"elementor-button elementor-button-link elementor-size-sm\" href=\"https:\/\/docs.google.com\/forms\/d\/e\/1FAIpQLSdK4vy7OJ2z90WhzOwdLO9ow_BHSbg6QoafGhD_o7Tknrq6KQ\/viewform?usp=send_form%20\">\n\t\t\t\t\t\t<span class=\"elementor-button-content-wrapper\">\n\t\t\t\t\t\t\t\t\t<span class=\"elementor-button-text\">Si eres guatemalteco residente en EE.UU. y deseas sumarte a la petici\u00f3n del Movimiento TPS Guatemalteco, de clic en este bot\u00f3n.<\/span>\n\t\t\t\t\t<\/span>\n\t\t\t\t\t<\/a>\n\t\t\t\t\t\t\t\t<\/div>\n\t\t\t\t\t<\/div>\n\t\t\t\t<\/div>\n\t\t<div data-particle_enable=\"false\" data-particle-mobile-disabled=\"false\" class=\"elementor-element elementor-element-b87e773 e-flex e-con-boxed e-con e-parent\" data-id=\"b87e773\" data-element_type=\"container\" data-e-type=\"container\">\n\t\t\t\t\t<div class=\"e-con-inner\">\n\t\t\t\t<div class=\"elementor-element elementor-element-3c515e1 elementor-widget elementor-widget-heading\" data-id=\"3c515e1\" data-element_type=\"widget\" data-e-type=\"widget\" data-widget_type=\"heading.default\">\n\t\t\t\t\t<h2 class=\"elementor-heading-title elementor-size-default\">Unidos, los migrantes guatemaltecos siempre logran mucho m\u00e1s por su pa\u00eds<\/h2>\t\t\t\t<\/div>\n\t\t\t\t\t<\/div>\n\t\t\t\t<\/div>\n\t\t<div data-particle_enable=\"false\" data-particle-mobile-disabled=\"false\" class=\"elementor-element elementor-element-de77329 e-flex e-con-boxed e-con e-parent\" data-id=\"de77329\" data-element_type=\"container\" data-e-type=\"container\">\n\t\t\t\t\t<div class=\"e-con-inner\">\n\t\t\t\t<div class=\"elementor-element elementor-element-a9e2520 elementor-grid-eael-col-3 elementor-grid-tablet-eael-col-2 elementor-grid-mobile-eael-col-1 elementor-widget elementor-widget-eael-post-grid\" data-id=\"a9e2520\" data-element_type=\"widget\" data-e-type=\"widget\" data-settings=\"{&quot;eael_post_grid_columns&quot;:&quot;eael-col-3&quot;,&quot;eael_post_grid_columns_tablet&quot;:&quot;eael-col-2&quot;,&quot;eael_post_grid_columns_mobile&quot;:&quot;eael-col-1&quot;}\" data-widget_type=\"eael-post-grid.default\">\n\t\t\t\t\t<div id=\"eael-post-grid-a9e2520\" class=\"eael-post-grid-container\">\n            <div class=\"eael-post-grid eael-post-appender eael-post-appender-a9e2520 eael-post-grid-style-one\" data-layout-mode=\"masonry\"><article class=\"eael-grid-post  eael-post-grid-column eael-pg-post-6429 category-lugar-de-voces\" data-id=\"6429\">\n        <div class=\"eael-grid-post-holder\">\n            <div class=\"eael-grid-post-holder-inner\"><div class=\"eael-entry-media\"><div class=\"eael-entry-overlay fade-in\"><i class=\"fas fa-long-arrow-alt-right\" aria-hidden=\"true\"><\/i><a href=\"https:\/\/soymigrante.com\/revista\/donativo-migrantes-guatemaltecos-escuela-palencia-quetzi\/\"><\/a><\/div><div class=\"eael-entry-thumbnail \">\n                <img loading=\"lazy\" decoding=\"async\" width=\"300\" height=\"300\" src=\"https:\/\/soymigrante.com\/revista\/wp-content\/uploads\/2024\/05\/IMG-20240513-WA0045-e1718760507162-300x300.webp\" class=\"attachment-medium size-medium wp-image-6435\" alt=\"D\u00eda de la diversidad cultural en el colegio, ni\u00f1os celebrando con juguetes y actividades relacionadas con sus ra\u00edces y tradiciones en un entorno escolar.\" srcset=\"https:\/\/soymigrante.com\/revista\/wp-content\/uploads\/2024\/05\/IMG-20240513-WA0045-e1718760507162-300x300.webp 300w, https:\/\/soymigrante.com\/revista\/wp-content\/uploads\/2024\/05\/IMG-20240513-WA0045-e1718760507162-1024x1024.webp 1024w, https:\/\/soymigrante.com\/revista\/wp-content\/uploads\/2024\/05\/IMG-20240513-WA0045-e1718760507162-150x150.webp 150w, https:\/\/soymigrante.com\/revista\/wp-content\/uploads\/2024\/05\/IMG-20240513-WA0045-e1718760507162-768x768.webp 768w, https:\/\/soymigrante.com\/revista\/wp-content\/uploads\/2024\/05\/IMG-20240513-WA0045-e1718760507162-75x75.webp 75w, https:\/\/soymigrante.com\/revista\/wp-content\/uploads\/2024\/05\/IMG-20240513-WA0045-e1718760507162-750x750.webp 750w, https:\/\/soymigrante.com\/revista\/wp-content\/uploads\/2024\/05\/IMG-20240513-WA0045-e1718760507162-1140x1140.webp 1140w, https:\/\/soymigrante.com\/revista\/wp-content\/uploads\/2024\/05\/IMG-20240513-WA0045-e1718760507162.webp 1244w\" sizes=\"(max-width: 300px) 100vw, 300px\" \/>\n            <\/div>\n        <\/div><div class=\"eael-entry-wrapper\"><header class=\"eael-entry-header\"><h2 class=\"eael-entry-title\"><a class=\"eael-grid-post-link\" href=\"https:\/\/soymigrante.com\/revista\/donativo-migrantes-guatemaltecos-escuela-palencia-quetzi\/\" title=\"Proyecto Quetzi: donaci\u00f3n migrante para ni\u00f1os y j\u00f3venes de una escuela en Guatemala\">Proyecto Quetzi: donaci\u00f3n migrante para ni\u00f1os y j\u00f3venes de una escuela en Guatemala<\/a><\/h2><\/header><div class=\"eael-entry-content\">\n                        <div class=\"eael-grid-post-excerpt\"><p>En la escuela oficial de Palencia, Guatemala se efectu\u00f3 la...<\/p><\/div>\n                    <\/div><\/div><\/div>\n        <\/div>\n    <\/article><article class=\"eael-grid-post  eael-post-grid-column eael-pg-post-4809 category-exitos\" data-id=\"4809\">\n        <div class=\"eael-grid-post-holder\">\n            <div class=\"eael-grid-post-holder-inner\"><div class=\"eael-entry-media\"><div class=\"eael-entry-overlay fade-in\"><i class=\"fas fa-long-arrow-alt-right\" aria-hidden=\"true\"><\/i><a href=\"https:\/\/soymigrante.com\/revista\/migrante-mister-oklahoma-donativo-utiles-escolares-guatemala\/\"><\/a><\/div><div class=\"eael-entry-thumbnail \">\n                <img loading=\"lazy\" decoding=\"async\" width=\"300\" height=\"272\" src=\"https:\/\/soymigrante.com\/revista\/wp-content\/uploads\/2024\/02\/mr-300x272.webp\" class=\"attachment-medium size-medium wp-image-4815\" alt=\"Migrante Brian de Leon recaud\u00f3 donativos en Oklahoma y los vino a entregar en utiles escolares a Guatemala. Brian de Leon Mister Oklahoma\" srcset=\"https:\/\/soymigrante.com\/revista\/wp-content\/uploads\/2024\/02\/mr-300x272.webp 300w, https:\/\/soymigrante.com\/revista\/wp-content\/uploads\/2024\/02\/mr.webp 501w\" sizes=\"(max-width: 300px) 100vw, 300px\" \/>\n            <\/div>\n        <\/div><div class=\"eael-entry-wrapper\"><header class=\"eael-entry-header\"><h2 class=\"eael-entry-title\"><a class=\"eael-grid-post-link\" href=\"https:\/\/soymigrante.com\/revista\/migrante-mister-oklahoma-donativo-utiles-escolares-guatemala\/\" title=\"M\u00edster Oklahoma Brian de Le\u00f3n entrega donativo migrante en Guatemala\">M\u00edster Oklahoma Brian de Le\u00f3n entrega donativo migrante en Guatemala<\/a><\/h2><\/header><div class=\"eael-entry-content\">\n                        <div class=\"eael-grid-post-excerpt\"><p>Brian De Le\u00f3n promovi\u00f3 el proyecto de donar \u00fatiles escolares...<\/p><\/div>\n                    <\/div><\/div><\/div>\n        <\/div>\n    <\/article><article class=\"eael-grid-post  eael-post-grid-column eael-pg-post-1954 category-exitos tags-oregon\" data-id=\"1954\">\n        <div class=\"eael-grid-post-holder\">\n            <div class=\"eael-grid-post-holder-inner\"><div class=\"eael-entry-media\"><div class=\"eael-entry-overlay fade-in\"><i class=\"fas fa-long-arrow-alt-right\" aria-hidden=\"true\"><\/i><a href=\"https:\/\/soymigrante.com\/revista\/julio-alvarado-migrante-contador-musico\/\"><\/a><\/div><div class=\"eael-entry-thumbnail \">\n                <img loading=\"lazy\" decoding=\"async\" width=\"300\" height=\"216\" src=\"https:\/\/soymigrante.com\/revista\/wp-content\/uploads\/2023\/07\/julito-julito-300x216.webp\" class=\"attachment-medium size-medium wp-image-1962\" alt=\"Migrante guatemalteco Julio C\u00e9sar Alvarado\" srcset=\"https:\/\/soymigrante.com\/revista\/wp-content\/uploads\/2023\/07\/julito-julito-300x216.webp 300w, https:\/\/soymigrante.com\/revista\/wp-content\/uploads\/2023\/07\/julito-julito-768x553.webp 768w, https:\/\/soymigrante.com\/revista\/wp-content\/uploads\/2023\/07\/julito-julito-120x86.webp 120w, https:\/\/soymigrante.com\/revista\/wp-content\/uploads\/2023\/07\/julito-julito-750x540.webp 750w, https:\/\/soymigrante.com\/revista\/wp-content\/uploads\/2023\/07\/julito-julito.webp 902w\" sizes=\"(max-width: 300px) 100vw, 300px\" \/>\n            <\/div>\n        <\/div><div class=\"eael-entry-wrapper\"><header class=\"eael-entry-header\"><h2 class=\"eael-entry-title\"><a class=\"eael-grid-post-link\" href=\"https:\/\/soymigrante.com\/revista\/julio-alvarado-migrante-contador-musico\/\" title=\"Julio Alvarado: Migrante, m\u00fasico y altruista guatemalteco\">Julio Alvarado: Migrante, m\u00fasico y altruista guatemalteco<\/a><\/h2><\/header><div class=\"eael-entry-content\">\n                        <div class=\"eael-grid-post-excerpt\"><p>Ten\u00eda listo el boleto para regresar a Guatemala en 2008,...<\/p><\/div>\n                    <\/div><\/div><\/div>\n        <\/div>\n    <\/article><\/div>\n            <div class=\"clearfix\"><\/div>\n        <\/div>\t\t\t\t<\/div>\n\t\t\t\t\t<\/div>\n\t\t\t\t<\/div>\n\t\t\t\t<\/div>\n\t\t","protected":false},"excerpt":{"rendered":"<p>S\u00ed, se siguen sumando alcald\u00edas de Guatemala al objetivo de solicitar y conseguir la designaci\u00f3n de un Estatus de Protecci\u00f3n Temporal (TPS) para Guatemala. Van 150 municipios pero faltan varios que son fuertes receptores de remesas de migrantes. En apoyo a\u00a0 solicitud de Estatus de Protecci\u00f3n Temporal (TPS) para migrantes guatemaltecos en Estados Unidos, impulsada [&hellip;]<\/p>\n","protected":false},"author":7,"featured_media":9720,"comment_status":"open","ping_status":"open","sticky":false,"template":"","format":"standard","meta":{"_acf_changed":false,"_eb_attr":"","footnotes":""},"categories":[54],"tags":[],"class_list":["post-7357","post","type-post","status-publish","format-standard","has-post-thumbnail","hentry","category-estamos-unidos"],"acf":[],"aioseo_notices":[],"aioseo_head":"\n\t\t<!-- All in One SEO Pro 4.9.6.2 - aioseo.com -->\n\t<meta name=\"description\" content=\"Conoce a Julio Alvarado, migrante guatemalteco en California, que combina su pasi\u00f3n por la contabilidad y la m\u00fasica para ayudar a su natal Guatemala\" \/>\n\t<meta name=\"robots\" content=\"max-snippet:-1, max-image-preview:large, max-video-preview:-1\" \/>\n\t<meta name=\"author\" content=\"Gustavo Montenegro\"\/>\n\t<link rel=\"canonical\" href=\"https:\/\/soymigrante.com\/revista\/julio-alvarado-migrante-contador-musico\/\" \/>\n\t<meta name=\"generator\" content=\"All in One SEO Pro (AIOSEO) 4.9.6.2\" \/>\n\n\t\t<link rel=\"preconnect\" href=\"https:\/\/fonts.googleapis.com\" crossorigin>\n<link rel=\"preconnect\" href=\"https:\/\/fonts.gstatic.com\" crossorigin>\n\t\t<meta property=\"og:locale\" content=\"es_ES\" \/>\n\t\t<meta property=\"og:site_name\" content=\"SoyMigrante.com REVISTA \u2013 Nuestra misi\u00f3n es reconocer y dignificar al migrante.\" \/>\n\t\t<meta property=\"og:type\" content=\"article\" \/>\n\t\t<meta property=\"og:title\" content=\"Julio Alvarado: Migrante, m\u00fasico y altruista guatemalteco\" \/>\n\t\t<meta property=\"og:description\" content=\"Conoce a Julio Alvarado, migrante guatemalteco en California, que combina su pasi\u00f3n por la contabilidad y la m\u00fasica para ayudar a su natal Guatemala\" \/>\n\t\t<meta property=\"og:url\" content=\"https:\/\/soymigrante.com\/revista\/julio-alvarado-migrante-contador-musico\/\" \/>\n\t\t<meta property=\"og:image\" content=\"https:\/\/soymigrante.com\/revista\/wp-content\/uploads\/2023\/07\/julito-julito.webp\" \/>\n\t\t<meta property=\"og:image:secure_url\" content=\"https:\/\/soymigrante.com\/revista\/wp-content\/uploads\/2023\/07\/julito-julito.webp\" \/>\n\t\t<meta property=\"og:image:width\" content=\"902\" \/>\n\t\t<meta property=\"og:image:height\" content=\"649\" \/>\n\t\t<meta property=\"article:published_time\" content=\"2023-07-26T15:58:23+00:00\" \/>\n\t\t<meta property=\"article:modified_time\" content=\"2026-03-11T22:50:24+00:00\" \/>\n\t\t<meta property=\"article:publisher\" content=\"https:\/\/www.facebook.com\/soymigrantecom\" \/>\n\t\t<meta name=\"twitter:card\" content=\"summary_large_image\" \/>\n\t\t<meta name=\"twitter:site\" content=\"@SoyMigrante_com\" \/>\n\t\t<meta name=\"twitter:title\" content=\"Julio Alvarado: Migrante, m\u00fasico y altruista guatemalteco\" \/>\n\t\t<meta name=\"twitter:description\" content=\"Conoce a Julio Alvarado, migrante guatemalteco en California, que combina su pasi\u00f3n por la contabilidad y la m\u00fasica para ayudar a su natal Guatemala\" \/>\n\t\t<meta name=\"twitter:creator\" content=\"@SoyMigrante_com\" \/>\n\t\t<meta name=\"twitter:image\" content=\"https:\/\/soymigrante.com\/revista\/wp-content\/uploads\/2023\/07\/julito-julito.webp\" \/>\n\t\t<!-- All in One SEO Pro -->\r\n\t\t<title>Julio Alvarado: Migrante, m\u00fasico y altruista guatemalteco<\/title>\n\n","aioseo_head_json":{"title":"Julio Alvarado: Migrante, m\u00fasico y altruista guatemalteco","description":"Conoce a Julio Alvarado, migrante guatemalteco en California, que combina su pasi\u00f3n por la contabilidad y la m\u00fasica para ayudar a su natal Guatemala","canonical_url":"https:\/\/soymigrante.com\/revista\/julio-alvarado-migrante-contador-musico\/","robots":"max-snippet:-1, max-image-preview:large, max-video-preview:-1","keywords":"","webmasterTools":{"miscellaneous":"&lt;link rel=\"preconnect\" href=\"https:\/\/fonts.googleapis.com\" crossorigin&gt;\n&lt;link rel=\"preconnect\" href=\"https:\/\/fonts.gstatic.com\" crossorigin&gt;"},"schema":null,"og:locale":"es_ES","og:site_name":"SoyMigrante.com REVISTA \u2013 Nuestra misi\u00f3n es reconocer y dignificar al migrante.","og:type":"article","og:title":"Julio Alvarado: Migrante, m\u00fasico y altruista guatemalteco","og:description":"Conoce a Julio Alvarado, migrante guatemalteco en California, que combina su pasi\u00f3n por la contabilidad y la m\u00fasica para ayudar a su natal Guatemala","og:url":"https:\/\/soymigrante.com\/revista\/julio-alvarado-migrante-contador-musico\/","og:image":"https:\/\/soymigrante.com\/revista\/wp-content\/uploads\/2023\/07\/julito-julito.webp","og:image:secure_url":"https:\/\/soymigrante.com\/revista\/wp-content\/uploads\/2023\/07\/julito-julito.webp","og:image:width":902,"og:image:height":649,"article:published_time":"2023-07-26T15:58:23+00:00","article:modified_time":"2026-03-11T22:50:24+00:00","article:publisher":"https:\/\/www.facebook.com\/soymigrantecom","twitter:card":"summary_large_image","twitter:site":"@SoyMigrante_com","twitter:title":"Julio Alvarado: Migrante, m\u00fasico y altruista guatemalteco","twitter:description":"Conoce a Julio Alvarado, migrante guatemalteco en California, que combina su pasi\u00f3n por la contabilidad y la m\u00fasica para ayudar a su natal Guatemala","twitter:creator":"@SoyMigrante_com","twitter:image":"https:\/\/soymigrante.com\/revista\/wp-content\/uploads\/2023\/07\/julito-julito.webp"},"aioseo_meta_data":{"post_id":"7357","title":"Llegan a 150 las municipalidades que piden TPS para Guatemala","description":"\u00bfEst\u00e1 tu municipio entre los 150 que ya apoyan la solicitud de TPS Guatemalteco? No ha sido f\u00e1cil pero gracias al entusiasmo de voluntarios, esto avanza.","keywords":null,"keyphrases":{"focus":{"keyphrase":"TPS","score":91,"analysis":{"keyphraseInTitle":{"score":9,"maxScore":9,"error":0},"keyphraseInDescription":{"score":9,"maxScore":9,"error":0},"keyphraseLength":{"score":9,"maxScore":9,"error":0,"length":1},"keyphraseInURL":{"score":5,"maxScore":5,"error":0},"keyphraseInIntroduction":{"score":9,"maxScore":9,"error":0},"keyphraseInSubHeadings":{"score":3,"maxScore":9,"error":1},"keyphraseInImageAlt":{"score":9,"maxScore":9,"error":0},"keywordDensity":{"type":"best","score":9,"maxScore":9,"error":0}}},"additional":[{"keyphrase":"Guatemala","score":73,"analysis":{"keyphraseInDescription":{"score":3,"maxScore":9,"error":1},"keyphraseLength":{"score":9,"maxScore":9,"error":0,"length":1},"keyphraseInIntroduction":{"score":3,"maxScore":9,"error":1},"keyphraseInImageAlt":{"score":9,"maxScore":9,"error":0},"keywordDensity":{"type":"best","score":9,"maxScore":9,"error":0}}}]},"primary_term":null,"canonical_url":null,"og_title":null,"og_description":null,"og_object_type":"default","og_image_type":"default","og_image_url":null,"og_image_width":null,"og_image_height":null,"og_image_custom_url":null,"og_image_custom_fields":null,"og_video":"","og_custom_url":null,"og_article_section":null,"og_article_tags":null,"twitter_use_og":false,"twitter_card":"default","twitter_image_type":"default","twitter_image_url":null,"twitter_image_custom_url":null,"twitter_image_custom_fields":null,"twitter_title":null,"twitter_description":null,"schema":{"blockGraphs":[],"customGraphs":[],"default":{"data":{"Article":[],"Course":[],"Dataset":[],"FAQPage":[],"Movie":[],"Person":[],"Product":[],"ProductReview":[],"Car":[],"Recipe":[],"Service":[],"SoftwareApplication":[],"WebPage":[]},"graphName":"Article","isEnabled":true},"graphs":[]},"schema_type":"default","schema_type_options":null,"pillar_content":false,"robots_default":true,"robots_noindex":false,"robots_noarchive":false,"robots_nosnippet":false,"robots_nofollow":false,"robots_noimageindex":false,"robots_noodp":false,"robots_notranslate":false,"robots_max_snippet":"-1","robots_max_videopreview":"-1","robots_max_imagepreview":"large","priority":null,"frequency":"default","local_seo":null,"seo_analyzer_scan_date":"2025-10-08 23:30:17","breadcrumb_settings":null,"limit_modified_date":false,"reviewed_by":null,"open_ai":"{\"title\":{\"suggestions\":[],\"usage\":0},\"description\":{\"suggestions\":[],\"usage\":0}}","ai":null,"created":"2024-07-08 18:21:14","updated":"2026-02-04 14:10:25"},"aioseo_breadcrumb":"<div class=\"aioseo-breadcrumbs\"><span class=\"aioseo-breadcrumb\">\n\t<a href=\"https:\/\/soymigrante.com\/revista\" title=\"Home\">Home<\/a>\n<\/span><span class=\"aioseo-breadcrumb-separator\">\u00bb<\/span><span class=\"aioseo-breadcrumb\">\n\t<a href=\"https:\/\/soymigrante.com\/revista\/category\/estamos-unidos\/\" title=\"Estamos Unidos\">Estamos Unidos<\/a>\n<\/span><span class=\"aioseo-breadcrumb-separator\">\u00bb<\/span><span class=\"aioseo-breadcrumb\">\n\tSuben a 150 las municipalidades de Guatemala que apoyan solicitud de TPS en EE.UU.\n<\/span><\/div>","aioseo_breadcrumb_json":[{"label":"Home","link":"https:\/\/soymigrante.com\/revista"},{"label":"Estamos Unidos","link":"https:\/\/soymigrante.com\/revista\/category\/estamos-unidos\/"},{"label":"Suben a 150 las municipalidades de Guatemala que apoyan solicitud de TPS en EE.UU.","link":"https:\/\/soymigrante.com\/revista\/municipalidades-se-han-unido-a-peticion-de-tps-guatemalteco\/"}],"_links":{"self":[{"href":"https:\/\/soymigrante.com\/revista\/wp-json\/wp\/v2\/posts\/7357","targetHints":{"allow":["GET"]}}],"collection":[{"href":"https:\/\/soymigrante.com\/revista\/wp-json\/wp\/v2\/posts"}],"about":[{"href":"https:\/\/soymigrante.com\/revista\/wp-json\/wp\/v2\/types\/post"}],"author":[{"embeddable":true,"href":"https:\/\/soymigrante.com\/revista\/wp-json\/wp\/v2\/users\/7"}],"replies":[{"embeddable":true,"href":"https:\/\/soymigrante.com\/revista\/wp-json\/wp\/v2\/comments?post=7357"}],"version-history":[{"count":0,"href":"https:\/\/soymigrante.com\/revista\/wp-json\/wp\/v2\/posts\/7357\/revisions"}],"wp:featuredmedia":[{"embeddable":true,"href":"https:\/\/soymigrante.com\/revista\/wp-json\/wp\/v2\/media\/9720"}],"wp:attachment":[{"href":"https:\/\/soymigrante.com\/revista\/wp-json\/wp\/v2\/media?parent=7357"}],"wp:term":[{"taxonomy":"category","embeddable":true,"href":"https:\/\/soymigrante.com\/revista\/wp-json\/wp\/v2\/categories?post=7357"},{"taxonomy":"post_tag","embeddable":true,"href":"https:\/\/soymigrante.com\/revista\/wp-json\/wp\/v2\/tags?post=7357"}],"curies":[{"name":"wp","href":"https:\/\/api.w.org\/{rel}","templated":true}]}}