{"id":7316,"date":"2024-07-04T18:42:13","date_gmt":"2024-07-05T00:42:13","guid":{"rendered":"https:\/\/soymigrante.com\/revista\/?p=7316"},"modified":"2024-07-26T20:30:42","modified_gmt":"2024-07-27T02:30:42","slug":"chapines-participan-en-festejo-del-4-de-julio-en-oklahoma","status":"publish","type":"post","link":"https:\/\/soymigrante.com\/revista\/chapines-participan-en-festejo-del-4-de-julio-en-oklahoma\/","title":{"rendered":"Chapines participan en festejo del 4 de julio en Oklahoma"},"content":{"rendered":"\t\t<div data-elementor-type=\"wp-post\" data-elementor-id=\"7316\" class=\"elementor elementor-7316\" data-elementor-post-type=\"post\">\n\t\t\t\t<div data-particle_enable=\"false\" data-particle-mobile-disabled=\"false\" class=\"elementor-element elementor-element-9c2e827 e-flex e-con-boxed e-con e-parent\" data-id=\"9c2e827\" data-element_type=\"container\" data-e-type=\"container\">\n\t\t\t\t\t<div class=\"e-con-inner\">\n\t\t\t\t<div class=\"elementor-element elementor-element-38cd239 elementor-widget elementor-widget-heading\" data-id=\"38cd239\" data-element_type=\"widget\" data-e-type=\"widget\" data-widget_type=\"heading.default\">\n\t\t\t\t\t<h2 class=\"elementor-heading-title elementor-size-default\">Haciendo gala de su identidad multicultural, migrantes guatemaltecos residentes en Oklahoma participaron en el desfile del 4 de julio en la ciudad de Bethany, por invitaci\u00f3n del alcalde. Im\u00e1genes y detalles.<\/h2>\t\t\t\t<\/div>\n\t\t\t\t\t<\/div>\n\t\t\t\t<\/div>\n\t\t<div data-particle_enable=\"false\" data-particle-mobile-disabled=\"false\" class=\"elementor-element elementor-element-d8f7e39 e-flex e-con-boxed e-con e-parent\" data-id=\"d8f7e39\" data-element_type=\"container\" data-e-type=\"container\">\n\t\t\t\t\t<div class=\"e-con-inner\">\n\t\t\t\t<div class=\"elementor-element elementor-element-fead181 elementor-widget elementor-widget-text-editor\" data-id=\"fead181\" data-element_type=\"widget\" data-e-type=\"widget\" data-widget_type=\"text-editor.default\">\n\t\t\t\t\t\t\t\t\t<p>La marimba guatemalteca figur\u00f3 en uno de los veh\u00edculos participantes en el desfile de Independencia de los Estados Unidos en Bethany, Oklahoma. La alcald\u00eda de dicha ciudad invit\u00f3 a la comunidad chapina a participar, debido a sus m\u00faltiples aportes culturales, laborales y ciudadanos a dicha comunidad.<\/p><p><a href=\"https:\/\/soymigrante.com\/revista\/benvenuto-marimba-estrella-chapina-oklahoma\/\">Benvenuto Barrios, guatemalteco, fundador de la Marimba Estrella Chapina<\/a> interpret\u00f3 algunas notas durante el recorrido, en el cual tambi\u00e9n participaron integrantes de la comunidad como <a href=\"https:\/\/soymigrante.com\/revista\/migrante-mister-oklahoma-donativo-utiles-escolares-guatemala\/\">Brian de Le\u00f3n Mr. Oklahoma 2024<\/a>,Nelly Ruiz, Reina Cultural 2024 y Betty Barrios, exreina cultural del 2015.<\/p>\t\t\t\t\t\t\t\t<\/div>\n\t\t\t\t\t<\/div>\n\t\t\t\t<\/div>\n\t\t<div data-particle_enable=\"false\" data-particle-mobile-disabled=\"false\" class=\"elementor-element elementor-element-e227ed7 e-flex e-con-boxed e-con e-parent\" data-id=\"e227ed7\" data-element_type=\"container\" data-e-type=\"container\">\n\t\t\t\t\t<div class=\"e-con-inner\">\n\t\t\t\t<div class=\"elementor-element elementor-element-0a56d49 elementor-widget elementor-widget-image\" data-id=\"0a56d49\" data-element_type=\"widget\" data-e-type=\"widget\" data-widget_type=\"image.default\">\n\t\t\t\t\t\t\t\t\t\t\t\t<figure class=\"wp-caption\">\n\t\t\t\t\t\t\t\t\t\t<img fetchpriority=\"high\" decoding=\"async\" width=\"768\" height=\"576\" src=\"https:\/\/soymigrante.com\/revista\/wp-content\/uploads\/2024\/07\/9baf31a4-744c-46c0-bd14-5777b732f0c3-1024x768.webp\" class=\"attachment-large size-large wp-image-7320\" alt=\"Bailarinas y personas con disfraces tradicionales en una carroza decorada con motivos patri\u00f3ticos en un desfile cultural y festivo de la comunidad migrante en Estados Unidos.\" srcset=\"https:\/\/soymigrante.com\/revista\/wp-content\/uploads\/2024\/07\/9baf31a4-744c-46c0-bd14-5777b732f0c3-1024x768.webp 1024w, https:\/\/soymigrante.com\/revista\/wp-content\/uploads\/2024\/07\/9baf31a4-744c-46c0-bd14-5777b732f0c3-300x225.webp 300w, https:\/\/soymigrante.com\/revista\/wp-content\/uploads\/2024\/07\/9baf31a4-744c-46c0-bd14-5777b732f0c3-768x576.webp 768w, https:\/\/soymigrante.com\/revista\/wp-content\/uploads\/2024\/07\/9baf31a4-744c-46c0-bd14-5777b732f0c3-1536x1152.webp 1536w, https:\/\/soymigrante.com\/revista\/wp-content\/uploads\/2024\/07\/9baf31a4-744c-46c0-bd14-5777b732f0c3-750x563.webp 750w, https:\/\/soymigrante.com\/revista\/wp-content\/uploads\/2024\/07\/9baf31a4-744c-46c0-bd14-5777b732f0c3-1140x855.webp 1140w, https:\/\/soymigrante.com\/revista\/wp-content\/uploads\/2024\/07\/9baf31a4-744c-46c0-bd14-5777b732f0c3.webp 1920w\" sizes=\"(max-width: 768px) 100vw, 768px\" title=\"Una plataforma de remolque reuni\u00f3 colores emblem\u00e1ticos de EStados Unidos y banderas de Guatemala, as\u00ed como integrantes de la comunidad chapina ataviados con indumentaria ind\u00edgena, en el desfile de independencia en Bethany, Oklahoma. (Foto cortes\u00eda Guatemaltecos en Oklahoma) \u2013 SoyMigrante.com REVISTA\" \/>\t\t\t\t\t\t\t\t\t\t\t<figcaption class=\"widget-image-caption wp-caption-text\">Celebraci\u00f3n patri\u00f3tica con desfile multicultural en Estados Unidos, destacando la diversidad y alegr\u00eda de las comunidades migrantes en eventos c\u00edvicos y culturales.<\/figcaption>\n\t\t\t\t\t\t\t\t\t\t<\/figure>\n\t\t\t\t\t\t\t\t\t<\/div>\n\t\t\t\t\t<\/div>\n\t\t\t\t<\/div>\n\t\t<div data-particle_enable=\"false\" data-particle-mobile-disabled=\"false\" class=\"elementor-element elementor-element-49d998e e-flex e-con-boxed e-con e-parent\" data-id=\"49d998e\" data-element_type=\"container\" data-e-type=\"container\">\n\t\t\t\t\t<div class=\"e-con-inner\">\n\t\t\t\t<div class=\"elementor-element elementor-element-0c35b84 elementor-widget elementor-widget-heading\" data-id=\"0c35b84\" data-element_type=\"widget\" data-e-type=\"widget\" data-widget_type=\"heading.default\">\n\t\t\t\t\t<h3 class=\"elementor-heading-title elementor-size-default\">Es un honor unir dos culturas <\/h3>\t\t\t\t<\/div>\n\t\t\t\t\t<\/div>\n\t\t\t\t<\/div>\n\t\t<div data-particle_enable=\"false\" data-particle-mobile-disabled=\"false\" class=\"elementor-element elementor-element-e9cffb3 e-flex e-con-boxed e-con e-parent\" data-id=\"e9cffb3\" data-element_type=\"container\" data-e-type=\"container\">\n\t\t\t\t\t<div class=\"e-con-inner\">\n\t\t\t\t<div class=\"elementor-element elementor-element-783165d elementor-widget elementor-widget-text-editor\" data-id=\"783165d\" data-element_type=\"widget\" data-e-type=\"widget\" data-widget_type=\"text-editor.default\">\n\t\t\t\t\t\t\t\t\t<p>&#8220;Ser invitados al Desfile de Independencia en EE.UU. es un gran honor y reconocimiento para la comunidad guatemalteca, ya que se trata de un evento muy significativo en ciudades y comunidados&#8221;, expresa Hilda de Le\u00f3n Xavier, guatemalteca residente en Oklahoma.<\/p><p>&#8220;La invitaci\u00f3n a una persona, grupo o entidad, significa que se han hecho contribuciones importantes a la cikudad o al pa\u00eds, se les reconoce como ejemplo de los valores y de la historia estadounidense&#8221;, agrega Xavier, quien luci\u00f3 tambi\u00e9n un traje tradicional de San Juan Sacatep\u00e9quez, Guatemala.<\/p>\t\t\t\t\t\t\t\t<\/div>\n\t\t\t\t\t<\/div>\n\t\t\t\t<\/div>\n\t\t<div data-particle_enable=\"false\" data-particle-mobile-disabled=\"false\" class=\"elementor-element elementor-element-61e8feb e-flex e-con-boxed e-con e-parent\" data-id=\"61e8feb\" data-element_type=\"container\" data-e-type=\"container\">\n\t\t\t\t\t<div class=\"e-con-inner\">\n\t\t\t\t<div class=\"elementor-element elementor-element-fed5b3b elementor-widget elementor-widget-image\" data-id=\"fed5b3b\" data-element_type=\"widget\" data-e-type=\"widget\" data-widget_type=\"image.default\">\n\t\t\t\t\t\t\t\t\t\t\t\t<figure class=\"wp-caption\">\n\t\t\t\t\t\t\t\t\t\t<img decoding=\"async\" width=\"768\" height=\"665\" src=\"https:\/\/soymigrante.com\/revista\/wp-content\/uploads\/2024\/07\/Captura-de-pantalla-2024-07-04-182337.webp\" class=\"attachment-large size-large wp-image-7321\" alt=\"Gu\u00eda para generar contenido SEO para imagen de revista SoyMigrante:.\" srcset=\"https:\/\/soymigrante.com\/revista\/wp-content\/uploads\/2024\/07\/Captura-de-pantalla-2024-07-04-182337.webp 891w, https:\/\/soymigrante.com\/revista\/wp-content\/uploads\/2024\/07\/Captura-de-pantalla-2024-07-04-182337-300x260.webp 300w, https:\/\/soymigrante.com\/revista\/wp-content\/uploads\/2024\/07\/Captura-de-pantalla-2024-07-04-182337-768x665.webp 768w, https:\/\/soymigrante.com\/revista\/wp-content\/uploads\/2024\/07\/Captura-de-pantalla-2024-07-04-182337-750x649.webp 750w\" sizes=\"(max-width: 768px) 100vw, 768px\" title=\"Hilda de Le\u00f3n Xavier es una guatemalteca que constantemente participa en actividades comunitarias e impulsa la identidad multicultural chapina en Oklahoma. (Foto Guatemaltecos en Oklahoma) \u2013 SoyMigrante.com REVISTA\" \/>\t\t\t\t\t\t\t\t\t\t\t<figcaption class=\"widget-image-caption wp-caption-text\">Personas en desfile cultural con vestimenta tradicional mexicana y banderas en evento comunitario en EE.UU.<\/figcaption>\n\t\t\t\t\t\t\t\t\t\t<\/figure>\n\t\t\t\t\t\t\t\t\t<\/div>\n\t\t\t\t\t<\/div>\n\t\t\t\t<\/div>\n\t\t<div data-particle_enable=\"false\" data-particle-mobile-disabled=\"false\" class=\"elementor-element elementor-element-9bf4118 e-flex e-con-boxed e-con e-parent\" data-id=\"9bf4118\" data-element_type=\"container\" data-e-type=\"container\">\n\t\t\t\t\t<div class=\"e-con-inner\">\n\t\t\t\t<div class=\"elementor-element elementor-element-1a9744c elementor-widget elementor-widget-heading\" data-id=\"1a9744c\" data-element_type=\"widget\" data-e-type=\"widget\" data-widget_type=\"heading.default\">\n\t\t\t\t\t<h3 class=\"elementor-heading-title elementor-size-default\">Colorido guatemalteco en 4 de julio por 1a. vez<\/h3>\t\t\t\t<\/div>\n\t\t\t\t\t<\/div>\n\t\t\t\t<\/div>\n\t\t<div data-particle_enable=\"false\" data-particle-mobile-disabled=\"false\" class=\"elementor-element elementor-element-62b29a3 e-flex e-con-boxed e-con e-parent\" data-id=\"62b29a3\" data-element_type=\"container\" data-e-type=\"container\">\n\t\t\t\t\t<div class=\"e-con-inner\">\n\t\t\t\t<div class=\"elementor-element elementor-element-cbb3404 elementor-widget elementor-widget-text-editor\" data-id=\"cbb3404\" data-element_type=\"widget\" data-e-type=\"widget\" data-widget_type=\"text-editor.default\">\n\t\t\t\t\t\t\t\t\t<p>La ciudad de Bethany pertenece al condado de Oklahoma City, tiene alrededor de 21 mil habitantes, de los cuales una cuarta parte son de origen hispano, entre ellos, los guatemaltecos.<\/p><p>&#8220;Yo llegu\u00e9 a Oklahoma en 1992 y esta es la primera vez que la comunidad guatemalteca ha sido invitada a participar en el Desfile de Independencia&#8221;, cuenta De Le\u00f3n Xavier. &#8220;Nunca imagin\u00e9 que en un desfile de Independencia se pudiera dar una invitaci\u00f3n as\u00ed a otro pa\u00eds. Para nosotros es un honor participar en un evento tan significativo para esta naci\u00f3n de tantas oportunidades para tantos guatemaltecos&#8221;, agrega Hilda.<\/p><p>\u00a0<\/p>\t\t\t\t\t\t\t\t<\/div>\n\t\t\t\t\t<\/div>\n\t\t\t\t<\/div>\n\t\t<div data-particle_enable=\"false\" data-particle-mobile-disabled=\"false\" class=\"elementor-element elementor-element-e3d84ef e-flex e-con-boxed e-con e-parent\" data-id=\"e3d84ef\" data-element_type=\"container\" data-e-type=\"container\">\n\t\t\t\t\t<div class=\"e-con-inner\">\n\t\t\t\t<div class=\"elementor-element elementor-element-4a9d1bf elementor-widget elementor-widget-image-gallery\" data-id=\"4a9d1bf\" data-element_type=\"widget\" data-e-type=\"widget\" data-widget_type=\"image-gallery.default\">\n\t\t\t\t\t\t\t<div class=\"elementor-image-gallery\">\n\t\t\t<div id='gallery-1' class='gallery galleryid-7316 gallery-columns-1 gallery-size-large'><figure class='gallery-item'>\n\t\t\t<div class='gallery-icon portrait'>\n\t\t\t\t<img decoding=\"async\" width=\"768\" height=\"1024\" src=\"https:\/\/soymigrante.com\/revista\/wp-content\/uploads\/2024\/07\/acecbdda-b783-4fb9-9382-d4940362ae9a-768x1024.webp\" class=\"attachment-large size-large\" alt=\"Estadounidense con sombrero y banderas en celebraci\u00f3n del D\u00eda de la Independencia de EE. UU. en un desfile patri\u00f3tico, mostrando orgullo por la historia y cultura estadounidense.\" aria-describedby=\"gallery-1-7326\" srcset=\"https:\/\/soymigrante.com\/revista\/wp-content\/uploads\/2024\/07\/acecbdda-b783-4fb9-9382-d4940362ae9a-768x1024.webp 768w, https:\/\/soymigrante.com\/revista\/wp-content\/uploads\/2024\/07\/acecbdda-b783-4fb9-9382-d4940362ae9a-225x300.webp 225w, https:\/\/soymigrante.com\/revista\/wp-content\/uploads\/2024\/07\/acecbdda-b783-4fb9-9382-d4940362ae9a-1152x1536.webp 1152w, https:\/\/soymigrante.com\/revista\/wp-content\/uploads\/2024\/07\/acecbdda-b783-4fb9-9382-d4940362ae9a-750x1000.jpg 750w, https:\/\/soymigrante.com\/revista\/wp-content\/uploads\/2024\/07\/acecbdda-b783-4fb9-9382-d4940362ae9a-1140x1520.jpg 1140w, https:\/\/soymigrante.com\/revista\/wp-content\/uploads\/2024\/07\/acecbdda-b783-4fb9-9382-d4940362ae9a.webp 1440w\" sizes=\"(max-width: 768px) 100vw, 768px\" title=\"M\u00edster Oklahoma, Brian de Le\u00f3n, es un joven de familia migrante  guatemalteca que tambi\u00e9n se hizo presente al desfile. \u2013 SoyMigrante.com REVISTA\" \/>\n\t\t\t<\/div>\n\t\t\t\t<figcaption class='wp-caption-text gallery-caption' id='gallery-1-7326'>\n\t\t\t\tCelebraci\u00f3n del D\u00eda de la Independencia en Estados Unidos con desfiles y decoraciones patri\u00f3ticas, resaltando el orgullo y la cultura estadounidense en un evento p\u00fablico.\n\t\t\t\t<\/figcaption><\/figure><figure class='gallery-item'>\n\t\t\t<div class='gallery-icon portrait'>\n\t\t\t\t<img loading=\"lazy\" decoding=\"async\" width=\"768\" height=\"965\" src=\"https:\/\/soymigrante.com\/revista\/wp-content\/uploads\/2024\/07\/0fc4a5ef-aab8-4ad8-b20e-c9bdc72d1292-815x1024.webp\" class=\"attachment-large size-large\" alt=\"Diversidad cultural y tradiciones mexicanas en la celebraci\u00f3n en un cami\u00f3n con personas disfrazadas y s\u00edmbolo de homenaje a la cultura mexicana, en la revista SoyMigrante.com REVISTA.\" aria-describedby=\"gallery-1-7328\" srcset=\"https:\/\/soymigrante.com\/revista\/wp-content\/uploads\/2024\/07\/0fc4a5ef-aab8-4ad8-b20e-c9bdc72d1292-815x1024.webp 815w, https:\/\/soymigrante.com\/revista\/wp-content\/uploads\/2024\/07\/0fc4a5ef-aab8-4ad8-b20e-c9bdc72d1292-239x300.webp 239w, https:\/\/soymigrante.com\/revista\/wp-content\/uploads\/2024\/07\/0fc4a5ef-aab8-4ad8-b20e-c9bdc72d1292-768x965.jpg 768w, https:\/\/soymigrante.com\/revista\/wp-content\/uploads\/2024\/07\/0fc4a5ef-aab8-4ad8-b20e-c9bdc72d1292-750x943.jpg 750w, https:\/\/soymigrante.com\/revista\/wp-content\/uploads\/2024\/07\/0fc4a5ef-aab8-4ad8-b20e-c9bdc72d1292-1140x1433.jpg 1140w, https:\/\/soymigrante.com\/revista\/wp-content\/uploads\/2024\/07\/0fc4a5ef-aab8-4ad8-b20e-c9bdc72d1292.webp 1222w\" sizes=\"(max-width: 768px) 100vw, 768px\" title=\"Don Benvenuto Barrios y su  sobrino  Rudy Barrios interpretaron la marimba durante el desfile de Independencia en Oklahoma. Les acompa\u00f1a Jessica Cifuentes Reina Cultural. (Foto Guatemaltecos en Oklahoma) \u2013 SoyMigrante.com REVISTA\" \/>\n\t\t\t<\/div>\n\t\t\t\t<figcaption class='wp-caption-text gallery-caption' id='gallery-1-7328'>\n\t\t\t\tCelebraci\u00f3n cultural con personas vestidas con trajes tradicionales en una festividad en un parque.\n\t\t\t\t<\/figcaption><\/figure><figure class='gallery-item'>\n\t\t\t<div class='gallery-icon portrait'>\n\t\t\t\t<img loading=\"lazy\" decoding=\"async\" width=\"768\" height=\"1024\" src=\"https:\/\/soymigrante.com\/revista\/wp-content\/uploads\/2024\/07\/7574d7f5-91db-450d-ae79-d4d537e3f2f8-768x1024.webp\" class=\"attachment-large size-large\" alt=\"Celebraci\u00f3n del D\u00eda de la Independencia en Estados Unidos con una familia multicultural en un veh\u00edculo decorado con banderas americanas.\" aria-describedby=\"gallery-1-7323\" srcset=\"https:\/\/soymigrante.com\/revista\/wp-content\/uploads\/2024\/07\/7574d7f5-91db-450d-ae79-d4d537e3f2f8-768x1024.webp 768w, https:\/\/soymigrante.com\/revista\/wp-content\/uploads\/2024\/07\/7574d7f5-91db-450d-ae79-d4d537e3f2f8-225x300.webp 225w, https:\/\/soymigrante.com\/revista\/wp-content\/uploads\/2024\/07\/7574d7f5-91db-450d-ae79-d4d537e3f2f8-1152x1536.webp 1152w, https:\/\/soymigrante.com\/revista\/wp-content\/uploads\/2024\/07\/7574d7f5-91db-450d-ae79-d4d537e3f2f8-750x1000.webp 750w, https:\/\/soymigrante.com\/revista\/wp-content\/uploads\/2024\/07\/7574d7f5-91db-450d-ae79-d4d537e3f2f8-1140x1520.webp 1140w, https:\/\/soymigrante.com\/revista\/wp-content\/uploads\/2024\/07\/7574d7f5-91db-450d-ae79-d4d537e3f2f8.webp 1440w\" sizes=\"(max-width: 768px) 100vw, 768px\" title=\"Familias de la comunidad guatemalteca festejaron el orgullo de ser chapines y el esp\u00edritu de libertad propio de cada 4 de julio en EE.UU: \u2013 SoyMigrante.com REVISTA\" \/>\n\t\t\t<\/div>\n\t\t\t\t<figcaption class='wp-caption-text gallery-caption' id='gallery-1-7323'>\n\t\t\t\tUn grupo de familiares celebra el D\u00eda de la Independencia en un desfile patri\u00f3tico en Estados Unidos, mostrando orgullo nacional con banderas y vestimenta tem\u00e1tica americana.\n\t\t\t\t<\/figcaption><\/figure><figure class='gallery-item'>\n\t\t\t<div class='gallery-icon portrait'>\n\t\t\t\t<img loading=\"lazy\" decoding=\"async\" width=\"768\" height=\"1024\" src=\"https:\/\/soymigrante.com\/revista\/wp-content\/uploads\/2024\/07\/a54e36c5-f49f-48ef-980f-5530c5fbc1e9-768x1024.webp\" class=\"attachment-large size-large\" alt=\"Ni\u00f1a hispana vestida con traje tradicional y corona, participando en celebraci\u00f3n patri\u00f3tica en Estados Unidos con banderas y decoraci\u00f3n de tem\u00e1tica americana, promoviendo la cultura hispana y los valores de la comunidad migrante.\" aria-describedby=\"gallery-1-7325\" srcset=\"https:\/\/soymigrante.com\/revista\/wp-content\/uploads\/2024\/07\/a54e36c5-f49f-48ef-980f-5530c5fbc1e9-768x1024.webp 768w, https:\/\/soymigrante.com\/revista\/wp-content\/uploads\/2024\/07\/a54e36c5-f49f-48ef-980f-5530c5fbc1e9-225x300.webp 225w, https:\/\/soymigrante.com\/revista\/wp-content\/uploads\/2024\/07\/a54e36c5-f49f-48ef-980f-5530c5fbc1e9-1152x1536.webp 1152w, https:\/\/soymigrante.com\/revista\/wp-content\/uploads\/2024\/07\/a54e36c5-f49f-48ef-980f-5530c5fbc1e9-750x1000.webp 750w, https:\/\/soymigrante.com\/revista\/wp-content\/uploads\/2024\/07\/a54e36c5-f49f-48ef-980f-5530c5fbc1e9-1140x1520.webp 1140w, https:\/\/soymigrante.com\/revista\/wp-content\/uploads\/2024\/07\/a54e36c5-f49f-48ef-980f-5530c5fbc1e9.webp 1440w\" sizes=\"(max-width: 768px) 100vw, 768px\" title=\"Tambi\u00e9n Eyli, la Ni\u00f1a Monja Blanca Oklahoma guatemalteca se sum\u00f3 a la caravana \u2013 SoyMigrante.com REVISTA\" \/>\n\t\t\t<\/div>\n\t\t\t\t<figcaption class='wp-caption-text gallery-caption' id='gallery-1-7325'>\n\t\t\t\tNi\u00f1a disfrazada de cultura mexicana y simbolizando la celebraci\u00f3n estadounidense, con banderas y decoraciones patri\u00f3ticas en un evento comunitario.\n\t\t\t\t<\/figcaption><\/figure><figure class='gallery-item'>\n\t\t\t<div class='gallery-icon portrait'>\n\t\t\t\t<img loading=\"lazy\" decoding=\"async\" width=\"768\" height=\"1024\" src=\"https:\/\/soymigrante.com\/revista\/wp-content\/uploads\/2024\/07\/b0f474fb-17fd-4db8-a75d-695928a43d46-768x1024.webp\" class=\"attachment-large size-large\" alt=\"Ni\u00f1a con corona, bandera y accesorios patri\u00f3ticos en celebraci\u00f3n del D\u00eda de la Independencia de M\u00e9xico.\" aria-describedby=\"gallery-1-7329\" srcset=\"https:\/\/soymigrante.com\/revista\/wp-content\/uploads\/2024\/07\/b0f474fb-17fd-4db8-a75d-695928a43d46-768x1024.webp 768w, https:\/\/soymigrante.com\/revista\/wp-content\/uploads\/2024\/07\/b0f474fb-17fd-4db8-a75d-695928a43d46-225x300.webp 225w, https:\/\/soymigrante.com\/revista\/wp-content\/uploads\/2024\/07\/b0f474fb-17fd-4db8-a75d-695928a43d46-1152x1536.webp 1152w, https:\/\/soymigrante.com\/revista\/wp-content\/uploads\/2024\/07\/b0f474fb-17fd-4db8-a75d-695928a43d46-750x1000.webp 750w, https:\/\/soymigrante.com\/revista\/wp-content\/uploads\/2024\/07\/b0f474fb-17fd-4db8-a75d-695928a43d46-1140x1520.webp 1140w, https:\/\/soymigrante.com\/revista\/wp-content\/uploads\/2024\/07\/b0f474fb-17fd-4db8-a75d-695928a43d46.webp 1440w\" sizes=\"(max-width: 768px) 100vw, 768px\" title=\"Damileydi Maldonado Miss Guatemala Oklahoma 2023-2024, form\u00f3 parte de la vistosa caravana del D\u00eda de la Independencia. \u2013 SoyMigrante.com REVISTA\" \/>\n\t\t\t<\/div>\n\t\t\t\t<figcaption class='wp-caption-text gallery-caption' id='gallery-1-7329'>\n\t\t\t\tCelebraci\u00f3n del D\u00eda de la Independencia con ni\u00f1a vestida con s\u00edmbolos patrios y accesorios de fiesta.\n\t\t\t\t<\/figcaption><\/figure>\n\t\t<\/div>\n\t\t<\/div>\n\t\t\t\t\t\t<\/div>\n\t\t\t\t\t<\/div>\n\t\t\t\t<\/div>\n\t\t<div data-particle_enable=\"false\" data-particle-mobile-disabled=\"false\" class=\"elementor-element elementor-element-4f3b915 e-flex e-con-boxed e-con e-parent\" data-id=\"4f3b915\" data-element_type=\"container\" data-e-type=\"container\">\n\t\t\t\t\t<div class=\"e-con-inner\">\n\t\t\t\t<div class=\"elementor-element elementor-element-0b359d2 elementor-widget elementor-widget-text-editor\" data-id=\"0b359d2\" data-element_type=\"widget\" data-e-type=\"widget\" data-widget_type=\"text-editor.default\">\n\t\t\t\t\t\t\t\t\t<p>La carroza guatemalteca fue decorada con banderas de Estados Unidos y en ella iban tambi\u00e9n varios ni\u00f1os, de familia guatemalteca, nacidos en EE.UU. Pero tambi\u00e9n se resalt\u00f3 la Monja Blanca, s\u00edmbolo nacional y la bandera de Guatemala. &#8220;Nunca olvidamos nuestro pa\u00eds de origen y llevamos ambas culturas en el coraz\u00f3n&#8221;, expresa Hilda de Le\u00f3n.<\/p><p>&#8220;Algunos no pudieron venir, porque les toc\u00f3 trabajar&#8221;, dijo Betty Barrios, Se\u00f1ora Oklahoma Guatemala, quien iba en uno de los veh\u00edculos de la caravana.<\/p>\t\t\t\t\t\t\t\t<\/div>\n\t\t\t\t\t<\/div>\n\t\t\t\t<\/div>\n\t\t<div data-particle_enable=\"false\" data-particle-mobile-disabled=\"false\" class=\"elementor-element elementor-element-12048e1 e-flex e-con-boxed e-con e-parent\" data-id=\"12048e1\" data-element_type=\"container\" data-e-type=\"container\">\n\t\t\t\t\t<div class=\"e-con-inner\">\n\t\t\t\t<div class=\"elementor-element elementor-element-d003b18 elementor-widget elementor-widget-facebook-embed\" data-id=\"d003b18\" data-element_type=\"widget\" data-e-type=\"widget\" data-widget_type=\"facebook-embed.default\">\n\t\t\t\t\t<div style=\"min-height: 1px\" class=\"elementor-facebook-widget fb-video\" data-href=\"https:\/\/www.facebook.com\/100010164071257\/videos\/543695121319101\" data-show-text=\"false\" data-allowfullscreen=\"false\" data-autoplay=\"false\" data-show-captions=\"false\"><\/div>\t\t\t\t<\/div>\n\t\t\t\t\t<\/div>\n\t\t\t\t<\/div>\n\t\t<div data-particle_enable=\"false\" data-particle-mobile-disabled=\"false\" class=\"elementor-element elementor-element-684a90d e-flex e-con-boxed e-con e-parent\" data-id=\"684a90d\" data-element_type=\"container\" data-e-type=\"container\">\n\t\t\t\t\t<div class=\"e-con-inner\">\n\t\t\t\t<div class=\"elementor-element elementor-element-9aa12fc elementor-widget elementor-widget-heading\" data-id=\"9aa12fc\" data-element_type=\"widget\" data-e-type=\"widget\" data-widget_type=\"heading.default\">\n\t\t\t\t\t<h2 class=\"elementor-heading-title elementor-size-default\">Guatemala se lleva en el alma<\/h2>\t\t\t\t<\/div>\n\t\t\t\t\t<\/div>\n\t\t\t\t<\/div>\n\t\t<div data-particle_enable=\"false\" data-particle-mobile-disabled=\"false\" class=\"elementor-element elementor-element-45efb5e e-flex e-con-boxed e-con e-parent\" data-id=\"45efb5e\" data-element_type=\"container\" data-e-type=\"container\">\n\t\t\t\t\t<div class=\"e-con-inner\">\n\t\t\t\t<div class=\"elementor-element elementor-element-15307f7 elementor-widget elementor-widget-blfe-post-grid\" data-id=\"15307f7\" data-element_type=\"widget\" data-e-type=\"widget\" data-settings=\"{&quot;columns&quot;:&quot;3&quot;,&quot;columns_tablet&quot;:&quot;6&quot;,&quot;columns_mobile&quot;:&quot;12&quot;,&quot;hero1_layout_column_gap&quot;:{&quot;unit&quot;:&quot;px&quot;,&quot;size&quot;:30,&quot;sizes&quot;:[]},&quot;hero1_layout_column_gap_tablet&quot;:{&quot;unit&quot;:&quot;px&quot;,&quot;size&quot;:&quot;&quot;,&quot;sizes&quot;:[]},&quot;hero1_layout_column_gap_mobile&quot;:{&quot;unit&quot;:&quot;px&quot;,&quot;size&quot;:&quot;&quot;,&quot;sizes&quot;:[]},&quot;hero1_layout_row_gap&quot;:{&quot;unit&quot;:&quot;px&quot;,&quot;size&quot;:30,&quot;sizes&quot;:[]},&quot;hero1_layout_row_gap_tablet&quot;:{&quot;unit&quot;:&quot;px&quot;,&quot;size&quot;:&quot;&quot;,&quot;sizes&quot;:[]},&quot;hero1_layout_row_gap_mobile&quot;:{&quot;unit&quot;:&quot;px&quot;,&quot;size&quot;:&quot;&quot;,&quot;sizes&quot;:[]}}\" data-widget_type=\"blfe-post-grid.hero1\">\n\t\t\t\t<div class=\"elementor-widget-container\">\n\t\t\t\t\t\n                        <div class=\"blfe-post-grid-container \">\n            \n                <div data-skin=\"hero1\" class=\"blfe-row blfe-posts-inner blfe-hero1 blfe-posts-inner blfe-col-3 blfe-col-tab-6 blfe-col-mob-12     \">\n                            <div class=\"blfe-post-grid-item\">\n            <div class=\"blfe-post-grid-item-inner blfe-modern-zoom\">\n                        <div class=\"blfe-post-grid-bg-image\">\n            <a class=\"blfe-post-grid-image-inner\" href=\"https:\/\/soymigrante.com\/revista\/cuando-surgio-el-poema-de-la-jura-a-la-bandera-y-quien-es-su-autor\/\" title=\"\u00bfCu\u00e1ndo surgi\u00f3 el poema de la Jura a la Bandera y qui\u00e9n es su autor?\" rel=\"nofollow\" target=\"_blank\"><img decoding=\"async\" src=\"https:\/\/soymigrante.com\/revista\/wp-content\/uploads\/2025\/09\/jura-a-la-bandera-alberto-velasquez-gunther.png\" alt=\"\u00bfCu\u00e1ndo surgi\u00f3 el poema de la Jura a la Bandera y qui\u00e9n es su autor?\"\/><\/a>        <\/div>\n                        <div class=\"blfe-post-grid-details\">\n                    <div class=\"blfe-post-grid-details-inner\">\n                        <span class=\"blfe-post-category\"><a href=\"https:\/\/soymigrante.com\/revista\/category\/guate-nuestra\/\">Guate Nuestra<\/a><\/span>                        <h3 class=\"blfe-post-grid-title\">\n            <a href=\"https:\/\/soymigrante.com\/revista\/cuando-surgio-el-poema-de-la-jura-a-la-bandera-y-quien-es-su-autor\/\" title=\"\u00bfCu\u00e1ndo surgi\u00f3 el poema de la Jura a la Bandera y qui\u00e9n es su autor?\" rel=\"nofollow\" target=\"_blank\">\u00bfCu\u00e1ndo surgi\u00f3 el poema de la Jura a la Bandera y qui\u00e9n es su autor?<\/a>\n            <\/h3>                                                                                            <\/div>\n                <\/div>\n\n            <\/div>\n        <\/div>\n                <div class=\"blfe-post-grid-item\">\n            <div class=\"blfe-post-grid-item-inner blfe-modern-zoom\">\n                        <div class=\"blfe-post-grid-bg-image\">\n            <a class=\"blfe-post-grid-image-inner\" href=\"https:\/\/soymigrante.com\/revista\/guia-de-los-7-simbolos-patrios-de-guatemala-origen-fechas-y-mas\/\" title=\"Gu\u00eda de los 7 S\u00edmbolos Patrios de Guatemala: origen, fechas y m\u00e1s\" rel=\"nofollow\" target=\"_blank\"><img decoding=\"async\" src=\"https:\/\/soymigrante.com\/revista\/wp-content\/uploads\/2025\/08\/migrantes-guatemaltecos-quetzal-fotografia-marcos-zarate.webp\" alt=\"Gu\u00eda de los 7 S\u00edmbolos Patrios de Guatemala: origen, fechas y m\u00e1s\"\/><\/a>        <\/div>\n                        <div class=\"blfe-post-grid-details\">\n                    <div class=\"blfe-post-grid-details-inner\">\n                        <span class=\"blfe-post-category\"><a href=\"https:\/\/soymigrante.com\/revista\/category\/guate-nuestra\/simbolos-patrios-guate-nuestra\/\">S\u00edmbolos patrios<\/a><\/span>                        <h3 class=\"blfe-post-grid-title\">\n            <a href=\"https:\/\/soymigrante.com\/revista\/guia-de-los-7-simbolos-patrios-de-guatemala-origen-fechas-y-mas\/\" title=\"Gu\u00eda de los 7 S\u00edmbolos Patrios de Guatemala: origen, fechas y m\u00e1s\" rel=\"nofollow\" target=\"_blank\">Gu\u00eda de los 7 S\u00edmbolos Patrios de Guatemala: origen, fechas y m\u00e1s<\/a>\n            <\/h3>                                                                                            <\/div>\n                <\/div>\n\n            <\/div>\n        <\/div>\n                <div class=\"blfe-post-grid-item\">\n            <div class=\"blfe-post-grid-item-inner blfe-modern-zoom\">\n                        <div class=\"blfe-post-grid-bg-image\">\n            <a class=\"blfe-post-grid-image-inner\" href=\"https:\/\/soymigrante.com\/revista\/estreno-del-himno-nacional-de-guatemala-en-1897-fue-revivido-en-el-conservatorio-de-musica-escuchalo\/\" title=\"Estreno del Himno Nacional de Guatemala en 1897 fue revivido en el Conservatorio de M\u00fasica \u00a1Esc\u00fachalo!\" rel=\"nofollow\" target=\"_blank\"><img decoding=\"async\" src=\"https:\/\/soymigrante.com\/revista\/wp-content\/uploads\/2025\/03\/recreacoin-estreno-himno-nacional.webp\" alt=\"Estreno del Himno Nacional de Guatemala en 1897 fue revivido en el Conservatorio de M\u00fasica \u00a1Esc\u00fachalo!\"\/><\/a>        <\/div>\n                        <div class=\"blfe-post-grid-details\">\n                    <div class=\"blfe-post-grid-details-inner\">\n                        <span class=\"blfe-post-category\"><a href=\"https:\/\/soymigrante.com\/revista\/category\/guate-nuestra\/simbolos-patrios-guate-nuestra\/\">S\u00edmbolos patrios<\/a><\/span>                        <h3 class=\"blfe-post-grid-title\">\n            <a href=\"https:\/\/soymigrante.com\/revista\/estreno-del-himno-nacional-de-guatemala-en-1897-fue-revivido-en-el-conservatorio-de-musica-escuchalo\/\" title=\"Estreno del Himno Nacional de Guatemala en 1897 fue revivido en el Conservatorio de M\u00fasica \u00a1Esc\u00fachalo!\" rel=\"nofollow\" target=\"_blank\">Estreno del Himno Nacional de Guatemala en 1897 fue revivido en el Conservatorio de M\u00fasica \u00a1Esc\u00fachalo!<\/a>\n            <\/h3>                                                                                            <\/div>\n                <\/div>\n\n            <\/div>\n        <\/div>\n                        <\/div>\n\n                        <\/div>\n            \n                        <div class=\"blfe-post-footer\">\n                        <\/div>\n            \t\t\t\t<\/div>\n\t\t\t\t<\/div>\n\t\t\t\t\t<\/div>\n\t\t\t\t<\/div>\n\t\t\t\t<\/div>\n\t\t","protected":false},"excerpt":{"rendered":"<p>Haciendo gala de su identidad multicultural, migrantes guatemaltecos residentes en Oklahoma participaron en el desfile del 4 de julio en la ciudad de Bethany, por invitaci\u00f3n del alcalde. Im\u00e1genes y detalles. La marimba guatemalteca figur\u00f3 en uno de los veh\u00edculos participantes en el desfile de Independencia de los Estados Unidos en Bethany, Oklahoma. La alcald\u00eda [&hellip;]<\/p>\n","protected":false},"author":7,"featured_media":7317,"comment_status":"open","ping_status":"open","sticky":false,"template":"","format":"standard","meta":{"_acf_changed":true,"_eb_attr":"","footnotes":""},"categories":[54],"tags":[],"class_list":["post-7316","post","type-post","status-publish","format-standard","has-post-thumbnail","hentry","category-estamos-unidos"],"acf":[],"aioseo_notices":[],"aioseo_head":"\n\t\t<!-- All in One SEO Pro 4.9.6.2 - aioseo.com -->\n\t<meta name=\"description\" content=\"En 1897 se estren\u00f3 el Himno Nacional de Guatemala. Lo cant\u00f3 el coro del Conservatorio y la Banda Marcial. Estudiantes y maestros reviven aquella ocasi\u00f3n \u00a1Escuchalo!\" \/>\n\t<meta name=\"robots\" content=\"max-snippet:-1, max-image-preview:large, max-video-preview:-1\" \/>\n\t<meta name=\"author\" content=\"Gustavo Montenegro\"\/>\n\t<link rel=\"canonical\" href=\"https:\/\/soymigrante.com\/revista\/estreno-del-himno-nacional-de-guatemala-en-1897-fue-revivido-en-el-conservatorio-de-musica-escuchalo\/\" \/>\n\t<meta name=\"generator\" content=\"All in One SEO Pro (AIOSEO) 4.9.6.2\" \/>\n\n\t\t<link rel=\"preconnect\" href=\"https:\/\/fonts.googleapis.com\" crossorigin>\n<link rel=\"preconnect\" href=\"https:\/\/fonts.gstatic.com\" crossorigin>\n\t\t<meta property=\"og:locale\" content=\"es_ES\" \/>\n\t\t<meta property=\"og:site_name\" content=\"SoyMigrante.com REVISTA \u2013 Nuestra misi\u00f3n es reconocer y dignificar al migrante.\" \/>\n\t\t<meta property=\"og:type\" content=\"article\" \/>\n\t\t<meta property=\"og:title\" content=\"Estudiantes recrean estreno de Himno Nacional de Guatemala \u00a1Oye!\" \/>\n\t\t<meta property=\"og:description\" content=\"En 1897 se estren\u00f3 el Himno Nacional de Guatemala. Lo cant\u00f3 el coro del Conservatorio y la Banda Marcial. Estudiantes y maestros reviven aquella ocasi\u00f3n \u00a1Escuchalo!\" \/>\n\t\t<meta property=\"og:url\" content=\"https:\/\/soymigrante.com\/revista\/estreno-del-himno-nacional-de-guatemala-en-1897-fue-revivido-en-el-conservatorio-de-musica-escuchalo\/\" \/>\n\t\t<meta property=\"og:image\" content=\"https:\/\/soymigrante.com\/revista\/wp-content\/uploads\/2025\/03\/recreacoin-estreno-himno-nacional.webp\" \/>\n\t\t<meta property=\"og:image:secure_url\" content=\"https:\/\/soymigrante.com\/revista\/wp-content\/uploads\/2025\/03\/recreacoin-estreno-himno-nacional.webp\" \/>\n\t\t<meta property=\"og:image:width\" content=\"425\" \/>\n\t\t<meta property=\"og:image:height\" content=\"422\" \/>\n\t\t<meta property=\"article:published_time\" content=\"2025-03-13T16:47:31+00:00\" \/>\n\t\t<meta property=\"article:modified_time\" content=\"2025-09-10T19:19:31+00:00\" \/>\n\t\t<meta property=\"article:publisher\" content=\"https:\/\/www.facebook.com\/soymigrantecom\" \/>\n\t\t<meta name=\"twitter:card\" content=\"summary_large_image\" \/>\n\t\t<meta name=\"twitter:site\" content=\"@SoyMigrante_com\" \/>\n\t\t<meta name=\"twitter:title\" content=\"Estudiantes recrean estreno de Himno Nacional de Guatemala \u00a1Oye!\" \/>\n\t\t<meta name=\"twitter:description\" content=\"En 1897 se estren\u00f3 el Himno Nacional de Guatemala. Lo cant\u00f3 el coro del Conservatorio y la Banda Marcial. Estudiantes y maestros reviven aquella ocasi\u00f3n \u00a1Escuchalo!\" \/>\n\t\t<meta name=\"twitter:creator\" content=\"@SoyMigrante_com\" \/>\n\t\t<meta name=\"twitter:image\" content=\"https:\/\/soymigrante.com\/revista\/wp-content\/uploads\/2025\/03\/recreacoin-estreno-himno-nacional.webp\" \/>\n\t\t<!-- All in One SEO Pro -->\r\n\t\t<title>Estudiantes recrean estreno de Himno Nacional de Guatemala \u00a1Oye!<\/title>\n\n","aioseo_head_json":{"title":"Estudiantes recrean estreno de Himno Nacional de Guatemala \u00a1Oye!","description":"En 1897 se estren\u00f3 el Himno Nacional de Guatemala. Lo cant\u00f3 el coro del Conservatorio y la Banda Marcial. Estudiantes y maestros reviven aquella ocasi\u00f3n \u00a1Escuchalo!","canonical_url":"https:\/\/soymigrante.com\/revista\/estreno-del-himno-nacional-de-guatemala-en-1897-fue-revivido-en-el-conservatorio-de-musica-escuchalo\/","robots":"max-snippet:-1, max-image-preview:large, max-video-preview:-1","keywords":"","webmasterTools":{"miscellaneous":"&lt;link rel=\"preconnect\" href=\"https:\/\/fonts.googleapis.com\" crossorigin&gt;\n&lt;link rel=\"preconnect\" href=\"https:\/\/fonts.gstatic.com\" crossorigin&gt;"},"schema":null,"og:locale":"es_ES","og:site_name":"SoyMigrante.com REVISTA \u2013 Nuestra misi\u00f3n es reconocer y dignificar al migrante.","og:type":"article","og:title":"Estudiantes recrean estreno de Himno Nacional de Guatemala \u00a1Oye!","og:description":"En 1897 se estren\u00f3 el Himno Nacional de Guatemala. Lo cant\u00f3 el coro del Conservatorio y la Banda Marcial. Estudiantes y maestros reviven aquella ocasi\u00f3n \u00a1Escuchalo!","og:url":"https:\/\/soymigrante.com\/revista\/estreno-del-himno-nacional-de-guatemala-en-1897-fue-revivido-en-el-conservatorio-de-musica-escuchalo\/","og:image":"https:\/\/soymigrante.com\/revista\/wp-content\/uploads\/2025\/03\/recreacoin-estreno-himno-nacional.webp","og:image:secure_url":"https:\/\/soymigrante.com\/revista\/wp-content\/uploads\/2025\/03\/recreacoin-estreno-himno-nacional.webp","og:image:width":425,"og:image:height":422,"article:published_time":"2025-03-13T16:47:31+00:00","article:modified_time":"2025-09-10T19:19:31+00:00","article:publisher":"https:\/\/www.facebook.com\/soymigrantecom","twitter:card":"summary_large_image","twitter:site":"@SoyMigrante_com","twitter:title":"Estudiantes recrean estreno de Himno Nacional de Guatemala \u00a1Oye!","twitter:description":"En 1897 se estren\u00f3 el Himno Nacional de Guatemala. Lo cant\u00f3 el coro del Conservatorio y la Banda Marcial. Estudiantes y maestros reviven aquella ocasi\u00f3n \u00a1Escuchalo!","twitter:creator":"@SoyMigrante_com","twitter:image":"https:\/\/soymigrante.com\/revista\/wp-content\/uploads\/2025\/03\/recreacoin-estreno-himno-nacional.webp"},"aioseo_meta_data":{"post_id":"7316","title":null,"description":"#post_excerpt La comunidad guatemalteca fue invitada por el alcalde de Bethany, Oklahoma, al festejo de independencia este 2024. Son\u00f3 la marimba y lucieron trajes ind\u00edgenas.","keywords":null,"keyphrases":{"focus":{"keyphrase":"Chapines","score":69,"analysis":{"keyphraseInTitle":{"score":9,"maxScore":9,"error":0},"keyphraseInDescription":{"score":9,"maxScore":9,"error":0},"keyphraseLength":{"score":9,"maxScore":9,"error":0,"length":1},"keyphraseInURL":{"score":5,"maxScore":5,"error":0},"keyphraseInIntroduction":{"score":3,"maxScore":9,"error":1},"keyphraseInSubHeadings":{"score":3,"maxScore":9,"error":1},"keyphraseInImageAlt":{"score":9,"maxScore":9,"error":0},"keywordDensity":{"score":0,"type":"low","maxScore":9,"error":1}}},"additional":[{"keyphrase":"4 de julio","score":67,"analysis":{"keyphraseInDescription":{"score":9,"maxScore":9,"error":0},"keyphraseLength":{"score":9,"maxScore":9,"error":0,"length":3},"keyphraseInIntroduction":{"score":3,"maxScore":9,"error":1},"keyphraseInImageAlt":{"score":9,"maxScore":9,"error":0},"keywordDensity":{"score":0,"type":"low","maxScore":9,"error":1}}}]},"primary_term":null,"canonical_url":null,"og_title":null,"og_description":null,"og_object_type":"default","og_image_type":"default","og_image_url":null,"og_image_width":null,"og_image_height":null,"og_image_custom_url":null,"og_image_custom_fields":null,"og_video":"","og_custom_url":null,"og_article_section":null,"og_article_tags":null,"twitter_use_og":false,"twitter_card":"default","twitter_image_type":"default","twitter_image_url":null,"twitter_image_custom_url":null,"twitter_image_custom_fields":null,"twitter_title":null,"twitter_description":null,"schema":{"blockGraphs":[],"customGraphs":[],"default":{"data":{"Article":[],"Course":[],"Dataset":[],"FAQPage":[],"Movie":[],"Person":[],"Product":[],"ProductReview":[],"Car":[],"Recipe":[],"Service":[],"SoftwareApplication":[],"WebPage":[]},"graphName":"Article","isEnabled":true},"graphs":[]},"schema_type":"default","schema_type_options":null,"pillar_content":false,"robots_default":true,"robots_noindex":false,"robots_noarchive":false,"robots_nosnippet":false,"robots_nofollow":false,"robots_noimageindex":false,"robots_noodp":false,"robots_notranslate":false,"robots_max_snippet":"-1","robots_max_videopreview":"-1","robots_max_imagepreview":"large","priority":null,"frequency":"default","local_seo":null,"seo_analyzer_scan_date":"2025-10-08 22:13:29","breadcrumb_settings":null,"limit_modified_date":false,"reviewed_by":null,"open_ai":"{\"title\":{\"suggestions\":[],\"usage\":0},\"description\":{\"suggestions\":[],\"usage\":0}}","ai":null,"created":"2024-07-04 23:13:58","updated":"2026-02-04 12:24:24"},"aioseo_breadcrumb":"<div class=\"aioseo-breadcrumbs\"><span class=\"aioseo-breadcrumb\">\n\t<a href=\"https:\/\/soymigrante.com\/revista\" title=\"Home\">Home<\/a>\n<\/span><span class=\"aioseo-breadcrumb-separator\">\u00bb<\/span><span class=\"aioseo-breadcrumb\">\n\t<a href=\"https:\/\/soymigrante.com\/revista\/category\/estamos-unidos\/\" title=\"Estamos Unidos\">Estamos Unidos<\/a>\n<\/span><span class=\"aioseo-breadcrumb-separator\">\u00bb<\/span><span class=\"aioseo-breadcrumb\">\n\tChapines participan en festejo del 4 de julio en Oklahoma\n<\/span><\/div>","aioseo_breadcrumb_json":[{"label":"Home","link":"https:\/\/soymigrante.com\/revista"},{"label":"Estamos Unidos","link":"https:\/\/soymigrante.com\/revista\/category\/estamos-unidos\/"},{"label":"Chapines participan en festejo del 4 de julio en Oklahoma","link":"https:\/\/soymigrante.com\/revista\/chapines-participan-en-festejo-del-4-de-julio-en-oklahoma\/"}],"_links":{"self":[{"href":"https:\/\/soymigrante.com\/revista\/wp-json\/wp\/v2\/posts\/7316","targetHints":{"allow":["GET"]}}],"collection":[{"href":"https:\/\/soymigrante.com\/revista\/wp-json\/wp\/v2\/posts"}],"about":[{"href":"https:\/\/soymigrante.com\/revista\/wp-json\/wp\/v2\/types\/post"}],"author":[{"embeddable":true,"href":"https:\/\/soymigrante.com\/revista\/wp-json\/wp\/v2\/users\/7"}],"replies":[{"embeddable":true,"href":"https:\/\/soymigrante.com\/revista\/wp-json\/wp\/v2\/comments?post=7316"}],"version-history":[{"count":0,"href":"https:\/\/soymigrante.com\/revista\/wp-json\/wp\/v2\/posts\/7316\/revisions"}],"wp:featuredmedia":[{"embeddable":true,"href":"https:\/\/soymigrante.com\/revista\/wp-json\/wp\/v2\/media\/7317"}],"wp:attachment":[{"href":"https:\/\/soymigrante.com\/revista\/wp-json\/wp\/v2\/media?parent=7316"}],"wp:term":[{"taxonomy":"category","embeddable":true,"href":"https:\/\/soymigrante.com\/revista\/wp-json\/wp\/v2\/categories?post=7316"},{"taxonomy":"post_tag","embeddable":true,"href":"https:\/\/soymigrante.com\/revista\/wp-json\/wp\/v2\/tags?post=7316"}],"curies":[{"name":"wp","href":"https:\/\/api.w.org\/{rel}","templated":true}]}}