{"id":7200,"date":"2024-07-02T07:38:09","date_gmt":"2024-07-02T13:38:09","guid":{"rendered":"https:\/\/soymigrante.com\/revista\/?p=7200"},"modified":"2024-07-26T20:05:55","modified_gmt":"2024-07-27T02:05:55","slug":"que-cosas-puedo-llevar-en-mi-maleta-de-mano","status":"publish","type":"post","link":"https:\/\/soymigrante.com\/revista\/que-cosas-puedo-llevar-en-mi-maleta-de-mano\/","title":{"rendered":"\u00bfQu\u00e9 cosas puedo llevar en mi maleta de mano?"},"content":{"rendered":"\t\t<div data-elementor-type=\"wp-post\" data-elementor-id=\"7200\" class=\"elementor elementor-7200\" data-elementor-post-type=\"post\">\n\t\t\t\t<div data-particle_enable=\"false\" data-particle-mobile-disabled=\"false\" class=\"elementor-element elementor-element-2691c1a e-flex e-con-boxed e-con e-parent\" data-id=\"2691c1a\" data-element_type=\"container\" data-e-type=\"container\">\n\t\t\t\t\t<div class=\"e-con-inner\">\n\t\t\t\t<div class=\"elementor-element elementor-element-e97a670 elementor-widget elementor-widget-heading\" data-id=\"e97a670\" data-element_type=\"widget\" data-e-type=\"widget\" data-widget_type=\"heading.default\">\n\t\t\t\t\t<h2 class=\"elementor-heading-title elementor-size-default\">Cuando viajamos a visitar a familiares en EE.UU. o si un migrante regresa a vivir una vacaciones en el pa\u00eds,  siempre hay surge, a veces de \u00faltima hora, esta pregunta: \u00bfQu\u00e9 puedo y qu\u00e9 no puedo llevar en mi maleta de mano?<\/h2>\t\t\t\t<\/div>\n\t\t\t\t<div class=\"elementor-element elementor-element-85676e7 elementor-widget elementor-widget-text-editor\" data-id=\"85676e7\" data-element_type=\"widget\" data-e-type=\"widget\" data-widget_type=\"text-editor.default\">\n\t\t\t\t\t\t\t\t\t<p>\u00a0\u00bfQu\u00e9 se puede llevar a bordo en cabina en el equipaje de mano? Primero hay que definir lo que se considera como equipaje de mano: suele ser una maleta peque\u00f1a que, seg\u00fan la aerol\u00ednea puede tener unas medidas aproximadas de 55 x 35 x 25 cent\u00edmetros; bolsos, mochilas o bultos de 40x30x15 cent\u00edmetros.<\/p><div>Ninguna debe pesar m\u00e1s de 25 libras. Algunas aerol\u00edneas son m\u00e1s estrictas que otras respecto de medidas y pesas, por lo cual se debe verificar dimensiones y peso permitidos para evitar malos momentos al momento de abordar.\u00a0<br \/><br \/>Hay diversos art\u00edculos que s\u00ed se pueden llevar. Pero tambi\u00e9n hay otros que NO, bajo ning\u00fan motivo. E<span style=\"color: var( --e-global-color-text ); text-align: var(--text-align);\">n esta lista te vamos a explicar cu\u00e1les son los que s\u00ed podemos y los que debemos mandar en el equipaje de mano.<\/span><\/div><div>\u00a0<\/div><div>\u00a0<\/div>\t\t\t\t\t\t\t\t<\/div>\n\t\t\t\t\t<\/div>\n\t\t\t\t<\/div>\n\t\t<div data-particle_enable=\"false\" data-particle-mobile-disabled=\"false\" class=\"elementor-element elementor-element-bf34b27 e-flex e-con-boxed e-con e-parent\" data-id=\"bf34b27\" data-element_type=\"container\" data-e-type=\"container\">\n\t\t\t\t\t<div class=\"e-con-inner\">\n\t\t\t\t<div class=\"elementor-element elementor-element-dfa0af9 elementor-widget elementor-widget-image\" data-id=\"dfa0af9\" data-element_type=\"widget\" data-e-type=\"widget\" data-widget_type=\"image.default\">\n\t\t\t\t\t\t\t\t\t\t\t\t\t\t\t<img fetchpriority=\"high\" decoding=\"async\" width=\"768\" height=\"576\" src=\"https:\/\/soymigrante.com\/revista\/wp-content\/uploads\/2024\/06\/suitcase-64355_1280-1024x768.webp\" class=\"attachment-large size-large wp-image-7206\" alt=\"Maleta de viaje con ropa y accesorios para migrantes, en proceso de emigrar o viajar internacionalmente.\" srcset=\"https:\/\/soymigrante.com\/revista\/wp-content\/uploads\/2024\/06\/suitcase-64355_1280-1024x768.webp 1024w, https:\/\/soymigrante.com\/revista\/wp-content\/uploads\/2024\/06\/suitcase-64355_1280-300x225.webp 300w, https:\/\/soymigrante.com\/revista\/wp-content\/uploads\/2024\/06\/suitcase-64355_1280-768x576.webp 768w, https:\/\/soymigrante.com\/revista\/wp-content\/uploads\/2024\/06\/suitcase-64355_1280-750x563.webp 750w, https:\/\/soymigrante.com\/revista\/wp-content\/uploads\/2024\/06\/suitcase-64355_1280-1140x855.webp 1140w, https:\/\/soymigrante.com\/revista\/wp-content\/uploads\/2024\/06\/suitcase-64355_1280.webp 1280w\" sizes=\"(max-width: 768px) 100vw, 768px\" title=\"\u00bfQu\u00e9 art\u00edculos puedo llevar en mi equipaje de mano? Esta es la lista\u00a0 \u2013 SoyMigrante.com REVISTA\" \/>\t\t\t\t\t\t\t\t\t\t\t\t\t\t\t<\/div>\n\t\t\t\t\t<\/div>\n\t\t\t\t<\/div>\n\t\t<div data-particle_enable=\"false\" data-particle-mobile-disabled=\"false\" class=\"elementor-element elementor-element-d5a7799 e-flex e-con-boxed e-con e-parent\" data-id=\"d5a7799\" data-element_type=\"container\" data-e-type=\"container\">\n\t\t\t\t\t<div class=\"e-con-inner\">\n\t\t\t\t<div class=\"elementor-element elementor-element-0451f91 elementor-widget elementor-widget-heading\" data-id=\"0451f91\" data-element_type=\"widget\" data-e-type=\"widget\" data-widget_type=\"heading.default\">\n\t\t\t\t\t<h2 class=\"elementor-heading-title elementor-size-default\">LO QUE S\u00cd SE PUEDE LLEVAR <\/h2>\t\t\t\t<\/div>\n\t\t\t\t\t<\/div>\n\t\t\t\t<\/div>\n\t\t<div data-particle_enable=\"false\" data-particle-mobile-disabled=\"false\" class=\"elementor-element elementor-element-4e90c11 e-flex e-con-boxed e-con e-parent\" data-id=\"4e90c11\" data-element_type=\"container\" data-e-type=\"container\">\n\t\t\t\t\t<div class=\"e-con-inner\">\n\t\t\t\t<div class=\"elementor-element elementor-element-ca223e0 elementor-widget elementor-widget-heading\" data-id=\"ca223e0\" data-element_type=\"widget\" data-e-type=\"widget\" data-widget_type=\"heading.default\">\n\t\t\t\t\t<h3 class=\"elementor-heading-title elementor-size-default\">Artefactos fr\u00e1giles <\/h3>\t\t\t\t<\/div>\n\t\t\t\t\t<\/div>\n\t\t\t\t<\/div>\n\t\t<div data-particle_enable=\"false\" data-particle-mobile-disabled=\"false\" class=\"elementor-element elementor-element-c709de8 e-flex e-con-boxed e-con e-parent\" data-id=\"c709de8\" data-element_type=\"container\" data-e-type=\"container\">\n\t\t\t\t\t<div class=\"e-con-inner\">\n\t\t\t\t<div class=\"elementor-element elementor-element-573a02b elementor-widget elementor-widget-text-editor\" data-id=\"573a02b\" data-element_type=\"widget\" data-e-type=\"widget\" data-widget_type=\"text-editor.default\">\n\t\t\t\t\t\t\t\t\t<p>Antig\u00fcedades, obras de arte, libros, fotograf\u00edas, documentos, t\u00edtulos valores, vajillas, cer\u00e1micas.\u00a0<\/p>\t\t\t\t\t\t\t\t<\/div>\n\t\t\t\t\t<\/div>\n\t\t\t\t<\/div>\n\t\t<div data-particle_enable=\"false\" data-particle-mobile-disabled=\"false\" class=\"elementor-element elementor-element-fb909cd e-flex e-con-boxed e-con e-parent\" data-id=\"fb909cd\" data-element_type=\"container\" data-e-type=\"container\">\n\t\t\t\t\t<div class=\"e-con-inner\">\n\t\t\t\t<div class=\"elementor-element elementor-element-477f35d elementor-widget elementor-widget-heading\" data-id=\"477f35d\" data-element_type=\"widget\" data-e-type=\"widget\" data-widget_type=\"heading.default\">\n\t\t\t\t\t<h3 class=\"elementor-heading-title elementor-size-default\">Electr\u00f3nicos<\/h3>\t\t\t\t<\/div>\n\t\t\t\t\t<\/div>\n\t\t\t\t<\/div>\n\t\t<div data-particle_enable=\"false\" data-particle-mobile-disabled=\"false\" class=\"elementor-element elementor-element-106ffd5 e-flex e-con-boxed e-con e-parent\" data-id=\"106ffd5\" data-element_type=\"container\" data-e-type=\"container\">\n\t\t\t\t\t<div class=\"e-con-inner\">\n\t\t\t\t<div class=\"elementor-element elementor-element-ab91ebf elementor-widget elementor-widget-text-editor\" data-id=\"ab91ebf\" data-element_type=\"widget\" data-e-type=\"widget\" data-widget_type=\"text-editor.default\">\n\t\t\t\t\t\t\t\t\t<p>Computadoras, electrodom\u00e9sticos, equipo fotogr\u00e1fico, equipo m\u00e9dico, celulares, dispositivos de almacenamiento de datos (como MP3, memorias USB, discos externos, entre otros), tabletas digitales, consolas de videojuegos, agendas digitales y cualquier otro equipo electr\u00f3nico incluyendo software o componentes, televisores, radios o elementos similares. Podr\u00e1s llevar hasta 15 art\u00edculos electr\u00f3nicos.\u00a0<\/p><p>Los cigarrillos electr\u00f3nicos, bater\u00edas de litio sueltas y cargadores port\u00e1tiles externos (power bank) siempre deben ir en el equipaje de mano, est\u00e1 prohibido llevarlos en el equipaje de bodega.<\/p><p>El equipaje inteligente (Smart Bags) dotado de bater\u00edas de litio extra\u00edbles no debe superar los 0,3 gr y 2,7 Wh (Si la bater\u00eda es integrada, este equipaje deber\u00e1 ser transportado como equipaje de bodega).<\/p><p>Pilas de combustible para accionar dispositivos electr\u00f3nicos port\u00e1tiles (ejemplo: c\u00e1maras, tel\u00e9fonos m\u00f3viles).<\/p>\t\t\t\t\t\t\t\t<\/div>\n\t\t\t\t\t<\/div>\n\t\t\t\t<\/div>\n\t\t<div data-particle_enable=\"false\" data-particle-mobile-disabled=\"false\" class=\"elementor-element elementor-element-64f229b e-flex e-con-boxed e-con e-parent\" data-id=\"64f229b\" data-element_type=\"container\" data-e-type=\"container\">\n\t\t\t\t\t<div class=\"e-con-inner\">\n\t\t\t\t<div class=\"elementor-element elementor-element-45e1311 elementor-widget elementor-widget-heading\" data-id=\"45e1311\" data-element_type=\"widget\" data-e-type=\"widget\" data-widget_type=\"heading.default\">\n\t\t\t\t\t<h3 class=\"elementor-heading-title elementor-size-default\">Objetos de  valor<\/h3>\t\t\t\t<\/div>\n\t\t\t\t\t<\/div>\n\t\t\t\t<\/div>\n\t\t<div data-particle_enable=\"false\" data-particle-mobile-disabled=\"false\" class=\"elementor-element elementor-element-4d11d4d e-flex e-con-boxed e-con e-parent\" data-id=\"4d11d4d\" data-element_type=\"container\" data-e-type=\"container\">\n\t\t\t\t\t<div class=\"e-con-inner\">\n\t\t\t\t<div class=\"elementor-element elementor-element-5866baa elementor-widget elementor-widget-text-editor\" data-id=\"5866baa\" data-element_type=\"widget\" data-e-type=\"widget\" data-widget_type=\"text-editor.default\">\n\t\t\t\t\t\t\t\t\t<p>Joyas, art\u00edculos de piel, dinero (en una cantidad que si es mayor a US$10 mil, se debe declarar)\u00a0\u00a0<\/p>\t\t\t\t\t\t\t\t<\/div>\n\t\t\t\t\t<\/div>\n\t\t\t\t<\/div>\n\t\t<div data-particle_enable=\"false\" data-particle-mobile-disabled=\"false\" class=\"elementor-element elementor-element-b303c14 e-flex e-con-boxed e-con e-parent\" data-id=\"b303c14\" data-element_type=\"container\" data-e-type=\"container\">\n\t\t\t\t\t<div class=\"e-con-inner\">\n\t\t\t\t<div class=\"elementor-element elementor-element-f995942 elementor-widget elementor-widget-heading\" data-id=\"f995942\" data-element_type=\"widget\" data-e-type=\"widget\" data-widget_type=\"heading.default\">\n\t\t\t\t\t<h3 class=\"elementor-heading-title elementor-size-default\">Art\u00edculos personales<\/h3>\t\t\t\t<\/div>\n\t\t\t\t\t<\/div>\n\t\t\t\t<\/div>\n\t\t<div data-particle_enable=\"false\" data-particle-mobile-disabled=\"false\" class=\"elementor-element elementor-element-21bef0f e-flex e-con-boxed e-con e-parent\" data-id=\"21bef0f\" data-element_type=\"container\" data-e-type=\"container\">\n\t\t\t\t\t<div class=\"e-con-inner\">\n\t\t\t\t<div class=\"elementor-element elementor-element-1c9b541 elementor-widget elementor-widget-text-editor\" data-id=\"1c9b541\" data-element_type=\"widget\" data-e-type=\"widget\" data-widget_type=\"text-editor.default\">\n\t\t\t\t\t\t\t\t\t<p>Productos perecederos, medicinas, art\u00edculos para el cuidado de beb\u00e9s, muestras, art\u00edculos para uso comercial, art\u00edculos \u00fanicos e irremplazables. Un equipo de peluquer\u00eda que contengan gas hidrocarburo dentro de un cobertor (no ser\u00e1 posible su uso a bordo).<\/p><p>Cuando compres en los almacenes libres de impuestos (In Bond &#8211; Duty Free), en los aeropuertos, los productos deben ser llevados en empaque sellado, estar a prueba de manipulaci\u00f3n indebida y demostrar que se compr\u00f3 en las tiendas mencionadas. Si tu itinerario incluye vuelos en conexi\u00f3n, realiza tus compras de Duty Free en el \u00faltimo aeropuerto de salida.\u00a0<\/p>\t\t\t\t\t\t\t\t<\/div>\n\t\t\t\t\t<\/div>\n\t\t\t\t<\/div>\n\t\t<div data-particle_enable=\"false\" data-particle-mobile-disabled=\"false\" class=\"elementor-element elementor-element-9d82454 e-flex e-con-boxed e-con e-parent\" data-id=\"9d82454\" data-element_type=\"container\" data-e-type=\"container\">\n\t\t\t\t\t<div class=\"e-con-inner\">\n\t\t\t\t<div class=\"elementor-element elementor-element-17f0832 elementor-widget elementor-widget-heading\" data-id=\"17f0832\" data-element_type=\"widget\" data-e-type=\"widget\" data-widget_type=\"heading.default\">\n\t\t\t\t\t<h3 class=\"elementor-heading-title elementor-size-default\">L\u00edquidos <\/h3>\t\t\t\t<\/div>\n\t\t\t\t\t<\/div>\n\t\t\t\t<\/div>\n\t\t<div data-particle_enable=\"false\" data-particle-mobile-disabled=\"false\" class=\"elementor-element elementor-element-e37a2ad e-flex e-con-boxed e-con e-parent\" data-id=\"e37a2ad\" data-element_type=\"container\" data-e-type=\"container\">\n\t\t\t\t\t<div class=\"e-con-inner\">\n\t\t\t\t<div class=\"elementor-element elementor-element-7d448d1 elementor-widget elementor-widget-text-editor\" data-id=\"7d448d1\" data-element_type=\"widget\" data-e-type=\"widget\" data-widget_type=\"text-editor.default\">\n\t\t\t\t\t\t\t\t\t<p>L\u00edquidos, aerosoles y geles deben ir en cantidades inferiores a 100 ml o 3.4 oz para\u00a0 poder ser llevados en el equipaje de mano.\u00a0 Usualmente NO se permite llevar productos que contengan alcohol y nunca se permite ning\u00fan tipo de l\u00edquido inflamable. Total, no necesitas eso durante un vuelo.<\/p>\t\t\t\t\t\t\t\t<\/div>\n\t\t\t\t\t<\/div>\n\t\t\t\t<\/div>\n\t\t<div data-particle_enable=\"false\" data-particle-mobile-disabled=\"false\" class=\"elementor-element elementor-element-7eab585 e-flex e-con-boxed e-con e-parent\" data-id=\"7eab585\" data-element_type=\"container\" data-e-type=\"container\">\n\t\t\t\t\t<div class=\"e-con-inner\">\n\t\t\t\t<div class=\"elementor-element elementor-element-4a7665d elementor-widget elementor-widget-image\" data-id=\"4a7665d\" data-element_type=\"widget\" data-e-type=\"widget\" data-widget_type=\"image.default\">\n\t\t\t\t\t\t\t\t\t\t\t\t\t\t\t<img decoding=\"async\" width=\"768\" height=\"512\" src=\"https:\/\/soymigrante.com\/revista\/wp-content\/uploads\/2024\/06\/suitcase-356735_1280-1024x682.webp\" class=\"attachment-large size-large wp-image-7205\" alt=\"Maleta de viaje para migrantes, equipaje resistente para viajes internacionales, aventura y movilidad en el extranjero, maleta azul resistente con m\u00faltiples compartimentos, revista SoyMigrante.com REVISTA sobre migraci\u00f3n y comunidad migrante.\" srcset=\"https:\/\/soymigrante.com\/revista\/wp-content\/uploads\/2024\/06\/suitcase-356735_1280-1024x682.webp 1024w, https:\/\/soymigrante.com\/revista\/wp-content\/uploads\/2024\/06\/suitcase-356735_1280-300x200.webp 300w, https:\/\/soymigrante.com\/revista\/wp-content\/uploads\/2024\/06\/suitcase-356735_1280-768x511.webp 768w, https:\/\/soymigrante.com\/revista\/wp-content\/uploads\/2024\/06\/suitcase-356735_1280-750x499.webp 750w, https:\/\/soymigrante.com\/revista\/wp-content\/uploads\/2024\/06\/suitcase-356735_1280-1140x759.webp 1140w, https:\/\/soymigrante.com\/revista\/wp-content\/uploads\/2024\/06\/suitcase-356735_1280.webp 1280w\" sizes=\"(max-width: 768px) 100vw, 768px\" title=\"\u00bfQu\u00e9 art\u00edculos puedo llevar en mi equipaje de mano? Esta es la lista\u00a0 \u2013 SoyMigrante.com REVISTA\" \/>\t\t\t\t\t\t\t\t\t\t\t\t\t\t\t<\/div>\n\t\t\t\t\t<\/div>\n\t\t\t\t<\/div>\n\t\t<div data-particle_enable=\"false\" data-particle-mobile-disabled=\"false\" class=\"elementor-element elementor-element-a3251a4 e-flex e-con-boxed e-con e-parent\" data-id=\"a3251a4\" data-element_type=\"container\" data-e-type=\"container\">\n\t\t\t\t\t<div class=\"e-con-inner\">\n\t\t\t\t<div class=\"elementor-element elementor-element-d6be90d elementor-widget elementor-widget-heading\" data-id=\"d6be90d\" data-element_type=\"widget\" data-e-type=\"widget\" data-widget_type=\"heading.default\">\n\t\t\t\t\t<h2 class=\"elementor-heading-title elementor-size-default\">LO QUE NUNCA SE PUEDE LLEVAR\n<\/h2>\t\t\t\t<\/div>\n\t\t\t\t\t<\/div>\n\t\t\t\t<\/div>\n\t\t<div data-particle_enable=\"false\" data-particle-mobile-disabled=\"false\" class=\"elementor-element elementor-element-5cf3922 e-flex e-con-boxed e-con e-parent\" data-id=\"5cf3922\" data-element_type=\"container\" data-e-type=\"container\">\n\t\t\t\t\t<div class=\"e-con-inner\">\n\t\t\t\t<div class=\"elementor-element elementor-element-83af1d1 elementor-widget elementor-widget-heading\" data-id=\"83af1d1\" data-element_type=\"widget\" data-e-type=\"widget\" data-widget_type=\"heading.default\">\n\t\t\t\t\t<h3 class=\"elementor-heading-title elementor-size-default\">No armas<\/h3>\t\t\t\t<\/div>\n\t\t\t\t\t<\/div>\n\t\t\t\t<\/div>\n\t\t<div data-particle_enable=\"false\" data-particle-mobile-disabled=\"false\" class=\"elementor-element elementor-element-f1db965 e-flex e-con-boxed e-con e-parent\" data-id=\"f1db965\" data-element_type=\"container\" data-e-type=\"container\">\n\t\t\t\t\t<div class=\"e-con-inner\">\n\t\t\t\t<div class=\"elementor-element elementor-element-67fda82 elementor-widget elementor-widget-text-editor\" data-id=\"67fda82\" data-element_type=\"widget\" data-e-type=\"widget\" data-widget_type=\"text-editor.default\">\n\t\t\t\t\t\t\t\t\t<p>Pistolas, rev\u00f3lveres, rifles, escopetas, etc., incluidas las de juguete, reproducciones o de imitaci\u00f3n, que puedan confundirse con armas reales.<br>Piezas procedentes de armas de fuego (excepto visores y miras telesc\u00f3picas).<br>Armas de aire comprimido o de gas carb\u00f3nico, tales como pistolas, escopetas de perdigones, rifles y pistolas de balines.<br>Pistolas, lanza-bengalas y pistolas \u201cest\u00e1rter\u201d o de se\u00f1alizaci\u00f3n.<br>Ballestas, arcos y flechas.<br>Hondas y tirachinas.<br>Arpones y fusiles de pesca.<\/p>\t\t\t\t\t\t\t\t<\/div>\n\t\t\t\t\t<\/div>\n\t\t\t\t<\/div>\n\t\t<div data-particle_enable=\"false\" data-particle-mobile-disabled=\"false\" class=\"elementor-element elementor-element-727eb3c e-flex e-con-boxed e-con e-parent\" data-id=\"727eb3c\" data-element_type=\"container\" data-e-type=\"container\">\n\t\t\t\t\t<div class=\"e-con-inner\">\n\t\t\t\t<div class=\"elementor-element elementor-element-0d23943 elementor-widget elementor-widget-heading\" data-id=\"0d23943\" data-element_type=\"widget\" data-e-type=\"widget\" data-widget_type=\"heading.default\">\n\t\t\t\t\t<h3 class=\"elementor-heading-title elementor-size-default\">No dispositivos de descarga ni gases o aerosoles<\/h3>\t\t\t\t<\/div>\n\t\t\t\t\t<\/div>\n\t\t\t\t<\/div>\n\t\t<div data-particle_enable=\"false\" data-particle-mobile-disabled=\"false\" class=\"elementor-element elementor-element-4d14bc6 e-flex e-con-boxed e-con e-parent\" data-id=\"4d14bc6\" data-element_type=\"container\" data-e-type=\"container\">\n\t\t\t\t\t<div class=\"e-con-inner\">\n\t\t\t\t<div class=\"elementor-element elementor-element-9536a9a elementor-widget elementor-widget-text-editor\" data-id=\"9536a9a\" data-element_type=\"widget\" data-e-type=\"widget\" data-widget_type=\"text-editor.default\">\n\t\t\t\t\t\t\t\t\t<p>Pistolas para aturdir.<br \/>Pistolas el\u00e9ctricas tipo &#8220;Taser&#8221;.<br \/>Bastones para aturdir (incluidos los de animales y pistolas de matarife).<br \/>Macis.<br \/>Rociadores de sustancias picantes.<br \/>Aerosoles de pimienta.<br \/>Gases lacrim\u00f3genos.<br \/>Rociadores de \u00e1cido.<br \/>Aerosoles repelentes de animales.<\/p>\t\t\t\t\t\t\t\t<\/div>\n\t\t\t\t\t<\/div>\n\t\t\t\t<\/div>\n\t\t<div data-particle_enable=\"false\" data-particle-mobile-disabled=\"false\" class=\"elementor-element elementor-element-0002d7b e-flex e-con-boxed e-con e-parent\" data-id=\"0002d7b\" data-element_type=\"container\" data-e-type=\"container\">\n\t\t\t\t\t<div class=\"e-con-inner\">\n\t\t\t\t<div class=\"elementor-element elementor-element-7bd901d elementor-widget elementor-widget-heading\" data-id=\"7bd901d\" data-element_type=\"widget\" data-e-type=\"widget\" data-widget_type=\"heading.default\">\n\t\t\t\t\t<h3 class=\"elementor-heading-title elementor-size-default\">No objetos cortantes<\/h3>\t\t\t\t<\/div>\n\t\t\t\t\t<\/div>\n\t\t\t\t<\/div>\n\t\t<div data-particle_enable=\"false\" data-particle-mobile-disabled=\"false\" class=\"elementor-element elementor-element-f1cc771 e-flex e-con-boxed e-con e-parent\" data-id=\"f1cc771\" data-element_type=\"container\" data-e-type=\"container\">\n\t\t\t\t\t<div class=\"e-con-inner\">\n\t\t\t\t<div class=\"elementor-element elementor-element-0cb4ab0 elementor-widget elementor-widget-text-editor\" data-id=\"0cb4ab0\" data-element_type=\"widget\" data-e-type=\"widget\" data-widget_type=\"text-editor.default\">\n\t\t\t\t\t\t\t\t\t<p>Hachas, hachuelas, hendiduras y machetes.<br \/>Crampones, arpones y jabalinas.<br \/>Piquetas, picos para hielo y patines de hielo.<br \/>Navajas autom\u00e1ticas, de resorte y cuchillos con hoja de longitud superior a 6 cm, de metal o cualquier material resistente que permita su uso como arma.<br \/>Cuchillas y navajas de afeitar abiertas (excepto navajas de afeitar de seguridad o desechables, cuyas cuchillas est\u00e9n encapsuladas).<br \/>Sables, espadas y bastones espada.<br \/>C\u00fateres.<br \/>Bistur\u00edes.<br \/>Tijeras cuyas hojas superen los 6 cm de longitud a partir del eje.<br \/>Equipos de artes marciales, punzantes o cortantes, estrellas arrojadizas.<\/p>\t\t\t\t\t\t\t\t<\/div>\n\t\t\t\t\t<\/div>\n\t\t\t\t<\/div>\n\t\t<div data-particle_enable=\"false\" data-particle-mobile-disabled=\"false\" class=\"elementor-element elementor-element-e0df1a3 e-flex e-con-boxed e-con e-parent\" data-id=\"e0df1a3\" data-element_type=\"container\" data-e-type=\"container\">\n\t\t\t\t\t<div class=\"e-con-inner\">\n\t\t\t\t<div class=\"elementor-element elementor-element-9eb18ae elementor-widget elementor-widget-heading\" data-id=\"9eb18ae\" data-element_type=\"widget\" data-e-type=\"widget\" data-widget_type=\"heading.default\">\n\t\t\t\t\t<h3 class=\"elementor-heading-title elementor-size-default\">Ninguna sustancia qu\u00edmica (excepto medicinas)<\/h3>\t\t\t\t<\/div>\n\t\t\t\t\t<\/div>\n\t\t\t\t<\/div>\n\t\t<div data-particle_enable=\"false\" data-particle-mobile-disabled=\"false\" class=\"elementor-element elementor-element-56a1d85 e-flex e-con-boxed e-con e-parent\" data-id=\"56a1d85\" data-element_type=\"container\" data-e-type=\"container\">\n\t\t\t\t\t<div class=\"e-con-inner\">\n\t\t\t\t<div class=\"elementor-element elementor-element-0a169d8 elementor-widget elementor-widget-text-editor\" data-id=\"0a169d8\" data-element_type=\"widget\" data-e-type=\"widget\" data-widget_type=\"text-editor.default\">\n\t\t\t\t\t\t\t\t\t<p>\u00c1cidos y \u00e1lcalis (por ejemplo, bater\u00edas h\u00famedas que puedan sufrir derrame).<br \/>Sustancias corrosivas o blanqueadoras (mercurio, cloro, etc.).<br \/>Sustancias comburentes y per\u00f3xidos org\u00e1nicos.<br \/>Gases: butano, propano, etc.<br \/>Material radiactivo (por ejemplo, is\u00f3topos para uso m\u00e9dico o comercial).<br \/>Venenos.<br \/>Materiales infecciosos o que entra\u00f1en un riesgo biol\u00f3gico (por ejemplo, sangre infectada, bacterias y virus).<br \/>Aparatos extintores.\u00a0<\/p>\t\t\t\t\t\t\t\t<\/div>\n\t\t\t\t\t<\/div>\n\t\t\t\t<\/div>\n\t\t<div data-particle_enable=\"false\" data-particle-mobile-disabled=\"false\" class=\"elementor-element elementor-element-8fd807a e-flex e-con-boxed e-con e-parent\" data-id=\"8fd807a\" data-element_type=\"container\" data-e-type=\"container\">\n\t\t\t\t\t<div class=\"e-con-inner\">\n\t\t\t\t<div class=\"elementor-element elementor-element-c64ce68 elementor-widget elementor-widget-heading\" data-id=\"c64ce68\" data-element_type=\"widget\" data-e-type=\"widget\" data-widget_type=\"heading.default\">\n\t\t\t\t\t<h3 class=\"elementor-heading-title elementor-size-default\">Nunca sustancias explosivas e inflamables <\/h3>\t\t\t\t<\/div>\n\t\t\t\t\t<\/div>\n\t\t\t\t<\/div>\n\t\t<div data-particle_enable=\"false\" data-particle-mobile-disabled=\"false\" class=\"elementor-element elementor-element-ac077dc e-flex e-con-boxed e-con e-parent\" data-id=\"ac077dc\" data-element_type=\"container\" data-e-type=\"container\">\n\t\t\t\t\t<div class=\"e-con-inner\">\n\t\t\t\t<div class=\"elementor-element elementor-element-f11d973 elementor-widget elementor-widget-text-editor\" data-id=\"f11d973\" data-element_type=\"widget\" data-e-type=\"widget\" data-widget_type=\"text-editor.default\">\n\t\t\t\t\t\t\t\t\t<p>Municiones.<br \/>Fulminantes.<br \/>Detonadores y espoletas.<br \/>Explosivos y dispositivos explosivos.<br \/>Reproducciones o imitaciones de explosivos y dispositivos de explosivos.<br \/>Minas, granadas y otras cargas explosivas de uso militar.<br \/>Gas y bombonas de gas (butano, propano, acetileno, ox\u00edgeno, etc.) en gran volumen.<br \/>Materiales con capacidad de inflamaci\u00f3n o combusti\u00f3n espont\u00e1nea.<br \/>Fuegos de artificio, bengalas de todo tipo y otros art\u00edculos de pirotecnia (lo cual incluye petardos y fulminantes de juguete).\u00a0<br \/>F\u00f3sforos (excepto los de seguridad).<br \/>Botes de humo y cartuchos generadores de humo.<br \/>Combustibles l\u00edquidos inflamables (gasolina, gasoil, combustible para encendedores, alcohol, etanol, etc.).<br \/>Nebulizadores de pintura Aguarr\u00e1s y disolventes de pintura.<br \/>Bebidas alcoh\u00f3licas cuya graduaci\u00f3n alcoh\u00f3lica volum\u00e9trica supere el 70 % (140% proof).<br \/>S\u00f3lidos inflamables y sustancias que, en contacto con el agua, desprenden gases inflamables.<\/p>\t\t\t\t\t\t\t\t<\/div>\n\t\t\t\t\t<\/div>\n\t\t\t\t<\/div>\n\t\t<div data-particle_enable=\"false\" data-particle-mobile-disabled=\"false\" class=\"elementor-element elementor-element-73febd6 e-flex e-con-boxed e-con e-parent\" data-id=\"73febd6\" data-element_type=\"container\" data-e-type=\"container\">\n\t\t\t\t\t<div class=\"e-con-inner\">\n\t\t\t\t<div class=\"elementor-element elementor-element-c719a77 elementor-grid-3 elementor-grid-tablet-2 elementor-grid-mobile-1 elementor-posts--thumbnail-top elementor-widget elementor-widget-posts\" data-id=\"c719a77\" data-element_type=\"widget\" data-e-type=\"widget\" data-settings=\"{&quot;classic_columns&quot;:&quot;3&quot;,&quot;classic_columns_tablet&quot;:&quot;2&quot;,&quot;classic_columns_mobile&quot;:&quot;1&quot;,&quot;classic_row_gap&quot;:{&quot;unit&quot;:&quot;px&quot;,&quot;size&quot;:35,&quot;sizes&quot;:[]},&quot;classic_row_gap_tablet&quot;:{&quot;unit&quot;:&quot;px&quot;,&quot;size&quot;:&quot;&quot;,&quot;sizes&quot;:[]},&quot;classic_row_gap_mobile&quot;:{&quot;unit&quot;:&quot;px&quot;,&quot;size&quot;:&quot;&quot;,&quot;sizes&quot;:[]}}\" data-widget_type=\"posts.classic\">\n\t\t\t\t<div class=\"elementor-widget-container\">\n\t\t\t\t\t\t\t<div class=\"elementor-posts-container elementor-posts elementor-posts--skin-classic elementor-grid\" role=\"list\">\n\t\t\t\t<article class=\"elementor-post elementor-grid-item post-55528 post type-post status-publish format-standard has-post-thumbnail hentry category-noticias\" role=\"listitem\">\n\t\t\t\t<a class=\"elementor-post__thumbnail__link\" href=\"https:\/\/soymigrante.com\/revista\/corte-reactiva-ley-antimigrante-sb4-de-texas-policia-estatal-podria-capturar-a-indocumentados\/\" tabindex=\"-1\" >\n\t\t\t<div class=\"elementor-post__thumbnail\"><img decoding=\"async\" width=\"300\" height=\"300\" src=\"https:\/\/soymigrante.com\/revista\/wp-content\/uploads\/2026\/04\/texas-ley-contra-migrantes-300x300.png\" class=\"attachment-medium size-medium wp-image-55529\" alt=\"texas ley contra migrantes\" srcset=\"https:\/\/soymigrante.com\/revista\/wp-content\/uploads\/2026\/04\/texas-ley-contra-migrantes-300x300.png 300w, https:\/\/soymigrante.com\/revista\/wp-content\/uploads\/2026\/04\/texas-ley-contra-migrantes-1024x1024.png 1024w, https:\/\/soymigrante.com\/revista\/wp-content\/uploads\/2026\/04\/texas-ley-contra-migrantes-150x150.png 150w, https:\/\/soymigrante.com\/revista\/wp-content\/uploads\/2026\/04\/texas-ley-contra-migrantes-768x768.png 768w, https:\/\/soymigrante.com\/revista\/wp-content\/uploads\/2026\/04\/texas-ley-contra-migrantes-75x75.png 75w, https:\/\/soymigrante.com\/revista\/wp-content\/uploads\/2026\/04\/texas-ley-contra-migrantes-750x750.png 750w, https:\/\/soymigrante.com\/revista\/wp-content\/uploads\/2026\/04\/texas-ley-contra-migrantes-1140x1140.png 1140w, https:\/\/soymigrante.com\/revista\/wp-content\/uploads\/2026\/04\/texas-ley-contra-migrantes.png 1254w\" sizes=\"(max-width: 300px) 100vw, 300px\" \/><\/div>\n\t\t<\/a>\n\t\t\t\t<div class=\"elementor-post__text\">\n\t\t\t\t<h3 class=\"elementor-post__title\">\n\t\t\t<a href=\"https:\/\/soymigrante.com\/revista\/corte-reactiva-ley-antimigrante-sb4-de-texas-policia-estatal-podria-capturar-a-indocumentados\/\" >\n\t\t\t\tCorte reactiva ley antimigrante SB4 de Texas: polic\u00eda estatal podr\u00eda capturar a indocumentados\t\t\t<\/a>\n\t\t<\/h3>\n\t\t\t\t<div class=\"elementor-post__meta-data\">\n\t\t\t\t\t<span class=\"elementor-post-date\">\n\t\t\t27\/04\/2026\t\t<\/span>\n\t\t\t\t<span class=\"elementor-post-avatar\">\n\t\t\tNo hay comentarios\t\t<\/span>\n\t\t\t\t<\/div>\n\t\t\n\t\t<a class=\"elementor-post__read-more\" href=\"https:\/\/soymigrante.com\/revista\/corte-reactiva-ley-antimigrante-sb4-de-texas-policia-estatal-podria-capturar-a-indocumentados\/\" aria-label=\"M\u00e1s informaci\u00f3n sobre Corte reactiva ley antimigrante SB4 de Texas: polic\u00eda estatal podr\u00eda capturar a indocumentados\" tabindex=\"-1\" >\n\t\t\tRead More \u00bb\t\t<\/a>\n\n\t\t\t\t<\/div>\n\t\t\t\t<\/article>\n\t\t\t\t<article class=\"elementor-post elementor-grid-item post-55507 post type-post status-publish format-standard has-post-thumbnail hentry category-estamos-unidos\" role=\"listitem\">\n\t\t\t\t<a class=\"elementor-post__thumbnail__link\" href=\"https:\/\/soymigrante.com\/revista\/miss-gualan-usa-coronacion-imprevisto-guatemaltecos-en-estados-unidos-union-abril-2026\/\" tabindex=\"-1\" >\n\t\t\t<div class=\"elementor-post__thumbnail\"><img loading=\"lazy\" decoding=\"async\" width=\"300\" height=\"300\" src=\"https:\/\/soymigrante.com\/revista\/wp-content\/uploads\/2026\/04\/guatemaltecos-en-Estados-Unidos-miss-gualan-USA-coronacion-5-300x300.jpg\" class=\"attachment-medium size-medium wp-image-55508\" alt=\"guatemaltecos en Estados Unidos miss gualan USA coronacion 5\" srcset=\"https:\/\/soymigrante.com\/revista\/wp-content\/uploads\/2026\/04\/guatemaltecos-en-Estados-Unidos-miss-gualan-USA-coronacion-5-300x300.jpg 300w, https:\/\/soymigrante.com\/revista\/wp-content\/uploads\/2026\/04\/guatemaltecos-en-Estados-Unidos-miss-gualan-USA-coronacion-5-150x150.jpg 150w, https:\/\/soymigrante.com\/revista\/wp-content\/uploads\/2026\/04\/guatemaltecos-en-Estados-Unidos-miss-gualan-USA-coronacion-5-75x75.jpg 75w, https:\/\/soymigrante.com\/revista\/wp-content\/uploads\/2026\/04\/guatemaltecos-en-Estados-Unidos-miss-gualan-USA-coronacion-5.jpg 592w\" sizes=\"(max-width: 300px) 100vw, 300px\" \/><\/div>\n\t\t<\/a>\n\t\t\t\t<div class=\"elementor-post__text\">\n\t\t\t\t<h3 class=\"elementor-post__title\">\n\t\t\t<a href=\"https:\/\/soymigrante.com\/revista\/miss-gualan-usa-coronacion-imprevisto-guatemaltecos-en-estados-unidos-union-abril-2026\/\" >\n\t\t\t\tUn imprevisto en la coronaci\u00f3n de Miss Gualan U.S.A. 2026 en Los Angeles hizo brillar la uni\u00f3n guatemalteca\t\t\t<\/a>\n\t\t<\/h3>\n\t\t\t\t<div class=\"elementor-post__meta-data\">\n\t\t\t\t\t<span class=\"elementor-post-date\">\n\t\t\t27\/04\/2026\t\t<\/span>\n\t\t\t\t<span class=\"elementor-post-avatar\">\n\t\t\tNo hay comentarios\t\t<\/span>\n\t\t\t\t<\/div>\n\t\t\n\t\t<a class=\"elementor-post__read-more\" href=\"https:\/\/soymigrante.com\/revista\/miss-gualan-usa-coronacion-imprevisto-guatemaltecos-en-estados-unidos-union-abril-2026\/\" aria-label=\"M\u00e1s informaci\u00f3n sobre Un imprevisto en la coronaci\u00f3n de Miss Gualan U.S.A. 2026 en Los Angeles hizo brillar la uni\u00f3n guatemalteca\" tabindex=\"-1\" >\n\t\t\tRead More \u00bb\t\t<\/a>\n\n\t\t\t\t<\/div>\n\t\t\t\t<\/article>\n\t\t\t\t<article class=\"elementor-post elementor-grid-item post-55481 post type-post status-publish format-standard has-post-thumbnail hentry category-exitos category-guatemala\" role=\"listitem\">\n\t\t\t\t<a class=\"elementor-post__thumbnail__link\" href=\"https:\/\/soymigrante.com\/revista\/santos-poroj-escritor-migrante-de-san-andres-xecul-publica-su-segundo-libro-en-california-y-con-dos-portadas\/\" tabindex=\"-1\" >\n\t\t\t<div class=\"elementor-post__thumbnail\"><img loading=\"lazy\" decoding=\"async\" width=\"300\" height=\"300\" src=\"https:\/\/soymigrante.com\/revista\/wp-content\/uploads\/2026\/04\/migrante-guatemalteco-santos-poroj-en-san-rafael-california-originario-de-san-andres-xecul-300x300.png\" class=\"attachment-medium size-medium wp-image-55482\" alt=\"Young man in a black jacket holds up two illustrated brochures in front of a colorful mural background.\" srcset=\"https:\/\/soymigrante.com\/revista\/wp-content\/uploads\/2026\/04\/migrante-guatemalteco-santos-poroj-en-san-rafael-california-originario-de-san-andres-xecul-300x300.png 300w, https:\/\/soymigrante.com\/revista\/wp-content\/uploads\/2026\/04\/migrante-guatemalteco-santos-poroj-en-san-rafael-california-originario-de-san-andres-xecul-1024x1024.png 1024w, https:\/\/soymigrante.com\/revista\/wp-content\/uploads\/2026\/04\/migrante-guatemalteco-santos-poroj-en-san-rafael-california-originario-de-san-andres-xecul-150x150.png 150w, https:\/\/soymigrante.com\/revista\/wp-content\/uploads\/2026\/04\/migrante-guatemalteco-santos-poroj-en-san-rafael-california-originario-de-san-andres-xecul-768x768.png 768w, https:\/\/soymigrante.com\/revista\/wp-content\/uploads\/2026\/04\/migrante-guatemalteco-santos-poroj-en-san-rafael-california-originario-de-san-andres-xecul-75x75.png 75w, https:\/\/soymigrante.com\/revista\/wp-content\/uploads\/2026\/04\/migrante-guatemalteco-santos-poroj-en-san-rafael-california-originario-de-san-andres-xecul-750x750.png 750w, https:\/\/soymigrante.com\/revista\/wp-content\/uploads\/2026\/04\/migrante-guatemalteco-santos-poroj-en-san-rafael-california-originario-de-san-andres-xecul-1140x1140.png 1140w, https:\/\/soymigrante.com\/revista\/wp-content\/uploads\/2026\/04\/migrante-guatemalteco-santos-poroj-en-san-rafael-california-originario-de-san-andres-xecul.png 1200w\" sizes=\"(max-width: 300px) 100vw, 300px\" \/><\/div>\n\t\t<\/a>\n\t\t\t\t<div class=\"elementor-post__text\">\n\t\t\t\t<h3 class=\"elementor-post__title\">\n\t\t\t<a href=\"https:\/\/soymigrante.com\/revista\/santos-poroj-escritor-migrante-de-san-andres-xecul-publica-su-segundo-libro-en-california-y-con-dos-portadas\/\" >\n\t\t\t\tSantos Poroj, escritor migrante de San Andr\u00e9s Xecul, publica su segundo libro en California (y con dos portadas)\t\t\t<\/a>\n\t\t<\/h3>\n\t\t\t\t<div class=\"elementor-post__meta-data\">\n\t\t\t\t\t<span class=\"elementor-post-date\">\n\t\t\t27\/04\/2026\t\t<\/span>\n\t\t\t\t<span class=\"elementor-post-avatar\">\n\t\t\tNo hay comentarios\t\t<\/span>\n\t\t\t\t<\/div>\n\t\t\n\t\t<a class=\"elementor-post__read-more\" href=\"https:\/\/soymigrante.com\/revista\/santos-poroj-escritor-migrante-de-san-andres-xecul-publica-su-segundo-libro-en-california-y-con-dos-portadas\/\" aria-label=\"M\u00e1s informaci\u00f3n sobre Santos Poroj, escritor migrante de San Andr\u00e9s Xecul, publica su segundo libro en California (y con dos portadas)\" tabindex=\"-1\" >\n\t\t\tRead More \u00bb\t\t<\/a>\n\n\t\t\t\t<\/div>\n\t\t\t\t<\/article>\n\t\t\t\t<\/div>\n\t\t\n\t\t\t\t\t\t<\/div>\n\t\t\t\t<\/div>\n\t\t\t\t\t<\/div>\n\t\t\t\t<\/div>\n\t\t\t\t<\/div>\n\t\t","protected":false},"excerpt":{"rendered":"<p>Cuando viajamos a visitar a familiares en EE.UU. o si un migrante regresa a vivir una vacaciones en el pa\u00eds, siempre hay surge, a veces<\/p>\n","protected":false},"author":19,"featured_media":7207,"comment_status":"open","ping_status":"open","sticky":false,"template":"","format":"standard","meta":{"_acf_changed":false,"_eb_attr":"","footnotes":""},"categories":[55],"tags":[],"class_list":["post-7200","post","type-post","status-publish","format-standard","has-post-thumbnail","hentry","category-bienestar"],"acf":[],"aioseo_notices":[],"aioseo_head":"\n\t\t<!-- All in One SEO Pro 4.9.6.2 - aioseo.com -->\n\t<meta name=\"description\" content=\"Joven escritor migrante Santos Poroj descubri\u00f3 su inspiraci\u00f3n al estudiar High School en San Rafael, California. Su segundo libro tiene dos portadas \u00bfPor qu\u00e9?\" \/>\n\t<meta name=\"robots\" content=\"max-snippet:-1, max-image-preview:large, max-video-preview:-1\" \/>\n\t<meta name=\"author\" content=\"Gustavo Montenegro\"\/>\n\t<link rel=\"canonical\" href=\"https:\/\/soymigrante.com\/revista\/santos-poroj-escritor-migrante-de-san-andres-xecul-publica-su-segundo-libro-en-california-y-con-dos-portadas\/\" \/>\n\t<meta name=\"generator\" content=\"All in One SEO Pro (AIOSEO) 4.9.6.2\" \/>\n\n\t\t<link rel=\"preconnect\" href=\"https:\/\/fonts.googleapis.com\" crossorigin>\n<link rel=\"preconnect\" href=\"https:\/\/fonts.gstatic.com\" crossorigin>\n\t\t<meta property=\"og:locale\" content=\"es_ES\" \/>\n\t\t<meta property=\"og:site_name\" content=\"SoyMigrante.com REVISTA \u2013 Nuestra misi\u00f3n es reconocer y dignificar al migrante.\" \/>\n\t\t<meta property=\"og:type\" content=\"article\" \/>\n\t\t<meta property=\"og:title\" content=\"Lanza libros en California Santos Poroj de San Andr\u00e9s Xecul\" \/>\n\t\t<meta property=\"og:description\" content=\"Joven escritor migrante Santos Poroj descubri\u00f3 su inspiraci\u00f3n al estudiar High School en San Rafael, California. Su segundo libro tiene dos portadas \u00bfPor qu\u00e9?\" \/>\n\t\t<meta property=\"og:url\" content=\"https:\/\/soymigrante.com\/revista\/santos-poroj-escritor-migrante-de-san-andres-xecul-publica-su-segundo-libro-en-california-y-con-dos-portadas\/\" \/>\n\t\t<meta property=\"og:image\" content=\"https:\/\/soymigrante.com\/revista\/wp-content\/uploads\/2026\/04\/migrante-guatemalteco-santos-poroj-en-san-rafael-california-originario-de-san-andres-xecul.png\" \/>\n\t\t<meta property=\"og:image:secure_url\" content=\"https:\/\/soymigrante.com\/revista\/wp-content\/uploads\/2026\/04\/migrante-guatemalteco-santos-poroj-en-san-rafael-california-originario-de-san-andres-xecul.png\" \/>\n\t\t<meta property=\"og:image:width\" content=\"1200\" \/>\n\t\t<meta property=\"og:image:height\" content=\"1200\" \/>\n\t\t<meta property=\"article:published_time\" content=\"2026-04-27T14:40:10+00:00\" \/>\n\t\t<meta property=\"article:modified_time\" content=\"2026-04-27T19:50:06+00:00\" \/>\n\t\t<meta property=\"article:publisher\" content=\"https:\/\/www.facebook.com\/soymigrantecom\" \/>\n\t\t<meta name=\"twitter:card\" content=\"summary_large_image\" \/>\n\t\t<meta name=\"twitter:site\" content=\"@SoyMigrante_com\" \/>\n\t\t<meta name=\"twitter:title\" content=\"Lanza libros en California Santos Poroj de San Andr\u00e9s Xecul\" \/>\n\t\t<meta name=\"twitter:description\" content=\"Joven escritor migrante Santos Poroj descubri\u00f3 su inspiraci\u00f3n al estudiar High School en San Rafael, California. Su segundo libro tiene dos portadas \u00bfPor qu\u00e9?\" \/>\n\t\t<meta name=\"twitter:creator\" content=\"@SoyMigrante_com\" \/>\n\t\t<meta name=\"twitter:image\" content=\"https:\/\/soymigrante.com\/revista\/wp-content\/uploads\/2026\/04\/migrante-guatemalteco-santos-poroj-en-san-rafael-california-originario-de-san-andres-xecul.png\" \/>\n\t\t<!-- All in One SEO Pro -->\r\n\t\t<title>Lanza libros en California Santos Poroj de San Andr\u00e9s Xecul<\/title>\n\n","aioseo_head_json":{"title":"Lanza libros en California Santos Poroj de San Andr\u00e9s Xecul","description":"Joven escritor migrante Santos Poroj descubri\u00f3 su inspiraci\u00f3n al estudiar High School en San Rafael, California. Su segundo libro tiene dos portadas \u00bfPor qu\u00e9?","canonical_url":"https:\/\/soymigrante.com\/revista\/santos-poroj-escritor-migrante-de-san-andres-xecul-publica-su-segundo-libro-en-california-y-con-dos-portadas\/","robots":"max-snippet:-1, max-image-preview:large, max-video-preview:-1","keywords":"","webmasterTools":{"miscellaneous":"&lt;link rel=\"preconnect\" href=\"https:\/\/fonts.googleapis.com\" crossorigin&gt;\n&lt;link rel=\"preconnect\" href=\"https:\/\/fonts.gstatic.com\" crossorigin&gt;"},"schema":null,"og:locale":"es_ES","og:site_name":"SoyMigrante.com REVISTA \u2013 Nuestra misi\u00f3n es reconocer y dignificar al migrante.","og:type":"article","og:title":"Lanza libros en California Santos Poroj de San Andr\u00e9s Xecul","og:description":"Joven escritor migrante Santos Poroj descubri\u00f3 su inspiraci\u00f3n al estudiar High School en San Rafael, California. Su segundo libro tiene dos portadas \u00bfPor qu\u00e9?","og:url":"https:\/\/soymigrante.com\/revista\/santos-poroj-escritor-migrante-de-san-andres-xecul-publica-su-segundo-libro-en-california-y-con-dos-portadas\/","og:image":"https:\/\/soymigrante.com\/revista\/wp-content\/uploads\/2026\/04\/migrante-guatemalteco-santos-poroj-en-san-rafael-california-originario-de-san-andres-xecul.png","og:image:secure_url":"https:\/\/soymigrante.com\/revista\/wp-content\/uploads\/2026\/04\/migrante-guatemalteco-santos-poroj-en-san-rafael-california-originario-de-san-andres-xecul.png","og:image:width":1200,"og:image:height":1200,"article:published_time":"2026-04-27T14:40:10+00:00","article:modified_time":"2026-04-27T19:50:06+00:00","article:publisher":"https:\/\/www.facebook.com\/soymigrantecom","twitter:card":"summary_large_image","twitter:site":"@SoyMigrante_com","twitter:title":"Lanza libros en California Santos Poroj de San Andr\u00e9s Xecul","twitter:description":"Joven escritor migrante Santos Poroj descubri\u00f3 su inspiraci\u00f3n al estudiar High School en San Rafael, California. Su segundo libro tiene dos portadas \u00bfPor qu\u00e9?","twitter:creator":"@SoyMigrante_com","twitter:image":"https:\/\/soymigrante.com\/revista\/wp-content\/uploads\/2026\/04\/migrante-guatemalteco-santos-poroj-en-san-rafael-california-originario-de-san-andres-xecul.png"},"aioseo_meta_data":{"post_id":"7200","title":null,"description":"Este es un listado de productos que se pueden llevar en la maleta de mano y cu\u00e1les deben ir en el equipaje chequeado.","keywords":null,"keyphrases":{"focus":{"keyphrase":"Maleta de mano","score":60,"analysis":{"keyphraseInTitle":{"score":9,"maxScore":9,"error":0},"keyphraseInDescription":{"score":9,"maxScore":9,"error":0},"keyphraseLength":{"score":9,"maxScore":9,"error":0,"length":3},"keyphraseInURL":{"score":5,"maxScore":5,"error":0},"keyphraseInIntroduction":{"score":3,"maxScore":9,"error":1},"keyphraseInSubHeadings":{"score":3,"maxScore":9,"error":1},"keyphraseInImageAlt":{"score":3,"maxScore":9,"error":1},"keywordDensity":{"score":0,"type":"low","maxScore":9,"error":1}}},"additional":[]},"primary_term":null,"canonical_url":null,"og_title":null,"og_description":null,"og_object_type":"default","og_image_type":"default","og_image_url":null,"og_image_width":null,"og_image_height":null,"og_image_custom_url":null,"og_image_custom_fields":null,"og_video":"","og_custom_url":null,"og_article_section":null,"og_article_tags":null,"twitter_use_og":false,"twitter_card":"default","twitter_image_type":"default","twitter_image_url":null,"twitter_image_custom_url":null,"twitter_image_custom_fields":null,"twitter_title":null,"twitter_description":null,"schema":{"blockGraphs":[],"customGraphs":[],"default":{"data":{"Article":[],"Course":[],"Dataset":[],"FAQPage":[],"Movie":[],"Person":[],"Product":[],"ProductReview":[],"Car":[],"Recipe":[],"Service":[],"SoftwareApplication":[],"WebPage":[]},"graphName":"Article","isEnabled":true},"graphs":[]},"schema_type":"default","schema_type_options":null,"pillar_content":false,"robots_default":true,"robots_noindex":false,"robots_noarchive":false,"robots_nosnippet":false,"robots_nofollow":false,"robots_noimageindex":false,"robots_noodp":false,"robots_notranslate":false,"robots_max_snippet":"-1","robots_max_videopreview":"-1","robots_max_imagepreview":"large","priority":null,"frequency":"default","local_seo":null,"seo_analyzer_scan_date":"2025-10-08 22:12:14","breadcrumb_settings":null,"limit_modified_date":false,"reviewed_by":null,"open_ai":"{\"title\":{\"suggestions\":[],\"usage\":0},\"description\":{\"suggestions\":[],\"usage\":0}}","ai":null,"created":"2024-06-28 22:44:39","updated":"2026-02-04 12:05:30"},"aioseo_breadcrumb":"<div class=\"aioseo-breadcrumbs\"><span class=\"aioseo-breadcrumb\">\n\t<a href=\"https:\/\/soymigrante.com\/revista\" title=\"Home\">Home<\/a>\n<\/span><span class=\"aioseo-breadcrumb-separator\">\u00bb<\/span><span class=\"aioseo-breadcrumb\">\n\t<a href=\"https:\/\/soymigrante.com\/revista\/category\/bienestar\/\" title=\"Bienestar\">Bienestar<\/a>\n<\/span><span class=\"aioseo-breadcrumb-separator\">\u00bb<\/span><span class=\"aioseo-breadcrumb\">\n\t\u00bfQu\u00e9 cosas puedo llevar en mi maleta de mano?\n<\/span><\/div>","aioseo_breadcrumb_json":[{"label":"Home","link":"https:\/\/soymigrante.com\/revista"},{"label":"Bienestar","link":"https:\/\/soymigrante.com\/revista\/category\/bienestar\/"},{"label":"\u00bfQu\u00e9 cosas puedo llevar en mi maleta de mano?","link":"https:\/\/soymigrante.com\/revista\/que-cosas-puedo-llevar-en-mi-maleta-de-mano\/"}],"_links":{"self":[{"href":"https:\/\/soymigrante.com\/revista\/wp-json\/wp\/v2\/posts\/7200","targetHints":{"allow":["GET"]}}],"collection":[{"href":"https:\/\/soymigrante.com\/revista\/wp-json\/wp\/v2\/posts"}],"about":[{"href":"https:\/\/soymigrante.com\/revista\/wp-json\/wp\/v2\/types\/post"}],"author":[{"embeddable":true,"href":"https:\/\/soymigrante.com\/revista\/wp-json\/wp\/v2\/users\/19"}],"replies":[{"embeddable":true,"href":"https:\/\/soymigrante.com\/revista\/wp-json\/wp\/v2\/comments?post=7200"}],"version-history":[{"count":0,"href":"https:\/\/soymigrante.com\/revista\/wp-json\/wp\/v2\/posts\/7200\/revisions"}],"wp:featuredmedia":[{"embeddable":true,"href":"https:\/\/soymigrante.com\/revista\/wp-json\/wp\/v2\/media\/7207"}],"wp:attachment":[{"href":"https:\/\/soymigrante.com\/revista\/wp-json\/wp\/v2\/media?parent=7200"}],"wp:term":[{"taxonomy":"category","embeddable":true,"href":"https:\/\/soymigrante.com\/revista\/wp-json\/wp\/v2\/categories?post=7200"},{"taxonomy":"post_tag","embeddable":true,"href":"https:\/\/soymigrante.com\/revista\/wp-json\/wp\/v2\/tags?post=7200"}],"curies":[{"name":"wp","href":"https:\/\/api.w.org\/{rel}","templated":true}]}}