{"id":7169,"date":"2025-04-08T13:09:35","date_gmt":"2025-04-08T19:09:35","guid":{"rendered":"https:\/\/soymigrante.com\/revista\/?p=7169"},"modified":"2025-10-03T14:49:57","modified_gmt":"2025-10-03T20:49:57","slug":"el-sueno-de-la-familia-solis-tiene-madera-futbol-y-fe-en-dios","status":"publish","type":"post","link":"https:\/\/soymigrante.com\/revista\/el-sueno-de-la-familia-solis-tiene-madera-futbol-y-fe-en-dios\/","title":{"rendered":"Sue\u00f1o futbol\u00edstico de la familia Sol\u00eds en Missouri sigue creciendo con fe en Dios"},"content":{"rendered":"\t\t<div data-elementor-type=\"wp-post\" data-elementor-id=\"7169\" class=\"elementor elementor-7169\" data-elementor-post-type=\"post\">\n\t\t\t\t<div data-particle_enable=\"false\" data-particle-mobile-disabled=\"false\" class=\"elementor-element elementor-element-bc37114 e-flex e-con-boxed e-con e-parent\" data-id=\"bc37114\" data-element_type=\"container\" data-e-type=\"container\">\n\t\t\t\t\t<div class=\"e-con-inner\">\n\t\t\t\t<div class=\"elementor-element elementor-element-b12a1ce elementor-widget elementor-widget-heading\" data-id=\"b12a1ce\" data-element_type=\"widget\" data-e-type=\"widget\" data-widget_type=\"heading.default\">\n\t\t\t\t\t<h2 class=\"elementor-heading-title elementor-size-default\">Alex  y Sonia  nacieron de dos pueblos guatemaltecos a 25 kil\u00f3metros de distancia, pero se conocieron en Missouri, Estados Unidos. Juntos impulsan el talento de sus 4 hijos en el futbol: Jared, Hamilton, Ur\u00edas y Jos\u00e9. Esta ese su historia.<br><\/h2>\t\t\t\t<\/div>\n\t\t\t\t<div class=\"elementor-element elementor-element-cab73aa elementor-widget elementor-widget-html\" data-id=\"cab73aa\" data-element_type=\"widget\" data-e-type=\"widget\" data-widget_type=\"html.default\">\n\t\t\t\t\t<div id=\"buzzsprout-player-16941499\"><\/div><script src=\"https:\/\/www.buzzsprout.com\/2444168\/episodes\/16941499-el-sueno-futbolistico-de-los-solis-en-missouri.js?container_id=buzzsprout-player-16941499&player=small\" type=\"text\/javascript\" charset=\"utf-8\"><\/script>\t\t\t\t<\/div>\n\t\t\t\t\t<\/div>\n\t\t\t\t<\/div>\n\t\t<div data-particle_enable=\"false\" data-particle-mobile-disabled=\"false\" class=\"elementor-element elementor-element-e324c2d e-flex e-con-boxed e-con e-parent\" data-id=\"e324c2d\" data-element_type=\"container\" data-e-type=\"container\">\n\t\t\t\t\t<div class=\"e-con-inner\">\n\t\t\t\t<div class=\"elementor-element elementor-element-9071b2a elementor-widget elementor-widget-text-editor\" data-id=\"9071b2a\" data-element_type=\"widget\" data-e-type=\"widget\" data-widget_type=\"text-editor.default\">\n\t\t\t\t\t\t\t\t\t<p><span style=\"text-align: var(--text-align);\">Alex Milton Sol\u00eds, originario de Chiquirines, La Blanca, <a href=\"https:\/\/soymigrante.com\/revista\/departamentos-de-guatemala-san-marcos-tierra-de-las-cumbres-mas-altas\/\">San Marcos,<\/a> vive con su esposa Sonia y sus hijos, en Carthage, Missouri. Trabaja\u00a0 en un aserradero: una labor fuerte y demandante, pero que realiza con total convicci\u00f3n para sacar adelante a su familia. Alex tambi\u00e9n\u00a0<\/span><span style=\"color: var( --e-global-color-text ); text-align: var(--text-align);\">fue futbolista cuando viv\u00eda en Guatemala. &#8220;Jugu\u00e9 con equipos locales y mi sue\u00f1o era llegar a ser profesional&#8221;.\u00a0<\/span><\/p><p>Cuando Alex ten\u00eda 3 a\u00f1os, su pap\u00e1 migr\u00f3 de Guatemala a Estados Unidos &#8220;Crec\u00ed sin conocerlo. El siempre nos mandaba cosas y dinero. Pero uno necesita a su pap\u00e1&#8221;.\u00a0<span style=\"color: var( --e-global-color-text ); text-align: var(--text-align);\">Por eso hoy se esfuerza por apoyar el talento de Jared, de 16 y Hamilton de 14 a\u00f1os.\u00a0 Ambos estudian y tambi\u00e9n tienen madera de futbolistas. Entrenan en Rush Academy,\u00a0 que en 2024 llev\u00f3 a Jared a Espa\u00f1a, para un campamento en el cual juegan contra equpos Sub 16 de Valencia, Madrid, Barcelona.\u00a0 El objetivo es que alg\u00fan &#8220;scout&#8221; de talentos se fije en \u00e9l. En este 2025, lleg\u00f3 el turno de Hamilton, quien este abril a\u00fan est\u00e1 en Madrid.<\/span><\/p><p>Toda esta emoci\u00f3n, esperanza, sue\u00f1o alienta a Alex Milton Sol\u00eds Guti\u00e9rrez, quien se levanta a diario a las 4 de la ma\u00f1ana para ir a trabajar a un aserradero. Por las noches se lleva a sus hijos al entrenamiento. &#8220;Mi esposa Sonia, recibi\u00f3 una promesa de Dios en un sue\u00f1o, y tenemos f\u00e9 que nuestros hijos llegar\u00e1n alto&#8221;, cuenta. Los m\u00e1s peque\u00f1os, Ur\u00edas y Jos\u00e9 tambi\u00e9n ya est\u00e1n becados en la academia Rush.\u00a0<\/p><p>Esta familia es una cantera de talento y esta es su historia.<\/p>\t\t\t\t\t\t\t\t<\/div>\n\t\t\t\t\t<\/div>\n\t\t\t\t<\/div>\n\t\t<div data-particle_enable=\"false\" data-particle-mobile-disabled=\"false\" class=\"elementor-element elementor-element-e257f35 e-flex e-con-boxed e-con e-parent\" data-id=\"e257f35\" data-element_type=\"container\" data-e-type=\"container\">\n\t\t\t\t\t<div class=\"e-con-inner\">\n\t\t\t\t<div class=\"elementor-element elementor-element-7ba3b94 elementor-widget elementor-widget-image\" data-id=\"7ba3b94\" data-element_type=\"widget\" data-e-type=\"widget\" data-widget_type=\"image.default\">\n\t\t\t\t\t\t\t\t\t\t\t\t<figure class=\"wp-caption\">\n\t\t\t\t\t\t\t\t\t\t<img fetchpriority=\"high\" decoding=\"async\" width=\"768\" height=\"1024\" src=\"https:\/\/soymigrante.com\/revista\/wp-content\/uploads\/2024\/06\/familia-solis-hamilton-alex-sonia-y-jared-768x1024.jpg\" class=\"attachment-large size-large wp-image-30387\" alt=\"Familia en el campo de f\u00fatbol al atardecer, mostrando uni\u00f3n, inclusi\u00f3n y cultura en M\u00e9xico, resaltando historias de migrantes y comunidad en SoyMigrante.com REVISTA.\" srcset=\"https:\/\/soymigrante.com\/revista\/wp-content\/uploads\/2024\/06\/familia-solis-hamilton-alex-sonia-y-jared-768x1024.jpg 768w, https:\/\/soymigrante.com\/revista\/wp-content\/uploads\/2024\/06\/familia-solis-hamilton-alex-sonia-y-jared-225x300.jpg 225w, https:\/\/soymigrante.com\/revista\/wp-content\/uploads\/2024\/06\/familia-solis-hamilton-alex-sonia-y-jared-1152x1536.jpg 1152w, https:\/\/soymigrante.com\/revista\/wp-content\/uploads\/2024\/06\/familia-solis-hamilton-alex-sonia-y-jared-750x1000.webp 750w, https:\/\/soymigrante.com\/revista\/wp-content\/uploads\/2024\/06\/familia-solis-hamilton-alex-sonia-y-jared-1140x1520.webp 1140w, https:\/\/soymigrante.com\/revista\/wp-content\/uploads\/2024\/06\/familia-solis-hamilton-alex-sonia-y-jared.webp 1200w\" sizes=\"(max-width: 768px) 100vw, 768px\" title=\"Los esposos Sol\u00eds junto a sus dos hijos. Jared, el mayor est\u00e1 al lado de Sonia y Hamilton, a la par de su pap\u00e1. Juntos son un equipo de motivaci\u00f3n, altos objetivos y un gran sue\u00f1o de futbol \u2013 SoyMigrante.com REVISTA\" \/>\t\t\t\t\t\t\t\t\t\t\t<figcaption class=\"widget-image-caption wp-caption-text\">P\u00fablico en un campo de f\u00fatbol disfrutando del deporte, promoviendo valores de comunidad, integraci\u00f3n y migraci\u00f3n en M\u00e9xico.<\/figcaption>\n\t\t\t\t\t\t\t\t\t\t<\/figure>\n\t\t\t\t\t\t\t\t\t<\/div>\n\t\t\t\t\t<\/div>\n\t\t\t\t<\/div>\n\t\t<div data-particle_enable=\"false\" data-particle-mobile-disabled=\"false\" class=\"elementor-element elementor-element-6e51b11 e-flex e-con-boxed e-con e-parent\" data-id=\"6e51b11\" data-element_type=\"container\" data-e-type=\"container\">\n\t\t\t\t\t<div class=\"e-con-inner\">\n\t\t\t\t<div class=\"elementor-element elementor-element-ef96400 elementor-widget elementor-widget-heading\" data-id=\"ef96400\" data-element_type=\"widget\" data-e-type=\"widget\" data-widget_type=\"heading.default\">\n\t\t\t\t\t<h3 class=\"elementor-heading-title elementor-size-default\">Cuando Alex lleg\u00f3 a Estados Unidos<\/h3>\t\t\t\t<\/div>\n\t\t\t\t\t<\/div>\n\t\t\t\t<\/div>\n\t\t<div data-particle_enable=\"false\" data-particle-mobile-disabled=\"false\" class=\"elementor-element elementor-element-883645b e-flex e-con-boxed e-con e-parent\" data-id=\"883645b\" data-element_type=\"container\" data-e-type=\"container\">\n\t\t\t\t\t<div class=\"e-con-inner\">\n\t\t\t\t<div class=\"elementor-element elementor-element-25f84e2 elementor-widget elementor-widget-text-editor\" data-id=\"25f84e2\" data-element_type=\"widget\" data-e-type=\"widget\" data-widget_type=\"text-editor.default\">\n\t\t\t\t\t\t\t\t\t<p><span style=\"color: var( --e-global-color-text ); text-align: var(--text-align);\">&#8220;Yo no conoc\u00eda en persona a mi pap\u00e1. Migr\u00f3 a Estados Unidos cuando yo ten\u00eda 3 a\u00f1os. Me mandaba de todo siempre y me apoyaba. Pero me hac\u00eda falta y quer\u00eda conocerlo. Al cumplir 18 me mand\u00f3 a traer. Me pag\u00f3 el viaje.\u00a0 En Brownsvill lo reconoc\u00ed porque mam\u00e1 me dijo que era igual a m\u00ed.\u00a0 All\u00ed estaba. Se llama Fernando Sol\u00eds&#8221;.<\/span><\/p><p><span style=\"color: var( --e-global-color-text ); text-align: var(--text-align);\">&#8220;Le dije que quer\u00eda trabajar. Me consigui\u00f3<\/span><span style=\"color: var( --e-global-color-text ); text-align: var(--text-align);\">\u00a0empleo en una f\u00e1brica de alfombras orientales.\u00a0 Yo cargaba y descargaba &#8220;troques&#8221; (camiones).\u00a0 Despu\u00e9s fui a trabajar a Las Vegas, gan\u00e9 muy bien. A los 3 meses le dije: aqu\u00ed est\u00e1 el dinero que gast\u00f3 para traerme. No me lo quiso recibir. Me dijo que era m\u00edo.\u00a0 Entonces lo us\u00e9 para traerme a mi mam\u00e1 Enma Guti\u00e9rrez Alburez, que me hac\u00eda much\u00edsima falta&#8221;, cuenta Alex Sol\u00eds.<\/span><\/p>\t\t\t\t\t\t\t\t<\/div>\n\t\t\t\t\t<\/div>\n\t\t\t\t<\/div>\n\t\t<div data-particle_enable=\"false\" data-particle-mobile-disabled=\"false\" class=\"elementor-element elementor-element-091ded9 e-flex e-con-boxed e-con e-parent\" data-id=\"091ded9\" data-element_type=\"container\" data-e-type=\"container\">\n\t\t\t\t\t<div class=\"e-con-inner\">\n\t\t\t\t<div class=\"elementor-element elementor-element-b270b87 elementor-widget elementor-widget-html\" data-id=\"b270b87\" data-element_type=\"widget\" data-e-type=\"widget\" data-widget_type=\"html.default\">\n\t\t\t\t\t<iframe src=\"https:\/\/www.facebook.com\/plugins\/post.php?href=https%3A%2F%2Fwww.facebook.com%2Fpermalink.php%3Fstory_fbid%3Dpfbid0Sze9yVtJtGqxJo5UnM2DadheprAmDXsvmbfyMsVQYKy5hJ8w851vy7fUnz2rkAxol%26id%3D61555214669723&show_text=true&width=500\" width=\"500\" height=\"600\" style=\"border:none;overflow:hidden\" scrolling=\"no\" frameborder=\"0\" allowfullscreen=\"true\" allow=\"autoplay; clipboard-write; encrypted-media; picture-in-picture; web-share\"><\/iframe>\t\t\t\t<\/div>\n\t\t\t\t\t<\/div>\n\t\t\t\t<\/div>\n\t\t<div data-particle_enable=\"false\" data-particle-mobile-disabled=\"false\" class=\"elementor-element elementor-element-c9dc78c e-flex e-con-boxed e-con e-parent\" data-id=\"c9dc78c\" data-element_type=\"container\" data-e-type=\"container\">\n\t\t\t\t\t<div class=\"e-con-inner\">\n\t\t\t\t<div class=\"elementor-element elementor-element-d2f12f1 elementor-widget elementor-widget-heading\" data-id=\"d2f12f1\" data-element_type=\"widget\" data-e-type=\"widget\" data-widget_type=\"heading.default\">\n\t\t\t\t\t<h3 class=\"elementor-heading-title elementor-size-default\">\u00bfC\u00f3mo conoci\u00f3 a su esposa Sonia? <\/h3>\t\t\t\t<\/div>\n\t\t\t\t\t<\/div>\n\t\t\t\t<\/div>\n\t\t<div data-particle_enable=\"false\" data-particle-mobile-disabled=\"false\" class=\"elementor-element elementor-element-d007a13 e-flex e-con-boxed e-con e-parent\" data-id=\"d007a13\" data-element_type=\"container\" data-e-type=\"container\">\n\t\t\t\t\t<div class=\"e-con-inner\">\n\t\t\t\t<div class=\"elementor-element elementor-element-eb1d1d4 elementor-widget elementor-widget-text-editor\" data-id=\"eb1d1d4\" data-element_type=\"widget\" data-e-type=\"widget\" data-widget_type=\"text-editor.default\">\n\t\t\t\t\t\t\t\t\t<p><span style=\"color: var( --e-global-color-text ); text-align: var(--text-align);\">En busca de trabajo y oportunidades Alex se traslad\u00f3 al Estado de Missouri aproximadamente en 2006. &#8220;Comenc\u00e9 a trabajar en una compa\u00f1\u00eda de muebles. All\u00ed trabajaba Sonia. Me enamor\u00e9 de ella. Fuimos novios un a\u00f1o. Pero para que eso fuera posible tuve que empezar a ir a la iglesia. Yo antes no iba, pero fue la condici\u00f3n para aceptarme. Al a\u00f1o nos casamos y a los dos a\u00f1os naci\u00f3 Jared&#8221;.<\/span><\/p><p><span style=\"color: var( --e-global-color-text ); text-align: var(--text-align);\">(Alex y Sonia tienen 5 hijos: Hamilton, Jos\u00e9, Ur\u00edas y la princesa de la casa Adaza)<\/span><\/p><p>\u00a0&#8220;<span style=\"color: var( --e-global-color-text ); text-align: var(--text-align);\">Agarr\u00e9 trabajo en un aserradero. Np sab\u00eda nada de esa labor pero aprend\u00ed sobre la marcha fui ganando experiencia y hoy en d\u00eda soy piloto de montacargas&#8221;, cuenta el chiquirineco. En junio 2024 las redes sociales locales vibraron al difundir que su hijo Jared hab\u00eda sido seleccionado para un campamento de futbol en Espa\u00f1a. Y ahora fue el turno de Hamilton.<\/span><\/p>\t\t\t\t\t\t\t\t<\/div>\n\t\t\t\t\t<\/div>\n\t\t\t\t<\/div>\n\t\t<div data-particle_enable=\"false\" data-particle-mobile-disabled=\"false\" class=\"elementor-element elementor-element-0ba960f e-flex e-con-boxed e-con e-parent\" data-id=\"0ba960f\" data-element_type=\"container\" data-e-type=\"container\">\n\t\t\t\t\t<div class=\"e-con-inner\">\n\t\t\t\t<div class=\"elementor-element elementor-element-31d3f66 elementor-widget elementor-widget-html\" data-id=\"31d3f66\" data-element_type=\"widget\" data-e-type=\"widget\" data-widget_type=\"html.default\">\n\t\t\t\t\t<iframe src=\"https:\/\/www.facebook.com\/plugins\/post.php?href=https%3A%2F%2Fwww.facebook.com%2Fjared.solis.7524%2Fposts%2Fpfbid02BhdqND2dEgVZq31WVkAouyCnuk1wd4pXMZWCStNARUnfGvkdMWz2ggECEnnm89R4l&show_text=true&width=500\" width=\"500\" height=\"562\" style=\"border:none;overflow:hidden\" scrolling=\"no\" frameborder=\"0\" allowfullscreen=\"true\" allow=\"autoplay; clipboard-write; encrypted-media; picture-in-picture; web-share\"><\/iframe>\t\t\t\t<\/div>\n\t\t\t\t\t<\/div>\n\t\t\t\t<\/div>\n\t\t<div data-particle_enable=\"false\" data-particle-mobile-disabled=\"false\" class=\"elementor-element elementor-element-b2400a6 e-flex e-con-boxed e-con e-parent\" data-id=\"b2400a6\" data-element_type=\"container\" data-e-type=\"container\">\n\t\t\t\t\t<div class=\"e-con-inner\">\n\t\t\t\t<div class=\"elementor-element elementor-element-d09a7d8 elementor-widget elementor-widget-heading\" data-id=\"d09a7d8\" data-element_type=\"widget\" data-e-type=\"widget\" data-widget_type=\"heading.default\">\n\t\t\t\t\t<h3 class=\"elementor-heading-title elementor-size-default\">\u00bfC\u00f3mo naci\u00f3 la pasi\u00f3n futbolera en la familia? <\/h3>\t\t\t\t<\/div>\n\t\t\t\t\t<\/div>\n\t\t\t\t<\/div>\n\t\t<div data-particle_enable=\"false\" data-particle-mobile-disabled=\"false\" class=\"elementor-element elementor-element-aed2896 e-flex e-con-boxed e-con e-parent\" data-id=\"aed2896\" data-element_type=\"container\" data-e-type=\"container\">\n\t\t\t\t\t<div class=\"e-con-inner\">\n\t\t\t\t<div class=\"elementor-element elementor-element-b16ae5a elementor-widget elementor-widget-text-editor\" data-id=\"b16ae5a\" data-element_type=\"widget\" data-e-type=\"widget\" data-widget_type=\"text-editor.default\">\n\t\t\t\t\t\t\t\t\t<p><span style=\"color: var( --e-global-color-text ); text-align: var(--text-align);\">&#8220;Tengo t\u00edos futboleros de parte de mam\u00e1 y pap\u00e1. Uno jug\u00f3 con Coatepeque, otro con Juventud Retalteca. Otro coon Xelaj\u00fa. Yo jugu\u00e9 con la selecci\u00f3n de Oc\u00f3s cuando ten\u00eda 12 a\u00f1os&#8221;.<\/span><\/p><p><span style=\"color: var( --e-global-color-text ); text-align: var(--text-align);\">&#8220;Y aqu\u00ed en Estados Unidos, ,al salir del trabajo me iba a jugar futbol. Es algo que une a la gente y a los guatemaltecos. Puede que no se conozca, que venga de departamentos lejanos, que nunca nos hayamos vistos&#8230; pero si juega futbol y es de Guatemala, ya es amigo y hermano&#8221;.<\/span><\/p><p><span style=\"color: var( --e-global-color-text ); text-align: var(--text-align);\">Cuando Jared naci\u00f3, hace 16 a\u00f1os,\u00a0 Alex no le compr\u00f3 carritos. Apenas empezaba a caminar cuando le regal\u00f3 un marco de porter\u00eda y pelotitas. &#8220;Jug\u00e1bamos en la sala de la casa. Y as\u00ed fue tambi\u00e9n con Hamilton&#8221;, relata emocionado.\u00a0<\/span><\/p>\t\t\t\t\t\t\t\t<\/div>\n\t\t\t\t\t<\/div>\n\t\t\t\t<\/div>\n\t\t<div data-particle_enable=\"false\" data-particle-mobile-disabled=\"false\" class=\"elementor-element elementor-element-bc00ddf e-flex e-con-boxed e-con e-parent\" data-id=\"bc00ddf\" data-element_type=\"container\" data-e-type=\"container\">\n\t\t\t\t\t<div class=\"e-con-inner\">\n\t\t\t\t<div class=\"elementor-element elementor-element-d96ef56 elementor-invisible elementor-widget elementor-widget-facebook-embed\" data-id=\"d96ef56\" data-element_type=\"widget\" data-e-type=\"widget\" data-settings=\"{&quot;_animation&quot;:&quot;zoomInDown&quot;}\" data-widget_type=\"facebook-embed.default\">\n\t\t\t\t\t<div style=\"min-height: 1px\" class=\"elementor-facebook-widget fb-video\" data-href=\"https:\/\/www.facebook.com\/watch\/?v=2293173014211325\" data-show-text=\"false\" data-allowfullscreen=\"false\" data-autoplay=\"false\" data-show-captions=\"false\"><\/div>\t\t\t\t<\/div>\n\t\t\t\t\t<\/div>\n\t\t\t\t<\/div>\n\t\t<div data-particle_enable=\"false\" data-particle-mobile-disabled=\"false\" class=\"elementor-element elementor-element-3f25335 e-flex e-con-boxed e-con e-parent\" data-id=\"3f25335\" data-element_type=\"container\" data-e-type=\"container\">\n\t\t\t\t\t<div class=\"e-con-inner\">\n\t\t\t\t<div class=\"elementor-element elementor-element-06f9cc3 elementor-widget elementor-widget-heading\" data-id=\"06f9cc3\" data-element_type=\"widget\" data-e-type=\"widget\" data-widget_type=\"heading.default\">\n\t\t\t\t\t<h3 class=\"elementor-heading-title elementor-size-default\">Sonia comparte un sue\u00f1o, literalmente <\/h3>\t\t\t\t<\/div>\n\t\t\t\t\t<\/div>\n\t\t\t\t<\/div>\n\t\t<div data-particle_enable=\"false\" data-particle-mobile-disabled=\"false\" class=\"elementor-element elementor-element-5fbe8c4 e-flex e-con-boxed e-con e-parent\" data-id=\"5fbe8c4\" data-element_type=\"container\" data-e-type=\"container\">\n\t\t\t\t\t<div class=\"e-con-inner\">\n\t\t\t\t<div class=\"elementor-element elementor-element-31db1a2 elementor-widget elementor-widget-text-editor\" data-id=\"31db1a2\" data-element_type=\"widget\" data-e-type=\"widget\" data-widget_type=\"text-editor.default\">\n\t\t\t\t\t\t\t\t\t<p><span style=\"color: var( --e-global-color-text ); text-align: var(--text-align);\">Sonia Lucas es originaria de la aldea Pacay\u00e1, Coatepeque,Quetzaltenango. Por carretera est\u00e1 a media hora de Chiquirines, La Blanca, San Marcos, la aldea donde naci\u00f3 Alex. &#8220;No nos conoc\u00edamos hasta que nos encontramos aqu\u00ed en Missouri&#8221;, cuenta ella.<\/span><\/p><p>Contin\u00faa: &#8220;Hace a\u00f1os tuve un <a href=\"https:\/\/soymigrante.com\/revista\/editorial-un-gran-sueno-guatemalteco-sin-fronteras\/\">sue\u00f1o.<\/a> Miro tres jovenes, en un estadio grand\u00edsimo. Recib\u00ed una palabra espiritual de que tres j\u00f3venes iban a jugar profesionalmente aqu\u00ed en EStados Unidos. Y yo lo v\u00ed como una promesa de Dios y yo le creo a Dos.\u00a0Siento que dos de esos j\u00f3venes son mi Jared y mi Hamilton&#8221;, exclama.<\/p><p>&#8220;Somos una familia bendecida, Dios nos ha dado tanto y nosotros lo honramos a \u00e9l. S\u00e9 que su palabra es fiel y cumplir\u00e1 siempre. Nosotros por eso debemos confiar&#8221;, dice.\u00a0<\/p><h4><span style=\"color: var( --e-global-color-text ); text-align: var(--text-align);\">Y en efecto, en 2023, ocurri\u00f3 algo sorprendente, que alienta su fe.\u00a0<\/span><\/h4><p><span style=\"color: var( --e-global-color-text ); text-align: var(--text-align);\">Alex lo cuenta:\u00a0<\/span><span style=\"color: var( --e-global-color-text ); text-align: var(--text-align);\">\u00a0&#8220;Dios est\u00e1 en todo y a \u00e9l se lo debemos. Esa promesa que mi esposa recibi\u00f3 se va cumpliendo. Jared estaba jugando con un equipo llamado Midwest United. Gente de la Academia Rush lo mir\u00f3 jugar. Les gust\u00f3 su habilidad.\u00a0 Esa es una academia car\u00edsima&#8221;.<\/span><\/p><p><span style=\"color: var( --e-global-color-text ); text-align: var(--text-align);\">&#8220;Me hablaron\u00a0 me dijeron que lo metiera a la Academia. All\u00ed tendr\u00eda m\u00e1s oportunidades, m\u00e1s proyecci\u00f3n y exposici\u00f3n. \u00bfCu\u00e1nto me costar\u00e1 eso?\u00a0 Nada. Creemos en su talento, me dijeron. Y all\u00ed est\u00e1 Jared. Despu\u00e9s entr\u00f3 Hamilton. Y ahora ya est\u00e1n en los semilleros Ur\u00edas y Jos\u00e9&#8221;, relata emocionado Alex.<\/span><\/p><div>\u00a0<\/div>\t\t\t\t\t\t\t\t<\/div>\n\t\t\t\t\t<\/div>\n\t\t\t\t<\/div>\n\t\t<div data-particle_enable=\"false\" data-particle-mobile-disabled=\"false\" class=\"elementor-element elementor-element-8bb3815 e-flex e-con-boxed e-con e-parent\" data-id=\"8bb3815\" data-element_type=\"container\" data-e-type=\"container\">\n\t\t\t\t\t<div class=\"e-con-inner\">\n\t\t\t\t<div class=\"elementor-element elementor-element-b478d52 elementor-widget elementor-widget-image\" data-id=\"b478d52\" data-element_type=\"widget\" data-e-type=\"widget\" data-widget_type=\"image.default\">\n\t\t\t\t\t\t\t\t\t\t\t\t<figure class=\"wp-caption\">\n\t\t\t\t\t\t\t\t\t\t<img decoding=\"async\" width=\"768\" height=\"1024\" src=\"https:\/\/soymigrante.com\/revista\/wp-content\/uploads\/2024\/06\/hamilton-768x1024.jpg\" class=\"attachment-large size-large wp-image-30390\" alt=\"Joven en la entrada de un estadio con muchas personas en la noche, ambiente vibrante, seguridad, cultura deportiva, evento internacional, vida nocturna, multiculturalismo, celebraci\u00f3n.\" srcset=\"https:\/\/soymigrante.com\/revista\/wp-content\/uploads\/2024\/06\/hamilton-768x1024.jpg 768w, https:\/\/soymigrante.com\/revista\/wp-content\/uploads\/2024\/06\/hamilton-225x300.jpg 225w, https:\/\/soymigrante.com\/revista\/wp-content\/uploads\/2024\/06\/hamilton-1152x1536.jpg 1152w, https:\/\/soymigrante.com\/revista\/wp-content\/uploads\/2024\/06\/hamilton-750x1000.webp 750w, https:\/\/soymigrante.com\/revista\/wp-content\/uploads\/2024\/06\/hamilton-1140x1520.webp 1140w, https:\/\/soymigrante.com\/revista\/wp-content\/uploads\/2024\/06\/hamilton.webp 1440w\" sizes=\"(max-width: 768px) 100vw, 768px\" title=\"Hamilton Sol\u00eds se encuentra en este abril 2025 en Espa\u00f1a, efectuando un campamento similar al de su hermano el a\u00f1o pasado. Su potencial futbol\u00edstico ha llevado a que sea becado por la academia Rush y este viaje es fruto de su esfuerzo y perseverancia. \u2013 SoyMigrante.com REVISTA\" \/>\t\t\t\t\t\t\t\t\t\t\t<figcaption class=\"widget-image-caption wp-caption-text\">Hamilton Sol\u00eds se encuentra en este abril 2025 en Espa\u00f1a, efectuando un campamento similar al de su hermano el a\u00f1o pasado. Su potencial futbol\u00edstico ha llevado a que sea becado por la academia Rush y este viaje es fruto de su esfuerzo y perseverancia.<\/figcaption>\n\t\t\t\t\t\t\t\t\t\t<\/figure>\n\t\t\t\t\t\t\t\t\t<\/div>\n\t\t\t\t\t<\/div>\n\t\t\t\t<\/div>\n\t\t<div data-particle_enable=\"false\" data-particle-mobile-disabled=\"false\" class=\"elementor-element elementor-element-e7a3dbe e-flex e-con-boxed e-con e-parent\" data-id=\"e7a3dbe\" data-element_type=\"container\" data-e-type=\"container\">\n\t\t\t\t\t<div class=\"e-con-inner\">\n\t\t\t\t<div class=\"elementor-element elementor-element-da3e283 elementor-widget elementor-widget-heading\" data-id=\"da3e283\" data-element_type=\"widget\" data-e-type=\"widget\" data-widget_type=\"heading.default\">\n\t\t\t\t\t<h3 class=\"elementor-heading-title elementor-size-default\">El secreto est\u00e1 en el amor a Dios y la familia <\/h3>\t\t\t\t<\/div>\n\t\t\t\t\t<\/div>\n\t\t\t\t<\/div>\n\t\t<div data-particle_enable=\"false\" data-particle-mobile-disabled=\"false\" class=\"elementor-element elementor-element-884ba20 e-flex e-con-boxed e-con e-parent\" data-id=\"884ba20\" data-element_type=\"container\" data-e-type=\"container\">\n\t\t\t\t\t<div class=\"e-con-inner\">\n\t\t\t\t<div class=\"elementor-element elementor-element-2ec817e elementor-widget elementor-widget-text-editor\" data-id=\"2ec817e\" data-element_type=\"widget\" data-e-type=\"widget\" data-widget_type=\"text-editor.default\">\n\t\t\t\t\t\t\t\t\t<p><span style=\"color: var( --e-global-color-text ); text-align: var(--text-align);\">Alex no tiene ninguna duda de que sus hijos llegar\u00e1n <a href=\"https:\/\/soymigrante.com\/revista\/migrantes-guatemaltecos-expresan-objetivos-y-suenos-para-este-2025\/\">alto y lejos<\/a>. Por eso siempre les aconseja: &#8220;Nunca se olviden de que todo lo que logran se le debe a Dios y solo a \u00e9l.&nbsp; Es un Dios que est\u00e1 lleno de oportunidades para quienes le siguen&#8221;, declara.&nbsp;<\/span><\/p>\n<p><span style=\"color: var( --e-global-color-text ); text-align: var(--text-align);\">&#8220;Jared es m\u00fasico, trompetista, del grupo de alabanza de la iglesia. Si Ustedes honran a Dios, \u00e9l siempre los va a honrar a ustedes&#8221;.<\/span><\/p>\n<p><span style=\"color: var( --e-global-color-text ); text-align: var(--text-align);\">&#8220;M\u00e1s j\u00f3venes destacar\u00edan en futbol si sus padres los apoyaran. Mi faena es pesada, es cansada, pero yo los llevo a su entreno. Pienso que hay pap\u00e1s que prefieren descansar dos o cuatro horas viendo televisi\u00f3n en lugar de buscar c\u00f3mo apoyar a sus hijos&#8221;, dice mientras Sonia asiente con la cabeza.&nbsp;<\/span><\/p>\n<p><span style=\"color: var( --e-global-color-text ); text-align: var(--text-align);\">Alex Sol\u00eds finaliza diciendo: &#8220;Yo no admiro a Messi ni a Cristiano Ronaldo. Yo no los conozco. Yo admiro a mis hijos, porque s\u00e9 quienes son y s\u00e9 lo que ser\u00e1n. Y por eso siempre les insisto, una y otra vez: Nunca se olviden de d\u00f3nde vienen&#8221;.<\/span><\/p><p><b><i>*Esta nota fue publicada originalmente el 27 de junio de 2024 y fue actualizada para presentar los avances del sue\u00f1o de la familia Sol\u00eds.<\/i><\/b><\/p>\t\t\t\t\t\t\t\t<\/div>\n\t\t\t\t\t<\/div>\n\t\t\t\t<\/div>\n\t\t<div data-particle_enable=\"false\" data-particle-mobile-disabled=\"false\" class=\"elementor-element elementor-element-e2f0840 e-flex e-con-boxed e-con e-parent\" data-id=\"e2f0840\" data-element_type=\"container\" data-e-type=\"container\">\n\t\t\t\t\t<div class=\"e-con-inner\">\n\t\t\t\t<div class=\"elementor-element elementor-element-99039a4 elementor-widget elementor-widget-heading\" data-id=\"99039a4\" data-element_type=\"widget\" data-e-type=\"widget\" data-widget_type=\"heading.default\">\n\t\t\t\t\t<h2 class=\"elementor-heading-title elementor-size-default\">M\u00e1s historias de esfuerzo, inspiraci\u00f3n y creatividad guatemalteca <\/h2>\t\t\t\t<\/div>\n\t\t\t\t\t<\/div>\n\t\t\t\t<\/div>\n\t\t<div data-particle_enable=\"false\" data-particle-mobile-disabled=\"false\" class=\"elementor-element elementor-element-8a353e5 e-flex e-con-boxed e-con e-parent\" data-id=\"8a353e5\" data-element_type=\"container\" data-e-type=\"container\">\n\t\t\t\t\t<div class=\"e-con-inner\">\n\t\t\t\t<div class=\"elementor-element elementor-element-803c379 elementor-grid-eael-col-3 elementor-grid-tablet-eael-col-2 elementor-grid-mobile-eael-col-1 elementor-widget elementor-widget-eael-post-grid\" data-id=\"803c379\" data-element_type=\"widget\" data-e-type=\"widget\" data-settings=\"{&quot;eael_post_grid_columns&quot;:&quot;eael-col-3&quot;,&quot;eael_post_grid_columns_tablet&quot;:&quot;eael-col-2&quot;,&quot;eael_post_grid_columns_mobile&quot;:&quot;eael-col-1&quot;}\" data-widget_type=\"eael-post-grid.default\">\n\t\t\t\t\t<div id=\"eael-post-grid-803c379\" class=\"eael-post-grid-container\">\n            <div class=\"eael-post-grid eael-post-appender eael-post-appender-803c379 eael-post-grid-style-one\" data-layout-mode=\"masonry\"><article class=\"eael-grid-post  eael-post-grid-column eael-pg-post-55368 category-exitos-guatemala\" data-id=\"55368\">\n        <div class=\"eael-grid-post-holder\">\n            <div class=\"eael-grid-post-holder-inner\"><div class=\"eael-entry-media\"><div class=\"eael-entry-overlay fade-in\"><i class=\"far fa-hand-pointer\" aria-hidden=\"true\"><\/i><a href=\"https:\/\/soymigrante.com\/revista\/luis-von-ahn-national-geographic-33-guatemalteco-duolingo\/\"><\/a><\/div><div class=\"eael-entry-thumbnail \">\n                <img decoding=\"async\" width=\"300\" height=\"300\" src=\"https:\/\/soymigrante.com\/revista\/wp-content\/uploads\/2026\/04\/Luis-von-Ahn-33-changemakers-National-Geographic-guatemalteco-migrante-lista-300x300.png\" class=\"attachment-medium size-medium wp-image-55369\" alt=\"Luis von Ahn 33 changemakers National Geographic guatemalteco migrante lista\" srcset=\"https:\/\/soymigrante.com\/revista\/wp-content\/uploads\/2026\/04\/Luis-von-Ahn-33-changemakers-National-Geographic-guatemalteco-migrante-lista-300x300.png 300w, https:\/\/soymigrante.com\/revista\/wp-content\/uploads\/2026\/04\/Luis-von-Ahn-33-changemakers-National-Geographic-guatemalteco-migrante-lista-1024x1024.png 1024w, https:\/\/soymigrante.com\/revista\/wp-content\/uploads\/2026\/04\/Luis-von-Ahn-33-changemakers-National-Geographic-guatemalteco-migrante-lista-150x150.png 150w, https:\/\/soymigrante.com\/revista\/wp-content\/uploads\/2026\/04\/Luis-von-Ahn-33-changemakers-National-Geographic-guatemalteco-migrante-lista-768x768.png 768w, https:\/\/soymigrante.com\/revista\/wp-content\/uploads\/2026\/04\/Luis-von-Ahn-33-changemakers-National-Geographic-guatemalteco-migrante-lista-75x75.png 75w, https:\/\/soymigrante.com\/revista\/wp-content\/uploads\/2026\/04\/Luis-von-Ahn-33-changemakers-National-Geographic-guatemalteco-migrante-lista-750x750.png 750w, https:\/\/soymigrante.com\/revista\/wp-content\/uploads\/2026\/04\/Luis-von-Ahn-33-changemakers-National-Geographic-guatemalteco-migrante-lista-1140x1140.png 1140w, https:\/\/soymigrante.com\/revista\/wp-content\/uploads\/2026\/04\/Luis-von-Ahn-33-changemakers-National-Geographic-guatemalteco-migrante-lista.png 1200w\" sizes=\"(max-width: 300px) 100vw, 300px\" \/>\n            <\/div>\n        <\/div><div class=\"eael-entry-wrapper\"><header class=\"eael-entry-header\"><h2 class=\"eael-entry-title\"><a class=\"eael-grid-post-link\" href=\"https:\/\/soymigrante.com\/revista\/luis-von-ahn-national-geographic-33-guatemalteco-duolingo\/\" title=\"\u00bfC\u00f3mo lleg\u00f3 el  guatemalteco Luis von Ahn a la lista Global 33 de L\u00edderes Innovadores de National Geographic?\">\u00bfC\u00f3mo lleg\u00f3 el  guatemalteco Luis von Ahn a la lista Global 33 de L\u00edderes Innovadores de National Geographic?<\/a><\/h2><\/header><\/div><\/div>\n        <\/div>\n    <\/article><article class=\"eael-grid-post  eael-post-grid-column eael-pg-post-1376 category-exitos tags-texas\" data-id=\"1376\">\n        <div class=\"eael-grid-post-holder\">\n            <div class=\"eael-grid-post-holder-inner\"><div class=\"eael-entry-media\"><div class=\"eael-entry-overlay fade-in\"><i class=\"far fa-hand-pointer\" aria-hidden=\"true\"><\/i><a href=\"https:\/\/soymigrante.com\/revista\/migrante-guatemalteco-trabajador-de-la-construccion-adolfo-mejia\/\"><\/a><\/div><div class=\"eael-entry-thumbnail \">\n                <img loading=\"lazy\" decoding=\"async\" width=\"272\" height=\"300\" src=\"https:\/\/soymigrante.com\/revista\/wp-content\/uploads\/2023\/06\/adolfo-mejia-272x300.webp\" class=\"attachment-medium size-medium wp-image-1384\" alt=\"Migrante guatemalteco Adolfo Mej\u00eda se dedica a la construcci\u00f3n en Texas.\" srcset=\"https:\/\/soymigrante.com\/revista\/wp-content\/uploads\/2023\/06\/adolfo-mejia-272x300.webp 272w, https:\/\/soymigrante.com\/revista\/wp-content\/uploads\/2023\/06\/adolfo-mejia-927x1024.webp 927w, https:\/\/soymigrante.com\/revista\/wp-content\/uploads\/2023\/06\/adolfo-mejia-768x848.webp 768w, https:\/\/soymigrante.com\/revista\/wp-content\/uploads\/2023\/06\/adolfo-mejia-750x828.webp 750w, https:\/\/soymigrante.com\/revista\/wp-content\/uploads\/2023\/06\/adolfo-mejia-1140x1259.jpg 1140w, https:\/\/soymigrante.com\/revista\/wp-content\/uploads\/2023\/06\/adolfo-mejia.webp 1152w\" sizes=\"(max-width: 272px) 100vw, 272px\" \/>\n            <\/div>\n        <\/div><div class=\"eael-entry-wrapper\"><header class=\"eael-entry-header\"><h2 class=\"eael-entry-title\"><a class=\"eael-grid-post-link\" href=\"https:\/\/soymigrante.com\/revista\/migrante-guatemalteco-trabajador-de-la-construccion-adolfo-mejia\/\" title=\"&#8220;Aqu\u00ed se trabaja duro&#8221;: Adolfo Mej\u00eda, migrante y constructor guatemalteco\">&#8220;Aqu\u00ed se trabaja duro&#8221;: Adolfo Mej\u00eda, migrante y constructor guatemalteco<\/a><\/h2><\/header><\/div><\/div>\n        <\/div>\n    <\/article><article class=\"eael-grid-post  eael-post-grid-column eael-pg-post-223 category-exitos-guatemala tags-nueva-york\" data-id=\"223\">\n        <div class=\"eael-grid-post-holder\">\n            <div class=\"eael-grid-post-holder-inner\"><div class=\"eael-entry-media\"><div class=\"eael-entry-overlay fade-in\"><i class=\"far fa-hand-pointer\" aria-hidden=\"true\"><\/i><a href=\"https:\/\/soymigrante.com\/revista\/actor-arturo-castro\/\"><\/a><\/div><div class=\"eael-entry-thumbnail \">\n                <img loading=\"lazy\" decoding=\"async\" width=\"300\" height=\"169\" src=\"https:\/\/soymigrante.com\/revista\/wp-content\/uploads\/2023\/02\/artennat-300x169.webp\" class=\"attachment-medium size-medium wp-image-739\" alt=\"\" srcset=\"https:\/\/soymigrante.com\/revista\/wp-content\/uploads\/2023\/02\/artennat-300x169.webp 300w, https:\/\/soymigrante.com\/revista\/wp-content\/uploads\/2023\/02\/artennat-1024x576.jpg 1024w, https:\/\/soymigrante.com\/revista\/wp-content\/uploads\/2023\/02\/artennat-768x432.jpg 768w, https:\/\/soymigrante.com\/revista\/wp-content\/uploads\/2023\/02\/artennat-750x422.webp 750w, https:\/\/soymigrante.com\/revista\/wp-content\/uploads\/2023\/02\/artennat-1140x641.jpg 1140w, https:\/\/soymigrante.com\/revista\/wp-content\/uploads\/2023\/02\/artennat.webp 1280w\" sizes=\"(max-width: 300px) 100vw, 300px\" \/>\n            <\/div>\n        <\/div><div class=\"eael-entry-wrapper\"><header class=\"eael-entry-header\"><h2 class=\"eael-entry-title\"><a class=\"eael-grid-post-link\" href=\"https:\/\/soymigrante.com\/revista\/actor-arturo-castro\/\" title=\"&#8220;Cuando uno tiene un sue\u00f1o, no hay plan B&#8221;: actor Arturo Castro\">&#8220;Cuando uno tiene un sue\u00f1o, no hay plan B&#8221;: actor Arturo Castro<\/a><\/h2><\/header><\/div><\/div>\n        <\/div>\n    <\/article><\/div>\n            <div class=\"clearfix\"><\/div>\n        <\/div>            <div class=\"eael-load-more-button-wrap eael-force-hide\">\n                <button class=\"eael-load-more-button\" id=\"eael-load-more-btn-803c379\" data-widget-id=\"803c379\" data-widget=\"803c379\" data-page-id=\"7169\" data-template=\"{&quot;dir&quot;:&quot;lite&quot;,&quot;file_name&quot;:&quot;one.php&quot;,&quot;name&quot;:&quot;Post-Grid&quot;}\" data-class=\"Essential_Addons_Elementor\\Elements\\Post_Grid\" data-layout=\"masonry\" data-page=\"1\" data-args=\"orderby=title&amp;order=asc&amp;ignore_sticky_posts=1&amp;post_status=publish&amp;posts_per_page=3&amp;offset=0&amp;post_type=post&amp;tax_query%5B0%5D%5Btaxonomy%5D=category&amp;tax_query%5B0%5D%5Bfield%5D=term_id&amp;tax_query%5B0%5D%5Bterms%5D%5B0%5D=50&amp;tax_query%5Brelation%5D=AND\" data-max-page=\"104\">\n                    <span class=\"eael-btn-loader button__loader\"><\/span>\n                    <span class=\"eael_load_more_text\">Load More<\/span>\n                <\/button>\n            <\/div>\n            \t\t\t\t<\/div>\n\t\t\t\t\t<\/div>\n\t\t\t\t<\/div>\n\t\t\t\t<\/div>\n\t\t","protected":false},"excerpt":{"rendered":"<p>Alex y Sonia nacieron de dos pueblos guatemaltecos a 25 kil\u00f3metros de distancia, pero se conocieron en Missouri, Estados Unidos. Juntos impulsan el talento de sus 4 hijos en el futbol: Jared, Hamilton, Ur\u00edas y Jos\u00e9. Esta ese su historia. Alex Milton Sol\u00eds, originario de Chiquirines, La Blanca, San Marcos, vive con su esposa Sonia [&hellip;]<\/p>\n","protected":false},"author":7,"featured_media":30395,"comment_status":"open","ping_status":"open","sticky":false,"template":"","format":"standard","meta":{"_acf_changed":false,"_eb_attr":"","footnotes":""},"categories":[50,274],"tags":[],"class_list":["post-7169","post","type-post","status-publish","format-standard","has-post-thumbnail","hentry","category-exitos","category-guatemala"],"acf":[],"aioseo_notices":[],"aioseo_head":"\n\t\t<!-- All in One SEO Pro 4.9.6.2 - aioseo.com -->\n\t<meta name=\"description\" content=\"Considera el ser guatemalteco un \u201csuperpoder\u201d y ve en los migrantes hispanos radicados de EE.UU. una hermandad sin fronteras. Se r\u00ede de los estereotipos discriminatorios precisamente para desarmarlos a trav\u00e9s de su participaci\u00f3n en la serie Alternatino.\u200b El actor Arturo Castro figura en el reparto de The Menu, una pel\u00edcula elogiada por la cr\u00edtica y\" \/>\n\t<meta name=\"robots\" content=\"max-snippet:-1, max-image-preview:large, max-video-preview:-1\" \/>\n\t<meta name=\"author\" content=\"Gustavo Montenegro\"\/>\n\t<link rel=\"canonical\" href=\"https:\/\/soymigrante.com\/revista\/actor-arturo-castro\/\" \/>\n\t<meta name=\"generator\" content=\"All in One SEO Pro (AIOSEO) 4.9.6.2\" \/>\n\n\t\t<link rel=\"preconnect\" href=\"https:\/\/fonts.googleapis.com\" crossorigin>\n<link rel=\"preconnect\" href=\"https:\/\/fonts.gstatic.com\" crossorigin>\n\t\t<meta property=\"og:locale\" content=\"es_ES\" \/>\n\t\t<meta property=\"og:site_name\" content=\"SoyMigrante.com REVISTA \u2013 Nuestra misi\u00f3n es reconocer y dignificar al migrante.\" \/>\n\t\t<meta property=\"og:type\" content=\"article\" \/>\n\t\t<meta property=\"og:title\" content=\"\u201cCuando uno tiene un sue\u00f1o, no hay plan B\u201d: actor Arturo Castro\" \/>\n\t\t<meta property=\"og:description\" content=\"Considera el ser guatemalteco un \u201csuperpoder\u201d y ve en los migrantes hispanos radicados de EE.UU. una hermandad sin fronteras. Se r\u00ede de los estereotipos discriminatorios precisamente para desarmarlos a trav\u00e9s de su participaci\u00f3n en la serie Alternatino.\u200b El actor Arturo Castro figura en el reparto de The Menu, una pel\u00edcula elogiada por la cr\u00edtica y\" \/>\n\t\t<meta property=\"og:url\" content=\"https:\/\/soymigrante.com\/revista\/actor-arturo-castro\/\" \/>\n\t\t<meta property=\"og:image\" content=\"https:\/\/soymigrante.com\/revista\/wp-content\/uploads\/2023\/02\/artennat.webp\" \/>\n\t\t<meta property=\"og:image:secure_url\" content=\"https:\/\/soymigrante.com\/revista\/wp-content\/uploads\/2023\/02\/artennat.webp\" \/>\n\t\t<meta property=\"og:image:width\" content=\"1280\" \/>\n\t\t<meta property=\"og:image:height\" content=\"720\" \/>\n\t\t<meta property=\"article:published_time\" content=\"2023-05-26T00:12:51+00:00\" \/>\n\t\t<meta property=\"article:modified_time\" content=\"2026-03-11T20:41:43+00:00\" \/>\n\t\t<meta property=\"article:publisher\" content=\"https:\/\/www.facebook.com\/soymigrantecom\" \/>\n\t\t<meta name=\"twitter:card\" content=\"summary_large_image\" \/>\n\t\t<meta name=\"twitter:site\" content=\"@SoyMigrante_com\" \/>\n\t\t<meta name=\"twitter:title\" content=\"\u201cCuando uno tiene un sue\u00f1o, no hay plan B\u201d: actor Arturo Castro\" \/>\n\t\t<meta name=\"twitter:description\" content=\"Considera el ser guatemalteco un \u201csuperpoder\u201d y ve en los migrantes hispanos radicados de EE.UU. una hermandad sin fronteras. Se r\u00ede de los estereotipos discriminatorios precisamente para desarmarlos a trav\u00e9s de su participaci\u00f3n en la serie Alternatino.\u200b El actor Arturo Castro figura en el reparto de The Menu, una pel\u00edcula elogiada por la cr\u00edtica y\" \/>\n\t\t<meta name=\"twitter:creator\" content=\"@SoyMigrante_com\" \/>\n\t\t<meta name=\"twitter:image\" content=\"https:\/\/soymigrante.com\/revista\/wp-content\/uploads\/2023\/02\/artennat.webp\" \/>\n\t\t<!-- All in One SEO Pro -->\r\n\t\t<title>\u201cCuando uno tiene un sue\u00f1o, no hay plan B\u201d: actor Arturo Castro<\/title>\n\n","aioseo_head_json":{"title":"\u201cCuando uno tiene un sue\u00f1o, no hay plan B\u201d: actor Arturo Castro","description":"Considera el ser guatemalteco un \u201csuperpoder\u201d y ve en los migrantes hispanos radicados de EE.UU. una hermandad sin fronteras. Se r\u00ede de los estereotipos discriminatorios precisamente para desarmarlos a trav\u00e9s de su participaci\u00f3n en la serie Alternatino.\u200b El actor Arturo Castro figura en el reparto de The Menu, una pel\u00edcula elogiada por la cr\u00edtica y","canonical_url":"https:\/\/soymigrante.com\/revista\/actor-arturo-castro\/","robots":"max-snippet:-1, max-image-preview:large, max-video-preview:-1","keywords":"","webmasterTools":{"miscellaneous":"&lt;link rel=\"preconnect\" href=\"https:\/\/fonts.googleapis.com\" crossorigin&gt;\n&lt;link rel=\"preconnect\" href=\"https:\/\/fonts.gstatic.com\" crossorigin&gt;"},"schema":null,"og:locale":"es_ES","og:site_name":"SoyMigrante.com REVISTA \u2013 Nuestra misi\u00f3n es reconocer y dignificar al migrante.","og:type":"article","og:title":"\u201cCuando uno tiene un sue\u00f1o, no hay plan B\u201d: actor Arturo Castro","og:description":"Considera el ser guatemalteco un \u201csuperpoder\u201d y ve en los migrantes hispanos radicados de EE.UU. una hermandad sin fronteras. Se r\u00ede de los estereotipos discriminatorios precisamente para desarmarlos a trav\u00e9s de su participaci\u00f3n en la serie Alternatino.\u200b El actor Arturo Castro figura en el reparto de The Menu, una pel\u00edcula elogiada por la cr\u00edtica y","og:url":"https:\/\/soymigrante.com\/revista\/actor-arturo-castro\/","og:image":"https:\/\/soymigrante.com\/revista\/wp-content\/uploads\/2023\/02\/artennat.webp","og:image:secure_url":"https:\/\/soymigrante.com\/revista\/wp-content\/uploads\/2023\/02\/artennat.webp","og:image:width":1280,"og:image:height":720,"article:published_time":"2023-05-26T00:12:51+00:00","article:modified_time":"2026-03-11T20:41:43+00:00","article:publisher":"https:\/\/www.facebook.com\/soymigrantecom","twitter:card":"summary_large_image","twitter:site":"@SoyMigrante_com","twitter:title":"\u201cCuando uno tiene un sue\u00f1o, no hay plan B\u201d: actor Arturo Castro","twitter:description":"Considera el ser guatemalteco un \u201csuperpoder\u201d y ve en los migrantes hispanos radicados de EE.UU. una hermandad sin fronteras. Se r\u00ede de los estereotipos discriminatorios precisamente para desarmarlos a trav\u00e9s de su participaci\u00f3n en la serie Alternatino.\u200b El actor Arturo Castro figura en el reparto de The Menu, una pel\u00edcula elogiada por la cr\u00edtica y","twitter:creator":"@SoyMigrante_com","twitter:image":"https:\/\/soymigrante.com\/revista\/wp-content\/uploads\/2023\/02\/artennat.webp"},"aioseo_meta_data":{"post_id":"7169","title":"Sue\u00f1o fubol\u00edstico de los Sol\u00eds en Missouri sigue creciendo","description":"Los esposos guatemaltecos Alex y Sonia Sol\u00eds, en Missouri. Apoyan el talento de sus cuatro hijos en el futbol. Los mayores, Jared y Hamilton siguen avanzando.","keywords":null,"keyphrases":{"focus":{"keyphrase":"Guatemaltecos","score":46,"analysis":{"keyphraseInTitle":{"score":3,"maxScore":9,"error":1},"keyphraseInDescription":{"score":9,"maxScore":9,"error":0},"keyphraseLength":{"score":9,"maxScore":9,"error":0,"length":1},"keyphraseInURL":{"score":1,"maxScore":5,"error":1},"keyphraseInIntroduction":{"score":3,"maxScore":9,"error":1},"keyphraseInSubHeadings":{"score":3,"maxScore":9,"error":1},"keyphraseInImageAlt":{"score":3,"maxScore":9,"error":1},"keywordDensity":{"score":0,"type":"low","maxScore":9,"error":1}}},"additional":[{"keyphrase":"Migrantes","score":40,"analysis":{"keyphraseInDescription":{"score":3,"maxScore":9,"error":1},"keyphraseLength":{"score":9,"maxScore":9,"error":0,"length":1},"keyphraseInIntroduction":{"score":3,"maxScore":9,"error":1},"keyphraseInImageAlt":{"score":3,"maxScore":9,"error":1},"keywordDensity":{"score":0,"type":"low","maxScore":9,"error":1}}},{"keyphrase":"Futbol","score":87,"analysis":{"keyphraseInDescription":{"score":9,"maxScore":9,"error":0},"keyphraseLength":{"score":9,"maxScore":9,"error":0,"length":1},"keyphraseInIntroduction":{"score":3,"maxScore":9,"error":1},"keyphraseInImageAlt":{"score":9,"maxScore":9,"error":0},"keywordDensity":{"type":"best","score":9,"maxScore":9,"error":0}}},{"keyphrase":"Sue\u00f1o","score":87,"analysis":{"keyphraseInDescription":{"score":3,"maxScore":9,"error":1},"keyphraseLength":{"score":9,"maxScore":9,"error":0,"length":2},"keyphraseInIntroduction":{"score":9,"maxScore":9,"error":0},"keyphraseInImageAlt":{"score":9,"maxScore":9,"error":0},"keywordDensity":{"type":"best","score":9,"maxScore":9,"error":0}}}]},"primary_term":null,"canonical_url":null,"og_title":null,"og_description":null,"og_object_type":"default","og_image_type":"default","og_image_url":null,"og_image_width":null,"og_image_height":null,"og_image_custom_url":null,"og_image_custom_fields":null,"og_video":"","og_custom_url":null,"og_article_section":null,"og_article_tags":null,"twitter_use_og":false,"twitter_card":"default","twitter_image_type":"default","twitter_image_url":null,"twitter_image_custom_url":null,"twitter_image_custom_fields":null,"twitter_title":null,"twitter_description":null,"schema":{"blockGraphs":[],"customGraphs":[],"default":{"data":{"Article":[],"Course":[],"Dataset":[],"FAQPage":[],"Movie":[],"Person":[],"Product":[],"ProductReview":[],"Car":[],"Recipe":[],"Service":[],"SoftwareApplication":[],"WebPage":[]},"graphName":"BlogPosting","isEnabled":true},"graphs":[]},"schema_type":"default","schema_type_options":null,"pillar_content":false,"robots_default":true,"robots_noindex":false,"robots_noarchive":false,"robots_nosnippet":false,"robots_nofollow":false,"robots_noimageindex":false,"robots_noodp":false,"robots_notranslate":false,"robots_max_snippet":"-1","robots_max_videopreview":"-1","robots_max_imagepreview":"large","priority":null,"frequency":"default","local_seo":null,"seo_analyzer_scan_date":"2025-10-09 04:11:13","breadcrumb_settings":null,"limit_modified_date":false,"reviewed_by":null,"open_ai":"{\"title\":{\"suggestions\":[],\"usage\":0},\"description\":{\"suggestions\":[],\"usage\":0}}","ai":null,"created":"2024-06-27 05:32:23","updated":"2026-02-04 22:51:27"},"aioseo_breadcrumb":"<div class=\"aioseo-breadcrumbs\"><span class=\"aioseo-breadcrumb\">\n\t<a href=\"https:\/\/soymigrante.com\/revista\" title=\"Home\">Home<\/a>\n<\/span><span class=\"aioseo-breadcrumb-separator\">\u00bb<\/span><span class=\"aioseo-breadcrumb\">\n\t<a href=\"https:\/\/soymigrante.com\/revista\/category\/exitos\/\" title=\"\u00c9xitos\">\u00c9xitos<\/a>\n<\/span><span class=\"aioseo-breadcrumb-separator\">\u00bb<\/span><span class=\"aioseo-breadcrumb\">\n\t<a href=\"https:\/\/soymigrante.com\/revista\/category\/exitos\/guatemala\/\" title=\"Guatemala\">Guatemala<\/a>\n<\/span><span class=\"aioseo-breadcrumb-separator\">\u00bb<\/span><span class=\"aioseo-breadcrumb\">\n\tSue\u00f1o futbol\u00edstico de la familia Sol\u00eds en Missouri sigue creciendo con fe en Dios\n<\/span><\/div>","aioseo_breadcrumb_json":[{"label":"Home","link":"https:\/\/soymigrante.com\/revista"},{"label":"\u00c9xitos","link":"https:\/\/soymigrante.com\/revista\/category\/exitos\/"},{"label":"Guatemala","link":"https:\/\/soymigrante.com\/revista\/category\/exitos\/guatemala\/"},{"label":"Sue\u00f1o futbol\u00edstico de la familia Sol\u00eds en Missouri sigue creciendo con fe en Dios","link":"https:\/\/soymigrante.com\/revista\/el-sueno-de-la-familia-solis-tiene-madera-futbol-y-fe-en-dios\/"}],"_links":{"self":[{"href":"https:\/\/soymigrante.com\/revista\/wp-json\/wp\/v2\/posts\/7169","targetHints":{"allow":["GET"]}}],"collection":[{"href":"https:\/\/soymigrante.com\/revista\/wp-json\/wp\/v2\/posts"}],"about":[{"href":"https:\/\/soymigrante.com\/revista\/wp-json\/wp\/v2\/types\/post"}],"author":[{"embeddable":true,"href":"https:\/\/soymigrante.com\/revista\/wp-json\/wp\/v2\/users\/7"}],"replies":[{"embeddable":true,"href":"https:\/\/soymigrante.com\/revista\/wp-json\/wp\/v2\/comments?post=7169"}],"version-history":[{"count":1,"href":"https:\/\/soymigrante.com\/revista\/wp-json\/wp\/v2\/posts\/7169\/revisions"}],"predecessor-version":[{"id":31350,"href":"https:\/\/soymigrante.com\/revista\/wp-json\/wp\/v2\/posts\/7169\/revisions\/31350"}],"wp:featuredmedia":[{"embeddable":true,"href":"https:\/\/soymigrante.com\/revista\/wp-json\/wp\/v2\/media\/30395"}],"wp:attachment":[{"href":"https:\/\/soymigrante.com\/revista\/wp-json\/wp\/v2\/media?parent=7169"}],"wp:term":[{"taxonomy":"category","embeddable":true,"href":"https:\/\/soymigrante.com\/revista\/wp-json\/wp\/v2\/categories?post=7169"},{"taxonomy":"post_tag","embeddable":true,"href":"https:\/\/soymigrante.com\/revista\/wp-json\/wp\/v2\/tags?post=7169"}],"curies":[{"name":"wp","href":"https:\/\/api.w.org\/{rel}","templated":true}]}}