{"id":7108,"date":"2024-06-24T00:09:40","date_gmt":"2024-06-24T06:09:40","guid":{"rendered":"https:\/\/soymigrante.com\/revista\/?p=7108"},"modified":"2024-11-06T09:56:42","modified_gmt":"2024-11-06T15:56:42","slug":"migrantes-guatemaltecos-en-40-estados-de-ee-uu-se-unen-en-busca-de-un-tps","status":"publish","type":"post","link":"https:\/\/soymigrante.com\/revista\/migrantes-guatemaltecos-en-40-estados-de-ee-uu-se-unen-en-busca-de-un-tps\/","title":{"rendered":"Migrantes guatemaltecos en 40 Estados de EE.UU. unen esfuerzos por un TPS"},"content":{"rendered":"\t\t<div data-elementor-type=\"wp-post\" data-elementor-id=\"7108\" class=\"elementor elementor-7108\" data-elementor-post-type=\"post\">\n\t\t\t\t\t\t<section data-particle_enable=\"false\" data-particle-mobile-disabled=\"false\" class=\"elementor-section elementor-top-section elementor-element elementor-element-2d54661 elementor-section-boxed elementor-section-height-default elementor-section-height-default\" data-id=\"2d54661\" data-element_type=\"section\" data-e-type=\"section\">\n\t\t\t\t\t\t<div class=\"elementor-container elementor-column-gap-default\">\n\t\t\t\t\t<div class=\"elementor-column elementor-col-100 elementor-top-column elementor-element elementor-element-dd6a592\" data-id=\"dd6a592\" data-element_type=\"column\" data-e-type=\"column\">\n\t\t\t<div class=\"elementor-widget-wrap elementor-element-populated\">\n\t\t\t\t\t\t<div class=\"elementor-element elementor-element-e57c1ef elementor-widget elementor-widget-heading\" data-id=\"e57c1ef\" data-element_type=\"widget\" data-e-type=\"widget\" data-widget_type=\"heading.default\">\n\t\t\t\t\t<h2 class=\"elementor-heading-title elementor-size-default\">En una iniciativa sin precedentes, migrantes guatemaltecos en EE.UU. recaudan firmas y buscan apoyos para solicitar al gobierno un Estatus de Protecci\u00f3n Temporal (TPS) a favor de miles de compatriotas que padecen por  no tener un estatus regular.<\/h2>\t\t\t\t<\/div>\n\t\t\t\t\t<\/div>\n\t\t<\/div>\n\t\t\t\t\t<\/div>\n\t\t<\/section>\n\t\t\t\t<section data-particle_enable=\"false\" data-particle-mobile-disabled=\"false\" class=\"elementor-section elementor-top-section elementor-element elementor-element-eb588e6 elementor-section-boxed elementor-section-height-default elementor-section-height-default\" data-id=\"eb588e6\" data-element_type=\"section\" data-e-type=\"section\">\n\t\t\t\t\t\t<div class=\"elementor-container elementor-column-gap-default\">\n\t\t\t\t\t<div class=\"elementor-column elementor-col-100 elementor-top-column elementor-element elementor-element-e950687\" data-id=\"e950687\" data-element_type=\"column\" data-e-type=\"column\">\n\t\t\t<div class=\"elementor-widget-wrap elementor-element-populated\">\n\t\t\t\t\t\t<div class=\"elementor-element elementor-element-9d118ef elementor-widget elementor-widget-text-editor\" data-id=\"9d118ef\" data-element_type=\"widget\" data-e-type=\"widget\" data-widget_type=\"text-editor.default\">\n\t\t\t\t\t\t\t\t\t<p>Es la primera vez que l\u00edderes migrantes guatemaltecos residentes o ciudadanos en Estados Unidos lanzan una convocatoria tan amplia, con tanta cobertura geogr\u00e1fica, para solicitar un <a href=\"https:\/\/soymigrante.com\/revista\/tps-para-guatemala-que-se-necesita-para-lograr-este-beneficio-para-migrantes-en-ee-uu\/\">TPS, o Estatus de Protecci\u00f3n Temporal,<\/a> a favor de compatriotas en dicha naci\u00f3n.\u00a0<\/p><p>Actualmente, en 40 Estados de la Uni\u00f3n Americana hay chapines buscando firmas de m\u00e1s connacionales, tambi\u00e9n residentes o ciudadanos, para sumarse con nombre, apellido y c\u00f3digo postal.\u00a0<\/p><p>&#8220;El objetivo es que m\u00e1s guatemaltecos residentes o ciudadanos, se sumen con nombre, apellido y c\u00f3digo postal para apoyar la campa\u00f1a TPS Guatemalteco a fin de lograr el beneficio de una protecci\u00f3n para miles de hermanos que hoy viven con miedo de ser deportados a pesar de llevar a\u00f1os viviendo y trabajando aqu\u00ed. Temen ser separados de sus familias y este a\u00f1o electoral es clave para lograrlo&#8221;, explica Walter Batres, presidente de la Red Migrante Guatemalteca.<\/p><div>\u00a0<\/div>\t\t\t\t\t\t\t\t<\/div>\n\t\t\t\t\t<\/div>\n\t\t<\/div>\n\t\t\t\t\t<\/div>\n\t\t<\/section>\n\t\t\t\t<section data-particle_enable=\"false\" data-particle-mobile-disabled=\"false\" class=\"elementor-section elementor-top-section elementor-element elementor-element-f73814f elementor-section-boxed elementor-section-height-default elementor-section-height-default\" data-id=\"f73814f\" data-element_type=\"section\" data-e-type=\"section\">\n\t\t\t\t\t\t<div class=\"elementor-container elementor-column-gap-default\">\n\t\t\t\t\t<div class=\"elementor-column elementor-col-100 elementor-top-column elementor-element elementor-element-1934589\" data-id=\"1934589\" data-element_type=\"column\" data-e-type=\"column\">\n\t\t\t<div class=\"elementor-widget-wrap elementor-element-populated\">\n\t\t\t\t\t\t<div class=\"elementor-element elementor-element-6494cd4 elementor-widget elementor-widget-button\" data-id=\"6494cd4\" data-element_type=\"widget\" data-e-type=\"widget\" data-widget_type=\"button.default\">\n\t\t\t\t\t\t\t\t\t\t<a class=\"elementor-button elementor-button-link elementor-size-sm\" href=\"https:\/\/docs.google.com\/forms\/d\/e\/1FAIpQLSdK4vy7OJ2z90WhzOwdLO9ow_BHSbg6QoafGhD_o7Tknrq6KQ\/viewform?usp=send_form%20\">\n\t\t\t\t\t\t<span class=\"elementor-button-content-wrapper\">\n\t\t\t\t\t\t\t\t\t<span class=\"elementor-button-text\">Si es guatemalteco residente en EE.UU. y desea sumarse a la petici\u00f3n del Movimiento TPS Guatemalteco, de clic ac\u00e1 para colocar sus datos.<\/span>\n\t\t\t\t\t<\/span>\n\t\t\t\t\t<\/a>\n\t\t\t\t\t\t\t\t<\/div>\n\t\t\t\t\t<\/div>\n\t\t<\/div>\n\t\t\t\t\t<\/div>\n\t\t<\/section>\n\t\t\t\t<section data-particle_enable=\"false\" data-particle-mobile-disabled=\"false\" class=\"elementor-section elementor-top-section elementor-element elementor-element-c96696a elementor-section-boxed elementor-section-height-default elementor-section-height-default\" data-id=\"c96696a\" data-element_type=\"section\" data-e-type=\"section\">\n\t\t\t\t\t\t<div class=\"elementor-container elementor-column-gap-default\">\n\t\t\t\t\t<div class=\"elementor-column elementor-col-100 elementor-top-column elementor-element elementor-element-463c1d1\" data-id=\"463c1d1\" data-element_type=\"column\" data-e-type=\"column\">\n\t\t\t<div class=\"elementor-widget-wrap elementor-element-populated\">\n\t\t\t\t\t\t<div class=\"elementor-element elementor-element-feb20c8 elementor-widget elementor-widget-image\" data-id=\"feb20c8\" data-element_type=\"widget\" data-e-type=\"widget\" data-widget_type=\"image.default\">\n\t\t\t\t\t\t\t\t\t\t\t\t<figure class=\"wp-caption\">\n\t\t\t\t\t\t\t\t\t\t<img fetchpriority=\"high\" decoding=\"async\" width=\"768\" height=\"687\" src=\"https:\/\/soymigrante.com\/revista\/wp-content\/uploads\/2024\/06\/Captura-de-pantalla-2024-06-23-233317.webp\" class=\"attachment-large size-large wp-image-7111\" alt=\"Deportistas con cartel del movimiento pol\u00edtico guatemalteco TPS en un parque con monumento en Washington, D.C., d\u00eda soleado y cielo azul, promoviendo derechos de inmigrantes en Guatemala y Estados Unidos.\" srcset=\"https:\/\/soymigrante.com\/revista\/wp-content\/uploads\/2024\/06\/Captura-de-pantalla-2024-06-23-233317.webp 906w, https:\/\/soymigrante.com\/revista\/wp-content\/uploads\/2024\/06\/Captura-de-pantalla-2024-06-23-233317-300x268.webp 300w, https:\/\/soymigrante.com\/revista\/wp-content\/uploads\/2024\/06\/Captura-de-pantalla-2024-06-23-233317-768x687.webp 768w, https:\/\/soymigrante.com\/revista\/wp-content\/uploads\/2024\/06\/Captura-de-pantalla-2024-06-23-233317-750x671.webp 750w\" sizes=\"(max-width: 768px) 100vw, 768px\" title=\"El Movimiento TPS Guatemalteco tiene presencia actualmente en 40 Estados de EE.UU., en donde l\u00edderes y representantes migrantes guatemaltecos recaudan firmas para presentar una solicitud masiva ante el gobierno de Joe Biden. \u2013 SoyMigrante.com REVISTA\" \/>\t\t\t\t\t\t\t\t\t\t\t<figcaption class=\"widget-image-caption wp-caption-text\">Movimiento TPS Guatemala, derechos de inmigrantes, rally en Washington D.C., participaci\u00f3n comunitaria, activismo migratorio, pa\u00eds centroamericano.<\/figcaption>\n\t\t\t\t\t\t\t\t\t\t<\/figure>\n\t\t\t\t\t\t\t\t\t<\/div>\n\t\t\t\t\t<\/div>\n\t\t<\/div>\n\t\t\t\t\t<\/div>\n\t\t<\/section>\n\t\t\t\t<section data-particle_enable=\"false\" data-particle-mobile-disabled=\"false\" class=\"elementor-section elementor-top-section elementor-element elementor-element-3191c77 elementor-section-boxed elementor-section-height-default elementor-section-height-default\" data-id=\"3191c77\" data-element_type=\"section\" data-e-type=\"section\">\n\t\t\t\t\t\t<div class=\"elementor-container elementor-column-gap-default\">\n\t\t\t\t\t<div class=\"elementor-column elementor-col-100 elementor-top-column elementor-element elementor-element-01a06fd\" data-id=\"01a06fd\" data-element_type=\"column\" data-e-type=\"column\">\n\t\t\t<div class=\"elementor-widget-wrap elementor-element-populated\">\n\t\t\t\t\t\t<div class=\"elementor-element elementor-element-21cdb88 elementor-widget elementor-widget-heading\" data-id=\"21cdb88\" data-element_type=\"widget\" data-e-type=\"widget\" data-widget_type=\"heading.default\">\n\t\t\t\t\t<h3 class=\"elementor-heading-title elementor-size-default\">Miles de guatemaltecos necesitan un TPS <\/h3>\t\t\t\t<\/div>\n\t\t\t\t\t<\/div>\n\t\t<\/div>\n\t\t\t\t\t<\/div>\n\t\t<\/section>\n\t\t\t\t<section data-particle_enable=\"false\" data-particle-mobile-disabled=\"false\" class=\"elementor-section elementor-top-section elementor-element elementor-element-d977e6b elementor-section-boxed elementor-section-height-default elementor-section-height-default\" data-id=\"d977e6b\" data-element_type=\"section\" data-e-type=\"section\">\n\t\t\t\t\t\t<div class=\"elementor-container elementor-column-gap-default\">\n\t\t\t\t\t<div class=\"elementor-column elementor-col-100 elementor-top-column elementor-element elementor-element-75c1281\" data-id=\"75c1281\" data-element_type=\"column\" data-e-type=\"column\">\n\t\t\t<div class=\"elementor-widget-wrap elementor-element-populated\">\n\t\t\t\t\t\t<div class=\"elementor-element elementor-element-4f6be79 elementor-widget elementor-widget-text-editor\" data-id=\"4f6be79\" data-element_type=\"widget\" data-e-type=\"widget\" data-settings=\"{&quot;_animation&quot;:&quot;none&quot;}\" data-widget_type=\"text-editor.default\">\n\t\t\t\t\t\t\t\t\t<p>&#8220;Guatemala es el \u00fanico pa\u00eds del Tri\u00e1ngulo Norte, que no tiene un estatus de protecci\u00f3n para sus migrantes en Estados Unidos, siendo que quiz\u00e1s ha sido el pa\u00eds m\u00e1s golpeado por desastres naturales y los desastres hechos por gobernantes, adem\u00e1s de ser el mejor aliado de EE.UU. en la regi\u00f3n,&#8221;, expresa la abogada Carolina Sol\u00eds, migrante guatemalteca que forma parte del movimiento en busca del TPS.<\/p><p><span style=\"color: var( --e-global-color-text );\">&#8220;En 40 Estados ya hay l\u00edderes trabajando, luchando por este sue\u00f1o llamado TPS guatemalteco&#8221;, agreg\u00f3, junto a otros l\u00edderes migrantes guatemaltecos en entrevista con SoyMigrante.com<\/span><\/p><p><span style=\"color: var( --e-global-color-text );\">En Estados Unidos, el sistema consular guatemalteco registra 3.22 milones de compatriotas, cifra que podr\u00eda ser a\u00fan mayor debido al subregistro.\u00a0<\/span><\/p>\t\t\t\t\t\t\t\t<\/div>\n\t\t\t\t\t<\/div>\n\t\t<\/div>\n\t\t\t\t\t<\/div>\n\t\t<\/section>\n\t\t\t\t<section data-particle_enable=\"false\" data-particle-mobile-disabled=\"false\" class=\"elementor-section elementor-top-section elementor-element elementor-element-a7a2878 elementor-section-boxed elementor-section-height-default elementor-section-height-default\" data-id=\"a7a2878\" data-element_type=\"section\" data-e-type=\"section\">\n\t\t\t\t\t\t<div class=\"elementor-container elementor-column-gap-default\">\n\t\t\t\t\t<div class=\"elementor-column elementor-col-100 elementor-top-column elementor-element elementor-element-d477a39\" data-id=\"d477a39\" data-element_type=\"column\" data-e-type=\"column\">\n\t\t\t<div class=\"elementor-widget-wrap elementor-element-populated\">\n\t\t\t\t\t\t<div class=\"elementor-element elementor-element-5ad25d3 elementor-invisible elementor-widget elementor-widget-image\" data-id=\"5ad25d3\" data-element_type=\"widget\" data-e-type=\"widget\" data-settings=\"{&quot;_animation&quot;:&quot;bounceInLeft&quot;}\" data-widget_type=\"image.default\">\n\t\t\t\t\t\t\t\t\t\t\t\t<figure class=\"wp-caption\">\n\t\t\t\t\t\t\t\t\t\t\t<a href=\"https:\/\/docs.google.com\/forms\/d\/e\/1FAIpQLSdK4vy7OJ2z90WhzOwdLO9ow_BHSbg6QoafGhD_o7Tknrq6KQ\/viewform?usp=send_form%20\">\n\t\t\t\t\t\t\t<img decoding=\"async\" width=\"563\" height=\"588\" src=\"https:\/\/soymigrante.com\/revista\/wp-content\/uploads\/2024\/06\/Captura-de-pantalla-2024-06-23-233349.webp\" class=\"attachment-large size-large wp-image-7113\" alt=\"TPS Movimiento Guatemalteco logo en la revista SoyMigrante.com, promoviendo apoyo y firma del movimiento, con c\u00f3digo QR y elementos gr\u00e1ficos relacionados con derechos migrantes y activismo.\" srcset=\"https:\/\/soymigrante.com\/revista\/wp-content\/uploads\/2024\/06\/Captura-de-pantalla-2024-06-23-233349.webp 563w, https:\/\/soymigrante.com\/revista\/wp-content\/uploads\/2024\/06\/Captura-de-pantalla-2024-06-23-233349-287x300.webp 287w\" sizes=\"(max-width: 563px) 100vw, 563px\" title=\"Afiche distribuido en 40 Estados de EE.UU. para solicitar apoyo a guatemaltecos ciudadanos o residentes, as\u00ed como de organizaciones, iglesias e incluso empresas. Si reside en EE.UU y desea sumarse, de clic en la imagen para anotar sus datos. \u2013 SoyMigrante.com REVISTA\" \/>\t\t\t\t\t\t\t\t<\/a>\n\t\t\t\t\t\t\t\t\t\t\t<figcaption class=\"widget-image-caption wp-caption-text\">Movilizaci\u00f3n social y derechos migrantes en Guatemalteco, promoci\u00f3n y firma de TPS por movimientos obrero y migratorio.<\/figcaption>\n\t\t\t\t\t\t\t\t\t\t<\/figure>\n\t\t\t\t\t\t\t\t\t<\/div>\n\t\t\t\t\t<\/div>\n\t\t<\/div>\n\t\t\t\t\t<\/div>\n\t\t<\/section>\n\t\t\t\t<section data-particle_enable=\"false\" data-particle-mobile-disabled=\"false\" class=\"elementor-section elementor-top-section elementor-element elementor-element-5689760 elementor-section-boxed elementor-section-height-default elementor-section-height-default\" data-id=\"5689760\" data-element_type=\"section\" data-e-type=\"section\">\n\t\t\t\t\t\t<div class=\"elementor-container elementor-column-gap-default\">\n\t\t\t\t\t<div class=\"elementor-column elementor-col-100 elementor-top-column elementor-element elementor-element-e5ba3d5\" data-id=\"e5ba3d5\" data-element_type=\"column\" data-e-type=\"column\">\n\t\t\t<div class=\"elementor-widget-wrap elementor-element-populated\">\n\t\t\t\t\t\t<div class=\"elementor-element elementor-element-1f7caab elementor-widget elementor-widget-heading\" data-id=\"1f7caab\" data-element_type=\"widget\" data-e-type=\"widget\" data-widget_type=\"heading.default\">\n\t\t\t\t\t<h3 class=\"elementor-heading-title elementor-size-default\">Uni\u00f3n de migrantes alienta esperanzas<\/h3>\t\t\t\t<\/div>\n\t\t\t\t\t<\/div>\n\t\t<\/div>\n\t\t\t\t\t<\/div>\n\t\t<\/section>\n\t\t\t\t<section data-particle_enable=\"false\" data-particle-mobile-disabled=\"false\" class=\"elementor-section elementor-top-section elementor-element elementor-element-bbd8b76 elementor-section-boxed elementor-section-height-default elementor-section-height-default\" data-id=\"bbd8b76\" data-element_type=\"section\" data-e-type=\"section\">\n\t\t\t\t\t\t<div class=\"elementor-container elementor-column-gap-default\">\n\t\t\t\t\t<div class=\"elementor-column elementor-col-100 elementor-top-column elementor-element elementor-element-762321b\" data-id=\"762321b\" data-element_type=\"column\" data-e-type=\"column\">\n\t\t\t<div class=\"elementor-widget-wrap elementor-element-populated\">\n\t\t\t\t\t\t<div class=\"elementor-element elementor-element-93b6a70 elementor-widget elementor-widget-text-editor\" data-id=\"93b6a70\" data-element_type=\"widget\" data-e-type=\"widget\" data-widget_type=\"text-editor.default\">\n\t\t\t\t\t\t\t\t\t<p><span style=\"color: var( --e-global-color-text );\">Lisseth Garc\u00eda, l\u00edder migrante guatemalteca en Florida, expresa que han sido varios los ofrecimientos de gobiernos guatemaltecos acerca de solicitar un TPS. Al no cumplirse, muchas personas pierden la esperanza, pero esta vez es distinto:<\/span><\/p><p><span style=\"color: var( --e-global-color-text );\">\u00a0&#8220;Esto no es algo que gire alrededor de una persona. Todos tenemos hoy una visi\u00f3n de mitigar el dolor de neutra gente. Yo a diario veo guatemaltecos que est\u00e1n sufriendo porque no tienen una licencia ni un permiso de trabajo y que con un TPS tendr\u00edan una estabilidad, adem\u00e1s de la esperanza de poder legalizarse y seguir aportando a este pa\u00eds&#8221;.<\/span><\/p><p>&#8220;Para eso estamos tocando puertas de m\u00e1s guatemaltecos que ya son residentes legales o ciudadanos, para que nos apoyen con una firma, para que se sumen a generar esta gran oportunidad para Guatemala&#8221;.<\/p><p>El a\u00f1o electoral es clave, dice Sandra Kielglass, migrante guatemalteca, porque la amenaza de Donald Trump es expulsar a millones de migrantes, a pesar de que son gente de trabajo y aporte. &#8220;Por eso estamos comprometidos con lograr este TPS con el apoyo masivo de los guatemaltecos, y tambi\u00e9n de las autoridades actuales en el pa\u00eds&#8221;.<\/p><div>\u00a0<\/div>\t\t\t\t\t\t\t\t<\/div>\n\t\t\t\t\t<\/div>\n\t\t<\/div>\n\t\t\t\t\t<\/div>\n\t\t<\/section>\n\t\t\t\t<section data-particle_enable=\"false\" data-particle-mobile-disabled=\"false\" class=\"elementor-section elementor-top-section elementor-element elementor-element-c1dcc09 elementor-section-boxed elementor-section-height-default elementor-section-height-default\" data-id=\"c1dcc09\" data-element_type=\"section\" data-e-type=\"section\">\n\t\t\t\t\t\t<div class=\"elementor-container elementor-column-gap-default\">\n\t\t\t\t\t<div class=\"elementor-column elementor-col-100 elementor-top-column elementor-element elementor-element-7c58db4\" data-id=\"7c58db4\" data-element_type=\"column\" data-e-type=\"column\">\n\t\t\t<div class=\"elementor-widget-wrap elementor-element-populated\">\n\t\t\t\t\t\t<div class=\"elementor-element elementor-element-ad9bf34 elementor-invisible elementor-widget elementor-widget-image\" data-id=\"ad9bf34\" data-element_type=\"widget\" data-e-type=\"widget\" data-settings=\"{&quot;_animation&quot;:&quot;slideInRight&quot;}\" data-widget_type=\"image.default\">\n\t\t\t\t\t\t\t\t\t\t\t\t<figure class=\"wp-caption\">\n\t\t\t\t\t\t\t\t\t\t<img decoding=\"async\" width=\"768\" height=\"611\" src=\"https:\/\/soymigrante.com\/revista\/wp-content\/uploads\/2024\/06\/448159955_1194612058393253_7115033701559974506_n-1024x814.webp\" class=\"attachment-large size-large wp-image-7112\" alt=\"Diversos migrantes y l\u00edderes culturales en una visita a un edificio hist\u00f3rico, promoviendo la cultura migrante y el orgullo ind\u00edgena en eventos del programa SoyMigrante.com REVISTA.\" srcset=\"https:\/\/soymigrante.com\/revista\/wp-content\/uploads\/2024\/06\/448159955_1194612058393253_7115033701559974506_n-1024x814.webp 1024w, https:\/\/soymigrante.com\/revista\/wp-content\/uploads\/2024\/06\/448159955_1194612058393253_7115033701559974506_n-300x239.webp 300w, https:\/\/soymigrante.com\/revista\/wp-content\/uploads\/2024\/06\/448159955_1194612058393253_7115033701559974506_n-768x611.webp 768w, https:\/\/soymigrante.com\/revista\/wp-content\/uploads\/2024\/06\/448159955_1194612058393253_7115033701559974506_n-750x596.webp 750w, https:\/\/soymigrante.com\/revista\/wp-content\/uploads\/2024\/06\/448159955_1194612058393253_7115033701559974506_n-1140x906.webp 1140w, https:\/\/soymigrante.com\/revista\/wp-content\/uploads\/2024\/06\/448159955_1194612058393253_7115033701559974506_n.webp 1200w\" sizes=\"(max-width: 768px) 100vw, 768px\" title=\"El 6 y 7 de junio de 2024, representantes migrantes del Movimiento TPS Guatemalteco se reunieron con senadores y congresistas de EE.UU. en busca de apoyos para lograr la declaratoria de protecci\u00f3n. Para esta semana est\u00e1 programada una reuni\u00f3n en la Casa Blanca y tambi\u00e9n el encuentro de una delegaci\u00f3n con el mandatario guatemalteco Bernardo Ar\u00e9valo. \u2013 SoyMigrante.com REVISTA\" \/>\t\t\t\t\t\t\t\t\t\t\t<figcaption class=\"widget-image-caption wp-caption-text\">Visitantes en un edificio emblem\u00e1tico, reflejando la comunidad migrante y cultural en M\u00e9xico para la revista SoyMigrante.com, con enfoque en identidad, migraci\u00f3n y cultura mexicana.<\/figcaption>\n\t\t\t\t\t\t\t\t\t\t<\/figure>\n\t\t\t\t\t\t\t\t\t<\/div>\n\t\t\t\t\t<\/div>\n\t\t<\/div>\n\t\t\t\t\t<\/div>\n\t\t<\/section>\n\t\t\t\t<section data-particle_enable=\"false\" data-particle-mobile-disabled=\"false\" class=\"elementor-section elementor-top-section elementor-element elementor-element-0fd5fb7 elementor-section-boxed elementor-section-height-default elementor-section-height-default\" data-id=\"0fd5fb7\" data-element_type=\"section\" data-e-type=\"section\">\n\t\t\t\t\t\t<div class=\"elementor-container elementor-column-gap-default\">\n\t\t\t\t\t<div class=\"elementor-column elementor-col-100 elementor-top-column elementor-element elementor-element-bc9e0ac\" data-id=\"bc9e0ac\" data-element_type=\"column\" data-e-type=\"column\">\n\t\t\t<div class=\"elementor-widget-wrap elementor-element-populated\">\n\t\t\t\t\t\t<div class=\"elementor-element elementor-element-11904bf elementor-widget elementor-widget-heading\" data-id=\"11904bf\" data-element_type=\"widget\" data-e-type=\"widget\" data-widget_type=\"heading.default\">\n\t\t\t\t\t<h3 class=\"elementor-heading-title elementor-size-default\">\"Con un TPS gana Guatemala y gana EE.UU. \"<\/h3>\t\t\t\t<\/div>\n\t\t\t\t\t<\/div>\n\t\t<\/div>\n\t\t\t\t\t<\/div>\n\t\t<\/section>\n\t\t\t\t<section data-particle_enable=\"false\" data-particle-mobile-disabled=\"false\" class=\"elementor-section elementor-top-section elementor-element elementor-element-de5e5a6 elementor-section-boxed elementor-section-height-default elementor-section-height-default\" data-id=\"de5e5a6\" data-element_type=\"section\" data-e-type=\"section\">\n\t\t\t\t\t\t<div class=\"elementor-container elementor-column-gap-default\">\n\t\t\t\t\t<div class=\"elementor-column elementor-col-100 elementor-top-column elementor-element elementor-element-3167322\" data-id=\"3167322\" data-element_type=\"column\" data-e-type=\"column\">\n\t\t\t<div class=\"elementor-widget-wrap elementor-element-populated\">\n\t\t\t\t\t\t<div class=\"elementor-element elementor-element-37bf143 elementor-widget elementor-widget-text-editor\" data-id=\"37bf143\" data-element_type=\"widget\" data-e-type=\"widget\" data-widget_type=\"text-editor.default\">\n\t\t\t\t\t\t\t\t\t<p><span style=\"color: var( --e-global-color-text );\">Walter Batres, presidente de la Red Migrante Guatemalteca, radicado en Los Angeles, agrega: &#8220;Actualmente somos alrededor de 200 l\u00edderes guatemaltecos en 40 Estado los que estamos pidiendo firmas en las comunidades guatemaltecas&#8221;.<\/span><\/p><p><span style=\"color: var( --e-global-color-text );\">&#8220;N<\/span><span style=\"color: var( --e-global-color-text );\">os est\u00e1n apoyando organizaciones y prestigiosos abogados migratorios en esta solicitud de un TPS que ayudar\u00e1 a los migrantes indocumentados, pero tambi\u00e9n a Guatemala, porque podr\u00e1n regularizar su situaci\u00f3n, visitar a sus familias en el pa\u00eds y regresar para seguir trabajando, pagando impuestos, contribuyendo con su talento y poder de consumo. Con un TPS gana Guatemala pero tambi\u00e9n gana Estados Unidos&#8221;.<\/span><\/p><p>&#8220;Los guatemaltecos tenemos que buscar nuestro TPS. No importa que ya seamos residentes o ciudadanos: ante todo somos guatemaltecos y debemos unirnos, ayudarnos, mostrar que somos una fuerza productiva y quienes ya podemos votar aqu\u00ed, que somos una fuerza electoral&#8221;, agrega a la vez que aclara que no reciben ning\u00fan apoyo o financiamiento de nadie. &#8220;Todos los integrantes del Movimiento TPS nos costeamos nuestros gastos, porque lo hacemos por Guatemala&#8221;.<\/p><p><span style=\"color: var( --e-global-color-text );\">Los impulsores del movimiento TPS Guatemalteco ya hicieron una visita al Congreso de Estados Unidos, en donde presentaron testimonios de migrantes indocumentados acerca de sus penurias pero tambi\u00e9n de sus aportes de trabajo, impuestos y valores. &#8220;Fueron testimonios conmovedores, que hicieron llorar a quienes los oyeron. Guatemala necesita un TPS, los guatemaltecos necesitamos esta protecci\u00f3n y la vamos a conseguir&#8221;, dice Batres.<\/span><\/p>\t\t\t\t\t\t\t\t<\/div>\n\t\t\t\t\t<\/div>\n\t\t<\/div>\n\t\t\t\t\t<\/div>\n\t\t<\/section>\n\t\t\t\t<section data-particle_enable=\"false\" data-particle-mobile-disabled=\"false\" class=\"elementor-section elementor-top-section elementor-element elementor-element-cbb8cfa elementor-section-boxed elementor-section-height-default elementor-section-height-default\" data-id=\"cbb8cfa\" data-element_type=\"section\" data-e-type=\"section\">\n\t\t\t\t\t\t<div class=\"elementor-container elementor-column-gap-default\">\n\t\t\t\t\t<div class=\"elementor-column elementor-col-100 elementor-top-column elementor-element elementor-element-604c8ac\" data-id=\"604c8ac\" data-element_type=\"column\" data-e-type=\"column\">\n\t\t\t<div class=\"elementor-widget-wrap elementor-element-populated\">\n\t\t\t\t\t\t<div class=\"elementor-element elementor-element-147f893 elementor-invisible elementor-widget elementor-widget-button\" data-id=\"147f893\" data-element_type=\"widget\" data-e-type=\"widget\" data-settings=\"{&quot;_animation&quot;:&quot;lightSpeedIn&quot;}\" data-widget_type=\"button.default\">\n\t\t\t\t\t\t\t\t\t\t<a class=\"elementor-button elementor-button-link elementor-size-sm\" href=\"https:\/\/docs.google.com\/forms\/d\/e\/1FAIpQLSdK4vy7OJ2z90WhzOwdLO9ow_BHSbg6QoafGhD_o7Tknrq6KQ\/viewform?usp=send_form%20\">\n\t\t\t\t\t\t<span class=\"elementor-button-content-wrapper\">\n\t\t\t\t\t\t\t\t\t<span class=\"elementor-button-text\">Si es guatemalteco residente en EE.UU. y desea sumarse a la petici\u00f3n del Movimiento TPS Guatemalteco, de clic ac\u00e1 para colocar sus datos.<\/span>\n\t\t\t\t\t<\/span>\n\t\t\t\t\t<\/a>\n\t\t\t\t\t\t\t\t<\/div>\n\t\t\t\t\t<\/div>\n\t\t<\/div>\n\t\t\t\t\t<\/div>\n\t\t<\/section>\n\t\t\t\t<section data-particle_enable=\"false\" data-particle-mobile-disabled=\"false\" class=\"elementor-section elementor-top-section elementor-element elementor-element-107bb1e elementor-section-boxed elementor-section-height-default elementor-section-height-default\" data-id=\"107bb1e\" data-element_type=\"section\" data-e-type=\"section\">\n\t\t\t\t\t\t<div class=\"elementor-container elementor-column-gap-default\">\n\t\t\t\t\t<div class=\"elementor-column elementor-col-100 elementor-top-column elementor-element elementor-element-3273cbe\" data-id=\"3273cbe\" data-element_type=\"column\" data-e-type=\"column\">\n\t\t\t<div class=\"elementor-widget-wrap elementor-element-populated\">\n\t\t\t\t\t\t<div class=\"elementor-element elementor-element-69facc4 elementor-widget elementor-widget-image\" data-id=\"69facc4\" data-element_type=\"widget\" data-e-type=\"widget\" data-widget_type=\"image.default\">\n\t\t\t\t\t\t\t\t\t\t\t\t<figure class=\"wp-caption\">\n\t\t\t\t\t\t\t\t\t\t<img loading=\"lazy\" decoding=\"async\" width=\"768\" height=\"457\" src=\"https:\/\/soymigrante.com\/revista\/wp-content\/uploads\/2024\/06\/448156369_1194611108393348_8073779235680523038_n-1024x609.webp\" class=\"attachment-large size-large wp-image-7114\" alt=\"Personas formando parte del Movimiento TPS en un evento al aire libre en Guatemala, promoviendo derechos migratorios y apoyo a migrantes mediante actividades comunitarias.\" srcset=\"https:\/\/soymigrante.com\/revista\/wp-content\/uploads\/2024\/06\/448156369_1194611108393348_8073779235680523038_n-1024x609.webp 1024w, https:\/\/soymigrante.com\/revista\/wp-content\/uploads\/2024\/06\/448156369_1194611108393348_8073779235680523038_n-300x178.webp 300w, https:\/\/soymigrante.com\/revista\/wp-content\/uploads\/2024\/06\/448156369_1194611108393348_8073779235680523038_n-768x456.webp 768w, https:\/\/soymigrante.com\/revista\/wp-content\/uploads\/2024\/06\/448156369_1194611108393348_8073779235680523038_n-750x446.webp 750w, https:\/\/soymigrante.com\/revista\/wp-content\/uploads\/2024\/06\/448156369_1194611108393348_8073779235680523038_n-1140x677.webp 1140w, https:\/\/soymigrante.com\/revista\/wp-content\/uploads\/2024\/06\/448156369_1194611108393348_8073779235680523038_n.webp 1262w\" sizes=\"(max-width: 768px) 100vw, 768px\" title=\"En iglesias, eventos comunitarios, clubes, actividades deportivas y otras situaciones sociales, los l\u00edderes y voluntarios del Movimiento TPS Guatemalteco solicitan apoyo de m\u00e1s guatemaltecos. Tambi\u00e9n colocan afiches en negocios o centros comunitarios para que los connacionales puedan sumarse en l\u00ednea a la petici\u00f3n. \u2013 SoyMigrante.com REVISTA\" \/>\t\t\t\t\t\t\t\t\t\t\t<figcaption class=\"widget-image-caption wp-caption-text\">Grupo de personas en evento de inmigraci\u00f3n con pancartas de Movimiento TPS en Guadalajara. Promueven derechos de migrantes, apoyo a guatemaltecos en USA y visibilidad de la comunidad migrante local.<\/figcaption>\n\t\t\t\t\t\t\t\t\t\t<\/figure>\n\t\t\t\t\t\t\t\t\t<\/div>\n\t\t\t\t\t<\/div>\n\t\t<\/div>\n\t\t\t\t\t<\/div>\n\t\t<\/section>\n\t\t\t\t<section data-particle_enable=\"false\" data-particle-mobile-disabled=\"false\" class=\"elementor-section elementor-top-section elementor-element elementor-element-6959f3f elementor-section-boxed elementor-section-height-default elementor-section-height-default\" data-id=\"6959f3f\" data-element_type=\"section\" data-e-type=\"section\">\n\t\t\t\t\t\t<div class=\"elementor-container elementor-column-gap-default\">\n\t\t\t\t\t<div class=\"elementor-column elementor-col-100 elementor-top-column elementor-element elementor-element-22e4dbd\" data-id=\"22e4dbd\" data-element_type=\"column\" data-e-type=\"column\">\n\t\t\t<div class=\"elementor-widget-wrap elementor-element-populated\">\n\t\t\t\t\t\t<div class=\"elementor-element elementor-element-f722d7f elementor-widget elementor-widget-heading\" data-id=\"f722d7f\" data-element_type=\"widget\" data-e-type=\"widget\" data-widget_type=\"heading.default\">\n\t\t\t\t\t<h3 class=\"elementor-heading-title elementor-size-default\">Con fe y de persona en persona<\/h3>\t\t\t\t<\/div>\n\t\t\t\t\t<\/div>\n\t\t<\/div>\n\t\t\t\t\t<\/div>\n\t\t<\/section>\n\t\t\t\t<section data-particle_enable=\"false\" data-particle-mobile-disabled=\"false\" class=\"elementor-section elementor-top-section elementor-element elementor-element-2fa143a elementor-section-boxed elementor-section-height-default elementor-section-height-default\" data-id=\"2fa143a\" data-element_type=\"section\" data-e-type=\"section\">\n\t\t\t\t\t\t<div class=\"elementor-container elementor-column-gap-default\">\n\t\t\t\t\t<div class=\"elementor-column elementor-col-100 elementor-top-column elementor-element elementor-element-f9a605b\" data-id=\"f9a605b\" data-element_type=\"column\" data-e-type=\"column\">\n\t\t\t<div class=\"elementor-widget-wrap elementor-element-populated\">\n\t\t\t\t\t\t<div class=\"elementor-element elementor-element-1cf5edc elementor-widget elementor-widget-text-editor\" data-id=\"1cf5edc\" data-element_type=\"widget\" data-e-type=\"widget\" data-widget_type=\"text-editor.default\">\n\t\t\t\t\t\t\t\t\t<p><span style=\"color: var( --e-global-color-text );\">\u00a0&#8220;Vamos a todas partes. En las iglesias, en actividades sociales, en casas hemos ido a tocar puerta para explicar el gran sue\u00f1o del TPS Guatemalteco y pedir apoyos, en forma de firmas y direcciones de guatemaltecos residentes y sobre todo ciudadanos&#8221;, cuenta Ingrid Rodr\u00edguez, migrante guatemalteca que participa en el Movimiento TPS. &#8220;Agregamos esa direcci\u00f3n a un mapa geolocalizado pra que quienes reciban la solicitud vean que es gente real, con voz y tambi\u00e9n voto&#8221;.\u00a0<\/span><\/p><p>Rodr\u00edguez contin\u00faa: &#8220;A veces nos hacen una pregunta, lamentablemente muy guatemalteca: \u00bfY yo que gano con esto? Entonces les explicamos que no es un beneficio personal, sino un beneficio a nivel de Guatemala, de los guatemaltecos dentro y fuera del territorio. Quienes vivimos aaqu\u00ed amamos a Guatemala&#8230; y debemos preguntarnos \u00bfQu\u00e9 puedo hacer por mi pa\u00eds? Y hoy la respuesta es: Apoyar la solicitud de TPS&#8221;.<\/p><p>&#8220;Tenemos fe y confianza en Dios de que nos guiar\u00e1 para poder lograr este TPS, que ser\u00e1 una gran bendici\u00f3n para miles de familias en Guatemala&#8221;, finaliza Walter Batres.<\/p>\t\t\t\t\t\t\t\t<\/div>\n\t\t\t\t\t<\/div>\n\t\t<\/div>\n\t\t\t\t\t<\/div>\n\t\t<\/section>\n\t\t\t\t<section data-particle_enable=\"false\" data-particle-mobile-disabled=\"false\" class=\"elementor-section elementor-top-section elementor-element elementor-element-dab2397 elementor-section-boxed elementor-section-height-default elementor-section-height-default\" data-id=\"dab2397\" data-element_type=\"section\" data-e-type=\"section\">\n\t\t\t\t\t\t<div class=\"elementor-container elementor-column-gap-default\">\n\t\t\t\t\t<div class=\"elementor-column elementor-col-100 elementor-top-column elementor-element elementor-element-3a0707c\" data-id=\"3a0707c\" data-element_type=\"column\" data-e-type=\"column\">\n\t\t\t<div class=\"elementor-widget-wrap elementor-element-populated\">\n\t\t\t\t\t\t<div class=\"elementor-element elementor-element-fc8cda4 elementor-invisible elementor-widget elementor-widget-facebook-embed\" data-id=\"fc8cda4\" data-element_type=\"widget\" data-e-type=\"widget\" data-settings=\"{&quot;_animation&quot;:&quot;shake&quot;}\" data-widget_type=\"facebook-embed.default\">\n\t\t\t\t\t<div style=\"min-height: 1px\" class=\"elementor-facebook-widget fb-video\" data-href=\"https:\/\/fb.watch\/sUNumo8HFP\/\" data-show-text=\"false\" data-allowfullscreen=\"false\" data-autoplay=\"false\" data-show-captions=\"false\"><\/div>\t\t\t\t<\/div>\n\t\t\t\t\t<\/div>\n\t\t<\/div>\n\t\t\t\t\t<\/div>\n\t\t<\/section>\n\t\t\t\t<section data-particle_enable=\"false\" data-particle-mobile-disabled=\"false\" class=\"elementor-section elementor-top-section elementor-element elementor-element-e7f60ac elementor-section-boxed elementor-section-height-default elementor-section-height-default\" data-id=\"e7f60ac\" data-element_type=\"section\" data-e-type=\"section\">\n\t\t\t\t\t\t<div class=\"elementor-container elementor-column-gap-default\">\n\t\t\t\t\t<div class=\"elementor-column elementor-col-100 elementor-top-column elementor-element elementor-element-bcb67fc\" data-id=\"bcb67fc\" data-element_type=\"column\" data-e-type=\"column\">\n\t\t\t<div class=\"elementor-widget-wrap elementor-element-populated\">\n\t\t\t\t\t\t<div class=\"elementor-element elementor-element-384155b elementor-widget elementor-widget-heading\" data-id=\"384155b\" data-element_type=\"widget\" data-e-type=\"widget\" data-widget_type=\"heading.default\">\n\t\t\t\t\t<h3 class=\"elementor-heading-title elementor-size-default\">Lista de los 40 Estados con l\u00edderes migrantes guatemaltecos recaudando firmas para el TPS<\/h3>\t\t\t\t<\/div>\n\t\t\t\t\t<\/div>\n\t\t<\/div>\n\t\t\t\t\t<\/div>\n\t\t<\/section>\n\t\t\t\t<section data-particle_enable=\"false\" data-particle-mobile-disabled=\"false\" class=\"elementor-section elementor-top-section elementor-element elementor-element-7f1107d elementor-section-boxed elementor-section-height-default elementor-section-height-default\" data-id=\"7f1107d\" data-element_type=\"section\" data-e-type=\"section\">\n\t\t\t\t\t\t<div class=\"elementor-container elementor-column-gap-default\">\n\t\t\t\t\t<div class=\"elementor-column elementor-col-100 elementor-top-column elementor-element elementor-element-a406007\" data-id=\"a406007\" data-element_type=\"column\" data-e-type=\"column\">\n\t\t\t<div class=\"elementor-widget-wrap elementor-element-populated\">\n\t\t\t\t\t\t<section data-particle_enable=\"false\" data-particle-mobile-disabled=\"false\" class=\"elementor-section elementor-inner-section elementor-element elementor-element-e6b21db elementor-section-boxed elementor-section-height-default elementor-section-height-default\" data-id=\"e6b21db\" data-element_type=\"section\" data-e-type=\"section\">\n\t\t\t\t\t\t<div class=\"elementor-container elementor-column-gap-default\">\n\t\t\t\t\t<div class=\"elementor-column elementor-col-50 elementor-inner-column elementor-element elementor-element-828733f\" data-id=\"828733f\" data-element_type=\"column\" data-e-type=\"column\">\n\t\t\t<div class=\"elementor-widget-wrap elementor-element-populated\">\n\t\t\t\t\t\t<div class=\"elementor-element elementor-element-9e15972 elementor-widget elementor-widget-text-editor\" data-id=\"9e15972\" data-element_type=\"widget\" data-e-type=\"widget\" data-widget_type=\"text-editor.default\">\n\t\t\t\t\t\t\t\t\t<p>1. <b>California\u00a0<br \/><span style=\"color: var( --e-global-color-text );\">2. Nevada\u00a0<br \/><\/span><span style=\"color: var( --e-global-color-text );\">3. Oregon<br \/><\/span><span style=\"color: var( --e-global-color-text );\">4. Washington\u00a0<br \/><\/span><span style=\"color: var( --e-global-color-text );\">5. Idaho<br \/><\/span><span style=\"color: var( --e-global-color-text );\">6. Utah<br \/><\/span><span style=\"color: var( --e-global-color-text );\">7. Arizona<br \/><\/span><span style=\"color: var( --e-global-color-text );\">8. Colorado<br \/><\/span><span style=\"color: var( --e-global-color-text );\">9. Nuevo Mexico<br \/><\/span><span style=\"color: var( --e-global-color-text );\">10. Texas\u00a0<br \/><\/span><span style=\"color: var( --e-global-color-text );\">11. Dakota del Sur<br \/><\/span><span style=\"color: var( --e-global-color-text );\">12. Nebraska\u00a0<br \/><\/span><span style=\"color: var( --e-global-color-text );\">13. Kansas<br \/><\/span><span style=\"color: var( --e-global-color-text );\">14. Oklahoma\u00a0<br \/><\/span><span style=\"color: var( --e-global-color-text );\">15. Minnesota<br \/><\/span><span style=\"color: var( --e-global-color-text );\">16. Iowa\u00a0<br \/><\/span><span style=\"color: var( --e-global-color-text );\">17. Missouri\u00a0<br \/><\/span><span style=\"color: var( --e-global-color-text );\">18. Arkansas\u00a0<br \/><\/span><span style=\"color: var( --e-global-color-text );\">19. Louisiana\u00a0<br \/><\/span><span style=\"color: var( --e-global-color-text );\">20. Illinois\u00a0\u00a0<\/span><\/b><\/p>\t\t\t\t\t\t\t\t<\/div>\n\t\t\t\t\t<\/div>\n\t\t<\/div>\n\t\t\t\t<div class=\"elementor-column elementor-col-50 elementor-inner-column elementor-element elementor-element-9b4aabf\" data-id=\"9b4aabf\" data-element_type=\"column\" data-e-type=\"column\">\n\t\t\t<div class=\"elementor-widget-wrap elementor-element-populated\">\n\t\t\t\t\t\t<div class=\"elementor-element elementor-element-800db8c elementor-widget elementor-widget-text-editor\" data-id=\"800db8c\" data-element_type=\"widget\" data-e-type=\"widget\" data-widget_type=\"text-editor.default\">\n\t\t\t\t\t\t\t\t\t<p><span style=\"color: var( --e-global-color-text );\">21.<b> Wisconsin\u00a0<br \/><\/b><\/span><b><span style=\"color: var( --e-global-color-text );\">22. Michigan\u00a0<br \/><\/span><span style=\"color: var( --e-global-color-text );\">23. Indiana<br \/><\/span><span style=\"color: var( --e-global-color-text );\">24. Ohio<br \/><\/span><span style=\"color: var( --e-global-color-text );\">25. Kentucky\u00a0<br \/><\/span><span style=\"color: var( --e-global-color-text );\">26. Tennessee<br \/><\/span><span style=\"color: var( --e-global-color-text );\">27. Alabama\u00a0<br \/><\/span><span style=\"color: var( --e-global-color-text );\">28. Georgia<br \/><\/span><span style=\"color: var( --e-global-color-text );\">29. Florida<br \/><\/span><span style=\"color: var( --e-global-color-text );\">30. South Carolina\u00a0<br \/><\/span><span style=\"color: var( --e-global-color-text );\">31. North Carolina\u00a0<br \/><\/span><span style=\"color: var( --e-global-color-text );\">32. Virginia<br \/><\/span><span style=\"color: var( --e-global-color-text );\">33. Maryland\u00a0<br \/><\/span><span style=\"color: var( --e-global-color-text );\">34. New Jersey\u00a0<br \/><\/span><span style=\"color: var( --e-global-color-text );\">35. New York\u00a0<br \/><\/span><span style=\"color: var( --e-global-color-text );\">36. Pennsylvania\u00a0<br \/><\/span><span style=\"color: var( --e-global-color-text );\">37. Rhode Island\u00a0<br \/><\/span><span style=\"color: var( --e-global-color-text );\">38. Connecticut\u00a0<br \/><\/span><span style=\"color: var( --e-global-color-text );\">39. Massachusetts\u00a0<br \/><\/span><span style=\"color: var( --e-global-color-text );\">40. Washington D.C.<\/span><\/b><\/p>\t\t\t\t\t\t\t\t<\/div>\n\t\t\t\t\t<\/div>\n\t\t<\/div>\n\t\t\t\t\t<\/div>\n\t\t<\/section>\n\t\t\t\t\t<\/div>\n\t\t<\/div>\n\t\t\t\t\t<\/div>\n\t\t<\/section>\n\t\t\t\t<section data-particle_enable=\"false\" data-particle-mobile-disabled=\"false\" class=\"elementor-section elementor-top-section elementor-element elementor-element-cc131ba elementor-section-boxed elementor-section-height-default elementor-section-height-default\" data-id=\"cc131ba\" data-element_type=\"section\" data-e-type=\"section\">\n\t\t\t\t\t\t<div class=\"elementor-container elementor-column-gap-default\">\n\t\t\t\t\t<div class=\"elementor-column elementor-col-100 elementor-top-column elementor-element elementor-element-6215977\" data-id=\"6215977\" data-element_type=\"column\" data-e-type=\"column\">\n\t\t\t<div class=\"elementor-widget-wrap elementor-element-populated\">\n\t\t\t\t\t\t<div class=\"elementor-element elementor-element-bf4f874 elementor-widget elementor-widget-button\" data-id=\"bf4f874\" data-element_type=\"widget\" data-e-type=\"widget\" data-widget_type=\"button.default\">\n\t\t\t\t\t\t\t\t\t\t<a class=\"elementor-button elementor-button-link elementor-size-sm\" href=\"https:\/\/docs.google.com\/forms\/d\/e\/1FAIpQLSdK4vy7OJ2z90WhzOwdLO9ow_BHSbg6QoafGhD_o7Tknrq6KQ\/viewform?usp=send_form%20\">\n\t\t\t\t\t\t<span class=\"elementor-button-content-wrapper\">\n\t\t\t\t\t\t\t\t\t<span class=\"elementor-button-text\">Si es guatemalteco residente en EE.UU. y desea sumarse a la petici\u00f3n del Movimiento TPS Guatemalteco, de clic ac\u00e1 para colocar sus datos.<\/span>\n\t\t\t\t\t<\/span>\n\t\t\t\t\t<\/a>\n\t\t\t\t\t\t\t\t<\/div>\n\t\t\t\t\t<\/div>\n\t\t<\/div>\n\t\t\t\t\t<\/div>\n\t\t<\/section>\n\t\t\t\t<section data-particle_enable=\"false\" data-particle-mobile-disabled=\"false\" class=\"elementor-section elementor-top-section elementor-element elementor-element-af9dfd5 elementor-section-boxed elementor-section-height-default elementor-section-height-default\" data-id=\"af9dfd5\" data-element_type=\"section\" data-e-type=\"section\">\n\t\t\t\t\t\t<div class=\"elementor-container elementor-column-gap-default\">\n\t\t\t\t\t<div class=\"elementor-column elementor-col-100 elementor-top-column elementor-element elementor-element-3d1eced\" data-id=\"3d1eced\" data-element_type=\"column\" data-e-type=\"column\">\n\t\t\t<div class=\"elementor-widget-wrap elementor-element-populated\">\n\t\t\t\t\t\t<div class=\"elementor-element elementor-element-fee40ce elementor-grid-eael-col-3 elementor-grid-tablet-eael-col-2 elementor-grid-mobile-eael-col-1 elementor-widget elementor-widget-eael-post-grid\" data-id=\"fee40ce\" data-element_type=\"widget\" data-e-type=\"widget\" data-settings=\"{&quot;eael_post_grid_columns&quot;:&quot;eael-col-3&quot;,&quot;eael_post_grid_columns_tablet&quot;:&quot;eael-col-2&quot;,&quot;eael_post_grid_columns_mobile&quot;:&quot;eael-col-1&quot;}\" data-widget_type=\"eael-post-grid.default\">\n\t\t\t\t\t<div id=\"eael-post-grid-fee40ce\" class=\"eael-post-grid-container\">\n            <div class=\"eael-post-grid eael-post-appender eael-post-appender-fee40ce eael-post-grid-style-one\" data-layout-mode=\"masonry\"><article class=\"eael-grid-post  eael-post-grid-column eael-pg-post-5883 category-estamos-unidos\" data-id=\"5883\">\n        <div class=\"eael-grid-post-holder\">\n            <div class=\"eael-grid-post-holder-inner\"><div class=\"eael-entry-media\"><div class=\"eael-entry-overlay fade-in\"><i class=\"fas fa-long-arrow-alt-right\" aria-hidden=\"true\"><\/i><a href=\"https:\/\/soymigrante.com\/revista\/tps-para-guatemala-que-es-y-que-falta-para-que-sea-otorgado\/\"><\/a><\/div><div class=\"eael-entry-thumbnail \">\n                <img loading=\"lazy\" decoding=\"async\" width=\"300\" height=\"200\" src=\"https:\/\/soymigrante.com\/revista\/wp-content\/uploads\/2024\/04\/tps-300x200.webp\" class=\"attachment-medium size-medium wp-image-5916\" alt=\"M\u00e9xico y Estados Unidos en una protesta comunitaria en Los \u00c1ngeles promoviendo derechos de migrantes y justicia social.\" srcset=\"https:\/\/soymigrante.com\/revista\/wp-content\/uploads\/2024\/04\/tps-300x200.webp 300w, https:\/\/soymigrante.com\/revista\/wp-content\/uploads\/2024\/04\/tps-600x400.webp 600w, https:\/\/soymigrante.com\/revista\/wp-content\/uploads\/2024\/04\/tps.webp 749w\" sizes=\"(max-width: 300px) 100vw, 300px\" \/>\n            <\/div>\n        <\/div><div class=\"eael-entry-wrapper\"><header class=\"eael-entry-header\"><h2 class=\"eael-entry-title\"><a class=\"eael-grid-post-link\" href=\"https:\/\/soymigrante.com\/revista\/tps-para-guatemala-que-es-y-que-falta-para-que-sea-otorgado\/\" title=\"TPS para Guatemala:  \u00bfQu\u00e9 es y c\u00f3mo me puedo sumar para solicitarlo?\">TPS para Guatemala:  \u00bfQu\u00e9 es y c\u00f3mo me puedo sumar para solicitarlo?<\/a><\/h2><\/header><\/div><\/div>\n        <\/div>\n    <\/article><article class=\"eael-grid-post  eael-post-grid-column eael-pg-post-5787 category-lugar-de-voces\" data-id=\"5787\">\n        <div class=\"eael-grid-post-holder\">\n            <div class=\"eael-grid-post-holder-inner\"><div class=\"eael-entry-media\"><div class=\"eael-entry-overlay fade-in\"><i class=\"fas fa-long-arrow-alt-right\" aria-hidden=\"true\"><\/i><a href=\"https:\/\/soymigrante.com\/revista\/tps-para-guatemala-que-se-necesita-para-lograr-este-beneficio-para-migrantes-en-ee-uu\/\"><\/a><\/div><div class=\"eael-entry-thumbnail \">\n                <img loading=\"lazy\" decoding=\"async\" width=\"300\" height=\"200\" src=\"https:\/\/soymigrante.com\/revista\/wp-content\/uploads\/2024\/04\/tpsdifuds-300x200.webp\" class=\"attachment-medium size-medium wp-image-5788\" alt=\"Caminando en manifestaci\u00f3n a favor de Centroam\u00e9rica y Am\u00e9rica, con banderas y pancarta, en un d\u00eda soleado frente a un edificio gubernamental en Washington, D.C.\" srcset=\"https:\/\/soymigrante.com\/revista\/wp-content\/uploads\/2024\/04\/tpsdifuds-300x200.webp 300w, https:\/\/soymigrante.com\/revista\/wp-content\/uploads\/2024\/04\/tpsdifuds-1024x682.webp 1024w, https:\/\/soymigrante.com\/revista\/wp-content\/uploads\/2024\/04\/tpsdifuds-768x512.webp 768w, https:\/\/soymigrante.com\/revista\/wp-content\/uploads\/2024\/04\/tpsdifuds-1536x1023.webp 1536w, https:\/\/soymigrante.com\/revista\/wp-content\/uploads\/2024\/04\/tpsdifuds-750x500.webp 750w, https:\/\/soymigrante.com\/revista\/wp-content\/uploads\/2024\/04\/tpsdifuds-1140x760.webp 1140w, https:\/\/soymigrante.com\/revista\/wp-content\/uploads\/2024\/04\/tpsdifuds-600x400.webp 600w, https:\/\/soymigrante.com\/revista\/wp-content\/uploads\/2024\/04\/tpsdifuds.webp 1600w\" sizes=\"(max-width: 300px) 100vw, 300px\" \/>\n            <\/div>\n        <\/div><div class=\"eael-entry-wrapper\"><header class=\"eael-entry-header\"><h2 class=\"eael-entry-title\"><a class=\"eael-grid-post-link\" href=\"https:\/\/soymigrante.com\/revista\/tps-para-guatemala-que-se-necesita-para-lograr-este-beneficio-para-migrantes-en-ee-uu\/\" title=\"TPS para Guatemala: qu\u00e9 se necesita para lograr este beneficio para migrantes en EE.UU.\">TPS para Guatemala: qu\u00e9 se necesita para lograr este beneficio para migrantes en EE.UU.<\/a><\/h2><\/header><\/div><\/div>\n        <\/div>\n    <\/article><article class=\"eael-grid-post  eael-post-grid-column eael-pg-post-1507 category-lugar-de-voces\" data-id=\"1507\">\n        <div class=\"eael-grid-post-holder\">\n            <div class=\"eael-grid-post-holder-inner\"><div class=\"eael-entry-media\"><div class=\"eael-entry-overlay fade-in\"><i class=\"fas fa-long-arrow-alt-right\" aria-hidden=\"true\"><\/i><a href=\"https:\/\/soymigrante.com\/revista\/estados-unidos-amplia-tps-para-migrantes-de-3-paises-y-guatemaltecos-siguen-sin-lograr-ese-beneficio\/\"><\/a><\/div><div class=\"eael-entry-thumbnail \">\n                <img loading=\"lazy\" decoding=\"async\" width=\"300\" height=\"167\" src=\"https:\/\/soymigrante.com\/revista\/wp-content\/uploads\/2023\/06\/guatemala-tps-2-300x167.webp\" class=\"attachment-medium size-medium wp-image-1512\" alt=\"\" srcset=\"https:\/\/soymigrante.com\/revista\/wp-content\/uploads\/2023\/06\/guatemala-tps-2-300x167.webp 300w, https:\/\/soymigrante.com\/revista\/wp-content\/uploads\/2023\/06\/guatemala-tps-2.webp 751w\" sizes=\"(max-width: 300px) 100vw, 300px\" \/>\n            <\/div>\n        <\/div><div class=\"eael-entry-wrapper\"><header class=\"eael-entry-header\"><h2 class=\"eael-entry-title\"><a class=\"eael-grid-post-link\" href=\"https:\/\/soymigrante.com\/revista\/estados-unidos-amplia-tps-para-migrantes-de-3-paises-y-guatemaltecos-siguen-sin-lograr-ese-beneficio\/\" title=\"Estados Unidos ampl\u00eda TPS a migrantes de 3 pa\u00edses pero Guatemala sigue sin ese beneficio\">Estados Unidos ampl\u00eda TPS a migrantes de 3 pa\u00edses pero Guatemala sigue sin ese beneficio<\/a><\/h2><\/header><\/div><\/div>\n        <\/div>\n    <\/article><\/div>\n            <div class=\"clearfix\"><\/div>\n        <\/div>\t\t\t\t<\/div>\n\t\t\t\t\t<\/div>\n\t\t<\/div>\n\t\t\t\t\t<\/div>\n\t\t<\/section>\n\t\t\t\t<\/div>\n\t\t","protected":false},"excerpt":{"rendered":"<p>En una iniciativa sin precedentes, migrantes guatemaltecos en EE.UU. recaudan firmas y buscan apoyos para solicitar al gobierno un Estatus de Protecci\u00f3n Temporal (TPS) a favor de miles de compatriotas que padecen por no tener un estatus regular. Es la primera vez que l\u00edderes migrantes guatemaltecos residentes o ciudadanos en Estados Unidos lanzan una convocatoria [&hellip;]<\/p>\n","protected":false},"author":7,"featured_media":7117,"comment_status":"open","ping_status":"open","sticky":false,"template":"","format":"standard","meta":{"_acf_changed":false,"_eb_attr":"","footnotes":""},"categories":[54],"tags":[],"class_list":["post-7108","post","type-post","status-publish","format-standard","has-post-thumbnail","hentry","category-estamos-unidos"],"acf":[],"aioseo_notices":[],"aioseo_head":"\n\t\t<!-- All in One SEO Pro 4.9.6.2 - aioseo.com -->\n\t<meta name=\"description\" content=\"Gobierno de Joe Biden extiende beneficio de TPS a El Salvador, Honduras, Nicaragua y Nepal, pero Guatemala sigue sin recibirlo pese a m\u00faltiples peticiones\" \/>\n\t<meta name=\"robots\" content=\"max-snippet:-1, max-image-preview:large, max-video-preview:-1\" \/>\n\t<meta name=\"author\" content=\"SoyMigrante.com REVISTA\"\/>\n\t<link rel=\"canonical\" href=\"https:\/\/soymigrante.com\/revista\/estados-unidos-amplia-tps-para-migrantes-de-3-paises-y-guatemaltecos-siguen-sin-lograr-ese-beneficio\/\" \/>\n\t<meta name=\"generator\" content=\"All in One SEO Pro (AIOSEO) 4.9.6.2\" \/>\n\n\t\t<link rel=\"preconnect\" href=\"https:\/\/fonts.googleapis.com\" crossorigin>\n<link rel=\"preconnect\" href=\"https:\/\/fonts.gstatic.com\" crossorigin>\n\t\t<meta property=\"og:locale\" content=\"es_ES\" \/>\n\t\t<meta property=\"og:site_name\" content=\"SoyMigrante.com REVISTA \u2013 Nuestra misi\u00f3n es reconocer y dignificar al migrante.\" \/>\n\t\t<meta property=\"og:type\" content=\"article\" \/>\n\t\t<meta property=\"og:title\" content=\"Estados Unidos ampl\u00eda TPS a migrantes de 3 pa\u00edses pero Guatemala sigue sin ese beneficio\" \/>\n\t\t<meta property=\"og:description\" content=\"Gobierno de Joe Biden extiende beneficio de TPS a El Salvador, Honduras, Nicaragua y Nepal, pero Guatemala sigue sin recibirlo pese a m\u00faltiples peticiones\" \/>\n\t\t<meta property=\"og:url\" content=\"https:\/\/soymigrante.com\/revista\/estados-unidos-amplia-tps-para-migrantes-de-3-paises-y-guatemaltecos-siguen-sin-lograr-ese-beneficio\/\" \/>\n\t\t<meta property=\"og:image\" content=\"https:\/\/soymigrante.com\/revista\/wp-content\/uploads\/2023\/06\/guatemala-tps-2.webp\" \/>\n\t\t<meta property=\"og:image:secure_url\" content=\"https:\/\/soymigrante.com\/revista\/wp-content\/uploads\/2023\/06\/guatemala-tps-2.webp\" \/>\n\t\t<meta property=\"og:image:width\" content=\"751\" \/>\n\t\t<meta property=\"og:image:height\" content=\"417\" \/>\n\t\t<meta property=\"article:published_time\" content=\"2023-06-20T21:44:30+00:00\" \/>\n\t\t<meta property=\"article:modified_time\" content=\"2024-07-31T21:37:12+00:00\" \/>\n\t\t<meta property=\"article:publisher\" content=\"https:\/\/www.facebook.com\/soymigrantecom\" \/>\n\t\t<meta name=\"twitter:card\" content=\"summary_large_image\" \/>\n\t\t<meta name=\"twitter:site\" content=\"@SoyMigrante_com\" \/>\n\t\t<meta name=\"twitter:title\" content=\"Estados Unidos ampl\u00eda TPS a migrantes de 3 pa\u00edses pero Guatemala sigue sin ese beneficio\" \/>\n\t\t<meta name=\"twitter:description\" content=\"Gobierno de Joe Biden extiende beneficio de TPS a El Salvador, Honduras, Nicaragua y Nepal, pero Guatemala sigue sin recibirlo pese a m\u00faltiples peticiones\" \/>\n\t\t<meta name=\"twitter:creator\" content=\"@SoyMigrante_com\" \/>\n\t\t<meta name=\"twitter:image\" content=\"https:\/\/soymigrante.com\/revista\/wp-content\/uploads\/2023\/06\/guatemala-tps-2.webp\" \/>\n\t\t<!-- All in One SEO Pro -->\r\n\t\t<title>Estados Unidos ampl\u00eda TPS a migrantes de 3 pa\u00edses pero Guatemala sigue sin ese beneficio<\/title>\n\n","aioseo_head_json":{"title":"Estados Unidos ampl\u00eda TPS a migrantes de 3 pa\u00edses pero Guatemala sigue sin ese beneficio","description":"Gobierno de Joe Biden extiende beneficio de TPS a El Salvador, Honduras, Nicaragua y Nepal, pero Guatemala sigue sin recibirlo pese a m\u00faltiples peticiones","canonical_url":"https:\/\/soymigrante.com\/revista\/estados-unidos-amplia-tps-para-migrantes-de-3-paises-y-guatemaltecos-siguen-sin-lograr-ese-beneficio\/","robots":"max-snippet:-1, max-image-preview:large, max-video-preview:-1","keywords":"","webmasterTools":{"miscellaneous":"&lt;link rel=\"preconnect\" href=\"https:\/\/fonts.googleapis.com\" crossorigin&gt;\n&lt;link rel=\"preconnect\" href=\"https:\/\/fonts.gstatic.com\" crossorigin&gt;"},"schema":null,"og:locale":"es_ES","og:site_name":"SoyMigrante.com REVISTA \u2013 Nuestra misi\u00f3n es reconocer y dignificar al migrante.","og:type":"article","og:title":"Estados Unidos ampl\u00eda TPS a migrantes de 3 pa\u00edses pero Guatemala sigue sin ese beneficio","og:description":"Gobierno de Joe Biden extiende beneficio de TPS a El Salvador, Honduras, Nicaragua y Nepal, pero Guatemala sigue sin recibirlo pese a m\u00faltiples peticiones","og:url":"https:\/\/soymigrante.com\/revista\/estados-unidos-amplia-tps-para-migrantes-de-3-paises-y-guatemaltecos-siguen-sin-lograr-ese-beneficio\/","og:image":"https:\/\/soymigrante.com\/revista\/wp-content\/uploads\/2023\/06\/guatemala-tps-2.webp","og:image:secure_url":"https:\/\/soymigrante.com\/revista\/wp-content\/uploads\/2023\/06\/guatemala-tps-2.webp","og:image:width":751,"og:image:height":417,"article:published_time":"2023-06-20T21:44:30+00:00","article:modified_time":"2024-07-31T21:37:12+00:00","article:publisher":"https:\/\/www.facebook.com\/soymigrantecom","twitter:card":"summary_large_image","twitter:site":"@SoyMigrante_com","twitter:title":"Estados Unidos ampl\u00eda TPS a migrantes de 3 pa\u00edses pero Guatemala sigue sin ese beneficio","twitter:description":"Gobierno de Joe Biden extiende beneficio de TPS a El Salvador, Honduras, Nicaragua y Nepal, pero Guatemala sigue sin recibirlo pese a m\u00faltiples peticiones","twitter:creator":"@SoyMigrante_com","twitter:image":"https:\/\/soymigrante.com\/revista\/wp-content\/uploads\/2023\/06\/guatemala-tps-2.webp"},"aioseo_meta_data":{"post_id":"7108","title":"Guatemaltecos en 40 Estados de USA se unen por un TPS","description":"L\u00edderes migrantes suman esfuerzos para recaudar firmas y apoyos a favor del otorgamiento del Estatus de Protecci\u00f3n Temporal (TPS) a favor de miles de compatriotas,","keywords":null,"keyphrases":{"focus":{"keyphrase":"TPS","score":91,"analysis":{"keyphraseInTitle":{"score":9,"maxScore":9,"error":0},"keyphraseInDescription":{"score":9,"maxScore":9,"error":0},"keyphraseLength":{"score":9,"maxScore":9,"error":0,"length":1},"keyphraseInURL":{"score":5,"maxScore":5,"error":0},"keyphraseInIntroduction":{"score":9,"maxScore":9,"error":0},"keyphraseInSubHeadings":{"score":3,"maxScore":9,"error":1},"keyphraseInImageAlt":{"score":9,"maxScore":9,"error":0},"keywordDensity":{"type":"best","score":9,"maxScore":9,"error":0}}},"additional":[{"keyphrase":"TPS Guatemalteco","score":73,"analysis":{"keyphraseInDescription":{"score":3,"maxScore":9,"error":1},"keyphraseLength":{"score":9,"maxScore":9,"error":0,"length":2},"keyphraseInIntroduction":{"score":3,"maxScore":9,"error":1},"keyphraseInImageAlt":{"score":9,"maxScore":9,"error":0},"keywordDensity":{"type":"best","score":9,"maxScore":9,"error":0}}},{"keyphrase":"Migrantes","score":100,"analysis":{"keyphraseInDescription":{"score":9,"maxScore":9,"error":0},"keyphraseLength":{"score":9,"maxScore":9,"error":0,"length":1},"keyphraseInIntroduction":{"score":9,"maxScore":9,"error":0},"keyphraseInImageAlt":{"score":9,"maxScore":9,"error":0},"keywordDensity":{"type":"best","score":9,"maxScore":9,"error":0}}},{"keyphrase":"Guatemala","score":73,"analysis":{"keyphraseInDescription":{"score":3,"maxScore":9,"error":1},"keyphraseLength":{"score":9,"maxScore":9,"error":0,"length":1},"keyphraseInIntroduction":{"score":3,"maxScore":9,"error":1},"keyphraseInImageAlt":{"score":9,"maxScore":9,"error":0},"keywordDensity":{"type":"best","score":9,"maxScore":9,"error":0}}}]},"primary_term":null,"canonical_url":null,"og_title":null,"og_description":null,"og_object_type":"default","og_image_type":"default","og_image_url":null,"og_image_width":null,"og_image_height":null,"og_image_custom_url":null,"og_image_custom_fields":null,"og_video":"","og_custom_url":null,"og_article_section":null,"og_article_tags":null,"twitter_use_og":false,"twitter_card":"default","twitter_image_type":"default","twitter_image_url":null,"twitter_image_custom_url":null,"twitter_image_custom_fields":null,"twitter_title":null,"twitter_description":null,"schema":{"blockGraphs":[],"customGraphs":[],"default":{"data":{"Article":[],"Course":[],"Dataset":[],"FAQPage":[],"Movie":[],"Person":[],"Product":[],"ProductReview":[],"Car":[],"Recipe":[],"Service":[],"SoftwareApplication":[],"WebPage":[]},"graphName":"Article","isEnabled":true},"graphs":[]},"schema_type":"default","schema_type_options":null,"pillar_content":false,"robots_default":true,"robots_noindex":false,"robots_noarchive":false,"robots_nosnippet":false,"robots_nofollow":false,"robots_noimageindex":false,"robots_noodp":false,"robots_notranslate":false,"robots_max_snippet":"-1","robots_max_videopreview":"-1","robots_max_imagepreview":"large","priority":null,"frequency":"default","local_seo":null,"seo_analyzer_scan_date":"2025-10-08 22:09:32","breadcrumb_settings":null,"limit_modified_date":false,"reviewed_by":null,"open_ai":"{\"title\":{\"suggestions\":[],\"usage\":0},\"description\":{\"suggestions\":[],\"usage\":0}}","ai":null,"created":"2024-06-24 05:23:49","updated":"2026-02-04 12:03:02"},"aioseo_breadcrumb":"<div class=\"aioseo-breadcrumbs\"><span class=\"aioseo-breadcrumb\">\n\t<a href=\"https:\/\/soymigrante.com\/revista\" title=\"Home\">Home<\/a>\n<\/span><span class=\"aioseo-breadcrumb-separator\">\u00bb<\/span><span class=\"aioseo-breadcrumb\">\n\t<a href=\"https:\/\/soymigrante.com\/revista\/category\/estamos-unidos\/\" title=\"Estamos Unidos\">Estamos Unidos<\/a>\n<\/span><span class=\"aioseo-breadcrumb-separator\">\u00bb<\/span><span class=\"aioseo-breadcrumb\">\n\tMigrantes guatemaltecos en 40 Estados de EE.UU. unen esfuerzos por un TPS\n<\/span><\/div>","aioseo_breadcrumb_json":[{"label":"Home","link":"https:\/\/soymigrante.com\/revista"},{"label":"Estamos Unidos","link":"https:\/\/soymigrante.com\/revista\/category\/estamos-unidos\/"},{"label":"Migrantes guatemaltecos en 40 Estados de EE.UU. unen esfuerzos por un TPS","link":"https:\/\/soymigrante.com\/revista\/migrantes-guatemaltecos-en-40-estados-de-ee-uu-se-unen-en-busca-de-un-tps\/"}],"_links":{"self":[{"href":"https:\/\/soymigrante.com\/revista\/wp-json\/wp\/v2\/posts\/7108","targetHints":{"allow":["GET"]}}],"collection":[{"href":"https:\/\/soymigrante.com\/revista\/wp-json\/wp\/v2\/posts"}],"about":[{"href":"https:\/\/soymigrante.com\/revista\/wp-json\/wp\/v2\/types\/post"}],"author":[{"embeddable":true,"href":"https:\/\/soymigrante.com\/revista\/wp-json\/wp\/v2\/users\/7"}],"replies":[{"embeddable":true,"href":"https:\/\/soymigrante.com\/revista\/wp-json\/wp\/v2\/comments?post=7108"}],"version-history":[{"count":0,"href":"https:\/\/soymigrante.com\/revista\/wp-json\/wp\/v2\/posts\/7108\/revisions"}],"wp:featuredmedia":[{"embeddable":true,"href":"https:\/\/soymigrante.com\/revista\/wp-json\/wp\/v2\/media\/7117"}],"wp:attachment":[{"href":"https:\/\/soymigrante.com\/revista\/wp-json\/wp\/v2\/media?parent=7108"}],"wp:term":[{"taxonomy":"category","embeddable":true,"href":"https:\/\/soymigrante.com\/revista\/wp-json\/wp\/v2\/categories?post=7108"},{"taxonomy":"post_tag","embeddable":true,"href":"https:\/\/soymigrante.com\/revista\/wp-json\/wp\/v2\/tags?post=7108"}],"curies":[{"name":"wp","href":"https:\/\/api.w.org\/{rel}","templated":true}]}}