{"id":7098,"date":"2024-06-24T12:29:18","date_gmt":"2024-06-24T18:29:18","guid":{"rendered":"https:\/\/soymigrante.com\/revista\/?p=7098"},"modified":"2024-07-31T14:36:00","modified_gmt":"2024-07-31T20:36:00","slug":"cafe-con-causa-de-guatemala-ya-a-la-venta-en-estados-unidos","status":"publish","type":"post","link":"https:\/\/soymigrante.com\/revista\/cafe-con-causa-de-guatemala-ya-a-la-venta-en-estados-unidos\/","title":{"rendered":"Caf\u00e9 con Causa, de Guatemala, ya a la venta en Estados Unidos"},"content":{"rendered":"\t\t<div data-elementor-type=\"wp-post\" data-elementor-id=\"7098\" class=\"elementor elementor-7098\" data-elementor-post-type=\"post\">\n\t\t\t\t\t\t<section data-particle_enable=\"false\" data-particle-mobile-disabled=\"false\" class=\"elementor-section elementor-top-section elementor-element elementor-element-1c93682 elementor-section-boxed elementor-section-height-default elementor-section-height-default\" data-id=\"1c93682\" data-element_type=\"section\" data-e-type=\"section\">\n\t\t\t\t\t\t<div class=\"elementor-container elementor-column-gap-default\">\n\t\t\t\t\t<div class=\"elementor-column elementor-col-100 elementor-top-column elementor-element elementor-element-70b0446\" data-id=\"70b0446\" data-element_type=\"column\" data-e-type=\"column\">\n\t\t\t<div class=\"elementor-widget-wrap elementor-element-populated\">\n\t\t\t\t\t\t<div class=\"elementor-element elementor-element-e48575d elementor-widget elementor-widget-heading\" data-id=\"e48575d\" data-element_type=\"widget\" data-e-type=\"widget\" data-widget_type=\"heading.default\">\n\t\t\t\t\t<h2 class=\"elementor-heading-title elementor-size-default\">Caf\u00e9 con Causa impulsa la mejora educativa en comunidades rurales de Guatemala. Las ganancias se dedican a ese objetivo. Ya est\u00e1 disponible en Estados Unidos para  disfrutar de un excelente caf\u00e9 y aportar a la mejor causa: apoyar el talento de ni\u00f1os y j\u00f3venes guatemaltecos. <\/h2>\t\t\t\t<\/div>\n\t\t\t\t\t<\/div>\n\t\t<\/div>\n\t\t\t\t\t<\/div>\n\t\t<\/section>\n\t\t\t\t<section data-particle_enable=\"false\" data-particle-mobile-disabled=\"false\" class=\"elementor-section elementor-top-section elementor-element elementor-element-a0e636e elementor-section-boxed elementor-section-height-default elementor-section-height-default\" data-id=\"a0e636e\" data-element_type=\"section\" data-e-type=\"section\">\n\t\t\t\t\t\t<div class=\"elementor-container elementor-column-gap-default\">\n\t\t\t\t\t<div class=\"elementor-column elementor-col-100 elementor-top-column elementor-element elementor-element-04cee52\" data-id=\"04cee52\" data-element_type=\"column\" data-e-type=\"column\">\n\t\t\t<div class=\"elementor-widget-wrap elementor-element-populated\">\n\t\t\t\t\t\t<div class=\"elementor-element elementor-element-aa2178f elementor-widget elementor-widget-text-editor\" data-id=\"aa2178f\" data-element_type=\"widget\" data-e-type=\"widget\" data-widget_type=\"text-editor.default\">\n\t\t\t\t\t\t\t\t\t<p>Caf\u00e9 con Causa surgi\u00f3 en Guatemala en 2017 con un objetivo claro: contribuir a la educaci\u00f3n de zonas rurales del pa\u00eds en donde muchas familias campesinas producen un grano de calidad de exportaci\u00f3n pero cuyos planteles educativos necesitan equipo did\u00e1ctico, maestros y tecnolog\u00eda.\u00a0<\/p><p>Se trata de un\u00a0 emprendimiento social fundado e impulsado por el empresario tecnol\u00f3gico y migrante guatemalteco maya q&#8217;anjob&#8217;al Marcos Antil, originario de Huehuetenango, Guatemala.\u00a0<\/p><p>El objetivo es contribuir a generar oportunidades educativas en zonas de limitada cobertura educativa a trav\u00e9s de uno de los productos insignia del pa\u00eds: <a href=\"https:\/\/soymigrante.com\/revista\/cafe-de-guatemala-9-datos-que-quiza-ya-sabias-o-tal-vez-no\/\">el caf\u00e9 de monta\u00f1a de alta calidad.<\/a><\/p>\t\t\t\t\t\t\t\t<\/div>\n\t\t\t\t\t<\/div>\n\t\t<\/div>\n\t\t\t\t\t<\/div>\n\t\t<\/section>\n\t\t\t\t<section data-particle_enable=\"false\" data-particle-mobile-disabled=\"false\" class=\"elementor-section elementor-top-section elementor-element elementor-element-0587143 elementor-section-boxed elementor-section-height-default elementor-section-height-default\" data-id=\"0587143\" data-element_type=\"section\" data-e-type=\"section\">\n\t\t\t\t\t\t<div class=\"elementor-container elementor-column-gap-default\">\n\t\t\t\t\t<div class=\"elementor-column elementor-col-100 elementor-top-column elementor-element elementor-element-abfecab\" data-id=\"abfecab\" data-element_type=\"column\" data-e-type=\"column\">\n\t\t\t<div class=\"elementor-widget-wrap elementor-element-populated\">\n\t\t\t\t\t\t<div class=\"elementor-element elementor-element-1d48c15 elementor-widget elementor-widget-button\" data-id=\"1d48c15\" data-element_type=\"widget\" data-e-type=\"widget\" data-widget_type=\"button.default\">\n\t\t\t\t\t\t\t\t\t\t<a class=\"elementor-button elementor-button-link elementor-size-sm\" href=\"https:\/\/cafeconcausa.myshopify.com\/collections\/all\">\n\t\t\t\t\t\t<span class=\"elementor-button-content-wrapper\">\n\t\t\t\t\t\t<span class=\"elementor-button-icon\">\n\t\t\t\t<i aria-hidden=\"true\" class=\"fas fa-coffee\"><\/i>\t\t\t<\/span>\n\t\t\t\t\t\t\t\t\t<span class=\"elementor-button-text\">CLIC AQU\u00cd PARA PEDIR TU CAF\u00c9 CON CAUSA EN USA Y APOYAR LA EDUCACI\u00d3N<\/span>\n\t\t\t\t\t<\/span>\n\t\t\t\t\t<\/a>\n\t\t\t\t\t\t\t\t<\/div>\n\t\t\t\t\t<\/div>\n\t\t<\/div>\n\t\t\t\t\t<\/div>\n\t\t<\/section>\n\t\t\t\t<section data-particle_enable=\"false\" data-particle-mobile-disabled=\"false\" class=\"elementor-section elementor-top-section elementor-element elementor-element-676d63b elementor-section-boxed elementor-section-height-default elementor-section-height-default\" data-id=\"676d63b\" data-element_type=\"section\" data-e-type=\"section\">\n\t\t\t\t\t\t<div class=\"elementor-container elementor-column-gap-default\">\n\t\t\t\t\t<div class=\"elementor-column elementor-col-100 elementor-top-column elementor-element elementor-element-6761f58\" data-id=\"6761f58\" data-element_type=\"column\" data-e-type=\"column\">\n\t\t\t<div class=\"elementor-widget-wrap elementor-element-populated\">\n\t\t\t\t\t\t<div class=\"elementor-element elementor-element-cfda56d elementor-widget elementor-widget-image\" data-id=\"cfda56d\" data-element_type=\"widget\" data-e-type=\"widget\" data-widget_type=\"image.default\">\n\t\t\t\t\t\t\t\t\t\t\t\t<figure class=\"wp-caption\">\n\t\t\t\t\t\t\t\t\t\t<img fetchpriority=\"high\" decoding=\"async\" width=\"768\" height=\"398\" src=\"https:\/\/soymigrante.com\/revista\/wp-content\/uploads\/2024\/06\/Captura-de-pantalla-2024-06-23-212619-1024x530.webp\" class=\"attachment-large size-large wp-image-7103\" alt=\"Personas y ni\u00f1os en un aula de computadoras participando en un proyecto de formaci\u00f3n digital para migrantes.\" srcset=\"https:\/\/soymigrante.com\/revista\/wp-content\/uploads\/2024\/06\/Captura-de-pantalla-2024-06-23-212619-1024x530.webp 1024w, https:\/\/soymigrante.com\/revista\/wp-content\/uploads\/2024\/06\/Captura-de-pantalla-2024-06-23-212619-300x155.webp 300w, https:\/\/soymigrante.com\/revista\/wp-content\/uploads\/2024\/06\/Captura-de-pantalla-2024-06-23-212619-768x397.webp 768w, https:\/\/soymigrante.com\/revista\/wp-content\/uploads\/2024\/06\/Captura-de-pantalla-2024-06-23-212619-750x388.webp 750w, https:\/\/soymigrante.com\/revista\/wp-content\/uploads\/2024\/06\/Captura-de-pantalla-2024-06-23-212619-1140x590.webp 1140w, https:\/\/soymigrante.com\/revista\/wp-content\/uploads\/2024\/06\/Captura-de-pantalla-2024-06-23-212619.webp 1328w\" sizes=\"(max-width: 768px) 100vw, 768px\" title=\"El m\u00e1s reciente proyecto de Caf\u00e9 con Causa, logrado gracias al apoyo de quienes compran paquetes de caf\u00e9, fue el laboratorio de computaci\u00f3n para el  Instituto B\u00e1sico de la aldea Guaisn\u00e1, San Mateo Ixtat\u00e1n, Huehuetenango. Beneficia a 68 estudiantes. \u2013 SoyMigrante.com REVISTA\" \/>\t\t\t\t\t\t\t\t\t\t\t<figcaption class=\"widget-image-caption wp-caption-text\">J\u00f3venes y adultos en un taller de inform\u00e1tica y capacitaci\u00f3n digital para migrantes en un centro comunitario.<\/figcaption>\n\t\t\t\t\t\t\t\t\t\t<\/figure>\n\t\t\t\t\t\t\t\t\t<\/div>\n\t\t\t\t\t<\/div>\n\t\t<\/div>\n\t\t\t\t\t<\/div>\n\t\t<\/section>\n\t\t\t\t<section data-particle_enable=\"false\" data-particle-mobile-disabled=\"false\" class=\"elementor-section elementor-top-section elementor-element elementor-element-4387bdc elementor-section-boxed elementor-section-height-default elementor-section-height-default\" data-id=\"4387bdc\" data-element_type=\"section\" data-e-type=\"section\">\n\t\t\t\t\t\t<div class=\"elementor-container elementor-column-gap-default\">\n\t\t\t\t\t<div class=\"elementor-column elementor-col-100 elementor-top-column elementor-element elementor-element-b63361f\" data-id=\"b63361f\" data-element_type=\"column\" data-e-type=\"column\">\n\t\t\t<div class=\"elementor-widget-wrap elementor-element-populated\">\n\t\t\t\t\t\t<div class=\"elementor-element elementor-element-cff4d3d elementor-widget elementor-widget-heading\" data-id=\"cff4d3d\" data-element_type=\"widget\" data-e-type=\"widget\" data-widget_type=\"heading.default\">\n\t\t\t\t\t<h3 class=\"elementor-heading-title elementor-size-default\">El mejor caf\u00e9 y la mejor causa <\/h3>\t\t\t\t<\/div>\n\t\t\t\t\t<\/div>\n\t\t<\/div>\n\t\t\t\t\t<\/div>\n\t\t<\/section>\n\t\t\t\t<section data-particle_enable=\"false\" data-particle-mobile-disabled=\"false\" class=\"elementor-section elementor-top-section elementor-element elementor-element-8f3c065 elementor-section-boxed elementor-section-height-default elementor-section-height-default\" data-id=\"8f3c065\" data-element_type=\"section\" data-e-type=\"section\">\n\t\t\t\t\t\t<div class=\"elementor-container elementor-column-gap-default\">\n\t\t\t\t\t<div class=\"elementor-column elementor-col-100 elementor-top-column elementor-element elementor-element-0e896bd\" data-id=\"0e896bd\" data-element_type=\"column\" data-e-type=\"column\">\n\t\t\t<div class=\"elementor-widget-wrap elementor-element-populated\">\n\t\t\t\t\t\t<div class=\"elementor-element elementor-element-d902ae2 elementor-widget elementor-widget-text-editor\" data-id=\"d902ae2\" data-element_type=\"widget\" data-e-type=\"widget\" data-widget_type=\"text-editor.default\">\n\t\t\t\t\t\t\t\t\t<p><span style=\"color: var( --e-global-color-text );\">La gran causa que impulsa este caf\u00e9 guatemalteco es la educaci\u00f3n. Con la compra de cada bolsa de grano, entero o molido, cada persona disfruta de una bebida con exquisito aroma y sabor incomparable, pero adem\u00e1s contribuye a la mejora educativa para la ni\u00f1ez y juventud de comunidades guatemaltecas.\u00a0<\/span><\/p><p>&#8220;Buscamos que este apoyo sea sostenible y que el Ministerio de Educaci\u00f3n aporte la contrataci\u00f3n permanente de maestros a fin de mejorar la cobertura educativa y poder empezar a apoyar a planteles en otras regiones&#8221;, expone Antil, CEO de SoyMigrante.com.<\/p><p>Para este lanzamiento de Caf\u00e9 con Causa en Estados Unidos es vital el apoyo del <a href=\"https:\/\/soymigrante.com\/revista\/cafe-zamora-florece-en-oregon-con-grano-migrante-de-santa-rosa-guatemala\/\">migrante y emprendedor guatemalteco H\u00e9ctor Mej\u00eda Zamora, caficultor y\u00a0 barista radicado en Portland, Oregon.<\/a><\/p><p>\u00a0<\/p>\t\t\t\t\t\t\t\t<\/div>\n\t\t\t\t\t<\/div>\n\t\t<\/div>\n\t\t\t\t\t<\/div>\n\t\t<\/section>\n\t\t\t\t<section data-particle_enable=\"false\" data-particle-mobile-disabled=\"false\" class=\"elementor-section elementor-top-section elementor-element elementor-element-b2ca973 elementor-section-boxed elementor-section-height-default elementor-section-height-default\" data-id=\"b2ca973\" data-element_type=\"section\" data-e-type=\"section\">\n\t\t\t\t\t\t<div class=\"elementor-container elementor-column-gap-default\">\n\t\t\t\t\t<div class=\"elementor-column elementor-col-100 elementor-top-column elementor-element elementor-element-61fd629\" data-id=\"61fd629\" data-element_type=\"column\" data-e-type=\"column\">\n\t\t\t<div class=\"elementor-widget-wrap elementor-element-populated\">\n\t\t\t\t\t\t<div class=\"elementor-element elementor-element-c7557ce elementor-widget elementor-widget-image\" data-id=\"c7557ce\" data-element_type=\"widget\" data-e-type=\"widget\" data-widget_type=\"image.default\">\n\t\t\t\t\t\t\t\t\t\t\t\t<figure class=\"wp-caption\">\n\t\t\t\t\t\t\t\t\t\t<img decoding=\"async\" width=\"768\" height=\"535\" src=\"https:\/\/soymigrante.com\/revista\/wp-content\/uploads\/2024\/06\/Captura-de-pantalla-2024-06-23-212718.webp\" class=\"attachment-large size-large wp-image-7104\" alt=\"J\u00f3venes migrantes sonriendo con mochilas y caf\u00e9 en mano, mostrando esperanza y alegr\u00eda en un entorno escolar o comunitario en Am\u00e9rica Latina.\" srcset=\"https:\/\/soymigrante.com\/revista\/wp-content\/uploads\/2024\/06\/Captura-de-pantalla-2024-06-23-212718.webp 991w, https:\/\/soymigrante.com\/revista\/wp-content\/uploads\/2024\/06\/Captura-de-pantalla-2024-06-23-212718-300x209.webp 300w, https:\/\/soymigrante.com\/revista\/wp-content\/uploads\/2024\/06\/Captura-de-pantalla-2024-06-23-212718-768x535.webp 768w, https:\/\/soymigrante.com\/revista\/wp-content\/uploads\/2024\/06\/Captura-de-pantalla-2024-06-23-212718-750x522.webp 750w\" sizes=\"(max-width: 768px) 100vw, 768px\" title=\"Mejorar el desarrollo educativo de la ni\u00f1ez y juventud, para generar mejores oportunidades de superaci\u00f3n, es la gran causa de Caf\u00e9 con Causa.  Actualmente coopera con planteles de Cocol\u00e1 Grande, Santa Eulalia y Guaisn\u00e1, San Mateo Ixtat\u00e1n, ambos en Huehuetenango. \u2013 SoyMigrante.com REVISTA\" \/>\t\t\t\t\t\t\t\t\t\t\t<figcaption class=\"widget-image-caption wp-caption-text\">J\u00f3venes migrantes en un entorno de comunidad, sonriendo y mostrando esperanza, con mochilas y caf\u00e9, resaltando historias de migraci\u00f3n y resiliencia en Latinoam\u00e9rica.<\/figcaption>\n\t\t\t\t\t\t\t\t\t\t<\/figure>\n\t\t\t\t\t\t\t\t\t<\/div>\n\t\t\t\t\t<\/div>\n\t\t<\/div>\n\t\t\t\t\t<\/div>\n\t\t<\/section>\n\t\t\t\t<section data-particle_enable=\"false\" data-particle-mobile-disabled=\"false\" class=\"elementor-section elementor-top-section elementor-element elementor-element-ebd04b9 elementor-section-boxed elementor-section-height-default elementor-section-height-default\" data-id=\"ebd04b9\" data-element_type=\"section\" data-e-type=\"section\">\n\t\t\t\t\t\t<div class=\"elementor-container elementor-column-gap-default\">\n\t\t\t\t\t<div class=\"elementor-column elementor-col-100 elementor-top-column elementor-element elementor-element-f3ba01c\" data-id=\"f3ba01c\" data-element_type=\"column\" data-e-type=\"column\">\n\t\t\t<div class=\"elementor-widget-wrap elementor-element-populated\">\n\t\t\t\t\t\t<div class=\"elementor-element elementor-element-706258f elementor-widget elementor-widget-heading\" data-id=\"706258f\" data-element_type=\"widget\" data-e-type=\"widget\" data-widget_type=\"heading.default\">\n\t\t\t\t\t<h3 class=\"elementor-heading-title elementor-size-default\">Todas las ganancias van a educaci\u00f3n <\/h3>\t\t\t\t<\/div>\n\t\t\t\t\t<\/div>\n\t\t<\/div>\n\t\t\t\t\t<\/div>\n\t\t<\/section>\n\t\t\t\t<section data-particle_enable=\"false\" data-particle-mobile-disabled=\"false\" class=\"elementor-section elementor-top-section elementor-element elementor-element-ef2136e elementor-section-boxed elementor-section-height-default elementor-section-height-default\" data-id=\"ef2136e\" data-element_type=\"section\" data-e-type=\"section\">\n\t\t\t\t\t\t<div class=\"elementor-container elementor-column-gap-default\">\n\t\t\t\t\t<div class=\"elementor-column elementor-col-100 elementor-top-column elementor-element elementor-element-f68ecfe\" data-id=\"f68ecfe\" data-element_type=\"column\" data-e-type=\"column\">\n\t\t\t<div class=\"elementor-widget-wrap elementor-element-populated\">\n\t\t\t\t\t\t<div class=\"elementor-element elementor-element-ef18b14 elementor-widget elementor-widget-text-editor\" data-id=\"ef18b14\" data-element_type=\"widget\" data-e-type=\"widget\" data-widget_type=\"text-editor.default\">\n\t\t\t\t\t\t\t\t\t<p>Una vez cubiertos los costos de cultivo, procesamiento y envasado, todas las ganancias del Caf\u00e9 con Causa se destinan a apoyar proyectos educativos en los lugares m\u00e1s remotos de Guatemala.&nbsp;&nbsp;<\/p><p><span style=\"color: var( --e-global-color-text );\">Actualmente est\u00e1n en marcha dos proyectos educativos: uno en la aldea Cocol\u00e1 Grande, Santa Eulalia, Huehuetenango y otro en la aldea Guaisn\u00e1, San Mateo Ixtat\u00e1n, Huehuetenango.<\/span><br><\/p><p><span style=\"color: var( --e-global-color-text );\">En 2016 en Cocol\u00e1 Grande se inaugur\u00f3 el Instituto de Estudios B\u00e1sicos y en 2019 el Instituto de Estudios Diversificados, beneficiando a m\u00e1s de 300 alumnos desde entonces, en donde gracias a las personas y empresa que apoyan con la compra de caf\u00e9, se ha realizado el pago de maestros en dichos institutos, esto debido a que el&nbsp; Ministerio de Educaci\u00f3n no ha realizado el nombramiento permanente de maestros para los Institutos.&nbsp;&nbsp;<\/span><br><\/p><p><span style=\"color: var( --e-global-color-text );\">En 2019 en Guaisn\u00e1, se inaugur\u00f3 el Instituto de Estudios B\u00e1sicos, el cual ha beneficiado a m\u00e1s de 200 ni\u00f1os desde entonces y a finales del a\u00f1o pasado se entreg\u00f3 un equipo de c\u00f3mputo, para incrementar la conectividad educativa.<\/span><br><\/p>\n<p><span style=\"color: var( --e-global-color-text );\"><a href=\"https:\/\/cafeconcausa.org\/es.html\">Si deseas conocer m\u00e1s sobre el origen, evoluci\u00f3n y avances logrados por Caf\u00e9 con Causa gracias al apoyo de quienes aman el buen caf\u00e9, puedes dar clic ac\u00e1.<\/a><\/span><\/p>\n<div>&nbsp;<\/div>\t\t\t\t\t\t\t\t<\/div>\n\t\t\t\t\t<\/div>\n\t\t<\/div>\n\t\t\t\t\t<\/div>\n\t\t<\/section>\n\t\t\t\t<section data-particle_enable=\"false\" data-particle-mobile-disabled=\"false\" class=\"elementor-section elementor-top-section elementor-element elementor-element-6a6dfdb elementor-section-boxed elementor-section-height-default elementor-section-height-default\" data-id=\"6a6dfdb\" data-element_type=\"section\" data-e-type=\"section\">\n\t\t\t\t\t\t<div class=\"elementor-container elementor-column-gap-default\">\n\t\t\t\t\t<div class=\"elementor-column elementor-col-100 elementor-top-column elementor-element elementor-element-98bb3c5\" data-id=\"98bb3c5\" data-element_type=\"column\" data-e-type=\"column\">\n\t\t\t<div class=\"elementor-widget-wrap elementor-element-populated\">\n\t\t\t\t\t\t<div class=\"elementor-element elementor-element-839060f elementor-widget elementor-widget-image\" data-id=\"839060f\" data-element_type=\"widget\" data-e-type=\"widget\" data-widget_type=\"image.default\">\n\t\t\t\t\t\t\t\t\t\t\t\t<figure class=\"wp-caption\">\n\t\t\t\t\t\t\t\t\t\t\t<a href=\"https:\/\/cafeconcausa.myshopify.com\/collections\/all\">\n\t\t\t\t\t\t\t<img decoding=\"async\" width=\"768\" height=\"834\" src=\"https:\/\/soymigrante.com\/revista\/wp-content\/uploads\/2024\/06\/Captura-de-pantalla-2024-06-23-221905.webp\" class=\"attachment-large size-large wp-image-7107\" alt=\"Aromatizante de caf\u00e9 en grano con etiquetas de comercio justo y tueste medio para la comunidad migrante en Guatemala.\" srcset=\"https:\/\/soymigrante.com\/revista\/wp-content\/uploads\/2024\/06\/Captura-de-pantalla-2024-06-23-221905.webp 790w, https:\/\/soymigrante.com\/revista\/wp-content\/uploads\/2024\/06\/Captura-de-pantalla-2024-06-23-221905-276x300.webp 276w, https:\/\/soymigrante.com\/revista\/wp-content\/uploads\/2024\/06\/Captura-de-pantalla-2024-06-23-221905-768x834.webp 768w, https:\/\/soymigrante.com\/revista\/wp-content\/uploads\/2024\/06\/Captura-de-pantalla-2024-06-23-221905-750x815.webp 750w\" sizes=\"(max-width: 768px) 100vw, 768px\" title=\"Esta ser\u00e1 la presentaci\u00f3n de Caf\u00e9 con Causa para Estados Unidos. El proceso de tostado y empaquetado estar\u00e1 a cargo de Zamora Coffee, emprendimiento del guatemalteco V\u00edctor Mej\u00eda Zamora, quien colabora de esta forma para impulsar la educaci\u00f3n. \u2013 SoyMigrante.com REVISTA\" \/>\t\t\t\t\t\t\t\t<\/a>\n\t\t\t\t\t\t\t\t\t\t\t<figcaption class=\"widget-image-caption wp-caption-text\">Caf\u00e9 en grano para migrantes, comercio justo y tostado medio, ideal para crear conciencia social y apoyar a comunidades migrantes en Guatemala.<\/figcaption>\n\t\t\t\t\t\t\t\t\t\t<\/figure>\n\t\t\t\t\t\t\t\t\t<\/div>\n\t\t\t\t\t<\/div>\n\t\t<\/div>\n\t\t\t\t\t<\/div>\n\t\t<\/section>\n\t\t\t\t<section data-particle_enable=\"false\" data-particle-mobile-disabled=\"false\" class=\"elementor-section elementor-top-section elementor-element elementor-element-3f59493 elementor-section-boxed elementor-section-height-default elementor-section-height-default\" data-id=\"3f59493\" data-element_type=\"section\" data-e-type=\"section\">\n\t\t\t\t\t\t<div class=\"elementor-container elementor-column-gap-default\">\n\t\t\t\t\t<div class=\"elementor-column elementor-col-100 elementor-top-column elementor-element elementor-element-b7f0989\" data-id=\"b7f0989\" data-element_type=\"column\" data-e-type=\"column\">\n\t\t\t<div class=\"elementor-widget-wrap elementor-element-populated\">\n\t\t\t\t\t\t<div class=\"elementor-element elementor-element-811095c elementor-widget elementor-widget-heading\" data-id=\"811095c\" data-element_type=\"widget\" data-e-type=\"widget\" data-widget_type=\"heading.default\">\n\t\t\t\t\t<h3 class=\"elementor-heading-title elementor-size-default\">\u00bfD\u00f3nde pido mi Caf\u00e9 con Causa en USA? <\/h3>\t\t\t\t<\/div>\n\t\t\t\t\t<\/div>\n\t\t<\/div>\n\t\t\t\t\t<\/div>\n\t\t<\/section>\n\t\t\t\t<section data-particle_enable=\"false\" data-particle-mobile-disabled=\"false\" class=\"elementor-section elementor-top-section elementor-element elementor-element-802f39e elementor-section-boxed elementor-section-height-default elementor-section-height-default\" data-id=\"802f39e\" data-element_type=\"section\" data-e-type=\"section\">\n\t\t\t\t\t\t<div class=\"elementor-container elementor-column-gap-default\">\n\t\t\t\t\t<div class=\"elementor-column elementor-col-100 elementor-top-column elementor-element elementor-element-5813788\" data-id=\"5813788\" data-element_type=\"column\" data-e-type=\"column\">\n\t\t\t<div class=\"elementor-widget-wrap elementor-element-populated\">\n\t\t\t\t\t\t<div class=\"elementor-element elementor-element-6199f4c elementor-widget elementor-widget-text-editor\" data-id=\"6199f4c\" data-element_type=\"widget\" data-e-type=\"widget\" data-widget_type=\"text-editor.default\">\n\t\t\t\t\t\t\t\t\t<p><span style=\"color: var( --e-global-color-text );\">Hasta ahora, Caf\u00e9 con Causa solo estaba disponible en Guatemala, pero gracias al apoyo del emprendedor migrante guatemalteco H\u00e9ctor Mej\u00eda Zamora, establecido en Portland, Oreg\u00f3n, esta buena causa estar\u00e1 abierta para todos los guatemaltecos, hispanos y estadounidenses que deseen contribuir al desarrollo rural guatemalteco y degustar una exquisita bebida.<\/span><\/p>\n<p>Caf\u00e9 con Causa tiene ahora un portal para Estados Unidos en donde se puede adquirir a trav\u00e9s de shopify y con la log\u00edstica prestada por Caf\u00e9 Zamora, caf\u00e9 gurmet guatemalteco de alta calidad.&nbsp;<\/p>\n<p><\/p>\n<ul>\n<li>Para hacer su pedido puede hace<b>r clic sobre la imagen siguiente<\/b><\/li><\/ul>\t\t\t\t\t\t\t\t<\/div>\n\t\t\t\t\t<\/div>\n\t\t<\/div>\n\t\t\t\t\t<\/div>\n\t\t<\/section>\n\t\t\t\t<section data-particle_enable=\"false\" data-particle-mobile-disabled=\"false\" class=\"elementor-section elementor-top-section elementor-element elementor-element-ffaac27 elementor-section-boxed elementor-section-height-default elementor-section-height-default\" data-id=\"ffaac27\" data-element_type=\"section\" data-e-type=\"section\">\n\t\t\t\t\t\t<div class=\"elementor-container elementor-column-gap-default\">\n\t\t\t\t\t<div class=\"elementor-column elementor-col-100 elementor-top-column elementor-element elementor-element-615619c\" data-id=\"615619c\" data-element_type=\"column\" data-e-type=\"column\">\n\t\t\t<div class=\"elementor-widget-wrap elementor-element-populated\">\n\t\t\t\t\t\t<div class=\"elementor-element elementor-element-96f2104 elementor-widget elementor-widget-image\" data-id=\"96f2104\" data-element_type=\"widget\" data-e-type=\"widget\" data-widget_type=\"image.default\">\n\t\t\t\t\t\t\t\t\t\t\t\t<figure class=\"wp-caption\">\n\t\t\t\t\t\t\t\t\t\t\t<a href=\"https:\/\/cafeconcausa.myshopify.com\/collections\/all\">\n\t\t\t\t\t\t\t<img loading=\"lazy\" decoding=\"async\" width=\"768\" height=\"287\" src=\"https:\/\/soymigrante.com\/revista\/wp-content\/uploads\/2024\/06\/Captura-de-pantalla-2024-06-23-220802-1024x383.webp\" class=\"attachment-large size-large wp-image-7102\" alt=\"Caf\u00e9 con causa de impacto social y caf\u00e9 artesanal, ayuda a transformar vidas.\" srcset=\"https:\/\/soymigrante.com\/revista\/wp-content\/uploads\/2024\/06\/Captura-de-pantalla-2024-06-23-220802-1024x383.webp 1024w, https:\/\/soymigrante.com\/revista\/wp-content\/uploads\/2024\/06\/Captura-de-pantalla-2024-06-23-220802-300x112.webp 300w, https:\/\/soymigrante.com\/revista\/wp-content\/uploads\/2024\/06\/Captura-de-pantalla-2024-06-23-220802-768x288.webp 768w, https:\/\/soymigrante.com\/revista\/wp-content\/uploads\/2024\/06\/Captura-de-pantalla-2024-06-23-220802-1536x575.webp 1536w, https:\/\/soymigrante.com\/revista\/wp-content\/uploads\/2024\/06\/Captura-de-pantalla-2024-06-23-220802-750x281.webp 750w, https:\/\/soymigrante.com\/revista\/wp-content\/uploads\/2024\/06\/Captura-de-pantalla-2024-06-23-220802-1140x427.webp 1140w, https:\/\/soymigrante.com\/revista\/wp-content\/uploads\/2024\/06\/Captura-de-pantalla-2024-06-23-220802.webp 1872w\" sizes=\"(max-width: 768px) 100vw, 768px\" title=\"P\u00e1gina de Caf\u00e9 con Causa para Estados Unidos. Para entrar y hacer su pedido puede dar clic sobre la imagen. \u00a1Tu contribuci\u00f3n a la educaci\u00f3n de la ni\u00f1ez y juventud es valiosa! \u2013 SoyMigrante.com REVISTA\" \/>\t\t\t\t\t\t\t\t<\/a>\n\t\t\t\t\t\t\t\t\t\t\t<figcaption class=\"widget-image-caption wp-caption-text\">Caf\u00e9 con causa: caf\u00e9 artesanal que apoya a comunidades y promueve la transformaci\u00f3n social a trav\u00e9s del impacto positivo.<\/figcaption>\n\t\t\t\t\t\t\t\t\t\t<\/figure>\n\t\t\t\t\t\t\t\t\t<\/div>\n\t\t\t\t\t<\/div>\n\t\t<\/div>\n\t\t\t\t\t<\/div>\n\t\t<\/section>\n\t\t\t\t<section data-particle_enable=\"false\" data-particle-mobile-disabled=\"false\" class=\"elementor-section elementor-top-section elementor-element elementor-element-27e6489 elementor-section-boxed elementor-section-height-default elementor-section-height-default\" data-id=\"27e6489\" data-element_type=\"section\" data-e-type=\"section\">\n\t\t\t\t\t\t<div class=\"elementor-container elementor-column-gap-default\">\n\t\t\t\t\t<div class=\"elementor-column elementor-col-100 elementor-top-column elementor-element elementor-element-0e5b7ab\" data-id=\"0e5b7ab\" data-element_type=\"column\" data-e-type=\"column\">\n\t\t\t<div class=\"elementor-widget-wrap elementor-element-populated\">\n\t\t\t\t\t\t<div class=\"elementor-element elementor-element-68877aa elementor-widget elementor-widget-heading\" data-id=\"68877aa\" data-element_type=\"widget\" data-e-type=\"widget\" data-widget_type=\"heading.default\">\n\t\t\t\t\t<h2 class=\"elementor-heading-title elementor-size-default\">Guatemala siempre est\u00e1 en el coraz\u00f3n<\/h2>\t\t\t\t<\/div>\n\t\t\t\t\t<\/div>\n\t\t<\/div>\n\t\t\t\t\t<\/div>\n\t\t<\/section>\n\t\t\t\t<section data-particle_enable=\"false\" data-particle-mobile-disabled=\"false\" class=\"elementor-section elementor-top-section elementor-element elementor-element-fe87c5e elementor-section-boxed elementor-section-height-default elementor-section-height-default\" data-id=\"fe87c5e\" data-element_type=\"section\" data-e-type=\"section\">\n\t\t\t\t\t\t<div class=\"elementor-container elementor-column-gap-default\">\n\t\t\t\t\t<div class=\"elementor-column elementor-col-100 elementor-top-column elementor-element elementor-element-64a1a7f\" data-id=\"64a1a7f\" data-element_type=\"column\" data-e-type=\"column\">\n\t\t\t<div class=\"elementor-widget-wrap elementor-element-populated\">\n\t\t\t\t\t\t<div class=\"elementor-element elementor-element-512f705 elementor-grid-eael-col-3 elementor-grid-tablet-eael-col-2 elementor-grid-mobile-eael-col-1 elementor-widget elementor-widget-eael-post-grid\" data-id=\"512f705\" data-element_type=\"widget\" data-e-type=\"widget\" data-settings=\"{&quot;eael_post_grid_columns&quot;:&quot;eael-col-3&quot;,&quot;eael_post_grid_columns_tablet&quot;:&quot;eael-col-2&quot;,&quot;eael_post_grid_columns_mobile&quot;:&quot;eael-col-1&quot;}\" data-widget_type=\"eael-post-grid.default\">\n\t\t\t\t\t<div id=\"eael-post-grid-512f705\" class=\"eael-post-grid-container\">\n            <div class=\"eael-post-grid eael-post-appender eael-post-appender-512f705 eael-post-grid-style-one\" data-layout-mode=\"grid\"><article class=\"eael-grid-post  eael-post-grid-column eael-pg-post-5538 category-arte-cultura-guate-nuestra tags-joyas-de-antigua-guatemala\" data-id=\"5538\">\n        <div class=\"eael-grid-post-holder\">\n            <div class=\"eael-grid-post-holder-inner\"><div class=\"eael-entry-media\"><div class=\"eael-entry-overlay fade-in\"><i class=\"fas fa-long-arrow-alt-right\" aria-hidden=\"true\"><\/i><a href=\"https:\/\/soymigrante.com\/revista\/antigua-guatemala-arco-de-santa-catalina-tesoro-colonial-patrimonio\/\"><\/a><\/div><div class=\"eael-entry-thumbnail \">\n                <img loading=\"lazy\" decoding=\"async\" width=\"1024\" height=\"760\" src=\"https:\/\/soymigrante.com\/revista\/wp-content\/uploads\/2024\/03\/copia-copia-1024x760.webp\" class=\"attachment-large size-large wp-image-5539\" alt=\"Arco de Santa Catalina cumple 330 a\u00f1os en 2024, se encuentra en Antigua Guatemala, ciudad colonial Patrimonio de la Humanidad.\" srcset=\"https:\/\/soymigrante.com\/revista\/wp-content\/uploads\/2024\/03\/copia-copia-1024x760.webp 1024w, https:\/\/soymigrante.com\/revista\/wp-content\/uploads\/2024\/03\/copia-copia-300x223.webp 300w, https:\/\/soymigrante.com\/revista\/wp-content\/uploads\/2024\/03\/copia-copia-768x570.webp 768w, https:\/\/soymigrante.com\/revista\/wp-content\/uploads\/2024\/03\/copia-copia-750x557.webp 750w, https:\/\/soymigrante.com\/revista\/wp-content\/uploads\/2024\/03\/copia-copia.webp 1048w\" sizes=\"(max-width: 1024px) 100vw, 1024px\" \/>\n            <\/div>\n        <\/div><div class=\"eael-entry-wrapper\"><header class=\"eael-entry-header\"><h2 class=\"eael-entry-title\"><a class=\"eael-grid-post-link\" href=\"https:\/\/soymigrante.com\/revista\/antigua-guatemala-arco-de-santa-catalina-tesoro-colonial-patrimonio\/\" title=\"Joyas de Antigua Guatemala: \u00bfCu\u00e1ndo se construy\u00f3 el ic\u00f3nico Arco de Santa Catalina y por qu\u00e9?\">Joyas de Antigua Guatemala: \u00bfCu\u00e1ndo se construy\u00f3 el ic\u00f3nico Arco de Santa Catalina y por qu\u00e9?<\/a><\/h2><\/header><\/div><\/div>\n        <\/div>\n    <\/article><article class=\"eael-grid-post  eael-post-grid-column eael-pg-post-363 category-guate-nuestra\" data-id=\"363\">\n        <div class=\"eael-grid-post-holder\">\n            <div class=\"eael-grid-post-holder-inner\"><div class=\"eael-entry-media\"><div class=\"eael-entry-overlay fade-in\"><i class=\"fas fa-long-arrow-alt-right\" aria-hidden=\"true\"><\/i><a href=\"https:\/\/soymigrante.com\/revista\/atitlan-lago-de-atitlan\/\"><\/a><\/div><div class=\"eael-entry-thumbnail \">\n                <img loading=\"lazy\" decoding=\"async\" width=\"1024\" height=\"683\" src=\"https:\/\/soymigrante.com\/revista\/wp-content\/uploads\/2023\/03\/2-LAGO-ATITLAN-FOTO-ABEL-JUAREZ-1-1024x683.jpeg\" class=\"attachment-large size-large wp-image-681\" alt=\"\" srcset=\"https:\/\/soymigrante.com\/revista\/wp-content\/uploads\/2023\/03\/2-LAGO-ATITLAN-FOTO-ABEL-JUAREZ-1-1024x683.jpeg 1024w, https:\/\/soymigrante.com\/revista\/wp-content\/uploads\/2023\/03\/2-LAGO-ATITLAN-FOTO-ABEL-JUAREZ-1-300x200.webp 300w, https:\/\/soymigrante.com\/revista\/wp-content\/uploads\/2023\/03\/2-LAGO-ATITLAN-FOTO-ABEL-JUAREZ-1-768x512.jpeg 768w, https:\/\/soymigrante.com\/revista\/wp-content\/uploads\/2023\/03\/2-LAGO-ATITLAN-FOTO-ABEL-JUAREZ-1-1536x1024.jpeg 1536w, https:\/\/soymigrante.com\/revista\/wp-content\/uploads\/2023\/03\/2-LAGO-ATITLAN-FOTO-ABEL-JUAREZ-1-2048x1365.jpeg 2048w, https:\/\/soymigrante.com\/revista\/wp-content\/uploads\/2023\/03\/2-LAGO-ATITLAN-FOTO-ABEL-JUAREZ-1-750x500.webp 750w, https:\/\/soymigrante.com\/revista\/wp-content\/uploads\/2023\/03\/2-LAGO-ATITLAN-FOTO-ABEL-JUAREZ-1-1140x760.jpeg 1140w, https:\/\/soymigrante.com\/revista\/wp-content\/uploads\/2023\/03\/2-LAGO-ATITLAN-FOTO-ABEL-JUAREZ-1-600x400.jpeg 600w, https:\/\/soymigrante.com\/revista\/wp-content\/uploads\/2023\/03\/2-LAGO-ATITLAN-FOTO-ABEL-JUAREZ-1.webp 1920w\" sizes=\"(max-width: 1024px) 100vw, 1024px\" \/>\n            <\/div>\n        <\/div><div class=\"eael-entry-wrapper\"><header class=\"eael-entry-header\"><h2 class=\"eael-entry-title\"><a class=\"eael-grid-post-link\" href=\"https:\/\/soymigrante.com\/revista\/atitlan-lago-de-atitlan\/\" title=\"\u00bfQu\u00e9 profundidad tiene el lago de Atitl\u00e1n?&#8230; y otras preguntas con respuesta fascinante\">\u00bfQu\u00e9 profundidad tiene el lago de Atitl\u00e1n?&#8230; y otras preguntas con respuesta fascinante<\/a><\/h2><\/header><\/div><\/div>\n        <\/div>\n    <\/article><article class=\"eael-grid-post  eael-post-grid-column eael-pg-post-1536 category-guate-nuestra\" data-id=\"1536\">\n        <div class=\"eael-grid-post-holder\">\n            <div class=\"eael-grid-post-holder-inner\"><div class=\"eael-entry-media\"><div class=\"eael-entry-overlay fade-in\"><i class=\"fas fa-long-arrow-alt-right\" aria-hidden=\"true\"><\/i><a href=\"https:\/\/soymigrante.com\/revista\/7-datos-que-ya-sabias-o-quiza-no-sobre-el-gran-jaguar-y-tikal\/\"><\/a><\/div><div class=\"eael-entry-thumbnail \">\n                <img loading=\"lazy\" decoding=\"async\" width=\"1024\" height=\"475\" src=\"https:\/\/soymigrante.com\/revista\/wp-content\/uploads\/2023\/06\/Captura-de-pantalla-2023-06-21-143338-1024x475.webp\" class=\"attachment-large size-large wp-image-1538\" alt=\"Tikal: 7 datos que ya sab\u00edas (o quiz\u00e1 no) sobre el Templo I o Gran Jaguar\" srcset=\"https:\/\/soymigrante.com\/revista\/wp-content\/uploads\/2023\/06\/Captura-de-pantalla-2023-06-21-143338-1024x475.webp 1024w, https:\/\/soymigrante.com\/revista\/wp-content\/uploads\/2023\/06\/Captura-de-pantalla-2023-06-21-143338-300x139.webp 300w, https:\/\/soymigrante.com\/revista\/wp-content\/uploads\/2023\/06\/Captura-de-pantalla-2023-06-21-143338-768x356.webp 768w, https:\/\/soymigrante.com\/revista\/wp-content\/uploads\/2023\/06\/Captura-de-pantalla-2023-06-21-143338-750x348.webp 750w, https:\/\/soymigrante.com\/revista\/wp-content\/uploads\/2023\/06\/Captura-de-pantalla-2023-06-21-143338-1140x529.webp 1140w, https:\/\/soymigrante.com\/revista\/wp-content\/uploads\/2023\/06\/Captura-de-pantalla-2023-06-21-143338.webp 1427w\" sizes=\"(max-width: 1024px) 100vw, 1024px\" \/>\n            <\/div>\n        <\/div><div class=\"eael-entry-wrapper\"><header class=\"eael-entry-header\"><h2 class=\"eael-entry-title\"><a class=\"eael-grid-post-link\" href=\"https:\/\/soymigrante.com\/revista\/7-datos-que-ya-sabias-o-quiza-no-sobre-el-gran-jaguar-y-tikal\/\" title=\"Tikal: 7 datos que ya sab\u00edas (o quiz\u00e1 no) sobre el Templo I o Gran Jaguar\">Tikal: 7 datos que ya sab\u00edas (o quiz\u00e1 no) sobre el Templo I o Gran Jaguar<\/a><\/h2><\/header><\/div><\/div>\n        <\/div>\n    <\/article><\/div>\n            <div class=\"clearfix\"><\/div>\n        <\/div>\t\t\t\t<\/div>\n\t\t\t\t\t<\/div>\n\t\t<\/div>\n\t\t\t\t\t<\/div>\n\t\t<\/section>\n\t\t\t\t<\/div>\n\t\t","protected":false},"excerpt":{"rendered":"<p>Caf\u00e9 con Causa impulsa la mejora educativa en comunidades rurales de Guatemala. Las ganancias se dedican a ese objetivo. Ya est\u00e1 disponible en Estados Unidos para disfrutar de un excelente caf\u00e9 y aportar a la mejor causa: apoyar el talento de ni\u00f1os y j\u00f3venes guatemaltecos. Caf\u00e9 con Causa surgi\u00f3 en Guatemala en 2017 con un [&hellip;]<\/p>\n","protected":false},"author":7,"featured_media":7100,"comment_status":"open","ping_status":"open","sticky":false,"template":"","format":"standard","meta":{"_acf_changed":true,"_eb_attr":"","footnotes":""},"categories":[54],"tags":[],"class_list":["post-7098","post","type-post","status-publish","format-standard","has-post-thumbnail","hentry","category-estamos-unidos"],"acf":[],"aioseo_notices":[],"aioseo_head":"\n\t\t<!-- All in One SEO Pro 4.9.6.2 - aioseo.com -->\n\t<meta name=\"description\" content=\"\u00cdcono mundial, Patrimonio Cultural de la Humanidad de la Humanidad desde 1979, Tikal a\u00fan refleja la magnificencia maya prehisp\u00e1nica e inspira recuerdos en muchos migrantes guatemaltecos. El Templo I de Tikal, m\u00e1s conocido como El Gran Jaguar, es uno de los \u00edconos mundiales de Guatemala y de la legendaria ciudad maya, enclavada en el centro\" \/>\n\t<meta name=\"robots\" content=\"max-snippet:-1, max-image-preview:large, max-video-preview:-1\" \/>\n\t<meta name=\"author\" content=\"Gustavo Montenegro\"\/>\n\t<link rel=\"canonical\" href=\"https:\/\/soymigrante.com\/revista\/7-datos-que-ya-sabias-o-quiza-no-sobre-el-gran-jaguar-y-tikal\/\" \/>\n\t<meta name=\"generator\" content=\"All in One SEO Pro (AIOSEO) 4.9.6.2\" \/>\n\n\t\t<link rel=\"preconnect\" href=\"https:\/\/fonts.googleapis.com\" crossorigin>\n<link rel=\"preconnect\" href=\"https:\/\/fonts.gstatic.com\" crossorigin>\n\t\t<meta property=\"og:locale\" content=\"es_ES\" \/>\n\t\t<meta property=\"og:site_name\" content=\"SoyMigrante.com REVISTA \u2013 Nuestra misi\u00f3n es reconocer y dignificar al migrante.\" \/>\n\t\t<meta property=\"og:type\" content=\"article\" \/>\n\t\t<meta property=\"og:title\" content=\"Tikal: 7 datos que ya sab\u00edas (o quiz\u00e1 no) sobre el Templo I o Gran Jaguar\" \/>\n\t\t<meta property=\"og:description\" content=\"\u00cdcono mundial, Patrimonio Cultural de la Humanidad de la Humanidad desde 1979, Tikal a\u00fan refleja la magnificencia maya prehisp\u00e1nica e inspira recuerdos en muchos migrantes guatemaltecos. El Templo I de Tikal, m\u00e1s conocido como El Gran Jaguar, es uno de los \u00edconos mundiales de Guatemala y de la legendaria ciudad maya, enclavada en el centro\" \/>\n\t\t<meta property=\"og:url\" content=\"https:\/\/soymigrante.com\/revista\/7-datos-que-ya-sabias-o-quiza-no-sobre-el-gran-jaguar-y-tikal\/\" \/>\n\t\t<meta property=\"og:image\" content=\"https:\/\/soymigrante.com\/revista\/wp-content\/uploads\/2023\/06\/Captura-de-pantalla-2023-06-21-143338.webp\" \/>\n\t\t<meta property=\"og:image:secure_url\" content=\"https:\/\/soymigrante.com\/revista\/wp-content\/uploads\/2023\/06\/Captura-de-pantalla-2023-06-21-143338.webp\" \/>\n\t\t<meta property=\"og:image:width\" content=\"1427\" \/>\n\t\t<meta property=\"og:image:height\" content=\"662\" \/>\n\t\t<meta property=\"article:published_time\" content=\"2023-06-22T20:28:51+00:00\" \/>\n\t\t<meta property=\"article:modified_time\" content=\"2025-09-15T23:22:23+00:00\" \/>\n\t\t<meta property=\"article:publisher\" content=\"https:\/\/www.facebook.com\/soymigrantecom\" \/>\n\t\t<meta name=\"twitter:card\" content=\"summary_large_image\" \/>\n\t\t<meta name=\"twitter:site\" content=\"@SoyMigrante_com\" \/>\n\t\t<meta name=\"twitter:title\" content=\"Tikal: 7 datos que ya sab\u00edas (o quiz\u00e1 no) sobre el Templo I o Gran Jaguar\" \/>\n\t\t<meta name=\"twitter:description\" content=\"\u00cdcono mundial, Patrimonio Cultural de la Humanidad de la Humanidad desde 1979, Tikal a\u00fan refleja la magnificencia maya prehisp\u00e1nica e inspira recuerdos en muchos migrantes guatemaltecos. El Templo I de Tikal, m\u00e1s conocido como El Gran Jaguar, es uno de los \u00edconos mundiales de Guatemala y de la legendaria ciudad maya, enclavada en el centro\" \/>\n\t\t<meta name=\"twitter:creator\" content=\"@SoyMigrante_com\" \/>\n\t\t<meta name=\"twitter:image\" content=\"https:\/\/soymigrante.com\/revista\/wp-content\/uploads\/2023\/06\/Captura-de-pantalla-2023-06-21-143338.webp\" \/>\n\t\t<!-- All in One SEO Pro -->\r\n\t\t<title>Tikal: 7 datos que ya sab\u00edas (o quiz\u00e1 no) sobre el Templo I o Gran Jaguar<\/title>\n\n","aioseo_head_json":{"title":"Tikal: 7 datos que ya sab\u00edas (o quiz\u00e1 no) sobre el Templo I o Gran Jaguar","description":"\u00cdcono mundial, Patrimonio Cultural de la Humanidad de la Humanidad desde 1979, Tikal a\u00fan refleja la magnificencia maya prehisp\u00e1nica e inspira recuerdos en muchos migrantes guatemaltecos. El Templo I de Tikal, m\u00e1s conocido como El Gran Jaguar, es uno de los \u00edconos mundiales de Guatemala y de la legendaria ciudad maya, enclavada en el centro","canonical_url":"https:\/\/soymigrante.com\/revista\/7-datos-que-ya-sabias-o-quiza-no-sobre-el-gran-jaguar-y-tikal\/","robots":"max-snippet:-1, max-image-preview:large, max-video-preview:-1","keywords":"","webmasterTools":{"miscellaneous":"&lt;link rel=\"preconnect\" href=\"https:\/\/fonts.googleapis.com\" crossorigin&gt;\n&lt;link rel=\"preconnect\" href=\"https:\/\/fonts.gstatic.com\" crossorigin&gt;"},"schema":null,"og:locale":"es_ES","og:site_name":"SoyMigrante.com REVISTA \u2013 Nuestra misi\u00f3n es reconocer y dignificar al migrante.","og:type":"article","og:title":"Tikal: 7 datos que ya sab\u00edas (o quiz\u00e1 no) sobre el Templo I o Gran Jaguar","og:description":"\u00cdcono mundial, Patrimonio Cultural de la Humanidad de la Humanidad desde 1979, Tikal a\u00fan refleja la magnificencia maya prehisp\u00e1nica e inspira recuerdos en muchos migrantes guatemaltecos. El Templo I de Tikal, m\u00e1s conocido como El Gran Jaguar, es uno de los \u00edconos mundiales de Guatemala y de la legendaria ciudad maya, enclavada en el centro","og:url":"https:\/\/soymigrante.com\/revista\/7-datos-que-ya-sabias-o-quiza-no-sobre-el-gran-jaguar-y-tikal\/","og:image":"https:\/\/soymigrante.com\/revista\/wp-content\/uploads\/2023\/06\/Captura-de-pantalla-2023-06-21-143338.webp","og:image:secure_url":"https:\/\/soymigrante.com\/revista\/wp-content\/uploads\/2023\/06\/Captura-de-pantalla-2023-06-21-143338.webp","og:image:width":1427,"og:image:height":662,"article:published_time":"2023-06-22T20:28:51+00:00","article:modified_time":"2025-09-15T23:22:23+00:00","article:publisher":"https:\/\/www.facebook.com\/soymigrantecom","twitter:card":"summary_large_image","twitter:site":"@SoyMigrante_com","twitter:title":"Tikal: 7 datos que ya sab\u00edas (o quiz\u00e1 no) sobre el Templo I o Gran Jaguar","twitter:description":"\u00cdcono mundial, Patrimonio Cultural de la Humanidad de la Humanidad desde 1979, Tikal a\u00fan refleja la magnificencia maya prehisp\u00e1nica e inspira recuerdos en muchos migrantes guatemaltecos. El Templo I de Tikal, m\u00e1s conocido como El Gran Jaguar, es uno de los \u00edconos mundiales de Guatemala y de la legendaria ciudad maya, enclavada en el centro","twitter:creator":"@SoyMigrante_com","twitter:image":"https:\/\/soymigrante.com\/revista\/wp-content\/uploads\/2023\/06\/Captura-de-pantalla-2023-06-21-143338.webp"},"aioseo_meta_data":{"post_id":"7098","title":null,"description":"Caf\u00e9 con Causa es cosechado en monta\u00f1as de Guatemala con calidad de exportaci\u00f3n. Dedica sus ganancias a la mejora educativa en escuelas rurales. Ya disponible en USA.","keywords":null,"keyphrases":{"focus":{"keyphrase":"Caf\u00e9 con Causa","score":100,"analysis":{"keyphraseInTitle":{"score":9,"maxScore":9,"error":0},"keyphraseInDescription":{"score":9,"maxScore":9,"error":0},"keyphraseLength":{"score":9,"maxScore":9,"error":0,"length":3},"keyphraseInURL":{"score":5,"maxScore":5,"error":0},"keyphraseInIntroduction":{"score":9,"maxScore":9,"error":0},"keyphraseInSubHeadings":{"score":9,"maxScore":9,"error":0},"keyphraseInImageAlt":{"score":9,"maxScore":9,"error":0},"keywordDensity":{"type":"best","score":9,"maxScore":9,"error":0}}},"additional":[{"keyphrase":"Caf\u00e9 guatemalteco","score":53,"analysis":{"keyphraseInDescription":{"score":3,"maxScore":9,"error":1},"keyphraseLength":{"score":9,"maxScore":9,"error":0,"length":2},"keyphraseInIntroduction":{"score":3,"maxScore":9,"error":1},"keyphraseInImageAlt":{"score":9,"maxScore":9,"error":0},"keywordDensity":{"score":0,"type":"low","maxScore":9,"error":1}}},{"keyphrase":"Educaci\u00f3n","score":87,"analysis":{"keyphraseInDescription":{"score":3,"maxScore":9,"error":1},"keyphraseLength":{"score":9,"maxScore":9,"error":0,"length":2},"keyphraseInIntroduction":{"score":9,"maxScore":9,"error":0},"keyphraseInImageAlt":{"score":9,"maxScore":9,"error":0},"keywordDensity":{"type":"best","score":9,"maxScore":9,"error":0}}}]},"primary_term":null,"canonical_url":null,"og_title":null,"og_description":null,"og_object_type":"default","og_image_type":"default","og_image_url":null,"og_image_width":null,"og_image_height":null,"og_image_custom_url":null,"og_image_custom_fields":null,"og_video":"","og_custom_url":null,"og_article_section":null,"og_article_tags":null,"twitter_use_og":false,"twitter_card":"default","twitter_image_type":"default","twitter_image_url":null,"twitter_image_custom_url":null,"twitter_image_custom_fields":null,"twitter_title":null,"twitter_description":null,"schema":{"blockGraphs":[],"customGraphs":[],"default":{"data":{"Article":[],"Course":[],"Dataset":[],"FAQPage":[],"Movie":[],"Person":[],"Product":[],"ProductReview":[],"Car":[],"Recipe":[],"Service":[],"SoftwareApplication":[],"WebPage":[]},"graphName":"Article","isEnabled":true},"graphs":[]},"schema_type":"default","schema_type_options":null,"pillar_content":false,"robots_default":true,"robots_noindex":false,"robots_noarchive":false,"robots_nosnippet":false,"robots_nofollow":false,"robots_noimageindex":false,"robots_noodp":false,"robots_notranslate":false,"robots_max_snippet":"-1","robots_max_videopreview":"-1","robots_max_imagepreview":"large","priority":null,"frequency":"default","local_seo":null,"seo_analyzer_scan_date":"2025-10-08 22:09:32","breadcrumb_settings":null,"limit_modified_date":false,"reviewed_by":null,"open_ai":"{\"title\":{\"suggestions\":[],\"usage\":0},\"description\":{\"suggestions\":[],\"usage\":0}}","ai":null,"created":"2024-06-24 03:22:37","updated":"2026-02-04 12:03:03"},"aioseo_breadcrumb":"<div class=\"aioseo-breadcrumbs\"><span class=\"aioseo-breadcrumb\">\n\t<a href=\"https:\/\/soymigrante.com\/revista\" title=\"Home\">Home<\/a>\n<\/span><span class=\"aioseo-breadcrumb-separator\">\u00bb<\/span><span class=\"aioseo-breadcrumb\">\n\t<a href=\"https:\/\/soymigrante.com\/revista\/category\/estamos-unidos\/\" title=\"Estamos Unidos\">Estamos Unidos<\/a>\n<\/span><span class=\"aioseo-breadcrumb-separator\">\u00bb<\/span><span class=\"aioseo-breadcrumb\">\n\tCaf\u00e9 con Causa, de Guatemala, ya a la venta en Estados Unidos\n<\/span><\/div>","aioseo_breadcrumb_json":[{"label":"Home","link":"https:\/\/soymigrante.com\/revista"},{"label":"Estamos Unidos","link":"https:\/\/soymigrante.com\/revista\/category\/estamos-unidos\/"},{"label":"Caf\u00e9 con Causa, de Guatemala, ya a la venta en Estados Unidos","link":"https:\/\/soymigrante.com\/revista\/cafe-con-causa-de-guatemala-ya-a-la-venta-en-estados-unidos\/"}],"_links":{"self":[{"href":"https:\/\/soymigrante.com\/revista\/wp-json\/wp\/v2\/posts\/7098","targetHints":{"allow":["GET"]}}],"collection":[{"href":"https:\/\/soymigrante.com\/revista\/wp-json\/wp\/v2\/posts"}],"about":[{"href":"https:\/\/soymigrante.com\/revista\/wp-json\/wp\/v2\/types\/post"}],"author":[{"embeddable":true,"href":"https:\/\/soymigrante.com\/revista\/wp-json\/wp\/v2\/users\/7"}],"replies":[{"embeddable":true,"href":"https:\/\/soymigrante.com\/revista\/wp-json\/wp\/v2\/comments?post=7098"}],"version-history":[{"count":0,"href":"https:\/\/soymigrante.com\/revista\/wp-json\/wp\/v2\/posts\/7098\/revisions"}],"wp:featuredmedia":[{"embeddable":true,"href":"https:\/\/soymigrante.com\/revista\/wp-json\/wp\/v2\/media\/7100"}],"wp:attachment":[{"href":"https:\/\/soymigrante.com\/revista\/wp-json\/wp\/v2\/media?parent=7098"}],"wp:term":[{"taxonomy":"category","embeddable":true,"href":"https:\/\/soymigrante.com\/revista\/wp-json\/wp\/v2\/categories?post=7098"},{"taxonomy":"post_tag","embeddable":true,"href":"https:\/\/soymigrante.com\/revista\/wp-json\/wp\/v2\/tags?post=7098"}],"curies":[{"name":"wp","href":"https:\/\/api.w.org\/{rel}","templated":true}]}}