{"id":7094,"date":"2024-06-26T00:33:49","date_gmt":"2024-06-26T06:33:49","guid":{"rendered":"https:\/\/soymigrante.com\/revista\/?p=7094"},"modified":"2024-11-01T11:54:01","modified_gmt":"2024-11-01T17:54:01","slug":"guatemala-hace-100-anos-imagenes-y-hechos-que-quiza-sabias-o-tal-vez-no","status":"publish","type":"post","link":"https:\/\/soymigrante.com\/revista\/guatemala-hace-100-anos-imagenes-y-hechos-que-quiza-sabias-o-tal-vez-no\/","title":{"rendered":"Guatemala hace 100 a\u00f1os: im\u00e1genes y hechos que quiz\u00e1  conoc\u00edas o tal vez no"},"content":{"rendered":"\t\t<div data-elementor-type=\"wp-post\" data-elementor-id=\"7094\" class=\"elementor elementor-7094\" data-elementor-post-type=\"post\">\n\t\t\t\t\t\t<section data-particle_enable=\"false\" data-particle-mobile-disabled=\"false\" class=\"elementor-section elementor-top-section elementor-element elementor-element-44db8d4 elementor-section-boxed elementor-section-height-default elementor-section-height-default\" data-id=\"44db8d4\" data-element_type=\"section\" data-e-type=\"section\">\n\t\t\t\t\t\t<div class=\"elementor-container elementor-column-gap-default\">\n\t\t\t\t\t<div class=\"elementor-column elementor-col-100 elementor-top-column elementor-element elementor-element-2a926c8\" data-id=\"2a926c8\" data-element_type=\"column\" data-e-type=\"column\">\n\t\t\t<div class=\"elementor-widget-wrap elementor-element-populated\">\n\t\t\t\t\t\t<div class=\"elementor-element elementor-element-66d5b1a elementor-widget elementor-widget-heading\" data-id=\"66d5b1a\" data-element_type=\"widget\" data-e-type=\"widget\" data-widget_type=\"heading.default\">\n\t\t\t\t\t<h2 class=\"elementor-heading-title elementor-size-default\">Fue la Guatemala de nuestros abuelos, bisabuelos y tatarabuelos. Hace un siglo, la capital abarcaba de la 1 a la 12 avenida y de la 1 a la 18 calles. Gobernaba el general Jos\u00e9 Mar\u00eda Orellana: s\u00ed, el mismo que aparece en los billetes de un Quetzal, que fue creado en la reforma monetaria de 1924.<\/h2>\t\t\t\t<\/div>\n\t\t\t\t\t<\/div>\n\t\t<\/div>\n\t\t\t\t\t<\/div>\n\t\t<\/section>\n\t\t\t\t<section data-particle_enable=\"false\" data-particle-mobile-disabled=\"false\" class=\"elementor-section elementor-top-section elementor-element elementor-element-60cf6ec elementor-section-boxed elementor-section-height-default elementor-section-height-default\" data-id=\"60cf6ec\" data-element_type=\"section\" data-e-type=\"section\">\n\t\t\t\t\t\t<div class=\"elementor-container elementor-column-gap-default\">\n\t\t\t\t\t<div class=\"elementor-column elementor-col-100 elementor-top-column elementor-element elementor-element-5b5a2eb\" data-id=\"5b5a2eb\" data-element_type=\"column\" data-e-type=\"column\">\n\t\t\t<div class=\"elementor-widget-wrap elementor-element-populated\">\n\t\t\t\t\t\t<div class=\"elementor-element elementor-element-d48b14d elementor-widget elementor-widget-text-editor\" data-id=\"d48b14d\" data-element_type=\"widget\" data-e-type=\"widget\" data-widget_type=\"text-editor.default\">\n\t\t\t\t\t\t\t\t\t<p>En el a\u00f1o de 1924, la capital de Guatemala apenas ten\u00eda poco m\u00e1s de 100 mil habitantes y toda la Rep\u00fablica ten\u00eda 2 millones 4 mil guatemaltecos registrados, seg\u00fan el censo de 1921.\u00a0<\/p><p>El presidente era el general Jos\u00e9 Mar\u00eda Orellana, quien hab\u00eda dado un golpe de Estado en diciembre de 1921 junto a otros dos militares, a los cuales despu\u00e9s desplaz\u00f3 y qued\u00f3 \u00e9l como gobernante. Su per\u00edodo terminar\u00eda en 1926, pero muri\u00f3 por un ataque card\u00edaco en aquel a\u00f1o. Las malas lenguas dec\u00edan que fue envenenado, pero se trat\u00f3 de un fulminante infarto el 26 de septiembre de 1926.<\/p><p>En 1924, se realiz\u00f3 la Reforma Econ\u00f3mica y Monetaria que dio origen al Quetzal como moneda nacional. Sobre esto y m\u00e1s te contamos a continuaci\u00f3n.<\/p>\t\t\t\t\t\t\t\t<\/div>\n\t\t\t\t\t<\/div>\n\t\t<\/div>\n\t\t\t\t\t<\/div>\n\t\t<\/section>\n\t\t\t\t<section data-particle_enable=\"false\" data-particle-mobile-disabled=\"false\" class=\"elementor-section elementor-top-section elementor-element elementor-element-c27f630 elementor-section-boxed elementor-section-height-default elementor-section-height-default\" data-id=\"c27f630\" data-element_type=\"section\" data-e-type=\"section\">\n\t\t\t\t\t\t<div class=\"elementor-container elementor-column-gap-default\">\n\t\t\t\t\t<div class=\"elementor-column elementor-col-100 elementor-top-column elementor-element elementor-element-cdca32b\" data-id=\"cdca32b\" data-element_type=\"column\" data-e-type=\"column\">\n\t\t\t<div class=\"elementor-widget-wrap elementor-element-populated\">\n\t\t\t\t\t\t<div class=\"elementor-element elementor-element-a1467d4 elementor-widget elementor-widget-image\" data-id=\"a1467d4\" data-element_type=\"widget\" data-e-type=\"widget\" data-widget_type=\"image.default\">\n\t\t\t\t\t\t\t\t\t\t\t\t<figure class=\"wp-caption\">\n\t\t\t\t\t\t\t\t\t\t<img fetchpriority=\"high\" decoding=\"async\" width=\"768\" height=\"713\" src=\"https:\/\/soymigrante.com\/revista\/wp-content\/uploads\/2024\/06\/338691215_3513365128985447_7834929935956999533_n-1024x950.webp\" class=\"attachment-large size-large wp-image-7136\" alt=\"Camiseta de la historia en M\u00e9xico, retrato hist\u00f3rico en blanco y negro de una escena en la calle frente a un edificio con columnas. Personas y animales en un entorno urbano del pasado.\" srcset=\"https:\/\/soymigrante.com\/revista\/wp-content\/uploads\/2024\/06\/338691215_3513365128985447_7834929935956999533_n-1024x950.webp 1024w, https:\/\/soymigrante.com\/revista\/wp-content\/uploads\/2024\/06\/338691215_3513365128985447_7834929935956999533_n-300x278.webp 300w, https:\/\/soymigrante.com\/revista\/wp-content\/uploads\/2024\/06\/338691215_3513365128985447_7834929935956999533_n-768x713.webp 768w, https:\/\/soymigrante.com\/revista\/wp-content\/uploads\/2024\/06\/338691215_3513365128985447_7834929935956999533_n-750x696.webp 750w, https:\/\/soymigrante.com\/revista\/wp-content\/uploads\/2024\/06\/338691215_3513365128985447_7834929935956999533_n-1140x1058.webp 1140w, https:\/\/soymigrante.com\/revista\/wp-content\/uploads\/2024\/06\/338691215_3513365128985447_7834929935956999533_n.webp 1348w\" sizes=\"(max-width: 768px) 100vw, 768px\" title=\"El Teatro Carrera fue construido por orden del presidente Rafael Carrera en 1858. Despu\u00e9s de 1871 fue llamado Teatro Nacional y despu\u00e9s Teatro Col\u00f3n. Fue da\u00f1ado por los terremotos de 1917-1918 y fue demolido en 1924. \u2013 SoyMigrante.com REVISTA\" \/>\t\t\t\t\t\t\t\t\t\t\t<figcaption class=\"widget-image-caption wp-caption-text\">Antiguo edificio gubernamental con columnas en una calle hist\u00f3rica en M\u00e9xico, capturando un momento del pasado con personas y caballos en la v\u00eda p\u00fablica.<\/figcaption>\n\t\t\t\t\t\t\t\t\t\t<\/figure>\n\t\t\t\t\t\t\t\t\t<\/div>\n\t\t\t\t\t<\/div>\n\t\t<\/div>\n\t\t\t\t\t<\/div>\n\t\t<\/section>\n\t\t\t\t<section data-particle_enable=\"false\" data-particle-mobile-disabled=\"false\" class=\"elementor-section elementor-top-section elementor-element elementor-element-0ce34f2 elementor-section-boxed elementor-section-height-default elementor-section-height-default\" data-id=\"0ce34f2\" data-element_type=\"section\" data-e-type=\"section\">\n\t\t\t\t\t\t<div class=\"elementor-container elementor-column-gap-default\">\n\t\t\t\t\t<div class=\"elementor-column elementor-col-100 elementor-top-column elementor-element elementor-element-882b891\" data-id=\"882b891\" data-element_type=\"column\" data-e-type=\"column\">\n\t\t\t<div class=\"elementor-widget-wrap elementor-element-populated\">\n\t\t\t\t\t\t<div class=\"elementor-element elementor-element-7087e4c elementor-widget elementor-widget-heading\" data-id=\"7087e4c\" data-element_type=\"widget\" data-e-type=\"widget\" data-widget_type=\"heading.default\">\n\t\t\t\t\t<h3 class=\"elementor-heading-title elementor-size-default\">Nace el Quetzal como moneda<\/h3>\t\t\t\t<\/div>\n\t\t\t\t\t<\/div>\n\t\t<\/div>\n\t\t\t\t\t<\/div>\n\t\t<\/section>\n\t\t\t\t<section data-particle_enable=\"false\" data-particle-mobile-disabled=\"false\" class=\"elementor-section elementor-top-section elementor-element elementor-element-8d6e081 elementor-section-boxed elementor-section-height-default elementor-section-height-default\" data-id=\"8d6e081\" data-element_type=\"section\" data-e-type=\"section\">\n\t\t\t\t\t\t<div class=\"elementor-container elementor-column-gap-default\">\n\t\t\t\t\t<div class=\"elementor-column elementor-col-100 elementor-top-column elementor-element elementor-element-1ab8f4f\" data-id=\"1ab8f4f\" data-element_type=\"column\" data-e-type=\"column\">\n\t\t\t<div class=\"elementor-widget-wrap elementor-element-populated\">\n\t\t\t\t\t\t<div class=\"elementor-element elementor-element-f04baf1 elementor-widget elementor-widget-image\" data-id=\"f04baf1\" data-element_type=\"widget\" data-e-type=\"widget\" data-widget_type=\"image.default\">\n\t\t\t\t\t\t\t\t\t\t\t\t<figure class=\"wp-caption\">\n\t\t\t\t\t\t\t\t\t\t<img decoding=\"async\" width=\"501\" height=\"233\" src=\"https:\/\/soymigrante.com\/revista\/wp-content\/uploads\/2024\/06\/11081245_10153212217694882_9012143553105145731_n.webp\" class=\"attachment-large size-large wp-image-7137\" alt=\"Billete de 2 quetzales de Guatemala con dise\u00f1o tradicional y valor nominal.\" srcset=\"https:\/\/soymigrante.com\/revista\/wp-content\/uploads\/2024\/06\/11081245_10153212217694882_9012143553105145731_n.webp 501w, https:\/\/soymigrante.com\/revista\/wp-content\/uploads\/2024\/06\/11081245_10153212217694882_9012143553105145731_n-300x140.webp 300w\" sizes=\"(max-width: 501px) 100vw, 501px\" title=\"El Quetzal circul\u00f3 primero en monedas y despu\u00e9s en billetes, los cuales ten\u00edan denominaciones de Q1, Q2, Q5, Q10 y Q20. Se les llamaba &quot;Chemas&quot; en alusi\u00f3n a a que todos ten\u00edan la efigie del presidente Jos\u00e9 Mar\u00eda Orellana, quien hasta la actualidad aparece en los billetes de Q1, los cuales por su costo estan en proceso de desaparici\u00f3n y son cada vez m\u00e1s raros. \u2013 SoyMigrante.com REVISTA\" \/>\t\t\t\t\t\t\t\t\t\t\t<figcaption class=\"widget-image-caption wp-caption-text\">Revista SoyMigrante.com: portada del n\u00famero especial dedicado a migrantes en el extranjero y derechos humanos.<\/figcaption>\n\t\t\t\t\t\t\t\t\t\t<\/figure>\n\t\t\t\t\t\t\t\t\t<\/div>\n\t\t\t\t\t<\/div>\n\t\t<\/div>\n\t\t\t\t\t<\/div>\n\t\t<\/section>\n\t\t\t\t<section data-particle_enable=\"false\" data-particle-mobile-disabled=\"false\" class=\"elementor-section elementor-top-section elementor-element elementor-element-d62280b elementor-section-boxed elementor-section-height-default elementor-section-height-default\" data-id=\"d62280b\" data-element_type=\"section\" data-e-type=\"section\">\n\t\t\t\t\t\t<div class=\"elementor-container elementor-column-gap-default\">\n\t\t\t\t\t<div class=\"elementor-column elementor-col-100 elementor-top-column elementor-element elementor-element-9f29896\" data-id=\"9f29896\" data-element_type=\"column\" data-e-type=\"column\">\n\t\t\t<div class=\"elementor-widget-wrap elementor-element-populated\">\n\t\t\t\t\t\t<div class=\"elementor-element elementor-element-2c3c061 elementor-widget elementor-widget-text-editor\" data-id=\"2c3c061\" data-element_type=\"widget\" data-e-type=\"widget\" data-widget_type=\"text-editor.default\">\n\t\t\t\t\t\t\t\t\t<p>Una grave crisis econ\u00f3mica golpeaba a Guatemala desde 1918. La moneda era el Peso, pero hab\u00eda perdido su valor debido al endeudamiento del gobierno y a la emisi\u00f3n de moneda sin respaldo, no solo por parte del gobierno sino de algunos bancos privados.<\/p><p>En noviembre de 1924, se emite la Reforma Monetaria mediante la cual se crea como moneda guatemalteca el Quetzal, que naci\u00f3 con paridad 1 a 1 con el D\u00f3lar.\u00a0<\/p><p>Se debe decir que el uso de el Quetzal comenz\u00f3 hasta 1925 con monedas met\u00e1licas. No fue sino hasta 1926 que empezaron a circular billetes que ten\u00edan la efigie del Presidente Jos\u00e9 Mar\u00eda Orellana.\u00a0 La paridad 1 x 1 del Quetzal con el D\u00f3lar dur\u00f3 m\u00e1s de 60 a\u00f1os.<\/p>\t\t\t\t\t\t\t\t<\/div>\n\t\t\t\t\t<\/div>\n\t\t<\/div>\n\t\t\t\t\t<\/div>\n\t\t<\/section>\n\t\t\t\t<section data-particle_enable=\"false\" data-particle-mobile-disabled=\"false\" class=\"elementor-section elementor-top-section elementor-element elementor-element-b88f2bd elementor-section-boxed elementor-section-height-default elementor-section-height-default\" data-id=\"b88f2bd\" data-element_type=\"section\" data-e-type=\"section\">\n\t\t\t\t\t\t<div class=\"elementor-container elementor-column-gap-default\">\n\t\t\t\t\t<div class=\"elementor-column elementor-col-100 elementor-top-column elementor-element elementor-element-901984b\" data-id=\"901984b\" data-element_type=\"column\" data-e-type=\"column\">\n\t\t\t<div class=\"elementor-widget-wrap elementor-element-populated\">\n\t\t\t\t\t\t<div class=\"elementor-element elementor-element-ec30b71 elementor-arrows-position-inside elementor-pagination-position-outside elementor-widget elementor-widget-image-carousel\" data-id=\"ec30b71\" data-element_type=\"widget\" data-e-type=\"widget\" data-settings=\"{&quot;slides_to_show&quot;:&quot;1&quot;,&quot;autoplay_speed&quot;:2000,&quot;navigation&quot;:&quot;both&quot;,&quot;autoplay&quot;:&quot;yes&quot;,&quot;pause_on_hover&quot;:&quot;yes&quot;,&quot;pause_on_interaction&quot;:&quot;yes&quot;,&quot;infinite&quot;:&quot;yes&quot;,&quot;effect&quot;:&quot;slide&quot;,&quot;speed&quot;:500}\" data-widget_type=\"image-carousel.default\">\n\t\t\t\t\t\t\t<div class=\"elementor-image-carousel-wrapper swiper\" role=\"region\" aria-roledescription=\"carousel\" aria-label=\"Carrusel de im\u00e1genes\" dir=\"ltr\">\n\t\t\t<div class=\"elementor-image-carousel swiper-wrapper\" aria-live=\"off\">\n\t\t\t\t\t\t\t\t<div class=\"swiper-slide\" role=\"group\" aria-roledescription=\"slide\" aria-label=\"1 de 3\"><figure class=\"swiper-slide-inner\"><img decoding=\"async\" class=\"swiper-slide-image\" src=\"https:\/\/soymigrante.com\/revista\/wp-content\/uploads\/2024\/06\/321-original-1024x1017.webp\" alt=\"Moneda de 1 quetzal de Guatemala con dise\u00f1o de un b\u00faho y la fecha 30 de junio de 1871.\" \/><figcaption class=\"elementor-image-carousel-caption\">Moneda guatemalteca con imagen de b\u00faho y detalles hist\u00f3ricos en la inscripci\u00f3n.<\/figcaption><\/figure><\/div><div class=\"swiper-slide\" role=\"group\" aria-roledescription=\"slide\" aria-label=\"2 de 3\"><figure class=\"swiper-slide-inner\"><img decoding=\"async\" class=\"swiper-slide-image\" src=\"https:\/\/soymigrante.com\/revista\/wp-content\/uploads\/2024\/06\/s-l1600-1-e1719407388673-1024x976.webp\" alt=\"Moneda de 1 quetzal de Guatemala con un quetzal en la parte central, s\u00edmbolo de la econom\u00eda y cultura guatemalteca. Ideal para art\u00edculos sobre monedas, econom\u00eda y cultura de Guatemala.\" \/><figcaption class=\"elementor-image-carousel-caption\">2. Moneda de 1 queztzal mexicano con \u00e1guila y texto en relieve, representando la cultura y econom\u00eda de M\u00e9xico.<\/figcaption><\/figure><\/div><div class=\"swiper-slide\" role=\"group\" aria-roledescription=\"slide\" aria-label=\"3 de 3\"><figure class=\"swiper-slide-inner\"><img decoding=\"async\" class=\"swiper-slide-image\" src=\"https:\/\/soymigrante.com\/revista\/wp-content\/uploads\/2024\/06\/s-l960-e1719407412993.webp\" alt=\"A1: Moneda antigua de 1\/4 quetzal de Guatemala, con detalles hist\u00f3ricos y valor numism\u00e1tico, resaltando su dise\u00f1o y antig\u00fcedad.\" \/><figcaption class=\"elementor-image-carousel-caption\">A2: Moneda de 1\/4 quetzal guatemalteca de 1871, con c\u00e1talogo numism\u00e1tico y s\u00edmbolo de valor, perfecta para coleccionistas y amantes de la historia monetaria.<\/figcaption><\/figure><\/div>\t\t\t<\/div>\n\t\t\t\t\t\t\t\t\t\t\t\t<div class=\"elementor-swiper-button elementor-swiper-button-prev\" role=\"button\" tabindex=\"0\">\n\t\t\t\t\t\t<i aria-hidden=\"true\" class=\"eicon-chevron-left\"><\/i>\t\t\t\t\t<\/div>\n\t\t\t\t\t<div class=\"elementor-swiper-button elementor-swiper-button-next\" role=\"button\" tabindex=\"0\">\n\t\t\t\t\t\t<i aria-hidden=\"true\" class=\"eicon-chevron-right\"><\/i>\t\t\t\t\t<\/div>\n\t\t\t\t\n\t\t\t\t\t\t\t\t\t<div class=\"swiper-pagination\"><\/div>\n\t\t\t\t\t\t\t\t\t<\/div>\n\t\t\t\t\t\t<\/div>\n\t\t\t\t\t<\/div>\n\t\t<\/div>\n\t\t\t\t\t<\/div>\n\t\t<\/section>\n\t\t\t\t<section data-particle_enable=\"false\" data-particle-mobile-disabled=\"false\" class=\"elementor-section elementor-top-section elementor-element elementor-element-763506c elementor-section-boxed elementor-section-height-default elementor-section-height-default\" data-id=\"763506c\" data-element_type=\"section\" data-e-type=\"section\">\n\t\t\t\t\t\t<div class=\"elementor-container elementor-column-gap-default\">\n\t\t\t\t\t<div class=\"elementor-column elementor-col-100 elementor-top-column elementor-element elementor-element-ca48b79\" data-id=\"ca48b79\" data-element_type=\"column\" data-e-type=\"column\">\n\t\t\t<div class=\"elementor-widget-wrap elementor-element-populated\">\n\t\t\t\t\t\t<div class=\"elementor-element elementor-element-9a5fc2b elementor-widget elementor-widget-image\" data-id=\"9a5fc2b\" data-element_type=\"widget\" data-e-type=\"widget\" data-widget_type=\"image.default\">\n\t\t\t\t\t\t\t\t\t\t\t\t<figure class=\"wp-caption\">\n\t\t\t\t\t\t\t\t\t\t<img decoding=\"async\" width=\"768\" height=\"320\" src=\"https:\/\/soymigrante.com\/revista\/wp-content\/uploads\/2024\/06\/Captura-de-pantalla-2024-06-25-234040-1024x427.webp\" class=\"attachment-large size-large wp-image-7138\" alt=\"Billete de un quetzal de Guatemala, dinero centroamericano, moneda de Guatemala, billete de dinero ecol\u00f3gico, historia econ\u00f3mica de Guatemala.\" srcset=\"https:\/\/soymigrante.com\/revista\/wp-content\/uploads\/2024\/06\/Captura-de-pantalla-2024-06-25-234040-1024x427.webp 1024w, https:\/\/soymigrante.com\/revista\/wp-content\/uploads\/2024\/06\/Captura-de-pantalla-2024-06-25-234040-300x125.webp 300w, https:\/\/soymigrante.com\/revista\/wp-content\/uploads\/2024\/06\/Captura-de-pantalla-2024-06-25-234040-768x320.webp 768w, https:\/\/soymigrante.com\/revista\/wp-content\/uploads\/2024\/06\/Captura-de-pantalla-2024-06-25-234040-1536x640.webp 1536w, https:\/\/soymigrante.com\/revista\/wp-content\/uploads\/2024\/06\/Captura-de-pantalla-2024-06-25-234040-750x313.webp 750w, https:\/\/soymigrante.com\/revista\/wp-content\/uploads\/2024\/06\/Captura-de-pantalla-2024-06-25-234040-1140x475.webp 1140w, https:\/\/soymigrante.com\/revista\/wp-content\/uploads\/2024\/06\/Captura-de-pantalla-2024-06-25-234040.webp 1651w\" sizes=\"(max-width: 768px) 100vw, 768px\" title=\"Los billetes de Q1 actuales ya no son de papel sino de pol\u00edmero, pero por su alto costo est\u00e1n desapareciendo y solo se utiliza la ficha met\u00e1lica. As\u00ed que si alguna vez recibe o encuentra un billete de estos, gu\u00e1rdelo porque se est\u00e1n terminando. \u2013 SoyMigrante.com REVISTA\" \/>\t\t\t\t\t\t\t\t\t\t\t<figcaption class=\"widget-image-caption wp-caption-text\">Los billetes de Q1 actuales ya no son de papel sino de pol\u00edmero, pero por su alto costo est\u00e1n desapareciendo y solo se utiliza la ficha met\u00e1lica. As\u00ed que si alguna vez recibe o encuentra un billete de estos, gu\u00e1rdelo porque cada vez ser\u00e1n m\u00e1s raros.<\/figcaption>\n\t\t\t\t\t\t\t\t\t\t<\/figure>\n\t\t\t\t\t\t\t\t\t<\/div>\n\t\t\t\t\t<\/div>\n\t\t<\/div>\n\t\t\t\t\t<\/div>\n\t\t<\/section>\n\t\t\t\t<section data-particle_enable=\"false\" data-particle-mobile-disabled=\"false\" class=\"elementor-section elementor-top-section elementor-element elementor-element-fbbe2e4 elementor-section-boxed elementor-section-height-default elementor-section-height-default\" data-id=\"fbbe2e4\" data-element_type=\"section\" data-e-type=\"section\">\n\t\t\t\t\t\t<div class=\"elementor-container elementor-column-gap-default\">\n\t\t\t\t\t<div class=\"elementor-column elementor-col-100 elementor-top-column elementor-element elementor-element-40e84c0\" data-id=\"40e84c0\" data-element_type=\"column\" data-e-type=\"column\">\n\t\t\t<div class=\"elementor-widget-wrap elementor-element-populated\">\n\t\t\t\t\t\t<div class=\"elementor-element elementor-element-e176a41 elementor-widget elementor-widget-heading\" data-id=\"e176a41\" data-element_type=\"widget\" data-e-type=\"widget\" data-widget_type=\"heading.default\">\n\t\t\t\t\t<h3 class=\"elementor-heading-title elementor-size-default\">1924: inicia el sue\u00f1o del Ferrocarril de los Altos<\/h3>\t\t\t\t<\/div>\n\t\t\t\t\t<\/div>\n\t\t<\/div>\n\t\t\t\t\t<\/div>\n\t\t<\/section>\n\t\t\t\t<section data-particle_enable=\"false\" data-particle-mobile-disabled=\"false\" class=\"elementor-section elementor-top-section elementor-element elementor-element-2ba9c20 elementor-section-boxed elementor-section-height-default elementor-section-height-default\" data-id=\"2ba9c20\" data-element_type=\"section\" data-e-type=\"section\">\n\t\t\t\t\t\t<div class=\"elementor-container elementor-column-gap-default\">\n\t\t\t\t\t<div class=\"elementor-column elementor-col-100 elementor-top-column elementor-element elementor-element-f9a6275\" data-id=\"f9a6275\" data-element_type=\"column\" data-e-type=\"column\">\n\t\t\t<div class=\"elementor-widget-wrap elementor-element-populated\">\n\t\t\t\t\t\t<div class=\"elementor-element elementor-element-6f94da6 elementor-widget elementor-widget-text-editor\" data-id=\"6f94da6\" data-element_type=\"widget\" data-e-type=\"widget\" data-widget_type=\"text-editor.default\">\n\t\t\t\t\t\t\t\t\t<p>El 22 de septiembre de 1924, el Estado de Guatemala firm\u00f3 un contrato de pr\u00e9stamo con la firma alemana AEG para la construcci\u00f3n de un ferrocarril el\u00e9ctrico que ser\u00eda el medio de transporte entre Retalhuleu y Quetzaltenango. Los 3 millones de pesos del pr\u00e9stamo (a\u00fan no exist\u00eda el Quetzal en aquel momento) no alcanzaron para el proyecto.<\/p><p><span style=\"color: var( --e-global-color-text );\">Se ampli\u00f3 el pr\u00e9stamo en 1927 pero tampoco alcanz\u00f3 el dinero. En 1930 finalmente empez\u00f3 a funcionar la primera l\u00ednea del famoso Ferrocarril de los Altos. Fue un momento emotivo, que incluso motiv\u00f3 la creaci\u00f3n de una pieza de marimba del maestro Domingo Betancurt, con el mismo nombre. Pr\u00e9stamo tras pr\u00e9stamo, el costo creci\u00f3 y el sue\u00f1o de que aquel tren uniera al occidente del pa\u00eds se qued\u00f3 en eso.<\/span><\/p><p><span style=\"color: var( --e-global-color-text );\">Por ser un tren el\u00e9ctrico, se construy\u00f3 una planta de generaci\u00f3n el\u00e9ctrica por energ\u00eda hidroel\u00e9ctrica. La represa empez\u00f3 a construirse tambi\u00e9n en 1924. Tambi\u00e9n hab\u00eda varias estaciones y se excav\u00f3 el T\u00fanel que hasta la fecha existe y es atravesado por la actual carretera. El Ferrocarril de los altos solo funcion\u00f3 tres a\u00f1os. Ya en 1934 comenz\u00f3 a ser desmontado y qued\u00f3 solo como un recuerdo.<\/span><\/p>\t\t\t\t\t\t\t\t<\/div>\n\t\t\t\t\t<\/div>\n\t\t<\/div>\n\t\t\t\t\t<\/div>\n\t\t<\/section>\n\t\t\t\t<section data-particle_enable=\"false\" data-particle-mobile-disabled=\"false\" class=\"elementor-section elementor-top-section elementor-element elementor-element-aae43d7 elementor-section-boxed elementor-section-height-default elementor-section-height-default\" data-id=\"aae43d7\" data-element_type=\"section\" data-e-type=\"section\">\n\t\t\t\t\t\t<div class=\"elementor-container elementor-column-gap-default\">\n\t\t\t\t\t<div class=\"elementor-column elementor-col-100 elementor-top-column elementor-element elementor-element-a3de16e\" data-id=\"a3de16e\" data-element_type=\"column\" data-e-type=\"column\">\n\t\t\t<div class=\"elementor-widget-wrap elementor-element-populated\">\n\t\t\t\t\t\t<div class=\"elementor-element elementor-element-259061b elementor-widget elementor-widget-video\" data-id=\"259061b\" data-element_type=\"widget\" data-e-type=\"widget\" data-settings=\"{&quot;youtube_url&quot;:&quot;https:\\\/\\\/www.youtube.com\\\/watch?v=8hiLZI3-Rz8&amp;t=409s&quot;,&quot;video_type&quot;:&quot;youtube&quot;,&quot;controls&quot;:&quot;yes&quot;}\" data-widget_type=\"video.default\">\n\t\t\t\t\t\t\t<div class=\"elementor-wrapper elementor-open-inline\">\n\t\t\t<div class=\"elementor-video\"><\/div>\t\t<\/div>\n\t\t\t\t\t\t<\/div>\n\t\t\t\t\t<\/div>\n\t\t<\/div>\n\t\t\t\t\t<\/div>\n\t\t<\/section>\n\t\t\t\t<section data-particle_enable=\"false\" data-particle-mobile-disabled=\"false\" class=\"elementor-section elementor-top-section elementor-element elementor-element-65af325 elementor-section-boxed elementor-section-height-default elementor-section-height-default\" data-id=\"65af325\" data-element_type=\"section\" data-e-type=\"section\">\n\t\t\t\t\t\t<div class=\"elementor-container elementor-column-gap-default\">\n\t\t\t\t\t<div class=\"elementor-column elementor-col-100 elementor-top-column elementor-element elementor-element-8e45ba4\" data-id=\"8e45ba4\" data-element_type=\"column\" data-e-type=\"column\">\n\t\t\t<div class=\"elementor-widget-wrap elementor-element-populated\">\n\t\t\t\t\t\t<div class=\"elementor-element elementor-element-4df3235 elementor-widget elementor-widget-heading\" data-id=\"4df3235\" data-element_type=\"widget\" data-e-type=\"widget\" data-widget_type=\"heading.default\">\n\t\t\t\t\t<h3 class=\"elementor-heading-title elementor-size-default\">1924. As\u00ed era el centro de la capital de Guatemala <\/h3>\t\t\t\t<\/div>\n\t\t\t\t\t<\/div>\n\t\t<\/div>\n\t\t\t\t\t<\/div>\n\t\t<\/section>\n\t\t\t\t<section data-particle_enable=\"false\" data-particle-mobile-disabled=\"false\" class=\"elementor-section elementor-top-section elementor-element elementor-element-d60e677 elementor-section-boxed elementor-section-height-default elementor-section-height-default\" data-id=\"d60e677\" data-element_type=\"section\" data-e-type=\"section\">\n\t\t\t\t\t\t<div class=\"elementor-container elementor-column-gap-default\">\n\t\t\t\t\t<div class=\"elementor-column elementor-col-100 elementor-top-column elementor-element elementor-element-91cdfb5\" data-id=\"91cdfb5\" data-element_type=\"column\" data-e-type=\"column\">\n\t\t\t<div class=\"elementor-widget-wrap elementor-element-populated\">\n\t\t\t\t\t\t<div class=\"elementor-element elementor-element-33f392f elementor-widget elementor-widget-image\" data-id=\"33f392f\" data-element_type=\"widget\" data-e-type=\"widget\" data-widget_type=\"image.default\">\n\t\t\t\t\t\t\t\t\t\t\t\t<figure class=\"wp-caption\">\n\t\t\t\t\t\t\t\t\t\t<img loading=\"lazy\" decoding=\"async\" width=\"768\" height=\"449\" src=\"https:\/\/soymigrante.com\/revista\/wp-content\/uploads\/2024\/06\/centro-de-la-ciudad.webp\" class=\"attachment-large size-large wp-image-7139\" alt=\"Estatua del reloj de guatemala en la plaza principal centro hist\u00f3rico ciudad de guatemala arquitectura colonial patrimonio cultural turismo guatemalteco.\" srcset=\"https:\/\/soymigrante.com\/revista\/wp-content\/uploads\/2024\/06\/centro-de-la-ciudad.webp 924w, https:\/\/soymigrante.com\/revista\/wp-content\/uploads\/2024\/06\/centro-de-la-ciudad-300x175.webp 300w, https:\/\/soymigrante.com\/revista\/wp-content\/uploads\/2024\/06\/centro-de-la-ciudad-768x449.webp 768w, https:\/\/soymigrante.com\/revista\/wp-content\/uploads\/2024\/06\/centro-de-la-ciudad-750x438.webp 750w\" sizes=\"(max-width: 768px) 100vw, 768px\" title=\"Vista a\u00e9rea del centro de la ciudad de Guatemala: Enmedio puede verse el Parque Central; a la izquierda, la Catedral Metropolitana no ten\u00eda torres de campanario porque fueron destruidas por  los terremotos de 1917-18; arriba del Parque est\u00e1 el Portal del Comercio, que fue remodelado en 1924. Justo encima del Portal puede verse el Pasaje Aycinena, que es considerado como el primer centro comercial; abajo est\u00e1 el predio donde actualmente se encuentra el Palacio Nacional, pero este fue construido hasta 1943. En 1924, todav\u00eda estaba vac\u00edo y \u00fanicamente ten\u00eda el Palacio Chino, una estructura obsequiada por la colonia china en el pa\u00eds: a la derecha, del lado opuesto a la Catedral se puede ver a\u00fan el llamado Palacio de Cart\u00f3n, construido para celebrar el centenario de independencia en 1921, pero que se incendi\u00f3 aquel 1924.  La ciudad de Guatemala ten\u00eda en 1924. Detr\u00e1s de la Catedral se observa el antiguo Mercado Central, construido en 1868 y que fue destruido por terremotos. La capital ten\u00eda poco m\u00e1s de 100 mil habitantes hace 100 a\u00f1os. \u2013 SoyMigrante.com REVISTA\" \/>\t\t\t\t\t\t\t\t\t\t\t<figcaption class=\"widget-image-caption wp-caption-text\">Vista a\u00e9rea de Antigua Guatemala destacando su centro hist\u00f3rico, parques y arquitectura colonial, s\u00edmbolo de la historia y cultura de Guatemala.<\/figcaption>\n\t\t\t\t\t\t\t\t\t\t<\/figure>\n\t\t\t\t\t\t\t\t\t<\/div>\n\t\t\t\t\t<\/div>\n\t\t<\/div>\n\t\t\t\t\t<\/div>\n\t\t<\/section>\n\t\t\t\t<section data-particle_enable=\"false\" data-particle-mobile-disabled=\"false\" class=\"elementor-section elementor-top-section elementor-element elementor-element-5f5bef5 elementor-section-boxed elementor-section-height-default elementor-section-height-default\" data-id=\"5f5bef5\" data-element_type=\"section\" data-e-type=\"section\">\n\t\t\t\t\t\t<div class=\"elementor-container elementor-column-gap-default\">\n\t\t\t\t\t<div class=\"elementor-column elementor-col-100 elementor-top-column elementor-element elementor-element-90178ef\" data-id=\"90178ef\" data-element_type=\"column\" data-e-type=\"column\">\n\t\t\t<div class=\"elementor-widget-wrap elementor-element-populated\">\n\t\t\t\t\t\t<div class=\"elementor-element elementor-element-1c73072 elementor-widget elementor-widget-heading\" data-id=\"1c73072\" data-element_type=\"widget\" data-e-type=\"widget\" data-widget_type=\"heading.default\">\n\t\t\t\t\t<h3 class=\"elementor-heading-title elementor-size-default\">1924: Se estrena la primera \u00f3pera guatemalteca de tem\u00e1tica ind\u00edgena, se llamaba Quich\u00e9 Vinak<\/h3>\t\t\t\t<\/div>\n\t\t\t\t\t<\/div>\n\t\t<\/div>\n\t\t\t\t\t<\/div>\n\t\t<\/section>\n\t\t\t\t<section data-particle_enable=\"false\" data-particle-mobile-disabled=\"false\" class=\"elementor-section elementor-top-section elementor-element elementor-element-700070d elementor-section-boxed elementor-section-height-default elementor-section-height-default\" data-id=\"700070d\" data-element_type=\"section\" data-e-type=\"section\">\n\t\t\t\t\t\t<div class=\"elementor-container elementor-column-gap-default\">\n\t\t\t\t\t<div class=\"elementor-column elementor-col-100 elementor-top-column elementor-element elementor-element-f0d8050\" data-id=\"f0d8050\" data-element_type=\"column\" data-e-type=\"column\">\n\t\t\t<div class=\"elementor-widget-wrap elementor-element-populated\">\n\t\t\t\t\t\t<div class=\"elementor-element elementor-element-78cf536 elementor-widget elementor-widget-image\" data-id=\"78cf536\" data-element_type=\"widget\" data-e-type=\"widget\" data-widget_type=\"image.default\">\n\t\t\t\t\t\t\t\t\t\t\t\t<figure class=\"wp-caption\">\n\t\t\t\t\t\t\t\t\t\t<img loading=\"lazy\" decoding=\"async\" width=\"768\" height=\"534\" src=\"https:\/\/soymigrante.com\/revista\/wp-content\/uploads\/2024\/06\/quidche-vinak-1924.webp\" class=\"attachment-large size-large wp-image-7140\" alt=\"Diversidad cultural y tradici\u00f3n en una celebraci\u00f3n folkl\u00f3rica con disfraces y m\u00fasica en una comunidad ind\u00edgena.\" srcset=\"https:\/\/soymigrante.com\/revista\/wp-content\/uploads\/2024\/06\/quidche-vinak-1924.webp 964w, https:\/\/soymigrante.com\/revista\/wp-content\/uploads\/2024\/06\/quidche-vinak-1924-300x209.webp 300w, https:\/\/soymigrante.com\/revista\/wp-content\/uploads\/2024\/06\/quidche-vinak-1924-768x534.webp 768w, https:\/\/soymigrante.com\/revista\/wp-content\/uploads\/2024\/06\/quidche-vinak-1924-750x521.webp 750w\" sizes=\"(max-width: 768px) 100vw, 768px\" title=\"Opera Quiche Vinac se estren\u00f3 en 1924 \u2013 SoyMigrante.com REVISTA\" \/>\t\t\t\t\t\t\t\t\t\t\t<figcaption class=\"widget-image-caption wp-caption-text\">Celebraci\u00f3n tradicional con disfraces y m\u00fasica en comunidad ind\u00edgena, resaltando cultura y folklore.<\/figcaption>\n\t\t\t\t\t\t\t\t\t\t<\/figure>\n\t\t\t\t\t\t\t\t\t<\/div>\n\t\t\t\t\t<\/div>\n\t\t<\/div>\n\t\t\t\t\t<\/div>\n\t\t<\/section>\n\t\t\t\t<section data-particle_enable=\"false\" data-particle-mobile-disabled=\"false\" class=\"elementor-section elementor-top-section elementor-element elementor-element-1b48c0d elementor-section-boxed elementor-section-height-default elementor-section-height-default\" data-id=\"1b48c0d\" data-element_type=\"section\" data-e-type=\"section\">\n\t\t\t\t\t\t<div class=\"elementor-container elementor-column-gap-default\">\n\t\t\t\t\t<div class=\"elementor-column elementor-col-100 elementor-top-column elementor-element elementor-element-69e0a9b\" data-id=\"69e0a9b\" data-element_type=\"column\" data-e-type=\"column\">\n\t\t\t<div class=\"elementor-widget-wrap elementor-element-populated\">\n\t\t\t\t\t\t<div class=\"elementor-element elementor-element-5bc4218 elementor-widget elementor-widget-text-editor\" data-id=\"5bc4218\" data-element_type=\"widget\" data-e-type=\"widget\" data-widget_type=\"text-editor.default\">\n\t\t\t\t\t\t\t\t\t<p>En 1924 se cumpl\u00eda el cuarto centenario de fundaci\u00f3n de la capital de Guatemala, por lo cual se prepararon varios festejos. Uno de ellos fue la \u00f3pera Quich\u00e9 Vinak (Pueblo Quich\u00e9) en la cual se presenta a dicho reino, en la ciudad de Gumarcaaj, su capital.\u00a0<\/p><p>La letra es del poeta Virgilio Rodr\u00edguez Beteta y la m\u00fasica fue encomendada al m\u00fasico Jes\u00fas Castillo, quien se inspir\u00f3 en los sonidos de la m\u00fasica ind\u00edgena. Por ello se considera que esta obra fue la primera de su tipo con tem\u00e1tica y est\u00e9tica ind\u00edgena.<\/p><p>Fue estrenada el 26 de julio de 1924 en el Teatro Abril, aunque no se present\u00f3 completa. Pasaron 97 a\u00f1os para que pudiera ser estrenada con todas sus escenas y detalles.\u00a0<\/p>\t\t\t\t\t\t\t\t<\/div>\n\t\t\t\t\t<\/div>\n\t\t<\/div>\n\t\t\t\t\t<\/div>\n\t\t<\/section>\n\t\t\t\t<section data-particle_enable=\"false\" data-particle-mobile-disabled=\"false\" class=\"elementor-section elementor-top-section elementor-element elementor-element-a705163 elementor-section-boxed elementor-section-height-default elementor-section-height-default\" data-id=\"a705163\" data-element_type=\"section\" data-e-type=\"section\">\n\t\t\t\t\t\t<div class=\"elementor-container elementor-column-gap-default\">\n\t\t\t\t\t<div class=\"elementor-column elementor-col-100 elementor-top-column elementor-element elementor-element-0ed68e9\" data-id=\"0ed68e9\" data-element_type=\"column\" data-e-type=\"column\">\n\t\t\t<div class=\"elementor-widget-wrap elementor-element-populated\">\n\t\t\t\t\t\t<div class=\"elementor-element elementor-element-0a95b9b elementor-widget elementor-widget-video\" data-id=\"0a95b9b\" data-element_type=\"widget\" data-e-type=\"widget\" data-settings=\"{&quot;youtube_url&quot;:&quot;https:\\\/\\\/www.youtube.com\\\/watch?v=eGwUzYbZRzI&quot;,&quot;start&quot;:1000,&quot;video_type&quot;:&quot;youtube&quot;,&quot;controls&quot;:&quot;yes&quot;}\" data-widget_type=\"video.default\">\n\t\t\t\t\t\t\t<div class=\"elementor-wrapper elementor-open-inline\">\n\t\t\t<div class=\"elementor-video\"><\/div>\t\t<\/div>\n\t\t\t\t\t\t<\/div>\n\t\t\t\t\t<\/div>\n\t\t<\/div>\n\t\t\t\t\t<\/div>\n\t\t<\/section>\n\t\t\t\t<section data-particle_enable=\"false\" data-particle-mobile-disabled=\"false\" class=\"elementor-section elementor-top-section elementor-element elementor-element-45b315c elementor-section-boxed elementor-section-height-default elementor-section-height-default\" data-id=\"45b315c\" data-element_type=\"section\" data-e-type=\"section\">\n\t\t\t\t\t\t<div class=\"elementor-container elementor-column-gap-default\">\n\t\t\t\t\t<div class=\"elementor-column elementor-col-100 elementor-top-column elementor-element elementor-element-ccb9de8\" data-id=\"ccb9de8\" data-element_type=\"column\" data-e-type=\"column\">\n\t\t\t<div class=\"elementor-widget-wrap elementor-element-populated\">\n\t\t\t\t\t\t<div class=\"elementor-element elementor-element-bcb1d48 elementor-widget elementor-widget-heading\" data-id=\"bcb1d48\" data-element_type=\"widget\" data-e-type=\"widget\" data-widget_type=\"heading.default\">\n\t\t\t\t\t<h3 class=\"elementor-heading-title elementor-size-default\">1924. Hace erupci\u00f3n el volc\u00e1n de Acatenango <\/h3>\t\t\t\t<\/div>\n\t\t\t\t\t<\/div>\n\t\t<\/div>\n\t\t\t\t\t<\/div>\n\t\t<\/section>\n\t\t\t\t<section data-particle_enable=\"false\" data-particle-mobile-disabled=\"false\" class=\"elementor-section elementor-top-section elementor-element elementor-element-52a2aa9 elementor-section-boxed elementor-section-height-default elementor-section-height-default\" data-id=\"52a2aa9\" data-element_type=\"section\" data-e-type=\"section\">\n\t\t\t\t\t\t<div class=\"elementor-container elementor-column-gap-default\">\n\t\t\t\t\t<div class=\"elementor-column elementor-col-100 elementor-top-column elementor-element elementor-element-cfcd487\" data-id=\"cfcd487\" data-element_type=\"column\" data-e-type=\"column\">\n\t\t\t<div class=\"elementor-widget-wrap elementor-element-populated\">\n\t\t\t\t\t\t<div class=\"elementor-element elementor-element-b5c6a7d elementor-widget elementor-widget-image\" data-id=\"b5c6a7d\" data-element_type=\"widget\" data-e-type=\"widget\" data-widget_type=\"image.default\">\n\t\t\t\t\t\t\t\t\t\t\t\t<figure class=\"wp-caption\">\n\t\t\t\t\t\t\t\t\t\t<img loading=\"lazy\" decoding=\"async\" width=\"768\" height=\"594\" src=\"https:\/\/soymigrante.com\/revista\/wp-content\/uploads\/2024\/06\/volcan-acatenango-1924.webp\" class=\"attachment-large size-large wp-image-7141\" alt=\"N.\u00ba 2: Fumata volc\u00e1nica con volc\u00e1n en erupci\u00f3n en fondo de monta\u00f1a, cerca de viviendas rurales en un entorno natural y rural en Guatemala.\" srcset=\"https:\/\/soymigrante.com\/revista\/wp-content\/uploads\/2024\/06\/volcan-acatenango-1924.webp 1000w, https:\/\/soymigrante.com\/revista\/wp-content\/uploads\/2024\/06\/volcan-acatenango-1924-300x232.webp 300w, https:\/\/soymigrante.com\/revista\/wp-content\/uploads\/2024\/06\/volcan-acatenango-1924-768x594.webp 768w, https:\/\/soymigrante.com\/revista\/wp-content\/uploads\/2024\/06\/volcan-acatenango-1924-750x580.webp 750w\" sizes=\"(max-width: 768px) 100vw, 768px\" title=\"Actividad del volc\u00e1n de Acatenango en 1924 \u2013 SoyMigrante.com REVISTA\" \/>\t\t\t\t\t\t\t\t\t\t\t<figcaption class=\"widget-image-caption wp-caption-text\">N.\u00ba 3: Imagen de un volc\u00e1n en erupci\u00f3n con humo y lava, vista desde un pueblo rural en Guatemala, resaltando la belleza y fuerza natural de la naturaleza volc\u00e1nica.<\/figcaption>\n\t\t\t\t\t\t\t\t\t\t<\/figure>\n\t\t\t\t\t\t\t\t\t<\/div>\n\t\t\t\t\t<\/div>\n\t\t<\/div>\n\t\t\t\t\t<\/div>\n\t\t<\/section>\n\t\t\t\t<section data-particle_enable=\"false\" data-particle-mobile-disabled=\"false\" class=\"elementor-section elementor-top-section elementor-element elementor-element-7fc437a elementor-section-boxed elementor-section-height-default elementor-section-height-default\" data-id=\"7fc437a\" data-element_type=\"section\" data-e-type=\"section\">\n\t\t\t\t\t\t<div class=\"elementor-container elementor-column-gap-default\">\n\t\t\t\t\t<div class=\"elementor-column elementor-col-100 elementor-top-column elementor-element elementor-element-95ae7e1\" data-id=\"95ae7e1\" data-element_type=\"column\" data-e-type=\"column\">\n\t\t\t<div class=\"elementor-widget-wrap elementor-element-populated\">\n\t\t\t\t\t\t<div class=\"elementor-element elementor-element-0259d24 elementor-widget elementor-widget-text-editor\" data-id=\"0259d24\" data-element_type=\"widget\" data-e-type=\"widget\" data-widget_type=\"text-editor.default\">\n\t\t\t\t\t\t\t\t\t<p>Muchos guatemaltecos y turistas disfrutan hoy de ir a escalar el volc\u00e1n Acatenango, que est\u00e1 sin actividad. A la par est\u00e1, claro, el volc\u00e1n de Fuego que s\u00ed presenta fumarolas y explosiones constantes.<br \/>Sin embargo en 1924 empez\u00f3 un per\u00edodo de erupciones intermitentes del Acatenango, de 3 mil 975 metros de altura.\u00a0Esto dur\u00f3 hasta 1929 y se calm\u00f3. Despu\u00e9s hizo erupci\u00f3n en 1970 y desde entonces est\u00e1 inactivo.<\/p>\t\t\t\t\t\t\t\t<\/div>\n\t\t\t\t\t<\/div>\n\t\t<\/div>\n\t\t\t\t\t<\/div>\n\t\t<\/section>\n\t\t\t\t<section data-particle_enable=\"false\" data-particle-mobile-disabled=\"false\" class=\"elementor-section elementor-top-section elementor-element elementor-element-5176566 elementor-section-boxed elementor-section-height-default elementor-section-height-default\" data-id=\"5176566\" data-element_type=\"section\" data-e-type=\"section\">\n\t\t\t\t\t\t<div class=\"elementor-container elementor-column-gap-default\">\n\t\t\t\t\t<div class=\"elementor-column elementor-col-100 elementor-top-column elementor-element elementor-element-ffe6dfb\" data-id=\"ffe6dfb\" data-element_type=\"column\" data-e-type=\"column\">\n\t\t\t<div class=\"elementor-widget-wrap elementor-element-populated\">\n\t\t\t\t\t\t<div class=\"elementor-element elementor-element-1d8a29e elementor-widget elementor-widget-image\" data-id=\"1d8a29e\" data-element_type=\"widget\" data-e-type=\"widget\" data-widget_type=\"image.default\">\n\t\t\t\t\t\t\t\t\t\t\t\t<figure class=\"wp-caption\">\n\t\t\t\t\t\t\t\t\t\t<img loading=\"lazy\" decoding=\"async\" width=\"558\" height=\"727\" src=\"https:\/\/soymigrante.com\/revista\/wp-content\/uploads\/2024\/06\/Captura-de-pantalla-2024-06-26-001854.webp\" class=\"attachment-large size-large wp-image-7142\" alt=\"Protecci\u00f3n civil en un campamento en la ladera de un volc\u00e1n activo en un entorno natural, con tiendas de campa\u00f1a y personas en la zona.\" srcset=\"https:\/\/soymigrante.com\/revista\/wp-content\/uploads\/2024\/06\/Captura-de-pantalla-2024-06-26-001854.webp 558w, https:\/\/soymigrante.com\/revista\/wp-content\/uploads\/2024\/06\/Captura-de-pantalla-2024-06-26-001854-230x300.webp 230w\" sizes=\"(max-width: 558px) 100vw, 558px\" title=\"Exploradores acampan en el volc\u00e1n de Acatenango, que hoy est\u00e1 inactivo. Al fondo se ve el volc\u00e1n de Fuego, que lanza constantes fumarolas y explosiones. Fotograf\u00eda Abel Ju\u00e1rez. \u2013 SoyMigrante.com REVISTA\" \/>\t\t\t\t\t\t\t\t\t\t\t<figcaption class=\"widget-image-caption wp-caption-text\">Zona de campamento en un volc\u00e1n activo, con tiendas, monta\u00f1as y actividad volc\u00e1nica en un paisaje dram\u00e1tico y natural.<\/figcaption>\n\t\t\t\t\t\t\t\t\t\t<\/figure>\n\t\t\t\t\t\t\t\t\t<\/div>\n\t\t\t\t\t<\/div>\n\t\t<\/div>\n\t\t\t\t\t<\/div>\n\t\t<\/section>\n\t\t\t\t<section data-particle_enable=\"false\" data-particle-mobile-disabled=\"false\" class=\"elementor-section elementor-top-section elementor-element elementor-element-52ee8d3 elementor-section-boxed elementor-section-height-default elementor-section-height-default\" data-id=\"52ee8d3\" data-element_type=\"section\" data-e-type=\"section\">\n\t\t\t\t\t\t<div class=\"elementor-container elementor-column-gap-default\">\n\t\t\t\t\t<div class=\"elementor-column elementor-col-100 elementor-top-column elementor-element elementor-element-e05ed5f\" data-id=\"e05ed5f\" data-element_type=\"column\" data-e-type=\"column\">\n\t\t\t<div class=\"elementor-widget-wrap elementor-element-populated\">\n\t\t\t\t\t\t<div class=\"elementor-element elementor-element-b47486b elementor-widget elementor-widget-heading\" data-id=\"b47486b\" data-element_type=\"widget\" data-e-type=\"widget\" data-widget_type=\"heading.default\">\n\t\t\t\t\t<h3 class=\"elementor-heading-title elementor-size-default\">1924. Muere el exdictador Manuel Estrada Cabrera<\/h3>\t\t\t\t<\/div>\n\t\t\t\t\t<\/div>\n\t\t<\/div>\n\t\t\t\t\t<\/div>\n\t\t<\/section>\n\t\t\t\t<section data-particle_enable=\"false\" data-particle-mobile-disabled=\"false\" class=\"elementor-section elementor-top-section elementor-element elementor-element-9c41cfe elementor-section-boxed elementor-section-height-default elementor-section-height-default\" data-id=\"9c41cfe\" data-element_type=\"section\" data-e-type=\"section\">\n\t\t\t\t\t\t<div class=\"elementor-container elementor-column-gap-default\">\n\t\t\t\t\t<div class=\"elementor-column elementor-col-100 elementor-top-column elementor-element elementor-element-12bd522\" data-id=\"12bd522\" data-element_type=\"column\" data-e-type=\"column\">\n\t\t\t<div class=\"elementor-widget-wrap elementor-element-populated\">\n\t\t\t\t\t\t<div class=\"elementor-element elementor-element-695d5a4 elementor-widget elementor-widget-text-editor\" data-id=\"695d5a4\" data-element_type=\"widget\" data-e-type=\"widget\" data-widget_type=\"text-editor.default\">\n\t\t\t\t\t\t\t\t\t<p>Gobern\u00f3 Guatemala entre 1898 y 1920. Se reeligi\u00f3 en 1904, 1910 y 1916 con claros fraudes electorales. Una prueba de ello es que en aquel momento solo pod\u00edan votar las personas alfabetas, es decir que solo supieran leer y escribir; no pod\u00edan votar las mujeres. La suma de los potenciales votantes no pasaba de 300 mil y sin embargo, en 1916, Manuel Estrada Cabrera tuvo m\u00e1s de &#8220;un mill\u00f3n de votos&#8221;.<\/p><p>Manten\u00eda el poder infundiendo temor, con esp\u00edas por todas partes y eliminando cualquier oposici\u00f3n pol\u00edtica.\u00a0 Detestaba a los intelectuales que le criticaban, pero tra\u00eda bardos extranjeros para que le elogiaran. En su cumplea\u00f1os, en Noviembre, celebraba las fiestas Minervalias, dedicadas a la Diosa de la Cultura.<\/p><p>La crisis econ\u00f3mica que dej\u00f3 la II Guerra Mundial y los terremotos de 1917 y 1918 rompieron el miedo y aumentaron la comunicaci\u00f3n entre la poblaci\u00f3n. En marzo de 1920 comenz\u00f3 un movimiento ciudadano para exigir su renuncia. Los reprimi\u00f3 y atac\u00f3. En abril de 1920, la Asamblea Nacional lo declar\u00f3 mentalmente incompetente para gobernar.\u00a0<\/p><p>Estrada Cabrera se atrincher\u00f3 en su rancho La Palma (ubicado donde hoy est\u00e1 el Estadio Nacional Doroteo Guamuche). Desde all\u00ed atac\u00f3 con morteros y ca\u00f1ones a la capital. Fueron varios d\u00edas de angustia y muerte, entre el 8 y el 14 de abril de 1920. Finalmente se rindi\u00f3 y se entreg\u00f3.<\/p><p><span style=\"color: var( --e-global-color-text );\">Estrada Cabrera estuvo preso hasta su muerte en noviembre de 1924. Fue sepultado en su natal Quetzaltenango.<\/span><\/p><p><span style=\"font-family: Roboto, sans-serif; font-size: 16px; font-style: normal; font-variant-ligatures: normal; font-variant-caps: normal; font-weight: 400;\">Su r\u00e9gimen de terror inspir\u00f3 la novela El Se\u00f1or Presidente de Miguel \u00c1ngel Asturias, Premio Nobel de Literatura de Guatemala en 1967.\u00a0<\/span><span style=\"color: var( --e-global-color-text );\"><br \/><\/span><\/p>\t\t\t\t\t\t\t\t<\/div>\n\t\t\t\t\t<\/div>\n\t\t<\/div>\n\t\t\t\t\t<\/div>\n\t\t<\/section>\n\t\t\t\t<section data-particle_enable=\"false\" data-particle-mobile-disabled=\"false\" class=\"elementor-section elementor-top-section elementor-element elementor-element-a90140a elementor-section-boxed elementor-section-height-default elementor-section-height-default\" data-id=\"a90140a\" data-element_type=\"section\" data-e-type=\"section\">\n\t\t\t\t\t\t<div class=\"elementor-container elementor-column-gap-default\">\n\t\t\t\t\t<div class=\"elementor-column elementor-col-100 elementor-top-column elementor-element elementor-element-623b12a\" data-id=\"623b12a\" data-element_type=\"column\" data-e-type=\"column\">\n\t\t\t<div class=\"elementor-widget-wrap elementor-element-populated\">\n\t\t\t\t\t\t<div class=\"elementor-element elementor-element-db5d1bc elementor-widget elementor-widget-image\" data-id=\"db5d1bc\" data-element_type=\"widget\" data-e-type=\"widget\" data-widget_type=\"image.default\">\n\t\t\t\t\t\t\t\t\t\t\t\t<figure class=\"wp-caption\">\n\t\t\t\t\t\t\t\t\t\t<img loading=\"lazy\" decoding=\"async\" width=\"768\" height=\"535\" src=\"https:\/\/soymigrante.com\/revista\/wp-content\/uploads\/2024\/06\/Captura-de-pantalla-2024-06-25-225443-1024x713.webp\" class=\"attachment-large size-large wp-image-7143\" alt=\"Joven inmigrante en un hospital antiguo sentado en una silla al lado de su cama con muebles viejos, buscando inspiraci\u00f3n y esperanza en medio de su proceso migratorio y desaf\u00edos de integraci\u00f3n.\" srcset=\"https:\/\/soymigrante.com\/revista\/wp-content\/uploads\/2024\/06\/Captura-de-pantalla-2024-06-25-225443-1024x713.webp 1024w, https:\/\/soymigrante.com\/revista\/wp-content\/uploads\/2024\/06\/Captura-de-pantalla-2024-06-25-225443-300x209.webp 300w, https:\/\/soymigrante.com\/revista\/wp-content\/uploads\/2024\/06\/Captura-de-pantalla-2024-06-25-225443-768x535.webp 768w, https:\/\/soymigrante.com\/revista\/wp-content\/uploads\/2024\/06\/Captura-de-pantalla-2024-06-25-225443-750x522.webp 750w, https:\/\/soymigrante.com\/revista\/wp-content\/uploads\/2024\/06\/Captura-de-pantalla-2024-06-25-225443.webp 1100w\" sizes=\"(max-width: 768px) 100vw, 768px\" title=\"El exdictador Manuel Estrada Cabrera en su celda, pco antes de morir en 1924. Ten\u00eda 68 a\u00f1os y hab\u00eda gobernado a Guatemala a sangre y fuego durante casi 22 a\u00f1os: la dictadura m\u00e1s larga de la historia del pa\u00eds. \u2013 SoyMigrante.com REVISTA\" \/>\t\t\t\t\t\t\t\t\t\t\t<figcaption class=\"widget-image-caption wp-caption-text\">Una imagen en black and white de un hombre mayor en una cama de hospital, representando la historia y experiencias de los migrantes en contextos de salud.<\/figcaption>\n\t\t\t\t\t\t\t\t\t\t<\/figure>\n\t\t\t\t\t\t\t\t\t<\/div>\n\t\t\t\t\t<\/div>\n\t\t<\/div>\n\t\t\t\t\t<\/div>\n\t\t<\/section>\n\t\t\t\t<section data-particle_enable=\"false\" data-particle-mobile-disabled=\"false\" class=\"elementor-section elementor-top-section elementor-element elementor-element-425b01a elementor-section-boxed elementor-section-height-default elementor-section-height-default\" data-id=\"425b01a\" data-element_type=\"section\" data-e-type=\"section\">\n\t\t\t\t\t\t<div class=\"elementor-container elementor-column-gap-default\">\n\t\t\t\t\t<div class=\"elementor-column elementor-col-100 elementor-top-column elementor-element elementor-element-d3cb492\" data-id=\"d3cb492\" data-element_type=\"column\" data-e-type=\"column\">\n\t\t\t<div class=\"elementor-widget-wrap elementor-element-populated\">\n\t\t\t\t\t\t<div class=\"elementor-element elementor-element-4caf1b9 elementor-widget elementor-widget-heading\" data-id=\"4caf1b9\" data-element_type=\"widget\" data-e-type=\"widget\" data-widget_type=\"heading.default\">\n\t\t\t\t\t<h2 class=\"elementor-heading-title elementor-size-default\">Guatemala tiene valores y s\u00edmbolos<\/h2>\t\t\t\t<\/div>\n\t\t\t\t\t<\/div>\n\t\t<\/div>\n\t\t\t\t\t<\/div>\n\t\t<\/section>\n\t\t\t\t<section data-particle_enable=\"false\" data-particle-mobile-disabled=\"false\" class=\"elementor-section elementor-top-section elementor-element elementor-element-ec6d7de elementor-section-boxed elementor-section-height-default elementor-section-height-default\" data-id=\"ec6d7de\" data-element_type=\"section\" data-e-type=\"section\">\n\t\t\t\t\t\t<div class=\"elementor-container elementor-column-gap-default\">\n\t\t\t\t\t<div class=\"elementor-column elementor-col-100 elementor-top-column elementor-element elementor-element-9e191e4\" data-id=\"9e191e4\" data-element_type=\"column\" data-e-type=\"column\">\n\t\t\t<div class=\"elementor-widget-wrap elementor-element-populated\">\n\t\t\t\t\t\t<div class=\"elementor-element elementor-element-e81c6ad elementor-widget elementor-widget-blfe-post-grid\" data-id=\"e81c6ad\" data-element_type=\"widget\" data-e-type=\"widget\" data-settings=\"{&quot;columns&quot;:&quot;3&quot;,&quot;columns_tablet&quot;:&quot;6&quot;,&quot;columns_mobile&quot;:&quot;12&quot;,&quot;hero1_layout_column_gap&quot;:{&quot;unit&quot;:&quot;px&quot;,&quot;size&quot;:30,&quot;sizes&quot;:[]},&quot;hero1_layout_column_gap_tablet&quot;:{&quot;unit&quot;:&quot;px&quot;,&quot;size&quot;:&quot;&quot;,&quot;sizes&quot;:[]},&quot;hero1_layout_column_gap_mobile&quot;:{&quot;unit&quot;:&quot;px&quot;,&quot;size&quot;:&quot;&quot;,&quot;sizes&quot;:[]},&quot;hero1_layout_row_gap&quot;:{&quot;unit&quot;:&quot;px&quot;,&quot;size&quot;:30,&quot;sizes&quot;:[]},&quot;hero1_layout_row_gap_tablet&quot;:{&quot;unit&quot;:&quot;px&quot;,&quot;size&quot;:&quot;&quot;,&quot;sizes&quot;:[]},&quot;hero1_layout_row_gap_mobile&quot;:{&quot;unit&quot;:&quot;px&quot;,&quot;size&quot;:&quot;&quot;,&quot;sizes&quot;:[]}}\" data-widget_type=\"blfe-post-grid.hero1\">\n\t\t\t\t<div class=\"elementor-widget-container\">\n\t\t\t\t\t\n                        <div class=\"blfe-post-grid-container \">\n            \n                <div data-skin=\"hero1\" class=\"blfe-row blfe-posts-inner blfe-hero1 blfe-posts-inner blfe-col-3 blfe-col-tab-6 blfe-col-mob-12     \">\n                            <div class=\"blfe-post-grid-item\">\n            <div class=\"blfe-post-grid-item-inner blfe-modern-zoom\">\n                        <div class=\"blfe-post-grid-bg-image\">\n            <a class=\"blfe-post-grid-image-inner\" href=\"https:\/\/soymigrante.com\/revista\/10-datos-del-quetzal-que-tal-vez-ya-conocias-o-quiza-no\/\" title=\"\u00bfEn d\u00f3nde habita el Quetzal?&#8230; y otras 10 preguntas sobre el ave s\u00edmbolo de Guatemala\" rel=\"nofollow\" target=\"_blank\"><img decoding=\"async\" src=\"https:\/\/soymigrante.com\/revista\/wp-content\/uploads\/2023\/03\/soy-migrante-quetzal-alimenta-se-ve-pichon-credito-ottoniel-cojulun.webp\" alt=\"\u00bfEn d\u00f3nde habita el Quetzal?&#8230; y otras 10 preguntas sobre el ave s\u00edmbolo de Guatemala\"\/><\/a>        <\/div>\n                        <div class=\"blfe-post-grid-details\">\n                    <div class=\"blfe-post-grid-details-inner\">\n                        <span class=\"blfe-post-category\"><a href=\"https:\/\/soymigrante.com\/revista\/category\/guate-nuestra\/\">Guate Nuestra<\/a><\/span>                        <h3 class=\"blfe-post-grid-title\">\n            <a href=\"https:\/\/soymigrante.com\/revista\/10-datos-del-quetzal-que-tal-vez-ya-conocias-o-quiza-no\/\" title=\"\u00bfEn d\u00f3nde habita el Quetzal?&#8230; y otras 10 preguntas sobre el ave s\u00edmbolo de Guatemala\" rel=\"nofollow\" target=\"_blank\">\u00bfEn d\u00f3nde habita el Quetzal?&#8230; y otras 10 preguntas sobre el ave s\u00edmbolo de Guatemala<\/a>\n            <\/h3>                                                            <div class=\"blfe-post-grid-meta\">\n                <span class=\"blfe-post-grid-time\"><i class=\"fas fa-book-reader\"><\/i>9 Min read<\/span>            <\/div>\n                                                        <\/div>\n                <\/div>\n\n            <\/div>\n        <\/div>\n                <div class=\"blfe-post-grid-item\">\n            <div class=\"blfe-post-grid-item-inner blfe-modern-zoom\">\n                        <div class=\"blfe-post-grid-bg-image\">\n            <a class=\"blfe-post-grid-image-inner\" href=\"https:\/\/soymigrante.com\/revista\/himno-nacional-de-guatemala-6-fechas-que-todo-guatemalteco-debe-conocer\/\" title=\"\u00bfCu\u00e1ndo y d\u00f3nde se estren\u00f3 oficialmente Himno Nacional de Guatemala ?\" rel=\"nofollow\" target=\"_blank\"><img decoding=\"async\" src=\"https:\/\/soymigrante.com\/revista\/wp-content\/uploads\/2025\/03\/himno-nacional.webp\" alt=\"\u00bfCu\u00e1ndo y d\u00f3nde se estren\u00f3 oficialmente Himno Nacional de Guatemala ?\"\/><\/a>        <\/div>\n                        <div class=\"blfe-post-grid-details\">\n                    <div class=\"blfe-post-grid-details-inner\">\n                        <span class=\"blfe-post-category\"><a href=\"https:\/\/soymigrante.com\/revista\/category\/guate-nuestra\/simbolos-patrios-guate-nuestra\/\">S\u00edmbolos patrios<\/a><\/span>                        <h3 class=\"blfe-post-grid-title\">\n            <a href=\"https:\/\/soymigrante.com\/revista\/himno-nacional-de-guatemala-6-fechas-que-todo-guatemalteco-debe-conocer\/\" title=\"\u00bfCu\u00e1ndo y d\u00f3nde se estren\u00f3 oficialmente Himno Nacional de Guatemala ?\" rel=\"nofollow\" target=\"_blank\">\u00bfCu\u00e1ndo y d\u00f3nde se estren\u00f3 oficialmente Himno Nacional de Guatemala ?<\/a>\n            <\/h3>                                                            <div class=\"blfe-post-grid-meta\">\n                <span class=\"blfe-post-grid-time\"><i class=\"fas fa-book-reader\"><\/i>10 Min read<\/span>            <\/div>\n                                                        <\/div>\n                <\/div>\n\n            <\/div>\n        <\/div>\n                <div class=\"blfe-post-grid-item\">\n            <div class=\"blfe-post-grid-item-inner blfe-modern-zoom\">\n                        <div class=\"blfe-post-grid-bg-image\">\n            <a class=\"blfe-post-grid-image-inner\" href=\"https:\/\/soymigrante.com\/revista\/simbolos-patrios-8-datos-de-la-monja-blanca-que-tal-vez-ya-conocias-o-quiza-no\/\" title=\"\u00bfPor qu\u00e9 el 11 de febrero es el d\u00eda de la Monja Blanca, S\u00edmbolo Nacional de Guatemala?\" rel=\"nofollow\" target=\"_blank\"><img decoding=\"async\" src=\"https:\/\/soymigrante.com\/revista\/wp-content\/uploads\/2023\/11\/archilarium-5-1.webp\" alt=\"\u00bfPor qu\u00e9 el 11 de febrero es el d\u00eda de la Monja Blanca, S\u00edmbolo Nacional de Guatemala?\"\/><\/a>        <\/div>\n                        <div class=\"blfe-post-grid-details\">\n                    <div class=\"blfe-post-grid-details-inner\">\n                        <span class=\"blfe-post-category\"><a href=\"https:\/\/soymigrante.com\/revista\/category\/guate-nuestra\/\">Guate Nuestra<\/a><\/span>                        <h3 class=\"blfe-post-grid-title\">\n            <a href=\"https:\/\/soymigrante.com\/revista\/simbolos-patrios-8-datos-de-la-monja-blanca-que-tal-vez-ya-conocias-o-quiza-no\/\" title=\"\u00bfPor qu\u00e9 el 11 de febrero es el d\u00eda de la Monja Blanca, S\u00edmbolo Nacional de Guatemala?\" rel=\"nofollow\" target=\"_blank\">\u00bfPor qu\u00e9 el 11 de febrero es el d\u00eda de la Monja Blanca, S\u00edmbolo Nacional de Guatemala?<\/a>\n            <\/h3>                                                            <div class=\"blfe-post-grid-meta\">\n                <span class=\"blfe-post-grid-time\"><i class=\"fas fa-book-reader\"><\/i>8 Min read<\/span>            <\/div>\n                                                        <\/div>\n                <\/div>\n\n            <\/div>\n        <\/div>\n                        <\/div>\n\n                        <\/div>\n            \n                        <div class=\"blfe-post-footer\">\n                        <\/div>\n            \t\t\t\t<\/div>\n\t\t\t\t<\/div>\n\t\t\t\t\t<\/div>\n\t\t<\/div>\n\t\t\t\t\t<\/div>\n\t\t<\/section>\n\t\t\t\t<\/div>\n\t\t","protected":false},"excerpt":{"rendered":"<p>Fue la Guatemala de nuestros abuelos, bisabuelos y tatarabuelos. Hace un siglo, la capital abarcaba de la 1 a la 12 avenida y de la 1 a la 18 calles. Gobernaba el general Jos\u00e9 Mar\u00eda Orellana: s\u00ed, el mismo que aparece en los billetes de un Quetzal, que fue creado en la reforma monetaria de [&hellip;]<\/p>\n","protected":false},"author":7,"featured_media":7148,"comment_status":"open","ping_status":"open","sticky":false,"template":"","format":"standard","meta":{"_acf_changed":false,"_eb_attr":"","footnotes":""},"categories":[58],"tags":[],"class_list":["post-7094","post","type-post","status-publish","format-standard","has-post-thumbnail","hentry","category-guate-nuestra"],"acf":[],"aioseo_notices":[],"aioseo_head":"\n\t\t<!-- All in One SEO Pro 4.9.6.2 - aioseo.com -->\n\t<meta name=\"description\" content=\"\u00bfSab\u00edas que La Monja Blanca pr\u00e1cticamente se extingui\u00f3 por dos d\u00e9cadas? \u00bfC\u00f3mo volvi\u00f3 a la vida? \u00bfCu\u00e1ndo fue declarada S\u00edmbolo Nacional de Guatemala? Ent\u00e9rate\" \/>\n\t<meta name=\"robots\" content=\"max-snippet:-1, max-image-preview:large, max-video-preview:-1\" \/>\n\t<meta name=\"author\" content=\"Gustavo Montenegro\"\/>\n\t<link rel=\"canonical\" href=\"https:\/\/soymigrante.com\/revista\/simbolos-patrios-8-datos-de-la-monja-blanca-que-tal-vez-ya-conocias-o-quiza-no\/\" \/>\n\t<meta name=\"generator\" content=\"All in One SEO Pro (AIOSEO) 4.9.6.2\" \/>\n\n\t\t<link rel=\"preconnect\" href=\"https:\/\/fonts.googleapis.com\" crossorigin>\n<link rel=\"preconnect\" href=\"https:\/\/fonts.gstatic.com\" crossorigin>\n\t\t<meta property=\"og:locale\" content=\"es_ES\" \/>\n\t\t<meta property=\"og:site_name\" content=\"SoyMigrante.com REVISTA \u2013 Nuestra misi\u00f3n es reconocer y dignificar al migrante.\" \/>\n\t\t<meta property=\"og:type\" content=\"article\" \/>\n\t\t<meta property=\"og:title\" content=\"\u00bfPor qu\u00e9 el 11 de Febrero es D\u00eda de la Monja Blanca?\" \/>\n\t\t<meta property=\"og:description\" content=\"\u00bfSab\u00edas que La Monja Blanca pr\u00e1cticamente se extingui\u00f3 por dos d\u00e9cadas? \u00bfC\u00f3mo volvi\u00f3 a la vida? \u00bfCu\u00e1ndo fue declarada S\u00edmbolo Nacional de Guatemala? Ent\u00e9rate\" \/>\n\t\t<meta property=\"og:url\" content=\"https:\/\/soymigrante.com\/revista\/simbolos-patrios-8-datos-de-la-monja-blanca-que-tal-vez-ya-conocias-o-quiza-no\/\" \/>\n\t\t<meta property=\"og:image\" content=\"https:\/\/soymigrante.com\/revista\/wp-content\/uploads\/2023\/11\/archilarium-5-1.webp\" \/>\n\t\t<meta property=\"og:image:secure_url\" content=\"https:\/\/soymigrante.com\/revista\/wp-content\/uploads\/2023\/11\/archilarium-5-1.webp\" \/>\n\t\t<meta property=\"og:image:width\" content=\"1440\" \/>\n\t\t<meta property=\"og:image:height\" content=\"1440\" \/>\n\t\t<meta property=\"article:published_time\" content=\"2026-02-11T15:31:32+00:00\" \/>\n\t\t<meta property=\"article:modified_time\" content=\"2026-02-11T15:35:28+00:00\" \/>\n\t\t<meta property=\"article:publisher\" content=\"https:\/\/www.facebook.com\/soymigrantecom\" \/>\n\t\t<meta name=\"twitter:card\" content=\"summary_large_image\" \/>\n\t\t<meta name=\"twitter:site\" content=\"@SoyMigrante_com\" \/>\n\t\t<meta name=\"twitter:title\" content=\"\u00bfPor qu\u00e9 el 11 de Febrero es D\u00eda de la Monja Blanca?\" \/>\n\t\t<meta name=\"twitter:description\" content=\"\u00bfSab\u00edas que La Monja Blanca pr\u00e1cticamente se extingui\u00f3 por dos d\u00e9cadas? \u00bfC\u00f3mo volvi\u00f3 a la vida? \u00bfCu\u00e1ndo fue declarada S\u00edmbolo Nacional de Guatemala? Ent\u00e9rate\" \/>\n\t\t<meta name=\"twitter:creator\" content=\"@SoyMigrante_com\" \/>\n\t\t<meta name=\"twitter:image\" content=\"https:\/\/soymigrante.com\/revista\/wp-content\/uploads\/2023\/11\/archilarium-5-1.webp\" \/>\n\t\t<!-- All in One SEO Pro -->\r\n\t\t<title>\u00bfPor qu\u00e9 el 11 de Febrero es D\u00eda de la Monja Blanca?<\/title>\n\n","aioseo_head_json":{"title":"\u00bfPor qu\u00e9 el 11 de Febrero es D\u00eda de la Monja Blanca?","description":"\u00bfSab\u00edas que La Monja Blanca pr\u00e1cticamente se extingui\u00f3 por dos d\u00e9cadas? \u00bfC\u00f3mo volvi\u00f3 a la vida? \u00bfCu\u00e1ndo fue declarada S\u00edmbolo Nacional de Guatemala? Ent\u00e9rate","canonical_url":"https:\/\/soymigrante.com\/revista\/simbolos-patrios-8-datos-de-la-monja-blanca-que-tal-vez-ya-conocias-o-quiza-no\/","robots":"max-snippet:-1, max-image-preview:large, max-video-preview:-1","keywords":"","webmasterTools":{"miscellaneous":"&lt;link rel=\"preconnect\" href=\"https:\/\/fonts.googleapis.com\" crossorigin&gt;\n&lt;link rel=\"preconnect\" href=\"https:\/\/fonts.gstatic.com\" crossorigin&gt;"},"schema":null,"og:locale":"es_ES","og:site_name":"SoyMigrante.com REVISTA \u2013 Nuestra misi\u00f3n es reconocer y dignificar al migrante.","og:type":"article","og:title":"\u00bfPor qu\u00e9 el 11 de Febrero es D\u00eda de la Monja Blanca?","og:description":"\u00bfSab\u00edas que La Monja Blanca pr\u00e1cticamente se extingui\u00f3 por dos d\u00e9cadas? \u00bfC\u00f3mo volvi\u00f3 a la vida? \u00bfCu\u00e1ndo fue declarada S\u00edmbolo Nacional de Guatemala? Ent\u00e9rate","og:url":"https:\/\/soymigrante.com\/revista\/simbolos-patrios-8-datos-de-la-monja-blanca-que-tal-vez-ya-conocias-o-quiza-no\/","og:image":"https:\/\/soymigrante.com\/revista\/wp-content\/uploads\/2023\/11\/archilarium-5-1.webp","og:image:secure_url":"https:\/\/soymigrante.com\/revista\/wp-content\/uploads\/2023\/11\/archilarium-5-1.webp","og:image:width":1440,"og:image:height":1440,"article:published_time":"2026-02-11T15:31:32+00:00","article:modified_time":"2026-02-11T15:35:28+00:00","article:publisher":"https:\/\/www.facebook.com\/soymigrantecom","twitter:card":"summary_large_image","twitter:site":"@SoyMigrante_com","twitter:title":"\u00bfPor qu\u00e9 el 11 de Febrero es D\u00eda de la Monja Blanca?","twitter:description":"\u00bfSab\u00edas que La Monja Blanca pr\u00e1cticamente se extingui\u00f3 por dos d\u00e9cadas? \u00bfC\u00f3mo volvi\u00f3 a la vida? \u00bfCu\u00e1ndo fue declarada S\u00edmbolo Nacional de Guatemala? Ent\u00e9rate","twitter:creator":"@SoyMigrante_com","twitter:image":"https:\/\/soymigrante.com\/revista\/wp-content\/uploads\/2023\/11\/archilarium-5-1.webp"},"aioseo_meta_data":{"post_id":"7094","title":"Guatemala hace 100 a\u00f1os. \u00bfQu\u00e9 ocurri\u00f3 y qu\u00e9 hab\u00eda?","description":"En 1924 surgi\u00f3 el Quetzal como moneda nacional de Guatemala. Muri\u00f3 el dictador Estrada Cabrera y m\u00e1s datos e im\u00e1genes que todo guatemalteco debe conocer.","keywords":null,"keyphrases":{"focus":{"keyphrase":"Guatemala","score":100,"analysis":{"keyphraseInTitle":{"score":9,"maxScore":9,"error":0},"keyphraseInDescription":{"score":9,"maxScore":9,"error":0},"keyphraseLength":{"score":9,"maxScore":9,"error":0,"length":1},"keyphraseInURL":{"score":5,"maxScore":5,"error":0},"keyphraseInIntroduction":{"score":9,"maxScore":9,"error":0},"keyphraseInSubHeadings":{"score":9,"maxScore":9,"error":0},"keyphraseInImageAlt":{"score":9,"maxScore":9,"error":0},"keywordDensity":{"type":"best","score":9,"maxScore":9,"error":0}}},"additional":[{"keyphrase":"Historia","score":53,"analysis":{"keyphraseInDescription":{"score":3,"maxScore":9,"error":1},"keyphraseLength":{"score":9,"maxScore":9,"error":0,"length":1},"keyphraseInIntroduction":{"score":3,"maxScore":9,"error":1},"keyphraseInImageAlt":{"score":9,"maxScore":9,"error":0},"keywordDensity":{"score":0,"type":"low","maxScore":9,"error":1}}}]},"primary_term":null,"canonical_url":null,"og_title":null,"og_description":null,"og_object_type":"default","og_image_type":"default","og_image_url":null,"og_image_width":null,"og_image_height":null,"og_image_custom_url":null,"og_image_custom_fields":null,"og_video":"","og_custom_url":null,"og_article_section":null,"og_article_tags":null,"twitter_use_og":false,"twitter_card":"default","twitter_image_type":"default","twitter_image_url":null,"twitter_image_custom_url":null,"twitter_image_custom_fields":null,"twitter_title":null,"twitter_description":null,"schema":{"blockGraphs":[],"customGraphs":[],"default":{"data":{"Article":[],"Course":[],"Dataset":[],"FAQPage":[],"Movie":[],"Person":[],"Product":[],"ProductReview":[],"Car":[],"Recipe":[],"Service":[],"SoftwareApplication":[],"WebPage":[]},"graphName":"Article","isEnabled":true},"graphs":[]},"schema_type":"default","schema_type_options":null,"pillar_content":false,"robots_default":true,"robots_noindex":false,"robots_noarchive":false,"robots_nosnippet":false,"robots_nofollow":false,"robots_noimageindex":false,"robots_noodp":false,"robots_notranslate":false,"robots_max_snippet":"-1","robots_max_videopreview":"-1","robots_max_imagepreview":"large","priority":null,"frequency":"default","local_seo":null,"seo_analyzer_scan_date":"2025-10-08 22:09:33","breadcrumb_settings":null,"limit_modified_date":false,"reviewed_by":null,"open_ai":"{\"title\":{\"suggestions\":[],\"usage\":0},\"description\":{\"suggestions\":[],\"usage\":0}}","ai":null,"created":"2024-06-22 20:37:38","updated":"2026-02-04 12:05:30"},"aioseo_breadcrumb":"<div class=\"aioseo-breadcrumbs\"><span class=\"aioseo-breadcrumb\">\n\t<a href=\"https:\/\/soymigrante.com\/revista\" title=\"Home\">Home<\/a>\n<\/span><span class=\"aioseo-breadcrumb-separator\">\u00bb<\/span><span class=\"aioseo-breadcrumb\">\n\t<a href=\"https:\/\/soymigrante.com\/revista\/category\/guate-nuestra\/\" title=\"Guate Nuestra\">Guate Nuestra<\/a>\n<\/span><span class=\"aioseo-breadcrumb-separator\">\u00bb<\/span><span class=\"aioseo-breadcrumb\">\n\tGuatemala hace 100 a\u00f1os: im\u00e1genes y hechos que quiz\u00e1  conoc\u00edas o tal vez no\n<\/span><\/div>","aioseo_breadcrumb_json":[{"label":"Home","link":"https:\/\/soymigrante.com\/revista"},{"label":"Guate Nuestra","link":"https:\/\/soymigrante.com\/revista\/category\/guate-nuestra\/"},{"label":"Guatemala hace 100 a\u00f1os: im\u00e1genes y hechos que quiz\u00e1  conoc\u00edas o tal vez no","link":"https:\/\/soymigrante.com\/revista\/guatemala-hace-100-anos-imagenes-y-hechos-que-quiza-sabias-o-tal-vez-no\/"}],"_links":{"self":[{"href":"https:\/\/soymigrante.com\/revista\/wp-json\/wp\/v2\/posts\/7094","targetHints":{"allow":["GET"]}}],"collection":[{"href":"https:\/\/soymigrante.com\/revista\/wp-json\/wp\/v2\/posts"}],"about":[{"href":"https:\/\/soymigrante.com\/revista\/wp-json\/wp\/v2\/types\/post"}],"author":[{"embeddable":true,"href":"https:\/\/soymigrante.com\/revista\/wp-json\/wp\/v2\/users\/7"}],"replies":[{"embeddable":true,"href":"https:\/\/soymigrante.com\/revista\/wp-json\/wp\/v2\/comments?post=7094"}],"version-history":[{"count":0,"href":"https:\/\/soymigrante.com\/revista\/wp-json\/wp\/v2\/posts\/7094\/revisions"}],"wp:featuredmedia":[{"embeddable":true,"href":"https:\/\/soymigrante.com\/revista\/wp-json\/wp\/v2\/media\/7148"}],"wp:attachment":[{"href":"https:\/\/soymigrante.com\/revista\/wp-json\/wp\/v2\/media?parent=7094"}],"wp:term":[{"taxonomy":"category","embeddable":true,"href":"https:\/\/soymigrante.com\/revista\/wp-json\/wp\/v2\/categories?post=7094"},{"taxonomy":"post_tag","embeddable":true,"href":"https:\/\/soymigrante.com\/revista\/wp-json\/wp\/v2\/tags?post=7094"}],"curies":[{"name":"wp","href":"https:\/\/api.w.org\/{rel}","templated":true}]}}