{"id":7080,"date":"2024-07-03T17:41:06","date_gmt":"2024-07-03T23:41:06","guid":{"rendered":"https:\/\/soymigrante.com\/revista\/?p=7080"},"modified":"2025-06-21T13:44:21","modified_gmt":"2025-06-21T19:44:21","slug":"recetas-chapinas-el-siempre-exquisito-pollo-en-crema","status":"publish","type":"post","link":"https:\/\/soymigrante.com\/revista\/recetas-chapinas-el-siempre-exquisito-pollo-en-crema\/","title":{"rendered":"Delicia chapina: el siempre exquisito pollo en crema"},"content":{"rendered":"\t\t<div data-elementor-type=\"wp-post\" data-elementor-id=\"7080\" class=\"elementor elementor-7080\" data-elementor-post-type=\"post\">\n\t\t\t\t\t\t<section data-particle_enable=\"false\" data-particle-mobile-disabled=\"false\" class=\"elementor-section elementor-top-section elementor-element elementor-element-eced6bc elementor-section-boxed elementor-section-height-default elementor-section-height-default\" data-id=\"eced6bc\" data-element_type=\"section\" data-e-type=\"section\">\n\t\t\t\t\t\t<div class=\"elementor-container elementor-column-gap-default\">\n\t\t\t\t\t<div class=\"elementor-column elementor-col-100 elementor-top-column elementor-element elementor-element-b853413\" data-id=\"b853413\" data-element_type=\"column\" data-e-type=\"column\">\n\t\t\t<div class=\"elementor-widget-wrap elementor-element-populated\">\n\t\t\t\t\t\t<div class=\"elementor-element elementor-element-f9e5676 elementor-widget elementor-widget-heading\" data-id=\"f9e5676\" data-element_type=\"widget\" data-e-type=\"widget\" data-widget_type=\"heading.default\">\n\t\t\t\t\t<h2 class=\"elementor-heading-title elementor-size-default\">El pollo en crema es de los platillos m\u00e1s ricos de Guatemala y a la vez de los m\u00e1s f\u00e1ciles de preparar. Su sabor, aspecto y olor abren el apetito, y mucho m\u00e1s cuando se trata de  la receta de una abuelita chapina.<\/h2>\t\t\t\t<\/div>\n\t\t\t\t\t<\/div>\n\t\t<\/div>\n\t\t\t\t\t<\/div>\n\t\t<\/section>\n\t\t\t\t<section data-particle_enable=\"false\" data-particle-mobile-disabled=\"false\" class=\"elementor-section elementor-top-section elementor-element elementor-element-44ecbc9 elementor-section-boxed elementor-section-height-default elementor-section-height-default\" data-id=\"44ecbc9\" data-element_type=\"section\" data-e-type=\"section\">\n\t\t\t\t\t\t<div class=\"elementor-container elementor-column-gap-default\">\n\t\t\t\t\t<div class=\"elementor-column elementor-col-100 elementor-top-column elementor-element elementor-element-ed2514a\" data-id=\"ed2514a\" data-element_type=\"column\" data-e-type=\"column\">\n\t\t\t<div class=\"elementor-widget-wrap elementor-element-populated\">\n\t\t\t\t\t\t<div class=\"elementor-element elementor-element-e2ff31f elementor-widget elementor-widget-text-editor\" data-id=\"e2ff31f\" data-element_type=\"widget\" data-e-type=\"widget\" data-widget_type=\"text-editor.default\">\n\t\t\t\t\t\t\t\t\t<p>Las abuelitas guatemaltecas tienen la peculiaridad de cocinar rico, tienen una saz\u00f3n que es delicioso y a trav\u00e9s de la comida consienten a sus seres queridos.\u00a0<\/p><p><span style=\"color: var( --e-global-color-text );\">El pollo en crema es de los platillos m\u00e1s apetecibles, no solo por su f\u00e1cil preparaci\u00f3n, sino porque no es uno que econ\u00f3micamente cueste tanto.\u00a0<\/span><\/p><p><span style=\"color: var( --e-global-color-text );\">Este es un platillo que se consume mayormente en el oriente del pa\u00eds que es reconocido por su crema, queso y leche, con este conjunto de ingredientes se hace un rico almuerzo.\u00a0<\/span><\/p><p><span style=\"color: var( --e-global-color-text );\">Su receta fue brindada por la chef Ana Estrada, quien asegur\u00f3 que con esta cantidad de ingredientes sirve para dos personas.\u00a0<\/span><\/p><div>\u00a0<\/div>\t\t\t\t\t\t\t\t<\/div>\n\t\t\t\t\t<\/div>\n\t\t<\/div>\n\t\t\t\t\t<\/div>\n\t\t<\/section>\n\t\t<div data-particle_enable=\"false\" data-particle-mobile-disabled=\"false\" class=\"elementor-element elementor-element-99efb0d e-flex e-con-boxed e-con e-parent\" data-id=\"99efb0d\" data-element_type=\"container\" data-e-type=\"container\">\n\t\t\t\t\t<div class=\"e-con-inner\">\n\t\t\t\t<div class=\"elementor-element elementor-element-67f4c2d elementor-widget elementor-widget-video\" data-id=\"67f4c2d\" data-element_type=\"widget\" data-e-type=\"widget\" data-settings=\"{&quot;youtube_url&quot;:&quot;https:\\\/\\\/www.youtube.com\\\/watch?v=-VrHqhB6F14&quot;,&quot;video_type&quot;:&quot;youtube&quot;,&quot;controls&quot;:&quot;yes&quot;}\" data-widget_type=\"video.default\">\n\t\t\t\t\t\t\t<div class=\"elementor-wrapper elementor-open-inline\">\n\t\t\t<div class=\"elementor-video\"><\/div>\t\t<\/div>\n\t\t\t\t\t\t<\/div>\n\t\t\t\t\t<\/div>\n\t\t\t\t<\/div>\n\t\t\t\t<section data-particle_enable=\"false\" data-particle-mobile-disabled=\"false\" class=\"elementor-section elementor-top-section elementor-element elementor-element-3f4f985 elementor-section-boxed elementor-section-height-default elementor-section-height-default\" data-id=\"3f4f985\" data-element_type=\"section\" data-e-type=\"section\">\n\t\t\t\t\t\t<div class=\"elementor-container elementor-column-gap-default\">\n\t\t\t\t\t<div class=\"elementor-column elementor-col-100 elementor-top-column elementor-element elementor-element-02dbe3b\" data-id=\"02dbe3b\" data-element_type=\"column\" data-e-type=\"column\">\n\t\t\t<div class=\"elementor-widget-wrap elementor-element-populated\">\n\t\t\t\t\t\t<div class=\"elementor-element elementor-element-501d14d elementor-widget elementor-widget-heading\" data-id=\"501d14d\" data-element_type=\"widget\" data-e-type=\"widget\" data-widget_type=\"heading.default\">\n\t\t\t\t\t<h3 class=\"elementor-heading-title elementor-size-default\">Receta del pollo en crema guatemalteco <\/h3>\t\t\t\t<\/div>\n\t\t\t\t\t<\/div>\n\t\t<\/div>\n\t\t\t\t\t<\/div>\n\t\t<\/section>\n\t\t\t\t<section data-particle_enable=\"false\" data-particle-mobile-disabled=\"false\" class=\"elementor-section elementor-top-section elementor-element elementor-element-2d16c48 elementor-section-boxed elementor-section-height-default elementor-section-height-default\" data-id=\"2d16c48\" data-element_type=\"section\" data-e-type=\"section\">\n\t\t\t\t\t\t<div class=\"elementor-container elementor-column-gap-default\">\n\t\t\t\t\t<div class=\"elementor-column elementor-col-100 elementor-top-column elementor-element elementor-element-5f950c4\" data-id=\"5f950c4\" data-element_type=\"column\" data-e-type=\"column\">\n\t\t\t<div class=\"elementor-widget-wrap elementor-element-populated\">\n\t\t\t\t\t\t<div class=\"elementor-element elementor-element-87e6e1d elementor-widget elementor-widget-text-editor\" data-id=\"87e6e1d\" data-element_type=\"widget\" data-e-type=\"widget\" data-widget_type=\"text-editor.default\">\n\t\t\t\t\t\t\t\t\t<p>El pollo en crema se tardar\u00e1 en preparar en alrededor de una hora, pero se debe estar pendiente para que no se quemen los ingredientes.\u00a0<\/p><div>\u00a0<\/div>\t\t\t\t\t\t\t\t<\/div>\n\t\t\t\t\t<\/div>\n\t\t<\/div>\n\t\t\t\t\t<\/div>\n\t\t<\/section>\n\t\t\t\t<section data-particle_enable=\"false\" data-particle-mobile-disabled=\"false\" class=\"elementor-section elementor-top-section elementor-element elementor-element-dbcdbcd elementor-section-boxed elementor-section-height-default elementor-section-height-default\" data-id=\"dbcdbcd\" data-element_type=\"section\" data-e-type=\"section\">\n\t\t\t\t\t\t<div class=\"elementor-container elementor-column-gap-default\">\n\t\t\t\t\t<div class=\"elementor-column elementor-col-100 elementor-top-column elementor-element elementor-element-3e3152c\" data-id=\"3e3152c\" data-element_type=\"column\" data-e-type=\"column\">\n\t\t\t<div class=\"elementor-widget-wrap elementor-element-populated\">\n\t\t\t\t\t\t<div class=\"elementor-element elementor-element-c42e485 elementor-widget elementor-widget-heading\" data-id=\"c42e485\" data-element_type=\"widget\" data-e-type=\"widget\" data-widget_type=\"heading.default\">\n\t\t\t\t\t<h3 class=\"elementor-heading-title elementor-size-default\">Ingredientes para pollo en crema guatemalteco <\/h3>\t\t\t\t<\/div>\n\t\t\t\t\t<\/div>\n\t\t<\/div>\n\t\t\t\t\t<\/div>\n\t\t<\/section>\n\t\t\t\t<section data-particle_enable=\"false\" data-particle-mobile-disabled=\"false\" class=\"elementor-section elementor-top-section elementor-element elementor-element-c1f353a elementor-section-boxed elementor-section-height-default elementor-section-height-default\" data-id=\"c1f353a\" data-element_type=\"section\" data-e-type=\"section\">\n\t\t\t\t\t\t<div class=\"elementor-container elementor-column-gap-default\">\n\t\t\t\t\t<div class=\"elementor-column elementor-col-100 elementor-top-column elementor-element elementor-element-b0dcc76\" data-id=\"b0dcc76\" data-element_type=\"column\" data-e-type=\"column\">\n\t\t\t<div class=\"elementor-widget-wrap elementor-element-populated\">\n\t\t\t\t\t\t<div class=\"elementor-element elementor-element-bbc3050 elementor-widget elementor-widget-text-editor\" data-id=\"bbc3050\" data-element_type=\"widget\" data-e-type=\"widget\" data-widget_type=\"text-editor.default\">\n\t\t\t\t\t\t\t\t\t<p>1 libra pollo\u00a0<\/p><p><span style=\"color: var( --e-global-color-text );\">1\/2 cebolla cortada en tiras finas<\/span><\/p><p>1\/4 de chile pimiento rojo cortado en tiras finas<\/p><p>1 vaso crema l\u00e1ctea<\/p><p>Cilantro al gusto finamente picado<\/p><p>Consom\u00e9 de pollo<\/p><p>Sal<\/p><p>1 papa tama\u00f1o mediano cortada en rodajas<\/p><p>1\/2 zanahoria cortada en rodajas<\/p>\t\t\t\t\t\t\t\t<\/div>\n\t\t\t\t\t<\/div>\n\t\t<\/div>\n\t\t\t\t\t<\/div>\n\t\t<\/section>\n\t\t\t\t<section data-particle_enable=\"false\" data-particle-mobile-disabled=\"false\" class=\"elementor-section elementor-top-section elementor-element elementor-element-ad794f3 elementor-section-boxed elementor-section-height-default elementor-section-height-default\" data-id=\"ad794f3\" data-element_type=\"section\" data-e-type=\"section\">\n\t\t\t\t\t\t<div class=\"elementor-container elementor-column-gap-default\">\n\t\t\t\t\t<div class=\"elementor-column elementor-col-100 elementor-top-column elementor-element elementor-element-0a59f63\" data-id=\"0a59f63\" data-element_type=\"column\" data-e-type=\"column\">\n\t\t\t<div class=\"elementor-widget-wrap elementor-element-populated\">\n\t\t\t\t\t\t<div class=\"elementor-element elementor-element-895f58f elementor-widget elementor-widget-heading\" data-id=\"895f58f\" data-element_type=\"widget\" data-e-type=\"widget\" data-widget_type=\"heading.default\">\n\t\t\t\t\t<h3 class=\"elementor-heading-title elementor-size-default\">Preparaci\u00f3n para la receta del pollo en crema guatemalteco <\/h3>\t\t\t\t<\/div>\n\t\t\t\t\t<\/div>\n\t\t<\/div>\n\t\t\t\t\t<\/div>\n\t\t<\/section>\n\t\t\t\t<section data-particle_enable=\"false\" data-particle-mobile-disabled=\"false\" class=\"elementor-section elementor-top-section elementor-element elementor-element-f2da210 elementor-section-boxed elementor-section-height-default elementor-section-height-default\" data-id=\"f2da210\" data-element_type=\"section\" data-e-type=\"section\">\n\t\t\t\t\t\t<div class=\"elementor-container elementor-column-gap-default\">\n\t\t\t\t\t<div class=\"elementor-column elementor-col-100 elementor-top-column elementor-element elementor-element-da39154\" data-id=\"da39154\" data-element_type=\"column\" data-e-type=\"column\">\n\t\t\t<div class=\"elementor-widget-wrap elementor-element-populated\">\n\t\t\t\t\t\t<div class=\"elementor-element elementor-element-00740b1 elementor-widget elementor-widget-text-editor\" data-id=\"00740b1\" data-element_type=\"widget\" data-e-type=\"widget\" data-widget_type=\"text-editor.default\">\n\t\t\t\t\t\t\t\t\t<p>Colocar en una olla con agua el pollo, a\u00f1adiendo sal al gusto y dejar cocinar.<\/p><p><span style=\"color: var( --e-global-color-text );\">Cuando est\u00e9 hirviendo el agua, colocar consom\u00e9 de pollo en polvo al gusto, el cilantro, y revolver dejando cocer.\u00a0<\/span><\/p><p><span style=\"color: var( --e-global-color-text );\">Se debe probar con una cuchara para que no se pase de salado. En este paso tambi\u00e9n agregamos la papa y la zanahoria. Hay que tomar en cuenta que deber\u00e1s retirar cualquiera de los ingredientes de este paso cuando alguno de ellos ya est\u00e9 blando.<\/span><\/p><p><span style=\"color: var( --e-global-color-text );\">Cuando ya est\u00e9n cocidos el pollo, la papa y la zanahoria hay que retirarlos del agua. Muy importante reservar 1 \u00bd taza de caldo donde fue cocido el pollo, porque servir\u00e1 despu\u00e9s.<\/span><\/p><p><span style=\"color: var( --e-global-color-text );\">En un sart\u00e9n con aceite caliente debemos agregar la cebolla y chile picados, y sofre\u00edr. Cuando estos est\u00e9n suavizados, agregar el pollo y dejar cocinar hasta que el pollo est\u00e9 dorado.<\/span><\/p><p><span style=\"color: var( --e-global-color-text );\">Luego agregar el caldo de pollo que reservamos y dejar cocinar por aproximadamente unos 5 minutos m\u00e1s.<\/span><\/p><p><span style=\"color: var( --e-global-color-text );\">Por \u00faltimo, a\u00f1adir el vaso de crema junto a la papa y zanahoria; y mezclar muy bien hasta observar la crema disuelta. Dejar cocinar el pollo con la crema durante 10 minutos a fuego bajo.<\/span><\/p><p><span style=\"color: var( --e-global-color-text );\">Importante: el nivel de espesor lo puedes manejar usando m\u00e1s crema (m\u00e1s espeso) o m\u00e1s caldito para m\u00e1s liviano.\u00a0<\/span><\/p><p><span style=\"color: var( --e-global-color-text );\">Sirve de inmediato junto a un arroz blanco y unas tortillas reci\u00e9n salidas del comal.\u00a0<\/span><\/p>\t\t\t\t\t\t\t\t<\/div>\n\t\t\t\t\t<\/div>\n\t\t<\/div>\n\t\t\t\t\t<\/div>\n\t\t<\/section>\n\t\t<div data-particle_enable=\"false\" data-particle-mobile-disabled=\"false\" class=\"elementor-element elementor-element-7aea425 e-flex e-con-boxed e-con e-parent\" data-id=\"7aea425\" data-element_type=\"container\" data-e-type=\"container\">\n\t\t\t\t\t<div class=\"e-con-inner\">\n\t\t\t\t<div class=\"elementor-element elementor-element-a3d472f elementor-grid-eael-col-3 elementor-grid-tablet-eael-col-2 elementor-grid-mobile-eael-col-1 elementor-widget elementor-widget-eael-post-grid\" data-id=\"a3d472f\" data-element_type=\"widget\" data-e-type=\"widget\" data-settings=\"{&quot;eael_post_grid_columns&quot;:&quot;eael-col-3&quot;,&quot;eael_post_grid_columns_tablet&quot;:&quot;eael-col-2&quot;,&quot;eael_post_grid_columns_mobile&quot;:&quot;eael-col-1&quot;}\" data-widget_type=\"eael-post-grid.default\">\n\t\t\t\t\t<div id=\"eael-post-grid-a3d472f\" class=\"eael-post-grid-container\">\n            <div class=\"eael-post-grid eael-post-appender eael-post-appender-a3d472f eael-post-grid-style-one\" data-layout-mode=\"masonry\"><article class=\"eael-grid-post  eael-post-grid-column eael-pg-post-6251 category-recetas-guatemaltecas\" data-id=\"6251\">\n        <div class=\"eael-grid-post-holder\">\n            <div class=\"eael-grid-post-holder-inner\"><div class=\"eael-entry-media\"><div class=\"eael-entry-overlay fade-in\"><i class=\"fas fa-long-arrow-alt-right\" aria-hidden=\"true\"><\/i><a href=\"https:\/\/soymigrante.com\/revista\/recetas-chapinas-pepian-quetzalteco-receta-tradicional-2\/\"><\/a><\/div><div class=\"eael-entry-thumbnail \">\n                <img fetchpriority=\"high\" decoding=\"async\" width=\"300\" height=\"225\" src=\"https:\/\/soymigrante.com\/revista\/wp-content\/uploads\/2024\/05\/Ajonjoli-miltomate-y-pepitoria-son-algunos-ingredientes-del-pepian-quetzalteco-300x225.webp\" class=\"attachment-medium size-medium wp-image-6253\" alt=\"Gracias por la imagen y el contexto. Aqu\u00ed tienes los textos SEO solicitados:.\" srcset=\"https:\/\/soymigrante.com\/revista\/wp-content\/uploads\/2024\/05\/Ajonjoli-miltomate-y-pepitoria-son-algunos-ingredientes-del-pepian-quetzalteco-300x225.webp 300w, https:\/\/soymigrante.com\/revista\/wp-content\/uploads\/2024\/05\/Ajonjoli-miltomate-y-pepitoria-son-algunos-ingredientes-del-pepian-quetzalteco-768x576.webp 768w, https:\/\/soymigrante.com\/revista\/wp-content\/uploads\/2024\/05\/Ajonjoli-miltomate-y-pepitoria-son-algunos-ingredientes-del-pepian-quetzalteco-750x563.jpg 750w, https:\/\/soymigrante.com\/revista\/wp-content\/uploads\/2024\/05\/Ajonjoli-miltomate-y-pepitoria-son-algunos-ingredientes-del-pepian-quetzalteco.webp 960w\" sizes=\"(max-width: 300px) 100vw, 300px\" \/>\n            <\/div>\n        <\/div><div class=\"eael-entry-wrapper\"><header class=\"eael-entry-header\"><h2 class=\"eael-entry-title\"><a class=\"eael-grid-post-link\" href=\"https:\/\/soymigrante.com\/revista\/recetas-chapinas-pepian-quetzalteco-receta-tradicional-2\/\" title=\"Recetas chapinas: pepi\u00e1n quetzalteco es delicia ceremonial\">Recetas chapinas: pepi\u00e1n quetzalteco es delicia ceremonial<\/a><\/h2><\/header><div class=\"eael-entry-content\">\n                        <div class=\"eael-grid-post-excerpt\"><p>El pepi\u00e1n es una joya de la gastronom\u00eda guatemalteca. Surgi\u00f3...<\/p><a href=\"https:\/\/soymigrante.com\/revista\/recetas-chapinas-pepian-quetzalteco-receta-tradicional-2\/\" class=\"eael-post-elements-readmore-btn\">Read More<\/a><\/div>\n                    <\/div><div class=\"eael-entry-footer\"><div class=\"eael-author-avatar\"><a href=\"https:\/\/soymigrante.com\/revista\/author\/mynor-toc\/\"><img alt='Mynor Toc' src='https:\/\/soymigrante.com\/revista\/wp-content\/uploads\/2024\/02\/toqui-300x300.webp' srcset='https:\/\/soymigrante.com\/revista\/wp-content\/uploads\/2024\/02\/toqui-300x300.webp 300w, https:\/\/soymigrante.com\/revista\/wp-content\/uploads\/2024\/02\/toqui-150x150.webp 150w, https:\/\/soymigrante.com\/revista\/wp-content\/uploads\/2024\/02\/toqui-75x75.webp 75w, https:\/\/soymigrante.com\/revista\/wp-content\/uploads\/2024\/02\/toqui-600x600.webp 600w, https:\/\/soymigrante.com\/revista\/wp-content\/uploads\/2024\/02\/toqui.webp 689w' class='avatar avatar-96 photo' height='96' width='96' \/><\/a><\/div><div class=\"eael-entry-meta\"><span class=\"eael-posted-by\"><a href=\"https:\/\/soymigrante.com\/revista\/author\/mynor-toc\/\" title=\"Entradas de Mynor Toc\" rel=\"author\">Mynor Toc<\/a><\/span><span class=\"eael-posted-on\"><time datetime=\"06\/05\/2024\">06\/05\/2024<\/time><\/span><\/div><\/div><\/div><\/div>\n        <\/div>\n    <\/article><article class=\"eael-grid-post  eael-post-grid-column eael-pg-post-6078 category-recetas-guatemaltecas\" data-id=\"6078\">\n        <div class=\"eael-grid-post-holder\">\n            <div class=\"eael-grid-post-holder-inner\"><div class=\"eael-entry-media\"><div class=\"eael-entry-overlay fade-in\"><i class=\"fas fa-long-arrow-alt-right\" aria-hidden=\"true\"><\/i><a href=\"https:\/\/soymigrante.com\/revista\/recetas-chapinas-rellenitos-guatemaltecos-son-un-antojito-irresistible\/\"><\/a><\/div><div class=\"eael-entry-thumbnail \">\n                <img decoding=\"async\" width=\"300\" height=\"137\" src=\"https:\/\/soymigrante.com\/revista\/wp-content\/uploads\/2024\/04\/Receta-de-rellenitos-guatemaltecos-un-delicioso-antojito-chapin-300x137.webp\" class=\"attachment-medium size-medium wp-image-6080\" alt=\"H directory.png.\" srcset=\"https:\/\/soymigrante.com\/revista\/wp-content\/uploads\/2024\/04\/Receta-de-rellenitos-guatemaltecos-un-delicioso-antojito-chapin-300x137.webp 300w, https:\/\/soymigrante.com\/revista\/wp-content\/uploads\/2024\/04\/Receta-de-rellenitos-guatemaltecos-un-delicioso-antojito-chapin-1024x468.webp 1024w, https:\/\/soymigrante.com\/revista\/wp-content\/uploads\/2024\/04\/Receta-de-rellenitos-guatemaltecos-un-delicioso-antojito-chapin-768x351.webp 768w, https:\/\/soymigrante.com\/revista\/wp-content\/uploads\/2024\/04\/Receta-de-rellenitos-guatemaltecos-un-delicioso-antojito-chapin-750x343.webp 750w, https:\/\/soymigrante.com\/revista\/wp-content\/uploads\/2024\/04\/Receta-de-rellenitos-guatemaltecos-un-delicioso-antojito-chapin-1140x521.webp 1140w, https:\/\/soymigrante.com\/revista\/wp-content\/uploads\/2024\/04\/Receta-de-rellenitos-guatemaltecos-un-delicioso-antojito-chapin.webp 1284w\" sizes=\"(max-width: 300px) 100vw, 300px\" \/>\n            <\/div>\n        <\/div><div class=\"eael-entry-wrapper\"><header class=\"eael-entry-header\"><h2 class=\"eael-entry-title\"><a class=\"eael-grid-post-link\" href=\"https:\/\/soymigrante.com\/revista\/recetas-chapinas-rellenitos-guatemaltecos-son-un-antojito-irresistible\/\" title=\"Recetas chapinas: Rellenitos guatemaltecos son un antojito irresistible\">Recetas chapinas: Rellenitos guatemaltecos son un antojito irresistible<\/a><\/h2><\/header><div class=\"eael-entry-content\">\n                        <div class=\"eael-grid-post-excerpt\"><p>El rellenito de pl\u00e1tano forma parte de la rica gastronom\u00eda...<\/p><a href=\"https:\/\/soymigrante.com\/revista\/recetas-chapinas-rellenitos-guatemaltecos-son-un-antojito-irresistible\/\" class=\"eael-post-elements-readmore-btn\">Read More<\/a><\/div>\n                    <\/div><div class=\"eael-entry-footer\"><div class=\"eael-author-avatar\"><a href=\"https:\/\/soymigrante.com\/revista\/author\/mynor-toc\/\"><img alt='Mynor Toc' src='https:\/\/soymigrante.com\/revista\/wp-content\/uploads\/2024\/02\/toqui-300x300.webp' srcset='https:\/\/soymigrante.com\/revista\/wp-content\/uploads\/2024\/02\/toqui-300x300.webp 300w, https:\/\/soymigrante.com\/revista\/wp-content\/uploads\/2024\/02\/toqui-150x150.webp 150w, https:\/\/soymigrante.com\/revista\/wp-content\/uploads\/2024\/02\/toqui-75x75.webp 75w, https:\/\/soymigrante.com\/revista\/wp-content\/uploads\/2024\/02\/toqui-600x600.webp 600w, https:\/\/soymigrante.com\/revista\/wp-content\/uploads\/2024\/02\/toqui.webp 689w' class='avatar avatar-96 photo' height='96' width='96' \/><\/a><\/div><div class=\"eael-entry-meta\"><span class=\"eael-posted-by\"><a href=\"https:\/\/soymigrante.com\/revista\/author\/mynor-toc\/\" title=\"Entradas de Mynor Toc\" rel=\"author\">Mynor Toc<\/a><\/span><span class=\"eael-posted-on\"><time datetime=\"29\/04\/2024\">29\/04\/2024<\/time><\/span><\/div><\/div><\/div><\/div>\n        <\/div>\n    <\/article><article class=\"eael-grid-post  eael-post-grid-column eael-pg-post-6168 category-recetas-guatemaltecas\" data-id=\"6168\">\n        <div class=\"eael-grid-post-holder\">\n            <div class=\"eael-grid-post-holder-inner\"><div class=\"eael-entry-media\"><div class=\"eael-entry-overlay fade-in\"><i class=\"fas fa-long-arrow-alt-right\" aria-hidden=\"true\"><\/i><a href=\"https:\/\/soymigrante.com\/revista\/recetas-chapinas-caldo-de-res-al-estilo-guatemalteco\/\"><\/a><\/div><div class=\"eael-entry-thumbnail \">\n                <img decoding=\"async\" width=\"300\" height=\"200\" src=\"https:\/\/soymigrante.com\/revista\/wp-content\/uploads\/2024\/04\/Receta-chapina-caldo-de-res-al-estilo-guatemalteco_-300x200.webp\" class=\"attachment-medium size-medium wp-image-6170\" alt=\"Receta chapina caldo de res al estilo guatemalteco. Caldo de verduras, sopa nutritiva y saludable con zanahorias, pasta y hierbas frescas en una taza artesanal.\" srcset=\"https:\/\/soymigrante.com\/revista\/wp-content\/uploads\/2024\/04\/Receta-chapina-caldo-de-res-al-estilo-guatemalteco_-300x200.webp 300w, https:\/\/soymigrante.com\/revista\/wp-content\/uploads\/2024\/04\/Receta-chapina-caldo-de-res-al-estilo-guatemalteco_-1024x682.webp 1024w, https:\/\/soymigrante.com\/revista\/wp-content\/uploads\/2024\/04\/Receta-chapina-caldo-de-res-al-estilo-guatemalteco_-768x512.webp 768w, https:\/\/soymigrante.com\/revista\/wp-content\/uploads\/2024\/04\/Receta-chapina-caldo-de-res-al-estilo-guatemalteco_-750x500.webp 750w, https:\/\/soymigrante.com\/revista\/wp-content\/uploads\/2024\/04\/Receta-chapina-caldo-de-res-al-estilo-guatemalteco_-1140x760.webp 1140w, https:\/\/soymigrante.com\/revista\/wp-content\/uploads\/2024\/04\/Receta-chapina-caldo-de-res-al-estilo-guatemalteco_-600x400.webp 600w, https:\/\/soymigrante.com\/revista\/wp-content\/uploads\/2024\/04\/Receta-chapina-caldo-de-res-al-estilo-guatemalteco_.webp 1280w\" sizes=\"(max-width: 300px) 100vw, 300px\" \/>\n            <\/div>\n        <\/div><div class=\"eael-entry-wrapper\"><header class=\"eael-entry-header\"><h2 class=\"eael-entry-title\"><a class=\"eael-grid-post-link\" href=\"https:\/\/soymigrante.com\/revista\/recetas-chapinas-caldo-de-res-al-estilo-guatemalteco\/\" title=\"Recetas chapinas: Cocido o caldo de res al estilo guatemalteco. \u00bfQu\u00e9 carne lleva?\">Recetas chapinas: Cocido o caldo de res al estilo guatemalteco. \u00bfQu\u00e9 carne lleva?<\/a><\/h2><\/header><div class=\"eael-entry-content\">\n                        <div class=\"eael-grid-post-excerpt\"><p>El caldo de res guatemalteco, tambi\u00e9n llamado cocido,es sabroso y...<\/p><a href=\"https:\/\/soymigrante.com\/revista\/recetas-chapinas-caldo-de-res-al-estilo-guatemalteco\/\" class=\"eael-post-elements-readmore-btn\">Read More<\/a><\/div>\n                    <\/div><div class=\"eael-entry-footer\"><div class=\"eael-author-avatar\"><a href=\"https:\/\/soymigrante.com\/revista\/author\/mynor-toc\/\"><img alt='Mynor Toc' src='https:\/\/soymigrante.com\/revista\/wp-content\/uploads\/2024\/02\/toqui-300x300.webp' srcset='https:\/\/soymigrante.com\/revista\/wp-content\/uploads\/2024\/02\/toqui-300x300.webp 300w, https:\/\/soymigrante.com\/revista\/wp-content\/uploads\/2024\/02\/toqui-150x150.webp 150w, https:\/\/soymigrante.com\/revista\/wp-content\/uploads\/2024\/02\/toqui-75x75.webp 75w, https:\/\/soymigrante.com\/revista\/wp-content\/uploads\/2024\/02\/toqui-600x600.webp 600w, https:\/\/soymigrante.com\/revista\/wp-content\/uploads\/2024\/02\/toqui.webp 689w' class='avatar avatar-96 photo' height='96' width='96' \/><\/a><\/div><div class=\"eael-entry-meta\"><span class=\"eael-posted-by\"><a href=\"https:\/\/soymigrante.com\/revista\/author\/mynor-toc\/\" title=\"Entradas de Mynor Toc\" rel=\"author\">Mynor Toc<\/a><\/span><span class=\"eael-posted-on\"><time datetime=\"26\/04\/2024\">26\/04\/2024<\/time><\/span><\/div><\/div><\/div><\/div>\n        <\/div>\n    <\/article><\/div>\n            <div class=\"clearfix\"><\/div>\n        <\/div>\t\t\t\t<\/div>\n\t\t\t\t\t<\/div>\n\t\t\t\t<\/div>\n\t\t\t\t<\/div>\n\t\t","protected":false},"excerpt":{"rendered":"<p>El pollo en crema es de los platillos m\u00e1s ricos de Guatemala y a la vez de los m\u00e1s f\u00e1ciles de preparar. Su sabor, aspecto y olor abren el apetito, y mucho m\u00e1s cuando se trata de la receta de una abuelita chapina. Las abuelitas guatemaltecas tienen la peculiaridad de cocinar rico, tienen una saz\u00f3n [&hellip;]<\/p>\n","protected":false},"author":19,"featured_media":7081,"comment_status":"open","ping_status":"open","sticky":false,"template":"","format":"standard","meta":{"_acf_changed":false,"_eb_attr":"","footnotes":""},"categories":[247],"tags":[],"class_list":["post-7080","post","type-post","status-publish","format-standard","has-post-thumbnail","hentry","category-recetas-guatemaltecas"],"acf":[],"aioseo_notices":[],"aioseo_head":"\n\t\t<!-- All in One SEO Pro 4.9.6.2 - aioseo.com -->\n\t<meta name=\"description\" content=\"El cocido de res es delicioso y nutritivo. La receta var\u00eda de acuerdo con la regi\u00f3n y el gusto familiar, pero ya es toda una tradici\u00f3n. \u00bfQu\u00e9 carne lleva?\" \/>\n\t<meta name=\"robots\" content=\"max-snippet:-1, max-image-preview:large, max-video-preview:-1\" \/>\n\t<meta name=\"author\" content=\"Mynor Toc\"\/>\n\t<link rel=\"canonical\" href=\"https:\/\/soymigrante.com\/revista\/recetas-chapinas-caldo-de-res-al-estilo-guatemalteco\/\" \/>\n\t<meta name=\"generator\" content=\"All in One SEO Pro (AIOSEO) 4.9.6.2\" \/>\n\n\t\t<link rel=\"preconnect\" href=\"https:\/\/fonts.googleapis.com\" crossorigin>\n<link rel=\"preconnect\" href=\"https:\/\/fonts.gstatic.com\" crossorigin>\n\t\t<meta property=\"og:locale\" content=\"es_ES\" \/>\n\t\t<meta property=\"og:site_name\" content=\"SoyMigrante.com REVISTA \u2013 Nuestra misi\u00f3n es reconocer y dignificar al migrante.\" \/>\n\t\t<meta property=\"og:type\" content=\"article\" \/>\n\t\t<meta property=\"og:title\" content=\"Recetas chapinas: cocido o caldo de res guatemalteco\" \/>\n\t\t<meta property=\"og:description\" content=\"El cocido de res es delicioso y nutritivo. La receta var\u00eda de acuerdo con la regi\u00f3n y el gusto familiar, pero ya es toda una tradici\u00f3n. \u00bfQu\u00e9 carne lleva?\" \/>\n\t\t<meta property=\"og:url\" content=\"https:\/\/soymigrante.com\/revista\/recetas-chapinas-caldo-de-res-al-estilo-guatemalteco\/\" \/>\n\t\t<meta property=\"og:image\" content=\"https:\/\/soymigrante.com\/revista\/wp-content\/uploads\/2024\/04\/Receta-chapina-caldo-de-res-al-estilo-guatemalteco_.webp\" \/>\n\t\t<meta property=\"og:image:secure_url\" content=\"https:\/\/soymigrante.com\/revista\/wp-content\/uploads\/2024\/04\/Receta-chapina-caldo-de-res-al-estilo-guatemalteco_.webp\" \/>\n\t\t<meta property=\"og:image:width\" content=\"1280\" \/>\n\t\t<meta property=\"og:image:height\" content=\"853\" \/>\n\t\t<meta property=\"article:published_time\" content=\"2024-04-26T16:32:03+00:00\" \/>\n\t\t<meta property=\"article:modified_time\" content=\"2025-09-15T23:31:36+00:00\" \/>\n\t\t<meta property=\"article:publisher\" content=\"https:\/\/www.facebook.com\/soymigrantecom\" \/>\n\t\t<meta name=\"twitter:card\" content=\"summary_large_image\" \/>\n\t\t<meta name=\"twitter:site\" content=\"@SoyMigrante_com\" \/>\n\t\t<meta name=\"twitter:title\" content=\"Recetas chapinas: cocido o caldo de res guatemalteco\" \/>\n\t\t<meta name=\"twitter:description\" content=\"El cocido de res es delicioso y nutritivo. La receta var\u00eda de acuerdo con la regi\u00f3n y el gusto familiar, pero ya es toda una tradici\u00f3n. \u00bfQu\u00e9 carne lleva?\" \/>\n\t\t<meta name=\"twitter:creator\" content=\"@SoyMigrante_com\" \/>\n\t\t<meta name=\"twitter:image\" content=\"https:\/\/soymigrante.com\/revista\/wp-content\/uploads\/2024\/04\/Receta-chapina-caldo-de-res-al-estilo-guatemalteco_.webp\" \/>\n\t\t<!-- All in One SEO Pro -->\r\n\t\t<title>Recetas chapinas: cocido o caldo de res guatemalteco<\/title>\n\n","aioseo_head_json":{"title":"Recetas chapinas: cocido o caldo de res guatemalteco","description":"El cocido de res es delicioso y nutritivo. La receta var\u00eda de acuerdo con la regi\u00f3n y el gusto familiar, pero ya es toda una tradici\u00f3n. \u00bfQu\u00e9 carne lleva?","canonical_url":"https:\/\/soymigrante.com\/revista\/recetas-chapinas-caldo-de-res-al-estilo-guatemalteco\/","robots":"max-snippet:-1, max-image-preview:large, max-video-preview:-1","keywords":"","webmasterTools":{"miscellaneous":"&lt;link rel=\"preconnect\" href=\"https:\/\/fonts.googleapis.com\" crossorigin&gt;\n&lt;link rel=\"preconnect\" href=\"https:\/\/fonts.gstatic.com\" crossorigin&gt;"},"schema":null,"og:locale":"es_ES","og:site_name":"SoyMigrante.com REVISTA \u2013 Nuestra misi\u00f3n es reconocer y dignificar al migrante.","og:type":"article","og:title":"Recetas chapinas: cocido o caldo de res guatemalteco","og:description":"El cocido de res es delicioso y nutritivo. La receta var\u00eda de acuerdo con la regi\u00f3n y el gusto familiar, pero ya es toda una tradici\u00f3n. \u00bfQu\u00e9 carne lleva?","og:url":"https:\/\/soymigrante.com\/revista\/recetas-chapinas-caldo-de-res-al-estilo-guatemalteco\/","og:image":"https:\/\/soymigrante.com\/revista\/wp-content\/uploads\/2024\/04\/Receta-chapina-caldo-de-res-al-estilo-guatemalteco_.webp","og:image:secure_url":"https:\/\/soymigrante.com\/revista\/wp-content\/uploads\/2024\/04\/Receta-chapina-caldo-de-res-al-estilo-guatemalteco_.webp","og:image:width":1280,"og:image:height":853,"article:published_time":"2024-04-26T16:32:03+00:00","article:modified_time":"2025-09-15T23:31:36+00:00","article:publisher":"https:\/\/www.facebook.com\/soymigrantecom","twitter:card":"summary_large_image","twitter:site":"@SoyMigrante_com","twitter:title":"Recetas chapinas: cocido o caldo de res guatemalteco","twitter:description":"El cocido de res es delicioso y nutritivo. La receta var\u00eda de acuerdo con la regi\u00f3n y el gusto familiar, pero ya es toda una tradici\u00f3n. \u00bfQu\u00e9 carne lleva?","twitter:creator":"@SoyMigrante_com","twitter:image":"https:\/\/soymigrante.com\/revista\/wp-content\/uploads\/2024\/04\/Receta-chapina-caldo-de-res-al-estilo-guatemalteco_.webp"},"aioseo_meta_data":{"post_id":"7080","title":null,"description":null,"keywords":null,"keyphrases":{"focus":{"keyphrase":"recetas chapinas","score":74,"analysis":{"keyphraseInTitle":{"score":3,"maxScore":9,"error":1},"keyphraseInDescription":{"score":9,"maxScore":9,"error":0},"keyphraseLength":{"score":9,"maxScore":9,"error":0,"length":2},"keyphraseInURL":{"score":5,"maxScore":5,"error":0},"keyphraseInIntroduction":{"score":3,"maxScore":9,"error":1},"keyphraseInSubHeadings":{"score":9,"maxScore":9,"error":0},"keyphraseInImageAlt":{"score":3,"maxScore":9,"error":1},"keywordDensity":{"type":"best","score":9,"maxScore":9,"error":0}}},"additional":[{"keyphrase":"pollo en crema","score":73,"analysis":{"keyphraseInDescription":{"score":9,"maxScore":9,"error":0},"keyphraseLength":{"score":9,"maxScore":9,"error":0,"length":3},"keyphraseInIntroduction":{"score":3,"maxScore":9,"error":1},"keyphraseInImageAlt":{"score":3,"maxScore":9,"error":1},"keywordDensity":{"type":"best","score":9,"maxScore":9,"error":0}}}]},"primary_term":null,"canonical_url":null,"og_title":null,"og_description":null,"og_object_type":"default","og_image_type":"default","og_image_url":null,"og_image_width":null,"og_image_height":null,"og_image_custom_url":null,"og_image_custom_fields":null,"og_video":"","og_custom_url":null,"og_article_section":null,"og_article_tags":null,"twitter_use_og":false,"twitter_card":"default","twitter_image_type":"default","twitter_image_url":null,"twitter_image_custom_url":null,"twitter_image_custom_fields":null,"twitter_title":null,"twitter_description":null,"schema":{"blockGraphs":[],"customGraphs":[],"default":{"data":{"Article":[],"Course":[],"Dataset":[],"FAQPage":[],"Movie":[],"Person":[],"Product":[],"ProductReview":[],"Car":[],"Recipe":[],"Service":[],"SoftwareApplication":[],"WebPage":[]},"graphName":"none","isEnabled":true},"graphs":[]},"schema_type":"default","schema_type_options":null,"pillar_content":false,"robots_default":true,"robots_noindex":false,"robots_noarchive":false,"robots_nosnippet":false,"robots_nofollow":false,"robots_noimageindex":false,"robots_noodp":false,"robots_notranslate":false,"robots_max_snippet":"-1","robots_max_videopreview":"-1","robots_max_imagepreview":"large","priority":null,"frequency":"default","local_seo":null,"seo_analyzer_scan_date":"2025-10-08 22:13:27","breadcrumb_settings":null,"limit_modified_date":false,"reviewed_by":"0","open_ai":"{\"title\":{\"suggestions\":[],\"usage\":0},\"description\":{\"suggestions\":[],\"usage\":0}}","ai":null,"created":"2024-06-21 01:33:47","updated":"2026-02-04 12:05:31"},"aioseo_breadcrumb":"<div class=\"aioseo-breadcrumbs\"><span class=\"aioseo-breadcrumb\">\n\t<a href=\"https:\/\/soymigrante.com\/revista\" title=\"Home\">Home<\/a>\n<\/span><span class=\"aioseo-breadcrumb-separator\">\u00bb<\/span><span class=\"aioseo-breadcrumb\">\n\t<a href=\"https:\/\/soymigrante.com\/revista\/category\/guate-nuestra\/\" title=\"Guate Nuestra\">Guate Nuestra<\/a>\n<\/span><span class=\"aioseo-breadcrumb-separator\">\u00bb<\/span><span class=\"aioseo-breadcrumb\">\n\t<a href=\"https:\/\/soymigrante.com\/revista\/category\/guate-nuestra\/recetas-guatemaltecas\/\" title=\"Recetas guatemaltecas\">Recetas guatemaltecas<\/a>\n<\/span><span class=\"aioseo-breadcrumb-separator\">\u00bb<\/span><span class=\"aioseo-breadcrumb\">\n\tDelicia chapina: el siempre exquisito pollo en crema\n<\/span><\/div>","aioseo_breadcrumb_json":[{"label":"Home","link":"https:\/\/soymigrante.com\/revista"},{"label":"Guate Nuestra","link":"https:\/\/soymigrante.com\/revista\/category\/guate-nuestra\/"},{"label":"Recetas guatemaltecas","link":"https:\/\/soymigrante.com\/revista\/category\/guate-nuestra\/recetas-guatemaltecas\/"},{"label":"Delicia chapina: el siempre exquisito pollo en crema","link":"https:\/\/soymigrante.com\/revista\/recetas-chapinas-el-siempre-exquisito-pollo-en-crema\/"}],"_links":{"self":[{"href":"https:\/\/soymigrante.com\/revista\/wp-json\/wp\/v2\/posts\/7080","targetHints":{"allow":["GET"]}}],"collection":[{"href":"https:\/\/soymigrante.com\/revista\/wp-json\/wp\/v2\/posts"}],"about":[{"href":"https:\/\/soymigrante.com\/revista\/wp-json\/wp\/v2\/types\/post"}],"author":[{"embeddable":true,"href":"https:\/\/soymigrante.com\/revista\/wp-json\/wp\/v2\/users\/19"}],"replies":[{"embeddable":true,"href":"https:\/\/soymigrante.com\/revista\/wp-json\/wp\/v2\/comments?post=7080"}],"version-history":[{"count":1,"href":"https:\/\/soymigrante.com\/revista\/wp-json\/wp\/v2\/posts\/7080\/revisions"}],"predecessor-version":[{"id":37165,"href":"https:\/\/soymigrante.com\/revista\/wp-json\/wp\/v2\/posts\/7080\/revisions\/37165"}],"wp:featuredmedia":[{"embeddable":true,"href":"https:\/\/soymigrante.com\/revista\/wp-json\/wp\/v2\/media\/7081"}],"wp:attachment":[{"href":"https:\/\/soymigrante.com\/revista\/wp-json\/wp\/v2\/media?parent=7080"}],"wp:term":[{"taxonomy":"category","embeddable":true,"href":"https:\/\/soymigrante.com\/revista\/wp-json\/wp\/v2\/categories?post=7080"},{"taxonomy":"post_tag","embeddable":true,"href":"https:\/\/soymigrante.com\/revista\/wp-json\/wp\/v2\/tags?post=7080"}],"curies":[{"name":"wp","href":"https:\/\/api.w.org\/{rel}","templated":true}]}}