{"id":7044,"date":"2024-06-20T15:05:39","date_gmt":"2024-06-20T21:05:39","guid":{"rendered":"https:\/\/soymigrante.com\/revista\/?p=7044"},"modified":"2024-07-26T22:10:35","modified_gmt":"2024-07-27T04:10:35","slug":"san-juan-es-la-fiesta-patronal-en-15-municipios-en-guatemala","status":"publish","type":"post","link":"https:\/\/soymigrante.com\/revista\/san-juan-es-la-fiesta-patronal-en-15-municipios-en-guatemala\/","title":{"rendered":"San Juan es la fiesta patronal en 15 municipios en Guatemala\u00a0"},"content":{"rendered":"\t\t<div data-elementor-type=\"wp-post\" data-elementor-id=\"7044\" class=\"elementor elementor-7044\" data-elementor-post-type=\"post\">\n\t\t\t\t\t\t<section data-particle_enable=\"false\" data-particle-mobile-disabled=\"false\" class=\"elementor-section elementor-top-section elementor-element elementor-element-ca6827f elementor-section-boxed elementor-section-height-default elementor-section-height-default\" data-id=\"ca6827f\" data-element_type=\"section\" data-e-type=\"section\">\n\t\t\t\t\t\t<div class=\"elementor-container elementor-column-gap-default\">\n\t\t\t\t\t<div class=\"elementor-column elementor-col-100 elementor-top-column elementor-element elementor-element-8f034da\" data-id=\"8f034da\" data-element_type=\"column\" data-e-type=\"column\">\n\t\t\t<div class=\"elementor-widget-wrap elementor-element-populated\">\n\t\t\t\t\t\t<div class=\"elementor-element elementor-element-06db035 elementor-widget elementor-widget-heading\" data-id=\"06db035\" data-element_type=\"widget\" data-e-type=\"widget\" data-widget_type=\"heading.default\">\n\t\t\t\t\t<h2 class=\"elementor-heading-title elementor-size-default\"><span>Este 24 de junio 15 municipios de Guatemala estar\u00e1n celebrando a su patr\u00f3n, con fiesta, comida, bebida, tradiciones y llenos de color.&nbsp;<\/span><\/h2>\t\t\t\t<\/div>\n\t\t\t\t\t<\/div>\n\t\t<\/div>\n\t\t\t\t\t<\/div>\n\t\t<\/section>\n\t\t\t\t<section data-particle_enable=\"false\" data-particle-mobile-disabled=\"false\" class=\"elementor-section elementor-top-section elementor-element elementor-element-acfaf1f elementor-section-boxed elementor-section-height-default elementor-section-height-default\" data-id=\"acfaf1f\" data-element_type=\"section\" data-e-type=\"section\">\n\t\t\t\t\t\t<div class=\"elementor-container elementor-column-gap-default\">\n\t\t\t\t\t<div class=\"elementor-column elementor-col-100 elementor-top-column elementor-element elementor-element-ff24944\" data-id=\"ff24944\" data-element_type=\"column\" data-e-type=\"column\">\n\t\t\t<div class=\"elementor-widget-wrap elementor-element-populated\">\n\t\t\t\t\t\t<div class=\"elementor-element elementor-element-b286929 elementor-widget elementor-widget-text-editor\" data-id=\"b286929\" data-element_type=\"widget\" data-e-type=\"widget\" data-widget_type=\"text-editor.default\">\n\t\t\t\t\t\t\t\t\t<p>Por lo menos quince municipios de los 340 que integran la rep\u00fablica guatemalteca celebran su fiesta patronal en honor a San Juan Bautista. Adem\u00e1s, aldeas, caser\u00edos, barrios, colonias y hasta mercados se unen al festejo del profeta precursor de Jesucristo.<\/p><p><span style=\"color: var( --e-global-color-text );\">La iglesia cat\u00f3lica reconoce a San Juan Bautista quien era primo de Jes\u00fas que su celebraci\u00f3n es el 24 de junio y tambi\u00e9n reconoce a San Juan Ap\u00f3stol que su festividad es el 27 de diciembre, hay que diferenciarlos a ambos, puesto que los dos santos tienen fiesta, pero en su mayor\u00eda en Guatemala se conmemora al que bautizo a Jesucristo.\u00a0<\/span><\/p>\t\t\t\t\t\t\t\t<\/div>\n\t\t\t\t\t<\/div>\n\t\t<\/div>\n\t\t\t\t\t<\/div>\n\t\t<\/section>\n\t\t\t\t<section data-particle_enable=\"false\" data-particle-mobile-disabled=\"false\" class=\"elementor-section elementor-top-section elementor-element elementor-element-3d96261 elementor-section-boxed elementor-section-height-default elementor-section-height-default\" data-id=\"3d96261\" data-element_type=\"section\" data-e-type=\"section\">\n\t\t\t\t\t\t<div class=\"elementor-container elementor-column-gap-default\">\n\t\t\t\t\t<div class=\"elementor-column elementor-col-100 elementor-top-column elementor-element elementor-element-fc885fa\" data-id=\"fc885fa\" data-element_type=\"column\" data-e-type=\"column\">\n\t\t\t<div class=\"elementor-widget-wrap elementor-element-populated\">\n\t\t\t\t\t\t<div class=\"elementor-element elementor-element-9463013 elementor-widget elementor-widget-image\" data-id=\"9463013\" data-element_type=\"widget\" data-e-type=\"widget\" data-widget_type=\"image.default\">\n\t\t\t\t\t\t\t\t\t\t\t\t<figure class=\"wp-caption\">\n\t\t\t\t\t\t\t\t\t\t<img fetchpriority=\"high\" decoding=\"async\" width=\"707\" height=\"802\" src=\"https:\/\/soymigrante.com\/revista\/wp-content\/uploads\/2024\/06\/Captura-de-pantalla-2024-06-20-143229.webp\" class=\"attachment-large size-large wp-image-7079\" alt=\"Jesucristo ser bautizado por Juan el Bautista en un paisaje con \u00e1rboles y monta\u00f1as, en una obra de arte religiosa que refleja el momento b\u00edblico de la uni\u00f3n divina y la fe.\" srcset=\"https:\/\/soymigrante.com\/revista\/wp-content\/uploads\/2024\/06\/Captura-de-pantalla-2024-06-20-143229.webp 707w, https:\/\/soymigrante.com\/revista\/wp-content\/uploads\/2024\/06\/Captura-de-pantalla-2024-06-20-143229-264x300.webp 264w\" sizes=\"(max-width: 707px) 100vw, 707px\" title=\"San Juan bautiza a Jes\u00fas en el r\u00edo Jordan. Momento clave en la revelaci\u00f3n del Salvador del Mundo a todos los pueblos. &quot;Yo los bautizo con agua pero vendr\u00e1 uno que los bautizar\u00e1 con el Esp\u00edritu Santo&quot;,  dec\u00eda San Juan Bautista. \u2013 SoyMigrante.com REVISTA\" \/>\t\t\t\t\t\t\t\t\t\t\t<figcaption class=\"widget-image-caption wp-caption-text\">Una pintura que representa el bautismo de Jesucristo por Juan el Bautista, con \u00e1ngeles, disc\u00edpulos y un fondo natural, destacando la espiritualidad y la tradici\u00f3n cristiana.<\/figcaption>\n\t\t\t\t\t\t\t\t\t\t<\/figure>\n\t\t\t\t\t\t\t\t\t<\/div>\n\t\t\t\t\t<\/div>\n\t\t<\/div>\n\t\t\t\t\t<\/div>\n\t\t<\/section>\n\t\t\t\t<section data-particle_enable=\"false\" data-particle-mobile-disabled=\"false\" class=\"elementor-section elementor-top-section elementor-element elementor-element-bd6d7e4 elementor-section-boxed elementor-section-height-default elementor-section-height-default\" data-id=\"bd6d7e4\" data-element_type=\"section\" data-e-type=\"section\">\n\t\t\t\t\t\t<div class=\"elementor-container elementor-column-gap-default\">\n\t\t\t\t\t<div class=\"elementor-column elementor-col-100 elementor-top-column elementor-element elementor-element-f618565\" data-id=\"f618565\" data-element_type=\"column\" data-e-type=\"column\">\n\t\t\t<div class=\"elementor-widget-wrap elementor-element-populated\">\n\t\t\t\t\t\t<div class=\"elementor-element elementor-element-0da57a4 elementor-widget elementor-widget-heading\" data-id=\"0da57a4\" data-element_type=\"widget\" data-e-type=\"widget\" data-widget_type=\"heading.default\">\n\t\t\t\t\t<h3 class=\"elementor-heading-title elementor-size-default\">Pueblos encomendados al patrono San Juan <\/h3>\t\t\t\t<\/div>\n\t\t\t\t\t<\/div>\n\t\t<\/div>\n\t\t\t\t\t<\/div>\n\t\t<\/section>\n\t\t\t\t<section data-particle_enable=\"false\" data-particle-mobile-disabled=\"false\" class=\"elementor-section elementor-top-section elementor-element elementor-element-fb81581 elementor-section-boxed elementor-section-height-default elementor-section-height-default\" data-id=\"fb81581\" data-element_type=\"section\" data-e-type=\"section\">\n\t\t\t\t\t\t<div class=\"elementor-container elementor-column-gap-default\">\n\t\t\t\t\t<div class=\"elementor-column elementor-col-100 elementor-top-column elementor-element elementor-element-cc6f959\" data-id=\"cc6f959\" data-element_type=\"column\" data-e-type=\"column\">\n\t\t\t<div class=\"elementor-widget-wrap elementor-element-populated\">\n\t\t\t\t\t\t<div class=\"elementor-element elementor-element-1a73b20 elementor-widget elementor-widget-text-editor\" data-id=\"1a73b20\" data-element_type=\"widget\" data-e-type=\"widget\" data-widget_type=\"text-editor.default\">\n\t\t\t\t\t\t\t\t\t<ul><li>San Juan Sacatep\u00e9quez, Guatemala<\/li><li><span style=\"color: var( --e-global-color-text );\">San Juan Chamelco, Baja Verapaz<\/span><\/li><li><span style=\"color: var( --e-global-color-text );\">San Juan Comalapa, Chimaltenango<\/span><\/li><li><span style=\"color: var( --e-global-color-text );\">San Juan Ermita, Chiquimula<\/span><\/li><li><span style=\"color: var( --e-global-color-text );\">Amatitl\u00e1n, Guatemala<\/span><\/li><li><span style=\"color: var( --e-global-color-text );\">San Juan Atit\u00e1n, Huehuetenango<\/span><\/li><li><span style=\"color: var( --e-global-color-text );\">San Juan Ixcoy, Huehuetenango<\/span><\/li><li><span style=\"color: var( --e-global-color-text );\">Moyuta, Jutiapa<\/span><\/li><li><span style=\"color: var( --e-global-color-text );\">Olintepeque, Quetzaltenango<\/span><\/li><li><span style=\"color: var( --e-global-color-text );\">San Juan Ostuncalco, Quetzaltenango<\/span><\/li><li><span style=\"color: var( --e-global-color-text );\">San Juan Cotzal, Quich\u00e9<\/span><\/li><li><span style=\"color: var( --e-global-color-text );\">Alotenango, Sacatep\u00e9quez<\/span><\/li><li><span style=\"color: var( --e-global-color-text );\">San Juan La Laguna, Solol\u00e1<\/span><\/li><li><span style=\"color: var( --e-global-color-text );\">San Juan Bautista, Suchitep\u00e9quez\u00a0<\/span><\/li><li><span style=\"color: var( --e-global-color-text );\">Usumatl\u00e1n, Zacapa<\/span><\/li><\/ul>\t\t\t\t\t\t\t\t<\/div>\n\t\t\t\t\t<\/div>\n\t\t<\/div>\n\t\t\t\t\t<\/div>\n\t\t<\/section>\n\t\t\t\t<section data-particle_enable=\"false\" data-particle-mobile-disabled=\"false\" class=\"elementor-section elementor-top-section elementor-element elementor-element-3afef64 elementor-section-boxed elementor-section-height-default elementor-section-height-default\" data-id=\"3afef64\" data-element_type=\"section\" data-e-type=\"section\">\n\t\t\t\t\t\t<div class=\"elementor-container elementor-column-gap-default\">\n\t\t\t\t\t<div class=\"elementor-column elementor-col-100 elementor-top-column elementor-element elementor-element-ad81b56\" data-id=\"ad81b56\" data-element_type=\"column\" data-e-type=\"column\">\n\t\t\t<div class=\"elementor-widget-wrap elementor-element-populated\">\n\t\t\t\t\t\t<div class=\"elementor-element elementor-element-e45688a elementor-widget elementor-widget-heading\" data-id=\"e45688a\" data-element_type=\"widget\" data-e-type=\"widget\" data-widget_type=\"heading.default\">\n\t\t\t\t\t<h3 class=\"elementor-heading-title elementor-size-default\"><span>\u00bfQui\u00e9n es Juan el Bautista?<\/span><\/h3>\t\t\t\t<\/div>\n\t\t\t\t\t<\/div>\n\t\t<\/div>\n\t\t\t\t\t<\/div>\n\t\t<\/section>\n\t\t\t\t<section data-particle_enable=\"false\" data-particle-mobile-disabled=\"false\" class=\"elementor-section elementor-top-section elementor-element elementor-element-fb05886 elementor-section-boxed elementor-section-height-default elementor-section-height-default\" data-id=\"fb05886\" data-element_type=\"section\" data-e-type=\"section\">\n\t\t\t\t\t\t<div class=\"elementor-container elementor-column-gap-default\">\n\t\t\t\t\t<div class=\"elementor-column elementor-col-100 elementor-top-column elementor-element elementor-element-4a26818\" data-id=\"4a26818\" data-element_type=\"column\" data-e-type=\"column\">\n\t\t\t<div class=\"elementor-widget-wrap elementor-element-populated\">\n\t\t\t\t\t\t<div class=\"elementor-element elementor-element-ffdfe06 elementor-widget elementor-widget-text-editor\" data-id=\"ffdfe06\" data-element_type=\"widget\" data-e-type=\"widget\" data-widget_type=\"text-editor.default\">\n\t\t\t\t\t\t\t\t\t<p>De acuerdo con los evangelios, Juan Bautista naci\u00f3 de Santa Isabel, un 24 de junio, quien era prima de la Virgen Mar\u00eda, y, por tanto, era primo de Jes\u00fas de Nazareth. El cristianismo lo considera el \u00faltimo profeta antes de Cristo.<\/p><p>De acuerdo con la Biblia, Juan se dedic\u00f3 a predicar la llegada del Mes\u00edas, ganando gran n\u00famero de seguidores, a quienes ba\u00f1aba ritualmente en el r\u00edo Jord\u00e1n. Antes de iniciar su labor evangelizadora, Jes\u00fas acudi\u00f3 con \u00e9l para que lo bautizara.\u00a0<\/p><p>En el marco de la opresi\u00f3n romana en Galilea y gracias al mensaje revolucionario de su primo, Juan Bautista fue apresado por la autoridad local, a cargo del tetrarca Herodes Antipas. Cuando este le prometi\u00f3 a su hijastra Salom\u00e9 el regalo que pidiese, ella exigi\u00f3 la cabeza del profeta en una charola de plata. Seg\u00fan la tradici\u00f3n, un 29 de agosto se ejecut\u00f3 a Juan Bautista cumpliendo los deseos de Sal<\/p>\t\t\t\t\t\t\t\t<\/div>\n\t\t\t\t\t<\/div>\n\t\t<\/div>\n\t\t\t\t\t<\/div>\n\t\t<\/section>\n\t\t\t\t<section data-particle_enable=\"false\" data-particle-mobile-disabled=\"false\" class=\"elementor-section elementor-top-section elementor-element elementor-element-8ba5bd7 elementor-section-boxed elementor-section-height-default elementor-section-height-default\" data-id=\"8ba5bd7\" data-element_type=\"section\" data-e-type=\"section\">\n\t\t\t\t\t\t<div class=\"elementor-container elementor-column-gap-default\">\n\t\t\t\t\t<div class=\"elementor-column elementor-col-100 elementor-top-column elementor-element elementor-element-d0c4e43\" data-id=\"d0c4e43\" data-element_type=\"column\" data-e-type=\"column\">\n\t\t\t<div class=\"elementor-widget-wrap elementor-element-populated\">\n\t\t\t\t\t\t<div class=\"elementor-element elementor-element-687e0df elementor-widget elementor-widget-facebook-embed\" data-id=\"687e0df\" data-element_type=\"widget\" data-e-type=\"widget\" data-widget_type=\"facebook-embed.default\">\n\t\t\t\t\t<div style=\"min-height: 1px\" class=\"elementor-facebook-widget fb-post\" data-href=\"https:\/\/www.facebook.com\/photo?fbid=882044157289269&#038;set=a.547349767425378\" data-show-text=\"false\"><\/div>\t\t\t\t<\/div>\n\t\t\t\t<div class=\"elementor-element elementor-element-5cb0950 elementor-widget elementor-widget-heading\" data-id=\"5cb0950\" data-element_type=\"widget\" data-e-type=\"widget\" data-widget_type=\"heading.default\">\n\t\t\t\t\t<h3 class=\"elementor-heading-title elementor-size-default\"><span>\u00bfC\u00f3mo se conmemora en Guatemala el d\u00eda de San Juan Bautista?<\/span><\/h3>\t\t\t\t<\/div>\n\t\t\t\t\t<\/div>\n\t\t<\/div>\n\t\t\t\t\t<\/div>\n\t\t<\/section>\n\t\t\t\t<section data-particle_enable=\"false\" data-particle-mobile-disabled=\"false\" class=\"elementor-section elementor-top-section elementor-element elementor-element-e078bb6 elementor-section-boxed elementor-section-height-default elementor-section-height-default\" data-id=\"e078bb6\" data-element_type=\"section\" data-e-type=\"section\">\n\t\t\t\t\t\t<div class=\"elementor-container elementor-column-gap-default\">\n\t\t\t\t\t<div class=\"elementor-column elementor-col-100 elementor-top-column elementor-element elementor-element-065df17\" data-id=\"065df17\" data-element_type=\"column\" data-e-type=\"column\">\n\t\t\t<div class=\"elementor-widget-wrap elementor-element-populated\">\n\t\t\t\t\t\t<div class=\"elementor-element elementor-element-b40bd7a elementor-widget elementor-widget-text-editor\" data-id=\"b40bd7a\" data-element_type=\"widget\" data-e-type=\"widget\" data-widget_type=\"text-editor.default\">\n\t\t\t\t\t\t\t\t\t<p>En los diferentes pueblos de San Juan, la fiesta religiosa dedicada a este santo se celebra con una misa a media ma\u00f1ana, para despu\u00e9s iniciar una procesi\u00f3n con la imagen patronal que recorre las principales calles de la localidad acompa\u00f1ada por centenares de devotos, conjuntos marimb\u00edsticos, toque de tambor y pito, danzas tradicionales y profusa quema de incienso y p\u00f3lvora.<\/p>\n<p><\/p>\n<p>Dentro de las celebraciones destacan en los cortejos las cofrad\u00edas dedicadas al culto de San Juan, en cuyas sedes el festejo se prolonga hasta el d\u00eda siguiente.&nbsp;<span style=\"color: var( --e-global-color-text );\">Por aparte se celebran actividades deportivas, culturales, art\u00edsticas, comerciales y de entretenimiento en diferentes puntos de los poblados.<\/span><\/p>\n<p class=\"p1\" style=\"margin-bottom: 0px; font-variant-numeric: normal; font-variant-east-asian: normal; font-variant-alternates: normal; font-kerning: auto; font-optical-sizing: auto; font-feature-settings: normal; font-variation-settings: normal; font-variant-position: normal; font-stretch: normal; line-height: normal;\"><span style=\"color: #454545; font-family: Helvetica Neue;\"><span style=\"font-size: 12px;\">&nbsp;<\/span><\/span><\/p>\n<p>En los diferentes pueblos de San Juan, la fiesta religiosa dedicada a este santo se celebra con una misa a media ma\u00f1ana, para despu\u00e9s iniciar una procesi\u00f3n con la imagen patronal que recorre las principales calles de la localidad acompa\u00f1ada por centenares de devotos, conjuntos marimb\u00edsticos, toque de tambor y pito, danzas tradicionales y profusa quema de incienso y p\u00f3lvora.<\/p>\n<p><\/p>\n<p>Dentro de las celebraciones destacan en los cortejos las cofrad\u00edas dedicadas al culto de San Juan, en cuyas sedes el festejo se prolonga hasta el d\u00eda siguiente.<\/p>\n<p><\/p>\n<p>Por aparte se celebran actividades deportivas, culturales, art\u00edsticas, comerciales y de entretenimiento en diferentes puntos de los poblados.<\/p>\t\t\t\t\t\t\t\t<\/div>\n\t\t\t\t\t<\/div>\n\t\t<\/div>\n\t\t\t\t\t<\/div>\n\t\t<\/section>\n\t\t\t\t<section data-particle_enable=\"false\" data-particle-mobile-disabled=\"false\" class=\"elementor-section elementor-top-section elementor-element elementor-element-c0f41ab elementor-section-boxed elementor-section-height-default elementor-section-height-default\" data-id=\"c0f41ab\" data-element_type=\"section\" data-e-type=\"section\">\n\t\t\t\t\t\t<div class=\"elementor-container elementor-column-gap-default\">\n\t\t\t\t\t<div class=\"elementor-column elementor-col-100 elementor-top-column elementor-element elementor-element-8a7a5be\" data-id=\"8a7a5be\" data-element_type=\"column\" data-e-type=\"column\">\n\t\t\t<div class=\"elementor-widget-wrap elementor-element-populated\">\n\t\t\t\t\t\t<div class=\"elementor-element elementor-element-9850011 elementor-widget elementor-widget-facebook-page\" data-id=\"9850011\" data-element_type=\"widget\" data-e-type=\"widget\" data-widget_type=\"facebook-page.default\">\n\t\t\t\t\t<div class=\"elementor-facebook-widget fb-page\" data-href=\"https:\/\/www.facebook.com\/juan.bautistachex\" data-tabs=\"timeline\" data-height=\"500px\" data-width=\"500px\" data-small-header=\"false\" data-hide-cover=\"false\" data-show-facepile=\"true\" data-hide-cta=\"false\" style=\"min-height: 1px;height:500px\"><\/div>\t\t\t\t<\/div>\n\t\t\t\t\t<\/div>\n\t\t<\/div>\n\t\t\t\t\t<\/div>\n\t\t<\/section>\n\t\t\t\t<section data-particle_enable=\"false\" data-particle-mobile-disabled=\"false\" class=\"elementor-section elementor-top-section elementor-element elementor-element-97dc916 elementor-section-boxed elementor-section-height-default elementor-section-height-default\" data-id=\"97dc916\" data-element_type=\"section\" data-e-type=\"section\">\n\t\t\t\t\t\t<div class=\"elementor-container elementor-column-gap-default\">\n\t\t\t\t\t<div class=\"elementor-column elementor-col-100 elementor-top-column elementor-element elementor-element-bc1c8a2\" data-id=\"bc1c8a2\" data-element_type=\"column\" data-e-type=\"column\">\n\t\t\t<div class=\"elementor-widget-wrap elementor-element-populated\">\n\t\t\t\t\t\t<div class=\"elementor-element elementor-element-73eaf51 elementor-widget elementor-widget-facebook-embed\" data-id=\"73eaf51\" data-element_type=\"widget\" data-e-type=\"widget\" data-widget_type=\"facebook-embed.default\">\n\t\t\t\t\t<div style=\"min-height: 1px\" class=\"elementor-facebook-widget fb-post\" data-href=\"https:\/\/www.facebook.com\/photo\/?fbid=420096937661434&#038;set=a.101199906217807\" data-show-text=\"false\"><\/div>\t\t\t\t<\/div>\n\t\t\t\t\t<\/div>\n\t\t<\/div>\n\t\t\t\t\t<\/div>\n\t\t<\/section>\n\t\t\t\t<section data-particle_enable=\"false\" data-particle-mobile-disabled=\"false\" class=\"elementor-section elementor-top-section elementor-element elementor-element-cc6ad93 elementor-section-boxed elementor-section-height-default elementor-section-height-default\" data-id=\"cc6ad93\" data-element_type=\"section\" data-e-type=\"section\">\n\t\t\t\t\t\t<div class=\"elementor-container elementor-column-gap-default\">\n\t\t\t\t\t<div class=\"elementor-column elementor-col-100 elementor-top-column elementor-element elementor-element-d056658\" data-id=\"d056658\" data-element_type=\"column\" data-e-type=\"column\">\n\t\t\t<div class=\"elementor-widget-wrap elementor-element-populated\">\n\t\t\t\t\t\t<div class=\"elementor-element elementor-element-1ba9745 elementor-widget elementor-widget-heading\" data-id=\"1ba9745\" data-element_type=\"widget\" data-e-type=\"widget\" data-widget_type=\"heading.default\">\n\t\t\t\t\t<h3 class=\"elementor-heading-title elementor-size-default\"><span>Celebraci\u00f3n especial en San Juan Sacatep\u00e9quez<\/span><\/h3>\t\t\t\t<\/div>\n\t\t\t\t\t<\/div>\n\t\t<\/div>\n\t\t\t\t\t<\/div>\n\t\t<\/section>\n\t\t\t\t<section data-particle_enable=\"false\" data-particle-mobile-disabled=\"false\" class=\"elementor-section elementor-top-section elementor-element elementor-element-d398ebc elementor-section-boxed elementor-section-height-default elementor-section-height-default\" data-id=\"d398ebc\" data-element_type=\"section\" data-e-type=\"section\">\n\t\t\t\t\t\t<div class=\"elementor-container elementor-column-gap-default\">\n\t\t\t\t\t<div class=\"elementor-column elementor-col-100 elementor-top-column elementor-element elementor-element-dfbbf54\" data-id=\"dfbbf54\" data-element_type=\"column\" data-e-type=\"column\">\n\t\t\t<div class=\"elementor-widget-wrap elementor-element-populated\">\n\t\t\t\t\t\t<div class=\"elementor-element elementor-element-f9b433a elementor-widget elementor-widget-text-editor\" data-id=\"f9b433a\" data-element_type=\"widget\" data-e-type=\"widget\" data-widget_type=\"text-editor.default\">\n\t\t\t\t\t\t\t\t\t<p>A menudo, la fiesta de San Juan es la ocasi\u00f3n para realizar &#8220;pedidas&#8221; de mano de la novia y en un acuerdo, que se procede a la celebraci\u00f3n en la municipalidad, de San Juan Sacatep\u00e9quez, previa al matrimonio civil y finalizando con una fiesta o celebraci\u00f3n\u00a0 religiosa.\u00a0<\/p><p>La m\u00fasica principal de municipio son los sones de arpa y marimba, algunas de las melod\u00edas m\u00e1s conocidas son: La sanjuanerita, el chuj y el de matrimonios.<\/p><p>La Danza: En festividades especiales es tradicional el baile de los moros, los toritos, el venado y los gigantes, adem\u00e1s, sin faltar el tradicional convite.<\/p><p>Existen en el municipio muchas comidas de origen ind\u00edgena maya, aquellas elaboradas a base de ma\u00edz. En San Juan Sacatep\u00e9quez es costumbre en algunas festividades\u00a0 comer algo especial, siendo el pinol el m\u00e1s com\u00fan en los lugares donde se llevan a cabo fiestas y celebraciones.<\/p>\t\t\t\t\t\t\t\t<\/div>\n\t\t\t\t\t<\/div>\n\t\t<\/div>\n\t\t\t\t\t<\/div>\n\t\t<\/section>\n\t\t\t\t<section data-particle_enable=\"false\" data-particle-mobile-disabled=\"false\" class=\"elementor-section elementor-top-section elementor-element elementor-element-881f67b elementor-section-boxed elementor-section-height-default elementor-section-height-default\" data-id=\"881f67b\" data-element_type=\"section\" data-e-type=\"section\">\n\t\t\t\t\t\t<div class=\"elementor-container elementor-column-gap-default\">\n\t\t\t\t\t<div class=\"elementor-column elementor-col-100 elementor-top-column elementor-element elementor-element-6580290\" data-id=\"6580290\" data-element_type=\"column\" data-e-type=\"column\">\n\t\t\t<div class=\"elementor-widget-wrap elementor-element-populated\">\n\t\t\t\t\t\t<div class=\"elementor-element elementor-element-64f5262 elementor-widget elementor-widget-video\" data-id=\"64f5262\" data-element_type=\"widget\" data-e-type=\"widget\" data-settings=\"{&quot;youtube_url&quot;:&quot;https:\\\/\\\/www.youtube.com\\\/watch?v=ej1FvF4wyIM&quot;,&quot;video_type&quot;:&quot;youtube&quot;,&quot;controls&quot;:&quot;yes&quot;}\" data-widget_type=\"video.default\">\n\t\t\t\t\t\t\t<div class=\"elementor-wrapper elementor-open-inline\">\n\t\t\t<div class=\"elementor-video\"><\/div>\t\t<\/div>\n\t\t\t\t\t\t<\/div>\n\t\t\t\t\t<\/div>\n\t\t<\/div>\n\t\t\t\t\t<\/div>\n\t\t<\/section>\n\t\t\t\t<section data-particle_enable=\"false\" data-particle-mobile-disabled=\"false\" class=\"elementor-section elementor-top-section elementor-element elementor-element-eaf577c elementor-section-boxed elementor-section-height-default elementor-section-height-default\" data-id=\"eaf577c\" data-element_type=\"section\" data-e-type=\"section\">\n\t\t\t\t\t\t<div class=\"elementor-container elementor-column-gap-default\">\n\t\t\t\t\t<div class=\"elementor-column elementor-col-100 elementor-top-column elementor-element elementor-element-5be88e1\" data-id=\"5be88e1\" data-element_type=\"column\" data-e-type=\"column\">\n\t\t\t<div class=\"elementor-widget-wrap elementor-element-populated\">\n\t\t\t\t\t\t<div class=\"elementor-element elementor-element-e189f6f elementor-widget elementor-widget-blfe-post-grid\" data-id=\"e189f6f\" data-element_type=\"widget\" data-e-type=\"widget\" data-settings=\"{&quot;columns&quot;:&quot;12&quot;,&quot;columns_tablet&quot;:&quot;6&quot;,&quot;columns_mobile&quot;:&quot;12&quot;,&quot;classic1_slides_to_show&quot;:3,&quot;classic1_slides_to_show_tablet&quot;:2,&quot;classic1_slides_to_show_mobile&quot;:1,&quot;classic1_autoplay&quot;:&quot;yes&quot;,&quot;classic1_autoplay_speed&quot;:5000,&quot;classic1_pause_on_hover&quot;:&quot;no&quot;,&quot;classic1_loop&quot;:&quot;yes&quot;,&quot;classic1_animation_speed&quot;:200,&quot;classic1_navigation&quot;:&quot;dots&quot;,&quot;classic1_carousel_arrow_size&quot;:{&quot;unit&quot;:&quot;px&quot;,&quot;size&quot;:&quot;&quot;,&quot;sizes&quot;:[]},&quot;classic1_carousel_arrow_size_tablet&quot;:{&quot;unit&quot;:&quot;px&quot;,&quot;size&quot;:&quot;&quot;,&quot;sizes&quot;:[]},&quot;classic1_carousel_arrow_size_mobile&quot;:{&quot;unit&quot;:&quot;px&quot;,&quot;size&quot;:&quot;&quot;,&quot;sizes&quot;:[]},&quot;classic1_carousel_arrow_height&quot;:{&quot;unit&quot;:&quot;px&quot;,&quot;size&quot;:&quot;&quot;,&quot;sizes&quot;:[]},&quot;classic1_carousel_arrow_height_tablet&quot;:{&quot;unit&quot;:&quot;px&quot;,&quot;size&quot;:&quot;&quot;,&quot;sizes&quot;:[]},&quot;classic1_carousel_arrow_height_mobile&quot;:{&quot;unit&quot;:&quot;px&quot;,&quot;size&quot;:&quot;&quot;,&quot;sizes&quot;:[]},&quot;classic1_carousel_arrow_width&quot;:{&quot;unit&quot;:&quot;px&quot;,&quot;size&quot;:&quot;&quot;,&quot;sizes&quot;:[]},&quot;classic1_carousel_arrow_width_tablet&quot;:{&quot;unit&quot;:&quot;px&quot;,&quot;size&quot;:&quot;&quot;,&quot;sizes&quot;:[]},&quot;classic1_carousel_arrow_width_mobile&quot;:{&quot;unit&quot;:&quot;px&quot;,&quot;size&quot;:&quot;&quot;,&quot;sizes&quot;:[]},&quot;classic1_carousel_dots_size&quot;:{&quot;unit&quot;:&quot;px&quot;,&quot;size&quot;:&quot;&quot;,&quot;sizes&quot;:[]},&quot;classic1_carousel_dots_size_tablet&quot;:{&quot;unit&quot;:&quot;px&quot;,&quot;size&quot;:&quot;&quot;,&quot;sizes&quot;:[]},&quot;classic1_carousel_dots_size_mobile&quot;:{&quot;unit&quot;:&quot;px&quot;,&quot;size&quot;:&quot;&quot;,&quot;sizes&quot;:[]}}\" data-widget_type=\"blfe-post-grid.classic1\">\n\t\t\t\t<div class=\"elementor-widget-container\">\n\t\t\t\t\t\n            \n                <div data-skin=\"classic1\" class=\"blfe-row blfe-posts-inner blfe-classic1      blfe-carousel  \">\n                            <div class=\"blfe-post-grid-item blfe-equal-height\">\n            <div class=\"blfe-post-grid-item-inner blfe-modern-zoom\">\n                <a class=\"blfe-post-grid-image\" href=\"https:\/\/soymigrante.com\/revista\/indumentaria-tradicional-del-varon-tzutujil\/\" title=\"Legendario \u201cN\u2019skaw\u201d: pantal\u00f3n del var\u00f3n tz&#8217;utuj&#8217;il de San Juan la Laguna\" rel=\"nofollow\" target=\"_blank\"><img decoding=\"async\" src=\"https:\/\/soymigrante.com\/revista\/wp-content\/uploads\/2023\/02\/San-Juan-pantalon-3-ecastro.webp\" alt=\"Legendario \u201cN\u2019skaw\u201d: pantal\u00f3n del var\u00f3n tz&#8217;utuj&#8217;il de San Juan la Laguna\"\/><\/a>                <span class=\"blfe-post-category\"><a href=\"https:\/\/soymigrante.com\/revista\/category\/guate-nuestra\/\">Guate Nuestra<\/a><\/span>                <div class=\"blfe-post-grid-details\">\n                    <div class=\"blfe-post-grid-details-inner\">\n                        <h3 class=\"blfe-post-grid-title\">\n            <a href=\"https:\/\/soymigrante.com\/revista\/indumentaria-tradicional-del-varon-tzutujil\/\" title=\"Legendario \u201cN\u2019skaw\u201d: pantal\u00f3n del var\u00f3n tz&#8217;utuj&#8217;il de San Juan la Laguna\" rel=\"nofollow\" target=\"_blank\">Legendario \u201cN\u2019skaw\u201d: pantal\u00f3n del var\u00f3n tz&#8217;utuj&#8217;il de San Juan la Laguna<\/a>\n            <\/h3>                        <p class=\"blfe-post-grid-excerpt\">A pesar de las influencias y cambios de la modernidad, esta colorida prenda contin\u00faa siendo un verdadero \u00edcono de identidad...<\/p>                                                                    <\/div>\n                <\/div>\n\n            <\/div>\n        <\/div>\n                <div class=\"blfe-post-grid-item blfe-equal-height\">\n            <div class=\"blfe-post-grid-item-inner blfe-modern-zoom\">\n                <a class=\"blfe-post-grid-image\" href=\"https:\/\/soymigrante.com\/revista\/atitlan-lago-de-atitlan\/\" title=\"\u00bfQu\u00e9 profundidad tiene el lago de Atitl\u00e1n?&#8230; y otras preguntas con respuesta fascinante\" rel=\"nofollow\" target=\"_blank\"><img decoding=\"async\" src=\"https:\/\/soymigrante.com\/revista\/wp-content\/uploads\/2023\/03\/2-LAGO-ATITLAN-FOTO-ABEL-JUAREZ-1.webp\" alt=\"\u00bfQu\u00e9 profundidad tiene el lago de Atitl\u00e1n?&#8230; y otras preguntas con respuesta fascinante\"\/><\/a>                <span class=\"blfe-post-category\"><a href=\"https:\/\/soymigrante.com\/revista\/category\/guate-nuestra\/\">Guate Nuestra<\/a><\/span>                <div class=\"blfe-post-grid-details\">\n                    <div class=\"blfe-post-grid-details-inner\">\n                        <h3 class=\"blfe-post-grid-title\">\n            <a href=\"https:\/\/soymigrante.com\/revista\/atitlan-lago-de-atitlan\/\" title=\"\u00bfQu\u00e9 profundidad tiene el lago de Atitl\u00e1n?&#8230; y otras preguntas con respuesta fascinante\" rel=\"nofollow\" target=\"_blank\">\u00bfQu\u00e9 profundidad tiene el lago de Atitl\u00e1n?&#8230; y otras preguntas con respuesta fascinante<\/a>\n            <\/h3>                        <p class=\"blfe-post-grid-excerpt\">Atitl\u00e1n es, sin duda alguna, el lago guatemalteco m\u00e1s famoso del mundo, por su paisaje \u00fanico, sus volcanes y sus...<\/p>                                                                    <\/div>\n                <\/div>\n\n            <\/div>\n        <\/div>\n                <div class=\"blfe-post-grid-item blfe-equal-height\">\n            <div class=\"blfe-post-grid-item-inner blfe-modern-zoom\">\n                <a class=\"blfe-post-grid-image\" href=\"https:\/\/soymigrante.com\/revista\/ecoturismo-en-guatemala\/\" title=\"Joya natural en la bocacosta de Chiquimulilla, Santa Rosa\" rel=\"nofollow\" target=\"_blank\"><img decoding=\"async\" src=\"https:\/\/soymigrante.com\/revista\/wp-content\/uploads\/2023\/02\/3-Guate-Nuestra-Chiquimulilla-1-scaled.webp\" alt=\"Joya natural en la bocacosta de Chiquimulilla, Santa Rosa\"\/><\/a>                <span class=\"blfe-post-category\"><a href=\"https:\/\/soymigrante.com\/revista\/category\/guate-nuestra\/\">Guate Nuestra<\/a><\/span>                <div class=\"blfe-post-grid-details\">\n                    <div class=\"blfe-post-grid-details-inner\">\n                        <h3 class=\"blfe-post-grid-title\">\n            <a href=\"https:\/\/soymigrante.com\/revista\/ecoturismo-en-guatemala\/\" title=\"Joya natural en la bocacosta de Chiquimulilla, Santa Rosa\" rel=\"nofollow\" target=\"_blank\">Joya natural en la bocacosta de Chiquimulilla, Santa Rosa<\/a>\n            <\/h3>                        <p class=\"blfe-post-grid-excerpt\">Imag\u00ednese un refrescante ba\u00f1o enmedio del calor tropical, entre las monta\u00f1as y la Costa Sur. Rodeados de naturaleza conservada gracias...<\/p>                                                                    <\/div>\n                <\/div>\n\n            <\/div>\n        <\/div>\n                        <\/div>\n\n            \n            \t\t\t\t<\/div>\n\t\t\t\t<\/div>\n\t\t\t\t\t<\/div>\n\t\t<\/div>\n\t\t\t\t\t<\/div>\n\t\t<\/section>\n\t\t\t\t<\/div>\n\t\t","protected":false},"excerpt":{"rendered":"<p>Este 24 de junio 15 municipios de Guatemala estar\u00e1n celebrando a su patr\u00f3n, con fiesta, comida, bebida, tradiciones y llenos de color.&nbsp; Por lo menos quince municipios de los 340 que integran la rep\u00fablica guatemalteca celebran su fiesta patronal en honor a San Juan Bautista. Adem\u00e1s, aldeas, caser\u00edos, barrios, colonias y hasta mercados se unen [&hellip;]<\/p>\n","protected":false},"author":19,"featured_media":7049,"comment_status":"open","ping_status":"open","sticky":false,"template":"","format":"standard","meta":{"_acf_changed":false,"_eb_attr":"","footnotes":""},"categories":[58],"tags":[],"class_list":["post-7044","post","type-post","status-publish","format-standard","has-post-thumbnail","hentry","category-guate-nuestra"],"acf":[],"aioseo_notices":[],"aioseo_head":"\n\t\t<!-- All in One SEO Pro 4.9.6.2 - aioseo.com -->\n\t<meta name=\"description\" content=\"Imag\u00ednese un refrescante ba\u00f1o enmedio del calor tropical, entre las monta\u00f1as y la Costa Sur. Rodeados de naturaleza conservada gracias a la labor de un visionario y entusiasta el ecoturismo. Quien visita Guatemala y desea una experiencia ecol\u00f3gica integral no puede dejar de visitar este parque natural conservado gracias a los ideales de un agr\u00f3nomo\" \/>\n\t<meta name=\"robots\" content=\"max-snippet:-1, max-image-preview:large, max-video-preview:-1\" \/>\n\t<meta name=\"author\" content=\"Gustavo Montenegro\"\/>\n\t<link rel=\"canonical\" href=\"https:\/\/soymigrante.com\/revista\/ecoturismo-en-guatemala\/\" \/>\n\t<meta name=\"generator\" content=\"All in One SEO Pro (AIOSEO) 4.9.6.2\" \/>\n\n\t\t<link rel=\"preconnect\" href=\"https:\/\/fonts.googleapis.com\" crossorigin>\n<link rel=\"preconnect\" href=\"https:\/\/fonts.gstatic.com\" crossorigin>\n\t\t<meta property=\"og:locale\" content=\"es_ES\" \/>\n\t\t<meta property=\"og:site_name\" content=\"SoyMigrante.com REVISTA \u2013 Nuestra misi\u00f3n es reconocer y dignificar al migrante.\" \/>\n\t\t<meta property=\"og:type\" content=\"article\" \/>\n\t\t<meta property=\"og:title\" content=\"Joya natural en la bocacosta de Chiquimulilla, Santa Rosa\" \/>\n\t\t<meta property=\"og:description\" content=\"Imag\u00ednese un refrescante ba\u00f1o enmedio del calor tropical, entre las monta\u00f1as y la Costa Sur. Rodeados de naturaleza conservada gracias a la labor de un visionario y entusiasta el ecoturismo. Quien visita Guatemala y desea una experiencia ecol\u00f3gica integral no puede dejar de visitar este parque natural conservado gracias a los ideales de un agr\u00f3nomo\" \/>\n\t\t<meta property=\"og:url\" content=\"https:\/\/soymigrante.com\/revista\/ecoturismo-en-guatemala\/\" \/>\n\t\t<meta property=\"og:image\" content=\"https:\/\/soymigrante.com\/revista\/wp-content\/uploads\/2023\/02\/3-Guate-Nuestra-Chiquimulilla-1-scaled.webp\" \/>\n\t\t<meta property=\"og:image:secure_url\" content=\"https:\/\/soymigrante.com\/revista\/wp-content\/uploads\/2023\/02\/3-Guate-Nuestra-Chiquimulilla-1-scaled.webp\" \/>\n\t\t<meta property=\"og:image:width\" content=\"1440\" \/>\n\t\t<meta property=\"og:image:height\" content=\"1920\" \/>\n\t\t<meta property=\"article:published_time\" content=\"2023-05-26T00:28:52+00:00\" \/>\n\t\t<meta property=\"article:modified_time\" content=\"2024-06-25T22:37:53+00:00\" \/>\n\t\t<meta property=\"article:publisher\" content=\"https:\/\/www.facebook.com\/soymigrantecom\" \/>\n\t\t<meta name=\"twitter:card\" content=\"summary_large_image\" \/>\n\t\t<meta name=\"twitter:site\" content=\"@SoyMigrante_com\" \/>\n\t\t<meta name=\"twitter:title\" content=\"Joya natural en la bocacosta de Chiquimulilla, Santa Rosa\" \/>\n\t\t<meta name=\"twitter:description\" content=\"Imag\u00ednese un refrescante ba\u00f1o enmedio del calor tropical, entre las monta\u00f1as y la Costa Sur. Rodeados de naturaleza conservada gracias a la labor de un visionario y entusiasta el ecoturismo. Quien visita Guatemala y desea una experiencia ecol\u00f3gica integral no puede dejar de visitar este parque natural conservado gracias a los ideales de un agr\u00f3nomo\" \/>\n\t\t<meta name=\"twitter:creator\" content=\"@SoyMigrante_com\" \/>\n\t\t<meta name=\"twitter:image\" content=\"https:\/\/soymigrante.com\/revista\/wp-content\/uploads\/2023\/02\/3-Guate-Nuestra-Chiquimulilla-1-scaled.webp\" \/>\n\t\t<!-- All in One SEO Pro -->\r\n\t\t<title>Joya natural en la bocacosta de Chiquimulilla, Santa Rosa<\/title>\n\n","aioseo_head_json":{"title":"Joya natural en la bocacosta de Chiquimulilla, Santa Rosa","description":"Imag\u00ednese un refrescante ba\u00f1o enmedio del calor tropical, entre las monta\u00f1as y la Costa Sur. Rodeados de naturaleza conservada gracias a la labor de un visionario y entusiasta el ecoturismo. Quien visita Guatemala y desea una experiencia ecol\u00f3gica integral no puede dejar de visitar este parque natural conservado gracias a los ideales de un agr\u00f3nomo","canonical_url":"https:\/\/soymigrante.com\/revista\/ecoturismo-en-guatemala\/","robots":"max-snippet:-1, max-image-preview:large, max-video-preview:-1","keywords":"","webmasterTools":{"miscellaneous":"&lt;link rel=\"preconnect\" href=\"https:\/\/fonts.googleapis.com\" crossorigin&gt;\n&lt;link rel=\"preconnect\" href=\"https:\/\/fonts.gstatic.com\" crossorigin&gt;"},"schema":null,"og:locale":"es_ES","og:site_name":"SoyMigrante.com REVISTA \u2013 Nuestra misi\u00f3n es reconocer y dignificar al migrante.","og:type":"article","og:title":"Joya natural en la bocacosta de Chiquimulilla, Santa Rosa","og:description":"Imag\u00ednese un refrescante ba\u00f1o enmedio del calor tropical, entre las monta\u00f1as y la Costa Sur. Rodeados de naturaleza conservada gracias a la labor de un visionario y entusiasta el ecoturismo. Quien visita Guatemala y desea una experiencia ecol\u00f3gica integral no puede dejar de visitar este parque natural conservado gracias a los ideales de un agr\u00f3nomo","og:url":"https:\/\/soymigrante.com\/revista\/ecoturismo-en-guatemala\/","og:image":"https:\/\/soymigrante.com\/revista\/wp-content\/uploads\/2023\/02\/3-Guate-Nuestra-Chiquimulilla-1-scaled.webp","og:image:secure_url":"https:\/\/soymigrante.com\/revista\/wp-content\/uploads\/2023\/02\/3-Guate-Nuestra-Chiquimulilla-1-scaled.webp","og:image:width":1440,"og:image:height":1920,"article:published_time":"2023-05-26T00:28:52+00:00","article:modified_time":"2024-06-25T22:37:53+00:00","article:publisher":"https:\/\/www.facebook.com\/soymigrantecom","twitter:card":"summary_large_image","twitter:site":"@SoyMigrante_com","twitter:title":"Joya natural en la bocacosta de Chiquimulilla, Santa Rosa","twitter:description":"Imag\u00ednese un refrescante ba\u00f1o enmedio del calor tropical, entre las monta\u00f1as y la Costa Sur. Rodeados de naturaleza conservada gracias a la labor de un visionario y entusiasta el ecoturismo. Quien visita Guatemala y desea una experiencia ecol\u00f3gica integral no puede dejar de visitar este parque natural conservado gracias a los ideales de un agr\u00f3nomo","twitter:creator":"@SoyMigrante_com","twitter:image":"https:\/\/soymigrante.com\/revista\/wp-content\/uploads\/2023\/02\/3-Guate-Nuestra-Chiquimulilla-1-scaled.webp"},"aioseo_meta_data":{"post_id":"7044","title":null,"description":"Este 24 de junio hay fiesta, alegr\u00eda y feria en 15 municipios de Guatemala. Se conmemora al santo patrono San Juan Bautista. Este es el listado de lugares.","keywords":null,"keyphrases":{"focus":{"keyphrase":"Guatemala","score":90,"analysis":{"keyphraseInTitle":{"score":9,"maxScore":9,"error":0},"keyphraseInDescription":{"score":9,"maxScore":9,"error":0},"keyphraseLength":{"score":9,"maxScore":9,"error":0,"length":1},"keyphraseInURL":{"score":5,"maxScore":5,"error":0},"keyphraseInIntroduction":{"score":3,"maxScore":9,"error":1},"keyphraseInSubHeadings":{"score":9,"maxScore":9,"error":0},"keyphraseInImageAlt":[],"keywordDensity":{"type":"best","score":9,"maxScore":9,"error":0}}},"additional":[{"keyphrase":"Feria","score":58,"analysis":{"keyphraseInDescription":{"score":9,"maxScore":9,"error":0},"keyphraseLength":{"score":9,"maxScore":9,"error":0,"length":1},"keyphraseInIntroduction":{"score":3,"maxScore":9,"error":1},"keyphraseInImageAlt":[],"keywordDensity":{"score":0,"type":"low","maxScore":9,"error":1}}},{"keyphrase":"San Juan","score":75,"analysis":{"keyphraseInDescription":{"score":9,"maxScore":9,"error":0},"keyphraseLength":{"score":9,"maxScore":9,"error":0,"length":2},"keyphraseInIntroduction":{"score":9,"maxScore":9,"error":0},"keyphraseInImageAlt":[],"keywordDensity":{"type":"high","score":0,"maxScore":9,"error":1}}}]},"primary_term":null,"canonical_url":null,"og_title":null,"og_description":null,"og_object_type":"default","og_image_type":"default","og_image_url":null,"og_image_width":null,"og_image_height":null,"og_image_custom_url":null,"og_image_custom_fields":null,"og_video":"","og_custom_url":null,"og_article_section":null,"og_article_tags":null,"twitter_use_og":false,"twitter_card":"default","twitter_image_type":"default","twitter_image_url":null,"twitter_image_custom_url":null,"twitter_image_custom_fields":null,"twitter_title":null,"twitter_description":null,"schema":{"blockGraphs":[],"customGraphs":[],"default":{"data":{"Article":[],"Course":[],"Dataset":[],"FAQPage":[],"Movie":[],"Person":[],"Product":[],"ProductReview":[],"Car":[],"Recipe":[],"Service":[],"SoftwareApplication":[],"WebPage":[]},"graphName":"Article","isEnabled":true},"graphs":[]},"schema_type":"default","schema_type_options":null,"pillar_content":false,"robots_default":true,"robots_noindex":false,"robots_noarchive":false,"robots_nosnippet":false,"robots_nofollow":false,"robots_noimageindex":false,"robots_noodp":false,"robots_notranslate":false,"robots_max_snippet":"-1","robots_max_videopreview":"-1","robots_max_imagepreview":"large","priority":null,"frequency":"default","local_seo":null,"seo_analyzer_scan_date":"2025-10-08 22:08:27","breadcrumb_settings":null,"limit_modified_date":false,"reviewed_by":null,"open_ai":"{\"title\":{\"suggestions\":[],\"usage\":0},\"description\":{\"suggestions\":[],\"usage\":0}}","ai":null,"created":"2024-06-18 23:26:14","updated":"2026-02-04 12:03:02"},"aioseo_breadcrumb":"<div class=\"aioseo-breadcrumbs\"><span class=\"aioseo-breadcrumb\">\n\t<a href=\"https:\/\/soymigrante.com\/revista\" title=\"Home\">Home<\/a>\n<\/span><span class=\"aioseo-breadcrumb-separator\">\u00bb<\/span><span class=\"aioseo-breadcrumb\">\n\t<a href=\"https:\/\/soymigrante.com\/revista\/category\/guate-nuestra\/\" title=\"Guate Nuestra\">Guate Nuestra<\/a>\n<\/span><span class=\"aioseo-breadcrumb-separator\">\u00bb<\/span><span class=\"aioseo-breadcrumb\">\n\tSan Juan es la fiesta patronal en 15 municipios en Guatemala \n<\/span><\/div>","aioseo_breadcrumb_json":[{"label":"Home","link":"https:\/\/soymigrante.com\/revista"},{"label":"Guate Nuestra","link":"https:\/\/soymigrante.com\/revista\/category\/guate-nuestra\/"},{"label":"San Juan es la fiesta patronal en 15 municipios en Guatemala\u00a0","link":"https:\/\/soymigrante.com\/revista\/san-juan-es-la-fiesta-patronal-en-15-municipios-en-guatemala\/"}],"_links":{"self":[{"href":"https:\/\/soymigrante.com\/revista\/wp-json\/wp\/v2\/posts\/7044","targetHints":{"allow":["GET"]}}],"collection":[{"href":"https:\/\/soymigrante.com\/revista\/wp-json\/wp\/v2\/posts"}],"about":[{"href":"https:\/\/soymigrante.com\/revista\/wp-json\/wp\/v2\/types\/post"}],"author":[{"embeddable":true,"href":"https:\/\/soymigrante.com\/revista\/wp-json\/wp\/v2\/users\/19"}],"replies":[{"embeddable":true,"href":"https:\/\/soymigrante.com\/revista\/wp-json\/wp\/v2\/comments?post=7044"}],"version-history":[{"count":0,"href":"https:\/\/soymigrante.com\/revista\/wp-json\/wp\/v2\/posts\/7044\/revisions"}],"wp:featuredmedia":[{"embeddable":true,"href":"https:\/\/soymigrante.com\/revista\/wp-json\/wp\/v2\/media\/7049"}],"wp:attachment":[{"href":"https:\/\/soymigrante.com\/revista\/wp-json\/wp\/v2\/media?parent=7044"}],"wp:term":[{"taxonomy":"category","embeddable":true,"href":"https:\/\/soymigrante.com\/revista\/wp-json\/wp\/v2\/categories?post=7044"},{"taxonomy":"post_tag","embeddable":true,"href":"https:\/\/soymigrante.com\/revista\/wp-json\/wp\/v2\/tags?post=7044"}],"curies":[{"name":"wp","href":"https:\/\/api.w.org\/{rel}","templated":true}]}}